{"id":81857,"date":"2016-10-05T18:55:20","date_gmt":"2016-10-05T16:55:20","guid":{"rendered":"https:\/\/centcols.org\/sejour-de-printemps-a-ceriale-en-ligurie-italie-du-8-au-15-mai-2017\/"},"modified":"2025-09-01T17:40:50","modified_gmt":"2025-09-01T15:40:50","slug":"soggiorno-2017-ceriale","status":"publish","type":"post","link":"https:\/\/centcols.org\/it\/sejour-2017-ceriale\/","title":{"rendered":"Vacanze di primavera a Ceriale in Liguria (Italia) dall'8 al 15 maggio 2017"},"content":{"rendered":"<p>La pubblicazione del nuovo catalogo dei passi alpini italiani nel 2016 \u00e8 stata la spinta per un viaggio primaverile in Italia. Per motivi di vicinanza ai soci del club e di clima, \u00e8 stata scelta la Liguria piuttosto che il Piemonte, che all'epoca era ancora coperto di neve.<\/p>\n\n\n\n<p>Le date dall'8 al 15 maggio sono insolite, a causa delle elezioni presidenziali in Francia e delle vacanze di Pasqua in Italia.<\/p>\n\n\n\n<h2 class=\"wp-block-heading\">Presentazione<\/h2>\n\n\n\n<p>La Liguria \u00e8 una delle 20 regioni che compongono l'Unione Europea.<em>Italia<\/em>. \u00c8 una striscia di terra a forma di quarto di luna, incastrata tra il Mar Mediterraneo e la catena montuosa degli Appennini.<\/p>\n\n\n\n<p>Si estende tra Mentone e La Spezia (Ventimiglia, Sanremo, Albenga, Savona, Genova, Portofino e La Spezia sono le principali citt\u00e0 costiere). Il Comune di Ceriale si trova tra Sanremo e Savona, vicino alla citt\u00e0 di Albenga, che \u00e8 il pi\u00f9 importante mercato dei fiori della Liguria.<\/p>\n\n\n\n<figure class=\"wp-block-gallery has-nested-images columns-3 is-cropped wp-block-gallery-1 is-layout-flex wp-block-gallery-is-layout-flex\">\n<figure class=\"wp-block-image size-full\"><a href=\"https:\/\/centcols.org\/wp-content\/uploads\/2016\/10\/Ligurie.png\"><img loading=\"lazy\" decoding=\"async\" width=\"800\" height=\"533\" data-id=\"88726\" src=\"https:\/\/centcols.org\/wp-content\/uploads\/2016\/10\/Ligurie.png\" alt=\"\" class=\"wp-image-88726\" srcset=\"https:\/\/centcols.org\/wp-content\/uploads\/2016\/10\/Ligurie.png 800w, https:\/\/centcols.org\/wp-content\/uploads\/2016\/10\/Ligurie-768x512.png 768w\" sizes=\"auto, (max-width: 800px) 100vw, 800px\" \/><\/a><\/figure>\n\n\n\n<figure class=\"wp-block-image size-full\"><a href=\"https:\/\/centcols.org\/wp-content\/uploads\/2016\/10\/Image1.jpg\"><img loading=\"lazy\" decoding=\"async\" width=\"677\" height=\"510\" data-id=\"88727\" src=\"https:\/\/centcols.org\/wp-content\/uploads\/2016\/10\/Image1.jpg\" alt=\"\" class=\"wp-image-88727\"\/><\/a><\/figure>\n\n\n\n<figure class=\"wp-block-image size-full\"><a href=\"https:\/\/centcols.org\/wp-content\/uploads\/2016\/10\/City_icon_Noun_Project.svg_-768x768-1.png\"><img loading=\"lazy\" decoding=\"async\" width=\"768\" height=\"768\" data-id=\"88728\" src=\"https:\/\/centcols.org\/wp-content\/uploads\/2016\/10\/City_icon_Noun_Project.svg_-768x768-1.png\" alt=\"\" class=\"wp-image-88728\" srcset=\"https:\/\/centcols.org\/wp-content\/uploads\/2016\/10\/City_icon_Noun_Project.svg_-768x768-1.png 768w, https:\/\/centcols.org\/wp-content\/uploads\/2016\/10\/City_icon_Noun_Project.svg_-768x768-1-150x150.png 150w\" sizes=\"auto, (max-width: 768px) 100vw, 768px\" \/><\/a><\/figure>\n<\/figure>\n\n\n\n<h2 class=\"wp-block-heading\"><a href=\"\/it\/les_rendez-vous\/2017\/Ceriale\/geo\/\">Tour<\/a><\/h2>\n\n\n\n<p>Poich\u00e9 il viaggio si svolger\u00e0 all'inizio di maggio, le gambe dei partecipanti avranno gi\u00e0 a disposizione molto tempo utile per allenarsi. Le valli corrono perpendicolari alla costa e hanno poco a che fare l'una con l'altra, mentre gli Appennini si gettano a picco sul mare, determinando notevoli dislivelli. Come diceva Velocio: \"Non esistono pendenze sbagliate, ma solo rapporti di trasmissione sbagliati\". A causa della configurazione della Liguria, non \u00e8 possibile offrire percorsi a stella. Ci saranno quindi diversi spostamenti tra gli alloggi e i punti di partenza dei percorsi. Sar\u00e0 un'occasione per visitare la Riviera italiana e le citt\u00e0 storiche sopra citate.<\/p>\n\n\n\n<p>Ci saranno 6 <a href=\"\/it\/membres\/cctours\/tours.php\/?lieu=Ceriale&amp;an=2017&amp;genre=R\">percorsi stradali<\/a> con varianti lunghe e brevi su 55 passi. \u00c8 disponibile un percorso supplementare per scalare il famoso Poggio. Visita <a href=\"\/it\/membres\/cctours\/tours.php\/?lieu=Ceriale&amp;an=2017&amp;genre=V\">mulattiere<\/a> sono molto meno impegnativi dal punto di vista fisico e tecnico rispetto a quelli della Gilette. I 6 percorsi vi porteranno a superare 85 passi, alcuni dei quali su ex sentieri militari al confine tra Francia e Italia.<\/p>\n\n\n\n<h2 class=\"wp-block-heading\">Alloggio<\/h2>\n\n\n\n<p>L'alloggio principale sar\u00e0 nel villaggio di bungalow \"Il Paese di Ciribi\", nel comune di Ceriale, composto da 62 bungalow in muratura. (Via Asti 50, 17023 Ceriale SV, Italia, +39 0182 992411). I bungalow sono di varie dimensioni e possono ospitare da 3 a 6 persone.  I soci possono visitare il sito web <a href=\"http:\/\/www.ciribi.it\/it\" target=\"_blank\" rel=\"noopener\">http:\/\/www.ciribi.it\/it<\/a> per fare un tour virtuale. Si trova in un ex uliveto vicino al parco acquatico Le Caravelle. Abbiamo negoziato i prezzi di pensione completa sulla base di 3 persone per bungalow, al fine di preservare un certo grado di privacy e di soddisfare le numerose richieste.<\/p>\n\n\n\n<p>Per chi desidera viaggiare in roulotte o in camper, il sito offre alcune piazzole, ma \u00e8 preferibile rivolgersi al vicino campeggio \"Camping Baciccia\" (Via Torino 19, 17023 Ceriale SV, Italia, +39 0182 990743). Si trova a meno di 500 m dalla struttura principale e dispone di 90 piazzole, bungalow e case mobili. Il club non si occupa delle prenotazioni, che devono essere effettuate individualmente e direttamente presso il campeggio. Per coloro che hanno scelto questa opzione, abbiamo negoziato il prezzo dei pasti e dei picnic con la struttura principale per favorire la convivialit\u00e0.<\/p>\n\n\n\n<p>G\u00e9rard Birelli, CC 5553<\/p>\n\n\n\n<p><a href=\"https:\/\/centcols.org\/wp-content\/uploads\/2025\/09\/Ceriale2017.pdf\">Scarica la brochure<\/a><\/p>\n\n\n\n<h2 class=\"wp-block-heading\">Iscrizione<\/h2>\n\n\n\n<p>Per iscriversi, scaricare il modulo di iscrizione in formato PDF e seguire le istruzioni ivi contenute.<\/p>","protected":false},"excerpt":{"rendered":"<p>La publication du nouveau catalogue des cols d\u2019Italie en 2016 a \u00e9t\u00e9 \u00e0 l\u2019origine de la mise en \u0153uvre d\u2019un s\u00e9jour de printemps en Italie. Pour des raisons de proximit\u00e9 pour les adh\u00e9rents du club et de climat, la Ligurie a \u00e9t\u00e9 choisie plut\u00f4t que le Pi\u00e9mont encore enneig\u00e9 \u00e0 cette \u00e9poque. Les dates retenues [&hellip;]<\/p>\n","protected":false},"author":3,"featured_media":83259,"comment_status":"closed","ping_status":"open","sticky":false,"template":"","format":"standard","meta":{"_acf_changed":false,"footnotes":""},"categories":[358,135,357,416,231],"tags":[],"class_list":["post-81857","post","type-post","status-publish","format-standard","has-post-thumbnail","hentry","category-italie-pays-sejours","category-calendrier","category-ligurie","category-apennins-ligures","category-sejours"],"acf":[],"yoast_head":"<!-- This site is optimized with the Yoast SEO plugin v27.2 - https:\/\/yoast.com\/product\/yoast-seo-wordpress\/ -->\n<title>S\u00e9jour de printemps \u00e0 Ceriale en Ligurie (Italie) du 8 au 15 mai 2017 - Club des Cent Cols<\/title>\n<meta name=\"robots\" content=\"index, follow, max-snippet:-1, max-image-preview:large, max-video-preview:-1\" \/>\n<link rel=\"canonical\" href=\"https:\/\/centcols.org\/it\/soggiorno-2017-ceriale\/\" \/>\n<meta property=\"og:locale\" content=\"it_IT\" \/>\n<meta property=\"og:type\" content=\"article\" \/>\n<meta property=\"og:title\" content=\"S\u00e9jour de printemps \u00e0 Ceriale en Ligurie (Italie) du 8 au 15 mai 2017 - Club des Cent Cols\" \/>\n<meta property=\"og:description\" content=\"La publication du nouveau catalogue des cols d\u2019Italie en 2016 a \u00e9t\u00e9 \u00e0 l\u2019origine de la mise en \u0153uvre d\u2019un s\u00e9jour de printemps en Italie. Pour des raisons de proximit\u00e9 pour les adh\u00e9rents du club et de climat, la Ligurie a \u00e9t\u00e9 choisie plut\u00f4t que le Pi\u00e9mont encore enneig\u00e9 \u00e0 cette \u00e9poque. Les dates retenues [&hellip;]\" \/>\n<meta property=\"og:url\" content=\"https:\/\/centcols.org\/it\/soggiorno-2017-ceriale\/\" \/>\n<meta property=\"og:site_name\" content=\"Club des Cent Cols\" \/>\n<meta property=\"article:publisher\" content=\"https:\/\/www.facebook.com\/groups\/5261880558\/?locale=fr_FR\" \/>\n<meta property=\"article:published_time\" content=\"2016-10-05T16:55:20+00:00\" \/>\n<meta property=\"article:modified_time\" content=\"2025-09-01T15:40:50+00:00\" \/>\n<meta property=\"og:image\" content=\"https:\/\/centcols.org\/wp-content\/uploads\/2016\/10\/Image11.jpg\" \/>\n\t<meta property=\"og:image:width\" content=\"677\" \/>\n\t<meta property=\"og:image:height\" content=\"510\" \/>\n\t<meta property=\"og:image:type\" content=\"image\/jpeg\" \/>\n<meta name=\"author\" content=\"Webmestre\" \/>\n<meta name=\"twitter:card\" content=\"summary_large_image\" \/>\n<meta name=\"twitter:label1\" content=\"Scritto da\" \/>\n\t<meta name=\"twitter:data1\" content=\"Webmestre\" \/>\n\t<meta name=\"twitter:label2\" content=\"Tempo di lettura stimato\" \/>\n\t<meta name=\"twitter:data2\" content=\"4 minuti\" \/>\n<script type=\"application\/ld+json\" class=\"yoast-schema-graph\">{\"@context\":\"https:\/\/schema.org\",\"@graph\":[{\"@type\":\"Article\",\"@id\":\"https:\/\/centcols.org\/sejour-2017-ceriale\/#article\",\"isPartOf\":{\"@id\":\"https:\/\/centcols.org\/sejour-2017-ceriale\/\"},\"author\":{\"name\":\"Webmestre\",\"@id\":\"https:\/\/centcols.org\/#\/schema\/person\/911b404fb133d8c913dd27cdcf71c8e5\"},\"headline\":\"S\u00e9jour de printemps \u00e0 Ceriale en Ligurie (Italie) du 8 au 15 mai 2017\",\"datePublished\":\"2016-10-05T16:55:20+00:00\",\"dateModified\":\"2025-09-01T15:40:50+00:00\",\"mainEntityOfPage\":{\"@id\":\"https:\/\/centcols.org\/sejour-2017-ceriale\/\"},\"wordCount\":625,\"publisher\":{\"@id\":\"https:\/\/centcols.org\/#organization\"},\"image\":{\"@id\":\"https:\/\/centcols.org\/sejour-2017-ceriale\/#primaryimage\"},\"thumbnailUrl\":\"https:\/\/centcols.org\/wp-content\/uploads\/2016\/10\/Image11.jpg\",\"articleSection\":[\"Italie\",\"Calendrier\",\"Ligurie\",\"Apennins Ligures\",\"S\u00e9jours du Club des Cent Cols\"],\"inLanguage\":\"it-IT\"},{\"@type\":\"WebPage\",\"@id\":\"https:\/\/centcols.org\/sejour-2017-ceriale\/\",\"url\":\"https:\/\/centcols.org\/sejour-2017-ceriale\/\",\"name\":\"S\u00e9jour de printemps \u00e0 Ceriale en Ligurie (Italie) du 8 au 15 mai 2017 - Club des Cent Cols\",\"isPartOf\":{\"@id\":\"https:\/\/centcols.org\/#website\"},\"primaryImageOfPage\":{\"@id\":\"https:\/\/centcols.org\/sejour-2017-ceriale\/#primaryimage\"},\"image\":{\"@id\":\"https:\/\/centcols.org\/sejour-2017-ceriale\/#primaryimage\"},\"thumbnailUrl\":\"https:\/\/centcols.org\/wp-content\/uploads\/2016\/10\/Image11.jpg\",\"datePublished\":\"2016-10-05T16:55:20+00:00\",\"dateModified\":\"2025-09-01T15:40:50+00:00\",\"breadcrumb\":{\"@id\":\"https:\/\/centcols.org\/sejour-2017-ceriale\/#breadcrumb\"},\"inLanguage\":\"it-IT\",\"potentialAction\":[{\"@type\":\"ReadAction\",\"target\":[\"https:\/\/centcols.org\/sejour-2017-ceriale\/\"]}]},{\"@type\":\"ImageObject\",\"inLanguage\":\"it-IT\",\"@id\":\"https:\/\/centcols.org\/sejour-2017-ceriale\/#primaryimage\",\"url\":\"https:\/\/centcols.org\/wp-content\/uploads\/2016\/10\/Image11.jpg\",\"contentUrl\":\"https:\/\/centcols.org\/wp-content\/uploads\/2016\/10\/Image11.jpg\",\"width\":677,\"height\":510},{\"@type\":\"BreadcrumbList\",\"@id\":\"https:\/\/centcols.org\/sejour-2017-ceriale\/#breadcrumb\",\"itemListElement\":[{\"@type\":\"ListItem\",\"position\":1,\"name\":\"Accueil\",\"item\":\"https:\/\/centcols.org\/\"},{\"@type\":\"ListItem\",\"position\":2,\"name\":\"S\u00e9jours du Club des Cent Cols\",\"item\":\"https:\/\/centcols.org\/rubrique\/sejours\/\"},{\"@type\":\"ListItem\",\"position\":3,\"name\":\"Pays\",\"item\":\"https:\/\/centcols.org\/rubrique\/sejours\/pays-sejours\/\"},{\"@type\":\"ListItem\",\"position\":4,\"name\":\"Italie\",\"item\":\"https:\/\/centcols.org\/rubrique\/sejours\/pays-sejours\/italie-pays-sejours\/\"},{\"@type\":\"ListItem\",\"position\":5,\"name\":\"S\u00e9jour de printemps \u00e0 Ceriale en Ligurie (Italie) du 8 au 15 mai 2017\"}]},{\"@type\":\"WebSite\",\"@id\":\"https:\/\/centcols.org\/#website\",\"url\":\"https:\/\/centcols.org\/\",\"name\":\"Club des Cent Cols\",\"description\":\"\",\"publisher\":{\"@id\":\"https:\/\/centcols.org\/#organization\"},\"potentialAction\":[{\"@type\":\"SearchAction\",\"target\":{\"@type\":\"EntryPoint\",\"urlTemplate\":\"https:\/\/centcols.org\/?s={search_term_string}\"},\"query-input\":{\"@type\":\"PropertyValueSpecification\",\"valueRequired\":true,\"valueName\":\"search_term_string\"}}],\"inLanguage\":\"it-IT\"},{\"@type\":\"Organization\",\"@id\":\"https:\/\/centcols.org\/#organization\",\"name\":\"Club des Cent Cols\",\"url\":\"https:\/\/centcols.org\/\",\"logo\":{\"@type\":\"ImageObject\",\"inLanguage\":\"it-IT\",\"@id\":\"https:\/\/centcols.org\/#\/schema\/logo\/image\/\",\"url\":\"https:\/\/centcols.org\/wp-content\/uploads\/2025\/01\/carte-icone.png\",\"contentUrl\":\"https:\/\/centcols.org\/wp-content\/uploads\/2025\/01\/carte-icone.png\",\"width\":250,\"height\":250,\"caption\":\"Club des Cent Cols\"},\"image\":{\"@id\":\"https:\/\/centcols.org\/#\/schema\/logo\/image\/\"},\"sameAs\":[\"https:\/\/www.facebook.com\/groups\/5261880558\/?locale=fr_FR\"]},{\"@type\":\"Person\",\"@id\":\"https:\/\/centcols.org\/#\/schema\/person\/911b404fb133d8c913dd27cdcf71c8e5\",\"name\":\"Webmestre\",\"image\":{\"@type\":\"ImageObject\",\"inLanguage\":\"it-IT\",\"@id\":\"https:\/\/centcols.org\/wp-content\/litespeed\/avatar\/2d246e4b6b4f773e08515e1ffc53690b.jpg?ver=1777222892\",\"url\":\"https:\/\/centcols.org\/wp-content\/litespeed\/avatar\/2d246e4b6b4f773e08515e1ffc53690b.jpg?ver=1777222892\",\"contentUrl\":\"https:\/\/centcols.org\/wp-content\/litespeed\/avatar\/2d246e4b6b4f773e08515e1ffc53690b.jpg?ver=1777222892\",\"caption\":\"Webmestre\"},\"url\":\"https:\/\/centcols.org\/it\/author\/webmestre\/\"}]}<\/script>\n<!-- \/ Yoast SEO plugin. -->","yoast_head_json":{"title":"Vacanze di primavera a Ceriale in Liguria (Italia) dall'8 al 15 maggio 2017 - Club des Cent Cols","robots":{"index":"index","follow":"follow","max-snippet":"max-snippet:-1","max-image-preview":"max-image-preview:large","max-video-preview":"max-video-preview:-1"},"canonical":"https:\/\/centcols.org\/it\/soggiorno-2017-ceriale\/","og_locale":"it_IT","og_type":"article","og_title":"S\u00e9jour de printemps \u00e0 Ceriale en Ligurie (Italie) du 8 au 15 mai 2017 - Club des Cent Cols","og_description":"La publication du nouveau catalogue des cols d\u2019Italie en 2016 a \u00e9t\u00e9 \u00e0 l\u2019origine de la mise en \u0153uvre d\u2019un s\u00e9jour de printemps en Italie. Pour des raisons de proximit\u00e9 pour les adh\u00e9rents du club et de climat, la Ligurie a \u00e9t\u00e9 choisie plut\u00f4t que le Pi\u00e9mont encore enneig\u00e9 \u00e0 cette \u00e9poque. Les dates retenues [&hellip;]","og_url":"https:\/\/centcols.org\/it\/soggiorno-2017-ceriale\/","og_site_name":"Club des Cent Cols","article_publisher":"https:\/\/www.facebook.com\/groups\/5261880558\/?locale=fr_FR","article_published_time":"2016-10-05T16:55:20+00:00","article_modified_time":"2025-09-01T15:40:50+00:00","og_image":[{"width":677,"height":510,"url":"https:\/\/centcols.org\/wp-content\/uploads\/2016\/10\/Image11.jpg","type":"image\/jpeg"}],"author":"Webmestre","twitter_card":"summary_large_image","twitter_misc":{"Scritto da":"Webmestre","Tempo di lettura stimato":"4 minuti"},"schema":{"@context":"https:\/\/schema.org","@graph":[{"@type":"Article","@id":"https:\/\/centcols.org\/sejour-2017-ceriale\/#article","isPartOf":{"@id":"https:\/\/centcols.org\/sejour-2017-ceriale\/"},"author":{"name":"Webmestre","@id":"https:\/\/centcols.org\/#\/schema\/person\/911b404fb133d8c913dd27cdcf71c8e5"},"headline":"S\u00e9jour de printemps \u00e0 Ceriale en Ligurie (Italie) du 8 au 15 mai 2017","datePublished":"2016-10-05T16:55:20+00:00","dateModified":"2025-09-01T15:40:50+00:00","mainEntityOfPage":{"@id":"https:\/\/centcols.org\/sejour-2017-ceriale\/"},"wordCount":625,"publisher":{"@id":"https:\/\/centcols.org\/#organization"},"image":{"@id":"https:\/\/centcols.org\/sejour-2017-ceriale\/#primaryimage"},"thumbnailUrl":"https:\/\/centcols.org\/wp-content\/uploads\/2016\/10\/Image11.jpg","articleSection":["Italie","Calendrier","Ligurie","Apennins Ligures","S\u00e9jours du Club des Cent Cols"],"inLanguage":"it-IT"},{"@type":"WebPage","@id":"https:\/\/centcols.org\/sejour-2017-ceriale\/","url":"https:\/\/centcols.org\/sejour-2017-ceriale\/","name":"Vacanze di primavera a Ceriale in Liguria (Italia) dall'8 al 15 maggio 2017 - Club des Cent Cols","isPartOf":{"@id":"https:\/\/centcols.org\/#website"},"primaryImageOfPage":{"@id":"https:\/\/centcols.org\/sejour-2017-ceriale\/#primaryimage"},"image":{"@id":"https:\/\/centcols.org\/sejour-2017-ceriale\/#primaryimage"},"thumbnailUrl":"https:\/\/centcols.org\/wp-content\/uploads\/2016\/10\/Image11.jpg","datePublished":"2016-10-05T16:55:20+00:00","dateModified":"2025-09-01T15:40:50+00:00","breadcrumb":{"@id":"https:\/\/centcols.org\/sejour-2017-ceriale\/#breadcrumb"},"inLanguage":"it-IT","potentialAction":[{"@type":"ReadAction","target":["https:\/\/centcols.org\/sejour-2017-ceriale\/"]}]},{"@type":"ImageObject","inLanguage":"it-IT","@id":"https:\/\/centcols.org\/sejour-2017-ceriale\/#primaryimage","url":"https:\/\/centcols.org\/wp-content\/uploads\/2016\/10\/Image11.jpg","contentUrl":"https:\/\/centcols.org\/wp-content\/uploads\/2016\/10\/Image11.jpg","width":677,"height":510},{"@type":"BreadcrumbList","@id":"https:\/\/centcols.org\/sejour-2017-ceriale\/#breadcrumb","itemListElement":[{"@type":"ListItem","position":1,"name":"Accueil","item":"https:\/\/centcols.org\/"},{"@type":"ListItem","position":2,"name":"S\u00e9jours du Club des Cent Cols","item":"https:\/\/centcols.org\/rubrique\/sejours\/"},{"@type":"ListItem","position":3,"name":"Pays","item":"https:\/\/centcols.org\/rubrique\/sejours\/pays-sejours\/"},{"@type":"ListItem","position":4,"name":"Italie","item":"https:\/\/centcols.org\/rubrique\/sejours\/pays-sejours\/italie-pays-sejours\/"},{"@type":"ListItem","position":5,"name":"S\u00e9jour de printemps \u00e0 Ceriale en Ligurie (Italie) du 8 au 15 mai 2017"}]},{"@type":"WebSite","@id":"https:\/\/centcols.org\/#website","url":"https:\/\/centcols.org\/","name":"Club des Cent Cols","description":"","publisher":{"@id":"https:\/\/centcols.org\/#organization"},"potentialAction":[{"@type":"SearchAction","target":{"@type":"EntryPoint","urlTemplate":"https:\/\/centcols.org\/?s={search_term_string}"},"query-input":{"@type":"PropertyValueSpecification","valueRequired":true,"valueName":"search_term_string"}}],"inLanguage":"it-IT"},{"@type":"Organization","@id":"https:\/\/centcols.org\/#organization","name":"Club des Cent Cols","url":"https:\/\/centcols.org\/","logo":{"@type":"ImageObject","inLanguage":"it-IT","@id":"https:\/\/centcols.org\/#\/schema\/logo\/image\/","url":"https:\/\/centcols.org\/wp-content\/uploads\/2025\/01\/carte-icone.png","contentUrl":"https:\/\/centcols.org\/wp-content\/uploads\/2025\/01\/carte-icone.png","width":250,"height":250,"caption":"Club des Cent Cols"},"image":{"@id":"https:\/\/centcols.org\/#\/schema\/logo\/image\/"},"sameAs":["https:\/\/www.facebook.com\/groups\/5261880558\/?locale=fr_FR"]},{"@type":"Person","@id":"https:\/\/centcols.org\/#\/schema\/person\/911b404fb133d8c913dd27cdcf71c8e5","name":"Webmaster","image":{"@type":"ImageObject","inLanguage":"it-IT","@id":"https:\/\/centcols.org\/wp-content\/litespeed\/avatar\/2d246e4b6b4f773e08515e1ffc53690b.jpg?ver=1777222892","url":"https:\/\/centcols.org\/wp-content\/litespeed\/avatar\/2d246e4b6b4f773e08515e1ffc53690b.jpg?ver=1777222892","contentUrl":"https:\/\/centcols.org\/wp-content\/litespeed\/avatar\/2d246e4b6b4f773e08515e1ffc53690b.jpg?ver=1777222892","caption":"Webmestre"},"url":"https:\/\/centcols.org\/it\/author\/webmestre\/"}]}},"_links":{"self":[{"href":"https:\/\/centcols.org\/it\/wp-json\/wp\/v2\/posts\/81857","targetHints":{"allow":["GET"]}}],"collection":[{"href":"https:\/\/centcols.org\/it\/wp-json\/wp\/v2\/posts"}],"about":[{"href":"https:\/\/centcols.org\/it\/wp-json\/wp\/v2\/types\/post"}],"author":[{"embeddable":true,"href":"https:\/\/centcols.org\/it\/wp-json\/wp\/v2\/users\/3"}],"replies":[{"embeddable":true,"href":"https:\/\/centcols.org\/it\/wp-json\/wp\/v2\/comments?post=81857"}],"version-history":[{"count":0,"href":"https:\/\/centcols.org\/it\/wp-json\/wp\/v2\/posts\/81857\/revisions"}],"wp:featuredmedia":[{"embeddable":true,"href":"https:\/\/centcols.org\/it\/wp-json\/wp\/v2\/media\/83259"}],"wp:attachment":[{"href":"https:\/\/centcols.org\/it\/wp-json\/wp\/v2\/media?parent=81857"}],"wp:term":[{"taxonomy":"category","embeddable":true,"href":"https:\/\/centcols.org\/it\/wp-json\/wp\/v2\/categories?post=81857"},{"taxonomy":"post_tag","embeddable":true,"href":"https:\/\/centcols.org\/it\/wp-json\/wp\/v2\/tags?post=81857"}],"curies":[{"name":"wp","href":"https:\/\/api.w.org\/{rel}","templated":true}]}}