{"id":81872,"date":"2016-12-15T13:24:47","date_gmt":"2016-12-15T11:24:47","guid":{"rendered":"https:\/\/centcols.org\/henri-dusseau-recompense\/"},"modified":"2025-08-28T13:01:21","modified_gmt":"2025-08-28T11:01:21","slug":"henri-dusseau-vince-il-premio","status":"publish","type":"post","link":"https:\/\/centcols.org\/it\/henri-dusseau-recompense\/","title":{"rendered":"Henri Dusseau premiato"},"content":{"rendered":"<p><strong>La medaglia d'oro per i giovani e lo sport \u00e8 stata assegnata a Henri Dusseau in riconoscimento della sua lunga storia nel settore del volontariato.<\/strong><strong>. Il Club des Cent Cols si associa alle numerose testimonianze ricevute in questa occasione.<br><\/strong><\/p>\n\n\n<div class=\"wp-block-image\">\n<figure class=\"aligncenter size-full\"><img loading=\"lazy\" decoding=\"async\" width=\"800\" height=\"600\" src=\"https:\/\/centcols.org\/wp-content\/uploads\/2025\/08\/henridusseau.jpg\" alt=\"\" class=\"wp-image-88495\" srcset=\"https:\/\/centcols.org\/wp-content\/uploads\/2025\/08\/henridusseau.jpg 800w, https:\/\/centcols.org\/wp-content\/uploads\/2025\/08\/henridusseau-768x576.jpg 768w\" sizes=\"auto, (max-width: 800px) 100vw, 800px\" \/><figcaption class=\"wp-element-caption\">Henri Dusseau, tra Brigitte e Dominique Lamouller, condivide le sue emozioni con i rappresentanti delle strutture federali presenti all'Assemblea generale.<\/figcaption><\/figure>\n<\/div>\n\n\n<p>In occasione dell'Assemblea generale della Federazione ciclistica francese a Colmar, Henri Dusseau ha ricevuto da Dominique Lamouller la medaglia d'oro per la giovent\u00f9, lo sport e il coinvolgimento della comunit\u00e0. Questa onorificenza nazionale, conferita dal Ministro, premia gli anni di volontariato al servizio dei suoi concittadini.<\/p>\n\n\n\n<p>Mentre il nostro Presidente federale ha sottolineato l'impegno di Henri Dusseau negli organi nazionali della FFCT, noi vorremmo evidenziare il suo lavoro con il Club des Cent Cols. Il suo nome compare nella storia della nostra associazione nel 1981, quando ne diventa segretario, titolo al quale si aggiunge quello di \"Segretario generale\" (!!!) nel 1983!<\/p>\n\n\n\n<p>Nel 2003 \u00e8 stato proclamato Presidente onorario del Club des Cent Cols. Era naturale che il suo nome comparisse nuovamente nel 2012, in occasione del 40\u00b0 anniversario del club. Insieme a Jean Perdoux, ha organizzato l'Assemblea generale ad Annecy e ha pubblicato il libro \"1972 - 2012, 40 anni di storia\".<\/p>\n\n\n\n<p>Oggi, Henri Dusseau \u00e8 lieto di accogliere i neofiti del cicloturismo e di aiutarli a iniziare. Sempre pronto a farsi coinvolgere.<\/p>\n\n\n\n<p>Georges Golse<\/p>","protected":false},"excerpt":{"rendered":"<p>La m\u00e9daille d\u2019or de la jeunesse et des sports a \u00e9t\u00e9 attribu\u00e9e \u00e0 Henri Dusseau en reconnaissance de son long pass\u00e9 dans le monde associatif. Le Club des Cent Cols s\u2019associe aux nombreux t\u00e9moignages qu\u2019il a re\u00e7us \u00e0 cette occasion. A Colmar, au cours de l\u2019Assembl\u00e9e g\u00e9n\u00e9rale de la F\u00e9d\u00e9ration Fran\u00e7aise de Cyclotourisme, Henri Dusseau [&hellip;]<\/p>\n","protected":false},"author":3,"featured_media":81873,"comment_status":"closed","ping_status":"open","sticky":false,"template":"","format":"standard","meta":{"_acf_changed":false,"footnotes":""},"categories":[133,81,277],"tags":[],"class_list":["post-81872","post","type-post","status-publish","format-standard","has-post-thumbnail","hentry","category-revue-de-presse","category-articles-de-presse-et-videos","category-277"],"acf":[],"yoast_head":"<!-- This site is optimized with the Yoast SEO plugin v27.2 - https:\/\/yoast.com\/product\/yoast-seo-wordpress\/ -->\n<title>Henri Dusseau r\u00e9compens\u00e9 - Club des Cent Cols<\/title>\n<meta name=\"robots\" content=\"index, follow, max-snippet:-1, max-image-preview:large, max-video-preview:-1\" \/>\n<link rel=\"canonical\" href=\"https:\/\/centcols.org\/it\/henri-dusseau-vince-il-premio\/\" \/>\n<meta property=\"og:locale\" content=\"it_IT\" \/>\n<meta property=\"og:type\" content=\"article\" \/>\n<meta property=\"og:title\" content=\"Henri Dusseau r\u00e9compens\u00e9 - Club des Cent Cols\" \/>\n<meta property=\"og:description\" content=\"La m\u00e9daille d\u2019or de la jeunesse et des sports a \u00e9t\u00e9 attribu\u00e9e \u00e0 Henri Dusseau en reconnaissance de son long pass\u00e9 dans le monde associatif. Le Club des Cent Cols s\u2019associe aux nombreux t\u00e9moignages qu\u2019il a re\u00e7us \u00e0 cette occasion. A Colmar, au cours de l\u2019Assembl\u00e9e g\u00e9n\u00e9rale de la F\u00e9d\u00e9ration Fran\u00e7aise de Cyclotourisme, Henri Dusseau [&hellip;]\" \/>\n<meta property=\"og:url\" content=\"https:\/\/centcols.org\/it\/henri-dusseau-vince-il-premio\/\" \/>\n<meta property=\"og:site_name\" content=\"Club des Cent Cols\" \/>\n<meta property=\"article:publisher\" content=\"https:\/\/www.facebook.com\/groups\/5261880558\/?locale=fr_FR\" \/>\n<meta property=\"article:published_time\" content=\"2016-12-15T11:24:47+00:00\" \/>\n<meta property=\"article:modified_time\" content=\"2025-08-28T11:01:21+00:00\" \/>\n<meta property=\"og:image\" content=\"https:\/\/centcols.org\/wp-content\/uploads\/2025\/05\/henridusseau.jpg\" \/>\n\t<meta property=\"og:image:width\" content=\"800\" \/>\n\t<meta property=\"og:image:height\" content=\"600\" \/>\n\t<meta property=\"og:image:type\" content=\"image\/jpeg\" \/>\n<meta name=\"author\" content=\"Webmestre\" \/>\n<meta name=\"twitter:card\" content=\"summary_large_image\" \/>\n<meta name=\"twitter:label1\" content=\"Scritto da\" \/>\n\t<meta name=\"twitter:data1\" content=\"Webmestre\" \/>\n\t<meta name=\"twitter:label2\" content=\"Tempo di lettura stimato\" \/>\n\t<meta name=\"twitter:data2\" content=\"2 minuti\" \/>\n<script type=\"application\/ld+json\" class=\"yoast-schema-graph\">{\"@context\":\"https:\/\/schema.org\",\"@graph\":[{\"@type\":\"Article\",\"@id\":\"https:\/\/centcols.org\/henri-dusseau-recompense\/#article\",\"isPartOf\":{\"@id\":\"https:\/\/centcols.org\/henri-dusseau-recompense\/\"},\"author\":{\"name\":\"Webmestre\",\"@id\":\"https:\/\/centcols.org\/#\/schema\/person\/911b404fb133d8c913dd27cdcf71c8e5\"},\"headline\":\"Henri Dusseau r\u00e9compens\u00e9\",\"datePublished\":\"2016-12-15T11:24:47+00:00\",\"dateModified\":\"2025-08-28T11:01:21+00:00\",\"mainEntityOfPage\":{\"@id\":\"https:\/\/centcols.org\/henri-dusseau-recompense\/\"},\"wordCount\":293,\"publisher\":{\"@id\":\"https:\/\/centcols.org\/#organization\"},\"image\":{\"@id\":\"https:\/\/centcols.org\/henri-dusseau-recompense\/#primaryimage\"},\"thumbnailUrl\":\"https:\/\/centcols.org\/wp-content\/uploads\/2025\/05\/henridusseau.jpg\",\"articleSection\":[\"Revue de presse\",\"Articles de presse et vid\u00e9os\",\"2016\"],\"inLanguage\":\"it-IT\"},{\"@type\":\"WebPage\",\"@id\":\"https:\/\/centcols.org\/henri-dusseau-recompense\/\",\"url\":\"https:\/\/centcols.org\/henri-dusseau-recompense\/\",\"name\":\"Henri Dusseau r\u00e9compens\u00e9 - Club des Cent Cols\",\"isPartOf\":{\"@id\":\"https:\/\/centcols.org\/#website\"},\"primaryImageOfPage\":{\"@id\":\"https:\/\/centcols.org\/henri-dusseau-recompense\/#primaryimage\"},\"image\":{\"@id\":\"https:\/\/centcols.org\/henri-dusseau-recompense\/#primaryimage\"},\"thumbnailUrl\":\"https:\/\/centcols.org\/wp-content\/uploads\/2025\/05\/henridusseau.jpg\",\"datePublished\":\"2016-12-15T11:24:47+00:00\",\"dateModified\":\"2025-08-28T11:01:21+00:00\",\"breadcrumb\":{\"@id\":\"https:\/\/centcols.org\/henri-dusseau-recompense\/#breadcrumb\"},\"inLanguage\":\"it-IT\",\"potentialAction\":[{\"@type\":\"ReadAction\",\"target\":[\"https:\/\/centcols.org\/henri-dusseau-recompense\/\"]}]},{\"@type\":\"ImageObject\",\"inLanguage\":\"it-IT\",\"@id\":\"https:\/\/centcols.org\/henri-dusseau-recompense\/#primaryimage\",\"url\":\"https:\/\/centcols.org\/wp-content\/uploads\/2025\/05\/henridusseau.jpg\",\"contentUrl\":\"https:\/\/centcols.org\/wp-content\/uploads\/2025\/05\/henridusseau.jpg\",\"width\":800,\"height\":600},{\"@type\":\"BreadcrumbList\",\"@id\":\"https:\/\/centcols.org\/henri-dusseau-recompense\/#breadcrumb\",\"itemListElement\":[{\"@type\":\"ListItem\",\"position\":1,\"name\":\"Accueil\",\"item\":\"https:\/\/centcols.org\/\"},{\"@type\":\"ListItem\",\"position\":2,\"name\":\"Articles de presse et vid\u00e9os\",\"item\":\"https:\/\/centcols.org\/rubrique\/articles-de-presse-et-videos\/\"},{\"@type\":\"ListItem\",\"position\":3,\"name\":\"2016\",\"item\":\"https:\/\/centcols.org\/rubrique\/articles-de-presse-et-videos\/2016\/\"},{\"@type\":\"ListItem\",\"position\":4,\"name\":\"Henri Dusseau r\u00e9compens\u00e9\"}]},{\"@type\":\"WebSite\",\"@id\":\"https:\/\/centcols.org\/#website\",\"url\":\"https:\/\/centcols.org\/\",\"name\":\"Club des Cent Cols\",\"description\":\"\",\"publisher\":{\"@id\":\"https:\/\/centcols.org\/#organization\"},\"potentialAction\":[{\"@type\":\"SearchAction\",\"target\":{\"@type\":\"EntryPoint\",\"urlTemplate\":\"https:\/\/centcols.org\/?s={search_term_string}\"},\"query-input\":{\"@type\":\"PropertyValueSpecification\",\"valueRequired\":true,\"valueName\":\"search_term_string\"}}],\"inLanguage\":\"it-IT\"},{\"@type\":\"Organization\",\"@id\":\"https:\/\/centcols.org\/#organization\",\"name\":\"Club des Cent Cols\",\"url\":\"https:\/\/centcols.org\/\",\"logo\":{\"@type\":\"ImageObject\",\"inLanguage\":\"it-IT\",\"@id\":\"https:\/\/centcols.org\/#\/schema\/logo\/image\/\",\"url\":\"https:\/\/centcols.org\/wp-content\/uploads\/2025\/01\/carte-icone.png\",\"contentUrl\":\"https:\/\/centcols.org\/wp-content\/uploads\/2025\/01\/carte-icone.png\",\"width\":250,\"height\":250,\"caption\":\"Club des Cent Cols\"},\"image\":{\"@id\":\"https:\/\/centcols.org\/#\/schema\/logo\/image\/\"},\"sameAs\":[\"https:\/\/www.facebook.com\/groups\/5261880558\/?locale=fr_FR\"]},{\"@type\":\"Person\",\"@id\":\"https:\/\/centcols.org\/#\/schema\/person\/911b404fb133d8c913dd27cdcf71c8e5\",\"name\":\"Webmestre\",\"image\":{\"@type\":\"ImageObject\",\"inLanguage\":\"it-IT\",\"@id\":\"https:\/\/centcols.org\/wp-content\/litespeed\/avatar\/2d246e4b6b4f773e08515e1ffc53690b.jpg?ver=1777222892\",\"url\":\"https:\/\/centcols.org\/wp-content\/litespeed\/avatar\/2d246e4b6b4f773e08515e1ffc53690b.jpg?ver=1777222892\",\"contentUrl\":\"https:\/\/centcols.org\/wp-content\/litespeed\/avatar\/2d246e4b6b4f773e08515e1ffc53690b.jpg?ver=1777222892\",\"caption\":\"Webmestre\"},\"url\":\"https:\/\/centcols.org\/it\/author\/webmestre\/\"}]}<\/script>\n<!-- \/ Yoast SEO plugin. -->","yoast_head_json":{"title":"Henri Dusseau premiato - Club des Cent Cols","robots":{"index":"index","follow":"follow","max-snippet":"max-snippet:-1","max-image-preview":"max-image-preview:large","max-video-preview":"max-video-preview:-1"},"canonical":"https:\/\/centcols.org\/it\/henri-dusseau-vince-il-premio\/","og_locale":"it_IT","og_type":"article","og_title":"Henri Dusseau r\u00e9compens\u00e9 - Club des Cent Cols","og_description":"La m\u00e9daille d\u2019or de la jeunesse et des sports a \u00e9t\u00e9 attribu\u00e9e \u00e0 Henri Dusseau en reconnaissance de son long pass\u00e9 dans le monde associatif. Le Club des Cent Cols s\u2019associe aux nombreux t\u00e9moignages qu\u2019il a re\u00e7us \u00e0 cette occasion. A Colmar, au cours de l\u2019Assembl\u00e9e g\u00e9n\u00e9rale de la F\u00e9d\u00e9ration Fran\u00e7aise de Cyclotourisme, Henri Dusseau [&hellip;]","og_url":"https:\/\/centcols.org\/it\/henri-dusseau-vince-il-premio\/","og_site_name":"Club des Cent Cols","article_publisher":"https:\/\/www.facebook.com\/groups\/5261880558\/?locale=fr_FR","article_published_time":"2016-12-15T11:24:47+00:00","article_modified_time":"2025-08-28T11:01:21+00:00","og_image":[{"width":800,"height":600,"url":"https:\/\/centcols.org\/wp-content\/uploads\/2025\/05\/henridusseau.jpg","type":"image\/jpeg"}],"author":"Webmestre","twitter_card":"summary_large_image","twitter_misc":{"Scritto da":"Webmestre","Tempo di lettura stimato":"2 minuti"},"schema":{"@context":"https:\/\/schema.org","@graph":[{"@type":"Article","@id":"https:\/\/centcols.org\/henri-dusseau-recompense\/#article","isPartOf":{"@id":"https:\/\/centcols.org\/henri-dusseau-recompense\/"},"author":{"name":"Webmestre","@id":"https:\/\/centcols.org\/#\/schema\/person\/911b404fb133d8c913dd27cdcf71c8e5"},"headline":"Henri Dusseau r\u00e9compens\u00e9","datePublished":"2016-12-15T11:24:47+00:00","dateModified":"2025-08-28T11:01:21+00:00","mainEntityOfPage":{"@id":"https:\/\/centcols.org\/henri-dusseau-recompense\/"},"wordCount":293,"publisher":{"@id":"https:\/\/centcols.org\/#organization"},"image":{"@id":"https:\/\/centcols.org\/henri-dusseau-recompense\/#primaryimage"},"thumbnailUrl":"https:\/\/centcols.org\/wp-content\/uploads\/2025\/05\/henridusseau.jpg","articleSection":["Revue de presse","Articles de presse et vid\u00e9os","2016"],"inLanguage":"it-IT"},{"@type":"WebPage","@id":"https:\/\/centcols.org\/henri-dusseau-recompense\/","url":"https:\/\/centcols.org\/henri-dusseau-recompense\/","name":"Henri Dusseau premiato - Club des Cent Cols","isPartOf":{"@id":"https:\/\/centcols.org\/#website"},"primaryImageOfPage":{"@id":"https:\/\/centcols.org\/henri-dusseau-recompense\/#primaryimage"},"image":{"@id":"https:\/\/centcols.org\/henri-dusseau-recompense\/#primaryimage"},"thumbnailUrl":"https:\/\/centcols.org\/wp-content\/uploads\/2025\/05\/henridusseau.jpg","datePublished":"2016-12-15T11:24:47+00:00","dateModified":"2025-08-28T11:01:21+00:00","breadcrumb":{"@id":"https:\/\/centcols.org\/henri-dusseau-recompense\/#breadcrumb"},"inLanguage":"it-IT","potentialAction":[{"@type":"ReadAction","target":["https:\/\/centcols.org\/henri-dusseau-recompense\/"]}]},{"@type":"ImageObject","inLanguage":"it-IT","@id":"https:\/\/centcols.org\/henri-dusseau-recompense\/#primaryimage","url":"https:\/\/centcols.org\/wp-content\/uploads\/2025\/05\/henridusseau.jpg","contentUrl":"https:\/\/centcols.org\/wp-content\/uploads\/2025\/05\/henridusseau.jpg","width":800,"height":600},{"@type":"BreadcrumbList","@id":"https:\/\/centcols.org\/henri-dusseau-recompense\/#breadcrumb","itemListElement":[{"@type":"ListItem","position":1,"name":"Accueil","item":"https:\/\/centcols.org\/"},{"@type":"ListItem","position":2,"name":"Articles de presse et vid\u00e9os","item":"https:\/\/centcols.org\/rubrique\/articles-de-presse-et-videos\/"},{"@type":"ListItem","position":3,"name":"2016","item":"https:\/\/centcols.org\/rubrique\/articles-de-presse-et-videos\/2016\/"},{"@type":"ListItem","position":4,"name":"Henri Dusseau r\u00e9compens\u00e9"}]},{"@type":"WebSite","@id":"https:\/\/centcols.org\/#website","url":"https:\/\/centcols.org\/","name":"Club des Cent Cols","description":"","publisher":{"@id":"https:\/\/centcols.org\/#organization"},"potentialAction":[{"@type":"SearchAction","target":{"@type":"EntryPoint","urlTemplate":"https:\/\/centcols.org\/?s={search_term_string}"},"query-input":{"@type":"PropertyValueSpecification","valueRequired":true,"valueName":"search_term_string"}}],"inLanguage":"it-IT"},{"@type":"Organization","@id":"https:\/\/centcols.org\/#organization","name":"Club des Cent Cols","url":"https:\/\/centcols.org\/","logo":{"@type":"ImageObject","inLanguage":"it-IT","@id":"https:\/\/centcols.org\/#\/schema\/logo\/image\/","url":"https:\/\/centcols.org\/wp-content\/uploads\/2025\/01\/carte-icone.png","contentUrl":"https:\/\/centcols.org\/wp-content\/uploads\/2025\/01\/carte-icone.png","width":250,"height":250,"caption":"Club des Cent Cols"},"image":{"@id":"https:\/\/centcols.org\/#\/schema\/logo\/image\/"},"sameAs":["https:\/\/www.facebook.com\/groups\/5261880558\/?locale=fr_FR"]},{"@type":"Person","@id":"https:\/\/centcols.org\/#\/schema\/person\/911b404fb133d8c913dd27cdcf71c8e5","name":"Webmaster","image":{"@type":"ImageObject","inLanguage":"it-IT","@id":"https:\/\/centcols.org\/wp-content\/litespeed\/avatar\/2d246e4b6b4f773e08515e1ffc53690b.jpg?ver=1777222892","url":"https:\/\/centcols.org\/wp-content\/litespeed\/avatar\/2d246e4b6b4f773e08515e1ffc53690b.jpg?ver=1777222892","contentUrl":"https:\/\/centcols.org\/wp-content\/litespeed\/avatar\/2d246e4b6b4f773e08515e1ffc53690b.jpg?ver=1777222892","caption":"Webmestre"},"url":"https:\/\/centcols.org\/it\/author\/webmestre\/"}]}},"_links":{"self":[{"href":"https:\/\/centcols.org\/it\/wp-json\/wp\/v2\/posts\/81872","targetHints":{"allow":["GET"]}}],"collection":[{"href":"https:\/\/centcols.org\/it\/wp-json\/wp\/v2\/posts"}],"about":[{"href":"https:\/\/centcols.org\/it\/wp-json\/wp\/v2\/types\/post"}],"author":[{"embeddable":true,"href":"https:\/\/centcols.org\/it\/wp-json\/wp\/v2\/users\/3"}],"replies":[{"embeddable":true,"href":"https:\/\/centcols.org\/it\/wp-json\/wp\/v2\/comments?post=81872"}],"version-history":[{"count":0,"href":"https:\/\/centcols.org\/it\/wp-json\/wp\/v2\/posts\/81872\/revisions"}],"wp:featuredmedia":[{"embeddable":true,"href":"https:\/\/centcols.org\/it\/wp-json\/wp\/v2\/media\/81873"}],"wp:attachment":[{"href":"https:\/\/centcols.org\/it\/wp-json\/wp\/v2\/media?parent=81872"}],"wp:term":[{"taxonomy":"category","embeddable":true,"href":"https:\/\/centcols.org\/it\/wp-json\/wp\/v2\/categories?post=81872"},{"taxonomy":"post_tag","embeddable":true,"href":"https:\/\/centcols.org\/it\/wp-json\/wp\/v2\/tags?post=81872"}],"curies":[{"name":"wp","href":"https:\/\/api.w.org\/{rel}","templated":true}]}}