{"id":81875,"date":"2016-12-20T21:14:10","date_gmt":"2016-12-20T19:14:10","guid":{"rendered":"https:\/\/centcols.org\/sejour-estival-a-bielle-pyrenees-atlantiques-du-13-au-20-aout-2017\/"},"modified":"2025-09-14T22:26:53","modified_gmt":"2025-09-14T20:26:53","slug":"soggiorno-2017-bielle","status":"publish","type":"post","link":"https:\/\/centcols.org\/it\/sejour-2017-bielle\/","title":{"rendered":"Soggiorno estivo a Bielle (Pyr\u00e9n\u00e9es-Atlantiques) dal 13 al 20 agosto 2017"},"content":{"rendered":"<p>Alain Gillodes, Chantal Sala, Patrick Schleppi e R\u00e9gis Paraz hanno contribuito a questa pagina di presentazione del viaggio.<\/p>\n\n\n<div class=\"wp-block-image\">\n<figure class=\"aligncenter size-full\"><img loading=\"lazy\" decoding=\"async\" width=\"1024\" height=\"575\" src=\"https:\/\/centcols.org\/wp-content\/uploads\/2025\/05\/picdumidipssau.jpg\" alt=\"\" class=\"wp-image-81876\" srcset=\"https:\/\/centcols.org\/wp-content\/uploads\/2025\/05\/picdumidipssau.jpg 1024w, https:\/\/centcols.org\/wp-content\/uploads\/2025\/05\/picdumidipssau-768x431.jpg 768w\" sizes=\"auto, (max-width: 1024px) 100vw, 1024px\" \/><figcaption class=\"wp-element-caption\">Pic du Midi d'Ossau (foto Alain Gillodes)<\/figcaption><\/figure>\n<\/div>\n\n\n<p><span class=\"content_editable\"><span class=\"global_colour_2 _caption_text_color local_font_2 _fcaption_text_font\" style=\"color: #222222; font-family: Georgia,Times New Roman,Times,serif; font-size: medium;\">La pausa estiva 2017 \u00e8 prevista nei Pyr\u00e9n\u00e9es-Atlantiques, presso il villaggio vacanze Arriu Mage, che prende il nome da uno dei torrenti che attraversano Bielle, un piccolo villaggio nella valle di Ossau nella regione dell'Haut-B\u00e9arn, a 450 m di altitudine.<br>Questo viaggio, preparato da Alain Gillodes (cc n\u00b0722) e Chantal Sala (cc n\u00b03674), vi permetter\u00e0 di scoprire due regioni, il B\u00e9arn e i Paesi Baschi, con il Parco Nazionale dei Pirenei e le cime del Midi de Bigorre e dell'Ossau.<br>Il nostro incontro si terr\u00e0 al Col du Porteigt (875 m), sull'altopiano del B\u00e9nou, sabato 19 agosto.<\/span><\/span><\/p>\n\n\n\n<h2 class=\"wp-block-heading\">Introduzione alla regione<\/h2>\n\n\n\n<p>Le <strong>B\u00e9arn<\/strong> La regione dell'Haut-B\u00e9arn \u00e8 composta da tre valli principali: la Vall\u00e9e d'Ossau, la Vall\u00e9e d'Aspe e la Vall\u00e9e de Bar\u00e9tous, oltre a parte della Vall\u00e9e de l'Ouzom.<br><strong>Biella<\/strong> \u00e8 un villaggio della regione Haut-B\u00e9arn, in Francia, situato a 450 m di altitudine nella valle di Ossau. \u00c8 uno dei diciotto villaggi della valle.<br>La valle dell'Ossau si estende geograficamente da nord a sud per una cinquantina di chilometri da R\u00e9b\u00e9nacq (a quindici chilometri da Pau) al Col du Pourtalet (al confine con la Spagna). \u00c8 composto da due cantoni: il cantone di Arudy, con i suoi contrafforti pirenaici, e il cantone di Laruns, con i suoi paesaggi di media e alta montagna. Il Gave d'Ossau, fiume capostipite del Gave d'Oloron, attraversa la zona, dominata dal Pic du Midi d'Ossau a 2.884 metri. \u00c8 la pi\u00f9 orientale delle tre valli principali della regione del B\u00e9arn, che scolpiscono la catena montuosa dei Pirenei. Si collega con la valle di Ouzom e Lavedan (Argel\u00e8s-Gazost) a est attraverso il Col d'Aubisque, e con l'Aragona a sud attraverso il Col du Pourtalet.<\/p>\n\n\n\n<figure class=\"wp-block-gallery has-nested-images columns-3 is-cropped wp-block-gallery-1 is-layout-flex wp-block-gallery-is-layout-flex\">\n<figure class=\"wp-block-image size-full\"><a href=\"https:\/\/centcols.org\/wp-content\/uploads\/2025\/05\/bearn.jpg\"><img loading=\"lazy\" decoding=\"async\" width=\"400\" height=\"400\" data-id=\"81880\" src=\"https:\/\/centcols.org\/wp-content\/uploads\/2025\/05\/bearn.jpg\" alt=\"\" class=\"wp-image-81880\" srcset=\"https:\/\/centcols.org\/wp-content\/uploads\/2025\/05\/bearn.jpg 400w, https:\/\/centcols.org\/wp-content\/uploads\/2025\/05\/bearn-150x150.jpg 150w\" sizes=\"auto, (max-width: 400px) 100vw, 400px\" \/><\/a><figcaption class=\"wp-element-caption\">B\u00e9arn<\/figcaption><\/figure>\n\n\n\n<figure class=\"wp-block-image size-full\"><a href=\"https:\/\/centcols.org\/wp-content\/uploads\/2016\/12\/Bielle3.jpg\"><img loading=\"lazy\" decoding=\"async\" width=\"1024\" height=\"768\" data-id=\"88719\" src=\"https:\/\/centcols.org\/wp-content\/uploads\/2016\/12\/Bielle3.jpg\" alt=\"\" class=\"wp-image-88719\" srcset=\"https:\/\/centcols.org\/wp-content\/uploads\/2016\/12\/Bielle3.jpg 1024w, https:\/\/centcols.org\/wp-content\/uploads\/2016\/12\/Bielle3-768x576.jpg 768w\" sizes=\"auto, (max-width: 1024px) 100vw, 1024px\" \/><\/a><figcaption class=\"wp-element-caption\">Oloron-Sainte-Marie (foto Alain Gillodes)<\/figcaption><\/figure>\n\n\n\n<figure class=\"wp-block-image size-full\"><a href=\"https:\/\/centcols.org\/wp-content\/uploads\/2016\/12\/PO.jpg\"><img loading=\"lazy\" decoding=\"async\" width=\"400\" height=\"400\" data-id=\"88720\" src=\"https:\/\/centcols.org\/wp-content\/uploads\/2016\/12\/PO.jpg\" alt=\"\" class=\"wp-image-88720\" srcset=\"https:\/\/centcols.org\/wp-content\/uploads\/2016\/12\/PO.jpg 400w, https:\/\/centcols.org\/wp-content\/uploads\/2016\/12\/PO-150x150.jpg 150w\" sizes=\"auto, (max-width: 400px) 100vw, 400px\" \/><\/a><figcaption class=\"wp-element-caption\">Pyr\u00e9n\u00e9es-Atlantiques<\/figcaption><\/figure>\n<\/figure>\n\n\n\n<h2 class=\"wp-block-heading\">Tour<\/h2>\n\n\n\n<p>Ogni giorno vi verr\u00e0 proposto un circuito su strada e uno in mountain bike.<br>- Il <a href=\"\/it\/membres\/cctours\/tours.php\/?lieu=Bielle&amp;an=2017&amp;genre=R\">strada<\/a> esploreremo le quattro valli della regione dell'Haut-B\u00e9arn: la Val d'Ossau, che si apre a sud sul Col du Pourtalet (1.794 m), la Val d'Ossau, che si apre a sud sul Col du Pourtalet (1.794 m), la Val d'Ossau e la Val d'Ossau.<br>d'Aspe attraverso il Col du Somport (1.650 m), la Vall\u00e9e de Bar\u00e9tous che si apre sulla valle navarrese di Roncal attraverso il Col de la Pierre Saint-Martin (1.760 m) e la Vall\u00e9e de l'Ouzom che si apre sulla Bigorre attraverso Ferri\u00e8res, Arb\u00e9ost e il Col du Soulor (1.474 m).<\/p>\n\n\n\n<p>- Il <a href=\"\/it\/membres\/cctours\/tours.php\/?lieu=Bielle&amp;an=2017&amp;genre=V\">motociclisti<\/a> scoprir\u00e0 le Prealpi di Bearn da Lanne-en-Bar\u00e9tous e Issor, le medie montagne da Bielle e dal passo di Soulor e le alte montagne dai passi di Somport e Pourtalet.<\/p>\n\n\n\n<div class=\"wp-block-columns is-layout-flex wp-container-core-columns-is-layout-9d6595d7 wp-block-columns-is-layout-flex\">\n<div class=\"wp-block-column is-layout-flow wp-block-column-is-layout-flow\" style=\"flex-basis:66.66%\">\n<h2 class=\"wp-block-heading\">Alloggio<\/h2>\n\n\n\n<p><strong>Villaggio turistico \"Arriu Mage<\/strong> situato a Bielle (Pyr\u00e9n\u00e9es-Atlantiques). Comprende 66 confortevoli appartamenti con 2 o 3 letti e un ristorante,<br>sala riunioni, lounge, bar, wifi, piscina.<\/p>\n\n\n<div class=\"wp-block-image\">\n<figure class=\"aligncenter size-full is-resized\"><img loading=\"lazy\" decoding=\"async\" width=\"800\" height=\"600\" src=\"https:\/\/centcols.org\/wp-content\/uploads\/2016\/12\/village-vacances-Arriu-Mage.jpg\" alt=\"\" class=\"wp-image-88722\" style=\"width:600px\" srcset=\"https:\/\/centcols.org\/wp-content\/uploads\/2016\/12\/village-vacances-Arriu-Mage.jpg 800w, https:\/\/centcols.org\/wp-content\/uploads\/2016\/12\/village-vacances-Arriu-Mage-768x576.jpg 768w\" sizes=\"auto, (max-width: 800px) 100vw, 800px\" \/><figcaption class=\"wp-element-caption\">Villaggio vacanze Arriu Mage (foto Alain Gillodes)<\/figcaption><\/figure>\n<\/div><\/div>\n\n\n\n<div class=\"wp-block-column is-layout-flow wp-block-column-is-layout-flow\" style=\"flex-basis:33.33%\">\n<div style=\"height:188px\" aria-hidden=\"true\" class=\"wp-block-spacer\"><\/div>\n\n\n\n<h2 class=\"wp-block-heading\">Nota del Consiglio di amministrazione<\/h2>\n\n\n\n<p>Se si organizza l'alloggio in un luogo diverso dal villaggio turistico, si prega di comunicarci che si parteciper\u00e0 alla vacanza, per 3 motivi:<\/p>\n\n\n\n<ol class=\"wp-block-list\">\n<li>Essere in grado di dimensionare correttamente gli eventi comuni (sessioni informative, feste di benvenuto e di addio).<\/li>\n\n\n\n<li>Potersi dividere in pi\u00f9 gruppi sui percorsi per migliorare la sicurezza di tutti.<\/li>\n\n\n\n<li>Per aiutare gli organizzatori a gestire eventuali imprevisti.<\/li>\n<\/ol>\n<\/div>\n<\/div>\n\n\n\n<p>- Due campeggi nelle vicinanze:<br><strong>\u2013 <a href=\"http:\/\/www.camping-ayguelade.com\/\" target=\"_blank\" rel=\"noreferrer noopener\">Campeggio L'Ayguelade<\/a><\/strong><br>Route D\u00e9partementale 934 - 64260 Bielle - Telefono: 05 59 82 66 50<br>Camper per notte: per 2 persone 14 \u20ac - persona extra 4 \u20ac - elettricit\u00e0 4 \u20ac - animale domestico 2,50 \u20ac a notte.<br>Campeggiatori: per 1 persona a notte: 7 \u20ac - opzione elettricit\u00e0: 4 \u20ac - animali domestici: 2,50 \u20ac a notte<br><strong>\u2013 <a href=\"http:\/\/cazenave-doux.haut-bearn.fr\/\" target=\"_blank\" rel=\"noreferrer noopener\">Cazenave Doux<\/a><\/strong><br>19 Rue de la Houndaa - 64260 Castet - Telefono : 05 59 05 88 26<\/p>\n\n\n\n<h2 class=\"wp-block-heading\">Iscrizioni<\/h2>\n\n\n\n<p>Per iscriversi, scaricare il modulo di iscrizione in formato PDF e seguire le istruzioni ivi contenute.<\/p>\n\n\n\n<h2 class=\"wp-block-heading\">Altre attivit\u00e0 o visite<\/h2>\n\n\n\n<p>Verr\u00e0 offerta un'ampia gamma di tour e passeggiate.<\/p>\n\n\n\n<h3 class=\"wp-block-heading\">Oloron-Sainte-Marie<\/h3>\n\n\n\n<p>Capoluogo dell'Haut-B\u00e9arn (64), \u00e8 situata alle porte dei Pirenei, vicino alla Spagna e ai Paesi Baschi, tra l'Oceano Atlantico e il Mediterraneo. Si trova alla confluenza dei fiumi Gave d'Ossau e Gave d'Aspe ed \u00e8 una tappa per i pellegrini diretti a Santiago de Compostela (sul percorso di Arles). Scoprite le sue chiese e la cattedrale del XII secolo, le sue tradizioni ancestrali e la sua famosa garbure (zuppa di verdure).<\/p>\n\n\n\n<h3 class=\"wp-block-heading\">Valle d'Ossau (18 villaggi)<\/h3>\n\n\n\n<p><strong>1. Visita a Bielle<\/strong><\/p>\n\n\n\n<p><strong>2. Il treno Artouste :<\/strong> Questo treno corre lungo le scogliere, con panorami mozzafiato su un tratto di 10 km a quasi 2000 m di altitudine.<\/p>\n\n\n<div class=\"wp-block-image\">\n<figure class=\"aligncenter size-full\"><img loading=\"lazy\" decoding=\"async\" width=\"1024\" height=\"576\" src=\"https:\/\/centcols.org\/wp-content\/uploads\/2016\/12\/Train-Artouste.jpg\" alt=\"\" class=\"wp-image-88723\" srcset=\"https:\/\/centcols.org\/wp-content\/uploads\/2016\/12\/Train-Artouste.jpg 1024w, https:\/\/centcols.org\/wp-content\/uploads\/2016\/12\/Train-Artouste-768x432.jpg 768w\" sizes=\"auto, (max-width: 1024px) 100vw, 1024px\" \/><figcaption class=\"wp-element-caption\">Il trenino Artouste (foto Alain Gillodes)<\/figcaption><\/figure>\n<\/div>\n\n\n<p><strong>3. Aste :<\/strong> un promontorio che domina la valle glaciale. Un quartiere di pascoli estivi con il porto (passaggio per l'alta montagna) e i suoi fienili...<br>La passeggiata fino al porto di Aste offre uno splendido panorama sul fondovalle e sul Pic. Nel villaggio, la facciata del palazzo del<br>Nel municipio, il simbolo della valle: l'orso (da cui Ossau potrebbe aver tratto origine) e la mucca, simbolo del mondo pastorale.<br><strong>4. B\u00e9on :<\/strong> tana degli avvoltoi. L'area \u00e8 un'antica signoria della Viscontea di Bearn. La pala d'altare e i dipinti della chiesa meritano una visita. Le fenditure della P\u00e8ne de B\u00e9on, che sovrasta il villaggio, ospitano i grifoni e gli avvoltoi egiziani (conosciuti in B\u00e9arn come Marie Blanque), che a volte possono essere visti volteggiare nel cielo. L'area museografica della Rupe del Capovaccaio \u00e8 dedicata a questi rapaci, un tempo minacciati di estinzione e oggi protetti.<br>5.<strong> 15 agosto, Laruns,<\/strong> un villaggio nel cuore della valle di Ossau, offre le sue feste tradizionali.<\/p>\n\n\n\n<h3 class=\"wp-block-heading\">Vall\u00e9e d'Aspe (13 villaggi)<\/h3>\n\n\n\n<p>Si estende lungo il Gave d'Aspe per quasi 40 km, dal villaggio di Escot al Col du Somport (1.632 m), che segna il confine con l'Aragona in Spagna.<br>Oltre Urdos, la valle dell'Aspe si apre sulla comunit\u00e0 autonoma spagnola dell'Aragona attraverso il Somport, la via dei pellegrini verso Santiago de Compostela. Questo percorso attraverso i Pirenei ha visto il passaggio di crociati, pellegrini, uomini di guerra, commercianti, mandrie e viaggiatori su strada o ferrovia (fino al 1970).<br><strong>1 - Il circo di Lescun<\/strong><br><strong>2 - Il forte Portalet :&nbsp; <\/strong>Costruito nel 1842 per ordine di Luigi Filippo per sorvegliare la frontiera dei Pirenei, il forte di Portalet sembra appoggiato a una rupe che domina il Gave d'Aspe. Insieme allo Chemin de la M\u00e2ture, rende questa gola uno dei siti pi\u00f9 pittoreschi dei Pirenei. Incaricato di proteggere la strada del Col du Somport dalle incursioni spagnole, il forte Portalet (in b\u00e9arnais significa \"piccola porta\" o \"piccolo passaggio\") deve la sua fama ai personaggi politici che vi furono internati sotto il regime di Vichy: Blum, Daladier, Reynaud, Mandel, Gamelin... e poi, dopo la guerra, P\u00e9tain.<br><strong>3 - Moulin de la vall\u00e9e a Bedous<\/strong><br><strong>4 - Ecomuseo della Valle d'Aspe<\/strong><br><strong>5 - Azienda agricola Ossineri a Borce<\/strong> Formaggio Ossau Iraty DOP<\/p>\n\n\n\n<h3 class=\"wp-block-heading\">Valle del Bar\u00e9tous (6 villaggi)<\/h3>\n\n\n\n<p><strong>Il sito di Pierre-Saint-Martin:<\/strong> Il massiccio di Pierre Saint-Martin \u00e8 anche uno dei principali siti speleologici del mondo. Si tratta di un'area carsica di 140 km\u00b2 a un'altitudine compresa tra 1.500 e 2.100 metri, a cavallo del confine tra Francia e Spagna. Questo carso, drenato da quattro sistemi idrogeologici, presenta alcune delle voragini pi\u00f9 profonde e pi\u00f9 grandi del mondo.<br>Alain Gillodes (C.C. n. 722)<\/p>","protected":false},"excerpt":{"rendered":"<p>Ont contribu\u00e9 \u00e0 cette page de pr\u00e9sentation du s\u00e9jour Alain Gillodes, Chantal Sala, Patrick Schleppi et R\u00e9gis Paraz Le s\u00e9jour d\u2019\u00e9t\u00e9 2017 est programm\u00e9 dans les Pyr\u00e9n\u00e9es-Atlantiques, au village de vacances Arriu Mage, du nom d\u2019un des ruisseaux qui traverse Bielle, petit village en vall\u00e9e d\u2019Ossau dans le Haut-B\u00e9arn, \u00e0 450 m d\u2019altitude.Ce s\u00e9jour, pr\u00e9par\u00e9 [&hellip;]<\/p>\n","protected":false},"author":3,"featured_media":81876,"comment_status":"closed","ping_status":"closed","sticky":false,"template":"","format":"standard","meta":{"_acf_changed":false,"footnotes":""},"categories":[349,378,135,377,379,231],"tags":[],"class_list":["post-81875","post","type-post","status-publish","format-standard","has-post-thumbnail","hentry","category-france-pays-sejours","category-nouvelle-aquitaine-region-sejours","category-calendrier","category-64-pyrenees-atlantiques","category-pyrenees-massif-sejours","category-sejours"],"acf":[],"yoast_head":"<!-- This site is optimized with the Yoast SEO plugin v27.2 - https:\/\/yoast.com\/product\/yoast-seo-wordpress\/ -->\n<title>S\u00e9jour estival \u00e0 Bielle (Pyr\u00e9n\u00e9es-Atlantiques) du 13 au 20 ao\u00fbt 2017 - Club des Cent Cols<\/title>\n<meta name=\"robots\" content=\"index, follow, max-snippet:-1, max-image-preview:large, max-video-preview:-1\" \/>\n<link rel=\"canonical\" href=\"https:\/\/centcols.org\/it\/soggiorno-2017-bielle\/\" \/>\n<meta property=\"og:locale\" content=\"it_IT\" \/>\n<meta property=\"og:type\" content=\"article\" \/>\n<meta property=\"og:title\" content=\"S\u00e9jour estival \u00e0 Bielle (Pyr\u00e9n\u00e9es-Atlantiques) du 13 au 20 ao\u00fbt 2017 - Club des Cent Cols\" \/>\n<meta property=\"og:description\" content=\"Ont contribu\u00e9 \u00e0 cette page de pr\u00e9sentation du s\u00e9jour Alain Gillodes, Chantal Sala, Patrick Schleppi et R\u00e9gis Paraz Le s\u00e9jour d\u2019\u00e9t\u00e9 2017 est programm\u00e9 dans les Pyr\u00e9n\u00e9es-Atlantiques, au village de vacances Arriu Mage, du nom d\u2019un des ruisseaux qui traverse Bielle, petit village en vall\u00e9e d\u2019Ossau dans le Haut-B\u00e9arn, \u00e0 450 m d\u2019altitude.Ce s\u00e9jour, pr\u00e9par\u00e9 [&hellip;]\" \/>\n<meta property=\"og:url\" content=\"https:\/\/centcols.org\/it\/soggiorno-2017-bielle\/\" \/>\n<meta property=\"og:site_name\" content=\"Club des Cent Cols\" \/>\n<meta property=\"article:publisher\" content=\"https:\/\/www.facebook.com\/groups\/5261880558\/?locale=fr_FR\" \/>\n<meta property=\"article:published_time\" content=\"2016-12-20T19:14:10+00:00\" \/>\n<meta property=\"article:modified_time\" content=\"2025-09-14T20:26:53+00:00\" \/>\n<meta property=\"og:image\" content=\"https:\/\/centcols.org\/wp-content\/uploads\/2025\/05\/picdumidipssau.jpg\" \/>\n\t<meta property=\"og:image:width\" content=\"1024\" \/>\n\t<meta property=\"og:image:height\" content=\"575\" \/>\n\t<meta property=\"og:image:type\" content=\"image\/jpeg\" \/>\n<meta name=\"author\" content=\"Webmestre\" \/>\n<meta name=\"twitter:card\" content=\"summary_large_image\" \/>\n<meta name=\"twitter:label1\" content=\"Scritto da\" \/>\n\t<meta name=\"twitter:data1\" content=\"Webmestre\" \/>\n\t<meta name=\"twitter:label2\" content=\"Tempo di lettura stimato\" \/>\n\t<meta name=\"twitter:data2\" content=\"8 minuti\" \/>\n<script type=\"application\/ld+json\" class=\"yoast-schema-graph\">{\"@context\":\"https:\/\/schema.org\",\"@graph\":[{\"@type\":\"Article\",\"@id\":\"https:\/\/centcols.org\/sejour-2017-bielle\/#article\",\"isPartOf\":{\"@id\":\"https:\/\/centcols.org\/sejour-2017-bielle\/\"},\"author\":{\"name\":\"Webmestre\",\"@id\":\"https:\/\/centcols.org\/#\/schema\/person\/911b404fb133d8c913dd27cdcf71c8e5\"},\"headline\":\"S\u00e9jour estival \u00e0 Bielle (Pyr\u00e9n\u00e9es-Atlantiques) du 13 au 20 ao\u00fbt 2017\",\"datePublished\":\"2016-12-20T19:14:10+00:00\",\"dateModified\":\"2025-09-14T20:26:53+00:00\",\"mainEntityOfPage\":{\"@id\":\"https:\/\/centcols.org\/sejour-2017-bielle\/\"},\"wordCount\":1388,\"publisher\":{\"@id\":\"https:\/\/centcols.org\/#organization\"},\"image\":{\"@id\":\"https:\/\/centcols.org\/sejour-2017-bielle\/#primaryimage\"},\"thumbnailUrl\":\"https:\/\/centcols.org\/wp-content\/uploads\/2025\/05\/picdumidipssau.jpg\",\"articleSection\":[\"France\",\"Nouvelle-Aquitaine\",\"Calendrier\",\"64-Pyr\u00e9n\u00e9es Atlantiques\",\"Pyr\u00e9n\u00e9es\",\"S\u00e9jours du Club des Cent Cols\"],\"inLanguage\":\"it-IT\"},{\"@type\":\"WebPage\",\"@id\":\"https:\/\/centcols.org\/sejour-2017-bielle\/\",\"url\":\"https:\/\/centcols.org\/sejour-2017-bielle\/\",\"name\":\"S\u00e9jour estival \u00e0 Bielle (Pyr\u00e9n\u00e9es-Atlantiques) du 13 au 20 ao\u00fbt 2017 - Club des Cent Cols\",\"isPartOf\":{\"@id\":\"https:\/\/centcols.org\/#website\"},\"primaryImageOfPage\":{\"@id\":\"https:\/\/centcols.org\/sejour-2017-bielle\/#primaryimage\"},\"image\":{\"@id\":\"https:\/\/centcols.org\/sejour-2017-bielle\/#primaryimage\"},\"thumbnailUrl\":\"https:\/\/centcols.org\/wp-content\/uploads\/2025\/05\/picdumidipssau.jpg\",\"datePublished\":\"2016-12-20T19:14:10+00:00\",\"dateModified\":\"2025-09-14T20:26:53+00:00\",\"breadcrumb\":{\"@id\":\"https:\/\/centcols.org\/sejour-2017-bielle\/#breadcrumb\"},\"inLanguage\":\"it-IT\",\"potentialAction\":[{\"@type\":\"ReadAction\",\"target\":[\"https:\/\/centcols.org\/sejour-2017-bielle\/\"]}]},{\"@type\":\"ImageObject\",\"inLanguage\":\"it-IT\",\"@id\":\"https:\/\/centcols.org\/sejour-2017-bielle\/#primaryimage\",\"url\":\"https:\/\/centcols.org\/wp-content\/uploads\/2025\/05\/picdumidipssau.jpg\",\"contentUrl\":\"https:\/\/centcols.org\/wp-content\/uploads\/2025\/05\/picdumidipssau.jpg\",\"width\":1024,\"height\":575},{\"@type\":\"BreadcrumbList\",\"@id\":\"https:\/\/centcols.org\/sejour-2017-bielle\/#breadcrumb\",\"itemListElement\":[{\"@type\":\"ListItem\",\"position\":1,\"name\":\"Accueil\",\"item\":\"https:\/\/centcols.org\/\"},{\"@type\":\"ListItem\",\"position\":2,\"name\":\"S\u00e9jours du Club des Cent Cols\",\"item\":\"https:\/\/centcols.org\/rubrique\/sejours\/\"},{\"@type\":\"ListItem\",\"position\":3,\"name\":\"Pays\",\"item\":\"https:\/\/centcols.org\/rubrique\/sejours\/pays-sejours\/\"},{\"@type\":\"ListItem\",\"position\":4,\"name\":\"France\",\"item\":\"https:\/\/centcols.org\/rubrique\/sejours\/pays-sejours\/france-pays-sejours\/\"},{\"@type\":\"ListItem\",\"position\":5,\"name\":\"S\u00e9jour estival \u00e0 Bielle (Pyr\u00e9n\u00e9es-Atlantiques) du 13 au 20 ao\u00fbt 2017\"}]},{\"@type\":\"WebSite\",\"@id\":\"https:\/\/centcols.org\/#website\",\"url\":\"https:\/\/centcols.org\/\",\"name\":\"Club des Cent Cols\",\"description\":\"\",\"publisher\":{\"@id\":\"https:\/\/centcols.org\/#organization\"},\"potentialAction\":[{\"@type\":\"SearchAction\",\"target\":{\"@type\":\"EntryPoint\",\"urlTemplate\":\"https:\/\/centcols.org\/?s={search_term_string}\"},\"query-input\":{\"@type\":\"PropertyValueSpecification\",\"valueRequired\":true,\"valueName\":\"search_term_string\"}}],\"inLanguage\":\"it-IT\"},{\"@type\":\"Organization\",\"@id\":\"https:\/\/centcols.org\/#organization\",\"name\":\"Club des Cent Cols\",\"url\":\"https:\/\/centcols.org\/\",\"logo\":{\"@type\":\"ImageObject\",\"inLanguage\":\"it-IT\",\"@id\":\"https:\/\/centcols.org\/#\/schema\/logo\/image\/\",\"url\":\"https:\/\/centcols.org\/wp-content\/uploads\/2025\/01\/carte-icone.png\",\"contentUrl\":\"https:\/\/centcols.org\/wp-content\/uploads\/2025\/01\/carte-icone.png\",\"width\":250,\"height\":250,\"caption\":\"Club des Cent Cols\"},\"image\":{\"@id\":\"https:\/\/centcols.org\/#\/schema\/logo\/image\/\"},\"sameAs\":[\"https:\/\/www.facebook.com\/groups\/5261880558\/?locale=fr_FR\"]},{\"@type\":\"Person\",\"@id\":\"https:\/\/centcols.org\/#\/schema\/person\/911b404fb133d8c913dd27cdcf71c8e5\",\"name\":\"Webmestre\",\"image\":{\"@type\":\"ImageObject\",\"inLanguage\":\"it-IT\",\"@id\":\"https:\/\/centcols.org\/wp-content\/litespeed\/avatar\/2d246e4b6b4f773e08515e1ffc53690b.jpg?ver=1777222892\",\"url\":\"https:\/\/centcols.org\/wp-content\/litespeed\/avatar\/2d246e4b6b4f773e08515e1ffc53690b.jpg?ver=1777222892\",\"contentUrl\":\"https:\/\/centcols.org\/wp-content\/litespeed\/avatar\/2d246e4b6b4f773e08515e1ffc53690b.jpg?ver=1777222892\",\"caption\":\"Webmestre\"},\"url\":\"https:\/\/centcols.org\/it\/author\/webmestre\/\"}]}<\/script>\n<!-- \/ Yoast SEO plugin. -->","yoast_head_json":{"title":"Vacanze estive a Bielle (Pyr\u00e9n\u00e9es-Atlantiques) dal 13 al 20 agosto 2017 - Club des Cent Cols","robots":{"index":"index","follow":"follow","max-snippet":"max-snippet:-1","max-image-preview":"max-image-preview:large","max-video-preview":"max-video-preview:-1"},"canonical":"https:\/\/centcols.org\/it\/soggiorno-2017-bielle\/","og_locale":"it_IT","og_type":"article","og_title":"S\u00e9jour estival \u00e0 Bielle (Pyr\u00e9n\u00e9es-Atlantiques) du 13 au 20 ao\u00fbt 2017 - Club des Cent Cols","og_description":"Ont contribu\u00e9 \u00e0 cette page de pr\u00e9sentation du s\u00e9jour Alain Gillodes, Chantal Sala, Patrick Schleppi et R\u00e9gis Paraz Le s\u00e9jour d\u2019\u00e9t\u00e9 2017 est programm\u00e9 dans les Pyr\u00e9n\u00e9es-Atlantiques, au village de vacances Arriu Mage, du nom d\u2019un des ruisseaux qui traverse Bielle, petit village en vall\u00e9e d\u2019Ossau dans le Haut-B\u00e9arn, \u00e0 450 m d\u2019altitude.Ce s\u00e9jour, pr\u00e9par\u00e9 [&hellip;]","og_url":"https:\/\/centcols.org\/it\/soggiorno-2017-bielle\/","og_site_name":"Club des Cent Cols","article_publisher":"https:\/\/www.facebook.com\/groups\/5261880558\/?locale=fr_FR","article_published_time":"2016-12-20T19:14:10+00:00","article_modified_time":"2025-09-14T20:26:53+00:00","og_image":[{"width":1024,"height":575,"url":"https:\/\/centcols.org\/wp-content\/uploads\/2025\/05\/picdumidipssau.jpg","type":"image\/jpeg"}],"author":"Webmestre","twitter_card":"summary_large_image","twitter_misc":{"Scritto da":"Webmestre","Tempo di lettura stimato":"8 minuti"},"schema":{"@context":"https:\/\/schema.org","@graph":[{"@type":"Article","@id":"https:\/\/centcols.org\/sejour-2017-bielle\/#article","isPartOf":{"@id":"https:\/\/centcols.org\/sejour-2017-bielle\/"},"author":{"name":"Webmestre","@id":"https:\/\/centcols.org\/#\/schema\/person\/911b404fb133d8c913dd27cdcf71c8e5"},"headline":"S\u00e9jour estival \u00e0 Bielle (Pyr\u00e9n\u00e9es-Atlantiques) du 13 au 20 ao\u00fbt 2017","datePublished":"2016-12-20T19:14:10+00:00","dateModified":"2025-09-14T20:26:53+00:00","mainEntityOfPage":{"@id":"https:\/\/centcols.org\/sejour-2017-bielle\/"},"wordCount":1388,"publisher":{"@id":"https:\/\/centcols.org\/#organization"},"image":{"@id":"https:\/\/centcols.org\/sejour-2017-bielle\/#primaryimage"},"thumbnailUrl":"https:\/\/centcols.org\/wp-content\/uploads\/2025\/05\/picdumidipssau.jpg","articleSection":["France","Nouvelle-Aquitaine","Calendrier","64-Pyr\u00e9n\u00e9es Atlantiques","Pyr\u00e9n\u00e9es","S\u00e9jours du Club des Cent Cols"],"inLanguage":"it-IT"},{"@type":"WebPage","@id":"https:\/\/centcols.org\/sejour-2017-bielle\/","url":"https:\/\/centcols.org\/sejour-2017-bielle\/","name":"Vacanze estive a Bielle (Pyr\u00e9n\u00e9es-Atlantiques) dal 13 al 20 agosto 2017 - Club des Cent Cols","isPartOf":{"@id":"https:\/\/centcols.org\/#website"},"primaryImageOfPage":{"@id":"https:\/\/centcols.org\/sejour-2017-bielle\/#primaryimage"},"image":{"@id":"https:\/\/centcols.org\/sejour-2017-bielle\/#primaryimage"},"thumbnailUrl":"https:\/\/centcols.org\/wp-content\/uploads\/2025\/05\/picdumidipssau.jpg","datePublished":"2016-12-20T19:14:10+00:00","dateModified":"2025-09-14T20:26:53+00:00","breadcrumb":{"@id":"https:\/\/centcols.org\/sejour-2017-bielle\/#breadcrumb"},"inLanguage":"it-IT","potentialAction":[{"@type":"ReadAction","target":["https:\/\/centcols.org\/sejour-2017-bielle\/"]}]},{"@type":"ImageObject","inLanguage":"it-IT","@id":"https:\/\/centcols.org\/sejour-2017-bielle\/#primaryimage","url":"https:\/\/centcols.org\/wp-content\/uploads\/2025\/05\/picdumidipssau.jpg","contentUrl":"https:\/\/centcols.org\/wp-content\/uploads\/2025\/05\/picdumidipssau.jpg","width":1024,"height":575},{"@type":"BreadcrumbList","@id":"https:\/\/centcols.org\/sejour-2017-bielle\/#breadcrumb","itemListElement":[{"@type":"ListItem","position":1,"name":"Accueil","item":"https:\/\/centcols.org\/"},{"@type":"ListItem","position":2,"name":"S\u00e9jours du Club des Cent Cols","item":"https:\/\/centcols.org\/rubrique\/sejours\/"},{"@type":"ListItem","position":3,"name":"Pays","item":"https:\/\/centcols.org\/rubrique\/sejours\/pays-sejours\/"},{"@type":"ListItem","position":4,"name":"France","item":"https:\/\/centcols.org\/rubrique\/sejours\/pays-sejours\/france-pays-sejours\/"},{"@type":"ListItem","position":5,"name":"S\u00e9jour estival \u00e0 Bielle (Pyr\u00e9n\u00e9es-Atlantiques) du 13 au 20 ao\u00fbt 2017"}]},{"@type":"WebSite","@id":"https:\/\/centcols.org\/#website","url":"https:\/\/centcols.org\/","name":"Club des Cent Cols","description":"","publisher":{"@id":"https:\/\/centcols.org\/#organization"},"potentialAction":[{"@type":"SearchAction","target":{"@type":"EntryPoint","urlTemplate":"https:\/\/centcols.org\/?s={search_term_string}"},"query-input":{"@type":"PropertyValueSpecification","valueRequired":true,"valueName":"search_term_string"}}],"inLanguage":"it-IT"},{"@type":"Organization","@id":"https:\/\/centcols.org\/#organization","name":"Club des Cent Cols","url":"https:\/\/centcols.org\/","logo":{"@type":"ImageObject","inLanguage":"it-IT","@id":"https:\/\/centcols.org\/#\/schema\/logo\/image\/","url":"https:\/\/centcols.org\/wp-content\/uploads\/2025\/01\/carte-icone.png","contentUrl":"https:\/\/centcols.org\/wp-content\/uploads\/2025\/01\/carte-icone.png","width":250,"height":250,"caption":"Club des Cent Cols"},"image":{"@id":"https:\/\/centcols.org\/#\/schema\/logo\/image\/"},"sameAs":["https:\/\/www.facebook.com\/groups\/5261880558\/?locale=fr_FR"]},{"@type":"Person","@id":"https:\/\/centcols.org\/#\/schema\/person\/911b404fb133d8c913dd27cdcf71c8e5","name":"Webmaster","image":{"@type":"ImageObject","inLanguage":"it-IT","@id":"https:\/\/centcols.org\/wp-content\/litespeed\/avatar\/2d246e4b6b4f773e08515e1ffc53690b.jpg?ver=1777222892","url":"https:\/\/centcols.org\/wp-content\/litespeed\/avatar\/2d246e4b6b4f773e08515e1ffc53690b.jpg?ver=1777222892","contentUrl":"https:\/\/centcols.org\/wp-content\/litespeed\/avatar\/2d246e4b6b4f773e08515e1ffc53690b.jpg?ver=1777222892","caption":"Webmestre"},"url":"https:\/\/centcols.org\/it\/author\/webmestre\/"}]}},"_links":{"self":[{"href":"https:\/\/centcols.org\/it\/wp-json\/wp\/v2\/posts\/81875","targetHints":{"allow":["GET"]}}],"collection":[{"href":"https:\/\/centcols.org\/it\/wp-json\/wp\/v2\/posts"}],"about":[{"href":"https:\/\/centcols.org\/it\/wp-json\/wp\/v2\/types\/post"}],"author":[{"embeddable":true,"href":"https:\/\/centcols.org\/it\/wp-json\/wp\/v2\/users\/3"}],"replies":[{"embeddable":true,"href":"https:\/\/centcols.org\/it\/wp-json\/wp\/v2\/comments?post=81875"}],"version-history":[{"count":0,"href":"https:\/\/centcols.org\/it\/wp-json\/wp\/v2\/posts\/81875\/revisions"}],"wp:featuredmedia":[{"embeddable":true,"href":"https:\/\/centcols.org\/it\/wp-json\/wp\/v2\/media\/81876"}],"wp:attachment":[{"href":"https:\/\/centcols.org\/it\/wp-json\/wp\/v2\/media?parent=81875"}],"wp:term":[{"taxonomy":"category","embeddable":true,"href":"https:\/\/centcols.org\/it\/wp-json\/wp\/v2\/categories?post=81875"},{"taxonomy":"post_tag","embeddable":true,"href":"https:\/\/centcols.org\/it\/wp-json\/wp\/v2\/tags?post=81875"}],"curies":[{"name":"wp","href":"https:\/\/api.w.org\/{rel}","templated":true}]}}