{"id":81913,"date":"2017-03-08T20:42:39","date_gmt":"2017-03-08T18:42:39","guid":{"rendered":"https:\/\/centcols.org\/concentration-regionale-pyrenees-au-col-de-rille-le-1er-octobre-2017\/"},"modified":"2025-06-06T08:49:51","modified_gmt":"2025-06-06T06:49:51","slug":"riunione-regionale-dei-pirenei-al-col-de-rille-il-1-ottobre-2017","status":"publish","type":"post","link":"https:\/\/centcols.org\/it\/concentration-regionale-pyrenees-au-col-de-rille-le-1er-octobre-2017\/","title":{"rendered":"Incontro regionale dei Pirenei al Col de Rille il 1\u00b0 ottobre 2017."},"content":{"rendered":"<p>Dimanche 1er octobre 2017, Pyr\u00e9n\u00e9es<br \/>\nCol de Rille, 938 m (Ari\u00e8ge)<\/p>\n<h3>Contact<\/h3>\n<p>Alain Gillodes<br \/>\n05 61 56 74 35<br \/>\n[email]&#x61;&#108;a&#x69;&#x6e;&#46;g&#x69;&#x6c;&#108;o&#x64;&#101;s&#x40;&#x6f;&#114;a&#x6e;&#x67;&#101;&#46;&#x66;&#114;[\/email]<\/p>\n","protected":false},"excerpt":{"rendered":"<p>Dimanche 1er octobre 2017, Pyr\u00e9n\u00e9es Col de Rille, 938 m (Ari\u00e8ge) Contact Alain Gillodes 05 61 56 74 35 [email]a&#108;&#x61;&#x69;n&#46;&#x67;&#x69;l&#108;&#111;&#x64;&#x65;s&#64;&#x6f;&#x72;a&#110;&#x67;&#x65;&#46;&#102;&#114;[\/email]<\/p>\n","protected":false},"author":136,"featured_media":0,"comment_status":"closed","ping_status":"open","sticky":false,"template":"","format":"standard","meta":{"_acf_changed":false,"footnotes":""},"categories":[135,280,216],"tags":[],"class_list":["post-81913","post","type-post","status-publish","format-standard","hentry","category-calendrier","category-les-rassemblements-de-2017","category-rencontres-regionales"],"acf":[],"yoast_head":"<!-- This site is optimized with the Yoast SEO plugin v27.2 - https:\/\/yoast.com\/product\/yoast-seo-wordpress\/ -->\n<title>Concentration r\u00e9gionale Pyr\u00e9n\u00e9es au col de Rille le 1er octobre 2017 - Club des Cent Cols<\/title>\n<meta name=\"robots\" content=\"index, follow, max-snippet:-1, max-image-preview:large, max-video-preview:-1\" \/>\n<link rel=\"canonical\" href=\"https:\/\/centcols.org\/it\/riunione-regionale-dei-pirenei-al-col-de-rille-il-1-ottobre-2017\/\" \/>\n<meta property=\"og:locale\" content=\"it_IT\" \/>\n<meta property=\"og:type\" content=\"article\" \/>\n<meta property=\"og:title\" content=\"Concentration r\u00e9gionale Pyr\u00e9n\u00e9es au col de Rille le 1er octobre 2017 - Club des Cent Cols\" \/>\n<meta property=\"og:description\" content=\"Dimanche 1er octobre 2017, Pyr\u00e9n\u00e9es Col de Rille, 938 m (Ari\u00e8ge) Contact Alain Gillodes 05 61 56 74 35 [email]&#x61;&#108;a&#x69;&#110;&#046;&#x67;&#x69;&#108;l&#x6f;&#100;e&#x73;&#x40;&#111;r&#x61;&#110;g&#x65;&#x2e;&#102;r[\/email]\" \/>\n<meta property=\"og:url\" content=\"https:\/\/centcols.org\/it\/riunione-regionale-dei-pirenei-al-col-de-rille-il-1-ottobre-2017\/\" \/>\n<meta property=\"og:site_name\" content=\"Club des Cent Cols\" \/>\n<meta property=\"article:publisher\" content=\"https:\/\/www.facebook.com\/groups\/5261880558\/?locale=fr_FR\" \/>\n<meta property=\"article:published_time\" content=\"2017-03-08T18:42:39+00:00\" \/>\n<meta property=\"article:modified_time\" content=\"2025-06-06T06:49:51+00:00\" \/>\n<meta name=\"author\" content=\"Guy Harl\u00e9\" \/>\n<meta name=\"twitter:card\" content=\"summary_large_image\" \/>\n<meta name=\"twitter:label1\" content=\"Scritto da\" \/>\n\t<meta name=\"twitter:data1\" content=\"Guy Harl\u00e9\" \/>\n\t<meta name=\"twitter:label2\" content=\"Tempo di lettura stimato\" \/>\n\t<meta name=\"twitter:data2\" content=\"1 minuto\" \/>\n<script type=\"application\/ld+json\" class=\"yoast-schema-graph\">{\"@context\":\"https:\/\/schema.org\",\"@graph\":[{\"@type\":\"Article\",\"@id\":\"https:\/\/centcols.org\/concentration-regionale-pyrenees-au-col-de-rille-le-1er-octobre-2017\/#article\",\"isPartOf\":{\"@id\":\"https:\/\/centcols.org\/concentration-regionale-pyrenees-au-col-de-rille-le-1er-octobre-2017\/\"},\"author\":{\"name\":\"Guy Harl\u00e9\",\"@id\":\"https:\/\/centcols.org\/#\/schema\/person\/377f00da2793c0363246869bb3a344d0\"},\"headline\":\"Concentration r\u00e9gionale Pyr\u00e9n\u00e9es au col de Rille le 1er octobre 2017\",\"datePublished\":\"2017-03-08T18:42:39+00:00\",\"dateModified\":\"2025-06-06T06:49:51+00:00\",\"mainEntityOfPage\":{\"@id\":\"https:\/\/centcols.org\/concentration-regionale-pyrenees-au-col-de-rille-le-1er-octobre-2017\/\"},\"wordCount\":34,\"publisher\":{\"@id\":\"https:\/\/centcols.org\/#organization\"},\"articleSection\":[\"Calendrier\",\"2017-rassemblements\",\"Rencontres r\u00e9gionales\"],\"inLanguage\":\"it-IT\"},{\"@type\":\"WebPage\",\"@id\":\"https:\/\/centcols.org\/concentration-regionale-pyrenees-au-col-de-rille-le-1er-octobre-2017\/\",\"url\":\"https:\/\/centcols.org\/concentration-regionale-pyrenees-au-col-de-rille-le-1er-octobre-2017\/\",\"name\":\"Concentration r\u00e9gionale Pyr\u00e9n\u00e9es au col de Rille le 1er octobre 2017 - Club des Cent Cols\",\"isPartOf\":{\"@id\":\"https:\/\/centcols.org\/#website\"},\"datePublished\":\"2017-03-08T18:42:39+00:00\",\"dateModified\":\"2025-06-06T06:49:51+00:00\",\"breadcrumb\":{\"@id\":\"https:\/\/centcols.org\/concentration-regionale-pyrenees-au-col-de-rille-le-1er-octobre-2017\/#breadcrumb\"},\"inLanguage\":\"it-IT\",\"potentialAction\":[{\"@type\":\"ReadAction\",\"target\":[\"https:\/\/centcols.org\/concentration-regionale-pyrenees-au-col-de-rille-le-1er-octobre-2017\/\"]}]},{\"@type\":\"BreadcrumbList\",\"@id\":\"https:\/\/centcols.org\/concentration-regionale-pyrenees-au-col-de-rille-le-1er-octobre-2017\/#breadcrumb\",\"itemListElement\":[{\"@type\":\"ListItem\",\"position\":1,\"name\":\"Accueil\",\"item\":\"https:\/\/centcols.org\/\"},{\"@type\":\"ListItem\",\"position\":2,\"name\":\"Calendrier\",\"item\":\"https:\/\/centcols.org\/rubrique\/calendrier\/\"},{\"@type\":\"ListItem\",\"position\":3,\"name\":\"Concentration r\u00e9gionale Pyr\u00e9n\u00e9es au col de Rille le 1er octobre 2017\"}]},{\"@type\":\"WebSite\",\"@id\":\"https:\/\/centcols.org\/#website\",\"url\":\"https:\/\/centcols.org\/\",\"name\":\"Club des Cent Cols\",\"description\":\"\",\"publisher\":{\"@id\":\"https:\/\/centcols.org\/#organization\"},\"potentialAction\":[{\"@type\":\"SearchAction\",\"target\":{\"@type\":\"EntryPoint\",\"urlTemplate\":\"https:\/\/centcols.org\/?s={search_term_string}\"},\"query-input\":{\"@type\":\"PropertyValueSpecification\",\"valueRequired\":true,\"valueName\":\"search_term_string\"}}],\"inLanguage\":\"it-IT\"},{\"@type\":\"Organization\",\"@id\":\"https:\/\/centcols.org\/#organization\",\"name\":\"Club des Cent Cols\",\"url\":\"https:\/\/centcols.org\/\",\"logo\":{\"@type\":\"ImageObject\",\"inLanguage\":\"it-IT\",\"@id\":\"https:\/\/centcols.org\/#\/schema\/logo\/image\/\",\"url\":\"https:\/\/centcols.org\/wp-content\/uploads\/2025\/01\/carte-icone.png\",\"contentUrl\":\"https:\/\/centcols.org\/wp-content\/uploads\/2025\/01\/carte-icone.png\",\"width\":250,\"height\":250,\"caption\":\"Club des Cent Cols\"},\"image\":{\"@id\":\"https:\/\/centcols.org\/#\/schema\/logo\/image\/\"},\"sameAs\":[\"https:\/\/www.facebook.com\/groups\/5261880558\/?locale=fr_FR\"]},{\"@type\":\"Person\",\"@id\":\"https:\/\/centcols.org\/#\/schema\/person\/377f00da2793c0363246869bb3a344d0\",\"name\":\"Guy Harl\u00e9\",\"image\":{\"@type\":\"ImageObject\",\"inLanguage\":\"it-IT\",\"@id\":\"https:\/\/centcols.org\/wp-content\/litespeed\/avatar\/94c4de37e46cf090f296d42ab3e8d6a6.jpg?ver=1777238144\",\"url\":\"https:\/\/centcols.org\/wp-content\/litespeed\/avatar\/94c4de37e46cf090f296d42ab3e8d6a6.jpg?ver=1777238144\",\"contentUrl\":\"https:\/\/centcols.org\/wp-content\/litespeed\/avatar\/94c4de37e46cf090f296d42ab3e8d6a6.jpg?ver=1777238144\",\"caption\":\"Guy Harl\u00e9\"},\"url\":\"https:\/\/centcols.org\/it\/author\/5193\/\"}]}<\/script>\n<!-- \/ Yoast SEO plugin. -->","yoast_head_json":{"title":"Incontro regionale dei Pirenei al Col de Rille il 1\u00b0 ottobre 2017 - Club des Cent Cols","robots":{"index":"index","follow":"follow","max-snippet":"max-snippet:-1","max-image-preview":"max-image-preview:large","max-video-preview":"max-video-preview:-1"},"canonical":"https:\/\/centcols.org\/it\/riunione-regionale-dei-pirenei-al-col-de-rille-il-1-ottobre-2017\/","og_locale":"it_IT","og_type":"article","og_title":"Concentration r\u00e9gionale Pyr\u00e9n\u00e9es au col de Rille le 1er octobre 2017 - Club des Cent Cols","og_description":"Dimanche 1er octobre 2017, Pyr\u00e9n\u00e9es Col de Rille, 938 m (Ari\u00e8ge) Contact Alain Gillodes 05 61 56 74 35 [email]&#x61;&#108;a&#x69;&#110;&#46;&#x67;&#x69;&#108;l&#x6f;&#100;e&#x73;&#x40;&#111;r&#x61;&#110;g&#x65;&#x2e;&#102;r[\/email]","og_url":"https:\/\/centcols.org\/it\/riunione-regionale-dei-pirenei-al-col-de-rille-il-1-ottobre-2017\/","og_site_name":"Club des Cent Cols","article_publisher":"https:\/\/www.facebook.com\/groups\/5261880558\/?locale=fr_FR","article_published_time":"2017-03-08T18:42:39+00:00","article_modified_time":"2025-06-06T06:49:51+00:00","author":"Guy Harl\u00e9","twitter_card":"summary_large_image","twitter_misc":{"Scritto da":"Guy Harl\u00e9","Tempo di lettura stimato":"1 minuto"},"schema":{"@context":"https:\/\/schema.org","@graph":[{"@type":"Article","@id":"https:\/\/centcols.org\/concentration-regionale-pyrenees-au-col-de-rille-le-1er-octobre-2017\/#article","isPartOf":{"@id":"https:\/\/centcols.org\/concentration-regionale-pyrenees-au-col-de-rille-le-1er-octobre-2017\/"},"author":{"name":"Guy Harl\u00e9","@id":"https:\/\/centcols.org\/#\/schema\/person\/377f00da2793c0363246869bb3a344d0"},"headline":"Concentration r\u00e9gionale Pyr\u00e9n\u00e9es au col de Rille le 1er octobre 2017","datePublished":"2017-03-08T18:42:39+00:00","dateModified":"2025-06-06T06:49:51+00:00","mainEntityOfPage":{"@id":"https:\/\/centcols.org\/concentration-regionale-pyrenees-au-col-de-rille-le-1er-octobre-2017\/"},"wordCount":34,"publisher":{"@id":"https:\/\/centcols.org\/#organization"},"articleSection":["Calendrier","2017-rassemblements","Rencontres r\u00e9gionales"],"inLanguage":"it-IT"},{"@type":"WebPage","@id":"https:\/\/centcols.org\/concentration-regionale-pyrenees-au-col-de-rille-le-1er-octobre-2017\/","url":"https:\/\/centcols.org\/concentration-regionale-pyrenees-au-col-de-rille-le-1er-octobre-2017\/","name":"Incontro regionale dei Pirenei al Col de Rille il 1\u00b0 ottobre 2017 - Club des Cent Cols","isPartOf":{"@id":"https:\/\/centcols.org\/#website"},"datePublished":"2017-03-08T18:42:39+00:00","dateModified":"2025-06-06T06:49:51+00:00","breadcrumb":{"@id":"https:\/\/centcols.org\/concentration-regionale-pyrenees-au-col-de-rille-le-1er-octobre-2017\/#breadcrumb"},"inLanguage":"it-IT","potentialAction":[{"@type":"ReadAction","target":["https:\/\/centcols.org\/concentration-regionale-pyrenees-au-col-de-rille-le-1er-octobre-2017\/"]}]},{"@type":"BreadcrumbList","@id":"https:\/\/centcols.org\/concentration-regionale-pyrenees-au-col-de-rille-le-1er-octobre-2017\/#breadcrumb","itemListElement":[{"@type":"ListItem","position":1,"name":"Accueil","item":"https:\/\/centcols.org\/"},{"@type":"ListItem","position":2,"name":"Calendrier","item":"https:\/\/centcols.org\/rubrique\/calendrier\/"},{"@type":"ListItem","position":3,"name":"Concentration r\u00e9gionale Pyr\u00e9n\u00e9es au col de Rille le 1er octobre 2017"}]},{"@type":"WebSite","@id":"https:\/\/centcols.org\/#website","url":"https:\/\/centcols.org\/","name":"Club des Cent Cols","description":"","publisher":{"@id":"https:\/\/centcols.org\/#organization"},"potentialAction":[{"@type":"SearchAction","target":{"@type":"EntryPoint","urlTemplate":"https:\/\/centcols.org\/?s={search_term_string}"},"query-input":{"@type":"PropertyValueSpecification","valueRequired":true,"valueName":"search_term_string"}}],"inLanguage":"it-IT"},{"@type":"Organization","@id":"https:\/\/centcols.org\/#organization","name":"Club des Cent Cols","url":"https:\/\/centcols.org\/","logo":{"@type":"ImageObject","inLanguage":"it-IT","@id":"https:\/\/centcols.org\/#\/schema\/logo\/image\/","url":"https:\/\/centcols.org\/wp-content\/uploads\/2025\/01\/carte-icone.png","contentUrl":"https:\/\/centcols.org\/wp-content\/uploads\/2025\/01\/carte-icone.png","width":250,"height":250,"caption":"Club des Cent Cols"},"image":{"@id":"https:\/\/centcols.org\/#\/schema\/logo\/image\/"},"sameAs":["https:\/\/www.facebook.com\/groups\/5261880558\/?locale=fr_FR"]},{"@type":"Person","@id":"https:\/\/centcols.org\/#\/schema\/person\/377f00da2793c0363246869bb3a344d0","name":"Guy Harl\u00e9","image":{"@type":"ImageObject","inLanguage":"it-IT","@id":"https:\/\/centcols.org\/wp-content\/litespeed\/avatar\/94c4de37e46cf090f296d42ab3e8d6a6.jpg?ver=1777238144","url":"https:\/\/centcols.org\/wp-content\/litespeed\/avatar\/94c4de37e46cf090f296d42ab3e8d6a6.jpg?ver=1777238144","contentUrl":"https:\/\/centcols.org\/wp-content\/litespeed\/avatar\/94c4de37e46cf090f296d42ab3e8d6a6.jpg?ver=1777238144","caption":"Guy Harl\u00e9"},"url":"https:\/\/centcols.org\/it\/author\/5193\/"}]}},"_links":{"self":[{"href":"https:\/\/centcols.org\/it\/wp-json\/wp\/v2\/posts\/81913","targetHints":{"allow":["GET"]}}],"collection":[{"href":"https:\/\/centcols.org\/it\/wp-json\/wp\/v2\/posts"}],"about":[{"href":"https:\/\/centcols.org\/it\/wp-json\/wp\/v2\/types\/post"}],"author":[{"embeddable":true,"href":"https:\/\/centcols.org\/it\/wp-json\/wp\/v2\/users\/136"}],"replies":[{"embeddable":true,"href":"https:\/\/centcols.org\/it\/wp-json\/wp\/v2\/comments?post=81913"}],"version-history":[{"count":0,"href":"https:\/\/centcols.org\/it\/wp-json\/wp\/v2\/posts\/81913\/revisions"}],"wp:attachment":[{"href":"https:\/\/centcols.org\/it\/wp-json\/wp\/v2\/media?parent=81913"}],"wp:term":[{"taxonomy":"category","embeddable":true,"href":"https:\/\/centcols.org\/it\/wp-json\/wp\/v2\/categories?post=81913"},{"taxonomy":"post_tag","embeddable":true,"href":"https:\/\/centcols.org\/it\/wp-json\/wp\/v2\/tags?post=81913"}],"curies":[{"name":"wp","href":"https:\/\/api.w.org\/{rel}","templated":true}]}}