{"id":81935,"date":"2018-01-30T11:00:52","date_gmt":"2018-01-30T09:00:52","guid":{"rendered":"https:\/\/centcols.org\/concentration-regionale-alpes-du-nord-col-de-tamie-le-2-juin-2018\/"},"modified":"2025-09-09T16:39:53","modified_gmt":"2025-09-09T14:39:53","slug":"concentrazione-regionale-alpes-du-nord-col-de-tamie-2-giugno-2018","status":"publish","type":"post","link":"https:\/\/centcols.org\/it\/concentration-regionale-alpes-du-nord-col-de-tamie-le-2-juin-2018\/","title":{"rendered":"Riunione regionale delle Alpi del Nord, Col de Tami\u00e9 il 2 giugno 2018"},"content":{"rendered":"\n<p>Samedi 2 juin 2018, Alpes du Nord<br>Col de Tami\u00e9, 907 m (Savoie)<\/p>\n\n\n\n<p><span lang=\"FR\">Quatre mont\u00e9es possibles \u00e0 partir d&rsquo;Albertville (73), de Mercury (73), de Frontenex (73) ou de Faverges (74)<\/span><\/p>\n\n\n\n<p><span lang=\"FR\">Nous proposons un d\u00e9part group\u00e9 d&rsquo;Albertville, parking \u00e0 l&rsquo;entr\u00e9e de la ville en venant d&rsquo;Ugine, le long du quai des Allobroges.<br>Rendez-vous \u00e0 partir de 8 h pour un d\u00e9part group\u00e9 vers 8 h 30 (pond\u00e9r\u00e9 du quart d&rsquo;heure savoyard).<\/span><\/p>\n\n\n\n<p><span lang=\"FR\">Accueil sur le parking du col de Tami\u00e9 (\u00e0 100 m du col) vers 11 h 30 pour partager pain, saucisson, fromages et verre de l&rsquo;amiti\u00e9.<br><\/span><span lang=\"FR\">Tout proche du col, forteresse de Tami\u00e9, la plus importante de la Combe de Savoie, et l&rsquo;abbaye de Tami\u00e9<br>Produits r\u00e9gionaux dans la boutique du fort et \u00e0 l\u2019abbaye de Tami\u00e9 toute proche.<br><\/span><span lang=\"FR\">Possibilit\u00e9 de garer les camping cars sur les parkings du col et du fort de Tami\u00e9.<\/span><\/p>\n\n\n\n<h3 class=\"wp-block-heading\">Circuits<\/h3>\n\n\n\n<p><strong>Route 1<\/strong> (4 cols), 22 km, d\u00e9nivel\u00e9 800 m : Passer le pont en direction de Beaufort, prendre la voie cyclable imm\u00e9diatement \u00e0 gauche en sortie de pont et aller en direction d&rsquo;Ugine, rejoindre Th\u00e9n\u00e9sol, monter au col du Vorger (707 m) puis Allondaz, Chevronnet o\u00f9 l&rsquo;on passe le Coleron (565 m), puis direction Mercury, \u00e0 droite avant Mercury en direction de La Soffaz, mont\u00e9e au Collet de Tami\u00e9 (955 m), et laisser couler jusqu&rsquo;au col de Tami\u00e9 (907 m).<br><strong>Route 2<\/strong> (3 cols),14,5 km, d\u00e9nivel\u00e9 700 m : Partir par la ville, Saint-Sigismond, Pertuis, Le Villard, et monter \u00e0 Chevronnet o\u00f9 l&rsquo;on rejoint le circuit 1.<\/p>\n\n\n\n<p><strong>Fichiers de g\u00e9olocalisation<\/strong> :\u00a0<a href=\"https:\/\/centcols.org\/wp-content\/uploads\/2025\/09\/circuits-Tamie.zip\">A charger ici<\/a><\/p>\n\n\n\n<h3 class=\"wp-block-heading\">Contact<\/h3>\n\n\n\n<p>Guy Harl\u00e9<br>04 50 60 67 27 &#8211; 06 77 11 17 03<br>[email]&#103;&#x75;&#121;&#x2e;&#104;&#x61;&#114;&#x6c;&#101;&#x40;&#103;&#x6d;&#97;&#x69;&#108;&#x2e;&#99;&#x6f;&#109;[\/email]<\/p>\n","protected":false},"excerpt":{"rendered":"<p>Samedi 2 juin 2018, Alpes du NordCol de Tami\u00e9, 907 m (Savoie) Quatre mont\u00e9es possibles \u00e0 partir d&rsquo;Albertville (73), de Mercury (73), de Frontenex (73) ou de Faverges (74) Nous proposons un d\u00e9part group\u00e9 d&rsquo;Albertville, parking \u00e0 l&rsquo;entr\u00e9e de la ville en venant d&rsquo;Ugine, le long du quai des Allobroges.Rendez-vous \u00e0 partir de 8 h [&hellip;]<\/p>\n","protected":false},"author":136,"featured_media":0,"comment_status":"closed","ping_status":"open","sticky":false,"template":"","format":"standard","meta":{"_acf_changed":false,"footnotes":""},"categories":[135,282,216],"tags":[],"class_list":["post-81935","post","type-post","status-publish","format-standard","hentry","category-calendrier","category-les-rassemblements-de-2018","category-rencontres-regionales"],"acf":[],"yoast_head":"<!-- This site is optimized with the Yoast SEO plugin v27.2 - https:\/\/yoast.com\/product\/yoast-seo-wordpress\/ -->\n<title>Concentration r\u00e9gionale Alpes du Nord, col de Tami\u00e9 le 2 juin 2018 - Club des Cent Cols<\/title>\n<meta name=\"robots\" content=\"index, follow, max-snippet:-1, max-image-preview:large, max-video-preview:-1\" \/>\n<link rel=\"canonical\" href=\"https:\/\/centcols.org\/it\/concentrazione-regionale-alpes-du-nord-col-de-tamie-2-giugno-2018\/\" \/>\n<meta property=\"og:locale\" content=\"it_IT\" \/>\n<meta property=\"og:type\" content=\"article\" \/>\n<meta property=\"og:title\" content=\"Concentration r\u00e9gionale Alpes du Nord, col de Tami\u00e9 le 2 juin 2018 - Club des Cent Cols\" \/>\n<meta property=\"og:description\" content=\"Samedi 2 juin 2018, Alpes du NordCol de Tami\u00e9, 907 m (Savoie) Quatre mont\u00e9es possibles \u00e0 partir d&rsquo;Albertville (73), de Mercury (73), de Frontenex (73) ou de Faverges (74) Nous proposons un d\u00e9part group\u00e9 d&rsquo;Albertville, parking \u00e0 l&rsquo;entr\u00e9e de la ville en venant d&rsquo;Ugine, le long du quai des Allobroges.Rendez-vous \u00e0 partir de 8 h [&hellip;]\" \/>\n<meta property=\"og:url\" content=\"https:\/\/centcols.org\/it\/concentrazione-regionale-alpes-du-nord-col-de-tamie-2-giugno-2018\/\" \/>\n<meta property=\"og:site_name\" content=\"Club des Cent Cols\" \/>\n<meta property=\"article:publisher\" content=\"https:\/\/www.facebook.com\/groups\/5261880558\/?locale=fr_FR\" \/>\n<meta property=\"article:published_time\" content=\"2018-01-30T09:00:52+00:00\" \/>\n<meta property=\"article:modified_time\" content=\"2025-09-09T14:39:53+00:00\" \/>\n<meta name=\"author\" content=\"Guy Harl\u00e9\" \/>\n<meta name=\"twitter:card\" content=\"summary_large_image\" \/>\n<meta name=\"twitter:label1\" content=\"Scritto da\" \/>\n\t<meta name=\"twitter:data1\" content=\"Guy Harl\u00e9\" \/>\n\t<meta name=\"twitter:label2\" content=\"Tempo di lettura stimato\" \/>\n\t<meta name=\"twitter:data2\" content=\"2 minuti\" \/>\n<script type=\"application\/ld+json\" class=\"yoast-schema-graph\">{\"@context\":\"https:\/\/schema.org\",\"@graph\":[{\"@type\":\"Article\",\"@id\":\"https:\/\/centcols.org\/concentration-regionale-alpes-du-nord-col-de-tamie-le-2-juin-2018\/#article\",\"isPartOf\":{\"@id\":\"https:\/\/centcols.org\/concentration-regionale-alpes-du-nord-col-de-tamie-le-2-juin-2018\/\"},\"author\":{\"name\":\"Guy Harl\u00e9\",\"@id\":\"https:\/\/centcols.org\/#\/schema\/person\/377f00da2793c0363246869bb3a344d0\"},\"headline\":\"Concentration r\u00e9gionale Alpes du Nord, col de Tami\u00e9 le 2 juin 2018\",\"datePublished\":\"2018-01-30T09:00:52+00:00\",\"dateModified\":\"2025-09-09T14:39:53+00:00\",\"mainEntityOfPage\":{\"@id\":\"https:\/\/centcols.org\/concentration-regionale-alpes-du-nord-col-de-tamie-le-2-juin-2018\/\"},\"wordCount\":269,\"publisher\":{\"@id\":\"https:\/\/centcols.org\/#organization\"},\"articleSection\":[\"Calendrier\",\"2018-rassemblements\",\"Rencontres r\u00e9gionales\"],\"inLanguage\":\"it-IT\"},{\"@type\":\"WebPage\",\"@id\":\"https:\/\/centcols.org\/concentration-regionale-alpes-du-nord-col-de-tamie-le-2-juin-2018\/\",\"url\":\"https:\/\/centcols.org\/concentration-regionale-alpes-du-nord-col-de-tamie-le-2-juin-2018\/\",\"name\":\"Concentration r\u00e9gionale Alpes du Nord, col de Tami\u00e9 le 2 juin 2018 - Club des Cent Cols\",\"isPartOf\":{\"@id\":\"https:\/\/centcols.org\/#website\"},\"datePublished\":\"2018-01-30T09:00:52+00:00\",\"dateModified\":\"2025-09-09T14:39:53+00:00\",\"breadcrumb\":{\"@id\":\"https:\/\/centcols.org\/concentration-regionale-alpes-du-nord-col-de-tamie-le-2-juin-2018\/#breadcrumb\"},\"inLanguage\":\"it-IT\",\"potentialAction\":[{\"@type\":\"ReadAction\",\"target\":[\"https:\/\/centcols.org\/concentration-regionale-alpes-du-nord-col-de-tamie-le-2-juin-2018\/\"]}]},{\"@type\":\"BreadcrumbList\",\"@id\":\"https:\/\/centcols.org\/concentration-regionale-alpes-du-nord-col-de-tamie-le-2-juin-2018\/#breadcrumb\",\"itemListElement\":[{\"@type\":\"ListItem\",\"position\":1,\"name\":\"Accueil\",\"item\":\"https:\/\/centcols.org\/\"},{\"@type\":\"ListItem\",\"position\":2,\"name\":\"Calendrier\",\"item\":\"https:\/\/centcols.org\/rubrique\/calendrier\/\"},{\"@type\":\"ListItem\",\"position\":3,\"name\":\"Concentration r\u00e9gionale Alpes du Nord, col de Tami\u00e9 le 2 juin 2018\"}]},{\"@type\":\"WebSite\",\"@id\":\"https:\/\/centcols.org\/#website\",\"url\":\"https:\/\/centcols.org\/\",\"name\":\"Club des Cent Cols\",\"description\":\"\",\"publisher\":{\"@id\":\"https:\/\/centcols.org\/#organization\"},\"potentialAction\":[{\"@type\":\"SearchAction\",\"target\":{\"@type\":\"EntryPoint\",\"urlTemplate\":\"https:\/\/centcols.org\/?s={search_term_string}\"},\"query-input\":{\"@type\":\"PropertyValueSpecification\",\"valueRequired\":true,\"valueName\":\"search_term_string\"}}],\"inLanguage\":\"it-IT\"},{\"@type\":\"Organization\",\"@id\":\"https:\/\/centcols.org\/#organization\",\"name\":\"Club des Cent Cols\",\"url\":\"https:\/\/centcols.org\/\",\"logo\":{\"@type\":\"ImageObject\",\"inLanguage\":\"it-IT\",\"@id\":\"https:\/\/centcols.org\/#\/schema\/logo\/image\/\",\"url\":\"https:\/\/centcols.org\/wp-content\/uploads\/2025\/01\/carte-icone.png\",\"contentUrl\":\"https:\/\/centcols.org\/wp-content\/uploads\/2025\/01\/carte-icone.png\",\"width\":250,\"height\":250,\"caption\":\"Club des Cent Cols\"},\"image\":{\"@id\":\"https:\/\/centcols.org\/#\/schema\/logo\/image\/\"},\"sameAs\":[\"https:\/\/www.facebook.com\/groups\/5261880558\/?locale=fr_FR\"]},{\"@type\":\"Person\",\"@id\":\"https:\/\/centcols.org\/#\/schema\/person\/377f00da2793c0363246869bb3a344d0\",\"name\":\"Guy Harl\u00e9\",\"image\":{\"@type\":\"ImageObject\",\"inLanguage\":\"it-IT\",\"@id\":\"https:\/\/centcols.org\/wp-content\/litespeed\/avatar\/94c4de37e46cf090f296d42ab3e8d6a6.jpg?ver=1777238144\",\"url\":\"https:\/\/centcols.org\/wp-content\/litespeed\/avatar\/94c4de37e46cf090f296d42ab3e8d6a6.jpg?ver=1777238144\",\"contentUrl\":\"https:\/\/centcols.org\/wp-content\/litespeed\/avatar\/94c4de37e46cf090f296d42ab3e8d6a6.jpg?ver=1777238144\",\"caption\":\"Guy Harl\u00e9\"},\"url\":\"https:\/\/centcols.org\/it\/author\/5193\/\"}]}<\/script>\n<!-- \/ Yoast SEO plugin. -->","yoast_head_json":{"title":"Incontro regionale delle Alpi del Nord, Col de Tami\u00e9 il 2 giugno 2018 - Club des Cent Cols","robots":{"index":"index","follow":"follow","max-snippet":"max-snippet:-1","max-image-preview":"max-image-preview:large","max-video-preview":"max-video-preview:-1"},"canonical":"https:\/\/centcols.org\/it\/concentrazione-regionale-alpes-du-nord-col-de-tamie-2-giugno-2018\/","og_locale":"it_IT","og_type":"article","og_title":"Concentration r\u00e9gionale Alpes du Nord, col de Tami\u00e9 le 2 juin 2018 - Club des Cent Cols","og_description":"Samedi 2 juin 2018, Alpes du NordCol de Tami\u00e9, 907 m (Savoie) Quatre mont\u00e9es possibles \u00e0 partir d&rsquo;Albertville (73), de Mercury (73), de Frontenex (73) ou de Faverges (74) Nous proposons un d\u00e9part group\u00e9 d&rsquo;Albertville, parking \u00e0 l&rsquo;entr\u00e9e de la ville en venant d&rsquo;Ugine, le long du quai des Allobroges.Rendez-vous \u00e0 partir de 8 h [&hellip;]","og_url":"https:\/\/centcols.org\/it\/concentrazione-regionale-alpes-du-nord-col-de-tamie-2-giugno-2018\/","og_site_name":"Club des Cent Cols","article_publisher":"https:\/\/www.facebook.com\/groups\/5261880558\/?locale=fr_FR","article_published_time":"2018-01-30T09:00:52+00:00","article_modified_time":"2025-09-09T14:39:53+00:00","author":"Guy Harl\u00e9","twitter_card":"summary_large_image","twitter_misc":{"Scritto da":"Guy Harl\u00e9","Tempo di lettura stimato":"2 minuti"},"schema":{"@context":"https:\/\/schema.org","@graph":[{"@type":"Article","@id":"https:\/\/centcols.org\/concentration-regionale-alpes-du-nord-col-de-tamie-le-2-juin-2018\/#article","isPartOf":{"@id":"https:\/\/centcols.org\/concentration-regionale-alpes-du-nord-col-de-tamie-le-2-juin-2018\/"},"author":{"name":"Guy Harl\u00e9","@id":"https:\/\/centcols.org\/#\/schema\/person\/377f00da2793c0363246869bb3a344d0"},"headline":"Concentration r\u00e9gionale Alpes du Nord, col de Tami\u00e9 le 2 juin 2018","datePublished":"2018-01-30T09:00:52+00:00","dateModified":"2025-09-09T14:39:53+00:00","mainEntityOfPage":{"@id":"https:\/\/centcols.org\/concentration-regionale-alpes-du-nord-col-de-tamie-le-2-juin-2018\/"},"wordCount":269,"publisher":{"@id":"https:\/\/centcols.org\/#organization"},"articleSection":["Calendrier","2018-rassemblements","Rencontres r\u00e9gionales"],"inLanguage":"it-IT"},{"@type":"WebPage","@id":"https:\/\/centcols.org\/concentration-regionale-alpes-du-nord-col-de-tamie-le-2-juin-2018\/","url":"https:\/\/centcols.org\/concentration-regionale-alpes-du-nord-col-de-tamie-le-2-juin-2018\/","name":"Incontro regionale delle Alpi del Nord, Col de Tami\u00e9 il 2 giugno 2018 - Club des Cent Cols","isPartOf":{"@id":"https:\/\/centcols.org\/#website"},"datePublished":"2018-01-30T09:00:52+00:00","dateModified":"2025-09-09T14:39:53+00:00","breadcrumb":{"@id":"https:\/\/centcols.org\/concentration-regionale-alpes-du-nord-col-de-tamie-le-2-juin-2018\/#breadcrumb"},"inLanguage":"it-IT","potentialAction":[{"@type":"ReadAction","target":["https:\/\/centcols.org\/concentration-regionale-alpes-du-nord-col-de-tamie-le-2-juin-2018\/"]}]},{"@type":"BreadcrumbList","@id":"https:\/\/centcols.org\/concentration-regionale-alpes-du-nord-col-de-tamie-le-2-juin-2018\/#breadcrumb","itemListElement":[{"@type":"ListItem","position":1,"name":"Accueil","item":"https:\/\/centcols.org\/"},{"@type":"ListItem","position":2,"name":"Calendrier","item":"https:\/\/centcols.org\/rubrique\/calendrier\/"},{"@type":"ListItem","position":3,"name":"Concentration r\u00e9gionale Alpes du Nord, col de Tami\u00e9 le 2 juin 2018"}]},{"@type":"WebSite","@id":"https:\/\/centcols.org\/#website","url":"https:\/\/centcols.org\/","name":"Club des Cent Cols","description":"","publisher":{"@id":"https:\/\/centcols.org\/#organization"},"potentialAction":[{"@type":"SearchAction","target":{"@type":"EntryPoint","urlTemplate":"https:\/\/centcols.org\/?s={search_term_string}"},"query-input":{"@type":"PropertyValueSpecification","valueRequired":true,"valueName":"search_term_string"}}],"inLanguage":"it-IT"},{"@type":"Organization","@id":"https:\/\/centcols.org\/#organization","name":"Club des Cent Cols","url":"https:\/\/centcols.org\/","logo":{"@type":"ImageObject","inLanguage":"it-IT","@id":"https:\/\/centcols.org\/#\/schema\/logo\/image\/","url":"https:\/\/centcols.org\/wp-content\/uploads\/2025\/01\/carte-icone.png","contentUrl":"https:\/\/centcols.org\/wp-content\/uploads\/2025\/01\/carte-icone.png","width":250,"height":250,"caption":"Club des Cent Cols"},"image":{"@id":"https:\/\/centcols.org\/#\/schema\/logo\/image\/"},"sameAs":["https:\/\/www.facebook.com\/groups\/5261880558\/?locale=fr_FR"]},{"@type":"Person","@id":"https:\/\/centcols.org\/#\/schema\/person\/377f00da2793c0363246869bb3a344d0","name":"Guy Harl\u00e9","image":{"@type":"ImageObject","inLanguage":"it-IT","@id":"https:\/\/centcols.org\/wp-content\/litespeed\/avatar\/94c4de37e46cf090f296d42ab3e8d6a6.jpg?ver=1777238144","url":"https:\/\/centcols.org\/wp-content\/litespeed\/avatar\/94c4de37e46cf090f296d42ab3e8d6a6.jpg?ver=1777238144","contentUrl":"https:\/\/centcols.org\/wp-content\/litespeed\/avatar\/94c4de37e46cf090f296d42ab3e8d6a6.jpg?ver=1777238144","caption":"Guy Harl\u00e9"},"url":"https:\/\/centcols.org\/it\/author\/5193\/"}]}},"_links":{"self":[{"href":"https:\/\/centcols.org\/it\/wp-json\/wp\/v2\/posts\/81935","targetHints":{"allow":["GET"]}}],"collection":[{"href":"https:\/\/centcols.org\/it\/wp-json\/wp\/v2\/posts"}],"about":[{"href":"https:\/\/centcols.org\/it\/wp-json\/wp\/v2\/types\/post"}],"author":[{"embeddable":true,"href":"https:\/\/centcols.org\/it\/wp-json\/wp\/v2\/users\/136"}],"replies":[{"embeddable":true,"href":"https:\/\/centcols.org\/it\/wp-json\/wp\/v2\/comments?post=81935"}],"version-history":[{"count":0,"href":"https:\/\/centcols.org\/it\/wp-json\/wp\/v2\/posts\/81935\/revisions"}],"wp:attachment":[{"href":"https:\/\/centcols.org\/it\/wp-json\/wp\/v2\/media?parent=81935"}],"wp:term":[{"taxonomy":"category","embeddable":true,"href":"https:\/\/centcols.org\/it\/wp-json\/wp\/v2\/categories?post=81935"},{"taxonomy":"post_tag","embeddable":true,"href":"https:\/\/centcols.org\/it\/wp-json\/wp\/v2\/tags?post=81935"}],"curies":[{"name":"wp","href":"https:\/\/api.w.org\/{rel}","templated":true}]}}