{"id":81952,"date":"2018-01-30T19:21:23","date_gmt":"2018-01-30T17:21:23","guid":{"rendered":"https:\/\/centcols.org\/concentration-regionale-pyrenees-au-col-du-paradis-le-7-octobre-2018\/"},"modified":"2025-06-06T09:23:25","modified_gmt":"2025-06-06T07:23:25","slug":"riunione-regionale-dei-pirenei-al-col-du-paradis-il-7-ottobre-2018","status":"publish","type":"post","link":"https:\/\/centcols.org\/it\/concentration-regionale-pyrenees-au-col-du-paradis-le-7-octobre-2018\/","title":{"rendered":"Incontro regionale dei Pirenei al Col du Paradis il 7 ottobre 2018"},"content":{"rendered":"<p>Dimanche 7 octobre 2018, Pyr\u00e9n\u00e9es<br \/>\nCol du Paradis (FR-11-0627)<\/p>\n<h3><em><span style=\"color: #000000;\"><strong><a style=\"color: #000000;\" href=\"http:\/\/www.alaingillodes.fr\/concentration%20CCC-OCD\/paradis_11\/Paradis_p.htm\" target=\"_blank\" rel=\"noopener\">Programme de la journ\u00e9e<\/a><\/strong><\/span><\/em><\/h3>\n<h3>Contact<\/h3>\n<p>Alain Gillodes<br \/>\n05 61 56 74 35<br \/>\n[email]&#97;l&#x61;i&#x6e;&#46;&#x67;&#105;&#x6c;&#108;o&#x64;e&#x73;&#64;&#x6f;&#114;&#x61;&#110;&#x67;&#101;&#46;&#x66;r[\/email]<\/p>\n","protected":false},"excerpt":{"rendered":"<p>Dimanche 7 octobre 2018, Pyr\u00e9n\u00e9es Col du Paradis (FR-11-0627) Programme de la journ\u00e9e Contact Alain Gillodes 05 61 56 74 35 [email]&#97;&#x6c;&#97;&#x69;n&#x2e;g&#105;&#x6c;&#108;&#x6f;d&#x65;s&#64;&#x6f;&#114;&#x61;n&#x67;e&#46;&#x66;&#114;[\/email]<\/p>\n","protected":false},"author":136,"featured_media":0,"comment_status":"closed","ping_status":"open","sticky":false,"template":"","format":"standard","meta":{"_acf_changed":false,"footnotes":""},"categories":[135,282,216],"tags":[],"class_list":["post-81952","post","type-post","status-publish","format-standard","hentry","category-calendrier","category-les-rassemblements-de-2018","category-rencontres-regionales"],"acf":[],"yoast_head":"<!-- This site is optimized with the Yoast SEO plugin v27.2 - https:\/\/yoast.com\/product\/yoast-seo-wordpress\/ -->\n<title>Concentration r\u00e9gionale Pyr\u00e9n\u00e9es au col du Paradis le 7 octobre 2018 - Club des Cent Cols<\/title>\n<meta name=\"robots\" content=\"index, follow, max-snippet:-1, max-image-preview:large, max-video-preview:-1\" \/>\n<link rel=\"canonical\" href=\"https:\/\/centcols.org\/it\/riunione-regionale-dei-pirenei-al-col-du-paradis-il-7-ottobre-2018\/\" \/>\n<meta property=\"og:locale\" content=\"it_IT\" \/>\n<meta property=\"og:type\" content=\"article\" \/>\n<meta property=\"og:title\" content=\"Concentration r\u00e9gionale Pyr\u00e9n\u00e9es au col du Paradis le 7 octobre 2018 - Club des Cent Cols\" \/>\n<meta property=\"og:description\" content=\"Dimanche 7 octobre 2018, Pyr\u00e9n\u00e9es Col du Paradis (FR-11-0627) Programme de la journ\u00e9e Contact Alain Gillodes 05 61 56 74 35 [email]al&#097;&#105;&#110;&#046;&#x67;&#x69;&#x6c;&#x6c;&#x6f;de&#115;&#064;&#111;&#114;&#x61;&#x6e;&#x67;&#x65;&#x2e;fr[\/email]\" \/>\n<meta property=\"og:url\" content=\"https:\/\/centcols.org\/it\/riunione-regionale-dei-pirenei-al-col-du-paradis-il-7-ottobre-2018\/\" \/>\n<meta property=\"og:site_name\" content=\"Club des Cent Cols\" \/>\n<meta property=\"article:publisher\" content=\"https:\/\/www.facebook.com\/groups\/5261880558\/?locale=fr_FR\" \/>\n<meta property=\"article:published_time\" content=\"2018-01-30T17:21:23+00:00\" \/>\n<meta property=\"article:modified_time\" content=\"2025-06-06T07:23:25+00:00\" \/>\n<meta name=\"author\" content=\"Guy Harl\u00e9\" \/>\n<meta name=\"twitter:card\" content=\"summary_large_image\" \/>\n<meta name=\"twitter:label1\" content=\"Scritto da\" \/>\n\t<meta name=\"twitter:data1\" content=\"Guy Harl\u00e9\" \/>\n\t<meta name=\"twitter:label2\" content=\"Tempo di lettura stimato\" \/>\n\t<meta name=\"twitter:data2\" content=\"1 minuto\" \/>\n<script type=\"application\/ld+json\" class=\"yoast-schema-graph\">{\"@context\":\"https:\/\/schema.org\",\"@graph\":[{\"@type\":\"Article\",\"@id\":\"https:\/\/centcols.org\/concentration-regionale-pyrenees-au-col-du-paradis-le-7-octobre-2018\/#article\",\"isPartOf\":{\"@id\":\"https:\/\/centcols.org\/concentration-regionale-pyrenees-au-col-du-paradis-le-7-octobre-2018\/\"},\"author\":{\"name\":\"Guy Harl\u00e9\",\"@id\":\"https:\/\/centcols.org\/#\/schema\/person\/377f00da2793c0363246869bb3a344d0\"},\"headline\":\"Concentration r\u00e9gionale Pyr\u00e9n\u00e9es au col du Paradis le 7 octobre 2018\",\"datePublished\":\"2018-01-30T17:21:23+00:00\",\"dateModified\":\"2025-06-06T07:23:25+00:00\",\"mainEntityOfPage\":{\"@id\":\"https:\/\/centcols.org\/concentration-regionale-pyrenees-au-col-du-paradis-le-7-octobre-2018\/\"},\"wordCount\":36,\"publisher\":{\"@id\":\"https:\/\/centcols.org\/#organization\"},\"articleSection\":[\"Calendrier\",\"2018-rassemblements\",\"Rencontres r\u00e9gionales\"],\"inLanguage\":\"it-IT\"},{\"@type\":\"WebPage\",\"@id\":\"https:\/\/centcols.org\/concentration-regionale-pyrenees-au-col-du-paradis-le-7-octobre-2018\/\",\"url\":\"https:\/\/centcols.org\/concentration-regionale-pyrenees-au-col-du-paradis-le-7-octobre-2018\/\",\"name\":\"Concentration r\u00e9gionale Pyr\u00e9n\u00e9es au col du Paradis le 7 octobre 2018 - Club des Cent Cols\",\"isPartOf\":{\"@id\":\"https:\/\/centcols.org\/#website\"},\"datePublished\":\"2018-01-30T17:21:23+00:00\",\"dateModified\":\"2025-06-06T07:23:25+00:00\",\"breadcrumb\":{\"@id\":\"https:\/\/centcols.org\/concentration-regionale-pyrenees-au-col-du-paradis-le-7-octobre-2018\/#breadcrumb\"},\"inLanguage\":\"it-IT\",\"potentialAction\":[{\"@type\":\"ReadAction\",\"target\":[\"https:\/\/centcols.org\/concentration-regionale-pyrenees-au-col-du-paradis-le-7-octobre-2018\/\"]}]},{\"@type\":\"BreadcrumbList\",\"@id\":\"https:\/\/centcols.org\/concentration-regionale-pyrenees-au-col-du-paradis-le-7-octobre-2018\/#breadcrumb\",\"itemListElement\":[{\"@type\":\"ListItem\",\"position\":1,\"name\":\"Accueil\",\"item\":\"https:\/\/centcols.org\/\"},{\"@type\":\"ListItem\",\"position\":2,\"name\":\"Calendrier\",\"item\":\"https:\/\/centcols.org\/rubrique\/calendrier\/\"},{\"@type\":\"ListItem\",\"position\":3,\"name\":\"Concentration r\u00e9gionale Pyr\u00e9n\u00e9es au col du Paradis le 7 octobre 2018\"}]},{\"@type\":\"WebSite\",\"@id\":\"https:\/\/centcols.org\/#website\",\"url\":\"https:\/\/centcols.org\/\",\"name\":\"Club des Cent Cols\",\"description\":\"\",\"publisher\":{\"@id\":\"https:\/\/centcols.org\/#organization\"},\"potentialAction\":[{\"@type\":\"SearchAction\",\"target\":{\"@type\":\"EntryPoint\",\"urlTemplate\":\"https:\/\/centcols.org\/?s={search_term_string}\"},\"query-input\":{\"@type\":\"PropertyValueSpecification\",\"valueRequired\":true,\"valueName\":\"search_term_string\"}}],\"inLanguage\":\"it-IT\"},{\"@type\":\"Organization\",\"@id\":\"https:\/\/centcols.org\/#organization\",\"name\":\"Club des Cent Cols\",\"url\":\"https:\/\/centcols.org\/\",\"logo\":{\"@type\":\"ImageObject\",\"inLanguage\":\"it-IT\",\"@id\":\"https:\/\/centcols.org\/#\/schema\/logo\/image\/\",\"url\":\"https:\/\/centcols.org\/wp-content\/uploads\/2025\/01\/carte-icone.png\",\"contentUrl\":\"https:\/\/centcols.org\/wp-content\/uploads\/2025\/01\/carte-icone.png\",\"width\":250,\"height\":250,\"caption\":\"Club des Cent Cols\"},\"image\":{\"@id\":\"https:\/\/centcols.org\/#\/schema\/logo\/image\/\"},\"sameAs\":[\"https:\/\/www.facebook.com\/groups\/5261880558\/?locale=fr_FR\"]},{\"@type\":\"Person\",\"@id\":\"https:\/\/centcols.org\/#\/schema\/person\/377f00da2793c0363246869bb3a344d0\",\"name\":\"Guy Harl\u00e9\",\"image\":{\"@type\":\"ImageObject\",\"inLanguage\":\"it-IT\",\"@id\":\"https:\/\/centcols.org\/wp-content\/litespeed\/avatar\/94c4de37e46cf090f296d42ab3e8d6a6.jpg?ver=1777238144\",\"url\":\"https:\/\/centcols.org\/wp-content\/litespeed\/avatar\/94c4de37e46cf090f296d42ab3e8d6a6.jpg?ver=1777238144\",\"contentUrl\":\"https:\/\/centcols.org\/wp-content\/litespeed\/avatar\/94c4de37e46cf090f296d42ab3e8d6a6.jpg?ver=1777238144\",\"caption\":\"Guy Harl\u00e9\"},\"url\":\"https:\/\/centcols.org\/it\/author\/5193\/\"}]}<\/script>\n<!-- \/ Yoast SEO plugin. -->","yoast_head_json":{"title":"Incontro regionale dei Pirenei al Col du Paradis il 7 ottobre 2018 - Club des Cent Cols","robots":{"index":"index","follow":"follow","max-snippet":"max-snippet:-1","max-image-preview":"max-image-preview:large","max-video-preview":"max-video-preview:-1"},"canonical":"https:\/\/centcols.org\/it\/riunione-regionale-dei-pirenei-al-col-du-paradis-il-7-ottobre-2018\/","og_locale":"it_IT","og_type":"article","og_title":"Concentration r\u00e9gionale Pyr\u00e9n\u00e9es au col du Paradis le 7 octobre 2018 - Club des Cent Cols","og_description":"Dimanche 7 octobre 2018, Pyr\u00e9n\u00e9es Col du Paradis (FR-11-0627) Programme de la journ\u00e9e Contact Alain Gillodes 05 61 56 74 35 [email]al&#97;&#105;&#110;&#46;&#x67;&#x69;&#x6c;&#x6c;&#x6f;de&#115;&#64;&#111;&#114;&#x61;&#x6e;&#x67;&#x65;&#x2e;fr[\/email]","og_url":"https:\/\/centcols.org\/it\/riunione-regionale-dei-pirenei-al-col-du-paradis-il-7-ottobre-2018\/","og_site_name":"Club des Cent Cols","article_publisher":"https:\/\/www.facebook.com\/groups\/5261880558\/?locale=fr_FR","article_published_time":"2018-01-30T17:21:23+00:00","article_modified_time":"2025-06-06T07:23:25+00:00","author":"Guy Harl\u00e9","twitter_card":"summary_large_image","twitter_misc":{"Scritto da":"Guy Harl\u00e9","Tempo di lettura stimato":"1 minuto"},"schema":{"@context":"https:\/\/schema.org","@graph":[{"@type":"Article","@id":"https:\/\/centcols.org\/concentration-regionale-pyrenees-au-col-du-paradis-le-7-octobre-2018\/#article","isPartOf":{"@id":"https:\/\/centcols.org\/concentration-regionale-pyrenees-au-col-du-paradis-le-7-octobre-2018\/"},"author":{"name":"Guy Harl\u00e9","@id":"https:\/\/centcols.org\/#\/schema\/person\/377f00da2793c0363246869bb3a344d0"},"headline":"Concentration r\u00e9gionale Pyr\u00e9n\u00e9es au col du Paradis le 7 octobre 2018","datePublished":"2018-01-30T17:21:23+00:00","dateModified":"2025-06-06T07:23:25+00:00","mainEntityOfPage":{"@id":"https:\/\/centcols.org\/concentration-regionale-pyrenees-au-col-du-paradis-le-7-octobre-2018\/"},"wordCount":36,"publisher":{"@id":"https:\/\/centcols.org\/#organization"},"articleSection":["Calendrier","2018-rassemblements","Rencontres r\u00e9gionales"],"inLanguage":"it-IT"},{"@type":"WebPage","@id":"https:\/\/centcols.org\/concentration-regionale-pyrenees-au-col-du-paradis-le-7-octobre-2018\/","url":"https:\/\/centcols.org\/concentration-regionale-pyrenees-au-col-du-paradis-le-7-octobre-2018\/","name":"Incontro regionale dei Pirenei al Col du Paradis il 7 ottobre 2018 - Club des Cent Cols","isPartOf":{"@id":"https:\/\/centcols.org\/#website"},"datePublished":"2018-01-30T17:21:23+00:00","dateModified":"2025-06-06T07:23:25+00:00","breadcrumb":{"@id":"https:\/\/centcols.org\/concentration-regionale-pyrenees-au-col-du-paradis-le-7-octobre-2018\/#breadcrumb"},"inLanguage":"it-IT","potentialAction":[{"@type":"ReadAction","target":["https:\/\/centcols.org\/concentration-regionale-pyrenees-au-col-du-paradis-le-7-octobre-2018\/"]}]},{"@type":"BreadcrumbList","@id":"https:\/\/centcols.org\/concentration-regionale-pyrenees-au-col-du-paradis-le-7-octobre-2018\/#breadcrumb","itemListElement":[{"@type":"ListItem","position":1,"name":"Accueil","item":"https:\/\/centcols.org\/"},{"@type":"ListItem","position":2,"name":"Calendrier","item":"https:\/\/centcols.org\/rubrique\/calendrier\/"},{"@type":"ListItem","position":3,"name":"Concentration r\u00e9gionale Pyr\u00e9n\u00e9es au col du Paradis le 7 octobre 2018"}]},{"@type":"WebSite","@id":"https:\/\/centcols.org\/#website","url":"https:\/\/centcols.org\/","name":"Club des Cent Cols","description":"","publisher":{"@id":"https:\/\/centcols.org\/#organization"},"potentialAction":[{"@type":"SearchAction","target":{"@type":"EntryPoint","urlTemplate":"https:\/\/centcols.org\/?s={search_term_string}"},"query-input":{"@type":"PropertyValueSpecification","valueRequired":true,"valueName":"search_term_string"}}],"inLanguage":"it-IT"},{"@type":"Organization","@id":"https:\/\/centcols.org\/#organization","name":"Club des Cent Cols","url":"https:\/\/centcols.org\/","logo":{"@type":"ImageObject","inLanguage":"it-IT","@id":"https:\/\/centcols.org\/#\/schema\/logo\/image\/","url":"https:\/\/centcols.org\/wp-content\/uploads\/2025\/01\/carte-icone.png","contentUrl":"https:\/\/centcols.org\/wp-content\/uploads\/2025\/01\/carte-icone.png","width":250,"height":250,"caption":"Club des Cent Cols"},"image":{"@id":"https:\/\/centcols.org\/#\/schema\/logo\/image\/"},"sameAs":["https:\/\/www.facebook.com\/groups\/5261880558\/?locale=fr_FR"]},{"@type":"Person","@id":"https:\/\/centcols.org\/#\/schema\/person\/377f00da2793c0363246869bb3a344d0","name":"Guy Harl\u00e9","image":{"@type":"ImageObject","inLanguage":"it-IT","@id":"https:\/\/centcols.org\/wp-content\/litespeed\/avatar\/94c4de37e46cf090f296d42ab3e8d6a6.jpg?ver=1777238144","url":"https:\/\/centcols.org\/wp-content\/litespeed\/avatar\/94c4de37e46cf090f296d42ab3e8d6a6.jpg?ver=1777238144","contentUrl":"https:\/\/centcols.org\/wp-content\/litespeed\/avatar\/94c4de37e46cf090f296d42ab3e8d6a6.jpg?ver=1777238144","caption":"Guy Harl\u00e9"},"url":"https:\/\/centcols.org\/it\/author\/5193\/"}]}},"_links":{"self":[{"href":"https:\/\/centcols.org\/it\/wp-json\/wp\/v2\/posts\/81952","targetHints":{"allow":["GET"]}}],"collection":[{"href":"https:\/\/centcols.org\/it\/wp-json\/wp\/v2\/posts"}],"about":[{"href":"https:\/\/centcols.org\/it\/wp-json\/wp\/v2\/types\/post"}],"author":[{"embeddable":true,"href":"https:\/\/centcols.org\/it\/wp-json\/wp\/v2\/users\/136"}],"replies":[{"embeddable":true,"href":"https:\/\/centcols.org\/it\/wp-json\/wp\/v2\/comments?post=81952"}],"version-history":[{"count":0,"href":"https:\/\/centcols.org\/it\/wp-json\/wp\/v2\/posts\/81952\/revisions"}],"wp:attachment":[{"href":"https:\/\/centcols.org\/it\/wp-json\/wp\/v2\/media?parent=81952"}],"wp:term":[{"taxonomy":"category","embeddable":true,"href":"https:\/\/centcols.org\/it\/wp-json\/wp\/v2\/categories?post=81952"},{"taxonomy":"post_tag","embeddable":true,"href":"https:\/\/centcols.org\/it\/wp-json\/wp\/v2\/tags?post=81952"}],"curies":[{"name":"wp","href":"https:\/\/api.w.org\/{rel}","templated":true}]}}