{"id":81971,"date":"2018-03-06T09:04:06","date_gmt":"2018-03-06T07:04:06","guid":{"rendered":"https:\/\/centcols.org\/assemblee-generale-du-club-des-cent-cols-a-bedoin-vaucluse-le-10-novembre-2018\/"},"modified":"2025-09-02T11:09:58","modified_gmt":"2025-09-02T09:09:58","slug":"ag-2018-bedoin","status":"publish","type":"post","link":"https:\/\/centcols.org\/it\/ag-2018-bedoin\/","title":{"rendered":"Assemblea generale del Club des Cent Cols a B\u00e9doin (Vaucluse) il 10 novembre 2018."},"content":{"rendered":"<h2 class=\"wp-block-heading\">Presentazione<\/h2>\n\n\n\n<p>Assemblea generale 2018, B\u00e9doin, sabato 10 novembre 2018 alle ore 14.30.<\/p>\n\n\n\n<p>Sar\u00e0 possibile registrarsi per l'alloggio a partire da giugno 2018:<\/p>\n\n\n<div class=\"wp-block-image\">\n<figure class=\"aligncenter size-full is-resized\"><img loading=\"lazy\" decoding=\"async\" width=\"1200\" height=\"797\" src=\"https:\/\/centcols.org\/wp-content\/uploads\/2018\/03\/Ventoux-13.jpg\" alt=\"\" class=\"wp-image-88974\" style=\"width:800px\" srcset=\"https:\/\/centcols.org\/wp-content\/uploads\/2018\/03\/Ventoux-13.jpg 1200w, https:\/\/centcols.org\/wp-content\/uploads\/2018\/03\/Ventoux-13-768x510.jpg 768w\" sizes=\"auto, (max-width: 1200px) 100vw, 1200px\" \/><figcaption class=\"wp-element-caption\">Mont Ventoux (foto T Labour)<\/figcaption><\/figure>\n<\/div>\n\n\n<p>\u00c8 in questo accogliente villaggio, ai piedi del G\u00e9ant de Provence, a 50 km a est di Avignone e a 15 km da Carpentras, che si terr\u00e0 la nostra assemblea generale 2018. Tutte le attivit\u00e0 - tranne il ciclismo, ovviamente - (l'assemblea generale stessa, le votazioni in loco, i pasti e l'alloggio) si svolgeranno presso il villaggio vacanze Les Florans a B\u00e9doin, nel dipartimento di Vaucluse. Il villaggio \u00e8 gestito dalla societ\u00e0 VTF e rimarr\u00e0 eccezionalmente aperto dopo le vacanze scolastiche autunnali per accoglierci.<br>Molti centristi conoscono questo villaggio, che \u00e8 il punto di partenza per l'ascesa al Mont Ventoux attraverso il suo versante meridionale, un percorso considerato il pi\u00f9 difficile. Anche se il nostro soggiorno qui \u00e8 a novembre, non \u00e8 escluso che qualcuno voglia fare l'ascensione se ne ha voglia, sotto il sole e con temperature miti.<br>Come di consueto, offriremo due <a href=\"\/it\/membres\/cctours\/tours.php\/?lieu=B\u00e9doin&amp;an=2018&amp;genre=R\">circuiti stradali<\/a> e due <a href=\"\/it\/membres\/cctours\/tours.php\/?lieu=B\u00e9doin&amp;an=2018&amp;genre=V\">percorsi per mountain bike<\/a> nei dintorni, probabilmente con partenza dal centro, per il sabato e la domenica mattina.<\/p>\n\n\n<div class=\"wp-block-image wp-image-33269\">\n<figure class=\"aligncenter size-full is-resized\"><img loading=\"lazy\" decoding=\"async\" width=\"1200\" height=\"797\" src=\"https:\/\/centcols.org\/wp-content\/uploads\/2018\/03\/Gorges-de-la-Nesque-1.jpg\" alt=\"\" class=\"wp-image-88976\" style=\"width:800px\" srcset=\"https:\/\/centcols.org\/wp-content\/uploads\/2018\/03\/Gorges-de-la-Nesque-1.jpg 1200w, https:\/\/centcols.org\/wp-content\/uploads\/2018\/03\/Gorges-de-la-Nesque-1-768x510.jpg 768w\" sizes=\"auto, (max-width: 1200px) 100vw, 1200px\" \/><figcaption class=\"wp-element-caption\">Gole della Nesque (foto T Labour)<\/figcaption><\/figure>\n<\/div>\n\n\n<p>I dintorni di B\u00e9doin sono ricchi di siti e paesaggi magnifici che meritano la nostra attenzione, tanto pi\u00f9 che i passi non mancano. Quindi, Dentelles de Montmirail, Gorges de la Nesque, ecc... Vedremo cosa ci proporranno gli amici del Club Vaison Cyclo Nature (VCN), che ringraziamo calorosamente per l'aiuto che ci hanno dato nella preparazione dell'assemblea e del viaggio.<\/p>\n\n\n\n<p>BEDOIN<br>\u00c8 un incantevole villaggio agricolo sul Mont Ventoux. Distribuito su una vasta area, \u00e8 composto da diverse frazioni, tutte accomunate dal clima mediterraneo e dal sole quasi quotidiano. Produce un\u00a0<a href=\"https:\/\/www.provenceweb.fr\/f\/mag\/terroir\/vin\/vignobles\/ventoux.htm\">Vino classificato AOC<\/a>\u00a0oltre a frutta e asparagi. B\u00e9doin ha la fortuna di ospitare una delle pi\u00f9 grandi foreste comunali della Francia. Si estende per oltre 6.300 ettari, un terzo della copertura forestale del Mont Ventoux. \u00c8 senza dubbio la foresta pi\u00f9 varia del Vaucluse, con oltre 1.200 specie vegetali diverse! Il villaggio ha una storia molto lunga, che risale alla preistoria. Se siete curiosi, sarete interessati a leggere<a href=\"https:\/\/fr.wikipedia.org\/wiki\/B%C3%A9doin\"> Articolo di Wikipedia<\/a> su Internet.<\/p>\n\n\n\n<p>ALLOGGIO, RISTORAZIONE e sede dell'Assemblea Generale<\/p>\n\n\n\n<figure class=\"wp-block-image size-full is-resized alignnone wp-image-33268\"><img loading=\"lazy\" decoding=\"async\" width=\"1200\" height=\"755\" src=\"https:\/\/centcols.org\/wp-content\/uploads\/2018\/03\/Bedoin-les-florans.jpg\" alt=\"\" class=\"wp-image-88977\" style=\"aspect-ratio:1;width:840px;height:auto\" srcset=\"https:\/\/centcols.org\/wp-content\/uploads\/2018\/03\/Bedoin-les-florans.jpg 1200w, https:\/\/centcols.org\/wp-content\/uploads\/2018\/03\/Bedoin-les-florans-768x483.jpg 768w\" sizes=\"auto, (max-width: 1200px) 100vw, 1200px\" \/><figcaption class=\"wp-element-caption\">B\u00e9doin Les Florans (foto VTF)<\/figcaption><\/figure>\n\n\n\n<p>Villaggio turistico VTF \"Les Florans<br>Chemin des Florans<br>BP 02, 84410 B\u00c9DOIN<br>Tel: +33 4 90 65 60 10<br><a href=\"https:\/\/www.vtf-vacances.com\/fr\/village-vacances-familles\/provence-alpes-cote-d-azur\/vaucluse\/bedoin\/417\" target=\"_blank\" rel=\"noopener\">Sito web<\/a><\/p>\n\n\n\n<h2 class=\"wp-block-heading\">Gite in bicicletta<\/h2>\n\n\n\n<p>Sono stati preparati quattro percorsi.<\/p>\n\n\n\n<p>Il sabato mattina, il circuito su strada (circa 45 km) e il circuito per mountain bike (27 km, con tratti su strada, R1\/R2 e S3) partono da M\u00e9thamis, a circa 25 minuti di auto da B\u00e9doin. La partenza da M\u00e9thamis \u00e8 prevista alle 8.30, con partenza in auto da B\u00e9doin alle 8.00. Entrambi i percorsi saranno accompagnati da ciclisti locali.<\/p>\n\n\n\n<p>La domenica mattina, il circuito stradale (circa 45 km) parte dal centro vacanze. Il punto d'incontro \u00e8 alle 8.00. Il circuito di mountain bike (23 km, con tratti su strada e principalmente R1\/R2 e un tratto R3) vi porter\u00e0 alle Dentelles de Montmirail, partendo da Lafare. Il punto d'incontro \u00e8 alle 8.30 (partenza in auto da B\u00e9doin alle 7.50). Anche questi due tour saranno accompagnati da ciclisti locali.<\/p>\n\n\n\n<h3 class=\"wp-block-heading\">Circuiti stradali<\/h3>\n\n\n\n<p>Due <a href=\"\/it\/membres\/cctours\/tours.php\/?lieu=B\u00e9doin&amp;an=2018&amp;genre=R\">percorsi stradali<\/a> sono disponibili, uno per il sabato e uno per la domenica.<\/p>\n\n\n\n<h3 class=\"wp-block-heading\">Percorsi per mountain bike<\/h3>\n\n\n\n<p>Sono anche due <a href=\"\/it\/membres\/cctours\/tours.php\/?lieu=B\u00e9doin&amp;an=2018&amp;genre=V\">percorsi per mountain bike<\/a> per sabato e domenica.<\/p>\n\n\n\n<p>&nbsp;<\/p>","protected":false},"excerpt":{"rendered":"<p>Pr\u00e9sentation AG 2018, B\u00e9doin, samedi 10 novembre 2018 \u00e0 14 h 30 Vous pourrez vous inscrire pour l\u2019h\u00e9bergement \u00e0 partir de juin 2018 : C&rsquo;est dans ce sympathique village, au pied du G\u00e9ant de Provence, \u00e0 50 km \u00e0 l&rsquo;est d&rsquo;Avignon et 15 km de Carpentras, que nous tiendrons notre assembl\u00e9e g\u00e9n\u00e9rale 2018. L&rsquo;ensemble des [&hellip;]<\/p>\n","protected":false},"author":270,"featured_media":81972,"comment_status":"closed","ping_status":"closed","sticky":false,"template":"","format":"standard","meta":{"_acf_changed":false,"footnotes":""},"categories":[217,135],"tags":[],"class_list":["post-81971","post","type-post","status-publish","format-standard","has-post-thumbnail","hentry","category-assemblees-generales","category-calendrier"],"acf":[],"yoast_head":"<!-- This site is optimized with the Yoast SEO plugin v27.2 - https:\/\/yoast.com\/product\/yoast-seo-wordpress\/ -->\n<title>Assembl\u00e9e g\u00e9n\u00e9rale du Club des Cent Cols \u00e0 B\u00e9doin (Vaucluse) le 10 novembre 2018 - Club des Cent Cols<\/title>\n<meta name=\"robots\" content=\"index, follow, max-snippet:-1, max-image-preview:large, max-video-preview:-1\" \/>\n<link rel=\"canonical\" href=\"https:\/\/centcols.org\/it\/ag-2018-bedoin\/\" \/>\n<meta property=\"og:locale\" content=\"it_IT\" \/>\n<meta property=\"og:type\" content=\"article\" \/>\n<meta property=\"og:title\" content=\"Assembl\u00e9e g\u00e9n\u00e9rale du Club des Cent Cols \u00e0 B\u00e9doin (Vaucluse) le 10 novembre 2018 - Club des Cent Cols\" \/>\n<meta property=\"og:description\" content=\"Pr\u00e9sentation AG 2018, B\u00e9doin, samedi 10 novembre 2018 \u00e0 14 h 30 Vous pourrez vous inscrire pour l\u2019h\u00e9bergement \u00e0 partir de juin 2018 : C&rsquo;est dans ce sympathique village, au pied du G\u00e9ant de Provence, \u00e0 50 km \u00e0 l&rsquo;est d&rsquo;Avignon et 15 km de Carpentras, que nous tiendrons notre assembl\u00e9e g\u00e9n\u00e9rale 2018. L&rsquo;ensemble des [&hellip;]\" \/>\n<meta property=\"og:url\" content=\"https:\/\/centcols.org\/it\/ag-2018-bedoin\/\" \/>\n<meta property=\"og:site_name\" content=\"Club des Cent Cols\" \/>\n<meta property=\"article:publisher\" content=\"https:\/\/www.facebook.com\/groups\/5261880558\/?locale=fr_FR\" \/>\n<meta property=\"article:published_time\" content=\"2018-03-06T07:04:06+00:00\" \/>\n<meta property=\"article:modified_time\" content=\"2025-09-02T09:09:58+00:00\" \/>\n<meta property=\"og:image\" content=\"https:\/\/centcols.org\/wp-content\/uploads\/2025\/05\/Bedoin-les-florans2.jpg\" \/>\n\t<meta property=\"og:image:width\" content=\"1628\" \/>\n\t<meta property=\"og:image:height\" content=\"1024\" \/>\n\t<meta property=\"og:image:type\" content=\"image\/jpeg\" \/>\n<meta name=\"author\" content=\"Thierry Labour\" \/>\n<meta name=\"twitter:card\" content=\"summary_large_image\" \/>\n<meta name=\"twitter:label1\" content=\"Scritto da\" \/>\n\t<meta name=\"twitter:data1\" content=\"Thierry Labour\" \/>\n\t<meta name=\"twitter:label2\" content=\"Tempo di lettura stimato\" \/>\n\t<meta name=\"twitter:data2\" content=\"4 minuti\" \/>\n<script type=\"application\/ld+json\" class=\"yoast-schema-graph\">{\"@context\":\"https:\/\/schema.org\",\"@graph\":[{\"@type\":\"Article\",\"@id\":\"https:\/\/centcols.org\/ag-2018-bedoin\/#article\",\"isPartOf\":{\"@id\":\"https:\/\/centcols.org\/ag-2018-bedoin\/\"},\"author\":{\"name\":\"Thierry Labour\",\"@id\":\"https:\/\/centcols.org\/#\/schema\/person\/19badcd698057e2dc29340586080b94f\"},\"headline\":\"Assembl\u00e9e g\u00e9n\u00e9rale du Club des Cent Cols \u00e0 B\u00e9doin (Vaucluse) le 10 novembre 2018\",\"datePublished\":\"2018-03-06T07:04:06+00:00\",\"dateModified\":\"2025-09-02T09:09:58+00:00\",\"mainEntityOfPage\":{\"@id\":\"https:\/\/centcols.org\/ag-2018-bedoin\/\"},\"wordCount\":668,\"publisher\":{\"@id\":\"https:\/\/centcols.org\/#organization\"},\"image\":{\"@id\":\"https:\/\/centcols.org\/ag-2018-bedoin\/#primaryimage\"},\"thumbnailUrl\":\"https:\/\/centcols.org\/wp-content\/uploads\/2025\/05\/Bedoin-les-florans2.jpg\",\"articleSection\":[\"Assembl\u00e9es g\u00e9n\u00e9rales\",\"Calendrier\"],\"inLanguage\":\"it-IT\"},{\"@type\":\"WebPage\",\"@id\":\"https:\/\/centcols.org\/ag-2018-bedoin\/\",\"url\":\"https:\/\/centcols.org\/ag-2018-bedoin\/\",\"name\":\"Assembl\u00e9e g\u00e9n\u00e9rale du Club des Cent Cols \u00e0 B\u00e9doin (Vaucluse) le 10 novembre 2018 - Club des Cent Cols\",\"isPartOf\":{\"@id\":\"https:\/\/centcols.org\/#website\"},\"primaryImageOfPage\":{\"@id\":\"https:\/\/centcols.org\/ag-2018-bedoin\/#primaryimage\"},\"image\":{\"@id\":\"https:\/\/centcols.org\/ag-2018-bedoin\/#primaryimage\"},\"thumbnailUrl\":\"https:\/\/centcols.org\/wp-content\/uploads\/2025\/05\/Bedoin-les-florans2.jpg\",\"datePublished\":\"2018-03-06T07:04:06+00:00\",\"dateModified\":\"2025-09-02T09:09:58+00:00\",\"breadcrumb\":{\"@id\":\"https:\/\/centcols.org\/ag-2018-bedoin\/#breadcrumb\"},\"inLanguage\":\"it-IT\",\"potentialAction\":[{\"@type\":\"ReadAction\",\"target\":[\"https:\/\/centcols.org\/ag-2018-bedoin\/\"]}]},{\"@type\":\"ImageObject\",\"inLanguage\":\"it-IT\",\"@id\":\"https:\/\/centcols.org\/ag-2018-bedoin\/#primaryimage\",\"url\":\"https:\/\/centcols.org\/wp-content\/uploads\/2025\/05\/Bedoin-les-florans2.jpg\",\"contentUrl\":\"https:\/\/centcols.org\/wp-content\/uploads\/2025\/05\/Bedoin-les-florans2.jpg\",\"width\":1628,\"height\":1024},{\"@type\":\"BreadcrumbList\",\"@id\":\"https:\/\/centcols.org\/ag-2018-bedoin\/#breadcrumb\",\"itemListElement\":[{\"@type\":\"ListItem\",\"position\":1,\"name\":\"Accueil\",\"item\":\"https:\/\/centcols.org\/\"},{\"@type\":\"ListItem\",\"position\":2,\"name\":\"Assembl\u00e9es g\u00e9n\u00e9rales\",\"item\":\"https:\/\/centcols.org\/rubrique\/assemblees-generales\/\"},{\"@type\":\"ListItem\",\"position\":3,\"name\":\"Assembl\u00e9e g\u00e9n\u00e9rale du Club des Cent Cols \u00e0 B\u00e9doin (Vaucluse) le 10 novembre 2018\"}]},{\"@type\":\"WebSite\",\"@id\":\"https:\/\/centcols.org\/#website\",\"url\":\"https:\/\/centcols.org\/\",\"name\":\"Club des Cent Cols\",\"description\":\"\",\"publisher\":{\"@id\":\"https:\/\/centcols.org\/#organization\"},\"potentialAction\":[{\"@type\":\"SearchAction\",\"target\":{\"@type\":\"EntryPoint\",\"urlTemplate\":\"https:\/\/centcols.org\/?s={search_term_string}\"},\"query-input\":{\"@type\":\"PropertyValueSpecification\",\"valueRequired\":true,\"valueName\":\"search_term_string\"}}],\"inLanguage\":\"it-IT\"},{\"@type\":\"Organization\",\"@id\":\"https:\/\/centcols.org\/#organization\",\"name\":\"Club des Cent Cols\",\"url\":\"https:\/\/centcols.org\/\",\"logo\":{\"@type\":\"ImageObject\",\"inLanguage\":\"it-IT\",\"@id\":\"https:\/\/centcols.org\/#\/schema\/logo\/image\/\",\"url\":\"https:\/\/centcols.org\/wp-content\/uploads\/2025\/01\/carte-icone.png\",\"contentUrl\":\"https:\/\/centcols.org\/wp-content\/uploads\/2025\/01\/carte-icone.png\",\"width\":250,\"height\":250,\"caption\":\"Club des Cent Cols\"},\"image\":{\"@id\":\"https:\/\/centcols.org\/#\/schema\/logo\/image\/\"},\"sameAs\":[\"https:\/\/www.facebook.com\/groups\/5261880558\/?locale=fr_FR\"]},{\"@type\":\"Person\",\"@id\":\"https:\/\/centcols.org\/#\/schema\/person\/19badcd698057e2dc29340586080b94f\",\"name\":\"Thierry Labour\",\"image\":{\"@type\":\"ImageObject\",\"inLanguage\":\"it-IT\",\"@id\":\"https:\/\/centcols.org\/wp-content\/litespeed\/avatar\/0f2ad73ca12dd8b37b8d6dc4b7ca1e71.jpg?ver=1777205821\",\"url\":\"https:\/\/centcols.org\/wp-content\/litespeed\/avatar\/0f2ad73ca12dd8b37b8d6dc4b7ca1e71.jpg?ver=1777205821\",\"contentUrl\":\"https:\/\/centcols.org\/wp-content\/litespeed\/avatar\/0f2ad73ca12dd8b37b8d6dc4b7ca1e71.jpg?ver=1777205821\",\"caption\":\"Thierry Labour\"},\"url\":\"https:\/\/centcols.org\/it\/author\/5925\/\"}]}<\/script>\n<!-- \/ Yoast SEO plugin. -->","yoast_head_json":{"title":"Assemblea generale del Club des Cent Cols a B\u00e9doin (Vaucluse) il 10 novembre 2018 - Club des Cent Cols","robots":{"index":"index","follow":"follow","max-snippet":"max-snippet:-1","max-image-preview":"max-image-preview:large","max-video-preview":"max-video-preview:-1"},"canonical":"https:\/\/centcols.org\/it\/ag-2018-bedoin\/","og_locale":"it_IT","og_type":"article","og_title":"Assembl\u00e9e g\u00e9n\u00e9rale du Club des Cent Cols \u00e0 B\u00e9doin (Vaucluse) le 10 novembre 2018 - Club des Cent Cols","og_description":"Pr\u00e9sentation AG 2018, B\u00e9doin, samedi 10 novembre 2018 \u00e0 14 h 30 Vous pourrez vous inscrire pour l\u2019h\u00e9bergement \u00e0 partir de juin 2018 : C&rsquo;est dans ce sympathique village, au pied du G\u00e9ant de Provence, \u00e0 50 km \u00e0 l&rsquo;est d&rsquo;Avignon et 15 km de Carpentras, que nous tiendrons notre assembl\u00e9e g\u00e9n\u00e9rale 2018. L&rsquo;ensemble des [&hellip;]","og_url":"https:\/\/centcols.org\/it\/ag-2018-bedoin\/","og_site_name":"Club des Cent Cols","article_publisher":"https:\/\/www.facebook.com\/groups\/5261880558\/?locale=fr_FR","article_published_time":"2018-03-06T07:04:06+00:00","article_modified_time":"2025-09-02T09:09:58+00:00","og_image":[{"width":1628,"height":1024,"url":"https:\/\/centcols.org\/wp-content\/uploads\/2025\/05\/Bedoin-les-florans2.jpg","type":"image\/jpeg"}],"author":"Thierry Labour","twitter_card":"summary_large_image","twitter_misc":{"Scritto da":"Thierry Labour","Tempo di lettura stimato":"4 minuti"},"schema":{"@context":"https:\/\/schema.org","@graph":[{"@type":"Article","@id":"https:\/\/centcols.org\/ag-2018-bedoin\/#article","isPartOf":{"@id":"https:\/\/centcols.org\/ag-2018-bedoin\/"},"author":{"name":"Thierry Labour","@id":"https:\/\/centcols.org\/#\/schema\/person\/19badcd698057e2dc29340586080b94f"},"headline":"Assembl\u00e9e g\u00e9n\u00e9rale du Club des Cent Cols \u00e0 B\u00e9doin (Vaucluse) le 10 novembre 2018","datePublished":"2018-03-06T07:04:06+00:00","dateModified":"2025-09-02T09:09:58+00:00","mainEntityOfPage":{"@id":"https:\/\/centcols.org\/ag-2018-bedoin\/"},"wordCount":668,"publisher":{"@id":"https:\/\/centcols.org\/#organization"},"image":{"@id":"https:\/\/centcols.org\/ag-2018-bedoin\/#primaryimage"},"thumbnailUrl":"https:\/\/centcols.org\/wp-content\/uploads\/2025\/05\/Bedoin-les-florans2.jpg","articleSection":["Assembl\u00e9es g\u00e9n\u00e9rales","Calendrier"],"inLanguage":"it-IT"},{"@type":"WebPage","@id":"https:\/\/centcols.org\/ag-2018-bedoin\/","url":"https:\/\/centcols.org\/ag-2018-bedoin\/","name":"Assemblea generale del Club des Cent Cols a B\u00e9doin (Vaucluse) il 10 novembre 2018 - Club des Cent Cols","isPartOf":{"@id":"https:\/\/centcols.org\/#website"},"primaryImageOfPage":{"@id":"https:\/\/centcols.org\/ag-2018-bedoin\/#primaryimage"},"image":{"@id":"https:\/\/centcols.org\/ag-2018-bedoin\/#primaryimage"},"thumbnailUrl":"https:\/\/centcols.org\/wp-content\/uploads\/2025\/05\/Bedoin-les-florans2.jpg","datePublished":"2018-03-06T07:04:06+00:00","dateModified":"2025-09-02T09:09:58+00:00","breadcrumb":{"@id":"https:\/\/centcols.org\/ag-2018-bedoin\/#breadcrumb"},"inLanguage":"it-IT","potentialAction":[{"@type":"ReadAction","target":["https:\/\/centcols.org\/ag-2018-bedoin\/"]}]},{"@type":"ImageObject","inLanguage":"it-IT","@id":"https:\/\/centcols.org\/ag-2018-bedoin\/#primaryimage","url":"https:\/\/centcols.org\/wp-content\/uploads\/2025\/05\/Bedoin-les-florans2.jpg","contentUrl":"https:\/\/centcols.org\/wp-content\/uploads\/2025\/05\/Bedoin-les-florans2.jpg","width":1628,"height":1024},{"@type":"BreadcrumbList","@id":"https:\/\/centcols.org\/ag-2018-bedoin\/#breadcrumb","itemListElement":[{"@type":"ListItem","position":1,"name":"Accueil","item":"https:\/\/centcols.org\/"},{"@type":"ListItem","position":2,"name":"Assembl\u00e9es g\u00e9n\u00e9rales","item":"https:\/\/centcols.org\/rubrique\/assemblees-generales\/"},{"@type":"ListItem","position":3,"name":"Assembl\u00e9e g\u00e9n\u00e9rale du Club des Cent Cols \u00e0 B\u00e9doin (Vaucluse) le 10 novembre 2018"}]},{"@type":"WebSite","@id":"https:\/\/centcols.org\/#website","url":"https:\/\/centcols.org\/","name":"Club des Cent Cols","description":"","publisher":{"@id":"https:\/\/centcols.org\/#organization"},"potentialAction":[{"@type":"SearchAction","target":{"@type":"EntryPoint","urlTemplate":"https:\/\/centcols.org\/?s={search_term_string}"},"query-input":{"@type":"PropertyValueSpecification","valueRequired":true,"valueName":"search_term_string"}}],"inLanguage":"it-IT"},{"@type":"Organization","@id":"https:\/\/centcols.org\/#organization","name":"Club des Cent Cols","url":"https:\/\/centcols.org\/","logo":{"@type":"ImageObject","inLanguage":"it-IT","@id":"https:\/\/centcols.org\/#\/schema\/logo\/image\/","url":"https:\/\/centcols.org\/wp-content\/uploads\/2025\/01\/carte-icone.png","contentUrl":"https:\/\/centcols.org\/wp-content\/uploads\/2025\/01\/carte-icone.png","width":250,"height":250,"caption":"Club des Cent Cols"},"image":{"@id":"https:\/\/centcols.org\/#\/schema\/logo\/image\/"},"sameAs":["https:\/\/www.facebook.com\/groups\/5261880558\/?locale=fr_FR"]},{"@type":"Person","@id":"https:\/\/centcols.org\/#\/schema\/person\/19badcd698057e2dc29340586080b94f","name":"Thierry Labour","image":{"@type":"ImageObject","inLanguage":"it-IT","@id":"https:\/\/centcols.org\/wp-content\/litespeed\/avatar\/0f2ad73ca12dd8b37b8d6dc4b7ca1e71.jpg?ver=1777205821","url":"https:\/\/centcols.org\/wp-content\/litespeed\/avatar\/0f2ad73ca12dd8b37b8d6dc4b7ca1e71.jpg?ver=1777205821","contentUrl":"https:\/\/centcols.org\/wp-content\/litespeed\/avatar\/0f2ad73ca12dd8b37b8d6dc4b7ca1e71.jpg?ver=1777205821","caption":"Thierry Labour"},"url":"https:\/\/centcols.org\/it\/author\/5925\/"}]}},"_links":{"self":[{"href":"https:\/\/centcols.org\/it\/wp-json\/wp\/v2\/posts\/81971","targetHints":{"allow":["GET"]}}],"collection":[{"href":"https:\/\/centcols.org\/it\/wp-json\/wp\/v2\/posts"}],"about":[{"href":"https:\/\/centcols.org\/it\/wp-json\/wp\/v2\/types\/post"}],"author":[{"embeddable":true,"href":"https:\/\/centcols.org\/it\/wp-json\/wp\/v2\/users\/270"}],"replies":[{"embeddable":true,"href":"https:\/\/centcols.org\/it\/wp-json\/wp\/v2\/comments?post=81971"}],"version-history":[{"count":0,"href":"https:\/\/centcols.org\/it\/wp-json\/wp\/v2\/posts\/81971\/revisions"}],"wp:featuredmedia":[{"embeddable":true,"href":"https:\/\/centcols.org\/it\/wp-json\/wp\/v2\/media\/81972"}],"wp:attachment":[{"href":"https:\/\/centcols.org\/it\/wp-json\/wp\/v2\/media?parent=81971"}],"wp:term":[{"taxonomy":"category","embeddable":true,"href":"https:\/\/centcols.org\/it\/wp-json\/wp\/v2\/categories?post=81971"},{"taxonomy":"post_tag","embeddable":true,"href":"https:\/\/centcols.org\/it\/wp-json\/wp\/v2\/tags?post=81971"}],"curies":[{"name":"wp","href":"https:\/\/api.w.org\/{rel}","templated":true}]}}