{"id":82016,"date":"2018-02-26T15:11:41","date_gmt":"2018-02-26T13:11:41","guid":{"rendered":"https:\/\/centcols.org\/sejour-de-printemps-argeles-sur-mer-14-22-avril-2018\/"},"modified":"2025-10-15T03:33:34","modified_gmt":"2025-10-15T01:33:34","slug":"soggiorno-2018-argeles","status":"publish","type":"post","link":"https:\/\/centcols.org\/it\/sejour-2018-argeles\/","title":{"rendered":"Vacanze di primavera, Argel\u00e8s-sur-Mer, 14 - 22 aprile 2018"},"content":{"rendered":"\n<p>Apr\u00e8s avoir effectu\u00e9 en quelque sorte une reconnaissance du terrain lors de l&rsquo;assembl\u00e9e g\u00e9n\u00e9rale de 2011, le club retourne cette ann\u00e9e dans ce secteur des Pyr\u00e9n\u00e9es Orientales pour son s\u00e9jour de printemps, sur une proposition du r\u00e9gional de l&rsquo;\u00e9tape, Jean-Pierre Lambert.<\/p>\n\n\n\n<h2 class=\"wp-block-heading\">Pr\u00e9sentation<\/h2>\n\n\n\n<figure class=\"wp-block-gallery has-nested-images columns-default is-cropped wp-block-gallery-1 is-layout-flex wp-block-gallery-is-layout-flex\">\n<figure class=\"wp-block-image size-full\"><a href=\"https:\/\/centcols.org\/wp-content\/uploads\/2018\/02\/argeles-blason.gif\"><img loading=\"lazy\" decoding=\"async\" width=\"158\" height=\"203\" data-id=\"88712\" src=\"https:\/\/centcols.org\/wp-content\/uploads\/2018\/02\/argeles-blason.gif\" alt=\"\" class=\"wp-image-88712\"\/><\/a><\/figure>\n\n\n\n<figure class=\"wp-block-image size-thumbnail\"><a href=\"https:\/\/centcols.org\/wp-content\/uploads\/2018\/02\/argeles-vue-mer-300x163-1.jpg\"><img loading=\"lazy\" decoding=\"async\" width=\"150\" height=\"150\" data-id=\"88713\" src=\"https:\/\/centcols.org\/wp-content\/uploads\/2018\/02\/argeles-vue-mer-300x163-1-150x150.jpg\" alt=\"\" class=\"wp-image-88713\"\/><\/a><\/figure>\n\n\n\n<figure class=\"wp-block-image size-full\"><a href=\"https:\/\/centcols.org\/wp-content\/uploads\/2018\/02\/argeles-blason1.jpg\"><img loading=\"lazy\" decoding=\"async\" width=\"250\" height=\"292\" data-id=\"88714\" src=\"https:\/\/centcols.org\/wp-content\/uploads\/2018\/02\/argeles-blason1.jpg\" alt=\"\" class=\"wp-image-88714\"\/><\/a><\/figure>\n<\/figure>\n\n\n\n<p>Argel\u00e8s-sur-Mer, commune d&rsquo;un peu plus de 10 000 habitants, en Pyr\u00e9n\u00e9es Orientales, r\u00e9gion d&rsquo;Occitanie est surtout connue pour son activit\u00e9 estivale avec ses plages tr\u00e8s fr\u00e9quent\u00e9es et la montagne toute proche.<\/p>\n\n\n\n<h2 class=\"wp-block-heading\">H\u00e9bergement<\/h2>\n\n\n\n<h4 class=\"wp-block-heading\">&nbsp;<em>Village vacance AZUREVA, Argel\u00e8s-sur-Mer<\/em><\/h4>\n\n\n\n<div>&nbsp;<\/div>\n\n\n\n<figure class=\"wp-block-gallery has-nested-images columns-3 is-cropped wp-block-gallery-2 is-layout-flex wp-block-gallery-is-layout-flex\">\n<figure class=\"wp-block-image size-full\"><a href=\"https:\/\/centcols.org\/wp-content\/uploads\/2025\/05\/chambre14.jpg\"><img loading=\"lazy\" decoding=\"async\" width=\"740\" height=\"460\" data-id=\"82020\" src=\"https:\/\/centcols.org\/wp-content\/uploads\/2025\/05\/chambre14.jpg\" alt=\"\" class=\"wp-image-82020\"\/><\/a><figcaption class=\"wp-element-caption\">Photo Azureva<\/figcaption><\/figure>\n\n\n\n<figure class=\"wp-block-image size-full\"><a href=\"https:\/\/centcols.org\/wp-content\/uploads\/2025\/05\/piscine.jpg\"><img loading=\"lazy\" decoding=\"async\" width=\"690\" height=\"460\" data-id=\"82022\" src=\"https:\/\/centcols.org\/wp-content\/uploads\/2025\/05\/piscine.jpg\" alt=\"\" class=\"wp-image-82022\"\/><\/a><figcaption class=\"wp-element-caption\">Photo Azureva<\/figcaption><\/figure>\n\n\n\n<figure class=\"wp-block-image size-full\"><a href=\"https:\/\/centcols.org\/wp-content\/uploads\/2025\/05\/chambre28.jpg\"><img loading=\"lazy\" decoding=\"async\" width=\"740\" height=\"460\" data-id=\"82021\" src=\"https:\/\/centcols.org\/wp-content\/uploads\/2025\/05\/chambre28.jpg\" alt=\"\" class=\"wp-image-82021\"\/><\/a><figcaption class=\"wp-element-caption\">Photo Azureva<\/figcaption><\/figure>\n<\/figure>\n\n\n\n<p>Azureva Argel\u00e8s-sur-Mer<br>Route de Valmy<br>66702&nbsp;ARGELES SUR MER<\/p>\n\n\n\n<p><small>Coordonn\u00e9es GPS&nbsp;:&nbsp;<\/small>N 42\u00b0 32\u2032 19\u2033 \u2013 E 3\u00b0 02\u2032 13\u2033<\/p>\n\n\n\n<p><a href=\"https:\/\/www.azureva-vacances.com\/fr\/village-vacances\/argeles-sur-mer\">Site web<\/a><\/p>\n\n\n\n<p><a href=\"&#x6d;&#x61;&#x69;&#108;&#116;o:&#x25;&#x32;&#x30;&#x61;&#114;&#103;el&#x65;&#x73;&#x40;&#97;&#122;&#117;re&#x76;&#x61;&#x2d;&#118;&#97;ca&#x6e;&#x63;&#x65;&#x73;&#46;&#99;om\" target=\"_blank\" rel=\"noreferrer noopener\">[email]&#x61;&#114;&#x67;&#101;l&#x65;&#115;&#64;&#x61;&#122;&#x75;&#x72;e&#x76;&#97;-&#x76;&#97;&#x63;&#x61;n&#x63;&#101;s&#x2e;&#99;o&#x6d;[\/email]<br><\/a>T\u00e9l\u00e9phone :&nbsp;04 68 81 02 75<br>Fax :&nbsp;04 68 39 30 44<\/p>\n\n\n\n<h2 class=\"wp-block-heading\">Les parcours et les cols<\/h2>\n\n\n\n<p>Sept <a href=\"\/membres\/cctours\/tours.php?lieu=Argel\u00e8s&amp;an=2018&amp;genre=R\">parcours routiers<\/a> et sept <a href=\"\/membres\/cctours\/tours.php?lieu=Argel\u00e8s&amp;an=2018&amp;genre=V\">parcours pour VTT<\/a> vous sont propos\u00e9s.<\/p>\n\n\n\n<h2 class=\"wp-block-heading\">Inscriptions<\/h2>\n\n\n\n<p>Bulletin d&rsquo;inscription \u00e0 t\u00e9l\u00e9charger ici<\/p>\n\n\n\n<h2 class=\"wp-block-heading\">Informations utiles<\/h2>\n\n\n\n<p><em>Centre AZUREVA:&nbsp;&nbsp;&nbsp;&nbsp;&nbsp; + 33 04 68 81 02 75<br><\/em><em>Gendarmerie:&nbsp;&nbsp;&nbsp;&nbsp;&nbsp;&nbsp;&nbsp;&nbsp;&nbsp;&nbsp;&nbsp;&nbsp; + 33 04 68 81 03 96<br><\/em><em>Jean-Pierre Lambert:&nbsp;&nbsp;&nbsp;&nbsp; 06 74 63 27 42<br><\/em><em>V\u00e9lociste: Albera Bike, 22, chemin de Palau, ZAC, Argel\u00e8s-sur-Mer&nbsp;&nbsp; 09 81 28 36 00 (ferm\u00e9 le lundi)<\/em><\/p>\n\n\n\n<h2 class=\"wp-block-heading\">Tourisme, et pour les accompagnants<\/h2>\n\n\n\n<p><em>De nombreuses activit\u00e9s et excursions sont propos\u00e9es par le centre. Elles sont en g\u00e9n\u00e9ral payantes.<br><\/em>Journ\u00e9e Collioure<em> (bateau navette, petit train, visite de la conserverie d&rsquo;Anchois)<br><\/em>Journ\u00e9e Thuir<em> (Caves Byrrh,Castelnou)<br><\/em>Journ\u00e9e Vallespir<em> (Mus\u00e9e Art Moderne \u00e0 C\u00e9ret, clo\u00eetre d&rsquo;Arles -sur-Tech, abbaye Ste Marie, gorges de la Fou)<br><\/em>Journ\u00e9e Costa Brava<em> (promenade en mer, visite mus\u00e9e Dali \u00e0 Figu\u00e9ras, temps libre \u00e0 la Jonquera)<br><\/em>Journ\u00e9e Elne<em> (clo\u00eetre et son mus\u00e9e, visite de la Maternit\u00e9 suisse)<br><\/em>Journ\u00e9e Perpignan<em> (palais des rois de Majorque, visite de la confiserie du Tech)<br>A voir absolument :<\/em> <a href=\"http:\/\/www.tourisme.fr\/253\/office-de-tourisme-collioure.htm\" target=\"_blank\" rel=\"noreferrer noopener\">Collioure<\/a> et <a href=\"https:\/\/www.spain.info\/fr_FR\/que-quieres\/ciudades-pueblos\/otros-destinos\/cadaques.html\" target=\"_blank\" rel=\"noreferrer noopener\">Cadaqu\u00e9s<\/a><\/p>\n\n\n\n<p><em>De nombreuses balades sont possibles dans les environs proches avec la mer et la montagne qui entourent le centre Azur\u00e9va :<br><\/em><em>Citons en vrac, le Racou, hameau en bord de plage, le bocal du Tech, le ch\u00e2teau de Valmy, les tours de la Madeloc et de la Massane, le sentier litto<\/em><\/p>\n\n\n\n<h3 class=\"wp-block-heading\">Sites de renseignements :<\/h3>\n\n\n\n<p><a href=\"http:\/\/www.argeles-sur-mer.com\/decouvrir\" target=\"_blank\" rel=\"noopener\">Office du tourisme d&rsquo;Argel\u00e8s<\/a><br><a href=\"https:\/\/fr.wikipedia.org\/wiki\/Argel%C3%A8s-sur-Mer\" target=\"_blank\" rel=\"noopener\">Argeles-wikipedia<br><\/a><a href=\"https:\/\/www.laregion.fr\/-La-nouvelle-Region-30875-\" target=\"_blank\" rel=\"noopener\">La nouvelle r\u00e9gion d&rsquo;Occitanie<br><\/a><a href=\"http:\/\/www.argeles-sur-mer.com\/decouvrir\/montagne-les-alberes\" target=\"_blank\" rel=\"noopener\">Les Alb\u00e8res<\/a><\/p>\n","protected":false},"excerpt":{"rendered":"<p>Apr\u00e8s avoir effectu\u00e9 en quelque sorte une reconnaissance du terrain lors de l&rsquo;assembl\u00e9e g\u00e9n\u00e9rale de 2011, le club retourne cette ann\u00e9e dans ce secteur des Pyr\u00e9n\u00e9es Orientales pour son s\u00e9jour de printemps, sur une proposition du r\u00e9gional de l&rsquo;\u00e9tape, Jean-Pierre Lambert. Pr\u00e9sentation Argel\u00e8s-sur-Mer, commune d&rsquo;un peu plus de 10 000 habitants, en Pyr\u00e9n\u00e9es Orientales, r\u00e9gion [&hellip;]<\/p>\n","protected":false},"author":3,"featured_media":82019,"comment_status":"closed","ping_status":"open","sticky":false,"template":"","format":"standard","meta":{"_acf_changed":false,"footnotes":""},"categories":[349,384,135,388,412,231],"tags":[],"class_list":["post-82016","post","type-post","status-publish","format-standard","has-post-thumbnail","hentry","category-france-pays-sejours","category-occitanie-region-sejours","category-calendrier","category-66-pyrenees-orientales","category-pyrenees-catalanes","category-sejours"],"acf":[],"yoast_head":"<!-- This site is optimized with the Yoast SEO plugin v27.2 - https:\/\/yoast.com\/product\/yoast-seo-wordpress\/ -->\n<title>S\u00e9jour de printemps, Argel\u00e8s-sur-Mer, 14 - 22 avril 2018 - Club des Cent Cols<\/title>\n<meta name=\"robots\" content=\"index, follow, max-snippet:-1, max-image-preview:large, max-video-preview:-1\" \/>\n<link rel=\"canonical\" href=\"https:\/\/centcols.org\/it\/soggiorno-2018-argeles\/\" \/>\n<meta property=\"og:locale\" content=\"it_IT\" \/>\n<meta property=\"og:type\" content=\"article\" \/>\n<meta property=\"og:title\" content=\"S\u00e9jour de printemps, Argel\u00e8s-sur-Mer, 14 - 22 avril 2018 - Club des Cent Cols\" \/>\n<meta property=\"og:description\" content=\"Apr\u00e8s avoir effectu\u00e9 en quelque sorte une reconnaissance du terrain lors de l&rsquo;assembl\u00e9e g\u00e9n\u00e9rale de 2011, le club retourne cette ann\u00e9e dans ce secteur des Pyr\u00e9n\u00e9es Orientales pour son s\u00e9jour de printemps, sur une proposition du r\u00e9gional de l&rsquo;\u00e9tape, Jean-Pierre Lambert. Pr\u00e9sentation Argel\u00e8s-sur-Mer, commune d&rsquo;un peu plus de 10 000 habitants, en Pyr\u00e9n\u00e9es Orientales, r\u00e9gion [&hellip;]\" \/>\n<meta property=\"og:url\" content=\"https:\/\/centcols.org\/it\/soggiorno-2018-argeles\/\" \/>\n<meta property=\"og:site_name\" content=\"Club des Cent Cols\" \/>\n<meta property=\"article:publisher\" content=\"https:\/\/www.facebook.com\/groups\/5261880558\/?locale=fr_FR\" \/>\n<meta property=\"article:published_time\" content=\"2018-02-26T13:11:41+00:00\" \/>\n<meta property=\"article:modified_time\" content=\"2025-10-15T01:33:34+00:00\" \/>\n<meta property=\"og:image\" content=\"https:\/\/centcols.org\/wp-content\/uploads\/2025\/05\/argeles-vue-mer-e1520325311202.jpg\" \/>\n\t<meta property=\"og:image:width\" content=\"310\" \/>\n\t<meta property=\"og:image:height\" content=\"163\" \/>\n\t<meta property=\"og:image:type\" content=\"image\/jpeg\" \/>\n<meta name=\"author\" content=\"Webmestre\" \/>\n<meta name=\"twitter:card\" content=\"summary_large_image\" \/>\n<meta name=\"twitter:label1\" content=\"Scritto da\" \/>\n\t<meta name=\"twitter:data1\" content=\"Webmestre\" \/>\n\t<meta name=\"twitter:label2\" content=\"Tempo di lettura stimato\" \/>\n\t<meta name=\"twitter:data2\" content=\"4 minuti\" \/>\n<script type=\"application\/ld+json\" class=\"yoast-schema-graph\">{\"@context\":\"https:\/\/schema.org\",\"@graph\":[{\"@type\":\"Article\",\"@id\":\"https:\/\/centcols.org\/sejour-2018-argeles\/#article\",\"isPartOf\":{\"@id\":\"https:\/\/centcols.org\/sejour-2018-argeles\/\"},\"author\":{\"name\":\"Webmestre\",\"@id\":\"https:\/\/centcols.org\/#\/schema\/person\/911b404fb133d8c913dd27cdcf71c8e5\"},\"headline\":\"S\u00e9jour de printemps, Argel\u00e8s-sur-Mer, 14 &#8211; 22 avril 2018\",\"datePublished\":\"2018-02-26T13:11:41+00:00\",\"dateModified\":\"2025-10-15T01:33:34+00:00\",\"mainEntityOfPage\":{\"@id\":\"https:\/\/centcols.org\/sejour-2018-argeles\/\"},\"wordCount\":398,\"publisher\":{\"@id\":\"https:\/\/centcols.org\/#organization\"},\"image\":{\"@id\":\"https:\/\/centcols.org\/sejour-2018-argeles\/#primaryimage\"},\"thumbnailUrl\":\"https:\/\/centcols.org\/wp-content\/uploads\/2025\/05\/argeles-vue-mer-e1520325311202.jpg\",\"articleSection\":[\"France\",\"Occitanie\",\"Calendrier\",\"66-Pyr\u00e9n\u00e9es-Orientales\",\"Pyr\u00e9n\u00e9es catalanes\",\"S\u00e9jours du Club des Cent Cols\"],\"inLanguage\":\"it-IT\"},{\"@type\":\"WebPage\",\"@id\":\"https:\/\/centcols.org\/sejour-2018-argeles\/\",\"url\":\"https:\/\/centcols.org\/sejour-2018-argeles\/\",\"name\":\"S\u00e9jour de printemps, Argel\u00e8s-sur-Mer, 14 - 22 avril 2018 - Club des Cent Cols\",\"isPartOf\":{\"@id\":\"https:\/\/centcols.org\/#website\"},\"primaryImageOfPage\":{\"@id\":\"https:\/\/centcols.org\/sejour-2018-argeles\/#primaryimage\"},\"image\":{\"@id\":\"https:\/\/centcols.org\/sejour-2018-argeles\/#primaryimage\"},\"thumbnailUrl\":\"https:\/\/centcols.org\/wp-content\/uploads\/2025\/05\/argeles-vue-mer-e1520325311202.jpg\",\"datePublished\":\"2018-02-26T13:11:41+00:00\",\"dateModified\":\"2025-10-15T01:33:34+00:00\",\"breadcrumb\":{\"@id\":\"https:\/\/centcols.org\/sejour-2018-argeles\/#breadcrumb\"},\"inLanguage\":\"it-IT\",\"potentialAction\":[{\"@type\":\"ReadAction\",\"target\":[\"https:\/\/centcols.org\/sejour-2018-argeles\/\"]}]},{\"@type\":\"ImageObject\",\"inLanguage\":\"it-IT\",\"@id\":\"https:\/\/centcols.org\/sejour-2018-argeles\/#primaryimage\",\"url\":\"https:\/\/centcols.org\/wp-content\/uploads\/2025\/05\/argeles-vue-mer-e1520325311202.jpg\",\"contentUrl\":\"https:\/\/centcols.org\/wp-content\/uploads\/2025\/05\/argeles-vue-mer-e1520325311202.jpg\",\"width\":310,\"height\":163},{\"@type\":\"BreadcrumbList\",\"@id\":\"https:\/\/centcols.org\/sejour-2018-argeles\/#breadcrumb\",\"itemListElement\":[{\"@type\":\"ListItem\",\"position\":1,\"name\":\"Accueil\",\"item\":\"https:\/\/centcols.org\/\"},{\"@type\":\"ListItem\",\"position\":2,\"name\":\"S\u00e9jours du Club des Cent Cols\",\"item\":\"https:\/\/centcols.org\/rubrique\/sejours\/\"},{\"@type\":\"ListItem\",\"position\":3,\"name\":\"Pays\",\"item\":\"https:\/\/centcols.org\/rubrique\/sejours\/pays-sejours\/\"},{\"@type\":\"ListItem\",\"position\":4,\"name\":\"France\",\"item\":\"https:\/\/centcols.org\/rubrique\/sejours\/pays-sejours\/france-pays-sejours\/\"},{\"@type\":\"ListItem\",\"position\":5,\"name\":\"S\u00e9jour de printemps, Argel\u00e8s-sur-Mer, 14 &#8211; 22 avril 2018\"}]},{\"@type\":\"WebSite\",\"@id\":\"https:\/\/centcols.org\/#website\",\"url\":\"https:\/\/centcols.org\/\",\"name\":\"Club des Cent Cols\",\"description\":\"\",\"publisher\":{\"@id\":\"https:\/\/centcols.org\/#organization\"},\"potentialAction\":[{\"@type\":\"SearchAction\",\"target\":{\"@type\":\"EntryPoint\",\"urlTemplate\":\"https:\/\/centcols.org\/?s={search_term_string}\"},\"query-input\":{\"@type\":\"PropertyValueSpecification\",\"valueRequired\":true,\"valueName\":\"search_term_string\"}}],\"inLanguage\":\"it-IT\"},{\"@type\":\"Organization\",\"@id\":\"https:\/\/centcols.org\/#organization\",\"name\":\"Club des Cent Cols\",\"url\":\"https:\/\/centcols.org\/\",\"logo\":{\"@type\":\"ImageObject\",\"inLanguage\":\"it-IT\",\"@id\":\"https:\/\/centcols.org\/#\/schema\/logo\/image\/\",\"url\":\"https:\/\/centcols.org\/wp-content\/uploads\/2025\/01\/carte-icone.png\",\"contentUrl\":\"https:\/\/centcols.org\/wp-content\/uploads\/2025\/01\/carte-icone.png\",\"width\":250,\"height\":250,\"caption\":\"Club des Cent Cols\"},\"image\":{\"@id\":\"https:\/\/centcols.org\/#\/schema\/logo\/image\/\"},\"sameAs\":[\"https:\/\/www.facebook.com\/groups\/5261880558\/?locale=fr_FR\"]},{\"@type\":\"Person\",\"@id\":\"https:\/\/centcols.org\/#\/schema\/person\/911b404fb133d8c913dd27cdcf71c8e5\",\"name\":\"Webmestre\",\"image\":{\"@type\":\"ImageObject\",\"inLanguage\":\"it-IT\",\"@id\":\"https:\/\/centcols.org\/wp-content\/litespeed\/avatar\/2d246e4b6b4f773e08515e1ffc53690b.jpg?ver=1777222892\",\"url\":\"https:\/\/centcols.org\/wp-content\/litespeed\/avatar\/2d246e4b6b4f773e08515e1ffc53690b.jpg?ver=1777222892\",\"contentUrl\":\"https:\/\/centcols.org\/wp-content\/litespeed\/avatar\/2d246e4b6b4f773e08515e1ffc53690b.jpg?ver=1777222892\",\"caption\":\"Webmestre\"},\"url\":\"https:\/\/centcols.org\/it\/author\/webmestre\/\"}]}<\/script>\n<!-- \/ Yoast SEO plugin. -->","yoast_head_json":{"title":"Vacanze di primavera, Argel\u00e8s-sur-Mer, 14 - 22 aprile 2018 - Club des Cent Cols","robots":{"index":"index","follow":"follow","max-snippet":"max-snippet:-1","max-image-preview":"max-image-preview:large","max-video-preview":"max-video-preview:-1"},"canonical":"https:\/\/centcols.org\/it\/soggiorno-2018-argeles\/","og_locale":"it_IT","og_type":"article","og_title":"S\u00e9jour de printemps, Argel\u00e8s-sur-Mer, 14 - 22 avril 2018 - Club des Cent Cols","og_description":"Apr\u00e8s avoir effectu\u00e9 en quelque sorte une reconnaissance du terrain lors de l&rsquo;assembl\u00e9e g\u00e9n\u00e9rale de 2011, le club retourne cette ann\u00e9e dans ce secteur des Pyr\u00e9n\u00e9es Orientales pour son s\u00e9jour de printemps, sur une proposition du r\u00e9gional de l&rsquo;\u00e9tape, Jean-Pierre Lambert. Pr\u00e9sentation Argel\u00e8s-sur-Mer, commune d&rsquo;un peu plus de 10 000 habitants, en Pyr\u00e9n\u00e9es Orientales, r\u00e9gion [&hellip;]","og_url":"https:\/\/centcols.org\/it\/soggiorno-2018-argeles\/","og_site_name":"Club des Cent Cols","article_publisher":"https:\/\/www.facebook.com\/groups\/5261880558\/?locale=fr_FR","article_published_time":"2018-02-26T13:11:41+00:00","article_modified_time":"2025-10-15T01:33:34+00:00","og_image":[{"width":310,"height":163,"url":"https:\/\/centcols.org\/wp-content\/uploads\/2025\/05\/argeles-vue-mer-e1520325311202.jpg","type":"image\/jpeg"}],"author":"Webmestre","twitter_card":"summary_large_image","twitter_misc":{"Scritto da":"Webmestre","Tempo di lettura stimato":"4 minuti"},"schema":{"@context":"https:\/\/schema.org","@graph":[{"@type":"Article","@id":"https:\/\/centcols.org\/sejour-2018-argeles\/#article","isPartOf":{"@id":"https:\/\/centcols.org\/sejour-2018-argeles\/"},"author":{"name":"Webmestre","@id":"https:\/\/centcols.org\/#\/schema\/person\/911b404fb133d8c913dd27cdcf71c8e5"},"headline":"S\u00e9jour de printemps, Argel\u00e8s-sur-Mer, 14 &#8211; 22 avril 2018","datePublished":"2018-02-26T13:11:41+00:00","dateModified":"2025-10-15T01:33:34+00:00","mainEntityOfPage":{"@id":"https:\/\/centcols.org\/sejour-2018-argeles\/"},"wordCount":398,"publisher":{"@id":"https:\/\/centcols.org\/#organization"},"image":{"@id":"https:\/\/centcols.org\/sejour-2018-argeles\/#primaryimage"},"thumbnailUrl":"https:\/\/centcols.org\/wp-content\/uploads\/2025\/05\/argeles-vue-mer-e1520325311202.jpg","articleSection":["France","Occitanie","Calendrier","66-Pyr\u00e9n\u00e9es-Orientales","Pyr\u00e9n\u00e9es catalanes","S\u00e9jours du Club des Cent Cols"],"inLanguage":"it-IT"},{"@type":"WebPage","@id":"https:\/\/centcols.org\/sejour-2018-argeles\/","url":"https:\/\/centcols.org\/sejour-2018-argeles\/","name":"Vacanze di primavera, Argel\u00e8s-sur-Mer, 14 - 22 aprile 2018 - Club des Cent Cols","isPartOf":{"@id":"https:\/\/centcols.org\/#website"},"primaryImageOfPage":{"@id":"https:\/\/centcols.org\/sejour-2018-argeles\/#primaryimage"},"image":{"@id":"https:\/\/centcols.org\/sejour-2018-argeles\/#primaryimage"},"thumbnailUrl":"https:\/\/centcols.org\/wp-content\/uploads\/2025\/05\/argeles-vue-mer-e1520325311202.jpg","datePublished":"2018-02-26T13:11:41+00:00","dateModified":"2025-10-15T01:33:34+00:00","breadcrumb":{"@id":"https:\/\/centcols.org\/sejour-2018-argeles\/#breadcrumb"},"inLanguage":"it-IT","potentialAction":[{"@type":"ReadAction","target":["https:\/\/centcols.org\/sejour-2018-argeles\/"]}]},{"@type":"ImageObject","inLanguage":"it-IT","@id":"https:\/\/centcols.org\/sejour-2018-argeles\/#primaryimage","url":"https:\/\/centcols.org\/wp-content\/uploads\/2025\/05\/argeles-vue-mer-e1520325311202.jpg","contentUrl":"https:\/\/centcols.org\/wp-content\/uploads\/2025\/05\/argeles-vue-mer-e1520325311202.jpg","width":310,"height":163},{"@type":"BreadcrumbList","@id":"https:\/\/centcols.org\/sejour-2018-argeles\/#breadcrumb","itemListElement":[{"@type":"ListItem","position":1,"name":"Accueil","item":"https:\/\/centcols.org\/"},{"@type":"ListItem","position":2,"name":"S\u00e9jours du Club des Cent Cols","item":"https:\/\/centcols.org\/rubrique\/sejours\/"},{"@type":"ListItem","position":3,"name":"Pays","item":"https:\/\/centcols.org\/rubrique\/sejours\/pays-sejours\/"},{"@type":"ListItem","position":4,"name":"France","item":"https:\/\/centcols.org\/rubrique\/sejours\/pays-sejours\/france-pays-sejours\/"},{"@type":"ListItem","position":5,"name":"S\u00e9jour de printemps, Argel\u00e8s-sur-Mer, 14 &#8211; 22 avril 2018"}]},{"@type":"WebSite","@id":"https:\/\/centcols.org\/#website","url":"https:\/\/centcols.org\/","name":"Club des Cent Cols","description":"","publisher":{"@id":"https:\/\/centcols.org\/#organization"},"potentialAction":[{"@type":"SearchAction","target":{"@type":"EntryPoint","urlTemplate":"https:\/\/centcols.org\/?s={search_term_string}"},"query-input":{"@type":"PropertyValueSpecification","valueRequired":true,"valueName":"search_term_string"}}],"inLanguage":"it-IT"},{"@type":"Organization","@id":"https:\/\/centcols.org\/#organization","name":"Club des Cent Cols","url":"https:\/\/centcols.org\/","logo":{"@type":"ImageObject","inLanguage":"it-IT","@id":"https:\/\/centcols.org\/#\/schema\/logo\/image\/","url":"https:\/\/centcols.org\/wp-content\/uploads\/2025\/01\/carte-icone.png","contentUrl":"https:\/\/centcols.org\/wp-content\/uploads\/2025\/01\/carte-icone.png","width":250,"height":250,"caption":"Club des Cent Cols"},"image":{"@id":"https:\/\/centcols.org\/#\/schema\/logo\/image\/"},"sameAs":["https:\/\/www.facebook.com\/groups\/5261880558\/?locale=fr_FR"]},{"@type":"Person","@id":"https:\/\/centcols.org\/#\/schema\/person\/911b404fb133d8c913dd27cdcf71c8e5","name":"Webmaster","image":{"@type":"ImageObject","inLanguage":"it-IT","@id":"https:\/\/centcols.org\/wp-content\/litespeed\/avatar\/2d246e4b6b4f773e08515e1ffc53690b.jpg?ver=1777222892","url":"https:\/\/centcols.org\/wp-content\/litespeed\/avatar\/2d246e4b6b4f773e08515e1ffc53690b.jpg?ver=1777222892","contentUrl":"https:\/\/centcols.org\/wp-content\/litespeed\/avatar\/2d246e4b6b4f773e08515e1ffc53690b.jpg?ver=1777222892","caption":"Webmestre"},"url":"https:\/\/centcols.org\/it\/author\/webmestre\/"}]}},"_links":{"self":[{"href":"https:\/\/centcols.org\/it\/wp-json\/wp\/v2\/posts\/82016","targetHints":{"allow":["GET"]}}],"collection":[{"href":"https:\/\/centcols.org\/it\/wp-json\/wp\/v2\/posts"}],"about":[{"href":"https:\/\/centcols.org\/it\/wp-json\/wp\/v2\/types\/post"}],"author":[{"embeddable":true,"href":"https:\/\/centcols.org\/it\/wp-json\/wp\/v2\/users\/3"}],"replies":[{"embeddable":true,"href":"https:\/\/centcols.org\/it\/wp-json\/wp\/v2\/comments?post=82016"}],"version-history":[{"count":0,"href":"https:\/\/centcols.org\/it\/wp-json\/wp\/v2\/posts\/82016\/revisions"}],"wp:featuredmedia":[{"embeddable":true,"href":"https:\/\/centcols.org\/it\/wp-json\/wp\/v2\/media\/82019"}],"wp:attachment":[{"href":"https:\/\/centcols.org\/it\/wp-json\/wp\/v2\/media?parent=82016"}],"wp:term":[{"taxonomy":"category","embeddable":true,"href":"https:\/\/centcols.org\/it\/wp-json\/wp\/v2\/categories?post=82016"},{"taxonomy":"post_tag","embeddable":true,"href":"https:\/\/centcols.org\/it\/wp-json\/wp\/v2\/tags?post=82016"}],"curies":[{"name":"wp","href":"https:\/\/api.w.org\/{rel}","templated":true}]}}