{"id":82092,"date":"2018-12-16T16:41:14","date_gmt":"2018-12-16T14:41:14","guid":{"rendered":"https:\/\/centcols.org\/champery-suisse-sortie-vtt-13-juillet-2019\/"},"modified":"2025-09-14T21:06:29","modified_gmt":"2025-09-14T19:06:29","slug":"uscita-in-mountain-bike-a-champery-svizzera-13-luglio-2019","status":"publish","type":"post","link":"https:\/\/centcols.org\/it\/champery-suisse-sortie-vtt-13-juillet-2019\/","title":{"rendered":"Champ\u00e9ry, Svizzera, gita in mountain bike, 13 luglio 2019"},"content":{"rendered":"<p>Sabato 13 luglio 2019, Champ\u00e9ry, Svizzera<\/p>\n\n\n\n<p>Ritrovo al parcheggio della funivia della Croix de Culet alle 8.30 per il caff\u00e8, <strong>partenza alle ore 9.00<br><\/strong>24 km, 950 m di dislivello. 2 passi, Seuil du Sex Blanc CH-VS-1621, Col de l'Encrena CH-VS-1816. Facoltativo Col de Cou CH-VS-1921, Col de Bretolet CH-VS-1923, salita supplementare di 120 m.<\/p>\n\n\n\n<figure class=\"wp-block-image size-full\"><img loading=\"lazy\" decoding=\"async\" width=\"741\" height=\"423\" src=\"https:\/\/centcols.org\/wp-content\/uploads\/2025\/05\/champery.jpg\" alt=\"\" class=\"wp-image-82093\"\/><\/figure>\n\n\n\n<h2 class=\"wp-block-heading\">Contatto<\/h2>\n\n\n\n<p>Christian Binggeli<br>chemin du Jura 1<br>CH-1135 Denens<br>Tel: (0041) 021 801 01 75 Cellulare: 0041 078 723 11 33<br>c&amp;tbinggeli@bluewin.ch<\/p>\n\n\n\n<p>&nbsp;<\/p>","protected":false},"excerpt":{"rendered":"<p>Samedi 13 juillet 2019, Champ\u00e9ry, Suisse Rendez-vous parking du t\u00e9l\u00e9ph\u00e9rique de la Croix de Culet \u00e0 8h30 pour le caf\u00e9, d\u00e9part \u00e0 9h0024 km, 950 m de d\u00e9nivel\u00e9. 2 cols, Seuil du Sex Blanc CH-VS-1621, Col de l\u2019Encrena &nbsp;CH-VS-1816. En option col de Cou CH-VS-1921, col de Bretolet CH-VS-1923, 120 m de d\u00e9nivel\u00e9 suppl\u00e9mentaire. Contact [&hellip;]<\/p>\n","protected":false},"author":136,"featured_media":82093,"comment_status":"closed","ping_status":"open","sticky":false,"template":"","format":"standard","meta":{"_acf_changed":false,"footnotes":""},"categories":[284,135,216],"tags":[],"class_list":["post-82092","post","type-post","status-publish","format-standard","has-post-thumbnail","hentry","category-les-rassemblements-de-2019","category-calendrier","category-rencontres-regionales"],"acf":[],"yoast_head":"<!-- This site is optimized with the Yoast SEO plugin v27.2 - https:\/\/yoast.com\/product\/yoast-seo-wordpress\/ -->\n<title>Champ\u00e9ry, Suisse, sortie VTT, 13 juillet 2019 - Club des Cent Cols<\/title>\n<meta name=\"robots\" content=\"index, follow, max-snippet:-1, max-image-preview:large, max-video-preview:-1\" \/>\n<link rel=\"canonical\" href=\"https:\/\/centcols.org\/it\/uscita-in-mountain-bike-a-champery-svizzera-13-luglio-2019\/\" \/>\n<meta property=\"og:locale\" content=\"it_IT\" \/>\n<meta property=\"og:type\" content=\"article\" \/>\n<meta property=\"og:title\" content=\"Champ\u00e9ry, Suisse, sortie VTT, 13 juillet 2019 - Club des Cent Cols\" \/>\n<meta property=\"og:description\" content=\"Samedi 13 juillet 2019, Champ\u00e9ry, Suisse Rendez-vous parking du t\u00e9l\u00e9ph\u00e9rique de la Croix de Culet \u00e0 8h30 pour le caf\u00e9, d\u00e9part \u00e0 9h0024 km, 950 m de d\u00e9nivel\u00e9. 2 cols, Seuil du Sex Blanc CH-VS-1621, Col de l\u2019Encrena &nbsp;CH-VS-1816. En option col de Cou CH-VS-1921, col de Bretolet CH-VS-1923, 120 m de d\u00e9nivel\u00e9 suppl\u00e9mentaire. Contact [&hellip;]\" \/>\n<meta property=\"og:url\" content=\"https:\/\/centcols.org\/it\/uscita-in-mountain-bike-a-champery-svizzera-13-luglio-2019\/\" \/>\n<meta property=\"og:site_name\" content=\"Club des Cent Cols\" \/>\n<meta property=\"article:publisher\" content=\"https:\/\/www.facebook.com\/groups\/5261880558\/?locale=fr_FR\" \/>\n<meta property=\"article:published_time\" content=\"2018-12-16T14:41:14+00:00\" \/>\n<meta property=\"article:modified_time\" content=\"2025-09-14T19:06:29+00:00\" \/>\n<meta property=\"og:image\" content=\"https:\/\/centcols.org\/wp-content\/uploads\/2025\/05\/champery.jpg\" \/>\n\t<meta property=\"og:image:width\" content=\"741\" \/>\n\t<meta property=\"og:image:height\" content=\"423\" \/>\n\t<meta property=\"og:image:type\" content=\"image\/jpeg\" \/>\n<meta name=\"author\" content=\"Guy Harl\u00e9\" \/>\n<meta name=\"twitter:card\" content=\"summary_large_image\" \/>\n<meta name=\"twitter:label1\" content=\"Scritto da\" \/>\n\t<meta name=\"twitter:data1\" content=\"Guy Harl\u00e9\" \/>\n\t<meta name=\"twitter:label2\" content=\"Tempo di lettura stimato\" \/>\n\t<meta name=\"twitter:data2\" content=\"1 minuto\" \/>\n<script type=\"application\/ld+json\" class=\"yoast-schema-graph\">{\"@context\":\"https:\/\/schema.org\",\"@graph\":[{\"@type\":\"Article\",\"@id\":\"https:\/\/centcols.org\/champery-suisse-sortie-vtt-13-juillet-2019\/#article\",\"isPartOf\":{\"@id\":\"https:\/\/centcols.org\/champery-suisse-sortie-vtt-13-juillet-2019\/\"},\"author\":{\"name\":\"Guy Harl\u00e9\",\"@id\":\"https:\/\/centcols.org\/#\/schema\/person\/377f00da2793c0363246869bb3a344d0\"},\"headline\":\"Champ\u00e9ry, Suisse, sortie VTT, 13 juillet 2019\",\"datePublished\":\"2018-12-16T14:41:14+00:00\",\"dateModified\":\"2025-09-14T19:06:29+00:00\",\"mainEntityOfPage\":{\"@id\":\"https:\/\/centcols.org\/champery-suisse-sortie-vtt-13-juillet-2019\/\"},\"wordCount\":81,\"publisher\":{\"@id\":\"https:\/\/centcols.org\/#organization\"},\"image\":{\"@id\":\"https:\/\/centcols.org\/champery-suisse-sortie-vtt-13-juillet-2019\/#primaryimage\"},\"thumbnailUrl\":\"https:\/\/centcols.org\/wp-content\/uploads\/2025\/05\/champery.jpg\",\"articleSection\":[\"2019-rassemblements\",\"Calendrier\",\"Rencontres r\u00e9gionales\"],\"inLanguage\":\"it-IT\"},{\"@type\":\"WebPage\",\"@id\":\"https:\/\/centcols.org\/champery-suisse-sortie-vtt-13-juillet-2019\/\",\"url\":\"https:\/\/centcols.org\/champery-suisse-sortie-vtt-13-juillet-2019\/\",\"name\":\"Champ\u00e9ry, Suisse, sortie VTT, 13 juillet 2019 - Club des Cent Cols\",\"isPartOf\":{\"@id\":\"https:\/\/centcols.org\/#website\"},\"primaryImageOfPage\":{\"@id\":\"https:\/\/centcols.org\/champery-suisse-sortie-vtt-13-juillet-2019\/#primaryimage\"},\"image\":{\"@id\":\"https:\/\/centcols.org\/champery-suisse-sortie-vtt-13-juillet-2019\/#primaryimage\"},\"thumbnailUrl\":\"https:\/\/centcols.org\/wp-content\/uploads\/2025\/05\/champery.jpg\",\"datePublished\":\"2018-12-16T14:41:14+00:00\",\"dateModified\":\"2025-09-14T19:06:29+00:00\",\"breadcrumb\":{\"@id\":\"https:\/\/centcols.org\/champery-suisse-sortie-vtt-13-juillet-2019\/#breadcrumb\"},\"inLanguage\":\"it-IT\",\"potentialAction\":[{\"@type\":\"ReadAction\",\"target\":[\"https:\/\/centcols.org\/champery-suisse-sortie-vtt-13-juillet-2019\/\"]}]},{\"@type\":\"ImageObject\",\"inLanguage\":\"it-IT\",\"@id\":\"https:\/\/centcols.org\/champery-suisse-sortie-vtt-13-juillet-2019\/#primaryimage\",\"url\":\"https:\/\/centcols.org\/wp-content\/uploads\/2025\/05\/champery.jpg\",\"contentUrl\":\"https:\/\/centcols.org\/wp-content\/uploads\/2025\/05\/champery.jpg\",\"width\":741,\"height\":423},{\"@type\":\"BreadcrumbList\",\"@id\":\"https:\/\/centcols.org\/champery-suisse-sortie-vtt-13-juillet-2019\/#breadcrumb\",\"itemListElement\":[{\"@type\":\"ListItem\",\"position\":1,\"name\":\"Accueil\",\"item\":\"https:\/\/centcols.org\/\"},{\"@type\":\"ListItem\",\"position\":2,\"name\":\"Calendrier\",\"item\":\"https:\/\/centcols.org\/rubrique\/calendrier\/\"},{\"@type\":\"ListItem\",\"position\":3,\"name\":\"Champ\u00e9ry, Suisse, sortie VTT, 13 juillet 2019\"}]},{\"@type\":\"WebSite\",\"@id\":\"https:\/\/centcols.org\/#website\",\"url\":\"https:\/\/centcols.org\/\",\"name\":\"Club des Cent Cols\",\"description\":\"\",\"publisher\":{\"@id\":\"https:\/\/centcols.org\/#organization\"},\"potentialAction\":[{\"@type\":\"SearchAction\",\"target\":{\"@type\":\"EntryPoint\",\"urlTemplate\":\"https:\/\/centcols.org\/?s={search_term_string}\"},\"query-input\":{\"@type\":\"PropertyValueSpecification\",\"valueRequired\":true,\"valueName\":\"search_term_string\"}}],\"inLanguage\":\"it-IT\"},{\"@type\":\"Organization\",\"@id\":\"https:\/\/centcols.org\/#organization\",\"name\":\"Club des Cent Cols\",\"url\":\"https:\/\/centcols.org\/\",\"logo\":{\"@type\":\"ImageObject\",\"inLanguage\":\"it-IT\",\"@id\":\"https:\/\/centcols.org\/#\/schema\/logo\/image\/\",\"url\":\"https:\/\/centcols.org\/wp-content\/uploads\/2025\/01\/carte-icone.png\",\"contentUrl\":\"https:\/\/centcols.org\/wp-content\/uploads\/2025\/01\/carte-icone.png\",\"width\":250,\"height\":250,\"caption\":\"Club des Cent Cols\"},\"image\":{\"@id\":\"https:\/\/centcols.org\/#\/schema\/logo\/image\/\"},\"sameAs\":[\"https:\/\/www.facebook.com\/groups\/5261880558\/?locale=fr_FR\"]},{\"@type\":\"Person\",\"@id\":\"https:\/\/centcols.org\/#\/schema\/person\/377f00da2793c0363246869bb3a344d0\",\"name\":\"Guy Harl\u00e9\",\"image\":{\"@type\":\"ImageObject\",\"inLanguage\":\"it-IT\",\"@id\":\"https:\/\/centcols.org\/wp-content\/litespeed\/avatar\/94c4de37e46cf090f296d42ab3e8d6a6.jpg?ver=1777238144\",\"url\":\"https:\/\/centcols.org\/wp-content\/litespeed\/avatar\/94c4de37e46cf090f296d42ab3e8d6a6.jpg?ver=1777238144\",\"contentUrl\":\"https:\/\/centcols.org\/wp-content\/litespeed\/avatar\/94c4de37e46cf090f296d42ab3e8d6a6.jpg?ver=1777238144\",\"caption\":\"Guy Harl\u00e9\"},\"url\":\"https:\/\/centcols.org\/it\/author\/5193\/\"}]}<\/script>\n<!-- \/ Yoast SEO plugin. -->","yoast_head_json":{"title":"Champ\u00e9ry, Svizzera, gita in mountain bike, 13 luglio 2019 - Club des Cent Cols","robots":{"index":"index","follow":"follow","max-snippet":"max-snippet:-1","max-image-preview":"max-image-preview:large","max-video-preview":"max-video-preview:-1"},"canonical":"https:\/\/centcols.org\/it\/uscita-in-mountain-bike-a-champery-svizzera-13-luglio-2019\/","og_locale":"it_IT","og_type":"article","og_title":"Champ\u00e9ry, Suisse, sortie VTT, 13 juillet 2019 - Club des Cent Cols","og_description":"Samedi 13 juillet 2019, Champ\u00e9ry, Suisse Rendez-vous parking du t\u00e9l\u00e9ph\u00e9rique de la Croix de Culet \u00e0 8h30 pour le caf\u00e9, d\u00e9part \u00e0 9h0024 km, 950 m de d\u00e9nivel\u00e9. 2 cols, Seuil du Sex Blanc CH-VS-1621, Col de l\u2019Encrena &nbsp;CH-VS-1816. En option col de Cou CH-VS-1921, col de Bretolet CH-VS-1923, 120 m de d\u00e9nivel\u00e9 suppl\u00e9mentaire. Contact [&hellip;]","og_url":"https:\/\/centcols.org\/it\/uscita-in-mountain-bike-a-champery-svizzera-13-luglio-2019\/","og_site_name":"Club des Cent Cols","article_publisher":"https:\/\/www.facebook.com\/groups\/5261880558\/?locale=fr_FR","article_published_time":"2018-12-16T14:41:14+00:00","article_modified_time":"2025-09-14T19:06:29+00:00","og_image":[{"width":741,"height":423,"url":"https:\/\/centcols.org\/wp-content\/uploads\/2025\/05\/champery.jpg","type":"image\/jpeg"}],"author":"Guy Harl\u00e9","twitter_card":"summary_large_image","twitter_misc":{"Scritto da":"Guy Harl\u00e9","Tempo di lettura stimato":"1 minuto"},"schema":{"@context":"https:\/\/schema.org","@graph":[{"@type":"Article","@id":"https:\/\/centcols.org\/champery-suisse-sortie-vtt-13-juillet-2019\/#article","isPartOf":{"@id":"https:\/\/centcols.org\/champery-suisse-sortie-vtt-13-juillet-2019\/"},"author":{"name":"Guy Harl\u00e9","@id":"https:\/\/centcols.org\/#\/schema\/person\/377f00da2793c0363246869bb3a344d0"},"headline":"Champ\u00e9ry, Suisse, sortie VTT, 13 juillet 2019","datePublished":"2018-12-16T14:41:14+00:00","dateModified":"2025-09-14T19:06:29+00:00","mainEntityOfPage":{"@id":"https:\/\/centcols.org\/champery-suisse-sortie-vtt-13-juillet-2019\/"},"wordCount":81,"publisher":{"@id":"https:\/\/centcols.org\/#organization"},"image":{"@id":"https:\/\/centcols.org\/champery-suisse-sortie-vtt-13-juillet-2019\/#primaryimage"},"thumbnailUrl":"https:\/\/centcols.org\/wp-content\/uploads\/2025\/05\/champery.jpg","articleSection":["2019-rassemblements","Calendrier","Rencontres r\u00e9gionales"],"inLanguage":"it-IT"},{"@type":"WebPage","@id":"https:\/\/centcols.org\/champery-suisse-sortie-vtt-13-juillet-2019\/","url":"https:\/\/centcols.org\/champery-suisse-sortie-vtt-13-juillet-2019\/","name":"Champ\u00e9ry, Svizzera, gita in mountain bike, 13 luglio 2019 - Club des Cent Cols","isPartOf":{"@id":"https:\/\/centcols.org\/#website"},"primaryImageOfPage":{"@id":"https:\/\/centcols.org\/champery-suisse-sortie-vtt-13-juillet-2019\/#primaryimage"},"image":{"@id":"https:\/\/centcols.org\/champery-suisse-sortie-vtt-13-juillet-2019\/#primaryimage"},"thumbnailUrl":"https:\/\/centcols.org\/wp-content\/uploads\/2025\/05\/champery.jpg","datePublished":"2018-12-16T14:41:14+00:00","dateModified":"2025-09-14T19:06:29+00:00","breadcrumb":{"@id":"https:\/\/centcols.org\/champery-suisse-sortie-vtt-13-juillet-2019\/#breadcrumb"},"inLanguage":"it-IT","potentialAction":[{"@type":"ReadAction","target":["https:\/\/centcols.org\/champery-suisse-sortie-vtt-13-juillet-2019\/"]}]},{"@type":"ImageObject","inLanguage":"it-IT","@id":"https:\/\/centcols.org\/champery-suisse-sortie-vtt-13-juillet-2019\/#primaryimage","url":"https:\/\/centcols.org\/wp-content\/uploads\/2025\/05\/champery.jpg","contentUrl":"https:\/\/centcols.org\/wp-content\/uploads\/2025\/05\/champery.jpg","width":741,"height":423},{"@type":"BreadcrumbList","@id":"https:\/\/centcols.org\/champery-suisse-sortie-vtt-13-juillet-2019\/#breadcrumb","itemListElement":[{"@type":"ListItem","position":1,"name":"Accueil","item":"https:\/\/centcols.org\/"},{"@type":"ListItem","position":2,"name":"Calendrier","item":"https:\/\/centcols.org\/rubrique\/calendrier\/"},{"@type":"ListItem","position":3,"name":"Champ\u00e9ry, Suisse, sortie VTT, 13 juillet 2019"}]},{"@type":"WebSite","@id":"https:\/\/centcols.org\/#website","url":"https:\/\/centcols.org\/","name":"Club des Cent Cols","description":"","publisher":{"@id":"https:\/\/centcols.org\/#organization"},"potentialAction":[{"@type":"SearchAction","target":{"@type":"EntryPoint","urlTemplate":"https:\/\/centcols.org\/?s={search_term_string}"},"query-input":{"@type":"PropertyValueSpecification","valueRequired":true,"valueName":"search_term_string"}}],"inLanguage":"it-IT"},{"@type":"Organization","@id":"https:\/\/centcols.org\/#organization","name":"Club des Cent Cols","url":"https:\/\/centcols.org\/","logo":{"@type":"ImageObject","inLanguage":"it-IT","@id":"https:\/\/centcols.org\/#\/schema\/logo\/image\/","url":"https:\/\/centcols.org\/wp-content\/uploads\/2025\/01\/carte-icone.png","contentUrl":"https:\/\/centcols.org\/wp-content\/uploads\/2025\/01\/carte-icone.png","width":250,"height":250,"caption":"Club des Cent Cols"},"image":{"@id":"https:\/\/centcols.org\/#\/schema\/logo\/image\/"},"sameAs":["https:\/\/www.facebook.com\/groups\/5261880558\/?locale=fr_FR"]},{"@type":"Person","@id":"https:\/\/centcols.org\/#\/schema\/person\/377f00da2793c0363246869bb3a344d0","name":"Guy Harl\u00e9","image":{"@type":"ImageObject","inLanguage":"it-IT","@id":"https:\/\/centcols.org\/wp-content\/litespeed\/avatar\/94c4de37e46cf090f296d42ab3e8d6a6.jpg?ver=1777238144","url":"https:\/\/centcols.org\/wp-content\/litespeed\/avatar\/94c4de37e46cf090f296d42ab3e8d6a6.jpg?ver=1777238144","contentUrl":"https:\/\/centcols.org\/wp-content\/litespeed\/avatar\/94c4de37e46cf090f296d42ab3e8d6a6.jpg?ver=1777238144","caption":"Guy Harl\u00e9"},"url":"https:\/\/centcols.org\/it\/author\/5193\/"}]}},"_links":{"self":[{"href":"https:\/\/centcols.org\/it\/wp-json\/wp\/v2\/posts\/82092","targetHints":{"allow":["GET"]}}],"collection":[{"href":"https:\/\/centcols.org\/it\/wp-json\/wp\/v2\/posts"}],"about":[{"href":"https:\/\/centcols.org\/it\/wp-json\/wp\/v2\/types\/post"}],"author":[{"embeddable":true,"href":"https:\/\/centcols.org\/it\/wp-json\/wp\/v2\/users\/136"}],"replies":[{"embeddable":true,"href":"https:\/\/centcols.org\/it\/wp-json\/wp\/v2\/comments?post=82092"}],"version-history":[{"count":0,"href":"https:\/\/centcols.org\/it\/wp-json\/wp\/v2\/posts\/82092\/revisions"}],"wp:featuredmedia":[{"embeddable":true,"href":"https:\/\/centcols.org\/it\/wp-json\/wp\/v2\/media\/82093"}],"wp:attachment":[{"href":"https:\/\/centcols.org\/it\/wp-json\/wp\/v2\/media?parent=82092"}],"wp:term":[{"taxonomy":"category","embeddable":true,"href":"https:\/\/centcols.org\/it\/wp-json\/wp\/v2\/categories?post=82092"},{"taxonomy":"post_tag","embeddable":true,"href":"https:\/\/centcols.org\/it\/wp-json\/wp\/v2\/tags?post=82092"}],"curies":[{"name":"wp","href":"https:\/\/api.w.org\/{rel}","templated":true}]}}