{"id":82096,"date":"2018-12-16T07:30:02","date_gmt":"2018-12-16T05:30:02","guid":{"rendered":"https:\/\/centcols.org\/raduno-italiano-campo-ligure-ge-8-9-juin-2019\/"},"modified":"2025-09-14T21:08:34","modified_gmt":"2025-09-14T19:08:34","slug":"raduno-2019-campo","status":"publish","type":"post","link":"https:\/\/centcols.org\/it\/raduno-2019-campo\/","title":{"rendered":"Raduno italiano Campo Ligure (GE) 8-9 giugno 2019"},"content":{"rendered":"\n<figure class=\"wp-block-image size-full is-resized\"><img loading=\"lazy\" decoding=\"async\" width=\"1000\" height=\"661\" src=\"https:\/\/centcols.org\/wp-content\/uploads\/2025\/05\/campo-ligure_GE.jpg\" alt=\"\" class=\"wp-image-82097\" style=\"width:800px\" srcset=\"https:\/\/centcols.org\/wp-content\/uploads\/2025\/05\/campo-ligure_GE.jpg 1000w, https:\/\/centcols.org\/wp-content\/uploads\/2025\/05\/campo-ligure_GE-768x508.jpg 768w\" sizes=\"auto, (max-width: 1000px) 100vw, 1000px\" \/><\/figure>\n\n\n\n<p><\/p>\n\n\n\n<div class=\"col-4-4 cf\">\n<h3>Les parcours routiers<\/h3>\n<p>Voir les <a href=\"\/membres\/cctours\/tours.php?lieu=Campo&amp;an=2019\">fichiers de g\u00e9olocalisation<\/a>.<\/p>\n<h4>R1, samedi 8 juin<\/h4>\n<p>D\u00e9part 10:00 de Campo Ligure, 78 km,&nbsp; 2200 m de d\u00e9nivel\u00e9, 6 cols (il y a la possibilit\u00e9 de partir de Capanne di Marcarolo pour limiter la distance, 58 km, et la d\u00e9nivellation, 1650 m).<\/p>\n<h5>Cols<\/h5>\n<p>IT-AL-0553 Colle degli Eremiti<br>IT-AL-0778 Passo della Bocchetta<br>IT-GE-0875 Giovo di Paravinico (A\/R 0,8 km sur R1)<br>IT-GE-0823a Giogo del Perdono<br>IT-GE-0900&nbsp; Passo di Praglia<br>IT-GE-0860 Colla del Canile (A\/R 0,8 km SC-R1)<\/p>\n<h4>R2, dimanche 9 juin 2019<\/h4>\n<p>D\u00e9part 08:30 de Campo Ligure \u2013 73 km \u2013 1500 m de d\u00e9nivel\u00e9 \u2013 14 cols.<\/p>\n<h5>Cols<\/h5>\n<p>IT-GE-0532 Passo del Turchino (tunnel)<br>IT-GE-0620a Giovo di Masina<br>IT-GE-0647a Giovo di Masone<br>IT-GE-0557 Colla Ribattaiola (A\/R 1,9 km)<br>IT-GE-0894 Sella del Barn\u00e9<br>IT-GE-0931 Passo della Cerusa<br>IT-GE-1061 Passo del Faiallo<br>IT-SV-0929 Colla Cianetti (A\/R 1,5 km)<br>IT-SV-0634 Passo di Pian Malone<br>IT-GE-0552 Colla Minetti<br>IT-GE-0613 Valico la Crocetta<br>IT-GE-0701 Colla (A\/R 2,1 km)<br>IT-GE-0562 Colla der Garune<br>IT-AL-0544 Colle Batura<\/p>\n<h3>VTT<\/h3>\n<h4>V1, samedi 8 juin<\/h4>\n<p>D\u00e9part 10:00, V1a de Campo Ligure 54 km, 1850 m de d\u00e9nivel\u00e9, 18 cols. Circuit r\u00e9duit: V1b, 41 km, 1100 m de d\u00e9nivel\u00e9,&nbsp; 8 cols. Le parcours est guid\u00e9 par Luigi Spina.<\/p>\n<h5>Cols<\/h5>\n<p><strong>IT-GE-0690 Sella di Franchizia<\/strong><br><strong>IT-GE-0639 Sella di Crumbi (A-R 0,5 km S1)<\/strong><br><strong>IT-GE-0847 Colla dra Giafarda<\/strong><br><strong>IT-GE-0837 Passo Prato del Lupo<\/strong><br><strong>IT-AL-0931 &nbsp;Sella Granda<\/strong><br><strong>Bivio Capanne di Marcarolo (758 m)<\/strong><br>IT-GE-0823a Giogo del Perdono (Prou Ren\u00e9)<br>IT-GE-0821a Passo Prato del Gatto<br>IT-GE-0785 Giogo di Paravanico<br>IT-GE-0779 Passo Prato Leone&nbsp; (A-R 1 km)<br>IT-GE-0900 Passo di Praglia (Prou Nerc\u00f9)<br>IT-GE-0860 Colla del Canile<br>IT-GE-0897 Colla del Proratado<br>IT-GE-0859 Colla del Garsello (A-R 1,0 km R1)<br>Ritorno a Passo di Praglia<br>IT-GE-0850 Colla di Maiana (A-R 1,5 km R1)<br>IT-GE-0710a Sella Ovest del Brec del Terma<br><strong>IT-GE-0698 Passo della Scisa<\/strong><br><strong>IT-GE-0653 Passo del Mulo<\/strong><br><strong>IT-GE-0418 Colla Blin<\/strong><\/p>\n<h4>V2, dimanche 9 juin<\/h4>\n<p>D\u00e9part 09:45, V2a d\u00e9part de Sella del Barn\u00e9, 36 km, 1200 m de d\u00e9nivel\u00e9, 13 cols. Circuit long&nbsp; V2b d\u00e9part de Campo Ligure, 60 km, 1800 m de d\u00e9nivel\u00e9, 18 cols. Le parcours V2a est guid\u00e9 par Luigi Spina.<\/p>\n<h5>Cols<\/h5>\n<p>IT-GE-0532 Passo del Turchino (tunnel)<br>IT-GE-0620a Giovo di Massina<br>IT-GE-0664 Colla del Picin<br>IT-GE-0674a Giovo di Masone<br><strong>IT-GE-0894 <\/strong><strong>Sella del Barn\u00e8<br><\/strong><strong>IT-GE-0865 <\/strong><strong>Porta del Dente<br><\/strong><strong>IT-GE-0921b <\/strong><strong>Sella del Dentino<br><\/strong><strong>IT-GE-0931 <\/strong><strong>Passo della Cerusa<br><\/strong><strong>IT-GE-1061 <\/strong><strong>Passo del Faiallo<br><\/strong><strong>IT-GE-1115a <\/strong><strong>Passo Vaccaria<br><\/strong><strong>IT-GE-1068a <\/strong><strong>Passo Crocetta<br><\/strong><strong>IT-GE-1034 <\/strong><strong>Passo Pian di Lerca<br><\/strong><strong>IT-GE-1071a <\/strong><strong>Gua da Cascinassa<br><\/strong><strong>IT-GE-1065 <\/strong><strong>Passo Notua<br><\/strong><strong>IT-GE-1091 <\/strong><strong>Passo Prato Ferretto<br><\/strong><strong>IT-GE-1083 <\/strong><strong>Colle Fontanaccia&nbsp; (A-R 0,9 km)<br><\/strong><strong>IT-GE-1086 <\/strong><strong>Colletta Montebello<br><\/strong>Ritorno a Giovo di Masone<br>IT-GE-0557 Colla Ribattaiola (A-R 1,9 km)<\/p>\n<h3>H\u00f4tel<\/h3>\n<p>Albergo Ristorante Turchino (peu \u00e9loign\u00e9 de Passo del Turchino)<br>Via Isolagiugno 109<br>16013 Campo Ligure (GE)<br>T\u00e9l. +39 010 92 13 69 \/ +39 327 178 26 21<br>[email]mail &#x69;&#x6e;&#x66;&#111;&#64;ho&#x74;&#x65;&#x6c;&#116;&#117;rc&#x68;&#x69;&#x6e;&#111;&#46;co&#x6d;[\/email]<br>Site: <a href=\"http:\/\/www.hotelturchino.com\" target=\"_blank\" rel=\"noopener noreferrer\">www.hotelturchino.com<\/a>&nbsp; &nbsp;WebCam: <a href=\"http:\/\/www.hotelturchino.it\/webcam_hd\/\" target=\"_blank\" rel=\"noopener noreferrer\">www.hotelturchino.com\/webcam<\/a><br>Attention: Google Maps donne l&rsquo;adresse un peu trop au nord. Reportez-vous \u00e0 la carte ci-dessous.<\/p>\n<p>Le prix est de 67,50 \u20ac. Vous pouvez r\u00e9server par courriel \u00e0 l\u2019h\u00f4tel en pr\u00e9cisant que vous \u00eates membre du club des Cent Cols.<\/p>\n<\/div>\n\n\n\n<h3 class=\"wp-block-heading\">Contact<\/h3>\n\n\n\n<p>Luigi Spina<br>+39 349 416 31 74<br>[email]&#x6c;&#117;&#105;g&#x69;&#x2e;&#115;p&#x69;&#x6e;&#97;&#64;&#x65;&#x6d;&#97;i&#x6c;&#x2e;&#105;t[\/email]\u00a0<\/p>\n\n\n\n<p>&nbsp;<\/p>\n\n\n\n<p>&nbsp;<\/p>\n","protected":false},"excerpt":{"rendered":"<p>Les parcours routiers Voir les fichiers de g\u00e9olocalisation. R1, samedi 8 juin D\u00e9part 10:00 de Campo Ligure, 78 km,&nbsp; 2200 m de d\u00e9nivel\u00e9, 6 cols (il y a la possibilit\u00e9 de partir de Capanne di Marcarolo pour limiter la distance, 58 km, et la d\u00e9nivellation, 1650 m). Cols IT-AL-0553 Colle degli EremitiIT-AL-0778 Passo della BocchettaIT-GE-0875 [&hellip;]<\/p>\n","protected":false},"author":136,"featured_media":82097,"comment_status":"closed","ping_status":"open","sticky":false,"template":"","format":"standard","meta":{"_acf_changed":false,"footnotes":""},"categories":[284,135,216],"tags":[],"class_list":["post-82096","post","type-post","status-publish","format-standard","has-post-thumbnail","hentry","category-les-rassemblements-de-2019","category-calendrier","category-rencontres-regionales"],"acf":[],"yoast_head":"<!-- This site is optimized with the Yoast SEO plugin v27.2 - https:\/\/yoast.com\/product\/yoast-seo-wordpress\/ -->\n<title>Raduno italiano Campo Ligure (GE) 8-9 juin 2019 - Club des Cent Cols<\/title>\n<meta name=\"robots\" content=\"index, follow, max-snippet:-1, max-image-preview:large, max-video-preview:-1\" \/>\n<link rel=\"canonical\" href=\"https:\/\/centcols.org\/it\/raduno-2019-campo\/\" \/>\n<meta property=\"og:locale\" content=\"it_IT\" \/>\n<meta property=\"og:type\" content=\"article\" \/>\n<meta property=\"og:title\" content=\"Raduno italiano Campo Ligure (GE) 8-9 juin 2019 - Club des Cent Cols\" \/>\n<meta property=\"og:description\" content=\"Les parcours routiers Voir les fichiers de g\u00e9olocalisation. R1, samedi 8 juin D\u00e9part 10:00 de Campo Ligure, 78 km,&nbsp; 2200 m de d\u00e9nivel\u00e9, 6 cols (il y a la possibilit\u00e9 de partir de Capanne di Marcarolo pour limiter la distance, 58 km, et la d\u00e9nivellation, 1650 m). Cols IT-AL-0553 Colle degli EremitiIT-AL-0778 Passo della BocchettaIT-GE-0875 [&hellip;]\" \/>\n<meta property=\"og:url\" content=\"https:\/\/centcols.org\/it\/raduno-2019-campo\/\" \/>\n<meta property=\"og:site_name\" content=\"Club des Cent Cols\" \/>\n<meta property=\"article:publisher\" content=\"https:\/\/www.facebook.com\/groups\/5261880558\/?locale=fr_FR\" \/>\n<meta property=\"article:published_time\" content=\"2018-12-16T05:30:02+00:00\" \/>\n<meta property=\"article:modified_time\" content=\"2025-09-14T19:08:34+00:00\" \/>\n<meta property=\"og:image\" content=\"https:\/\/centcols.org\/wp-content\/uploads\/2025\/05\/campo-ligure_GE.jpg\" \/>\n\t<meta property=\"og:image:width\" content=\"1000\" \/>\n\t<meta property=\"og:image:height\" content=\"661\" \/>\n\t<meta property=\"og:image:type\" content=\"image\/jpeg\" \/>\n<meta name=\"author\" content=\"Guy Harl\u00e9\" \/>\n<meta name=\"twitter:card\" content=\"summary_large_image\" \/>\n<meta name=\"twitter:label1\" content=\"Scritto da\" \/>\n\t<meta name=\"twitter:data1\" content=\"Guy Harl\u00e9\" \/>\n\t<meta name=\"twitter:label2\" content=\"Tempo di lettura stimato\" \/>\n\t<meta name=\"twitter:data2\" content=\"4 minuti\" \/>\n<script type=\"application\/ld+json\" class=\"yoast-schema-graph\">{\"@context\":\"https:\/\/schema.org\",\"@graph\":[{\"@type\":\"Article\",\"@id\":\"https:\/\/centcols.org\/raduno-2019-campo\/#article\",\"isPartOf\":{\"@id\":\"https:\/\/centcols.org\/raduno-2019-campo\/\"},\"author\":{\"name\":\"Guy Harl\u00e9\",\"@id\":\"https:\/\/centcols.org\/#\/schema\/person\/377f00da2793c0363246869bb3a344d0\"},\"headline\":\"Raduno italiano Campo Ligure (GE) 8-9 juin 2019\",\"datePublished\":\"2018-12-16T05:30:02+00:00\",\"dateModified\":\"2025-09-14T19:08:34+00:00\",\"mainEntityOfPage\":{\"@id\":\"https:\/\/centcols.org\/raduno-2019-campo\/\"},\"wordCount\":503,\"publisher\":{\"@id\":\"https:\/\/centcols.org\/#organization\"},\"image\":{\"@id\":\"https:\/\/centcols.org\/raduno-2019-campo\/#primaryimage\"},\"thumbnailUrl\":\"https:\/\/centcols.org\/wp-content\/uploads\/2025\/05\/campo-ligure_GE.jpg\",\"articleSection\":[\"2019-rassemblements\",\"Calendrier\",\"Rencontres r\u00e9gionales\"],\"inLanguage\":\"it-IT\"},{\"@type\":\"WebPage\",\"@id\":\"https:\/\/centcols.org\/raduno-2019-campo\/\",\"url\":\"https:\/\/centcols.org\/raduno-2019-campo\/\",\"name\":\"Raduno italiano Campo Ligure (GE) 8-9 juin 2019 - Club des Cent Cols\",\"isPartOf\":{\"@id\":\"https:\/\/centcols.org\/#website\"},\"primaryImageOfPage\":{\"@id\":\"https:\/\/centcols.org\/raduno-2019-campo\/#primaryimage\"},\"image\":{\"@id\":\"https:\/\/centcols.org\/raduno-2019-campo\/#primaryimage\"},\"thumbnailUrl\":\"https:\/\/centcols.org\/wp-content\/uploads\/2025\/05\/campo-ligure_GE.jpg\",\"datePublished\":\"2018-12-16T05:30:02+00:00\",\"dateModified\":\"2025-09-14T19:08:34+00:00\",\"breadcrumb\":{\"@id\":\"https:\/\/centcols.org\/raduno-2019-campo\/#breadcrumb\"},\"inLanguage\":\"it-IT\",\"potentialAction\":[{\"@type\":\"ReadAction\",\"target\":[\"https:\/\/centcols.org\/raduno-2019-campo\/\"]}]},{\"@type\":\"ImageObject\",\"inLanguage\":\"it-IT\",\"@id\":\"https:\/\/centcols.org\/raduno-2019-campo\/#primaryimage\",\"url\":\"https:\/\/centcols.org\/wp-content\/uploads\/2025\/05\/campo-ligure_GE.jpg\",\"contentUrl\":\"https:\/\/centcols.org\/wp-content\/uploads\/2025\/05\/campo-ligure_GE.jpg\",\"width\":1000,\"height\":661},{\"@type\":\"BreadcrumbList\",\"@id\":\"https:\/\/centcols.org\/raduno-2019-campo\/#breadcrumb\",\"itemListElement\":[{\"@type\":\"ListItem\",\"position\":1,\"name\":\"Accueil\",\"item\":\"https:\/\/centcols.org\/\"},{\"@type\":\"ListItem\",\"position\":2,\"name\":\"Calendrier\",\"item\":\"https:\/\/centcols.org\/rubrique\/calendrier\/\"},{\"@type\":\"ListItem\",\"position\":3,\"name\":\"Raduno italiano Campo Ligure (GE) 8-9 juin 2019\"}]},{\"@type\":\"WebSite\",\"@id\":\"https:\/\/centcols.org\/#website\",\"url\":\"https:\/\/centcols.org\/\",\"name\":\"Club des Cent Cols\",\"description\":\"\",\"publisher\":{\"@id\":\"https:\/\/centcols.org\/#organization\"},\"potentialAction\":[{\"@type\":\"SearchAction\",\"target\":{\"@type\":\"EntryPoint\",\"urlTemplate\":\"https:\/\/centcols.org\/?s={search_term_string}\"},\"query-input\":{\"@type\":\"PropertyValueSpecification\",\"valueRequired\":true,\"valueName\":\"search_term_string\"}}],\"inLanguage\":\"it-IT\"},{\"@type\":\"Organization\",\"@id\":\"https:\/\/centcols.org\/#organization\",\"name\":\"Club des Cent Cols\",\"url\":\"https:\/\/centcols.org\/\",\"logo\":{\"@type\":\"ImageObject\",\"inLanguage\":\"it-IT\",\"@id\":\"https:\/\/centcols.org\/#\/schema\/logo\/image\/\",\"url\":\"https:\/\/centcols.org\/wp-content\/uploads\/2025\/01\/carte-icone.png\",\"contentUrl\":\"https:\/\/centcols.org\/wp-content\/uploads\/2025\/01\/carte-icone.png\",\"width\":250,\"height\":250,\"caption\":\"Club des Cent Cols\"},\"image\":{\"@id\":\"https:\/\/centcols.org\/#\/schema\/logo\/image\/\"},\"sameAs\":[\"https:\/\/www.facebook.com\/groups\/5261880558\/?locale=fr_FR\"]},{\"@type\":\"Person\",\"@id\":\"https:\/\/centcols.org\/#\/schema\/person\/377f00da2793c0363246869bb3a344d0\",\"name\":\"Guy Harl\u00e9\",\"image\":{\"@type\":\"ImageObject\",\"inLanguage\":\"it-IT\",\"@id\":\"https:\/\/centcols.org\/wp-content\/litespeed\/avatar\/94c4de37e46cf090f296d42ab3e8d6a6.jpg?ver=1777238144\",\"url\":\"https:\/\/centcols.org\/wp-content\/litespeed\/avatar\/94c4de37e46cf090f296d42ab3e8d6a6.jpg?ver=1777238144\",\"contentUrl\":\"https:\/\/centcols.org\/wp-content\/litespeed\/avatar\/94c4de37e46cf090f296d42ab3e8d6a6.jpg?ver=1777238144\",\"caption\":\"Guy Harl\u00e9\"},\"url\":\"https:\/\/centcols.org\/it\/author\/5193\/\"}]}<\/script>\n<!-- \/ Yoast SEO plugin. -->","yoast_head_json":{"title":"Raduno italiano Campo Ligure (GE) 8-9 giugno 2019 - Club des Cent Cols","robots":{"index":"index","follow":"follow","max-snippet":"max-snippet:-1","max-image-preview":"max-image-preview:large","max-video-preview":"max-video-preview:-1"},"canonical":"https:\/\/centcols.org\/it\/raduno-2019-campo\/","og_locale":"it_IT","og_type":"article","og_title":"Raduno italiano Campo Ligure (GE) 8-9 juin 2019 - Club des Cent Cols","og_description":"Les parcours routiers Voir les fichiers de g\u00e9olocalisation. R1, samedi 8 juin D\u00e9part 10:00 de Campo Ligure, 78 km,&nbsp; 2200 m de d\u00e9nivel\u00e9, 6 cols (il y a la possibilit\u00e9 de partir de Capanne di Marcarolo pour limiter la distance, 58 km, et la d\u00e9nivellation, 1650 m). Cols IT-AL-0553 Colle degli EremitiIT-AL-0778 Passo della BocchettaIT-GE-0875 [&hellip;]","og_url":"https:\/\/centcols.org\/it\/raduno-2019-campo\/","og_site_name":"Club des Cent Cols","article_publisher":"https:\/\/www.facebook.com\/groups\/5261880558\/?locale=fr_FR","article_published_time":"2018-12-16T05:30:02+00:00","article_modified_time":"2025-09-14T19:08:34+00:00","og_image":[{"width":1000,"height":661,"url":"https:\/\/centcols.org\/wp-content\/uploads\/2025\/05\/campo-ligure_GE.jpg","type":"image\/jpeg"}],"author":"Guy Harl\u00e9","twitter_card":"summary_large_image","twitter_misc":{"Scritto da":"Guy Harl\u00e9","Tempo di lettura stimato":"4 minuti"},"schema":{"@context":"https:\/\/schema.org","@graph":[{"@type":"Article","@id":"https:\/\/centcols.org\/raduno-2019-campo\/#article","isPartOf":{"@id":"https:\/\/centcols.org\/raduno-2019-campo\/"},"author":{"name":"Guy Harl\u00e9","@id":"https:\/\/centcols.org\/#\/schema\/person\/377f00da2793c0363246869bb3a344d0"},"headline":"Raduno italiano Campo Ligure (GE) 8-9 juin 2019","datePublished":"2018-12-16T05:30:02+00:00","dateModified":"2025-09-14T19:08:34+00:00","mainEntityOfPage":{"@id":"https:\/\/centcols.org\/raduno-2019-campo\/"},"wordCount":503,"publisher":{"@id":"https:\/\/centcols.org\/#organization"},"image":{"@id":"https:\/\/centcols.org\/raduno-2019-campo\/#primaryimage"},"thumbnailUrl":"https:\/\/centcols.org\/wp-content\/uploads\/2025\/05\/campo-ligure_GE.jpg","articleSection":["2019-rassemblements","Calendrier","Rencontres r\u00e9gionales"],"inLanguage":"it-IT"},{"@type":"WebPage","@id":"https:\/\/centcols.org\/raduno-2019-campo\/","url":"https:\/\/centcols.org\/raduno-2019-campo\/","name":"Raduno italiano Campo Ligure (GE) 8-9 giugno 2019 - Club des Cent Cols","isPartOf":{"@id":"https:\/\/centcols.org\/#website"},"primaryImageOfPage":{"@id":"https:\/\/centcols.org\/raduno-2019-campo\/#primaryimage"},"image":{"@id":"https:\/\/centcols.org\/raduno-2019-campo\/#primaryimage"},"thumbnailUrl":"https:\/\/centcols.org\/wp-content\/uploads\/2025\/05\/campo-ligure_GE.jpg","datePublished":"2018-12-16T05:30:02+00:00","dateModified":"2025-09-14T19:08:34+00:00","breadcrumb":{"@id":"https:\/\/centcols.org\/raduno-2019-campo\/#breadcrumb"},"inLanguage":"it-IT","potentialAction":[{"@type":"ReadAction","target":["https:\/\/centcols.org\/raduno-2019-campo\/"]}]},{"@type":"ImageObject","inLanguage":"it-IT","@id":"https:\/\/centcols.org\/raduno-2019-campo\/#primaryimage","url":"https:\/\/centcols.org\/wp-content\/uploads\/2025\/05\/campo-ligure_GE.jpg","contentUrl":"https:\/\/centcols.org\/wp-content\/uploads\/2025\/05\/campo-ligure_GE.jpg","width":1000,"height":661},{"@type":"BreadcrumbList","@id":"https:\/\/centcols.org\/raduno-2019-campo\/#breadcrumb","itemListElement":[{"@type":"ListItem","position":1,"name":"Accueil","item":"https:\/\/centcols.org\/"},{"@type":"ListItem","position":2,"name":"Calendrier","item":"https:\/\/centcols.org\/rubrique\/calendrier\/"},{"@type":"ListItem","position":3,"name":"Raduno italiano Campo Ligure (GE) 8-9 juin 2019"}]},{"@type":"WebSite","@id":"https:\/\/centcols.org\/#website","url":"https:\/\/centcols.org\/","name":"Club des Cent Cols","description":"","publisher":{"@id":"https:\/\/centcols.org\/#organization"},"potentialAction":[{"@type":"SearchAction","target":{"@type":"EntryPoint","urlTemplate":"https:\/\/centcols.org\/?s={search_term_string}"},"query-input":{"@type":"PropertyValueSpecification","valueRequired":true,"valueName":"search_term_string"}}],"inLanguage":"it-IT"},{"@type":"Organization","@id":"https:\/\/centcols.org\/#organization","name":"Club des Cent Cols","url":"https:\/\/centcols.org\/","logo":{"@type":"ImageObject","inLanguage":"it-IT","@id":"https:\/\/centcols.org\/#\/schema\/logo\/image\/","url":"https:\/\/centcols.org\/wp-content\/uploads\/2025\/01\/carte-icone.png","contentUrl":"https:\/\/centcols.org\/wp-content\/uploads\/2025\/01\/carte-icone.png","width":250,"height":250,"caption":"Club des Cent Cols"},"image":{"@id":"https:\/\/centcols.org\/#\/schema\/logo\/image\/"},"sameAs":["https:\/\/www.facebook.com\/groups\/5261880558\/?locale=fr_FR"]},{"@type":"Person","@id":"https:\/\/centcols.org\/#\/schema\/person\/377f00da2793c0363246869bb3a344d0","name":"Guy Harl\u00e9","image":{"@type":"ImageObject","inLanguage":"it-IT","@id":"https:\/\/centcols.org\/wp-content\/litespeed\/avatar\/94c4de37e46cf090f296d42ab3e8d6a6.jpg?ver=1777238144","url":"https:\/\/centcols.org\/wp-content\/litespeed\/avatar\/94c4de37e46cf090f296d42ab3e8d6a6.jpg?ver=1777238144","contentUrl":"https:\/\/centcols.org\/wp-content\/litespeed\/avatar\/94c4de37e46cf090f296d42ab3e8d6a6.jpg?ver=1777238144","caption":"Guy Harl\u00e9"},"url":"https:\/\/centcols.org\/it\/author\/5193\/"}]}},"_links":{"self":[{"href":"https:\/\/centcols.org\/it\/wp-json\/wp\/v2\/posts\/82096","targetHints":{"allow":["GET"]}}],"collection":[{"href":"https:\/\/centcols.org\/it\/wp-json\/wp\/v2\/posts"}],"about":[{"href":"https:\/\/centcols.org\/it\/wp-json\/wp\/v2\/types\/post"}],"author":[{"embeddable":true,"href":"https:\/\/centcols.org\/it\/wp-json\/wp\/v2\/users\/136"}],"replies":[{"embeddable":true,"href":"https:\/\/centcols.org\/it\/wp-json\/wp\/v2\/comments?post=82096"}],"version-history":[{"count":0,"href":"https:\/\/centcols.org\/it\/wp-json\/wp\/v2\/posts\/82096\/revisions"}],"wp:featuredmedia":[{"embeddable":true,"href":"https:\/\/centcols.org\/it\/wp-json\/wp\/v2\/media\/82097"}],"wp:attachment":[{"href":"https:\/\/centcols.org\/it\/wp-json\/wp\/v2\/media?parent=82096"}],"wp:term":[{"taxonomy":"category","embeddable":true,"href":"https:\/\/centcols.org\/it\/wp-json\/wp\/v2\/categories?post=82096"},{"taxonomy":"post_tag","embeddable":true,"href":"https:\/\/centcols.org\/it\/wp-json\/wp\/v2\/tags?post=82096"}],"curies":[{"name":"wp","href":"https:\/\/api.w.org\/{rel}","templated":true}]}}