{"id":82117,"date":"2019-02-16T17:04:58","date_gmt":"2019-02-16T15:04:58","guid":{"rendered":"https:\/\/centcols.org\/sejour-dete-a-saint-die-des-vosges-20-au-27-juillet-2019\/"},"modified":"2025-10-22T19:45:36","modified_gmt":"2025-10-22T17:45:36","slug":"rimanere-2019-st-morire","status":"publish","type":"post","link":"https:\/\/centcols.org\/it\/sejour-2019-st-die\/","title":{"rendered":"Soggiorno estivo a Saint-Di\u00e9-des-Vosges dal 20 al 27 luglio 2019"},"content":{"rendered":"\n<blockquote class=\"wp-block-quote is-layout-flow wp-block-quote-is-layout-flow\">\n<p><span style=\"color: #808080;\">Ont contribu\u00e9 \u00e0 cette page de pr\u00e9sentation du s\u00e9jour Christophe Badonnel, les responsables informatique et s\u00e9jours.<\/span><\/p>\n<\/blockquote>\n\n\n\n<p>\u00c0 voir: <a href=\"https:\/\/centcols.org\/video-st-die-2019\/\">vid\u00e9o de la t\u00e9l\u00e9vision vi\u00e0Vosges<\/a> tourn\u00e9e \u00e0 l&rsquo;occasion de ce s\u00e9jour.<\/p>\n\n\n<div class=\"wp-block-image wp-image-35153\">\n<figure class=\"aligncenter size-full is-resized\"><a href=\"https:\/\/centcols.org\/wp-content\/uploads\/2019\/02\/vue-aerienne.jpg\"><img loading=\"lazy\" decoding=\"async\" width=\"1280\" height=\"850\" src=\"https:\/\/centcols.org\/wp-content\/uploads\/2019\/02\/vue-aerienne.jpg\" alt=\"\" class=\"wp-image-88605\" style=\"width:800px\" srcset=\"https:\/\/centcols.org\/wp-content\/uploads\/2019\/02\/vue-aerienne.jpg 1280w, https:\/\/centcols.org\/wp-content\/uploads\/2019\/02\/vue-aerienne-1200x797.jpg 1200w, https:\/\/centcols.org\/wp-content\/uploads\/2019\/02\/vue-aerienne-768x510.jpg 768w\" sizes=\"auto, (max-width: 1280px) 100vw, 1280px\" \/><\/a><figcaption class=\"wp-element-caption\">La Bolle vue a\u00e9rienne (photo La Bolle)<\/figcaption><\/figure>\n<\/div>\n\n\n<p><span style=\"color: #000000;\">Apr\u00e8s Mittelwihr, Bitche et Bussang, nous serons \u00e0 nouveau dans le massif vosgien cet \u00e9t\u00e9 2019. A l&rsquo;invitation de Christophe Badonnel et d&rsquo;une \u00e9quipe rassembl\u00e9e autour de lui, nous allons s\u00e9journer \u00e0 Saint-Di\u00e9-des-Vosges et parcourir de nouveaux cantons vosgiens.<\/span><\/p>\n\n\n<div class=\"wp-block-image wp-image-34887\">\n<figure class=\"alignright size-full\"><img loading=\"lazy\" decoding=\"async\" width=\"496\" height=\"500\" src=\"https:\/\/centcols.org\/wp-content\/uploads\/2019\/02\/Carte-GMaps-496x500-1.jpg\" alt=\"\" class=\"wp-image-88607\" srcset=\"https:\/\/centcols.org\/wp-content\/uploads\/2019\/02\/Carte-GMaps-496x500-1.jpg 496w, https:\/\/centcols.org\/wp-content\/uploads\/2019\/02\/Carte-GMaps-496x500-1-150x150.jpg 150w\" sizes=\"auto, (max-width: 496px) 100vw, 496px\" \/><figcaption class=\"wp-element-caption\">Carte de situation<\/figcaption><\/figure>\n<\/div>\n\n\n<p><span style=\"color: #000000;\">Sant-Di\u00e9-des-Vosges est situ\u00e9 sur le versant ouest des Vosges \u00e0 environ 80 km au sud-est de Nancy, et une cinquantaine de km au nord-est d&rsquo;Epinal.<\/span><\/p>\n\n\n\n<p><span style=\"color: #000000;\">Nous s\u00e9journerons dans un grand \u00e9tablissement situ\u00e9 \u00e0 5 kilom\u00e8tres du centre ville. Il s&rsquo;agit du Village Vacances La Bolle qui appartient au groupe Cap France.&nbsp;<\/span><\/p>\n\n\n\n<h3 class=\"wp-block-heading\"><span style=\"color: #000000;\">Vous trouverez ci-dessous les rubriques :<\/span><\/h3>\n\n\n\n<ul class=\"wp-block-list\">\n<li><span style=\"color: #000000;\">Pr\u00e9sentation de la r\u00e9gion<\/span><\/li>\n\n\n\n<li><a href=\"\/membres\/cctours\/tours.php?lieu=St-Di\u00e9&amp;an=2019\"><span style=\"color: #000000;\">Les circuits<\/span><\/a><\/li>\n\n\n\n<li><span style=\"color: #000000;\">H\u00e9bergement<\/span><\/li>\n\n\n\n<li><span style=\"color: #000000;\">Note du Conseil d&rsquo;Administration<\/span><\/li>\n\n\n\n<li><span style=\"color: #000000;\">Inscription<\/span><\/li>\n\n\n\n<li><span style=\"color: #000000;\">Rassemblement commun Club des Cent Cols et BIG<\/span><\/li>\n\n\n\n<li><span style=\"color: #000000;\">Autres activit\u00e9s ou visites&nbsp; &nbsp;<\/span><\/li>\n<\/ul>\n\n\n\n<h2 class=\"wp-block-heading\">Quelques \u00e9l\u00e9ments pour l&rsquo;arriv\u00e9e<\/h2>\n\n\n\n<ul class=\"wp-block-list\">\n<li>L\u2019accueil des participants se fera \u00e0 partir de 15h30. Christophe et moi assurerons l\u2019accueil \u201dCent Cols\u201d et le personnel du centre de vacances l\u2019accueil \u201dh\u00e9bergement\u201d<\/li>\n\n\n\n<li>Un accueil sera assur\u00e9 par l\u2019Office de Tourisme de Saint-Di\u00e9 de 17h \u00e0 17h45. Il pourra r\u00e9pondre \u00e0 toutes vos questions sur la r\u00e9gion, les possibilit\u00e9s de visite, etc.<\/li>\n\n\n\n<li>A 18h, dans la grande salle, les traditionnels discours de bienvenue et messages pratiques seront suivi du pot d\u2019accueil<\/li>\n\n\n\n<li>Des rubans\/bracelets vous serons remis, d\u2019une couleur pour ceux qui sont en pension compl\u00e8te, d\u2019une autre pour ceux qui ont pris le forfait 7 repas du soir et enfin d\u2019une troisi\u00e8me pour les autres membres pr\u00e9sents \u00e0 ce s\u00e9jour<\/li>\n\n\n\n<li>La boutique, comme cela a \u00e9t\u00e9 annonc\u00e9 par un pr\u00e9c\u00e9dent mail, sera ouverte dimanche de 18h \u00e0 18h30 <strong>seulement pour les personnes ayant fait des pr\u00e9-r\u00e9servations par mail, <\/strong>puis lundi de 17h30 \u00e0 19h pour tous les membres. Il y aura au moins une autre ouverture de la boutique dans la semaine, cela sera pr\u00e9cis\u00e9 sur place.<\/li>\n\n\n\n<li>Comme d\u2019habitude, les cartes des circuits au format A3, que G\u00e9rard Birelli a pr\u00e9par\u00e9es, seront affich\u00e9es ainsi que le trombinoscope<\/li>\n<\/ul>\n\n\n\n<h2 class=\"wp-block-heading\">Pr\u00e9sentation de la r\u00e9gion de Saint-Di\u00e9-des-Vosges<\/h2>\n\n\n\n<p>&nbsp; &nbsp; &nbsp; &nbsp; &nbsp; &nbsp;Situ\u00e9e sur les berges de la Meurthe au pied de quatre massifs montagneux (l\u2019Ormont, la Bure, la Madeleine et le Kemberg) Saint-Di\u00e9-des-Vosges se situe \u00e0 \u00e9gale distance de Nancy et Strasbourg. Son altitude est de 338 m\u00e8tres avec un point culminant \u00e0 901 m\u00e8tres (Roche du Sapin Sec dans le massif de l\u2019Ormont).<\/p>\n\n\n<div class=\"wp-block-image\">\n<figure class=\"aligncenter size-full is-resized\"><a href=\"https:\/\/centcols.org\/wp-content\/uploads\/2019\/02\/IMG_20190401_Saint-Die-vue-depuis-le-col-du-Kiosque-r.jpg\"><img loading=\"lazy\" decoding=\"async\" width=\"1024\" height=\"637\" src=\"https:\/\/centcols.org\/wp-content\/uploads\/2019\/02\/IMG_20190401_Saint-Die-vue-depuis-le-col-du-Kiosque-r.jpg\" alt=\"\" class=\"wp-image-88608\" style=\"aspect-ratio:1;width:800px\" srcset=\"https:\/\/centcols.org\/wp-content\/uploads\/2019\/02\/IMG_20190401_Saint-Die-vue-depuis-le-col-du-Kiosque-r.jpg 1024w, https:\/\/centcols.org\/wp-content\/uploads\/2019\/02\/IMG_20190401_Saint-Die-vue-depuis-le-col-du-Kiosque-r-768x478.jpg 768w\" sizes=\"auto, (max-width: 1024px) 100vw, 1024px\" \/><\/a><figcaption class=\"wp-element-caption\">Saint-Di\u00e9 vue depuis le col du Kiosque (photo Ch. Badonnel)<\/figcaption><\/figure>\n<\/div>\n\n\n<p>Wikipedia nous offre une rapide histoire de la ville.<\/p>\n\n\n\n<p>\u201c<em>Chef-lieu d\u2019un ban&nbsp;<a href=\"https:\/\/fr.wikipedia.org\/wiki\/M%C3%A9rovingiens\">m\u00e9rovingien<\/a>, la ville de Saint-Di\u00e9-des-Vosges s\u2019est p\u00e9rennis\u00e9e par de prestigieux&nbsp;<a href=\"https:\/\/fr.wikipedia.org\/wiki\/Monast%C3%A8res\">monast\u00e8res<\/a>&nbsp;et sanctuaires chr\u00e9tiens, accueillant p\u00e8lerins et malades. Si au XII\u00e8me, l\u2019\u00e9glise Saint-Di\u00e9 \u00e9rig\u00e9e en&nbsp;<a href=\"https:\/\/fr.wikipedia.org\/wiki\/Chapitre_de_religieux\">chapitre<\/a>&nbsp;et ses&nbsp;<a href=\"https:\/\/fr.wikipedia.org\/wiki\/Chanoine\">chanoines<\/a>&nbsp;essaient de fonder une ville autour de leur&nbsp;<a href=\"https:\/\/fr.wikipedia.org\/wiki\/Coll%C3%A9giale\">coll\u00e9giale<\/a>&nbsp;et commencent \u00e0 l\u2019entourer de murailles et de tours, c\u2019est au si\u00e8cle suivant que la ville na\u00eet v\u00e9ritablement par une association entre le&nbsp;<a href=\"https:\/\/fr.wikipedia.org\/wiki\/Duch%C3%A9_de_Lorraine\">duc de Lorraine<\/a>&nbsp;et la coll\u00e9giale.<br>Apr\u00e8s l\u2019incendie du 27 juillet 1757 au centre-ville, la grand\u2019rue est reconstruite sous&nbsp;<a href=\"https:\/\/fr.wikipedia.org\/wiki\/Stanislas_Leszczynski\">Stanislas<\/a>, Duc de Lorraine \u00e0 titre viager&nbsp;; un urbanisme fran\u00e7ais rectiligne promeut art\u00e8res et ponts, ainsi la rue Stanislas, la rue des Trois-Villes, le Grand Pont\u2026 La ville se d\u00e9veloppe avec la b\u00e9n\u00e9diction des autorit\u00e9s fran\u00e7aises. Centre de subd\u00e9l\u00e9gation, elle rassemble administrations foresti\u00e8res, justices et surtout&nbsp;<a href=\"https:\/\/fr.wikipedia.org\/wiki\/%C3%89v%C3%AAch%C3%A9\">\u00e9v\u00each\u00e9<\/a>&nbsp;(\u00e9rig\u00e9 en 1777).<br>La commune a connu un essor industriel, notamment dans le tissage, entre 1830 et 1890. Elle est connue pour sa braderie \u00e0 la fin septembre, h\u00e9riti\u00e8re de ses foires d\u2019automne.<br>Elle tient son nom du chr\u00e9tien&nbsp;<a href=\"https:\/\/fr.wikipedia.org\/wiki\/Saint_Di%C3%A9\">Saint Di\u00e9<\/a>, fondateur de ban et&nbsp;<a href=\"https:\/\/fr.wikipedia.org\/wiki\/Chor%C3%A9v%C3%AAque\">moine chor\u00e9v\u00eaque<\/a>&nbsp;(c\u2019est-\u00e0-dire&nbsp;\u00e9v\u00eaque de la campagne) de rite colombanien (de&nbsp;<a href=\"https:\/\/fr.wikipedia.org\/wiki\/Colomban_de_Luxeuil\">saint Colomban<\/a>, moine irlandais), d\u00e9nomm\u00e9 en latin&nbsp;Deodatus, en fran\u00e7ais D\u00e9odat ou Dieudonn\u00e9, abr\u00e9g\u00e9 par l\u2019usage en Di\u00e9. Longtemps d\u00e9nomm\u00e9e Saint-Di\u00e9, la commune a pris officiellement son nom actuel de Saint-Di\u00e9-des-Vosges \u00e0 compter du&nbsp;<a href=\"https:\/\/fr.wikipedia.org\/wiki\/29_d%C3%A9cembre\">29<\/a>&nbsp;<a href=\"https:\/\/fr.wikipedia.org\/wiki\/D%C3%A9cembre_1999\">d\u00e9cembre<\/a>&nbsp;<a href=\"https:\/\/fr.wikipedia.org\/wiki\/1999\">199<\/a><a href=\"https:\/\/fr.wikipedia.org\/wiki\/Saint-Di%C3%A9-des-Vosges#cite_note-4\">4<\/a><\/em>.\u201d<\/p>\n\n\n\n<p>La r\u00e9gion que nous allons parcourir fait partie des Hautes Vosges Lorraines. On y trouve beaucoup de falaises de gr\u00e8s vosgien \u00e0 la couleur rose caract\u00e9ristique, de belles for\u00eats bien entretenues, parcourues par de nombreux chemins assez accessibles. Le gr\u00e8s a tendance \u00e0 s\u2019effriter avec le temps et nous trouverons beaucoup de sable sur les pistes et sentiers. Les vall\u00e9es sont plut\u00f4t larges et accessibles, et beaucoup de nos circuits resteront \u00e0 des altitudes raisonnables (inf\u00e9rieure \u00e0 800 ou 1000 m).<\/p>\n\n\n\n<p>Nous serons accueillis au Village Vacances La Bolle (Cap France) situ\u00e9 \u00e0 moins de 10 minutes du centre ville. Situ\u00e9 dans un parc assez vaste, il est compos\u00e9 de chalets et d\u2019un grand b\u00e2timent compos\u00e9 de chambres, de salles diverses, du restaurant (en libre service partiel) et des espaces communs. Les deux piscines (chauff\u00e9es), l\u2019espace bien-\u00eatre et le spa, les tables de ping-pong, le terrain de p\u00e9tanque, etc. seront \u00e0 notre disposition. Chaque soir des animations seront propos\u00e9es par le Village Vacances. Nous serons log\u00e9s en chambres \u00e0 deux personnes avec sanitaires privatifs<\/p>\n\n\n\n<h2 class=\"wp-block-heading\"><a href=\"\/membres\/cctours\/tours.php?lieu=St-Di\u00e9&amp;an=2019\">Les parcours<\/a><\/h2>\n\n\n\n<p>Chaque jour un circuit route et un circuit VTT vous sera propos\u00e9 (plus, peut-\u00eatre, quelques circuits libres). Ils sont tous de longueur, d\u00e9nivel\u00e9e et difficult\u00e9 accessibles \u00e0 tous nos membres. Tous les circuits VTT ont \u00e9t\u00e9 reconnus sur le terrain. Les circuits VTT combineront en g\u00e9n\u00e9ral cols routiers et cols muletiers, la plupart du temps sur routes et pistes tr\u00e8s cyclables. Vous trouverez plus de d\u00e9tails et une cotation simple des circuits dans le descriptif de ces circuits (dans la plaquette en cours de pr\u00e9paration et sur le site).<\/p>\n\n\n\n<p>Au d\u00e9but ou \u00e0 la fin de deux de ces circuits, une activit\u00e9 touristique sera propos\u00e9e aux cyclos (et aux accompagnants) : la visite de l&rsquo;\u00e9glise romane de Champ-le-Duc, et la visite d&rsquo;une ancienne scierie hydraulique (appel\u00e9e \u00ab\u00a0haut fer\u00a0\u00bb), toujours en \u00e9tat de marche, transform\u00e9e en mus\u00e9e.<\/p>\n\n\n\n<h4 class=\"wp-block-heading\">Le rassemblement annuel du Club des Cent Cols<\/h4>\n\n\n<div class=\"wp-block-image\">\n<figure class=\"aligncenter size-full is-resized\"><a href=\"https:\/\/centcols.org\/wp-content\/uploads\/2019\/02\/IMG_20190412-Col-de-la-Crenee-r.jpg\"><img loading=\"lazy\" decoding=\"async\" width=\"1024\" height=\"639\" src=\"https:\/\/centcols.org\/wp-content\/uploads\/2019\/02\/IMG_20190412-Col-de-la-Crenee-r.jpg\" alt=\"\" class=\"wp-image-88609\" style=\"width:800px\" srcset=\"https:\/\/centcols.org\/wp-content\/uploads\/2019\/02\/IMG_20190412-Col-de-la-Crenee-r.jpg 1024w, https:\/\/centcols.org\/wp-content\/uploads\/2019\/02\/IMG_20190412-Col-de-la-Crenee-r-768x479.jpg 768w\" sizes=\"auto, (max-width: 1024px) 100vw, 1024px\" \/><\/a><figcaption class=\"wp-element-caption\">Col de la Cren\u00e9e (photo Ch. Badonnel)<\/figcaption><\/figure>\n<\/div>\n\n\n<p>Il aura lieu le <strong>samedi 27 juillet \u00e0 partir de 11h<\/strong> au <a href=\"\/util\/geo\/visuGen.php?code=FR-88-0550\">col de la Cren\u00e9e FR-88-0550<\/a> (routier d&rsquo;un c\u00f4t\u00e9 et muletier de l&rsquo;autre). Il y a de la place pour les festivit\u00e9s, le pot et le pique-nique. Les pique-niques seront pris au centre le matin, comme les autres jours, il n&rsquo;y aura pas de restauration sur place. Une solution de repli sera disponible en cas de mauvais temps.<\/p>\n\n\n\n<p>Le col se trouve dans le camp celtique de la Bure. Site arch\u00e9ologique class\u00e9 Monument Historique en 1982, la Bure est, en Lorraine, le deuxi\u00e8me site arch\u00e9ologique majeur apr\u00e8s celui de Grand.<\/p>\n\n\n\n<h4 class=\"wp-block-heading\"><a href=\"\/membres\/cctours\/tours.php?lieu=St-Di\u00e9&amp;an=2019&amp;genre=R\">Circuits routiers<\/a><\/h4>\n\n\n\n<p><strong>R1 : Saint-Jean-d&rsquo;Ormont.&nbsp;<\/strong>94 km, 2000 m de d\u00e9nivel\u00e9e positive et 10 cols. Le circuit culmine \u00e0 1077 m au col du Champ du Feu.<\/p>\n\n\n\n<p><strong>R2 : Orbey. <\/strong>84 km, 1930 m de d\u00e9nivel\u00e9e positive et 7 cols.&nbsp;Le circuit culmine \u00e0 987 m.<\/p>\n\n\n\n<p><strong>R3 : Fraize.&nbsp;<\/strong>86 km, 1900 m de d\u00e9nivel\u00e9e positive et 16 cols.&nbsp;Le circuit culmine \u00e0 1225 m au col du Lac Vert sur la route des Cr\u00eates.<\/p>\n\n\n\n<p><strong>R4 : La Halli\u00e8re.&nbsp;<\/strong>91 km, 1600 m de d\u00e9nivel\u00e9e positive et 9 cols.&nbsp;Le circuit culmine \u00e0 823 m au col d&rsquo;Entre les Deux Donons..<\/p>\n\n\n\n<p><strong>R5 : Champ-le-Duc. <\/strong>72&nbsp;km, 1100 m de d\u00e9nivel\u00e9e positive et 5 cols.&nbsp;Le circuit culmine \u00e0 797 m au col de Martinpr\u00e9.<\/p>\n\n\n\n<p><strong>R6 : La Bolle. <\/strong>88&nbsp;km, 1300 m de d\u00e9nivel\u00e9e positive et 7 cols.&nbsp;Le circuit culmine \u00e0 606 m au col du Haut Jacques.<\/p>\n\n\n\n<p><strong>R7 :&nbsp;<\/strong><strong>Rassemblement au col de la Cren\u00e9e. <\/strong>Au d\u00e9part du centre, ce circuit commun aux routiers et aux adeptes du VTT fait 24 km et 350 m de d\u00e9nivel\u00e9e positive. Il vous permettra de glaner 2 cols.<\/p>\n\n\n\n<h4 class=\"wp-block-heading\"><a href=\"\/membres\/cctours\/tours.php?lieu=St-Di\u00e9&amp;an=2019&amp;genre=V\">Circuits VTT<\/a><\/h4>\n\n\n\n<p><strong>V1 : Saint-Jean-d&rsquo;Ormont. <\/strong>Ce circuit de 40 km et 1150 m de d\u00e9nivel\u00e9e positive, cyclable \u00e0 95% vous permettra d&rsquo;atteindre 11 cols entre 500 m et presque 900 m d&rsquo;altitude.<\/p>\n\n\n\n<p><strong>V2 : Lusse.&nbsp;<\/strong>Ce circuit de 38 km et 1130 m de d\u00e9nivel\u00e9e positive est cyclable \u00e0 90% et vous permettra de franchir 9 cols jusqu&rsquo;\u00e0 800 m d&rsquo;altitude.<\/p>\n\n\n\n<p><strong>V3 : Celles-sur-Plaine.&nbsp;<\/strong>Ce circuit de 47 km et 1000 m de d\u00e9nivel\u00e9e positive est cyclable \u00e0 98%. Il vous conduira \u00e0 9 cols tous en dessous de 800m. Dans la descente apr\u00e8s le dernier col, vous passerez \u00e0 c\u00f4t\u00e9 du superbe lac sauvage de la Maix. \u00c0 l&rsquo;arriv\u00e9e, vous pourrez continuer une centaine de m\u00e8tres jusqu&rsquo;au camping et sa terrasse qui sert votre boisson pr\u00e9f\u00e9r\u00e9e!<\/p>\n\n\n\n<p><strong>V4 : La Halli\u00e8re.&nbsp;<\/strong>Circuit de 37 km et 900 m de d\u00e9nivel\u00e9e positive, cyclable \u00e0 98%. Le d\u00e9part se fait du parking situ\u00e9 \u00e0 c\u00f4t\u00e9 de la scierie de Haut Fer (mue par la seule force hydraulique) que vous pourrez visiter \u00e0 votre retour, apr\u00e8s avoir franchi 10 cols, tous \u00e0 moins de 600 m d&rsquo;altitude.<\/p>\n\n\n\n<p><strong>V5 : Champ-le-Duc.&nbsp;<\/strong>Circuit de 45 km et 1070 m de d\u00e9nivel\u00e9e positive, cyclable \u00e0 95%. Dans le village de d\u00e9part et d&rsquo;arriv\u00e9e, vous trouverez une superbe \u00e9glise romane du XII \u00e8me si\u00e8cle qui se visite. La sortie vous fera passer par 9 cols, tous en dessous de 700 m.<\/p>\n\n\n\n<p><strong>V6 : La Bolle.<\/strong>&nbsp;Parcours au d\u00e9part du centre de vacances, 44 km et 1100 m de d\u00e9nivel\u00e9e positive, avec environ 80% sur le v\u00e9lo. Il vous fera franchir 11 cols, le plus haut \u00e9tant \u00e0 730 m.<\/p>\n\n\n\n<p><strong>V7 : Rassemblement au col de la Cren\u00e9e. <\/strong>Au d\u00e9part du centre, ce circuit commun aux routiers et aux adeptes du VTT fait 24 km et 350 m de d\u00e9nivel\u00e9e positive. Il vous permettra de glaner 2 cols.<\/p>\n\n\n\n<p><strong>V8 : Luvigny.&nbsp;<\/strong>Ce parcours est \u00ab\u00a0en plus\u00a0\u00bb du programme du s\u00e9jour. 39 Kkm et 1050 m de d\u00e9nivel\u00e9e positive, cyclable \u00e0 98%. Il permet de franchir 9 cols entre 600 et 750 m.<\/p>\n\n\n\n<figure class=\"wp-block-gallery has-nested-images columns-5 is-cropped wp-block-gallery-1 is-layout-flex wp-block-gallery-is-layout-flex\">\n<figure class=\"wp-block-image size-full\"><a href=\"https:\/\/centcols.org\/wp-content\/uploads\/2019\/02\/Vue-depuis-le-col-de-Noirceux-circuit-Lusse.jpg\"><img loading=\"lazy\" decoding=\"async\" width=\"800\" height=\"600\" data-id=\"88610\" src=\"https:\/\/centcols.org\/wp-content\/uploads\/2019\/02\/Vue-depuis-le-col-de-Noirceux-circuit-Lusse.jpg\" alt=\"\" class=\"wp-image-88610\" srcset=\"https:\/\/centcols.org\/wp-content\/uploads\/2019\/02\/Vue-depuis-le-col-de-Noirceux-circuit-Lusse.jpg 800w, https:\/\/centcols.org\/wp-content\/uploads\/2019\/02\/Vue-depuis-le-col-de-Noirceux-circuit-Lusse-768x576.jpg 768w\" sizes=\"auto, (max-width: 800px) 100vw, 800px\" \/><\/a><figcaption class=\"wp-element-caption\">Vue depuis le col de Noirceux, circuit V2 Lusse (photo Ch. Badonnel)<\/figcaption><\/figure>\n\n\n\n<figure class=\"wp-block-image size-full\"><a href=\"https:\/\/centcols.org\/wp-content\/uploads\/2019\/02\/Montee-au-col-de-Creux-Chene-circuit-Lusse.jpg\"><img loading=\"lazy\" decoding=\"async\" width=\"800\" height=\"600\" data-id=\"88611\" src=\"https:\/\/centcols.org\/wp-content\/uploads\/2019\/02\/Montee-au-col-de-Creux-Chene-circuit-Lusse.jpg\" alt=\"\" class=\"wp-image-88611\" srcset=\"https:\/\/centcols.org\/wp-content\/uploads\/2019\/02\/Montee-au-col-de-Creux-Chene-circuit-Lusse.jpg 800w, https:\/\/centcols.org\/wp-content\/uploads\/2019\/02\/Montee-au-col-de-Creux-Chene-circuit-Lusse-768x576.jpg 768w\" sizes=\"auto, (max-width: 800px) 100vw, 800px\" \/><\/a><figcaption class=\"wp-element-caption\">Mont\u00e9e au col de Creux Ch\u00eane, circuit V2 Lusse (Photo Ch. Badonnel)<\/figcaption><\/figure>\n\n\n\n<figure class=\"wp-block-image size-full\"><a href=\"https:\/\/centcols.org\/wp-content\/uploads\/2019\/02\/vue-generale-col-du-Halbach-r-2.jpg\"><img loading=\"lazy\" decoding=\"async\" width=\"800\" height=\"600\" data-id=\"88612\" src=\"https:\/\/centcols.org\/wp-content\/uploads\/2019\/02\/vue-generale-col-du-Halbach-r-2.jpg\" alt=\"\" class=\"wp-image-88612\" srcset=\"https:\/\/centcols.org\/wp-content\/uploads\/2019\/02\/vue-generale-col-du-Halbach-r-2.jpg 800w, https:\/\/centcols.org\/wp-content\/uploads\/2019\/02\/vue-generale-col-du-Halbach-r-2-768x576.jpg 768w\" sizes=\"auto, (max-width: 800px) 100vw, 800px\" \/><\/a><figcaption class=\"wp-element-caption\">Col du Halbach V4 (photo C. Badonnel)<\/figcaption><\/figure>\n\n\n\n<figure class=\"wp-block-image size-full\"><a href=\"https:\/\/centcols.org\/wp-content\/uploads\/2019\/02\/IMG_20190401_Col-du-Haut-Jacques-r.jpg\"><img loading=\"lazy\" decoding=\"async\" width=\"1024\" height=\"707\" data-id=\"88613\" src=\"https:\/\/centcols.org\/wp-content\/uploads\/2019\/02\/IMG_20190401_Col-du-Haut-Jacques-r.jpg\" alt=\"\" class=\"wp-image-88613\" srcset=\"https:\/\/centcols.org\/wp-content\/uploads\/2019\/02\/IMG_20190401_Col-du-Haut-Jacques-r.jpg 1024w, https:\/\/centcols.org\/wp-content\/uploads\/2019\/02\/IMG_20190401_Col-du-Haut-Jacques-r-768x530.jpg 768w\" sizes=\"auto, (max-width: 1024px) 100vw, 1024px\" \/><\/a><figcaption class=\"wp-element-caption\">Col du Haut Jacques (Photo Ch. Badonnel)<\/figcaption><\/figure>\n\n\n\n<figure class=\"wp-block-image size-full\"><a href=\"https:\/\/centcols.org\/wp-content\/uploads\/2019\/02\/IMG_20190401_Col-des-Roches-Saint-Martin-r.jpg\"><img loading=\"lazy\" decoding=\"async\" width=\"800\" height=\"537\" data-id=\"88614\" src=\"https:\/\/centcols.org\/wp-content\/uploads\/2019\/02\/IMG_20190401_Col-des-Roches-Saint-Martin-r.jpg\" alt=\"\" class=\"wp-image-88614\" srcset=\"https:\/\/centcols.org\/wp-content\/uploads\/2019\/02\/IMG_20190401_Col-des-Roches-Saint-Martin-r.jpg 800w, https:\/\/centcols.org\/wp-content\/uploads\/2019\/02\/IMG_20190401_Col-des-Roches-Saint-Martin-r-768x516.jpg 768w\" sizes=\"auto, (max-width: 800px) 100vw, 800px\" \/><\/a><figcaption class=\"wp-element-caption\">Col des Roches Saint Martin V6 (photo Ch. Badonnel)<\/figcaption><\/figure>\n\n\n\n<figure class=\"wp-block-image size-full\"><a href=\"https:\/\/centcols.org\/wp-content\/uploads\/2019\/02\/IMG_20190401_Col-des-Quatre-Chemins-r.jpg\"><img loading=\"lazy\" decoding=\"async\" width=\"800\" height=\"487\" data-id=\"88615\" src=\"https:\/\/centcols.org\/wp-content\/uploads\/2019\/02\/IMG_20190401_Col-des-Quatre-Chemins-r.jpg\" alt=\"\" class=\"wp-image-88615\" srcset=\"https:\/\/centcols.org\/wp-content\/uploads\/2019\/02\/IMG_20190401_Col-des-Quatre-Chemins-r.jpg 800w, https:\/\/centcols.org\/wp-content\/uploads\/2019\/02\/IMG_20190401_Col-des-Quatre-Chemins-r-768x468.jpg 768w\" sizes=\"auto, (max-width: 800px) 100vw, 800px\" \/><\/a><figcaption class=\"wp-element-caption\">Col des Quatre Chemins V6 (photo Ch. Badonnel)<\/figcaption><\/figure>\n\n\n\n<figure class=\"wp-block-image size-full\"><a href=\"https:\/\/centcols.org\/wp-content\/uploads\/2019\/02\/IMG_20190401_Col-des-Jumeaux-r.jpg\"><img loading=\"lazy\" decoding=\"async\" width=\"800\" height=\"535\" data-id=\"88616\" src=\"https:\/\/centcols.org\/wp-content\/uploads\/2019\/02\/IMG_20190401_Col-des-Jumeaux-r.jpg\" alt=\"\" class=\"wp-image-88616\" srcset=\"https:\/\/centcols.org\/wp-content\/uploads\/2019\/02\/IMG_20190401_Col-des-Jumeaux-r.jpg 800w, https:\/\/centcols.org\/wp-content\/uploads\/2019\/02\/IMG_20190401_Col-des-Jumeaux-r-768x514.jpg 768w\" sizes=\"auto, (max-width: 800px) 100vw, 800px\" \/><\/a><figcaption class=\"wp-element-caption\">Col des Jumeaux V6 (Photo Ch. Badonnel)<\/figcaption><\/figure>\n\n\n\n<figure class=\"wp-block-image size-full\"><a href=\"https:\/\/centcols.org\/wp-content\/uploads\/2019\/02\/IMG_20190401_Col-de-la-Ronde-Tete-r.jpg\"><img loading=\"lazy\" decoding=\"async\" width=\"799\" height=\"531\" data-id=\"88617\" src=\"https:\/\/centcols.org\/wp-content\/uploads\/2019\/02\/IMG_20190401_Col-de-la-Ronde-Tete-r.jpg\" alt=\"\" class=\"wp-image-88617\" srcset=\"https:\/\/centcols.org\/wp-content\/uploads\/2019\/02\/IMG_20190401_Col-de-la-Ronde-Tete-r.jpg 799w, https:\/\/centcols.org\/wp-content\/uploads\/2019\/02\/IMG_20190401_Col-de-la-Ronde-Tete-r-768x510.jpg 768w\" sizes=\"auto, (max-width: 799px) 100vw, 799px\" \/><\/a><figcaption class=\"wp-element-caption\">Col de la Ronde T\u00eate V6 (Photo Ch. Badonnel)<\/figcaption><\/figure>\n\n\n\n<figure class=\"wp-block-image size-full\"><a href=\"https:\/\/centcols.org\/wp-content\/uploads\/2019\/02\/IMG_20190412-lac-de-Pierre-Percee-r.jpg\"><img loading=\"lazy\" decoding=\"async\" width=\"1024\" height=\"681\" data-id=\"88618\" src=\"https:\/\/centcols.org\/wp-content\/uploads\/2019\/02\/IMG_20190412-lac-de-Pierre-Percee-r.jpg\" alt=\"\" class=\"wp-image-88618\" srcset=\"https:\/\/centcols.org\/wp-content\/uploads\/2019\/02\/IMG_20190412-lac-de-Pierre-Percee-r.jpg 1024w, https:\/\/centcols.org\/wp-content\/uploads\/2019\/02\/IMG_20190412-lac-de-Pierre-Percee-r-768x511.jpg 768w\" sizes=\"auto, (max-width: 1024px) 100vw, 1024px\" \/><\/a><figcaption class=\"wp-element-caption\">Lac de Pierre Perc\u00e9e (photo Ch. Badonnel)<\/figcaption><\/figure>\n\n\n\n<figure class=\"wp-block-image size-full\"><a href=\"https:\/\/centcols.org\/wp-content\/uploads\/2019\/02\/IMG_20190412-lac-de-la-Maix-r.jpg\"><img loading=\"lazy\" decoding=\"async\" width=\"1024\" height=\"693\" data-id=\"88619\" src=\"https:\/\/centcols.org\/wp-content\/uploads\/2019\/02\/IMG_20190412-lac-de-la-Maix-r.jpg\" alt=\"\" class=\"wp-image-88619\" srcset=\"https:\/\/centcols.org\/wp-content\/uploads\/2019\/02\/IMG_20190412-lac-de-la-Maix-r.jpg 1024w, https:\/\/centcols.org\/wp-content\/uploads\/2019\/02\/IMG_20190412-lac-de-la-Maix-r-768x520.jpg 768w\" sizes=\"auto, (max-width: 1024px) 100vw, 1024px\" \/><\/a><figcaption class=\"wp-element-caption\">Lac de la Maix V3 (Photo Ch. Badonnel)<\/figcaption><\/figure>\n\n\n\n<figure class=\"wp-block-image size-full\"><a href=\"https:\/\/centcols.org\/wp-content\/uploads\/2019\/02\/IMG_20190412-Haut-Fer-de-la-Halliere-r.jpg\"><img loading=\"lazy\" decoding=\"async\" width=\"1024\" height=\"701\" data-id=\"88620\" src=\"https:\/\/centcols.org\/wp-content\/uploads\/2019\/02\/IMG_20190412-Haut-Fer-de-la-Halliere-r.jpg\" alt=\"\" class=\"wp-image-88620\" srcset=\"https:\/\/centcols.org\/wp-content\/uploads\/2019\/02\/IMG_20190412-Haut-Fer-de-la-Halliere-r.jpg 1024w, https:\/\/centcols.org\/wp-content\/uploads\/2019\/02\/IMG_20190412-Haut-Fer-de-la-Halliere-r-768x526.jpg 768w\" sizes=\"auto, (max-width: 1024px) 100vw, 1024px\" \/><\/a><figcaption class=\"wp-element-caption\">Haut Fer de la Halli\u00e8re V4 (Photo Ch. Badonnel)<\/figcaption><\/figure>\n\n\n\n<figure class=\"wp-block-image size-full\"><a href=\"https:\/\/centcols.org\/wp-content\/uploads\/2019\/02\/IMG_20190412-Col-du-Coquin-r.jpg\"><img loading=\"lazy\" decoding=\"async\" width=\"1024\" height=\"678\" data-id=\"88621\" src=\"https:\/\/centcols.org\/wp-content\/uploads\/2019\/02\/IMG_20190412-Col-du-Coquin-r.jpg\" alt=\"\" class=\"wp-image-88621\" srcset=\"https:\/\/centcols.org\/wp-content\/uploads\/2019\/02\/IMG_20190412-Col-du-Coquin-r.jpg 1024w, https:\/\/centcols.org\/wp-content\/uploads\/2019\/02\/IMG_20190412-Col-du-Coquin-r-768x509.jpg 768w\" sizes=\"auto, (max-width: 1024px) 100vw, 1024px\" \/><\/a><figcaption class=\"wp-element-caption\">Col du Coquin V3 (photo Ch. Badonnel)<\/figcaption><\/figure>\n\n\n\n<figure class=\"wp-block-image size-full\"><a href=\"https:\/\/centcols.org\/wp-content\/uploads\/2019\/02\/IMG_20190412-Col-de-la-Fontaine-Benoit-r.jpg\"><img loading=\"lazy\" decoding=\"async\" width=\"768\" height=\"1024\" data-id=\"88622\" src=\"https:\/\/centcols.org\/wp-content\/uploads\/2019\/02\/IMG_20190412-Col-de-la-Fontaine-Benoit-r.jpg\" alt=\"\" class=\"wp-image-88622\"\/><\/a><figcaption class=\"wp-element-caption\">Col de la Fontaine Benoit V3 (photo Ch. Badonnel)<\/figcaption><\/figure>\n\n\n\n<figure class=\"wp-block-image size-full\"><a href=\"https:\/\/centcols.org\/wp-content\/uploads\/2019\/02\/IMG_20190412-Col-de-Dialtrepoix-r.jpg\"><img loading=\"lazy\" decoding=\"async\" width=\"1024\" height=\"698\" data-id=\"88623\" src=\"https:\/\/centcols.org\/wp-content\/uploads\/2019\/02\/IMG_20190412-Col-de-Dialtrepoix-r.jpg\" alt=\"\" class=\"wp-image-88623\" srcset=\"https:\/\/centcols.org\/wp-content\/uploads\/2019\/02\/IMG_20190412-Col-de-Dialtrepoix-r.jpg 1024w, https:\/\/centcols.org\/wp-content\/uploads\/2019\/02\/IMG_20190412-Col-de-Dialtrepoix-r-768x524.jpg 768w\" sizes=\"auto, (max-width: 1024px) 100vw, 1024px\" \/><\/a><figcaption class=\"wp-element-caption\">Col de Dialtrepoix V3 (photo Ch. Badonnel)<\/figcaption><\/figure>\n<\/figure>\n\n\n\n<div class=\"wp-block-columns is-layout-flex wp-container-core-columns-is-layout-9d6595d7 wp-block-columns-is-layout-flex\">\n<div class=\"wp-block-column is-layout-flow wp-block-column-is-layout-flow\" style=\"flex-basis:66.66%\">\n<h2 class=\"wp-block-heading\">H\u00e9bergement<\/h2>\n\n\n<p>[osm_map_v3 map_center=\u00a0\u00bb48.2846,6.9136&Prime; zoom=\u00a0\u00bb15.0&Prime; width=\u00a0\u00bb95%\u00a0\u00bb height=\u00a0\u00bb450&Prime; post_markers=\u00a0\u00bb1&Prime; control=\u00a0\u00bbfullscreen,scaleline,mouseposition,overview\u00a0\u00bb]<\/p>\n\n\n\n<p><strong>Village CAP France \u00ab\u00a0La Bolle\u00a0\u00bb<\/strong>, 34 chemin du R\u00e9servoir, 88100 Saint-Di\u00e9-des-Vosges<\/p>\n\n\n\n<p>Tel : +33 (0)3 29 56 13 11.&nbsp;&nbsp;Courriel : <a href=\"&#109;a&#x69;l&#x74;o&#x3a;l&#x61;b&#x6f;l&#x6c;&#101;&#x40;&#119;&#x61;&#110;&#x61;&#100;&#x6f;&#111;&#x2e;&#102;&#x72;\">&#108;&#x61;&#x62;o&#108;&#x6c;e&#64;&#x77;a&#110;&#x61;d&#111;&#x6f;&#x2e;&#102;&#x72;<\/a>.&nbsp;<a href=\"https:\/\/la-bolle.fr\/\" target=\"_blank\" rel=\"noreferrer noopener\">Site Internet La Bolle<\/a><\/p>\n<\/div>\n\n\n\n<div class=\"wp-block-column is-layout-flow wp-block-column-is-layout-flow\" style=\"flex-basis:33.33%\">\n<div style=\"height:50px\" aria-hidden=\"true\" class=\"wp-block-spacer\"><\/div>\n\n\n\n<h2 class=\"wp-block-heading\">Note du Conseil d&rsquo;Administration<\/h2>\n\n\n\n<p>Si vous prenez en charge votre h\u00e9bergement ailleurs qu&rsquo;au village de vacances, merci, malgr\u00e9 tout, de nous pr\u00e9venir de votre participation au s\u00e9jour, et ceci pour 3 raisons :<\/p>\n\n\n\n<ol class=\"wp-block-list\">\n<li>Pour pouvoir dimensionner correctement les \u00e9v\u00e9nements en commun (s\u00e9ances d&rsquo;informations, pots d&rsquo;accueil et de d\u00e9part).<\/li>\n\n\n\n<li>Pour pouvoir pr\u00e9voir une r\u00e9partition en plusieurs groupes sur les parcours afin d&rsquo;am\u00e9liorer la s\u00e9curit\u00e9 de chacun.<\/li>\n\n\n\n<li>Pour une meilleure appr\u00e9hension de tous les impr\u00e9vus par les organisateurs.<\/li>\n<\/ol>\n<\/div>\n<\/div>\n\n\n\n<p>Nous avons r\u00e9serv\u00e9 pour l&rsquo;instant pour 80 personnes. En fonction de l&rsquo;arriv\u00e9e des inscriptions, nous avons la possibilit\u00e9 d&rsquo;augmenter le nombre de chambres (pas de fa\u00e7on illimit\u00e9e). Les lits seront faits \u00e0 l&rsquo;arriv\u00e9e et le linge de toilette sera fourni.<\/p>\n\n\n\n<figure class=\"wp-block-gallery has-nested-images columns-2 is-cropped wp-block-gallery-2 is-layout-flex wp-block-gallery-is-layout-flex\">\n<figure class=\"wp-block-image size-full\"><a href=\"https:\/\/centcols.org\/wp-content\/uploads\/2019\/02\/La-Bolle-chalet-r.jpg\"><img loading=\"lazy\" decoding=\"async\" width=\"1546\" height=\"1024\" data-id=\"88625\" src=\"https:\/\/centcols.org\/wp-content\/uploads\/2019\/02\/La-Bolle-chalet-r.jpg\" alt=\"\" class=\"wp-image-88625\" srcset=\"https:\/\/centcols.org\/wp-content\/uploads\/2019\/02\/La-Bolle-chalet-r.jpg 1546w, https:\/\/centcols.org\/wp-content\/uploads\/2019\/02\/La-Bolle-chalet-r-1200x795.jpg 1200w, https:\/\/centcols.org\/wp-content\/uploads\/2019\/02\/La-Bolle-chalet-r-768x509.jpg 768w, https:\/\/centcols.org\/wp-content\/uploads\/2019\/02\/La-Bolle-chalet-r-1536x1017.jpg 1536w\" sizes=\"auto, (max-width: 1546px) 100vw, 1546px\" \/><\/a><figcaption class=\"wp-element-caption\">La Bolle chalet (photo La Bolle)<\/figcaption><\/figure>\n\n\n\n<figure class=\"wp-block-image size-full\"><a href=\"https:\/\/centcols.org\/wp-content\/uploads\/2019\/02\/La-Bolle-barbecue-r.jpg\"><img loading=\"lazy\" decoding=\"async\" width=\"1536\" height=\"1024\" data-id=\"88626\" src=\"https:\/\/centcols.org\/wp-content\/uploads\/2019\/02\/La-Bolle-barbecue-r.jpg\" alt=\"\" class=\"wp-image-88626\" srcset=\"https:\/\/centcols.org\/wp-content\/uploads\/2019\/02\/La-Bolle-barbecue-r.jpg 1536w, https:\/\/centcols.org\/wp-content\/uploads\/2019\/02\/La-Bolle-barbecue-r-1200x800.jpg 1200w, https:\/\/centcols.org\/wp-content\/uploads\/2019\/02\/La-Bolle-barbecue-r-768x512.jpg 768w\" sizes=\"auto, (max-width: 1536px) 100vw, 1536px\" \/><\/a><figcaption class=\"wp-element-caption\">La Bolle barbecue (photo La Bolle)<\/figcaption><\/figure>\n\n\n\n<figure class=\"wp-block-image size-full\"><a href=\"https:\/\/centcols.org\/wp-content\/uploads\/2019\/02\/La-Bolle-salle-de-bar-r-1.jpg\"><img loading=\"lazy\" decoding=\"async\" width=\"800\" height=\"530\" data-id=\"88628\" src=\"https:\/\/centcols.org\/wp-content\/uploads\/2019\/02\/La-Bolle-salle-de-bar-r-1.jpg\" alt=\"\" class=\"wp-image-88628\" srcset=\"https:\/\/centcols.org\/wp-content\/uploads\/2019\/02\/La-Bolle-salle-de-bar-r-1.jpg 800w, https:\/\/centcols.org\/wp-content\/uploads\/2019\/02\/La-Bolle-salle-de-bar-r-1-768x509.jpg 768w\" sizes=\"auto, (max-width: 800px) 100vw, 800px\" \/><\/a><figcaption class=\"wp-element-caption\">La Bolle salle de bar (photo La Bolle)<\/figcaption><\/figure>\n\n\n\n<figure class=\"wp-block-image size-full\"><a href=\"https:\/\/centcols.org\/wp-content\/uploads\/2019\/02\/La-Bolle-piscine-interieure-r-1.jpg\"><img loading=\"lazy\" decoding=\"async\" width=\"800\" height=\"522\" data-id=\"88627\" src=\"https:\/\/centcols.org\/wp-content\/uploads\/2019\/02\/La-Bolle-piscine-interieure-r-1.jpg\" alt=\"\" class=\"wp-image-88627\" srcset=\"https:\/\/centcols.org\/wp-content\/uploads\/2019\/02\/La-Bolle-piscine-interieure-r-1.jpg 800w, https:\/\/centcols.org\/wp-content\/uploads\/2019\/02\/La-Bolle-piscine-interieure-r-1-768x501.jpg 768w\" sizes=\"auto, (max-width: 800px) 100vw, 800px\" \/><\/a><figcaption class=\"wp-element-caption\">La Bolle piscine inte\u0301rieure (photo La Bolle)<\/figcaption><\/figure>\n<\/figure>\n\n\n\n<h3 class=\"wp-block-heading\">Autres possibilit\u00e9s d\u2019h\u00e9bergement<\/h3>\n\n\n\n<p><strong>Il n&rsquo;y a pas la possibilit\u00e9 de garer des camping-cars au village de vacances.<br><\/strong>A Saint-Di\u00e9-des-Vosges, il n\u2019y a plus de camping mais vous avez une&nbsp;<a href=\"https:\/\/www.campercontact.com\/fr\/france\/lorraine-54-55-57-88\/saint-die-des-vosges\/52332\/aire-de-camping-car-saint-die\" target=\"_blank\" rel=\"noreferrer noopener\">aire de camping-cars<\/a> situ\u00e9e \u00e0 environ 5 km avec toutes les facilit\u00e9s n\u00e9cessaires (6 euros par nuit) :&nbsp;<\/p>\n\n\n\n<h4 class=\"wp-block-heading\">Campings<\/h4>\n\n\n\n<ul class=\"wp-block-list\">\n<li>Corcieux&nbsp;(situ\u00e9e \u00e0 17 km du centre de vacances) : <a href=\"https:\/\/www.camping-au-mica.fr\" target=\"_blank\" rel=\"noreferrer noopener\">Camping Au Mica<\/a>, 8 route du Plafond,&nbsp;88430 Corcieux. Tel : +33 (0) 7 69 93 30 56<\/li>\n\n\n\n<li>La Chapelle-devant-Bruy\u00e8res (situ\u00e9e \u00e0 21 km du centre) : <a href=\"https:\/\/www.camping-les-pinasses.fr\" target=\"_blank\" rel=\"noreferrer noopener\">Camping les Pinasses<\/a>,&nbsp;215 route de Bruy\u00e8res,&nbsp;88600 La Chapelle-devant-Bruy\u00e8res. Tel : +33 (0) 3 29 58 51 10<\/li>\n<\/ul>\n\n\n\n<h4 class=\"wp-block-heading\">Chalets<\/h4>\n\n\n\n<p>Gerb\u00e9pal&nbsp;(situ\u00e9 \u00e0 21 km du centre) : <a href=\"http:\/\/ulrikeschmitt.wixsite.com\/lescascadelles\" target=\"_blank\" rel=\"noreferrer noopener\">Chalets les Cascadelles<\/a>,&nbsp;15 les Ziaupr\u00e8s, 88430 Gerb\u00e9pal.&nbsp;Tel : +33 (0) 3 29 41 26 43 et +33 (0) 6 88 98 51 39&nbsp; Email :&nbsp;<a href=\"mail&#116;&#111;&#58;&#117;&#108;&#114;&#105;&#x6b;&#x65;&#x2e;&#x73;&#x63;&#x68;&#x6d;&#x69;&#x74;t&#64;or&#97;&#110;&#103;&#101;&#46;&#102;&#114;\">&#x75;&#x6c;&#x72;&#105;&#107;&#101;&#46;s&#x63;&#x68;&#x6d;&#x69;&#116;&#116;&#64;o&#x72;&#x61;&#x6e;&#x67;&#101;&#46;fr<\/a><\/p>\n\n\n\n<p>Pour toute information compl\u00e9mentaire, n\u2019h\u00e9sitez pas \u00e0 contacter l&rsquo;<a href=\"http:\/\/www.tourisme-saint-die-des-vosges.fr\" target=\"_blank\" rel=\"noreferrer noopener\">Office de Tourisme Intercommunal de Saint-Di\u00e9-des-Vosges<\/a>&nbsp; &nbsp; &nbsp;&nbsp;+33 (0)3 29 42 22 22<\/p>\n\n\n\n<p>Un <strong>pot de fin de s\u00e9jour, <\/strong>vraisemblablement le vendredi soir, nous sera offert par la ville de Saint-Di\u00e9-des-Vosges en haut de la tour de la Libert\u00e9.<\/p>\n\n\n\n<figure class=\"wp-block-image size-full is-resized\"><a href=\"https:\/\/centcols.org\/wp-content\/uploads\/2019\/02\/IMG_20180826_181807-tour-de-la-Liberte-r-1200x900-1.jpg\"><img loading=\"lazy\" decoding=\"async\" width=\"1200\" height=\"900\" src=\"https:\/\/centcols.org\/wp-content\/uploads\/2019\/02\/IMG_20180826_181807-tour-de-la-Liberte-r-1200x900-1.jpg\" alt=\"\" class=\"wp-image-88629\" style=\"width:800px\" srcset=\"https:\/\/centcols.org\/wp-content\/uploads\/2019\/02\/IMG_20180826_181807-tour-de-la-Liberte-r-1200x900-1.jpg 1200w, https:\/\/centcols.org\/wp-content\/uploads\/2019\/02\/IMG_20180826_181807-tour-de-la-Liberte-r-1200x900-1-768x576.jpg 768w\" sizes=\"auto, (max-width: 1200px) 100vw, 1200px\" \/><\/a><figcaption class=\"wp-element-caption\">St-Di\u00e9 Tour de la Libert\u00e9, lieu du pot de fin de s\u00e9jour (photo C. Badonnel)<\/figcaption><\/figure>\n\n\n\n<h2 class=\"wp-block-heading\">Inscriptions<\/h2>\n\n\n\n<p>Pour vous inscrire, t\u00e9l\u00e9chargez le bulletin d\u2019inscription PDF avec le lien ci-dessous et suivez les instructions qui s\u2019y trouvent.&nbsp;Attention, le bulletin d&rsquo;inscription disponible sur le site du Club comprend deux pages : l&rsquo;inscription proprement dite (veillez \u00e0 bien remplir toutes les rubriques qui vous concernent et \u00e0 signer au bas de la page), et les conditions de fonctionnement du \u00ab\u00a0fonds de solidarit\u00e9\u00a0\u00bb que vous voudrez bien signer \u00e9galement. Si vous envisagez de vous faire accompagner par votre compagnon\/compagne, veillez bien \u00e0 l&rsquo;inscrire auparavant comme membre associ\u00e9 aupr\u00e8s de votre D\u00e9l\u00e9gu\u00e9 Territorial et n\u2019oubliez pas de mettre son N\u00b0 de membre associ\u00e9 dans la case pr\u00e9vue. Si, et seulement si, un participants n&rsquo;est pas licenci\u00e9 FFCT, il convient de prendre en plus l&rsquo;assurance obligatoire. La participation au Fonds de Solidarit\u00e9 est incluse dans le co\u00fbt d&rsquo;inscription.<\/p>\n\n\n\n<p>Vous pouvez r\u00e9gler le montant de l&rsquo;inscription par ch\u00e8que ou par virement sur le compte du Club. Compte tenu des frais suppl\u00e9mentaires factur\u00e9s, nous ne prenons pas de paiement par PayPal.<\/p>\n\n\n\n<p>L&rsquo;affectation des membres se fait dans l&rsquo;ordre d&rsquo;envoi du ch\u00e8que ou d&rsquo;\u00e9mission du virement. Pour le premier, c&rsquo;est le cachet de la Poste qui fait foi, pour le second, veiller \u00e0 nous envoyer une copie de l&rsquo;ordre de virement. Si le s\u00e9jour est complet, une liste d&rsquo;attente est mise en place, elle fonctionne avec les m\u00eames r\u00e8gles de priorit\u00e9 d&rsquo;affectation que les inscriptions directes.<\/p>\n\n\n\n<p>T\u00e9l\u00e9charger le bulletin :<\/p>\n\n\n\n<ul class=\"wp-block-list\">\n<li>Bulletin d&rsquo;Inscription St-Di\u00e9<\/li>\n\n\n\n<li>Inscription form St-Di\u00e9 (english)&nbsp;<\/li>\n\n\n\n<li>Modulo d&rsquo;iscrizione St-Di\u00e9 (Italiano)<\/li>\n<\/ul>\n\n\n\n<p>La date limite de r\u00e9ception des inscriptions a \u00e9t\u00e9 fix\u00e9e au <strong>31 mars 2019.<\/strong><\/p>\n\n\n\n<p><strong>Trombinoscope, c&rsquo;est nouveau :<\/strong><\/p>\n\n\n\n<p>Lorsque nous nous retrouvons aux s\u00e9jours (et autres manifestations), nous rencontrons beaucoup d&rsquo;amis et de t\u00eates connues mais nous ne sommes pas certains de conna\u00eetre leur nom \u00e0 tous, et nous n&rsquo;osons pas toujours l&rsquo;avouer et le demander. Pour essayer d&rsquo;y rem\u00e9dier, comme annonc\u00e9 \u00e0 l&rsquo;AG de B\u00e9doin, nous nous proposons de remettre \u00e0 chaque participant aux s\u00e9jours un trombinoscope des pr\u00e9sents tout simple, avec la photo, le nom et le N\u00b0 de membre de tous ceux qui auront bien transmis (soit auparavant, soit avec leur inscription) leur photo et l&rsquo;autorisation de publier celle-ci sur la page trombinoscope du site web du Club. Vous pouvez transmettre une photo num\u00e9rique de votre seul visage sous forme de <strong>fichier JPG<\/strong> de bonnes d\u00e9finition et qualit\u00e9, avec un rapport largeur\/hauteur de \u00be, en mentionnant bien votre nom et N\u00b0 de membre, \u00e0 <a href=\"&#109;&#x61;&#x69;l&#116;&#x6f;:&#112;&#x68;&#x6f;&#116;&#x6f;&#x64;e&#109;&#x65;m&#98;&#x72;&#x65;&#64;&#x63;&#x65;n&#116;&#x63;o&#108;&#x73;&#x2e;&#111;&#x72;&#x67;\">&#112;h&#111;t&#111;d&#x65;m&#x65;m&#x62;r&#x65;&#64;&#x63;e&#x6e;t&#x63;o&#x6c;s&#x2e;o&#x72;&#103;<\/a>, ou directement \u00e0 <a href=\"&#109;&#x61;i&#108;&#x74;o&#58;&#x73;e&#x6a;&#x6f;&#117;&#x72;s&#64;&#x63;e&#110;&#x74;c&#x6f;&#x6c;&#115;&#x2e;&#x6f;&#114;&#x67;\">&#x73;&#101;&#106;o&#x75;&#x72;&#115;&#64;&#x63;&#x65;&#110;tc&#x6f;&#108;&#115;&#46;&#x6f;&#x72;&#103;<\/a> qui transmettra. Veillez \u00e0 bien cocher la case oui ou non sur le bulletin d&rsquo;inscription selon que vous acceptez ou non. Dans le cas o\u00f9 aucune case n&rsquo;est coch\u00e9e, la r\u00e9ponse sera r\u00e9put\u00e9e n\u00e9gative. Si vous transmettez une photo \u00ab\u00a0papier\u00a0\u00bb avec votre bulletin d&rsquo;inscription, celle-ci ne sera utilis\u00e9e que pour le trombinoscope du s\u00e9jour.<\/p>\n\n\n\n<p>Vous pouvez feuilleter <strong>ici<\/strong> l<strong>e <a href=\"https:\/\/centcols.org\/wp-content\/uploads\/2025\/08\/Livret-Saint-Die-2019.pdf\">Livret<\/a>&nbsp;<\/strong>qui sera distribu\u00e9 lors du s\u00e9jour et qui contient, outre les messages de bienvenue, des informations sur la r\u00e9gion et sur l&rsquo;acc\u00e8s, des \u00e9l\u00e9ments sur la s\u00e9curit\u00e9 et le descriptif d\u00e9taill\u00e9 des circuits.<\/p>\n\n\n\n<h2 class=\"wp-block-heading\">Rassemblement commun Club des Cent Cols et BIG<\/h2>\n\n\n\n<p>Suite aux contacts entre les deux Pr\u00e9sidents, dont il a \u00e9t\u00e9 rendu compte dans les derni\u00e8res publications, les deux clubs ont d\u00e9cid\u00e9 d\u2019organiser un rassemblement commun (\u00e9change de bonnes paroles, rencontres, etc.). Celui-ci aura lieu le lendemain du dernier jour de notre s\u00e9jour \u00e0 Saint-Di\u00e9, le<\/p>\n\n\n\n<p class=\"has-text-align-center\"><strong>dimanche 28 juillet au Schliffkopf (D-BIG 168) \u00e0 12h<\/strong><\/p>\n\n\n\n<p>Ce BIG est tr\u00e8s proche du col routier Kohlgrube (DE-BW-0998). Tous les membres des deux associations y sont cordialement invit\u00e9s.<\/p>\n\n\n\n<p>Pour faciliter l\u2019organisation, merci de faire conna\u00eetre sur <a href=\"javascript:;\">&#x73;e&#x6a;&#111;&#x75;&#114;&#64;&#x63;e&#x6e;&#116;&#x63;&#111;l&#x73;&#46;&#x6f;&#114;g<\/a> votre intention de participer \u00e0 cette manifestation.<\/p>\n\n\n\n<div class=\"wp-block-columns is-layout-flex wp-container-core-columns-is-layout-9d6595d7 wp-block-columns-is-layout-flex\">\n<div class=\"wp-block-column is-layout-flow wp-block-column-is-layout-flow\" style=\"flex-basis:33.33%\">\n<p>Pour atteindre le Schliffkopf, deux parcours ont \u00e9t\u00e9 trac\u00e9s :<\/p>\n\n\n\n<ul class=\"wp-block-list\">\n<li>Un parcours route de 74 km, 1700 m de d\u00e9nivel\u00e9e avec 11 cols.<\/li>\n\n\n\n<li>Un parcours VTT de 48 km, 1300 m de d\u00e9nivel\u00e9e avec 9 cols.<\/li>\n<\/ul>\n<\/div>\n\n\n\n<div class=\"wp-block-column is-layout-flow wp-block-column-is-layout-flow\" style=\"flex-basis:66.66%\">\n<figure class=\"wp-block-image size-full\"><a href=\"https:\/\/centcols.org\/wp-content\/uploads\/2019\/02\/Schliffkopf-BIG-186.png\"><img loading=\"lazy\" decoding=\"async\" width=\"414\" height=\"199\" src=\"https:\/\/centcols.org\/wp-content\/uploads\/2019\/02\/Schliffkopf-BIG-186.png\" alt=\"\" class=\"wp-image-88631\"\/><\/a><figcaption class=\"wp-element-caption\">Schliffkopf rassemblement CCC-BIG <\/figcaption><\/figure>\n<\/div>\n<\/div>\n\n\n\n<p>Pour ces deux circuits, des traces GPS, ainsi qu\u2019un descriptif du parcours routier seront mis \u00e0 disposition sur le site au printemps. Ces circuits n\u2019ont \u00e9t\u00e9 que reconnus et seront donc parcourus par les participants sous leur propre responsabilit\u00e9. Un d\u00e9part commun pour chacun des deux circuits sera organis\u00e9 le dimanche matin \u00e0 8h, rendez-vous devant l\u2019h\u00f4tel.<br>Oberkirch est situ\u00e9 \u00e0 environ 130 km de Saint-Di\u00e9, \u00e0 l\u2019est de Strasbourg (moins de deux heures de route).<\/p>\n\n\n\n<p>Pour faciliter l&rsquo;intendance, Christophe Badonnel a n\u00e9goci\u00e9 des tarifs et fait une pr\u00e9-r\u00e9servation d&rsquo;une quinzaine de chambres dans un h\u00f4tel d&rsquo;Oberkirch :<br>H\u00f4tel Renchtalblick,<br>Bellensteinstr. 9,<br>D-77704 OBERKIRCH<br>Tel +49 (0)7802 92520, <a href=\"m&#97;&#105;&#x6c;&#x74;&#x6f;&#x3a;i&#110;&#102;&#111;&#x40;&#x72;&#x65;nc&#104;&#116;&#x61;&#x62;&#x6c;ic&#107;&#46;&#x64;&#x65;\">&#x69;n&#x66;&#111;&#x40;&#x72;e&#x6e;&#99;&#x68;&#x74;a&#x62;&#108;&#x69;&#x63;k&#x2e;&#100;&#x65;<\/a><br>Les tarifs pour la 1\/2 pension (d\u00eener + nuit + petit d\u00e9jeuner + taxe de s\u00e9jour) <strong>par personne<\/strong> sont de :<br>64,50\u20ac pour chambre \u00e0 2 (pour couples)<br>60,00\u20ac pour chambre \u00e0 3<br>55,50\u20ac pour chambre \u00e0 4<\/p>\n\n\n\n<p>Christophe s&rsquo;est propos\u00e9 de g\u00e9rer les inscriptions et les relations avec l&rsquo;h\u00f4tel, merci, donc, de le contacter pour vous inscrire et r\u00e9gler votre s\u00e9jour.<br>Christophe Badonnel, <a href=\"&#x6d;&#97;i&#x6c;&#116;o&#x3a;&#98;a&#x64;&#111;n&#x6e;&#101;l&#x2e;&#99;h&#x72;&#105;s&#x74;&#111;p&#x68;&#101;&#64;&#x77;&#97;n&#x61;&#100;o&#x6f;&#46;f&#x72;\">&#x62;&#x61;&#100;&#111;&#110;n&#x65;&#x6c;&#x2e;&#99;&#104;ri&#x73;&#x74;&#x6f;&#112;&#104;e&#x40;&#x77;&#x61;&#110;&#97;&#100;o&#x6f;&#x2e;&#x66;&#114;<\/a> , tel : +33 6 78 87 33 67<\/p>\n\n\n\n<p>D&rsquo;autres h\u00f4tels sont disponibles \u00e0 proximit\u00e9, notamment :<br>H\u00f4tel Haus am Berg<br>Am Rebhof 5<br>77704 OBERKIRCH<br><a href=\"&#109;&#x61;&#105;&#x6c;&#116;&#x6f;&#58;&#x68;&#111;&#x74;&#101;&#x6c;&#45;&#x68;&#97;&#x75;&#115;&#x2d;&#97;&#x6d;&#45;&#x62;&#101;&#x72;&#103;&#x40;t&#x2d;o&#x6e;l&#x69;n&#x65;&#46;&#x64;e\">&#x69;&#x6e;&#x66;&#x6f;&#x40;&#x68;&#x61;&#x75;&#x73;&#x2d;&#x61;&#109;&#45;&#98;&#101;&#114;&#103;&#45;oberki&#x72;&#x63;&#x68;&#x2e;&#x64;&#x65;<\/a><br>On peut en trouver d&rsquo;autres sur le site :<br><a href=\"https:\/\/portal.toubiz.de\/renchtal\/ukv\/search?reset=1&amp;box=0\">https:\/\/portal.toubiz.de\/renchtal\/ukv\/search?reset=1&amp;box=0<\/a><\/p>\n\n\n\n<p>Il y a une aire de camping dans le village :<br>Rencheall\u00e9e<br>77704 OBERKIRCH<\/p>\n\n\n\n<h2 class=\"wp-block-heading\">Autres activit\u00e9s ou visites<\/h2>\n\n\n\n<p>Le Village de Vacances La Bolle proposera des activit\u00e9s pour les accompagnants.<\/p>\n\n\n\n<p>Vous pouvez trouver beaucoup de propositions \u00e0 l\u2019<a href=\"http:\/\/www.tourisme-saint-die-des-vosges.fr\" target=\"_blank\" rel=\"noreferrer noopener\">Office de Tourisme Intercommunal de Saint-Di\u00e9-des-Vosges<\/a>&nbsp; &nbsp; &nbsp;&nbsp;+33 (0)3 29 42 22 22<\/p>\n\n\n\n<p><strong>SAINT-DIE-DES-VOSGES<\/strong><\/p>\n\n\n\n<ul class=\"wp-block-list\">\n<li>Galerie 36<sup>\u00e8me<\/sup> art<\/li>\n\n\n\n<li>Mus\u00e9e TRAINLAND<\/li>\n\n\n\n<li>Mus\u00e9e Pierre No\u00ebl<\/li>\n\n\n\n<li>La cath\u00e9drale<\/li>\n\n\n\n<li>La tour de la libert\u00e9<\/li>\n\n\n\n<li>La cascade des Moli\u00e8res<\/li>\n<\/ul>\n\n\n\n<p><strong>PAYS DES ABBAYES<\/strong><\/p>\n\n\n\n<ul class=\"wp-block-list\">\n<li>Mus\u00e9e du VELOSOLEX (Senones)<\/li>\n\n\n\n<li>Abbayes (Etival, Clairefontaine, Moyenmoutier, Senones)<\/li>\n<\/ul>\n\n\n<div class=\"wp-block-image\">\n<figure class=\"aligncenter size-full\"><a href=\"https:\/\/centcols.org\/wp-content\/uploads\/2019\/02\/IMG_20190407_Abbaye-dEtival-Clairefontaine-r.jpg\"><img loading=\"lazy\" decoding=\"async\" width=\"537\" height=\"607\" src=\"https:\/\/centcols.org\/wp-content\/uploads\/2019\/02\/IMG_20190407_Abbaye-dEtival-Clairefontaine-r.jpg\" alt=\"\" class=\"wp-image-88632\"\/><\/a><figcaption class=\"wp-element-caption\">Abbaye d&rsquo;Etival-Clairefontaine (Photo Ch. Badonnel)<\/figcaption><\/figure>\n<\/div>\n\n\n<p><strong>LAC DE PIERRE PERCEE <\/strong>Scierie de la Halli\u00e8re (Celles-sur-Plaine)<\/p>\n\n\n\n<p><strong>HAUTES VOSGES<\/strong><\/p>\n\n\n\n<ul class=\"wp-block-list\">\n<li><a href=\"https:\/\/centcols.org\/wp-content\/uploads\/2025\/08\/Visuel-CDHV-A5.pdf\">Confiserie des Hautes Vosges<\/a> (Plainfaing). Entreprise agro-alimentaire la plus visit\u00e9e de France.<\/li>\n<\/ul>\n\n\n\n<p><strong>BACCARAT<\/strong><\/p>\n\n\n\n<p>A 25 km (20 minutes en voiture) au nord de Saint-Di\u00e9, dans la ville de Baccarat vous trouverez la c\u00e9l\u00e8bre manufacture de cristaux. Elle ne se visite plus, mais, en revanche, le <a href=\"http:\/\/www.baccarat.fr\" target=\"_blank\" rel=\"noreferrer noopener\">mus\u00e9e<\/a> situ\u00e9 cour des cristalleries\u00a0 face \u00e0 la manufacture vous accueillera, nous l&rsquo;avons contact\u00e9 : \u00ab\u00a0<em>Nous r\u00e9alisons des visites comment\u00e9es comprenant une partie historique et une partie technique puis la visite se poursuit dans les salles du mus\u00e9e.\u00a0L&rsquo;entr\u00e9e est de 5 euros par personne avec une gratuit\u00e9 par tranche de 20 Pers. Pour des raisons de s\u00e9curit\u00e9 nous ne pouvons pas prendre plus de 25 personnes par groupe , si vous \u00eates plus nombreux nous scinderons le groupe en deux.\u00a0Il faut compter 1\/2 heure entre chaque groupe et 1 heure de visite.\u00a0\u00bb <a href=\"https:\/\/centcols.org\/wp-content\/uploads\/2025\/08\/Musee-Cristalleries-de-Baccarat.pdf\">Fiche mus\u00e9e.<\/a><\/em><\/p>\n","protected":false},"excerpt":{"rendered":"<p>Ont contribu\u00e9 \u00e0 cette page de pr\u00e9sentation du s\u00e9jour Christophe Badonnel, les responsables informatique et s\u00e9jours. \u00c0 voir: vid\u00e9o de la t\u00e9l\u00e9vision vi\u00e0Vosges tourn\u00e9e \u00e0 l&rsquo;occasion de ce s\u00e9jour. Apr\u00e8s Mittelwihr, Bitche et Bussang, nous serons \u00e0 nouveau dans le massif vosgien cet \u00e9t\u00e9 2019. A l&rsquo;invitation de Christophe Badonnel et d&rsquo;une \u00e9quipe rassembl\u00e9e autour [&hellip;]<\/p>\n","protected":false},"author":3,"featured_media":82118,"comment_status":"closed","ping_status":"closed","sticky":false,"template":"","format":"standard","meta":{"_acf_changed":false,"footnotes":""},"categories":[349,386,135,400,385,231],"tags":[],"class_list":["post-82117","post","type-post","status-publish","format-standard","has-post-thumbnail","hentry","category-france-pays-sejours","category-grand-est-region-sejours","category-calendrier","category-vosges-massif-sejours","category-88-vosges","category-sejours"],"acf":[],"yoast_head":"<!-- This site is optimized with the Yoast SEO plugin v27.2 - https:\/\/yoast.com\/product\/yoast-seo-wordpress\/ -->\n<title>S\u00e9jour d&#039;\u00e9t\u00e9 \u00e0 Saint-Di\u00e9-des-Vosges 20 au 27 juillet 2019 - Club des Cent Cols<\/title>\n<meta name=\"robots\" content=\"index, follow, max-snippet:-1, max-image-preview:large, max-video-preview:-1\" \/>\n<link rel=\"canonical\" href=\"https:\/\/centcols.org\/it\/rimanere-2019-st-morire\/\" \/>\n<meta property=\"og:locale\" content=\"it_IT\" \/>\n<meta property=\"og:type\" content=\"article\" \/>\n<meta property=\"og:title\" content=\"S\u00e9jour d&#039;\u00e9t\u00e9 \u00e0 Saint-Di\u00e9-des-Vosges 20 au 27 juillet 2019 - Club des Cent Cols\" \/>\n<meta property=\"og:description\" content=\"Ont contribu\u00e9 \u00e0 cette page de pr\u00e9sentation du s\u00e9jour Christophe Badonnel, les responsables informatique et s\u00e9jours. \u00c0 voir: vid\u00e9o de la t\u00e9l\u00e9vision vi\u00e0Vosges tourn\u00e9e \u00e0 l&rsquo;occasion de ce s\u00e9jour. Apr\u00e8s Mittelwihr, Bitche et Bussang, nous serons \u00e0 nouveau dans le massif vosgien cet \u00e9t\u00e9 2019. A l&rsquo;invitation de Christophe Badonnel et d&rsquo;une \u00e9quipe rassembl\u00e9e autour [&hellip;]\" \/>\n<meta property=\"og:url\" content=\"https:\/\/centcols.org\/it\/rimanere-2019-st-morire\/\" \/>\n<meta property=\"og:site_name\" content=\"Club des Cent Cols\" \/>\n<meta property=\"article:publisher\" content=\"https:\/\/www.facebook.com\/groups\/5261880558\/?locale=fr_FR\" \/>\n<meta property=\"article:published_time\" content=\"2019-02-16T15:04:58+00:00\" \/>\n<meta property=\"article:modified_time\" content=\"2025-10-22T17:45:36+00:00\" \/>\n<meta property=\"og:image\" content=\"https:\/\/centcols.org\/wp-content\/uploads\/2025\/05\/vue-generale-col-du-Halbach-r-2.jpg\" \/>\n\t<meta property=\"og:image:width\" content=\"800\" \/>\n\t<meta property=\"og:image:height\" content=\"600\" \/>\n\t<meta property=\"og:image:type\" content=\"image\/jpeg\" \/>\n<meta name=\"author\" content=\"Webmestre\" \/>\n<meta name=\"twitter:card\" content=\"summary_large_image\" \/>\n<meta name=\"twitter:label1\" content=\"Scritto da\" \/>\n\t<meta name=\"twitter:data1\" content=\"Webmestre\" \/>\n\t<meta name=\"twitter:label2\" content=\"Tempo di lettura stimato\" \/>\n\t<meta name=\"twitter:data2\" content=\"22 minuti\" \/>\n<script type=\"application\/ld+json\" class=\"yoast-schema-graph\">{\"@context\":\"https:\/\/schema.org\",\"@graph\":[{\"@type\":\"Article\",\"@id\":\"https:\/\/centcols.org\/sejour-2019-st-die\/#article\",\"isPartOf\":{\"@id\":\"https:\/\/centcols.org\/sejour-2019-st-die\/\"},\"author\":{\"name\":\"Webmestre\",\"@id\":\"https:\/\/centcols.org\/#\/schema\/person\/911b404fb133d8c913dd27cdcf71c8e5\"},\"headline\":\"S\u00e9jour d&rsquo;\u00e9t\u00e9 \u00e0 Saint-Di\u00e9-des-Vosges 20 au 27 juillet 2019\",\"datePublished\":\"2019-02-16T15:04:58+00:00\",\"dateModified\":\"2025-10-22T17:45:36+00:00\",\"mainEntityOfPage\":{\"@id\":\"https:\/\/centcols.org\/sejour-2019-st-die\/\"},\"wordCount\":3433,\"publisher\":{\"@id\":\"https:\/\/centcols.org\/#organization\"},\"image\":{\"@id\":\"https:\/\/centcols.org\/sejour-2019-st-die\/#primaryimage\"},\"thumbnailUrl\":\"https:\/\/centcols.org\/wp-content\/uploads\/2025\/05\/vue-generale-col-du-Halbach-r-2.jpg\",\"articleSection\":[\"France\",\"Grand-Est\",\"Calendrier\",\"Vosges\",\"88-Vosges\",\"S\u00e9jours du Club des Cent Cols\"],\"inLanguage\":\"it-IT\"},{\"@type\":\"WebPage\",\"@id\":\"https:\/\/centcols.org\/sejour-2019-st-die\/\",\"url\":\"https:\/\/centcols.org\/sejour-2019-st-die\/\",\"name\":\"S\u00e9jour d'\u00e9t\u00e9 \u00e0 Saint-Di\u00e9-des-Vosges 20 au 27 juillet 2019 - Club des Cent Cols\",\"isPartOf\":{\"@id\":\"https:\/\/centcols.org\/#website\"},\"primaryImageOfPage\":{\"@id\":\"https:\/\/centcols.org\/sejour-2019-st-die\/#primaryimage\"},\"image\":{\"@id\":\"https:\/\/centcols.org\/sejour-2019-st-die\/#primaryimage\"},\"thumbnailUrl\":\"https:\/\/centcols.org\/wp-content\/uploads\/2025\/05\/vue-generale-col-du-Halbach-r-2.jpg\",\"datePublished\":\"2019-02-16T15:04:58+00:00\",\"dateModified\":\"2025-10-22T17:45:36+00:00\",\"breadcrumb\":{\"@id\":\"https:\/\/centcols.org\/sejour-2019-st-die\/#breadcrumb\"},\"inLanguage\":\"it-IT\",\"potentialAction\":[{\"@type\":\"ReadAction\",\"target\":[\"https:\/\/centcols.org\/sejour-2019-st-die\/\"]}]},{\"@type\":\"ImageObject\",\"inLanguage\":\"it-IT\",\"@id\":\"https:\/\/centcols.org\/sejour-2019-st-die\/#primaryimage\",\"url\":\"https:\/\/centcols.org\/wp-content\/uploads\/2025\/05\/vue-generale-col-du-Halbach-r-2.jpg\",\"contentUrl\":\"https:\/\/centcols.org\/wp-content\/uploads\/2025\/05\/vue-generale-col-du-Halbach-r-2.jpg\",\"width\":800,\"height\":600},{\"@type\":\"BreadcrumbList\",\"@id\":\"https:\/\/centcols.org\/sejour-2019-st-die\/#breadcrumb\",\"itemListElement\":[{\"@type\":\"ListItem\",\"position\":1,\"name\":\"Accueil\",\"item\":\"https:\/\/centcols.org\/\"},{\"@type\":\"ListItem\",\"position\":2,\"name\":\"S\u00e9jours du Club des Cent Cols\",\"item\":\"https:\/\/centcols.org\/rubrique\/sejours\/\"},{\"@type\":\"ListItem\",\"position\":3,\"name\":\"Pays\",\"item\":\"https:\/\/centcols.org\/rubrique\/sejours\/pays-sejours\/\"},{\"@type\":\"ListItem\",\"position\":4,\"name\":\"France\",\"item\":\"https:\/\/centcols.org\/rubrique\/sejours\/pays-sejours\/france-pays-sejours\/\"},{\"@type\":\"ListItem\",\"position\":5,\"name\":\"S\u00e9jour d&rsquo;\u00e9t\u00e9 \u00e0 Saint-Di\u00e9-des-Vosges 20 au 27 juillet 2019\"}]},{\"@type\":\"WebSite\",\"@id\":\"https:\/\/centcols.org\/#website\",\"url\":\"https:\/\/centcols.org\/\",\"name\":\"Club des Cent Cols\",\"description\":\"\",\"publisher\":{\"@id\":\"https:\/\/centcols.org\/#organization\"},\"potentialAction\":[{\"@type\":\"SearchAction\",\"target\":{\"@type\":\"EntryPoint\",\"urlTemplate\":\"https:\/\/centcols.org\/?s={search_term_string}\"},\"query-input\":{\"@type\":\"PropertyValueSpecification\",\"valueRequired\":true,\"valueName\":\"search_term_string\"}}],\"inLanguage\":\"it-IT\"},{\"@type\":\"Organization\",\"@id\":\"https:\/\/centcols.org\/#organization\",\"name\":\"Club des Cent Cols\",\"url\":\"https:\/\/centcols.org\/\",\"logo\":{\"@type\":\"ImageObject\",\"inLanguage\":\"it-IT\",\"@id\":\"https:\/\/centcols.org\/#\/schema\/logo\/image\/\",\"url\":\"https:\/\/centcols.org\/wp-content\/uploads\/2025\/01\/carte-icone.png\",\"contentUrl\":\"https:\/\/centcols.org\/wp-content\/uploads\/2025\/01\/carte-icone.png\",\"width\":250,\"height\":250,\"caption\":\"Club des Cent Cols\"},\"image\":{\"@id\":\"https:\/\/centcols.org\/#\/schema\/logo\/image\/\"},\"sameAs\":[\"https:\/\/www.facebook.com\/groups\/5261880558\/?locale=fr_FR\"]},{\"@type\":\"Person\",\"@id\":\"https:\/\/centcols.org\/#\/schema\/person\/911b404fb133d8c913dd27cdcf71c8e5\",\"name\":\"Webmestre\",\"image\":{\"@type\":\"ImageObject\",\"inLanguage\":\"it-IT\",\"@id\":\"https:\/\/centcols.org\/wp-content\/litespeed\/avatar\/2d246e4b6b4f773e08515e1ffc53690b.jpg?ver=1777222892\",\"url\":\"https:\/\/centcols.org\/wp-content\/litespeed\/avatar\/2d246e4b6b4f773e08515e1ffc53690b.jpg?ver=1777222892\",\"contentUrl\":\"https:\/\/centcols.org\/wp-content\/litespeed\/avatar\/2d246e4b6b4f773e08515e1ffc53690b.jpg?ver=1777222892\",\"caption\":\"Webmestre\"},\"url\":\"https:\/\/centcols.org\/it\/author\/webmestre\/\"}]}<\/script>\n<!-- \/ Yoast SEO plugin. -->","yoast_head_json":{"title":"Vacanze estive a Saint-Di\u00e9-des-Vosges dal 20 al 27 luglio 2019 - Club des Cent Cols","robots":{"index":"index","follow":"follow","max-snippet":"max-snippet:-1","max-image-preview":"max-image-preview:large","max-video-preview":"max-video-preview:-1"},"canonical":"https:\/\/centcols.org\/it\/rimanere-2019-st-morire\/","og_locale":"it_IT","og_type":"article","og_title":"S\u00e9jour d'\u00e9t\u00e9 \u00e0 Saint-Di\u00e9-des-Vosges 20 au 27 juillet 2019 - Club des Cent Cols","og_description":"Ont contribu\u00e9 \u00e0 cette page de pr\u00e9sentation du s\u00e9jour Christophe Badonnel, les responsables informatique et s\u00e9jours. \u00c0 voir: vid\u00e9o de la t\u00e9l\u00e9vision vi\u00e0Vosges tourn\u00e9e \u00e0 l&rsquo;occasion de ce s\u00e9jour. Apr\u00e8s Mittelwihr, Bitche et Bussang, nous serons \u00e0 nouveau dans le massif vosgien cet \u00e9t\u00e9 2019. A l&rsquo;invitation de Christophe Badonnel et d&rsquo;une \u00e9quipe rassembl\u00e9e autour [&hellip;]","og_url":"https:\/\/centcols.org\/it\/rimanere-2019-st-morire\/","og_site_name":"Club des Cent Cols","article_publisher":"https:\/\/www.facebook.com\/groups\/5261880558\/?locale=fr_FR","article_published_time":"2019-02-16T15:04:58+00:00","article_modified_time":"2025-10-22T17:45:36+00:00","og_image":[{"width":800,"height":600,"url":"https:\/\/centcols.org\/wp-content\/uploads\/2025\/05\/vue-generale-col-du-Halbach-r-2.jpg","type":"image\/jpeg"}],"author":"Webmestre","twitter_card":"summary_large_image","twitter_misc":{"Scritto da":"Webmestre","Tempo di lettura stimato":"22 minuti"},"schema":{"@context":"https:\/\/schema.org","@graph":[{"@type":"Article","@id":"https:\/\/centcols.org\/sejour-2019-st-die\/#article","isPartOf":{"@id":"https:\/\/centcols.org\/sejour-2019-st-die\/"},"author":{"name":"Webmestre","@id":"https:\/\/centcols.org\/#\/schema\/person\/911b404fb133d8c913dd27cdcf71c8e5"},"headline":"S\u00e9jour d&rsquo;\u00e9t\u00e9 \u00e0 Saint-Di\u00e9-des-Vosges 20 au 27 juillet 2019","datePublished":"2019-02-16T15:04:58+00:00","dateModified":"2025-10-22T17:45:36+00:00","mainEntityOfPage":{"@id":"https:\/\/centcols.org\/sejour-2019-st-die\/"},"wordCount":3433,"publisher":{"@id":"https:\/\/centcols.org\/#organization"},"image":{"@id":"https:\/\/centcols.org\/sejour-2019-st-die\/#primaryimage"},"thumbnailUrl":"https:\/\/centcols.org\/wp-content\/uploads\/2025\/05\/vue-generale-col-du-Halbach-r-2.jpg","articleSection":["France","Grand-Est","Calendrier","Vosges","88-Vosges","S\u00e9jours du Club des Cent Cols"],"inLanguage":"it-IT"},{"@type":"WebPage","@id":"https:\/\/centcols.org\/sejour-2019-st-die\/","url":"https:\/\/centcols.org\/sejour-2019-st-die\/","name":"Vacanze estive a Saint-Di\u00e9-des-Vosges dal 20 al 27 luglio 2019 - Club des Cent Cols","isPartOf":{"@id":"https:\/\/centcols.org\/#website"},"primaryImageOfPage":{"@id":"https:\/\/centcols.org\/sejour-2019-st-die\/#primaryimage"},"image":{"@id":"https:\/\/centcols.org\/sejour-2019-st-die\/#primaryimage"},"thumbnailUrl":"https:\/\/centcols.org\/wp-content\/uploads\/2025\/05\/vue-generale-col-du-Halbach-r-2.jpg","datePublished":"2019-02-16T15:04:58+00:00","dateModified":"2025-10-22T17:45:36+00:00","breadcrumb":{"@id":"https:\/\/centcols.org\/sejour-2019-st-die\/#breadcrumb"},"inLanguage":"it-IT","potentialAction":[{"@type":"ReadAction","target":["https:\/\/centcols.org\/sejour-2019-st-die\/"]}]},{"@type":"ImageObject","inLanguage":"it-IT","@id":"https:\/\/centcols.org\/sejour-2019-st-die\/#primaryimage","url":"https:\/\/centcols.org\/wp-content\/uploads\/2025\/05\/vue-generale-col-du-Halbach-r-2.jpg","contentUrl":"https:\/\/centcols.org\/wp-content\/uploads\/2025\/05\/vue-generale-col-du-Halbach-r-2.jpg","width":800,"height":600},{"@type":"BreadcrumbList","@id":"https:\/\/centcols.org\/sejour-2019-st-die\/#breadcrumb","itemListElement":[{"@type":"ListItem","position":1,"name":"Accueil","item":"https:\/\/centcols.org\/"},{"@type":"ListItem","position":2,"name":"S\u00e9jours du Club des Cent Cols","item":"https:\/\/centcols.org\/rubrique\/sejours\/"},{"@type":"ListItem","position":3,"name":"Pays","item":"https:\/\/centcols.org\/rubrique\/sejours\/pays-sejours\/"},{"@type":"ListItem","position":4,"name":"France","item":"https:\/\/centcols.org\/rubrique\/sejours\/pays-sejours\/france-pays-sejours\/"},{"@type":"ListItem","position":5,"name":"S\u00e9jour d&rsquo;\u00e9t\u00e9 \u00e0 Saint-Di\u00e9-des-Vosges 20 au 27 juillet 2019"}]},{"@type":"WebSite","@id":"https:\/\/centcols.org\/#website","url":"https:\/\/centcols.org\/","name":"Club des Cent Cols","description":"","publisher":{"@id":"https:\/\/centcols.org\/#organization"},"potentialAction":[{"@type":"SearchAction","target":{"@type":"EntryPoint","urlTemplate":"https:\/\/centcols.org\/?s={search_term_string}"},"query-input":{"@type":"PropertyValueSpecification","valueRequired":true,"valueName":"search_term_string"}}],"inLanguage":"it-IT"},{"@type":"Organization","@id":"https:\/\/centcols.org\/#organization","name":"Club des Cent Cols","url":"https:\/\/centcols.org\/","logo":{"@type":"ImageObject","inLanguage":"it-IT","@id":"https:\/\/centcols.org\/#\/schema\/logo\/image\/","url":"https:\/\/centcols.org\/wp-content\/uploads\/2025\/01\/carte-icone.png","contentUrl":"https:\/\/centcols.org\/wp-content\/uploads\/2025\/01\/carte-icone.png","width":250,"height":250,"caption":"Club des Cent Cols"},"image":{"@id":"https:\/\/centcols.org\/#\/schema\/logo\/image\/"},"sameAs":["https:\/\/www.facebook.com\/groups\/5261880558\/?locale=fr_FR"]},{"@type":"Person","@id":"https:\/\/centcols.org\/#\/schema\/person\/911b404fb133d8c913dd27cdcf71c8e5","name":"Webmaster","image":{"@type":"ImageObject","inLanguage":"it-IT","@id":"https:\/\/centcols.org\/wp-content\/litespeed\/avatar\/2d246e4b6b4f773e08515e1ffc53690b.jpg?ver=1777222892","url":"https:\/\/centcols.org\/wp-content\/litespeed\/avatar\/2d246e4b6b4f773e08515e1ffc53690b.jpg?ver=1777222892","contentUrl":"https:\/\/centcols.org\/wp-content\/litespeed\/avatar\/2d246e4b6b4f773e08515e1ffc53690b.jpg?ver=1777222892","caption":"Webmestre"},"url":"https:\/\/centcols.org\/it\/author\/webmestre\/"}]}},"_links":{"self":[{"href":"https:\/\/centcols.org\/it\/wp-json\/wp\/v2\/posts\/82117","targetHints":{"allow":["GET"]}}],"collection":[{"href":"https:\/\/centcols.org\/it\/wp-json\/wp\/v2\/posts"}],"about":[{"href":"https:\/\/centcols.org\/it\/wp-json\/wp\/v2\/types\/post"}],"author":[{"embeddable":true,"href":"https:\/\/centcols.org\/it\/wp-json\/wp\/v2\/users\/3"}],"replies":[{"embeddable":true,"href":"https:\/\/centcols.org\/it\/wp-json\/wp\/v2\/comments?post=82117"}],"version-history":[{"count":0,"href":"https:\/\/centcols.org\/it\/wp-json\/wp\/v2\/posts\/82117\/revisions"}],"wp:featuredmedia":[{"embeddable":true,"href":"https:\/\/centcols.org\/it\/wp-json\/wp\/v2\/media\/82118"}],"wp:attachment":[{"href":"https:\/\/centcols.org\/it\/wp-json\/wp\/v2\/media?parent=82117"}],"wp:term":[{"taxonomy":"category","embeddable":true,"href":"https:\/\/centcols.org\/it\/wp-json\/wp\/v2\/categories?post=82117"},{"taxonomy":"post_tag","embeddable":true,"href":"https:\/\/centcols.org\/it\/wp-json\/wp\/v2\/tags?post=82117"}],"curies":[{"name":"wp","href":"https:\/\/api.w.org\/{rel}","templated":true}]}}