{"id":82135,"date":"2019-06-04T21:27:38","date_gmt":"2019-06-04T19:27:38","guid":{"rendered":"https:\/\/centcols.org\/sejour-dautomne-et-assemblee-generale-a-nant-aveyron-8-au-10-novembre-2019\/"},"modified":"2025-09-14T19:38:56","modified_gmt":"2025-09-14T17:38:56","slug":"ag-2019-nant","status":"publish","type":"post","link":"https:\/\/centcols.org\/it\/ag-2019-nant\/","title":{"rendered":"Pausa autunnale e assemblea generale a Nant (Aveyron), dall'8 al 10 novembre 2019"},"content":{"rendered":"<blockquote class=\"wp-block-quote is-layout-flow wp-block-quote-is-layout-flow\">\n<p><span style=\"color: #808080;\">Le seguenti persone hanno contribuito a questa pagina di presentazione delle vacanze: IT e manager delle vacanze<\/span><\/p>\n<\/blockquote>\n\n\n<div class=\"wp-block-image wp-image-35493\">\n<figure class=\"aligncenter size-full\"><a href=\"https:\/\/centcols.org\/wp-content\/uploads\/2025\/05\/2018.10-Nant-vue-generale017-r.jpg\"><img loading=\"lazy\" decoding=\"async\" width=\"800\" height=\"600\" src=\"https:\/\/centcols.org\/wp-content\/uploads\/2025\/05\/2018.10-Nant-vue-generale017-r.jpg\" alt=\"\" class=\"wp-image-82139\" srcset=\"https:\/\/centcols.org\/wp-content\/uploads\/2025\/05\/2018.10-Nant-vue-generale017-r.jpg 800w, https:\/\/centcols.org\/wp-content\/uploads\/2025\/05\/2018.10-Nant-vue-generale017-r-768x576.jpg 768w\" sizes=\"auto, (max-width: 800px) 100vw, 800px\" \/><\/a><figcaption class=\"wp-element-caption\">Nant - vista generale (Foto Guy Cambess\u00e8d\u00e8s)<\/figcaption><\/figure>\n<\/div>\n\n\n<p><span style=\"color: #000000;\">Saremo a Nant, nell'Aveyron, per la nostra pausa autunnale e il<a href=\"https:\/\/centcols.org\/it\/ag-2019-nant\/\" target=\"_blank\" rel=\"noopener noreferrer\"><strong>Assemblea generale annuale<\/strong><\/a> del 2019.<\/span><\/p>\n\n\n\n<h3 class=\"wp-block-heading\"><span style=\"color: #000000;\">Alcuni elementi del programma:<\/span><\/h3>\n\n\n\n<p>Venerd\u00ec, a partire dalle 16.30, si terr\u00e0 un ricevimento in loco. Le camere saranno disponibili dalle 17.00.<\/p>\n\n\n\n<p>Inizio del percorso di sabato: ore 8.30 presso il centro vacanze<br>Partenza del percorso in mountain bike di sabato: ore 8.30 a Saucli\u00e8res (ritrovo per il car pooling alle ore 8.00 presso il centro vacanze)<br>Partenza dei percorsi di domenica su strada e in mountain bike: ore 8.30 presso il centro vacanze.<\/p>\n\n\n\n<p>I dettagli completi del programma sono contenuti nel CCI che avete ricevuto o che potete consultare sul sito web.<\/p>\n\n\n\n<h3 class=\"wp-block-heading\"><span style=\"color: #000000; font-size: 1.4em;\">Le rubriche sono riportate di seguito:<\/span><\/h3>\n\n\n\n<ul class=\"wp-block-list\">\n<li><span style=\"color: #000000;\">Introduzione alla regione<\/span><\/li>\n\n\n\n<li><span style=\"color: #000000;\">Il <a href=\"\/it\/membres\/cctours\/tours.php\/?lieu=Nant&amp;an=2019\">circuiti<\/a><\/span><\/li>\n\n\n\n<li><span style=\"color: #000000;\">Alloggio<\/span><\/li>\n\n\n\n<li><span style=\"color: #000000;\">Nota del Consiglio di amministrazione<\/span><\/li>\n\n\n\n<li><span style=\"color: #000000;\">Iscrizione<\/span><\/li>\n\n\n\n<li><span style=\"color: #000000;\">Assemblea generale annuale del Club des Cent Cols&nbsp;<\/span><\/li>\n\n\n\n<li><span style=\"color: #000000;\">Altre attivit\u00e0 o visite<\/span><\/li>\n<\/ul>\n\n\n\n<h2 class=\"wp-block-heading\">Presentazione di Nant<\/h2>\n\n\n\n<p>\u00c8 nell'Aveyron che quest'anno si terr\u00e0 la nostra Assemblea generale e la relativa pausa autunnale. Nant si trova al confine tra le montuose C\u00e9vennes e gli aridi altipiani delle Causses. Questo villaggio medievale \u00e8 situato sulla Dourbie, un fiume impetuoso che, dalla sua sorgente presso il Mont Aigoual, ha scavato le Gorges de la Dourbie a est e il Canyon de la Dourbie a nord nel suo percorso verso il Tarn, al quale si unisce a Millau. Non ci spingeremo fino all'Aigoual, una bella montagna che abbiamo esplorato a fondo durante il nostro viaggio a Camprieu nel 2011. Qualche valico ci far\u00e0 comunque passare la sete di imprese autunnali. Nel raggio di una quarantina di chilometri, oltre alla Dourbie e all'Aigoual, ci sono numerosi siti che soddisferanno la nostra curiosit\u00e0 turistica: le Gorges du Tarn, Millau e il suo viadotto, Saint-Affrique, Roquefort, il Caos di Montpellier-le-Vieux, ecc.<\/p>\n\n\n\n<figure class=\"wp-block-gallery has-nested-images columns-3 is-cropped wp-block-gallery-1 is-layout-flex wp-block-gallery-is-layout-flex\">\n<figure class=\"wp-block-image size-full\"><a href=\"https:\/\/centcols.org\/wp-content\/uploads\/2019\/06\/2018.10-Nant-le-vieux-pont008-r.jpg\"><img loading=\"lazy\" decoding=\"async\" width=\"800\" height=\"600\" data-id=\"88588\" src=\"https:\/\/centcols.org\/wp-content\/uploads\/2019\/06\/2018.10-Nant-le-vieux-pont008-r.jpg\" alt=\"\" class=\"wp-image-88588\" srcset=\"https:\/\/centcols.org\/wp-content\/uploads\/2019\/06\/2018.10-Nant-le-vieux-pont008-r.jpg 800w, https:\/\/centcols.org\/wp-content\/uploads\/2019\/06\/2018.10-Nant-le-vieux-pont008-r-768x576.jpg 768w\" sizes=\"auto, (max-width: 800px) 100vw, 800px\" \/><\/a><figcaption class=\"wp-element-caption\">Nant - il vecchio ponte (Foto Guy Cambessedes)<\/figcaption><\/figure>\n\n\n\n<figure class=\"wp-block-image size-full\"><a href=\"https:\/\/centcols.org\/wp-content\/uploads\/2019\/06\/2018.10-Nant-la-halle-couverte-010-r.jpg\"><img loading=\"lazy\" decoding=\"async\" width=\"800\" height=\"600\" data-id=\"88589\" src=\"https:\/\/centcols.org\/wp-content\/uploads\/2019\/06\/2018.10-Nant-la-halle-couverte-010-r.jpg\" alt=\"\" class=\"wp-image-88589\" srcset=\"https:\/\/centcols.org\/wp-content\/uploads\/2019\/06\/2018.10-Nant-la-halle-couverte-010-r.jpg 800w, https:\/\/centcols.org\/wp-content\/uploads\/2019\/06\/2018.10-Nant-la-halle-couverte-010-r-768x576.jpg 768w\" sizes=\"auto, (max-width: 800px) 100vw, 800px\" \/><\/a><figcaption class=\"wp-element-caption\">Nant - il mercato coperto (Foto Guy Cambessedes)<\/figcaption><\/figure>\n\n\n\n<figure class=\"wp-block-image size-full\"><a href=\"https:\/\/centcols.org\/wp-content\/uploads\/2019\/06\/Nant-le-roc-nantais-.jpg\"><img loading=\"lazy\" decoding=\"async\" width=\"1200\" height=\"900\" data-id=\"88592\" src=\"https:\/\/centcols.org\/wp-content\/uploads\/2019\/06\/Nant-le-roc-nantais-.jpg\" alt=\"\" class=\"wp-image-88592\" srcset=\"https:\/\/centcols.org\/wp-content\/uploads\/2019\/06\/Nant-le-roc-nantais-.jpg 1200w, https:\/\/centcols.org\/wp-content\/uploads\/2019\/06\/Nant-le-roc-nantais--768x576.jpg 768w\" sizes=\"auto, (max-width: 1200px) 100vw, 1200px\" \/><\/a><figcaption class=\"wp-element-caption\">Nant - il Roc Nantais (foto Guy Cambessedes)<\/figcaption><\/figure>\n<\/figure>\n\n\n\n<p>Su Internet ci sono tre siti web dove \u00e8 possibile trovare maggiori informazioni su Nant e sulla zona circostante:<br>Ufficio del Turismo (+33 (0)5 65 62 23 64) : <a href=\"https:\/\/www.tourisme-aveyron.com\/fr\/diffusio\/patrimoine-culturel-visites\/village-de-nant-nant_TFO089808464046\" target=\"_blank\" rel=\"noreferrer noopener\">sito web<\/a><br>Wikipedia : <a href=\"https:\/\/fr.wikipedia.org\/wiki\/Nant\" target=\"_blank\" rel=\"noreferrer noopener\">sito web<\/a><\/p>\n\n\n\n<h2 class=\"wp-block-heading\"><a href=\"https:\/\/centcols.org\/it\/membres\/cctours\/tours.php\/?lieu=Nant&amp;an=2019\">I percorsi<\/a><\/h2>\n\n\n\n<p>Sia il sabato che la domenica mattina verranno proposti un circuito su strada e uno per mountain bike. Sono tutti accessibili a tutti i nostri soci in termini di lunghezza, pendenza e difficolt\u00e0. I due circuiti di mountain bike sono stati testati sul campo.&nbsp;<br>Anche se i passi di montagna non saranno eccezionali, il paesaggio dovrebbe soddisfare anche i ciclisti pi\u00f9 esigenti. Una breve descrizione dei percorsi e delle tracce gpx sar\u00e0 disponibile in autunno.<\/p>\n\n\n\n<h4 class=\"wp-block-heading\"><a href=\"https:\/\/centcols.org\/it\/membres\/cctours\/tours.php\/?lieu=Nant&amp;an=2019&amp;genre=R\">Percorsi stradali<\/a><\/h4>\n\n\n\n<p><strong>R1 : <\/strong>Questo percorso di 54 km \"Dourbie e Tr\u00e9zevel\", con i suoi 800 metri di salita, vi porter\u00e0 a superare i passi di La Pierre Plant\u00e9e e Rhodes.<\/p>\n\n\n\n<p><strong>R2 : <\/strong>In 62 km e 900 m di dislivello positivo, si attraversano i Causses Campestre e Larzac e si superano 3 passi.<\/p>\n\n\n\n<h4 class=\"wp-block-heading\"><a href=\"https:\/\/centcols.org\/it\/membres\/cctours\/tours.php\/?lieu=Nant&amp;an=2019&amp;genre=V\">Percorsi per mountain bike<\/a><\/h4>\n\n\n\n<p><strong>V1 : <\/strong>Partendo dal centro vacanze, si percorrono 26 km e 800 m di dislivello per scoprire 3 passi tra Dourbie e Causse.<\/p>\n\n\n\n<p><strong>V2 : <\/strong>Dopo essere partiti in auto a 18 km, ci si dirige verso \"la sorgente del Burle\"! Altri 3 passi in 23 km e 650 m di dislivello.<\/p>\n\n\n\n<figure class=\"wp-block-gallery has-nested-images columns-3 is-cropped wp-block-gallery-2 is-layout-flex wp-block-gallery-is-layout-flex\">\n<figure class=\"wp-block-image size-full\"><a href=\"https:\/\/centcols.org\/wp-content\/uploads\/2019\/06\/R1-Cantobre-.jpg\"><img loading=\"lazy\" decoding=\"async\" width=\"1200\" height=\"900\" data-id=\"88593\" src=\"https:\/\/centcols.org\/wp-content\/uploads\/2019\/06\/R1-Cantobre-.jpg\" alt=\"\" class=\"wp-image-88593\" srcset=\"https:\/\/centcols.org\/wp-content\/uploads\/2019\/06\/R1-Cantobre-.jpg 1200w, https:\/\/centcols.org\/wp-content\/uploads\/2019\/06\/R1-Cantobre--768x576.jpg 768w\" sizes=\"auto, (max-width: 1200px) 100vw, 1200px\" \/><\/a><figcaption class=\"wp-element-caption\">R1 - Cantobre (Foto G Cambesedes)<\/figcaption><\/figure>\n\n\n\n<figure class=\"wp-block-image size-full\"><a href=\"https:\/\/centcols.org\/wp-content\/uploads\/2019\/06\/R1-la-chapelle-des-Cuns-.jpg\"><img loading=\"lazy\" decoding=\"async\" width=\"1200\" height=\"900\" data-id=\"88594\" src=\"https:\/\/centcols.org\/wp-content\/uploads\/2019\/06\/R1-la-chapelle-des-Cuns-.jpg\" alt=\"\" class=\"wp-image-88594\" srcset=\"https:\/\/centcols.org\/wp-content\/uploads\/2019\/06\/R1-la-chapelle-des-Cuns-.jpg 1200w, https:\/\/centcols.org\/wp-content\/uploads\/2019\/06\/R1-la-chapelle-des-Cuns--768x576.jpg 768w\" sizes=\"auto, (max-width: 1200px) 100vw, 1200px\" \/><\/a><figcaption class=\"wp-element-caption\">R1 - la cappella dei Cuns (foto Guy Cambessedes)<\/figcaption><\/figure>\n\n\n\n<figure class=\"wp-block-image size-full\"><a href=\"https:\/\/centcols.org\/wp-content\/uploads\/2019\/06\/R2-Brebis-sur-le-Larzac-.jpg\"><img loading=\"lazy\" decoding=\"async\" width=\"1200\" height=\"900\" data-id=\"88595\" src=\"https:\/\/centcols.org\/wp-content\/uploads\/2019\/06\/R2-Brebis-sur-le-Larzac-.jpg\" alt=\"\" class=\"wp-image-88595\" srcset=\"https:\/\/centcols.org\/wp-content\/uploads\/2019\/06\/R2-Brebis-sur-le-Larzac-.jpg 1200w, https:\/\/centcols.org\/wp-content\/uploads\/2019\/06\/R2-Brebis-sur-le-Larzac--768x576.jpg 768w\" sizes=\"auto, (max-width: 1200px) 100vw, 1200px\" \/><\/a><figcaption class=\"wp-element-caption\">R2 - Pecore sul Larzac (foto Guy Cambessedes)<\/figcaption><\/figure>\n\n\n\n<figure class=\"wp-block-image size-full\"><a href=\"https:\/\/centcols.org\/wp-content\/uploads\/2019\/06\/R2-Cardabelle-.jpg\"><img loading=\"lazy\" decoding=\"async\" width=\"1200\" height=\"900\" data-id=\"88596\" src=\"https:\/\/centcols.org\/wp-content\/uploads\/2019\/06\/R2-Cardabelle-.jpg\" alt=\"\" class=\"wp-image-88596\" srcset=\"https:\/\/centcols.org\/wp-content\/uploads\/2019\/06\/R2-Cardabelle-.jpg 1200w, https:\/\/centcols.org\/wp-content\/uploads\/2019\/06\/R2-Cardabelle--768x576.jpg 768w\" sizes=\"auto, (max-width: 1200px) 100vw, 1200px\" \/><\/a><figcaption class=\"wp-element-caption\">R2 - Cardabelle (foto Guy Cambessedes)<\/figcaption><\/figure>\n\n\n\n<figure class=\"wp-block-image size-full\"><a href=\"https:\/\/centcols.org\/wp-content\/uploads\/2019\/06\/R2-La-Couvertoirade-.jpg\"><img loading=\"lazy\" decoding=\"async\" width=\"1200\" height=\"900\" data-id=\"88597\" src=\"https:\/\/centcols.org\/wp-content\/uploads\/2019\/06\/R2-La-Couvertoirade-.jpg\" alt=\"\" class=\"wp-image-88597\" srcset=\"https:\/\/centcols.org\/wp-content\/uploads\/2019\/06\/R2-La-Couvertoirade-.jpg 1200w, https:\/\/centcols.org\/wp-content\/uploads\/2019\/06\/R2-La-Couvertoirade--768x576.jpg 768w\" sizes=\"auto, (max-width: 1200px) 100vw, 1200px\" \/><\/a><figcaption class=\"wp-element-caption\">R2 - La Couvertoirade (foto Guy Cambessedes)<\/figcaption><\/figure>\n\n\n\n<figure class=\"wp-block-image size-full\"><a href=\"https:\/\/centcols.org\/wp-content\/uploads\/2019\/06\/V1-le-hameau-dAlgues-r.jpg\"><img loading=\"lazy\" decoding=\"async\" width=\"1024\" height=\"345\" data-id=\"88598\" src=\"https:\/\/centcols.org\/wp-content\/uploads\/2019\/06\/V1-le-hameau-dAlgues-r.jpg\" alt=\"\" class=\"wp-image-88598\" srcset=\"https:\/\/centcols.org\/wp-content\/uploads\/2019\/06\/V1-le-hameau-dAlgues-r.jpg 1024w, https:\/\/centcols.org\/wp-content\/uploads\/2019\/06\/V1-le-hameau-dAlgues-r-768x259.jpg 768w\" sizes=\"auto, (max-width: 1024px) 100vw, 1024px\" \/><\/a><figcaption class=\"wp-element-caption\">V1 - la frazione di Algues (foto Guy Cambessedes)<\/figcaption><\/figure>\n\n\n\n<figure class=\"wp-block-image size-full\"><a href=\"https:\/\/centcols.org\/wp-content\/uploads\/2025\/05\/V1-Nant-.jpg\"><img loading=\"lazy\" decoding=\"async\" width=\"1200\" height=\"900\" data-id=\"82172\" src=\"https:\/\/centcols.org\/wp-content\/uploads\/2025\/05\/V1-Nant-.jpg\" alt=\"\" class=\"wp-image-82172\" srcset=\"https:\/\/centcols.org\/wp-content\/uploads\/2025\/05\/V1-Nant-.jpg 1200w, https:\/\/centcols.org\/wp-content\/uploads\/2025\/05\/V1-Nant--768x576.jpg 768w\" sizes=\"auto, (max-width: 1200px) 100vw, 1200px\" \/><\/a><figcaption class=\"wp-element-caption\">V1 - Nant (foto Guy Cambessedes)<\/figcaption><\/figure>\n\n\n\n<figure class=\"wp-block-image size-full\"><a href=\"https:\/\/centcols.org\/wp-content\/uploads\/2019\/06\/V1-sur-le-causse-Begon-r-500x157-1.jpg\"><img loading=\"lazy\" decoding=\"async\" width=\"500\" height=\"157\" data-id=\"88599\" src=\"https:\/\/centcols.org\/wp-content\/uploads\/2019\/06\/V1-sur-le-causse-Begon-r-500x157-1.jpg\" alt=\"\" class=\"wp-image-88599\"\/><\/a><figcaption class=\"wp-element-caption\">V1 - sulla causse B\u00e9gon (foto Guy Cambessedes)<\/figcaption><\/figure>\n\n\n\n<figure class=\"wp-block-image size-full\"><a href=\"https:\/\/centcols.org\/wp-content\/uploads\/2019\/06\/V2-au-col-de-la-croix-de-la-guerite-r.jpg\"><img loading=\"lazy\" decoding=\"async\" width=\"1280\" height=\"669\" data-id=\"88600\" src=\"https:\/\/centcols.org\/wp-content\/uploads\/2019\/06\/V2-au-col-de-la-croix-de-la-guerite-r.jpg\" alt=\"\" class=\"wp-image-88600\" srcset=\"https:\/\/centcols.org\/wp-content\/uploads\/2019\/06\/V2-au-col-de-la-croix-de-la-guerite-r.jpg 1280w, https:\/\/centcols.org\/wp-content\/uploads\/2019\/06\/V2-au-col-de-la-croix-de-la-guerite-r-1200x627.jpg 1200w, https:\/\/centcols.org\/wp-content\/uploads\/2019\/06\/V2-au-col-de-la-croix-de-la-guerite-r-768x401.jpg 768w\" sizes=\"auto, (max-width: 1280px) 100vw, 1280px\" \/><\/a><figcaption class=\"wp-element-caption\">V2 - il passo della Croix de la gu\u00e9rite (foto Guy Cambessedes)<\/figcaption><\/figure>\n\n\n\n<figure class=\"wp-block-image size-full\"><a href=\"https:\/\/centcols.org\/wp-content\/uploads\/2019\/06\/V2-depuis-les-cretes.jpg\"><img loading=\"lazy\" decoding=\"async\" width=\"1365\" height=\"1024\" data-id=\"88601\" src=\"https:\/\/centcols.org\/wp-content\/uploads\/2019\/06\/V2-depuis-les-cretes.jpg\" alt=\"\" class=\"wp-image-88601\" srcset=\"https:\/\/centcols.org\/wp-content\/uploads\/2019\/06\/V2-depuis-les-cretes.jpg 1365w, https:\/\/centcols.org\/wp-content\/uploads\/2019\/06\/V2-depuis-les-cretes-1200x900.jpg 1200w, https:\/\/centcols.org\/wp-content\/uploads\/2019\/06\/V2-depuis-les-cretes-768x576.jpg 768w\" sizes=\"auto, (max-width: 1365px) 100vw, 1365px\" \/><\/a><figcaption class=\"wp-element-caption\">V2 - dalle creste (foto Guy Cambessedes)<\/figcaption><\/figure>\n\n\n\n<figure class=\"wp-block-image size-full\"><a href=\"https:\/\/centcols.org\/wp-content\/uploads\/2019\/06\/V2-sur-la-piste-de-la-Barriere-rjpg.jpg\"><img loading=\"lazy\" decoding=\"async\" width=\"1280\" height=\"660\" data-id=\"88602\" src=\"https:\/\/centcols.org\/wp-content\/uploads\/2019\/06\/V2-sur-la-piste-de-la-Barriere-rjpg.jpg\" alt=\"\" class=\"wp-image-88602\" srcset=\"https:\/\/centcols.org\/wp-content\/uploads\/2019\/06\/V2-sur-la-piste-de-la-Barriere-rjpg.jpg 1280w, https:\/\/centcols.org\/wp-content\/uploads\/2019\/06\/V2-sur-la-piste-de-la-Barriere-rjpg-1200x619.jpg 1200w, https:\/\/centcols.org\/wp-content\/uploads\/2019\/06\/V2-sur-la-piste-de-la-Barriere-rjpg-768x396.jpg 768w\" sizes=\"auto, (max-width: 1280px) 100vw, 1280px\" \/><\/a><figcaption class=\"wp-element-caption\">V2 - sulla pista Barri\u00e8re (foto Guy Cambessedes)<\/figcaption><\/figure>\n<\/figure>\n\n\n\n<h2 class=\"wp-block-heading\">Alloggio<\/h2>\n\n\n\n<p><strong><br>Villaggio Soleil Evasion, Domaine du Roc Nantais<\/strong>, Faubourg Bas,12230 NANT<\/p>\n\n\n\n<p>Tel: +33 (0)5 64 13 64 37. Indirizzo e-mail: <a href=\"\/it\/&\/#x6d;&#97;i&#x6c;&#116;o&#x3a;&#110;a&#x6e;&#116;&#64;&#x63;&#97;p&#x66;&#114;a&#x6e;&#99;e&#x2e;&#99;o&#x6d;\">nant@capfrance.com<\/a>&nbsp;<a href=\"http:\/\/www.soleilevasion.fr\/cap-france-roc-nantais.html\">Sito web di Roc Nantais<\/a><\/p>\n\n\n\n<div class=\"wp-block-columns is-layout-flex wp-container-core-columns-is-layout-9d6595d7 wp-block-columns-is-layout-flex\">\n<div class=\"wp-block-column is-layout-flow wp-block-column-is-layout-flow\" style=\"flex-basis:66.66%\">\n<p>Si trova in paese, a meno di 200 metri dal centro, in un parco di 3 ettari. Le camere sono spaziose e dispongono di bagno e WC separati. Sono disponibili tutti i servizi abituali (deposito biciclette, parcheggio, WiFi, ecc.).<\/p>\n\n\n\n<figure class=\"wp-block-image size-full\"><img loading=\"lazy\" decoding=\"async\" width=\"1272\" height=\"1064\" src=\"https:\/\/centcols.org\/wp-content\/uploads\/2025\/05\/Nant-Village-de-vacances.jpg\" alt=\"\" class=\"wp-image-82140\" style=\"object-fit:cover\" srcset=\"https:\/\/centcols.org\/wp-content\/uploads\/2025\/05\/Nant-Village-de-vacances.jpg 1272w, https:\/\/centcols.org\/wp-content\/uploads\/2025\/05\/Nant-Village-de-vacances-1200x1004.jpg 1200w, https:\/\/centcols.org\/wp-content\/uploads\/2025\/05\/Nant-Village-de-vacances-768x642.jpg 768w\" sizes=\"auto, (max-width: 1272px) 100vw, 1272px\" \/><\/figure>\n<\/div>\n\n\n\n<div class=\"wp-block-column is-layout-flow wp-block-column-is-layout-flow\" style=\"flex-basis:33.33%\">\n<div style=\"height:80px\" aria-hidden=\"true\" class=\"wp-block-spacer\"><\/div>\n\n\n\n<h2 class=\"wp-block-heading\">Nota del Consiglio di amministrazione<\/h2>\n\n\n\n<p>Se si organizza l'alloggio in un luogo diverso dal villaggio turistico, si prega di comunicarci che si parteciper\u00e0 alla vacanza, per 3 motivi:<\/p>\n\n\n\n<ol class=\"wp-block-list\">\n<li>Essere in grado di dimensionare correttamente gli eventi comuni (sessioni informative, feste di benvenuto e di addio).<\/li>\n\n\n\n<li>Potersi dividere in pi\u00f9 gruppi sui percorsi per migliorare la sicurezza di tutti.<\/li>\n\n\n\n<li>Per aiutare gli organizzatori a gestire eventuali imprevisti.<\/li>\n<\/ol>\n<\/div>\n<\/div>\n\n\n\n<figure class=\"wp-block-gallery has-nested-images columns-2 is-cropped wp-block-gallery-3 is-layout-flex wp-block-gallery-is-layout-flex\">\n<figure class=\"wp-block-image size-full\"><a href=\"https:\/\/centcols.org\/wp-content\/uploads\/2019\/06\/2018.10-Nant-le-roc-nantais-2-014-r.jpg\"><img loading=\"lazy\" decoding=\"async\" width=\"800\" height=\"600\" data-id=\"88590\" src=\"https:\/\/centcols.org\/wp-content\/uploads\/2019\/06\/2018.10-Nant-le-roc-nantais-2-014-r.jpg\" alt=\"\" class=\"wp-image-88590\" srcset=\"https:\/\/centcols.org\/wp-content\/uploads\/2019\/06\/2018.10-Nant-le-roc-nantais-2-014-r.jpg 800w, https:\/\/centcols.org\/wp-content\/uploads\/2019\/06\/2018.10-Nant-le-roc-nantais-2-014-r-768x576.jpg 768w\" sizes=\"auto, (max-width: 800px) 100vw, 800px\" \/><\/a><figcaption class=\"wp-element-caption\">Nant - le Roc Nantais (Foto Guy Cambessedes)<\/figcaption><\/figure>\n\n\n\n<figure class=\"wp-block-image size-full\"><a href=\"https:\/\/centcols.org\/wp-content\/uploads\/2025\/05\/2018.10-Nant-le-roc-nantais013-r.jpg\"><img loading=\"lazy\" decoding=\"async\" width=\"800\" height=\"600\" data-id=\"82137\" src=\"https:\/\/centcols.org\/wp-content\/uploads\/2025\/05\/2018.10-Nant-le-roc-nantais013-r.jpg\" alt=\"\" class=\"wp-image-82137\" srcset=\"https:\/\/centcols.org\/wp-content\/uploads\/2025\/05\/2018.10-Nant-le-roc-nantais013-r.jpg 800w, https:\/\/centcols.org\/wp-content\/uploads\/2025\/05\/2018.10-Nant-le-roc-nantais013-r-768x576.jpg 768w\" sizes=\"auto, (max-width: 800px) 100vw, 800px\" \/><\/a><figcaption class=\"wp-element-caption\">Nant - le Roc Nantais (Foto Guy Cambessedes)<\/figcaption><\/figure>\n<\/figure>\n\n\n\n<h4 class=\"wp-block-heading\">Altre opzioni di alloggio<\/h4>\n\n\n\n<p>Nelle immediate vicinanze del Domaine du Roc Nantais c'\u00e8 un parcheggio pubblico: i camper possono parcheggiare l\u00ec (cos\u00ec come negli altri parcheggi del comune), ma non ci sono allacciamenti (elettricit\u00e0, acqua, ecc.).<\/p>\n\n\n\n<h2 class=\"wp-block-heading\">Iscrizioni<\/h2>\n\n\n\n<p>Per iscriversi, scaricare il modulo di iscrizione in formato PDF dal link sottostante e seguire le istruzioni in esso contenute.<br>Si prega di notare che il modulo di iscrizione allegato a questa rivista e disponibile sul sito web del Club include <strong>due pagine<\/strong> Dovrete inoltre firmare le condizioni che regolano il funzionamento del \"fondo di solidariet\u00e0\". Se pensate di essere accompagnati dal vostro partner, assicuratevi di registrarlo come socio associato presso il vostro Delegato territoriale e non dimenticate di inserire il suo numero di socio nell'apposita casella. Se, e solo se, un partecipante non \u00e8 in possesso di una licenza FFCT, deve anche sottoscrivere l'assicurazione obbligatoria. La partecipazione al Fondo di solidariet\u00e0 \u00e8 inclusa nella quota di iscrizione.<\/p>\n\n\n\n<p><strong>A seconda di quando si arriva e di quando si parte, il pacchetto \u00e8 diverso:<\/strong><\/p>\n\n\n\n<ul class=\"wp-block-list\">\n<li>Se arrivate il venerd\u00ec per la cena e ripartite la domenica dopo pranzo, vi verranno addebitati 134 \u20ac.<\/li>\n\n\n\n<li>Se arrivate per il pranzo del sabato e ripartite la domenica mattina, vi verranno addebitati 61 \u20ac per il pacchetto di mezza pensione pi\u00f9 17,50 \u20ac per il pranzo del 9.<\/li>\n\n\n\n<li>Se arrivate a pranzo il sabato e ripartite la domenica dopo pranzo, vi verranno addebitati 71 \u20ac per il pacchetto di pensione pi\u00f9 17,50 \u20ac per il pranzo del 9.<\/li>\n\n\n\n<li>Chi viene senza alloggio (pernottamento o alloggio con mezzi propri) pu\u00f2 iscriversi ai pasti di sabato a pranzo (17,50 euro), sabato sera (21,50 euro) e\/o domenica a pranzo (17,50 euro). Il pasto del sabato sera \u00e8 stato migliorato.<\/li>\n\n\n\n<li>E cos\u00ec via.<\/li>\n<\/ul>\n\n\n\n<p>Alcuni potrebbero essere tentati di <strong>prolungare la loro permanenza fino a luned\u00ec 11 novembre<\/strong>. Abbiamo negoziato con l'albergatore la possibilit\u00e0 di dormire una notte in pi\u00f9 (da domenica a luned\u00ec) con colazione il luned\u00ec mattina. Questo \u00e8 lo scopo della linea \"Opzione\" a 33 euro. D'altra parte, non ci sar\u00e0 alcun pasto la domenica sera, poich\u00e9 ognuno dovr\u00e0 organizzarsi autonomamente.<\/p>\n\n\n\n<p>\u00c8 possibile pagare la quota di iscrizione tramite assegno o bonifico sul conto del Club. A causa delle spese aggiuntive, non accettiamo pagamenti con PayPal.<\/p>\n\n\n\n<p>I soci vengono assegnati in base all'ordine di invio dell'assegno o del bonifico. Per il primo fa fede il timbro postale, per il secondo \u00e8 necessario inviare una copia dell'ordine di bonifico. In caso di vacanza al completo, verr\u00e0 istituita una lista d'attesa che funzioner\u00e0 secondo le stesse regole di assegnazione prioritaria delle iscrizioni dirette.<\/p>\n\n\n\n<h3 class=\"wp-block-heading\"><strong>Scarica la newsletter :<\/strong><\/h3>\n\n\n\n<ul class=\"wp-block-list\">\n<li>Modulo di registrazione Nant<\/li>\n\n\n\n<li>Modulo d'iscrizione Nant<\/li>\n\n\n\n<li>Modulo di registrazione Nant<\/li>\n<\/ul>\n\n\n\n<p>La scadenza per la ricezione delle iscrizioni \u00e8 <strong>30 settembre 2019.<\/strong><\/p>\n\n\n\n<h3 class=\"wp-block-heading\"><strong>Trombinoscopio, una nuova funzione:<\/strong><\/h3>\n\n\n\n<p>Quando ci incontriamo in occasione delle gite (e di altri eventi), conosciamo molti amici e conoscenti, ma non siamo sicuri di sapere il nome di tutti, e non sempre abbiamo il coraggio di ammetterlo o di chiederlo. Per cercare di rimediare, come annunciato all'assemblea di B\u00e9doin, proponiamo di consegnare a ogni partecipante alle gite un semplice trombinoscopio dei presenti, con la foto, il nome e il numero di tessera di tutti coloro che ci hanno inviato (prima o all'atto dell'iscrizione) la loro foto e l'autorizzazione a pubblicarla sulla pagina del trombinoscopio del sito del Club. \u00c8 possibile inviare una foto digitale del solo volto come <strong>File JPG<\/strong> di buona definizione e qualit\u00e0, con un rapporto larghezza\/altezza di \u00be, indicando chiaramente il proprio nome e numero di iscrizione, a <a href=\"javascript:;\">photodemembre@centcols.org<\/a>o direttamente a <a href=\"javascript:;\">sejours@centcols.org<\/a> che trasmetter\u00e0 le informazioni. Assicurarsi di barrare la casella s\u00ec o no del modulo di registrazione, a seconda che si accetti o meno. Se non viene barrata alcuna casella, la risposta sar\u00e0 considerata negativa. Se si invia una foto \"cartacea\" con il modulo di iscrizione, questa sar\u00e0 utilizzata solo per il trombinoscopio del viaggio.<\/p>\n\n\n<div class=\"wp-block-image\">\n<figure class=\"aligncenter size-full\"><a href=\"https:\/\/centcols.org\/wp-content\/uploads\/2019\/06\/2018.10-Nant-templier-moderne012-r.jpg\"><img loading=\"lazy\" decoding=\"async\" width=\"800\" height=\"600\" src=\"https:\/\/centcols.org\/wp-content\/uploads\/2019\/06\/2018.10-Nant-templier-moderne012-r.jpg\" alt=\"\" class=\"wp-image-88591\" srcset=\"https:\/\/centcols.org\/wp-content\/uploads\/2019\/06\/2018.10-Nant-templier-moderne012-r.jpg 800w, https:\/\/centcols.org\/wp-content\/uploads\/2019\/06\/2018.10-Nant-templier-moderne012-r-768x576.jpg 768w\" sizes=\"auto, (max-width: 800px) 100vw, 800px\" \/><\/a><\/figure>\n<\/div>\n\n\n<h2 class=\"wp-block-heading\">Assemblea generale annuale del Club des Cent Cols<\/h2>\n\n\n\n<p>Si terr\u00e0 in loco il sabato pomeriggio. Per maggiori dettagli, visitate il sito&nbsp;<a href=\"https:\/\/centcols.org\/it\/ag-2019-nant\/\" target=\"_blank\" rel=\"noreferrer noopener\"><strong>Assemblea generale annuale<\/strong><\/a>.<\/p>\n\n\n\n<p>L'invito alla riunione e i documenti statutari saranno inviati come di consueto tramite un Info Cent Cols in ottobre e saranno disponibili anche sul sito web.<\/p>\n\n\n\n<p>Al termine dei lavori, ci sar\u00e0 un rinfresco per riunirsi in modo meno formale.<\/p>\n\n\n\n<h2 class=\"wp-block-heading\">Altre attivit\u00e0 o visite<\/h2>\n\n\n\n<p>Per gli accompagnatori, possiamo suggerire alcune visite nei dintorni di Nant.<\/p>\n\n\n\n<ul class=\"wp-block-list\">\n<li>La Couvertoirade e La Cavalerie, citt\u00e0 dei Templari<\/li>\n\n\n\n<li>Le cantine del Roquefort<\/li>\n\n\n\n<li>Millau e il suo viadotto<\/li>\n\n\n\n<li>I villaggi della Dourbie (les Cuns, Cantobre, Saint-V\u00e9ran e la Roque-Sainte-Marguerite)<\/li>\n<\/ul>","protected":false},"excerpt":{"rendered":"<p>Ont contribu\u00e9 \u00e0 cette page de pr\u00e9sentation du s\u00e9jour les responsables informatique et s\u00e9jours C&rsquo;est \u00e0 Nant dans l&rsquo;Aveyron que nous nous retrouverons pour le s\u00e9jour d&rsquo;automne et l&rsquo;Assembl\u00e9e G\u00e9n\u00e9rale de 2019. Quelques \u00e9l\u00e9ments de programme : Un accueil sera assur\u00e9 sur place le vendredi \u00e0 partir de 16h30. Les chambres seront disponibles d\u00e8s 17h [&hellip;]<\/p>\n","protected":false},"author":3,"featured_media":0,"comment_status":"closed","ping_status":"closed","sticky":false,"template":"","format":"standard","meta":{"_acf_changed":false,"footnotes":""},"categories":[349,383,384,363,408,231],"tags":[],"class_list":["post-82135","post","type-post","status-publish","format-standard","hentry","category-france-pays-sejours","category-12-aveyron","category-occitanie-region-sejours","category-massif-central-massif-sejours","category-grands-causses","category-sejours"],"acf":[],"yoast_head":"<!-- This site is optimized with the Yoast SEO plugin v27.2 - https:\/\/yoast.com\/product\/yoast-seo-wordpress\/ -->\n<title>S\u00e9jour d&#039;automne et assembl\u00e9e g\u00e9n\u00e9rale \u00e0 Nant (Aveyron), 8 au 10 novembre 2019 - Club des Cent Cols<\/title>\n<meta name=\"robots\" content=\"index, follow, max-snippet:-1, max-image-preview:large, max-video-preview:-1\" \/>\n<link rel=\"canonical\" href=\"https:\/\/centcols.org\/it\/ag-2019-nant\/\" \/>\n<meta property=\"og:locale\" content=\"it_IT\" \/>\n<meta property=\"og:type\" content=\"article\" \/>\n<meta property=\"og:title\" content=\"S\u00e9jour d&#039;automne et assembl\u00e9e g\u00e9n\u00e9rale \u00e0 Nant (Aveyron), 8 au 10 novembre 2019 - Club des Cent Cols\" \/>\n<meta property=\"og:description\" content=\"Ont contribu\u00e9 \u00e0 cette page de pr\u00e9sentation du s\u00e9jour les responsables informatique et s\u00e9jours C&rsquo;est \u00e0 Nant dans l&rsquo;Aveyron que nous nous retrouverons pour le s\u00e9jour d&rsquo;automne et l&rsquo;Assembl\u00e9e G\u00e9n\u00e9rale de 2019. Quelques \u00e9l\u00e9ments de programme : Un accueil sera assur\u00e9 sur place le vendredi \u00e0 partir de 16h30. Les chambres seront disponibles d\u00e8s 17h [&hellip;]\" \/>\n<meta property=\"og:url\" content=\"https:\/\/centcols.org\/it\/ag-2019-nant\/\" \/>\n<meta property=\"og:site_name\" content=\"Club des Cent Cols\" \/>\n<meta property=\"article:publisher\" content=\"https:\/\/www.facebook.com\/groups\/5261880558\/?locale=fr_FR\" \/>\n<meta property=\"article:published_time\" content=\"2019-06-04T19:27:38+00:00\" \/>\n<meta property=\"article:modified_time\" content=\"2025-09-14T17:38:56+00:00\" \/>\n<meta property=\"og:image\" content=\"https:\/\/centcols.org\/wp-content\/uploads\/2025\/05\/2018.10-Nant-vue-generale017-r.jpg\" \/>\n\t<meta property=\"og:image:width\" content=\"800\" \/>\n\t<meta property=\"og:image:height\" content=\"600\" \/>\n\t<meta property=\"og:image:type\" content=\"image\/jpeg\" \/>\n<meta name=\"author\" content=\"Webmestre\" \/>\n<meta name=\"twitter:card\" content=\"summary_large_image\" \/>\n<meta name=\"twitter:label1\" content=\"Scritto da\" \/>\n\t<meta name=\"twitter:data1\" content=\"Webmestre\" \/>\n\t<meta name=\"twitter:label2\" content=\"Tempo di lettura stimato\" \/>\n\t<meta name=\"twitter:data2\" content=\"13 minuti\" \/>\n<script type=\"application\/ld+json\" class=\"yoast-schema-graph\">{\"@context\":\"https:\/\/schema.org\",\"@graph\":[{\"@type\":\"Article\",\"@id\":\"https:\/\/centcols.org\/ag-2019-nant\/#article\",\"isPartOf\":{\"@id\":\"https:\/\/centcols.org\/ag-2019-nant\/\"},\"author\":{\"name\":\"Webmestre\",\"@id\":\"https:\/\/centcols.org\/#\/schema\/person\/911b404fb133d8c913dd27cdcf71c8e5\"},\"headline\":\"S\u00e9jour d&rsquo;automne et assembl\u00e9e g\u00e9n\u00e9rale \u00e0 Nant (Aveyron), 8 au 10 novembre 2019\",\"datePublished\":\"2019-06-04T19:27:38+00:00\",\"dateModified\":\"2025-09-14T17:38:56+00:00\",\"mainEntityOfPage\":{\"@id\":\"https:\/\/centcols.org\/ag-2019-nant\/\"},\"wordCount\":1788,\"publisher\":{\"@id\":\"https:\/\/centcols.org\/#organization\"},\"image\":{\"@id\":\"https:\/\/centcols.org\/ag-2019-nant\/#primaryimage\"},\"thumbnailUrl\":\"https:\/\/centcols.org\/wp-content\/uploads\/2025\/05\/2018.10-Nant-vue-generale017-r.jpg\",\"articleSection\":[\"France\",\"12-Aveyron\",\"Occitanie\",\"Massif Central\",\"Grands Causses\",\"S\u00e9jours du Club des Cent Cols\"],\"inLanguage\":\"it-IT\"},{\"@type\":\"WebPage\",\"@id\":\"https:\/\/centcols.org\/ag-2019-nant\/\",\"url\":\"https:\/\/centcols.org\/ag-2019-nant\/\",\"name\":\"S\u00e9jour d'automne et assembl\u00e9e g\u00e9n\u00e9rale \u00e0 Nant (Aveyron), 8 au 10 novembre 2019 - Club des Cent Cols\",\"isPartOf\":{\"@id\":\"https:\/\/centcols.org\/#website\"},\"primaryImageOfPage\":{\"@id\":\"https:\/\/centcols.org\/ag-2019-nant\/#primaryimage\"},\"image\":{\"@id\":\"https:\/\/centcols.org\/ag-2019-nant\/#primaryimage\"},\"thumbnailUrl\":\"https:\/\/centcols.org\/wp-content\/uploads\/2025\/05\/2018.10-Nant-vue-generale017-r.jpg\",\"datePublished\":\"2019-06-04T19:27:38+00:00\",\"dateModified\":\"2025-09-14T17:38:56+00:00\",\"breadcrumb\":{\"@id\":\"https:\/\/centcols.org\/ag-2019-nant\/#breadcrumb\"},\"inLanguage\":\"it-IT\",\"potentialAction\":[{\"@type\":\"ReadAction\",\"target\":[\"https:\/\/centcols.org\/ag-2019-nant\/\"]}]},{\"@type\":\"ImageObject\",\"inLanguage\":\"it-IT\",\"@id\":\"https:\/\/centcols.org\/ag-2019-nant\/#primaryimage\",\"url\":\"https:\/\/centcols.org\/wp-content\/uploads\/2025\/05\/2018.10-Nant-vue-generale017-r.jpg\",\"contentUrl\":\"https:\/\/centcols.org\/wp-content\/uploads\/2025\/05\/2018.10-Nant-vue-generale017-r.jpg\"},{\"@type\":\"BreadcrumbList\",\"@id\":\"https:\/\/centcols.org\/ag-2019-nant\/#breadcrumb\",\"itemListElement\":[{\"@type\":\"ListItem\",\"position\":1,\"name\":\"Accueil\",\"item\":\"https:\/\/centcols.org\/\"},{\"@type\":\"ListItem\",\"position\":2,\"name\":\"S\u00e9jours du Club des Cent Cols\",\"item\":\"https:\/\/centcols.org\/rubrique\/sejours\/\"},{\"@type\":\"ListItem\",\"position\":3,\"name\":\"Pays\",\"item\":\"https:\/\/centcols.org\/rubrique\/sejours\/pays-sejours\/\"},{\"@type\":\"ListItem\",\"position\":4,\"name\":\"France\",\"item\":\"https:\/\/centcols.org\/rubrique\/sejours\/pays-sejours\/france-pays-sejours\/\"},{\"@type\":\"ListItem\",\"position\":5,\"name\":\"S\u00e9jour d&rsquo;automne et assembl\u00e9e g\u00e9n\u00e9rale \u00e0 Nant (Aveyron), 8 au 10 novembre 2019\"}]},{\"@type\":\"WebSite\",\"@id\":\"https:\/\/centcols.org\/#website\",\"url\":\"https:\/\/centcols.org\/\",\"name\":\"Club des Cent Cols\",\"description\":\"\",\"publisher\":{\"@id\":\"https:\/\/centcols.org\/#organization\"},\"potentialAction\":[{\"@type\":\"SearchAction\",\"target\":{\"@type\":\"EntryPoint\",\"urlTemplate\":\"https:\/\/centcols.org\/?s={search_term_string}\"},\"query-input\":{\"@type\":\"PropertyValueSpecification\",\"valueRequired\":true,\"valueName\":\"search_term_string\"}}],\"inLanguage\":\"it-IT\"},{\"@type\":\"Organization\",\"@id\":\"https:\/\/centcols.org\/#organization\",\"name\":\"Club des Cent Cols\",\"url\":\"https:\/\/centcols.org\/\",\"logo\":{\"@type\":\"ImageObject\",\"inLanguage\":\"it-IT\",\"@id\":\"https:\/\/centcols.org\/#\/schema\/logo\/image\/\",\"url\":\"https:\/\/centcols.org\/wp-content\/uploads\/2025\/01\/carte-icone.png\",\"contentUrl\":\"https:\/\/centcols.org\/wp-content\/uploads\/2025\/01\/carte-icone.png\",\"width\":250,\"height\":250,\"caption\":\"Club des Cent Cols\"},\"image\":{\"@id\":\"https:\/\/centcols.org\/#\/schema\/logo\/image\/\"},\"sameAs\":[\"https:\/\/www.facebook.com\/groups\/5261880558\/?locale=fr_FR\"]},{\"@type\":\"Person\",\"@id\":\"https:\/\/centcols.org\/#\/schema\/person\/911b404fb133d8c913dd27cdcf71c8e5\",\"name\":\"Webmestre\",\"image\":{\"@type\":\"ImageObject\",\"inLanguage\":\"it-IT\",\"@id\":\"https:\/\/centcols.org\/wp-content\/litespeed\/avatar\/2d246e4b6b4f773e08515e1ffc53690b.jpg?ver=1777222892\",\"url\":\"https:\/\/centcols.org\/wp-content\/litespeed\/avatar\/2d246e4b6b4f773e08515e1ffc53690b.jpg?ver=1777222892\",\"contentUrl\":\"https:\/\/centcols.org\/wp-content\/litespeed\/avatar\/2d246e4b6b4f773e08515e1ffc53690b.jpg?ver=1777222892\",\"caption\":\"Webmestre\"},\"url\":\"https:\/\/centcols.org\/it\/author\/webmestre\/\"}]}<\/script>\n<!-- \/ Yoast SEO plugin. -->","yoast_head_json":{"title":"Pausa autunnale e assemblea generale a Nant (Aveyron), dall'8 al 10 novembre 2019 - Club des Cent Cols","robots":{"index":"index","follow":"follow","max-snippet":"max-snippet:-1","max-image-preview":"max-image-preview:large","max-video-preview":"max-video-preview:-1"},"canonical":"https:\/\/centcols.org\/it\/ag-2019-nant\/","og_locale":"it_IT","og_type":"article","og_title":"S\u00e9jour d'automne et assembl\u00e9e g\u00e9n\u00e9rale \u00e0 Nant (Aveyron), 8 au 10 novembre 2019 - Club des Cent Cols","og_description":"Ont contribu\u00e9 \u00e0 cette page de pr\u00e9sentation du s\u00e9jour les responsables informatique et s\u00e9jours C&rsquo;est \u00e0 Nant dans l&rsquo;Aveyron que nous nous retrouverons pour le s\u00e9jour d&rsquo;automne et l&rsquo;Assembl\u00e9e G\u00e9n\u00e9rale de 2019. Quelques \u00e9l\u00e9ments de programme : Un accueil sera assur\u00e9 sur place le vendredi \u00e0 partir de 16h30. Les chambres seront disponibles d\u00e8s 17h [&hellip;]","og_url":"https:\/\/centcols.org\/it\/ag-2019-nant\/","og_site_name":"Club des Cent Cols","article_publisher":"https:\/\/www.facebook.com\/groups\/5261880558\/?locale=fr_FR","article_published_time":"2019-06-04T19:27:38+00:00","article_modified_time":"2025-09-14T17:38:56+00:00","og_image":[{"width":800,"height":600,"url":"https:\/\/centcols.org\/wp-content\/uploads\/2025\/05\/2018.10-Nant-vue-generale017-r.jpg","type":"image\/jpeg"}],"author":"Webmestre","twitter_card":"summary_large_image","twitter_misc":{"Scritto da":"Webmestre","Tempo di lettura stimato":"13 minuti"},"schema":{"@context":"https:\/\/schema.org","@graph":[{"@type":"Article","@id":"https:\/\/centcols.org\/ag-2019-nant\/#article","isPartOf":{"@id":"https:\/\/centcols.org\/ag-2019-nant\/"},"author":{"name":"Webmestre","@id":"https:\/\/centcols.org\/#\/schema\/person\/911b404fb133d8c913dd27cdcf71c8e5"},"headline":"S\u00e9jour d&rsquo;automne et assembl\u00e9e g\u00e9n\u00e9rale \u00e0 Nant (Aveyron), 8 au 10 novembre 2019","datePublished":"2019-06-04T19:27:38+00:00","dateModified":"2025-09-14T17:38:56+00:00","mainEntityOfPage":{"@id":"https:\/\/centcols.org\/ag-2019-nant\/"},"wordCount":1788,"publisher":{"@id":"https:\/\/centcols.org\/#organization"},"image":{"@id":"https:\/\/centcols.org\/ag-2019-nant\/#primaryimage"},"thumbnailUrl":"https:\/\/centcols.org\/wp-content\/uploads\/2025\/05\/2018.10-Nant-vue-generale017-r.jpg","articleSection":["France","12-Aveyron","Occitanie","Massif Central","Grands Causses","S\u00e9jours du Club des Cent Cols"],"inLanguage":"it-IT"},{"@type":"WebPage","@id":"https:\/\/centcols.org\/ag-2019-nant\/","url":"https:\/\/centcols.org\/ag-2019-nant\/","name":"Pausa autunnale e assemblea generale a Nant (Aveyron), dall'8 al 10 novembre 2019 - Club des Cent Cols","isPartOf":{"@id":"https:\/\/centcols.org\/#website"},"primaryImageOfPage":{"@id":"https:\/\/centcols.org\/ag-2019-nant\/#primaryimage"},"image":{"@id":"https:\/\/centcols.org\/ag-2019-nant\/#primaryimage"},"thumbnailUrl":"https:\/\/centcols.org\/wp-content\/uploads\/2025\/05\/2018.10-Nant-vue-generale017-r.jpg","datePublished":"2019-06-04T19:27:38+00:00","dateModified":"2025-09-14T17:38:56+00:00","breadcrumb":{"@id":"https:\/\/centcols.org\/ag-2019-nant\/#breadcrumb"},"inLanguage":"it-IT","potentialAction":[{"@type":"ReadAction","target":["https:\/\/centcols.org\/ag-2019-nant\/"]}]},{"@type":"ImageObject","inLanguage":"it-IT","@id":"https:\/\/centcols.org\/ag-2019-nant\/#primaryimage","url":"https:\/\/centcols.org\/wp-content\/uploads\/2025\/05\/2018.10-Nant-vue-generale017-r.jpg","contentUrl":"https:\/\/centcols.org\/wp-content\/uploads\/2025\/05\/2018.10-Nant-vue-generale017-r.jpg"},{"@type":"BreadcrumbList","@id":"https:\/\/centcols.org\/ag-2019-nant\/#breadcrumb","itemListElement":[{"@type":"ListItem","position":1,"name":"Accueil","item":"https:\/\/centcols.org\/"},{"@type":"ListItem","position":2,"name":"S\u00e9jours du Club des Cent Cols","item":"https:\/\/centcols.org\/rubrique\/sejours\/"},{"@type":"ListItem","position":3,"name":"Pays","item":"https:\/\/centcols.org\/rubrique\/sejours\/pays-sejours\/"},{"@type":"ListItem","position":4,"name":"France","item":"https:\/\/centcols.org\/rubrique\/sejours\/pays-sejours\/france-pays-sejours\/"},{"@type":"ListItem","position":5,"name":"S\u00e9jour d&rsquo;automne et assembl\u00e9e g\u00e9n\u00e9rale \u00e0 Nant (Aveyron), 8 au 10 novembre 2019"}]},{"@type":"WebSite","@id":"https:\/\/centcols.org\/#website","url":"https:\/\/centcols.org\/","name":"Club des Cent Cols","description":"","publisher":{"@id":"https:\/\/centcols.org\/#organization"},"potentialAction":[{"@type":"SearchAction","target":{"@type":"EntryPoint","urlTemplate":"https:\/\/centcols.org\/?s={search_term_string}"},"query-input":{"@type":"PropertyValueSpecification","valueRequired":true,"valueName":"search_term_string"}}],"inLanguage":"it-IT"},{"@type":"Organization","@id":"https:\/\/centcols.org\/#organization","name":"Club des Cent Cols","url":"https:\/\/centcols.org\/","logo":{"@type":"ImageObject","inLanguage":"it-IT","@id":"https:\/\/centcols.org\/#\/schema\/logo\/image\/","url":"https:\/\/centcols.org\/wp-content\/uploads\/2025\/01\/carte-icone.png","contentUrl":"https:\/\/centcols.org\/wp-content\/uploads\/2025\/01\/carte-icone.png","width":250,"height":250,"caption":"Club des Cent Cols"},"image":{"@id":"https:\/\/centcols.org\/#\/schema\/logo\/image\/"},"sameAs":["https:\/\/www.facebook.com\/groups\/5261880558\/?locale=fr_FR"]},{"@type":"Person","@id":"https:\/\/centcols.org\/#\/schema\/person\/911b404fb133d8c913dd27cdcf71c8e5","name":"Webmaster","image":{"@type":"ImageObject","inLanguage":"it-IT","@id":"https:\/\/centcols.org\/wp-content\/litespeed\/avatar\/2d246e4b6b4f773e08515e1ffc53690b.jpg?ver=1777222892","url":"https:\/\/centcols.org\/wp-content\/litespeed\/avatar\/2d246e4b6b4f773e08515e1ffc53690b.jpg?ver=1777222892","contentUrl":"https:\/\/centcols.org\/wp-content\/litespeed\/avatar\/2d246e4b6b4f773e08515e1ffc53690b.jpg?ver=1777222892","caption":"Webmestre"},"url":"https:\/\/centcols.org\/it\/author\/webmestre\/"}]}},"_links":{"self":[{"href":"https:\/\/centcols.org\/it\/wp-json\/wp\/v2\/posts\/82135","targetHints":{"allow":["GET"]}}],"collection":[{"href":"https:\/\/centcols.org\/it\/wp-json\/wp\/v2\/posts"}],"about":[{"href":"https:\/\/centcols.org\/it\/wp-json\/wp\/v2\/types\/post"}],"author":[{"embeddable":true,"href":"https:\/\/centcols.org\/it\/wp-json\/wp\/v2\/users\/3"}],"replies":[{"embeddable":true,"href":"https:\/\/centcols.org\/it\/wp-json\/wp\/v2\/comments?post=82135"}],"version-history":[{"count":0,"href":"https:\/\/centcols.org\/it\/wp-json\/wp\/v2\/posts\/82135\/revisions"}],"wp:attachment":[{"href":"https:\/\/centcols.org\/it\/wp-json\/wp\/v2\/media?parent=82135"}],"wp:term":[{"taxonomy":"category","embeddable":true,"href":"https:\/\/centcols.org\/it\/wp-json\/wp\/v2\/categories?post=82135"},{"taxonomy":"post_tag","embeddable":true,"href":"https:\/\/centcols.org\/it\/wp-json\/wp\/v2\/tags?post=82135"}],"curies":[{"name":"wp","href":"https:\/\/api.w.org\/{rel}","templated":true}]}}