{"id":82182,"date":"2019-11-25T10:30:18","date_gmt":"2019-11-25T08:30:18","guid":{"rendered":"https:\/\/centcols.org\/col-du-mollendruz-suisse-sortie-vtt-8-aout-2020\/"},"modified":"2025-09-14T19:11:54","modified_gmt":"2025-09-14T17:11:54","slug":"svizzera-2020-mollendruz","status":"publish","type":"post","link":"https:\/\/centcols.org\/it\/suisse-2020-mollendruz\/","title":{"rendered":"Col du Mollendruz, Svizzera, gita in mountain bike, 8 agosto 2020"},"content":{"rendered":"\n<p>Samedi 8 ao\u00fbt 2020, Col du Mollendruz, Suisse<\/p>\n\n\n\n<p>Rendez-vous au parking du col de Mollendruz \u00e0 8 h 30 pour le caf\u00e9, <strong>d\u00e9part \u00e0 9 h 00<\/strong><strong><br><\/strong>40 km, 1100 m de d\u00e9nivel\u00e9, 9 cols :<br>&#8211; Col du Pr\u00e9 de l&rsquo;Haut (CH-VD-1306a)<br>&#8211; Col des Croisettes (CH-VD-1312)<br>&#8211; Les Vyfourches (CH-VD-1045)<br>&#8211; Col du Mont d&rsquo;Orzeires (CH-VD-1061)<br>&#8211; Col des Epoisats (CH-VD-1079)<br>&#8211; Col du Pl\u00e2ne (CH-VD-1154)<br>&#8211; Col d&rsquo;Agiez (CH-VD-1111)<br>&#8211; Col de P\u00e9tra F\u00e9lix (CH-VD-1144)<br>&#8211; Col du Mollendruz (CH-VD-1174a)<\/p>\n\n\n\n<figure class=\"wp-block-image size-full\"><img loading=\"lazy\" decoding=\"async\" width=\"711\" height=\"460\" src=\"https:\/\/centcols.org\/wp-content\/uploads\/2025\/05\/mollendruz.png\" alt=\"\" class=\"wp-image-82183\"\/><\/figure>\n\n\n\n<h3 class=\"wp-block-heading\">Contact<\/h3>\n\n\n\n<p>Pierre Mai<br>Vy de Bi\u00e8re 8<br>CH-1144 Ballens<br>T\u00e9l : +41 21 807 34 17, mobile: +41 76 498 58 73<br>[email]&#x70;&#x6d;&#97;&#105;&#64;b&#x6c;&#x75;&#x65;&#119;&#105;n&#46;&#x63;&#x68;[\/email]<\/p>\n","protected":false},"excerpt":{"rendered":"<p>Samedi 8 ao\u00fbt 2020, Col du Mollendruz, Suisse Rendez-vous au parking du col de Mollendruz \u00e0 8 h 30 pour le caf\u00e9, d\u00e9part \u00e0 9 h 0040 km, 1100 m de d\u00e9nivel\u00e9, 9 cols :&#8211; Col du Pr\u00e9 de l&rsquo;Haut (CH-VD-1306a)&#8211; Col des Croisettes (CH-VD-1312)&#8211; Les Vyfourches (CH-VD-1045)&#8211; Col du Mont d&rsquo;Orzeires (CH-VD-1061)&#8211; Col des [&hellip;]<\/p>\n","protected":false},"author":136,"featured_media":82183,"comment_status":"closed","ping_status":"open","sticky":false,"template":"","format":"standard","meta":{"_acf_changed":false,"footnotes":""},"categories":[286,135,216],"tags":[],"class_list":["post-82182","post","type-post","status-publish","format-standard","has-post-thumbnail","hentry","category-les-rassemblements-de-2020","category-calendrier","category-rencontres-regionales"],"acf":[],"yoast_head":"<!-- This site is optimized with the Yoast SEO plugin v27.2 - https:\/\/yoast.com\/product\/yoast-seo-wordpress\/ -->\n<title>Col du Mollendruz, Suisse, sortie VTT, 8 ao\u00fbt 2020 - Club des Cent Cols<\/title>\n<meta name=\"robots\" content=\"index, follow, max-snippet:-1, max-image-preview:large, max-video-preview:-1\" \/>\n<link rel=\"canonical\" href=\"https:\/\/centcols.org\/it\/svizzera-2020-mollendruz\/\" \/>\n<meta property=\"og:locale\" content=\"it_IT\" \/>\n<meta property=\"og:type\" content=\"article\" \/>\n<meta property=\"og:title\" content=\"Col du Mollendruz, Suisse, sortie VTT, 8 ao\u00fbt 2020 - Club des Cent Cols\" \/>\n<meta property=\"og:description\" content=\"Samedi 8 ao\u00fbt 2020, Col du Mollendruz, Suisse Rendez-vous au parking du col de Mollendruz \u00e0 8 h 30 pour le caf\u00e9, d\u00e9part \u00e0 9 h 0040 km, 1100 m de d\u00e9nivel\u00e9, 9 cols :&#8211; Col du Pr\u00e9 de l&rsquo;Haut (CH-VD-1306a)&#8211; Col des Croisettes (CH-VD-1312)&#8211; Les Vyfourches (CH-VD-1045)&#8211; Col du Mont d&rsquo;Orzeires (CH-VD-1061)&#8211; Col des [&hellip;]\" \/>\n<meta property=\"og:url\" content=\"https:\/\/centcols.org\/it\/svizzera-2020-mollendruz\/\" \/>\n<meta property=\"og:site_name\" content=\"Club des Cent Cols\" \/>\n<meta property=\"article:publisher\" content=\"https:\/\/www.facebook.com\/groups\/5261880558\/?locale=fr_FR\" \/>\n<meta property=\"article:published_time\" content=\"2019-11-25T08:30:18+00:00\" \/>\n<meta property=\"article:modified_time\" content=\"2025-09-14T17:11:54+00:00\" \/>\n<meta property=\"og:image\" content=\"https:\/\/centcols.org\/wp-content\/uploads\/2025\/05\/mollendruz.png\" \/>\n\t<meta property=\"og:image:width\" content=\"711\" \/>\n\t<meta property=\"og:image:height\" content=\"460\" \/>\n\t<meta property=\"og:image:type\" content=\"image\/png\" \/>\n<meta name=\"author\" content=\"Guy Harl\u00e9\" \/>\n<meta name=\"twitter:card\" content=\"summary_large_image\" \/>\n<meta name=\"twitter:label1\" content=\"Scritto da\" \/>\n\t<meta name=\"twitter:data1\" content=\"Guy Harl\u00e9\" \/>\n\t<meta name=\"twitter:label2\" content=\"Tempo di lettura stimato\" \/>\n\t<meta name=\"twitter:data2\" content=\"1 minuto\" \/>\n<script type=\"application\/ld+json\" class=\"yoast-schema-graph\">{\"@context\":\"https:\/\/schema.org\",\"@graph\":[{\"@type\":\"Article\",\"@id\":\"https:\/\/centcols.org\/suisse-2020-mollendruz\/#article\",\"isPartOf\":{\"@id\":\"https:\/\/centcols.org\/suisse-2020-mollendruz\/\"},\"author\":{\"name\":\"Guy Harl\u00e9\",\"@id\":\"https:\/\/centcols.org\/#\/schema\/person\/377f00da2793c0363246869bb3a344d0\"},\"headline\":\"Col du Mollendruz, Suisse, sortie VTT, 8 ao\u00fbt 2020\",\"datePublished\":\"2019-11-25T08:30:18+00:00\",\"dateModified\":\"2025-09-14T17:11:54+00:00\",\"mainEntityOfPage\":{\"@id\":\"https:\/\/centcols.org\/suisse-2020-mollendruz\/\"},\"wordCount\":105,\"publisher\":{\"@id\":\"https:\/\/centcols.org\/#organization\"},\"image\":{\"@id\":\"https:\/\/centcols.org\/suisse-2020-mollendruz\/#primaryimage\"},\"thumbnailUrl\":\"https:\/\/centcols.org\/wp-content\/uploads\/2025\/05\/mollendruz.png\",\"articleSection\":[\"2020-rassemblements\",\"Calendrier\",\"Rencontres r\u00e9gionales\"],\"inLanguage\":\"it-IT\"},{\"@type\":\"WebPage\",\"@id\":\"https:\/\/centcols.org\/suisse-2020-mollendruz\/\",\"url\":\"https:\/\/centcols.org\/suisse-2020-mollendruz\/\",\"name\":\"Col du Mollendruz, Suisse, sortie VTT, 8 ao\u00fbt 2020 - Club des Cent Cols\",\"isPartOf\":{\"@id\":\"https:\/\/centcols.org\/#website\"},\"primaryImageOfPage\":{\"@id\":\"https:\/\/centcols.org\/suisse-2020-mollendruz\/#primaryimage\"},\"image\":{\"@id\":\"https:\/\/centcols.org\/suisse-2020-mollendruz\/#primaryimage\"},\"thumbnailUrl\":\"https:\/\/centcols.org\/wp-content\/uploads\/2025\/05\/mollendruz.png\",\"datePublished\":\"2019-11-25T08:30:18+00:00\",\"dateModified\":\"2025-09-14T17:11:54+00:00\",\"breadcrumb\":{\"@id\":\"https:\/\/centcols.org\/suisse-2020-mollendruz\/#breadcrumb\"},\"inLanguage\":\"it-IT\",\"potentialAction\":[{\"@type\":\"ReadAction\",\"target\":[\"https:\/\/centcols.org\/suisse-2020-mollendruz\/\"]}]},{\"@type\":\"ImageObject\",\"inLanguage\":\"it-IT\",\"@id\":\"https:\/\/centcols.org\/suisse-2020-mollendruz\/#primaryimage\",\"url\":\"https:\/\/centcols.org\/wp-content\/uploads\/2025\/05\/mollendruz.png\",\"contentUrl\":\"https:\/\/centcols.org\/wp-content\/uploads\/2025\/05\/mollendruz.png\",\"width\":711,\"height\":460},{\"@type\":\"BreadcrumbList\",\"@id\":\"https:\/\/centcols.org\/suisse-2020-mollendruz\/#breadcrumb\",\"itemListElement\":[{\"@type\":\"ListItem\",\"position\":1,\"name\":\"Accueil\",\"item\":\"https:\/\/centcols.org\/\"},{\"@type\":\"ListItem\",\"position\":2,\"name\":\"Calendrier\",\"item\":\"https:\/\/centcols.org\/rubrique\/calendrier\/\"},{\"@type\":\"ListItem\",\"position\":3,\"name\":\"Col du Mollendruz, Suisse, sortie VTT, 8 ao\u00fbt 2020\"}]},{\"@type\":\"WebSite\",\"@id\":\"https:\/\/centcols.org\/#website\",\"url\":\"https:\/\/centcols.org\/\",\"name\":\"Club des Cent Cols\",\"description\":\"\",\"publisher\":{\"@id\":\"https:\/\/centcols.org\/#organization\"},\"potentialAction\":[{\"@type\":\"SearchAction\",\"target\":{\"@type\":\"EntryPoint\",\"urlTemplate\":\"https:\/\/centcols.org\/?s={search_term_string}\"},\"query-input\":{\"@type\":\"PropertyValueSpecification\",\"valueRequired\":true,\"valueName\":\"search_term_string\"}}],\"inLanguage\":\"it-IT\"},{\"@type\":\"Organization\",\"@id\":\"https:\/\/centcols.org\/#organization\",\"name\":\"Club des Cent Cols\",\"url\":\"https:\/\/centcols.org\/\",\"logo\":{\"@type\":\"ImageObject\",\"inLanguage\":\"it-IT\",\"@id\":\"https:\/\/centcols.org\/#\/schema\/logo\/image\/\",\"url\":\"https:\/\/centcols.org\/wp-content\/uploads\/2025\/01\/carte-icone.png\",\"contentUrl\":\"https:\/\/centcols.org\/wp-content\/uploads\/2025\/01\/carte-icone.png\",\"width\":250,\"height\":250,\"caption\":\"Club des Cent Cols\"},\"image\":{\"@id\":\"https:\/\/centcols.org\/#\/schema\/logo\/image\/\"},\"sameAs\":[\"https:\/\/www.facebook.com\/groups\/5261880558\/?locale=fr_FR\"]},{\"@type\":\"Person\",\"@id\":\"https:\/\/centcols.org\/#\/schema\/person\/377f00da2793c0363246869bb3a344d0\",\"name\":\"Guy Harl\u00e9\",\"image\":{\"@type\":\"ImageObject\",\"inLanguage\":\"it-IT\",\"@id\":\"https:\/\/centcols.org\/wp-content\/litespeed\/avatar\/94c4de37e46cf090f296d42ab3e8d6a6.jpg?ver=1777238144\",\"url\":\"https:\/\/centcols.org\/wp-content\/litespeed\/avatar\/94c4de37e46cf090f296d42ab3e8d6a6.jpg?ver=1777238144\",\"contentUrl\":\"https:\/\/centcols.org\/wp-content\/litespeed\/avatar\/94c4de37e46cf090f296d42ab3e8d6a6.jpg?ver=1777238144\",\"caption\":\"Guy Harl\u00e9\"},\"url\":\"https:\/\/centcols.org\/it\/author\/5193\/\"}]}<\/script>\n<!-- \/ Yoast SEO plugin. -->","yoast_head_json":{"title":"Col du Mollendruz, Svizzera, gita in mountain bike, 8 agosto 2020 - Club des Cent Cols","robots":{"index":"index","follow":"follow","max-snippet":"max-snippet:-1","max-image-preview":"max-image-preview:large","max-video-preview":"max-video-preview:-1"},"canonical":"https:\/\/centcols.org\/it\/svizzera-2020-mollendruz\/","og_locale":"it_IT","og_type":"article","og_title":"Col du Mollendruz, Suisse, sortie VTT, 8 ao\u00fbt 2020 - Club des Cent Cols","og_description":"Samedi 8 ao\u00fbt 2020, Col du Mollendruz, Suisse Rendez-vous au parking du col de Mollendruz \u00e0 8 h 30 pour le caf\u00e9, d\u00e9part \u00e0 9 h 0040 km, 1100 m de d\u00e9nivel\u00e9, 9 cols :&#8211; Col du Pr\u00e9 de l&rsquo;Haut (CH-VD-1306a)&#8211; Col des Croisettes (CH-VD-1312)&#8211; Les Vyfourches (CH-VD-1045)&#8211; Col du Mont d&rsquo;Orzeires (CH-VD-1061)&#8211; Col des [&hellip;]","og_url":"https:\/\/centcols.org\/it\/svizzera-2020-mollendruz\/","og_site_name":"Club des Cent Cols","article_publisher":"https:\/\/www.facebook.com\/groups\/5261880558\/?locale=fr_FR","article_published_time":"2019-11-25T08:30:18+00:00","article_modified_time":"2025-09-14T17:11:54+00:00","og_image":[{"width":711,"height":460,"url":"https:\/\/centcols.org\/wp-content\/uploads\/2025\/05\/mollendruz.png","type":"image\/png"}],"author":"Guy Harl\u00e9","twitter_card":"summary_large_image","twitter_misc":{"Scritto da":"Guy Harl\u00e9","Tempo di lettura stimato":"1 minuto"},"schema":{"@context":"https:\/\/schema.org","@graph":[{"@type":"Article","@id":"https:\/\/centcols.org\/suisse-2020-mollendruz\/#article","isPartOf":{"@id":"https:\/\/centcols.org\/suisse-2020-mollendruz\/"},"author":{"name":"Guy Harl\u00e9","@id":"https:\/\/centcols.org\/#\/schema\/person\/377f00da2793c0363246869bb3a344d0"},"headline":"Col du Mollendruz, Suisse, sortie VTT, 8 ao\u00fbt 2020","datePublished":"2019-11-25T08:30:18+00:00","dateModified":"2025-09-14T17:11:54+00:00","mainEntityOfPage":{"@id":"https:\/\/centcols.org\/suisse-2020-mollendruz\/"},"wordCount":105,"publisher":{"@id":"https:\/\/centcols.org\/#organization"},"image":{"@id":"https:\/\/centcols.org\/suisse-2020-mollendruz\/#primaryimage"},"thumbnailUrl":"https:\/\/centcols.org\/wp-content\/uploads\/2025\/05\/mollendruz.png","articleSection":["2020-rassemblements","Calendrier","Rencontres r\u00e9gionales"],"inLanguage":"it-IT"},{"@type":"WebPage","@id":"https:\/\/centcols.org\/suisse-2020-mollendruz\/","url":"https:\/\/centcols.org\/suisse-2020-mollendruz\/","name":"Col du Mollendruz, Svizzera, gita in mountain bike, 8 agosto 2020 - Club des Cent Cols","isPartOf":{"@id":"https:\/\/centcols.org\/#website"},"primaryImageOfPage":{"@id":"https:\/\/centcols.org\/suisse-2020-mollendruz\/#primaryimage"},"image":{"@id":"https:\/\/centcols.org\/suisse-2020-mollendruz\/#primaryimage"},"thumbnailUrl":"https:\/\/centcols.org\/wp-content\/uploads\/2025\/05\/mollendruz.png","datePublished":"2019-11-25T08:30:18+00:00","dateModified":"2025-09-14T17:11:54+00:00","breadcrumb":{"@id":"https:\/\/centcols.org\/suisse-2020-mollendruz\/#breadcrumb"},"inLanguage":"it-IT","potentialAction":[{"@type":"ReadAction","target":["https:\/\/centcols.org\/suisse-2020-mollendruz\/"]}]},{"@type":"ImageObject","inLanguage":"it-IT","@id":"https:\/\/centcols.org\/suisse-2020-mollendruz\/#primaryimage","url":"https:\/\/centcols.org\/wp-content\/uploads\/2025\/05\/mollendruz.png","contentUrl":"https:\/\/centcols.org\/wp-content\/uploads\/2025\/05\/mollendruz.png","width":711,"height":460},{"@type":"BreadcrumbList","@id":"https:\/\/centcols.org\/suisse-2020-mollendruz\/#breadcrumb","itemListElement":[{"@type":"ListItem","position":1,"name":"Accueil","item":"https:\/\/centcols.org\/"},{"@type":"ListItem","position":2,"name":"Calendrier","item":"https:\/\/centcols.org\/rubrique\/calendrier\/"},{"@type":"ListItem","position":3,"name":"Col du Mollendruz, Suisse, sortie VTT, 8 ao\u00fbt 2020"}]},{"@type":"WebSite","@id":"https:\/\/centcols.org\/#website","url":"https:\/\/centcols.org\/","name":"Club des Cent Cols","description":"","publisher":{"@id":"https:\/\/centcols.org\/#organization"},"potentialAction":[{"@type":"SearchAction","target":{"@type":"EntryPoint","urlTemplate":"https:\/\/centcols.org\/?s={search_term_string}"},"query-input":{"@type":"PropertyValueSpecification","valueRequired":true,"valueName":"search_term_string"}}],"inLanguage":"it-IT"},{"@type":"Organization","@id":"https:\/\/centcols.org\/#organization","name":"Club des Cent Cols","url":"https:\/\/centcols.org\/","logo":{"@type":"ImageObject","inLanguage":"it-IT","@id":"https:\/\/centcols.org\/#\/schema\/logo\/image\/","url":"https:\/\/centcols.org\/wp-content\/uploads\/2025\/01\/carte-icone.png","contentUrl":"https:\/\/centcols.org\/wp-content\/uploads\/2025\/01\/carte-icone.png","width":250,"height":250,"caption":"Club des Cent Cols"},"image":{"@id":"https:\/\/centcols.org\/#\/schema\/logo\/image\/"},"sameAs":["https:\/\/www.facebook.com\/groups\/5261880558\/?locale=fr_FR"]},{"@type":"Person","@id":"https:\/\/centcols.org\/#\/schema\/person\/377f00da2793c0363246869bb3a344d0","name":"Guy Harl\u00e9","image":{"@type":"ImageObject","inLanguage":"it-IT","@id":"https:\/\/centcols.org\/wp-content\/litespeed\/avatar\/94c4de37e46cf090f296d42ab3e8d6a6.jpg?ver=1777238144","url":"https:\/\/centcols.org\/wp-content\/litespeed\/avatar\/94c4de37e46cf090f296d42ab3e8d6a6.jpg?ver=1777238144","contentUrl":"https:\/\/centcols.org\/wp-content\/litespeed\/avatar\/94c4de37e46cf090f296d42ab3e8d6a6.jpg?ver=1777238144","caption":"Guy Harl\u00e9"},"url":"https:\/\/centcols.org\/it\/author\/5193\/"}]}},"_links":{"self":[{"href":"https:\/\/centcols.org\/it\/wp-json\/wp\/v2\/posts\/82182","targetHints":{"allow":["GET"]}}],"collection":[{"href":"https:\/\/centcols.org\/it\/wp-json\/wp\/v2\/posts"}],"about":[{"href":"https:\/\/centcols.org\/it\/wp-json\/wp\/v2\/types\/post"}],"author":[{"embeddable":true,"href":"https:\/\/centcols.org\/it\/wp-json\/wp\/v2\/users\/136"}],"replies":[{"embeddable":true,"href":"https:\/\/centcols.org\/it\/wp-json\/wp\/v2\/comments?post=82182"}],"version-history":[{"count":0,"href":"https:\/\/centcols.org\/it\/wp-json\/wp\/v2\/posts\/82182\/revisions"}],"wp:featuredmedia":[{"embeddable":true,"href":"https:\/\/centcols.org\/it\/wp-json\/wp\/v2\/media\/82183"}],"wp:attachment":[{"href":"https:\/\/centcols.org\/it\/wp-json\/wp\/v2\/media?parent=82182"}],"wp:term":[{"taxonomy":"category","embeddable":true,"href":"https:\/\/centcols.org\/it\/wp-json\/wp\/v2\/categories?post=82182"},{"taxonomy":"post_tag","embeddable":true,"href":"https:\/\/centcols.org\/it\/wp-json\/wp\/v2\/tags?post=82182"}],"curies":[{"name":"wp","href":"https:\/\/api.w.org\/{rel}","templated":true}]}}