{"id":82225,"date":"2020-06-08T16:07:53","date_gmt":"2020-06-08T14:07:53","guid":{"rendered":"https:\/\/centcols.org\/sejour-dete-a-chessy-les-mines-15-au-22-aout-2020\/"},"modified":"2025-09-13T10:40:29","modified_gmt":"2025-09-13T08:40:29","slug":"2020-soggiorno-scacchistico","status":"publish","type":"post","link":"https:\/\/centcols.org\/it\/sejour-2020-chessy\/","title":{"rendered":"Soggiorno estivo a Chessy-les-Mines, dal 15 al 22 agosto 2020"},"content":{"rendered":"\n<p><strong><a href=\"https:\/\/centcols.org\/wp-content\/uploads\/2025\/08\/ITALIANO-PRESENTATION-SEJOUR-ETE-2020-2020-01-17.pdf\" target=\"_blank\" rel=\"noreferrer noopener\">Versione italiana di presentazione<\/a><\/strong><\/p>\n\n\n\n<p><a href=\"https:\/\/centcols.org\/wp-content\/uploads\/2025\/08\/Anglais-Chessy-pour-ICC-et-site-2020-02-24.pdf\" target=\"_blank\" rel=\"noreferrer noopener\"><strong>Presentation of Chessy in English<\/strong><\/a><\/p>\n\n\n\n<p><span style=\"color: #808080;\">Ont contribu\u00e9 \u00e0 cette page de pr\u00e9sentation du s\u00e9jour Christophe Badonnel, Thierry Labour et les responsables informatiques.<\/span><\/p>\n\n\n<div class=\"wp-block-image wp-image-38258 size-full\">\n<figure class=\"aligncenter is-resized\"><a href=\"https:\/\/centcols.org\/wp-content\/uploads\/2020\/06\/Au-col-du-Colombier-r.jpg\"><img loading=\"lazy\" decoding=\"async\" width=\"1200\" height=\"619\" src=\"https:\/\/centcols.org\/wp-content\/uploads\/2020\/06\/Au-col-du-Colombier-r.jpg\" alt=\"\" class=\"wp-image-85983\" style=\"width:800px\" srcset=\"https:\/\/centcols.org\/wp-content\/uploads\/2020\/06\/Au-col-du-Colombier-r.jpg 1200w, https:\/\/centcols.org\/wp-content\/uploads\/2020\/06\/Au-col-du-Colombier-r-768x396.jpg 768w\" sizes=\"auto, (max-width: 1200px) 100vw, 1200px\" \/><\/a><figcaption class=\"wp-element-caption\">Au col du Colombier \u00a9Ph Chazottier<\/figcaption><\/figure>\n<\/div>\n\n\n<p><span style=\"color: #000000;\"><br>Le s\u00e9jour d\u2019\u00e9t\u00e9 2020 se d\u00e9roulera du 15 au 22 ao\u00fbt dans le d\u00e9partement du Rh\u00f4ne, plus pr\u00e9cis\u00e9ment dans le sud Beaujolais \u00e0 Chessy-les-Mines. Il a \u00e9t\u00e9 pr\u00e9par\u00e9 par une petite \u00e9quipe locale : Philippe Chazottier, Henri Cr\u00e9pet et Ren\u00e9 Rial.<\/span><\/p>\n\n\n<p>[mapsmarker layer=\u00a0\u00bb3&Prime;]<\/p>\n\n\n\n<p><span style=\"color: #000000;\">Chessy-les-Mines est situ\u00e9 dans le d\u00e9partement du Rh\u00f4ne \u00e0 moins de 30 km au nord ouest de Lyon, dans la r\u00e9gion viticole du Beaujolais.<\/span><\/p>\n\n\n\n<p><span style=\"color: #000000;\">Nous s\u00e9journerons dans la Maison Familiale Rurale (\u00e9tablissement scolaire priv\u00e9) au centre du village.<\/span><\/p>\n\n\n\n<p><span style=\"color: #000000;\">Vous trouverez ci-dessous les rubriques :<\/span><\/p>\n\n\n\n<ul class=\"wp-block-list\">\n<li><span style=\"color: #000000;\">Pr\u00e9sentation de la r\u00e9gion<\/span><\/li>\n\n\n\n<li><span style=\"color: #000000;\"><a href=\"\/membres\/cctours\/tours.php?lieu=Chessy&amp;an=2020\">Les circuits<\/a>, <a href=\"\/membres\/cctours\/tours.php?lieu=Chessy&amp;an=2020&amp;genre=R\">routiers<\/a> et <a href=\"\/membres\/cctours\/tours.php?lieu=Chessy&amp;an=2020&amp;genre=V\">VTT<\/a><\/span><\/li>\n\n\n\n<li><span style=\"color: #000000;\">H\u00e9bergement<\/span><\/li>\n\n\n\n<li><span style=\"color: #000000;\">Note du Conseil d&rsquo;Administration<\/span><\/li>\n\n\n\n<li><span style=\"color: #000000;\">Inscriptions<\/span><\/li>\n\n\n\n<li><span style=\"color: #000000;\">Autres activit\u00e9s ou visites&nbsp; &nbsp;<\/span><\/li>\n<\/ul>\n\n\n\n<h4 class=\"wp-block-heading\"><strong>Quelques \u00e9l\u00e9ments pour l\u2019arriv\u00e9e, le s\u00e9jour et les consignes COVID-19<\/strong><\/h4>\n\n\n\n<p><strong><u>Attention COVID-19 :<\/u><\/strong><\/p>\n\n\n\n<p>Les contraintes strictes impos\u00e9es le sont d&rsquo;abord pour le bien de tous et aussi pour respecter la r\u00e9glementation. Sachons les accepter avec bonne humeur et bienveillance envers ceux qui sont charg\u00e9s de leur application.<br>Le port du masque est obligatoire dans l&rsquo;enceinte de la MFR, veillez \u00e0 vous en munir en nombre suffisant pour le s\u00e9jour.<br>Les \u00ab\u00a0pots\u00a0\u00bb seront pr\u00e9par\u00e9s par le club qui fournira boissons et \u00e9l\u00e9ments \u00e0 grignoter. Le club ne fournit pas les verres, chacun devra apporter le sien et le laver \u00e0 sa convenance. Il en est de m\u00eame pour le bar.<br>En r\u00e9sum\u00e9 : <strong>apportez des masques, votre verre personnel, et du gel hydro-alcoolique<\/strong>.<\/p>\n\n\n\n<p><strong><u>Accueil le 15 ao\u00fbt :<\/u><\/strong><\/p>\n\n\n\n<p>Nous vous accueillerons le 15 ao\u00fbt \u00e0 la MFR \u00e0 partir de 16h. <strong>Pensez \u00e0 porter un masque lorsque vous passerez \u00e0 l&rsquo;accueil.<\/strong> Si vous n&rsquo;en avez pas lorsque vous vous pr\u00e9senterez \u00e0 l&rsquo;accueil vous serez invit\u00e9s \u00e0 aller vous en procurer un avant de revenir r\u00e9cup\u00e9rer votre livret et votre chambre. Nous aurons une r\u00e9union d&rsquo;accueil, dehors si le temps le permet, \u00e0 18h00 qui sera suivie d&rsquo;un pot d&rsquo;accueil \u00e0 18h30. Le d\u00eener sera servi \u00e0 19h30 (les horaires des repas ont \u00e9t\u00e9 fix\u00e9s ainsi : petit d\u00e9jeuner \u00e0 7h, d\u00eener \u00e0 19h30).<br>Un bar avec une tireuse \u00e0 bi\u00e8re, tenu par des b\u00e9n\u00e9voles du Club, sera ouvert tous les soirs de 17h \u00e0 19h30, le verres ne sont pas fournis, veillez \u00e0 apporter les v\u00f4tres&#8230; <strong>Attention, \u00ab\u00a0pas de verre, pas de bi\u00e8re!\u00a0\u00bb<\/strong><\/p>\n\n\n\n<p><strong><u>El\u00e9ments sanitaires \u00e0 la MFR :<\/u><\/strong><\/p>\n\n\n\n<p>Le Club des Cent Cols est en contact r\u00e9gulier avec les responsables de la MFR pour discuter des modalit\u00e9s \u00e0 mettre en \u0153uvre en raison du COVID19. Pour pouvoir nous accueillir dans les meilleures conditions, la MFR a mis en place un certain nombre de modalit\u00e9s conformes avec les r\u00e8glements et chartes pr\u00e9par\u00e9s par les autorit\u00e9s et syndicats professionnels. La MFR nous les pr\u00e9cisera lors de l&rsquo;accueil et envisage de remettre un document \u00e9crit \u00e0 votre arriv\u00e9e. Cela concerne notamment les chambres, les sanitaires collectifs, le restaurant, les espaces communs, etc. Nous vous demandons de vous conformer \u00e0 toutes les instructions et de les respecter scrupuleusement et avec bonne humeur.<\/p>\n\n\n\n<p><strong><u>El\u00e9ments sanitaires sur le terrain :<\/u><\/strong><\/p>\n\n\n\n<p>Chacun participe au s\u00e9jour, aux parcours et aux activit\u00e9s sous sa propre responsabilit\u00e9. Afin que le s\u00e9jour se passe dans les meilleures conditions, nous vous invitons \u00e0 prendre en compte quelques dispositions pr\u00e9sent\u00e9es ci-dessous, au del\u00e0 des \u00e9l\u00e9ments propres \u00e0 la MFR.<\/p>\n\n\n\n<ul class=\"wp-block-list\">\n<li>La programmation des parcours a \u00e9t\u00e9 revue afin d&rsquo;\u00e9viter que les routiers et les v\u00e9t\u00e9tistes soient sur les m\u00eames secteurs en m\u00eame temps. Concr\u00e8tement, la programmation des parcours routiers est inchang\u00e9e par rapport \u00e0 ce qui est annonc\u00e9 sur le site et sur le livret. En revanche les parcours VTT sont modifi\u00e9s comme suit : dimanche 16 V3, lundi 17 V5, mardi 18 V1, mercredi 19 V2, jeudi 20 V6, vendredi 21 V4 et samedi 22 V7-rassemblement.<\/li>\n\n\n\n<li>\u00c9vitons de partir en groupes de plus de 10 participants, et gardons un espace notable entre des groupes qui se suivent (5 ou 10 minutes).<\/li>\n\n\n\n<li>Respectons les gestes barri\u00e8re et de distanciation physique recommand\u00e9s par les autorit\u00e9s. Notamment la distance de 1m lors des pauses ou des pique-niques.<\/li>\n\n\n\n<li>Utilisation de masque lorsque c&rsquo;est possible.<\/li>\n\n\n\n<li>Lavage fr\u00e9quent des mains au savon ou au gel hydro-alcoolique.<\/li>\n\n\n\n<li>Pour autant, accueillons chaleureusement les nouveaux participants (ils y en a plusieurs sur ce s\u00e9jour) afin qu&rsquo;ils se sentent \u00e0 l&rsquo;aise.<\/li>\n\n\n\n<li>Le rassemblement aura bien lieu au col des \u00c9charmeaux, accueil \u00e0 partir de 11h, discours et pot de l&rsquo;amiti\u00e9 \u00e0 11h45. Le repas d\u00e9port\u00e9, pour ceux qui sont en pension compl\u00e8te et ceux qui l&rsquo;ont r\u00e9serv\u00e9 et pay\u00e9, sera servi apr\u00e8s le pot vers 12h15\/12h30. Malgr\u00e9 l&rsquo;enthousiasme des retrouvailles sachons respecter les gestes barri\u00e8re (en particulier le port du masque) et de distanciation, au col, comme pendant le repas.<\/li>\n<\/ul>\n\n\n\n<p><strong><u>V\u00e9locistes :<br><\/u><\/strong><strong>Mondov\u00e9lo<br><\/strong>333 route de Lyon \u00e0 Lozanne (6km de Chessy),&nbsp;<a href=\"https:\/\/www.google.com\/search?q=mondov%C3%A9lo+lozanne+route+de+lyon+lozanne&amp;oq=mondov%C3%A9lo+lozanne&amp;aqs=chrome.1.69i57j0.8203j0j8&amp;sourceid=chrome&amp;ie=UTF-8\">04 72 48 99 73<\/a><br>Du lundi au samedi de 9h \u00e0 12h et de 14h \u00e0 19 h.<\/p>\n\n\n\n<p>Egalement ouvert \u00e0 partir du mardi 18 ao\u00fbt :<br><strong>Loisirs VTT<\/strong>,&nbsp;magasin sp\u00e9cialis\u00e9 sur le VTT (Jean Paul Dumortier)<br>Grande Rue \u00e0 Pollionnay (18 km)&nbsp;au centre du village,&nbsp;<a href=\"https:\/\/www.google.com\/search?sxsrf=ALeKk02tt83ZcWn0siBzv6sRSzKetPxvGA%3A1592830042786&amp;ei=WqjwXqrEL4Oca4bJosgG&amp;q=loisir+vtt+pollionnay&amp;oq=loisir+vtt+pollionnay&amp;gs_lcp=CgZwc3ktYWIQARgAMgIIADIGCAAQFhAeMgYIABAWEB4yAggmOgQIIxAnOgQIABBDOgUIABCDAToFCAAQsQM6BwgAEBQQhwI6BggAEAoQQzoHCAAQQxCLAzoFCAAQiwM6CAgAEIMBEIsDOgoIABCxAxBDEIsDOgoIABAUEIcCEIsDUIiZDVjFxQ1gt-ENaABwAHgAgAG2AYgB5BCSAQQxNC43mAEAoAEBqgEHZ3dzLXdpergBAg&amp;sclient=psy-ab\">04 78 48 15 45<\/a><br>Du mardi au samedi 10h \u00e0 19 h.<\/p>\n\n\n\n<p><strong><u>Pour les camping-caristes :<\/u><\/strong><\/p>\n\n\n\n<p>A Chessy, l&rsquo;\u00e9picerie Vival sera ouverte tout l&rsquo;\u00e9t\u00e9, tout comme le caf\u00e9.<br>On trouve \u00e9galement une boulangerie dans un petit centre commercial au bord de la d\u00e9partementale. Il y a \u00e9galement une boucherie et une pharmacie (ouverture estivale non connue).<br>Au Pont-Tarrets (\u00e0 5 km en direction des Echarmeaux, il y a une boulangerie-p\u00e2tisserie-traiteur ouverte tout les jours de 6h \u00e0 20h.<\/p>\n\n\n\n<p class=\"has-medium-font-size\"><strong><u>Acc\u00e8s \u00e0 la MFR le 15 ao\u00fbt, Philippe vous donne ses conseils :<\/u><\/strong><\/p>\n\n\n\n<p><strong>Par la route<\/strong><\/p>\n\n\n\n<p><u>Depuis Paris ou le nord-est :<br><\/u><em>En temps normal : avant d\u2019arriver \u00e0 Lyon nord prendre l\u2019A89 Direction Clermont Ferrand et sortir \u00e0 la sortie vall\u00e9e d\u2019Azergues, Chazay-d\u2019Azergues N\u00b0 37. Prendre direction Lamure-sur-Azergues, CD 385. Chessy est \u00e0 6 km environ de la sortie d\u2019autoroute.<br><\/em>Le samedi 15 aout nous vous conseillons de sortir \u00e0 la sortie N\u00b031.1  Villefranche Centre<span style=\"font-size: inherit;\"> et de prendre direction centre ville, Roanne, Tarare (CD 338), (ne pas prendre l\u2019\u00e9vitement est de Villefranche qui risque lui aussi d\u2019\u00eatre encombr\u00e9). Au niveau du village de Frontenas prendre \u00e0 gauche direction Chessy. De la sortie d\u2019autoroute \u00e0 Chessy, comptez 25\/30 mn.<br><\/span>Vous pouvez aussi opter pour un itin\u00e9raire bis&nbsp;: sortir de l\u2019A6 \u00e0 Chalon-sur-Sa\u00f4ne puis Montchanin, Montceau-les-Mines, Charolles, col des \u00c9charmeaux, Chessy.<\/p>\n\n\n\n<p><strong><u>Depuis Clermont-Ferrand, Orl\u00e9ans, le grand ouest et le sud-ouest :<br><\/u><\/strong><span style=\"font-size: inherit;\">Prendre l\u2019A89 direction Lyon, sortir \u00e0 la sortie 37, Chazay-d\u2019Azergues, Vall\u00e9e d\u2019Azergues. Chazay-d\u2019Azergues, Marcy-l\u2019\u00c9toile, puis direction Lozanne, Lamure, CD 385. Chessy est \u00e0 6 km environ.<\/span><\/p>\n\n\n\n<p><strong><u>Depuis Saint Etienne, Le Puy, Mende :<br><\/u><\/strong>Prendre l\u2019A72 direction Clermont-Ferrand et la quitter \u00e0 Montrond-les-Bains, traverser Montrond, tout droit sur le CD 1089 jusqu\u2019\u00e0 L\u2019Arbresle, puis direction Lozanne. Au Pont de Dorieux, \u00e0 gauche direction Lamure-sur-Azergues, Chessy est \u00e0 5 km environ.<\/p>\n\n\n\n<p><strong><u>Depuis Marseille et le sud&nbsp;:<br><\/u><\/strong><em> A7, tunnel de Fourvi\u00e8re A6 puis A89. Chessy est \u00e0 6 km environ de la sortie d\u2019autoroute 37, Chazay-d\u2019Azergues, vall\u00e9e d\u2019Azergues. Direction Lamure-sur-Azergues, Chessy est \u00e0 6 km environ de la sortie d\u2019autoroute.<br><\/em><strong>Le samedi 15 aout, pour \u00e9viter les habituels bouchons de Fourvi\u00e8re nous vous proposons plusieurs solutions&nbsp;:&nbsp;&nbsp;&nbsp;&nbsp; <\/strong><\/p>\n\n\n\n<ul class=\"wp-block-list\">\n<li>Prendre le boulevard p\u00e9riph\u00e9rique \u00e0 Saint Fons jusqu\u2019\u00e0 son terme direction Paris et reprendre l\u2019A7 apr\u00e8s TEO (tunnel du p\u00e9riph\u00e9rique), mais l\u00e0 aussi, il y a un risque d\u2019embouteillage \u00e0 l\u2019entr\u00e9e de TEO (p\u00e9age).<\/li>\n\n\n\n<li>\u00c0 Chasse sur Rh\u00f4ne prendre l\u2019A46 direction Paris, faire le tour de l\u2019agglom\u00e9ration par cette rocade est et prendre l\u2019A466 pour rejoindre l\u2019A6 au nord de Lyon puis l\u2019A89 et sortir \u00e0 la sortie 37, vall\u00e9e d\u2019Azergues, Chazay-d\u2019Azergues, avec, l\u00e0 aussi, un risque d\u2019embouteillage au niveau des jonctions A46\/A43 et A46\/A42. C&rsquo;est un parcours tr\u00e8s nettement rallong\u00e9.<\/li>\n\n\n\n<li>La solution avec le moins de risque de bouchons. \u00c0 Chasse-sur-Rh\u00f4ne, prendre l\u2019A47 direction St-Etienne, \u00e0 Givors prendre la sortie 9.3 Givors\/Mornant et la direction de Mornant. Une fois \u00e0 Mornant continuer tout droit sur le CD 30 jusqu\u2019 \u00e0 Lozanne (direction Brindas, Gr\u00e9zieu-la-Varenne, Marcy-l\u2019Etoile, La-Tour-de-Salvagny, Lozanne) o\u00f9 l\u2019on prend la direction Lamure-sur-Azergues CD 385. Chessy est \u00e0 6 km environ de Lozanne avec plusieurs localit\u00e9s \u00e0 traverser mais avec un trafic tr\u00e8s fluide un 15 ao\u00fbt.<\/li>\n<\/ul>\n\n\n\n<p><strong><u>Depuis Grenoble ou Chamb\u00e9ry :<br><\/u><\/strong>Prendre la direction de l\u2019a\u00e9roport Saint-Exup\u00e9ry par l\u2019A432 et la suivre jusqu\u2019\u00e0 Les-\u00c9chets o\u00f9 l\u2019on prend l\u2019A46 nord, puis l\u2019A466 pour rejoindre l\u2019A6 au nord de Lyon, puis l\u2019A89 et sortir \u00e0 la sortie 37, vall\u00e9e d\u2019Azergues, Chazay-d\u2019Azergues. Cette solution permet d\u2019\u00e9viter les encombrements de la m\u00e9tropole.<\/p>\n\n\n\n<p><strong><u>Depuis Gen\u00e8ve :<br><\/u><\/strong>Depuis l\u2019 A42 et quelques kilom\u00e8tres avant le p\u00e9age de Miribel prendre \u00e0 droite l\u2019A432 direction Paris jusqu\u2019\u00e0 Les-\u00c9chets o\u00f9 l\u2019on prend l\u2019A46 nord, puis l\u2019A466 pour rejoindre l\u2019A6 au nord de Lyon, puis l\u2019A89 et sortir \u00e0 la sortie 37 vall\u00e9e d\u2019Azergues, Chazay-d\u2019Azergues N\u00b037. Chessy est \u00e0 6 km environ de la sortie d\u2019autoroute. Cette solution permet d\u2019\u00e9viter les encombrements de la m\u00e9tropole.<\/p>\n\n\n\n<p><strong>Par le train<\/strong><\/p>\n\n\n\n<p>La gare de Chessy les Mines est desservie par la ligne Nevers-Paray-le-Monial-Lozanne-Lyon-Part- Dieu-Lyon-Perrache.<br>Tous les trains ne s\u2019arr\u00eatent pas \u00e0 Chessy, mais presque tous font halte \u00e0 Lozanne (6 km, plat avec bande cyclable). De plus, plusieurs trains font seulement le trajet Lyon-Lozanne. Certains s\u2019arr\u00eatent \u00e0 L\u00e9gny-Les Ponts-Tarrets \u00e0 5km au nord de Chessy (plat avec bande cyclable).<br>La ligne Clermont-Vichy-Lozanne-Lyon s\u2019arr\u00eate \u00e9galement \u00e0 L\u2019Arbresle (8 km de Chessy terrain plat) et Lozanne.<\/p>\n\n\n\n<p><strong>Par avion<\/strong><\/p>\n\n\n\n<p>Un service de tram train Rh\u00f4ne Express rejoint la gare de la Part-Dieu. Cependant son co\u00fbt est \u00e9lev\u00e9 (26 \u20ac l\u2019aller retour) et il est prudent de se renseigner pour le transport des v\u00e9los.<br>Autrement on peut rejoindre la gare de Lyon-Part-Dieu en v\u00e9lo (19.3 km) c\u2019est plat et direct, prendre la direction Genas.<br>Si vous envisagez ce moyen de transport, il est peut \u00eatre judicieux de faire un appel sur la liste de discussion pour voir si un local ou un confr\u00e8re Alpin pourrait vous prendre en charge \u00e0 l\u2019a\u00e9rogare.<\/p>\n\n\n\n<p><strong>Pour repartir du col des \u00c9charmeaux ou de Chessy<\/strong><\/p>\n\n\n\n<p>Depuis le col des Echarmeaux on peut rejoindre rapidement l\u2019A6 \u00e0 Belleville sur Sa\u00f4ne \u00e0 34 km.<br>Pour les autres destinations redescendre la vall\u00e9e d\u2019Azergues jusqu\u2019au pont de Dorieux (Lozanne) et utiliser les itin\u00e9raires d&rsquo;acc\u00e8s ci-dessus \u00e0 l&rsquo;envers.<\/p>\n\n\n\n<h2 class=\"wp-block-heading\">Pr\u00e9sentation du Beaujolais et de Chessy<\/h2>\n\n\n\n<p>Situ\u00e9 sur les bords de l\u2019Azergues (qui prend sa source au pied du <strong><a href=\"https:\/\/centcols.org\/util\/geo\/visuGen.php?code=FR-69-0739\" target=\"_blank\" rel=\"noreferrer noopener\">Col de la Casse Froide FR-69-0739<\/a>, <\/strong>le village de Chessy-les-Mines est situ\u00e9 \u00e0 30 kilom\u00e8tres de la place Bellecour ch\u00e8re aux lyonnais.<\/p>\n\n\n\n<div class=\"wp-block-columns is-layout-flex wp-container-core-columns-is-layout-9d6595d7 wp-block-columns-is-layout-flex\">\n<div class=\"wp-block-column is-layout-flow wp-block-column-is-layout-flow\" style=\"flex-basis:66.66%\">\n<p>Si la statue de Louis XIV tr\u00f4ne sur cette esplanade lyonnaise, c\u2019est celle de Napol\u00e9on qui accueillera les membres au maillot bleu le 22 ao\u00fbt au <a href=\"https:\/\/centcols.org\/util\/geo\/visuGen.php?code=FR-69-0712\" target=\"_blank\" rel=\"noreferrer noopener\"><strong>Col des Echarmeaux FR-69-0712<\/strong><\/a>, passage important entre le val de Sa\u00f4ne et le Charollais, pour le traditionnel rassemblement international annuel! Jean Molette un enfant de Poule-les-Echarmeaux, admirateur du plus c\u00e9l\u00e8bre des Corses, apr\u00e8s le Pr\u00e9sident du Club des Cent Cols, a mis huit ans \u00e0 sculpter cette statue \u00e0 la fin du XIX \u00e8me si\u00e8cle .<br>Mais revenons \u00e0 Chessy, pour vous indiquer que ce village se situe au c\u0153ur du Pays des Pierres Dor\u00e9es qui doit ce qualificatif \u00e0 la couleur des pierres utilis\u00e9es pour la construction des maisons et des b\u00e2timents publics (mairie, \u00e9glise etc.), surtout dans derni\u00e8re moiti\u00e9 du XIX \u00e8me et au d\u00e9but du XX \u00e8me si\u00e8cle. Cette m\u00eame p\u00e9riode a vu cette r\u00e9gion viticole conna\u00eetre une prosp\u00e9rit\u00e9 importante&nbsp;: le vin \u00e9tait facilement \u00e9coul\u00e9 dans la m\u00e9tropole voisine \u00e0 une \u00e9poque o\u00f9 il \u00e9tait consid\u00e9r\u00e9 comme un aliment \u00e0 part enti\u00e8re et o\u00f9 il n\u2019\u00e9tait pas rare de voir les contrats de travail mentionner la quantit\u00e9 journali\u00e8re de vin \u00e0 accorder aux ouvriers&nbsp;!<\/p>\n<\/div>\n\n\n\n<div class=\"wp-block-column is-layout-flow wp-block-column-is-layout-flow\" style=\"flex-basis:33.33%\">\n<figure class=\"wp-block-image size-full\"><a href=\"https:\/\/centcols.org\/wp-content\/uploads\/2020\/06\/R7-V7-Napoleon-au-Col-des-Echarmeaux-r.jpg\"><img loading=\"lazy\" decoding=\"async\" width=\"1200\" height=\"984\" src=\"https:\/\/centcols.org\/wp-content\/uploads\/2020\/06\/R7-V7-Napoleon-au-Col-des-Echarmeaux-r.jpg\" alt=\"\" class=\"wp-image-90092\" srcset=\"https:\/\/centcols.org\/wp-content\/uploads\/2020\/06\/R7-V7-Napoleon-au-Col-des-Echarmeaux-r.jpg 1200w, https:\/\/centcols.org\/wp-content\/uploads\/2020\/06\/R7-V7-Napoleon-au-Col-des-Echarmeaux-r-768x630.jpg 768w, https:\/\/centcols.org\/wp-content\/uploads\/2020\/06\/R7-V7-Napoleon-au-Col-des-Echarmeaux-r-15x12.jpg 15w\" sizes=\"auto, (max-width: 1200px) 100vw, 1200px\" \/><\/a><\/figure>\n<\/div>\n<\/div>\n\n\n\n<p>L\u2019\u00e9glise, le ch\u00e2teau et la mairie entre autres sont b\u00e2ties avec ce mat\u00e9riau qui tire sa couleur de la pr\u00e9sence d\u2019oxyde de fer.<br>La pierre utilis\u00e9e ne venait pas de bien loin : on peut visiter encore aujourd\u2019hui la magnifique carri\u00e8re de Glay (ou des Oncins) situ\u00e9e \u00e0 moins de 2 km du centre du village.<br>Le village de Chessy doit son affixe \u00e0 la pr\u00e9sence de mines de cuivre dont l\u2019exploitation aurait d\u00e9but\u00e9 d\u00e8s l\u2019\u00e9poque Gallo-Romaine et a cess\u00e9 en 1877. Il n\u2019en reste que quelques gravats, les b\u00e2timents ayant \u00e9t\u00e9 d\u00e9truits.<\/p>\n\n\n\n<p>Pour plus d\u2019informations, voir sur le <a href=\"http:\/\/www.chessy69.fr\/\" target=\"_blank\" rel=\"noreferrer noopener\">site de la commune<\/a>.<\/p>\n\n\n\n<h3 class=\"wp-block-heading\">Le vignoble<\/h3>\n\n\n<div class=\"wp-block-image\">\n<figure class=\"aligncenter size-full is-resized\"><a href=\"https:\/\/centcols.org\/wp-content\/uploads\/2020\/06\/R3-Chamelet-Le-Mont-Brouilly-r.jpg\"><img loading=\"lazy\" decoding=\"async\" width=\"1200\" height=\"689\" src=\"https:\/\/centcols.org\/wp-content\/uploads\/2020\/06\/R3-Chamelet-Le-Mont-Brouilly-r.jpg\" alt=\"\" class=\"wp-image-85984\" style=\"width:800px\" srcset=\"https:\/\/centcols.org\/wp-content\/uploads\/2020\/06\/R3-Chamelet-Le-Mont-Brouilly-r.jpg 1200w, https:\/\/centcols.org\/wp-content\/uploads\/2020\/06\/R3-Chamelet-Le-Mont-Brouilly-r-768x441.jpg 768w\" sizes=\"auto, (max-width: 1200px) 100vw, 1200px\" \/><\/a><figcaption class=\"wp-element-caption\">Le Mont Brouilly et le vignoble \u00a9Ph Chazottier<\/figcaption><\/figure>\n<\/div>\n\n\n<p>Le vignoble du Beaujolais s\u2019\u00e9tend sur une bande de 45 km de long environ sur 15 \u00e0 20 km de large de Macon au nord jusqu\u2019\u00e0 L\u2019Arbresle (au bord de la RN 7) au sud pour la partie la plus m\u00e9ridionale.<br>Les appellations sont class\u00e9es en trois groupes&nbsp;: les dix crus situ\u00e9s au nord (dans l\u2019ordre du nord au sud&nbsp;: Saint Amour, Juli\u00e9nas, Ch\u00e9nas, Moulin \u00e0 Vent, Fleurie, Chirouble , Morgon, R\u00e9gni\u00e8, Brouilly et C\u00f4te de Brouilly), les Beaujolais Villages, plut\u00f4t sur le centre de l\u2019appellation, et les Beaujolais g\u00e9n\u00e9riques. La majeure partie du vignoble est plant\u00e9e avec le c\u00e9l\u00e8bre c\u00e9page Gamay noir \u00e0 jus blanc, avec une part non n\u00e9gligeable de c\u00e9page Chardonnay pour les blancs. Les producteurs surfent \u00e9galement sur la mode du ros\u00e9 et proposent, de mani\u00e8re plus marginale, du p\u00e9tillant.<br>Si de nombreux exploitants vinifient eux m\u00eames, les viticulteurs beaujolais ont su tr\u00e8s t\u00f4t mutualiser leurs moyens en cr\u00e9ant plusieurs coop\u00e9ratives viticoles sur tout le territoire de l\u2019appellation. De nos jours suivant l\u2019\u00e9volution des conditions \u00e9conomiques \u2013le vignoble a connu ces dix derni\u00e8res ann\u00e9es une crise que nombreux producteurs ont eu du mal \u00e0 traverser\u2013, les structures coop\u00e9ratives se sont rapproch\u00e9es et ont fusionn\u00e9. La r\u00e9gion proche de Chessy compte quatre \u00e9tablissements collectif &nbsp;: les caves de Saint V\u00e9ran et de St Laurent d\u2019Oingt, (r\u00e9unies sous le nom de \u201cLes viticulteurs des Pierres Dor\u00e9es\u201d o\u00f9 nous devrions \u00eatre re\u00e7u pour une d\u00e9gustation), de L\u00e9tra (sous le nom de \u201cOedoria\u201d) et de Bully (sous le nom de \u201cAgamy\u201d) .<br>Le vignoble du Beaujolais comporte une particularit\u00e9 encore vivace, la survivance du m\u00e9tayage que l\u2019on consid\u00e8re repr\u00e9senter environ un quart de la surface vinifi\u00e9e. Dans ce cas le propri\u00e9taire des terrains et de la vigne prend en charge une partie des intrants (produits phytosanitaires) et est souvent propri\u00e9taire des b\u00e2timents abritant le vigneron et les chais. Une partie de la r\u00e9colte lui revient. Le propri\u00e9taire et le m\u00e9tayer commercialisent chacun de leur c\u00f4t\u00e9 leur part de la r\u00e9colte.<br>Le Beaujolais a connu de grandes crises, la moindre n\u2019\u00e9tant pas les d\u00e9g\u00e2ts provoqu\u00e9s par le phyllox\u00e9ra \u00e0 partir des ann\u00e9es 1880, un puceron piqueur qui d\u00e9cima une grande partie du vignoble fran\u00e7ais. Victor Puillat devint le bienfaiteur du Beaujolais en greffant les plants de vigne sur des porte-greffes am\u00e9ricains immunis\u00e9s contre le pr\u00e9dateur. La commune de Chiroubles, son village natal, lui dressera une statue.<\/p>\n\n\n<div class=\"wp-block-image\">\n<figure class=\"aligncenter size-full is-resized\"><a href=\"https:\/\/centcols.org\/wp-content\/uploads\/2020\/06\/R3-Chamelet-vue-sur-le-haut-Beaujolais-r.jpg\"><img loading=\"lazy\" decoding=\"async\" width=\"1200\" height=\"613\" src=\"https:\/\/centcols.org\/wp-content\/uploads\/2020\/06\/R3-Chamelet-vue-sur-le-haut-Beaujolais-r.jpg\" alt=\"\" class=\"wp-image-85985\" style=\"aspect-ratio:1;width:800px\" srcset=\"https:\/\/centcols.org\/wp-content\/uploads\/2020\/06\/R3-Chamelet-vue-sur-le-haut-Beaujolais-r.jpg 1200w, https:\/\/centcols.org\/wp-content\/uploads\/2020\/06\/R3-Chamelet-vue-sur-le-haut-Beaujolais-r-768x392.jpg 768w\" sizes=\"auto, (max-width: 1200px) 100vw, 1200px\" \/><\/a><figcaption class=\"wp-element-caption\">Les vignobles et la plaine de la Sao\u0302ne \u00a9Ph Chazottier<\/figcaption><\/figure>\n<\/div>\n\n\n<p>Il est difficile de parler du Beaujolais sans aborder le ph\u00e9nom\u00e8ne du Beaujolais primeur : \u201cle Beaujolais nouveau sera bon cette ann\u00e9e\u201d&nbsp; tel est le marronnier auquel n\u2019\u00e9chappent pas les lecteur du journal Le Progr\u00e8s chaque ann\u00e9e. \u00c0 chacun de lui trouver un go\u00fbt de framboise, de banane ou autres d\u00e9licatesses : le d\u00e9blocage des primeurs chaque troisi\u00e8me jeudi de novembre donne lieu \u00e0 tout un floril\u00e8ge de manifestations hautes en couleurs !<\/p>\n\n\n\n<p>La cave coop\u00e9rative de Saint Laurent d\u2019Oingt devrait nous accueillir pour une d\u00e9gustation, il s\u2019agira l\u00e0 d\u2019un vin qui, comme on le dit ici, \u201ca fait ses P\u00e2ques\u201d&nbsp;!<\/p>\n\n\n\n<p>Sources&nbsp;: Site web des communes de Poule les Echarmeaux , Chessy les Mines , MFR Wikip\u00e9dia , <a href=\"http:\/\/www.toutlevin.com\/\" target=\"_blank\" rel=\"noreferrer noopener\">www.toutlevin.com<\/a> , association les carri\u00e8res de Glay , InterBeaujolais .<img><\/p>\n\n\n\n<h2 class=\"wp-block-heading\"><a href=\"\/membres\/cctours\/tours.php?lieu=Chessy&amp;an=2020\">Les parcours<\/a><\/h2>\n\n\n\n<p>Le d\u00e9partement du Rh\u00f4ne compte de nombreux cols situ\u00e9s pour la plupart dans le haut Beaujolais. Il a donc \u00e9t\u00e9 possible de proposer des circuits pour une semaine enti\u00e8re, de quoi satisfaire les chasseurs de cols&nbsp;: les routiers pourront franchir 75 cols (dont 5 R1 facilement accessibles) alors que les v\u00e9t\u00e9tistes se verront proposer 68 passages.<br>Quelques cols isol\u00e9s pourront faire l\u2019objet d\u2019une extension de l\u2019un ou l\u2019autre parcours, m\u00eame s\u2019ils ne seront pas nombreux \u00e0 \u00e9chapper aux mailles des filets des chasseurs de cols.<br>Les cols se situent sur deux \u00ab\u00a0dorsales principales\u00a0\u00bb : d&rsquo;une part, les monts du Beaujolais proprement dits (dominant les vignobles et la plaine de la Sa\u00f4ne) et, d&rsquo;autre part, celle prenant naissance dans le Maconnais et traversant le pays de Thizy et Cours-la-Ville jusqu\u2019\u00e0 Tarare (r\u00e9gion, elle, \u00e0 forte tradition textile). Les GR 7 ET GR 76 seront un peu le fil rouge de cette semaine ; ils se situent tous deux, pour la majeure partie de leur trac\u00e9, en ligne de cr\u00eate . Enfin n\u2019oublions pas de mentionner que de nombreux cols du s\u00e9jour sont situ\u00e9s sur la ligne de partage des eaux Atlantique\/M\u00e9diterran\u00e9e et que l\u2019un d\u2019entre eux est un point BPF : le <strong>Col des Sauvages FR-69-0723.<br><\/strong>Part importante du paysage, la for\u00eat du Haut Beaujolais (Henri Cr\u00e9pet saura mieux vous en parler !) s\u2019est bien remise de la temp\u00eate de d\u00e9cembre 1999, m\u00eame si l\u2019acc\u00e8s au <strong>Col de la Roche Perrin FR-69-0795<\/strong> et au <strong>Col de la Croix Bouillard FR-69-0769<\/strong> en a sans doute \u00e9t\u00e9 chamboul\u00e9. Cette r\u00e9gion bois\u00e9e ne d\u00e9paysera pas les participants au s\u00e9jour de Saint-Di\u00e9-des-Vosges ; seule changera la couleur des pierres&nbsp;: du gr\u00e8s rouge nous passerons \u00e0 l\u2019ocre du calcaire de cette petite r\u00e9gion rhodanienne&nbsp;!<br>Enfin les monts du Lyonnais, plus au sud, feront l\u2019objet de parcours sp\u00e9cifiques, tant routiers que muletiers, o\u00f9 il sera possible de contempler le panorama lyonnais&nbsp;: basilique de Fourvi\u00e8re, tour Incity et le c\u00e9l\u00e8bre \u00ab\u00a0Crayon\u00a0\u00bb, nom populaire de la tour baptis\u00e9e du nom d\u2019une grande banque lyonnaise et qui a une forme tout \u00e0 fait remarquable&nbsp;!<\/p>\n\n\n<div class=\"wp-block-image size-medium wp-image-38175\">\n<figure class=\"aligncenter size-full\"><a href=\"https:\/\/centcols.org\/wp-content\/uploads\/2020\/06\/Le-Plat-Papin.jpg\"><img loading=\"lazy\" decoding=\"async\" width=\"500\" height=\"273\" src=\"https:\/\/centcols.org\/wp-content\/uploads\/2020\/06\/Le-Plat-Papin.jpg\" alt=\"\" class=\"wp-image-85986\"\/><\/a><figcaption class=\"wp-element-caption\">Col de la Croix Papin \u00a9Ph Chazottier<\/figcaption><\/figure>\n<\/div>\n\n\n<p>Comme d&rsquo;habitude, les descriptifs et les traces des parcours seront mis sur le site quelques semaines avant le d\u00e9but du s\u00e9jour.<\/p>\n\n\n\n<h2 class=\"wp-block-heading\">Le rassemblement annuel du Club des Cent Cols<\/h2>\n\n\n\n<figure class=\"wp-block-gallery has-nested-images columns-4 is-cropped wp-block-gallery-1 is-layout-flex wp-block-gallery-is-layout-flex\">\n<figure class=\"wp-block-image size-full\"><a href=\"https:\/\/centcols.org\/wp-content\/uploads\/2020\/06\/R7-V7-Col-des-Echarmeaux-r-1.jpg\"><img loading=\"lazy\" decoding=\"async\" width=\"1200\" height=\"738\" data-id=\"85989\" src=\"https:\/\/centcols.org\/wp-content\/uploads\/2020\/06\/R7-V7-Col-des-Echarmeaux-r-1.jpg\" alt=\"\" class=\"wp-image-85989\" srcset=\"https:\/\/centcols.org\/wp-content\/uploads\/2020\/06\/R7-V7-Col-des-Echarmeaux-r-1.jpg 1200w, https:\/\/centcols.org\/wp-content\/uploads\/2020\/06\/R7-V7-Col-des-Echarmeaux-r-1-768x472.jpg 768w\" sizes=\"auto, (max-width: 1200px) 100vw, 1200px\" \/><\/a><\/figure>\n\n\n\n<figure class=\"wp-block-image size-full\"><a href=\"https:\/\/centcols.org\/wp-content\/uploads\/2020\/06\/V7-R7-AIRE-PIQUE-NIQUE-COL-DES-ECHARMEAUX-RASSEMBLEMENT-r.jpg\"><img loading=\"lazy\" decoding=\"async\" width=\"1200\" height=\"800\" data-id=\"85990\" src=\"https:\/\/centcols.org\/wp-content\/uploads\/2020\/06\/V7-R7-AIRE-PIQUE-NIQUE-COL-DES-ECHARMEAUX-RASSEMBLEMENT-r.jpg\" alt=\"\" class=\"wp-image-85990\" srcset=\"https:\/\/centcols.org\/wp-content\/uploads\/2020\/06\/V7-R7-AIRE-PIQUE-NIQUE-COL-DES-ECHARMEAUX-RASSEMBLEMENT-r.jpg 1200w, https:\/\/centcols.org\/wp-content\/uploads\/2020\/06\/V7-R7-AIRE-PIQUE-NIQUE-COL-DES-ECHARMEAUX-RASSEMBLEMENT-r-768x512.jpg 768w\" sizes=\"auto, (max-width: 1200px) 100vw, 1200px\" \/><\/a><figcaption class=\"wp-element-caption\">V7 R7 Col des Echarmeaux \u00a9 Ph Chazottier<\/figcaption><\/figure>\n\n\n\n<figure class=\"wp-block-image size-full\"><a href=\"https:\/\/centcols.org\/wp-content\/uploads\/2020\/06\/V8-R7-Col-de-la-Croix-dAjoux-r.jpg\"><img loading=\"lazy\" decoding=\"async\" width=\"1200\" height=\"800\" data-id=\"85991\" src=\"https:\/\/centcols.org\/wp-content\/uploads\/2020\/06\/V8-R7-Col-de-la-Croix-dAjoux-r.jpg\" alt=\"\" class=\"wp-image-85991\" srcset=\"https:\/\/centcols.org\/wp-content\/uploads\/2020\/06\/V8-R7-Col-de-la-Croix-dAjoux-r.jpg 1200w, https:\/\/centcols.org\/wp-content\/uploads\/2020\/06\/V8-R7-Col-de-la-Croix-dAjoux-r-768x512.jpg 768w\" sizes=\"auto, (max-width: 1200px) 100vw, 1200px\" \/><\/a><figcaption class=\"wp-element-caption\">V8 R7 Col de la Croix d&rsquo;Ajoux \u00a9Ph Chazottier<\/figcaption><\/figure>\n\n\n\n<figure class=\"wp-block-image size-full\"><a href=\"https:\/\/centcols.org\/wp-content\/uploads\/2020\/06\/Col-des-Echarmeaux-5-r.jpg\"><img loading=\"lazy\" decoding=\"async\" width=\"1200\" height=\"800\" data-id=\"85992\" src=\"https:\/\/centcols.org\/wp-content\/uploads\/2020\/06\/Col-des-Echarmeaux-5-r.jpg\" alt=\"\" class=\"wp-image-85992\" srcset=\"https:\/\/centcols.org\/wp-content\/uploads\/2020\/06\/Col-des-Echarmeaux-5-r.jpg 1200w, https:\/\/centcols.org\/wp-content\/uploads\/2020\/06\/Col-des-Echarmeaux-5-r-768x512.jpg 768w\" sizes=\"auto, (max-width: 1200px) 100vw, 1200px\" \/><\/a><figcaption class=\"wp-element-caption\">Col des Echarmeaux \u00a9Ph Chazottier<\/figcaption><\/figure>\n<\/figure>\n\n\n\n<p class=\"has-text-align-center\">Il aura lieu le samedi 22 ao\u00fbt \u00e0 partir de 11h au <a href=\"\/util\/geo\/visuGen.php?code=FR-69-0712\" target=\"_blank\" rel=\"noreferrer noopener\">Col des Echarmeaux FR-69-0712<\/a>. <\/p>\n\n\n\n<p>Il y a de la place pour les festivit\u00e9s, le pot et le repas. Nous avons n\u00e9goci\u00e9 avec la Maison Familiale Rurale pour que nous soit servi un \u00ab\u00a0repas champ\u00eatre\u00a0\u00bb sur place. Les membres qui viennent au rassemblement sans \u00eatre inscrits au&nbsp; s\u00e9jour, peuvent s&rsquo;inscrire pour ce seul repas (voir \u00e0 la rubrique Inscriptions). Une solution de repli en cas de mauvais temps est \u00e0 l&rsquo;\u00e9tude.<\/p>\n\n\n\n<p><a href=\"https:\/\/www.leprogres.fr\/culture-loisirs\/2020\/08\/22\/poule-les-echarmeaux-120-personnes-participent-au-rassemblement-international-du-club-des-cent-cols\">Article paru sur le site du journal le Progr\u00e8s<\/a><\/p>\n\n\n\n<h3 class=\"wp-block-heading\"><a href=\"\/membres\/cctours\/tours.php?lieu=Chessy&amp;an=2020&amp;genre=R\"><strong>Circuits routiers<\/strong><\/a><\/h3>\n\n\n\n<p class=\"has-text-align-center\"><strong>R1 :&nbsp;<\/strong><\/p>\n\n\n\n<figure class=\"wp-block-gallery has-nested-images columns-3 is-cropped wp-block-gallery-2 is-layout-flex wp-block-gallery-is-layout-flex\">\n<figure class=\"wp-block-image size-full\"><a href=\"https:\/\/centcols.org\/wp-content\/uploads\/2020\/06\/R1-les-monts-du-Lyonnais-r.jpg\"><img loading=\"lazy\" decoding=\"async\" width=\"1200\" height=\"800\" data-id=\"85993\" src=\"https:\/\/centcols.org\/wp-content\/uploads\/2020\/06\/R1-les-monts-du-Lyonnais-r.jpg\" alt=\"\" class=\"wp-image-85993\" srcset=\"https:\/\/centcols.org\/wp-content\/uploads\/2020\/06\/R1-les-monts-du-Lyonnais-r.jpg 1200w, https:\/\/centcols.org\/wp-content\/uploads\/2020\/06\/R1-les-monts-du-Lyonnais-r-768x512.jpg 768w\" sizes=\"auto, (max-width: 1200px) 100vw, 1200px\" \/><\/a><figcaption class=\"wp-element-caption\">R1 les Monts du Lyonnais  \u00a9Ph Chazottier<\/figcaption><\/figure>\n\n\n\n<figure class=\"wp-block-image size-full\"><a href=\"https:\/\/centcols.org\/wp-content\/uploads\/2020\/06\/R1-route-des-cretes-cote-ouest-r.jpg\"><img loading=\"lazy\" decoding=\"async\" width=\"1200\" height=\"800\" data-id=\"85994\" src=\"https:\/\/centcols.org\/wp-content\/uploads\/2020\/06\/R1-route-des-cretes-cote-ouest-r.jpg\" alt=\"\" class=\"wp-image-85994\" srcset=\"https:\/\/centcols.org\/wp-content\/uploads\/2020\/06\/R1-route-des-cretes-cote-ouest-r.jpg 1200w, https:\/\/centcols.org\/wp-content\/uploads\/2020\/06\/R1-route-des-cretes-cote-ouest-r-768x512.jpg 768w\" sizes=\"auto, (max-width: 1200px) 100vw, 1200px\" \/><\/a><figcaption class=\"wp-element-caption\">R1 route des cre\u0302tes co\u0302te\u0301 ouest \u00a9Ph Chazottier<\/figcaption><\/figure>\n\n\n\n<figure class=\"wp-block-image size-full\"><a href=\"https:\/\/centcols.org\/wp-content\/uploads\/2020\/06\/R1-V-Yzeron-le-lac-du-Ronzey-r-1.jpg\"><img loading=\"lazy\" decoding=\"async\" width=\"1200\" height=\"800\" data-id=\"85995\" src=\"https:\/\/centcols.org\/wp-content\/uploads\/2020\/06\/R1-V-Yzeron-le-lac-du-Ronzey-r-1.jpg\" alt=\"\" class=\"wp-image-85995\" srcset=\"https:\/\/centcols.org\/wp-content\/uploads\/2020\/06\/R1-V-Yzeron-le-lac-du-Ronzey-r-1.jpg 1200w, https:\/\/centcols.org\/wp-content\/uploads\/2020\/06\/R1-V-Yzeron-le-lac-du-Ronzey-r-1-768x512.jpg 768w\" sizes=\"auto, (max-width: 1200px) 100vw, 1200px\" \/><\/a><figcaption class=\"wp-element-caption\">R1 Yzeron le lac du Ronzey \u00a9Ph Chazottier<\/figcaption><\/figure>\n<\/figure>\n\n\n\n<p class=\"has-text-align-center\"><strong>R3 :<\/strong><\/p>\n\n\n\n<figure class=\"wp-block-gallery has-nested-images columns-3 is-cropped wp-block-gallery-3 is-layout-flex wp-block-gallery-is-layout-flex\">\n<figure class=\"wp-block-image size-full\"><a href=\"https:\/\/centcols.org\/wp-content\/uploads\/2020\/06\/R3-Chamelet-le-chateau-de-Saint-Julien-sous-Montmelas-r.jpg\"><img loading=\"lazy\" decoding=\"async\" width=\"1200\" height=\"686\" data-id=\"85996\" src=\"https:\/\/centcols.org\/wp-content\/uploads\/2020\/06\/R3-Chamelet-le-chateau-de-Saint-Julien-sous-Montmelas-r.jpg\" alt=\"\" class=\"wp-image-85996\" srcset=\"https:\/\/centcols.org\/wp-content\/uploads\/2020\/06\/R3-Chamelet-le-chateau-de-Saint-Julien-sous-Montmelas-r.jpg 1200w, https:\/\/centcols.org\/wp-content\/uploads\/2020\/06\/R3-Chamelet-le-chateau-de-Saint-Julien-sous-Montmelas-r-768x439.jpg 768w\" sizes=\"auto, (max-width: 1200px) 100vw, 1200px\" \/><\/a><figcaption class=\"wp-element-caption\">R3 le ch\u00e2teau de Saint-Julien-sous-Montmelas \u00a9Ph Chazottier<\/figcaption><\/figure>\n\n\n\n<figure class=\"wp-block-image size-full\"><a href=\"https:\/\/centcols.org\/wp-content\/uploads\/2020\/06\/R3-Chamelet-Sainte-Paule-a-r.jpg\"><img loading=\"lazy\" decoding=\"async\" width=\"1200\" height=\"800\" data-id=\"85997\" src=\"https:\/\/centcols.org\/wp-content\/uploads\/2020\/06\/R3-Chamelet-Sainte-Paule-a-r.jpg\" alt=\"\" class=\"wp-image-85997\" srcset=\"https:\/\/centcols.org\/wp-content\/uploads\/2020\/06\/R3-Chamelet-Sainte-Paule-a-r.jpg 1200w, https:\/\/centcols.org\/wp-content\/uploads\/2020\/06\/R3-Chamelet-Sainte-Paule-a-r-768x512.jpg 768w\" sizes=\"auto, (max-width: 1200px) 100vw, 1200px\" \/><\/a><figcaption class=\"wp-element-caption\">R3 Sainte-Paule \u00a9Ph Chazottier<\/figcaption><\/figure>\n\n\n\n<figure class=\"wp-block-image size-full\"><a href=\"https:\/\/centcols.org\/wp-content\/uploads\/2020\/06\/R3-Chamelet-vue-sur-le-haut-Beaujolais-r-1.jpg\"><img loading=\"lazy\" decoding=\"async\" width=\"1200\" height=\"613\" data-id=\"85998\" src=\"https:\/\/centcols.org\/wp-content\/uploads\/2020\/06\/R3-Chamelet-vue-sur-le-haut-Beaujolais-r-1.jpg\" alt=\"\" class=\"wp-image-85998\" srcset=\"https:\/\/centcols.org\/wp-content\/uploads\/2020\/06\/R3-Chamelet-vue-sur-le-haut-Beaujolais-r-1.jpg 1200w, https:\/\/centcols.org\/wp-content\/uploads\/2020\/06\/R3-Chamelet-vue-sur-le-haut-Beaujolais-r-1-768x392.jpg 768w\" sizes=\"auto, (max-width: 1200px) 100vw, 1200px\" \/><\/a><figcaption class=\"wp-element-caption\">R3 Vue sur le haut Beaujolais  et ses vignes\u00a9Ph Chazottier<\/figcaption><\/figure>\n\n\n\n<figure class=\"wp-block-image size-full\"><a href=\"https:\/\/centcols.org\/wp-content\/uploads\/2020\/06\/R3-Chamelet-r.jpg\"><img loading=\"lazy\" decoding=\"async\" width=\"1200\" height=\"800\" data-id=\"85999\" src=\"https:\/\/centcols.org\/wp-content\/uploads\/2020\/06\/R3-Chamelet-r.jpg\" alt=\"\" class=\"wp-image-85999\" srcset=\"https:\/\/centcols.org\/wp-content\/uploads\/2020\/06\/R3-Chamelet-r.jpg 1200w, https:\/\/centcols.org\/wp-content\/uploads\/2020\/06\/R3-Chamelet-r-768x512.jpg 768w\" sizes=\"auto, (max-width: 1200px) 100vw, 1200px\" \/><\/a><figcaption class=\"wp-element-caption\">R3 Chamelet \u00a9Ph Chazottier<\/figcaption><\/figure>\n\n\n\n<figure class=\"wp-block-image size-full\"><a href=\"https:\/\/centcols.org\/wp-content\/uploads\/2020\/06\/R3-Affoux-r.jpg\"><img loading=\"lazy\" decoding=\"async\" width=\"1200\" height=\"800\" data-id=\"86000\" src=\"https:\/\/centcols.org\/wp-content\/uploads\/2020\/06\/R3-Affoux-r.jpg\" alt=\"\" class=\"wp-image-86000\" srcset=\"https:\/\/centcols.org\/wp-content\/uploads\/2020\/06\/R3-Affoux-r.jpg 1200w, https:\/\/centcols.org\/wp-content\/uploads\/2020\/06\/R3-Affoux-r-768x512.jpg 768w\" sizes=\"auto, (max-width: 1200px) 100vw, 1200px\" \/><\/a><figcaption class=\"wp-element-caption\">R3 Affoux \u00a9Ph Chazottier <\/figcaption><\/figure>\n<\/figure>\n\n\n\n<h3 class=\"wp-block-heading\"><a href=\"\/membres\/cctours\/tours.php?lieu=Chessy&amp;an=2020&amp;genre=V\"><strong>Circuits VTT<\/strong><\/a><\/h3>\n\n\n\n<p class=\"has-text-align-center\"><strong>V1 :<\/strong><\/p>\n\n\n\n<figure class=\"wp-block-gallery has-nested-images columns-2 is-cropped wp-block-gallery-4 is-layout-flex wp-block-gallery-is-layout-flex\">\n<figure class=\"wp-block-image size-full\"><a href=\"https:\/\/centcols.org\/wp-content\/uploads\/2020\/06\/V1-Depuis-le-col-du-Colombier-r.jpg\"><img loading=\"lazy\" decoding=\"async\" width=\"1200\" height=\"679\" data-id=\"86001\" src=\"https:\/\/centcols.org\/wp-content\/uploads\/2020\/06\/V1-Depuis-le-col-du-Colombier-r.jpg\" alt=\"\" class=\"wp-image-86001\" srcset=\"https:\/\/centcols.org\/wp-content\/uploads\/2020\/06\/V1-Depuis-le-col-du-Colombier-r.jpg 1200w, https:\/\/centcols.org\/wp-content\/uploads\/2020\/06\/V1-Depuis-le-col-du-Colombier-r-768x435.jpg 768w\" sizes=\"auto, (max-width: 1200px) 100vw, 1200px\" \/><\/a><figcaption class=\"wp-element-caption\">V1 Depuis le col du Colombier \u00a9Ph Chazottier<\/figcaption><\/figure>\n\n\n\n<figure class=\"wp-block-image size-full\"><a href=\"https:\/\/centcols.org\/wp-content\/uploads\/2020\/06\/V1-clairiere-de-Py-froid-r.jpg\"><img loading=\"lazy\" decoding=\"async\" width=\"1200\" height=\"800\" data-id=\"86002\" src=\"https:\/\/centcols.org\/wp-content\/uploads\/2020\/06\/V1-clairiere-de-Py-froid-r.jpg\" alt=\"\" class=\"wp-image-86002\" srcset=\"https:\/\/centcols.org\/wp-content\/uploads\/2020\/06\/V1-clairiere-de-Py-froid-r.jpg 1200w, https:\/\/centcols.org\/wp-content\/uploads\/2020\/06\/V1-clairiere-de-Py-froid-r-768x512.jpg 768w\" sizes=\"auto, (max-width: 1200px) 100vw, 1200px\" \/><\/a><figcaption class=\"wp-element-caption\">V1 clairie\u0300re de Py froid \u00a9Ph Chazottier<\/figcaption><\/figure>\n<\/figure>\n\n\n\n<p class=\"has-text-align-center\"><strong>V3 :<\/strong><\/p>\n\n\n<div class=\"wp-block-image\">\n<figure class=\"aligncenter size-full is-resized\"><img loading=\"lazy\" decoding=\"async\" width=\"1200\" height=\"800\" src=\"https:\/\/centcols.org\/wp-content\/uploads\/2020\/06\/V3-la-piste-de-la-Cantiniere-fontaine-de-font-froide-r.jpg\" alt=\"\" class=\"wp-image-86003\" style=\"width:800px\" srcset=\"https:\/\/centcols.org\/wp-content\/uploads\/2020\/06\/V3-la-piste-de-la-Cantiniere-fontaine-de-font-froide-r.jpg 1200w, https:\/\/centcols.org\/wp-content\/uploads\/2020\/06\/V3-la-piste-de-la-Cantiniere-fontaine-de-font-froide-r-768x512.jpg 768w\" sizes=\"auto, (max-width: 1200px) 100vw, 1200px\" \/><figcaption class=\"wp-element-caption\">V3 fontaine de Font Froide \u00a9Ph Chazottier<\/figcaption><\/figure>\n<\/div>\n\n\n<p class=\"has-text-align-center\"><strong>V4 :<\/strong><\/p>\n\n\n\n<figure class=\"wp-block-gallery has-nested-images columns-3 is-cropped wp-block-gallery-5 is-layout-flex wp-block-gallery-is-layout-flex\">\n<figure class=\"wp-block-image size-full\"><a href=\"https:\/\/centcols.org\/wp-content\/uploads\/2020\/06\/V4-Tarare-a-r.jpg\"><img loading=\"lazy\" decoding=\"async\" width=\"1200\" height=\"708\" data-id=\"86004\" src=\"https:\/\/centcols.org\/wp-content\/uploads\/2020\/06\/V4-Tarare-a-r.jpg\" alt=\"\" class=\"wp-image-86004\" srcset=\"https:\/\/centcols.org\/wp-content\/uploads\/2020\/06\/V4-Tarare-a-r.jpg 1200w, https:\/\/centcols.org\/wp-content\/uploads\/2020\/06\/V4-Tarare-a-r-768x453.jpg 768w\" sizes=\"auto, (max-width: 1200px) 100vw, 1200px\" \/><\/a><figcaption class=\"wp-element-caption\">V4 paysage du Beaujolais \u00a9Ph Chazottier<\/figcaption><\/figure>\n\n\n\n<figure class=\"wp-block-image size-full\"><a href=\"https:\/\/centcols.org\/wp-content\/uploads\/2020\/06\/V4-Tarare-observatoire-desSauvages-r.jpg\"><img loading=\"lazy\" decoding=\"async\" width=\"1200\" height=\"641\" data-id=\"86005\" src=\"https:\/\/centcols.org\/wp-content\/uploads\/2020\/06\/V4-Tarare-observatoire-desSauvages-r.jpg\" alt=\"\" class=\"wp-image-86005\" srcset=\"https:\/\/centcols.org\/wp-content\/uploads\/2020\/06\/V4-Tarare-observatoire-desSauvages-r.jpg 1200w, https:\/\/centcols.org\/wp-content\/uploads\/2020\/06\/V4-Tarare-observatoire-desSauvages-r-768x410.jpg 768w\" sizes=\"auto, (max-width: 1200px) 100vw, 1200px\" \/><\/a><figcaption class=\"wp-element-caption\">V4 observatoire des Sauvages \u00a9<\/figcaption><\/figure>\n\n\n\n<figure class=\"wp-block-image size-full\"><a href=\"https:\/\/centcols.org\/wp-content\/uploads\/2020\/06\/V4-Tarare-la-tour-matagrin-r.jpg\"><img loading=\"lazy\" decoding=\"async\" width=\"1200\" height=\"800\" data-id=\"86006\" src=\"https:\/\/centcols.org\/wp-content\/uploads\/2020\/06\/V4-Tarare-la-tour-matagrin-r.jpg\" alt=\"\" class=\"wp-image-86006\" srcset=\"https:\/\/centcols.org\/wp-content\/uploads\/2020\/06\/V4-Tarare-la-tour-matagrin-r.jpg 1200w, https:\/\/centcols.org\/wp-content\/uploads\/2020\/06\/V4-Tarare-la-tour-matagrin-r-768x512.jpg 768w\" sizes=\"auto, (max-width: 1200px) 100vw, 1200px\" \/><\/a><\/figure>\n<\/figure>\n\n\n\n<p><strong>V7 : Rassemblement au col des Echarmeaux.&nbsp;<\/strong><\/p>\n\n\n<div class=\"wp-block-image\">\n<figure class=\"aligncenter size-full is-resized\"><img loading=\"lazy\" decoding=\"async\" width=\"1200\" height=\"711\" src=\"https:\/\/centcols.org\/wp-content\/uploads\/2020\/06\/V7-Le-Mont-Tourveon-2-r.jpg\" alt=\"\" class=\"wp-image-86007\" style=\"width:800px\" srcset=\"https:\/\/centcols.org\/wp-content\/uploads\/2020\/06\/V7-Le-Mont-Tourveon-2-r.jpg 1200w, https:\/\/centcols.org\/wp-content\/uploads\/2020\/06\/V7-Le-Mont-Tourveon-2-r-768x455.jpg 768w\" sizes=\"auto, (max-width: 1200px) 100vw, 1200px\" \/><figcaption class=\"wp-element-caption\">V7 Le Mont Tourve\u0301on \u00a9Ph Chazottier<\/figcaption><\/figure>\n<\/div>\n\n\n<h2 class=\"wp-block-heading\">H\u00e9bergement<\/h2>\n\n\n\n<p>Nous serons accueilli au sein de la Maison Familiale Rurale (MFR ), \u00e9tablissement scolaire et de formation qui propose des formations par alternance, dans le domaine des espaces verts notamment. Elle est situ\u00e9e au coeur du village.<\/p>\n\n\n\n<p><strong>Maison Familiale Rurale<\/strong><br>68 avenue de la Gare, 69380 Chessy-les-Mines<br>Tel : +33 (0)4 78 43 93 94. Courriel : <a href=\"&#x6d;&#x61;&#x69;&#x6c;&#116;&#111;&#58;mf&#x72;&#x2e;&#x63;&#x68;&#x65;&#115;&#115;&#121;&#64;m&#x66;&#x72;&#x2e;&#x61;&#x73;&#115;&#111;&#46;fr\">&#109;&#102;&#x72;&#x2e;&#99;&#104;&#x65;&#x73;&#115;&#121;&#x40;&#x6d;&#102;&#114;&#x2e;&#x61;&#115;&#115;&#x6f;&#x2e;&#102;&#114;<\/a>&nbsp; . <a href=\"http:\/\/www.mfr-chessy.fr\" target=\"_blank\" rel=\"noreferrer noopener\">Site Internet MFR<\/a><\/p>\n\n\n\n<div class=\"wp-block-columns is-layout-flex wp-container-core-columns-is-layout-9d6595d7 wp-block-columns-is-layout-flex\">\n<div class=\"wp-block-column is-layout-flow wp-block-column-is-layout-flow\" style=\"flex-basis:66.66%\">\n<p><\/p>\n\n\n\n<p>Elle dispose de 44 chambres de 2 \u00e0 4 lits pour un effectif maximum de 144 personnes. Le confort est \u00e0 la mesure de la nature de l&rsquo;\u00e9tablissement : si certaines chambres disposent de douches individuelles, les autres ne sont \u00e9quip\u00e9es que d&rsquo;un lavabo ; de vastes espaces toiletttes et douches sont disponibles \u00e0 tous les \u00e9tages. La restauration sera assur\u00e9e par le prestataire ext\u00e9rieur attach\u00e9 \u00e0 la MFR.<br>Le parking de la MFR est tr\u00e8s limit\u00e9, mais il y a plusieurs parkings \u00e0 proximit\u00e9 imm\u00e9diate (la zone bleue est suspendue au mois d&rsquo;ao\u00fbt).<\/p>\n\n\n\n<p>INFORMATIONS :<\/p>\n\n\n\n<p>La maison familiale rurale nous a fait part qu&rsquo;elle n&rsquo;acceptait pas les ch\u00e8ques vacances et les tickets restaurant. Elle est ouverte uniquement pendant notre s\u00e9jour. Elle ne peut pas nous accueillir avant ou apr\u00e8s.<\/p>\n<\/div>\n\n\n\n<div class=\"wp-block-column is-layout-flow wp-block-column-is-layout-flow\" style=\"flex-basis:33.33%\">\n<h2 class=\"wp-block-heading\">Note du Conseil d\u2019Administration<\/h2>\n\n\n\n<p>Si vous prenez en charge votre h\u00e9bergement ailleurs qu\u2019\u00e0 la Maison Familiale Rurale, pensez \u00e0 vous inscrire comme \u201cSimple Participant\u201d :<\/p>\n\n\n\n<ol class=\"wp-block-list\">\n<li>Pour pouvoir dimensionner correctement les \u00e9v\u00e9nements en commun (s\u00e9ances d\u2019informations, pots d\u2019accueil et de d\u00e9part).<\/li>\n\n\n\n<li>Pour pouvoir vous mettre \u00e0 disposition le livret du s\u00e9jour<\/li>\n\n\n\n<li>Pour une r\u00e9partition adapt\u00e9e des co\u00fbts de pr\u00e9paration et d\u2019organisation.<\/li>\n<\/ol>\n<\/div>\n<\/div>\n\n\n\n<figure class=\"wp-block-gallery has-nested-images columns-3 is-cropped wp-block-gallery-6 is-layout-flex wp-block-gallery-is-layout-flex\">\n<figure class=\"wp-block-image size-full\"><a href=\"https:\/\/centcols.org\/wp-content\/uploads\/2020\/06\/MFR-2-r.jpg\"><img loading=\"lazy\" decoding=\"async\" width=\"1200\" height=\"674\" data-id=\"86008\" src=\"https:\/\/centcols.org\/wp-content\/uploads\/2020\/06\/MFR-2-r.jpg\" alt=\"\" class=\"wp-image-86008\" srcset=\"https:\/\/centcols.org\/wp-content\/uploads\/2020\/06\/MFR-2-r.jpg 1200w, https:\/\/centcols.org\/wp-content\/uploads\/2020\/06\/MFR-2-r-768x431.jpg 768w\" sizes=\"auto, (max-width: 1200px) 100vw, 1200px\" \/><\/a><figcaption class=\"wp-element-caption\">MFR \u00a9Th Labour<\/figcaption><\/figure>\n\n\n\n<figure class=\"wp-block-image size-full\"><a href=\"https:\/\/centcols.org\/wp-content\/uploads\/2020\/06\/MFR-1-r.jpg\"><img loading=\"lazy\" decoding=\"async\" width=\"1200\" height=\"674\" data-id=\"86009\" src=\"https:\/\/centcols.org\/wp-content\/uploads\/2020\/06\/MFR-1-r.jpg\" alt=\"\" class=\"wp-image-86009\" srcset=\"https:\/\/centcols.org\/wp-content\/uploads\/2020\/06\/MFR-1-r.jpg 1200w, https:\/\/centcols.org\/wp-content\/uploads\/2020\/06\/MFR-1-r-768x431.jpg 768w\" sizes=\"auto, (max-width: 1200px) 100vw, 1200px\" \/><\/a><figcaption class=\"wp-element-caption\">MFR \u00a9Th Labour<\/figcaption><\/figure>\n\n\n\n<figure class=\"wp-block-image size-full\"><a href=\"https:\/\/centcols.org\/wp-content\/uploads\/2020\/06\/MFR-3-r.jpg\"><img loading=\"lazy\" decoding=\"async\" width=\"1200\" height=\"674\" data-id=\"86010\" src=\"https:\/\/centcols.org\/wp-content\/uploads\/2020\/06\/MFR-3-r.jpg\" alt=\"\" class=\"wp-image-86010\" srcset=\"https:\/\/centcols.org\/wp-content\/uploads\/2020\/06\/MFR-3-r.jpg 1200w, https:\/\/centcols.org\/wp-content\/uploads\/2020\/06\/MFR-3-r-768x431.jpg 768w\" sizes=\"auto, (max-width: 1200px) 100vw, 1200px\" \/><\/a><figcaption class=\"wp-element-caption\">MFR \u00a9Th Labour<\/figcaption><\/figure>\n<\/figure>\n\n\n\n<p>Pour les camping-cars, nous avons n\u00e9goci\u00e9 avec la commune la possibilit\u00e9 d&rsquo;utiliser 2 parkings (non \u00e9quip\u00e9s) \u00e0 300\/400 m de la MFR, de l&rsquo;autre c\u00f4t\u00e9 de la voie ferr\u00e9e (pas de train la nuit) avec un passage souterrain pour franchir \u00e0 pied la voie ferr\u00e9e et la grande route&#8230; Les camping-caristes feront leur affaire des questions d&rsquo;\u00e9lectricit\u00e9, d&rsquo;eau et d&rsquo;eau us\u00e9e. Un plan d\u2019acc\u00e8s sera mis sur le site quelques semaines avant le s\u00e9jour.<br>Il y a \u00e9galement un camping \u00e0 Lamure-sur-Azergues, \u00e0 28 km de Chessy.<\/p>\n\n\n\n<p>Pour les campings caristes qui souhaiteraient un peu plus de confort, on vous propose ces deux adresses&nbsp;:<\/p>\n\n\n\n<p>Blandine et Pascal Jourdain<br>La Ferme du Chapi<br>La Geneti\u00e8re<br>69620 Saint Laurent d&rsquo;Oingt<br><a href=\"https:\/\/www.lafermeduchapi.com\/\" target=\"_blank\" rel=\"noreferrer noopener\">Site de la ferme du Chapi<\/a><br>04 74 71 74 21<br>06 75 31 29 72<br>Chambre d\u2019h\u00f4tes \u2013 g\u00eete \u2013 ferme auberge. Ils disposent de 6 emplacements pour camping car avec sanitaires et douches<\/p>\n\n\n\n<p>Jean Jacques Paire<br>Ronzi\u00e8re<br>69620 Ternand<br>04 74 71 35 72<br>06 80 27 03 67<br>C\u2019est un viticulteur qui dispose d\u2019un g\u00eete et \u00e9galement de 3 emplacements \u00e9quip\u00e9s de sanitaires et douches.<br><a href=\"https:\/\/domaine-paire.business.site\" target=\"_blank\" rel=\"noreferrer noopener\">Site du viticulteur<\/a><\/p>\n\n\n\n<p>Pour ces deux sites, vous avez une station de vidange qui se trouve \u00e0 proximit\u00e9 de la cave coop\u00e9rative de L\u00e9tra.<img><\/p>\n\n\n\n<h2 class=\"wp-block-heading\">Inscriptions<\/h2>\n\n\n\n<p>Pour vous inscrire, t\u00e9l\u00e9chargez le bulletin d\u2019inscription PDF avec le lien ci-dessous.&nbsp;Attention, le bulletin d&rsquo;inscription comprend deux pages : l&rsquo;inscription proprement dite (veillez \u00e0 bien remplir toutes les rubriques qui vous concernent et \u00e0 signer au bas de la page), et les conditions de fonctionnement du \u00ab\u00a0fonds de solidarit\u00e9\u00a0\u00bb que vous voudrez bien signer \u00e9galement. Si vous envisagez de vous faire accompagner par votre compagnon\/compagne, veillez bien \u00e0 l&rsquo;inscrire <strong>auparavant<\/strong> comme membre associ\u00e9 aupr\u00e8s de votre D\u00e9l\u00e9gu\u00e9 Territorial ou National et n\u2019oubliez pas de mettre son N\u00b0 de membre associ\u00e9 dans la case pr\u00e9vue.<\/p>\n\n\n\n<p>Pour ceux d&rsquo;entre vous qui se logent par leur propres moyens et s&rsquo;occupent de leurs repas, il convient de prendre le forfait \u00ab\u00a0Simple Participant\u00a0\u00bb qui correspond \u00e0 la participation \u00e0 toutes les prestations et services dont ils b\u00e9n\u00e9ficient en prenant part au s\u00e9jour : co\u00fbt de la pr\u00e9paration du s\u00e9jour et des circuits, \u00e9dition des cartes affich\u00e9es et du trombinoscope, pot d&rsquo;accueil et pot de fin de s\u00e9jour, plaquette du s\u00e9jour, organisation des activit\u00e9s des accompagnants, assurance du Club, etc.<\/p>\n\n\n\n<p>Vous pouvez choisir les formules :<\/p>\n\n\n\n<ul class=\"wp-block-list\">\n<li>\u00ab\u00a0Pension Compl\u00e8te\u00a0\u00bb \u00e0 424\u20ac.<\/li>\n\n\n\n<li>\u00ab\u00a0Forfait 7 d\u00eeners\u00a0\u00bb \u00e0 128\u20ac si vous vous logez par vos propres moyens mais souhaitez partager les d\u00eeners avec vos amis.<\/li>\n\n\n\n<li>\u00ab\u00a0Forfait simple participant\u00a0\u00bb \u00e0 25\u20ac si vous vous logez et assurez vos d\u00eeners par vos propres moyens.<\/li>\n\n\n\n<li>\u00ab\u00a0Repas d\u00e9port\u00e9 au col des Echarmeaux\u00a0\u00bb \u00e0 12,50\u20ac, si vous n&rsquo;avez pas choisi la pension compl\u00e8te, mais souhaitez b\u00e9n\u00e9ficier de ce repas lors du Rassemblement Annuel.<\/li>\n<\/ul>\n\n\n\n<p>Si, et seulement si, un participant n&rsquo;est pas licenci\u00e9 FFCT, il convient de prendre en plus pour celui-ci l&rsquo;assurance obligatoire \u00e0 7\u20ac.<br>La participation au Fonds de Solidarit\u00e9 est incluse dans le co\u00fbt d&rsquo;inscription.<\/p>\n\n\n\n<p>Vous pouvez r\u00e9gler le montant de l&rsquo;inscription par ch\u00e8que ou par virement sur le compte du Club. Compte tenu des frais suppl\u00e9mentaires factur\u00e9s par l&rsquo;organisme qui le g\u00e8re, nous ne prenons pas de paiement par PayPal.<\/p>\n\n\n\n<p>L&rsquo;affectation des membres se fait dans l&rsquo;ordre d&rsquo;envoi du ch\u00e8que ou d&rsquo;\u00e9mission du virement. Pour le premier, c&rsquo;est le cachet de la Poste qui fait foi, pour le second, veillez \u00e0 nous envoyer une copie de l&rsquo;ordre de virement. Si le s\u00e9jour est complet, une liste d&rsquo;attente est mise en place, elle fonctionne avec les m\u00eames r\u00e8gles de priorit\u00e9 d&rsquo;affectation que les inscriptions directes.<\/p>\n\n\n\n<h3 class=\"wp-block-heading\"><strong>Trombinoscope :<\/strong><\/h3>\n\n\n\n<p>Si vous n&rsquo;avez pas encore fourni votre photo pour le trombinoscope et souhaitez y figurer, penser \u00e0 cocher la case correspondante et \u00e0 nous faire parvenir par mail une photo au format JPG.<\/p>\n\n\n\n<p>Des informations compl\u00e9mentaires seront diffus\u00e9es ult\u00e9rieurement sur le site que vous pouvez consulter r\u00e9guli\u00e8rement. A chaque fois le responsable des s\u00e9jours met un petit mail sur la liste de diffusion. Si vous souhaitez recevoir ces mails, nous vous invitons \u00e0 vous inscrire sur la liste de diffusion, si vous ne l&rsquo;avez pas encore fait.<\/p>\n\n\n\n<p>Si vous avez des questions n&rsquo;h\u00e9sitez pas \u00e0 appeler le responsable du s\u00e9jour : +33 6 78 87 33 67.<\/p>\n\n\n\n<p>T\u00e9l\u00e9charger le bulletin :<\/p>\n\n\n\n<ul class=\"wp-block-list\">\n<li><strong>Bulletin d&rsquo;Inscription Chessy<\/strong><\/li>\n\n\n\n<li><strong>Booking form Chessy in English<\/strong><\/li>\n\n\n\n<li><strong>Modulo d\u2019iscrizione Chessy (Italiano)<\/strong><\/li>\n<\/ul>\n\n\n\n<p><strong>La date limite de r\u00e9ception des inscriptions a \u00e9t\u00e9 fix\u00e9e au 5 avril 2020.<\/strong><\/p>\n\n\n\n<p>Vous pouvez feuilleter <strong>ici<\/strong> <strong><a href=\"https:\/\/centcols.org\/wp-content\/uploads\/2025\/08\/Livret-A5_04_06_2020.pdf\" target=\"_blank\" rel=\"noreferrer noopener\">le Livret<\/a>&nbsp;<\/strong>qui sera distribu\u00e9 lors du s\u00e9jour et qui contient, outre les messages de bienvenue, des informations sur la r\u00e9gion et sur l&rsquo;acc\u00e8s, des \u00e9l\u00e9ments sur la s\u00e9curit\u00e9 et le descriptif d\u00e9taill\u00e9 des circuits.<\/p>\n\n\n\n<h2 class=\"wp-block-heading\">Autres activit\u00e9s ou visites<\/h2>\n\n\n\n<p>Mus\u00e9es, villages pittoresques, sentiers de randonn\u00e9es, oenotourisme, baignade au Lac des Sapins \u00e0 Cublize, conf\u00e9rence et visite de Lyon et ses vestiges gallo romains avec des membres lyonnais du Club des Cent Cols, etc. : les accompagnateurs n\u2019auront pas assez de toute la semaine pour profiter des nombreuses activit\u00e9s possibles et imaginables.&nbsp;<\/p>\n\n\n\n<h3 class=\"wp-block-heading\">MUSEES<\/h3>\n\n\n\n<p><strong>ESPACE PIERRES FOLLES&nbsp;:<\/strong> 6.4 km, 9 minutes<br>Saint Jean des Vignes<br>sentier botanique et mus\u00e9e g\u00e9ologique et \u00e9co-mus\u00e9e.<br><a href=\"http:\/\/www.espace-pierres-folles.com\/\" target=\"_blank\" rel=\"noreferrer noopener\">http:\/\/www.espace-pierres-folles.com<\/a><\/p>\n\n\n\n<p><strong>MUSEE ANTOINE BRUN&nbsp;:<\/strong> 18 km, 22 minutes<br>Sainte Consorce<br>Mus\u00e9e de maquettes de b\u00e2timents internationaux r\u00e9alis\u00e9s dans la deuxi\u00e8me moiti\u00e9 du XX \u00e8me si\u00e8cle par un autodidacte.<br>les mercredis, samedis et dimanches de 14h30 \u00e0 18h30<br><a href=\"http:\/\/www.mairie-sainteconsorce.fr\/musee\/\" target=\"_blank\" rel=\"noreferrer noopener\">http:\/\/www.mairie-sainteconsorce.fr\/musee\/<\/a><\/p>\n\n\n\n<p><strong>MUSEE GUIGNOL&nbsp;:<\/strong> 25 kms 33 minutes<br>Brindas<br>Mus\u00e9e pr\u00e9sentant la collection de feu Jean Guy Mourguet, dernier descendant du cr\u00e9ateur de cette marionnette ch\u00e8re aux lyonnais.<br>Mercredi au dimanche de 14h \u00e0 18h<br>Pour les groupes : autres jours et horaires sur demande<br><a href=\"http:\/\/www.ccvl.fr\/page.php?sid=&amp;page=DT1294829486\" target=\"_blank\" rel=\"noreferrer noopener\">http:\/\/www.ccvl.fr\/page.php?sid=&amp;page=DT1294829486<\/a><\/p>\n\n\n\n<p><strong>MAISON DE L\u2019ARAIRE&nbsp;:<\/strong> 31 km, 40 minutes<br>Yzeron<br>Maison d\u2019exposition de cette Association qui s\u2019int\u00e9resse \u00e0 l\u2019histoire, l\u2019arch\u00e9ologie et le patrimoine du Pays Lyonnais. Exposition permanente sur les trois acqueducs romains de Lyon et sur le tissage du velours de soie dans l&rsquo;ouest lyonnais de 18h30 \u00e0 19h30.<br>Dimanches et jours f\u00e9ri\u00e9s de 14h \u00e0 18h. Groupes sur rendez vous.<br><a href=\"http:\/\/www.araire.org\/-La-Maison-d-Expositions-a-Yzeron-\" target=\"_blank\" rel=\"noreferrer noopener\">http:\/\/www.araire.org\/-La-Maison-d-Expositions-a-Yzeron-<\/a><\/p>\n\n\n\n<p><strong>MAISON DU CURE D\u2019ARS&nbsp;:<\/strong> 18 km, 20 minutes<br>Dardilly<br>Maison natale de Saint Jean Marie Vianney, c\u00e9l\u00e8bre cur\u00e9 de la paroisse d\u2019Ars dans l\u2019Ain.<br>Ce village accueille un important p\u00e8lerinage annuel.<br>Mercredi, samedi, dimanche, de 14h30 \u00e0 17h<br><a href=\"http:\/\/www.village-natal-saint-cure-ars-dardilly.fr\/\" target=\"_blank\" rel=\"noreferrer noopener\">http:\/\/www.village-natal-saint-cure-ars-dardilly.fr\/<\/a><\/p>\n\n\n\n<p><strong>MUSEE AMPERE&nbsp;: <\/strong>22 km, 33 minutes<br>Poleymieux au Mont d\u2019Or<br>Mus\u00e9e didactique sur l\u2019histoire de l\u2019\u00e9lectricit\u00e9 dans la maison natale d\u2019Andr\u00e9 Amp\u00e8re.<br>Samedi de 14h \u00e0 18h, dimanche de 10h \u00e0 12h et de 14h \u00e0 18h.<br>Groupe sur rendez vous.<br><a href=\"http:\/\/amperemusee.fr\/\" target=\"_blank\" rel=\"noreferrer noopener\">http:\/\/amperemusee.fr\/<\/a><\/p>\n\n\n\n<p><strong>MUSEE PAUL DINI<\/strong>&nbsp;: 17 km, 20 minutes<br>Villefranche sur Sa\u00f4ne<br>Mus\u00e9e municipal pr\u00e9sentant de nombreux artistes peintres r\u00e9gionaux, fruit de la dation d\u2019un important collectionneur. Collections fin du XIX \u00e8me si\u00e8cle \u00e0 fin du XX \u00e8me.<br>Mercredi 13h30-18h, jeudi et vendredi 13h30-18h et 13h30-18h, samedi et dimanche 14h30-18h.<br><a href=\"http:\/\/musee-paul-dini.com\/\" target=\"_blank\" rel=\"noreferrer noopener\">http:\/\/musee-paul-dini.com\/<\/a><\/p>\n\n\n\n<p><strong>MUSEE DU VIGNERON EN BEAUJOLAIS<\/strong>&nbsp;: 13 km, 15 minutes<br>Commune de Ternand<br><a href=\"http:\/\/domainepaire.fr\/un-musee\/\" target=\"_blank\" rel=\"noreferrer noopener\">http:\/\/domainepaire.fr\/un-musee\/<\/a><\/p>\n\n\n\n<p><strong>MUSEE DE LA MUSIQUE MECANIQUE<br><\/strong>Oingt<br><a href=\"https:\/\/www.rhonetourisme.com\/a-voir-a-faire\/musees-sites-et-monuments\/musees\/musee-de-la-musique-mecanique-210739\/\" target=\"_blank\" rel=\"noreferrer noopener\">https:\/\/www.rhonetourisme.com\/a-voir-a-faire\/musees-sites-et-monuments\/musees\/musee-de-la-musique-mecanique-210739\/<\/a><\/p>\n\n\n\n<p><strong>MUSEE DE CHASSELAY&nbsp;:<\/strong> 15 km, 20 minutes<br>Chasselay<br><a href=\"https:\/\/www.rhonetourisme.com\/a-voir-a-faire\/musees-sites-et-monuments\/musees\/musee-souvenirs-et-traditions-109152\/\" target=\"_blank\" rel=\"noreferrer noopener\">https:\/\/www.rhonetourisme.com\/a-voir-a-faire\/musees-sites-et-monuments\/musees\/musee-souvenirs-et-traditions-109152\/<\/a><\/p>\n\n\n\n<h3 class=\"wp-block-heading\">LIEU ET VILLAGES PITTORESQUES<\/h3>\n\n\n\n<p><strong>CARRIERES DE GLAY<\/strong>&nbsp;:<br>Saint-Germain\u2013Nuelles ) 2.4 km, 4 minutes<br>Carri\u00e8re de calcaire ocre, aujourd\u2019hui d\u00e9saffect\u00e9e mais ayant fonctionn\u00e9 pendant plusieurs si\u00e8cles.<br><a href=\"https:\/\/www.carrieres-de-glay.fr\/\" target=\"_blank\" rel=\"noreferrer noopener\">https:\/\/www.carrieres-de-glay.fr\/<\/a><\/p>\n\n\n\n<p><strong>VILLAGE MEDIEVAL DE TERNAND&nbsp;:<\/strong> 13 km, 15 minutes<br>Village class\u00e9<br><a href=\"https:\/\/ternand.fr\/\" target=\"_blank\" rel=\"noreferrer noopener\">https:\/\/ternand.fr\/<\/a><\/p>\n\n\n\n<p><strong>VILLAGE DE OINGT&nbsp;:<\/strong> 10 km, 13 minutes<br>Si vous ne faites qu\u2019une visite, c\u2019est celle ci&nbsp;: tr\u00e8s beau village class\u00e9 \u00ab\u00a0Les plus beaux villages de France\u00a0\u00bb&nbsp; en pierres dor\u00e9es, c\u00e9l\u00e8bre pour son festival de l\u2019orgue de barbarie en fin d\u2019\u00e9t\u00e9.<br><a href=\"http:\/\/www.oingt.com\/\" target=\"_blank\" rel=\"noreferrer noopener\">http:\/\/www.valdoingt.org\/valdoingt\/oingt.html<\/a><\/p>\n\n\n\n<p><strong>LAC DES SAPINS&nbsp;:<\/strong> 33 km, 38 minutes<br>Cublize<br><a href=\"http:\/\/beaujolaisvert.com\/fr\/a-faire\/lac-des-sapins\" target=\"_blank\" rel=\"noreferrer noopener\">http:\/\/beaujolaisvert.com\/fr\/a-faire\/lac-des-sapins<\/a><\/p>\n\n\n\n<p><strong>LA CLAYETTE&nbsp;:<\/strong> 61 km, 1h10<br>Prononcez la Cl\u00e8te&nbsp;!<br>Magnifique ch\u00e2teau<br><a href=\"http:\/\/mairie-laclayette.fr\/\" target=\"_blank\" rel=\"noreferrer noopener\">http:\/\/mairie-laclayette.fr\/<\/a><\/p>\n\n\n\n<p><strong>MONT SAINT RIGAUD<\/strong>&nbsp;: 44 km, 52 minutes<br>Propi\u00e8res<br>Avec 1011 m, c&rsquo;est le point culminant du d\u00e9partement du Rh\u00f4ne. Une route foresti\u00e8re monte jusqu\u2019\u00e0 son sommet d\u2019o\u00f9 l\u2019ont peut monter sur un mirador pour d\u00e9couvrir le panorama \u00e0 360\u00b0. A quelques m\u00e8tres du sommet, on trouve une \u00ab\u00a0source sacr\u00e9e\u00a0\u00bb&nbsp; qui gu\u00e9rirait de nombreux maux&nbsp;! Tels le c\u00e9l\u00e8bre mal de jambes du cycliste par exemple&nbsp;?<br>Nombreuses balades possibles en sous-bois.<\/p>\n\n\n\n<h3 class=\"wp-block-heading\">ARCHITECTURE<\/h3>\n\n\n\n<p><strong>Le couvent de la Tourette \u00e0 Eveux sur l\u2019Arbresle<\/strong> :&nbsp;10 km 11 minutes<br>C\u00e9l\u00e8bre r\u00e9alisation de Charles-\u00c9douard Jeanneret-Gris, mieux connu sous le pseudonyme de Le Corbusier<br>Visite guid\u00e9e les dimanches sans r\u00e9servation de 14 h \u00e0 14h30<br>Possibilit\u00e9 de r\u00e9server pour les groupes en semaine sur r\u00e9servation<br><a href=\"https:\/\/www.couventdelatourette.fr\/\" target=\"_blank\" rel=\"noreferrer noopener\">https:\/\/www.couventdelatourette.fr\/<\/a><\/p>\n\n\n\n<h3 class=\"wp-block-heading\">OENOTOURISME<\/h3>\n\n\n\n<p>Nombreux caveaux de viticulteurs et caves coop\u00e9ratives \u00e0 proximit\u00e9&nbsp;: Ternand, Saint-Laurent-d\u2019Oingt<\/p>\n\n\n\n<h3 class=\"wp-block-heading\">RANDONNEE PEDESTRE<\/h3>\n\n\n\n<p>Parcours au d\u00e9part de Pollionnay propos\u00e9s par Nicole Ballas<br>Visite conf\u00e9rence de Lyon (\u00e0 pied) propos\u00e9e par claude Mabilllot<br>Visite des vestiges gallo\u2013romains de Lyon et environs avec Roland Dameron, etc.<\/p>\n","protected":false},"excerpt":{"rendered":"<p>Versione italiana di presentazione Presentation of Chessy in English Ont contribu\u00e9 \u00e0 cette page de pr\u00e9sentation du s\u00e9jour Christophe Badonnel, Thierry Labour et les responsables informatiques. Le s\u00e9jour d\u2019\u00e9t\u00e9 2020 se d\u00e9roulera du 15 au 22 ao\u00fbt dans le d\u00e9partement du Rh\u00f4ne, plus pr\u00e9cis\u00e9ment dans le sud Beaujolais \u00e0 Chessy-les-Mines. Il a \u00e9t\u00e9 pr\u00e9par\u00e9 par [&hellip;]<\/p>\n","protected":false},"author":3,"featured_media":82968,"comment_status":"closed","ping_status":"open","sticky":false,"template":"","format":"standard","meta":{"_acf_changed":false,"footnotes":""},"categories":[349,367,135,363,417,382,231],"tags":[],"class_list":["post-82225","post","type-post","status-publish","format-standard","has-post-thumbnail","hentry","category-france-pays-sejours","category-auvergne-rhone-alpes-region-sejours","category-calendrier","category-massif-central-massif-sejours","category-monts-du-lyonnais","category-69-rhone","category-sejours"],"acf":[],"yoast_head":"<!-- This site is optimized with the Yoast SEO plugin v27.2 - https:\/\/yoast.com\/product\/yoast-seo-wordpress\/ -->\n<title>S\u00e9jour d&#039;\u00e9t\u00e9 \u00e0 Chessy-les-Mines, 15 au 22 ao\u00fbt 2020 - Club des Cent Cols<\/title>\n<meta name=\"robots\" content=\"index, follow, max-snippet:-1, max-image-preview:large, max-video-preview:-1\" \/>\n<link rel=\"canonical\" href=\"https:\/\/centcols.org\/it\/2020-soggiorno-scacchistico\/\" \/>\n<meta property=\"og:locale\" content=\"it_IT\" \/>\n<meta property=\"og:type\" content=\"article\" \/>\n<meta property=\"og:title\" content=\"S\u00e9jour d&#039;\u00e9t\u00e9 \u00e0 Chessy-les-Mines, 15 au 22 ao\u00fbt 2020 - Club des Cent Cols\" \/>\n<meta property=\"og:description\" content=\"Versione italiana di presentazione Presentation of Chessy in English Ont contribu\u00e9 \u00e0 cette page de pr\u00e9sentation du s\u00e9jour Christophe Badonnel, Thierry Labour et les responsables informatiques. Le s\u00e9jour d\u2019\u00e9t\u00e9 2020 se d\u00e9roulera du 15 au 22 ao\u00fbt dans le d\u00e9partement du Rh\u00f4ne, plus pr\u00e9cis\u00e9ment dans le sud Beaujolais \u00e0 Chessy-les-Mines. Il a \u00e9t\u00e9 pr\u00e9par\u00e9 par [&hellip;]\" \/>\n<meta property=\"og:url\" content=\"https:\/\/centcols.org\/it\/2020-soggiorno-scacchistico\/\" \/>\n<meta property=\"og:site_name\" content=\"Club des Cent Cols\" \/>\n<meta property=\"article:publisher\" content=\"https:\/\/www.facebook.com\/groups\/5261880558\/?locale=fr_FR\" \/>\n<meta property=\"article:published_time\" content=\"2020-06-08T14:07:53+00:00\" \/>\n<meta property=\"article:modified_time\" content=\"2025-09-13T08:40:29+00:00\" \/>\n<meta property=\"og:image\" content=\"https:\/\/centcols.org\/wp-content\/uploads\/2020\/06\/Au-col-du-Colombier-r1.jpg\" \/>\n\t<meta property=\"og:image:width\" content=\"1200\" \/>\n\t<meta property=\"og:image:height\" content=\"619\" \/>\n\t<meta property=\"og:image:type\" content=\"image\/jpeg\" \/>\n<meta name=\"author\" content=\"Webmestre\" \/>\n<meta name=\"twitter:card\" content=\"summary_large_image\" \/>\n<meta name=\"twitter:label1\" content=\"Scritto da\" \/>\n\t<meta name=\"twitter:data1\" content=\"Webmestre\" \/>\n\t<meta name=\"twitter:label2\" content=\"Tempo di lettura stimato\" \/>\n\t<meta name=\"twitter:data2\" content=\"31 minuti\" \/>\n<script type=\"application\/ld+json\" class=\"yoast-schema-graph\">{\"@context\":\"https:\/\/schema.org\",\"@graph\":[{\"@type\":\"Article\",\"@id\":\"https:\/\/centcols.org\/sejour-2020-chessy\/#article\",\"isPartOf\":{\"@id\":\"https:\/\/centcols.org\/sejour-2020-chessy\/\"},\"author\":{\"name\":\"Webmestre\",\"@id\":\"https:\/\/centcols.org\/#\/schema\/person\/911b404fb133d8c913dd27cdcf71c8e5\"},\"headline\":\"S\u00e9jour d&rsquo;\u00e9t\u00e9 \u00e0 Chessy-les-Mines, 15 au 22 ao\u00fbt 2020\",\"datePublished\":\"2020-06-08T14:07:53+00:00\",\"dateModified\":\"2025-09-13T08:40:29+00:00\",\"mainEntityOfPage\":{\"@id\":\"https:\/\/centcols.org\/sejour-2020-chessy\/\"},\"wordCount\":5275,\"publisher\":{\"@id\":\"https:\/\/centcols.org\/#organization\"},\"image\":{\"@id\":\"https:\/\/centcols.org\/sejour-2020-chessy\/#primaryimage\"},\"thumbnailUrl\":\"https:\/\/centcols.org\/wp-content\/uploads\/2020\/06\/Au-col-du-Colombier-r1.jpg\",\"articleSection\":[\"France\",\"Auvergne-Rh\u00f4ne-Alpes\",\"Calendrier\",\"Massif Central\",\"Monts du Lyonnais\",\"69-Rh\u00f4ne\",\"S\u00e9jours du Club des Cent Cols\"],\"inLanguage\":\"it-IT\"},{\"@type\":\"WebPage\",\"@id\":\"https:\/\/centcols.org\/sejour-2020-chessy\/\",\"url\":\"https:\/\/centcols.org\/sejour-2020-chessy\/\",\"name\":\"S\u00e9jour d'\u00e9t\u00e9 \u00e0 Chessy-les-Mines, 15 au 22 ao\u00fbt 2020 - Club des Cent Cols\",\"isPartOf\":{\"@id\":\"https:\/\/centcols.org\/#website\"},\"primaryImageOfPage\":{\"@id\":\"https:\/\/centcols.org\/sejour-2020-chessy\/#primaryimage\"},\"image\":{\"@id\":\"https:\/\/centcols.org\/sejour-2020-chessy\/#primaryimage\"},\"thumbnailUrl\":\"https:\/\/centcols.org\/wp-content\/uploads\/2020\/06\/Au-col-du-Colombier-r1.jpg\",\"datePublished\":\"2020-06-08T14:07:53+00:00\",\"dateModified\":\"2025-09-13T08:40:29+00:00\",\"breadcrumb\":{\"@id\":\"https:\/\/centcols.org\/sejour-2020-chessy\/#breadcrumb\"},\"inLanguage\":\"it-IT\",\"potentialAction\":[{\"@type\":\"ReadAction\",\"target\":[\"https:\/\/centcols.org\/sejour-2020-chessy\/\"]}]},{\"@type\":\"ImageObject\",\"inLanguage\":\"it-IT\",\"@id\":\"https:\/\/centcols.org\/sejour-2020-chessy\/#primaryimage\",\"url\":\"https:\/\/centcols.org\/wp-content\/uploads\/2020\/06\/Au-col-du-Colombier-r1.jpg\",\"contentUrl\":\"https:\/\/centcols.org\/wp-content\/uploads\/2020\/06\/Au-col-du-Colombier-r1.jpg\",\"width\":1200,\"height\":619},{\"@type\":\"BreadcrumbList\",\"@id\":\"https:\/\/centcols.org\/sejour-2020-chessy\/#breadcrumb\",\"itemListElement\":[{\"@type\":\"ListItem\",\"position\":1,\"name\":\"Accueil\",\"item\":\"https:\/\/centcols.org\/\"},{\"@type\":\"ListItem\",\"position\":2,\"name\":\"S\u00e9jours du Club des Cent Cols\",\"item\":\"https:\/\/centcols.org\/rubrique\/sejours\/\"},{\"@type\":\"ListItem\",\"position\":3,\"name\":\"Pays\",\"item\":\"https:\/\/centcols.org\/rubrique\/sejours\/pays-sejours\/\"},{\"@type\":\"ListItem\",\"position\":4,\"name\":\"France\",\"item\":\"https:\/\/centcols.org\/rubrique\/sejours\/pays-sejours\/france-pays-sejours\/\"},{\"@type\":\"ListItem\",\"position\":5,\"name\":\"S\u00e9jour d&rsquo;\u00e9t\u00e9 \u00e0 Chessy-les-Mines, 15 au 22 ao\u00fbt 2020\"}]},{\"@type\":\"WebSite\",\"@id\":\"https:\/\/centcols.org\/#website\",\"url\":\"https:\/\/centcols.org\/\",\"name\":\"Club des Cent Cols\",\"description\":\"\",\"publisher\":{\"@id\":\"https:\/\/centcols.org\/#organization\"},\"potentialAction\":[{\"@type\":\"SearchAction\",\"target\":{\"@type\":\"EntryPoint\",\"urlTemplate\":\"https:\/\/centcols.org\/?s={search_term_string}\"},\"query-input\":{\"@type\":\"PropertyValueSpecification\",\"valueRequired\":true,\"valueName\":\"search_term_string\"}}],\"inLanguage\":\"it-IT\"},{\"@type\":\"Organization\",\"@id\":\"https:\/\/centcols.org\/#organization\",\"name\":\"Club des Cent Cols\",\"url\":\"https:\/\/centcols.org\/\",\"logo\":{\"@type\":\"ImageObject\",\"inLanguage\":\"it-IT\",\"@id\":\"https:\/\/centcols.org\/#\/schema\/logo\/image\/\",\"url\":\"https:\/\/centcols.org\/wp-content\/uploads\/2025\/01\/carte-icone.png\",\"contentUrl\":\"https:\/\/centcols.org\/wp-content\/uploads\/2025\/01\/carte-icone.png\",\"width\":250,\"height\":250,\"caption\":\"Club des Cent Cols\"},\"image\":{\"@id\":\"https:\/\/centcols.org\/#\/schema\/logo\/image\/\"},\"sameAs\":[\"https:\/\/www.facebook.com\/groups\/5261880558\/?locale=fr_FR\"]},{\"@type\":\"Person\",\"@id\":\"https:\/\/centcols.org\/#\/schema\/person\/911b404fb133d8c913dd27cdcf71c8e5\",\"name\":\"Webmestre\",\"image\":{\"@type\":\"ImageObject\",\"inLanguage\":\"it-IT\",\"@id\":\"https:\/\/centcols.org\/wp-content\/litespeed\/avatar\/2d246e4b6b4f773e08515e1ffc53690b.jpg?ver=1777222892\",\"url\":\"https:\/\/centcols.org\/wp-content\/litespeed\/avatar\/2d246e4b6b4f773e08515e1ffc53690b.jpg?ver=1777222892\",\"contentUrl\":\"https:\/\/centcols.org\/wp-content\/litespeed\/avatar\/2d246e4b6b4f773e08515e1ffc53690b.jpg?ver=1777222892\",\"caption\":\"Webmestre\"},\"url\":\"https:\/\/centcols.org\/it\/author\/webmestre\/\"}]}<\/script>\n<!-- \/ Yoast SEO plugin. -->","yoast_head_json":{"title":"Vacanze estive a Chessy-les-Mines, dal 15 al 22 agosto 2020 - Club des Cent Cols","robots":{"index":"index","follow":"follow","max-snippet":"max-snippet:-1","max-image-preview":"max-image-preview:large","max-video-preview":"max-video-preview:-1"},"canonical":"https:\/\/centcols.org\/it\/2020-soggiorno-scacchistico\/","og_locale":"it_IT","og_type":"article","og_title":"S\u00e9jour d'\u00e9t\u00e9 \u00e0 Chessy-les-Mines, 15 au 22 ao\u00fbt 2020 - Club des Cent Cols","og_description":"Versione italiana di presentazione Presentation of Chessy in English Ont contribu\u00e9 \u00e0 cette page de pr\u00e9sentation du s\u00e9jour Christophe Badonnel, Thierry Labour et les responsables informatiques. Le s\u00e9jour d\u2019\u00e9t\u00e9 2020 se d\u00e9roulera du 15 au 22 ao\u00fbt dans le d\u00e9partement du Rh\u00f4ne, plus pr\u00e9cis\u00e9ment dans le sud Beaujolais \u00e0 Chessy-les-Mines. Il a \u00e9t\u00e9 pr\u00e9par\u00e9 par [&hellip;]","og_url":"https:\/\/centcols.org\/it\/2020-soggiorno-scacchistico\/","og_site_name":"Club des Cent Cols","article_publisher":"https:\/\/www.facebook.com\/groups\/5261880558\/?locale=fr_FR","article_published_time":"2020-06-08T14:07:53+00:00","article_modified_time":"2025-09-13T08:40:29+00:00","og_image":[{"width":1200,"height":619,"url":"https:\/\/centcols.org\/wp-content\/uploads\/2020\/06\/Au-col-du-Colombier-r1.jpg","type":"image\/jpeg"}],"author":"Webmestre","twitter_card":"summary_large_image","twitter_misc":{"Scritto da":"Webmestre","Tempo di lettura stimato":"31 minuti"},"schema":{"@context":"https:\/\/schema.org","@graph":[{"@type":"Article","@id":"https:\/\/centcols.org\/sejour-2020-chessy\/#article","isPartOf":{"@id":"https:\/\/centcols.org\/sejour-2020-chessy\/"},"author":{"name":"Webmestre","@id":"https:\/\/centcols.org\/#\/schema\/person\/911b404fb133d8c913dd27cdcf71c8e5"},"headline":"S\u00e9jour d&rsquo;\u00e9t\u00e9 \u00e0 Chessy-les-Mines, 15 au 22 ao\u00fbt 2020","datePublished":"2020-06-08T14:07:53+00:00","dateModified":"2025-09-13T08:40:29+00:00","mainEntityOfPage":{"@id":"https:\/\/centcols.org\/sejour-2020-chessy\/"},"wordCount":5275,"publisher":{"@id":"https:\/\/centcols.org\/#organization"},"image":{"@id":"https:\/\/centcols.org\/sejour-2020-chessy\/#primaryimage"},"thumbnailUrl":"https:\/\/centcols.org\/wp-content\/uploads\/2020\/06\/Au-col-du-Colombier-r1.jpg","articleSection":["France","Auvergne-Rh\u00f4ne-Alpes","Calendrier","Massif Central","Monts du Lyonnais","69-Rh\u00f4ne","S\u00e9jours du Club des Cent Cols"],"inLanguage":"it-IT"},{"@type":"WebPage","@id":"https:\/\/centcols.org\/sejour-2020-chessy\/","url":"https:\/\/centcols.org\/sejour-2020-chessy\/","name":"Vacanze estive a Chessy-les-Mines, dal 15 al 22 agosto 2020 - Club des Cent Cols","isPartOf":{"@id":"https:\/\/centcols.org\/#website"},"primaryImageOfPage":{"@id":"https:\/\/centcols.org\/sejour-2020-chessy\/#primaryimage"},"image":{"@id":"https:\/\/centcols.org\/sejour-2020-chessy\/#primaryimage"},"thumbnailUrl":"https:\/\/centcols.org\/wp-content\/uploads\/2020\/06\/Au-col-du-Colombier-r1.jpg","datePublished":"2020-06-08T14:07:53+00:00","dateModified":"2025-09-13T08:40:29+00:00","breadcrumb":{"@id":"https:\/\/centcols.org\/sejour-2020-chessy\/#breadcrumb"},"inLanguage":"it-IT","potentialAction":[{"@type":"ReadAction","target":["https:\/\/centcols.org\/sejour-2020-chessy\/"]}]},{"@type":"ImageObject","inLanguage":"it-IT","@id":"https:\/\/centcols.org\/sejour-2020-chessy\/#primaryimage","url":"https:\/\/centcols.org\/wp-content\/uploads\/2020\/06\/Au-col-du-Colombier-r1.jpg","contentUrl":"https:\/\/centcols.org\/wp-content\/uploads\/2020\/06\/Au-col-du-Colombier-r1.jpg","width":1200,"height":619},{"@type":"BreadcrumbList","@id":"https:\/\/centcols.org\/sejour-2020-chessy\/#breadcrumb","itemListElement":[{"@type":"ListItem","position":1,"name":"Accueil","item":"https:\/\/centcols.org\/"},{"@type":"ListItem","position":2,"name":"S\u00e9jours du Club des Cent Cols","item":"https:\/\/centcols.org\/rubrique\/sejours\/"},{"@type":"ListItem","position":3,"name":"Pays","item":"https:\/\/centcols.org\/rubrique\/sejours\/pays-sejours\/"},{"@type":"ListItem","position":4,"name":"France","item":"https:\/\/centcols.org\/rubrique\/sejours\/pays-sejours\/france-pays-sejours\/"},{"@type":"ListItem","position":5,"name":"S\u00e9jour d&rsquo;\u00e9t\u00e9 \u00e0 Chessy-les-Mines, 15 au 22 ao\u00fbt 2020"}]},{"@type":"WebSite","@id":"https:\/\/centcols.org\/#website","url":"https:\/\/centcols.org\/","name":"Club des Cent Cols","description":"","publisher":{"@id":"https:\/\/centcols.org\/#organization"},"potentialAction":[{"@type":"SearchAction","target":{"@type":"EntryPoint","urlTemplate":"https:\/\/centcols.org\/?s={search_term_string}"},"query-input":{"@type":"PropertyValueSpecification","valueRequired":true,"valueName":"search_term_string"}}],"inLanguage":"it-IT"},{"@type":"Organization","@id":"https:\/\/centcols.org\/#organization","name":"Club des Cent Cols","url":"https:\/\/centcols.org\/","logo":{"@type":"ImageObject","inLanguage":"it-IT","@id":"https:\/\/centcols.org\/#\/schema\/logo\/image\/","url":"https:\/\/centcols.org\/wp-content\/uploads\/2025\/01\/carte-icone.png","contentUrl":"https:\/\/centcols.org\/wp-content\/uploads\/2025\/01\/carte-icone.png","width":250,"height":250,"caption":"Club des Cent Cols"},"image":{"@id":"https:\/\/centcols.org\/#\/schema\/logo\/image\/"},"sameAs":["https:\/\/www.facebook.com\/groups\/5261880558\/?locale=fr_FR"]},{"@type":"Person","@id":"https:\/\/centcols.org\/#\/schema\/person\/911b404fb133d8c913dd27cdcf71c8e5","name":"Webmaster","image":{"@type":"ImageObject","inLanguage":"it-IT","@id":"https:\/\/centcols.org\/wp-content\/litespeed\/avatar\/2d246e4b6b4f773e08515e1ffc53690b.jpg?ver=1777222892","url":"https:\/\/centcols.org\/wp-content\/litespeed\/avatar\/2d246e4b6b4f773e08515e1ffc53690b.jpg?ver=1777222892","contentUrl":"https:\/\/centcols.org\/wp-content\/litespeed\/avatar\/2d246e4b6b4f773e08515e1ffc53690b.jpg?ver=1777222892","caption":"Webmestre"},"url":"https:\/\/centcols.org\/it\/author\/webmestre\/"}]}},"_links":{"self":[{"href":"https:\/\/centcols.org\/it\/wp-json\/wp\/v2\/posts\/82225","targetHints":{"allow":["GET"]}}],"collection":[{"href":"https:\/\/centcols.org\/it\/wp-json\/wp\/v2\/posts"}],"about":[{"href":"https:\/\/centcols.org\/it\/wp-json\/wp\/v2\/types\/post"}],"author":[{"embeddable":true,"href":"https:\/\/centcols.org\/it\/wp-json\/wp\/v2\/users\/3"}],"replies":[{"embeddable":true,"href":"https:\/\/centcols.org\/it\/wp-json\/wp\/v2\/comments?post=82225"}],"version-history":[{"count":0,"href":"https:\/\/centcols.org\/it\/wp-json\/wp\/v2\/posts\/82225\/revisions"}],"wp:featuredmedia":[{"embeddable":true,"href":"https:\/\/centcols.org\/it\/wp-json\/wp\/v2\/media\/82968"}],"wp:attachment":[{"href":"https:\/\/centcols.org\/it\/wp-json\/wp\/v2\/media?parent=82225"}],"wp:term":[{"taxonomy":"category","embeddable":true,"href":"https:\/\/centcols.org\/it\/wp-json\/wp\/v2\/categories?post=82225"},{"taxonomy":"post_tag","embeddable":true,"href":"https:\/\/centcols.org\/it\/wp-json\/wp\/v2\/tags?post=82225"}],"curies":[{"name":"wp","href":"https:\/\/api.w.org\/{rel}","templated":true}]}}