{"id":82249,"date":"2020-12-09T10:20:54","date_gmt":"2020-12-09T08:20:54","guid":{"rendered":"https:\/\/centcols.org\/vosges-col-de-la-melch-57-28-aout-2021\/"},"modified":"2025-10-14T14:27:38","modified_gmt":"2025-10-14T12:27:38","slug":"vosgi-col-de-la-melch-57-28-agosto-2021","status":"publish","type":"post","link":"https:\/\/centcols.org\/it\/vosges-col-de-la-melch-57-28-aout-2021\/","title":{"rendered":"Vosgi, Col de la Melch (57), 28 agosto 2021"},"content":{"rendered":"\n<p>Samedi 28 ao\u00fbt 2021, Vosges<\/p>\n\n\n\n<p>Col de la Melch (FR-57-0356), nouveau col<\/p>\n\n\n\n<figure class=\"wp-block-image size-full is-resized\"><img loading=\"lazy\" decoding=\"async\" width=\"1146\" height=\"829\" src=\"https:\/\/centcols.org\/wp-content\/uploads\/2025\/05\/col-de-la-melsch.jpg\" alt=\"\" class=\"wp-image-82250\" style=\"width:600px\" srcset=\"https:\/\/centcols.org\/wp-content\/uploads\/2025\/05\/col-de-la-melsch.jpg 1146w, https:\/\/centcols.org\/wp-content\/uploads\/2025\/05\/col-de-la-melsch-768x556.jpg 768w\" sizes=\"auto, (max-width: 1146px) 100vw, 1146px\" \/><\/figure>\n\n\n\n<p><em>Copyright, IGN France<\/em><\/p>\n\n\n\n<p class=\"western\"><span style=\"color: #222222;\"><span style=\"font-family: Arial, Helvetica, sans-serif;\"><span style=\"font-size: medium;\">Rendez-vous 8 h 30 pour le caf\u00e9 et le d\u00e9part group\u00e9 sur le parking situ\u00e9 rue des Bergers \u00e0 c\u00f4t\u00e9 de l&rsquo;ancien terrain de football<\/span><\/span><\/span><\/p>\n\n\n\n<h3 class=\"wp-block-heading\">Circuits<\/h3>\n\n\n\n<h3 class=\"wp-block-heading\">VTT<\/h3>\n\n\n\n<p><span style=\"color: #222222;\"><span style=\"font-family: Arial, Helvetica, sans-serif;\"><span style=\"font-size: medium;\">Circuit d&rsquo;environ 2 h 30 \u00e0 3 h 00 cyclable \u00e0 98%<br>Au d\u00e9part, en direction de Baerenthal, vous emprunterez une petite route goudronn\u00e9e en descente passant par le terrain de football et longeant l&rsquo;\u00e9tang.<br>Apr\u00e8s ce quart d&rsquo;heure d&rsquo;\u00e9chauffement, grimp\u00e9e au col du Petit Dunkelthal (FR-57-0299) par une belle piste.<br>Puis, sentier avec un peu de poussage pour arriver au col du Grand Dunkelthal (FR-57-0291).<br>Belle descente par une piste en for\u00eat jusqu&rsquo;au village. De l\u00e0, vous emprunterez une belle piste jusqu&rsquo;au col de la Kundschaft (FR-57-0340) situ\u00e9 sur la route foresti\u00e8re de la Kundschaft.<br>Un raidillon sera \u00e0 franchir avant de parvenir au col de la Melch (nouveau col) o\u00f9 nous partagerons le pain et le fromage.<br>Pour le retour \u00e0 Mouterhouse, vous aurez la possibilit\u00e9 de prendre la route ou une belle piste jusqu&rsquo;au parking (Belle vue sur Mouterhouse)<\/span><\/span><\/span><\/p>\n\n\n\n<h3 class=\"wp-block-heading\">ROUTE<\/h3>\n\n\n\n<p>Circuit de 50 km, 4 cols : Weissekreis (FR-57-0317), Widerschall (Fr-57-0370), Kundschaft (FR-57-0340) et Melch (FR-57-0356)<\/p>\n\n\n\n<p>[mapsmarker marker=\u00a0\u00bb35&Prime;]<\/p>\n\n\n\n<h3 class=\"wp-block-heading\">Contact<\/h3>\n\n\n\n<p>Ars\u00e8ne Bickel<br>06 80 73 51 75<br>[email]&#x61;&#x72;&#115;&#101;n&#x65;&#x2e;&#x62;&#105;&#99;k&#x65;&#x6c;&#x35;&#55;&#64;o&#x72;&#x61;&#x6e;&#103;&#101;&#46;&#x66;&#x72;[\/email]<\/p>\n\n\n\n\n\n\n","protected":false},"excerpt":{"rendered":"<p>Samedi 28 ao\u00fbt 2021, Vosges Col de la Melch (FR-57-0356), nouveau col Copyright, IGN France Rendez-vous 8 h 30 pour le caf\u00e9 et le d\u00e9part group\u00e9 sur le parking situ\u00e9 rue des Bergers \u00e0 c\u00f4t\u00e9 de l&rsquo;ancien terrain de football Circuits VTT Circuit d&rsquo;environ 2 h 30 \u00e0 3 h 00 cyclable \u00e0 98%Au d\u00e9part, [&hellip;]<\/p>\n","protected":false},"author":136,"featured_media":82250,"comment_status":"closed","ping_status":"open","sticky":false,"template":"","format":"standard","meta":{"_acf_changed":false,"footnotes":""},"categories":[291,135,216],"tags":[],"class_list":["post-82249","post","type-post","status-publish","format-standard","has-post-thumbnail","hentry","category-les-rassemblements-de-2021","category-calendrier","category-rencontres-regionales"],"acf":[],"yoast_head":"<!-- This site is optimized with the Yoast SEO plugin v27.2 - https:\/\/yoast.com\/product\/yoast-seo-wordpress\/ -->\n<title>Vosges, Col de la Melch (57), 28 ao\u00fbt 2021 - Club des Cent Cols<\/title>\n<meta name=\"robots\" content=\"index, follow, max-snippet:-1, max-image-preview:large, max-video-preview:-1\" \/>\n<link rel=\"canonical\" href=\"https:\/\/centcols.org\/it\/vosgi-col-de-la-melch-57-28-agosto-2021\/\" \/>\n<meta property=\"og:locale\" content=\"it_IT\" \/>\n<meta property=\"og:type\" content=\"article\" \/>\n<meta property=\"og:title\" content=\"Vosges, Col de la Melch (57), 28 ao\u00fbt 2021 - Club des Cent Cols\" \/>\n<meta property=\"og:description\" content=\"Samedi 28 ao\u00fbt 2021, Vosges Col de la Melch (FR-57-0356), nouveau col Copyright, IGN France Rendez-vous 8 h 30 pour le caf\u00e9 et le d\u00e9part group\u00e9 sur le parking situ\u00e9 rue des Bergers \u00e0 c\u00f4t\u00e9 de l&rsquo;ancien terrain de football Circuits VTT Circuit d&rsquo;environ 2 h 30 \u00e0 3 h 00 cyclable \u00e0 98%Au d\u00e9part, [&hellip;]\" \/>\n<meta property=\"og:url\" content=\"https:\/\/centcols.org\/it\/vosgi-col-de-la-melch-57-28-agosto-2021\/\" \/>\n<meta property=\"og:site_name\" content=\"Club des Cent Cols\" \/>\n<meta property=\"article:publisher\" content=\"https:\/\/www.facebook.com\/groups\/5261880558\/?locale=fr_FR\" \/>\n<meta property=\"article:published_time\" content=\"2020-12-09T08:20:54+00:00\" \/>\n<meta property=\"article:modified_time\" content=\"2025-10-14T12:27:38+00:00\" \/>\n<meta property=\"og:image\" content=\"https:\/\/centcols.org\/wp-content\/uploads\/2025\/05\/col-de-la-melsch.jpg\" \/>\n\t<meta property=\"og:image:width\" content=\"1146\" \/>\n\t<meta property=\"og:image:height\" content=\"829\" \/>\n\t<meta property=\"og:image:type\" content=\"image\/jpeg\" \/>\n<meta name=\"author\" content=\"Guy Harl\u00e9\" \/>\n<meta name=\"twitter:card\" content=\"summary_large_image\" \/>\n<meta name=\"twitter:label1\" content=\"Scritto da\" \/>\n\t<meta name=\"twitter:data1\" content=\"Guy Harl\u00e9\" \/>\n\t<meta name=\"twitter:label2\" content=\"Tempo di lettura stimato\" \/>\n\t<meta name=\"twitter:data2\" content=\"2 minuti\" \/>\n<script type=\"application\/ld+json\" class=\"yoast-schema-graph\">{\"@context\":\"https:\/\/schema.org\",\"@graph\":[{\"@type\":\"Article\",\"@id\":\"https:\/\/centcols.org\/vosges-col-de-la-melch-57-28-aout-2021\/#article\",\"isPartOf\":{\"@id\":\"https:\/\/centcols.org\/vosges-col-de-la-melch-57-28-aout-2021\/\"},\"author\":{\"name\":\"Guy Harl\u00e9\",\"@id\":\"https:\/\/centcols.org\/#\/schema\/person\/377f00da2793c0363246869bb3a344d0\"},\"headline\":\"Vosges, Col de la Melch (57), 28 ao\u00fbt 2021\",\"datePublished\":\"2020-12-09T08:20:54+00:00\",\"dateModified\":\"2025-10-14T12:27:38+00:00\",\"mainEntityOfPage\":{\"@id\":\"https:\/\/centcols.org\/vosges-col-de-la-melch-57-28-aout-2021\/\"},\"wordCount\":238,\"publisher\":{\"@id\":\"https:\/\/centcols.org\/#organization\"},\"image\":{\"@id\":\"https:\/\/centcols.org\/vosges-col-de-la-melch-57-28-aout-2021\/#primaryimage\"},\"thumbnailUrl\":\"https:\/\/centcols.org\/wp-content\/uploads\/2025\/05\/col-de-la-melsch.jpg\",\"articleSection\":[\"2021-rassemblements\",\"Calendrier\",\"Rencontres r\u00e9gionales\"],\"inLanguage\":\"it-IT\"},{\"@type\":\"WebPage\",\"@id\":\"https:\/\/centcols.org\/vosges-col-de-la-melch-57-28-aout-2021\/\",\"url\":\"https:\/\/centcols.org\/vosges-col-de-la-melch-57-28-aout-2021\/\",\"name\":\"Vosges, Col de la Melch (57), 28 ao\u00fbt 2021 - Club des Cent Cols\",\"isPartOf\":{\"@id\":\"https:\/\/centcols.org\/#website\"},\"primaryImageOfPage\":{\"@id\":\"https:\/\/centcols.org\/vosges-col-de-la-melch-57-28-aout-2021\/#primaryimage\"},\"image\":{\"@id\":\"https:\/\/centcols.org\/vosges-col-de-la-melch-57-28-aout-2021\/#primaryimage\"},\"thumbnailUrl\":\"https:\/\/centcols.org\/wp-content\/uploads\/2025\/05\/col-de-la-melsch.jpg\",\"datePublished\":\"2020-12-09T08:20:54+00:00\",\"dateModified\":\"2025-10-14T12:27:38+00:00\",\"breadcrumb\":{\"@id\":\"https:\/\/centcols.org\/vosges-col-de-la-melch-57-28-aout-2021\/#breadcrumb\"},\"inLanguage\":\"it-IT\",\"potentialAction\":[{\"@type\":\"ReadAction\",\"target\":[\"https:\/\/centcols.org\/vosges-col-de-la-melch-57-28-aout-2021\/\"]}]},{\"@type\":\"ImageObject\",\"inLanguage\":\"it-IT\",\"@id\":\"https:\/\/centcols.org\/vosges-col-de-la-melch-57-28-aout-2021\/#primaryimage\",\"url\":\"https:\/\/centcols.org\/wp-content\/uploads\/2025\/05\/col-de-la-melsch.jpg\",\"contentUrl\":\"https:\/\/centcols.org\/wp-content\/uploads\/2025\/05\/col-de-la-melsch.jpg\",\"width\":1146,\"height\":829},{\"@type\":\"BreadcrumbList\",\"@id\":\"https:\/\/centcols.org\/vosges-col-de-la-melch-57-28-aout-2021\/#breadcrumb\",\"itemListElement\":[{\"@type\":\"ListItem\",\"position\":1,\"name\":\"Accueil\",\"item\":\"https:\/\/centcols.org\/\"},{\"@type\":\"ListItem\",\"position\":2,\"name\":\"Calendrier\",\"item\":\"https:\/\/centcols.org\/rubrique\/calendrier\/\"},{\"@type\":\"ListItem\",\"position\":3,\"name\":\"Vosges, Col de la Melch (57), 28 ao\u00fbt 2021\"}]},{\"@type\":\"WebSite\",\"@id\":\"https:\/\/centcols.org\/#website\",\"url\":\"https:\/\/centcols.org\/\",\"name\":\"Club des Cent Cols\",\"description\":\"\",\"publisher\":{\"@id\":\"https:\/\/centcols.org\/#organization\"},\"potentialAction\":[{\"@type\":\"SearchAction\",\"target\":{\"@type\":\"EntryPoint\",\"urlTemplate\":\"https:\/\/centcols.org\/?s={search_term_string}\"},\"query-input\":{\"@type\":\"PropertyValueSpecification\",\"valueRequired\":true,\"valueName\":\"search_term_string\"}}],\"inLanguage\":\"it-IT\"},{\"@type\":\"Organization\",\"@id\":\"https:\/\/centcols.org\/#organization\",\"name\":\"Club des Cent Cols\",\"url\":\"https:\/\/centcols.org\/\",\"logo\":{\"@type\":\"ImageObject\",\"inLanguage\":\"it-IT\",\"@id\":\"https:\/\/centcols.org\/#\/schema\/logo\/image\/\",\"url\":\"https:\/\/centcols.org\/wp-content\/uploads\/2025\/01\/carte-icone.png\",\"contentUrl\":\"https:\/\/centcols.org\/wp-content\/uploads\/2025\/01\/carte-icone.png\",\"width\":250,\"height\":250,\"caption\":\"Club des Cent Cols\"},\"image\":{\"@id\":\"https:\/\/centcols.org\/#\/schema\/logo\/image\/\"},\"sameAs\":[\"https:\/\/www.facebook.com\/groups\/5261880558\/?locale=fr_FR\"]},{\"@type\":\"Person\",\"@id\":\"https:\/\/centcols.org\/#\/schema\/person\/377f00da2793c0363246869bb3a344d0\",\"name\":\"Guy Harl\u00e9\",\"image\":{\"@type\":\"ImageObject\",\"inLanguage\":\"it-IT\",\"@id\":\"https:\/\/centcols.org\/wp-content\/litespeed\/avatar\/94c4de37e46cf090f296d42ab3e8d6a6.jpg?ver=1777238144\",\"url\":\"https:\/\/centcols.org\/wp-content\/litespeed\/avatar\/94c4de37e46cf090f296d42ab3e8d6a6.jpg?ver=1777238144\",\"contentUrl\":\"https:\/\/centcols.org\/wp-content\/litespeed\/avatar\/94c4de37e46cf090f296d42ab3e8d6a6.jpg?ver=1777238144\",\"caption\":\"Guy Harl\u00e9\"},\"url\":\"https:\/\/centcols.org\/it\/author\/5193\/\"}]}<\/script>\n<!-- \/ Yoast SEO plugin. -->","yoast_head_json":{"title":"Vosgi, Col de la Melch (57), 28 agosto 2021 - Club des Cent Cols","robots":{"index":"index","follow":"follow","max-snippet":"max-snippet:-1","max-image-preview":"max-image-preview:large","max-video-preview":"max-video-preview:-1"},"canonical":"https:\/\/centcols.org\/it\/vosgi-col-de-la-melch-57-28-agosto-2021\/","og_locale":"it_IT","og_type":"article","og_title":"Vosges, Col de la Melch (57), 28 ao\u00fbt 2021 - Club des Cent Cols","og_description":"Samedi 28 ao\u00fbt 2021, Vosges Col de la Melch (FR-57-0356), nouveau col Copyright, IGN France Rendez-vous 8 h 30 pour le caf\u00e9 et le d\u00e9part group\u00e9 sur le parking situ\u00e9 rue des Bergers \u00e0 c\u00f4t\u00e9 de l&rsquo;ancien terrain de football Circuits VTT Circuit d&rsquo;environ 2 h 30 \u00e0 3 h 00 cyclable \u00e0 98%Au d\u00e9part, [&hellip;]","og_url":"https:\/\/centcols.org\/it\/vosgi-col-de-la-melch-57-28-agosto-2021\/","og_site_name":"Club des Cent Cols","article_publisher":"https:\/\/www.facebook.com\/groups\/5261880558\/?locale=fr_FR","article_published_time":"2020-12-09T08:20:54+00:00","article_modified_time":"2025-10-14T12:27:38+00:00","og_image":[{"width":1146,"height":829,"url":"https:\/\/centcols.org\/wp-content\/uploads\/2025\/05\/col-de-la-melsch.jpg","type":"image\/jpeg"}],"author":"Guy Harl\u00e9","twitter_card":"summary_large_image","twitter_misc":{"Scritto da":"Guy Harl\u00e9","Tempo di lettura stimato":"2 minuti"},"schema":{"@context":"https:\/\/schema.org","@graph":[{"@type":"Article","@id":"https:\/\/centcols.org\/vosges-col-de-la-melch-57-28-aout-2021\/#article","isPartOf":{"@id":"https:\/\/centcols.org\/vosges-col-de-la-melch-57-28-aout-2021\/"},"author":{"name":"Guy Harl\u00e9","@id":"https:\/\/centcols.org\/#\/schema\/person\/377f00da2793c0363246869bb3a344d0"},"headline":"Vosges, Col de la Melch (57), 28 ao\u00fbt 2021","datePublished":"2020-12-09T08:20:54+00:00","dateModified":"2025-10-14T12:27:38+00:00","mainEntityOfPage":{"@id":"https:\/\/centcols.org\/vosges-col-de-la-melch-57-28-aout-2021\/"},"wordCount":238,"publisher":{"@id":"https:\/\/centcols.org\/#organization"},"image":{"@id":"https:\/\/centcols.org\/vosges-col-de-la-melch-57-28-aout-2021\/#primaryimage"},"thumbnailUrl":"https:\/\/centcols.org\/wp-content\/uploads\/2025\/05\/col-de-la-melsch.jpg","articleSection":["2021-rassemblements","Calendrier","Rencontres r\u00e9gionales"],"inLanguage":"it-IT"},{"@type":"WebPage","@id":"https:\/\/centcols.org\/vosges-col-de-la-melch-57-28-aout-2021\/","url":"https:\/\/centcols.org\/vosges-col-de-la-melch-57-28-aout-2021\/","name":"Vosgi, Col de la Melch (57), 28 agosto 2021 - Club des Cent Cols","isPartOf":{"@id":"https:\/\/centcols.org\/#website"},"primaryImageOfPage":{"@id":"https:\/\/centcols.org\/vosges-col-de-la-melch-57-28-aout-2021\/#primaryimage"},"image":{"@id":"https:\/\/centcols.org\/vosges-col-de-la-melch-57-28-aout-2021\/#primaryimage"},"thumbnailUrl":"https:\/\/centcols.org\/wp-content\/uploads\/2025\/05\/col-de-la-melsch.jpg","datePublished":"2020-12-09T08:20:54+00:00","dateModified":"2025-10-14T12:27:38+00:00","breadcrumb":{"@id":"https:\/\/centcols.org\/vosges-col-de-la-melch-57-28-aout-2021\/#breadcrumb"},"inLanguage":"it-IT","potentialAction":[{"@type":"ReadAction","target":["https:\/\/centcols.org\/vosges-col-de-la-melch-57-28-aout-2021\/"]}]},{"@type":"ImageObject","inLanguage":"it-IT","@id":"https:\/\/centcols.org\/vosges-col-de-la-melch-57-28-aout-2021\/#primaryimage","url":"https:\/\/centcols.org\/wp-content\/uploads\/2025\/05\/col-de-la-melsch.jpg","contentUrl":"https:\/\/centcols.org\/wp-content\/uploads\/2025\/05\/col-de-la-melsch.jpg","width":1146,"height":829},{"@type":"BreadcrumbList","@id":"https:\/\/centcols.org\/vosges-col-de-la-melch-57-28-aout-2021\/#breadcrumb","itemListElement":[{"@type":"ListItem","position":1,"name":"Accueil","item":"https:\/\/centcols.org\/"},{"@type":"ListItem","position":2,"name":"Calendrier","item":"https:\/\/centcols.org\/rubrique\/calendrier\/"},{"@type":"ListItem","position":3,"name":"Vosges, Col de la Melch (57), 28 ao\u00fbt 2021"}]},{"@type":"WebSite","@id":"https:\/\/centcols.org\/#website","url":"https:\/\/centcols.org\/","name":"Club des Cent Cols","description":"","publisher":{"@id":"https:\/\/centcols.org\/#organization"},"potentialAction":[{"@type":"SearchAction","target":{"@type":"EntryPoint","urlTemplate":"https:\/\/centcols.org\/?s={search_term_string}"},"query-input":{"@type":"PropertyValueSpecification","valueRequired":true,"valueName":"search_term_string"}}],"inLanguage":"it-IT"},{"@type":"Organization","@id":"https:\/\/centcols.org\/#organization","name":"Club des Cent Cols","url":"https:\/\/centcols.org\/","logo":{"@type":"ImageObject","inLanguage":"it-IT","@id":"https:\/\/centcols.org\/#\/schema\/logo\/image\/","url":"https:\/\/centcols.org\/wp-content\/uploads\/2025\/01\/carte-icone.png","contentUrl":"https:\/\/centcols.org\/wp-content\/uploads\/2025\/01\/carte-icone.png","width":250,"height":250,"caption":"Club des Cent Cols"},"image":{"@id":"https:\/\/centcols.org\/#\/schema\/logo\/image\/"},"sameAs":["https:\/\/www.facebook.com\/groups\/5261880558\/?locale=fr_FR"]},{"@type":"Person","@id":"https:\/\/centcols.org\/#\/schema\/person\/377f00da2793c0363246869bb3a344d0","name":"Guy Harl\u00e9","image":{"@type":"ImageObject","inLanguage":"it-IT","@id":"https:\/\/centcols.org\/wp-content\/litespeed\/avatar\/94c4de37e46cf090f296d42ab3e8d6a6.jpg?ver=1777238144","url":"https:\/\/centcols.org\/wp-content\/litespeed\/avatar\/94c4de37e46cf090f296d42ab3e8d6a6.jpg?ver=1777238144","contentUrl":"https:\/\/centcols.org\/wp-content\/litespeed\/avatar\/94c4de37e46cf090f296d42ab3e8d6a6.jpg?ver=1777238144","caption":"Guy Harl\u00e9"},"url":"https:\/\/centcols.org\/it\/author\/5193\/"}]}},"_links":{"self":[{"href":"https:\/\/centcols.org\/it\/wp-json\/wp\/v2\/posts\/82249","targetHints":{"allow":["GET"]}}],"collection":[{"href":"https:\/\/centcols.org\/it\/wp-json\/wp\/v2\/posts"}],"about":[{"href":"https:\/\/centcols.org\/it\/wp-json\/wp\/v2\/types\/post"}],"author":[{"embeddable":true,"href":"https:\/\/centcols.org\/it\/wp-json\/wp\/v2\/users\/136"}],"replies":[{"embeddable":true,"href":"https:\/\/centcols.org\/it\/wp-json\/wp\/v2\/comments?post=82249"}],"version-history":[{"count":0,"href":"https:\/\/centcols.org\/it\/wp-json\/wp\/v2\/posts\/82249\/revisions"}],"wp:featuredmedia":[{"embeddable":true,"href":"https:\/\/centcols.org\/it\/wp-json\/wp\/v2\/media\/82250"}],"wp:attachment":[{"href":"https:\/\/centcols.org\/it\/wp-json\/wp\/v2\/media?parent=82249"}],"wp:term":[{"taxonomy":"category","embeddable":true,"href":"https:\/\/centcols.org\/it\/wp-json\/wp\/v2\/categories?post=82249"},{"taxonomy":"post_tag","embeddable":true,"href":"https:\/\/centcols.org\/it\/wp-json\/wp\/v2\/tags?post=82249"}],"curies":[{"name":"wp","href":"https:\/\/api.w.org\/{rel}","templated":true}]}}