{"id":82259,"date":"2020-12-11T10:21:29","date_gmt":"2020-12-11T08:21:29","guid":{"rendered":"https:\/\/centcols.org\/drome-ardeche-vaucluse-le-coulet-28-aout-2021\/"},"modified":"2025-06-06T10:52:38","modified_gmt":"2025-06-06T08:52:38","slug":"drome-ardeche-vaucluse-le-coulet-28-agosto-2021","status":"publish","type":"post","link":"https:\/\/centcols.org\/it\/drome-ardeche-vaucluse-le-coulet-28-aout-2021\/","title":{"rendered":"Dr\u00f4me Ard\u00e8che Vaucluse, Le Coulet, 28 agosto 2021"},"content":{"rendered":"<p>Samedi 28 ao\u00fbt 2021, Dr\u00f4me, Ard\u00e8che, Vaucluse<br \/>\nLe Coulet (FR-07-0729)<\/p>\n<p>[mapsmarker marker=\u00a0\u00bb39&Prime;]<\/p>\n<div>\n<p class=\"western\" align=\"left\"><span style=\"color: #222222;\"><span style=\"font-family: Arial, Helvetica, sans-serif;\"><span style=\"font-size: medium;\">Accueil \u00e0 partir de 8 h 30 \u00e0 Saint-Sauveur-de-Montagut<\/span><\/span><\/span><\/p>\n<p align=\"left\">[mapsmarker marker=\u00a0\u00bb38&Prime;]<\/p>\n<h3 align=\"left\">Circuits<\/h3>\n<p>Identifiant OR Rassemblement Ard\u00e8che 2021 :<br \/>\n&#8211; Route : 13137323<br \/>\n&#8211; VTT : 13137593<\/p>\n<\/div>\n<h3>\u00a0Contact<\/h3>\n<p>Jean-Marie Gilouin<br \/>\n06 31 79 01 06<br \/>\n[email]&#98;&#x6a;m&#46;&#x63;e&#110;&#x74;c&#x6f;&#x6c;&#115;&#x40;g&#109;&#x61;i&#108;&#x2e;c&#x6f;&#x6d;[\/email]<\/p>\n","protected":false},"excerpt":{"rendered":"<p>Samedi 28 ao\u00fbt 2021, Dr\u00f4me, Ard\u00e8che, Vaucluse Le Coulet (FR-07-0729) [mapsmarker marker=\u00a0\u00bb39&Prime;] Accueil \u00e0 partir de 8 h 30 \u00e0 Saint-Sauveur-de-Montagut [mapsmarker marker=\u00a0\u00bb38&Prime;] Circuits Identifiant OR Rassemblement Ard\u00e8che 2021 : &#8211; Route : 13137323 &#8211; VTT : 13137593 \u00a0Contact Jean-Marie Gilouin 06 31 79 01 06 [email]&#98;&#x6a;m&#x2e;&#x63;&#101;&#x6e;t&#99;&#x6f;&#108;&#x73;&#64;&#103;&#x6d;a&#x69;l&#46;&#x63;o&#x6d;[\/email]<\/p>\n","protected":false},"author":136,"featured_media":0,"comment_status":"closed","ping_status":"open","sticky":false,"template":"","format":"standard","meta":{"_acf_changed":false,"footnotes":""},"categories":[291,135,216],"tags":[],"class_list":["post-82259","post","type-post","status-publish","format-standard","hentry","category-les-rassemblements-de-2021","category-calendrier","category-rencontres-regionales"],"acf":[],"yoast_head":"<!-- This site is optimized with the Yoast SEO plugin v27.2 - https:\/\/yoast.com\/product\/yoast-seo-wordpress\/ -->\n<title>Dr\u00f4me Ard\u00e8che Vaucluse, Le Coulet, 28 ao\u00fbt 2021 - Club des Cent Cols<\/title>\n<meta name=\"robots\" content=\"index, follow, max-snippet:-1, max-image-preview:large, max-video-preview:-1\" \/>\n<link rel=\"canonical\" href=\"https:\/\/centcols.org\/it\/drome-ardeche-vaucluse-le-coulet-28-agosto-2021\/\" \/>\n<meta property=\"og:locale\" content=\"it_IT\" \/>\n<meta property=\"og:type\" content=\"article\" \/>\n<meta property=\"og:title\" content=\"Dr\u00f4me Ard\u00e8che Vaucluse, Le Coulet, 28 ao\u00fbt 2021 - Club des Cent Cols\" \/>\n<meta property=\"og:description\" content=\"Samedi 28 ao\u00fbt 2021, Dr\u00f4me, Ard\u00e8che, Vaucluse Le Coulet (FR-07-0729) [mapsmarker marker=\u00a0\u00bb39&Prime;] Accueil \u00e0 partir de 8 h 30 \u00e0 Saint-Sauveur-de-Montagut [mapsmarker marker=\u00a0\u00bb38&Prime;] Circuits Identifiant OR Rassemblement Ard\u00e8che 2021 : &#8211; Route : 13137323 &#8211; VTT : 13137593 \u00a0Contact Jean-Marie Gilouin 06 31 79 01 06 [email]b&#106;&#109;&#x2e;&#x63;en&#116;&#099;&#x6f;&#x6c;s&#064;&#103;&#109;&#x61;&#x69;l&#046;&#099;&#x6f;&#x6d;[\/email]\" \/>\n<meta property=\"og:url\" content=\"https:\/\/centcols.org\/it\/drome-ardeche-vaucluse-le-coulet-28-agosto-2021\/\" \/>\n<meta property=\"og:site_name\" content=\"Club des Cent Cols\" \/>\n<meta property=\"article:publisher\" content=\"https:\/\/www.facebook.com\/groups\/5261880558\/?locale=fr_FR\" \/>\n<meta property=\"article:published_time\" content=\"2020-12-11T08:21:29+00:00\" \/>\n<meta property=\"article:modified_time\" content=\"2025-06-06T08:52:38+00:00\" \/>\n<meta name=\"author\" content=\"Guy Harl\u00e9\" \/>\n<meta name=\"twitter:card\" content=\"summary_large_image\" \/>\n<meta name=\"twitter:label1\" content=\"Scritto da\" \/>\n\t<meta name=\"twitter:data1\" content=\"Guy Harl\u00e9\" \/>\n\t<meta name=\"twitter:label2\" content=\"Tempo di lettura stimato\" \/>\n\t<meta name=\"twitter:data2\" content=\"1 minuto\" \/>\n<script type=\"application\/ld+json\" class=\"yoast-schema-graph\">{\"@context\":\"https:\/\/schema.org\",\"@graph\":[{\"@type\":\"Article\",\"@id\":\"https:\/\/centcols.org\/drome-ardeche-vaucluse-le-coulet-28-aout-2021\/#article\",\"isPartOf\":{\"@id\":\"https:\/\/centcols.org\/drome-ardeche-vaucluse-le-coulet-28-aout-2021\/\"},\"author\":{\"name\":\"Guy Harl\u00e9\",\"@id\":\"https:\/\/centcols.org\/#\/schema\/person\/377f00da2793c0363246869bb3a344d0\"},\"headline\":\"Dr\u00f4me Ard\u00e8che Vaucluse, Le Coulet, 28 ao\u00fbt 2021\",\"datePublished\":\"2020-12-11T08:21:29+00:00\",\"dateModified\":\"2025-06-06T08:52:38+00:00\",\"mainEntityOfPage\":{\"@id\":\"https:\/\/centcols.org\/drome-ardeche-vaucluse-le-coulet-28-aout-2021\/\"},\"wordCount\":49,\"publisher\":{\"@id\":\"https:\/\/centcols.org\/#organization\"},\"articleSection\":[\"2021-rassemblements\",\"Calendrier\",\"Rencontres r\u00e9gionales\"],\"inLanguage\":\"it-IT\"},{\"@type\":\"WebPage\",\"@id\":\"https:\/\/centcols.org\/drome-ardeche-vaucluse-le-coulet-28-aout-2021\/\",\"url\":\"https:\/\/centcols.org\/drome-ardeche-vaucluse-le-coulet-28-aout-2021\/\",\"name\":\"Dr\u00f4me Ard\u00e8che Vaucluse, Le Coulet, 28 ao\u00fbt 2021 - Club des Cent Cols\",\"isPartOf\":{\"@id\":\"https:\/\/centcols.org\/#website\"},\"datePublished\":\"2020-12-11T08:21:29+00:00\",\"dateModified\":\"2025-06-06T08:52:38+00:00\",\"breadcrumb\":{\"@id\":\"https:\/\/centcols.org\/drome-ardeche-vaucluse-le-coulet-28-aout-2021\/#breadcrumb\"},\"inLanguage\":\"it-IT\",\"potentialAction\":[{\"@type\":\"ReadAction\",\"target\":[\"https:\/\/centcols.org\/drome-ardeche-vaucluse-le-coulet-28-aout-2021\/\"]}]},{\"@type\":\"BreadcrumbList\",\"@id\":\"https:\/\/centcols.org\/drome-ardeche-vaucluse-le-coulet-28-aout-2021\/#breadcrumb\",\"itemListElement\":[{\"@type\":\"ListItem\",\"position\":1,\"name\":\"Accueil\",\"item\":\"https:\/\/centcols.org\/\"},{\"@type\":\"ListItem\",\"position\":2,\"name\":\"Calendrier\",\"item\":\"https:\/\/centcols.org\/rubrique\/calendrier\/\"},{\"@type\":\"ListItem\",\"position\":3,\"name\":\"Dr\u00f4me Ard\u00e8che Vaucluse, Le Coulet, 28 ao\u00fbt 2021\"}]},{\"@type\":\"WebSite\",\"@id\":\"https:\/\/centcols.org\/#website\",\"url\":\"https:\/\/centcols.org\/\",\"name\":\"Club des Cent Cols\",\"description\":\"\",\"publisher\":{\"@id\":\"https:\/\/centcols.org\/#organization\"},\"potentialAction\":[{\"@type\":\"SearchAction\",\"target\":{\"@type\":\"EntryPoint\",\"urlTemplate\":\"https:\/\/centcols.org\/?s={search_term_string}\"},\"query-input\":{\"@type\":\"PropertyValueSpecification\",\"valueRequired\":true,\"valueName\":\"search_term_string\"}}],\"inLanguage\":\"it-IT\"},{\"@type\":\"Organization\",\"@id\":\"https:\/\/centcols.org\/#organization\",\"name\":\"Club des Cent Cols\",\"url\":\"https:\/\/centcols.org\/\",\"logo\":{\"@type\":\"ImageObject\",\"inLanguage\":\"it-IT\",\"@id\":\"https:\/\/centcols.org\/#\/schema\/logo\/image\/\",\"url\":\"https:\/\/centcols.org\/wp-content\/uploads\/2025\/01\/carte-icone.png\",\"contentUrl\":\"https:\/\/centcols.org\/wp-content\/uploads\/2025\/01\/carte-icone.png\",\"width\":250,\"height\":250,\"caption\":\"Club des Cent Cols\"},\"image\":{\"@id\":\"https:\/\/centcols.org\/#\/schema\/logo\/image\/\"},\"sameAs\":[\"https:\/\/www.facebook.com\/groups\/5261880558\/?locale=fr_FR\"]},{\"@type\":\"Person\",\"@id\":\"https:\/\/centcols.org\/#\/schema\/person\/377f00da2793c0363246869bb3a344d0\",\"name\":\"Guy Harl\u00e9\",\"image\":{\"@type\":\"ImageObject\",\"inLanguage\":\"it-IT\",\"@id\":\"https:\/\/centcols.org\/wp-content\/litespeed\/avatar\/94c4de37e46cf090f296d42ab3e8d6a6.jpg?ver=1777238144\",\"url\":\"https:\/\/centcols.org\/wp-content\/litespeed\/avatar\/94c4de37e46cf090f296d42ab3e8d6a6.jpg?ver=1777238144\",\"contentUrl\":\"https:\/\/centcols.org\/wp-content\/litespeed\/avatar\/94c4de37e46cf090f296d42ab3e8d6a6.jpg?ver=1777238144\",\"caption\":\"Guy Harl\u00e9\"},\"url\":\"https:\/\/centcols.org\/it\/author\/5193\/\"}]}<\/script>\n<!-- \/ Yoast SEO plugin. -->","yoast_head_json":{"title":"Dr\u00f4me Ard\u00e8che Vaucluse, Le Coulet, 28 agosto 2021 - Club des Cent Cols","robots":{"index":"index","follow":"follow","max-snippet":"max-snippet:-1","max-image-preview":"max-image-preview:large","max-video-preview":"max-video-preview:-1"},"canonical":"https:\/\/centcols.org\/it\/drome-ardeche-vaucluse-le-coulet-28-agosto-2021\/","og_locale":"it_IT","og_type":"article","og_title":"Dr\u00f4me Ard\u00e8che Vaucluse, Le Coulet, 28 ao\u00fbt 2021 - Club des Cent Cols","og_description":"Samedi 28 ao\u00fbt 2021, Dr\u00f4me, Ard\u00e8che, Vaucluse Le Coulet (FR-07-0729) [mapsmarker marker=\u00a0\u00bb39&Prime;] Accueil \u00e0 partir de 8 h 30 \u00e0 Saint-Sauveur-de-Montagut [mapsmarker marker=\u00a0\u00bb38&Prime;] Circuits Identifiant OR Rassemblement Ard\u00e8che 2021 : &#8211; Route : 13137323 &#8211; VTT : 13137593 \u00a0Contact Jean-Marie Gilouin 06 31 79 01 06 [email]b&#106;&#109;&#x2e;&#x63;en&#116;&#99;&#x6f;&#x6c;s&#64;&#103;&#109;&#x61;&#x69;l&#46;&#99;&#x6f;&#x6d;[\/email]","og_url":"https:\/\/centcols.org\/it\/drome-ardeche-vaucluse-le-coulet-28-agosto-2021\/","og_site_name":"Club des Cent Cols","article_publisher":"https:\/\/www.facebook.com\/groups\/5261880558\/?locale=fr_FR","article_published_time":"2020-12-11T08:21:29+00:00","article_modified_time":"2025-06-06T08:52:38+00:00","author":"Guy Harl\u00e9","twitter_card":"summary_large_image","twitter_misc":{"Scritto da":"Guy Harl\u00e9","Tempo di lettura stimato":"1 minuto"},"schema":{"@context":"https:\/\/schema.org","@graph":[{"@type":"Article","@id":"https:\/\/centcols.org\/drome-ardeche-vaucluse-le-coulet-28-aout-2021\/#article","isPartOf":{"@id":"https:\/\/centcols.org\/drome-ardeche-vaucluse-le-coulet-28-aout-2021\/"},"author":{"name":"Guy Harl\u00e9","@id":"https:\/\/centcols.org\/#\/schema\/person\/377f00da2793c0363246869bb3a344d0"},"headline":"Dr\u00f4me Ard\u00e8che Vaucluse, Le Coulet, 28 ao\u00fbt 2021","datePublished":"2020-12-11T08:21:29+00:00","dateModified":"2025-06-06T08:52:38+00:00","mainEntityOfPage":{"@id":"https:\/\/centcols.org\/drome-ardeche-vaucluse-le-coulet-28-aout-2021\/"},"wordCount":49,"publisher":{"@id":"https:\/\/centcols.org\/#organization"},"articleSection":["2021-rassemblements","Calendrier","Rencontres r\u00e9gionales"],"inLanguage":"it-IT"},{"@type":"WebPage","@id":"https:\/\/centcols.org\/drome-ardeche-vaucluse-le-coulet-28-aout-2021\/","url":"https:\/\/centcols.org\/drome-ardeche-vaucluse-le-coulet-28-aout-2021\/","name":"Dr\u00f4me Ard\u00e8che Vaucluse, Le Coulet, 28 agosto 2021 - Club des Cent Cols","isPartOf":{"@id":"https:\/\/centcols.org\/#website"},"datePublished":"2020-12-11T08:21:29+00:00","dateModified":"2025-06-06T08:52:38+00:00","breadcrumb":{"@id":"https:\/\/centcols.org\/drome-ardeche-vaucluse-le-coulet-28-aout-2021\/#breadcrumb"},"inLanguage":"it-IT","potentialAction":[{"@type":"ReadAction","target":["https:\/\/centcols.org\/drome-ardeche-vaucluse-le-coulet-28-aout-2021\/"]}]},{"@type":"BreadcrumbList","@id":"https:\/\/centcols.org\/drome-ardeche-vaucluse-le-coulet-28-aout-2021\/#breadcrumb","itemListElement":[{"@type":"ListItem","position":1,"name":"Accueil","item":"https:\/\/centcols.org\/"},{"@type":"ListItem","position":2,"name":"Calendrier","item":"https:\/\/centcols.org\/rubrique\/calendrier\/"},{"@type":"ListItem","position":3,"name":"Dr\u00f4me Ard\u00e8che Vaucluse, Le Coulet, 28 ao\u00fbt 2021"}]},{"@type":"WebSite","@id":"https:\/\/centcols.org\/#website","url":"https:\/\/centcols.org\/","name":"Club des Cent Cols","description":"","publisher":{"@id":"https:\/\/centcols.org\/#organization"},"potentialAction":[{"@type":"SearchAction","target":{"@type":"EntryPoint","urlTemplate":"https:\/\/centcols.org\/?s={search_term_string}"},"query-input":{"@type":"PropertyValueSpecification","valueRequired":true,"valueName":"search_term_string"}}],"inLanguage":"it-IT"},{"@type":"Organization","@id":"https:\/\/centcols.org\/#organization","name":"Club des Cent Cols","url":"https:\/\/centcols.org\/","logo":{"@type":"ImageObject","inLanguage":"it-IT","@id":"https:\/\/centcols.org\/#\/schema\/logo\/image\/","url":"https:\/\/centcols.org\/wp-content\/uploads\/2025\/01\/carte-icone.png","contentUrl":"https:\/\/centcols.org\/wp-content\/uploads\/2025\/01\/carte-icone.png","width":250,"height":250,"caption":"Club des Cent Cols"},"image":{"@id":"https:\/\/centcols.org\/#\/schema\/logo\/image\/"},"sameAs":["https:\/\/www.facebook.com\/groups\/5261880558\/?locale=fr_FR"]},{"@type":"Person","@id":"https:\/\/centcols.org\/#\/schema\/person\/377f00da2793c0363246869bb3a344d0","name":"Guy Harl\u00e9","image":{"@type":"ImageObject","inLanguage":"it-IT","@id":"https:\/\/centcols.org\/wp-content\/litespeed\/avatar\/94c4de37e46cf090f296d42ab3e8d6a6.jpg?ver=1777238144","url":"https:\/\/centcols.org\/wp-content\/litespeed\/avatar\/94c4de37e46cf090f296d42ab3e8d6a6.jpg?ver=1777238144","contentUrl":"https:\/\/centcols.org\/wp-content\/litespeed\/avatar\/94c4de37e46cf090f296d42ab3e8d6a6.jpg?ver=1777238144","caption":"Guy Harl\u00e9"},"url":"https:\/\/centcols.org\/it\/author\/5193\/"}]}},"_links":{"self":[{"href":"https:\/\/centcols.org\/it\/wp-json\/wp\/v2\/posts\/82259","targetHints":{"allow":["GET"]}}],"collection":[{"href":"https:\/\/centcols.org\/it\/wp-json\/wp\/v2\/posts"}],"about":[{"href":"https:\/\/centcols.org\/it\/wp-json\/wp\/v2\/types\/post"}],"author":[{"embeddable":true,"href":"https:\/\/centcols.org\/it\/wp-json\/wp\/v2\/users\/136"}],"replies":[{"embeddable":true,"href":"https:\/\/centcols.org\/it\/wp-json\/wp\/v2\/comments?post=82259"}],"version-history":[{"count":0,"href":"https:\/\/centcols.org\/it\/wp-json\/wp\/v2\/posts\/82259\/revisions"}],"wp:attachment":[{"href":"https:\/\/centcols.org\/it\/wp-json\/wp\/v2\/media?parent=82259"}],"wp:term":[{"taxonomy":"category","embeddable":true,"href":"https:\/\/centcols.org\/it\/wp-json\/wp\/v2\/categories?post=82259"},{"taxonomy":"post_tag","embeddable":true,"href":"https:\/\/centcols.org\/it\/wp-json\/wp\/v2\/tags?post=82259"}],"curies":[{"name":"wp","href":"https:\/\/api.w.org\/{rel}","templated":true}]}}