{"id":82284,"date":"2021-06-06T14:15:39","date_gmt":"2021-06-06T12:15:39","guid":{"rendered":"https:\/\/centcols.org\/sejour-dete-a-meolans-revel-04-au-11-septembre-2021\/"},"modified":"2025-09-09T01:48:41","modified_gmt":"2025-09-08T23:48:41","slug":"soggiorno-2021-meolans-revel","status":"publish","type":"post","link":"https:\/\/centcols.org\/it\/sejour-2021-meolans-revel\/","title":{"rendered":"Soggiorno estivo a M\u00e9olans-Revel, dal 04 all'11 settembre 2021"},"content":{"rendered":"<p><span style=\"color: #808080;\">Enrico Alberini, Christophe Badonnel, Bernard Giraudeau e i responsabili IT hanno contribuito a questa pagina di presentazione del viaggio.<\/span><\/p>\n\n\n<div class=\"wp-block-image wp-image-57491 size-large\">\n<figure class=\"aligncenter size-full is-resized\"><a href=\"https:\/\/centcols.org\/wp-content\/uploads\/2021\/06\/barcelonette1-2.jpg\"><img loading=\"lazy\" decoding=\"async\" width=\"1200\" height=\"900\" src=\"https:\/\/centcols.org\/wp-content\/uploads\/2021\/06\/barcelonette1-2.jpg\" alt=\"\" class=\"wp-image-85941\" style=\"width:800px\" srcset=\"https:\/\/centcols.org\/wp-content\/uploads\/2021\/06\/barcelonette1-2.jpg 1200w, https:\/\/centcols.org\/wp-content\/uploads\/2021\/06\/barcelonette1-2-768x576.jpg 768w\" sizes=\"auto, (max-width: 1200px) 100vw, 1200px\" \/><\/a><figcaption class=\"wp-element-caption\">Barcelonnette del Belv\u00e8d\u00e8re (\u00a9 Kris Claeys)<\/figcaption><\/figure>\n<\/div>\n\n<div class=\"wp-block-image\">\n<figure class=\"aligncenter size-full is-resized\"><a href=\"https:\/\/centcols.org\/wp-content\/uploads\/2021\/06\/barcelonette2.jpg\"><img loading=\"lazy\" decoding=\"async\" width=\"1200\" height=\"900\" src=\"https:\/\/centcols.org\/wp-content\/uploads\/2021\/06\/barcelonette2.jpg\" alt=\"\" class=\"wp-image-85942\" style=\"width:800px\" srcset=\"https:\/\/centcols.org\/wp-content\/uploads\/2021\/06\/barcelonette2.jpg 1200w, https:\/\/centcols.org\/wp-content\/uploads\/2021\/06\/barcelonette2-768x576.jpg 768w\" sizes=\"auto, (max-width: 1200px) 100vw, 1200px\" \/><\/a><\/figure>\n<\/div>\n\n\n<p><span style=\"color: #000000;\"><br>La pausa estiva 2021 si svolger\u00e0 dal 4 all'11 settembre nel dipartimento delle Alpi dell'Alta Provenza, per la precisione a M\u00e9olans-Revel. \u00c8 stato preparato da un piccolo team locale: Paulette Autric, Robert Yonnet e Philippe Fee.<br><\/span><\/p>\n\n\n\n<p><span style=\"color: #000000;\">M\u00e9olans-Revel si trova vicino a Barcelonnette, nella valle dell'Ubaye.<\/span><\/p>\n\n\n\n<p><span style=\"color: #000000;\">Soggiorneremo nel villaggio turistico di Cap France, Lou Riouclar, a 1270 metri di altitudine.<\/span><\/p>\n\n\n\n<p><span style=\"color: #000000;\">Le rubriche sono riportate di seguito:<\/span><\/p>\n\n\n\n<ul class=\"wp-block-list\">\n<li><span style=\"color: #000000;\">Introduzione alla regione<\/span><\/li>\n\n\n\n<li>Circuiti, <a href=\"\/it\/membres\/cctours\/tours.php\/?lieu=M\u00e9olans&amp;an=2021&amp;genre=R\" target=\"_blank\" rel=\"noopener\">strada<\/a> e <a href=\"\/it\/membres\/cctours\/tours.php\/?lieu=M\u00e9olans&amp;an=2021&amp;genre=V\" target=\"_blank\" rel=\"noopener\">BICICLETTA DA MONTAGNA<\/a><\/li>\n\n\n\n<li><span style=\"color: #000000;\">Alloggio<\/span><\/li>\n\n\n\n<li><span style=\"color: #000000;\">Nota del Consiglio di amministrazione<\/span><\/li>\n\n\n\n<li><span style=\"color: #000000;\">Iscrizioni<\/span><\/li>\n\n\n\n<li><span style=\"color: #000000;\">Altre attivit\u00e0 o visite&nbsp; &nbsp;<\/span><\/li>\n<\/ul>\n\n\n\n<h4 class=\"wp-block-heading\"><strong>Arrivo, soggiorno e istruzioni COVID-19 :<\/strong><\/h4>\n\n\n\n<p><strong><u>Avviso COVID-19<\/u><\/strong><\/p>\n\n\n\n<p>Condizioni di accesso alla struttura: per il momento non sono richieste condizioni dalla struttura che ci ospita (test PCR o certificato di vaccinazione).<\/p>\n\n\n\n<p>Il direttore del centro mi ha informato oggi che dal 7 agosto sar\u00e0 necessario esibire un tesserino sanitario per accedere alla sua struttura.<\/p>\n\n\n\n<p>Il 04 settembre 2021, al vostro arrivo, l'albergatore controller\u00e0 la vostra tessera sanitaria.<\/p>\n\n\n\n<p>Quali sono le prove (fonti governative)<\/p>\n\n\n\n<p>1 Vaccinazione, a condizione che le persone abbiano un programma di vaccinazione completo e il tempo necessario dopo l'iniezione finale, cio\u00e8 :&nbsp;<\/p>\n\n\n\n<ul class=\"wp-block-list\">\n<li>7 giorni dopo la seconda iniezione per i vaccini a doppia iniezione (Pfizer, Moderna, AstraZeneca);<\/li>\n\n\n\n<li>4 settimane dopo l'iniezione per i vaccini con una singola iniezione (Johnson \u00a7 Johnson da Janssen);<\/li>\n\n\n\n<li>7 giorni dopo l'iniezione di vaccini in persone con anamnesi di Covid (iniezione singola)<\/li>\n<\/ul>\n\n\n\n<ol start=\"2\" class=\"wp-block-list\">\n<li>prova di un test negativo da meno di 48 ore.<\/li>\n<\/ol>\n\n\n\n<p>La tessera sanitaria verr\u00e0 controllata solo all'arrivo e il test PCR rimarr\u00e0 valido per tutta la durata del soggiorno.<\/p>\n\n\n\n<p>Nel villaggio turistico \u00e8 obbligatorio indossare le maschere, quindi assicuratevi di averne a sufficienza per il vostro soggiorno.<\/p>\n\n\n\n<p><strong><u>Negozi di biciclette :<br><\/u><\/strong><strong>Ciclo Ubaye Sport<br><\/strong>Zona di sviluppo congiunto di Pont Long<br>04400 Barcelonnette<br><a href=\"https:\/\/www.google.com\/search?sxsrf=ALeKk02tt83ZcWn0siBzv6sRSzKetPxvGA%3A1592830042786&amp;ei=WqjwXqrEL4Oca4bJosgG&amp;q=loisir+vtt+pollionnay&amp;oq=loisir+vtt+pollionnay&amp;gs_lcp=CgZwc3ktYWIQARgAMgIIADIGCAAQFhAeMgYIABAWEB4yAggmOgQIIxAnOgQIABBDOgUIABCDAToFCAAQsQM6BwgAEBQQhwI6BggAEAoQQzoHCAAQQxCLAzoFCAAQiwM6CAgAEIMBEIsDOgoIABCxAxBDEIsDOgoIABAUEIcCEIsDUIiZDVjFxQ1gt-ENaABwAHgAgAG2AYgB5BCSAQQxNC43mAEAoAEBqgEHZ3dzLXdpergBAg&amp;sclient=psy-ab\">04 92 34 36 15<\/a><br>aperto da marted\u00ec a sabato dalle 08.00 alle 12.00 e dalle 14.00 alle 19.00<\/p>\n\n\n\n<h2 class=\"wp-block-heading\">Introduzione alla regione :<\/h2>\n\n\n\n<p>Dopo il nostro soggiorno a Digne nel 2014, le Alpi dell'Alta Provenza tornano a essere lo scenario delle vacanze del Club des Cent Cols di quest'estate, e pi\u00f9 precisamente la valle dell'Ubaye. Alloggeremo presso lo stabilimento Cap France \"Lou Riouclar\" sulle alture di M\u00e9olans-Revel, sulla riva destra del fiume che d\u00e0 il nome alla valle.  Ricca di strade e di passi per i muli, ma anche di paesaggi diversi, l'Ubaye non dovrebbe deludere i partecipanti a questo soggiorno.  La valle dell'Ubaye si trova all'estremit\u00e0 nord-orientale del dipartimento Alpes-de-Haute-Provence (04), nella regione Provenza-Alpi-Costa Azzurra. Due dipartimenti francesi e una regione italiana delimitano i confini amministrativi della valle, il cui capoluogo \u00e8 Barcelonette (2.575 abitanti). La valle deve il suo nome al fiume che la attraversa dalla sorgente del Col de Longet (FR-04-2660 \/IT-CN-2660a). Il fiume scorre prima a sud-ovest e poi a ovest. L'Ubaye confluisce nella Durance al Lac de Serre-Pon\u00e7on, formando il ramo orientale del lago. Il punto pi\u00f9 basso della valle \u00e8 771 m al Lac de Serre-Pon\u00e7on, mentre la vetta pi\u00f9 alta \u00e8 3412 m all'Aiguille de Chambeyron. Un'importante rete stradale attraversa le varie valli che compongono questa entit\u00e0 geografica, offrendo numerose uscite quasi esclusivamente attraverso un passo, dal pi\u00f9 basso, Le Collet (FR-04-0991) al pi\u00f9 alto, il Col de la Bonnette (FR-04-2715). Il Col de Larche (FR-04-1991) o Colle della Maddalena (IT-CN-1996) consente di accedere alla Val Stura in provincia di Cuneo. Le creste principali e secondarie offrono l'opportunit\u00e0 di scalare molti passi mulattiera, tra cui forse il pi\u00f9 leggendario di tutti, il Col du Parpaillon (FR-04-2637-tunnel). La presenza di numerose piste militari, che originariamente servivano per le opere di difesa, permette di avvicinarsi ai passi mulattieri con grande vantaggio. La principale attivit\u00e0 economica della valle \u00e8 il turismo. Nella valle sono presenti alcune stazioni sciistiche alpine, ma le loro modeste dimensioni hanno contribuito a preservare il carattere naturale e tradizionale di molte aree. Altre attivit\u00e0 sportive sono il ciclismo (Brevet des 7 cols de l'Ubaye) e la mountain bike. L'allevamento di pecore e la vendita di vari prodotti locali sono altre fonti di reddito. Le alte cime che si trovano ovunque lungo la valle principale e le valli satellite, e la presenza del Lac de Serre-Pon\u00e7on, offrono panorami spettacolari.  Barcelonnette, la citt\u00e0 dei \"messicani\" (Ubayani tornati dopo aver fatto fortuna in Messico) e altri villaggi hanno alcuni bei monumenti da visitare. Grazie alla sua posizione geografica e alla presenza di un passo \"basso\", il Col de Larche (1991 m), la storia militare dell'Ubaye risale all'antichit\u00e0. Le spettacolari fortificazioni del XIX secolo sono gli ultimi resti di questa storia e fanno parte del patrimonio turistico della regione. L'Ubaye si trova nel sud delle Alpi, quindi il clima \u00e8 un clima montano di influenza mediterranea con un'insolazione eccezionale, freddo in inverno e caldo e tempestoso in estate. La flora e la fauna sono tipicamente alpine. Qui si trovano le specie abituali (marmotte, camosci, volpi, pernici, anatre e aquile reali). Si pensa che un branco di lupi si sia insediato nel massiccio del Parpaillon qualche anno fa. Il contrasto tra il versante adret e quello ubac della valle principale est-ovest \u00e8 evidente, con foreste scure di abeti, abeti rossi e larici sulla riva sinistra e terreni agricoli sulla destra.<\/p>\n\n\n\n<h2 class=\"wp-block-heading\"><a href=\"https:\/\/centcols.org\/it\/membres\/cctours\/tours.php\/?lieu=M\u00e9olans&amp;an=2021\">Circuiti<\/a> :<\/h2>\n\n\n\n<p>All'inizio del viaggio, vi consigliamo di non salire sui passi principali, in quanto dal 03 al 05 settembre ci sar\u00e0 un'ondata di maltempo. <a href=\"https:\/\/www.barcelonnette.com\/agendas\/evenements\/alpes-aventure-motofestival--4878675.html\" target=\"_blank\" rel=\"noreferrer noopener\">festival dei motociclisti<\/a> In bicicletta nel <a href=\"https:\/\/centcols.org\/wp-content\/uploads\/2025\/08\/Parc-National-du-Mercantour.pdf\" target=\"_blank\" rel=\"noreferrer noopener\">Parco nazionale del Mercantour<\/a> \u00e8 regolamentato. Itinerario: i percorsi possono sembrare lunghi e con notevoli dislivelli, ma avrete diverse opzioni per accorciarli. L'ultimo numero di <a href=\"https:\/\/centcols.org\/wp-content\/uploads\/2025\/08\/echappee-en-ubaye-\u00a9-Big-Bike-Magazine.pdf\" target=\"_blank\" rel=\"noreferrer noopener\">Rivista Big Bike<\/a> \u00e8 dedicato all'Ubaye. R1: tra Durance e Monges - 118 km - 2090 metri - 9 passi: Col de Saint-Martin, Col des Garcinets, Col des Sagnes, Le Coulet, Col du Ch\u00e2teau, Col du Haut Forest, Col de Gr\u00eale, Col de Sarraut, Col des Mey\u00e8res<\/p>\n\n\n\n<figure class=\"wp-block-gallery has-nested-images columns-3 is-cropped wp-block-gallery-1 is-layout-flex wp-block-gallery-is-layout-flex\">\n<figure class=\"wp-block-image size-full\"><a href=\"https:\/\/centcols.org\/wp-content\/uploads\/2021\/06\/R1-village-de-Bellafaire-1.jpg\"><img loading=\"lazy\" decoding=\"async\" width=\"1200\" height=\"900\" data-id=\"85944\" src=\"https:\/\/centcols.org\/wp-content\/uploads\/2021\/06\/R1-village-de-Bellafaire-1.jpg\" alt=\"\" class=\"wp-image-85944\" srcset=\"https:\/\/centcols.org\/wp-content\/uploads\/2021\/06\/R1-village-de-Bellafaire-1.jpg 1200w, https:\/\/centcols.org\/wp-content\/uploads\/2021\/06\/R1-village-de-Bellafaire-1-768x576.jpg 768w\" sizes=\"auto, (max-width: 1200px) 100vw, 1200px\" \/><\/a><figcaption class=\"wp-element-caption\">R1 - villaggio di Bellafaire \u00a9 Robert Yonnet<\/figcaption><\/figure>\n\n\n\n<figure class=\"wp-block-image size-full\"><a href=\"https:\/\/centcols.org\/wp-content\/uploads\/2021\/06\/R1-descente-col-de-Sarraut.jpg\"><img loading=\"lazy\" decoding=\"async\" width=\"1200\" height=\"900\" data-id=\"85945\" src=\"https:\/\/centcols.org\/wp-content\/uploads\/2021\/06\/R1-descente-col-de-Sarraut.jpg\" alt=\"\" class=\"wp-image-85945\" srcset=\"https:\/\/centcols.org\/wp-content\/uploads\/2021\/06\/R1-descente-col-de-Sarraut.jpg 1200w, https:\/\/centcols.org\/wp-content\/uploads\/2021\/06\/R1-descente-col-de-Sarraut-768x576.jpg 768w\" sizes=\"auto, (max-width: 1200px) 100vw, 1200px\" \/><\/a><figcaption class=\"wp-element-caption\">R1 - Discesa del Col de Sarraut - \u00a9 Robert Yonnet<\/figcaption><\/figure>\n\n\n\n<figure class=\"wp-block-image size-full\"><a href=\"https:\/\/centcols.org\/wp-content\/uploads\/2021\/06\/R1-col-des-Garcinets-1.jpg\"><img loading=\"lazy\" decoding=\"async\" width=\"1200\" height=\"900\" data-id=\"85946\" src=\"https:\/\/centcols.org\/wp-content\/uploads\/2021\/06\/R1-col-des-Garcinets-1.jpg\" alt=\"\" class=\"wp-image-85946\" srcset=\"https:\/\/centcols.org\/wp-content\/uploads\/2021\/06\/R1-col-des-Garcinets-1.jpg 1200w, https:\/\/centcols.org\/wp-content\/uploads\/2021\/06\/R1-col-des-Garcinets-1-768x576.jpg 768w\" sizes=\"auto, (max-width: 1200px) 100vw, 1200px\" \/><\/a><figcaption class=\"wp-element-caption\">R1 - Passo di Garcinets \u00a9 Robert Yonnet<\/figcaption><\/figure>\n\n\n\n<figure class=\"wp-block-image size-large\"><img loading=\"lazy\" decoding=\"async\" width=\"1200\" height=\"867\" data-id=\"85964\" src=\"https:\/\/centcols.org\/wp-content\/uploads\/2021\/06\/R1-5-col-de-Vars.jpg\" alt=\"\" class=\"wp-image-85964\" srcset=\"https:\/\/centcols.org\/wp-content\/uploads\/2021\/06\/R1-5-col-de-Vars.jpg 1200w, https:\/\/centcols.org\/wp-content\/uploads\/2021\/06\/R1-5-col-de-Vars-768x555.jpg 768w\" sizes=\"auto, (max-width: 1200px) 100vw, 1200px\" \/><figcaption class=\"wp-element-caption\">Col de Vars<\/figcaption><\/figure>\n<\/figure>\n\n\n\n<p>R2: Vars - 96 km - 1900 metri - 3 passi: Le Pertus, le Collet, Col de Vars<\/p>\n\n\n\n<p>R3: giro del Lac de Serre-Pon\u00e7on - 80 km - 1968 metri - 5 passi: Col de Pontis, Collet, Col de Charmentier, Col Lebraut, Collet<\/p>\n\n\n\n<figure class=\"wp-block-gallery has-nested-images columns-4 is-cropped wp-block-gallery-2 is-layout-flex wp-block-gallery-is-layout-flex\">\n<figure class=\"wp-block-image size-full\"><a href=\"https:\/\/centcols.org\/wp-content\/uploads\/2021\/06\/R3-lac-4.jpg\"><img loading=\"lazy\" decoding=\"async\" width=\"1200\" height=\"900\" data-id=\"85947\" src=\"https:\/\/centcols.org\/wp-content\/uploads\/2021\/06\/R3-lac-4.jpg\" alt=\"\" class=\"wp-image-85947\" srcset=\"https:\/\/centcols.org\/wp-content\/uploads\/2021\/06\/R3-lac-4.jpg 1200w, https:\/\/centcols.org\/wp-content\/uploads\/2021\/06\/R3-lac-4-768x576.jpg 768w\" sizes=\"auto, (max-width: 1200px) 100vw, 1200px\" \/><\/a><figcaption class=\"wp-element-caption\">R3 - Lago di Serre Pon\u00e7on \u00a9 Robert Yonnet<\/figcaption><\/figure>\n\n\n\n<figure class=\"wp-block-image size-full\"><a href=\"https:\/\/centcols.org\/wp-content\/uploads\/2021\/06\/R3-gorges-de-la-Blanche-1.jpg\"><img loading=\"lazy\" decoding=\"async\" width=\"1200\" height=\"900\" data-id=\"85948\" src=\"https:\/\/centcols.org\/wp-content\/uploads\/2021\/06\/R3-gorges-de-la-Blanche-1.jpg\" alt=\"\" class=\"wp-image-85948\" srcset=\"https:\/\/centcols.org\/wp-content\/uploads\/2021\/06\/R3-gorges-de-la-Blanche-1.jpg 1200w, https:\/\/centcols.org\/wp-content\/uploads\/2021\/06\/R3-gorges-de-la-Blanche-1-768x576.jpg 768w\" sizes=\"auto, (max-width: 1200px) 100vw, 1200px\" \/><\/a><figcaption class=\"wp-element-caption\">R3 - gole della Bianca \u00a9 Robert Yonnet<\/figcaption><\/figure>\n\n\n\n<figure class=\"wp-block-image size-full\"><a href=\"https:\/\/centcols.org\/wp-content\/uploads\/2021\/06\/R3-col-Lebraut-2.jpg\"><img loading=\"lazy\" decoding=\"async\" width=\"1200\" height=\"900\" data-id=\"85949\" src=\"https:\/\/centcols.org\/wp-content\/uploads\/2021\/06\/R3-col-Lebraut-2.jpg\" alt=\"\" class=\"wp-image-85949\" srcset=\"https:\/\/centcols.org\/wp-content\/uploads\/2021\/06\/R3-col-Lebraut-2.jpg 1200w, https:\/\/centcols.org\/wp-content\/uploads\/2021\/06\/R3-col-Lebraut-2-768x576.jpg 768w\" sizes=\"auto, (max-width: 1200px) 100vw, 1200px\" \/><\/a><figcaption class=\"wp-element-caption\">R3 - Passo Lebraut \u00a9 Robert Yonnet<\/figcaption><\/figure>\n\n\n\n<figure class=\"wp-block-image size-full\"><a href=\"https:\/\/centcols.org\/wp-content\/uploads\/2021\/06\/R3-barrage-2.jpg\"><img loading=\"lazy\" decoding=\"async\" width=\"1200\" height=\"900\" data-id=\"85950\" src=\"https:\/\/centcols.org\/wp-content\/uploads\/2021\/06\/R3-barrage-2.jpg\" alt=\"\" class=\"wp-image-85950\" srcset=\"https:\/\/centcols.org\/wp-content\/uploads\/2021\/06\/R3-barrage-2.jpg 1200w, https:\/\/centcols.org\/wp-content\/uploads\/2021\/06\/R3-barrage-2-768x576.jpg 768w\" sizes=\"auto, (max-width: 1200px) 100vw, 1200px\" \/><\/a><figcaption class=\"wp-element-caption\">R3 - diga \u00a9 Robert Yonnet<\/figcaption><\/figure>\n<\/figure>\n\n\n\n<p>R4: Restefonds - 60 km - 2050 metri - 3 passi (facoltativo Col de la Mouti\u00e8re): Faux col de Restefonds, col de la Bonette, col des Granges Communes R5: Basse Ubaye - Blanche - 95 km - 2000 metri - 9 passi: col Saint-Jean, le Coulet, col du Fanget, col du Labouret, col de Maure, col de Fillys, col de Font Sainte, col de Charamel, le Collet<\/p>\n\n\n\n<figure class=\"wp-block-gallery has-nested-images columns-3 is-cropped wp-block-gallery-3 is-layout-flex wp-block-gallery-is-layout-flex\">\n<figure class=\"wp-block-image size-full\"><a href=\"https:\/\/centcols.org\/wp-content\/uploads\/2021\/06\/R5-col-des-Fyllis.jpg\"><img loading=\"lazy\" decoding=\"async\" width=\"1200\" height=\"900\" data-id=\"85951\" src=\"https:\/\/centcols.org\/wp-content\/uploads\/2021\/06\/R5-col-des-Fyllis.jpg\" alt=\"\" class=\"wp-image-85951\" srcset=\"https:\/\/centcols.org\/wp-content\/uploads\/2021\/06\/R5-col-des-Fyllis.jpg 1200w, https:\/\/centcols.org\/wp-content\/uploads\/2021\/06\/R5-col-des-Fyllis-768x576.jpg 768w\" sizes=\"auto, (max-width: 1200px) 100vw, 1200px\" \/><\/a><figcaption class=\"wp-element-caption\">R5 - Passo di Fyllis \u00a9 Robert Yonnet<\/figcaption><\/figure>\n\n\n\n<figure class=\"wp-block-image size-full\"><a href=\"https:\/\/centcols.org\/wp-content\/uploads\/2021\/06\/R5-col-du-Labouret.jpg\"><img loading=\"lazy\" decoding=\"async\" width=\"1200\" height=\"900\" data-id=\"85952\" src=\"https:\/\/centcols.org\/wp-content\/uploads\/2021\/06\/R5-col-du-Labouret.jpg\" alt=\"\" class=\"wp-image-85952\" srcset=\"https:\/\/centcols.org\/wp-content\/uploads\/2021\/06\/R5-col-du-Labouret.jpg 1200w, https:\/\/centcols.org\/wp-content\/uploads\/2021\/06\/R5-col-du-Labouret-768x576.jpg 768w\" sizes=\"auto, (max-width: 1200px) 100vw, 1200px\" \/><\/a><figcaption class=\"wp-element-caption\">R5 - Passo del Labouret \u00a9 Robert Yonnet<\/figcaption><\/figure>\n\n\n\n<figure class=\"wp-block-image size-full\"><a href=\"https:\/\/centcols.org\/wp-content\/uploads\/2021\/06\/R5-village-de-Seyne-Les-Alpes.jpg\"><img loading=\"lazy\" decoding=\"async\" width=\"1200\" height=\"900\" data-id=\"85953\" src=\"https:\/\/centcols.org\/wp-content\/uploads\/2021\/06\/R5-village-de-Seyne-Les-Alpes.jpg\" alt=\"\" class=\"wp-image-85953\" srcset=\"https:\/\/centcols.org\/wp-content\/uploads\/2021\/06\/R5-village-de-Seyne-Les-Alpes.jpg 1200w, https:\/\/centcols.org\/wp-content\/uploads\/2021\/06\/R5-village-de-Seyne-Les-Alpes-768x576.jpg 768w\" sizes=\"auto, (max-width: 1200px) 100vw, 1200px\" \/><\/a><figcaption class=\"wp-element-caption\">R5 - villaggio di Seyne Les Alpes \u00a9 Robert Yonnet<\/figcaption><\/figure>\n<\/figure>\n\n\n\n<p>R6: les trois cols - 120 km - 3300 metri - 3 passi: col de la Cayolle, col des Champs, col d'Allos R7: rassemblement - 50 km - 920 metri - 2 passi: le Pertus - col Saint-Jean<\/p>\n\n\n\n<figure class=\"wp-block-gallery has-nested-images columns-2 is-cropped wp-block-gallery-4 is-layout-flex wp-block-gallery-is-layout-flex\">\n<figure class=\"wp-block-image size-full\"><a href=\"https:\/\/centcols.org\/wp-content\/uploads\/2021\/06\/R7-station-du-col-St-Jean-1.jpg\"><img loading=\"lazy\" decoding=\"async\" width=\"1200\" height=\"900\" data-id=\"85954\" src=\"https:\/\/centcols.org\/wp-content\/uploads\/2021\/06\/R7-station-du-col-St-Jean-1.jpg\" alt=\"\" class=\"wp-image-85954\" srcset=\"https:\/\/centcols.org\/wp-content\/uploads\/2021\/06\/R7-station-du-col-St-Jean-1.jpg 1200w, https:\/\/centcols.org\/wp-content\/uploads\/2021\/06\/R7-station-du-col-St-Jean-1-768x576.jpg 768w\" sizes=\"auto, (max-width: 1200px) 100vw, 1200px\" \/><\/a><figcaption class=\"wp-element-caption\">R7 - Stazione di Col St Jean \u00a9 Robert Yonnet<\/figcaption><\/figure>\n\n\n\n<figure class=\"wp-block-image size-full\"><a href=\"https:\/\/centcols.org\/wp-content\/uploads\/2021\/06\/R7-col-St-Jean.jpg\"><img loading=\"lazy\" decoding=\"async\" width=\"1200\" height=\"900\" data-id=\"85955\" src=\"https:\/\/centcols.org\/wp-content\/uploads\/2021\/06\/R7-col-St-Jean.jpg\" alt=\"\" class=\"wp-image-85955\" srcset=\"https:\/\/centcols.org\/wp-content\/uploads\/2021\/06\/R7-col-St-Jean.jpg 1200w, https:\/\/centcols.org\/wp-content\/uploads\/2021\/06\/R7-col-St-Jean-768x576.jpg 768w\" sizes=\"auto, (max-width: 1200px) 100vw, 1200px\" \/><\/a><figcaption class=\"wp-element-caption\">R7 - Passo di St Jean \u00a9 Robert Yonnet<\/figcaption><\/figure>\n<\/figure>\n\n\n\n<p>MTB: V1: Bersezio - 30 km - 1550 metri - 5 passi: Colletto Ferriere, Bassa di Colombart, Col de Pouriac, Bassa Ferriere, Colletto Incianao<\/p>\n\n\n\n<figure class=\"wp-block-gallery has-nested-images columns-4 is-cropped wp-block-gallery-5 is-layout-flex wp-block-gallery-is-layout-flex\">\n<figure class=\"wp-block-image size-full\"><a href=\"https:\/\/centcols.org\/wp-content\/uploads\/2021\/06\/V1-21-sentinelle-des-lieux.jpg\"><img loading=\"lazy\" decoding=\"async\" width=\"900\" height=\"1200\" data-id=\"85956\" src=\"https:\/\/centcols.org\/wp-content\/uploads\/2021\/06\/V1-21-sentinelle-des-lieux.jpg\" alt=\"\" class=\"wp-image-85956\" srcset=\"https:\/\/centcols.org\/wp-content\/uploads\/2021\/06\/V1-21-sentinelle-des-lieux.jpg 900w, https:\/\/centcols.org\/wp-content\/uploads\/2021\/06\/V1-21-sentinelle-des-lieux-768x1024.jpg 768w\" sizes=\"auto, (max-width: 900px) 100vw, 900px\" \/><\/a><figcaption class=\"wp-element-caption\">V1 - sentinella del luogo \u00a9 Robert Yonnet<\/figcaption><\/figure>\n\n\n\n<figure class=\"wp-block-image size-full\"><a href=\"https:\/\/centcols.org\/wp-content\/uploads\/2021\/06\/V1-13-bassa-di-Colombart-2.jpg\"><img loading=\"lazy\" decoding=\"async\" width=\"1200\" height=\"900\" data-id=\"85957\" src=\"https:\/\/centcols.org\/wp-content\/uploads\/2021\/06\/V1-13-bassa-di-Colombart-2.jpg\" alt=\"\" class=\"wp-image-85957\" srcset=\"https:\/\/centcols.org\/wp-content\/uploads\/2021\/06\/V1-13-bassa-di-Colombart-2.jpg 1200w, https:\/\/centcols.org\/wp-content\/uploads\/2021\/06\/V1-13-bassa-di-Colombart-2-768x576.jpg 768w\" sizes=\"auto, (max-width: 1200px) 100vw, 1200px\" \/><\/a><figcaption class=\"wp-element-caption\">V1 - bassa di Colombart 2 \u00a9 Robert Yonnet<\/figcaption><\/figure>\n\n\n\n<figure class=\"wp-block-image size-full\"><a href=\"https:\/\/centcols.org\/wp-content\/uploads\/2021\/06\/V1-20-Cime-de-la-Lose.jpg\"><img loading=\"lazy\" decoding=\"async\" width=\"1200\" height=\"900\" data-id=\"85958\" src=\"https:\/\/centcols.org\/wp-content\/uploads\/2021\/06\/V1-20-Cime-de-la-Lose.jpg\" alt=\"\" class=\"wp-image-85958\" srcset=\"https:\/\/centcols.org\/wp-content\/uploads\/2021\/06\/V1-20-Cime-de-la-Lose.jpg 1200w, https:\/\/centcols.org\/wp-content\/uploads\/2021\/06\/V1-20-Cime-de-la-Lose-768x576.jpg 768w\" sizes=\"auto, (max-width: 1200px) 100vw, 1200px\" \/><\/a><figcaption class=\"wp-element-caption\">V1 - Cime de la Lose \u00a9 Robert Yonnet<\/figcaption><\/figure>\n\n\n\n<figure class=\"wp-block-image size-full\"><a href=\"https:\/\/centcols.org\/wp-content\/uploads\/2021\/06\/V1-2-village-de-Bersezio.jpg\"><img loading=\"lazy\" decoding=\"async\" width=\"1200\" height=\"900\" data-id=\"85959\" src=\"https:\/\/centcols.org\/wp-content\/uploads\/2021\/06\/V1-2-village-de-Bersezio.jpg\" alt=\"\" class=\"wp-image-85959\" srcset=\"https:\/\/centcols.org\/wp-content\/uploads\/2021\/06\/V1-2-village-de-Bersezio.jpg 1200w, https:\/\/centcols.org\/wp-content\/uploads\/2021\/06\/V1-2-village-de-Bersezio-768x576.jpg 768w\" sizes=\"auto, (max-width: 1200px) 100vw, 1200px\" \/><\/a><figcaption class=\"wp-element-caption\">V1 - villaggio di Bersezio \u00a9 Robert Yonnet<\/figcaption><\/figure>\n<\/figure>\n\n\n\n<p>V2: Vars - Risoul - 31 km - 1230 metri - 5 passi: Col de Jaffueil, Col de Saluces, Col du Vallon, Col de Valbelle, Col de Ch\u00e9rine<\/p>\n\n\n\n<figure class=\"wp-block-gallery has-nested-images columns-3 is-cropped wp-block-gallery-6 is-layout-flex wp-block-gallery-is-layout-flex\">\n<figure class=\"wp-block-image size-full\"><a href=\"https:\/\/centcols.org\/wp-content\/uploads\/2021\/06\/V2-11-pic-St-Andre.jpg\"><img loading=\"lazy\" decoding=\"async\" width=\"1200\" height=\"900\" data-id=\"85960\" src=\"https:\/\/centcols.org\/wp-content\/uploads\/2021\/06\/V2-11-pic-St-Andre.jpg\" alt=\"\" class=\"wp-image-85960\" srcset=\"https:\/\/centcols.org\/wp-content\/uploads\/2021\/06\/V2-11-pic-St-Andre.jpg 1200w, https:\/\/centcols.org\/wp-content\/uploads\/2021\/06\/V2-11-pic-St-Andre-768x576.jpg 768w\" sizes=\"auto, (max-width: 1200px) 100vw, 1200px\" \/><\/a><figcaption class=\"wp-element-caption\">V2 - Vetta di St Andr\u00e9 \u00a9 Robert Yonnet<\/figcaption><\/figure>\n\n\n\n<figure class=\"wp-block-image size-full\"><a href=\"https:\/\/centcols.org\/wp-content\/uploads\/2021\/06\/V2-10-col-du-Vallon.jpg\"><img loading=\"lazy\" decoding=\"async\" width=\"1200\" height=\"900\" data-id=\"85961\" src=\"https:\/\/centcols.org\/wp-content\/uploads\/2021\/06\/V2-10-col-du-Vallon.jpg\" alt=\"\" class=\"wp-image-85961\" srcset=\"https:\/\/centcols.org\/wp-content\/uploads\/2021\/06\/V2-10-col-du-Vallon.jpg 1200w, https:\/\/centcols.org\/wp-content\/uploads\/2021\/06\/V2-10-col-du-Vallon-768x576.jpg 768w\" sizes=\"auto, (max-width: 1200px) 100vw, 1200px\" \/><\/a><figcaption class=\"wp-element-caption\">V2 - Passo del Vallon \u00a9 Robert Yonnet<\/figcaption><\/figure>\n\n\n\n<figure class=\"wp-block-image size-full\"><a href=\"https:\/\/centcols.org\/wp-content\/uploads\/2021\/06\/V2-5-station-de-Vars-Les-Claux.jpg\"><img loading=\"lazy\" decoding=\"async\" width=\"1200\" height=\"900\" data-id=\"85962\" src=\"https:\/\/centcols.org\/wp-content\/uploads\/2021\/06\/V2-5-station-de-Vars-Les-Claux.jpg\" alt=\"\" class=\"wp-image-85962\" srcset=\"https:\/\/centcols.org\/wp-content\/uploads\/2021\/06\/V2-5-station-de-Vars-Les-Claux.jpg 1200w, https:\/\/centcols.org\/wp-content\/uploads\/2021\/06\/V2-5-station-de-Vars-Les-Claux-768x576.jpg 768w\" sizes=\"auto, (max-width: 1200px) 100vw, 1200px\" \/><\/a><figcaption class=\"wp-element-caption\">V2 - Stazione di Vars Les Claux \u00a9 Robert Yonnet<\/figcaption><\/figure>\n<\/figure>\n\n\n\n<p>V3: le Parpaillon - 41 km - 2130 metri - 4 passi: col du Parpaillon (tunnel), col de Girabeau, col de la Pare, Pas du Reverdillon<\/p>\n\n\n<div class=\"wp-block-image\">\n<figure class=\"aligncenter size-full is-resized\"><img loading=\"lazy\" decoding=\"async\" width=\"1094\" height=\"821\" src=\"https:\/\/centcols.org\/wp-content\/uploads\/2021\/06\/42-Col-du-Parpaillon.jpg\" alt=\"V3: Col du Parpaillon \u00a9 Enrico Alberini\" class=\"wp-image-85963\" style=\"width:800px\" srcset=\"https:\/\/centcols.org\/wp-content\/uploads\/2021\/06\/42-Col-du-Parpaillon.jpg 1094w, https:\/\/centcols.org\/wp-content\/uploads\/2021\/06\/42-Col-du-Parpaillon-768x576.jpg 768w\" sizes=\"auto, (max-width: 1094px) 100vw, 1094px\" \/><figcaption class=\"wp-element-caption\">V3: Col du Parpaillon \u00a9 Enrico Alberini<\/figcaption><\/figure>\n<\/div>\n\n\n<p>V4: Restefonds - 32 km - 1075 metri - 5 passi: Pas de Toureis, Faux col de Restefond, col de la Mouti\u00e8re, col de la Bonette, col des Granges Communes V5: Orrenaye - 24 km - 1200 metri - 6 passi: col R\u00e9my, col des Monges, col d'Aguya, col de la Gypi\u00e8re de l'Orrenaye, col de Ruburent, Colle della Scaletta V6: col d'Allos (non ancora riconosciuto a causa della chiusura della strada in seguito alla frana) V7: rassemblement - 21 km - 530 metri - 3 passi: col de Font Sainte, col de Charamel, col Saint-Jean <strong>L'assemblea annuale del Club des Cent Cols<\/strong><\/p>\n\n\n\n<figure class=\"wp-block-gallery has-nested-images columns-2 is-cropped wp-block-gallery-7 is-layout-flex wp-block-gallery-is-layout-flex\">\n<figure class=\"wp-block-image size-full\"><a href=\"https:\/\/centcols.org\/wp-content\/uploads\/2021\/06\/V7-pic-du-Morgon.jpg\"><img loading=\"lazy\" decoding=\"async\" width=\"1200\" height=\"900\" data-id=\"85965\" src=\"https:\/\/centcols.org\/wp-content\/uploads\/2021\/06\/V7-pic-du-Morgon.jpg\" alt=\"\" class=\"wp-image-85965\" srcset=\"https:\/\/centcols.org\/wp-content\/uploads\/2021\/06\/V7-pic-du-Morgon.jpg 1200w, https:\/\/centcols.org\/wp-content\/uploads\/2021\/06\/V7-pic-du-Morgon-768x576.jpg 768w\" sizes=\"auto, (max-width: 1200px) 100vw, 1200px\" \/><\/a><figcaption class=\"wp-element-caption\">V7 - Cima del Morgon \u00a9 Robert Yonnet<\/figcaption><\/figure>\n\n\n\n<figure class=\"wp-block-image size-full\"><a href=\"https:\/\/centcols.org\/wp-content\/uploads\/2021\/06\/V7-Font-Sainte.jpg\"><img loading=\"lazy\" decoding=\"async\" width=\"1200\" height=\"900\" data-id=\"85966\" src=\"https:\/\/centcols.org\/wp-content\/uploads\/2021\/06\/V7-Font-Sainte.jpg\" alt=\"\" class=\"wp-image-85966\" srcset=\"https:\/\/centcols.org\/wp-content\/uploads\/2021\/06\/V7-Font-Sainte.jpg 1200w, https:\/\/centcols.org\/wp-content\/uploads\/2021\/06\/V7-Font-Sainte-768x576.jpg 768w\" sizes=\"auto, (max-width: 1200px) 100vw, 1200px\" \/><\/a><figcaption class=\"wp-element-caption\">V7 - Font Sainte \u00a9 Robert Yonnet<\/figcaption><\/figure>\n<\/figure>\n\n\n\n<p>Inizialmente, il rally doveva svolgersi sul Col d'Allos. Tuttavia, in seguito alla frana del 16 aprile 2021 tra Uvernet-Fours e il Col d'Allos e alle incertezze sulla riapertura della strada, \u00e8 stato deciso che il raduno si terr\u00e0 sabato 11 settembre 2021 dalle ore 11.00 al Col d'Allos. <a href=\"https:\/\/centcols.org\/it\/util\/geo\/visuGen.php\/?code=FR-04-1333\" target=\"_blank\" rel=\"noreferrer noopener\">col Saint-Jean FR-04-1333<\/a><\/p>\n\n\n\n<figure class=\"wp-block-gallery has-nested-images columns-4 is-cropped wp-block-gallery-8 is-layout-flex wp-block-gallery-is-layout-flex\">\n<figure class=\"wp-block-image size-full\"><a href=\"https:\/\/centcols.org\/wp-content\/uploads\/2021\/06\/Club-des-100-Cols-11.09.2021-4.jpg\"><img loading=\"lazy\" decoding=\"async\" width=\"1200\" height=\"800\" data-id=\"85967\" src=\"https:\/\/centcols.org\/wp-content\/uploads\/2021\/06\/Club-des-100-Cols-11.09.2021-4.jpg\" alt=\"\" class=\"wp-image-85967\" srcset=\"https:\/\/centcols.org\/wp-content\/uploads\/2021\/06\/Club-des-100-Cols-11.09.2021-4.jpg 1200w, https:\/\/centcols.org\/wp-content\/uploads\/2021\/06\/Club-des-100-Cols-11.09.2021-4-768x512.jpg 768w\" sizes=\"auto, (max-width: 1200px) 100vw, 1200px\" \/><\/a><figcaption class=\"wp-element-caption\">una parola di Guillaume de Lou Riouclar \u00a9 Sylvie Arnaud<\/figcaption><\/figure>\n\n\n\n<figure class=\"wp-block-image size-full\"><a href=\"https:\/\/centcols.org\/wp-content\/uploads\/2021\/06\/Club-des-100-Cols-11.09.2021-3.jpg\"><img loading=\"lazy\" decoding=\"async\" width=\"1200\" height=\"800\" data-id=\"85968\" src=\"https:\/\/centcols.org\/wp-content\/uploads\/2021\/06\/Club-des-100-Cols-11.09.2021-3.jpg\" alt=\"\" class=\"wp-image-85968\" srcset=\"https:\/\/centcols.org\/wp-content\/uploads\/2021\/06\/Club-des-100-Cols-11.09.2021-3.jpg 1200w, https:\/\/centcols.org\/wp-content\/uploads\/2021\/06\/Club-des-100-Cols-11.09.2021-3-768x512.jpg 768w\" sizes=\"auto, (max-width: 1200px) 100vw, 1200px\" \/><\/a><figcaption class=\"wp-element-caption\">il team Lou Riouclar \u00a9 Sylvie Arnaud<\/figcaption><\/figure>\n\n\n\n<figure class=\"wp-block-image size-full\"><a href=\"https:\/\/centcols.org\/wp-content\/uploads\/2021\/06\/Club-des-100-Cols-11.09.2021-2.jpg\"><img loading=\"lazy\" decoding=\"async\" width=\"1200\" height=\"994\" data-id=\"85969\" src=\"https:\/\/centcols.org\/wp-content\/uploads\/2021\/06\/Club-des-100-Cols-11.09.2021-2.jpg\" alt=\"\" class=\"wp-image-85969\" srcset=\"https:\/\/centcols.org\/wp-content\/uploads\/2021\/06\/Club-des-100-Cols-11.09.2021-2.jpg 1200w, https:\/\/centcols.org\/wp-content\/uploads\/2021\/06\/Club-des-100-Cols-11.09.2021-2-768x636.jpg 768w\" sizes=\"auto, (max-width: 1200px) 100vw, 1200px\" \/><\/a><figcaption class=\"wp-element-caption\">Presentazione del libro del 40\u00b0 anniversario al sindaco di Montclar \u00a9 Sylvie Arnaud<\/figcaption><\/figure>\n\n\n\n<figure class=\"wp-block-image size-full\"><a href=\"https:\/\/centcols.org\/wp-content\/uploads\/2021\/06\/Club-des-100-Cols-11.09.2021-1.jpg\"><img loading=\"lazy\" decoding=\"async\" width=\"1200\" height=\"800\" data-id=\"85970\" src=\"https:\/\/centcols.org\/wp-content\/uploads\/2021\/06\/Club-des-100-Cols-11.09.2021-1.jpg\" alt=\"\" class=\"wp-image-85970\" srcset=\"https:\/\/centcols.org\/wp-content\/uploads\/2021\/06\/Club-des-100-Cols-11.09.2021-1.jpg 1200w, https:\/\/centcols.org\/wp-content\/uploads\/2021\/06\/Club-des-100-Cols-11.09.2021-1-768x512.jpg 768w\" sizes=\"auto, (max-width: 1200px) 100vw, 1200px\" \/><\/a><figcaption class=\"wp-element-caption\">Raduno di Montclar \u00a9 Sylvie Arnaud<\/figcaption><\/figure>\n<\/figure>\n\n\n\n<p class=\"has-medium-font-size\"><a href=\"https:\/\/centcols.org\/wp-content\/uploads\/2025\/08\/La-Provence-Editions-Alpes-Page-Blanche-Ubaye-13.09.2021.pdf\" target=\"_blank\" rel=\"noreferrer noopener\">Articolo in La Provence<\/a> <a href=\"https:\/\/centcols.org\/wp-content\/uploads\/2025\/08\/La-Provence-Editions-Alpes-Page-Blanche-Ubaye-13.09.2021.pdf\" target=\"_blank\" rel=\"noreferrer noopener\">pubblicato luned\u00ec 13 settembre 2021<\/a><\/p>\n\n\n\n<h2 class=\"wp-block-heading\">Alloggio<\/h2>\n\n\n\n<div class=\"wp-block-columns is-layout-flex wp-container-core-columns-is-layout-9d6595d7 wp-block-columns-is-layout-flex\">\n<div class=\"wp-block-column is-layout-flow wp-block-column-is-layout-flow\" style=\"flex-basis:66.66%\">\n<p>Alloggeremo nel villaggio turistico Cap France, Lou Riouclar. Si trova sulle alture del villaggio di M\u00e9olans-Revel. <strong>Lou Riouclar<\/strong> 04340 M\u00e9olans-Revel Tel: +33 (0)4 92 80 75 75. Indirizzo e-mail: <a href=\"\/it\/&\/#x63;&#111;&#110;&#x74;&#x61;&#99;&#116;&#x40;&#x6c;&#111;&#117;&#x72;&#x69;&#111;&#117;&#x63;&#x6c;&#97;&#114;&#x2e;&#x63;&#111;&#109;\" target=\"_blank\" rel=\"noreferrer noopener\">contact@louriouclar.com<\/a> \u2013 <a href=\"https:\/\/www.louriouclar.com\" target=\"_blank\" rel=\"noreferrer noopener\">Sito web di Lou Riouclar<\/a> Dispone di 118 camere a 2 letti, tutte dotate di bagno privato con doccia, lavabo e WC. La biancheria da letto e gli asciugamani sono forniti. Il ristorante offre prodotti locali, piatti fatti in casa e brevi circuiti con i produttori locali. Il parcheggio del villaggio pu\u00f2 ospitare i camper che hanno scelto il \"pacchetto 7 cene\" o il \"pacchetto 7 giorni di ristorazione\". INFORMAZIONI: Per tutte le richieste di arrivo anticipato, si prega di contattare direttamente il centro.<\/p>\n\n\n\n<figure class=\"wp-block-gallery has-nested-images columns-3 is-cropped wp-block-gallery-9 is-layout-flex wp-block-gallery-is-layout-flex\">\n<figure class=\"wp-block-image size-full\"><a href=\"https:\/\/centcols.org\/wp-content\/uploads\/2021\/06\/photo-drone-rioclar-2.jpg\"><img loading=\"lazy\" decoding=\"async\" width=\"1278\" height=\"720\" data-id=\"85978\" src=\"https:\/\/centcols.org\/wp-content\/uploads\/2021\/06\/photo-drone-rioclar-2.jpg\" alt=\"\" class=\"wp-image-85978\" srcset=\"https:\/\/centcols.org\/wp-content\/uploads\/2021\/06\/photo-drone-rioclar-2.jpg 1278w, https:\/\/centcols.org\/wp-content\/uploads\/2021\/06\/photo-drone-rioclar-2-1200x676.jpg 1200w, https:\/\/centcols.org\/wp-content\/uploads\/2021\/06\/photo-drone-rioclar-2-768x433.jpg 768w\" sizes=\"auto, (max-width: 1278px) 100vw, 1278px\" \/><\/a><figcaption class=\"wp-element-caption\">Lou Riouclar<\/figcaption><\/figure>\n\n\n\n<figure class=\"wp-block-image size-full\"><a href=\"https:\/\/centcols.org\/wp-content\/uploads\/2021\/06\/Vue-generale-Chalet-1-2.jpg\"><img loading=\"lazy\" decoding=\"async\" width=\"1200\" height=\"648\" data-id=\"85976\" src=\"https:\/\/centcols.org\/wp-content\/uploads\/2021\/06\/Vue-generale-Chalet-1-2.jpg\" alt=\"\" class=\"wp-image-85976\" srcset=\"https:\/\/centcols.org\/wp-content\/uploads\/2021\/06\/Vue-generale-Chalet-1-2.jpg 1200w, https:\/\/centcols.org\/wp-content\/uploads\/2021\/06\/Vue-generale-Chalet-1-2-768x415.jpg 768w\" sizes=\"auto, (max-width: 1200px) 100vw, 1200px\" \/><\/a><figcaption class=\"wp-element-caption\">Lou Riouclar<\/figcaption><\/figure>\n\n\n\n<figure class=\"wp-block-image size-full\"><a href=\"https:\/\/centcols.org\/wp-content\/uploads\/2021\/06\/Le-Chalet-vu-de-la-terrsasse-EU-2.jpg\"><img loading=\"lazy\" decoding=\"async\" width=\"1200\" height=\"800\" data-id=\"85977\" src=\"https:\/\/centcols.org\/wp-content\/uploads\/2021\/06\/Le-Chalet-vu-de-la-terrsasse-EU-2.jpg\" alt=\"\" class=\"wp-image-85977\" srcset=\"https:\/\/centcols.org\/wp-content\/uploads\/2021\/06\/Le-Chalet-vu-de-la-terrsasse-EU-2.jpg 1200w, https:\/\/centcols.org\/wp-content\/uploads\/2021\/06\/Le-Chalet-vu-de-la-terrsasse-EU-2-768x512.jpg 768w\" sizes=\"auto, (max-width: 1200px) 100vw, 1200px\" \/><\/a><figcaption class=\"wp-element-caption\">Lou Riouclar<\/figcaption><\/figure>\n<\/figure>\n<\/div>\n\n\n\n<div class=\"wp-block-column is-layout-flow wp-block-column-is-layout-flow\" style=\"flex-basis:33.33%\">\n<div style=\"height:50px\" aria-hidden=\"true\" class=\"wp-block-spacer\"><\/div>\n\n\n\n<h2 class=\"wp-block-heading\">Nota del Consiglio di amministrazione<\/h2>\n\n\n\n<p>Se state organizzando il vostro alloggio al di fuori del villaggio vacanze Lou Riouclar, ricordatevi di registrarvi come \"Partecipante semplice\":<\/p>\n\n\n\n<ol class=\"wp-block-list\">\n<li>Essere in grado di dimensionare correttamente gli eventi comuni (sessioni informative, feste di benvenuto e di addio).<\/li>\n\n\n\n<li>Per fornirvi il libretto delle vacanze<\/li>\n\n\n\n<li>Per un'adeguata distribuzione dei costi di preparazione e organizzazione.<\/li>\n<\/ol>\n<\/div>\n<\/div>\n\n\n\n<p>Per i campeggiatori che cercano un po' pi\u00f9 di comfort, suggeriamo questi due indirizzi:<\/p>\n\n\n\n<ul class=\"wp-block-list\">\n<li>area di parcheggio dietro lo stadio comunale L\u00e9on Signoret di Barcelonnette<\/li>\n<\/ul>\n\n\n\n<h6 class=\"wp-block-heading\">pernottamento: 6 euro al giorno<\/h6>\n\n\n\n<h6 class=\"wp-block-heading\">elettricit\u00e0: 2 \u20ac al giorno<\/h6>\n\n\n\n<h6 class=\"wp-block-heading\">pagamento con carta bancaria presso un terminale automatico<\/h6>\n\n\n\n<ul class=\"wp-block-list\">\n<li>campeggio ristorante River Le Martinet 04340 M\u00e9olans-Revel 04 92 85 57 13 \/ 07 77 86 93 65 <a href=\"https:\/\/camping-river.eu\/fr\/bienvenue-2\/\" target=\"_blank\" rel=\"noreferrer noopener\">sito del campeggio<\/a> &nbsp;<\/li>\n<\/ul>\n\n\n\n<h2 class=\"wp-block-heading\">Iscrizioni<\/h2>\n\n\n\n<p>Per iscriversi, scaricare il modulo di registrazione in formato PDF dal link sottostante. Si prega di notare che il modulo di iscrizione \u00e8 composto da due pagine: il modulo di iscrizione vero e proprio (assicuratevi di compilare tutte le sezioni che vi riguardano e di firmare in fondo alla pagina) e le condizioni speciali che dovrete firmare. Se prevedete di essere accompagnati dal vostro partner, assicuratevi di registrarlo come socio associato presso il vostro Delegato territoriale o nazionale e non dimenticate di inserire il suo numero di socio associato nell'apposita casella. Per coloro che alloggiano con mezzi propri e si occupano dei propri pasti, \u00e8 consigliabile scegliere il pacchetto \"Partecipante semplice\", che corrisponde alla partecipazione a tutti i benefici e servizi di cui si beneficia partecipando al viaggio: costi di preparazione del viaggio e delle visite, pubblicazione delle mappe esposte e del trombinoscopio, aperitivo di benvenuto e bevanda alla fine del viaggio, brochure del viaggio, organizzazione delle attivit\u00e0 per gli accompagnatori, assicurazione del Club, ecc. \u00c8 possibile scegliere tra i seguenti pacchetti:<\/p>\n\n\n\n<ul class=\"wp-block-list\">\n<li>\"Pensione completa\" a 478 euro, a cui vanno aggiunti i costi aggiuntivi di 18,50 euro.<\/li>\n\n\n\n<li>\"Il pacchetto di 7 cene costa 117 euro se soggiornate da soli ma desiderate condividere le cene con i vostri amici. \u00c8 necessario aggiungere il costo aggiuntivo di 18,50 \u20ac.<\/li>\n\n\n\n<li>\"Il pacchetto catering di 7 giorni costa 233 euro e comprende la colazione, il pranzo al sacco e la cena, oltre a costi aggiuntivi di 18,50 euro.<\/li>\n\n\n\n<li>Iscrizione facoltativa all'assicurazione Gritchen (2,34 % dell'importo delle prestazioni con un minimo di 8 \u20ac a persona o 16 \u20ac per una coppia)<\/li>\n\n\n\n<li>\"Pacchetto per un singolo partecipante\" a 18,50 euro se si alloggia nel proprio alloggio e si provvede ai propri pranzi.<\/li>\n<\/ul>\n\n\n\n<p>Se, e solo se, un partecipante non \u00e8 <strong>nessuna licenza FFCT<\/strong>Inoltre, \u00e8 necessario stipulare l'assicurazione obbligatoria (7 euro). \u00c8 possibile pagare la quota di iscrizione <strong>con assegno o bonifico bancario<\/strong> sul conto del Club. A causa delle commissioni aggiuntive applicate dall'organizzazione che lo gestisce, non accettiamo pagamenti tramite PayPal. <strong>Assegnazione dei membri<\/strong> \u00e8 effettuata nell'ordine di invio dell'assegno o di emissione del bonifico. Per il primo fa fede il timbro postale, per il secondo \u00e8 necessario inviare una copia dell'ordine di bonifico. Nel caso in cui la vacanza sia al completo, verr\u00e0 istituita una lista d'attesa che funzioner\u00e0 secondo le stesse regole di priorit\u00e0 di assegnazione delle iscrizioni dirette.<\/p>\n\n\n\n<h3 class=\"wp-block-heading\">Trombinoscopio<\/h3>\n\n\n\n<p> Se non avete ancora fornito la vostra foto per il <strong>elenco <\/strong>e desiderate essere inclusi, spuntate la casella appropriata e inviateci una foto in formato JPG via e-mail. Da <strong>ulteriori informazioni<\/strong> saranno pubblicati successivamente sul sito web, che potrete consultare regolarmente. Ogni volta, il responsabile dei viaggi invier\u00e0 una breve e-mail alla mailing list. Se desiderate ricevere queste e-mail, inviatele a <strong>iscriversi alla mailing list<\/strong>se non l'avete ancora fatto. <strong>Se avete domande<\/strong> Non esitate a chiamare il responsabile delle vacanze: +33 6 78 87 33 67. RICORDA: nella riunione del 26 settembre 2020, il Consiglio di amministrazione ha deciso che i membri associati non saranno pi\u00f9 tenuti a sottoscrivere i pacchetti \"singolo partecipante\" o \"spese accessorie\". <\/p>\n\n\n\n<h3 class=\"wp-block-heading\">Scarica la newsletter :<\/h3>\n\n\n\n<ul class=\"wp-block-list\">\n<li>Modulo di registrazione M\u00e9olans-Revel in francese<\/li>\n\n\n\n<li>Modulo di prenotazione M\u00e9olans-Revel in inglese<\/li>\n\n\n\n<li>Modulo d'iscrizione M\u00e9olans-Revel in italiano<\/li>\n<\/ul>\n\n\n\n<p><strong>Il termine ultimo per la ricezione delle iscrizioni \u00e8 il 10 agosto 2021.<\/strong><\/p>\n\n\n\n<p>\u00c8 possibile sfogliare <a href=\"https:\/\/centcols.org\/wp-content\/uploads\/2025\/08\/Livret-Ubaye-1.pdf\" target=\"_blank\" rel=\"noreferrer noopener\"><strong>qui<\/strong> il libretto<\/a> che verr\u00e0 distribuito durante il soggiorno e, oltre ai messaggi di benvenuto, contiene informazioni sulla regione e su come raggiungerla, consigli per la sicurezza e descrizioni dettagliate dei tour.<\/p>\n\n\n\n<h2 class=\"wp-block-heading\">Altre attivit\u00e0 o visite<\/h2>\n\n\n\n<h3 class=\"wp-block-heading\">MEOLANS-REVEL<\/h3>\n\n\n\n<p><strong>Diverse frazioni sparse fino a 1.500 metri di altitudine hanno conservato il loro carattere, fondendo armoniosamente attivit\u00e0 agricole, artigianali e turistiche. M\u00e9olans, visibile dalla strada, si annida dietro una roccia sormontata da un fiero campanile, nel cuore di un'area boschiva. Il villaggio e la foresta si estendono fino alla valle del Laverq, un priorato benedettino, parte dell'abbazia di Boscodon e roccaforte dei monaci che dissodavano il terreno.<\/strong> Il villaggio di Rioclar \u00e8 la frazione pi\u00f9 grande del comune, con una scuola locale e una chiesa con vetrate che raffigurano le cappelle circostanti attraverso le stagioni. La Maison Chauvet, oggi Auberge des Terres Blanches, conserva una meridiana del 1773 con la leggenda \"Datemi il sole e vi dir\u00f2 l'ora\". La Maison du Bois \u00e8 una vetrina dell'industria del legno, con spazi di osservazione, informazione e gioco dedicati alla foresta e al legno delle Alpi. La visita si conclude con una dimostrazione di tornitura del legno, sega a nastro o fresa con l'animatore della Maison. <a href=\"http:\/\/www.maisondubois.fr\">http:\/\/www.maisondubois.fr<\/a><\/p>\n\n\n\n<h3 class=\"wp-block-heading\">PATRIMONIO<\/h3>\n\n\n\n<p>Con un ricco patrimonio che va dalle fortezze d'alta quota (da Vauban a Maginot) alle ville e alle tombe costruite dagli ex emigranti di ritorno dal Messico, la valle dell'Ubaye, passaggio di popoli e culture, che guarda tanto all'Italia quanto alla Francia, invita a scoprire i suoi paesaggi abitati. Per raccontare le avventure dei suoi contadini ambulanti e dei suoi audaci emigranti, e il paziente sviluppo della sua terra, delle sue competenze e dei suoi saperi, la valle dell'Ubaye ha allestito cinque musei e organizza visite tematiche ai suoi forti, alle chiese e alle cappelle, ai villaggi e alle localit\u00e0, ai paesaggi e ai tesori naturali. Crocevia militare strategico tra Provenza, Delfinato e Savoia, la valle dell'Ubaye \u00e8 stata a lungo contesa. Annessa alla Francia nel 1713 con il Trattato di Utrecht, l'Ubaye fu ampiamente fortificata. Nel XIX secolo, sotto la guida del generale Haxo e poi del generale S\u00e9r\u00e9 de Rivi\u00e8res, i principali forti furono costruiti nelle zone di confluenza o sulle cime. Dal 1931 in poi, a queste costruzioni si aggiunse la linea Maginot. Questo patrimonio architettonico unico e incomparabile testimonia la storia della Francia in un paesaggio in cui non esistono pi\u00f9 confini.<\/p>\n\n\n\n<figure class=\"wp-block-gallery has-nested-images columns-2 is-cropped wp-block-gallery-10 is-layout-flex wp-block-gallery-is-layout-flex\">\n<figure class=\"wp-block-image size-full\"><a href=\"https:\/\/centcols.org\/wp-content\/uploads\/2021\/06\/Fort-de-Tournoux-\u00a9-Claude-Gouron-3-1200x800-1.jpg\"><img loading=\"lazy\" decoding=\"async\" width=\"1200\" height=\"800\" data-id=\"85973\" src=\"https:\/\/centcols.org\/wp-content\/uploads\/2021\/06\/Fort-de-Tournoux-\u00a9-Claude-Gouron-3-1200x800-1.jpg\" alt=\"\" class=\"wp-image-85973\" srcset=\"https:\/\/centcols.org\/wp-content\/uploads\/2021\/06\/Fort-de-Tournoux-\u00a9-Claude-Gouron-3-1200x800-1.jpg 1200w, https:\/\/centcols.org\/wp-content\/uploads\/2021\/06\/Fort-de-Tournoux-\u00a9-Claude-Gouron-3-1200x800-1-768x512.jpg 768w\" sizes=\"auto, (max-width: 1200px) 100vw, 1200px\" \/><\/a><figcaption class=\"wp-element-caption\">Forte di Tournoux \u00a9-Claude-Gouron<\/figcaption><\/figure>\n\n\n\n<figure class=\"wp-block-image size-full\"><a href=\"https:\/\/centcols.org\/wp-content\/uploads\/2021\/06\/Fort-de-Saint-Ours-\u00a9-CCVUSP-7-300x300-1.jpg\"><img loading=\"lazy\" decoding=\"async\" width=\"300\" height=\"300\" data-id=\"85974\" src=\"https:\/\/centcols.org\/wp-content\/uploads\/2021\/06\/Fort-de-Saint-Ours-\u00a9-CCVUSP-7-300x300-1.jpg\" alt=\"\" class=\"wp-image-85974\" srcset=\"https:\/\/centcols.org\/wp-content\/uploads\/2021\/06\/Fort-de-Saint-Ours-\u00a9-CCVUSP-7-300x300-1.jpg 300w, https:\/\/centcols.org\/wp-content\/uploads\/2021\/06\/Fort-de-Saint-Ours-\u00a9-CCVUSP-7-300x300-1-150x150.jpg 150w\" sizes=\"auto, (max-width: 300px) 100vw, 300px\" \/><\/a><figcaption class=\"wp-element-caption\">Forte di Saint-Ours \u00a9 CCVUSP <\/figcaption><\/figure>\n<\/figure>\n\n\n\n<h3 class=\"wp-block-heading\">MUSEI<\/h3>\n\n\n\n<p><strong>Un museo lungo la valle<\/strong> Il museo di Lauzet-Ubaye svela i paesaggi della valle e la ricchezza della flora e della fauna, nonch\u00e9 le competenze sviluppate dall'uomo nell'allevamento, nell'artigianato, nell'architettura, nella caccia, nella raccolta... Situato nel cuore del villaggio, in un antico negozio, il museo invita i visitatori a scoprire la valle. <strong>Museo della Valle :<\/strong> Venite a scoprire le collezioni del Mus\u00e9e de la Vall\u00e9e, aperte al mondo e alle altre culture: l'arte popolare del Messico, della Cina, della Birmania, ecc.; i dipinti orientalisti di Jean e Marie Caire; il gabinetto di curiosit\u00e0 del viaggiatore migrante Emile Chabrand, senza dimenticare l'avventura oltreoceano degli abitanti di Barcelonnette (detti \"les barcelonnettes\") in Messico (1805-1950), raccontata da un discendente.<\/p>\n\n\n<div class=\"wp-block-image size-full wp-image-57712\">\n<figure class=\"aligncenter is-resized\"><a href=\"https:\/\/centcols.org\/wp-content\/uploads\/2021\/06\/Musee-de-la-Vallee-exterieur-\u00a9-Claude-Gouron-2-1200x900-1.jpg\"><img loading=\"lazy\" decoding=\"async\" width=\"1200\" height=\"900\" src=\"https:\/\/centcols.org\/wp-content\/uploads\/2021\/06\/Musee-de-la-Vallee-exterieur-\u00a9-Claude-Gouron-2-1200x900-1.jpg\" alt=\"\" class=\"wp-image-85975\" style=\"aspect-ratio:1;width:600px\" srcset=\"https:\/\/centcols.org\/wp-content\/uploads\/2021\/06\/Musee-de-la-Vallee-exterieur-\u00a9-Claude-Gouron-2-1200x900-1.jpg 1200w, https:\/\/centcols.org\/wp-content\/uploads\/2021\/06\/Musee-de-la-Vallee-exterieur-\u00a9-Claude-Gouron-2-1200x900-1-768x576.jpg 768w\" sizes=\"auto, (max-width: 1200px) 100vw, 1200px\" \/><\/a><figcaption class=\"wp-element-caption\">Mus\u00e9e de la Vall\u00e9e \u00a9 Claude Gouron<\/figcaption><\/figure>\n<\/div>\n\n\n<p>Per gli appassionati di archeologia, il museo ospita i bronzi della famosa collezione Ollivier (donazione Gleize) Parc de la Sapini\u00e8re - Avenue de la Lib\u00e9ration - 04400 Barcelonnette <strong>Museoscopio del lago :<\/strong> Racconta la storia della costruzione della diga di Serre-Pon\u00e7on (la pi\u00f9 grande d'Europa) e dei villaggi affondati. Attraverso un percorso visivo e sonoro, venite a scoprire questo luogo che unisce tempo libero e cultura nello stesso spazio scenico. <a href=\"http:\/\/www.museoscope-du-lac.com\">http:\/\/www.museoscope-du-lac.com<\/a><\/p>","protected":false},"excerpt":{"rendered":"<p>Ont contribu\u00e9 \u00e0 cette page de pr\u00e9sentation du s\u00e9jour Enrico Alberini, Christophe Badonnel, Bernard Giraudeau et les responsables informatiques. Le s\u00e9jour d\u2019\u00e9t\u00e9 2021 se d\u00e9roulera du 04 au 11 septembre dans le d\u00e9partement des Alpes de Haute Provence, plus pr\u00e9cis\u00e9ment \u00e0 M\u00e9olans-Revel. Il a \u00e9t\u00e9 pr\u00e9par\u00e9 par une petite \u00e9quipe locale : Paulette Autric, Robert [&hellip;]<\/p>\n","protected":false},"author":64,"featured_media":85941,"comment_status":"closed","ping_status":"open","sticky":false,"template":"","format":"standard","meta":{"_acf_changed":false,"footnotes":""},"categories":[349,381,353,355,135,231],"tags":[],"class_list":["post-82284","post","type-post","status-publish","format-standard","has-post-thumbnail","hentry","category-france-pays-sejours","category-04-alpes-de-haute-provence","category-alpes-francaises-du-sud-massif-sejours","category-provence-alpes-cote-dazur-region-sejours","category-calendrier","category-sejours"],"acf":[],"yoast_head":"<!-- This site is optimized with the Yoast SEO plugin v27.2 - https:\/\/yoast.com\/product\/yoast-seo-wordpress\/ -->\n<title>S\u00e9jour d&#039;\u00e9t\u00e9 \u00e0 M\u00e9olans-Revel, 04 au 11 septembre 2021 - Club des Cent Cols<\/title>\n<meta name=\"robots\" content=\"index, follow, max-snippet:-1, max-image-preview:large, max-video-preview:-1\" \/>\n<link rel=\"canonical\" href=\"https:\/\/centcols.org\/it\/soggiorno-2021-meolans-revel\/\" \/>\n<meta property=\"og:locale\" content=\"it_IT\" \/>\n<meta property=\"og:type\" content=\"article\" \/>\n<meta property=\"og:title\" content=\"S\u00e9jour d&#039;\u00e9t\u00e9 \u00e0 M\u00e9olans-Revel, 04 au 11 septembre 2021 - Club des Cent Cols\" \/>\n<meta property=\"og:description\" content=\"Ont contribu\u00e9 \u00e0 cette page de pr\u00e9sentation du s\u00e9jour Enrico Alberini, Christophe Badonnel, Bernard Giraudeau et les responsables informatiques. Le s\u00e9jour d\u2019\u00e9t\u00e9 2021 se d\u00e9roulera du 04 au 11 septembre dans le d\u00e9partement des Alpes de Haute Provence, plus pr\u00e9cis\u00e9ment \u00e0 M\u00e9olans-Revel. Il a \u00e9t\u00e9 pr\u00e9par\u00e9 par une petite \u00e9quipe locale : Paulette Autric, Robert [&hellip;]\" \/>\n<meta property=\"og:url\" content=\"https:\/\/centcols.org\/it\/soggiorno-2021-meolans-revel\/\" \/>\n<meta property=\"og:site_name\" content=\"Club des Cent Cols\" \/>\n<meta property=\"article:publisher\" content=\"https:\/\/www.facebook.com\/groups\/5261880558\/?locale=fr_FR\" \/>\n<meta property=\"article:published_time\" content=\"2021-06-06T12:15:39+00:00\" \/>\n<meta property=\"article:modified_time\" content=\"2025-09-08T23:48:41+00:00\" \/>\n<meta property=\"og:image\" content=\"https:\/\/centcols.org\/wp-content\/uploads\/2021\/06\/barcelonette1-2.jpg\" \/>\n\t<meta property=\"og:image:width\" content=\"1200\" \/>\n\t<meta property=\"og:image:height\" content=\"900\" \/>\n\t<meta property=\"og:image:type\" content=\"image\/jpeg\" \/>\n<meta name=\"author\" content=\"Christophe Badonnel\" \/>\n<meta name=\"twitter:card\" content=\"summary_large_image\" \/>\n<meta name=\"twitter:label1\" content=\"Scritto da\" \/>\n\t<meta name=\"twitter:data1\" content=\"Christophe Badonnel\" \/>\n\t<meta name=\"twitter:label2\" content=\"Tempo di lettura stimato\" \/>\n\t<meta name=\"twitter:data2\" content=\"24 minuti\" \/>\n<script type=\"application\/ld+json\" class=\"yoast-schema-graph\">{\"@context\":\"https:\/\/schema.org\",\"@graph\":[{\"@type\":\"Article\",\"@id\":\"https:\/\/centcols.org\/sejour-2021-meolans-revel\/#article\",\"isPartOf\":{\"@id\":\"https:\/\/centcols.org\/sejour-2021-meolans-revel\/\"},\"author\":{\"name\":\"Christophe Badonnel\",\"@id\":\"https:\/\/centcols.org\/#\/schema\/person\/5c1a9d61132fb33ccec149272abff6e1\"},\"headline\":\"S\u00e9jour d&rsquo;\u00e9t\u00e9 \u00e0 M\u00e9olans-Revel, 04 au 11 septembre 2021\",\"datePublished\":\"2021-06-06T12:15:39+00:00\",\"dateModified\":\"2025-09-08T23:48:41+00:00\",\"mainEntityOfPage\":{\"@id\":\"https:\/\/centcols.org\/sejour-2021-meolans-revel\/\"},\"wordCount\":3419,\"publisher\":{\"@id\":\"https:\/\/centcols.org\/#organization\"},\"image\":{\"@id\":\"https:\/\/centcols.org\/sejour-2021-meolans-revel\/#primaryimage\"},\"thumbnailUrl\":\"https:\/\/centcols.org\/wp-content\/uploads\/2021\/06\/barcelonette1-2.jpg\",\"articleSection\":[\"France\",\"04-Alpes-de-Haute-Provence\",\"Alpes fran\u00e7aises du sud\",\"Provence-Alpes-C\u00f4te d'Azur\",\"Calendrier\",\"S\u00e9jours du Club des Cent Cols\"],\"inLanguage\":\"it-IT\"},{\"@type\":\"WebPage\",\"@id\":\"https:\/\/centcols.org\/sejour-2021-meolans-revel\/\",\"url\":\"https:\/\/centcols.org\/sejour-2021-meolans-revel\/\",\"name\":\"S\u00e9jour d'\u00e9t\u00e9 \u00e0 M\u00e9olans-Revel, 04 au 11 septembre 2021 - Club des Cent Cols\",\"isPartOf\":{\"@id\":\"https:\/\/centcols.org\/#website\"},\"primaryImageOfPage\":{\"@id\":\"https:\/\/centcols.org\/sejour-2021-meolans-revel\/#primaryimage\"},\"image\":{\"@id\":\"https:\/\/centcols.org\/sejour-2021-meolans-revel\/#primaryimage\"},\"thumbnailUrl\":\"https:\/\/centcols.org\/wp-content\/uploads\/2021\/06\/barcelonette1-2.jpg\",\"datePublished\":\"2021-06-06T12:15:39+00:00\",\"dateModified\":\"2025-09-08T23:48:41+00:00\",\"breadcrumb\":{\"@id\":\"https:\/\/centcols.org\/sejour-2021-meolans-revel\/#breadcrumb\"},\"inLanguage\":\"it-IT\",\"potentialAction\":[{\"@type\":\"ReadAction\",\"target\":[\"https:\/\/centcols.org\/sejour-2021-meolans-revel\/\"]}]},{\"@type\":\"ImageObject\",\"inLanguage\":\"it-IT\",\"@id\":\"https:\/\/centcols.org\/sejour-2021-meolans-revel\/#primaryimage\",\"url\":\"https:\/\/centcols.org\/wp-content\/uploads\/2021\/06\/barcelonette1-2.jpg\",\"contentUrl\":\"https:\/\/centcols.org\/wp-content\/uploads\/2021\/06\/barcelonette1-2.jpg\",\"width\":1200,\"height\":900},{\"@type\":\"BreadcrumbList\",\"@id\":\"https:\/\/centcols.org\/sejour-2021-meolans-revel\/#breadcrumb\",\"itemListElement\":[{\"@type\":\"ListItem\",\"position\":1,\"name\":\"Accueil\",\"item\":\"https:\/\/centcols.org\/\"},{\"@type\":\"ListItem\",\"position\":2,\"name\":\"S\u00e9jours du Club des Cent Cols\",\"item\":\"https:\/\/centcols.org\/rubrique\/sejours\/\"},{\"@type\":\"ListItem\",\"position\":3,\"name\":\"Pays\",\"item\":\"https:\/\/centcols.org\/rubrique\/sejours\/pays-sejours\/\"},{\"@type\":\"ListItem\",\"position\":4,\"name\":\"France\",\"item\":\"https:\/\/centcols.org\/rubrique\/sejours\/pays-sejours\/france-pays-sejours\/\"},{\"@type\":\"ListItem\",\"position\":5,\"name\":\"S\u00e9jour d&rsquo;\u00e9t\u00e9 \u00e0 M\u00e9olans-Revel, 04 au 11 septembre 2021\"}]},{\"@type\":\"WebSite\",\"@id\":\"https:\/\/centcols.org\/#website\",\"url\":\"https:\/\/centcols.org\/\",\"name\":\"Club des Cent Cols\",\"description\":\"\",\"publisher\":{\"@id\":\"https:\/\/centcols.org\/#organization\"},\"potentialAction\":[{\"@type\":\"SearchAction\",\"target\":{\"@type\":\"EntryPoint\",\"urlTemplate\":\"https:\/\/centcols.org\/?s={search_term_string}\"},\"query-input\":{\"@type\":\"PropertyValueSpecification\",\"valueRequired\":true,\"valueName\":\"search_term_string\"}}],\"inLanguage\":\"it-IT\"},{\"@type\":\"Organization\",\"@id\":\"https:\/\/centcols.org\/#organization\",\"name\":\"Club des Cent Cols\",\"url\":\"https:\/\/centcols.org\/\",\"logo\":{\"@type\":\"ImageObject\",\"inLanguage\":\"it-IT\",\"@id\":\"https:\/\/centcols.org\/#\/schema\/logo\/image\/\",\"url\":\"https:\/\/centcols.org\/wp-content\/uploads\/2025\/01\/carte-icone.png\",\"contentUrl\":\"https:\/\/centcols.org\/wp-content\/uploads\/2025\/01\/carte-icone.png\",\"width\":250,\"height\":250,\"caption\":\"Club des Cent Cols\"},\"image\":{\"@id\":\"https:\/\/centcols.org\/#\/schema\/logo\/image\/\"},\"sameAs\":[\"https:\/\/www.facebook.com\/groups\/5261880558\/?locale=fr_FR\"]},{\"@type\":\"Person\",\"@id\":\"https:\/\/centcols.org\/#\/schema\/person\/5c1a9d61132fb33ccec149272abff6e1\",\"name\":\"Christophe Badonnel\",\"image\":{\"@type\":\"ImageObject\",\"inLanguage\":\"it-IT\",\"@id\":\"https:\/\/centcols.org\/wp-content\/litespeed\/avatar\/9f363966b51271bd99ebbb6ebd632889.jpg?ver=1777238111\",\"url\":\"https:\/\/centcols.org\/wp-content\/litespeed\/avatar\/9f363966b51271bd99ebbb6ebd632889.jpg?ver=1777238111\",\"contentUrl\":\"https:\/\/centcols.org\/wp-content\/litespeed\/avatar\/9f363966b51271bd99ebbb6ebd632889.jpg?ver=1777238111\",\"caption\":\"Christophe Badonnel\"},\"url\":\"https:\/\/centcols.org\/it\/author\/5799\/\"}]}<\/script>\n<!-- \/ Yoast SEO plugin. -->","yoast_head_json":{"title":"Vacanze estive a M\u00e9olans-Revel, dal 04 all'11 settembre 2021 - Club des Cent Cols","robots":{"index":"index","follow":"follow","max-snippet":"max-snippet:-1","max-image-preview":"max-image-preview:large","max-video-preview":"max-video-preview:-1"},"canonical":"https:\/\/centcols.org\/it\/soggiorno-2021-meolans-revel\/","og_locale":"it_IT","og_type":"article","og_title":"S\u00e9jour d'\u00e9t\u00e9 \u00e0 M\u00e9olans-Revel, 04 au 11 septembre 2021 - Club des Cent Cols","og_description":"Ont contribu\u00e9 \u00e0 cette page de pr\u00e9sentation du s\u00e9jour Enrico Alberini, Christophe Badonnel, Bernard Giraudeau et les responsables informatiques. Le s\u00e9jour d\u2019\u00e9t\u00e9 2021 se d\u00e9roulera du 04 au 11 septembre dans le d\u00e9partement des Alpes de Haute Provence, plus pr\u00e9cis\u00e9ment \u00e0 M\u00e9olans-Revel. Il a \u00e9t\u00e9 pr\u00e9par\u00e9 par une petite \u00e9quipe locale : Paulette Autric, Robert [&hellip;]","og_url":"https:\/\/centcols.org\/it\/soggiorno-2021-meolans-revel\/","og_site_name":"Club des Cent Cols","article_publisher":"https:\/\/www.facebook.com\/groups\/5261880558\/?locale=fr_FR","article_published_time":"2021-06-06T12:15:39+00:00","article_modified_time":"2025-09-08T23:48:41+00:00","og_image":[{"width":1200,"height":900,"url":"https:\/\/centcols.org\/wp-content\/uploads\/2021\/06\/barcelonette1-2.jpg","type":"image\/jpeg"}],"author":"Christophe Badonnel","twitter_card":"summary_large_image","twitter_misc":{"Scritto da":"Christophe Badonnel","Tempo di lettura stimato":"24 minuti"},"schema":{"@context":"https:\/\/schema.org","@graph":[{"@type":"Article","@id":"https:\/\/centcols.org\/sejour-2021-meolans-revel\/#article","isPartOf":{"@id":"https:\/\/centcols.org\/sejour-2021-meolans-revel\/"},"author":{"name":"Christophe Badonnel","@id":"https:\/\/centcols.org\/#\/schema\/person\/5c1a9d61132fb33ccec149272abff6e1"},"headline":"S\u00e9jour d&rsquo;\u00e9t\u00e9 \u00e0 M\u00e9olans-Revel, 04 au 11 septembre 2021","datePublished":"2021-06-06T12:15:39+00:00","dateModified":"2025-09-08T23:48:41+00:00","mainEntityOfPage":{"@id":"https:\/\/centcols.org\/sejour-2021-meolans-revel\/"},"wordCount":3419,"publisher":{"@id":"https:\/\/centcols.org\/#organization"},"image":{"@id":"https:\/\/centcols.org\/sejour-2021-meolans-revel\/#primaryimage"},"thumbnailUrl":"https:\/\/centcols.org\/wp-content\/uploads\/2021\/06\/barcelonette1-2.jpg","articleSection":["France","04-Alpes-de-Haute-Provence","Alpes fran\u00e7aises du sud","Provence-Alpes-C\u00f4te d'Azur","Calendrier","S\u00e9jours du Club des Cent Cols"],"inLanguage":"it-IT"},{"@type":"WebPage","@id":"https:\/\/centcols.org\/sejour-2021-meolans-revel\/","url":"https:\/\/centcols.org\/sejour-2021-meolans-revel\/","name":"Vacanze estive a M\u00e9olans-Revel, dal 04 all'11 settembre 2021 - Club des Cent Cols","isPartOf":{"@id":"https:\/\/centcols.org\/#website"},"primaryImageOfPage":{"@id":"https:\/\/centcols.org\/sejour-2021-meolans-revel\/#primaryimage"},"image":{"@id":"https:\/\/centcols.org\/sejour-2021-meolans-revel\/#primaryimage"},"thumbnailUrl":"https:\/\/centcols.org\/wp-content\/uploads\/2021\/06\/barcelonette1-2.jpg","datePublished":"2021-06-06T12:15:39+00:00","dateModified":"2025-09-08T23:48:41+00:00","breadcrumb":{"@id":"https:\/\/centcols.org\/sejour-2021-meolans-revel\/#breadcrumb"},"inLanguage":"it-IT","potentialAction":[{"@type":"ReadAction","target":["https:\/\/centcols.org\/sejour-2021-meolans-revel\/"]}]},{"@type":"ImageObject","inLanguage":"it-IT","@id":"https:\/\/centcols.org\/sejour-2021-meolans-revel\/#primaryimage","url":"https:\/\/centcols.org\/wp-content\/uploads\/2021\/06\/barcelonette1-2.jpg","contentUrl":"https:\/\/centcols.org\/wp-content\/uploads\/2021\/06\/barcelonette1-2.jpg","width":1200,"height":900},{"@type":"BreadcrumbList","@id":"https:\/\/centcols.org\/sejour-2021-meolans-revel\/#breadcrumb","itemListElement":[{"@type":"ListItem","position":1,"name":"Accueil","item":"https:\/\/centcols.org\/"},{"@type":"ListItem","position":2,"name":"S\u00e9jours du Club des Cent Cols","item":"https:\/\/centcols.org\/rubrique\/sejours\/"},{"@type":"ListItem","position":3,"name":"Pays","item":"https:\/\/centcols.org\/rubrique\/sejours\/pays-sejours\/"},{"@type":"ListItem","position":4,"name":"France","item":"https:\/\/centcols.org\/rubrique\/sejours\/pays-sejours\/france-pays-sejours\/"},{"@type":"ListItem","position":5,"name":"S\u00e9jour d&rsquo;\u00e9t\u00e9 \u00e0 M\u00e9olans-Revel, 04 au 11 septembre 2021"}]},{"@type":"WebSite","@id":"https:\/\/centcols.org\/#website","url":"https:\/\/centcols.org\/","name":"Club des Cent Cols","description":"","publisher":{"@id":"https:\/\/centcols.org\/#organization"},"potentialAction":[{"@type":"SearchAction","target":{"@type":"EntryPoint","urlTemplate":"https:\/\/centcols.org\/?s={search_term_string}"},"query-input":{"@type":"PropertyValueSpecification","valueRequired":true,"valueName":"search_term_string"}}],"inLanguage":"it-IT"},{"@type":"Organization","@id":"https:\/\/centcols.org\/#organization","name":"Club des Cent Cols","url":"https:\/\/centcols.org\/","logo":{"@type":"ImageObject","inLanguage":"it-IT","@id":"https:\/\/centcols.org\/#\/schema\/logo\/image\/","url":"https:\/\/centcols.org\/wp-content\/uploads\/2025\/01\/carte-icone.png","contentUrl":"https:\/\/centcols.org\/wp-content\/uploads\/2025\/01\/carte-icone.png","width":250,"height":250,"caption":"Club des Cent Cols"},"image":{"@id":"https:\/\/centcols.org\/#\/schema\/logo\/image\/"},"sameAs":["https:\/\/www.facebook.com\/groups\/5261880558\/?locale=fr_FR"]},{"@type":"Person","@id":"https:\/\/centcols.org\/#\/schema\/person\/5c1a9d61132fb33ccec149272abff6e1","name":"Christophe Badonnel","image":{"@type":"ImageObject","inLanguage":"it-IT","@id":"https:\/\/centcols.org\/wp-content\/litespeed\/avatar\/9f363966b51271bd99ebbb6ebd632889.jpg?ver=1777238111","url":"https:\/\/centcols.org\/wp-content\/litespeed\/avatar\/9f363966b51271bd99ebbb6ebd632889.jpg?ver=1777238111","contentUrl":"https:\/\/centcols.org\/wp-content\/litespeed\/avatar\/9f363966b51271bd99ebbb6ebd632889.jpg?ver=1777238111","caption":"Christophe Badonnel"},"url":"https:\/\/centcols.org\/it\/author\/5799\/"}]}},"_links":{"self":[{"href":"https:\/\/centcols.org\/it\/wp-json\/wp\/v2\/posts\/82284","targetHints":{"allow":["GET"]}}],"collection":[{"href":"https:\/\/centcols.org\/it\/wp-json\/wp\/v2\/posts"}],"about":[{"href":"https:\/\/centcols.org\/it\/wp-json\/wp\/v2\/types\/post"}],"author":[{"embeddable":true,"href":"https:\/\/centcols.org\/it\/wp-json\/wp\/v2\/users\/64"}],"replies":[{"embeddable":true,"href":"https:\/\/centcols.org\/it\/wp-json\/wp\/v2\/comments?post=82284"}],"version-history":[{"count":0,"href":"https:\/\/centcols.org\/it\/wp-json\/wp\/v2\/posts\/82284\/revisions"}],"wp:featuredmedia":[{"embeddable":true,"href":"https:\/\/centcols.org\/it\/wp-json\/wp\/v2\/media\/85941"}],"wp:attachment":[{"href":"https:\/\/centcols.org\/it\/wp-json\/wp\/v2\/media?parent=82284"}],"wp:term":[{"taxonomy":"category","embeddable":true,"href":"https:\/\/centcols.org\/it\/wp-json\/wp\/v2\/categories?post=82284"},{"taxonomy":"post_tag","embeddable":true,"href":"https:\/\/centcols.org\/it\/wp-json\/wp\/v2\/tags?post=82284"}],"curies":[{"name":"wp","href":"https:\/\/api.w.org\/{rel}","templated":true}]}}