{"id":82300,"date":"2021-07-10T06:10:55","date_gmt":"2021-07-10T04:10:55","guid":{"rendered":"https:\/\/centcols.org\/sejour-dautomne-et-assemblee-generale-a-sainte-maxime-var-10-au-14-novembre-2021\/"},"modified":"2026-01-09T23:49:21","modified_gmt":"2026-01-09T21:49:21","slug":"ag-2021-ste-maxime","status":"publish","type":"post","link":"https:\/\/centcols.org\/it\/ag-2021-ste-maxime\/","title":{"rendered":"Pausa autunnale e assemblea generale a Sainte-Maxime (Var), dal 10 al 14 novembre 2021"},"content":{"rendered":"<p><span style=\"color: #808080;\">I responsabili IT Bernard Giraudeau, Enrico Alberini e Christophe Badonnel hanno contribuito a questa pagina di presentazione del viaggio.<\/span><\/p>\n\n\n\n<p><span style=\"color: #000000;\">Le rubriche sono riportate di seguito:<\/span><\/p>\n\n\n\n<ul class=\"wp-block-list\">\n<li><span style=\"color: #000000;\">Introduzione alla regione<\/span><\/li>\n\n\n\n<li>Circuiti, <a href=\"\/it\/membres\/cctours\/tours.php\/?lieu=Ste-Maxime&amp;an=2021&amp;genre=R\" target=\"_blank\" rel=\"noopener\" data-wplink-url-error=\"true\">strada<\/a> e <a href=\"\/it\/membres\/cctours\/tours.php\/?lieu=Ste-Maxime&amp;an=2021&amp;genre=V\" target=\"_blank\" rel=\"noopener\">BICICLETTA DA MONTAGNA<\/a><\/li>\n\n\n\n<li><span style=\"color: #000000;\">Alloggio<\/span><\/li>\n\n\n\n<li><span style=\"color: #000000;\">Nota del Consiglio di amministrazione<\/span><\/li>\n\n\n\n<li><span style=\"color: #000000;\">Iscrizioni<\/span><\/li>\n\n\n\n<li><span style=\"color: #000000;\">Altre attivit\u00e0 o visite&nbsp; &nbsp;<\/span><\/li>\n<\/ul>\n\n\n\n<h2 class=\"wp-block-heading\">Introduzione alla regione :<\/h2>\n\n\n\n<p>Nel sud della Francia c'\u00e8 un piccolo golfo a forma di cuneo che entra nel Massiccio dei Maures, chiamato Golfe de Saint-Tropez. La cittadina di Sainte-Maxime si trova sulla sponda settentrionale di questo golfo. Questi nomi, che evocano spiagge e sole, sono luoghi mitici conosciuti in tutto il mondo per la loro clientela elitaria.  \u00c8 a Sainte-Maxime che abbiamo scelto di organizzare la pausa autunnale del Club des Cent Cols 2021 e di tenere la nostra assemblea generale.<\/p>\n\n\n<div class=\"wp-block-image\">\n<figure class=\"alignright size-full\"><img loading=\"lazy\" decoding=\"async\" width=\"890\" height=\"567\" src=\"https:\/\/centcols.org\/wp-content\/uploads\/2025\/05\/extrait-de-carte.jpg\" alt=\"\" class=\"wp-image-82301\" srcset=\"https:\/\/centcols.org\/wp-content\/uploads\/2025\/05\/extrait-de-carte.jpg 890w, https:\/\/centcols.org\/wp-content\/uploads\/2025\/05\/extrait-de-carte-768x489.jpg 768w\" sizes=\"auto, (max-width: 890px) 100vw, 890px\" \/><\/figure>\n<\/div>\n\n\n<p>Alloggeremo al VVF \"Club Intense Golf de Saint-Tropez\" ai margini di Plage de la Nartelle e vicino alla Pointe des Sardinaux.<\/p>\n\n\n\n<p>Sainte Maxime \u00e8 un comune del dipartimento del Var (83) nella regione Provenza-Alpi-Costa Azzurra, all'estremit\u00e0 meridionale delle Alpi. Confinante con il Mar Mediterraneo e caratterizzato da un clima caldo e soleggiato, il Var \u00e8 naturalmente una delle principali destinazioni della mappa turistica francese. Il comune ha una popolazione permanente di 14.000 abitanti, a cui se ne aggiungono diverse migliaia durante i mesi estivi. Ha ottenuto il marchio \"stazione turistica\" come riconoscimento della sua politica turistica di qualit\u00e0 e il marchio \"Famille Plus\" per i suoi servizi a misura di famiglia. Sainte-Maxime \u00e8 una tipica citt\u00e0 costiera mediterranea.<\/p>\n\n\n\n<p>La citt\u00e0 \u00e8 una delle aree di produzione di<a href=\"https:\/\/fr.wikipedia.org\/wiki\/Huile_d%27olive_de_Provence_AOC\" target=\"_blank\" rel=\"noreferrer noopener\">Olio d'oliva AOC Provence<\/a>&nbsp;e la produzione di vino &nbsp;<a href=\"https:\/\/fr.wikipedia.org\/wiki\/C%C3%B4tes-de-provence\" target=\"_blank\" rel=\"noreferrer noopener\">C\u00f4tes-de-Provence<\/a>due prodotti che beneficiano di&nbsp;<a href=\"https:\/\/fr.wikipedia.org\/wiki\/AOC\" target=\"_blank\" rel=\"noreferrer noopener\">DOC<\/a>.  Il comune \u00e8 anche una delle aree di produzione di&nbsp;<a href=\"https:\/\/fr.wikipedia.org\/wiki\/Maures_(IGP)\" target=\"_blank\" rel=\"noreferrer noopener\">vini dei paesi dei Maures<\/a>e&nbsp;<a href=\"https:\/\/fr.wikipedia.org\/wiki\/M%C3%A9diterran%C3%A9e_(IGP)\" target=\"_blank\" rel=\"noreferrer noopener\">Vini mediterranei di paese<\/a>e&nbsp;<a href=\"https:\/\/fr.wikipedia.org\/wiki\/Miel_de_Provence\" target=\"_blank\" rel=\"noreferrer noopener\">Miele di Provenza<\/a>tre prodotti che beneficiano di un&nbsp;<a href=\"https:\/\/fr.wikipedia.org\/wiki\/Indication_g%C3%A9ographique_prot%C3%A9g%C3%A9e\" target=\"_blank\" rel=\"noreferrer noopener\">IGP<\/a><sup><a href=\"https:\/\/fr.wikipedia.org\/wiki\/Sainte-Maxime#cite_note-30\">.<\/a><\/sup> La citt\u00e0 offre anche una serie di altre attrazioni culturali e turistiche, come la Tour Carr\u00e9e, che ospita un museo delle tradizioni e del folklore locale.  Parchi, giardini, spiagge e passeggiate sono solo alcune delle attrazioni offerte.<\/p>\n\n\n\n<p>Gli edifici di Sainte-Maxime sono distribuiti lungo il golfo, ma anche nelle valli che si irradiano dal massiccio dei Maures, che sovrasta la citt\u00e0 balneare e la protegge dal mistral, un vento freddo e potente che soffia da nord.  Il punto pi\u00f9 alto del comune si trova a Peigros, a 526 m, appena sopra il Col de Gratteloup (FR-83-0225) sulla D44 e il Col de Peigros (FR-83-0350a), R1. Il perimetro del campo da gioco proposto, il Massiccio dei Maures, \u00e8 lungo circa 60 km e largo 30 km. \u00c8 perfettamente delimitato dalla costa mediterranea e dalle pianure dei fiumi Argens, Maures e Gapeau. Ci sono tre dorsali che corrono da sud-ovest a nord-est, diminuendo di altitudine da nord a sud. Il punto pi\u00f9 alto si trova a 776 m. Tra queste creste si trovano diverse decine di passi stradali o mulattiere, che stuzzicheranno il nostro appetito.<\/p>\n\n\n\n<p>Ci sono tre siti web su Internet che vi aiuteranno a scoprire di pi\u00f9 su Sainte-Maxime e i suoi dintorni:<br>L'Ufficio del Turismo : <a href=\"https:\/\/www.sainte-maxime.com\/\" target=\"_blank\" rel=\"noreferrer noopener\">sito web<\/a><br>Il sito web del comune :<a href=\"http:\/\/www.ville-sainte-maxime.fr\/\" target=\"_blank\" rel=\"noreferrer noopener\"> sito web<\/a><br>Wikipedia : <a href=\"https:\/\/fr.wikipedia.org\/wiki\/Sainte-Maxime\" target=\"_blank\" rel=\"noreferrer noopener\">sito web<\/a><\/p>\n\n\n\n<h2 class=\"wp-block-heading\"><a href=\"\/it\/membres\/cctours\/tours.php\/?lieu=Ste-Maxime&amp;an=2021\">I SENTIERI<\/a><\/h2>\n\n\n\n<p>I percorsi sono stati preparati da S\u00e9bastien Golzio.<\/p>\n\n\n\n<p>Il gioved\u00ec e il venerd\u00ec i partecipanti porteranno con s\u00e9 il proprio picnic, mentre il sabato e la domenica mattina verranno proposti un circuito su strada e uno in mountain bike, con pranzo da consumare presso il villaggio turistico. Si tratta di percorsi accessibili a tutti i nostri soci in termini di lunghezza, pendenza e difficolt\u00e0.<br>Una breve descrizione dei percorsi e le tracce gpx sono disponibili qui:<\/p>\n\n\n\n<h4 class=\"wp-block-heading\"><a href=\"\/it\/membres\/cctours\/tours.php\/?lieu=Ste-Maxime&amp;an=2021&amp;genre=R\">Percorsi stradali<\/a><\/h4>\n\n\n\n<h4 class=\"wp-block-heading\"><a href=\"\/it\/membres\/cctours\/tours.php\/?lieu=Ste-Maxime&amp;an=2021&amp;genre=V\">Percorsi per mountain bike<\/a><\/h4>\n\n\n\n<h2 class=\"wp-block-heading\">Alloggio<\/h2>\n\n\n\n<h4 class=\"wp-block-heading\">Altre opzioni di alloggio<\/h4>\n\n\n\n<ol class=\"wp-block-list\">\n<li>Essere in grado di dimensionare correttamente gli eventi comuni (sessioni informative, feste di benvenuto e di addio).<\/li>\n\n\n\n<li>Potersi dividere in pi\u00f9 gruppi sui percorsi per migliorare la sicurezza di tutti.<\/li>\n\n\n\n<li>Per aiutare gli organizzatori a gestire eventuali imprevisti.<\/li>\n<\/ol>\n\n\n\n<div class=\"wp-block-columns is-layout-flex wp-container-core-columns-is-layout-9d6595d7 wp-block-columns-is-layout-flex\">\n<div class=\"wp-block-column is-layout-flow wp-block-column-is-layout-flow\" style=\"flex-basis:66.66%\">\n<p><strong><br>VVF \" Club intense Golf de Saint-Tropez - Sainte-Maxime \" 64 chemin de la Vierge Noire - 83120 Sainte-Maxime<\/strong><\/p>\n\n\n\n<p>Tel: +33 (0)4 94 55 04 00. <a href=\"https:\/\/www.vvf-villages.fr\/villages-vacances\/vacances-sainte-maxime-vvf-villages.html\" target=\"_blank\" rel=\"noreferrer noopener\">sito web<\/a><\/p>\n\n\n\n<p>Si trova nel cuore di una rinomata localit\u00e0 balneare della Costa Azzurra, a pochi passi da Saint-Tropez.<\/p>\n\n\n\n<p>Affacciate sul mare e immerse in 2,5 ettari di parco, le 95 camere climatizzate sono suddivise tra padiglioni e una villa a due piani.<\/p>\n\n\n\n<figure class=\"wp-block-gallery has-nested-images columns-3 is-cropped wp-block-gallery-1 is-layout-flex wp-block-gallery-is-layout-flex\">\n<figure class=\"wp-block-image size-full\"><a href=\"https:\/\/centcols.org\/wp-content\/uploads\/2021\/07\/Ste-Maxime-resto-2.jpg\"><img loading=\"lazy\" decoding=\"async\" width=\"600\" height=\"395\" data-id=\"88536\" src=\"https:\/\/centcols.org\/wp-content\/uploads\/2021\/07\/Ste-Maxime-resto-2.jpg\" alt=\"\" class=\"wp-image-88536\"\/><\/a><figcaption class=\"wp-element-caption\">ristorante \u00a9 VVF<\/figcaption><\/figure>\n\n\n\n<figure class=\"wp-block-image size-full\"><a href=\"https:\/\/centcols.org\/wp-content\/uploads\/2021\/07\/Sainte-Maxime-20-1.jpg\"><img loading=\"lazy\" decoding=\"async\" width=\"1820\" height=\"1024\" data-id=\"88537\" src=\"https:\/\/centcols.org\/wp-content\/uploads\/2021\/07\/Sainte-Maxime-20-1.jpg\" alt=\"\" class=\"wp-image-88537\" srcset=\"https:\/\/centcols.org\/wp-content\/uploads\/2021\/07\/Sainte-Maxime-20-1.jpg 1820w, https:\/\/centcols.org\/wp-content\/uploads\/2021\/07\/Sainte-Maxime-20-1-1200x675.jpg 1200w, https:\/\/centcols.org\/wp-content\/uploads\/2021\/07\/Sainte-Maxime-20-1-768x432.jpg 768w, https:\/\/centcols.org\/wp-content\/uploads\/2021\/07\/Sainte-Maxime-20-1-1536x864.jpg 1536w\" sizes=\"auto, (max-width: 1820px) 100vw, 1820px\" \/><\/a><figcaption class=\"wp-element-caption\"> vista generale \u00a9 VVF<\/figcaption><\/figure>\n\n\n\n<figure class=\"wp-block-image size-full\"><a href=\"https:\/\/centcols.org\/wp-content\/uploads\/2021\/07\/Sainte-Maxime-2-1200x675-1.jpg\"><img loading=\"lazy\" decoding=\"async\" width=\"1200\" height=\"675\" data-id=\"88538\" src=\"https:\/\/centcols.org\/wp-content\/uploads\/2021\/07\/Sainte-Maxime-2-1200x675-1.jpg\" alt=\"\" class=\"wp-image-88538\" srcset=\"https:\/\/centcols.org\/wp-content\/uploads\/2021\/07\/Sainte-Maxime-2-1200x675-1.jpg 1200w, https:\/\/centcols.org\/wp-content\/uploads\/2021\/07\/Sainte-Maxime-2-1200x675-1-768x432.jpg 768w\" sizes=\"auto, (max-width: 1200px) 100vw, 1200px\" \/><\/a><figcaption class=\"wp-element-caption\">camera \u00a9 VVF<\/figcaption><\/figure>\n<\/figure>\n<\/div>\n\n\n\n<div class=\"wp-block-column is-layout-flow wp-block-column-is-layout-flow\" style=\"flex-basis:33.33%\">\n<div style=\"height:45px\" aria-hidden=\"true\" class=\"wp-block-spacer\"><\/div>\n\n\n\n<h2 class=\"wp-block-heading\">Nota del Consiglio di amministrazione<\/h2>\n\n\n\n<p>Se si organizza l'alloggio in un luogo diverso dal villaggio turistico, si prega di comunicarci che si parteciper\u00e0 alla vacanza, per 3 motivi:<\/p>\n\n\n\n<ul class=\"wp-block-list\">\n<li>Essere in grado di dimensionare correttamente gli eventi comuni (sessioni informative, feste di benvenuto e di addio).<\/li>\n\n\n\n<li>Per fornirvi il libretto delle vacanze<\/li>\n\n\n\n<li>Per un'adeguata distribuzione dei costi di preparazione e organizzazione.<\/li>\n<\/ul>\n<\/div>\n<\/div>\n\n\n\n<h2 class=\"wp-block-heading\">Iscrizioni<\/h2>\n\n\n\n<p>Per iscriversi, scaricare il modulo di iscrizione in formato PDF dal link sottostante e seguire le istruzioni in esso contenute.<br>Si prega di notare che il modulo di iscrizione disponibile sul sito web del Club comprende <strong>due pagine<\/strong> Dovrete inoltre sottoscrivere i termini e le condizioni della polizza assicurativa Gritchen. Se pensate di farvi accompagnare dal vostro partner, assicuratevi di registrarlo come socio associato presso il vostro Delegato Territoriale e non dimenticate di inserire il suo numero di socio associato nell'apposita casella. Se, e solo se, un partecipante non \u00e8 in possesso di una licenza FFCT, \u00e8 necessario stipulare in aggiunta l'assicurazione obbligatoria di 1 euro al giorno.<\/p>\n\n\n\n<p><strong>A seconda di quando si arriva e di quando si parte, il pacchetto \u00e8 diverso:<\/strong><\/p>\n\n\n\n<ul class=\"wp-block-list\">\n<li>Se arrivate il mercoled\u00ec per la cena e ripartite la domenica dopo pranzo, prendete il pacchetto da 242 euro.<\/li>\n\n\n\n<li>Se arrivate il venerd\u00ec a cena e ripartite la domenica dopo pranzo, vi verranno addebitati 138 euro.<\/li>\n\n\n\n<li>Se si arriva il sabato per la cena e si riparte la domenica dopo pranzo, si prende il pacchetto da 85 euro.<\/li>\n\n\n\n<li>Se arrivate il sabato per la cena e ripartite la domenica dopo la colazione, prendete il pacchetto di mezza pensione a 79 euro.<\/li>\n\n\n\n<li>Chi viene senza alloggio (pernottamento o alloggio per conto proprio) pu\u00f2 iscriversi ai pasti: pranzo a 14 euro e cena a 15,50 euro. Il pasto migliorato del sabato sera \u00e8 di 18 euro.<\/li>\n\n\n\n<li>E cos\u00ec via.<\/li>\n<\/ul>\n\n\n\n<p>Per tutte le richieste di arrivo anticipato, si prega di contattare direttamente l'ufficio prenotazioni: Tel: +33 (0)4 73 43 00 43. Non sar\u00e0 possibile prolungare il soggiorno oltre il 14 novembre, poich\u00e9 il centro chiude dopo la nostra partenza per le vacanze annuali.<\/p>\n\n\n\n<p>\u00c8 possibile pagare la quota di iscrizione <strong>con assegno o bonifico bancario<\/strong> sul conto del Club. A causa delle commissioni aggiuntive applicate dall'organizzazione che lo gestisce, non accettiamo pagamenti tramite PayPal. <strong>Assegnazione dei membri<\/strong> \u00e8 effettuata nell'ordine di invio dell'assegno o di emissione del bonifico. Per il primo fa fede il timbro postale, per il secondo \u00e8 necessario inviare una copia dell'ordine di bonifico. Nel caso in cui la vacanza sia al completo, verr\u00e0 istituita una lista d'attesa che funzioner\u00e0 secondo le stesse regole di priorit\u00e0 di assegnazione delle iscrizioni dirette. <strong>Trombinoscopio :<\/strong> Se non avete ancora fornito la vostra foto per il <strong>elenco <\/strong>e desiderate essere inclusi, spuntate la casella appropriata e inviateci via e-mail una foto in formato JPG.<\/p>\n\n\n\n<p>Da <strong>ulteriori informazioni<\/strong> saranno pubblicati successivamente sul sito web, che potrete consultare regolarmente. Ogni volta, il responsabile dei viaggi invier\u00e0 una breve e-mail alla mailing list. Se desiderate ricevere queste e-mail, inviatele a <strong>iscriversi alla mailing list<\/strong>se non l'avete ancora fatto.<\/p>\n\n\n\n<p><strong>Se avete domande<\/strong> Non esitate a chiamare la persona responsabile della vacanza: +33 6 78 87 33 67.<\/p>\n\n\n\n<h3 class=\"wp-block-heading\">Scarica la newsletter :<\/h3>\n\n\n\n<ul class=\"wp-block-list\">\n<li><strong>Modulo di iscrizione a Sainte-Maxime in francese<\/strong><\/li>\n\n\n\n<li><strong>Modulo di prenotazione Sainte-Maxime in inglese<\/strong><\/li>\n\n\n\n<li><strong>Modulo d'iscrizione Sainte-Maxime in italiano<\/strong><\/li>\n<\/ul>\n\n\n\n<p><strong>Il termine ultimo per la ricezione delle iscrizioni \u00e8 il 01 ottobre 2021.<\/strong><\/p>\n\n\n\n<h2 class=\"wp-block-heading\">Assemblea generale annuale del Club des Cent Cols<\/h2>\n\n\n\n<p>Si terr\u00e0 in loco il sabato pomeriggio. Per maggiori dettagli, visitate il sito&nbsp;<a href=\"https:\/\/centcols.org\/it\/ag-2021\/\" target=\"_blank\" rel=\"noreferrer noopener\"><strong>Assemblea generale annuale<\/strong>.<\/a><\/p>\n\n\n\n<p>L'invito all'assemblea e i documenti statutari saranno distribuiti come di consueto tramite la newsletter di Cent Cols in ottobre e saranno disponibili anche sul sito web.<\/p>\n\n\n\n<p>Al termine dei lavori, ci sar\u00e0 un rinfresco per riunirsi in modo meno formale.<\/p>\n\n\n\n<h2 class=\"wp-block-heading\">Altre attivit\u00e0 o visite<\/h2>\n\n\n\n<p>Per chi vi accompagna, possiamo suggerire alcune visite nei pressi di Sainte-Maxime<\/p>\n\n\n\n<ul class=\"wp-block-list\">\n<li>Le spiagge<\/li>\n\n\n\n<li>La Pointe des Sardinaux \u00e8 una penisola selvaggia e naturale che fa parte del sentiero costiero e presenta due elementi interessanti: un bunker della Seconda Guerra Mondiale e una peschiera di epoca romana.<\/li>\n\n\n\n<li>Il grande mercato di Sainte-Maxime ogni venerd\u00ec mattina<\/li>\n\n\n\n<li>Il giardino botanico dei Mirti<\/li>\n<\/ul>","protected":false},"excerpt":{"rendered":"<p>Ont contribu\u00e9 \u00e0 cette page de pr\u00e9sentation du s\u00e9jour les responsables informatiques, Bernard Giraudeau, Enrico Alberini et Christophe Badonnel Vous trouverez ci-dessous les rubriques : Pr\u00e9sentation de la r\u00e9gion : Il est un petit golfe situ\u00e9 au sud de la France, en forme de coin entrant dans le Massif des Maures &nbsp;nomm\u00e9 Golfe de Saint-Tropez. [&hellip;]<\/p>\n","protected":false},"author":64,"featured_media":83257,"comment_status":"closed","ping_status":"closed","sticky":false,"template":"","format":"standard","meta":{"_acf_changed":false,"footnotes":""},"categories":[349,407,355,135,380,231],"tags":[],"class_list":["post-82300","post","type-post","status-publish","format-standard","has-post-thumbnail","hentry","category-france-pays-sejours","category-massif-des-maures","category-provence-alpes-cote-dazur-region-sejours","category-calendrier","category-83-var-departement-sejours","category-sejours"],"acf":[],"yoast_head":"<!-- This site is optimized with the Yoast SEO plugin v27.2 - https:\/\/yoast.com\/product\/yoast-seo-wordpress\/ -->\n<title>S\u00e9jour d&#039;automne et assembl\u00e9e g\u00e9n\u00e9rale \u00e0 Sainte-Maxime (Var), 10 au 14 novembre 2021 - Club des Cent Cols<\/title>\n<meta name=\"robots\" content=\"index, follow, max-snippet:-1, max-image-preview:large, max-video-preview:-1\" \/>\n<link rel=\"canonical\" href=\"https:\/\/centcols.org\/it\/ag-2021-ste-maxime\/\" \/>\n<meta property=\"og:locale\" content=\"it_IT\" \/>\n<meta property=\"og:type\" content=\"article\" \/>\n<meta property=\"og:title\" content=\"S\u00e9jour d&#039;automne et assembl\u00e9e g\u00e9n\u00e9rale \u00e0 Sainte-Maxime (Var), 10 au 14 novembre 2021 - Club des Cent Cols\" \/>\n<meta property=\"og:description\" content=\"Ont contribu\u00e9 \u00e0 cette page de pr\u00e9sentation du s\u00e9jour les responsables informatiques, Bernard Giraudeau, Enrico Alberini et Christophe Badonnel Vous trouverez ci-dessous les rubriques : Pr\u00e9sentation de la r\u00e9gion : Il est un petit golfe situ\u00e9 au sud de la France, en forme de coin entrant dans le Massif des Maures &nbsp;nomm\u00e9 Golfe de Saint-Tropez. [&hellip;]\" \/>\n<meta property=\"og:url\" content=\"https:\/\/centcols.org\/it\/ag-2021-ste-maxime\/\" \/>\n<meta property=\"og:site_name\" content=\"Club des Cent Cols\" \/>\n<meta property=\"article:publisher\" content=\"https:\/\/www.facebook.com\/groups\/5261880558\/?locale=fr_FR\" \/>\n<meta property=\"article:published_time\" content=\"2021-07-10T04:10:55+00:00\" \/>\n<meta property=\"article:modified_time\" content=\"2026-01-09T21:49:21+00:00\" \/>\n<meta property=\"og:image\" content=\"https:\/\/centcols.org\/wp-content\/uploads\/2021\/07\/Sainte-Maxime-20-1-scaled1.jpg\" \/>\n\t<meta property=\"og:image:width\" content=\"1820\" \/>\n\t<meta property=\"og:image:height\" content=\"1024\" \/>\n\t<meta property=\"og:image:type\" content=\"image\/jpeg\" \/>\n<meta name=\"author\" content=\"Christophe Badonnel\" \/>\n<meta name=\"twitter:card\" content=\"summary_large_image\" \/>\n<meta name=\"twitter:label1\" content=\"Scritto da\" \/>\n\t<meta name=\"twitter:data1\" content=\"Christophe Badonnel\" \/>\n\t<meta name=\"twitter:label2\" content=\"Tempo di lettura stimato\" \/>\n\t<meta name=\"twitter:data2\" content=\"9 minuti\" \/>\n<script type=\"application\/ld+json\" class=\"yoast-schema-graph\">{\"@context\":\"https:\/\/schema.org\",\"@graph\":[{\"@type\":\"Article\",\"@id\":\"https:\/\/centcols.org\/ag-2021-ste-maxime\/#article\",\"isPartOf\":{\"@id\":\"https:\/\/centcols.org\/ag-2021-ste-maxime\/\"},\"author\":{\"name\":\"Christophe Badonnel\",\"@id\":\"https:\/\/centcols.org\/#\/schema\/person\/5c1a9d61132fb33ccec149272abff6e1\"},\"headline\":\"S\u00e9jour d&rsquo;automne et assembl\u00e9e g\u00e9n\u00e9rale \u00e0 Sainte-Maxime (Var), 10 au 14 novembre 2021\",\"datePublished\":\"2021-07-10T04:10:55+00:00\",\"dateModified\":\"2026-01-09T21:49:21+00:00\",\"mainEntityOfPage\":{\"@id\":\"https:\/\/centcols.org\/ag-2021-ste-maxime\/\"},\"wordCount\":1708,\"publisher\":{\"@id\":\"https:\/\/centcols.org\/#organization\"},\"image\":{\"@id\":\"https:\/\/centcols.org\/ag-2021-ste-maxime\/#primaryimage\"},\"thumbnailUrl\":\"https:\/\/centcols.org\/wp-content\/uploads\/2021\/07\/Sainte-Maxime-20-1-scaled1.jpg\",\"articleSection\":[\"France\",\"Massif des Maures\",\"Provence-Alpes-C\u00f4te d'Azur\",\"Calendrier\",\"83-Var\",\"S\u00e9jours du Club des Cent Cols\"],\"inLanguage\":\"it-IT\"},{\"@type\":\"WebPage\",\"@id\":\"https:\/\/centcols.org\/ag-2021-ste-maxime\/\",\"url\":\"https:\/\/centcols.org\/ag-2021-ste-maxime\/\",\"name\":\"S\u00e9jour d'automne et assembl\u00e9e g\u00e9n\u00e9rale \u00e0 Sainte-Maxime (Var), 10 au 14 novembre 2021 - Club des Cent Cols\",\"isPartOf\":{\"@id\":\"https:\/\/centcols.org\/#website\"},\"primaryImageOfPage\":{\"@id\":\"https:\/\/centcols.org\/ag-2021-ste-maxime\/#primaryimage\"},\"image\":{\"@id\":\"https:\/\/centcols.org\/ag-2021-ste-maxime\/#primaryimage\"},\"thumbnailUrl\":\"https:\/\/centcols.org\/wp-content\/uploads\/2021\/07\/Sainte-Maxime-20-1-scaled1.jpg\",\"datePublished\":\"2021-07-10T04:10:55+00:00\",\"dateModified\":\"2026-01-09T21:49:21+00:00\",\"breadcrumb\":{\"@id\":\"https:\/\/centcols.org\/ag-2021-ste-maxime\/#breadcrumb\"},\"inLanguage\":\"it-IT\",\"potentialAction\":[{\"@type\":\"ReadAction\",\"target\":[\"https:\/\/centcols.org\/ag-2021-ste-maxime\/\"]}]},{\"@type\":\"ImageObject\",\"inLanguage\":\"it-IT\",\"@id\":\"https:\/\/centcols.org\/ag-2021-ste-maxime\/#primaryimage\",\"url\":\"https:\/\/centcols.org\/wp-content\/uploads\/2021\/07\/Sainte-Maxime-20-1-scaled1.jpg\",\"contentUrl\":\"https:\/\/centcols.org\/wp-content\/uploads\/2021\/07\/Sainte-Maxime-20-1-scaled1.jpg\",\"width\":1820,\"height\":1024},{\"@type\":\"BreadcrumbList\",\"@id\":\"https:\/\/centcols.org\/ag-2021-ste-maxime\/#breadcrumb\",\"itemListElement\":[{\"@type\":\"ListItem\",\"position\":1,\"name\":\"Accueil\",\"item\":\"https:\/\/centcols.org\/\"},{\"@type\":\"ListItem\",\"position\":2,\"name\":\"S\u00e9jours du Club des Cent Cols\",\"item\":\"https:\/\/centcols.org\/rubrique\/sejours\/\"},{\"@type\":\"ListItem\",\"position\":3,\"name\":\"Pays\",\"item\":\"https:\/\/centcols.org\/rubrique\/sejours\/pays-sejours\/\"},{\"@type\":\"ListItem\",\"position\":4,\"name\":\"France\",\"item\":\"https:\/\/centcols.org\/rubrique\/sejours\/pays-sejours\/france-pays-sejours\/\"},{\"@type\":\"ListItem\",\"position\":5,\"name\":\"S\u00e9jour d&rsquo;automne et assembl\u00e9e g\u00e9n\u00e9rale \u00e0 Sainte-Maxime (Var), 10 au 14 novembre 2021\"}]},{\"@type\":\"WebSite\",\"@id\":\"https:\/\/centcols.org\/#website\",\"url\":\"https:\/\/centcols.org\/\",\"name\":\"Club des Cent Cols\",\"description\":\"\",\"publisher\":{\"@id\":\"https:\/\/centcols.org\/#organization\"},\"potentialAction\":[{\"@type\":\"SearchAction\",\"target\":{\"@type\":\"EntryPoint\",\"urlTemplate\":\"https:\/\/centcols.org\/?s={search_term_string}\"},\"query-input\":{\"@type\":\"PropertyValueSpecification\",\"valueRequired\":true,\"valueName\":\"search_term_string\"}}],\"inLanguage\":\"it-IT\"},{\"@type\":\"Organization\",\"@id\":\"https:\/\/centcols.org\/#organization\",\"name\":\"Club des Cent Cols\",\"url\":\"https:\/\/centcols.org\/\",\"logo\":{\"@type\":\"ImageObject\",\"inLanguage\":\"it-IT\",\"@id\":\"https:\/\/centcols.org\/#\/schema\/logo\/image\/\",\"url\":\"https:\/\/centcols.org\/wp-content\/uploads\/2025\/01\/carte-icone.png\",\"contentUrl\":\"https:\/\/centcols.org\/wp-content\/uploads\/2025\/01\/carte-icone.png\",\"width\":250,\"height\":250,\"caption\":\"Club des Cent Cols\"},\"image\":{\"@id\":\"https:\/\/centcols.org\/#\/schema\/logo\/image\/\"},\"sameAs\":[\"https:\/\/www.facebook.com\/groups\/5261880558\/?locale=fr_FR\"]},{\"@type\":\"Person\",\"@id\":\"https:\/\/centcols.org\/#\/schema\/person\/5c1a9d61132fb33ccec149272abff6e1\",\"name\":\"Christophe Badonnel\",\"image\":{\"@type\":\"ImageObject\",\"inLanguage\":\"it-IT\",\"@id\":\"https:\/\/centcols.org\/wp-content\/litespeed\/avatar\/9f363966b51271bd99ebbb6ebd632889.jpg?ver=1777238111\",\"url\":\"https:\/\/centcols.org\/wp-content\/litespeed\/avatar\/9f363966b51271bd99ebbb6ebd632889.jpg?ver=1777238111\",\"contentUrl\":\"https:\/\/centcols.org\/wp-content\/litespeed\/avatar\/9f363966b51271bd99ebbb6ebd632889.jpg?ver=1777238111\",\"caption\":\"Christophe Badonnel\"},\"url\":\"https:\/\/centcols.org\/it\/author\/5799\/\"}]}<\/script>\n<!-- \/ Yoast SEO plugin. -->","yoast_head_json":{"title":"Pausa autunnale e assemblea generale a Sainte-Maxime (Var), dal 10 al 14 novembre 2021 - Club des Cent Cols","robots":{"index":"index","follow":"follow","max-snippet":"max-snippet:-1","max-image-preview":"max-image-preview:large","max-video-preview":"max-video-preview:-1"},"canonical":"https:\/\/centcols.org\/it\/ag-2021-ste-maxime\/","og_locale":"it_IT","og_type":"article","og_title":"S\u00e9jour d'automne et assembl\u00e9e g\u00e9n\u00e9rale \u00e0 Sainte-Maxime (Var), 10 au 14 novembre 2021 - Club des Cent Cols","og_description":"Ont contribu\u00e9 \u00e0 cette page de pr\u00e9sentation du s\u00e9jour les responsables informatiques, Bernard Giraudeau, Enrico Alberini et Christophe Badonnel Vous trouverez ci-dessous les rubriques : Pr\u00e9sentation de la r\u00e9gion : Il est un petit golfe situ\u00e9 au sud de la France, en forme de coin entrant dans le Massif des Maures &nbsp;nomm\u00e9 Golfe de Saint-Tropez. [&hellip;]","og_url":"https:\/\/centcols.org\/it\/ag-2021-ste-maxime\/","og_site_name":"Club des Cent Cols","article_publisher":"https:\/\/www.facebook.com\/groups\/5261880558\/?locale=fr_FR","article_published_time":"2021-07-10T04:10:55+00:00","article_modified_time":"2026-01-09T21:49:21+00:00","og_image":[{"width":1820,"height":1024,"url":"https:\/\/centcols.org\/wp-content\/uploads\/2021\/07\/Sainte-Maxime-20-1-scaled1.jpg","type":"image\/jpeg"}],"author":"Christophe Badonnel","twitter_card":"summary_large_image","twitter_misc":{"Scritto da":"Christophe Badonnel","Tempo di lettura stimato":"9 minuti"},"schema":{"@context":"https:\/\/schema.org","@graph":[{"@type":"Article","@id":"https:\/\/centcols.org\/ag-2021-ste-maxime\/#article","isPartOf":{"@id":"https:\/\/centcols.org\/ag-2021-ste-maxime\/"},"author":{"name":"Christophe Badonnel","@id":"https:\/\/centcols.org\/#\/schema\/person\/5c1a9d61132fb33ccec149272abff6e1"},"headline":"S\u00e9jour d&rsquo;automne et assembl\u00e9e g\u00e9n\u00e9rale \u00e0 Sainte-Maxime (Var), 10 au 14 novembre 2021","datePublished":"2021-07-10T04:10:55+00:00","dateModified":"2026-01-09T21:49:21+00:00","mainEntityOfPage":{"@id":"https:\/\/centcols.org\/ag-2021-ste-maxime\/"},"wordCount":1708,"publisher":{"@id":"https:\/\/centcols.org\/#organization"},"image":{"@id":"https:\/\/centcols.org\/ag-2021-ste-maxime\/#primaryimage"},"thumbnailUrl":"https:\/\/centcols.org\/wp-content\/uploads\/2021\/07\/Sainte-Maxime-20-1-scaled1.jpg","articleSection":["France","Massif des Maures","Provence-Alpes-C\u00f4te d'Azur","Calendrier","83-Var","S\u00e9jours du Club des Cent Cols"],"inLanguage":"it-IT"},{"@type":"WebPage","@id":"https:\/\/centcols.org\/ag-2021-ste-maxime\/","url":"https:\/\/centcols.org\/ag-2021-ste-maxime\/","name":"Pausa autunnale e assemblea generale a Sainte-Maxime (Var), dal 10 al 14 novembre 2021 - Club des Cent Cols","isPartOf":{"@id":"https:\/\/centcols.org\/#website"},"primaryImageOfPage":{"@id":"https:\/\/centcols.org\/ag-2021-ste-maxime\/#primaryimage"},"image":{"@id":"https:\/\/centcols.org\/ag-2021-ste-maxime\/#primaryimage"},"thumbnailUrl":"https:\/\/centcols.org\/wp-content\/uploads\/2021\/07\/Sainte-Maxime-20-1-scaled1.jpg","datePublished":"2021-07-10T04:10:55+00:00","dateModified":"2026-01-09T21:49:21+00:00","breadcrumb":{"@id":"https:\/\/centcols.org\/ag-2021-ste-maxime\/#breadcrumb"},"inLanguage":"it-IT","potentialAction":[{"@type":"ReadAction","target":["https:\/\/centcols.org\/ag-2021-ste-maxime\/"]}]},{"@type":"ImageObject","inLanguage":"it-IT","@id":"https:\/\/centcols.org\/ag-2021-ste-maxime\/#primaryimage","url":"https:\/\/centcols.org\/wp-content\/uploads\/2021\/07\/Sainte-Maxime-20-1-scaled1.jpg","contentUrl":"https:\/\/centcols.org\/wp-content\/uploads\/2021\/07\/Sainte-Maxime-20-1-scaled1.jpg","width":1820,"height":1024},{"@type":"BreadcrumbList","@id":"https:\/\/centcols.org\/ag-2021-ste-maxime\/#breadcrumb","itemListElement":[{"@type":"ListItem","position":1,"name":"Accueil","item":"https:\/\/centcols.org\/"},{"@type":"ListItem","position":2,"name":"S\u00e9jours du Club des Cent Cols","item":"https:\/\/centcols.org\/rubrique\/sejours\/"},{"@type":"ListItem","position":3,"name":"Pays","item":"https:\/\/centcols.org\/rubrique\/sejours\/pays-sejours\/"},{"@type":"ListItem","position":4,"name":"France","item":"https:\/\/centcols.org\/rubrique\/sejours\/pays-sejours\/france-pays-sejours\/"},{"@type":"ListItem","position":5,"name":"S\u00e9jour d&rsquo;automne et assembl\u00e9e g\u00e9n\u00e9rale \u00e0 Sainte-Maxime (Var), 10 au 14 novembre 2021"}]},{"@type":"WebSite","@id":"https:\/\/centcols.org\/#website","url":"https:\/\/centcols.org\/","name":"Club des Cent Cols","description":"","publisher":{"@id":"https:\/\/centcols.org\/#organization"},"potentialAction":[{"@type":"SearchAction","target":{"@type":"EntryPoint","urlTemplate":"https:\/\/centcols.org\/?s={search_term_string}"},"query-input":{"@type":"PropertyValueSpecification","valueRequired":true,"valueName":"search_term_string"}}],"inLanguage":"it-IT"},{"@type":"Organization","@id":"https:\/\/centcols.org\/#organization","name":"Club des Cent Cols","url":"https:\/\/centcols.org\/","logo":{"@type":"ImageObject","inLanguage":"it-IT","@id":"https:\/\/centcols.org\/#\/schema\/logo\/image\/","url":"https:\/\/centcols.org\/wp-content\/uploads\/2025\/01\/carte-icone.png","contentUrl":"https:\/\/centcols.org\/wp-content\/uploads\/2025\/01\/carte-icone.png","width":250,"height":250,"caption":"Club des Cent Cols"},"image":{"@id":"https:\/\/centcols.org\/#\/schema\/logo\/image\/"},"sameAs":["https:\/\/www.facebook.com\/groups\/5261880558\/?locale=fr_FR"]},{"@type":"Person","@id":"https:\/\/centcols.org\/#\/schema\/person\/5c1a9d61132fb33ccec149272abff6e1","name":"Christophe Badonnel","image":{"@type":"ImageObject","inLanguage":"it-IT","@id":"https:\/\/centcols.org\/wp-content\/litespeed\/avatar\/9f363966b51271bd99ebbb6ebd632889.jpg?ver=1777238111","url":"https:\/\/centcols.org\/wp-content\/litespeed\/avatar\/9f363966b51271bd99ebbb6ebd632889.jpg?ver=1777238111","contentUrl":"https:\/\/centcols.org\/wp-content\/litespeed\/avatar\/9f363966b51271bd99ebbb6ebd632889.jpg?ver=1777238111","caption":"Christophe Badonnel"},"url":"https:\/\/centcols.org\/it\/author\/5799\/"}]}},"_links":{"self":[{"href":"https:\/\/centcols.org\/it\/wp-json\/wp\/v2\/posts\/82300","targetHints":{"allow":["GET"]}}],"collection":[{"href":"https:\/\/centcols.org\/it\/wp-json\/wp\/v2\/posts"}],"about":[{"href":"https:\/\/centcols.org\/it\/wp-json\/wp\/v2\/types\/post"}],"author":[{"embeddable":true,"href":"https:\/\/centcols.org\/it\/wp-json\/wp\/v2\/users\/64"}],"replies":[{"embeddable":true,"href":"https:\/\/centcols.org\/it\/wp-json\/wp\/v2\/comments?post=82300"}],"version-history":[{"count":0,"href":"https:\/\/centcols.org\/it\/wp-json\/wp\/v2\/posts\/82300\/revisions"}],"wp:featuredmedia":[{"embeddable":true,"href":"https:\/\/centcols.org\/it\/wp-json\/wp\/v2\/media\/83257"}],"wp:attachment":[{"href":"https:\/\/centcols.org\/it\/wp-json\/wp\/v2\/media?parent=82300"}],"wp:term":[{"taxonomy":"category","embeddable":true,"href":"https:\/\/centcols.org\/it\/wp-json\/wp\/v2\/categories?post=82300"},{"taxonomy":"post_tag","embeddable":true,"href":"https:\/\/centcols.org\/it\/wp-json\/wp\/v2\/tags?post=82300"}],"curies":[{"name":"wp","href":"https:\/\/api.w.org\/{rel}","templated":true}]}}