{"id":82311,"date":"2021-12-14T11:09:12","date_gmt":"2021-12-14T09:09:12","guid":{"rendered":"https:\/\/centcols.org\/lens-suisse-samedi-06-aout-2022-sortie-vtt\/"},"modified":"2025-09-09T13:31:40","modified_gmt":"2025-09-09T11:31:40","slug":"svizzera-2022-obiettivo","status":"publish","type":"post","link":"https:\/\/centcols.org\/it\/suisse-2022-lens\/","title":{"rendered":"Lens, Svizzera, sabato 06 agosto 2022, gita in mountain bike"},"content":{"rendered":"\n<p>D\u00e9part&nbsp;: Lens<\/p>\n\n\n\n<p>Rendez-vous&nbsp;: parking du cimeti\u00e8re, \u00e0 9h30 pour le caf\u00e9, <strong>d\u00e9part \u00e0 10h00.<\/strong><\/p>\n\n\n\n<p>28 km, 1100 m de d\u00e9nivel\u00e9, 3 cols&nbsp;: <\/p>\n\n\n\n<p>Les Golettes CH-VS-1161<br>Pas de l\u2019Ours CH-VS-1520<br>Col de P\u00e9pinet CH-VS-2278<br><strong>La sortie n\u2019a lieu que par beau temps.<\/strong><\/p>\n\n\n\n<figure class=\"wp-block-image size-large\"><img decoding=\"async\" src=\"https:\/\/centcols.org\/wp-content\/uploads\/2021\/12\/image-1.png\" alt=\"\" class=\"wp-image-62039\"\/><\/figure>\n\n\n\n<p>[osm_map_v3 map_center=\u00a0\u00bb46.2768,7.4470&Prime; zoom=\u00a0\u00bb14.0&Prime; width=\u00a0\u00bb95%\u00a0\u00bb height=\u00a0\u00bb450&Prime; map_border=\u00a0\u00bbthin solid blue\u00a0\u00bb post_markers=\u00a0\u00bb1&Prime; control=\u00a0\u00bbfullscreen,scaleline,mouseposition,overview\u00a0\u00bb]<\/p>\n\n\n\n<h3 class=\"wp-block-heading\">Contact<\/h3>\n\n\n\n<p>Pierre Mai<br>Vy de Bi\u00e8re 8<br>CH-1144 Ballens<br>T\u00e9l : +41 21 807 34 17, mobile: +41 76 498 58 73<br>[email]&#x70;&#x6d;&#x61;&#x69;&#x40;&#x62;&#x6c;&#x75;&#x65;&#x77;&#x69;&#110;&#46;&#99;&#104;[\/email]<\/p>\n\n\n\n<p><a href=\"https:\/\/centcols.org\/wp-content\/uploads\/2025\/08\/Rencontres-suisses-2022.pdf\">Compte rendu <\/a><\/p>\n","protected":false},"excerpt":{"rendered":"<p>D\u00e9part&nbsp;: Lens Rendez-vous&nbsp;: parking du cimeti\u00e8re, \u00e0 9h30 pour le caf\u00e9, d\u00e9part \u00e0 10h00. 28 km, 1100 m de d\u00e9nivel\u00e9, 3 cols&nbsp;: Les Golettes CH-VS-1161Pas de l\u2019Ours CH-VS-1520Col de P\u00e9pinet CH-VS-2278La sortie n\u2019a lieu que par beau temps. [osm_map_v3 map_center=\u00a0\u00bb46.2768,7.4470&Prime; zoom=\u00a0\u00bb14.0&Prime; width=\u00a0\u00bb95%\u00a0\u00bb height=\u00a0\u00bb450&Prime; map_border=\u00a0\u00bbthin solid blue\u00a0\u00bb post_markers=\u00a0\u00bb1&Prime; control=\u00a0\u00bbfullscreen,scaleline,mouseposition,overview\u00a0\u00bb] Contact Pierre MaiVy de Bi\u00e8re 8CH-1144 BallensT\u00e9l [&hellip;]<\/p>\n","protected":false},"author":58,"featured_media":82312,"comment_status":"open","ping_status":"open","sticky":false,"template":"","format":"standard","meta":{"_acf_changed":false,"footnotes":""},"categories":[290,135,216],"tags":[],"class_list":["post-82311","post","type-post","status-publish","format-standard","has-post-thumbnail","hentry","category-les-rassemblements-de-2022","category-calendrier","category-rencontres-regionales"],"acf":[],"yoast_head":"<!-- This site is optimized with the Yoast SEO plugin v27.2 - https:\/\/yoast.com\/product\/yoast-seo-wordpress\/ -->\n<title>Lens, Suisse, Samedi 06 ao\u00fbt 2022, Sortie VTT - Club des Cent Cols<\/title>\n<meta name=\"robots\" content=\"index, follow, max-snippet:-1, max-image-preview:large, max-video-preview:-1\" \/>\n<link rel=\"canonical\" href=\"https:\/\/centcols.org\/it\/svizzera-2022-obiettivo\/\" \/>\n<meta property=\"og:locale\" content=\"it_IT\" \/>\n<meta property=\"og:type\" content=\"article\" \/>\n<meta property=\"og:title\" content=\"Lens, Suisse, Samedi 06 ao\u00fbt 2022, Sortie VTT - Club des Cent Cols\" \/>\n<meta property=\"og:description\" content=\"D\u00e9part&nbsp;: Lens Rendez-vous&nbsp;: parking du cimeti\u00e8re, \u00e0 9h30 pour le caf\u00e9, d\u00e9part \u00e0 10h00. 28 km, 1100 m de d\u00e9nivel\u00e9, 3 cols&nbsp;: Les Golettes CH-VS-1161Pas de l\u2019Ours CH-VS-1520Col de P\u00e9pinet CH-VS-2278La sortie n\u2019a lieu que par beau temps. [osm_map_v3 map_center=\u00a0\u00bb46.2768,7.4470&Prime; zoom=\u00a0\u00bb14.0&Prime; width=\u00a0\u00bb95%\u00a0\u00bb height=\u00a0\u00bb450&Prime; map_border=\u00a0\u00bbthin solid blue\u00a0\u00bb post_markers=\u00a0\u00bb1&Prime; control=\u00a0\u00bbfullscreen,scaleline,mouseposition,overview\u00a0\u00bb] Contact Pierre MaiVy de Bi\u00e8re 8CH-1144 BallensT\u00e9l [&hellip;]\" \/>\n<meta property=\"og:url\" content=\"https:\/\/centcols.org\/it\/svizzera-2022-obiettivo\/\" \/>\n<meta property=\"og:site_name\" content=\"Club des Cent Cols\" \/>\n<meta property=\"article:publisher\" content=\"https:\/\/www.facebook.com\/groups\/5261880558\/?locale=fr_FR\" \/>\n<meta property=\"article:published_time\" content=\"2021-12-14T09:09:12+00:00\" \/>\n<meta property=\"article:modified_time\" content=\"2025-09-09T11:31:40+00:00\" \/>\n<meta property=\"og:image\" content=\"https:\/\/centcols.org\/wp-content\/uploads\/2025\/05\/image-1-2.png\" \/>\n\t<meta property=\"og:image:width\" content=\"527\" \/>\n\t<meta property=\"og:image:height\" content=\"334\" \/>\n\t<meta property=\"og:image:type\" content=\"image\/png\" \/>\n<meta name=\"author\" content=\"Enrico Alberini\" \/>\n<meta name=\"twitter:card\" content=\"summary_large_image\" \/>\n<meta name=\"twitter:label1\" content=\"Scritto da\" \/>\n\t<meta name=\"twitter:data1\" content=\"Enrico Alberini\" \/>\n\t<meta name=\"twitter:label2\" content=\"Tempo di lettura stimato\" \/>\n\t<meta name=\"twitter:data2\" content=\"1 minuto\" \/>\n<script type=\"application\/ld+json\" class=\"yoast-schema-graph\">{\"@context\":\"https:\/\/schema.org\",\"@graph\":[{\"@type\":\"Article\",\"@id\":\"https:\/\/centcols.org\/suisse-2022-lens\/#article\",\"isPartOf\":{\"@id\":\"https:\/\/centcols.org\/suisse-2022-lens\/\"},\"author\":{\"name\":\"Enrico Alberini\",\"@id\":\"https:\/\/centcols.org\/#\/schema\/person\/86c3ec6889d88501a29fccac614bebf8\"},\"headline\":\"Lens, Suisse, Samedi 06 ao\u00fbt 2022, Sortie VTT\",\"datePublished\":\"2021-12-14T09:09:12+00:00\",\"dateModified\":\"2025-09-09T11:31:40+00:00\",\"mainEntityOfPage\":{\"@id\":\"https:\/\/centcols.org\/suisse-2022-lens\/\"},\"wordCount\":90,\"commentCount\":0,\"publisher\":{\"@id\":\"https:\/\/centcols.org\/#organization\"},\"image\":{\"@id\":\"https:\/\/centcols.org\/suisse-2022-lens\/#primaryimage\"},\"thumbnailUrl\":\"https:\/\/centcols.org\/wp-content\/uploads\/2025\/05\/image-1-2.png\",\"articleSection\":[\"2022-rassemblements\",\"Calendrier\",\"Rencontres r\u00e9gionales\"],\"inLanguage\":\"it-IT\",\"potentialAction\":[{\"@type\":\"CommentAction\",\"name\":\"Comment\",\"target\":[\"https:\/\/centcols.org\/suisse-2022-lens\/#respond\"]}]},{\"@type\":\"WebPage\",\"@id\":\"https:\/\/centcols.org\/suisse-2022-lens\/\",\"url\":\"https:\/\/centcols.org\/suisse-2022-lens\/\",\"name\":\"Lens, Suisse, Samedi 06 ao\u00fbt 2022, Sortie VTT - Club des Cent Cols\",\"isPartOf\":{\"@id\":\"https:\/\/centcols.org\/#website\"},\"primaryImageOfPage\":{\"@id\":\"https:\/\/centcols.org\/suisse-2022-lens\/#primaryimage\"},\"image\":{\"@id\":\"https:\/\/centcols.org\/suisse-2022-lens\/#primaryimage\"},\"thumbnailUrl\":\"https:\/\/centcols.org\/wp-content\/uploads\/2025\/05\/image-1-2.png\",\"datePublished\":\"2021-12-14T09:09:12+00:00\",\"dateModified\":\"2025-09-09T11:31:40+00:00\",\"breadcrumb\":{\"@id\":\"https:\/\/centcols.org\/suisse-2022-lens\/#breadcrumb\"},\"inLanguage\":\"it-IT\",\"potentialAction\":[{\"@type\":\"ReadAction\",\"target\":[\"https:\/\/centcols.org\/suisse-2022-lens\/\"]}]},{\"@type\":\"ImageObject\",\"inLanguage\":\"it-IT\",\"@id\":\"https:\/\/centcols.org\/suisse-2022-lens\/#primaryimage\",\"url\":\"https:\/\/centcols.org\/wp-content\/uploads\/2025\/05\/image-1-2.png\",\"contentUrl\":\"https:\/\/centcols.org\/wp-content\/uploads\/2025\/05\/image-1-2.png\",\"width\":527,\"height\":334},{\"@type\":\"BreadcrumbList\",\"@id\":\"https:\/\/centcols.org\/suisse-2022-lens\/#breadcrumb\",\"itemListElement\":[{\"@type\":\"ListItem\",\"position\":1,\"name\":\"Accueil\",\"item\":\"https:\/\/centcols.org\/\"},{\"@type\":\"ListItem\",\"position\":2,\"name\":\"Calendrier\",\"item\":\"https:\/\/centcols.org\/rubrique\/calendrier\/\"},{\"@type\":\"ListItem\",\"position\":3,\"name\":\"Lens, Suisse, Samedi 06 ao\u00fbt 2022, Sortie VTT\"}]},{\"@type\":\"WebSite\",\"@id\":\"https:\/\/centcols.org\/#website\",\"url\":\"https:\/\/centcols.org\/\",\"name\":\"Club des Cent Cols\",\"description\":\"\",\"publisher\":{\"@id\":\"https:\/\/centcols.org\/#organization\"},\"potentialAction\":[{\"@type\":\"SearchAction\",\"target\":{\"@type\":\"EntryPoint\",\"urlTemplate\":\"https:\/\/centcols.org\/?s={search_term_string}\"},\"query-input\":{\"@type\":\"PropertyValueSpecification\",\"valueRequired\":true,\"valueName\":\"search_term_string\"}}],\"inLanguage\":\"it-IT\"},{\"@type\":\"Organization\",\"@id\":\"https:\/\/centcols.org\/#organization\",\"name\":\"Club des Cent Cols\",\"url\":\"https:\/\/centcols.org\/\",\"logo\":{\"@type\":\"ImageObject\",\"inLanguage\":\"it-IT\",\"@id\":\"https:\/\/centcols.org\/#\/schema\/logo\/image\/\",\"url\":\"https:\/\/centcols.org\/wp-content\/uploads\/2025\/01\/carte-icone.png\",\"contentUrl\":\"https:\/\/centcols.org\/wp-content\/uploads\/2025\/01\/carte-icone.png\",\"width\":250,\"height\":250,\"caption\":\"Club des Cent Cols\"},\"image\":{\"@id\":\"https:\/\/centcols.org\/#\/schema\/logo\/image\/\"},\"sameAs\":[\"https:\/\/www.facebook.com\/groups\/5261880558\/?locale=fr_FR\"]},{\"@type\":\"Person\",\"@id\":\"https:\/\/centcols.org\/#\/schema\/person\/86c3ec6889d88501a29fccac614bebf8\",\"name\":\"Enrico Alberini\",\"image\":{\"@type\":\"ImageObject\",\"inLanguage\":\"it-IT\",\"@id\":\"https:\/\/centcols.org\/wp-content\/litespeed\/avatar\/1b26e36a18d85acc8b0f860f9628213f.jpg?ver=1777240766\",\"url\":\"https:\/\/centcols.org\/wp-content\/litespeed\/avatar\/1b26e36a18d85acc8b0f860f9628213f.jpg?ver=1777240766\",\"contentUrl\":\"https:\/\/centcols.org\/wp-content\/litespeed\/avatar\/1b26e36a18d85acc8b0f860f9628213f.jpg?ver=1777240766\",\"caption\":\"Enrico Alberini\"},\"url\":\"https:\/\/centcols.org\/it\/author\/5065\/\"}]}<\/script>\n<!-- \/ Yoast SEO plugin. -->","yoast_head_json":{"title":"Lens, Svizzera, sabato 06 agosto 2022, gita in mountain bike - Club des Cent Cols","robots":{"index":"index","follow":"follow","max-snippet":"max-snippet:-1","max-image-preview":"max-image-preview:large","max-video-preview":"max-video-preview:-1"},"canonical":"https:\/\/centcols.org\/it\/svizzera-2022-obiettivo\/","og_locale":"it_IT","og_type":"article","og_title":"Lens, Suisse, Samedi 06 ao\u00fbt 2022, Sortie VTT - Club des Cent Cols","og_description":"D\u00e9part&nbsp;: Lens Rendez-vous&nbsp;: parking du cimeti\u00e8re, \u00e0 9h30 pour le caf\u00e9, d\u00e9part \u00e0 10h00. 28 km, 1100 m de d\u00e9nivel\u00e9, 3 cols&nbsp;: Les Golettes CH-VS-1161Pas de l\u2019Ours CH-VS-1520Col de P\u00e9pinet CH-VS-2278La sortie n\u2019a lieu que par beau temps. [osm_map_v3 map_center=\u00a0\u00bb46.2768,7.4470&Prime; zoom=\u00a0\u00bb14.0&Prime; width=\u00a0\u00bb95%\u00a0\u00bb height=\u00a0\u00bb450&Prime; map_border=\u00a0\u00bbthin solid blue\u00a0\u00bb post_markers=\u00a0\u00bb1&Prime; control=\u00a0\u00bbfullscreen,scaleline,mouseposition,overview\u00a0\u00bb] Contact Pierre MaiVy de Bi\u00e8re 8CH-1144 BallensT\u00e9l [&hellip;]","og_url":"https:\/\/centcols.org\/it\/svizzera-2022-obiettivo\/","og_site_name":"Club des Cent Cols","article_publisher":"https:\/\/www.facebook.com\/groups\/5261880558\/?locale=fr_FR","article_published_time":"2021-12-14T09:09:12+00:00","article_modified_time":"2025-09-09T11:31:40+00:00","og_image":[{"width":527,"height":334,"url":"https:\/\/centcols.org\/wp-content\/uploads\/2025\/05\/image-1-2.png","type":"image\/png"}],"author":"Enrico Alberini","twitter_card":"summary_large_image","twitter_misc":{"Scritto da":"Enrico Alberini","Tempo di lettura stimato":"1 minuto"},"schema":{"@context":"https:\/\/schema.org","@graph":[{"@type":"Article","@id":"https:\/\/centcols.org\/suisse-2022-lens\/#article","isPartOf":{"@id":"https:\/\/centcols.org\/suisse-2022-lens\/"},"author":{"name":"Enrico Alberini","@id":"https:\/\/centcols.org\/#\/schema\/person\/86c3ec6889d88501a29fccac614bebf8"},"headline":"Lens, Suisse, Samedi 06 ao\u00fbt 2022, Sortie VTT","datePublished":"2021-12-14T09:09:12+00:00","dateModified":"2025-09-09T11:31:40+00:00","mainEntityOfPage":{"@id":"https:\/\/centcols.org\/suisse-2022-lens\/"},"wordCount":90,"commentCount":0,"publisher":{"@id":"https:\/\/centcols.org\/#organization"},"image":{"@id":"https:\/\/centcols.org\/suisse-2022-lens\/#primaryimage"},"thumbnailUrl":"https:\/\/centcols.org\/wp-content\/uploads\/2025\/05\/image-1-2.png","articleSection":["2022-rassemblements","Calendrier","Rencontres r\u00e9gionales"],"inLanguage":"it-IT","potentialAction":[{"@type":"CommentAction","name":"Comment","target":["https:\/\/centcols.org\/suisse-2022-lens\/#respond"]}]},{"@type":"WebPage","@id":"https:\/\/centcols.org\/suisse-2022-lens\/","url":"https:\/\/centcols.org\/suisse-2022-lens\/","name":"Lens, Svizzera, sabato 06 agosto 2022, gita in mountain bike - Club des Cent Cols","isPartOf":{"@id":"https:\/\/centcols.org\/#website"},"primaryImageOfPage":{"@id":"https:\/\/centcols.org\/suisse-2022-lens\/#primaryimage"},"image":{"@id":"https:\/\/centcols.org\/suisse-2022-lens\/#primaryimage"},"thumbnailUrl":"https:\/\/centcols.org\/wp-content\/uploads\/2025\/05\/image-1-2.png","datePublished":"2021-12-14T09:09:12+00:00","dateModified":"2025-09-09T11:31:40+00:00","breadcrumb":{"@id":"https:\/\/centcols.org\/suisse-2022-lens\/#breadcrumb"},"inLanguage":"it-IT","potentialAction":[{"@type":"ReadAction","target":["https:\/\/centcols.org\/suisse-2022-lens\/"]}]},{"@type":"ImageObject","inLanguage":"it-IT","@id":"https:\/\/centcols.org\/suisse-2022-lens\/#primaryimage","url":"https:\/\/centcols.org\/wp-content\/uploads\/2025\/05\/image-1-2.png","contentUrl":"https:\/\/centcols.org\/wp-content\/uploads\/2025\/05\/image-1-2.png","width":527,"height":334},{"@type":"BreadcrumbList","@id":"https:\/\/centcols.org\/suisse-2022-lens\/#breadcrumb","itemListElement":[{"@type":"ListItem","position":1,"name":"Accueil","item":"https:\/\/centcols.org\/"},{"@type":"ListItem","position":2,"name":"Calendrier","item":"https:\/\/centcols.org\/rubrique\/calendrier\/"},{"@type":"ListItem","position":3,"name":"Lens, Suisse, Samedi 06 ao\u00fbt 2022, Sortie VTT"}]},{"@type":"WebSite","@id":"https:\/\/centcols.org\/#website","url":"https:\/\/centcols.org\/","name":"Club des Cent Cols","description":"","publisher":{"@id":"https:\/\/centcols.org\/#organization"},"potentialAction":[{"@type":"SearchAction","target":{"@type":"EntryPoint","urlTemplate":"https:\/\/centcols.org\/?s={search_term_string}"},"query-input":{"@type":"PropertyValueSpecification","valueRequired":true,"valueName":"search_term_string"}}],"inLanguage":"it-IT"},{"@type":"Organization","@id":"https:\/\/centcols.org\/#organization","name":"Club des Cent Cols","url":"https:\/\/centcols.org\/","logo":{"@type":"ImageObject","inLanguage":"it-IT","@id":"https:\/\/centcols.org\/#\/schema\/logo\/image\/","url":"https:\/\/centcols.org\/wp-content\/uploads\/2025\/01\/carte-icone.png","contentUrl":"https:\/\/centcols.org\/wp-content\/uploads\/2025\/01\/carte-icone.png","width":250,"height":250,"caption":"Club des Cent Cols"},"image":{"@id":"https:\/\/centcols.org\/#\/schema\/logo\/image\/"},"sameAs":["https:\/\/www.facebook.com\/groups\/5261880558\/?locale=fr_FR"]},{"@type":"Person","@id":"https:\/\/centcols.org\/#\/schema\/person\/86c3ec6889d88501a29fccac614bebf8","name":"Enrico Alberini","image":{"@type":"ImageObject","inLanguage":"it-IT","@id":"https:\/\/centcols.org\/wp-content\/litespeed\/avatar\/1b26e36a18d85acc8b0f860f9628213f.jpg?ver=1777240766","url":"https:\/\/centcols.org\/wp-content\/litespeed\/avatar\/1b26e36a18d85acc8b0f860f9628213f.jpg?ver=1777240766","contentUrl":"https:\/\/centcols.org\/wp-content\/litespeed\/avatar\/1b26e36a18d85acc8b0f860f9628213f.jpg?ver=1777240766","caption":"Enrico Alberini"},"url":"https:\/\/centcols.org\/it\/author\/5065\/"}]}},"_links":{"self":[{"href":"https:\/\/centcols.org\/it\/wp-json\/wp\/v2\/posts\/82311","targetHints":{"allow":["GET"]}}],"collection":[{"href":"https:\/\/centcols.org\/it\/wp-json\/wp\/v2\/posts"}],"about":[{"href":"https:\/\/centcols.org\/it\/wp-json\/wp\/v2\/types\/post"}],"author":[{"embeddable":true,"href":"https:\/\/centcols.org\/it\/wp-json\/wp\/v2\/users\/58"}],"replies":[{"embeddable":true,"href":"https:\/\/centcols.org\/it\/wp-json\/wp\/v2\/comments?post=82311"}],"version-history":[{"count":0,"href":"https:\/\/centcols.org\/it\/wp-json\/wp\/v2\/posts\/82311\/revisions"}],"wp:featuredmedia":[{"embeddable":true,"href":"https:\/\/centcols.org\/it\/wp-json\/wp\/v2\/media\/82312"}],"wp:attachment":[{"href":"https:\/\/centcols.org\/it\/wp-json\/wp\/v2\/media?parent=82311"}],"wp:term":[{"taxonomy":"category","embeddable":true,"href":"https:\/\/centcols.org\/it\/wp-json\/wp\/v2\/categories?post=82311"},{"taxonomy":"post_tag","embeddable":true,"href":"https:\/\/centcols.org\/it\/wp-json\/wp\/v2\/tags?post=82311"}],"curies":[{"name":"wp","href":"https:\/\/api.w.org\/{rel}","templated":true}]}}