{"id":82315,"date":"2021-12-30T10:50:19","date_gmt":"2021-12-30T08:50:19","guid":{"rendered":"https:\/\/centcols.org\/drome-ardeche-vaucluse-col-du-geail-samedi-27-aout-2022\/"},"modified":"2025-09-09T13:31:40","modified_gmt":"2025-09-09T11:31:40","slug":"drome-ardeche-vaucluse-col-du-geail-sabato-27-agosto-2022","status":"publish","type":"post","link":"https:\/\/centcols.org\/it\/drome-ardeche-vaucluse-col-du-geail-samedi-27-aout-2022\/","title":{"rendered":"Dr\u00f4me Ard\u00e8che Vaucluse, Colle del Geail, sabato 27 agosto 2022"},"content":{"rendered":"\n<p>Le rassemblement Dr\u00f4me Ard\u00e8che Vaucluse aura pour cadre le Sud Dr\u00f4me au col du Geail&nbsp;(FR-26-0920) le 27 ao\u00fbt 2022. Petit parking et tables de pique nique pour partager saucissons&nbsp;et fromages.<\/p>\n\n\n\n<p>Le circuit routier est un classique dans cette zone, les participants passeront \u00e0 Saint-Nazaire le D\u00e9sert, La Motte-Chalancon, la sauvage vall\u00e9e du torrent d&rsquo;Arnayon qui permet de monter au col de Pr\u00e9 Guittard. 7 cols pour 55 km. Des cols en option sont atteignables, notamment R1, pour les plus courageux.<\/p>\n\n\n\n<p><br>Le circuit VTT emprunte&nbsp; majoritairement des chemins ou des pistes. 10 cols pour 30 km. Il est possible d&rsquo;ajouter 2 cols sans trop d&rsquo;effort (col du Gorat&nbsp;par exemple). Lors de la reconnaissance nous n&rsquo;avons pas pu aller au col de L&rsquo;Epervier car la personne qui habite la maison en quittant la route nous a oblig\u00e9 \u00e0 faire demi tour. Circuit reconnu en 2021.<\/p>\n\n\n\n<p><br>D\u00e9part pr\u00e9vu \u00e0 9h du col de Geail&nbsp;pour les v\u00e9t\u00e9tistes.&nbsp;Les routiers peuvent se garer au col de Lescou, ils termineront en descente apr\u00e8s le rassemblement. <\/p>\n\n\n\n<p>Les traces :<br>N0 Openrunner VTT&nbsp; 15247120<br>N0 Openrunner route 15247061<\/p>\n\n\n\n<p>.<\/p>\n\n\n\n<h3 class=\"wp-block-heading\">Contact<\/h3>\n\n\n\n<p>Jean-Marie Gilouin<br>06 31 79 01 06<br>[email]b&#106;&#109;&#x2e;&#x63;&#x65;n&#116;&#99;&#x6f;&#x6c;&#x73;&#64;g&#109;&#x61;&#x69;&#x6c;&#46;c&#111;&#109;[\/email]<\/p>\n\n\n\n<p><a href=\"https:\/\/centcols.org\/wp-content\/uploads\/2025\/08\/Rencontre-regionale-Drome-Ard-Vau.pdf\">Compte rendu<\/a><\/p>\n","protected":false},"excerpt":{"rendered":"<p>Le rassemblement Dr\u00f4me Ard\u00e8che Vaucluse aura pour cadre le Sud Dr\u00f4me au col du Geail&nbsp;(FR-26-0920) le 27 ao\u00fbt 2022. Petit parking et tables de pique nique pour partager saucissons&nbsp;et fromages. Le circuit routier est un classique dans cette zone, les participants passeront \u00e0 Saint-Nazaire le D\u00e9sert, La Motte-Chalancon, la sauvage vall\u00e9e du torrent d&rsquo;Arnayon qui [&hellip;]<\/p>\n","protected":false},"author":58,"featured_media":84206,"comment_status":"open","ping_status":"closed","sticky":false,"template":"","format":"standard","meta":{"_acf_changed":false,"footnotes":""},"categories":[290,135,216],"tags":[],"class_list":["post-82315","post","type-post","status-publish","format-standard","has-post-thumbnail","hentry","category-les-rassemblements-de-2022","category-calendrier","category-rencontres-regionales"],"acf":[],"yoast_head":"<!-- This site is optimized with the Yoast SEO plugin v27.2 - https:\/\/yoast.com\/product\/yoast-seo-wordpress\/ -->\n<title>Dr\u00f4me Ard\u00e8che Vaucluse, col du Geail, samedi 27 ao\u00fbt 2022 - Club des Cent Cols<\/title>\n<meta name=\"robots\" content=\"index, follow, max-snippet:-1, max-image-preview:large, max-video-preview:-1\" \/>\n<link rel=\"canonical\" href=\"https:\/\/centcols.org\/it\/drome-ardeche-vaucluse-col-du-geail-sabato-27-agosto-2022\/\" \/>\n<meta property=\"og:locale\" content=\"it_IT\" \/>\n<meta property=\"og:type\" content=\"article\" \/>\n<meta property=\"og:title\" content=\"Dr\u00f4me Ard\u00e8che Vaucluse, col du Geail, samedi 27 ao\u00fbt 2022 - Club des Cent Cols\" \/>\n<meta property=\"og:description\" content=\"Le rassemblement Dr\u00f4me Ard\u00e8che Vaucluse aura pour cadre le Sud Dr\u00f4me au col du Geail&nbsp;(FR-26-0920) le 27 ao\u00fbt 2022. Petit parking et tables de pique nique pour partager saucissons&nbsp;et fromages. Le circuit routier est un classique dans cette zone, les participants passeront \u00e0 Saint-Nazaire le D\u00e9sert, La Motte-Chalancon, la sauvage vall\u00e9e du torrent d&rsquo;Arnayon qui [&hellip;]\" \/>\n<meta property=\"og:url\" content=\"https:\/\/centcols.org\/it\/drome-ardeche-vaucluse-col-du-geail-sabato-27-agosto-2022\/\" \/>\n<meta property=\"og:site_name\" content=\"Club des Cent Cols\" \/>\n<meta property=\"article:publisher\" content=\"https:\/\/www.facebook.com\/groups\/5261880558\/?locale=fr_FR\" \/>\n<meta property=\"article:published_time\" content=\"2021-12-30T08:50:19+00:00\" \/>\n<meta property=\"article:modified_time\" content=\"2025-09-09T11:31:40+00:00\" \/>\n<meta property=\"og:image\" content=\"https:\/\/centcols.org\/wp-content\/uploads\/2021\/12\/32011.jpg\" \/>\n\t<meta property=\"og:image:width\" content=\"800\" \/>\n\t<meta property=\"og:image:height\" content=\"600\" \/>\n\t<meta property=\"og:image:type\" content=\"image\/jpeg\" \/>\n<meta name=\"author\" content=\"Enrico Alberini\" \/>\n<meta name=\"twitter:card\" content=\"summary_large_image\" \/>\n<meta name=\"twitter:label1\" content=\"Scritto da\" \/>\n\t<meta name=\"twitter:data1\" content=\"Enrico Alberini\" \/>\n\t<meta name=\"twitter:label2\" content=\"Tempo di lettura stimato\" \/>\n\t<meta name=\"twitter:data2\" content=\"2 minuti\" \/>\n<script type=\"application\/ld+json\" class=\"yoast-schema-graph\">{\"@context\":\"https:\/\/schema.org\",\"@graph\":[{\"@type\":\"Article\",\"@id\":\"https:\/\/centcols.org\/drome-ardeche-vaucluse-col-du-geail-samedi-27-aout-2022\/#article\",\"isPartOf\":{\"@id\":\"https:\/\/centcols.org\/drome-ardeche-vaucluse-col-du-geail-samedi-27-aout-2022\/\"},\"author\":{\"name\":\"Enrico Alberini\",\"@id\":\"https:\/\/centcols.org\/#\/schema\/person\/86c3ec6889d88501a29fccac614bebf8\"},\"headline\":\"Dr\u00f4me Ard\u00e8che Vaucluse, col du Geail, samedi 27 ao\u00fbt 2022\",\"datePublished\":\"2021-12-30T08:50:19+00:00\",\"dateModified\":\"2025-09-09T11:31:40+00:00\",\"mainEntityOfPage\":{\"@id\":\"https:\/\/centcols.org\/drome-ardeche-vaucluse-col-du-geail-samedi-27-aout-2022\/\"},\"wordCount\":216,\"commentCount\":0,\"publisher\":{\"@id\":\"https:\/\/centcols.org\/#organization\"},\"image\":{\"@id\":\"https:\/\/centcols.org\/drome-ardeche-vaucluse-col-du-geail-samedi-27-aout-2022\/#primaryimage\"},\"thumbnailUrl\":\"https:\/\/centcols.org\/wp-content\/uploads\/2021\/12\/32011.jpg\",\"articleSection\":[\"2022-rassemblements\",\"Calendrier\",\"Rencontres r\u00e9gionales\"],\"inLanguage\":\"it-IT\",\"potentialAction\":[{\"@type\":\"CommentAction\",\"name\":\"Comment\",\"target\":[\"https:\/\/centcols.org\/drome-ardeche-vaucluse-col-du-geail-samedi-27-aout-2022\/#respond\"]}]},{\"@type\":\"WebPage\",\"@id\":\"https:\/\/centcols.org\/drome-ardeche-vaucluse-col-du-geail-samedi-27-aout-2022\/\",\"url\":\"https:\/\/centcols.org\/drome-ardeche-vaucluse-col-du-geail-samedi-27-aout-2022\/\",\"name\":\"Dr\u00f4me Ard\u00e8che Vaucluse, col du Geail, samedi 27 ao\u00fbt 2022 - Club des Cent Cols\",\"isPartOf\":{\"@id\":\"https:\/\/centcols.org\/#website\"},\"primaryImageOfPage\":{\"@id\":\"https:\/\/centcols.org\/drome-ardeche-vaucluse-col-du-geail-samedi-27-aout-2022\/#primaryimage\"},\"image\":{\"@id\":\"https:\/\/centcols.org\/drome-ardeche-vaucluse-col-du-geail-samedi-27-aout-2022\/#primaryimage\"},\"thumbnailUrl\":\"https:\/\/centcols.org\/wp-content\/uploads\/2021\/12\/32011.jpg\",\"datePublished\":\"2021-12-30T08:50:19+00:00\",\"dateModified\":\"2025-09-09T11:31:40+00:00\",\"breadcrumb\":{\"@id\":\"https:\/\/centcols.org\/drome-ardeche-vaucluse-col-du-geail-samedi-27-aout-2022\/#breadcrumb\"},\"inLanguage\":\"it-IT\",\"potentialAction\":[{\"@type\":\"ReadAction\",\"target\":[\"https:\/\/centcols.org\/drome-ardeche-vaucluse-col-du-geail-samedi-27-aout-2022\/\"]}]},{\"@type\":\"ImageObject\",\"inLanguage\":\"it-IT\",\"@id\":\"https:\/\/centcols.org\/drome-ardeche-vaucluse-col-du-geail-samedi-27-aout-2022\/#primaryimage\",\"url\":\"https:\/\/centcols.org\/wp-content\/uploads\/2021\/12\/32011.jpg\",\"contentUrl\":\"https:\/\/centcols.org\/wp-content\/uploads\/2021\/12\/32011.jpg\",\"width\":800,\"height\":600},{\"@type\":\"BreadcrumbList\",\"@id\":\"https:\/\/centcols.org\/drome-ardeche-vaucluse-col-du-geail-samedi-27-aout-2022\/#breadcrumb\",\"itemListElement\":[{\"@type\":\"ListItem\",\"position\":1,\"name\":\"Accueil\",\"item\":\"https:\/\/centcols.org\/\"},{\"@type\":\"ListItem\",\"position\":2,\"name\":\"Calendrier\",\"item\":\"https:\/\/centcols.org\/rubrique\/calendrier\/\"},{\"@type\":\"ListItem\",\"position\":3,\"name\":\"Dr\u00f4me Ard\u00e8che Vaucluse, col du Geail, samedi 27 ao\u00fbt 2022\"}]},{\"@type\":\"WebSite\",\"@id\":\"https:\/\/centcols.org\/#website\",\"url\":\"https:\/\/centcols.org\/\",\"name\":\"Club des Cent Cols\",\"description\":\"\",\"publisher\":{\"@id\":\"https:\/\/centcols.org\/#organization\"},\"potentialAction\":[{\"@type\":\"SearchAction\",\"target\":{\"@type\":\"EntryPoint\",\"urlTemplate\":\"https:\/\/centcols.org\/?s={search_term_string}\"},\"query-input\":{\"@type\":\"PropertyValueSpecification\",\"valueRequired\":true,\"valueName\":\"search_term_string\"}}],\"inLanguage\":\"it-IT\"},{\"@type\":\"Organization\",\"@id\":\"https:\/\/centcols.org\/#organization\",\"name\":\"Club des Cent Cols\",\"url\":\"https:\/\/centcols.org\/\",\"logo\":{\"@type\":\"ImageObject\",\"inLanguage\":\"it-IT\",\"@id\":\"https:\/\/centcols.org\/#\/schema\/logo\/image\/\",\"url\":\"https:\/\/centcols.org\/wp-content\/uploads\/2025\/01\/carte-icone.png\",\"contentUrl\":\"https:\/\/centcols.org\/wp-content\/uploads\/2025\/01\/carte-icone.png\",\"width\":250,\"height\":250,\"caption\":\"Club des Cent Cols\"},\"image\":{\"@id\":\"https:\/\/centcols.org\/#\/schema\/logo\/image\/\"},\"sameAs\":[\"https:\/\/www.facebook.com\/groups\/5261880558\/?locale=fr_FR\"]},{\"@type\":\"Person\",\"@id\":\"https:\/\/centcols.org\/#\/schema\/person\/86c3ec6889d88501a29fccac614bebf8\",\"name\":\"Enrico Alberini\",\"image\":{\"@type\":\"ImageObject\",\"inLanguage\":\"it-IT\",\"@id\":\"https:\/\/centcols.org\/wp-content\/litespeed\/avatar\/1b26e36a18d85acc8b0f860f9628213f.jpg?ver=1777240766\",\"url\":\"https:\/\/centcols.org\/wp-content\/litespeed\/avatar\/1b26e36a18d85acc8b0f860f9628213f.jpg?ver=1777240766\",\"contentUrl\":\"https:\/\/centcols.org\/wp-content\/litespeed\/avatar\/1b26e36a18d85acc8b0f860f9628213f.jpg?ver=1777240766\",\"caption\":\"Enrico Alberini\"},\"url\":\"https:\/\/centcols.org\/it\/author\/5065\/\"}]}<\/script>\n<!-- \/ Yoast SEO plugin. -->","yoast_head_json":{"title":"Dr\u00f4me Ard\u00e8che Vaucluse, passo del Geail, sabato 27 agosto 2022 - Club des Cent Cols","robots":{"index":"index","follow":"follow","max-snippet":"max-snippet:-1","max-image-preview":"max-image-preview:large","max-video-preview":"max-video-preview:-1"},"canonical":"https:\/\/centcols.org\/it\/drome-ardeche-vaucluse-col-du-geail-sabato-27-agosto-2022\/","og_locale":"it_IT","og_type":"article","og_title":"Dr\u00f4me Ard\u00e8che Vaucluse, col du Geail, samedi 27 ao\u00fbt 2022 - Club des Cent Cols","og_description":"Le rassemblement Dr\u00f4me Ard\u00e8che Vaucluse aura pour cadre le Sud Dr\u00f4me au col du Geail&nbsp;(FR-26-0920) le 27 ao\u00fbt 2022. Petit parking et tables de pique nique pour partager saucissons&nbsp;et fromages. Le circuit routier est un classique dans cette zone, les participants passeront \u00e0 Saint-Nazaire le D\u00e9sert, La Motte-Chalancon, la sauvage vall\u00e9e du torrent d&rsquo;Arnayon qui [&hellip;]","og_url":"https:\/\/centcols.org\/it\/drome-ardeche-vaucluse-col-du-geail-sabato-27-agosto-2022\/","og_site_name":"Club des Cent Cols","article_publisher":"https:\/\/www.facebook.com\/groups\/5261880558\/?locale=fr_FR","article_published_time":"2021-12-30T08:50:19+00:00","article_modified_time":"2025-09-09T11:31:40+00:00","og_image":[{"width":800,"height":600,"url":"https:\/\/centcols.org\/wp-content\/uploads\/2021\/12\/32011.jpg","type":"image\/jpeg"}],"author":"Enrico Alberini","twitter_card":"summary_large_image","twitter_misc":{"Scritto da":"Enrico Alberini","Tempo di lettura stimato":"2 minuti"},"schema":{"@context":"https:\/\/schema.org","@graph":[{"@type":"Article","@id":"https:\/\/centcols.org\/drome-ardeche-vaucluse-col-du-geail-samedi-27-aout-2022\/#article","isPartOf":{"@id":"https:\/\/centcols.org\/drome-ardeche-vaucluse-col-du-geail-samedi-27-aout-2022\/"},"author":{"name":"Enrico Alberini","@id":"https:\/\/centcols.org\/#\/schema\/person\/86c3ec6889d88501a29fccac614bebf8"},"headline":"Dr\u00f4me Ard\u00e8che Vaucluse, col du Geail, samedi 27 ao\u00fbt 2022","datePublished":"2021-12-30T08:50:19+00:00","dateModified":"2025-09-09T11:31:40+00:00","mainEntityOfPage":{"@id":"https:\/\/centcols.org\/drome-ardeche-vaucluse-col-du-geail-samedi-27-aout-2022\/"},"wordCount":216,"commentCount":0,"publisher":{"@id":"https:\/\/centcols.org\/#organization"},"image":{"@id":"https:\/\/centcols.org\/drome-ardeche-vaucluse-col-du-geail-samedi-27-aout-2022\/#primaryimage"},"thumbnailUrl":"https:\/\/centcols.org\/wp-content\/uploads\/2021\/12\/32011.jpg","articleSection":["2022-rassemblements","Calendrier","Rencontres r\u00e9gionales"],"inLanguage":"it-IT","potentialAction":[{"@type":"CommentAction","name":"Comment","target":["https:\/\/centcols.org\/drome-ardeche-vaucluse-col-du-geail-samedi-27-aout-2022\/#respond"]}]},{"@type":"WebPage","@id":"https:\/\/centcols.org\/drome-ardeche-vaucluse-col-du-geail-samedi-27-aout-2022\/","url":"https:\/\/centcols.org\/drome-ardeche-vaucluse-col-du-geail-samedi-27-aout-2022\/","name":"Dr\u00f4me Ard\u00e8che Vaucluse, passo del Geail, sabato 27 agosto 2022 - Club des Cent Cols","isPartOf":{"@id":"https:\/\/centcols.org\/#website"},"primaryImageOfPage":{"@id":"https:\/\/centcols.org\/drome-ardeche-vaucluse-col-du-geail-samedi-27-aout-2022\/#primaryimage"},"image":{"@id":"https:\/\/centcols.org\/drome-ardeche-vaucluse-col-du-geail-samedi-27-aout-2022\/#primaryimage"},"thumbnailUrl":"https:\/\/centcols.org\/wp-content\/uploads\/2021\/12\/32011.jpg","datePublished":"2021-12-30T08:50:19+00:00","dateModified":"2025-09-09T11:31:40+00:00","breadcrumb":{"@id":"https:\/\/centcols.org\/drome-ardeche-vaucluse-col-du-geail-samedi-27-aout-2022\/#breadcrumb"},"inLanguage":"it-IT","potentialAction":[{"@type":"ReadAction","target":["https:\/\/centcols.org\/drome-ardeche-vaucluse-col-du-geail-samedi-27-aout-2022\/"]}]},{"@type":"ImageObject","inLanguage":"it-IT","@id":"https:\/\/centcols.org\/drome-ardeche-vaucluse-col-du-geail-samedi-27-aout-2022\/#primaryimage","url":"https:\/\/centcols.org\/wp-content\/uploads\/2021\/12\/32011.jpg","contentUrl":"https:\/\/centcols.org\/wp-content\/uploads\/2021\/12\/32011.jpg","width":800,"height":600},{"@type":"BreadcrumbList","@id":"https:\/\/centcols.org\/drome-ardeche-vaucluse-col-du-geail-samedi-27-aout-2022\/#breadcrumb","itemListElement":[{"@type":"ListItem","position":1,"name":"Accueil","item":"https:\/\/centcols.org\/"},{"@type":"ListItem","position":2,"name":"Calendrier","item":"https:\/\/centcols.org\/rubrique\/calendrier\/"},{"@type":"ListItem","position":3,"name":"Dr\u00f4me Ard\u00e8che Vaucluse, col du Geail, samedi 27 ao\u00fbt 2022"}]},{"@type":"WebSite","@id":"https:\/\/centcols.org\/#website","url":"https:\/\/centcols.org\/","name":"Club des Cent Cols","description":"","publisher":{"@id":"https:\/\/centcols.org\/#organization"},"potentialAction":[{"@type":"SearchAction","target":{"@type":"EntryPoint","urlTemplate":"https:\/\/centcols.org\/?s={search_term_string}"},"query-input":{"@type":"PropertyValueSpecification","valueRequired":true,"valueName":"search_term_string"}}],"inLanguage":"it-IT"},{"@type":"Organization","@id":"https:\/\/centcols.org\/#organization","name":"Club des Cent Cols","url":"https:\/\/centcols.org\/","logo":{"@type":"ImageObject","inLanguage":"it-IT","@id":"https:\/\/centcols.org\/#\/schema\/logo\/image\/","url":"https:\/\/centcols.org\/wp-content\/uploads\/2025\/01\/carte-icone.png","contentUrl":"https:\/\/centcols.org\/wp-content\/uploads\/2025\/01\/carte-icone.png","width":250,"height":250,"caption":"Club des Cent Cols"},"image":{"@id":"https:\/\/centcols.org\/#\/schema\/logo\/image\/"},"sameAs":["https:\/\/www.facebook.com\/groups\/5261880558\/?locale=fr_FR"]},{"@type":"Person","@id":"https:\/\/centcols.org\/#\/schema\/person\/86c3ec6889d88501a29fccac614bebf8","name":"Enrico Alberini","image":{"@type":"ImageObject","inLanguage":"it-IT","@id":"https:\/\/centcols.org\/wp-content\/litespeed\/avatar\/1b26e36a18d85acc8b0f860f9628213f.jpg?ver=1777240766","url":"https:\/\/centcols.org\/wp-content\/litespeed\/avatar\/1b26e36a18d85acc8b0f860f9628213f.jpg?ver=1777240766","contentUrl":"https:\/\/centcols.org\/wp-content\/litespeed\/avatar\/1b26e36a18d85acc8b0f860f9628213f.jpg?ver=1777240766","caption":"Enrico Alberini"},"url":"https:\/\/centcols.org\/it\/author\/5065\/"}]}},"_links":{"self":[{"href":"https:\/\/centcols.org\/it\/wp-json\/wp\/v2\/posts\/82315","targetHints":{"allow":["GET"]}}],"collection":[{"href":"https:\/\/centcols.org\/it\/wp-json\/wp\/v2\/posts"}],"about":[{"href":"https:\/\/centcols.org\/it\/wp-json\/wp\/v2\/types\/post"}],"author":[{"embeddable":true,"href":"https:\/\/centcols.org\/it\/wp-json\/wp\/v2\/users\/58"}],"replies":[{"embeddable":true,"href":"https:\/\/centcols.org\/it\/wp-json\/wp\/v2\/comments?post=82315"}],"version-history":[{"count":0,"href":"https:\/\/centcols.org\/it\/wp-json\/wp\/v2\/posts\/82315\/revisions"}],"wp:featuredmedia":[{"embeddable":true,"href":"https:\/\/centcols.org\/it\/wp-json\/wp\/v2\/media\/84206"}],"wp:attachment":[{"href":"https:\/\/centcols.org\/it\/wp-json\/wp\/v2\/media?parent=82315"}],"wp:term":[{"taxonomy":"category","embeddable":true,"href":"https:\/\/centcols.org\/it\/wp-json\/wp\/v2\/categories?post=82315"},{"taxonomy":"post_tag","embeddable":true,"href":"https:\/\/centcols.org\/it\/wp-json\/wp\/v2\/tags?post=82315"}],"curies":[{"name":"wp","href":"https:\/\/api.w.org\/{rel}","templated":true}]}}