{"id":82324,"date":"2022-02-08T11:48:37","date_gmt":"2022-02-08T09:48:37","guid":{"rendered":"https:\/\/centcols.org\/sejour-dete-a-sare-02-au-09-juillet-2022\/"},"modified":"2025-08-23T16:19:25","modified_gmt":"2025-08-23T14:19:25","slug":"soggiorno-2022-sare","status":"publish","type":"post","link":"https:\/\/centcols.org\/it\/sejour-2022-sare\/","title":{"rendered":"Soggiorno estivo a Sare, dal 02 al 09 luglio 2022"},"content":{"rendered":"\n<p><span style=\"color: #808080;\">Ont contribu\u00e9 \u00e0 cette page de pr\u00e9sentation du s\u00e9jour Enrico Alberini, Jean Luc Matte, Christophe Badonnel et les responsables informatiques.<\/span><\/p>\n\n\n\n<p><span style=\"color: #000000;\">Le s\u00e9jour d\u2019\u00e9t\u00e9 2022 se d\u00e9roulera du 02 au 09 juillet \u00e0 Sare dans le d\u00e9partement des Pyr\u00e9n\u00e9es-Atlantiques. Il a \u00e9t\u00e9 pr\u00e9par\u00e9 par une petite \u00e9quipe locale : Corinne et Roland Dameron, Serge Capdessus et Philippe Garcia.<\/span><\/p>\n\n\n\n<p><span style=\"color: #000000;\">La commune est situ\u00e9e \u00e0 l&rsquo;extr\u00e8me Sud-Ouest du territoire fran\u00e7ais dans le d\u00e9partement des Pyr\u00e9n\u00e9es-Atlantiques \u00e0 la fronti\u00e8re avec l&rsquo;Espagne (Navarre).<br><\/span><\/p>\n\n\n\n<figure class=\"wp-block-gallery has-nested-images columns-2 is-cropped wp-block-gallery-1 is-layout-flex wp-block-gallery-is-layout-flex\">\n<figure class=\"wp-block-image size-full\"><a href=\"https:\/\/centcols.org\/wp-content\/uploads\/2022\/02\/siuation-sare.jpg\"><img loading=\"lazy\" decoding=\"async\" width=\"1059\" height=\"553\" data-id=\"85888\" src=\"https:\/\/centcols.org\/wp-content\/uploads\/2022\/02\/siuation-sare.jpg\" alt=\"\" class=\"wp-image-85888\" srcset=\"https:\/\/centcols.org\/wp-content\/uploads\/2022\/02\/siuation-sare.jpg 1059w, https:\/\/centcols.org\/wp-content\/uploads\/2022\/02\/siuation-sare-768x401.jpg 768w\" sizes=\"auto, (max-width: 1059px) 100vw, 1059px\" \/><\/a><figcaption class=\"wp-element-caption\">situation Sare<\/figcaption><\/figure>\n\n\n\n<figure class=\"wp-block-image size-full\"><a href=\"https:\/\/centcols.org\/wp-content\/uploads\/2022\/02\/DSC05870.jpg\"><img loading=\"lazy\" decoding=\"async\" width=\"1200\" height=\"675\" data-id=\"85903\" src=\"https:\/\/centcols.org\/wp-content\/uploads\/2022\/02\/DSC05870.jpg\" alt=\"\" class=\"wp-image-85903\" srcset=\"https:\/\/centcols.org\/wp-content\/uploads\/2022\/02\/DSC05870.jpg 1200w, https:\/\/centcols.org\/wp-content\/uploads\/2022\/02\/DSC05870-768x432.jpg 768w\" sizes=\"auto, (max-width: 1200px) 100vw, 1200px\" \/><\/a><figcaption class=\"wp-element-caption\">\u00a9 Eric Gaba Wikimedia<\/figcaption><\/figure>\n\n\n\n<figure class=\"wp-block-image size-large\"><img loading=\"lazy\" decoding=\"async\" width=\"1200\" height=\"675\" data-id=\"85894\" src=\"https:\/\/centcols.org\/wp-content\/uploads\/2022\/02\/vue-densemble.jpg\" alt=\"\" class=\"wp-image-85894\" srcset=\"https:\/\/centcols.org\/wp-content\/uploads\/2022\/02\/vue-densemble.jpg 1200w, https:\/\/centcols.org\/wp-content\/uploads\/2022\/02\/vue-densemble-768x432.jpg 768w\" sizes=\"auto, (max-width: 1200px) 100vw, 1200px\" \/><figcaption class=\"wp-element-caption\">village de Sare \u00a9 office de tourisme Pays Basque<\/figcaption><\/figure>\n<\/figure>\n\n\n\n<p><span style=\"color: #000000;\">Nous s\u00e9journerons dans le village vacances VVF, \u00ab\u00a0Club Intense le Pays Basque\u00a0\u00bb<br><\/span><\/p>\n\n\n<p>[mapsmarker marker=\u00a0\u00bb46&Prime;]<\/p>\n\n\n\n<p><span style=\"color: #000000;\">Vous trouverez ci-dessous les rubriques :<\/span><\/p>\n\n\n\n<ul class=\"wp-block-list\">\n<li><span style=\"color: #000000;\">Pr\u00e9sentation de la r\u00e9gion<\/span><\/li>\n\n\n\n<li><a href=\"\/membres\/cctours\/tours.php?lieu=Sare&amp;an=2022\" target=\"_blank\" rel=\"noopener\">Les circuits<\/a>, <a href=\"\/membres\/cctours\/tours.php?lieu=Sare&amp;an=2022&amp;genre=R\" target=\"_blank\" rel=\"noopener\">routiers<\/a> et <a href=\"\/membres\/cctours\/tours.php?lieu=Sare&amp;an=2022&amp;genre=V\" target=\"_blank\" rel=\"noopener\">VTT<\/a><\/li>\n\n\n\n<li><span style=\"color: #000000;\">H\u00e9bergement<\/span><\/li>\n\n\n\n<li><span style=\"color: #000000;\">Note du Conseil d&rsquo;Administration<\/span><\/li>\n\n\n\n<li><span style=\"color: #000000;\">Inscriptions<\/span><\/li>\n\n\n\n<li><span style=\"color: #000000;\">Autres activit\u00e9s ou visites&nbsp; &nbsp;<\/span><\/li>\n<\/ul>\n\n\n\n<h2 class=\"wp-block-heading\">Pr\u00e9sentation de la r\u00e9gion :<\/h2>\n\n\n\n<p>Localit\u00e9 des Pyr\u00e9n\u00e9es-Atlantiques, en r\u00e9gion Nouvelle-Aquitaine et au c\u0153ur du Pays basque, <a href=\"https:\/\/www.mairiedesare.fr\/fr\/\" target=\"_blank\" rel=\"noreferrer noopener\"><strong>Sare<\/strong><\/a> est adoss\u00e9 \u00e0 la montagne pyr\u00e9n\u00e9enne. D&rsquo;une superficie de quelque 50 km\u00b2, le territoire communal partage 25 km de fronti\u00e8re avec l&rsquo;Espagne au sein de laquelle il est \u00e0 demi enclav\u00e9. A l&rsquo;ext\u00e9rieur du village qu&rsquo;aimaient fr\u00e9quenter Napol\u00e9on III et \u00c9douard VII et que le romancier Pierre Loti prit pour mod\u00e8le dans \u00ab\u00a0Ramuntcho\u00a0\u00bb, une d\u00e9couverte des montagnes qui le dominent s&rsquo;impose. On peut d\u00e9buter par la Rhune, qui culmine \u00e0 905 m, et qui offre un panorama remarquable sur les c\u00f4tes. A pied, il faut compter au moins deux heures\u2026.Mais il est \u00e9galement possible au d\u00e9part du col de Saint-Ignace d&#8217;emprunter <a href=\"https:\/\/www.rhune.com\/fr\/\" target=\"_blank\" rel=\"noreferrer noopener\"><strong>le train de la Rhune<\/strong><\/a> (dont les wagons datent des ann\u00e9es 1920), un mus\u00e9e ferroviaire en tant que tel, qui escalade la montagne en 35 minutes et qui permet de b\u00e9n\u00e9ficier de vues splendides sur la vall\u00e9e, la mer ou les poneys sauvages et vautours&#8230;Le col de lizarietta o\u00f9 se d\u00e9roulera le rassemblement annuel du club des cent cols, est r\u00e9put\u00e9 pour sa faune (palombes) et sa for\u00eat de ch\u00eanes. Un peu plus loin le Col d&rsquo;Ibardin, le Col des Abeilles, le Col des Veaux , Esteberen Lepoa ainsi que beaucoup d&rsquo;autres sont \u00e0 d\u00e9couvrir notamment du c\u00f4t\u00e9 espagnol. Enfin, le site de Lezeko Gaina, refuge de moult esp\u00e8ces prot\u00e9g\u00e9es, alterne cr\u00eates et vallons. Quant \u00e0 la mer (l&rsquo;oc\u00e9an Atlantique), elle n&rsquo;est distante que d&rsquo;une quinzaine de kilom\u00e8tres (Saint-Jean-de-Luz ). Membre de l&rsquo;association des \u00ab\u00a0Plus beaux villages de France\u00a0\u00bb, Sare compte un peu plus de 2500 habitants et son activit\u00e9 fut longtemps li\u00e9e \u00e0 l&rsquo;agriculture pastorale (\u00e9levage sur les p\u00e2turages de montagne). Une mine fut \u00e9galement exploit\u00e9e d\u00e8s le Moyen \u00c2ge en raison du caract\u00e8re g\u00e9ologique du sous-sol, o\u00f9 des grottes ont \u00e9t\u00e9 mises au jour. Plus r\u00e9cemment, une unit\u00e9 de traitement de la laine a \u00e9t\u00e9 implant\u00e9e. Pour autant, si le pass\u00e9 fut parfois tragique (d\u00e9portation des habitants sous la \u00ab\u00a0R\u00e9volution Fran\u00e7aise\u00a0\u00bb soup\u00e7onn\u00e9s d&rsquo;entretenir des liens avec les Navarrais frontaliers puis perc\u00e9e ennemie men\u00e9e par les Anglais lors de la guerre d&rsquo;ind\u00e9pendance espagnole), Sare est d\u00e9sormais une localit\u00e9 pris\u00e9e pour son patrimoine naturel et b\u00e2ti, qui en fait une \u00e9tape touristique de premier choix. Dans le village, o\u00f9 certaines maisons datent du XVe, outre les nombreux ponts, lavoirs et oratoires, on s&rsquo;attardera au niveau de l&rsquo;\u00e9glise Saint-martin, agrandie et rehauss\u00e9e au XVIIe, dot\u00e9e d&rsquo;une tour \u00e0 cinq \u00e9tages.A l&rsquo;int\u00e9rieur, trois \u00e9tages de galeries en ch\u00eane sculpt\u00e9 et leurs balustres en bois tourn\u00e9 retiennent l&rsquo;attention. Le clocher, d\u00e9truit par un incendie, a \u00e9t\u00e9 r\u00e9cemment reconstruit et se visite chaque lundi, en \u00e9t\u00e9, \u00e0 11 heures.<\/p>\n\n\n\n<p>A l&rsquo;\u00e9cart du bourg, la chapelle Sainte-Catherine a \u00e9t\u00e9 reb\u00e2tie au XVIIe sur les bases d&rsquo;un \u00e9difice plus ancien (XVe). Elle comporte \u00e9galement des \u00e9tages en bois. Elle n&rsquo;est ouverte que pour la f\u00eate de la Sainte Catherine, fin novembre.Outre le fronton pr\u00e8s de l&rsquo;\u00e9glise, plusieurs fois restaur\u00e9, qui permet la pratique de la pelote basque, une visite du village est aussi l&rsquo;opportunit\u00e9 d&rsquo;admirer de nombreux linteaux sculpt\u00e9s sur les fa\u00e7ades (comportant la date grav\u00e9e de la construction de l&rsquo;habitation priv\u00e9e ou du b\u00e2timent). A noter par ailleurs qu&rsquo;une visite guid\u00e9e d\u00e9taill\u00e9e du village est possible, avec au programme l&rsquo;\u00e9vocation des trafics de contrebande de jadis et la visite de la ferme aux fresques, d\u00e9cor\u00e9e en 1936 par des r\u00e9fugi\u00e9s fuyant le franquisme. Autres id\u00e9es de visite : <strong><a href=\"https:\/\/www.ortillopitz.fr\/\" target=\"_blank\" rel=\"noreferrer noopener\">la maison Ortillopitz<\/a><\/strong>,<\/p>\n\n\n\n<p>une habitation basque typique du XVIIe vous propose de d\u00e9couvrir la vie basque d&rsquo;autrefois, \u00e0 travers la visite du chai d\u00e9di\u00e9 au cidre, de la vaste cuisine, du bureau-salle de r\u00e9ception de l&rsquo;armateur, des chambres, du grenier, mais aussi du verger et du potager \u00e0 l&rsquo;ancienne.Les grottes pr\u00e9historiques, avec cheminement sous forme de son et lumi\u00e8re et \u00e9vocation, dans le mus\u00e9e qui jouxte le site, de l&rsquo;\u00e9volution humaine depuis la Pr\u00e9histoire.Dans des registres diff\u00e9rents, <strong><a href=\"https:\/\/www.parcanimalieretxola.fr\/\" target=\"_blank\" rel=\"noreferrer noopener\">le parc animalier Etxola<\/a><\/strong> (buffles, dromadaires, lamas&#8230; que l&rsquo;on peut approcher en famille) et le mus\u00e9e du g\u00e2teau basque (qui propose des ateliers et cours de p\u00e2tisserie) sont aussi int\u00e9ressants.<\/p>\n\n\n\n<p>Enfin, en ce riche terroir, gourmets et gourmands ne manqueront pas le march\u00e9 de producteurs qui a lieu les vendredis de 16h30 \u00e0 20h30 de mai \u00e0 octobre. De quoi d\u00e9couvrir fromage de brebis et de ch\u00e8vre, yaourts, l\u00e9gumes, charcuterie salaisons, viandes de porc, veau, b\u0153uf, agneau, piment d&rsquo;Espelette, confitures&#8230;L&rsquo;\u00e9t\u00e9, des artisans locaux proposent \u00e9galement leur production<\/p>\n\n\n\n<h2 class=\"wp-block-heading\">Circuits :<\/h2>\n\n\n\n<p><a href=\"\/membres\/cctours\/tours.php?lieu=Sare&amp;an=2022&amp;genre=R\" target=\"_blank\" rel=\"noreferrer noopener\">Parcours route<\/a><\/p>\n\n\n\n<p>vue d&rsquo;ensemble des parcours routiers<\/p>\n\n\n<div class=\"wp-block-image\">\n<figure class=\"aligncenter size-full\"><a href=\"https:\/\/centcols.org\/wp-content\/uploads\/2022\/02\/CARTE-ROUTE-500x282-1.png\"><img loading=\"lazy\" decoding=\"async\" width=\"500\" height=\"282\" src=\"https:\/\/centcols.org\/wp-content\/uploads\/2022\/02\/CARTE-ROUTE-500x282-1.png\" alt=\"\" class=\"wp-image-85892\"\/><\/a><\/figure>\n<\/div>\n\n\n<p><a href=\"\/membres\/cctours\/tours.php?lieu=Sare&amp;an=2022&amp;genre=V\" target=\"_blank\" rel=\"noreferrer noopener\">Parcours VTT<\/a><\/p>\n\n\n\n<p>vue d&rsquo;ensemble des parcours VTT<\/p>\n\n\n<div class=\"wp-block-image\">\n<figure class=\"aligncenter size-full\"><a href=\"https:\/\/centcols.org\/wp-content\/uploads\/2022\/02\/CARTE-VTT-500x280-1.png\"><img loading=\"lazy\" decoding=\"async\" width=\"500\" height=\"280\" src=\"https:\/\/centcols.org\/wp-content\/uploads\/2022\/02\/CARTE-VTT-500x280-1.png\" alt=\"\" class=\"wp-image-85893\"\/><\/a><\/figure>\n<\/div>\n\n\n<h3 class=\"wp-block-heading\">Le rassemblement international annuel<\/h3>\n\n\n\n<p>Le traditionnel rassemblement international annuel aura lieu le samedi 09 juillet 2022 \u00e0 partir de 11H00 au <a href=\"https:\/\/centcols.org\/util\/geo\/visu.php?code=FR-64-0441\" target=\"_blank\" rel=\"noreferrer noopener\">Col de Lizarrieta FR-64-0441<\/a>. Nous avons n\u00e9goci\u00e9 avec le VVF pour que nous soit servi \u00ab\u00a0un buffet ap\u00e9ritif\u00a0\u00bb sur place. Ce buffet ne sera pas ouvert uniquement aux personnes inscrites en pension compl\u00e8te. Tous nos membres pourront en b\u00e9n\u00e9ficier, il suffira juste de s&rsquo;inscrire \u00e0 ce repas d\u00e9port\u00e9 au prix de 14 euros (voir \u00e0 la rubrique inscriptions).<\/p>\n\n\n\n<h2 class=\"wp-block-heading\">H\u00e9bergement<\/h2>\n\n\n\n<p>Apr\u00e8s le s\u00e9jour de Bielle en 2017, nous sommes de retour dans les Pyr\u00e9n\u00e9es Atlantiques. Nous serons h\u00e9berg\u00e9s au centre &nbsp;VVF Le Pays Basque Omordia qui s&rsquo;int\u00e8gre au c\u0153ur du bourg de Sare, petit village typiquement basque, class\u00e9 parmi les plus beaux villages de France.<\/p>\n\n\n\n<div class=\"wp-block-columns is-layout-flex wp-container-core-columns-is-layout-9d6595d7 wp-block-columns-is-layout-flex\">\n<div class=\"wp-block-column is-layout-flow wp-block-column-is-layout-flow\" style=\"flex-basis:66.66%\">\n<p>Le cadre lui aussi m\u00e9rite des \u00e9loges : \u00e0 14 km de l&rsquo;oc\u00e9an, au pied du massif de la Rhune, aux portes de l&rsquo;Espagne ! Le village se compose d\u2019un ensemble de 2 ou 3 niveaux de style basque.Vous serez log\u00e9s \u00e0 deux par chambre. Le linge de toilette et de lit est fourni. <strong>&#8211;<\/strong><\/p>\n\n\n\n<p>VVF<strong> &#8211; <\/strong>Ormodia<strong> &#8211;<\/strong> 64310 Sare Tel : +33 (0)5 59 54 20 95. Courriel : accu&#101;&#105;&#108;&#46;&#115;&#x61;&#x72;&#x65;&#x40;&#x76;&#x76;&#x66;vill&#97;&#103;&#101;&#115;&#46;&#x66;&#x72;.<\/p>\n\n\n\n<p><a href=\"https:\/\/www.vvf-villages.fr\/villages-vacances\/vacances-sare-vvf-villages.html\">https:\/\/www.vvf-villages.fr\/villages-vacances\/vacances-sare-vvf-villages.html<\/a><\/p>\n\n\n\n<figure class=\"wp-block-gallery has-nested-images columns-3 is-cropped wp-block-gallery-2 is-layout-flex wp-block-gallery-is-layout-flex\">\n<figure class=\"wp-block-image size-full\"><a href=\"https:\/\/centcols.org\/wp-content\/uploads\/2022\/02\/vue-densemble.jpg\"><img loading=\"lazy\" decoding=\"async\" width=\"1200\" height=\"675\" data-id=\"85894\" src=\"https:\/\/centcols.org\/wp-content\/uploads\/2022\/02\/vue-densemble.jpg\" alt=\"\" class=\"wp-image-85894\" srcset=\"https:\/\/centcols.org\/wp-content\/uploads\/2022\/02\/vue-densemble.jpg 1200w, https:\/\/centcols.org\/wp-content\/uploads\/2022\/02\/vue-densemble-768x432.jpg 768w\" sizes=\"auto, (max-width: 1200px) 100vw, 1200px\" \/><\/a><figcaption class=\"wp-element-caption\">\u00a9 VVF vue d&rsquo;ensemble<\/figcaption><\/figure>\n\n\n\n<figure class=\"wp-block-image size-full\"><a href=\"https:\/\/centcols.org\/wp-content\/uploads\/2022\/02\/Sare-38-1.jpg\"><img loading=\"lazy\" decoding=\"async\" width=\"1200\" height=\"675\" data-id=\"85895\" src=\"https:\/\/centcols.org\/wp-content\/uploads\/2022\/02\/Sare-38-1.jpg\" alt=\"\" class=\"wp-image-85895\" srcset=\"https:\/\/centcols.org\/wp-content\/uploads\/2022\/02\/Sare-38-1.jpg 1200w, https:\/\/centcols.org\/wp-content\/uploads\/2022\/02\/Sare-38-1-768x432.jpg 768w\" sizes=\"auto, (max-width: 1200px) 100vw, 1200px\" \/><\/a><figcaption class=\"wp-element-caption\">\u00a9 VVF<\/figcaption><\/figure>\n\n\n\n<figure class=\"wp-block-image size-full\"><a href=\"https:\/\/centcols.org\/wp-content\/uploads\/2022\/02\/restaurant.jpg\"><img loading=\"lazy\" decoding=\"async\" width=\"1200\" height=\"675\" data-id=\"85896\" src=\"https:\/\/centcols.org\/wp-content\/uploads\/2022\/02\/restaurant.jpg\" alt=\"\" class=\"wp-image-85896\" srcset=\"https:\/\/centcols.org\/wp-content\/uploads\/2022\/02\/restaurant.jpg 1200w, https:\/\/centcols.org\/wp-content\/uploads\/2022\/02\/restaurant-768x432.jpg 768w\" sizes=\"auto, (max-width: 1200px) 100vw, 1200px\" \/><\/a><figcaption class=\"wp-element-caption\">\u00a9 VVF restaurant<\/figcaption><\/figure>\n<\/figure>\n<\/div>\n\n\n\n<div class=\"wp-block-column is-layout-flow wp-block-column-is-layout-flow\" style=\"flex-basis:33.33%\">\n<h2 class=\"wp-block-heading has-text-align-center\">Note du Conseil d\u2019Administration<\/h2>\n\n\n\n<p>Si vous prenez en charge votre h\u00e9bergement ailleurs qu\u2019au village vacances, pensez \u00e0 souscrire au \u00ab\u00a0forfait frais d&rsquo;organisations\u00a0\u00bb :<\/p>\n\n\n\n<ol class=\"wp-block-list\">\n<li>Pour pouvoir dimensionner correctement les \u00e9v\u00e9nements en commun (s\u00e9ances d\u2019informations, pots d\u2019accueil et de d\u00e9part).<\/li>\n\n\n\n<li>Pour pouvoir vous mettre \u00e0 disposition le livret du s\u00e9jour<\/li>\n\n\n\n<li>Pour une r\u00e9partition adapt\u00e9e des co\u00fbts de pr\u00e9paration et d\u2019organisation.<\/li>\n<\/ol>\n<\/div>\n<\/div>\n\n\n\n<h3 class=\"wp-block-heading\">Autres h\u00e9bergements<\/h3>\n\n\n\n<figure class=\"wp-block-image size-full is-resized\"><a href=\"https:\/\/centcols.org\/wp-content\/uploads\/2022\/02\/situation-campings.jpg\"><img loading=\"lazy\" decoding=\"async\" width=\"1078\" height=\"541\" src=\"https:\/\/centcols.org\/wp-content\/uploads\/2022\/02\/situation-campings.jpg\" alt=\"\" class=\"wp-image-85897\" style=\"width:600px\" srcset=\"https:\/\/centcols.org\/wp-content\/uploads\/2022\/02\/situation-campings.jpg 1078w, https:\/\/centcols.org\/wp-content\/uploads\/2022\/02\/situation-campings-768x385.jpg 768w\" sizes=\"auto, (max-width: 1078px) 100vw, 1078px\" \/><\/a><\/figure>\n\n\n\n<h6 class=\"wp-block-heading\">&#8211; camping de la petite Rhune &#8211; Quartier Lehenbiscay &#8211; Maison Esponda &#8211; 64310 Sare<\/h6>\n\n\n\n<h6 class=\"wp-block-heading\"><a href=\"https:\/\/www.lapetiterhune.com\/\" target=\"_blank\" rel=\"noreferrer noopener\">https:\/\/www.lapetiterhune.com\/<\/a><\/h6>\n\n\n\n<h6 class=\"wp-block-heading\">&#8211; camping Goyenetche &#8211; route des Grottes &#8211; 64310 Sare<\/h6>\n\n\n\n<h6 class=\"wp-block-heading\"><a href=\"https:\/\/campinggoyenetche6.wixsite.com\/camping-goyenetche\" target=\"_blank\" rel=\"noreferrer noopener\">https:\/\/campinggoyenetche6.wixsite.com\/camping-goyenetche<\/a><\/h6>\n\n\n\n<h6 class=\"wp-block-heading\">&#8211; camping Tellechea &#8211; route de la venta Berrouet &#8211; 64310 Sare<\/h6>\n\n\n\n<h6 class=\"wp-block-heading\"><a href=\"https:\/\/campingtellechea.wixsite.com\/monsite\" target=\"_blank\" rel=\"noreferrer noopener\">https:\/\/campingtellechea.wixsite.com\/monsite<\/a><\/h6>\n\n\n\n<h2 class=\"wp-block-heading\">Inscriptions<\/h2>\n\n\n\n<p>Pour vous inscrire, t\u00e9l\u00e9chargez le bulletin d\u2019inscription PDF avec le lien ci-dessous. Attention, le bulletin d&rsquo;inscription comprend deux pages : l&rsquo;inscription proprement dite (veillez \u00e0 bien remplir toutes les rubriques qui vous concernent et \u00e0 signer au bas de la page), et les conditions particuli\u00e8res que vous voudrez bien signer \u00e9galement. Si vous envisagez de vous faire accompagner par votre compagnon\/compagne, veillez bien \u00e0 l&rsquo;inscrire <strong>auparavant<\/strong> comme membre associ\u00e9 aupr\u00e8s de votre D\u00e9l\u00e9gu\u00e9 Territorial ou National et n\u2019oubliez pas de mettre son N\u00b0 de membre associ\u00e9 dans la case pr\u00e9vue. \u00ab\u00a0Le Forfait Frais d&rsquo;Organisation\u00a0\u00bb doit \u00eatre souscrit par tous les membres participant au s\u00e9jour (qu\u2019ils choisissent la pension compl\u00e8te, le forfait 7 d\u00eeners, ou qu\u2019ils se logent et se nourrissent par leur propres moyens) \u00e0 l\u2019exception des seuls membres associ\u00e9s (d\u00e9cision du CA du 26 septembre 2020). Ce forfait est une participation \u00e0 toutes les prestations et services dont ils b\u00e9n\u00e9ficient en prenant part au s\u00e9jour : co\u00fbt de la pr\u00e9paration du s\u00e9jour et des circuits, \u00e9dition des cartes affich\u00e9es et du trombinoscope, pot d&rsquo;accueil et pot de fin de s\u00e9jour, plaquette du s\u00e9jour, organisation des activit\u00e9s des accompagnants, assurance du Club, etc.<\/p>\n\n\n\n<p>Les s\u00e9jours n\u2019\u00e9tant accessibles, pour des raisons l\u00e9gales, qu\u2019aux seuls membres du Club, veillez \u00e0 \u00eatre <strong>\u00e0 jour de cotisation<\/strong> avant d\u2019envoyer votre bulletin d\u2019inscription<\/p>\n\n\n\n<p>Vous pouvez choisir les formules :<\/p>\n\n\n\n<ul class=\"wp-block-list\">\n<li>\u00ab\u00a0Pension Compl\u00e8te\u00a0\u00bb \u00e0 475 \u20ac auquel vous devez rajouter le forfait \u00ab\u00a0frais d&rsquo;organisation\u00a0\u00bb \u00e0 27,50 \u20ac soit un total de 502,50 euros<\/li>\n\n\n\n<li>\u00ab\u00a0Forfait 7 d\u00eeners\u00a0\u00bb \u00e0 111 \u20ac si vous vous logez par vos propres moyens mais souhaitez partager les d\u00eeners avec vos amis. Vous devez rajouter le forfait \u00ab\u00a0frais d&rsquo;organisation \u00e0 27,50 \u20ac soit un total de 138,50 euros<\/li>\n\n\n\n<li>Souscription facultative \u00e0 l&rsquo;assurance Gritchen (2,34 % du montant des prestations avec un minimum de 8\u20ac par personne soit 16\u20ac pour un couple)<\/li>\n\n\n\n<li>\u00ab\u00a0Forfait frais d&rsquo;organisation\u00a0\u00bb \u00e0 27,50 \u20ac si vous logez et assurez vos d\u00eeners par vos propres moyens<\/li>\n<\/ul>\n\n\n\n<p>Si, et seulement si, un participant n&rsquo;est <strong>pas licenci\u00e9 FFCT<\/strong>, il convient de prendre en plus pour celui-ci l&rsquo;assurance obligatoire \u00e0 7\u20ac. Vous pouvez r\u00e9gler le montant de l&rsquo;inscription <strong>par ch\u00e8que ou par virement<\/strong> sur le compte du Club. Compte tenu des frais suppl\u00e9mentaires factur\u00e9s par l&rsquo;organisme qui le g\u00e8re, nous ne prenons pas de paiement par PayPal. <strong>L&rsquo;affectation des membres<\/strong> se fait dans l&rsquo;ordre d&rsquo;envoi du ch\u00e8que ou d&rsquo;\u00e9mission du virement. Pour le premier, c&rsquo;est le cachet de la Poste qui fait foi, pour le second, veillez \u00e0 nous envoyer une copie de l&rsquo;ordre de virement. Si le s\u00e9jour est complet, une liste d&rsquo;attente est mise en place, elle fonctionne avec les m\u00eames r\u00e8gles de priorit\u00e9 d&rsquo;affectation que les inscriptions directes. <strong>Trombinoscope :<\/strong> Si vous n&rsquo;avez pas encore fourni votre photo pour le <strong>trombinoscope <\/strong>et souhaitez y figurer, penser \u00e0 cocher la case correspondante et \u00e0 nous faire parvenir par mail une photo au format JPG. Des <strong>informations compl\u00e9mentaires<\/strong> seront diffus\u00e9es ult\u00e9rieurement sur le site que vous pouvez consulter r\u00e9guli\u00e8rement. A chaque fois le responsable des s\u00e9jours met un petit mail sur la liste de diffusion. Si vous souhaitez recevoir ces mails, nous vous invitons \u00e0 <strong>vous inscrire sur la liste de diffusion<\/strong>, si vous ne l&rsquo;avez pas encore fait. <strong>Si vous avez des questions<\/strong> n&rsquo;h\u00e9sitez pas \u00e0 appeler le responsable du s\u00e9jour : +33 6 78 87 33 67.<\/p>\n\n\n\n<h3 class=\"wp-block-heading\">T\u00e9l\u00e9charger le bulletin :<\/h3>\n\n\n\n<ul class=\"wp-block-list\">\n<li><strong>Bulletin<\/strong> <strong>d\u2019Inscription Sare en fran\u00e7ais<\/strong><\/li>\n\n\n\n<li>Booking form Sare in English<\/li>\n\n\n\n<li>Modulo d\u2019iscrizione Sare in italiano<\/li>\n<\/ul>\n\n\n\n<p><strong>La date limite de r\u00e9ception des inscriptions a \u00e9t\u00e9 fix\u00e9e au 02 mai 2022.<\/strong><\/p>\n\n\n\n<p>Vous pouvez feuilleter <a href=\"\/wp-content\/uploads\/2025\/08\/livret-sare-definitif.pdf\"><strong>ici<\/strong> le Livret<\/a> qui sera distribu\u00e9 lors du s\u00e9jour et qui contient, outre les messages de bienvenue, des informations sur la r\u00e9gion et sur l&rsquo;acc\u00e8s, des \u00e9l\u00e9ments sur la s\u00e9curit\u00e9 et le descriptif d\u00e9taill\u00e9 des circuits.<\/p>\n\n\n\n<h2 class=\"wp-block-heading\">Autres activit\u00e9s ou visites<\/h2>\n\n\n\n<p>D\u00e9couverte du patrimoine<\/p>\n\n\n\n<ul class=\"wp-block-list\">\n<li><strong>\u00e9glise Saint-Martin<\/strong> : une des plus belles \u00e9glises du Labourd, situ\u00e9e au coeur du village. Majestueuse avec sa tour \u00e0 cinq \u00e9tages. A l&rsquo;int\u00e9rieur, trois \u00e9tages de galeries en ch\u00eane sculpt\u00e9 et leurs balustres en bois tourn\u00e9. Visite du clocher tous les lundis de l&rsquo;\u00e9t\u00e9 \u00e0 11H00.<\/li>\n\n\n\n<li><strong>Lavoirs<\/strong> : sur la commune, il existe plusieurs anciens lavoirs publics ou priv\u00e9s. Ils \u00e9taient essentiels \u00e0 la vie du village.Ces derni\u00e8res ann\u00e9es, la commune en a restaur\u00e9 plusieurs.<\/li>\n\n\n\n<li><strong>Ponts m\u00e9di\u00e9vaux<\/strong> : le plus connu des ponts se trouvant sur la commune de Sare est nomm\u00e9 Granada (Granadako zubia), il se situe au quartier Istilarte \u00e0 1.5km du centre du village, sur la route des grottes de Sare.<\/li>\n\n\n\n<li><strong>Fronton<\/strong> : Face \u00e0 la mairie et proche de l&rsquo;\u00e9glise se trouve le fronton. La pelote basque est un sport tr\u00e8s pratiqu\u00e9 aujourd&rsquo;hui encore dans la culture basque. Comme dans tous les villages basques, Sare poss\u00e8de son fronton. Il y en a eu quatre dont deux ont disparu. Le plus ancien date de 1803, a \u00e9t\u00e9 r\u00e9hauss\u00e9 en 1902 puis restaur\u00e9 de nombreuses fois entre 1919 et 1999. Le nouveau fronton datant de 1977 poss\u00e8de deux murs, pour jouer au rebot (une des nombreuses sp\u00e9cialit\u00e9s de la pelote).<\/li>\n\n\n\n<li><strong>Montagne de la Rhune<\/strong> : Montagne mythique du Pays Basque, avec un sommet \u00e0 905m d&rsquo;altitude dominant \u00e0 perte de vue les c\u00f4tes fran\u00e7aises et espagnoles ; offrant ainsi un tr\u00e8s beau panorama par temps d\u00e9gag\u00e9. Ascension possible gr\u00e2ce au train \u00e0 cr\u00e9maill\u00e8re, au d\u00e9part du col de Saint Ignace, ou \u00e0 pied au d\u00e9part des villages de Sare, Ascain ou Urrugne (entre 2h, 2h30 d&rsquo;ascension environ avec 700m de d\u00e9nivel\u00e9).<\/li>\n<\/ul>\n\n\n\n<figure class=\"wp-block-gallery has-nested-images columns-3 is-cropped wp-block-gallery-3 is-layout-flex wp-block-gallery-is-layout-flex\">\n<figure class=\"wp-block-image size-full\"><a href=\"https:\/\/centcols.org\/wp-content\/uploads\/2022\/02\/ortillopitz-biais-google.jpg\"><img loading=\"lazy\" decoding=\"async\" width=\"1200\" height=\"750\" data-id=\"85898\" src=\"https:\/\/centcols.org\/wp-content\/uploads\/2022\/02\/ortillopitz-biais-google.jpg\" alt=\"\" class=\"wp-image-85898\" srcset=\"https:\/\/centcols.org\/wp-content\/uploads\/2022\/02\/ortillopitz-biais-google.jpg 1200w, https:\/\/centcols.org\/wp-content\/uploads\/2022\/02\/ortillopitz-biais-google-768x480.jpg 768w\" sizes=\"auto, (max-width: 1200px) 100vw, 1200px\" \/><\/a><figcaption class=\"wp-element-caption\">maison Ortillopitz \u00a9 office de tourisme Pays Basque<\/figcaption><\/figure>\n\n\n\n<figure class=\"wp-block-image size-full\"><a href=\"https:\/\/centcols.org\/wp-content\/uploads\/2022\/02\/Sare-eglise-Yoni.jpg\"><img loading=\"lazy\" decoding=\"async\" width=\"1200\" height=\"675\" data-id=\"85899\" src=\"https:\/\/centcols.org\/wp-content\/uploads\/2022\/02\/Sare-eglise-Yoni.jpg\" alt=\"\" class=\"wp-image-85899\" srcset=\"https:\/\/centcols.org\/wp-content\/uploads\/2022\/02\/Sare-eglise-Yoni.jpg 1200w, https:\/\/centcols.org\/wp-content\/uploads\/2022\/02\/Sare-eglise-Yoni-768x432.jpg 768w\" sizes=\"auto, (max-width: 1200px) 100vw, 1200px\" \/><\/a><figcaption class=\"wp-element-caption\">\u00e9glise Saint-Martin \u00a9 office de tourisme Pays Basque<\/figcaption><\/figure>\n\n\n\n<figure class=\"wp-block-image size-full\"><a href=\"https:\/\/centcols.org\/wp-content\/uploads\/2022\/02\/Sare-village-fronton-Yoni.jpg\"><img loading=\"lazy\" decoding=\"async\" width=\"1200\" height=\"675\" data-id=\"85900\" src=\"https:\/\/centcols.org\/wp-content\/uploads\/2022\/02\/Sare-village-fronton-Yoni.jpg\" alt=\"\" class=\"wp-image-85900\" srcset=\"https:\/\/centcols.org\/wp-content\/uploads\/2022\/02\/Sare-village-fronton-Yoni.jpg 1200w, https:\/\/centcols.org\/wp-content\/uploads\/2022\/02\/Sare-village-fronton-Yoni-768x432.jpg 768w\" sizes=\"auto, (max-width: 1200px) 100vw, 1200px\" \/><\/a><figcaption class=\"wp-element-caption\">fronton \u00a9 office de tourisme Pays Basque<\/figcaption><\/figure>\n<\/figure>\n\n\n\n<p>Sites \u00e0 visiter<\/p>\n\n\n\n<ul class=\"wp-block-list\">\n<li>l<a href=\"https:\/\/www.grottesdesare.fr\/\" target=\"_blank\" rel=\"noreferrer noopener\"><strong>es Grottes pr\u00e9historiques de Sare<\/strong><\/a> :Vous pourrez entendre, dans les profondeurs de la terre, l&rsquo;\u00e9cho d&rsquo;une aventure humaine qui dure depuis des mill\u00e9naires !&nbsp; La visite guid\u00e9e en son et lumi\u00e8re s&rsquo;adresse aux petits et grands et s\u2019effectue le long d\u2019un parcours s\u00e9curis\u00e9, enti\u00e8rement am\u00e9nag\u00e9. Elle dure 1h et aborde G\u00e9ologie, Pr\u00e9histoire, Mythologie et Origines du peuple basque.<br>Le mus\u00e9e de site et le parc m\u00e9galithique vous permettront de compl\u00e9ter la visite guid\u00e9e, en acc\u00e8s libre.<\/li>\n\n\n\n<li><strong>Fresque Guernica<\/strong> : En allant de la mairie vers le fronton, en longeant son c\u00f4t\u00e9 gauche, on d\u00e9couvre en contrebas une peinture murale dont les dimensions sont loin d\u2019\u00eatre anecdotiques. Il s\u2019agit d\u2019une reproduction du tableau \u00abGernika\u00bb de Picasso un peu moins imposante n\u00e9anmoins que l\u2019original (5,43 sur 2,24 m contre 7,77 sur 3,49).<\/li>\n\n\n\n<li>Ortillopitz, <a href=\"https:\/\/www.ortillopitz.fr\/\" target=\"_blank\" rel=\"noreferrer noopener\"><strong>la Maison Basque de Sare<\/strong><\/a> du XVIIi\u00e8me si\u00e8cle : Authentique maison basque, construite en 1660 au centre de son domaine de plusieurs hectares.<\/li>\n\n\n\n<li><a href=\"https:\/\/teoua.com\/\" target=\"_blank\" rel=\"noreferrer noopener\"><strong>T\u00e9oua Factory<\/strong><\/a> : atelier d&rsquo;artiste\/galerie<\/li>\n\n\n\n<li><a href=\"https:\/\/www.parcanimalieretxola.fr\/\" target=\"_blank\" rel=\"noreferrer noopener\"><strong>Parc animalier d&rsquo;Etxola<\/strong><\/a> : le parc vous propose de venir d\u00e9couvrir, approcher et caresser les nombreuses races d&rsquo;animaux domestiques venues du mode entier<\/li>\n\n\n\n<li><strong><a href=\"https:\/\/www.rhune.com\/fr\/\" target=\"_blank\" rel=\"noreferrer noopener\">Train de la Rhune<\/a><\/strong> : cet authentique train \u00e0 cr\u00e9maill\u00e8re de collection datant de 1924 vous am\u00e8ne, \u00e0 905 m\u00e8tres d&rsquo;altitude, sur le sommet mythique du Pays basque. Ici, vous dominez \u00e0 perte de vue les c\u00f4tes fran\u00e7aises et espagnoles ainsi que la cha\u00eene des Pyr\u00e9n\u00e9es.<\/li>\n\n\n\n<li><a href=\"https:\/\/www.legateaubasque.com\/\" target=\"_blank\" rel=\"noreferrer noopener\"><strong>le mus\u00e9e du G\u00e2teau Basque<\/strong><\/a> : c&rsquo;est un Chef P\u00e2tissier qui vous fait l&rsquo;int\u00e9gralit\u00e9 de la visite guid\u00e9e, sans oublier sa d\u00e9gustation.<\/li>\n<\/ul>\n\n\n\n<figure class=\"wp-block-gallery has-nested-images columns-2 is-cropped wp-block-gallery-4 is-layout-flex wp-block-gallery-is-layout-flex\">\n<figure class=\"wp-block-image size-full\"><a href=\"https:\/\/centcols.org\/wp-content\/uploads\/2022\/02\/Grottes-de-Sare-5-Alain-MIRANDA.jpg\"><img loading=\"lazy\" decoding=\"async\" width=\"1200\" height=\"675\" data-id=\"85901\" src=\"https:\/\/centcols.org\/wp-content\/uploads\/2022\/02\/Grottes-de-Sare-5-Alain-MIRANDA.jpg\" alt=\"\" class=\"wp-image-85901\" srcset=\"https:\/\/centcols.org\/wp-content\/uploads\/2022\/02\/Grottes-de-Sare-5-Alain-MIRANDA.jpg 1200w, https:\/\/centcols.org\/wp-content\/uploads\/2022\/02\/Grottes-de-Sare-5-Alain-MIRANDA-768x432.jpg 768w\" sizes=\"auto, (max-width: 1200px) 100vw, 1200px\" \/><\/a><figcaption class=\"wp-element-caption\">grottes pr\u00e9historiques \u00a9 office de tourisme Pays Basque<\/figcaption><\/figure>\n\n\n\n<figure class=\"wp-block-image size-full\"><a href=\"https:\/\/centcols.org\/wp-content\/uploads\/2022\/02\/DSC9903.jpg\"><img loading=\"lazy\" decoding=\"async\" width=\"1200\" height=\"798\" data-id=\"85902\" src=\"https:\/\/centcols.org\/wp-content\/uploads\/2022\/02\/DSC9903.jpg\" alt=\"\" class=\"wp-image-85902\" srcset=\"https:\/\/centcols.org\/wp-content\/uploads\/2022\/02\/DSC9903.jpg 1200w, https:\/\/centcols.org\/wp-content\/uploads\/2022\/02\/DSC9903-768x511.jpg 768w\" sizes=\"auto, (max-width: 1200px) 100vw, 1200px\" \/><\/a><figcaption class=\"wp-element-caption\">g\u00e2teau basque \u00a9 office de tourisme Pays Basque<\/figcaption><\/figure>\n<\/figure>\n","protected":false},"excerpt":{"rendered":"<p>Ont contribu\u00e9 \u00e0 cette page de pr\u00e9sentation du s\u00e9jour Enrico Alberini, Jean Luc Matte, Christophe Badonnel et les responsables informatiques. Le s\u00e9jour d\u2019\u00e9t\u00e9 2022 se d\u00e9roulera du 02 au 09 juillet \u00e0 Sare dans le d\u00e9partement des Pyr\u00e9n\u00e9es-Atlantiques. Il a \u00e9t\u00e9 pr\u00e9par\u00e9 par une petite \u00e9quipe locale : Corinne et Roland Dameron, Serge Capdessus et [&hellip;]<\/p>\n","protected":false},"author":64,"featured_media":83254,"comment_status":"closed","ping_status":"open","sticky":false,"template":"","format":"standard","meta":{"_acf_changed":false,"footnotes":""},"categories":[349,378,135,377,379,231],"tags":[],"class_list":["post-82324","post","type-post","status-publish","format-standard","has-post-thumbnail","hentry","category-france-pays-sejours","category-nouvelle-aquitaine-region-sejours","category-calendrier","category-64-pyrenees-atlantiques","category-pyrenees-massif-sejours","category-sejours"],"acf":[],"yoast_head":"<!-- This site is optimized with the Yoast SEO plugin v27.2 - https:\/\/yoast.com\/product\/yoast-seo-wordpress\/ -->\n<title>S\u00e9jour d&#039;\u00e9t\u00e9 \u00e0 Sare, 02 au 09 juillet 2022 - Club des Cent Cols<\/title>\n<meta name=\"robots\" content=\"index, follow, max-snippet:-1, max-image-preview:large, max-video-preview:-1\" \/>\n<link rel=\"canonical\" href=\"https:\/\/centcols.org\/it\/soggiorno-2022-sare\/\" \/>\n<meta property=\"og:locale\" content=\"it_IT\" \/>\n<meta property=\"og:type\" content=\"article\" \/>\n<meta property=\"og:title\" content=\"S\u00e9jour d&#039;\u00e9t\u00e9 \u00e0 Sare, 02 au 09 juillet 2022 - Club des Cent Cols\" \/>\n<meta property=\"og:description\" content=\"Ont contribu\u00e9 \u00e0 cette page de pr\u00e9sentation du s\u00e9jour Enrico Alberini, Jean Luc Matte, Christophe Badonnel et les responsables informatiques. Le s\u00e9jour d\u2019\u00e9t\u00e9 2022 se d\u00e9roulera du 02 au 09 juillet \u00e0 Sare dans le d\u00e9partement des Pyr\u00e9n\u00e9es-Atlantiques. Il a \u00e9t\u00e9 pr\u00e9par\u00e9 par une petite \u00e9quipe locale : Corinne et Roland Dameron, Serge Capdessus et [&hellip;]\" \/>\n<meta property=\"og:url\" content=\"https:\/\/centcols.org\/it\/soggiorno-2022-sare\/\" \/>\n<meta property=\"og:site_name\" content=\"Club des Cent Cols\" \/>\n<meta property=\"article:publisher\" content=\"https:\/\/www.facebook.com\/groups\/5261880558\/?locale=fr_FR\" \/>\n<meta property=\"article:published_time\" content=\"2022-02-08T09:48:37+00:00\" \/>\n<meta property=\"article:modified_time\" content=\"2025-08-23T14:19:25+00:00\" \/>\n<meta property=\"og:image\" content=\"https:\/\/centcols.org\/wp-content\/uploads\/2022\/02\/Sare01.jpg\" \/>\n\t<meta property=\"og:image:width\" content=\"1200\" \/>\n\t<meta property=\"og:image:height\" content=\"675\" \/>\n\t<meta property=\"og:image:type\" content=\"image\/jpeg\" \/>\n<meta name=\"author\" content=\"Christophe Badonnel\" \/>\n<meta name=\"twitter:card\" content=\"summary_large_image\" \/>\n<meta name=\"twitter:label1\" content=\"Scritto da\" \/>\n\t<meta name=\"twitter:data1\" content=\"Christophe Badonnel\" \/>\n\t<meta name=\"twitter:label2\" content=\"Tempo di lettura stimato\" \/>\n\t<meta name=\"twitter:data2\" content=\"16 minuti\" \/>\n<script type=\"application\/ld+json\" class=\"yoast-schema-graph\">{\"@context\":\"https:\/\/schema.org\",\"@graph\":[{\"@type\":\"Article\",\"@id\":\"https:\/\/centcols.org\/sejour-2022-sare\/#article\",\"isPartOf\":{\"@id\":\"https:\/\/centcols.org\/sejour-2022-sare\/\"},\"author\":{\"name\":\"Christophe Badonnel\",\"@id\":\"https:\/\/centcols.org\/#\/schema\/person\/5c1a9d61132fb33ccec149272abff6e1\"},\"headline\":\"S\u00e9jour d&rsquo;\u00e9t\u00e9 \u00e0 Sare, 02 au 09 juillet 2022\",\"datePublished\":\"2022-02-08T09:48:37+00:00\",\"dateModified\":\"2025-08-23T14:19:25+00:00\",\"mainEntityOfPage\":{\"@id\":\"https:\/\/centcols.org\/sejour-2022-sare\/\"},\"wordCount\":2641,\"publisher\":{\"@id\":\"https:\/\/centcols.org\/#organization\"},\"image\":{\"@id\":\"https:\/\/centcols.org\/sejour-2022-sare\/#primaryimage\"},\"thumbnailUrl\":\"https:\/\/centcols.org\/wp-content\/uploads\/2022\/02\/Sare01.jpg\",\"articleSection\":[\"France\",\"Nouvelle-Aquitaine\",\"Calendrier\",\"64-Pyr\u00e9n\u00e9es Atlantiques\",\"Pyr\u00e9n\u00e9es\",\"S\u00e9jours du Club des Cent Cols\"],\"inLanguage\":\"it-IT\"},{\"@type\":\"WebPage\",\"@id\":\"https:\/\/centcols.org\/sejour-2022-sare\/\",\"url\":\"https:\/\/centcols.org\/sejour-2022-sare\/\",\"name\":\"S\u00e9jour d'\u00e9t\u00e9 \u00e0 Sare, 02 au 09 juillet 2022 - Club des Cent Cols\",\"isPartOf\":{\"@id\":\"https:\/\/centcols.org\/#website\"},\"primaryImageOfPage\":{\"@id\":\"https:\/\/centcols.org\/sejour-2022-sare\/#primaryimage\"},\"image\":{\"@id\":\"https:\/\/centcols.org\/sejour-2022-sare\/#primaryimage\"},\"thumbnailUrl\":\"https:\/\/centcols.org\/wp-content\/uploads\/2022\/02\/Sare01.jpg\",\"datePublished\":\"2022-02-08T09:48:37+00:00\",\"dateModified\":\"2025-08-23T14:19:25+00:00\",\"breadcrumb\":{\"@id\":\"https:\/\/centcols.org\/sejour-2022-sare\/#breadcrumb\"},\"inLanguage\":\"it-IT\",\"potentialAction\":[{\"@type\":\"ReadAction\",\"target\":[\"https:\/\/centcols.org\/sejour-2022-sare\/\"]}]},{\"@type\":\"ImageObject\",\"inLanguage\":\"it-IT\",\"@id\":\"https:\/\/centcols.org\/sejour-2022-sare\/#primaryimage\",\"url\":\"https:\/\/centcols.org\/wp-content\/uploads\/2022\/02\/Sare01.jpg\",\"contentUrl\":\"https:\/\/centcols.org\/wp-content\/uploads\/2022\/02\/Sare01.jpg\",\"width\":1200,\"height\":675},{\"@type\":\"BreadcrumbList\",\"@id\":\"https:\/\/centcols.org\/sejour-2022-sare\/#breadcrumb\",\"itemListElement\":[{\"@type\":\"ListItem\",\"position\":1,\"name\":\"Accueil\",\"item\":\"https:\/\/centcols.org\/\"},{\"@type\":\"ListItem\",\"position\":2,\"name\":\"S\u00e9jours du Club des Cent Cols\",\"item\":\"https:\/\/centcols.org\/rubrique\/sejours\/\"},{\"@type\":\"ListItem\",\"position\":3,\"name\":\"Pays\",\"item\":\"https:\/\/centcols.org\/rubrique\/sejours\/pays-sejours\/\"},{\"@type\":\"ListItem\",\"position\":4,\"name\":\"France\",\"item\":\"https:\/\/centcols.org\/rubrique\/sejours\/pays-sejours\/france-pays-sejours\/\"},{\"@type\":\"ListItem\",\"position\":5,\"name\":\"S\u00e9jour d&rsquo;\u00e9t\u00e9 \u00e0 Sare, 02 au 09 juillet 2022\"}]},{\"@type\":\"WebSite\",\"@id\":\"https:\/\/centcols.org\/#website\",\"url\":\"https:\/\/centcols.org\/\",\"name\":\"Club des Cent Cols\",\"description\":\"\",\"publisher\":{\"@id\":\"https:\/\/centcols.org\/#organization\"},\"potentialAction\":[{\"@type\":\"SearchAction\",\"target\":{\"@type\":\"EntryPoint\",\"urlTemplate\":\"https:\/\/centcols.org\/?s={search_term_string}\"},\"query-input\":{\"@type\":\"PropertyValueSpecification\",\"valueRequired\":true,\"valueName\":\"search_term_string\"}}],\"inLanguage\":\"it-IT\"},{\"@type\":\"Organization\",\"@id\":\"https:\/\/centcols.org\/#organization\",\"name\":\"Club des Cent Cols\",\"url\":\"https:\/\/centcols.org\/\",\"logo\":{\"@type\":\"ImageObject\",\"inLanguage\":\"it-IT\",\"@id\":\"https:\/\/centcols.org\/#\/schema\/logo\/image\/\",\"url\":\"https:\/\/centcols.org\/wp-content\/uploads\/2025\/01\/carte-icone.png\",\"contentUrl\":\"https:\/\/centcols.org\/wp-content\/uploads\/2025\/01\/carte-icone.png\",\"width\":250,\"height\":250,\"caption\":\"Club des Cent Cols\"},\"image\":{\"@id\":\"https:\/\/centcols.org\/#\/schema\/logo\/image\/\"},\"sameAs\":[\"https:\/\/www.facebook.com\/groups\/5261880558\/?locale=fr_FR\"]},{\"@type\":\"Person\",\"@id\":\"https:\/\/centcols.org\/#\/schema\/person\/5c1a9d61132fb33ccec149272abff6e1\",\"name\":\"Christophe Badonnel\",\"image\":{\"@type\":\"ImageObject\",\"inLanguage\":\"it-IT\",\"@id\":\"https:\/\/centcols.org\/wp-content\/litespeed\/avatar\/9f363966b51271bd99ebbb6ebd632889.jpg?ver=1777238111\",\"url\":\"https:\/\/centcols.org\/wp-content\/litespeed\/avatar\/9f363966b51271bd99ebbb6ebd632889.jpg?ver=1777238111\",\"contentUrl\":\"https:\/\/centcols.org\/wp-content\/litespeed\/avatar\/9f363966b51271bd99ebbb6ebd632889.jpg?ver=1777238111\",\"caption\":\"Christophe Badonnel\"},\"url\":\"https:\/\/centcols.org\/it\/author\/5799\/\"}]}<\/script>\n<!-- \/ Yoast SEO plugin. -->","yoast_head_json":{"title":"Vacanze estive a Sare, dal 02 al 09 luglio 2022 - Club des Cent Cols","robots":{"index":"index","follow":"follow","max-snippet":"max-snippet:-1","max-image-preview":"max-image-preview:large","max-video-preview":"max-video-preview:-1"},"canonical":"https:\/\/centcols.org\/it\/soggiorno-2022-sare\/","og_locale":"it_IT","og_type":"article","og_title":"S\u00e9jour d'\u00e9t\u00e9 \u00e0 Sare, 02 au 09 juillet 2022 - Club des Cent Cols","og_description":"Ont contribu\u00e9 \u00e0 cette page de pr\u00e9sentation du s\u00e9jour Enrico Alberini, Jean Luc Matte, Christophe Badonnel et les responsables informatiques. Le s\u00e9jour d\u2019\u00e9t\u00e9 2022 se d\u00e9roulera du 02 au 09 juillet \u00e0 Sare dans le d\u00e9partement des Pyr\u00e9n\u00e9es-Atlantiques. Il a \u00e9t\u00e9 pr\u00e9par\u00e9 par une petite \u00e9quipe locale : Corinne et Roland Dameron, Serge Capdessus et [&hellip;]","og_url":"https:\/\/centcols.org\/it\/soggiorno-2022-sare\/","og_site_name":"Club des Cent Cols","article_publisher":"https:\/\/www.facebook.com\/groups\/5261880558\/?locale=fr_FR","article_published_time":"2022-02-08T09:48:37+00:00","article_modified_time":"2025-08-23T14:19:25+00:00","og_image":[{"width":1200,"height":675,"url":"https:\/\/centcols.org\/wp-content\/uploads\/2022\/02\/Sare01.jpg","type":"image\/jpeg"}],"author":"Christophe Badonnel","twitter_card":"summary_large_image","twitter_misc":{"Scritto da":"Christophe Badonnel","Tempo di lettura stimato":"16 minuti"},"schema":{"@context":"https:\/\/schema.org","@graph":[{"@type":"Article","@id":"https:\/\/centcols.org\/sejour-2022-sare\/#article","isPartOf":{"@id":"https:\/\/centcols.org\/sejour-2022-sare\/"},"author":{"name":"Christophe Badonnel","@id":"https:\/\/centcols.org\/#\/schema\/person\/5c1a9d61132fb33ccec149272abff6e1"},"headline":"S\u00e9jour d&rsquo;\u00e9t\u00e9 \u00e0 Sare, 02 au 09 juillet 2022","datePublished":"2022-02-08T09:48:37+00:00","dateModified":"2025-08-23T14:19:25+00:00","mainEntityOfPage":{"@id":"https:\/\/centcols.org\/sejour-2022-sare\/"},"wordCount":2641,"publisher":{"@id":"https:\/\/centcols.org\/#organization"},"image":{"@id":"https:\/\/centcols.org\/sejour-2022-sare\/#primaryimage"},"thumbnailUrl":"https:\/\/centcols.org\/wp-content\/uploads\/2022\/02\/Sare01.jpg","articleSection":["France","Nouvelle-Aquitaine","Calendrier","64-Pyr\u00e9n\u00e9es Atlantiques","Pyr\u00e9n\u00e9es","S\u00e9jours du Club des Cent Cols"],"inLanguage":"it-IT"},{"@type":"WebPage","@id":"https:\/\/centcols.org\/sejour-2022-sare\/","url":"https:\/\/centcols.org\/sejour-2022-sare\/","name":"Vacanze estive a Sare, dal 02 al 09 luglio 2022 - Club des Cent Cols","isPartOf":{"@id":"https:\/\/centcols.org\/#website"},"primaryImageOfPage":{"@id":"https:\/\/centcols.org\/sejour-2022-sare\/#primaryimage"},"image":{"@id":"https:\/\/centcols.org\/sejour-2022-sare\/#primaryimage"},"thumbnailUrl":"https:\/\/centcols.org\/wp-content\/uploads\/2022\/02\/Sare01.jpg","datePublished":"2022-02-08T09:48:37+00:00","dateModified":"2025-08-23T14:19:25+00:00","breadcrumb":{"@id":"https:\/\/centcols.org\/sejour-2022-sare\/#breadcrumb"},"inLanguage":"it-IT","potentialAction":[{"@type":"ReadAction","target":["https:\/\/centcols.org\/sejour-2022-sare\/"]}]},{"@type":"ImageObject","inLanguage":"it-IT","@id":"https:\/\/centcols.org\/sejour-2022-sare\/#primaryimage","url":"https:\/\/centcols.org\/wp-content\/uploads\/2022\/02\/Sare01.jpg","contentUrl":"https:\/\/centcols.org\/wp-content\/uploads\/2022\/02\/Sare01.jpg","width":1200,"height":675},{"@type":"BreadcrumbList","@id":"https:\/\/centcols.org\/sejour-2022-sare\/#breadcrumb","itemListElement":[{"@type":"ListItem","position":1,"name":"Accueil","item":"https:\/\/centcols.org\/"},{"@type":"ListItem","position":2,"name":"S\u00e9jours du Club des Cent Cols","item":"https:\/\/centcols.org\/rubrique\/sejours\/"},{"@type":"ListItem","position":3,"name":"Pays","item":"https:\/\/centcols.org\/rubrique\/sejours\/pays-sejours\/"},{"@type":"ListItem","position":4,"name":"France","item":"https:\/\/centcols.org\/rubrique\/sejours\/pays-sejours\/france-pays-sejours\/"},{"@type":"ListItem","position":5,"name":"S\u00e9jour d&rsquo;\u00e9t\u00e9 \u00e0 Sare, 02 au 09 juillet 2022"}]},{"@type":"WebSite","@id":"https:\/\/centcols.org\/#website","url":"https:\/\/centcols.org\/","name":"Club des Cent Cols","description":"","publisher":{"@id":"https:\/\/centcols.org\/#organization"},"potentialAction":[{"@type":"SearchAction","target":{"@type":"EntryPoint","urlTemplate":"https:\/\/centcols.org\/?s={search_term_string}"},"query-input":{"@type":"PropertyValueSpecification","valueRequired":true,"valueName":"search_term_string"}}],"inLanguage":"it-IT"},{"@type":"Organization","@id":"https:\/\/centcols.org\/#organization","name":"Club des Cent Cols","url":"https:\/\/centcols.org\/","logo":{"@type":"ImageObject","inLanguage":"it-IT","@id":"https:\/\/centcols.org\/#\/schema\/logo\/image\/","url":"https:\/\/centcols.org\/wp-content\/uploads\/2025\/01\/carte-icone.png","contentUrl":"https:\/\/centcols.org\/wp-content\/uploads\/2025\/01\/carte-icone.png","width":250,"height":250,"caption":"Club des Cent Cols"},"image":{"@id":"https:\/\/centcols.org\/#\/schema\/logo\/image\/"},"sameAs":["https:\/\/www.facebook.com\/groups\/5261880558\/?locale=fr_FR"]},{"@type":"Person","@id":"https:\/\/centcols.org\/#\/schema\/person\/5c1a9d61132fb33ccec149272abff6e1","name":"Christophe Badonnel","image":{"@type":"ImageObject","inLanguage":"it-IT","@id":"https:\/\/centcols.org\/wp-content\/litespeed\/avatar\/9f363966b51271bd99ebbb6ebd632889.jpg?ver=1777238111","url":"https:\/\/centcols.org\/wp-content\/litespeed\/avatar\/9f363966b51271bd99ebbb6ebd632889.jpg?ver=1777238111","contentUrl":"https:\/\/centcols.org\/wp-content\/litespeed\/avatar\/9f363966b51271bd99ebbb6ebd632889.jpg?ver=1777238111","caption":"Christophe Badonnel"},"url":"https:\/\/centcols.org\/it\/author\/5799\/"}]}},"_links":{"self":[{"href":"https:\/\/centcols.org\/it\/wp-json\/wp\/v2\/posts\/82324","targetHints":{"allow":["GET"]}}],"collection":[{"href":"https:\/\/centcols.org\/it\/wp-json\/wp\/v2\/posts"}],"about":[{"href":"https:\/\/centcols.org\/it\/wp-json\/wp\/v2\/types\/post"}],"author":[{"embeddable":true,"href":"https:\/\/centcols.org\/it\/wp-json\/wp\/v2\/users\/64"}],"replies":[{"embeddable":true,"href":"https:\/\/centcols.org\/it\/wp-json\/wp\/v2\/comments?post=82324"}],"version-history":[{"count":0,"href":"https:\/\/centcols.org\/it\/wp-json\/wp\/v2\/posts\/82324\/revisions"}],"wp:featuredmedia":[{"embeddable":true,"href":"https:\/\/centcols.org\/it\/wp-json\/wp\/v2\/media\/83254"}],"wp:attachment":[{"href":"https:\/\/centcols.org\/it\/wp-json\/wp\/v2\/media?parent=82324"}],"wp:term":[{"taxonomy":"category","embeddable":true,"href":"https:\/\/centcols.org\/it\/wp-json\/wp\/v2\/categories?post=82324"},{"taxonomy":"post_tag","embeddable":true,"href":"https:\/\/centcols.org\/it\/wp-json\/wp\/v2\/tags?post=82324"}],"curies":[{"name":"wp","href":"https:\/\/api.w.org\/{rel}","templated":true}]}}