{"id":82339,"date":"2022-05-27T14:36:28","date_gmt":"2022-05-27T12:36:28","guid":{"rendered":"https:\/\/centcols.org\/sejour-dautomne-et-assemblee-generale-pour-le-50-ieme-anniversaire-de-la-confrerie-a-annecy-haute-savoie-du-04-au-06-novembre-2022\/"},"modified":"2025-09-14T06:32:25","modified_gmt":"2025-09-14T04:32:25","slug":"ag-2022-annecy","status":"publish","type":"post","link":"https:\/\/centcols.org\/it\/ag-2022-annecy\/","title":{"rendered":"Pausa autunnale e assemblea generale per il 50\u00b0 anniversario della confraternita ad Annecy (Alta Savoia), dal 04 al 06 novembre 2022"},"content":{"rendered":"<blockquote class=\"wp-block-quote is-layout-flow wp-block-quote-is-layout-flow\">\n<p><span style=\"color: #808080;\">I responsabili IT Enrico Alberini, Jean-Luc Matte e Christophe Badonnel hanno contribuito a questa pagina di presentazione del viaggio.<\/span><\/p>\n<\/blockquote>\n\n\n\n<h2 class=\"wp-block-heading\">Echi :<\/h2>\n\n\n\n<div class=\"wp-block-columns is-layout-flex wp-container-core-columns-is-layout-9d6595d7 wp-block-columns-is-layout-flex\">\n<div class=\"wp-block-column is-layout-flow wp-block-column-is-layout-flow\">\n<p><a href=\"https:\/\/centcols.org\/it\/cr-ag-2022-annecy\/\" target=\"_blank\" rel=\"noreferrer noopener\">Rapporto<\/a><br><a href=\"https:\/\/centcols.org\/it\/assemblea-generale-5-novembre-2022-album-fotografico-di-pierre-mai\/\" target=\"_blank\" rel=\"noreferrer noopener\">Album fotografico di Pierre Mai<\/a><\/p>\n<\/div>\n\n\n\n<div class=\"wp-block-column is-layout-flow wp-block-column-is-layout-flow\">\n<p><a href=\"https:\/\/centcols.org\/it\/tavoli-alla-cena-successiva-allassemblea-generale-5-novembre-2022\/\" target=\"_blank\" rel=\"noreferrer noopener\">Tavoli alla cena dopo l'Assemblea generale<\/a><br><a href=\"https:\/\/love-velo.fr\/ag-du-cinquantenaire-du-club-des-cent-cols-2022\/\">L'Assemblea generale sul blog di Guy Garcin<\/a><\/p>\n<\/div>\n<\/div>\n\n\n\n<p><span style=\"color: #000000;\">Le rubriche sono riportate di seguito:<\/span><\/p>\n\n\n\n<ul class=\"wp-block-list\">\n<li><span style=\"color: #000000;\">Introduzione alla regione<\/span><\/li>\n\n\n\n<li>Il programma<\/li>\n\n\n\n<li><span style=\"color: #000000;\">Alloggio<\/span><\/li>\n\n\n\n<li><span style=\"color: #000000;\">Nota del Consiglio di amministrazione<\/span><\/li>\n\n\n\n<li><span style=\"color: #000000;\">Iscrizioni<\/span><\/li>\n\n\n\n<li><span style=\"color: #000000;\">Assemblea generale del Club des Cent Cols<\/span><\/li>\n\n\n\n<li>Consegna di diplomi e certificati<\/li>\n<\/ul>\n\n\n\n<h2 class=\"wp-block-heading\">Introduzione alla regione :<\/h2>\n\n\n\n<p>Dopo il 2012 e il 2017, l'Alta Savoia ci accoglier\u00e0 ancora una volta per la pausa autunnale del Club des Cent Cols. Alloggeremo in una struttura di Cap France, \"Les Balcons du Lac\", sulle colline sopra Sevrier, con vista sul lago di Annecy. Il 2022 \u00e8 un anno speciale perch\u00e9 la nostra Confr\u00e9rie festegger\u00e0 il suo 50\u00b0 anniversario. <a href=\"https:\/\/centcols.org\/wp-content\/uploads\/2025\/08\/Edito-Jean-Perdoux.pdf\" target=\"_blank\" rel=\"noreferrer noopener\">Cinquant'anni di passione, cinquant'anni di amicizia<\/a> Sulle alture del lago pi\u00f9 puro d'Europa, il villaggio vacanze \u00e8 la base ideale per scoprire la regione dell'Alta Savoia. Tra il lago e le montagne, il centro storico medievale di Annecy invita a passeggiare e a scoprire. Con le sue strade acciottolate, gli edifici colorati e gli edifici emblematici, la Venezia delle Alpi \u00e8 una citt\u00e0 ricca di patrimonio. Lungo i canali di Annecy, costeggiati da eleganti palazzi del XVII secolo, potrete scoprire le ricchezze del passato. Il lago invita a scoprire le sue riserve naturali, ricche di flora e fauna locali. Sul Roc de Ch\u00e8re, un promontorio che domina il lago, \u00e8 possibile fare una passeggiata in famiglia e scoprire le numerose specie di alberi. A mezz'ora di macchina, scoprite il panorama unico del Semnoz, con una vista a 360\u00b0 sulle Alpi settentrionali e sul Giura. Durante un'escursione di mezza giornata, potrete anche scoprire i piccoli villaggi tipici e l'artigianato locale, senza dimenticare il formaggio locale \"la tome des Bauges\". Sulle rive del Lago di Annecy, approfittate degli oltre 40 km di piste ciclabili per scoprire le frazioni e le spiagge della regione.<\/p>\n\n\n\n<h2 class=\"wp-block-heading\">Il programma<\/h2>\n\n\n\n<p><strong>Sabato<\/strong> Visita al Museo Paccard dalle 09:00 alle 11:00 Fondata nel 1796, la Fonderia Paccard \u00e8 un'istituzione del patrimonio industriale della Savoia. La famiglia Paccard svela i segreti del suo know-how ancestrale. Entrate nel mondo dei fonditori di campane; l'incanto del metallo che brucia, le tecniche di fabbricazione dall'antichit\u00e0 ai giorni nostri. Una visita guidata ai laboratori della fonderia, con un breve filmato su uno dei record mondiali detenuti dall'azienda e una dimostrazione del carillon elettronico. <a href=\"https:\/\/musee-paccard.com\/\" target=\"_blank\" rel=\"noreferrer noopener\">Sito web<\/a> La cena di festa sar\u00e0 seguita da una serata musicale condotta da un duo del gruppo Odys\u00e9e. <strong>Domenica<\/strong> in senso orario intorno al lago di Annecy sulla pista ciclabile, con ritrovo davanti alla chiesa di Sevrier alle 9.00.<\/p>\n\n\n\n<figure class=\"wp-block-image size-full\"><img loading=\"lazy\" decoding=\"async\" width=\"1365\" height=\"1024\" src=\"https:\/\/centcols.org\/wp-content\/uploads\/2025\/08\/IMG_20210927_091815.jpg\" alt=\"\" class=\"wp-image-88516\" srcset=\"https:\/\/centcols.org\/wp-content\/uploads\/2025\/08\/IMG_20210927_091815.jpg 1365w, https:\/\/centcols.org\/wp-content\/uploads\/2025\/08\/IMG_20210927_091815-1200x900.jpg 1200w, https:\/\/centcols.org\/wp-content\/uploads\/2025\/08\/IMG_20210927_091815-768x576.jpg 768w\" sizes=\"auto, (max-width: 1365px) 100vw, 1365px\" \/><\/figure>\n\n\n\n<h2 class=\"wp-block-heading\"><a href=\"https:\/\/centcols.org\/it\/membres\/cctours\/tours.php\/?lieu=Annecy&amp;an=2022\" target=\"_blank\" rel=\"noreferrer noopener\">Tour<\/a><\/h2>\n\n\n\n<h4 class=\"wp-block-heading\"><a href=\"https:\/\/centcols.org\/it\/membres\/cctours\/tours.php\/?lieu=Annecy&amp;an=2022&amp;genre=R\" target=\"_blank\" rel=\"noreferrer noopener\">Percorsi stradali<\/a><\/h4>\n\n\n\n<h4 class=\"wp-block-heading\"><a href=\"https:\/\/centcols.org\/it\/membres\/cctours\/tours.php\/?lieu=Annecy&amp;an=2022&amp;genre=V\" target=\"_blank\" rel=\"noreferrer noopener\">Percorsi per mountain bike<\/a><\/h4>\n\n\n\n<h2 class=\"wp-block-heading\">Alloggio<\/h2>\n\n\n\n<p>Nel cuore dell'Alta Savoia, nel Parc Naturel R\u00e9gional des Bauges, il villaggio vacanze \"les Balcons du lac\" gode di una posizione privilegiata. Situato a Sevrier, a 8 km da Annecy sulla strada del Col de Leschaux, conosciuta come la \"Piccola Venezia della Savoia\", il villaggio si affaccia sul lago di Annecy e sulla sua cornice montana. La lounge panoramica e il ristorante offrono una vista a 180\u00b0 sul lago e sulle montagne dell'Alta Savoia settentrionale. L'hotel \u00e8 stato sottoposto a importanti lavori di ristrutturazione prima di Covid. Les Balcons du Lac d'Annecy - 1487 Route de Cessenaz - 74320 Sevrier Tel: +33 (0)4 50 52 44 25 <a href=\"https:\/\/www.neaclub.com\/les-balcons-du-lac-annecy-sevrier\/\" target=\"_blank\" rel=\"noreferrer noopener\">Sito web<\/a><a href=\"https:\/\/centcols.org\/it\/img_20210927_133954\/\"><\/a> Christophe Badonnel le bar <a href=\"https:\/\/centcols.org\/it\/img_20210927_125708\/\"><\/a> Christophe Badonnel il ristorante<\/p>\n\n\n\n<div class=\"wp-block-columns is-layout-flex wp-container-core-columns-is-layout-9d6595d7 wp-block-columns-is-layout-flex\">\n<div class=\"wp-block-column is-layout-flow wp-block-column-is-layout-flow\" style=\"flex-basis:66.66%\">\n<div style=\"height:40px\" aria-hidden=\"true\" class=\"wp-block-spacer\"><\/div>\n\n\n\n<figure class=\"wp-block-gallery has-nested-images columns-default is-cropped wp-block-gallery-1 is-layout-flex wp-block-gallery-is-layout-flex\">\n<figure class=\"wp-block-image size-full\"><a href=\"https:\/\/centcols.org\/wp-content\/uploads\/2025\/08\/IMG_20210927_133954.jpg\"><img loading=\"lazy\" decoding=\"async\" width=\"1365\" height=\"1024\" data-id=\"88518\" src=\"https:\/\/centcols.org\/wp-content\/uploads\/2025\/08\/IMG_20210927_133954.jpg\" alt=\"\" class=\"wp-image-88518\" srcset=\"https:\/\/centcols.org\/wp-content\/uploads\/2025\/08\/IMG_20210927_133954.jpg 1365w, https:\/\/centcols.org\/wp-content\/uploads\/2025\/08\/IMG_20210927_133954-1200x900.jpg 1200w, https:\/\/centcols.org\/wp-content\/uploads\/2025\/08\/IMG_20210927_133954-768x576.jpg 768w\" sizes=\"auto, (max-width: 1365px) 100vw, 1365px\" \/><\/a><figcaption class=\"wp-element-caption\">Christophe Badonnel le bar<\/figcaption><\/figure>\n\n\n\n<figure class=\"wp-block-image size-full\"><a href=\"https:\/\/centcols.org\/wp-content\/uploads\/2025\/08\/IMG_20210927_125708.jpg\"><img loading=\"lazy\" decoding=\"async\" width=\"1365\" height=\"1024\" data-id=\"88520\" src=\"https:\/\/centcols.org\/wp-content\/uploads\/2025\/08\/IMG_20210927_125708.jpg\" alt=\"\" class=\"wp-image-88520\" srcset=\"https:\/\/centcols.org\/wp-content\/uploads\/2025\/08\/IMG_20210927_125708.jpg 1365w, https:\/\/centcols.org\/wp-content\/uploads\/2025\/08\/IMG_20210927_125708-1200x900.jpg 1200w, https:\/\/centcols.org\/wp-content\/uploads\/2025\/08\/IMG_20210927_125708-768x576.jpg 768w\" sizes=\"auto, (max-width: 1365px) 100vw, 1365px\" \/><\/a><figcaption class=\"wp-element-caption\">Christophe Badonnel il ristorante<\/figcaption><\/figure>\n<\/figure>\n\n\n\n<p>Alloggerete in una camera doppia dotata di televisore e asciugacapelli. I letti sono fatti all'arrivo e gli asciugamani sono forniti. L'occupazione singola \u00e8 possibile in base alla disponibilit\u00e0 (con un costo aggiuntivo).<\/p>\n<\/div>\n\n\n\n<div class=\"wp-block-column is-layout-flow wp-block-column-is-layout-flow\" style=\"flex-basis:33.33%\">\n<h2 class=\"wp-block-heading has-text-align-center\">Nota del Consiglio di amministrazione<\/h2>\n\n\n\n<p>Se si organizza l'alloggio in un luogo diverso dal villaggio turistico, si prega di comunicarci che si parteciper\u00e0 alla vacanza, per 3 motivi:<\/p>\n\n\n\n<ol class=\"wp-block-list\">\n<li>Per facilitare l'organizzazione di questo evento (adeguamento dei servizi: drink di benvenuto, presentazione di regali speciali per il 50\u00b0 compleanno).<\/li>\n\n\n\n<li>Potersi dividere in pi\u00f9 gruppi sui percorsi per migliorare la sicurezza di tutti.<\/li>\n\n\n\n<li>Per aiutare gli organizzatori a gestire eventuali imprevisti.<\/li>\n<\/ol>\n<\/div>\n<\/div>\n\n\n\n<h2 class=\"wp-block-heading\">Iscrizioni<\/h2>\n\n\n\n<p>Per iscriversi, scaricare il modulo di iscrizione in formato PDF dal link sottostante e seguire le istruzioni in esso contenute. Si prega di notare che il modulo di registrazione disponibile sul sito web del Club comprende <strong>quattro pagine<\/strong> Dovrete inoltre firmare i termini e le condizioni della polizza assicurativa Gritchen. Se pensate di farvi accompagnare dal vostro partner, assicuratevi di registrarlo come socio associato presso il vostro Delegato Territoriale e non dimenticate di inserire il suo numero di socio associato nell'apposita casella. Se, e solo se, un partecipante non \u00e8 in possesso di una licenza FFCT, \u00e8 necessario stipulare in aggiunta l'assicurazione obbligatoria di 1 euro al giorno. <strong>A seconda di quando si arriva e di quando si parte, il pacchetto \u00e8 diverso:<\/strong><\/p>\n\n\n\n<ul class=\"wp-block-list\">\n<li>Se arrivate il venerd\u00ec per la cena e ripartite la domenica dopo pranzo, prendete il pacchetto da 165 euro.<\/li>\n\n\n\n<li>Se arrivate il sabato per la cena e ripartite la domenica dopo pranzo, prendete il pacchetto da 89 euro.<\/li>\n\n\n\n<li>Se arrivate il sabato per la cena e ripartite la domenica dopo la colazione, prendete il pacchetto di mezza pensione a 79 euro.<\/li>\n\n\n\n<li>Chi viene senza alloggio (pernottamento o alloggio proprio) pu\u00f2 iscriversi ai pasti: pranzo e cena a 20,50 euro. Il pasto migliorato del sabato sera \u00e8 di 33 euro.<\/li>\n\n\n\n<li>Il sabato mattina, al costo di 11 euro, \u00e8 possibile visitare il Museo Paccard.<\/li>\n<\/ul>\n\n\n\n<p>Per richieste di arrivo anticipato, si prega di contattare direttamente l'ufficio prenotazioni: Tel: +33 (0)4 50 52 61 51. \u00c8 possibile pagare la quota di iscrizione <strong>con assegno o bonifico bancario<\/strong> sul conto del Club. A causa delle commissioni aggiuntive applicate dall'organizzazione che lo gestisce, non accettiamo pagamenti tramite PayPal. <strong>Assegnazione dei membri<\/strong> I pagamenti vengono effettuati nell'ordine in cui viene inviato l'assegno o viene effettuato il bonifico. Per il primo fa fede il timbro postale, per il secondo \u00e8 necessario inviare una copia dell'ordine di bonifico. Nel caso in cui la vacanza sia al completo, verr\u00e0 istituita una lista d'attesa che funzioner\u00e0 secondo le stesse regole di priorit\u00e0 di assegnazione delle iscrizioni dirette. <strong>Trombinoscopio :<\/strong> Se non avete ancora fornito la vostra foto per il <strong>elenco <\/strong>e desiderate essere inclusi, spuntate la casella appropriata e inviateci una foto in formato JPG via e-mail. Da <strong>ulteriori informazioni<\/strong> saranno pubblicati successivamente sul sito web, che potrete consultare regolarmente. Ogni volta, il responsabile dei viaggi invier\u00e0 una breve e-mail alla mailing list. Se desiderate ricevere queste e-mail, inviatele a <strong>iscriversi alla mailing list<\/strong>se non l'avete ancora fatto. <strong>Se avete domande<\/strong> non esitate a chiamare la persona responsabile della vacanza: +33 6 78 87 33 67.<\/p>\n\n\n\n<h3 class=\"wp-block-heading\">Scarica la newsletter<\/h3>\n\n\n\n<ul class=\"wp-block-list\">\n<li>Modulo di iscrizione ad Annecy en fran\u00e7ais<\/li>\n\n\n\n<li>Modulo di prenotazione Annecy in inglese<\/li>\n\n\n\n<li>Modulo d'iscrizione Annecy in italiano<\/li>\n<\/ul>\n\n\n\n<p>La scadenza per la ricezione delle iscrizioni \u00e8<strong> :<\/strong><\/p>\n\n\n\n<p><strong>02 settembre 2022 per le persone che prendono alloggio.<\/strong><\/p>\n\n\n\n<p><strong>04 ottobre 2022 solo per chi consuma un pasto, visita il Museo Paccard e partecipa all'Assemblea Generale<\/strong><\/p>\n\n\n\n<h2 class=\"wp-block-heading\">Assemblea generale annuale del Club des Cent Cols<\/h2>\n\n\n\n<p>L'Assemblea generale annuale si terr\u00e0 presso il Palazzo Imp\u00e9rial, sulle rive del lago. Si terr\u00e0 sabato 05 novembre 2022, a partire dalle 14.30, nella Salle de l'Europe. Seguir\u00e0 un aperitivo. Per ulteriori dettagli, consultare la pagina dell'Assemblea generale. L'avviso di convocazione e i documenti statutari saranno inviati come di consueto tramite la newsletter Cent Cols nel mese di ottobre e saranno disponibili anche sul sito web.<\/p>\n\n\n\n<h2 class=\"wp-block-heading\">Consegna di diplomi e certificati<\/h2>\n\n\n\n<p>Se avete superato una pietra miliare (500 cols, 1000 cols, ecc.) o avete completato un brevet des cols routiers, dovrete chiedere il diploma a Nadine Giraudeau e il brevet a Bernard Giraudeau. La presentazione avverr\u00e0 la sera di venerd\u00ec 04 novembre alla presenza del nostro presidente fondatore, Jean Perdoux. In occasione dell'assemblea generale, coloro che hanno portato a termine la sfida Jean Perdoux riceveranno il loro Brevet e il nostro socio n. 8000, Christophe Marchal, che pratica l'handbike ad alto livello, ricever\u00e0 il suo diploma.<\/p>","protected":false},"excerpt":{"rendered":"<p>Ont contribu\u00e9 \u00e0 cette page de pr\u00e9sentation du s\u00e9jour les responsables informatiques, Enrico Alberini, Jean-Luc Matte et Christophe Badonnel Les \u00e9chos : Compte-renduL\u2019album photo de Pierre Mai Les tables au d\u00eener apr\u00e8s l\u2019Assembl\u00e9e g\u00e9n\u00e9raleL\u2019AG sur le blog de Guy Garcin Vous trouverez ci-dessous les rubriques : Pr\u00e9sentation de la r\u00e9gion : Apr\u00e8s 2012 et 2017, [&hellip;]<\/p>\n","protected":false},"author":64,"featured_media":0,"comment_status":"closed","ping_status":"closed","sticky":false,"template":"","format":"standard","meta":{"_acf_changed":false,"footnotes":""},"categories":[349,367,373,374,231],"tags":[],"class_list":["post-82339","post","type-post","status-publish","format-standard","hentry","category-france-pays-sejours","category-auvergne-rhone-alpes-region-sejours","category-alpes-francaises-du-nord-massif-sejours","category-74-haute-savoie","category-sejours"],"acf":[],"yoast_head":"<!-- This site is optimized with the Yoast SEO plugin v27.2 - https:\/\/yoast.com\/product\/yoast-seo-wordpress\/ -->\n<title>S\u00e9jour d&#039;automne et assembl\u00e9e g\u00e9n\u00e9rale pour le 50 i\u00e8me anniversaire de la confr\u00e9rie \u00e0 Annecy (Haute Savoie), du 04 au 06 novembre 2022 - Club des Cent Cols<\/title>\n<meta name=\"robots\" content=\"index, follow, max-snippet:-1, max-image-preview:large, max-video-preview:-1\" \/>\n<link rel=\"canonical\" href=\"https:\/\/centcols.org\/it\/ag-2022-annecy\/\" \/>\n<meta property=\"og:locale\" content=\"it_IT\" \/>\n<meta property=\"og:type\" content=\"article\" \/>\n<meta property=\"og:title\" content=\"S\u00e9jour d&#039;automne et assembl\u00e9e g\u00e9n\u00e9rale pour le 50 i\u00e8me anniversaire de la confr\u00e9rie \u00e0 Annecy (Haute Savoie), du 04 au 06 novembre 2022 - Club des Cent Cols\" \/>\n<meta property=\"og:description\" content=\"Ont contribu\u00e9 \u00e0 cette page de pr\u00e9sentation du s\u00e9jour les responsables informatiques, Enrico Alberini, Jean-Luc Matte et Christophe Badonnel Les \u00e9chos : Compte-renduL\u2019album photo de Pierre Mai Les tables au d\u00eener apr\u00e8s l\u2019Assembl\u00e9e g\u00e9n\u00e9raleL\u2019AG sur le blog de Guy Garcin Vous trouverez ci-dessous les rubriques : Pr\u00e9sentation de la r\u00e9gion : Apr\u00e8s 2012 et 2017, [&hellip;]\" \/>\n<meta property=\"og:url\" content=\"https:\/\/centcols.org\/it\/ag-2022-annecy\/\" \/>\n<meta property=\"og:site_name\" content=\"Club des Cent Cols\" \/>\n<meta property=\"article:publisher\" content=\"https:\/\/www.facebook.com\/groups\/5261880558\/?locale=fr_FR\" \/>\n<meta property=\"article:published_time\" content=\"2022-05-27T12:36:28+00:00\" \/>\n<meta property=\"article:modified_time\" content=\"2025-09-14T04:32:25+00:00\" \/>\n<meta property=\"og:image\" content=\"https:\/\/centcols.org\/wp-content\/uploads\/2025\/08\/IMG_20210927_091815.jpg\" \/>\n\t<meta property=\"og:image:width\" content=\"1365\" \/>\n\t<meta property=\"og:image:height\" content=\"1024\" \/>\n\t<meta property=\"og:image:type\" content=\"image\/jpeg\" \/>\n<meta name=\"author\" content=\"Christophe Badonnel\" \/>\n<meta name=\"twitter:card\" content=\"summary_large_image\" \/>\n<meta name=\"twitter:label1\" content=\"Scritto da\" \/>\n\t<meta name=\"twitter:data1\" content=\"Christophe Badonnel\" \/>\n\t<meta name=\"twitter:label2\" content=\"Tempo di lettura stimato\" \/>\n\t<meta name=\"twitter:data2\" content=\"8 minuti\" \/>\n<script type=\"application\/ld+json\" class=\"yoast-schema-graph\">{\"@context\":\"https:\/\/schema.org\",\"@graph\":[{\"@type\":\"Article\",\"@id\":\"https:\/\/centcols.org\/ag-2022-annecy\/#article\",\"isPartOf\":{\"@id\":\"https:\/\/centcols.org\/ag-2022-annecy\/\"},\"author\":{\"name\":\"Christophe Badonnel\",\"@id\":\"https:\/\/centcols.org\/#\/schema\/person\/5c1a9d61132fb33ccec149272abff6e1\"},\"headline\":\"S\u00e9jour d&rsquo;automne et assembl\u00e9e g\u00e9n\u00e9rale pour le 50 i\u00e8me anniversaire de la confr\u00e9rie \u00e0 Annecy (Haute Savoie), du 04 au 06 novembre 2022\",\"datePublished\":\"2022-05-27T12:36:28+00:00\",\"dateModified\":\"2025-09-14T04:32:25+00:00\",\"mainEntityOfPage\":{\"@id\":\"https:\/\/centcols.org\/ag-2022-annecy\/\"},\"wordCount\":1598,\"publisher\":{\"@id\":\"https:\/\/centcols.org\/#organization\"},\"image\":{\"@id\":\"https:\/\/centcols.org\/ag-2022-annecy\/#primaryimage\"},\"thumbnailUrl\":\"https:\/\/centcols.org\/wp-content\/uploads\/2025\/08\/IMG_20210927_091815.jpg\",\"articleSection\":[\"France\",\"Auvergne-Rh\u00f4ne-Alpes\",\"Alpes fran\u00e7aises du Nord\",\"74-Haute-Savoie\",\"S\u00e9jours du Club des Cent Cols\"],\"inLanguage\":\"it-IT\"},{\"@type\":\"WebPage\",\"@id\":\"https:\/\/centcols.org\/ag-2022-annecy\/\",\"url\":\"https:\/\/centcols.org\/ag-2022-annecy\/\",\"name\":\"S\u00e9jour d'automne et assembl\u00e9e g\u00e9n\u00e9rale pour le 50 i\u00e8me anniversaire de la confr\u00e9rie \u00e0 Annecy (Haute Savoie), du 04 au 06 novembre 2022 - Club des Cent Cols\",\"isPartOf\":{\"@id\":\"https:\/\/centcols.org\/#website\"},\"primaryImageOfPage\":{\"@id\":\"https:\/\/centcols.org\/ag-2022-annecy\/#primaryimage\"},\"image\":{\"@id\":\"https:\/\/centcols.org\/ag-2022-annecy\/#primaryimage\"},\"thumbnailUrl\":\"https:\/\/centcols.org\/wp-content\/uploads\/2025\/08\/IMG_20210927_091815.jpg\",\"datePublished\":\"2022-05-27T12:36:28+00:00\",\"dateModified\":\"2025-09-14T04:32:25+00:00\",\"breadcrumb\":{\"@id\":\"https:\/\/centcols.org\/ag-2022-annecy\/#breadcrumb\"},\"inLanguage\":\"it-IT\",\"potentialAction\":[{\"@type\":\"ReadAction\",\"target\":[\"https:\/\/centcols.org\/ag-2022-annecy\/\"]}]},{\"@type\":\"ImageObject\",\"inLanguage\":\"it-IT\",\"@id\":\"https:\/\/centcols.org\/ag-2022-annecy\/#primaryimage\",\"url\":\"https:\/\/centcols.org\/wp-content\/uploads\/2025\/08\/IMG_20210927_091815.jpg\",\"contentUrl\":\"https:\/\/centcols.org\/wp-content\/uploads\/2025\/08\/IMG_20210927_091815.jpg\"},{\"@type\":\"BreadcrumbList\",\"@id\":\"https:\/\/centcols.org\/ag-2022-annecy\/#breadcrumb\",\"itemListElement\":[{\"@type\":\"ListItem\",\"position\":1,\"name\":\"Accueil\",\"item\":\"https:\/\/centcols.org\/\"},{\"@type\":\"ListItem\",\"position\":2,\"name\":\"S\u00e9jours du Club des Cent Cols\",\"item\":\"https:\/\/centcols.org\/rubrique\/sejours\/\"},{\"@type\":\"ListItem\",\"position\":3,\"name\":\"Pays\",\"item\":\"https:\/\/centcols.org\/rubrique\/sejours\/pays-sejours\/\"},{\"@type\":\"ListItem\",\"position\":4,\"name\":\"France\",\"item\":\"https:\/\/centcols.org\/rubrique\/sejours\/pays-sejours\/france-pays-sejours\/\"},{\"@type\":\"ListItem\",\"position\":5,\"name\":\"S\u00e9jour d&rsquo;automne et assembl\u00e9e g\u00e9n\u00e9rale pour le 50 i\u00e8me anniversaire de la confr\u00e9rie \u00e0 Annecy (Haute Savoie), du 04 au 06 novembre 2022\"}]},{\"@type\":\"WebSite\",\"@id\":\"https:\/\/centcols.org\/#website\",\"url\":\"https:\/\/centcols.org\/\",\"name\":\"Club des Cent Cols\",\"description\":\"\",\"publisher\":{\"@id\":\"https:\/\/centcols.org\/#organization\"},\"potentialAction\":[{\"@type\":\"SearchAction\",\"target\":{\"@type\":\"EntryPoint\",\"urlTemplate\":\"https:\/\/centcols.org\/?s={search_term_string}\"},\"query-input\":{\"@type\":\"PropertyValueSpecification\",\"valueRequired\":true,\"valueName\":\"search_term_string\"}}],\"inLanguage\":\"it-IT\"},{\"@type\":\"Organization\",\"@id\":\"https:\/\/centcols.org\/#organization\",\"name\":\"Club des Cent Cols\",\"url\":\"https:\/\/centcols.org\/\",\"logo\":{\"@type\":\"ImageObject\",\"inLanguage\":\"it-IT\",\"@id\":\"https:\/\/centcols.org\/#\/schema\/logo\/image\/\",\"url\":\"https:\/\/centcols.org\/wp-content\/uploads\/2025\/01\/carte-icone.png\",\"contentUrl\":\"https:\/\/centcols.org\/wp-content\/uploads\/2025\/01\/carte-icone.png\",\"width\":250,\"height\":250,\"caption\":\"Club des Cent Cols\"},\"image\":{\"@id\":\"https:\/\/centcols.org\/#\/schema\/logo\/image\/\"},\"sameAs\":[\"https:\/\/www.facebook.com\/groups\/5261880558\/?locale=fr_FR\"]},{\"@type\":\"Person\",\"@id\":\"https:\/\/centcols.org\/#\/schema\/person\/5c1a9d61132fb33ccec149272abff6e1\",\"name\":\"Christophe Badonnel\",\"image\":{\"@type\":\"ImageObject\",\"inLanguage\":\"it-IT\",\"@id\":\"https:\/\/centcols.org\/wp-content\/litespeed\/avatar\/9f363966b51271bd99ebbb6ebd632889.jpg?ver=1777238111\",\"url\":\"https:\/\/centcols.org\/wp-content\/litespeed\/avatar\/9f363966b51271bd99ebbb6ebd632889.jpg?ver=1777238111\",\"contentUrl\":\"https:\/\/centcols.org\/wp-content\/litespeed\/avatar\/9f363966b51271bd99ebbb6ebd632889.jpg?ver=1777238111\",\"caption\":\"Christophe Badonnel\"},\"url\":\"https:\/\/centcols.org\/it\/author\/5799\/\"}]}<\/script>\n<!-- \/ Yoast SEO plugin. -->","yoast_head_json":{"title":"Pausa autunnale e assemblea generale per il 50\u00b0 anniversario della fratellanza ad Annecy (Alta Savoia), dal 04 al 06 novembre 2022 - Club des Cent Cols","robots":{"index":"index","follow":"follow","max-snippet":"max-snippet:-1","max-image-preview":"max-image-preview:large","max-video-preview":"max-video-preview:-1"},"canonical":"https:\/\/centcols.org\/it\/ag-2022-annecy\/","og_locale":"it_IT","og_type":"article","og_title":"S\u00e9jour d'automne et assembl\u00e9e g\u00e9n\u00e9rale pour le 50 i\u00e8me anniversaire de la confr\u00e9rie \u00e0 Annecy (Haute Savoie), du 04 au 06 novembre 2022 - Club des Cent Cols","og_description":"Ont contribu\u00e9 \u00e0 cette page de pr\u00e9sentation du s\u00e9jour les responsables informatiques, Enrico Alberini, Jean-Luc Matte et Christophe Badonnel Les \u00e9chos : Compte-renduL\u2019album photo de Pierre Mai Les tables au d\u00eener apr\u00e8s l\u2019Assembl\u00e9e g\u00e9n\u00e9raleL\u2019AG sur le blog de Guy Garcin Vous trouverez ci-dessous les rubriques : Pr\u00e9sentation de la r\u00e9gion : Apr\u00e8s 2012 et 2017, [&hellip;]","og_url":"https:\/\/centcols.org\/it\/ag-2022-annecy\/","og_site_name":"Club des Cent Cols","article_publisher":"https:\/\/www.facebook.com\/groups\/5261880558\/?locale=fr_FR","article_published_time":"2022-05-27T12:36:28+00:00","article_modified_time":"2025-09-14T04:32:25+00:00","og_image":[{"width":1365,"height":1024,"url":"https:\/\/centcols.org\/wp-content\/uploads\/2025\/08\/IMG_20210927_091815.jpg","type":"image\/jpeg"}],"author":"Christophe Badonnel","twitter_card":"summary_large_image","twitter_misc":{"Scritto da":"Christophe Badonnel","Tempo di lettura stimato":"8 minuti"},"schema":{"@context":"https:\/\/schema.org","@graph":[{"@type":"Article","@id":"https:\/\/centcols.org\/ag-2022-annecy\/#article","isPartOf":{"@id":"https:\/\/centcols.org\/ag-2022-annecy\/"},"author":{"name":"Christophe Badonnel","@id":"https:\/\/centcols.org\/#\/schema\/person\/5c1a9d61132fb33ccec149272abff6e1"},"headline":"S\u00e9jour d&rsquo;automne et assembl\u00e9e g\u00e9n\u00e9rale pour le 50 i\u00e8me anniversaire de la confr\u00e9rie \u00e0 Annecy (Haute Savoie), du 04 au 06 novembre 2022","datePublished":"2022-05-27T12:36:28+00:00","dateModified":"2025-09-14T04:32:25+00:00","mainEntityOfPage":{"@id":"https:\/\/centcols.org\/ag-2022-annecy\/"},"wordCount":1598,"publisher":{"@id":"https:\/\/centcols.org\/#organization"},"image":{"@id":"https:\/\/centcols.org\/ag-2022-annecy\/#primaryimage"},"thumbnailUrl":"https:\/\/centcols.org\/wp-content\/uploads\/2025\/08\/IMG_20210927_091815.jpg","articleSection":["France","Auvergne-Rh\u00f4ne-Alpes","Alpes fran\u00e7aises du Nord","74-Haute-Savoie","S\u00e9jours du Club des Cent Cols"],"inLanguage":"it-IT"},{"@type":"WebPage","@id":"https:\/\/centcols.org\/ag-2022-annecy\/","url":"https:\/\/centcols.org\/ag-2022-annecy\/","name":"Pausa autunnale e assemblea generale per il 50\u00b0 anniversario della fratellanza ad Annecy (Alta Savoia), dal 04 al 06 novembre 2022 - Club des Cent Cols","isPartOf":{"@id":"https:\/\/centcols.org\/#website"},"primaryImageOfPage":{"@id":"https:\/\/centcols.org\/ag-2022-annecy\/#primaryimage"},"image":{"@id":"https:\/\/centcols.org\/ag-2022-annecy\/#primaryimage"},"thumbnailUrl":"https:\/\/centcols.org\/wp-content\/uploads\/2025\/08\/IMG_20210927_091815.jpg","datePublished":"2022-05-27T12:36:28+00:00","dateModified":"2025-09-14T04:32:25+00:00","breadcrumb":{"@id":"https:\/\/centcols.org\/ag-2022-annecy\/#breadcrumb"},"inLanguage":"it-IT","potentialAction":[{"@type":"ReadAction","target":["https:\/\/centcols.org\/ag-2022-annecy\/"]}]},{"@type":"ImageObject","inLanguage":"it-IT","@id":"https:\/\/centcols.org\/ag-2022-annecy\/#primaryimage","url":"https:\/\/centcols.org\/wp-content\/uploads\/2025\/08\/IMG_20210927_091815.jpg","contentUrl":"https:\/\/centcols.org\/wp-content\/uploads\/2025\/08\/IMG_20210927_091815.jpg"},{"@type":"BreadcrumbList","@id":"https:\/\/centcols.org\/ag-2022-annecy\/#breadcrumb","itemListElement":[{"@type":"ListItem","position":1,"name":"Accueil","item":"https:\/\/centcols.org\/"},{"@type":"ListItem","position":2,"name":"S\u00e9jours du Club des Cent Cols","item":"https:\/\/centcols.org\/rubrique\/sejours\/"},{"@type":"ListItem","position":3,"name":"Pays","item":"https:\/\/centcols.org\/rubrique\/sejours\/pays-sejours\/"},{"@type":"ListItem","position":4,"name":"France","item":"https:\/\/centcols.org\/rubrique\/sejours\/pays-sejours\/france-pays-sejours\/"},{"@type":"ListItem","position":5,"name":"S\u00e9jour d&rsquo;automne et assembl\u00e9e g\u00e9n\u00e9rale pour le 50 i\u00e8me anniversaire de la confr\u00e9rie \u00e0 Annecy (Haute Savoie), du 04 au 06 novembre 2022"}]},{"@type":"WebSite","@id":"https:\/\/centcols.org\/#website","url":"https:\/\/centcols.org\/","name":"Club des Cent Cols","description":"","publisher":{"@id":"https:\/\/centcols.org\/#organization"},"potentialAction":[{"@type":"SearchAction","target":{"@type":"EntryPoint","urlTemplate":"https:\/\/centcols.org\/?s={search_term_string}"},"query-input":{"@type":"PropertyValueSpecification","valueRequired":true,"valueName":"search_term_string"}}],"inLanguage":"it-IT"},{"@type":"Organization","@id":"https:\/\/centcols.org\/#organization","name":"Club des Cent Cols","url":"https:\/\/centcols.org\/","logo":{"@type":"ImageObject","inLanguage":"it-IT","@id":"https:\/\/centcols.org\/#\/schema\/logo\/image\/","url":"https:\/\/centcols.org\/wp-content\/uploads\/2025\/01\/carte-icone.png","contentUrl":"https:\/\/centcols.org\/wp-content\/uploads\/2025\/01\/carte-icone.png","width":250,"height":250,"caption":"Club des Cent Cols"},"image":{"@id":"https:\/\/centcols.org\/#\/schema\/logo\/image\/"},"sameAs":["https:\/\/www.facebook.com\/groups\/5261880558\/?locale=fr_FR"]},{"@type":"Person","@id":"https:\/\/centcols.org\/#\/schema\/person\/5c1a9d61132fb33ccec149272abff6e1","name":"Christophe Badonnel","image":{"@type":"ImageObject","inLanguage":"it-IT","@id":"https:\/\/centcols.org\/wp-content\/litespeed\/avatar\/9f363966b51271bd99ebbb6ebd632889.jpg?ver=1777238111","url":"https:\/\/centcols.org\/wp-content\/litespeed\/avatar\/9f363966b51271bd99ebbb6ebd632889.jpg?ver=1777238111","contentUrl":"https:\/\/centcols.org\/wp-content\/litespeed\/avatar\/9f363966b51271bd99ebbb6ebd632889.jpg?ver=1777238111","caption":"Christophe Badonnel"},"url":"https:\/\/centcols.org\/it\/author\/5799\/"}]}},"_links":{"self":[{"href":"https:\/\/centcols.org\/it\/wp-json\/wp\/v2\/posts\/82339","targetHints":{"allow":["GET"]}}],"collection":[{"href":"https:\/\/centcols.org\/it\/wp-json\/wp\/v2\/posts"}],"about":[{"href":"https:\/\/centcols.org\/it\/wp-json\/wp\/v2\/types\/post"}],"author":[{"embeddable":true,"href":"https:\/\/centcols.org\/it\/wp-json\/wp\/v2\/users\/64"}],"replies":[{"embeddable":true,"href":"https:\/\/centcols.org\/it\/wp-json\/wp\/v2\/comments?post=82339"}],"version-history":[{"count":0,"href":"https:\/\/centcols.org\/it\/wp-json\/wp\/v2\/posts\/82339\/revisions"}],"wp:attachment":[{"href":"https:\/\/centcols.org\/it\/wp-json\/wp\/v2\/media?parent=82339"}],"wp:term":[{"taxonomy":"category","embeddable":true,"href":"https:\/\/centcols.org\/it\/wp-json\/wp\/v2\/categories?post=82339"},{"taxonomy":"post_tag","embeddable":true,"href":"https:\/\/centcols.org\/it\/wp-json\/wp\/v2\/tags?post=82339"}],"curies":[{"name":"wp","href":"https:\/\/api.w.org\/{rel}","templated":true}]}}