{"id":82349,"date":"2022-09-15T16:44:53","date_gmt":"2022-09-15T14:44:53","guid":{"rendered":"https:\/\/centcols.org\/assemblee-generale-du-club-des-cent-cols-annecy-haute-savoie-le-5-novembre-2022\/"},"modified":"2025-08-28T08:57:07","modified_gmt":"2025-08-28T06:57:07","slug":"cr-ag-2022-annecy","status":"publish","type":"post","link":"https:\/\/centcols.org\/it\/cr-ag-2022-annecy\/","title":{"rendered":"Assemblea generale del Club des Cent Cols, Annecy (Alta Savoia) il 5 novembre 2022"},"content":{"rendered":"<h2 class=\"wp-block-heading\">Rapporto<\/h2>\n\n\n\n<p><strong>Annecy, Palazzo Imperiale, 5 novembre 2022<\/strong><\/p>\n\n\n\n<p>Il Presidente, Enrico ALBERINI, apre l'Assemblea generale alle ore 14.00.<\/p>\n\n\n\n<p>Ha ringraziato i seguenti partecipanti<br>Martine CANO, presidente della FFCT,<br>Catherine BORGEAIS-ROUET, presidente del COREG Aura (Auvergne-Rh\u00f4ne-Alpes) e del CODEP74,<br>Antoine ARMAND, deputato della circoscrizione di Annecy.<\/p>\n\n\n\n<p>Dopo la sua relazione annuale (vedi ICC ottobre 2022), ha passato la parola a Herv\u00e9 RETI\u00c8RE, segretario del club, per la relazione sull'attivit\u00e0 del club. Questa relazione servir\u00e0 come base per una presentazione pi\u00f9 completa che potr\u00e0 essere utilizzata, in particolare, al di fuori del club. \u00c8 disponibile qui:<\/p>\n\n\n\n<p><a href=\"\/Videos\/intervention-HR-AG-ccc-2022.movie_.mp4\">Presentazione delle attivit\u00e0 del club<\/a><\/p>\n\n\n\n<p>Il tesoriere S\u00e9bastien VADOT ha quindi presentato la relazione finanziaria, seguita dai conti provvisori.<\/p>\n\n\n\n<p><a href=\"\/Videos\/intervention-sv-ag-ccc-2022.movie_.mp4\">Presentazione della relazione finanziaria<\/a><\/p>\n\n\n\n<p>Alain LAXENAIRE e Michel MATHIEU, revisori dei conti, presentano la loro relazione.<\/p>\n\n\n\n<p>Il Presidente prende quindi la parola per annunciare i risultati delle votazioni, sottolineando il notevole aumento del numero di votanti per il 2022: 899. Rispetto ai 466 del 2021, l'aumento \u00e8 di 93 unit\u00e0.<\/p>\n\n\n\n<p>I risultati:<\/p>\n\n\n\n<p>Numero di registrazioni: 1974<br>Numero di elettori: 899<br>Partecipazione: 45,6 %<\/p>\n\n\n\n<figure class=\"wp-block-table is-style-stripes\"><table><tbody><tr><td><\/td><td class=\"has-text-align-center\" data-align=\"center\"><strong>S\u00ec<\/strong><\/td><td class=\"has-text-align-center\" data-align=\"center\"><strong>No<\/strong><\/td><td class=\"has-text-align-center\" data-align=\"center\"><strong>Bianco<\/strong><\/td><td class=\"has-text-align-center\" data-align=\"center\"><strong>Nullo<\/strong><\/td><\/tr><tr><td><strong>Relazione morale<\/strong><\/td><td class=\"has-text-align-center\" data-align=\"center\"><strong>871<\/strong><\/td><td class=\"has-text-align-center\" data-align=\"center\"><strong>10<\/strong><\/td><td class=\"has-text-align-center\" data-align=\"center\"><strong>13<\/strong><\/td><td class=\"has-text-align-center\" data-align=\"center\"><strong>5<\/strong><\/td><\/tr><tr><td><\/td><td class=\"has-text-align-center\" data-align=\"center\"><em>96.9 %<\/em><\/td><td class=\"has-text-align-center\" data-align=\"center\"><em>1.1 %<\/em><\/td><td class=\"has-text-align-center\" data-align=\"center\"><em>1.4 %<\/em><\/td><td class=\"has-text-align-center\" data-align=\"center\"><em>0.6 %<\/em><\/td><\/tr><tr><td><strong>Rapporto di attivit\u00e0<\/strong><\/td><td class=\"has-text-align-center\" data-align=\"center\"><strong>872<\/strong><\/td><td class=\"has-text-align-center\" data-align=\"center\"><strong>8<\/strong><\/td><td class=\"has-text-align-center\" data-align=\"center\"><strong>14<\/strong><\/td><td class=\"has-text-align-center\" data-align=\"center\"><strong>5<\/strong><\/td><\/tr><tr><td><\/td><td class=\"has-text-align-center\" data-align=\"center\"><em>97.0 %<\/em><\/td><td class=\"has-text-align-center\" data-align=\"center\"><em>0.9 %<\/em><\/td><td class=\"has-text-align-center\" data-align=\"center\"><em>1.5 %<\/em><\/td><td class=\"has-text-align-center\" data-align=\"center\"><em>0.6 %<\/em><\/td><\/tr><tr><td><strong>Relazione finanziaria<\/strong><\/td><td class=\"has-text-align-center\" data-align=\"center\"><strong>876<\/strong><\/td><td class=\"has-text-align-center\" data-align=\"center\"><strong>8<\/strong><\/td><td class=\"has-text-align-center\" data-align=\"center\"><strong>10<\/strong><\/td><td class=\"has-text-align-center\" data-align=\"center\"><strong>5<\/strong><\/td><\/tr><tr><td><\/td><td class=\"has-text-align-center\" data-align=\"center\"><em>97.4 %<\/em><\/td><td class=\"has-text-align-center\" data-align=\"center\"><em>0.9 %<\/em><\/td><td class=\"has-text-align-center\" data-align=\"center\"><em>1.1 %<\/em><\/td><td class=\"has-text-align-center\" data-align=\"center\"><em>0.6 %<\/em><\/td><\/tr><\/tbody><\/table><\/figure>\n\n\n\n<p>Conclusa la parte statutaria della riunione, il Presidente ha passato la parola a Graham Cutting, che ha annunciato il completamento di un progetto titanico: la compilazione dei cataloghi dei passi alpini di tutto il mondo.<\/p>\n\n\n\n<p><a href=\"\/Videos\/intervention-graham-ag-ccc-2022.movie_.mp4\">Discorso di Graham Cutting<\/a>.<\/p>\n\n\n\n<p>Didier R\u00c9MOND ha poi presentato il futuro soggiorno estivo 2023 a Praz-sur-Arly (la presentazione sar\u00e0 pubblicata sul sito web del club).<\/p>\n\n\n\n<p>Il Presidente ha quindi presentato Christophe MARCHAL, l'8.000\u00b0 socio del club.<\/p>\n\n\n\n<p><a href=\"\/Videos\/ccc-christophe-marchal-8000.movie_.mp4\">Presentazione di Christophe Marchal<\/a>.<\/p>\n\n\n\n<p>Ha poi consegnato ai deputati Pierre MAI, Didier R\u00c9MOND, G\u00e9rard FILLION-ROBIN e Alain GILLODES un diploma per i servizi resi.<\/p>\n\n\n\n<p><a href=\"\/Videos\/ccc-dt-brevetes.movie_.mp4\">Consegna dei diplomi di servizio ai TD.<\/a><\/p>\n\n\n\n<p>Ha poi preso la parola Jean PERDOUX, fondatore del Club e Presidente onorario.<\/p>\n\n\n\n<p><a href=\"\/Videos\/ccc-jean-perdoux.movie1_-1.mp4\">Discorso di Jean Perdoux - Parte 1<\/a><\/p>\n\n\n\n<p><a href=\"\/Videos\/ccc-jean-perdoux.movie2_.mp4\">Discorso di Jean Perdoux - Parte 2<\/a><\/p>\n\n\n\n<p>La parola passa quindi a Henri DUSSEAU - Presidente onorario.<\/p>\n\n\n\n<p><a href=\"\/Videos\/ccc-henri-dusseau.mp4\">Discorso di Henri Dusseau<\/a><\/p>\n\n\n\n<p>Gli ultimi 3 presidenti hanno poi completato la storia dei 50 anni del Club.<\/p>\n\n\n\n<p><a href=\"\/Videos\/ccc-claude-benistrand.mp4\">Il discorso di Claude B\u00e9nistrand<\/a> - Presidente dal 2001 al 2009<\/p>\n\n\n\n<p><a href=\"\/Videos\/ccc-regis-paraz.movie_.mp4\">Discorso di R\u00e9gis Paraz<\/a> - Presidente dal 2009 al 2017<\/p>\n\n\n\n<p><a href=\"\/Videos\/intervention-BG-AG-ccc-2022.movie_-1.mp4\">Discorso di Bernard Giraudeau<\/a> - Presidente dal 2017 al 2021.<\/p>\n\n\n\n<p>Durante la pausa, proiezione di diapositive di Claude MABILLOT sull'incontro in Alvernia al Col de la Croix des Gardes del 17 settembre 2022.<\/p>\n\n\n\n<p>Tornare al lavoro, <a href=\"\/Videos\/Video-daniel-Gobert.mp4\">intervento video registrato da Daniel Gobert<\/a>Presidente del BIG (Brevet International du Grimpeur)<\/p>\n\n\n\n<p>Intervengono quindi i seguenti oratori:<\/p>\n\n\n\n<p>Eric THOUVENIN, presidente e fondatore di Openrunner<\/p>\n\n\n\n<p>Michel ROUGERT (vicepresidente di Cosfic 2024, organizzatore della Semaine F\u00e9d\u00e9rale 2024 della FFCT)<\/p>\n\n\n\n<p>Catherine BORGEAIS-ROUET, Presidente del COREG Aura (Auvergne-Rh\u00f4ne-Alpes) e del CODEP74<\/p>\n\n\n\n<p>Martine CANO, presidente della FFCT, dar\u00e0 la sua ultima testimonianza per il cinquantesimo anniversario del club.<\/p>\n\n\n\n<p>Infine, Enrico ALBERINI concluder\u00e0 questa Assemblea generale straordinaria invitando tutti i presenti a bere un vin d'honneur.<\/p>\n\n\n\n<h2 class=\"wp-block-heading\">Verbale dell'Assemblea generale annuale: allegati<\/h2>\n\n\n\n<p><a href=\"\/Videos\/ccc-jean-perdoux-bon-wagon.movie_.mp4\">Pista ciclabile del Lago di Annecy<\/a> spiegato da Jean PERDOUX durante la sosta a Le Bon Wagon nel corso del giro del lago di domenica mattina.<\/p>\n\n\n\n<p><a href=\"\/it\/tavoli-alla-cena-successiva-allassemblea-generale-5-novembre-2022\/\">Tavoli alla cena dopo l'Assemblea generale<\/a>\u00a0<\/p>\n\n\n\n<p><a href=\"https:\/\/centcols.org\/it\/assemblea-generale-5-novembre-2022-album-fotografico-di-pierre-mai\/\">Album fotografico di Pierre Mai<\/a><\/p>\n\n\n\n<p><a href=\"https:\/\/love-velo.fr\/ag-du-cinquantenaire-du-club-des-cent-cols-2022\/\">L'Assemblea generale sul blog di Guy Garcin<\/a><\/p>\n\n\n\n<h2 class=\"wp-block-heading\">Assemblea generale del 2022<\/h2>\n\n\n\n<p>L'Assemblea generale del 2022 si \u00e8 tenuta ad Annecy (Salle de l'Imp\u00e9rial Palace) sabato 5 novembre 2022 alle ore 14.00.<\/p>\n\n\n\n<p>Palazzo Imp\u00e9rial - Annecy<br>All. de l'Imp\u00e9rial, <br>74000 Annecy, Francia<br>Tel: <a href=\"https:\/\/www.google.com\/search?q=imperial+annecy&amp;oq=imperial+annecy&amp;aqs=chrome.0.0i355i512j46i175i199i512j0i22i30l8.7194j0j4&amp;sourceid=chrome&amp;ie=UTF-8#\">+33 (0) 4 50 09 30 00<\/a><br>https:\/\/www.hotel-imperial-palace.com\/<\/p>\n\n\n\n<p><br><\/p>","protected":false},"excerpt":{"rendered":"<p>Compte-rendu Annecy, Imperial Palace, 5 novembre 2022 Le Pr\u00e9sident, Enrico ALBERINI, ouvre l\u2019Assembl\u00e9e G\u00e9n\u00e9rale \u00e0 14 h. Il remercie de leur pr\u00e9senceMartine CANO, Pr\u00e9sidente de la FFCT,Catherine BORGEAIS-ROUET, Pr\u00e9sidente du COREG Aura (Auvergne-Rh\u00f4ne-Alpes) et du CODEP74,Antoine ARMAND, d\u00e9put\u00e9 de la circonscription d\u2019Annecy. Apr\u00e8s son rapport moral (voir dans l\u2019ICC d\u2019octobre 2022), il passe la parole [&hellip;]<\/p>\n","protected":false},"author":58,"featured_media":82350,"comment_status":"closed","ping_status":"closed","sticky":false,"template":"","format":"standard","meta":{"_acf_changed":false,"footnotes":""},"categories":[217,135],"tags":[],"class_list":["post-82349","post","type-post","status-publish","format-standard","has-post-thumbnail","hentry","category-assemblees-generales","category-calendrier"],"acf":[],"yoast_head":"<!-- This site is optimized with the Yoast SEO plugin v27.2 - https:\/\/yoast.com\/product\/yoast-seo-wordpress\/ -->\n<title>Assembl\u00e9e g\u00e9n\u00e9rale du Club des Cent Cols, Annecy (Haute-Savoie) le 5 novembre 2022 - Club des Cent Cols<\/title>\n<meta name=\"robots\" content=\"index, follow, max-snippet:-1, max-image-preview:large, max-video-preview:-1\" \/>\n<link rel=\"canonical\" href=\"https:\/\/centcols.org\/it\/cr-ag-2022-annecy\/\" \/>\n<meta property=\"og:locale\" content=\"it_IT\" \/>\n<meta property=\"og:type\" content=\"article\" \/>\n<meta property=\"og:title\" content=\"Assembl\u00e9e g\u00e9n\u00e9rale du Club des Cent Cols, Annecy (Haute-Savoie) le 5 novembre 2022 - Club des Cent Cols\" \/>\n<meta property=\"og:description\" content=\"Compte-rendu Annecy, Imperial Palace, 5 novembre 2022 Le Pr\u00e9sident, Enrico ALBERINI, ouvre l\u2019Assembl\u00e9e G\u00e9n\u00e9rale \u00e0 14 h. Il remercie de leur pr\u00e9senceMartine CANO, Pr\u00e9sidente de la FFCT,Catherine BORGEAIS-ROUET, Pr\u00e9sidente du COREG Aura (Auvergne-Rh\u00f4ne-Alpes) et du CODEP74,Antoine ARMAND, d\u00e9put\u00e9 de la circonscription d\u2019Annecy. Apr\u00e8s son rapport moral (voir dans l\u2019ICC d\u2019octobre 2022), il passe la parole [&hellip;]\" \/>\n<meta property=\"og:url\" content=\"https:\/\/centcols.org\/it\/cr-ag-2022-annecy\/\" \/>\n<meta property=\"og:site_name\" content=\"Club des Cent Cols\" \/>\n<meta property=\"article:publisher\" content=\"https:\/\/www.facebook.com\/groups\/5261880558\/?locale=fr_FR\" \/>\n<meta property=\"article:published_time\" content=\"2022-09-15T14:44:53+00:00\" \/>\n<meta property=\"article:modified_time\" content=\"2025-08-28T06:57:07+00:00\" \/>\n<meta property=\"og:image\" content=\"https:\/\/centcols.org\/wp-content\/uploads\/2025\/05\/01Table-Weibel-scaled-1.jpg\" \/>\n\t<meta property=\"og:image:width\" content=\"2560\" \/>\n\t<meta property=\"og:image:height\" content=\"1920\" \/>\n\t<meta property=\"og:image:type\" content=\"image\/jpeg\" \/>\n<meta name=\"author\" content=\"Enrico Alberini\" \/>\n<meta name=\"twitter:card\" content=\"summary_large_image\" \/>\n<meta name=\"twitter:label1\" content=\"Scritto da\" \/>\n\t<meta name=\"twitter:data1\" content=\"Enrico Alberini\" \/>\n\t<meta name=\"twitter:label2\" content=\"Tempo di lettura stimato\" \/>\n\t<meta name=\"twitter:data2\" content=\"4 minuti\" \/>\n<script type=\"application\/ld+json\" class=\"yoast-schema-graph\">{\"@context\":\"https:\/\/schema.org\",\"@graph\":[{\"@type\":\"Article\",\"@id\":\"https:\/\/centcols.org\/cr-ag-2022-annecy\/#article\",\"isPartOf\":{\"@id\":\"https:\/\/centcols.org\/cr-ag-2022-annecy\/\"},\"author\":{\"name\":\"Enrico Alberini\",\"@id\":\"https:\/\/centcols.org\/#\/schema\/person\/86c3ec6889d88501a29fccac614bebf8\"},\"headline\":\"Assembl\u00e9e g\u00e9n\u00e9rale du Club des Cent Cols, Annecy (Haute-Savoie) le 5 novembre 2022\",\"datePublished\":\"2022-09-15T14:44:53+00:00\",\"dateModified\":\"2025-08-28T06:57:07+00:00\",\"mainEntityOfPage\":{\"@id\":\"https:\/\/centcols.org\/cr-ag-2022-annecy\/\"},\"wordCount\":642,\"publisher\":{\"@id\":\"https:\/\/centcols.org\/#organization\"},\"image\":{\"@id\":\"https:\/\/centcols.org\/cr-ag-2022-annecy\/#primaryimage\"},\"thumbnailUrl\":\"https:\/\/centcols.org\/wp-content\/uploads\/2025\/05\/01Table-Weibel-scaled-1.jpg\",\"articleSection\":[\"Assembl\u00e9es g\u00e9n\u00e9rales\",\"Calendrier\"],\"inLanguage\":\"it-IT\"},{\"@type\":\"WebPage\",\"@id\":\"https:\/\/centcols.org\/cr-ag-2022-annecy\/\",\"url\":\"https:\/\/centcols.org\/cr-ag-2022-annecy\/\",\"name\":\"Assembl\u00e9e g\u00e9n\u00e9rale du Club des Cent Cols, Annecy (Haute-Savoie) le 5 novembre 2022 - Club des Cent Cols\",\"isPartOf\":{\"@id\":\"https:\/\/centcols.org\/#website\"},\"primaryImageOfPage\":{\"@id\":\"https:\/\/centcols.org\/cr-ag-2022-annecy\/#primaryimage\"},\"image\":{\"@id\":\"https:\/\/centcols.org\/cr-ag-2022-annecy\/#primaryimage\"},\"thumbnailUrl\":\"https:\/\/centcols.org\/wp-content\/uploads\/2025\/05\/01Table-Weibel-scaled-1.jpg\",\"datePublished\":\"2022-09-15T14:44:53+00:00\",\"dateModified\":\"2025-08-28T06:57:07+00:00\",\"breadcrumb\":{\"@id\":\"https:\/\/centcols.org\/cr-ag-2022-annecy\/#breadcrumb\"},\"inLanguage\":\"it-IT\",\"potentialAction\":[{\"@type\":\"ReadAction\",\"target\":[\"https:\/\/centcols.org\/cr-ag-2022-annecy\/\"]}]},{\"@type\":\"ImageObject\",\"inLanguage\":\"it-IT\",\"@id\":\"https:\/\/centcols.org\/cr-ag-2022-annecy\/#primaryimage\",\"url\":\"https:\/\/centcols.org\/wp-content\/uploads\/2025\/05\/01Table-Weibel-scaled-1.jpg\",\"contentUrl\":\"https:\/\/centcols.org\/wp-content\/uploads\/2025\/05\/01Table-Weibel-scaled-1.jpg\",\"width\":2560,\"height\":1920},{\"@type\":\"BreadcrumbList\",\"@id\":\"https:\/\/centcols.org\/cr-ag-2022-annecy\/#breadcrumb\",\"itemListElement\":[{\"@type\":\"ListItem\",\"position\":1,\"name\":\"Accueil\",\"item\":\"https:\/\/centcols.org\/\"},{\"@type\":\"ListItem\",\"position\":2,\"name\":\"Assembl\u00e9es g\u00e9n\u00e9rales\",\"item\":\"https:\/\/centcols.org\/rubrique\/assemblees-generales\/\"},{\"@type\":\"ListItem\",\"position\":3,\"name\":\"Assembl\u00e9e g\u00e9n\u00e9rale du Club des Cent Cols, Annecy (Haute-Savoie) le 5 novembre 2022\"}]},{\"@type\":\"WebSite\",\"@id\":\"https:\/\/centcols.org\/#website\",\"url\":\"https:\/\/centcols.org\/\",\"name\":\"Club des Cent Cols\",\"description\":\"\",\"publisher\":{\"@id\":\"https:\/\/centcols.org\/#organization\"},\"potentialAction\":[{\"@type\":\"SearchAction\",\"target\":{\"@type\":\"EntryPoint\",\"urlTemplate\":\"https:\/\/centcols.org\/?s={search_term_string}\"},\"query-input\":{\"@type\":\"PropertyValueSpecification\",\"valueRequired\":true,\"valueName\":\"search_term_string\"}}],\"inLanguage\":\"it-IT\"},{\"@type\":\"Organization\",\"@id\":\"https:\/\/centcols.org\/#organization\",\"name\":\"Club des Cent Cols\",\"url\":\"https:\/\/centcols.org\/\",\"logo\":{\"@type\":\"ImageObject\",\"inLanguage\":\"it-IT\",\"@id\":\"https:\/\/centcols.org\/#\/schema\/logo\/image\/\",\"url\":\"https:\/\/centcols.org\/wp-content\/uploads\/2025\/01\/carte-icone.png\",\"contentUrl\":\"https:\/\/centcols.org\/wp-content\/uploads\/2025\/01\/carte-icone.png\",\"width\":250,\"height\":250,\"caption\":\"Club des Cent Cols\"},\"image\":{\"@id\":\"https:\/\/centcols.org\/#\/schema\/logo\/image\/\"},\"sameAs\":[\"https:\/\/www.facebook.com\/groups\/5261880558\/?locale=fr_FR\"]},{\"@type\":\"Person\",\"@id\":\"https:\/\/centcols.org\/#\/schema\/person\/86c3ec6889d88501a29fccac614bebf8\",\"name\":\"Enrico Alberini\",\"image\":{\"@type\":\"ImageObject\",\"inLanguage\":\"it-IT\",\"@id\":\"https:\/\/centcols.org\/wp-content\/litespeed\/avatar\/1b26e36a18d85acc8b0f860f9628213f.jpg?ver=1777240766\",\"url\":\"https:\/\/centcols.org\/wp-content\/litespeed\/avatar\/1b26e36a18d85acc8b0f860f9628213f.jpg?ver=1777240766\",\"contentUrl\":\"https:\/\/centcols.org\/wp-content\/litespeed\/avatar\/1b26e36a18d85acc8b0f860f9628213f.jpg?ver=1777240766\",\"caption\":\"Enrico Alberini\"},\"url\":\"https:\/\/centcols.org\/it\/author\/5065\/\"}]}<\/script>\n<!-- \/ Yoast SEO plugin. -->","yoast_head_json":{"title":"Assemblea generale del Club des Cent Cols, Annecy (Alta Savoia) il 5 novembre 2022 - Club des Cent Cols","robots":{"index":"index","follow":"follow","max-snippet":"max-snippet:-1","max-image-preview":"max-image-preview:large","max-video-preview":"max-video-preview:-1"},"canonical":"https:\/\/centcols.org\/it\/cr-ag-2022-annecy\/","og_locale":"it_IT","og_type":"article","og_title":"Assembl\u00e9e g\u00e9n\u00e9rale du Club des Cent Cols, Annecy (Haute-Savoie) le 5 novembre 2022 - Club des Cent Cols","og_description":"Compte-rendu Annecy, Imperial Palace, 5 novembre 2022 Le Pr\u00e9sident, Enrico ALBERINI, ouvre l\u2019Assembl\u00e9e G\u00e9n\u00e9rale \u00e0 14 h. Il remercie de leur pr\u00e9senceMartine CANO, Pr\u00e9sidente de la FFCT,Catherine BORGEAIS-ROUET, Pr\u00e9sidente du COREG Aura (Auvergne-Rh\u00f4ne-Alpes) et du CODEP74,Antoine ARMAND, d\u00e9put\u00e9 de la circonscription d\u2019Annecy. Apr\u00e8s son rapport moral (voir dans l\u2019ICC d\u2019octobre 2022), il passe la parole [&hellip;]","og_url":"https:\/\/centcols.org\/it\/cr-ag-2022-annecy\/","og_site_name":"Club des Cent Cols","article_publisher":"https:\/\/www.facebook.com\/groups\/5261880558\/?locale=fr_FR","article_published_time":"2022-09-15T14:44:53+00:00","article_modified_time":"2025-08-28T06:57:07+00:00","og_image":[{"width":2560,"height":1920,"url":"https:\/\/centcols.org\/wp-content\/uploads\/2025\/05\/01Table-Weibel-scaled-1.jpg","type":"image\/jpeg"}],"author":"Enrico Alberini","twitter_card":"summary_large_image","twitter_misc":{"Scritto da":"Enrico Alberini","Tempo di lettura stimato":"4 minuti"},"schema":{"@context":"https:\/\/schema.org","@graph":[{"@type":"Article","@id":"https:\/\/centcols.org\/cr-ag-2022-annecy\/#article","isPartOf":{"@id":"https:\/\/centcols.org\/cr-ag-2022-annecy\/"},"author":{"name":"Enrico Alberini","@id":"https:\/\/centcols.org\/#\/schema\/person\/86c3ec6889d88501a29fccac614bebf8"},"headline":"Assembl\u00e9e g\u00e9n\u00e9rale du Club des Cent Cols, Annecy (Haute-Savoie) le 5 novembre 2022","datePublished":"2022-09-15T14:44:53+00:00","dateModified":"2025-08-28T06:57:07+00:00","mainEntityOfPage":{"@id":"https:\/\/centcols.org\/cr-ag-2022-annecy\/"},"wordCount":642,"publisher":{"@id":"https:\/\/centcols.org\/#organization"},"image":{"@id":"https:\/\/centcols.org\/cr-ag-2022-annecy\/#primaryimage"},"thumbnailUrl":"https:\/\/centcols.org\/wp-content\/uploads\/2025\/05\/01Table-Weibel-scaled-1.jpg","articleSection":["Assembl\u00e9es g\u00e9n\u00e9rales","Calendrier"],"inLanguage":"it-IT"},{"@type":"WebPage","@id":"https:\/\/centcols.org\/cr-ag-2022-annecy\/","url":"https:\/\/centcols.org\/cr-ag-2022-annecy\/","name":"Assemblea generale del Club des Cent Cols, Annecy (Alta Savoia) il 5 novembre 2022 - Club des Cent Cols","isPartOf":{"@id":"https:\/\/centcols.org\/#website"},"primaryImageOfPage":{"@id":"https:\/\/centcols.org\/cr-ag-2022-annecy\/#primaryimage"},"image":{"@id":"https:\/\/centcols.org\/cr-ag-2022-annecy\/#primaryimage"},"thumbnailUrl":"https:\/\/centcols.org\/wp-content\/uploads\/2025\/05\/01Table-Weibel-scaled-1.jpg","datePublished":"2022-09-15T14:44:53+00:00","dateModified":"2025-08-28T06:57:07+00:00","breadcrumb":{"@id":"https:\/\/centcols.org\/cr-ag-2022-annecy\/#breadcrumb"},"inLanguage":"it-IT","potentialAction":[{"@type":"ReadAction","target":["https:\/\/centcols.org\/cr-ag-2022-annecy\/"]}]},{"@type":"ImageObject","inLanguage":"it-IT","@id":"https:\/\/centcols.org\/cr-ag-2022-annecy\/#primaryimage","url":"https:\/\/centcols.org\/wp-content\/uploads\/2025\/05\/01Table-Weibel-scaled-1.jpg","contentUrl":"https:\/\/centcols.org\/wp-content\/uploads\/2025\/05\/01Table-Weibel-scaled-1.jpg","width":2560,"height":1920},{"@type":"BreadcrumbList","@id":"https:\/\/centcols.org\/cr-ag-2022-annecy\/#breadcrumb","itemListElement":[{"@type":"ListItem","position":1,"name":"Accueil","item":"https:\/\/centcols.org\/"},{"@type":"ListItem","position":2,"name":"Assembl\u00e9es g\u00e9n\u00e9rales","item":"https:\/\/centcols.org\/rubrique\/assemblees-generales\/"},{"@type":"ListItem","position":3,"name":"Assembl\u00e9e g\u00e9n\u00e9rale du Club des Cent Cols, Annecy (Haute-Savoie) le 5 novembre 2022"}]},{"@type":"WebSite","@id":"https:\/\/centcols.org\/#website","url":"https:\/\/centcols.org\/","name":"Club des Cent Cols","description":"","publisher":{"@id":"https:\/\/centcols.org\/#organization"},"potentialAction":[{"@type":"SearchAction","target":{"@type":"EntryPoint","urlTemplate":"https:\/\/centcols.org\/?s={search_term_string}"},"query-input":{"@type":"PropertyValueSpecification","valueRequired":true,"valueName":"search_term_string"}}],"inLanguage":"it-IT"},{"@type":"Organization","@id":"https:\/\/centcols.org\/#organization","name":"Club des Cent Cols","url":"https:\/\/centcols.org\/","logo":{"@type":"ImageObject","inLanguage":"it-IT","@id":"https:\/\/centcols.org\/#\/schema\/logo\/image\/","url":"https:\/\/centcols.org\/wp-content\/uploads\/2025\/01\/carte-icone.png","contentUrl":"https:\/\/centcols.org\/wp-content\/uploads\/2025\/01\/carte-icone.png","width":250,"height":250,"caption":"Club des Cent Cols"},"image":{"@id":"https:\/\/centcols.org\/#\/schema\/logo\/image\/"},"sameAs":["https:\/\/www.facebook.com\/groups\/5261880558\/?locale=fr_FR"]},{"@type":"Person","@id":"https:\/\/centcols.org\/#\/schema\/person\/86c3ec6889d88501a29fccac614bebf8","name":"Enrico Alberini","image":{"@type":"ImageObject","inLanguage":"it-IT","@id":"https:\/\/centcols.org\/wp-content\/litespeed\/avatar\/1b26e36a18d85acc8b0f860f9628213f.jpg?ver=1777240766","url":"https:\/\/centcols.org\/wp-content\/litespeed\/avatar\/1b26e36a18d85acc8b0f860f9628213f.jpg?ver=1777240766","contentUrl":"https:\/\/centcols.org\/wp-content\/litespeed\/avatar\/1b26e36a18d85acc8b0f860f9628213f.jpg?ver=1777240766","caption":"Enrico Alberini"},"url":"https:\/\/centcols.org\/it\/author\/5065\/"}]}},"_links":{"self":[{"href":"https:\/\/centcols.org\/it\/wp-json\/wp\/v2\/posts\/82349","targetHints":{"allow":["GET"]}}],"collection":[{"href":"https:\/\/centcols.org\/it\/wp-json\/wp\/v2\/posts"}],"about":[{"href":"https:\/\/centcols.org\/it\/wp-json\/wp\/v2\/types\/post"}],"author":[{"embeddable":true,"href":"https:\/\/centcols.org\/it\/wp-json\/wp\/v2\/users\/58"}],"replies":[{"embeddable":true,"href":"https:\/\/centcols.org\/it\/wp-json\/wp\/v2\/comments?post=82349"}],"version-history":[{"count":0,"href":"https:\/\/centcols.org\/it\/wp-json\/wp\/v2\/posts\/82349\/revisions"}],"wp:featuredmedia":[{"embeddable":true,"href":"https:\/\/centcols.org\/it\/wp-json\/wp\/v2\/media\/82350"}],"wp:attachment":[{"href":"https:\/\/centcols.org\/it\/wp-json\/wp\/v2\/media?parent=82349"}],"wp:term":[{"taxonomy":"category","embeddable":true,"href":"https:\/\/centcols.org\/it\/wp-json\/wp\/v2\/categories?post=82349"},{"taxonomy":"post_tag","embeddable":true,"href":"https:\/\/centcols.org\/it\/wp-json\/wp\/v2\/tags?post=82349"}],"curies":[{"name":"wp","href":"https:\/\/api.w.org\/{rel}","templated":true}]}}