{"id":82408,"date":"2022-11-21T09:35:00","date_gmt":"2022-11-21T07:35:00","guid":{"rendered":"https:\/\/centcols.org\/alpes-du-sud-col-des-sagnes-fr-04-1182b-samedi-19-aout-2023\/"},"modified":"2025-09-09T13:31:38","modified_gmt":"2025-09-09T11:31:38","slug":"alpes-du-sud-col-des-sagnes-fr-04-1182b-sabato-19-agosto-2023","status":"publish","type":"post","link":"https:\/\/centcols.org\/it\/alpes-du-sud-col-des-sagnes-fr-04-1182b-samedi-19-aout-2023\/","title":{"rendered":"Alpi del Sud, Col des Sagnes (FR-04-1182b), sabato 19 agosto 2023."},"content":{"rendered":"\n<p>Le rassemblement 2023 aura lieu dans les Alpes de Haute-Provence au col des Sagnes (FR-04-1182b), pr\u00e8s de Turriers, le samedi 19 ao\u00fbt 2023.<\/p>\n\n\n\n<figure class=\"wp-block-image size-full\"><img loading=\"lazy\" decoding=\"async\" width=\"1200\" height=\"900\" src=\"https:\/\/centcols.org\/wp-content\/uploads\/2022\/11\/1-col-des-Sagnes-1200x9001-1.jpg\" alt=\"\" class=\"wp-image-83750\" srcset=\"https:\/\/centcols.org\/wp-content\/uploads\/2022\/11\/1-col-des-Sagnes-1200x9001-1.jpg 1200w, https:\/\/centcols.org\/wp-content\/uploads\/2022\/11\/1-col-des-Sagnes-1200x9001-1-768x576.jpg 768w\" sizes=\"auto, (max-width: 1200px) 100vw, 1200px\" \/><\/figure>\n\n\n\n<p>Accueil-caf\u00e9 au col \u00e0 8 h.<\/p>\n\n\n\n<figure class=\"wp-block-image size-full\"><img loading=\"lazy\" decoding=\"async\" width=\"1200\" height=\"900\" src=\"https:\/\/centcols.org\/wp-content\/uploads\/2022\/11\/2-Les-Tourniquets-1200x900-1.jpg\" alt=\"\" class=\"wp-image-83752\" srcset=\"https:\/\/centcols.org\/wp-content\/uploads\/2022\/11\/2-Les-Tourniquets-1200x900-1.jpg 1200w, https:\/\/centcols.org\/wp-content\/uploads\/2022\/11\/2-Les-Tourniquets-1200x900-1-768x576.jpg 768w\" sizes=\"auto, (max-width: 1200px) 100vw, 1200px\" \/><\/figure>\n\n\n\n<p>. Le circuit routier proposera la descente vers la Motte-du-Caire, un petit \u00e9cart pour accrocher quelques cols proches, avant la remont\u00e9e de la vall\u00e9e du Sasse et des r\u00e9put\u00e9s \u00ab&nbsp;Tourniquets&nbsp;\u00bb. 5 cols pour 57 km.<\/p>\n\n\n\n<p><strong>. <\/strong>Le circuit VTT fera parcourir le site de la Grande Gauti\u00e8re<strong>. <\/strong>4 cols pour 18 km. En option 1 col situ\u00e9 \u00e0 l\u2019oppos\u00e9 en aller-retour de 13 km.<\/p>\n\n\n\n<p>. Un circuit de rando p\u00e9destre (parcours de 2 heures environ) sera propos\u00e9 aux accompagnants(tes).<\/p>\n\n\n\n<p>Puis \u00e0 11h30 rendez-vous \u00e0 4 km au c\u0153ur du village de Turriers (accueil par la municipalit\u00e9) pour les traditionnels \u00e9changes, produits locaux et pique-niques\u2026<\/p>\n\n\n\n<p>[osm_map_v3 map_center=\u00a0\u00bb44.3753,6.1591&Prime; zoom=\u00a0\u00bb13.0&Prime; width=\u00a0\u00bb95%\u00a0\u00bb height=\u00a0\u00bb450&Prime; map_border=\u00a0\u00bbthin solid blue\u00a0\u00bb post_markers=\u00a0\u00bb1&Prime; control=\u00a0\u00bbfullscreen,scaleline,mouseposition,overview\u00a0\u00bb bckgrndimg=\u00a0\u00bbGDPR_bckgrnd.png\u00a0\u00bb ]<\/p>\n\n\n\n<h3 class=\"wp-block-heading\">Contact<\/h3>\n\n\n\n<p>Robert Yonnet<br>T\u00e9l :  +33 6 81 85 54 71<br>[email]&#x72;&#111;&#98;&#x65;&#x72;&#116;&#121;&#x6f;&#x6e;&#110;&#101;&#x74;&#x30;&#52;&#64;&#x67;&#x6d;&#97;&#105;&#x6c;&#x2e;&#99;&#111;&#x6d;[\/email]<\/p>\n","protected":false},"excerpt":{"rendered":"<p>Le rassemblement 2023 aura lieu dans les Alpes de Haute-Provence au col des Sagnes (FR-04-1182b), pr\u00e8s de Turriers, le samedi 19 ao\u00fbt 2023. Accueil-caf\u00e9 au col \u00e0 8 h. . Le circuit routier proposera la descente vers la Motte-du-Caire, un petit \u00e9cart pour accrocher quelques cols proches, avant la remont\u00e9e de la vall\u00e9e du Sasse [&hellip;]<\/p>\n","protected":false},"author":58,"featured_media":83750,"comment_status":"open","ping_status":"open","sticky":false,"template":"","format":"standard","meta":{"_acf_changed":false,"footnotes":""},"categories":[293,135,216],"tags":[],"class_list":["post-82408","post","type-post","status-publish","format-standard","has-post-thumbnail","hentry","category-les-rassemblements-de-2023","category-calendrier","category-rencontres-regionales"],"acf":[],"yoast_head":"<!-- This site is optimized with the Yoast SEO plugin v27.2 - https:\/\/yoast.com\/product\/yoast-seo-wordpress\/ -->\n<title>Alpes du Sud, col des Sagnes (FR-04-1182b), samedi 19 ao\u00fbt 2023. - Club des Cent Cols<\/title>\n<meta name=\"robots\" content=\"index, follow, max-snippet:-1, max-image-preview:large, max-video-preview:-1\" \/>\n<link rel=\"canonical\" href=\"https:\/\/centcols.org\/it\/alpes-du-sud-col-des-sagnes-fr-04-1182b-sabato-19-agosto-2023\/\" \/>\n<meta property=\"og:locale\" content=\"it_IT\" \/>\n<meta property=\"og:type\" content=\"article\" \/>\n<meta property=\"og:title\" content=\"Alpes du Sud, col des Sagnes (FR-04-1182b), samedi 19 ao\u00fbt 2023. - Club des Cent Cols\" \/>\n<meta property=\"og:description\" content=\"Le rassemblement 2023 aura lieu dans les Alpes de Haute-Provence au col des Sagnes (FR-04-1182b), pr\u00e8s de Turriers, le samedi 19 ao\u00fbt 2023. Accueil-caf\u00e9 au col \u00e0 8 h. . Le circuit routier proposera la descente vers la Motte-du-Caire, un petit \u00e9cart pour accrocher quelques cols proches, avant la remont\u00e9e de la vall\u00e9e du Sasse [&hellip;]\" \/>\n<meta property=\"og:url\" content=\"https:\/\/centcols.org\/it\/alpes-du-sud-col-des-sagnes-fr-04-1182b-sabato-19-agosto-2023\/\" \/>\n<meta property=\"og:site_name\" content=\"Club des Cent Cols\" \/>\n<meta property=\"article:publisher\" content=\"https:\/\/www.facebook.com\/groups\/5261880558\/?locale=fr_FR\" \/>\n<meta property=\"article:published_time\" content=\"2022-11-21T07:35:00+00:00\" \/>\n<meta property=\"article:modified_time\" content=\"2025-09-09T11:31:38+00:00\" \/>\n<meta property=\"og:image\" content=\"https:\/\/centcols.org\/wp-content\/uploads\/2022\/11\/1-col-des-Sagnes-1200x9001-1.jpg\" \/>\n\t<meta property=\"og:image:width\" content=\"1200\" \/>\n\t<meta property=\"og:image:height\" content=\"900\" \/>\n\t<meta property=\"og:image:type\" content=\"image\/jpeg\" \/>\n<meta name=\"author\" content=\"Enrico Alberini\" \/>\n<meta name=\"twitter:card\" content=\"summary_large_image\" \/>\n<meta name=\"twitter:label1\" content=\"Scritto da\" \/>\n\t<meta name=\"twitter:data1\" content=\"Enrico Alberini\" \/>\n\t<meta name=\"twitter:label2\" content=\"Tempo di lettura stimato\" \/>\n\t<meta name=\"twitter:data2\" content=\"2 minuti\" \/>\n<script type=\"application\/ld+json\" class=\"yoast-schema-graph\">{\"@context\":\"https:\/\/schema.org\",\"@graph\":[{\"@type\":\"Article\",\"@id\":\"https:\/\/centcols.org\/alpes-du-sud-col-des-sagnes-fr-04-1182b-samedi-19-aout-2023\/#article\",\"isPartOf\":{\"@id\":\"https:\/\/centcols.org\/alpes-du-sud-col-des-sagnes-fr-04-1182b-samedi-19-aout-2023\/\"},\"author\":{\"name\":\"Enrico Alberini\",\"@id\":\"https:\/\/centcols.org\/#\/schema\/person\/86c3ec6889d88501a29fccac614bebf8\"},\"headline\":\"Alpes du Sud, col des Sagnes (FR-04-1182b), samedi 19 ao\u00fbt 2023.\",\"datePublished\":\"2022-11-21T07:35:00+00:00\",\"dateModified\":\"2025-09-09T11:31:38+00:00\",\"mainEntityOfPage\":{\"@id\":\"https:\/\/centcols.org\/alpes-du-sud-col-des-sagnes-fr-04-1182b-samedi-19-aout-2023\/\"},\"wordCount\":174,\"commentCount\":0,\"publisher\":{\"@id\":\"https:\/\/centcols.org\/#organization\"},\"image\":{\"@id\":\"https:\/\/centcols.org\/alpes-du-sud-col-des-sagnes-fr-04-1182b-samedi-19-aout-2023\/#primaryimage\"},\"thumbnailUrl\":\"https:\/\/centcols.org\/wp-content\/uploads\/2022\/11\/1-col-des-Sagnes-1200x9001-1.jpg\",\"articleSection\":[\"2023-rassemblements\",\"Calendrier\",\"Rencontres r\u00e9gionales\"],\"inLanguage\":\"it-IT\",\"potentialAction\":[{\"@type\":\"CommentAction\",\"name\":\"Comment\",\"target\":[\"https:\/\/centcols.org\/alpes-du-sud-col-des-sagnes-fr-04-1182b-samedi-19-aout-2023\/#respond\"]}]},{\"@type\":\"WebPage\",\"@id\":\"https:\/\/centcols.org\/alpes-du-sud-col-des-sagnes-fr-04-1182b-samedi-19-aout-2023\/\",\"url\":\"https:\/\/centcols.org\/alpes-du-sud-col-des-sagnes-fr-04-1182b-samedi-19-aout-2023\/\",\"name\":\"Alpes du Sud, col des Sagnes (FR-04-1182b), samedi 19 ao\u00fbt 2023. - Club des Cent Cols\",\"isPartOf\":{\"@id\":\"https:\/\/centcols.org\/#website\"},\"primaryImageOfPage\":{\"@id\":\"https:\/\/centcols.org\/alpes-du-sud-col-des-sagnes-fr-04-1182b-samedi-19-aout-2023\/#primaryimage\"},\"image\":{\"@id\":\"https:\/\/centcols.org\/alpes-du-sud-col-des-sagnes-fr-04-1182b-samedi-19-aout-2023\/#primaryimage\"},\"thumbnailUrl\":\"https:\/\/centcols.org\/wp-content\/uploads\/2022\/11\/1-col-des-Sagnes-1200x9001-1.jpg\",\"datePublished\":\"2022-11-21T07:35:00+00:00\",\"dateModified\":\"2025-09-09T11:31:38+00:00\",\"breadcrumb\":{\"@id\":\"https:\/\/centcols.org\/alpes-du-sud-col-des-sagnes-fr-04-1182b-samedi-19-aout-2023\/#breadcrumb\"},\"inLanguage\":\"it-IT\",\"potentialAction\":[{\"@type\":\"ReadAction\",\"target\":[\"https:\/\/centcols.org\/alpes-du-sud-col-des-sagnes-fr-04-1182b-samedi-19-aout-2023\/\"]}]},{\"@type\":\"ImageObject\",\"inLanguage\":\"it-IT\",\"@id\":\"https:\/\/centcols.org\/alpes-du-sud-col-des-sagnes-fr-04-1182b-samedi-19-aout-2023\/#primaryimage\",\"url\":\"https:\/\/centcols.org\/wp-content\/uploads\/2022\/11\/1-col-des-Sagnes-1200x9001-1.jpg\",\"contentUrl\":\"https:\/\/centcols.org\/wp-content\/uploads\/2022\/11\/1-col-des-Sagnes-1200x9001-1.jpg\",\"width\":1200,\"height\":900},{\"@type\":\"BreadcrumbList\",\"@id\":\"https:\/\/centcols.org\/alpes-du-sud-col-des-sagnes-fr-04-1182b-samedi-19-aout-2023\/#breadcrumb\",\"itemListElement\":[{\"@type\":\"ListItem\",\"position\":1,\"name\":\"Accueil\",\"item\":\"https:\/\/centcols.org\/\"},{\"@type\":\"ListItem\",\"position\":2,\"name\":\"Rencontres r\u00e9gionales\",\"item\":\"https:\/\/centcols.org\/rubrique\/rencontres-regionales\/\"},{\"@type\":\"ListItem\",\"position\":3,\"name\":\"Alpes du Sud, col des Sagnes (FR-04-1182b), samedi 19 ao\u00fbt 2023.\"}]},{\"@type\":\"WebSite\",\"@id\":\"https:\/\/centcols.org\/#website\",\"url\":\"https:\/\/centcols.org\/\",\"name\":\"Club des Cent Cols\",\"description\":\"\",\"publisher\":{\"@id\":\"https:\/\/centcols.org\/#organization\"},\"potentialAction\":[{\"@type\":\"SearchAction\",\"target\":{\"@type\":\"EntryPoint\",\"urlTemplate\":\"https:\/\/centcols.org\/?s={search_term_string}\"},\"query-input\":{\"@type\":\"PropertyValueSpecification\",\"valueRequired\":true,\"valueName\":\"search_term_string\"}}],\"inLanguage\":\"it-IT\"},{\"@type\":\"Organization\",\"@id\":\"https:\/\/centcols.org\/#organization\",\"name\":\"Club des Cent Cols\",\"url\":\"https:\/\/centcols.org\/\",\"logo\":{\"@type\":\"ImageObject\",\"inLanguage\":\"it-IT\",\"@id\":\"https:\/\/centcols.org\/#\/schema\/logo\/image\/\",\"url\":\"https:\/\/centcols.org\/wp-content\/uploads\/2025\/01\/carte-icone.png\",\"contentUrl\":\"https:\/\/centcols.org\/wp-content\/uploads\/2025\/01\/carte-icone.png\",\"width\":250,\"height\":250,\"caption\":\"Club des Cent Cols\"},\"image\":{\"@id\":\"https:\/\/centcols.org\/#\/schema\/logo\/image\/\"},\"sameAs\":[\"https:\/\/www.facebook.com\/groups\/5261880558\/?locale=fr_FR\"]},{\"@type\":\"Person\",\"@id\":\"https:\/\/centcols.org\/#\/schema\/person\/86c3ec6889d88501a29fccac614bebf8\",\"name\":\"Enrico Alberini\",\"image\":{\"@type\":\"ImageObject\",\"inLanguage\":\"it-IT\",\"@id\":\"https:\/\/centcols.org\/wp-content\/litespeed\/avatar\/1b26e36a18d85acc8b0f860f9628213f.jpg?ver=1777240766\",\"url\":\"https:\/\/centcols.org\/wp-content\/litespeed\/avatar\/1b26e36a18d85acc8b0f860f9628213f.jpg?ver=1777240766\",\"contentUrl\":\"https:\/\/centcols.org\/wp-content\/litespeed\/avatar\/1b26e36a18d85acc8b0f860f9628213f.jpg?ver=1777240766\",\"caption\":\"Enrico Alberini\"},\"url\":\"https:\/\/centcols.org\/it\/author\/5065\/\"}]}<\/script>\n<!-- \/ Yoast SEO plugin. -->","yoast_head_json":{"title":"Alpi del Sud, Col des Sagnes (FR-04-1182b), sabato 19 agosto 2023. - Club dei Centocolli","robots":{"index":"index","follow":"follow","max-snippet":"max-snippet:-1","max-image-preview":"max-image-preview:large","max-video-preview":"max-video-preview:-1"},"canonical":"https:\/\/centcols.org\/it\/alpes-du-sud-col-des-sagnes-fr-04-1182b-sabato-19-agosto-2023\/","og_locale":"it_IT","og_type":"article","og_title":"Alpes du Sud, col des Sagnes (FR-04-1182b), samedi 19 ao\u00fbt 2023. - Club des Cent Cols","og_description":"Le rassemblement 2023 aura lieu dans les Alpes de Haute-Provence au col des Sagnes (FR-04-1182b), pr\u00e8s de Turriers, le samedi 19 ao\u00fbt 2023. Accueil-caf\u00e9 au col \u00e0 8 h. . Le circuit routier proposera la descente vers la Motte-du-Caire, un petit \u00e9cart pour accrocher quelques cols proches, avant la remont\u00e9e de la vall\u00e9e du Sasse [&hellip;]","og_url":"https:\/\/centcols.org\/it\/alpes-du-sud-col-des-sagnes-fr-04-1182b-sabato-19-agosto-2023\/","og_site_name":"Club des Cent Cols","article_publisher":"https:\/\/www.facebook.com\/groups\/5261880558\/?locale=fr_FR","article_published_time":"2022-11-21T07:35:00+00:00","article_modified_time":"2025-09-09T11:31:38+00:00","og_image":[{"width":1200,"height":900,"url":"https:\/\/centcols.org\/wp-content\/uploads\/2022\/11\/1-col-des-Sagnes-1200x9001-1.jpg","type":"image\/jpeg"}],"author":"Enrico Alberini","twitter_card":"summary_large_image","twitter_misc":{"Scritto da":"Enrico Alberini","Tempo di lettura stimato":"2 minuti"},"schema":{"@context":"https:\/\/schema.org","@graph":[{"@type":"Article","@id":"https:\/\/centcols.org\/alpes-du-sud-col-des-sagnes-fr-04-1182b-samedi-19-aout-2023\/#article","isPartOf":{"@id":"https:\/\/centcols.org\/alpes-du-sud-col-des-sagnes-fr-04-1182b-samedi-19-aout-2023\/"},"author":{"name":"Enrico Alberini","@id":"https:\/\/centcols.org\/#\/schema\/person\/86c3ec6889d88501a29fccac614bebf8"},"headline":"Alpes du Sud, col des Sagnes (FR-04-1182b), samedi 19 ao\u00fbt 2023.","datePublished":"2022-11-21T07:35:00+00:00","dateModified":"2025-09-09T11:31:38+00:00","mainEntityOfPage":{"@id":"https:\/\/centcols.org\/alpes-du-sud-col-des-sagnes-fr-04-1182b-samedi-19-aout-2023\/"},"wordCount":174,"commentCount":0,"publisher":{"@id":"https:\/\/centcols.org\/#organization"},"image":{"@id":"https:\/\/centcols.org\/alpes-du-sud-col-des-sagnes-fr-04-1182b-samedi-19-aout-2023\/#primaryimage"},"thumbnailUrl":"https:\/\/centcols.org\/wp-content\/uploads\/2022\/11\/1-col-des-Sagnes-1200x9001-1.jpg","articleSection":["2023-rassemblements","Calendrier","Rencontres r\u00e9gionales"],"inLanguage":"it-IT","potentialAction":[{"@type":"CommentAction","name":"Comment","target":["https:\/\/centcols.org\/alpes-du-sud-col-des-sagnes-fr-04-1182b-samedi-19-aout-2023\/#respond"]}]},{"@type":"WebPage","@id":"https:\/\/centcols.org\/alpes-du-sud-col-des-sagnes-fr-04-1182b-samedi-19-aout-2023\/","url":"https:\/\/centcols.org\/alpes-du-sud-col-des-sagnes-fr-04-1182b-samedi-19-aout-2023\/","name":"Alpi del Sud, Col des Sagnes (FR-04-1182b), sabato 19 agosto 2023. - Club dei Centocolli","isPartOf":{"@id":"https:\/\/centcols.org\/#website"},"primaryImageOfPage":{"@id":"https:\/\/centcols.org\/alpes-du-sud-col-des-sagnes-fr-04-1182b-samedi-19-aout-2023\/#primaryimage"},"image":{"@id":"https:\/\/centcols.org\/alpes-du-sud-col-des-sagnes-fr-04-1182b-samedi-19-aout-2023\/#primaryimage"},"thumbnailUrl":"https:\/\/centcols.org\/wp-content\/uploads\/2022\/11\/1-col-des-Sagnes-1200x9001-1.jpg","datePublished":"2022-11-21T07:35:00+00:00","dateModified":"2025-09-09T11:31:38+00:00","breadcrumb":{"@id":"https:\/\/centcols.org\/alpes-du-sud-col-des-sagnes-fr-04-1182b-samedi-19-aout-2023\/#breadcrumb"},"inLanguage":"it-IT","potentialAction":[{"@type":"ReadAction","target":["https:\/\/centcols.org\/alpes-du-sud-col-des-sagnes-fr-04-1182b-samedi-19-aout-2023\/"]}]},{"@type":"ImageObject","inLanguage":"it-IT","@id":"https:\/\/centcols.org\/alpes-du-sud-col-des-sagnes-fr-04-1182b-samedi-19-aout-2023\/#primaryimage","url":"https:\/\/centcols.org\/wp-content\/uploads\/2022\/11\/1-col-des-Sagnes-1200x9001-1.jpg","contentUrl":"https:\/\/centcols.org\/wp-content\/uploads\/2022\/11\/1-col-des-Sagnes-1200x9001-1.jpg","width":1200,"height":900},{"@type":"BreadcrumbList","@id":"https:\/\/centcols.org\/alpes-du-sud-col-des-sagnes-fr-04-1182b-samedi-19-aout-2023\/#breadcrumb","itemListElement":[{"@type":"ListItem","position":1,"name":"Accueil","item":"https:\/\/centcols.org\/"},{"@type":"ListItem","position":2,"name":"Rencontres r\u00e9gionales","item":"https:\/\/centcols.org\/rubrique\/rencontres-regionales\/"},{"@type":"ListItem","position":3,"name":"Alpes du Sud, col des Sagnes (FR-04-1182b), samedi 19 ao\u00fbt 2023."}]},{"@type":"WebSite","@id":"https:\/\/centcols.org\/#website","url":"https:\/\/centcols.org\/","name":"Club des Cent Cols","description":"","publisher":{"@id":"https:\/\/centcols.org\/#organization"},"potentialAction":[{"@type":"SearchAction","target":{"@type":"EntryPoint","urlTemplate":"https:\/\/centcols.org\/?s={search_term_string}"},"query-input":{"@type":"PropertyValueSpecification","valueRequired":true,"valueName":"search_term_string"}}],"inLanguage":"it-IT"},{"@type":"Organization","@id":"https:\/\/centcols.org\/#organization","name":"Club des Cent Cols","url":"https:\/\/centcols.org\/","logo":{"@type":"ImageObject","inLanguage":"it-IT","@id":"https:\/\/centcols.org\/#\/schema\/logo\/image\/","url":"https:\/\/centcols.org\/wp-content\/uploads\/2025\/01\/carte-icone.png","contentUrl":"https:\/\/centcols.org\/wp-content\/uploads\/2025\/01\/carte-icone.png","width":250,"height":250,"caption":"Club des Cent Cols"},"image":{"@id":"https:\/\/centcols.org\/#\/schema\/logo\/image\/"},"sameAs":["https:\/\/www.facebook.com\/groups\/5261880558\/?locale=fr_FR"]},{"@type":"Person","@id":"https:\/\/centcols.org\/#\/schema\/person\/86c3ec6889d88501a29fccac614bebf8","name":"Enrico Alberini","image":{"@type":"ImageObject","inLanguage":"it-IT","@id":"https:\/\/centcols.org\/wp-content\/litespeed\/avatar\/1b26e36a18d85acc8b0f860f9628213f.jpg?ver=1777240766","url":"https:\/\/centcols.org\/wp-content\/litespeed\/avatar\/1b26e36a18d85acc8b0f860f9628213f.jpg?ver=1777240766","contentUrl":"https:\/\/centcols.org\/wp-content\/litespeed\/avatar\/1b26e36a18d85acc8b0f860f9628213f.jpg?ver=1777240766","caption":"Enrico Alberini"},"url":"https:\/\/centcols.org\/it\/author\/5065\/"}]}},"_links":{"self":[{"href":"https:\/\/centcols.org\/it\/wp-json\/wp\/v2\/posts\/82408","targetHints":{"allow":["GET"]}}],"collection":[{"href":"https:\/\/centcols.org\/it\/wp-json\/wp\/v2\/posts"}],"about":[{"href":"https:\/\/centcols.org\/it\/wp-json\/wp\/v2\/types\/post"}],"author":[{"embeddable":true,"href":"https:\/\/centcols.org\/it\/wp-json\/wp\/v2\/users\/58"}],"replies":[{"embeddable":true,"href":"https:\/\/centcols.org\/it\/wp-json\/wp\/v2\/comments?post=82408"}],"version-history":[{"count":0,"href":"https:\/\/centcols.org\/it\/wp-json\/wp\/v2\/posts\/82408\/revisions"}],"wp:featuredmedia":[{"embeddable":true,"href":"https:\/\/centcols.org\/it\/wp-json\/wp\/v2\/media\/83750"}],"wp:attachment":[{"href":"https:\/\/centcols.org\/it\/wp-json\/wp\/v2\/media?parent=82408"}],"wp:term":[{"taxonomy":"category","embeddable":true,"href":"https:\/\/centcols.org\/it\/wp-json\/wp\/v2\/categories?post=82408"},{"taxonomy":"post_tag","embeddable":true,"href":"https:\/\/centcols.org\/it\/wp-json\/wp\/v2\/tags?post=82408"}],"curies":[{"name":"wp","href":"https:\/\/api.w.org\/{rel}","templated":true}]}}