{"id":82413,"date":"2022-11-04T17:35:00","date_gmt":"2022-11-04T15:35:00","guid":{"rendered":"https:\/\/centcols.org\/raduno-italiano-samedi-30-septembre-dimanche-1er-octobre-2023\/"},"modified":"2025-09-13T13:16:33","modified_gmt":"2025-09-13T11:16:33","slug":"raduno-italiano-sabato-30-settembre-domenica-1-ottobre-2023","status":"publish","type":"post","link":"https:\/\/centcols.org\/it\/raduno-italiano-samedi-30-septembre-dimanche-1er-octobre-2023\/","title":{"rendered":"Raduno Italiano - Sabato 30 settembre - Domenica 1 ottobre 2023"},"content":{"rendered":"\n<p class=\"has-medium-font-size\"><strong>2 circuits route et 2 circuits VTT<\/strong> sont propos\u00e9s. <\/p>\n\n\n\n<p class=\"has-medium-font-size\">La Raduno Italia 2023 se d\u00e9roulera dans une r\u00e9gion offrant de nombreuses routes tranquilles \u00e0 travers les collines et les montagnes, avec des routes parfois escarp\u00e9es, mais toujours praticables \u00e0 v\u00e9lo. Au d\u00e9but de l&rsquo;automne, nous aurons encore des conditions favorables pour poursuivre les ascensions et les cols de haute montagne. <\/p>\n\n\n\n<p class=\"has-medium-font-size\">Nous sommes dans le <strong>Val Pellice<\/strong>, avec les mythiques mont\u00e9es de Rif. Barbara Lowrie aux cols sur les routes militaires autour du Col Barant 2200 m, et nous ne sommes pas loin de la mythique route des cr\u00eates de l&rsquo;Assietta, \u00e0 faire dans la haute variante de Ciantiplagna, avec les cols de Vecchia, Vallette et le col du Vallon Creux, autour de 2500 m.<\/p>\n\n\n<div class=\"wp-block-image\">\n<figure class=\"aligncenter size-full is-resized\"><img loading=\"lazy\" decoding=\"async\" width=\"930\" height=\"489\" src=\"https:\/\/centcols.org\/wp-content\/uploads\/2022\/11\/Mappa-Pinerolo.jpeg\" alt=\"\" class=\"wp-image-90136\" style=\"width:1008px;height:530px\" srcset=\"https:\/\/centcols.org\/wp-content\/uploads\/2022\/11\/Mappa-Pinerolo.jpeg 930w, https:\/\/centcols.org\/wp-content\/uploads\/2022\/11\/Mappa-Pinerolo-768x404.jpeg 768w, https:\/\/centcols.org\/wp-content\/uploads\/2022\/11\/Mappa-Pinerolo-18x9.jpeg 18w\" sizes=\"auto, (max-width: 930px) 100vw, 930px\" \/><\/figure>\n<\/div>\n\n\n<p class=\"has-medium-font-size\"><strong>San Secondo route &#8211; 52 km (samedi 30 septembre, d\u00e9part 10h 30)<\/strong><br>Prarostino Torre Pellice Pianpra<br><a href=\"https:\/\/www.openrunner.com\/r\/16002909\" target=\"_blank\" rel=\"noopener\" title=\"\"><strong>https:\/\/www.openrunner.com\/r\/16002909<\/strong><br><\/a>d\u00e9nivel\u00e9 1050 m<br>IT-TO-0855a Colletta di Serpoul\u00e8 844<br>IT-TO-0850 Colletta 858<br>IT-TO-1008 Colle delle Bule 1008<br>IT-TO-0565 Il Colletto 563<br>IT-TO-0713 Colletto Rabbi 713<br>IT-TO-1152a Colle di Pian Pra 1152<\/p>\n\n\n\n<p class=\"has-medium-font-size\"><br><strong>San Secondo VTT 38 km <strong>(samedi 30 septembre, d\u00e9part 10h 30)<\/strong><\/strong><br>Pra Martino Cro Eremita<br><a href=\"https:\/\/www.openrunner.com\/r\/16002944\" target=\"_blank\" rel=\"noopener\" title=\"\"><strong>https:\/\/www.openrunner.com\/r\/16002944<\/strong><br><\/a>d\u00e9nivel\u00e9 1020 m<br>IT-TO-0916 Colle di Pra Martino 916<br>IT-TO-0945 Colle Mortero 947<br>IT-TO-0927b Colle Cumola 933<br>IT-TO-1123 Colle Lub\u00e8 1118<br>IT-TO-1094 Colle Ciardonet 1081<br>IT-TO-1013 Colle Eremita 1014<br>IT-TO-0801 Colle dell\u2019Infernetto 801<\/p>\n\n\n\n<p class=\"has-medium-font-size\"><br><strong>San Secondo route &#8211;  105 km (dimanche 1 octobre, d\u00e9part 9h)<\/strong><br>Pra Martino Finestre<br><a href=\"https:\/\/www.openrunner.com\/r\/17481587\" target=\"_blank\" rel=\"noopener\" title=\"\"><strong>https:\/\/www.openrunner.com\/r\/17481587<\/strong><br><\/a>d\u00e9nivel\u00e9 2300 m<br>IT-TO-0916 Colle di Pra Martino 916<br>IT-TO-2176 Colle delle Finestre 2178<\/p>\n\n\n\n<p class=\"has-medium-font-size\"><br><strong>San Secondo VTT 36 km <strong>(dimanche 1 octobre, d\u00e9part 9h)<\/strong><\/strong><br>Vaccera Sea Prarostino<br><a href=\"https:\/\/www.openrunner.com\/r\/17481516\" target=\"_blank\" rel=\"noopener\" title=\"\"><strong>https:\/\/www.openrunner.com\/r\/17481516<\/strong><br><\/a>d\u00e9nivel\u00e9 1200 m<br>IT-TO-1329 Passo Pra la Mura 1331<br>IT-TO-1461 Colle Vaccera 1465<br>IT-TO-1375 Passo della Sea 1375<br>IT-TO-1323 Passo della Sea 1323<br>IT-TO-1008 Colle delle Bule 1008<br>IT-TO-0850 Colletta 858<br>IT-TO-0855a Colletta di Serpoul\u00e8 844<\/p>\n\n\n\n<p class=\"has-medium-font-size\"><br>Le rassemblement aura lieu \u00e0 :<br><strong>Hotel Villa Glicini<\/strong><br>Via Valpellice 68\/a<br><strong>10060 SAN SECONDO DI PINEROLO (TO)<\/strong><br><a href=\"https:\/\/www.glicinihotel.com\/it\/index.html\" target=\"_blank\" rel=\"noopener\" title=\"\">https:\/\/www.glicinihotel.com\/it\/index.html<br><\/a>&#x69;&#x6e;&#x66;&#111;&#64;gl&#x69;&#x63;&#x69;&#110;&#105;ho&#x74;&#x65;&#x6c;&#46;&#99;om <br>+39 0121.50.31.25<\/p>\n\n\n\n<p class=\"has-medium-font-size\">les r\u00e9servations doivent \u00eatre effectu\u00e9es directement \u00e0 l&rsquo;h\u00f4tel, aux conditions convenues suivantes :<\/p>\n\n\n\n<p class=\"has-medium-font-size\">Chambre double \u00e0 usage unique : 74,00 \u20ac par chambre et par nuit.<br>Chambre double\/jumelle : 84,00 \u20ac par chambre et par nuit<br>Chambre triple : 124,00 \u20ac par chambre par nuit<br>Chambre quadruple : \u20ac 134.00 par chambre par nuit<br>D\u00eener social le 30 septembre \u20ac 30.00<\/p>\n\n\n\n<p class=\"has-medium-font-size\">Possibilit\u00e9 de stationnement de camping-cars pour les participants au d\u00eener social.<\/p>\n\n\n\n<h3 class=\"wp-block-heading\">Contact <\/h3>\n\n\n\n<p class=\"has-medium-font-size\">Luigi Spina +39 349 416 31 74 <br>[email]&#108;&#x75;i&#103;&#x69;&#46;&#x73;&#x70;&#105;&#x6e;a&#64;&#x67;m&#120;&#x2e;&#100;&#x65;[\/email]<\/p>\n","protected":false},"excerpt":{"rendered":"<p>2 circuits route et 2 circuits VTT sont propos\u00e9s. La Raduno Italia 2023 se d\u00e9roulera dans une r\u00e9gion offrant de nombreuses routes tranquilles \u00e0 travers les collines et les montagnes, avec des routes parfois escarp\u00e9es, mais toujours praticables \u00e0 v\u00e9lo. Au d\u00e9but de l&rsquo;automne, nous aurons encore des conditions favorables pour poursuivre les ascensions et [&hellip;]<\/p>\n","protected":false},"author":58,"featured_media":84390,"comment_status":"open","ping_status":"open","sticky":false,"template":"","format":"standard","meta":{"_acf_changed":false,"footnotes":""},"categories":[293,135,216],"tags":[],"class_list":["post-82413","post","type-post","status-publish","format-standard","has-post-thumbnail","hentry","category-les-rassemblements-de-2023","category-calendrier","category-rencontres-regionales"],"acf":[],"yoast_head":"<!-- This site is optimized with the Yoast SEO plugin v27.2 - https:\/\/yoast.com\/product\/yoast-seo-wordpress\/ -->\n<title>Raduno Italiano - Samedi 30 septembre - Dimanche 1er octobre 2023 - Club des Cent Cols<\/title>\n<meta name=\"robots\" content=\"index, follow, max-snippet:-1, max-image-preview:large, max-video-preview:-1\" \/>\n<link rel=\"canonical\" href=\"https:\/\/centcols.org\/it\/raduno-italiano-sabato-30-settembre-domenica-1-ottobre-2023\/\" \/>\n<meta property=\"og:locale\" content=\"it_IT\" \/>\n<meta property=\"og:type\" content=\"article\" \/>\n<meta property=\"og:title\" content=\"Raduno Italiano - Samedi 30 septembre - Dimanche 1er octobre 2023 - Club des Cent Cols\" \/>\n<meta property=\"og:description\" content=\"2 circuits route et 2 circuits VTT sont propos\u00e9s. La Raduno Italia 2023 se d\u00e9roulera dans une r\u00e9gion offrant de nombreuses routes tranquilles \u00e0 travers les collines et les montagnes, avec des routes parfois escarp\u00e9es, mais toujours praticables \u00e0 v\u00e9lo. Au d\u00e9but de l&rsquo;automne, nous aurons encore des conditions favorables pour poursuivre les ascensions et [&hellip;]\" \/>\n<meta property=\"og:url\" content=\"https:\/\/centcols.org\/it\/raduno-italiano-sabato-30-settembre-domenica-1-ottobre-2023\/\" \/>\n<meta property=\"og:site_name\" content=\"Club des Cent Cols\" \/>\n<meta property=\"article:publisher\" content=\"https:\/\/www.facebook.com\/groups\/5261880558\/?locale=fr_FR\" \/>\n<meta property=\"article:published_time\" content=\"2022-11-04T15:35:00+00:00\" \/>\n<meta property=\"article:modified_time\" content=\"2025-09-13T11:16:33+00:00\" \/>\n<meta property=\"og:image\" content=\"https:\/\/centcols.org\/wp-content\/uploads\/2022\/11\/39001.jpg\" \/>\n\t<meta property=\"og:image:width\" content=\"800\" \/>\n\t<meta property=\"og:image:height\" content=\"600\" \/>\n\t<meta property=\"og:image:type\" content=\"image\/jpeg\" \/>\n<meta name=\"author\" content=\"Enrico Alberini\" \/>\n<meta name=\"twitter:card\" content=\"summary_large_image\" \/>\n<meta name=\"twitter:label1\" content=\"Scritto da\" \/>\n\t<meta name=\"twitter:data1\" content=\"Enrico Alberini\" \/>\n\t<meta name=\"twitter:label2\" content=\"Tempo di lettura stimato\" \/>\n\t<meta name=\"twitter:data2\" content=\"3 minuti\" \/>\n<script type=\"application\/ld+json\" class=\"yoast-schema-graph\">{\"@context\":\"https:\/\/schema.org\",\"@graph\":[{\"@type\":\"Article\",\"@id\":\"https:\/\/centcols.org\/raduno-italiano-samedi-30-septembre-dimanche-1er-octobre-2023\/#article\",\"isPartOf\":{\"@id\":\"https:\/\/centcols.org\/raduno-italiano-samedi-30-septembre-dimanche-1er-octobre-2023\/\"},\"author\":{\"name\":\"Enrico Alberini\",\"@id\":\"https:\/\/centcols.org\/#\/schema\/person\/86c3ec6889d88501a29fccac614bebf8\"},\"headline\":\"Raduno Italiano &#8211; Samedi 30 septembre &#8211; Dimanche 1er octobre 2023\",\"datePublished\":\"2022-11-04T15:35:00+00:00\",\"dateModified\":\"2025-09-13T11:16:33+00:00\",\"mainEntityOfPage\":{\"@id\":\"https:\/\/centcols.org\/raduno-italiano-samedi-30-septembre-dimanche-1er-octobre-2023\/\"},\"wordCount\":391,\"commentCount\":0,\"publisher\":{\"@id\":\"https:\/\/centcols.org\/#organization\"},\"image\":{\"@id\":\"https:\/\/centcols.org\/raduno-italiano-samedi-30-septembre-dimanche-1er-octobre-2023\/#primaryimage\"},\"thumbnailUrl\":\"https:\/\/centcols.org\/wp-content\/uploads\/2022\/11\/39001.jpg\",\"articleSection\":[\"2023-rassemblements\",\"Calendrier\",\"Rencontres r\u00e9gionales\"],\"inLanguage\":\"it-IT\",\"potentialAction\":[{\"@type\":\"CommentAction\",\"name\":\"Comment\",\"target\":[\"https:\/\/centcols.org\/raduno-italiano-samedi-30-septembre-dimanche-1er-octobre-2023\/#respond\"]}]},{\"@type\":\"WebPage\",\"@id\":\"https:\/\/centcols.org\/raduno-italiano-samedi-30-septembre-dimanche-1er-octobre-2023\/\",\"url\":\"https:\/\/centcols.org\/raduno-italiano-samedi-30-septembre-dimanche-1er-octobre-2023\/\",\"name\":\"Raduno Italiano - Samedi 30 septembre - Dimanche 1er octobre 2023 - Club des Cent Cols\",\"isPartOf\":{\"@id\":\"https:\/\/centcols.org\/#website\"},\"primaryImageOfPage\":{\"@id\":\"https:\/\/centcols.org\/raduno-italiano-samedi-30-septembre-dimanche-1er-octobre-2023\/#primaryimage\"},\"image\":{\"@id\":\"https:\/\/centcols.org\/raduno-italiano-samedi-30-septembre-dimanche-1er-octobre-2023\/#primaryimage\"},\"thumbnailUrl\":\"https:\/\/centcols.org\/wp-content\/uploads\/2022\/11\/39001.jpg\",\"datePublished\":\"2022-11-04T15:35:00+00:00\",\"dateModified\":\"2025-09-13T11:16:33+00:00\",\"breadcrumb\":{\"@id\":\"https:\/\/centcols.org\/raduno-italiano-samedi-30-septembre-dimanche-1er-octobre-2023\/#breadcrumb\"},\"inLanguage\":\"it-IT\",\"potentialAction\":[{\"@type\":\"ReadAction\",\"target\":[\"https:\/\/centcols.org\/raduno-italiano-samedi-30-septembre-dimanche-1er-octobre-2023\/\"]}]},{\"@type\":\"ImageObject\",\"inLanguage\":\"it-IT\",\"@id\":\"https:\/\/centcols.org\/raduno-italiano-samedi-30-septembre-dimanche-1er-octobre-2023\/#primaryimage\",\"url\":\"https:\/\/centcols.org\/wp-content\/uploads\/2022\/11\/39001.jpg\",\"contentUrl\":\"https:\/\/centcols.org\/wp-content\/uploads\/2022\/11\/39001.jpg\",\"width\":800,\"height\":600},{\"@type\":\"BreadcrumbList\",\"@id\":\"https:\/\/centcols.org\/raduno-italiano-samedi-30-septembre-dimanche-1er-octobre-2023\/#breadcrumb\",\"itemListElement\":[{\"@type\":\"ListItem\",\"position\":1,\"name\":\"Accueil\",\"item\":\"https:\/\/centcols.org\/\"},{\"@type\":\"ListItem\",\"position\":2,\"name\":\"Rencontres r\u00e9gionales\",\"item\":\"https:\/\/centcols.org\/rubrique\/rencontres-regionales\/\"},{\"@type\":\"ListItem\",\"position\":3,\"name\":\"Raduno Italiano &#8211; Samedi 30 septembre &#8211; Dimanche 1er octobre 2023\"}]},{\"@type\":\"WebSite\",\"@id\":\"https:\/\/centcols.org\/#website\",\"url\":\"https:\/\/centcols.org\/\",\"name\":\"Club des Cent Cols\",\"description\":\"\",\"publisher\":{\"@id\":\"https:\/\/centcols.org\/#organization\"},\"potentialAction\":[{\"@type\":\"SearchAction\",\"target\":{\"@type\":\"EntryPoint\",\"urlTemplate\":\"https:\/\/centcols.org\/?s={search_term_string}\"},\"query-input\":{\"@type\":\"PropertyValueSpecification\",\"valueRequired\":true,\"valueName\":\"search_term_string\"}}],\"inLanguage\":\"it-IT\"},{\"@type\":\"Organization\",\"@id\":\"https:\/\/centcols.org\/#organization\",\"name\":\"Club des Cent Cols\",\"url\":\"https:\/\/centcols.org\/\",\"logo\":{\"@type\":\"ImageObject\",\"inLanguage\":\"it-IT\",\"@id\":\"https:\/\/centcols.org\/#\/schema\/logo\/image\/\",\"url\":\"https:\/\/centcols.org\/wp-content\/uploads\/2025\/01\/carte-icone.png\",\"contentUrl\":\"https:\/\/centcols.org\/wp-content\/uploads\/2025\/01\/carte-icone.png\",\"width\":250,\"height\":250,\"caption\":\"Club des Cent Cols\"},\"image\":{\"@id\":\"https:\/\/centcols.org\/#\/schema\/logo\/image\/\"},\"sameAs\":[\"https:\/\/www.facebook.com\/groups\/5261880558\/?locale=fr_FR\"]},{\"@type\":\"Person\",\"@id\":\"https:\/\/centcols.org\/#\/schema\/person\/86c3ec6889d88501a29fccac614bebf8\",\"name\":\"Enrico Alberini\",\"image\":{\"@type\":\"ImageObject\",\"inLanguage\":\"it-IT\",\"@id\":\"https:\/\/centcols.org\/wp-content\/litespeed\/avatar\/1b26e36a18d85acc8b0f860f9628213f.jpg?ver=1777240766\",\"url\":\"https:\/\/centcols.org\/wp-content\/litespeed\/avatar\/1b26e36a18d85acc8b0f860f9628213f.jpg?ver=1777240766\",\"contentUrl\":\"https:\/\/centcols.org\/wp-content\/litespeed\/avatar\/1b26e36a18d85acc8b0f860f9628213f.jpg?ver=1777240766\",\"caption\":\"Enrico Alberini\"},\"url\":\"https:\/\/centcols.org\/it\/author\/5065\/\"}]}<\/script>\n<!-- \/ Yoast SEO plugin. -->","yoast_head_json":{"title":"Raduno Italiano - Sabato 30 settembre - Domenica 1 ottobre 2023 - Club des Cent Cols","robots":{"index":"index","follow":"follow","max-snippet":"max-snippet:-1","max-image-preview":"max-image-preview:large","max-video-preview":"max-video-preview:-1"},"canonical":"https:\/\/centcols.org\/it\/raduno-italiano-sabato-30-settembre-domenica-1-ottobre-2023\/","og_locale":"it_IT","og_type":"article","og_title":"Raduno Italiano - Samedi 30 septembre - Dimanche 1er octobre 2023 - Club des Cent Cols","og_description":"2 circuits route et 2 circuits VTT sont propos\u00e9s. La Raduno Italia 2023 se d\u00e9roulera dans une r\u00e9gion offrant de nombreuses routes tranquilles \u00e0 travers les collines et les montagnes, avec des routes parfois escarp\u00e9es, mais toujours praticables \u00e0 v\u00e9lo. Au d\u00e9but de l&rsquo;automne, nous aurons encore des conditions favorables pour poursuivre les ascensions et [&hellip;]","og_url":"https:\/\/centcols.org\/it\/raduno-italiano-sabato-30-settembre-domenica-1-ottobre-2023\/","og_site_name":"Club des Cent Cols","article_publisher":"https:\/\/www.facebook.com\/groups\/5261880558\/?locale=fr_FR","article_published_time":"2022-11-04T15:35:00+00:00","article_modified_time":"2025-09-13T11:16:33+00:00","og_image":[{"width":800,"height":600,"url":"https:\/\/centcols.org\/wp-content\/uploads\/2022\/11\/39001.jpg","type":"image\/jpeg"}],"author":"Enrico Alberini","twitter_card":"summary_large_image","twitter_misc":{"Scritto da":"Enrico Alberini","Tempo di lettura stimato":"3 minuti"},"schema":{"@context":"https:\/\/schema.org","@graph":[{"@type":"Article","@id":"https:\/\/centcols.org\/raduno-italiano-samedi-30-septembre-dimanche-1er-octobre-2023\/#article","isPartOf":{"@id":"https:\/\/centcols.org\/raduno-italiano-samedi-30-septembre-dimanche-1er-octobre-2023\/"},"author":{"name":"Enrico Alberini","@id":"https:\/\/centcols.org\/#\/schema\/person\/86c3ec6889d88501a29fccac614bebf8"},"headline":"Raduno Italiano &#8211; Samedi 30 septembre &#8211; Dimanche 1er octobre 2023","datePublished":"2022-11-04T15:35:00+00:00","dateModified":"2025-09-13T11:16:33+00:00","mainEntityOfPage":{"@id":"https:\/\/centcols.org\/raduno-italiano-samedi-30-septembre-dimanche-1er-octobre-2023\/"},"wordCount":391,"commentCount":0,"publisher":{"@id":"https:\/\/centcols.org\/#organization"},"image":{"@id":"https:\/\/centcols.org\/raduno-italiano-samedi-30-septembre-dimanche-1er-octobre-2023\/#primaryimage"},"thumbnailUrl":"https:\/\/centcols.org\/wp-content\/uploads\/2022\/11\/39001.jpg","articleSection":["2023-rassemblements","Calendrier","Rencontres r\u00e9gionales"],"inLanguage":"it-IT","potentialAction":[{"@type":"CommentAction","name":"Comment","target":["https:\/\/centcols.org\/raduno-italiano-samedi-30-septembre-dimanche-1er-octobre-2023\/#respond"]}]},{"@type":"WebPage","@id":"https:\/\/centcols.org\/raduno-italiano-samedi-30-septembre-dimanche-1er-octobre-2023\/","url":"https:\/\/centcols.org\/raduno-italiano-samedi-30-septembre-dimanche-1er-octobre-2023\/","name":"Raduno Italiano - Sabato 30 settembre - Domenica 1 ottobre 2023 - Club des Cent Cols","isPartOf":{"@id":"https:\/\/centcols.org\/#website"},"primaryImageOfPage":{"@id":"https:\/\/centcols.org\/raduno-italiano-samedi-30-septembre-dimanche-1er-octobre-2023\/#primaryimage"},"image":{"@id":"https:\/\/centcols.org\/raduno-italiano-samedi-30-septembre-dimanche-1er-octobre-2023\/#primaryimage"},"thumbnailUrl":"https:\/\/centcols.org\/wp-content\/uploads\/2022\/11\/39001.jpg","datePublished":"2022-11-04T15:35:00+00:00","dateModified":"2025-09-13T11:16:33+00:00","breadcrumb":{"@id":"https:\/\/centcols.org\/raduno-italiano-samedi-30-septembre-dimanche-1er-octobre-2023\/#breadcrumb"},"inLanguage":"it-IT","potentialAction":[{"@type":"ReadAction","target":["https:\/\/centcols.org\/raduno-italiano-samedi-30-septembre-dimanche-1er-octobre-2023\/"]}]},{"@type":"ImageObject","inLanguage":"it-IT","@id":"https:\/\/centcols.org\/raduno-italiano-samedi-30-septembre-dimanche-1er-octobre-2023\/#primaryimage","url":"https:\/\/centcols.org\/wp-content\/uploads\/2022\/11\/39001.jpg","contentUrl":"https:\/\/centcols.org\/wp-content\/uploads\/2022\/11\/39001.jpg","width":800,"height":600},{"@type":"BreadcrumbList","@id":"https:\/\/centcols.org\/raduno-italiano-samedi-30-septembre-dimanche-1er-octobre-2023\/#breadcrumb","itemListElement":[{"@type":"ListItem","position":1,"name":"Accueil","item":"https:\/\/centcols.org\/"},{"@type":"ListItem","position":2,"name":"Rencontres r\u00e9gionales","item":"https:\/\/centcols.org\/rubrique\/rencontres-regionales\/"},{"@type":"ListItem","position":3,"name":"Raduno Italiano &#8211; Samedi 30 septembre &#8211; Dimanche 1er octobre 2023"}]},{"@type":"WebSite","@id":"https:\/\/centcols.org\/#website","url":"https:\/\/centcols.org\/","name":"Club des Cent Cols","description":"","publisher":{"@id":"https:\/\/centcols.org\/#organization"},"potentialAction":[{"@type":"SearchAction","target":{"@type":"EntryPoint","urlTemplate":"https:\/\/centcols.org\/?s={search_term_string}"},"query-input":{"@type":"PropertyValueSpecification","valueRequired":true,"valueName":"search_term_string"}}],"inLanguage":"it-IT"},{"@type":"Organization","@id":"https:\/\/centcols.org\/#organization","name":"Club des Cent Cols","url":"https:\/\/centcols.org\/","logo":{"@type":"ImageObject","inLanguage":"it-IT","@id":"https:\/\/centcols.org\/#\/schema\/logo\/image\/","url":"https:\/\/centcols.org\/wp-content\/uploads\/2025\/01\/carte-icone.png","contentUrl":"https:\/\/centcols.org\/wp-content\/uploads\/2025\/01\/carte-icone.png","width":250,"height":250,"caption":"Club des Cent Cols"},"image":{"@id":"https:\/\/centcols.org\/#\/schema\/logo\/image\/"},"sameAs":["https:\/\/www.facebook.com\/groups\/5261880558\/?locale=fr_FR"]},{"@type":"Person","@id":"https:\/\/centcols.org\/#\/schema\/person\/86c3ec6889d88501a29fccac614bebf8","name":"Enrico Alberini","image":{"@type":"ImageObject","inLanguage":"it-IT","@id":"https:\/\/centcols.org\/wp-content\/litespeed\/avatar\/1b26e36a18d85acc8b0f860f9628213f.jpg?ver=1777240766","url":"https:\/\/centcols.org\/wp-content\/litespeed\/avatar\/1b26e36a18d85acc8b0f860f9628213f.jpg?ver=1777240766","contentUrl":"https:\/\/centcols.org\/wp-content\/litespeed\/avatar\/1b26e36a18d85acc8b0f860f9628213f.jpg?ver=1777240766","caption":"Enrico Alberini"},"url":"https:\/\/centcols.org\/it\/author\/5065\/"}]}},"_links":{"self":[{"href":"https:\/\/centcols.org\/it\/wp-json\/wp\/v2\/posts\/82413","targetHints":{"allow":["GET"]}}],"collection":[{"href":"https:\/\/centcols.org\/it\/wp-json\/wp\/v2\/posts"}],"about":[{"href":"https:\/\/centcols.org\/it\/wp-json\/wp\/v2\/types\/post"}],"author":[{"embeddable":true,"href":"https:\/\/centcols.org\/it\/wp-json\/wp\/v2\/users\/58"}],"replies":[{"embeddable":true,"href":"https:\/\/centcols.org\/it\/wp-json\/wp\/v2\/comments?post=82413"}],"version-history":[{"count":0,"href":"https:\/\/centcols.org\/it\/wp-json\/wp\/v2\/posts\/82413\/revisions"}],"wp:featuredmedia":[{"embeddable":true,"href":"https:\/\/centcols.org\/it\/wp-json\/wp\/v2\/media\/84390"}],"wp:attachment":[{"href":"https:\/\/centcols.org\/it\/wp-json\/wp\/v2\/media?parent=82413"}],"wp:term":[{"taxonomy":"category","embeddable":true,"href":"https:\/\/centcols.org\/it\/wp-json\/wp\/v2\/categories?post=82413"},{"taxonomy":"post_tag","embeddable":true,"href":"https:\/\/centcols.org\/it\/wp-json\/wp\/v2\/tags?post=82413"}],"curies":[{"name":"wp","href":"https:\/\/api.w.org\/{rel}","templated":true}]}}