{"id":82418,"date":"2023-08-25T13:38:29","date_gmt":"2023-08-25T11:38:29","guid":{"rendered":"https:\/\/centcols.org\/de-bw-foret-noire-bad-krozingen-gravel-66-km-d-1550-m-12-cols\/"},"modified":"2026-03-27T23:29:27","modified_gmt":"2026-03-27T21:29:27","slug":"ghiaia-di-bw-foret-noire-bad-krozingen","status":"publish","type":"post","link":"https:\/\/centcols.org\/it\/de-bw-foret-noire-bad-krozingen-gravel\/","title":{"rendered":"DE-BW Foresta Nera Bad Krozingen - Sterrato 63 km, D+ 1490 m, 12 passaggi"},"content":{"rendered":"<iframe width=\"100%\" height=\"650\" loading=\"lazy\" src=\"https:\/\/www.openrunner.com\/embed\/3475587079327a4e662f384e5654682f77326178764366492b686d787634707074745a38632f4a2f7762733d3a3afaf00934288856d9567f1742dceace2a?unit=metric\" style=\"border: none;\"><\/iframe>\n\n\n\n<div style=\"height:30px\" aria-hidden=\"true\" class=\"wp-block-spacer\"><\/div>\n\n\n\n<h2 class=\"wp-block-heading\">Descrizione dell'autore<\/h2>\n\n\n\n<p><strong>Autore <\/strong>Jean-Luc Ceccato<br><strong>Corso<\/strong> Completato il 12 giugno 2021<br><strong>Partenza<\/strong> Bad Krozingen. Alt: 240 m. Parcheggio vicino al cimitero. Ma si pu\u00f2 anche partire da Staufen im Breisgau.<\/p>\n\n\n\n<div style=\"height:30px\" aria-hidden=\"true\" class=\"wp-block-spacer\"><\/div>\n\n\n\n<h2 class=\"wp-block-heading\">Informazioni turistiche<\/h2>\n\n\n\n<p>Il percorso si snoda attraverso boschi, campi e prati. Lungo il percorso si trovano numerosi punti panoramici. L'architettura delle vecchie case \u00e8 assolutamente da vedere.<\/p>\n\n\n\n<div style=\"height:30px\" aria-hidden=\"true\" class=\"wp-block-spacer\"><\/div>\n\n\n\n<h2 class=\"wp-block-heading\">Specifiche tecniche<\/h2>\n\n\n\n<p>Non \u00e8 un percorso difficile, ma presenta alcune pendenze ed \u00e8 stato percorso su ghiaia senza problemi. Si tratta di un percorso di circa 50% di belle stradine ondulate e il resto su strade asfaltate. Come per la maggior parte dei percorsi nella Foresta Nera, ci sono spesso pendenze piuttosto elevate.<br>Facoltativo: deviazione per Kohlpl\u00e4tzle all'inizio del percorso. <a href=\"\/it\/util\/geo\/visu.php\/?code=DE-BW-0665\" target=\"_blank\" rel=\"noreferrer noopener\">DE-BW-0665<\/a><a href=\"https:\/\/centcols.org\/it\/util\/geo\/visu.php\/?code=DE-BW-0665\" target=\"_blank\" rel=\"noreferrer noopener\">,<\/a> nuovo pass 2022.<\/p>\n\n\n\n<div style=\"height:30px\" aria-hidden=\"true\" class=\"wp-block-spacer\"><\/div>\n\n\n\n<p><strong>12 collari<\/strong><\/p>\n\n\n\n<figure class=\"wp-block-table tableau-cols\"><table class=\"has-background\" style=\"background-color:#f0f0f0\"><tbody><tr><td>1 - Sattel<\/td><td>689 m<\/td><td><a href=\"\/it\/util\/geo\/visu.php\/?code=DE-BW-0689a\" target=\"_blank\" rel=\"noreferrer noopener\">DE-BW-0689a<\/a><\/td><\/tr><tr><td>2 - Sattel<\/td><td>908 m<\/td><td><a href=\"\/it\/util\/geo\/visu.php\/?code=DE-BW-0908\" target=\"_blank\" rel=\"noreferrer noopener\">DE-BW-0908<\/a><\/td><\/tr><tr><td>3 - Sonnhaldeneck<\/td><td>867 m<\/td><td><a href=\"\/it\/util\/geo\/visu.php\/?code=DE-BW-0867\" target=\"_blank\" rel=\"noreferrer noopener\">DE-BW-0867<\/a><\/td><\/tr><tr><td>4 - Schwelle<\/td><td>798 m<\/td><td><a href=\"\/it\/util\/geo\/visu.php\/?code=DE-BW-0798\" target=\"_blank\" rel=\"noreferrer noopener\">DE-BW-0798<\/a><\/td><\/tr><tr><td>5 - Eduardsh\u00f6he<\/td><td>859 m<\/td><td><a href=\"\/it\/util\/geo\/visu.php\/?code=DE-BW-0859\" target=\"_blank\" rel=\"noreferrer noopener\">DE-BW-0859<\/a><\/td><\/tr><tr><td>6 - Eck<\/td><td>847 m<\/td><td><a href=\"\/it\/util\/geo\/visu.php\/?code=DE-BW-0847c\" target=\"_blank\" rel=\"noreferrer noopener\">DE-BW-0847c<\/a><\/td><\/tr><tr><td>7 - Albergo Gerstenhalmsattel<\/td><td>840 m<\/td><td><a href=\"\/it\/util\/geo\/visu.php\/?code=DE-BW-0880\" target=\"_blank\" rel=\"noreferrer noopener\">DE-BW-0880<\/a><\/td><\/tr><tr><td>8 - Luisenh\u00f6he<\/td><td>590 m<\/td><td><a href=\"\/it\/util\/geo\/visu.php\/?code=DE-BW-0590b\" target=\"_blank\" rel=\"noreferrer noopener\">DE-BW-0590b<\/a><\/td><\/tr><tr><td>9 - Albergo Wonnhaldesattel<\/td><td>339 m<\/td><td><a href=\"\/it\/util\/geo\/visu.php\/?code=DE-BW-0339\" target=\"_blank\" rel=\"noreferrer noopener\">DE-BW-0339<\/a><\/td><\/tr><tr><td>10 - Predigerplatz<\/td><td>368 m<\/td><td><a href=\"\/it\/util\/geo\/visu.php\/?code=DE-BW-0368\" target=\"_blank\" rel=\"noreferrer noopener\">DE-BW-0368<\/a><\/td><\/tr><tr><td>11 - L\u00e4gersattel<\/td><td>402 m<\/td><td><a href=\"\/it\/util\/geo\/visu.php\/?code=DE-BW-0402\" target=\"_blank\" rel=\"noreferrer noopener\">DE-BW-0402<\/a><\/td><\/tr><tr><td>12 - Bellenh\u00f6he<\/td><td>354 m<\/td><td><a href=\"\/it\/util\/geo\/visu.php\/?code=DE-BW-0354\" target=\"_blank\" rel=\"noreferrer noopener\">DE-BW-0354<\/a><\/td><\/tr><\/tbody><\/table><\/figure>\n\n\n\n<p><strong>Parole chiave<\/strong> Foresta Nera, Bad Krozingen, Staufen im Breisgau, Baden, centole<\/p>\n\n\n\n<p>Link Openrunner, mappa interattiva, profilo, traccia : <a href=\"https:\/\/www.openrunner.com\/route-details\/16518242\" target=\"_blank\" rel=\"noreferrer noopener\">https:\/\/www.openrunner.com\/route-details\/16518242<\/a><\/p>\n\n\n\n<p>Questo itinerario \u00e8 offerto a titolo puramente indicativo. L'autore non si assume alcuna responsabilit\u00e0, n\u00e9 quella del Club des Cent Cols, per eventuali imponderabilit\u00e0 dovute al ciclista stesso, all'equipaggiamento utilizzato o a qualsiasi cosa abbia a che fare con la strada, le piste e i sentieri, i loro dintorni o altri utenti.<\/p>\n\n\n\n<div style=\"height:30px\" aria-hidden=\"true\" class=\"wp-block-spacer\"><\/div>\n\n\n\n<h2 class=\"wp-block-heading\">Foto<\/h2>\n\n\n\n<figure class=\"wp-block-gallery has-nested-images columns-4 is-cropped wp-block-gallery-1 is-layout-flex wp-block-gallery-is-layout-flex\">\n<figure class=\"wp-block-image size-large\"><a href=\"https:\/\/centcols.org\/wp-content\/uploads\/2025\/05\/2OCNcfF438las8D0rLWEhBZGBou.jpg\"><img loading=\"lazy\" decoding=\"async\" width=\"1000\" height=\"750\" data-id=\"82422\" src=\"https:\/\/centcols.org\/wp-content\/uploads\/2025\/05\/2OCNcfF438las8D0rLWEhBZGBou.jpg\" alt=\"\" class=\"wp-image-82422\" srcset=\"https:\/\/centcols.org\/wp-content\/uploads\/2025\/05\/2OCNcfF438las8D0rLWEhBZGBou.jpg 1000w, https:\/\/centcols.org\/wp-content\/uploads\/2025\/05\/2OCNcfF438las8D0rLWEhBZGBou-768x576.jpg 768w\" sizes=\"auto, (max-width: 1000px) 100vw, 1000px\" \/><\/a><figcaption class=\"wp-element-caption\">Paesaggio ordinario della Foresta Nera<\/figcaption><\/figure>\n\n\n\n<figure class=\"wp-block-image size-large\"><a href=\"https:\/\/centcols.org\/wp-content\/uploads\/2025\/05\/2OCNgrdR5padCsEJLrzpVWNhFp4.jpg\"><img loading=\"lazy\" decoding=\"async\" width=\"1000\" height=\"750\" data-id=\"82421\" src=\"https:\/\/centcols.org\/wp-content\/uploads\/2025\/05\/2OCNgrdR5padCsEJLrzpVWNhFp4.jpg\" alt=\"\" class=\"wp-image-82421\" srcset=\"https:\/\/centcols.org\/wp-content\/uploads\/2025\/05\/2OCNgrdR5padCsEJLrzpVWNhFp4.jpg 1000w, https:\/\/centcols.org\/wp-content\/uploads\/2025\/05\/2OCNgrdR5padCsEJLrzpVWNhFp4-768x576.jpg 768w\" sizes=\"auto, (max-width: 1000px) 100vw, 1000px\" \/><\/a><figcaption class=\"wp-element-caption\">Paesaggio ordinario della Foresta Nera<\/figcaption><\/figure>\n\n\n\n<figure class=\"wp-block-image size-large\"><a href=\"https:\/\/centcols.org\/wp-content\/uploads\/2025\/05\/2OCNgtWFhqwtRDEFvQXjFCTIq7V.jpg\"><img loading=\"lazy\" decoding=\"async\" width=\"1000\" height=\"750\" data-id=\"82420\" src=\"https:\/\/centcols.org\/wp-content\/uploads\/2025\/05\/2OCNgtWFhqwtRDEFvQXjFCTIq7V.jpg\" alt=\"\" class=\"wp-image-82420\" srcset=\"https:\/\/centcols.org\/wp-content\/uploads\/2025\/05\/2OCNgtWFhqwtRDEFvQXjFCTIq7V.jpg 1000w, https:\/\/centcols.org\/wp-content\/uploads\/2025\/05\/2OCNgtWFhqwtRDEFvQXjFCTIq7V-768x576.jpg 768w\" sizes=\"auto, (max-width: 1000px) 100vw, 1000px\" \/><\/a><figcaption class=\"wp-element-caption\">Paesaggio ordinario della Foresta Nera<\/figcaption><\/figure>\n\n\n\n<figure class=\"wp-block-image size-large\"><a href=\"https:\/\/centcols.org\/wp-content\/uploads\/2023\/08\/image.jpeg\"><img loading=\"lazy\" decoding=\"async\" width=\"773\" height=\"434\" data-id=\"94650\" src=\"https:\/\/centcols.org\/wp-content\/uploads\/2023\/08\/image.jpeg\" alt=\"\" class=\"wp-image-94650\" srcset=\"https:\/\/centcols.org\/wp-content\/uploads\/2023\/08\/image.jpeg 773w, https:\/\/centcols.org\/wp-content\/uploads\/2023\/08\/image-768x431.jpeg 768w, https:\/\/centcols.org\/wp-content\/uploads\/2023\/08\/image-18x10.jpeg 18w\" sizes=\"auto, (max-width: 773px) 100vw, 773px\" \/><\/a><figcaption class=\"wp-element-caption\">Sattel<\/figcaption><\/figure>\n\n\n\n<figure class=\"wp-block-image size-large\"><a href=\"https:\/\/centcols.org\/wp-content\/uploads\/2023\/08\/image-1.jpeg\"><img loading=\"lazy\" decoding=\"async\" width=\"800\" height=\"531\" data-id=\"94651\" src=\"https:\/\/centcols.org\/wp-content\/uploads\/2023\/08\/image-1.jpeg\" alt=\"\" class=\"wp-image-94651\" srcset=\"https:\/\/centcols.org\/wp-content\/uploads\/2023\/08\/image-1.jpeg 800w, https:\/\/centcols.org\/wp-content\/uploads\/2023\/08\/image-1-768x510.jpeg 768w, https:\/\/centcols.org\/wp-content\/uploads\/2023\/08\/image-1-18x12.jpeg 18w\" sizes=\"auto, (max-width: 800px) 100vw, 800px\" \/><\/a><figcaption class=\"wp-element-caption\">Sattel<\/figcaption><\/figure>\n\n\n\n<figure class=\"wp-block-image size-large\"><a href=\"https:\/\/centcols.org\/wp-content\/uploads\/2023\/08\/image-2.jpeg\"><img loading=\"lazy\" decoding=\"async\" width=\"800\" height=\"531\" data-id=\"94652\" src=\"https:\/\/centcols.org\/wp-content\/uploads\/2023\/08\/image-2.jpeg\" alt=\"\" class=\"wp-image-94652\" srcset=\"https:\/\/centcols.org\/wp-content\/uploads\/2023\/08\/image-2.jpeg 800w, https:\/\/centcols.org\/wp-content\/uploads\/2023\/08\/image-2-768x510.jpeg 768w, https:\/\/centcols.org\/wp-content\/uploads\/2023\/08\/image-2-18x12.jpeg 18w\" sizes=\"auto, (max-width: 800px) 100vw, 800px\" \/><\/a><figcaption class=\"wp-element-caption\">Eck<\/figcaption><\/figure>\n\n\n\n<figure class=\"wp-block-image size-large\"><a href=\"https:\/\/centcols.org\/wp-content\/uploads\/2023\/08\/image-3.jpeg\"><img loading=\"lazy\" decoding=\"async\" width=\"800\" height=\"531\" data-id=\"94653\" src=\"https:\/\/centcols.org\/wp-content\/uploads\/2023\/08\/image-3.jpeg\" alt=\"\" class=\"wp-image-94653\" srcset=\"https:\/\/centcols.org\/wp-content\/uploads\/2023\/08\/image-3.jpeg 800w, https:\/\/centcols.org\/wp-content\/uploads\/2023\/08\/image-3-768x510.jpeg 768w, https:\/\/centcols.org\/wp-content\/uploads\/2023\/08\/image-3-18x12.jpeg 18w\" sizes=\"auto, (max-width: 800px) 100vw, 800px\" \/><\/a><figcaption class=\"wp-element-caption\">Albergo Gerstenhalmsattel<\/figcaption><\/figure>\n\n\n\n<figure class=\"wp-block-image size-large\"><a href=\"https:\/\/centcols.org\/wp-content\/uploads\/2023\/08\/image-4.jpeg\"><img loading=\"lazy\" decoding=\"async\" width=\"800\" height=\"531\" data-id=\"94654\" src=\"https:\/\/centcols.org\/wp-content\/uploads\/2023\/08\/image-4.jpeg\" alt=\"\" class=\"wp-image-94654\" srcset=\"https:\/\/centcols.org\/wp-content\/uploads\/2023\/08\/image-4.jpeg 800w, https:\/\/centcols.org\/wp-content\/uploads\/2023\/08\/image-4-768x510.jpeg 768w, https:\/\/centcols.org\/wp-content\/uploads\/2023\/08\/image-4-18x12.jpeg 18w\" sizes=\"auto, (max-width: 800px) 100vw, 800px\" \/><\/a><figcaption class=\"wp-element-caption\">Luisenh\u00f6he<\/figcaption><\/figure>\n\n\n\n<figure class=\"wp-block-image size-large\"><a href=\"https:\/\/centcols.org\/wp-content\/uploads\/2023\/08\/image-5.jpeg\"><img loading=\"lazy\" decoding=\"async\" width=\"800\" height=\"531\" data-id=\"94655\" src=\"https:\/\/centcols.org\/wp-content\/uploads\/2023\/08\/image-5.jpeg\" alt=\"\" class=\"wp-image-94655\" srcset=\"https:\/\/centcols.org\/wp-content\/uploads\/2023\/08\/image-5.jpeg 800w, https:\/\/centcols.org\/wp-content\/uploads\/2023\/08\/image-5-768x510.jpeg 768w, https:\/\/centcols.org\/wp-content\/uploads\/2023\/08\/image-5-18x12.jpeg 18w\" sizes=\"auto, (max-width: 800px) 100vw, 800px\" \/><\/a><figcaption class=\"wp-element-caption\">Wonnhaldesattel<\/figcaption><\/figure>\n\n\n\n<figure class=\"wp-block-image size-large\"><a href=\"https:\/\/centcols.org\/wp-content\/uploads\/2023\/08\/image-6.jpeg\"><img loading=\"lazy\" decoding=\"async\" width=\"800\" height=\"531\" data-id=\"94656\" src=\"https:\/\/centcols.org\/wp-content\/uploads\/2023\/08\/image-6.jpeg\" alt=\"\" class=\"wp-image-94656\" srcset=\"https:\/\/centcols.org\/wp-content\/uploads\/2023\/08\/image-6.jpeg 800w, https:\/\/centcols.org\/wp-content\/uploads\/2023\/08\/image-6-768x510.jpeg 768w, https:\/\/centcols.org\/wp-content\/uploads\/2023\/08\/image-6-18x12.jpeg 18w\" sizes=\"auto, (max-width: 800px) 100vw, 800px\" \/><\/a><figcaption class=\"wp-element-caption\">Predigerplatz<\/figcaption><\/figure>\n<\/figure>","protected":false},"excerpt":{"rendered":"<p>Description de l\u2019auteur Auteur : Jean-Luc CeccatoParcours : effectu\u00e9 le 12 juin 2021D\u00e9part : Bad Krozingen. Alt : 240&nbsp;m. Stationnement pr\u00e8s du cimeti\u00e8re. Mais il est \u00e9galement possible de d\u00e9marrer de Staufen im Breisgau. Descriptif touristique Le circuit s\u2019insinue entre for\u00eats, champs et prairies. Quelques points de vue agr\u00e9mentent ce parcours. L\u2019architecture des maisons anciennes [&hellip;]<\/p>\n","protected":false},"author":3,"featured_media":82855,"comment_status":"open","ping_status":"open","sticky":false,"template":"","format":"standard","meta":{"_acf_changed":false,"footnotes":""},"categories":[302,320,323,220],"tags":[],"class_list":["post-82418","post","type-post","status-publish","format-standard","has-post-thumbnail","hentry","category-parcours-allemagne","category-gravel-type-parcours","category-foret-noire-massif-parcours-membres","category-parcours-membres"],"acf":[],"yoast_head":"<!-- This site is optimized with the Yoast SEO plugin v27.2 - https:\/\/yoast.com\/product\/yoast-seo-wordpress\/ -->\n<title>DE-BW For\u00eat-Noire Bad Krozingen - Gravel 63 km, D+ 1490 m, 12 cols - Club des Cent Cols<\/title>\n<meta name=\"robots\" content=\"index, follow, max-snippet:-1, max-image-preview:large, max-video-preview:-1\" \/>\n<link rel=\"canonical\" href=\"https:\/\/centcols.org\/it\/ghiaia-di-bw-foret-noire-bad-krozingen\/\" \/>\n<meta property=\"og:locale\" content=\"it_IT\" \/>\n<meta property=\"og:type\" content=\"article\" \/>\n<meta property=\"og:title\" content=\"DE-BW For\u00eat-Noire Bad Krozingen - Gravel 63 km, D+ 1490 m, 12 cols - Club des Cent Cols\" \/>\n<meta property=\"og:description\" content=\"Description de l\u2019auteur Auteur : Jean-Luc CeccatoParcours : effectu\u00e9 le 12 juin 2021D\u00e9part : Bad Krozingen. Alt : 240&nbsp;m. Stationnement pr\u00e8s du cimeti\u00e8re. Mais il est \u00e9galement possible de d\u00e9marrer de Staufen im Breisgau. Descriptif touristique Le circuit s\u2019insinue entre for\u00eats, champs et prairies. Quelques points de vue agr\u00e9mentent ce parcours. L\u2019architecture des maisons anciennes [&hellip;]\" \/>\n<meta property=\"og:url\" content=\"https:\/\/centcols.org\/it\/ghiaia-di-bw-foret-noire-bad-krozingen\/\" \/>\n<meta property=\"og:site_name\" content=\"Club des Cent Cols\" \/>\n<meta property=\"article:publisher\" content=\"https:\/\/www.facebook.com\/groups\/5261880558\/?locale=fr_FR\" \/>\n<meta property=\"article:published_time\" content=\"2023-08-25T11:38:29+00:00\" \/>\n<meta property=\"article:modified_time\" content=\"2026-03-27T21:29:27+00:00\" \/>\n<meta property=\"og:image\" content=\"https:\/\/centcols.org\/wp-content\/uploads\/2023\/08\/01011.jpg\" \/>\n\t<meta property=\"og:image:width\" content=\"773\" \/>\n\t<meta property=\"og:image:height\" content=\"434\" \/>\n\t<meta property=\"og:image:type\" content=\"image\/jpeg\" \/>\n<meta name=\"author\" content=\"Webmestre\" \/>\n<meta name=\"twitter:card\" content=\"summary_large_image\" \/>\n<meta name=\"twitter:label1\" content=\"Scritto da\" \/>\n\t<meta name=\"twitter:data1\" content=\"Webmestre\" \/>\n\t<meta name=\"twitter:label2\" content=\"Tempo di lettura stimato\" \/>\n\t<meta name=\"twitter:data2\" content=\"4 minuti\" \/>\n<script type=\"application\/ld+json\" class=\"yoast-schema-graph\">{\"@context\":\"https:\/\/schema.org\",\"@graph\":[{\"@type\":\"Article\",\"@id\":\"https:\/\/centcols.org\/de-bw-foret-noire-bad-krozingen-gravel\/#article\",\"isPartOf\":{\"@id\":\"https:\/\/centcols.org\/de-bw-foret-noire-bad-krozingen-gravel\/\"},\"author\":{\"name\":\"Webmestre\",\"@id\":\"https:\/\/centcols.org\/#\/schema\/person\/911b404fb133d8c913dd27cdcf71c8e5\"},\"headline\":\"DE-BW For\u00eat-Noire Bad Krozingen &#8211; Gravel 63 km, D+ 1490 m, 12 cols\",\"datePublished\":\"2023-08-25T11:38:29+00:00\",\"dateModified\":\"2026-03-27T21:29:27+00:00\",\"mainEntityOfPage\":{\"@id\":\"https:\/\/centcols.org\/de-bw-foret-noire-bad-krozingen-gravel\/\"},\"wordCount\":313,\"commentCount\":0,\"publisher\":{\"@id\":\"https:\/\/centcols.org\/#organization\"},\"image\":{\"@id\":\"https:\/\/centcols.org\/de-bw-foret-noire-bad-krozingen-gravel\/#primaryimage\"},\"thumbnailUrl\":\"https:\/\/centcols.org\/wp-content\/uploads\/2023\/08\/01011.jpg\",\"articleSection\":[\"Parcours Allemagne\",\"Gravel\",\"For\u00eat-Noire\",\"Parcours membres\"],\"inLanguage\":\"it-IT\",\"potentialAction\":[{\"@type\":\"CommentAction\",\"name\":\"Comment\",\"target\":[\"https:\/\/centcols.org\/de-bw-foret-noire-bad-krozingen-gravel\/#respond\"]}]},{\"@type\":\"WebPage\",\"@id\":\"https:\/\/centcols.org\/de-bw-foret-noire-bad-krozingen-gravel\/\",\"url\":\"https:\/\/centcols.org\/de-bw-foret-noire-bad-krozingen-gravel\/\",\"name\":\"DE-BW For\u00eat-Noire Bad Krozingen - Gravel 63 km, D+ 1490 m, 12 cols - Club des Cent Cols\",\"isPartOf\":{\"@id\":\"https:\/\/centcols.org\/#website\"},\"primaryImageOfPage\":{\"@id\":\"https:\/\/centcols.org\/de-bw-foret-noire-bad-krozingen-gravel\/#primaryimage\"},\"image\":{\"@id\":\"https:\/\/centcols.org\/de-bw-foret-noire-bad-krozingen-gravel\/#primaryimage\"},\"thumbnailUrl\":\"https:\/\/centcols.org\/wp-content\/uploads\/2023\/08\/01011.jpg\",\"datePublished\":\"2023-08-25T11:38:29+00:00\",\"dateModified\":\"2026-03-27T21:29:27+00:00\",\"breadcrumb\":{\"@id\":\"https:\/\/centcols.org\/de-bw-foret-noire-bad-krozingen-gravel\/#breadcrumb\"},\"inLanguage\":\"it-IT\",\"potentialAction\":[{\"@type\":\"ReadAction\",\"target\":[\"https:\/\/centcols.org\/de-bw-foret-noire-bad-krozingen-gravel\/\"]}]},{\"@type\":\"ImageObject\",\"inLanguage\":\"it-IT\",\"@id\":\"https:\/\/centcols.org\/de-bw-foret-noire-bad-krozingen-gravel\/#primaryimage\",\"url\":\"https:\/\/centcols.org\/wp-content\/uploads\/2023\/08\/01011.jpg\",\"contentUrl\":\"https:\/\/centcols.org\/wp-content\/uploads\/2023\/08\/01011.jpg\",\"width\":773,\"height\":434,\"caption\":\"For\u00eat noire\"},{\"@type\":\"BreadcrumbList\",\"@id\":\"https:\/\/centcols.org\/de-bw-foret-noire-bad-krozingen-gravel\/#breadcrumb\",\"itemListElement\":[{\"@type\":\"ListItem\",\"position\":1,\"name\":\"Accueil\",\"item\":\"https:\/\/centcols.org\/\"},{\"@type\":\"ListItem\",\"position\":2,\"name\":\"Parcours membres\",\"item\":\"https:\/\/centcols.org\/rubrique\/parcours-membres\/\"},{\"@type\":\"ListItem\",\"position\":3,\"name\":\"Pays\",\"item\":\"https:\/\/centcols.org\/rubrique\/parcours-membres\/pays-parcours-membres\/\"},{\"@type\":\"ListItem\",\"position\":4,\"name\":\"Parcours Allemagne\",\"item\":\"https:\/\/centcols.org\/rubrique\/parcours-membres\/pays-parcours-membres\/parcours-allemagne\/\"},{\"@type\":\"ListItem\",\"position\":5,\"name\":\"DE-BW For\u00eat-Noire Bad Krozingen &#8211; Gravel 63 km, D+ 1490 m, 12 cols\"}]},{\"@type\":\"WebSite\",\"@id\":\"https:\/\/centcols.org\/#website\",\"url\":\"https:\/\/centcols.org\/\",\"name\":\"Club des Cent Cols\",\"description\":\"\",\"publisher\":{\"@id\":\"https:\/\/centcols.org\/#organization\"},\"potentialAction\":[{\"@type\":\"SearchAction\",\"target\":{\"@type\":\"EntryPoint\",\"urlTemplate\":\"https:\/\/centcols.org\/?s={search_term_string}\"},\"query-input\":{\"@type\":\"PropertyValueSpecification\",\"valueRequired\":true,\"valueName\":\"search_term_string\"}}],\"inLanguage\":\"it-IT\"},{\"@type\":\"Organization\",\"@id\":\"https:\/\/centcols.org\/#organization\",\"name\":\"Club des Cent Cols\",\"url\":\"https:\/\/centcols.org\/\",\"logo\":{\"@type\":\"ImageObject\",\"inLanguage\":\"it-IT\",\"@id\":\"https:\/\/centcols.org\/#\/schema\/logo\/image\/\",\"url\":\"https:\/\/centcols.org\/wp-content\/uploads\/2025\/01\/carte-icone.png\",\"contentUrl\":\"https:\/\/centcols.org\/wp-content\/uploads\/2025\/01\/carte-icone.png\",\"width\":250,\"height\":250,\"caption\":\"Club des Cent Cols\"},\"image\":{\"@id\":\"https:\/\/centcols.org\/#\/schema\/logo\/image\/\"},\"sameAs\":[\"https:\/\/www.facebook.com\/groups\/5261880558\/?locale=fr_FR\"]},{\"@type\":\"Person\",\"@id\":\"https:\/\/centcols.org\/#\/schema\/person\/911b404fb133d8c913dd27cdcf71c8e5\",\"name\":\"Webmestre\",\"image\":{\"@type\":\"ImageObject\",\"inLanguage\":\"it-IT\",\"@id\":\"https:\/\/centcols.org\/wp-content\/litespeed\/avatar\/2d246e4b6b4f773e08515e1ffc53690b.jpg?ver=1777222892\",\"url\":\"https:\/\/centcols.org\/wp-content\/litespeed\/avatar\/2d246e4b6b4f773e08515e1ffc53690b.jpg?ver=1777222892\",\"contentUrl\":\"https:\/\/centcols.org\/wp-content\/litespeed\/avatar\/2d246e4b6b4f773e08515e1ffc53690b.jpg?ver=1777222892\",\"caption\":\"Webmestre\"},\"url\":\"https:\/\/centcols.org\/it\/author\/webmestre\/\"}]}<\/script>\n<!-- \/ Yoast SEO plugin. -->","yoast_head_json":{"title":"DE-BW Foresta Nera Bad Krozingen - Sterrato 63 km, D+ 1490 m, 12 colli - Club des Cent Cols","robots":{"index":"index","follow":"follow","max-snippet":"max-snippet:-1","max-image-preview":"max-image-preview:large","max-video-preview":"max-video-preview:-1"},"canonical":"https:\/\/centcols.org\/it\/ghiaia-di-bw-foret-noire-bad-krozingen\/","og_locale":"it_IT","og_type":"article","og_title":"DE-BW For\u00eat-Noire Bad Krozingen - Gravel 63 km, D+ 1490 m, 12 cols - Club des Cent Cols","og_description":"Description de l\u2019auteur Auteur : Jean-Luc CeccatoParcours : effectu\u00e9 le 12 juin 2021D\u00e9part : Bad Krozingen. Alt : 240&nbsp;m. Stationnement pr\u00e8s du cimeti\u00e8re. Mais il est \u00e9galement possible de d\u00e9marrer de Staufen im Breisgau. Descriptif touristique Le circuit s\u2019insinue entre for\u00eats, champs et prairies. Quelques points de vue agr\u00e9mentent ce parcours. L\u2019architecture des maisons anciennes [&hellip;]","og_url":"https:\/\/centcols.org\/it\/ghiaia-di-bw-foret-noire-bad-krozingen\/","og_site_name":"Club des Cent Cols","article_publisher":"https:\/\/www.facebook.com\/groups\/5261880558\/?locale=fr_FR","article_published_time":"2023-08-25T11:38:29+00:00","article_modified_time":"2026-03-27T21:29:27+00:00","og_image":[{"width":773,"height":434,"url":"https:\/\/centcols.org\/wp-content\/uploads\/2023\/08\/01011.jpg","type":"image\/jpeg"}],"author":"Webmestre","twitter_card":"summary_large_image","twitter_misc":{"Scritto da":"Webmestre","Tempo di lettura stimato":"4 minuti"},"schema":{"@context":"https:\/\/schema.org","@graph":[{"@type":"Article","@id":"https:\/\/centcols.org\/de-bw-foret-noire-bad-krozingen-gravel\/#article","isPartOf":{"@id":"https:\/\/centcols.org\/de-bw-foret-noire-bad-krozingen-gravel\/"},"author":{"name":"Webmestre","@id":"https:\/\/centcols.org\/#\/schema\/person\/911b404fb133d8c913dd27cdcf71c8e5"},"headline":"DE-BW For\u00eat-Noire Bad Krozingen &#8211; Gravel 63 km, D+ 1490 m, 12 cols","datePublished":"2023-08-25T11:38:29+00:00","dateModified":"2026-03-27T21:29:27+00:00","mainEntityOfPage":{"@id":"https:\/\/centcols.org\/de-bw-foret-noire-bad-krozingen-gravel\/"},"wordCount":313,"commentCount":0,"publisher":{"@id":"https:\/\/centcols.org\/#organization"},"image":{"@id":"https:\/\/centcols.org\/de-bw-foret-noire-bad-krozingen-gravel\/#primaryimage"},"thumbnailUrl":"https:\/\/centcols.org\/wp-content\/uploads\/2023\/08\/01011.jpg","articleSection":["Parcours Allemagne","Gravel","For\u00eat-Noire","Parcours membres"],"inLanguage":"it-IT","potentialAction":[{"@type":"CommentAction","name":"Comment","target":["https:\/\/centcols.org\/de-bw-foret-noire-bad-krozingen-gravel\/#respond"]}]},{"@type":"WebPage","@id":"https:\/\/centcols.org\/de-bw-foret-noire-bad-krozingen-gravel\/","url":"https:\/\/centcols.org\/de-bw-foret-noire-bad-krozingen-gravel\/","name":"DE-BW Foresta Nera Bad Krozingen - Sterrato 63 km, D+ 1490 m, 12 colli - Club des Cent Cols","isPartOf":{"@id":"https:\/\/centcols.org\/#website"},"primaryImageOfPage":{"@id":"https:\/\/centcols.org\/de-bw-foret-noire-bad-krozingen-gravel\/#primaryimage"},"image":{"@id":"https:\/\/centcols.org\/de-bw-foret-noire-bad-krozingen-gravel\/#primaryimage"},"thumbnailUrl":"https:\/\/centcols.org\/wp-content\/uploads\/2023\/08\/01011.jpg","datePublished":"2023-08-25T11:38:29+00:00","dateModified":"2026-03-27T21:29:27+00:00","breadcrumb":{"@id":"https:\/\/centcols.org\/de-bw-foret-noire-bad-krozingen-gravel\/#breadcrumb"},"inLanguage":"it-IT","potentialAction":[{"@type":"ReadAction","target":["https:\/\/centcols.org\/de-bw-foret-noire-bad-krozingen-gravel\/"]}]},{"@type":"ImageObject","inLanguage":"it-IT","@id":"https:\/\/centcols.org\/de-bw-foret-noire-bad-krozingen-gravel\/#primaryimage","url":"https:\/\/centcols.org\/wp-content\/uploads\/2023\/08\/01011.jpg","contentUrl":"https:\/\/centcols.org\/wp-content\/uploads\/2023\/08\/01011.jpg","width":773,"height":434,"caption":"For\u00eat noire"},{"@type":"BreadcrumbList","@id":"https:\/\/centcols.org\/de-bw-foret-noire-bad-krozingen-gravel\/#breadcrumb","itemListElement":[{"@type":"ListItem","position":1,"name":"Accueil","item":"https:\/\/centcols.org\/"},{"@type":"ListItem","position":2,"name":"Parcours membres","item":"https:\/\/centcols.org\/rubrique\/parcours-membres\/"},{"@type":"ListItem","position":3,"name":"Pays","item":"https:\/\/centcols.org\/rubrique\/parcours-membres\/pays-parcours-membres\/"},{"@type":"ListItem","position":4,"name":"Parcours Allemagne","item":"https:\/\/centcols.org\/rubrique\/parcours-membres\/pays-parcours-membres\/parcours-allemagne\/"},{"@type":"ListItem","position":5,"name":"DE-BW For\u00eat-Noire Bad Krozingen &#8211; Gravel 63 km, D+ 1490 m, 12 cols"}]},{"@type":"WebSite","@id":"https:\/\/centcols.org\/#website","url":"https:\/\/centcols.org\/","name":"Club des Cent Cols","description":"","publisher":{"@id":"https:\/\/centcols.org\/#organization"},"potentialAction":[{"@type":"SearchAction","target":{"@type":"EntryPoint","urlTemplate":"https:\/\/centcols.org\/?s={search_term_string}"},"query-input":{"@type":"PropertyValueSpecification","valueRequired":true,"valueName":"search_term_string"}}],"inLanguage":"it-IT"},{"@type":"Organization","@id":"https:\/\/centcols.org\/#organization","name":"Club des Cent Cols","url":"https:\/\/centcols.org\/","logo":{"@type":"ImageObject","inLanguage":"it-IT","@id":"https:\/\/centcols.org\/#\/schema\/logo\/image\/","url":"https:\/\/centcols.org\/wp-content\/uploads\/2025\/01\/carte-icone.png","contentUrl":"https:\/\/centcols.org\/wp-content\/uploads\/2025\/01\/carte-icone.png","width":250,"height":250,"caption":"Club des Cent Cols"},"image":{"@id":"https:\/\/centcols.org\/#\/schema\/logo\/image\/"},"sameAs":["https:\/\/www.facebook.com\/groups\/5261880558\/?locale=fr_FR"]},{"@type":"Person","@id":"https:\/\/centcols.org\/#\/schema\/person\/911b404fb133d8c913dd27cdcf71c8e5","name":"Webmaster","image":{"@type":"ImageObject","inLanguage":"it-IT","@id":"https:\/\/centcols.org\/wp-content\/litespeed\/avatar\/2d246e4b6b4f773e08515e1ffc53690b.jpg?ver=1777222892","url":"https:\/\/centcols.org\/wp-content\/litespeed\/avatar\/2d246e4b6b4f773e08515e1ffc53690b.jpg?ver=1777222892","contentUrl":"https:\/\/centcols.org\/wp-content\/litespeed\/avatar\/2d246e4b6b4f773e08515e1ffc53690b.jpg?ver=1777222892","caption":"Webmestre"},"url":"https:\/\/centcols.org\/it\/author\/webmestre\/"}]}},"_links":{"self":[{"href":"https:\/\/centcols.org\/it\/wp-json\/wp\/v2\/posts\/82418","targetHints":{"allow":["GET"]}}],"collection":[{"href":"https:\/\/centcols.org\/it\/wp-json\/wp\/v2\/posts"}],"about":[{"href":"https:\/\/centcols.org\/it\/wp-json\/wp\/v2\/types\/post"}],"author":[{"embeddable":true,"href":"https:\/\/centcols.org\/it\/wp-json\/wp\/v2\/users\/3"}],"replies":[{"embeddable":true,"href":"https:\/\/centcols.org\/it\/wp-json\/wp\/v2\/comments?post=82418"}],"version-history":[{"count":0,"href":"https:\/\/centcols.org\/it\/wp-json\/wp\/v2\/posts\/82418\/revisions"}],"wp:featuredmedia":[{"embeddable":true,"href":"https:\/\/centcols.org\/it\/wp-json\/wp\/v2\/media\/82855"}],"wp:attachment":[{"href":"https:\/\/centcols.org\/it\/wp-json\/wp\/v2\/media?parent=82418"}],"wp:term":[{"taxonomy":"category","embeddable":true,"href":"https:\/\/centcols.org\/it\/wp-json\/wp\/v2\/categories?post=82418"},{"taxonomy":"post_tag","embeddable":true,"href":"https:\/\/centcols.org\/it\/wp-json\/wp\/v2\/tags?post=82418"}],"curies":[{"name":"wp","href":"https:\/\/api.w.org\/{rel}","templated":true}]}}