{"id":82426,"date":"2023-08-24T21:12:08","date_gmt":"2023-08-24T19:12:08","guid":{"rendered":"https:\/\/centcols.org\/de-bw-foret-noire-biberach-est-gravel-41-km-d-1250-m-11-cols\/"},"modified":"2026-03-27T23:31:19","modified_gmt":"2026-03-27T21:31:19","slug":"bw-foret-noire-biberach-est-gravel","status":"publish","type":"post","link":"https:\/\/centcols.org\/it\/de-bw-foret-noire-biberach-est-gravel\/","title":{"rendered":"DE-BW Foresta Nera Biberach est - Ghiaia 41 km, D+ 1250 m, 11 passi"},"content":{"rendered":"<iframe width=\"100%\" height=\"650\" loading=\"lazy\" src=\"https:\/\/www.openrunner.com\/embed\/784444396b3875533831754a49576d4169743755306773396f3261594253444a7956476a43646d4b6e61383d3a3a22c2eb7bd2de63e4860302ce53ae4f50?unit=metric\" style=\"border: none;\"><\/iframe>\n\n\n\n<div style=\"height:30px\" aria-hidden=\"true\" class=\"wp-block-spacer\"><\/div>\n\n\n\n<h2 class=\"wp-block-heading\">Descrizione dell'autore<\/h2>\n\n\n\n<p><strong>Autore <\/strong>Jean-Luc Ceccato<br><strong>Corso<\/strong> Da effettuarsi il 4 settembre 2020<br><strong>Partenza <\/strong>Biberach. Alt: 240 m. Parcheggio disponibile lungo la Hauptstrasse nel parcheggio dell'ufficio turistico.<\/p>\n\n\n\n<div style=\"height:30px\" aria-hidden=\"true\" class=\"wp-block-spacer\"><\/div>\n\n\n\n<h2 class=\"wp-block-heading\">Informazioni turistiche<\/h2>\n\n\n\n<p>Questo percorso esplora il lato orientale del fiume Kinzig, sopra Biberach, e il bordo della piccola valle del Nordrach, attraverso i tipici paesaggi della Foresta Nera.<\/p>\n\n\n\n<div style=\"height:30px\" aria-hidden=\"true\" class=\"wp-block-spacer\"><\/div>\n\n\n\n<h2 class=\"wp-block-heading\">Specifiche tecniche<\/h2>\n\n\n\n<p>Questo percorso non \u00e8 difficile ed \u00e8 stato completato senza problemi con una mountain bike dotata di pneumatici da 40 per ghiaia. Quindi pu\u00f2 essere percorso anche con pneumatici da ghiaia. Si tratta di circa 50% di stradine scorrevoli e il resto di strade asfaltate.<br>Gli ultimi 200 m fino al passo DE-BW-0288 sono una spinta molto leggera. Ai piedi di questa piccola salita si pu\u00f2 scegliere di proseguire dritto per circa 300 m e tornare al passo attraverso un'altra pista per altri 300 m.<br>A seconda delle capacit\u00e0 del singolo, questo corso pu\u00f2 essere combinato con il corso di&nbsp;<a href=\"\/it\/de-bw-foret-noire-biberach-ouest\/\" target=\"_blank\" rel=\"noreferrer noopener\">DE-BW Foresta Nera Biberach Ovest<\/a>.<\/p>\n\n\n\n<div style=\"height:30px\" aria-hidden=\"true\" class=\"wp-block-spacer\"><\/div>\n\n\n\n<p><strong>11 collari<\/strong><\/p>\n\n\n\n<figure class=\"wp-block-table tableau-cols\"><table class=\"has-background\" style=\"background-color:#f0f0f0\"><tbody><tr><td>1 - Rebeck<\/td><td>288 m<\/td><td><a href=\"\/it\/util\/geo\/visu.php\/?code=DE-BW-0288\" target=\"_blank\" rel=\"noreferrer noopener\">DE-BW-0288<\/a><\/td><\/tr><tr><td>2 - Badeck<\/td><td>360 m<\/td><td><a href=\"\/it\/util\/geo\/visu.php\/?code=DE-BW-0360b\" target=\"_blank\" rel=\"noreferrer noopener\">DE-BW-0360b<\/a><\/td><\/tr><tr><td>3 - Herzenbachsattel<\/td><td>437 m<\/td><td><a href=\"\/it\/util\/geo\/visu.php\/?code=DE-BW-0437\" target=\"_blank\" rel=\"noreferrer noopener\">DE-BW-0437<\/a><\/td><\/tr><tr><td>4 - Eck<\/td><td>345 m<\/td><td><a href=\"\/it\/util\/geo\/visu.php\/?code=DE-BW-0345\" target=\"_blank\" rel=\"noreferrer noopener\">DE-BW-0345<\/a><\/td><\/tr><tr><td>5 - Heugrabeneck<\/td><td>442 m<\/td><td><a href=\"\/it\/util\/geo\/visu.php\/?code=DE-BW-0442\" target=\"_blank\" rel=\"noreferrer noopener\">DE-BW-0442<\/a><\/td><\/tr><tr><td>6 - M\u00fchlsteineck<\/td><td>560 m<\/td><td><a href=\"\/it\/util\/geo\/visu.php\/?code=DE-BW-0560\" target=\"_blank\" rel=\"noreferrer noopener\">DE-BW-0560<\/a><\/td><\/tr><tr><td>7 - Baierseck<\/td><td>639 m<\/td><td><a href=\"\/it\/util\/geo\/visu.php\/?code=DE-BW-0639a\" target=\"_blank\" rel=\"noreferrer noopener\">DE-BW-0639a<\/a><\/td><\/tr><tr><td>8 - Collo di cavallo<\/td><td>609 m<\/td><td><a href=\"\/it\/util\/geo\/visu.php\/?code=DE-BW-0609\" target=\"_blank\" rel=\"noreferrer noopener\">DE-BW-0609<\/a><\/td><\/tr><tr><td>9 - Simmesebene<\/td><td>602 m<\/td><td><a href=\"\/it\/util\/geo\/visu.php\/?code=DE-BW-0602\" target=\"_blank\" rel=\"noreferrer noopener\">DE-BW-0602<\/a><\/td><\/tr><tr><td>10 - Maileseckle<\/td><td>390 m<\/td><td><a href=\"\/it\/util\/geo\/visu.php\/?code=DE-BW-0415\" target=\"_blank\" rel=\"noreferrer noopener\">DE-BW-0415<\/a><\/td><\/tr><tr><td>11 - Schwaibacher Eck<\/td><td>474 m<\/td><td><a href=\"\/it\/util\/geo\/visu.php\/?code=DE-BW-0474\" target=\"_blank\" rel=\"noreferrer noopener\">DE-BW-0474<\/a><\/td><\/tr><\/tbody><\/table><\/figure>\n\n\n\n<p><strong>Parole chiave<\/strong> Foresta Nera, Gengenbach, Biberach, centole<\/p>\n\n\n\n<p>Link Openrunner, mappa interattiva, profilo, traccia : <a href=\"https:\/\/www.openrunner.com\/route-details\/16536584\" target=\"_blank\" rel=\"noreferrer noopener\">https:\/\/www.openrunner.com\/route-details\/16536584<\/a><\/p>\n\n\n\n<p>Questo itinerario \u00e8 offerto a titolo puramente indicativo. L'autore non si assume alcuna responsabilit\u00e0, n\u00e9 quella del Club des Cent Cols, per eventuali imponderabilit\u00e0 dovute al ciclista stesso, all'equipaggiamento utilizzato o a qualsiasi cosa abbia a che fare con la strada, le piste e i sentieri, i loro dintorni o altri utenti.<\/p>\n\n\n\n<div style=\"height:30px\" aria-hidden=\"true\" class=\"wp-block-spacer\"><\/div>\n\n\n\n<h2 class=\"wp-block-heading\">Foto<\/h2>\n\n\n\n<figure class=\"wp-block-gallery has-nested-images columns-4 is-cropped wp-block-gallery-1 is-layout-flex wp-block-gallery-is-layout-flex\">\n<figure class=\"wp-block-image size-large\"><a href=\"https:\/\/centcols.org\/wp-content\/uploads\/2025\/05\/Photo1Biberach-Est.jpg\"><img loading=\"lazy\" decoding=\"async\" width=\"1000\" height=\"750\" data-id=\"82428\" src=\"https:\/\/centcols.org\/wp-content\/uploads\/2025\/05\/Photo1Biberach-Est.jpg\" alt=\"\" class=\"wp-image-82428\" srcset=\"https:\/\/centcols.org\/wp-content\/uploads\/2025\/05\/Photo1Biberach-Est.jpg 1000w, https:\/\/centcols.org\/wp-content\/uploads\/2025\/05\/Photo1Biberach-Est-768x576.jpg 768w\" sizes=\"auto, (max-width: 1000px) 100vw, 1000px\" \/><\/a><\/figure>\n\n\n\n<figure class=\"wp-block-image size-large\"><a href=\"https:\/\/centcols.org\/wp-content\/uploads\/2025\/05\/Photo2Biberach-Est.jpg\"><img loading=\"lazy\" decoding=\"async\" width=\"1000\" height=\"750\" data-id=\"82429\" src=\"https:\/\/centcols.org\/wp-content\/uploads\/2025\/05\/Photo2Biberach-Est.jpg\" alt=\"\" class=\"wp-image-82429\" srcset=\"https:\/\/centcols.org\/wp-content\/uploads\/2025\/05\/Photo2Biberach-Est.jpg 1000w, https:\/\/centcols.org\/wp-content\/uploads\/2025\/05\/Photo2Biberach-Est-768x576.jpg 768w\" sizes=\"auto, (max-width: 1000px) 100vw, 1000px\" \/><\/a><\/figure>\n\n\n\n<figure class=\"wp-block-image size-large\"><a href=\"https:\/\/centcols.org\/wp-content\/uploads\/2025\/05\/Photo3Biberach-Est.jpg\"><img loading=\"lazy\" decoding=\"async\" width=\"1000\" height=\"750\" data-id=\"82430\" src=\"https:\/\/centcols.org\/wp-content\/uploads\/2025\/05\/Photo3Biberach-Est.jpg\" alt=\"\" class=\"wp-image-82430\" srcset=\"https:\/\/centcols.org\/wp-content\/uploads\/2025\/05\/Photo3Biberach-Est.jpg 1000w, https:\/\/centcols.org\/wp-content\/uploads\/2025\/05\/Photo3Biberach-Est-768x576.jpg 768w\" sizes=\"auto, (max-width: 1000px) 100vw, 1000px\" \/><\/a><\/figure>\n\n\n\n<figure class=\"wp-block-image size-large\"><a href=\"https:\/\/centcols.org\/wp-content\/uploads\/2023\/08\/Statue-900x12001-1.jpg\"><img loading=\"lazy\" decoding=\"async\" width=\"900\" height=\"1200\" data-id=\"89791\" src=\"https:\/\/centcols.org\/wp-content\/uploads\/2023\/08\/Statue-900x12001-1.jpg\" alt=\"\" class=\"wp-image-89791\" srcset=\"https:\/\/centcols.org\/wp-content\/uploads\/2023\/08\/Statue-900x12001-1.jpg 900w, https:\/\/centcols.org\/wp-content\/uploads\/2023\/08\/Statue-900x12001-1-768x1024.jpg 768w, https:\/\/centcols.org\/wp-content\/uploads\/2023\/08\/Statue-900x12001-1-9x12.jpg 9w\" sizes=\"auto, (max-width: 900px) 100vw, 900px\" \/><\/a><\/figure>\n\n\n\n<figure class=\"wp-block-image size-large\"><a href=\"https:\/\/centcols.org\/wp-content\/uploads\/2023\/08\/Biberach-Vue-generale-1.jpg\"><img loading=\"lazy\" decoding=\"async\" width=\"1576\" height=\"1024\" data-id=\"82856\" src=\"https:\/\/centcols.org\/wp-content\/uploads\/2023\/08\/Biberach-Vue-generale-1.jpg\" alt=\"\" class=\"wp-image-82856\" srcset=\"https:\/\/centcols.org\/wp-content\/uploads\/2023\/08\/Biberach-Vue-generale-1.jpg 1576w, https:\/\/centcols.org\/wp-content\/uploads\/2023\/08\/Biberach-Vue-generale-1-1200x780.jpg 1200w, https:\/\/centcols.org\/wp-content\/uploads\/2023\/08\/Biberach-Vue-generale-1-768x499.jpg 768w, https:\/\/centcols.org\/wp-content\/uploads\/2023\/08\/Biberach-Vue-generale-1-1536x998.jpg 1536w\" sizes=\"auto, (max-width: 1576px) 100vw, 1576px\" \/><\/a><figcaption class=\"wp-element-caption\">Biberach, vista generale<\/figcaption><\/figure>\n\n\n\n<figure class=\"wp-block-image size-large\"><a href=\"https:\/\/centcols.org\/wp-content\/uploads\/2023\/08\/image-7.jpeg\"><img loading=\"lazy\" decoding=\"async\" width=\"776\" height=\"488\" data-id=\"94674\" src=\"https:\/\/centcols.org\/wp-content\/uploads\/2023\/08\/image-7.jpeg\" alt=\"\" class=\"wp-image-94674\" srcset=\"https:\/\/centcols.org\/wp-content\/uploads\/2023\/08\/image-7.jpeg 776w, https:\/\/centcols.org\/wp-content\/uploads\/2023\/08\/image-7-768x483.jpeg 768w, https:\/\/centcols.org\/wp-content\/uploads\/2023\/08\/image-7-18x12.jpeg 18w\" sizes=\"auto, (max-width: 776px) 100vw, 776px\" \/><\/a><figcaption class=\"wp-element-caption\">Badeck<\/figcaption><\/figure>\n\n\n\n<figure class=\"wp-block-image size-large\"><a href=\"https:\/\/centcols.org\/wp-content\/uploads\/2023\/08\/image-8.jpeg\"><img loading=\"lazy\" decoding=\"async\" width=\"795\" height=\"486\" data-id=\"94675\" src=\"https:\/\/centcols.org\/wp-content\/uploads\/2023\/08\/image-8.jpeg\" alt=\"\" class=\"wp-image-94675\" srcset=\"https:\/\/centcols.org\/wp-content\/uploads\/2023\/08\/image-8.jpeg 795w, https:\/\/centcols.org\/wp-content\/uploads\/2023\/08\/image-8-768x469.jpeg 768w, https:\/\/centcols.org\/wp-content\/uploads\/2023\/08\/image-8-18x12.jpeg 18w\" sizes=\"auto, (max-width: 795px) 100vw, 795px\" \/><\/a><figcaption class=\"wp-element-caption\">Maileseckle<\/figcaption><\/figure>\n\n\n\n<figure class=\"wp-block-image size-large\"><a href=\"https:\/\/centcols.org\/wp-content\/uploads\/2023\/08\/image-9.jpeg\"><img loading=\"lazy\" decoding=\"async\" width=\"794\" height=\"534\" data-id=\"94676\" src=\"https:\/\/centcols.org\/wp-content\/uploads\/2023\/08\/image-9.jpeg\" alt=\"\" class=\"wp-image-94676\" srcset=\"https:\/\/centcols.org\/wp-content\/uploads\/2023\/08\/image-9.jpeg 794w, https:\/\/centcols.org\/wp-content\/uploads\/2023\/08\/image-9-768x517.jpeg 768w, https:\/\/centcols.org\/wp-content\/uploads\/2023\/08\/image-9-18x12.jpeg 18w\" sizes=\"auto, (max-width: 794px) 100vw, 794px\" \/><\/a><figcaption class=\"wp-element-caption\"><strong>Schwaibacher Eck<\/strong><\/figcaption><\/figure>\n<\/figure>","protected":false},"excerpt":{"rendered":"<p>Description de l\u2019auteur Auteur : Jean-Luc CeccatoParcours : effectu\u00e9 le 4 septembre 2020D\u00e9part : Biberach. Alt : 240 m. Possibilit\u00e9 de stationnement le long de la Hauptstrasse sur le parking de l\u2019office du tourisme. Descriptif touristique Ce parcours explore le versant est de la rivi\u00e8re Kinzig au-dessus de Biberach et le pourtour de la petite [&hellip;]<\/p>\n","protected":false},"author":3,"featured_media":82854,"comment_status":"open","ping_status":"open","sticky":false,"template":"","format":"standard","meta":{"_acf_changed":false,"footnotes":""},"categories":[302,320,323,220],"tags":[],"class_list":["post-82426","post","type-post","status-publish","format-standard","has-post-thumbnail","hentry","category-parcours-allemagne","category-gravel-type-parcours","category-foret-noire-massif-parcours-membres","category-parcours-membres"],"acf":[],"yoast_head":"<!-- This site is optimized with the Yoast SEO plugin v27.2 - https:\/\/yoast.com\/product\/yoast-seo-wordpress\/ -->\n<title>DE-BW For\u00eat-Noire Biberach est - Gravel 41\u00a0km, D+ 1250\u00a0m, 11 cols - Club des Cent Cols<\/title>\n<meta name=\"robots\" content=\"index, follow, max-snippet:-1, max-image-preview:large, max-video-preview:-1\" \/>\n<link rel=\"canonical\" href=\"https:\/\/centcols.org\/it\/bw-foret-noire-biberach-est-gravel\/\" \/>\n<meta property=\"og:locale\" content=\"it_IT\" \/>\n<meta property=\"og:type\" content=\"article\" \/>\n<meta property=\"og:title\" content=\"DE-BW For\u00eat-Noire Biberach est - Gravel 41\u00a0km, D+ 1250\u00a0m, 11 cols - Club des Cent Cols\" \/>\n<meta property=\"og:description\" content=\"Description de l\u2019auteur Auteur : Jean-Luc CeccatoParcours : effectu\u00e9 le 4 septembre 2020D\u00e9part : Biberach. Alt : 240 m. Possibilit\u00e9 de stationnement le long de la Hauptstrasse sur le parking de l\u2019office du tourisme. Descriptif touristique Ce parcours explore le versant est de la rivi\u00e8re Kinzig au-dessus de Biberach et le pourtour de la petite [&hellip;]\" \/>\n<meta property=\"og:url\" content=\"https:\/\/centcols.org\/it\/bw-foret-noire-biberach-est-gravel\/\" \/>\n<meta property=\"og:site_name\" content=\"Club des Cent Cols\" \/>\n<meta property=\"article:publisher\" content=\"https:\/\/www.facebook.com\/groups\/5261880558\/?locale=fr_FR\" \/>\n<meta property=\"article:published_time\" content=\"2023-08-24T19:12:08+00:00\" \/>\n<meta property=\"article:modified_time\" content=\"2026-03-27T21:31:19+00:00\" \/>\n<meta property=\"og:image\" content=\"https:\/\/centcols.org\/wp-content\/uploads\/2023\/08\/54001.jpg\" \/>\n\t<meta property=\"og:image:width\" content=\"800\" \/>\n\t<meta property=\"og:image:height\" content=\"531\" \/>\n\t<meta property=\"og:image:type\" content=\"image\/jpeg\" \/>\n<meta name=\"author\" content=\"Webmestre\" \/>\n<meta name=\"twitter:card\" content=\"summary_large_image\" \/>\n<meta name=\"twitter:label1\" content=\"Scritto da\" \/>\n\t<meta name=\"twitter:data1\" content=\"Webmestre\" \/>\n\t<meta name=\"twitter:label2\" content=\"Tempo di lettura stimato\" \/>\n\t<meta name=\"twitter:data2\" content=\"4 minuti\" \/>\n<script type=\"application\/ld+json\" class=\"yoast-schema-graph\">{\"@context\":\"https:\/\/schema.org\",\"@graph\":[{\"@type\":\"Article\",\"@id\":\"https:\/\/centcols.org\/de-bw-foret-noire-biberach-est-gravel\/#article\",\"isPartOf\":{\"@id\":\"https:\/\/centcols.org\/de-bw-foret-noire-biberach-est-gravel\/\"},\"author\":{\"name\":\"Webmestre\",\"@id\":\"https:\/\/centcols.org\/#\/schema\/person\/911b404fb133d8c913dd27cdcf71c8e5\"},\"headline\":\"DE-BW For\u00eat-Noire Biberach est &#8211; Gravel 41\u00a0km, D+ 1250\u00a0m, 11 cols\",\"datePublished\":\"2023-08-24T19:12:08+00:00\",\"dateModified\":\"2026-03-27T21:31:19+00:00\",\"mainEntityOfPage\":{\"@id\":\"https:\/\/centcols.org\/de-bw-foret-noire-biberach-est-gravel\/\"},\"wordCount\":332,\"commentCount\":0,\"publisher\":{\"@id\":\"https:\/\/centcols.org\/#organization\"},\"image\":{\"@id\":\"https:\/\/centcols.org\/de-bw-foret-noire-biberach-est-gravel\/#primaryimage\"},\"thumbnailUrl\":\"https:\/\/centcols.org\/wp-content\/uploads\/2023\/08\/54001.jpg\",\"articleSection\":[\"Parcours Allemagne\",\"Gravel\",\"For\u00eat-Noire\",\"Parcours membres\"],\"inLanguage\":\"it-IT\",\"potentialAction\":[{\"@type\":\"CommentAction\",\"name\":\"Comment\",\"target\":[\"https:\/\/centcols.org\/de-bw-foret-noire-biberach-est-gravel\/#respond\"]}]},{\"@type\":\"WebPage\",\"@id\":\"https:\/\/centcols.org\/de-bw-foret-noire-biberach-est-gravel\/\",\"url\":\"https:\/\/centcols.org\/de-bw-foret-noire-biberach-est-gravel\/\",\"name\":\"DE-BW For\u00eat-Noire Biberach est - Gravel 41\u00a0km, D+ 1250\u00a0m, 11 cols - Club des Cent Cols\",\"isPartOf\":{\"@id\":\"https:\/\/centcols.org\/#website\"},\"primaryImageOfPage\":{\"@id\":\"https:\/\/centcols.org\/de-bw-foret-noire-biberach-est-gravel\/#primaryimage\"},\"image\":{\"@id\":\"https:\/\/centcols.org\/de-bw-foret-noire-biberach-est-gravel\/#primaryimage\"},\"thumbnailUrl\":\"https:\/\/centcols.org\/wp-content\/uploads\/2023\/08\/54001.jpg\",\"datePublished\":\"2023-08-24T19:12:08+00:00\",\"dateModified\":\"2026-03-27T21:31:19+00:00\",\"breadcrumb\":{\"@id\":\"https:\/\/centcols.org\/de-bw-foret-noire-biberach-est-gravel\/#breadcrumb\"},\"inLanguage\":\"it-IT\",\"potentialAction\":[{\"@type\":\"ReadAction\",\"target\":[\"https:\/\/centcols.org\/de-bw-foret-noire-biberach-est-gravel\/\"]}]},{\"@type\":\"ImageObject\",\"inLanguage\":\"it-IT\",\"@id\":\"https:\/\/centcols.org\/de-bw-foret-noire-biberach-est-gravel\/#primaryimage\",\"url\":\"https:\/\/centcols.org\/wp-content\/uploads\/2023\/08\/54001.jpg\",\"contentUrl\":\"https:\/\/centcols.org\/wp-content\/uploads\/2023\/08\/54001.jpg\",\"width\":800,\"height\":531},{\"@type\":\"BreadcrumbList\",\"@id\":\"https:\/\/centcols.org\/de-bw-foret-noire-biberach-est-gravel\/#breadcrumb\",\"itemListElement\":[{\"@type\":\"ListItem\",\"position\":1,\"name\":\"Accueil\",\"item\":\"https:\/\/centcols.org\/\"},{\"@type\":\"ListItem\",\"position\":2,\"name\":\"Parcours membres\",\"item\":\"https:\/\/centcols.org\/rubrique\/parcours-membres\/\"},{\"@type\":\"ListItem\",\"position\":3,\"name\":\"Pays\",\"item\":\"https:\/\/centcols.org\/rubrique\/parcours-membres\/pays-parcours-membres\/\"},{\"@type\":\"ListItem\",\"position\":4,\"name\":\"Parcours Allemagne\",\"item\":\"https:\/\/centcols.org\/rubrique\/parcours-membres\/pays-parcours-membres\/parcours-allemagne\/\"},{\"@type\":\"ListItem\",\"position\":5,\"name\":\"DE-BW For\u00eat-Noire Biberach est &#8211; Gravel 41\u00a0km, D+ 1250\u00a0m, 11 cols\"}]},{\"@type\":\"WebSite\",\"@id\":\"https:\/\/centcols.org\/#website\",\"url\":\"https:\/\/centcols.org\/\",\"name\":\"Club des Cent Cols\",\"description\":\"\",\"publisher\":{\"@id\":\"https:\/\/centcols.org\/#organization\"},\"potentialAction\":[{\"@type\":\"SearchAction\",\"target\":{\"@type\":\"EntryPoint\",\"urlTemplate\":\"https:\/\/centcols.org\/?s={search_term_string}\"},\"query-input\":{\"@type\":\"PropertyValueSpecification\",\"valueRequired\":true,\"valueName\":\"search_term_string\"}}],\"inLanguage\":\"it-IT\"},{\"@type\":\"Organization\",\"@id\":\"https:\/\/centcols.org\/#organization\",\"name\":\"Club des Cent Cols\",\"url\":\"https:\/\/centcols.org\/\",\"logo\":{\"@type\":\"ImageObject\",\"inLanguage\":\"it-IT\",\"@id\":\"https:\/\/centcols.org\/#\/schema\/logo\/image\/\",\"url\":\"https:\/\/centcols.org\/wp-content\/uploads\/2025\/01\/carte-icone.png\",\"contentUrl\":\"https:\/\/centcols.org\/wp-content\/uploads\/2025\/01\/carte-icone.png\",\"width\":250,\"height\":250,\"caption\":\"Club des Cent Cols\"},\"image\":{\"@id\":\"https:\/\/centcols.org\/#\/schema\/logo\/image\/\"},\"sameAs\":[\"https:\/\/www.facebook.com\/groups\/5261880558\/?locale=fr_FR\"]},{\"@type\":\"Person\",\"@id\":\"https:\/\/centcols.org\/#\/schema\/person\/911b404fb133d8c913dd27cdcf71c8e5\",\"name\":\"Webmestre\",\"image\":{\"@type\":\"ImageObject\",\"inLanguage\":\"it-IT\",\"@id\":\"https:\/\/centcols.org\/wp-content\/litespeed\/avatar\/2d246e4b6b4f773e08515e1ffc53690b.jpg?ver=1777222892\",\"url\":\"https:\/\/centcols.org\/wp-content\/litespeed\/avatar\/2d246e4b6b4f773e08515e1ffc53690b.jpg?ver=1777222892\",\"contentUrl\":\"https:\/\/centcols.org\/wp-content\/litespeed\/avatar\/2d246e4b6b4f773e08515e1ffc53690b.jpg?ver=1777222892\",\"caption\":\"Webmestre\"},\"url\":\"https:\/\/centcols.org\/it\/author\/webmestre\/\"}]}<\/script>\n<!-- \/ Yoast SEO plugin. -->","yoast_head_json":{"title":"DE-BW Foresta Nera Biberach est - Sterrato 41 km, D+ 1250 m, 11 passi - Club des Cent Cols","robots":{"index":"index","follow":"follow","max-snippet":"max-snippet:-1","max-image-preview":"max-image-preview:large","max-video-preview":"max-video-preview:-1"},"canonical":"https:\/\/centcols.org\/it\/bw-foret-noire-biberach-est-gravel\/","og_locale":"it_IT","og_type":"article","og_title":"DE-BW For\u00eat-Noire Biberach est - Gravel 41\u00a0km, D+ 1250\u00a0m, 11 cols - Club des Cent Cols","og_description":"Description de l\u2019auteur Auteur : Jean-Luc CeccatoParcours : effectu\u00e9 le 4 septembre 2020D\u00e9part : Biberach. Alt : 240 m. Possibilit\u00e9 de stationnement le long de la Hauptstrasse sur le parking de l\u2019office du tourisme. Descriptif touristique Ce parcours explore le versant est de la rivi\u00e8re Kinzig au-dessus de Biberach et le pourtour de la petite [&hellip;]","og_url":"https:\/\/centcols.org\/it\/bw-foret-noire-biberach-est-gravel\/","og_site_name":"Club des Cent Cols","article_publisher":"https:\/\/www.facebook.com\/groups\/5261880558\/?locale=fr_FR","article_published_time":"2023-08-24T19:12:08+00:00","article_modified_time":"2026-03-27T21:31:19+00:00","og_image":[{"width":800,"height":531,"url":"https:\/\/centcols.org\/wp-content\/uploads\/2023\/08\/54001.jpg","type":"image\/jpeg"}],"author":"Webmestre","twitter_card":"summary_large_image","twitter_misc":{"Scritto da":"Webmestre","Tempo di lettura stimato":"4 minuti"},"schema":{"@context":"https:\/\/schema.org","@graph":[{"@type":"Article","@id":"https:\/\/centcols.org\/de-bw-foret-noire-biberach-est-gravel\/#article","isPartOf":{"@id":"https:\/\/centcols.org\/de-bw-foret-noire-biberach-est-gravel\/"},"author":{"name":"Webmestre","@id":"https:\/\/centcols.org\/#\/schema\/person\/911b404fb133d8c913dd27cdcf71c8e5"},"headline":"DE-BW For\u00eat-Noire Biberach est &#8211; Gravel 41\u00a0km, D+ 1250\u00a0m, 11 cols","datePublished":"2023-08-24T19:12:08+00:00","dateModified":"2026-03-27T21:31:19+00:00","mainEntityOfPage":{"@id":"https:\/\/centcols.org\/de-bw-foret-noire-biberach-est-gravel\/"},"wordCount":332,"commentCount":0,"publisher":{"@id":"https:\/\/centcols.org\/#organization"},"image":{"@id":"https:\/\/centcols.org\/de-bw-foret-noire-biberach-est-gravel\/#primaryimage"},"thumbnailUrl":"https:\/\/centcols.org\/wp-content\/uploads\/2023\/08\/54001.jpg","articleSection":["Parcours Allemagne","Gravel","For\u00eat-Noire","Parcours membres"],"inLanguage":"it-IT","potentialAction":[{"@type":"CommentAction","name":"Comment","target":["https:\/\/centcols.org\/de-bw-foret-noire-biberach-est-gravel\/#respond"]}]},{"@type":"WebPage","@id":"https:\/\/centcols.org\/de-bw-foret-noire-biberach-est-gravel\/","url":"https:\/\/centcols.org\/de-bw-foret-noire-biberach-est-gravel\/","name":"DE-BW Foresta Nera Biberach est - Sterrato 41 km, D+ 1250 m, 11 passi - Club des Cent Cols","isPartOf":{"@id":"https:\/\/centcols.org\/#website"},"primaryImageOfPage":{"@id":"https:\/\/centcols.org\/de-bw-foret-noire-biberach-est-gravel\/#primaryimage"},"image":{"@id":"https:\/\/centcols.org\/de-bw-foret-noire-biberach-est-gravel\/#primaryimage"},"thumbnailUrl":"https:\/\/centcols.org\/wp-content\/uploads\/2023\/08\/54001.jpg","datePublished":"2023-08-24T19:12:08+00:00","dateModified":"2026-03-27T21:31:19+00:00","breadcrumb":{"@id":"https:\/\/centcols.org\/de-bw-foret-noire-biberach-est-gravel\/#breadcrumb"},"inLanguage":"it-IT","potentialAction":[{"@type":"ReadAction","target":["https:\/\/centcols.org\/de-bw-foret-noire-biberach-est-gravel\/"]}]},{"@type":"ImageObject","inLanguage":"it-IT","@id":"https:\/\/centcols.org\/de-bw-foret-noire-biberach-est-gravel\/#primaryimage","url":"https:\/\/centcols.org\/wp-content\/uploads\/2023\/08\/54001.jpg","contentUrl":"https:\/\/centcols.org\/wp-content\/uploads\/2023\/08\/54001.jpg","width":800,"height":531},{"@type":"BreadcrumbList","@id":"https:\/\/centcols.org\/de-bw-foret-noire-biberach-est-gravel\/#breadcrumb","itemListElement":[{"@type":"ListItem","position":1,"name":"Accueil","item":"https:\/\/centcols.org\/"},{"@type":"ListItem","position":2,"name":"Parcours membres","item":"https:\/\/centcols.org\/rubrique\/parcours-membres\/"},{"@type":"ListItem","position":3,"name":"Pays","item":"https:\/\/centcols.org\/rubrique\/parcours-membres\/pays-parcours-membres\/"},{"@type":"ListItem","position":4,"name":"Parcours Allemagne","item":"https:\/\/centcols.org\/rubrique\/parcours-membres\/pays-parcours-membres\/parcours-allemagne\/"},{"@type":"ListItem","position":5,"name":"DE-BW For\u00eat-Noire Biberach est &#8211; Gravel 41\u00a0km, D+ 1250\u00a0m, 11 cols"}]},{"@type":"WebSite","@id":"https:\/\/centcols.org\/#website","url":"https:\/\/centcols.org\/","name":"Club des Cent Cols","description":"","publisher":{"@id":"https:\/\/centcols.org\/#organization"},"potentialAction":[{"@type":"SearchAction","target":{"@type":"EntryPoint","urlTemplate":"https:\/\/centcols.org\/?s={search_term_string}"},"query-input":{"@type":"PropertyValueSpecification","valueRequired":true,"valueName":"search_term_string"}}],"inLanguage":"it-IT"},{"@type":"Organization","@id":"https:\/\/centcols.org\/#organization","name":"Club des Cent Cols","url":"https:\/\/centcols.org\/","logo":{"@type":"ImageObject","inLanguage":"it-IT","@id":"https:\/\/centcols.org\/#\/schema\/logo\/image\/","url":"https:\/\/centcols.org\/wp-content\/uploads\/2025\/01\/carte-icone.png","contentUrl":"https:\/\/centcols.org\/wp-content\/uploads\/2025\/01\/carte-icone.png","width":250,"height":250,"caption":"Club des Cent Cols"},"image":{"@id":"https:\/\/centcols.org\/#\/schema\/logo\/image\/"},"sameAs":["https:\/\/www.facebook.com\/groups\/5261880558\/?locale=fr_FR"]},{"@type":"Person","@id":"https:\/\/centcols.org\/#\/schema\/person\/911b404fb133d8c913dd27cdcf71c8e5","name":"Webmaster","image":{"@type":"ImageObject","inLanguage":"it-IT","@id":"https:\/\/centcols.org\/wp-content\/litespeed\/avatar\/2d246e4b6b4f773e08515e1ffc53690b.jpg?ver=1777222892","url":"https:\/\/centcols.org\/wp-content\/litespeed\/avatar\/2d246e4b6b4f773e08515e1ffc53690b.jpg?ver=1777222892","contentUrl":"https:\/\/centcols.org\/wp-content\/litespeed\/avatar\/2d246e4b6b4f773e08515e1ffc53690b.jpg?ver=1777222892","caption":"Webmestre"},"url":"https:\/\/centcols.org\/it\/author\/webmestre\/"}]}},"_links":{"self":[{"href":"https:\/\/centcols.org\/it\/wp-json\/wp\/v2\/posts\/82426","targetHints":{"allow":["GET"]}}],"collection":[{"href":"https:\/\/centcols.org\/it\/wp-json\/wp\/v2\/posts"}],"about":[{"href":"https:\/\/centcols.org\/it\/wp-json\/wp\/v2\/types\/post"}],"author":[{"embeddable":true,"href":"https:\/\/centcols.org\/it\/wp-json\/wp\/v2\/users\/3"}],"replies":[{"embeddable":true,"href":"https:\/\/centcols.org\/it\/wp-json\/wp\/v2\/comments?post=82426"}],"version-history":[{"count":0,"href":"https:\/\/centcols.org\/it\/wp-json\/wp\/v2\/posts\/82426\/revisions"}],"wp:featuredmedia":[{"embeddable":true,"href":"https:\/\/centcols.org\/it\/wp-json\/wp\/v2\/media\/82854"}],"wp:attachment":[{"href":"https:\/\/centcols.org\/it\/wp-json\/wp\/v2\/media?parent=82426"}],"wp:term":[{"taxonomy":"category","embeddable":true,"href":"https:\/\/centcols.org\/it\/wp-json\/wp\/v2\/categories?post=82426"},{"taxonomy":"post_tag","embeddable":true,"href":"https:\/\/centcols.org\/it\/wp-json\/wp\/v2\/tags?post=82426"}],"curies":[{"name":"wp","href":"https:\/\/api.w.org\/{rel}","templated":true}]}}