{"id":82434,"date":"2023-08-22T15:35:05","date_gmt":"2023-08-22T13:35:05","guid":{"rendered":"https:\/\/centcols.org\/de-bw-foret-noire-buchenbach-gravel-61-km-d-1360-m-10-cols\/"},"modified":"2026-03-28T00:03:59","modified_gmt":"2026-03-27T22:03:59","slug":"ghiaia-di-bw-foret-noire-buchenbach","status":"publish","type":"post","link":"https:\/\/centcols.org\/it\/de-bw-foret-noire-buchenbach-gravel\/","title":{"rendered":"DE-BW Foresta Nera Buchenbach - Ghiaia 61 km, D+ 1360 m, 10 passaggi"},"content":{"rendered":"<iframe width=\"100%\" height=\"650\" loading=\"lazy\" src=\"https:\/\/www.openrunner.com\/embed\/676e48783361323436716d304e666c436e52456d575157336d43446754427569743148546f3851564a53633d3a3acd3316c710a9b0a9aef104d41369f240?unit=metric\" style=\"border: none;\"><\/iframe>\n\n\n\n<div style=\"height:30px\" aria-hidden=\"true\" class=\"wp-block-spacer\"><\/div>\n\n\n\n<h2 class=\"wp-block-heading\">Descrizione dell'autore<\/h2>\n\n\n\n<p><strong>Autore <\/strong>Jean-Luc Ceccato<br><strong>Corso<\/strong> effettuata il 12 giugno 2022<br><strong>Partenza<\/strong> Da: Buchenbach, presso un piccolo parcheggio al centro del paese sulla Hauptstrasse, poco prima della chiesa. Alt: 450 m.<\/p>\n\n\n\n<div style=\"height:30px\" aria-hidden=\"true\" class=\"wp-block-spacer\"><\/div>\n\n\n\n<h2 class=\"wp-block-heading\">Informazioni turistiche<\/h2>\n\n\n\n<p>Buchenbach si affaccia sulla vasta pianura del Dreisam, un affluente del Reno. Il percorso si snoda attraverso la pianura prima di salire sul massiccio che domina la citt\u00e0 di Friburgo in Brisgovia.<br>Ci sono molti punti di vista sul programma!<\/p>\n\n\n\n<div style=\"height:30px\" aria-hidden=\"true\" class=\"wp-block-spacer\"><\/div>\n\n\n\n<h2 class=\"wp-block-heading\">Specifiche tecniche<\/h2>\n\n\n\n<p>Questo percorso non \u00e8 difficile ed \u00e8 stato completato su ghiaia.<br>Si tratta di un percorso di circa 30% di bellissime stradine ondulate e il resto su strade asfaltate. Come per la maggior parte dei percorsi nella Foresta Nera, ci sono spesso pendenze piuttosto elevate.<\/p>\n\n\n\n<div style=\"height:30px\" aria-hidden=\"true\" class=\"wp-block-spacer\"><\/div>\n\n\n\n<p><strong>10 collari<\/strong><\/p>\n\n\n\n<figure class=\"wp-block-table tableau-cols\"><table class=\"has-background\" style=\"background-color:#f0f0f0\"><tbody><tr><td>1 - Hirzbergsattel<\/td><td>387 m<\/td><td><a href=\"\/it\/util\/geo\/visu.php\/?code=DE-BW-0397\" target=\"_blank\" rel=\"noreferrer noopener\">DE-BW-0397<\/a><\/td><\/tr><tr><td>2 - Albergo Schlossbergsattel<\/td><td>439 m<\/td><td><a href=\"https:\/\/centcols.org\/it\/util\/geo\/visu.php\/?code=DE-BW-0439b\" target=\"_blank\" rel=\"noreferrer noopener\">DE-BW-0439b<\/a><\/td><\/tr><tr><td>3 - Stazione di servizio Rosskopfsattel<\/td><td>587 m<\/td><td><a href=\"\/it\/util\/geo\/visu.php\/?code=DE-BW-0587a\" target=\"_blank\" rel=\"noreferrer noopener\">DE-BW 0587a<\/a><\/td><\/tr><tr><td>4 - Breiteplatz<\/td><td>425 m<\/td><td><a href=\"\/it\/util\/geo\/visu.php\/?code=DE-BW-0425\" target=\"_blank\" rel=\"noreferrer noopener\">DE-BW-0425<\/a><\/td><\/tr><tr><td>5 - Geisterplatz<\/td><td>468 m<\/td><td><a href=\"\/it\/util\/geo\/visu.php\/?code=DE-BW-0468\" target=\"_blank\" rel=\"noreferrer noopener\">DE-BW-0468<\/a><\/td><\/tr><tr><td>6 - Lupetto<\/td><td>735 m<\/td><td><a href=\"\/it\/util\/geo\/visu.php\/?code=DE-BW-0735a\" target=\"_blank\" rel=\"noreferrer noopener\">DE-BW-0735a<\/a><\/td><\/tr><tr><td>7 - Hanissenh\u00f6he<\/td><td>724 m<\/td><td><a href=\"\/it\/util\/geo\/visu.php\/?code=DE-BW-0724\" target=\"_blank\" rel=\"noreferrer noopener\">DE-BW-0724<\/a><\/td><\/tr><tr><td>8 - Bellecksattel<\/td><td>765 m<\/td><td><a href=\"\/it\/util\/geo\/visu.php\/?code=DE-BW-0765\" target=\"_blank\" rel=\"noreferrer noopener\">DE-BW-0765<\/a><\/td><\/tr><tr><td>9 - Kappeneck<\/td><td>675 m<\/td><td><a href=\"\/it\/util\/geo\/visu.php\/?code=DE-BW-0675a\" target=\"_blank\" rel=\"noreferrer noopener\">DE-BW-0675a<\/a><\/td><\/tr><tr><td>10 - Wiesnecksattel<\/td><td>492 m<\/td><td><a href=\"\/it\/util\/geo\/visu.php\/?code=DE-BW-0492a\" target=\"_blank\" rel=\"noreferrer noopener\">DE-BW-0492a<\/a><\/td><\/tr><\/tbody><\/table><\/figure>\n\n\n\n<p><strong>Parole chiave<\/strong> Buchenbach, Friburgo in Brisgovia, Dreisam, Foresta Nera, centole<\/p>\n\n\n\n<p>Link Openrunner, mappa interattiva, profilo, traccia : <a href=\"https:\/\/www.openrunner.com\/route-details\/16432063\" target=\"_blank\" rel=\"noreferrer noopener\">https:\/\/www.openrunner.com\/route-details\/16432063<\/a><\/p>\n\n\n\n<p>Questo itinerario \u00e8 offerto a titolo puramente indicativo. L'autore non si assume alcuna responsabilit\u00e0, n\u00e9 quella del Club des Cent Cols, per eventuali imponderabilit\u00e0 dovute al ciclista stesso, all'equipaggiamento utilizzato o a qualsiasi cosa abbia a che fare con la strada, le piste e i sentieri, i loro dintorni o altri utenti.<\/p>\n\n\n\n<div style=\"height:30px\" aria-hidden=\"true\" class=\"wp-block-spacer\"><\/div>\n\n\n\n<h2 class=\"wp-block-heading\">Foto<\/h2>\n\n\n\n<figure class=\"wp-block-gallery has-nested-images columns-4 is-cropped wp-block-gallery-1 is-layout-flex wp-block-gallery-is-layout-flex\">\n<figure class=\"wp-block-image size-large\"><a href=\"https:\/\/centcols.org\/wp-content\/uploads\/2023\/08\/Vue-sur-Freiburg1.jpg\"><img loading=\"lazy\" decoding=\"async\" width=\"1920\" height=\"1440\" data-id=\"82857\" src=\"https:\/\/centcols.org\/wp-content\/uploads\/2023\/08\/Vue-sur-Freiburg1-1920x1440.jpg\" alt=\"\" class=\"wp-image-82857\" srcset=\"https:\/\/centcols.org\/wp-content\/uploads\/2023\/08\/Vue-sur-Freiburg1-1920x1440.jpg 1920w, https:\/\/centcols.org\/wp-content\/uploads\/2023\/08\/Vue-sur-Freiburg1-1200x900.jpg 1200w, https:\/\/centcols.org\/wp-content\/uploads\/2023\/08\/Vue-sur-Freiburg1-768x576.jpg 768w, https:\/\/centcols.org\/wp-content\/uploads\/2023\/08\/Vue-sur-Freiburg1-1536x1152.jpg 1536w, https:\/\/centcols.org\/wp-content\/uploads\/2023\/08\/Vue-sur-Freiburg1-2048x1536.jpg 2048w\" sizes=\"auto, (max-width: 1920px) 100vw, 1920px\" \/><\/a><figcaption class=\"wp-element-caption\">Vista su Friburgo in Brisgovia<\/figcaption><\/figure>\n\n\n\n<figure class=\"wp-block-image size-large\"><a href=\"https:\/\/centcols.org\/wp-content\/uploads\/2023\/08\/Plaine-de-la-Greisam-1200x9001-1.jpg\"><img loading=\"lazy\" decoding=\"async\" width=\"1200\" height=\"900\" data-id=\"89797\" src=\"https:\/\/centcols.org\/wp-content\/uploads\/2023\/08\/Plaine-de-la-Greisam-1200x9001-1.jpg\" alt=\"\" class=\"wp-image-89797\" srcset=\"https:\/\/centcols.org\/wp-content\/uploads\/2023\/08\/Plaine-de-la-Greisam-1200x9001-1.jpg 1200w, https:\/\/centcols.org\/wp-content\/uploads\/2023\/08\/Plaine-de-la-Greisam-1200x9001-1-768x576.jpg 768w, https:\/\/centcols.org\/wp-content\/uploads\/2023\/08\/Plaine-de-la-Greisam-1200x9001-1-16x12.jpg 16w\" sizes=\"auto, (max-width: 1200px) 100vw, 1200px\" \/><\/a><figcaption class=\"wp-element-caption\">Pianura di Dreisam<\/figcaption><\/figure>\n\n\n\n<figure class=\"wp-block-image size-large\"><a href=\"https:\/\/centcols.org\/wp-content\/uploads\/2023\/08\/Champetre-1200x9001-1.jpg\"><img loading=\"lazy\" decoding=\"async\" width=\"1200\" height=\"900\" data-id=\"89798\" src=\"https:\/\/centcols.org\/wp-content\/uploads\/2023\/08\/Champetre-1200x9001-1.jpg\" alt=\"\" class=\"wp-image-89798\" srcset=\"https:\/\/centcols.org\/wp-content\/uploads\/2023\/08\/Champetre-1200x9001-1.jpg 1200w, https:\/\/centcols.org\/wp-content\/uploads\/2023\/08\/Champetre-1200x9001-1-768x576.jpg 768w, https:\/\/centcols.org\/wp-content\/uploads\/2023\/08\/Champetre-1200x9001-1-16x12.jpg 16w\" sizes=\"auto, (max-width: 1200px) 100vw, 1200px\" \/><\/a><figcaption class=\"wp-element-caption\">Campagna<\/figcaption><\/figure>\n\n\n\n<figure class=\"wp-block-image size-large\"><a href=\"https:\/\/centcols.org\/wp-content\/uploads\/2023\/08\/Paysages-forestiers-et-champetres-1200x9001-1.jpg\"><img loading=\"lazy\" decoding=\"async\" width=\"1200\" height=\"900\" data-id=\"89799\" src=\"https:\/\/centcols.org\/wp-content\/uploads\/2023\/08\/Paysages-forestiers-et-champetres-1200x9001-1.jpg\" alt=\"\" class=\"wp-image-89799\" srcset=\"https:\/\/centcols.org\/wp-content\/uploads\/2023\/08\/Paysages-forestiers-et-champetres-1200x9001-1.jpg 1200w, https:\/\/centcols.org\/wp-content\/uploads\/2023\/08\/Paysages-forestiers-et-champetres-1200x9001-1-768x576.jpg 768w, https:\/\/centcols.org\/wp-content\/uploads\/2023\/08\/Paysages-forestiers-et-champetres-1200x9001-1-16x12.jpg 16w\" sizes=\"auto, (max-width: 1200px) 100vw, 1200px\" \/><\/a><figcaption class=\"wp-element-caption\">Campagna<\/figcaption><\/figure>\n\n\n\n<figure class=\"wp-block-image size-large\"><a href=\"https:\/\/centcols.org\/wp-content\/uploads\/2023\/08\/Forestier-900x12001-1.jpg\"><img loading=\"lazy\" decoding=\"async\" width=\"900\" height=\"1200\" data-id=\"89800\" src=\"https:\/\/centcols.org\/wp-content\/uploads\/2023\/08\/Forestier-900x12001-1.jpg\" alt=\"\" class=\"wp-image-89800\" srcset=\"https:\/\/centcols.org\/wp-content\/uploads\/2023\/08\/Forestier-900x12001-1.jpg 900w, https:\/\/centcols.org\/wp-content\/uploads\/2023\/08\/Forestier-900x12001-1-768x1024.jpg 768w, https:\/\/centcols.org\/wp-content\/uploads\/2023\/08\/Forestier-900x12001-1-9x12.jpg 9w\" sizes=\"auto, (max-width: 900px) 100vw, 900px\" \/><\/a><figcaption class=\"wp-element-caption\">Paesaggio forestale<\/figcaption><\/figure>\n\n\n\n<figure class=\"wp-block-image size-large\"><a href=\"https:\/\/centcols.org\/wp-content\/uploads\/2023\/08\/Culture-900x12001-1.jpg\"><img loading=\"lazy\" decoding=\"async\" width=\"900\" height=\"1200\" data-id=\"89802\" src=\"https:\/\/centcols.org\/wp-content\/uploads\/2023\/08\/Culture-900x12001-1.jpg\" alt=\"\" class=\"wp-image-89802\" srcset=\"https:\/\/centcols.org\/wp-content\/uploads\/2023\/08\/Culture-900x12001-1.jpg 900w, https:\/\/centcols.org\/wp-content\/uploads\/2023\/08\/Culture-900x12001-1-768x1024.jpg 768w, https:\/\/centcols.org\/wp-content\/uploads\/2023\/08\/Culture-900x12001-1-9x12.jpg 9w\" sizes=\"auto, (max-width: 900px) 100vw, 900px\" \/><\/a><figcaption class=\"wp-element-caption\">Un momento di cultura<\/figcaption><\/figure>\n\n\n\n<figure class=\"wp-block-image size-large\"><a href=\"https:\/\/centcols.org\/wp-content\/uploads\/2023\/08\/Abri-pour-le-randonneur-1200x9001-1.jpg\"><img loading=\"lazy\" decoding=\"async\" width=\"1200\" height=\"900\" data-id=\"89803\" src=\"https:\/\/centcols.org\/wp-content\/uploads\/2023\/08\/Abri-pour-le-randonneur-1200x9001-1.jpg\" alt=\"\" class=\"wp-image-89803\" srcset=\"https:\/\/centcols.org\/wp-content\/uploads\/2023\/08\/Abri-pour-le-randonneur-1200x9001-1.jpg 1200w, https:\/\/centcols.org\/wp-content\/uploads\/2023\/08\/Abri-pour-le-randonneur-1200x9001-1-768x576.jpg 768w, https:\/\/centcols.org\/wp-content\/uploads\/2023\/08\/Abri-pour-le-randonneur-1200x9001-1-16x12.jpg 16w\" sizes=\"auto, (max-width: 1200px) 100vw, 1200px\" \/><\/a><figcaption class=\"wp-element-caption\">Rifugio per escursionisti<\/figcaption><\/figure>\n\n\n\n<figure class=\"wp-block-image size-large\"><a href=\"https:\/\/centcols.org\/wp-content\/uploads\/2023\/08\/image-10.jpeg\"><img loading=\"lazy\" decoding=\"async\" width=\"800\" height=\"531\" data-id=\"94704\" src=\"https:\/\/centcols.org\/wp-content\/uploads\/2023\/08\/image-10.jpeg\" alt=\"\" class=\"wp-image-94704\" srcset=\"https:\/\/centcols.org\/wp-content\/uploads\/2023\/08\/image-10.jpeg 800w, https:\/\/centcols.org\/wp-content\/uploads\/2023\/08\/image-10-768x510.jpeg 768w, https:\/\/centcols.org\/wp-content\/uploads\/2023\/08\/image-10-18x12.jpeg 18w\" sizes=\"auto, (max-width: 800px) 100vw, 800px\" \/><\/a><figcaption class=\"wp-element-caption\">Breiteplatz<\/figcaption><\/figure>\n\n\n\n<figure class=\"wp-block-image size-large\"><a href=\"https:\/\/centcols.org\/wp-content\/uploads\/2023\/08\/image-11.jpeg\"><img loading=\"lazy\" decoding=\"async\" width=\"800\" height=\"531\" data-id=\"94706\" src=\"https:\/\/centcols.org\/wp-content\/uploads\/2023\/08\/image-11.jpeg\" alt=\"\" class=\"wp-image-94706\" srcset=\"https:\/\/centcols.org\/wp-content\/uploads\/2023\/08\/image-11.jpeg 800w, https:\/\/centcols.org\/wp-content\/uploads\/2023\/08\/image-11-768x510.jpeg 768w, https:\/\/centcols.org\/wp-content\/uploads\/2023\/08\/image-11-18x12.jpeg 18w\" sizes=\"auto, (max-width: 800px) 100vw, 800px\" \/><\/a><figcaption class=\"wp-element-caption\">Geisterplatz<\/figcaption><\/figure>\n\n\n\n<figure class=\"wp-block-image size-large\"><a href=\"https:\/\/centcols.org\/wp-content\/uploads\/2023\/08\/image-12.jpeg\"><img loading=\"lazy\" decoding=\"async\" width=\"531\" height=\"800\" data-id=\"94707\" src=\"https:\/\/centcols.org\/wp-content\/uploads\/2023\/08\/image-12.jpeg\" alt=\"\" class=\"wp-image-94707\" srcset=\"https:\/\/centcols.org\/wp-content\/uploads\/2023\/08\/image-12.jpeg 531w, https:\/\/centcols.org\/wp-content\/uploads\/2023\/08\/image-12-8x12.jpeg 8w\" sizes=\"auto, (max-width: 531px) 100vw, 531px\" \/><\/a><figcaption class=\"wp-element-caption\">Lupo di mare<\/figcaption><\/figure>\n\n\n\n<figure class=\"wp-block-image size-large\"><a href=\"https:\/\/centcols.org\/wp-content\/uploads\/2023\/08\/image-13.jpeg\"><img loading=\"lazy\" decoding=\"async\" width=\"800\" height=\"531\" data-id=\"94709\" src=\"https:\/\/centcols.org\/wp-content\/uploads\/2023\/08\/image-13.jpeg\" alt=\"\" class=\"wp-image-94709\" srcset=\"https:\/\/centcols.org\/wp-content\/uploads\/2023\/08\/image-13.jpeg 800w, https:\/\/centcols.org\/wp-content\/uploads\/2023\/08\/image-13-768x510.jpeg 768w, https:\/\/centcols.org\/wp-content\/uploads\/2023\/08\/image-13-18x12.jpeg 18w\" sizes=\"auto, (max-width: 800px) 100vw, 800px\" \/><\/a><figcaption class=\"wp-element-caption\">Bellecksattel<\/figcaption><\/figure>\n\n\n\n<figure class=\"wp-block-image size-large\"><a href=\"https:\/\/centcols.org\/wp-content\/uploads\/2023\/08\/image-15.jpeg\"><img loading=\"lazy\" decoding=\"async\" width=\"800\" height=\"531\" data-id=\"94711\" src=\"https:\/\/centcols.org\/wp-content\/uploads\/2023\/08\/image-15.jpeg\" alt=\"\" class=\"wp-image-94711\" srcset=\"https:\/\/centcols.org\/wp-content\/uploads\/2023\/08\/image-15.jpeg 800w, https:\/\/centcols.org\/wp-content\/uploads\/2023\/08\/image-15-768x510.jpeg 768w, https:\/\/centcols.org\/wp-content\/uploads\/2023\/08\/image-15-18x12.jpeg 18w\" sizes=\"auto, (max-width: 800px) 100vw, 800px\" \/><\/a><figcaption class=\"wp-element-caption\">Wiesnecksattel<\/figcaption><\/figure>\n<\/figure>","protected":false},"excerpt":{"rendered":"<p>Description de l\u2019auteur Auteur : Jean-Luc CeccatoParcours : effectu\u00e9 le 12 juin 2022D\u00e9part : Buchenbach, au niveau d\u2019un petit parking se trouvant au milieu du village sur la Hauptstrasse, juste avant l\u2019\u00e9glise. Alt : 450 m. Descriptif touristique Buchenbach surplombe la vaste plaine de la Dreisam, affluent du Rhin. Le parcours chemine dans la plaine [&hellip;]<\/p>\n","protected":false},"author":3,"featured_media":82857,"comment_status":"open","ping_status":"open","sticky":false,"template":"","format":"standard","meta":{"_acf_changed":false,"footnotes":""},"categories":[302,320,323,220],"tags":[],"class_list":["post-82434","post","type-post","status-publish","format-standard","has-post-thumbnail","hentry","category-parcours-allemagne","category-gravel-type-parcours","category-foret-noire-massif-parcours-membres","category-parcours-membres"],"acf":[],"yoast_head":"<!-- This site is optimized with the Yoast SEO plugin v27.2 - https:\/\/yoast.com\/product\/yoast-seo-wordpress\/ -->\n<title>DE-BW For\u00eat-Noire Buchenbach - Gravel 61 km, D+ 1360 m, 10 cols - Club des Cent Cols<\/title>\n<meta name=\"robots\" content=\"index, follow, max-snippet:-1, max-image-preview:large, max-video-preview:-1\" \/>\n<link rel=\"canonical\" href=\"https:\/\/centcols.org\/it\/ghiaia-di-bw-foret-noire-buchenbach\/\" \/>\n<meta property=\"og:locale\" content=\"it_IT\" \/>\n<meta property=\"og:type\" content=\"article\" \/>\n<meta property=\"og:title\" content=\"DE-BW For\u00eat-Noire Buchenbach - Gravel 61 km, D+ 1360 m, 10 cols - Club des Cent Cols\" \/>\n<meta property=\"og:description\" content=\"Description de l\u2019auteur Auteur : Jean-Luc CeccatoParcours : effectu\u00e9 le 12 juin 2022D\u00e9part : Buchenbach, au niveau d\u2019un petit parking se trouvant au milieu du village sur la Hauptstrasse, juste avant l\u2019\u00e9glise. Alt : 450 m. Descriptif touristique Buchenbach surplombe la vaste plaine de la Dreisam, affluent du Rhin. Le parcours chemine dans la plaine [&hellip;]\" \/>\n<meta property=\"og:url\" content=\"https:\/\/centcols.org\/it\/ghiaia-di-bw-foret-noire-buchenbach\/\" \/>\n<meta property=\"og:site_name\" content=\"Club des Cent Cols\" \/>\n<meta property=\"article:publisher\" content=\"https:\/\/www.facebook.com\/groups\/5261880558\/?locale=fr_FR\" \/>\n<meta property=\"article:published_time\" content=\"2023-08-22T13:35:05+00:00\" \/>\n<meta property=\"article:modified_time\" content=\"2026-03-27T22:03:59+00:00\" \/>\n<meta property=\"og:image\" content=\"https:\/\/centcols.org\/wp-content\/uploads\/2023\/08\/Vue-sur-Freiburg1.jpg\" \/>\n\t<meta property=\"og:image:width\" content=\"2364\" \/>\n\t<meta property=\"og:image:height\" content=\"1773\" \/>\n\t<meta property=\"og:image:type\" content=\"image\/jpeg\" \/>\n<meta name=\"author\" content=\"Webmestre\" \/>\n<meta name=\"twitter:card\" content=\"summary_large_image\" \/>\n<meta name=\"twitter:label1\" content=\"Scritto da\" \/>\n\t<meta name=\"twitter:data1\" content=\"Webmestre\" \/>\n\t<meta name=\"twitter:label2\" content=\"Tempo di lettura stimato\" \/>\n\t<meta name=\"twitter:data2\" content=\"4 minuti\" \/>\n<script type=\"application\/ld+json\" class=\"yoast-schema-graph\">{\"@context\":\"https:\/\/schema.org\",\"@graph\":[{\"@type\":\"Article\",\"@id\":\"https:\/\/centcols.org\/de-bw-foret-noire-buchenbach-gravel\/#article\",\"isPartOf\":{\"@id\":\"https:\/\/centcols.org\/de-bw-foret-noire-buchenbach-gravel\/\"},\"author\":{\"name\":\"Webmestre\",\"@id\":\"https:\/\/centcols.org\/#\/schema\/person\/911b404fb133d8c913dd27cdcf71c8e5\"},\"headline\":\"DE-BW For\u00eat-Noire Buchenbach &#8211; Gravel 61 km, D+ 1360 m, 10 cols\",\"datePublished\":\"2023-08-22T13:35:05+00:00\",\"dateModified\":\"2026-03-27T22:03:59+00:00\",\"mainEntityOfPage\":{\"@id\":\"https:\/\/centcols.org\/de-bw-foret-noire-buchenbach-gravel\/\"},\"wordCount\":289,\"commentCount\":0,\"publisher\":{\"@id\":\"https:\/\/centcols.org\/#organization\"},\"image\":{\"@id\":\"https:\/\/centcols.org\/de-bw-foret-noire-buchenbach-gravel\/#primaryimage\"},\"thumbnailUrl\":\"https:\/\/centcols.org\/wp-content\/uploads\/2023\/08\/Vue-sur-Freiburg1.jpg\",\"articleSection\":[\"Parcours Allemagne\",\"Gravel\",\"For\u00eat-Noire\",\"Parcours membres\"],\"inLanguage\":\"it-IT\",\"potentialAction\":[{\"@type\":\"CommentAction\",\"name\":\"Comment\",\"target\":[\"https:\/\/centcols.org\/de-bw-foret-noire-buchenbach-gravel\/#respond\"]}]},{\"@type\":\"WebPage\",\"@id\":\"https:\/\/centcols.org\/de-bw-foret-noire-buchenbach-gravel\/\",\"url\":\"https:\/\/centcols.org\/de-bw-foret-noire-buchenbach-gravel\/\",\"name\":\"DE-BW For\u00eat-Noire Buchenbach - Gravel 61 km, D+ 1360 m, 10 cols - Club des Cent Cols\",\"isPartOf\":{\"@id\":\"https:\/\/centcols.org\/#website\"},\"primaryImageOfPage\":{\"@id\":\"https:\/\/centcols.org\/de-bw-foret-noire-buchenbach-gravel\/#primaryimage\"},\"image\":{\"@id\":\"https:\/\/centcols.org\/de-bw-foret-noire-buchenbach-gravel\/#primaryimage\"},\"thumbnailUrl\":\"https:\/\/centcols.org\/wp-content\/uploads\/2023\/08\/Vue-sur-Freiburg1.jpg\",\"datePublished\":\"2023-08-22T13:35:05+00:00\",\"dateModified\":\"2026-03-27T22:03:59+00:00\",\"breadcrumb\":{\"@id\":\"https:\/\/centcols.org\/de-bw-foret-noire-buchenbach-gravel\/#breadcrumb\"},\"inLanguage\":\"it-IT\",\"potentialAction\":[{\"@type\":\"ReadAction\",\"target\":[\"https:\/\/centcols.org\/de-bw-foret-noire-buchenbach-gravel\/\"]}]},{\"@type\":\"ImageObject\",\"inLanguage\":\"it-IT\",\"@id\":\"https:\/\/centcols.org\/de-bw-foret-noire-buchenbach-gravel\/#primaryimage\",\"url\":\"https:\/\/centcols.org\/wp-content\/uploads\/2023\/08\/Vue-sur-Freiburg1.jpg\",\"contentUrl\":\"https:\/\/centcols.org\/wp-content\/uploads\/2023\/08\/Vue-sur-Freiburg1.jpg\",\"width\":2364,\"height\":1773},{\"@type\":\"BreadcrumbList\",\"@id\":\"https:\/\/centcols.org\/de-bw-foret-noire-buchenbach-gravel\/#breadcrumb\",\"itemListElement\":[{\"@type\":\"ListItem\",\"position\":1,\"name\":\"Accueil\",\"item\":\"https:\/\/centcols.org\/\"},{\"@type\":\"ListItem\",\"position\":2,\"name\":\"Parcours membres\",\"item\":\"https:\/\/centcols.org\/rubrique\/parcours-membres\/\"},{\"@type\":\"ListItem\",\"position\":3,\"name\":\"Pays\",\"item\":\"https:\/\/centcols.org\/rubrique\/parcours-membres\/pays-parcours-membres\/\"},{\"@type\":\"ListItem\",\"position\":4,\"name\":\"Parcours Allemagne\",\"item\":\"https:\/\/centcols.org\/rubrique\/parcours-membres\/pays-parcours-membres\/parcours-allemagne\/\"},{\"@type\":\"ListItem\",\"position\":5,\"name\":\"DE-BW For\u00eat-Noire Buchenbach &#8211; Gravel 61 km, D+ 1360 m, 10 cols\"}]},{\"@type\":\"WebSite\",\"@id\":\"https:\/\/centcols.org\/#website\",\"url\":\"https:\/\/centcols.org\/\",\"name\":\"Club des Cent Cols\",\"description\":\"\",\"publisher\":{\"@id\":\"https:\/\/centcols.org\/#organization\"},\"potentialAction\":[{\"@type\":\"SearchAction\",\"target\":{\"@type\":\"EntryPoint\",\"urlTemplate\":\"https:\/\/centcols.org\/?s={search_term_string}\"},\"query-input\":{\"@type\":\"PropertyValueSpecification\",\"valueRequired\":true,\"valueName\":\"search_term_string\"}}],\"inLanguage\":\"it-IT\"},{\"@type\":\"Organization\",\"@id\":\"https:\/\/centcols.org\/#organization\",\"name\":\"Club des Cent Cols\",\"url\":\"https:\/\/centcols.org\/\",\"logo\":{\"@type\":\"ImageObject\",\"inLanguage\":\"it-IT\",\"@id\":\"https:\/\/centcols.org\/#\/schema\/logo\/image\/\",\"url\":\"https:\/\/centcols.org\/wp-content\/uploads\/2025\/01\/carte-icone.png\",\"contentUrl\":\"https:\/\/centcols.org\/wp-content\/uploads\/2025\/01\/carte-icone.png\",\"width\":250,\"height\":250,\"caption\":\"Club des Cent Cols\"},\"image\":{\"@id\":\"https:\/\/centcols.org\/#\/schema\/logo\/image\/\"},\"sameAs\":[\"https:\/\/www.facebook.com\/groups\/5261880558\/?locale=fr_FR\"]},{\"@type\":\"Person\",\"@id\":\"https:\/\/centcols.org\/#\/schema\/person\/911b404fb133d8c913dd27cdcf71c8e5\",\"name\":\"Webmestre\",\"image\":{\"@type\":\"ImageObject\",\"inLanguage\":\"it-IT\",\"@id\":\"https:\/\/centcols.org\/wp-content\/litespeed\/avatar\/2d246e4b6b4f773e08515e1ffc53690b.jpg?ver=1777222892\",\"url\":\"https:\/\/centcols.org\/wp-content\/litespeed\/avatar\/2d246e4b6b4f773e08515e1ffc53690b.jpg?ver=1777222892\",\"contentUrl\":\"https:\/\/centcols.org\/wp-content\/litespeed\/avatar\/2d246e4b6b4f773e08515e1ffc53690b.jpg?ver=1777222892\",\"caption\":\"Webmestre\"},\"url\":\"https:\/\/centcols.org\/it\/author\/webmestre\/\"}]}<\/script>\n<!-- \/ Yoast SEO plugin. -->","yoast_head_json":{"title":"DE-BW Foresta Nera Buchenbach - Sterrato 61 km, D+ 1360 m, 10 colli - Club des Cent Cols","robots":{"index":"index","follow":"follow","max-snippet":"max-snippet:-1","max-image-preview":"max-image-preview:large","max-video-preview":"max-video-preview:-1"},"canonical":"https:\/\/centcols.org\/it\/ghiaia-di-bw-foret-noire-buchenbach\/","og_locale":"it_IT","og_type":"article","og_title":"DE-BW For\u00eat-Noire Buchenbach - Gravel 61 km, D+ 1360 m, 10 cols - Club des Cent Cols","og_description":"Description de l\u2019auteur Auteur : Jean-Luc CeccatoParcours : effectu\u00e9 le 12 juin 2022D\u00e9part : Buchenbach, au niveau d\u2019un petit parking se trouvant au milieu du village sur la Hauptstrasse, juste avant l\u2019\u00e9glise. Alt : 450 m. Descriptif touristique Buchenbach surplombe la vaste plaine de la Dreisam, affluent du Rhin. Le parcours chemine dans la plaine [&hellip;]","og_url":"https:\/\/centcols.org\/it\/ghiaia-di-bw-foret-noire-buchenbach\/","og_site_name":"Club des Cent Cols","article_publisher":"https:\/\/www.facebook.com\/groups\/5261880558\/?locale=fr_FR","article_published_time":"2023-08-22T13:35:05+00:00","article_modified_time":"2026-03-27T22:03:59+00:00","og_image":[{"width":2364,"height":1773,"url":"https:\/\/centcols.org\/wp-content\/uploads\/2023\/08\/Vue-sur-Freiburg1.jpg","type":"image\/jpeg"}],"author":"Webmestre","twitter_card":"summary_large_image","twitter_misc":{"Scritto da":"Webmestre","Tempo di lettura stimato":"4 minuti"},"schema":{"@context":"https:\/\/schema.org","@graph":[{"@type":"Article","@id":"https:\/\/centcols.org\/de-bw-foret-noire-buchenbach-gravel\/#article","isPartOf":{"@id":"https:\/\/centcols.org\/de-bw-foret-noire-buchenbach-gravel\/"},"author":{"name":"Webmestre","@id":"https:\/\/centcols.org\/#\/schema\/person\/911b404fb133d8c913dd27cdcf71c8e5"},"headline":"DE-BW For\u00eat-Noire Buchenbach &#8211; Gravel 61 km, D+ 1360 m, 10 cols","datePublished":"2023-08-22T13:35:05+00:00","dateModified":"2026-03-27T22:03:59+00:00","mainEntityOfPage":{"@id":"https:\/\/centcols.org\/de-bw-foret-noire-buchenbach-gravel\/"},"wordCount":289,"commentCount":0,"publisher":{"@id":"https:\/\/centcols.org\/#organization"},"image":{"@id":"https:\/\/centcols.org\/de-bw-foret-noire-buchenbach-gravel\/#primaryimage"},"thumbnailUrl":"https:\/\/centcols.org\/wp-content\/uploads\/2023\/08\/Vue-sur-Freiburg1.jpg","articleSection":["Parcours Allemagne","Gravel","For\u00eat-Noire","Parcours membres"],"inLanguage":"it-IT","potentialAction":[{"@type":"CommentAction","name":"Comment","target":["https:\/\/centcols.org\/de-bw-foret-noire-buchenbach-gravel\/#respond"]}]},{"@type":"WebPage","@id":"https:\/\/centcols.org\/de-bw-foret-noire-buchenbach-gravel\/","url":"https:\/\/centcols.org\/de-bw-foret-noire-buchenbach-gravel\/","name":"DE-BW Foresta Nera Buchenbach - Sterrato 61 km, D+ 1360 m, 10 colli - Club des Cent Cols","isPartOf":{"@id":"https:\/\/centcols.org\/#website"},"primaryImageOfPage":{"@id":"https:\/\/centcols.org\/de-bw-foret-noire-buchenbach-gravel\/#primaryimage"},"image":{"@id":"https:\/\/centcols.org\/de-bw-foret-noire-buchenbach-gravel\/#primaryimage"},"thumbnailUrl":"https:\/\/centcols.org\/wp-content\/uploads\/2023\/08\/Vue-sur-Freiburg1.jpg","datePublished":"2023-08-22T13:35:05+00:00","dateModified":"2026-03-27T22:03:59+00:00","breadcrumb":{"@id":"https:\/\/centcols.org\/de-bw-foret-noire-buchenbach-gravel\/#breadcrumb"},"inLanguage":"it-IT","potentialAction":[{"@type":"ReadAction","target":["https:\/\/centcols.org\/de-bw-foret-noire-buchenbach-gravel\/"]}]},{"@type":"ImageObject","inLanguage":"it-IT","@id":"https:\/\/centcols.org\/de-bw-foret-noire-buchenbach-gravel\/#primaryimage","url":"https:\/\/centcols.org\/wp-content\/uploads\/2023\/08\/Vue-sur-Freiburg1.jpg","contentUrl":"https:\/\/centcols.org\/wp-content\/uploads\/2023\/08\/Vue-sur-Freiburg1.jpg","width":2364,"height":1773},{"@type":"BreadcrumbList","@id":"https:\/\/centcols.org\/de-bw-foret-noire-buchenbach-gravel\/#breadcrumb","itemListElement":[{"@type":"ListItem","position":1,"name":"Accueil","item":"https:\/\/centcols.org\/"},{"@type":"ListItem","position":2,"name":"Parcours membres","item":"https:\/\/centcols.org\/rubrique\/parcours-membres\/"},{"@type":"ListItem","position":3,"name":"Pays","item":"https:\/\/centcols.org\/rubrique\/parcours-membres\/pays-parcours-membres\/"},{"@type":"ListItem","position":4,"name":"Parcours Allemagne","item":"https:\/\/centcols.org\/rubrique\/parcours-membres\/pays-parcours-membres\/parcours-allemagne\/"},{"@type":"ListItem","position":5,"name":"DE-BW For\u00eat-Noire Buchenbach &#8211; Gravel 61 km, D+ 1360 m, 10 cols"}]},{"@type":"WebSite","@id":"https:\/\/centcols.org\/#website","url":"https:\/\/centcols.org\/","name":"Club des Cent Cols","description":"","publisher":{"@id":"https:\/\/centcols.org\/#organization"},"potentialAction":[{"@type":"SearchAction","target":{"@type":"EntryPoint","urlTemplate":"https:\/\/centcols.org\/?s={search_term_string}"},"query-input":{"@type":"PropertyValueSpecification","valueRequired":true,"valueName":"search_term_string"}}],"inLanguage":"it-IT"},{"@type":"Organization","@id":"https:\/\/centcols.org\/#organization","name":"Club des Cent Cols","url":"https:\/\/centcols.org\/","logo":{"@type":"ImageObject","inLanguage":"it-IT","@id":"https:\/\/centcols.org\/#\/schema\/logo\/image\/","url":"https:\/\/centcols.org\/wp-content\/uploads\/2025\/01\/carte-icone.png","contentUrl":"https:\/\/centcols.org\/wp-content\/uploads\/2025\/01\/carte-icone.png","width":250,"height":250,"caption":"Club des Cent Cols"},"image":{"@id":"https:\/\/centcols.org\/#\/schema\/logo\/image\/"},"sameAs":["https:\/\/www.facebook.com\/groups\/5261880558\/?locale=fr_FR"]},{"@type":"Person","@id":"https:\/\/centcols.org\/#\/schema\/person\/911b404fb133d8c913dd27cdcf71c8e5","name":"Webmaster","image":{"@type":"ImageObject","inLanguage":"it-IT","@id":"https:\/\/centcols.org\/wp-content\/litespeed\/avatar\/2d246e4b6b4f773e08515e1ffc53690b.jpg?ver=1777222892","url":"https:\/\/centcols.org\/wp-content\/litespeed\/avatar\/2d246e4b6b4f773e08515e1ffc53690b.jpg?ver=1777222892","contentUrl":"https:\/\/centcols.org\/wp-content\/litespeed\/avatar\/2d246e4b6b4f773e08515e1ffc53690b.jpg?ver=1777222892","caption":"Webmestre"},"url":"https:\/\/centcols.org\/it\/author\/webmestre\/"}]}},"_links":{"self":[{"href":"https:\/\/centcols.org\/it\/wp-json\/wp\/v2\/posts\/82434","targetHints":{"allow":["GET"]}}],"collection":[{"href":"https:\/\/centcols.org\/it\/wp-json\/wp\/v2\/posts"}],"about":[{"href":"https:\/\/centcols.org\/it\/wp-json\/wp\/v2\/types\/post"}],"author":[{"embeddable":true,"href":"https:\/\/centcols.org\/it\/wp-json\/wp\/v2\/users\/3"}],"replies":[{"embeddable":true,"href":"https:\/\/centcols.org\/it\/wp-json\/wp\/v2\/comments?post=82434"}],"version-history":[{"count":0,"href":"https:\/\/centcols.org\/it\/wp-json\/wp\/v2\/posts\/82434\/revisions"}],"wp:featuredmedia":[{"embeddable":true,"href":"https:\/\/centcols.org\/it\/wp-json\/wp\/v2\/media\/82857"}],"wp:attachment":[{"href":"https:\/\/centcols.org\/it\/wp-json\/wp\/v2\/media?parent=82434"}],"wp:term":[{"taxonomy":"category","embeddable":true,"href":"https:\/\/centcols.org\/it\/wp-json\/wp\/v2\/categories?post=82434"},{"taxonomy":"post_tag","embeddable":true,"href":"https:\/\/centcols.org\/it\/wp-json\/wp\/v2\/tags?post=82434"}],"curies":[{"name":"wp","href":"https:\/\/api.w.org\/{rel}","templated":true}]}}