{"id":82435,"date":"2023-08-21T16:14:21","date_gmt":"2023-08-21T14:14:21","guid":{"rendered":"https:\/\/centcols.org\/de-bw-foret-noire-durbach-vtt-gravel-41-km-d-1310-m-12-cols\/"},"modified":"2026-03-28T00:01:26","modified_gmt":"2026-03-27T22:01:26","slug":"de-bw-foret-noire-durbach-gravel","status":"publish","type":"post","link":"https:\/\/centcols.org\/it\/de-bw-foret-noire-durbach-gravel\/","title":{"rendered":"DE-BW Foresta Nera Durbach - Ghiaia 39 km, D+ 1170 m, 12 passaggi"},"content":{"rendered":"<iframe width=\"100%\" height=\"650\" loading=\"lazy\" src=\"https:\/\/www.openrunner.com\/embed\/37336b6a48456256315047396a51464634554e765064785133476d3267445347677a7351345754722f646b3d3a3a80814bd16534b01ac1f8eba79d3878dd?unit=metric\" style=\"border: none;\"><\/iframe>\n\n\n\n<div style=\"height:30px\" aria-hidden=\"true\" class=\"wp-block-spacer\"><\/div>\n\n\n\n<h2 class=\"wp-block-heading\">Descrizione dell'autore<\/h2>\n\n\n\n<p><strong>Autore <\/strong>Jean-Luc Ceccato<br><strong>Corso<\/strong> Da effettuarsi l'11 ottobre 2019<br><strong>Partenza<\/strong> Parcheggio: Durbach. Parcheggio vicino allo stadio nel centro del paese. Alt: 203 m.<\/p>\n\n\n\n<div style=\"height:30px\" aria-hidden=\"true\" class=\"wp-block-spacer\"><\/div>\n\n\n\n<h2 class=\"wp-block-heading\">Informazioni turistiche<\/h2>\n\n\n\n<p>Un breve percorso alla periferia di Offenburg, ai piedi della Foresta Nera. Offrono una serie di viste sui vigneti circostanti.<\/p>\n\n\n\n<div style=\"height:30px\" aria-hidden=\"true\" class=\"wp-block-spacer\"><\/div>\n\n\n\n<h2 class=\"wp-block-heading\">Specifiche tecniche<\/h2>\n\n\n\n<p>Non ci sono difficolt\u00e0 tecniche su questo percorso, con 20% su strade e 80% su piste rotabili; ma l'accesso a Heuberger Eck (DE-BW-0292) avviene attraverso un piccolo sentiero con pendenze piuttosto elevate.<\/p>\n\n\n\n<div style=\"height:30px\" aria-hidden=\"true\" class=\"wp-block-spacer\"><\/div>\n\n\n\n<p><strong>12 collari<\/strong><\/p>\n\n\n\n<figure class=\"wp-block-table tableau-cols\"><table class=\"has-background\" style=\"background-color:#f0f0f0\"><tbody><tr><td>1 - Hilsbacher H\u00f6he<\/td><td>275 m<\/td><td><a href=\"\/it\/util\/geo\/visu.php\/?code=DE-BW-0275\" target=\"_blank\" rel=\"noreferrer noopener\">DE-BW-0275<\/a><\/td><\/tr><tr><td>2 - Altezza della Rohrbacher<\/td><td>280 m<\/td><td><a href=\"\/it\/util\/geo\/visu.php\/?code=DE-BW-0280\" target=\"_blank\" rel=\"noreferrer noopener\">DE-BW-0280<\/a><\/td><\/tr><tr><td>3 - Bottenauer Eck<\/td><td>325 m<\/td><td><a href=\"\/it\/util\/geo\/visu.php\/?code=DE-BW-0325\" target=\"_blank\" rel=\"noreferrer noopener\">DE-BW-0325<\/a><\/td><\/tr><tr><td>4 - Fritscheneck<\/td><td>377 m<\/td><td><a href=\"\/it\/util\/geo\/visu.php\/?code=DE-BW-0377\" target=\"_blank\" rel=\"noreferrer noopener\">DE-BW-0377<\/a><\/td><\/tr><tr><td>5 - Buseck<\/td><td>385 m<\/td><td><a href=\"\/it\/util\/geo\/visu.php\/?code=DE-BW-0385\" target=\"_blank\" rel=\"noreferrer noopener\">DE-BW-0385<\/a><\/td><\/tr><tr><td>6 - Heuberger Eck<\/td><td>292 m<\/td><td><a href=\"\/it\/util\/geo\/visu.php\/?code=DE-BW-0292\" target=\"_blank\" rel=\"noreferrer noopener\">DE-BW-0292<\/a><\/td><\/tr><tr><td>7 - Laibacher Eck<\/td><td>393 m<\/td><td><a href=\"\/it\/util\/geo\/visu.php\/?code=DE-BW-0393\" target=\"_blank\" rel=\"noreferrer noopener\">DE-BW-0393<\/a><\/td><\/tr><tr><td>8 - Schafhof H\u00f6he<\/td><td>386 m<\/td><td><a href=\"\/it\/util\/geo\/visu.php\/?code=DE-BW-0386a\" target=\"_blank\" rel=\"noreferrer noopener\">DE-BW-0386a<\/a><\/td><\/tr><tr><td>9 - St\u00fcrzelbacher H\u00f6he<\/td><td>325 m<\/td><td><a href=\"\/it\/util\/geo\/visu.php\/?code=DE-BW-0325a\" target=\"_blank\" rel=\"noreferrer noopener\">DE-BW-0325a<\/a><\/td><\/tr><tr><td>10 - Albergo per bambini<\/td><td>457 m<\/td><td><a href=\"\/it\/util\/geo\/visu.php\/?code=DE-BW-0480\" target=\"_blank\" rel=\"noreferrer noopener\">DE-BW-0480<\/a><\/td><\/tr><tr><td>11 - Eschholzkopfsattel<\/td><td>566 m<\/td><td><a href=\"\/it\/util\/geo\/visu.php\/?code=DE-BW-0566\" target=\"_blank\" rel=\"noreferrer noopener\">DE-BW-0566<\/a><\/td><\/tr><tr><td>12 - Kreuzebene<\/td><td>256 m<\/td><td><a href=\"\/it\/util\/geo\/visu.php\/?code=DE-BW-0256\" target=\"_blank\" rel=\"noreferrer noopener\">DE-BW-0256<\/a><\/td><\/tr><\/tbody><\/table><\/figure>\n\n\n\n<p><strong>Parole chiave<\/strong> Durbach, Foresta Nera, Baden, Offenburg, Centralols<\/p>\n\n\n\n<p>Link Openrunner, mappa interattiva, profilo, traccia : <a href=\"https:\/\/www.openrunner.com\/route-details\/16528504\" target=\"_blank\" rel=\"noreferrer noopener\">https:\/\/www.openrunner.com\/route-details\/16528504<\/a><\/p>\n\n\n\n<p>Questo itinerario \u00e8 offerto a titolo puramente indicativo. L'autore non si assume alcuna responsabilit\u00e0, n\u00e9 quella del Club des Cent Cols, per eventuali imponderabilit\u00e0 dovute al ciclista stesso, all'equipaggiamento utilizzato o a qualsiasi cosa abbia a che fare con la strada, le piste e i sentieri, i loro dintorni o altri utenti.<\/p>\n\n\n\n<div style=\"height:30px\" aria-hidden=\"true\" class=\"wp-block-spacer\"><\/div>\n\n\n\n<h2 class=\"wp-block-heading\">Foto<\/h2>\n\n\n\n<figure class=\"wp-block-gallery has-nested-images columns-4 is-cropped wp-block-gallery-1 is-layout-flex wp-block-gallery-is-layout-flex\">\n<figure class=\"wp-block-image size-large\"><a href=\"https:\/\/centcols.org\/wp-content\/uploads\/2023\/08\/Durbach-1.jpg\"><img loading=\"lazy\" decoding=\"async\" width=\"548\" height=\"318\" data-id=\"89805\" src=\"https:\/\/centcols.org\/wp-content\/uploads\/2023\/08\/Durbach-1.jpg\" alt=\"\" class=\"wp-image-89805\" srcset=\"https:\/\/centcols.org\/wp-content\/uploads\/2023\/08\/Durbach-1.jpg 548w, https:\/\/centcols.org\/wp-content\/uploads\/2023\/08\/Durbach-1-18x10.jpg 18w\" sizes=\"auto, (max-width: 548px) 100vw, 548px\" \/><\/a><\/figure>\n\n\n\n<figure class=\"wp-block-image size-large\"><a href=\"https:\/\/centcols.org\/wp-content\/uploads\/2023\/08\/image-16.jpeg\"><img loading=\"lazy\" decoding=\"async\" width=\"531\" height=\"800\" data-id=\"94734\" src=\"https:\/\/centcols.org\/wp-content\/uploads\/2023\/08\/image-16.jpeg\" alt=\"\" class=\"wp-image-94734\" srcset=\"https:\/\/centcols.org\/wp-content\/uploads\/2023\/08\/image-16.jpeg 531w, https:\/\/centcols.org\/wp-content\/uploads\/2023\/08\/image-16-8x12.jpeg 8w\" sizes=\"auto, (max-width: 531px) 100vw, 531px\" \/><\/a><figcaption class=\"wp-element-caption\">Hilsbacher H\u00f6he<\/figcaption><\/figure>\n\n\n\n<figure class=\"wp-block-image size-large\"><a href=\"https:\/\/centcols.org\/wp-content\/uploads\/2023\/08\/35011.jpg\"><img loading=\"lazy\" decoding=\"async\" width=\"800\" height=\"532\" data-id=\"82858\" src=\"https:\/\/centcols.org\/wp-content\/uploads\/2023\/08\/35011.jpg\" alt=\"\" class=\"wp-image-82858\" srcset=\"https:\/\/centcols.org\/wp-content\/uploads\/2023\/08\/35011.jpg 800w, https:\/\/centcols.org\/wp-content\/uploads\/2023\/08\/35011-768x511.jpg 768w\" sizes=\"auto, (max-width: 800px) 100vw, 800px\" \/><\/a><figcaption class=\"wp-element-caption\">Rohrbacher H\u00f6he<\/figcaption><\/figure>\n\n\n\n<figure class=\"wp-block-image size-large\"><a href=\"https:\/\/centcols.org\/wp-content\/uploads\/2023\/08\/image-17.jpeg\"><img loading=\"lazy\" decoding=\"async\" width=\"800\" height=\"532\" data-id=\"94737\" src=\"https:\/\/centcols.org\/wp-content\/uploads\/2023\/08\/image-17.jpeg\" alt=\"\" class=\"wp-image-94737\" srcset=\"https:\/\/centcols.org\/wp-content\/uploads\/2023\/08\/image-17.jpeg 800w, https:\/\/centcols.org\/wp-content\/uploads\/2023\/08\/image-17-768x511.jpeg 768w, https:\/\/centcols.org\/wp-content\/uploads\/2023\/08\/image-17-18x12.jpeg 18w\" sizes=\"auto, (max-width: 800px) 100vw, 800px\" \/><\/a><figcaption class=\"wp-element-caption\">Bottenauer Eck<\/figcaption><\/figure>\n\n\n\n<figure class=\"wp-block-image size-large\"><a href=\"https:\/\/centcols.org\/wp-content\/uploads\/2023\/08\/image-18.jpeg\"><img loading=\"lazy\" decoding=\"async\" width=\"800\" height=\"532\" data-id=\"94738\" src=\"https:\/\/centcols.org\/wp-content\/uploads\/2023\/08\/image-18.jpeg\" alt=\"\" class=\"wp-image-94738\" srcset=\"https:\/\/centcols.org\/wp-content\/uploads\/2023\/08\/image-18.jpeg 800w, https:\/\/centcols.org\/wp-content\/uploads\/2023\/08\/image-18-768x511.jpeg 768w, https:\/\/centcols.org\/wp-content\/uploads\/2023\/08\/image-18-18x12.jpeg 18w\" sizes=\"auto, (max-width: 800px) 100vw, 800px\" \/><\/a><figcaption class=\"wp-element-caption\">Fritscheneck<\/figcaption><\/figure>\n\n\n\n<figure class=\"wp-block-image size-large\"><a href=\"https:\/\/centcols.org\/wp-content\/uploads\/2023\/08\/image-19.jpeg\"><img loading=\"lazy\" decoding=\"async\" width=\"800\" height=\"532\" data-id=\"94740\" src=\"https:\/\/centcols.org\/wp-content\/uploads\/2023\/08\/image-19.jpeg\" alt=\"\" class=\"wp-image-94740\" srcset=\"https:\/\/centcols.org\/wp-content\/uploads\/2023\/08\/image-19.jpeg 800w, https:\/\/centcols.org\/wp-content\/uploads\/2023\/08\/image-19-768x511.jpeg 768w, https:\/\/centcols.org\/wp-content\/uploads\/2023\/08\/image-19-18x12.jpeg 18w\" sizes=\"auto, (max-width: 800px) 100vw, 800px\" \/><\/a><figcaption class=\"wp-element-caption\">Buseck<\/figcaption><\/figure>\n\n\n\n<figure class=\"wp-block-image size-large\"><a href=\"https:\/\/centcols.org\/wp-content\/uploads\/2023\/08\/image-20.jpeg\"><img loading=\"lazy\" decoding=\"async\" width=\"800\" height=\"532\" data-id=\"94741\" src=\"https:\/\/centcols.org\/wp-content\/uploads\/2023\/08\/image-20.jpeg\" alt=\"\" class=\"wp-image-94741\" srcset=\"https:\/\/centcols.org\/wp-content\/uploads\/2023\/08\/image-20.jpeg 800w, https:\/\/centcols.org\/wp-content\/uploads\/2023\/08\/image-20-768x511.jpeg 768w, https:\/\/centcols.org\/wp-content\/uploads\/2023\/08\/image-20-18x12.jpeg 18w\" sizes=\"auto, (max-width: 800px) 100vw, 800px\" \/><\/a><figcaption class=\"wp-element-caption\">Heuberger Eck<\/figcaption><\/figure>\n\n\n\n<figure class=\"wp-block-image size-large\"><a href=\"https:\/\/centcols.org\/wp-content\/uploads\/2023\/08\/image-22.jpeg\"><img loading=\"lazy\" decoding=\"async\" width=\"800\" height=\"532\" data-id=\"94743\" src=\"https:\/\/centcols.org\/wp-content\/uploads\/2023\/08\/image-22.jpeg\" alt=\"\" class=\"wp-image-94743\" srcset=\"https:\/\/centcols.org\/wp-content\/uploads\/2023\/08\/image-22.jpeg 800w, https:\/\/centcols.org\/wp-content\/uploads\/2023\/08\/image-22-768x511.jpeg 768w, https:\/\/centcols.org\/wp-content\/uploads\/2023\/08\/image-22-18x12.jpeg 18w\" sizes=\"auto, (max-width: 800px) 100vw, 800px\" \/><\/a><figcaption class=\"wp-element-caption\">Schafhof H\u00f6he<\/figcaption><\/figure>\n\n\n\n<figure class=\"wp-block-image size-large\"><a href=\"https:\/\/centcols.org\/wp-content\/uploads\/2023\/08\/image-23.jpeg\"><img loading=\"lazy\" decoding=\"async\" width=\"531\" height=\"800\" data-id=\"94744\" src=\"https:\/\/centcols.org\/wp-content\/uploads\/2023\/08\/image-23.jpeg\" alt=\"\" class=\"wp-image-94744\" srcset=\"https:\/\/centcols.org\/wp-content\/uploads\/2023\/08\/image-23.jpeg 531w, https:\/\/centcols.org\/wp-content\/uploads\/2023\/08\/image-23-8x12.jpeg 8w\" sizes=\"auto, (max-width: 531px) 100vw, 531px\" \/><\/a><figcaption class=\"wp-element-caption\">St\u00fcrzelbacher H\u00f6he<\/figcaption><\/figure>\n\n\n\n<figure class=\"wp-block-image size-large\"><a href=\"https:\/\/centcols.org\/wp-content\/uploads\/2023\/08\/image-24.jpeg\"><img loading=\"lazy\" decoding=\"async\" width=\"800\" height=\"532\" data-id=\"94745\" src=\"https:\/\/centcols.org\/wp-content\/uploads\/2023\/08\/image-24.jpeg\" alt=\"\" class=\"wp-image-94745\" srcset=\"https:\/\/centcols.org\/wp-content\/uploads\/2023\/08\/image-24.jpeg 800w, https:\/\/centcols.org\/wp-content\/uploads\/2023\/08\/image-24-768x511.jpeg 768w, https:\/\/centcols.org\/wp-content\/uploads\/2023\/08\/image-24-18x12.jpeg 18w\" sizes=\"auto, (max-width: 800px) 100vw, 800px\" \/><\/a><figcaption class=\"wp-element-caption\">Albergo di Heidenknies<\/figcaption><\/figure>\n\n\n\n<figure class=\"wp-block-image size-large\"><a href=\"https:\/\/centcols.org\/wp-content\/uploads\/2023\/08\/image-25.jpeg\"><img loading=\"lazy\" decoding=\"async\" width=\"800\" height=\"532\" data-id=\"94746\" src=\"https:\/\/centcols.org\/wp-content\/uploads\/2023\/08\/image-25.jpeg\" alt=\"\" class=\"wp-image-94746\" srcset=\"https:\/\/centcols.org\/wp-content\/uploads\/2023\/08\/image-25.jpeg 800w, https:\/\/centcols.org\/wp-content\/uploads\/2023\/08\/image-25-768x511.jpeg 768w, https:\/\/centcols.org\/wp-content\/uploads\/2023\/08\/image-25-18x12.jpeg 18w\" sizes=\"auto, (max-width: 800px) 100vw, 800px\" \/><\/a><figcaption class=\"wp-element-caption\">Eschholzkopfsattel<\/figcaption><\/figure>\n\n\n\n<figure class=\"wp-block-image size-large\"><a href=\"https:\/\/centcols.org\/wp-content\/uploads\/2023\/08\/image-26.jpeg\"><img loading=\"lazy\" decoding=\"async\" width=\"800\" height=\"532\" data-id=\"94747\" src=\"https:\/\/centcols.org\/wp-content\/uploads\/2023\/08\/image-26.jpeg\" alt=\"\" class=\"wp-image-94747\" srcset=\"https:\/\/centcols.org\/wp-content\/uploads\/2023\/08\/image-26.jpeg 800w, https:\/\/centcols.org\/wp-content\/uploads\/2023\/08\/image-26-768x511.jpeg 768w, https:\/\/centcols.org\/wp-content\/uploads\/2023\/08\/image-26-18x12.jpeg 18w\" sizes=\"auto, (max-width: 800px) 100vw, 800px\" \/><\/a><figcaption class=\"wp-element-caption\">Kreuzebene<\/figcaption><\/figure>\n<\/figure>","protected":false},"excerpt":{"rendered":"<p>Description de l\u2019auteur Auteur : Jean-Luc CeccatoParcours : effectu\u00e9 le 11 octobre 2019D\u00e9part : Durbach. Aire de stationnement pr\u00e8s du stade au centre du village. Alt : 203 m. Descriptif touristique Petit parcours aux portes de la ville d\u2019Offenburg et dans les premiers contreforts ouest du massif de la For\u00eat-Noire. Ils offrent quelques points de [&hellip;]<\/p>\n","protected":false},"author":3,"featured_media":82858,"comment_status":"open","ping_status":"open","sticky":false,"template":"","format":"standard","meta":{"_acf_changed":false,"footnotes":""},"categories":[302,320,323,220],"tags":[],"class_list":["post-82435","post","type-post","status-publish","format-standard","has-post-thumbnail","hentry","category-parcours-allemagne","category-gravel-type-parcours","category-foret-noire-massif-parcours-membres","category-parcours-membres"],"acf":[],"yoast_head":"<!-- This site is optimized with the Yoast SEO plugin v27.2 - https:\/\/yoast.com\/product\/yoast-seo-wordpress\/ -->\n<title>DE-BW For\u00eat-Noire Durbach - Gravel 39 km, D+ 1170 m, 12 cols - Club des Cent Cols<\/title>\n<meta name=\"robots\" content=\"index, follow, max-snippet:-1, max-image-preview:large, max-video-preview:-1\" \/>\n<link rel=\"canonical\" href=\"https:\/\/centcols.org\/it\/de-bw-foret-noire-durbach-gravel\/\" \/>\n<meta property=\"og:locale\" content=\"it_IT\" \/>\n<meta property=\"og:type\" content=\"article\" \/>\n<meta property=\"og:title\" content=\"DE-BW For\u00eat-Noire Durbach - Gravel 39 km, D+ 1170 m, 12 cols - Club des Cent Cols\" \/>\n<meta property=\"og:description\" content=\"Description de l\u2019auteur Auteur : Jean-Luc CeccatoParcours : effectu\u00e9 le 11 octobre 2019D\u00e9part : Durbach. Aire de stationnement pr\u00e8s du stade au centre du village. Alt : 203 m. Descriptif touristique Petit parcours aux portes de la ville d\u2019Offenburg et dans les premiers contreforts ouest du massif de la For\u00eat-Noire. Ils offrent quelques points de [&hellip;]\" \/>\n<meta property=\"og:url\" content=\"https:\/\/centcols.org\/it\/de-bw-foret-noire-durbach-gravel\/\" \/>\n<meta property=\"og:site_name\" content=\"Club des Cent Cols\" \/>\n<meta property=\"article:publisher\" content=\"https:\/\/www.facebook.com\/groups\/5261880558\/?locale=fr_FR\" \/>\n<meta property=\"article:published_time\" content=\"2023-08-21T14:14:21+00:00\" \/>\n<meta property=\"article:modified_time\" content=\"2026-03-27T22:01:26+00:00\" \/>\n<meta property=\"og:image\" content=\"https:\/\/centcols.org\/wp-content\/uploads\/2023\/08\/35011.jpg\" \/>\n\t<meta property=\"og:image:width\" content=\"800\" \/>\n\t<meta property=\"og:image:height\" content=\"532\" \/>\n\t<meta property=\"og:image:type\" content=\"image\/jpeg\" \/>\n<meta name=\"author\" content=\"Webmestre\" \/>\n<meta name=\"twitter:card\" content=\"summary_large_image\" \/>\n<meta name=\"twitter:label1\" content=\"Scritto da\" \/>\n\t<meta name=\"twitter:data1\" content=\"Webmestre\" \/>\n\t<meta name=\"twitter:label2\" content=\"Tempo di lettura stimato\" \/>\n\t<meta name=\"twitter:data2\" content=\"4 minuti\" \/>\n<script type=\"application\/ld+json\" class=\"yoast-schema-graph\">{\"@context\":\"https:\/\/schema.org\",\"@graph\":[{\"@type\":\"Article\",\"@id\":\"https:\/\/centcols.org\/de-bw-foret-noire-durbach-gravel\/#article\",\"isPartOf\":{\"@id\":\"https:\/\/centcols.org\/de-bw-foret-noire-durbach-gravel\/\"},\"author\":{\"name\":\"Webmestre\",\"@id\":\"https:\/\/centcols.org\/#\/schema\/person\/911b404fb133d8c913dd27cdcf71c8e5\"},\"headline\":\"DE-BW For\u00eat-Noire Durbach &#8211; Gravel 39 km, D+ 1170 m, 12 cols\",\"datePublished\":\"2023-08-21T14:14:21+00:00\",\"dateModified\":\"2026-03-27T22:01:26+00:00\",\"mainEntityOfPage\":{\"@id\":\"https:\/\/centcols.org\/de-bw-foret-noire-durbach-gravel\/\"},\"wordCount\":262,\"commentCount\":0,\"publisher\":{\"@id\":\"https:\/\/centcols.org\/#organization\"},\"image\":{\"@id\":\"https:\/\/centcols.org\/de-bw-foret-noire-durbach-gravel\/#primaryimage\"},\"thumbnailUrl\":\"https:\/\/centcols.org\/wp-content\/uploads\/2023\/08\/35011.jpg\",\"articleSection\":[\"Parcours Allemagne\",\"Gravel\",\"For\u00eat-Noire\",\"Parcours membres\"],\"inLanguage\":\"it-IT\",\"potentialAction\":[{\"@type\":\"CommentAction\",\"name\":\"Comment\",\"target\":[\"https:\/\/centcols.org\/de-bw-foret-noire-durbach-gravel\/#respond\"]}]},{\"@type\":\"WebPage\",\"@id\":\"https:\/\/centcols.org\/de-bw-foret-noire-durbach-gravel\/\",\"url\":\"https:\/\/centcols.org\/de-bw-foret-noire-durbach-gravel\/\",\"name\":\"DE-BW For\u00eat-Noire Durbach - Gravel 39 km, D+ 1170 m, 12 cols - Club des Cent Cols\",\"isPartOf\":{\"@id\":\"https:\/\/centcols.org\/#website\"},\"primaryImageOfPage\":{\"@id\":\"https:\/\/centcols.org\/de-bw-foret-noire-durbach-gravel\/#primaryimage\"},\"image\":{\"@id\":\"https:\/\/centcols.org\/de-bw-foret-noire-durbach-gravel\/#primaryimage\"},\"thumbnailUrl\":\"https:\/\/centcols.org\/wp-content\/uploads\/2023\/08\/35011.jpg\",\"datePublished\":\"2023-08-21T14:14:21+00:00\",\"dateModified\":\"2026-03-27T22:01:26+00:00\",\"breadcrumb\":{\"@id\":\"https:\/\/centcols.org\/de-bw-foret-noire-durbach-gravel\/#breadcrumb\"},\"inLanguage\":\"it-IT\",\"potentialAction\":[{\"@type\":\"ReadAction\",\"target\":[\"https:\/\/centcols.org\/de-bw-foret-noire-durbach-gravel\/\"]}]},{\"@type\":\"ImageObject\",\"inLanguage\":\"it-IT\",\"@id\":\"https:\/\/centcols.org\/de-bw-foret-noire-durbach-gravel\/#primaryimage\",\"url\":\"https:\/\/centcols.org\/wp-content\/uploads\/2023\/08\/35011.jpg\",\"contentUrl\":\"https:\/\/centcols.org\/wp-content\/uploads\/2023\/08\/35011.jpg\",\"width\":800,\"height\":532},{\"@type\":\"BreadcrumbList\",\"@id\":\"https:\/\/centcols.org\/de-bw-foret-noire-durbach-gravel\/#breadcrumb\",\"itemListElement\":[{\"@type\":\"ListItem\",\"position\":1,\"name\":\"Accueil\",\"item\":\"https:\/\/centcols.org\/\"},{\"@type\":\"ListItem\",\"position\":2,\"name\":\"Parcours membres\",\"item\":\"https:\/\/centcols.org\/rubrique\/parcours-membres\/\"},{\"@type\":\"ListItem\",\"position\":3,\"name\":\"Pays\",\"item\":\"https:\/\/centcols.org\/rubrique\/parcours-membres\/pays-parcours-membres\/\"},{\"@type\":\"ListItem\",\"position\":4,\"name\":\"Parcours Allemagne\",\"item\":\"https:\/\/centcols.org\/rubrique\/parcours-membres\/pays-parcours-membres\/parcours-allemagne\/\"},{\"@type\":\"ListItem\",\"position\":5,\"name\":\"DE-BW For\u00eat-Noire Durbach &#8211; Gravel 39 km, D+ 1170 m, 12 cols\"}]},{\"@type\":\"WebSite\",\"@id\":\"https:\/\/centcols.org\/#website\",\"url\":\"https:\/\/centcols.org\/\",\"name\":\"Club des Cent Cols\",\"description\":\"\",\"publisher\":{\"@id\":\"https:\/\/centcols.org\/#organization\"},\"potentialAction\":[{\"@type\":\"SearchAction\",\"target\":{\"@type\":\"EntryPoint\",\"urlTemplate\":\"https:\/\/centcols.org\/?s={search_term_string}\"},\"query-input\":{\"@type\":\"PropertyValueSpecification\",\"valueRequired\":true,\"valueName\":\"search_term_string\"}}],\"inLanguage\":\"it-IT\"},{\"@type\":\"Organization\",\"@id\":\"https:\/\/centcols.org\/#organization\",\"name\":\"Club des Cent Cols\",\"url\":\"https:\/\/centcols.org\/\",\"logo\":{\"@type\":\"ImageObject\",\"inLanguage\":\"it-IT\",\"@id\":\"https:\/\/centcols.org\/#\/schema\/logo\/image\/\",\"url\":\"https:\/\/centcols.org\/wp-content\/uploads\/2025\/01\/carte-icone.png\",\"contentUrl\":\"https:\/\/centcols.org\/wp-content\/uploads\/2025\/01\/carte-icone.png\",\"width\":250,\"height\":250,\"caption\":\"Club des Cent Cols\"},\"image\":{\"@id\":\"https:\/\/centcols.org\/#\/schema\/logo\/image\/\"},\"sameAs\":[\"https:\/\/www.facebook.com\/groups\/5261880558\/?locale=fr_FR\"]},{\"@type\":\"Person\",\"@id\":\"https:\/\/centcols.org\/#\/schema\/person\/911b404fb133d8c913dd27cdcf71c8e5\",\"name\":\"Webmestre\",\"image\":{\"@type\":\"ImageObject\",\"inLanguage\":\"it-IT\",\"@id\":\"https:\/\/centcols.org\/wp-content\/litespeed\/avatar\/2d246e4b6b4f773e08515e1ffc53690b.jpg?ver=1777222892\",\"url\":\"https:\/\/centcols.org\/wp-content\/litespeed\/avatar\/2d246e4b6b4f773e08515e1ffc53690b.jpg?ver=1777222892\",\"contentUrl\":\"https:\/\/centcols.org\/wp-content\/litespeed\/avatar\/2d246e4b6b4f773e08515e1ffc53690b.jpg?ver=1777222892\",\"caption\":\"Webmestre\"},\"url\":\"https:\/\/centcols.org\/it\/author\/webmestre\/\"}]}<\/script>\n<!-- \/ Yoast SEO plugin. -->","yoast_head_json":{"title":"DE-BW Foresta Nera Durbach - Sterrato 39 km, D+ 1170 m, 12 passi - Club des Cent Cols","robots":{"index":"index","follow":"follow","max-snippet":"max-snippet:-1","max-image-preview":"max-image-preview:large","max-video-preview":"max-video-preview:-1"},"canonical":"https:\/\/centcols.org\/it\/de-bw-foret-noire-durbach-gravel\/","og_locale":"it_IT","og_type":"article","og_title":"DE-BW For\u00eat-Noire Durbach - Gravel 39 km, D+ 1170 m, 12 cols - Club des Cent Cols","og_description":"Description de l\u2019auteur Auteur : Jean-Luc CeccatoParcours : effectu\u00e9 le 11 octobre 2019D\u00e9part : Durbach. Aire de stationnement pr\u00e8s du stade au centre du village. Alt : 203 m. Descriptif touristique Petit parcours aux portes de la ville d\u2019Offenburg et dans les premiers contreforts ouest du massif de la For\u00eat-Noire. Ils offrent quelques points de [&hellip;]","og_url":"https:\/\/centcols.org\/it\/de-bw-foret-noire-durbach-gravel\/","og_site_name":"Club des Cent Cols","article_publisher":"https:\/\/www.facebook.com\/groups\/5261880558\/?locale=fr_FR","article_published_time":"2023-08-21T14:14:21+00:00","article_modified_time":"2026-03-27T22:01:26+00:00","og_image":[{"width":800,"height":532,"url":"https:\/\/centcols.org\/wp-content\/uploads\/2023\/08\/35011.jpg","type":"image\/jpeg"}],"author":"Webmestre","twitter_card":"summary_large_image","twitter_misc":{"Scritto da":"Webmestre","Tempo di lettura stimato":"4 minuti"},"schema":{"@context":"https:\/\/schema.org","@graph":[{"@type":"Article","@id":"https:\/\/centcols.org\/de-bw-foret-noire-durbach-gravel\/#article","isPartOf":{"@id":"https:\/\/centcols.org\/de-bw-foret-noire-durbach-gravel\/"},"author":{"name":"Webmestre","@id":"https:\/\/centcols.org\/#\/schema\/person\/911b404fb133d8c913dd27cdcf71c8e5"},"headline":"DE-BW For\u00eat-Noire Durbach &#8211; Gravel 39 km, D+ 1170 m, 12 cols","datePublished":"2023-08-21T14:14:21+00:00","dateModified":"2026-03-27T22:01:26+00:00","mainEntityOfPage":{"@id":"https:\/\/centcols.org\/de-bw-foret-noire-durbach-gravel\/"},"wordCount":262,"commentCount":0,"publisher":{"@id":"https:\/\/centcols.org\/#organization"},"image":{"@id":"https:\/\/centcols.org\/de-bw-foret-noire-durbach-gravel\/#primaryimage"},"thumbnailUrl":"https:\/\/centcols.org\/wp-content\/uploads\/2023\/08\/35011.jpg","articleSection":["Parcours Allemagne","Gravel","For\u00eat-Noire","Parcours membres"],"inLanguage":"it-IT","potentialAction":[{"@type":"CommentAction","name":"Comment","target":["https:\/\/centcols.org\/de-bw-foret-noire-durbach-gravel\/#respond"]}]},{"@type":"WebPage","@id":"https:\/\/centcols.org\/de-bw-foret-noire-durbach-gravel\/","url":"https:\/\/centcols.org\/de-bw-foret-noire-durbach-gravel\/","name":"DE-BW Foresta Nera Durbach - Sterrato 39 km, D+ 1170 m, 12 passi - Club des Cent Cols","isPartOf":{"@id":"https:\/\/centcols.org\/#website"},"primaryImageOfPage":{"@id":"https:\/\/centcols.org\/de-bw-foret-noire-durbach-gravel\/#primaryimage"},"image":{"@id":"https:\/\/centcols.org\/de-bw-foret-noire-durbach-gravel\/#primaryimage"},"thumbnailUrl":"https:\/\/centcols.org\/wp-content\/uploads\/2023\/08\/35011.jpg","datePublished":"2023-08-21T14:14:21+00:00","dateModified":"2026-03-27T22:01:26+00:00","breadcrumb":{"@id":"https:\/\/centcols.org\/de-bw-foret-noire-durbach-gravel\/#breadcrumb"},"inLanguage":"it-IT","potentialAction":[{"@type":"ReadAction","target":["https:\/\/centcols.org\/de-bw-foret-noire-durbach-gravel\/"]}]},{"@type":"ImageObject","inLanguage":"it-IT","@id":"https:\/\/centcols.org\/de-bw-foret-noire-durbach-gravel\/#primaryimage","url":"https:\/\/centcols.org\/wp-content\/uploads\/2023\/08\/35011.jpg","contentUrl":"https:\/\/centcols.org\/wp-content\/uploads\/2023\/08\/35011.jpg","width":800,"height":532},{"@type":"BreadcrumbList","@id":"https:\/\/centcols.org\/de-bw-foret-noire-durbach-gravel\/#breadcrumb","itemListElement":[{"@type":"ListItem","position":1,"name":"Accueil","item":"https:\/\/centcols.org\/"},{"@type":"ListItem","position":2,"name":"Parcours membres","item":"https:\/\/centcols.org\/rubrique\/parcours-membres\/"},{"@type":"ListItem","position":3,"name":"Pays","item":"https:\/\/centcols.org\/rubrique\/parcours-membres\/pays-parcours-membres\/"},{"@type":"ListItem","position":4,"name":"Parcours Allemagne","item":"https:\/\/centcols.org\/rubrique\/parcours-membres\/pays-parcours-membres\/parcours-allemagne\/"},{"@type":"ListItem","position":5,"name":"DE-BW For\u00eat-Noire Durbach &#8211; Gravel 39 km, D+ 1170 m, 12 cols"}]},{"@type":"WebSite","@id":"https:\/\/centcols.org\/#website","url":"https:\/\/centcols.org\/","name":"Club des Cent Cols","description":"","publisher":{"@id":"https:\/\/centcols.org\/#organization"},"potentialAction":[{"@type":"SearchAction","target":{"@type":"EntryPoint","urlTemplate":"https:\/\/centcols.org\/?s={search_term_string}"},"query-input":{"@type":"PropertyValueSpecification","valueRequired":true,"valueName":"search_term_string"}}],"inLanguage":"it-IT"},{"@type":"Organization","@id":"https:\/\/centcols.org\/#organization","name":"Club des Cent Cols","url":"https:\/\/centcols.org\/","logo":{"@type":"ImageObject","inLanguage":"it-IT","@id":"https:\/\/centcols.org\/#\/schema\/logo\/image\/","url":"https:\/\/centcols.org\/wp-content\/uploads\/2025\/01\/carte-icone.png","contentUrl":"https:\/\/centcols.org\/wp-content\/uploads\/2025\/01\/carte-icone.png","width":250,"height":250,"caption":"Club des Cent Cols"},"image":{"@id":"https:\/\/centcols.org\/#\/schema\/logo\/image\/"},"sameAs":["https:\/\/www.facebook.com\/groups\/5261880558\/?locale=fr_FR"]},{"@type":"Person","@id":"https:\/\/centcols.org\/#\/schema\/person\/911b404fb133d8c913dd27cdcf71c8e5","name":"Webmaster","image":{"@type":"ImageObject","inLanguage":"it-IT","@id":"https:\/\/centcols.org\/wp-content\/litespeed\/avatar\/2d246e4b6b4f773e08515e1ffc53690b.jpg?ver=1777222892","url":"https:\/\/centcols.org\/wp-content\/litespeed\/avatar\/2d246e4b6b4f773e08515e1ffc53690b.jpg?ver=1777222892","contentUrl":"https:\/\/centcols.org\/wp-content\/litespeed\/avatar\/2d246e4b6b4f773e08515e1ffc53690b.jpg?ver=1777222892","caption":"Webmestre"},"url":"https:\/\/centcols.org\/it\/author\/webmestre\/"}]}},"_links":{"self":[{"href":"https:\/\/centcols.org\/it\/wp-json\/wp\/v2\/posts\/82435","targetHints":{"allow":["GET"]}}],"collection":[{"href":"https:\/\/centcols.org\/it\/wp-json\/wp\/v2\/posts"}],"about":[{"href":"https:\/\/centcols.org\/it\/wp-json\/wp\/v2\/types\/post"}],"author":[{"embeddable":true,"href":"https:\/\/centcols.org\/it\/wp-json\/wp\/v2\/users\/3"}],"replies":[{"embeddable":true,"href":"https:\/\/centcols.org\/it\/wp-json\/wp\/v2\/comments?post=82435"}],"version-history":[{"count":0,"href":"https:\/\/centcols.org\/it\/wp-json\/wp\/v2\/posts\/82435\/revisions"}],"wp:featuredmedia":[{"embeddable":true,"href":"https:\/\/centcols.org\/it\/wp-json\/wp\/v2\/media\/82858"}],"wp:attachment":[{"href":"https:\/\/centcols.org\/it\/wp-json\/wp\/v2\/media?parent=82435"}],"wp:term":[{"taxonomy":"category","embeddable":true,"href":"https:\/\/centcols.org\/it\/wp-json\/wp\/v2\/categories?post=82435"},{"taxonomy":"post_tag","embeddable":true,"href":"https:\/\/centcols.org\/it\/wp-json\/wp\/v2\/tags?post=82435"}],"curies":[{"name":"wp","href":"https:\/\/api.w.org\/{rel}","templated":true}]}}