{"id":82436,"date":"2023-07-15T16:44:17","date_gmt":"2023-07-15T14:44:17","guid":{"rendered":"https:\/\/centcols.org\/fr-2a-la-montagne-de-cagna-vtt-22-km-d-530-m-5-cols\/"},"modified":"2025-09-12T18:57:43","modified_gmt":"2025-09-12T16:57:43","slug":"en-2a-la-montagne-de-cagna-mountain-bike-22-km-d-530-m-5-passi","status":"publish","type":"post","link":"https:\/\/centcols.org\/it\/fr-2a-la-montagne-de-cagna-vtt-22-km-d-530-m-5-cols\/","title":{"rendered":"FR-2A La montagne de Cagna - MTB 22 km, D+ 530 m, 5 passi"},"content":{"rendered":"<iframe width=\"100%\" height=\"650\" loading=\"lazy\" src=\"https:\/\/www.openrunner.com\/embed\/4971506130646459534d6f536e565056796777384850756a52525662576e34612f73744e306977364739453d3a3aa0e3e8103f745ce70e855ebd2b013d9b?unit=metric\" style=\"border: none;\"><\/iframe>\n\n\n\n<h2 class=\"wp-block-heading\">Descrizione dell'autore<\/h2>\n\n\n\n<p><strong>Autore&nbsp;<\/strong>Bernard Giraudeau<\/p>\n\n\n\n<p><strong>Corso<\/strong>&nbsp;Completato nel maggio 2022<\/p>\n\n\n\n<p><strong>Partenza<\/strong>&nbsp;D22: 4 km in linea d'aria a nord di Figari, sulla D22 prendere la CV in direzione Vallicelo e parcheggiare 200 m pi\u00f9 avanti sulla pista in direzione nord (lasciando spazio sufficiente per i residenti e le macchine agricole). Altezza: 57 m<\/p>\n\n\n\n<h2 class=\"wp-block-heading\">Informazioni turistiche<\/h2>\n\n\n\n<p>Il percorso sale verso le pendici della Montagne de Cagna, passando per le pittoresche frazioni di Piscia e Vacca. Da qui, la vista precipita verso la Plaine de Figari. Il ritorno avviene su un antico sentiero ancestrale da Borivoli. Dalla Bocca di Foggi, la vista \u00e8 sul Golfo di Porto-Vecchio.<\/p>\n\n\n\n<p class=\"has-medium-font-size\"><strong><span style=\"font-size: 14px; font-family: arial, helvetica, sans-serif;\">5 collari <\/span><\/strong><\/p>\n\n\n\n<figure class=\"wp-block-table is-style-stripes\"><table class=\"has-fixed-layout\"><tbody><tr><td>Bocca d'Arjola<br>Bocca di a Crusciatoggia<br>Col de Colombanu<br>Bocca di Foggi<br>Bocca di Piaggiola<\/td><td><a href=\"https:\/\/centcols.org\/it\/util\/geo\/visu.php\/?code=FR-2A-0359\" target=\"_blank\" rel=\"noreferrer noopener\">FR-2A-0359<\/a><br><a href=\"https:\/\/centcols.org\/it\/util\/geo\/visu.php\/?code=FR-2A-0357\" target=\"_blank\" rel=\"noreferrer noopener\">FR-2A-0357<\/a><br><a href=\"https:\/\/centcols.org\/it\/util\/geo\/visu.php\/?code=FR-2A-0367\" target=\"_blank\" rel=\"noreferrer noopener\">FR-2A-0367<\/a><br><a href=\"https:\/\/centcols.org\/it\/util\/geo\/visu.php\/?code=FR-2A-0333c\" target=\"_blank\" rel=\"noreferrer noopener\">R-2A-0333c<\/a><br><a href=\"https:\/\/centcols.org\/it\/util\/geo\/visu.php\/?code=FR-2A-0253\" target=\"_blank\" rel=\"noreferrer noopener\">FR-2A-0253<\/a><\/td><\/tr><\/tbody><\/table><\/figure>\n\n\n\n<h2 class=\"wp-block-heading\">Specifiche tecniche<\/h2>\n\n\n\n<p>Una strada asfaltata all'andata, poi un sentiero quasi pianeggiante, il ritorno sulla strada, un tratto di scalinata a Burovoli, un sentiero pi\u00f9 o meno ondulato e una pista completano questo itinerario molto eclettico.<\/p>\n\n\n\n<p><strong>Parole chiave<\/strong>&nbsp;Montagna di Cagna, Piscia, Vacca, Burivoli, Figari, centole<\/p>\n\n\n\n<p><strong>Collegamento a Openrunner, mappa interattiva, profilo, traccia gpx<\/strong>&nbsp;:<br><a href=\"https:\/\/www.openrunner.com\/route-details\/16432078\" target=\"_blank\" rel=\"noreferrer noopener\"><strong>https:\/\/www.openrunner.com\/route-details\/16432078<\/strong><\/a><\/p>\n\n\n\n<p>Questo itinerario \u00e8 offerto a titolo puramente indicativo. L'autore non si assume alcuna responsabilit\u00e0, n\u00e9 quella del Club des Cent Cols, per eventuali imponderabilit\u00e0 dovute al ciclista stesso, all'equipaggiamento utilizzato o a qualsiasi cosa abbia a che fare con la strada, le piste e i sentieri, i loro dintorni o altri utenti.<\/p>\n\n\n\n<h2 class=\"wp-block-heading\">Foto<\/h2>\n\n\n<div class=\"wp-block-image\">\n<figure class=\"aligncenter size-full is-resized\"><a href=\"https:\/\/centcols.org\/wp-content\/uploads\/2023\/07\/Vieux-chemin-a-Burivoli.jpg\"><img loading=\"lazy\" decoding=\"async\" width=\"1200\" height=\"900\" src=\"https:\/\/centcols.org\/wp-content\/uploads\/2023\/07\/Vieux-chemin-a-Burivoli.jpg\" alt=\"\" class=\"wp-image-89904\" style=\"aspect-ratio:1;width:800px\" srcset=\"https:\/\/centcols.org\/wp-content\/uploads\/2023\/07\/Vieux-chemin-a-Burivoli.jpg 1200w, https:\/\/centcols.org\/wp-content\/uploads\/2023\/07\/Vieux-chemin-a-Burivoli-768x576.jpg 768w, https:\/\/centcols.org\/wp-content\/uploads\/2023\/07\/Vieux-chemin-a-Burivoli-16x12.jpg 16w\" sizes=\"auto, (max-width: 1200px) 100vw, 1200px\" \/><\/a><figcaption class=\"wp-element-caption\"><strong>La vecchia strada di Burivoli<\/strong><\/figcaption><\/figure>\n<\/div>\n\n<div class=\"wp-block-image\">\n<figure class=\"aligncenter size-full is-resized\"><a href=\"https:\/\/centcols.org\/wp-content\/uploads\/2023\/07\/Plaine-de-Figari.jpg\"><img loading=\"lazy\" decoding=\"async\" width=\"1200\" height=\"864\" src=\"https:\/\/centcols.org\/wp-content\/uploads\/2023\/07\/Plaine-de-Figari.jpg\" alt=\"\" class=\"wp-image-89905\" style=\"width:800px\" srcset=\"https:\/\/centcols.org\/wp-content\/uploads\/2023\/07\/Plaine-de-Figari.jpg 1200w, https:\/\/centcols.org\/wp-content\/uploads\/2023\/07\/Plaine-de-Figari-768x553.jpg 768w, https:\/\/centcols.org\/wp-content\/uploads\/2023\/07\/Plaine-de-Figari-18x12.jpg 18w\" sizes=\"auto, (max-width: 1200px) 100vw, 1200px\" \/><\/a><figcaption class=\"wp-element-caption\"><strong>Vista sulla piana di Figari<\/strong><\/figcaption><\/figure>\n<\/div>\n\n<div class=\"wp-block-image\">\n<figure class=\"aligncenter size-full is-resized\"><a href=\"https:\/\/centcols.org\/wp-content\/uploads\/2023\/07\/Moulin-en-ruine-900x12001-1.jpg\"><img loading=\"lazy\" decoding=\"async\" width=\"900\" height=\"1200\" src=\"https:\/\/centcols.org\/wp-content\/uploads\/2023\/07\/Moulin-en-ruine-900x12001-1.jpg\" alt=\"\" class=\"wp-image-89907\" style=\"width:auto;height:600px\" srcset=\"https:\/\/centcols.org\/wp-content\/uploads\/2023\/07\/Moulin-en-ruine-900x12001-1.jpg 900w, https:\/\/centcols.org\/wp-content\/uploads\/2023\/07\/Moulin-en-ruine-900x12001-1-768x1024.jpg 768w, https:\/\/centcols.org\/wp-content\/uploads\/2023\/07\/Moulin-en-ruine-900x12001-1-9x12.jpg 9w\" sizes=\"auto, (max-width: 900px) 100vw, 900px\" \/><\/a><figcaption class=\"wp-element-caption\"><strong>Rudere del mulino della Cucciarella<\/strong><\/figcaption><\/figure>\n<\/div>\n\n<div class=\"wp-block-image\">\n<figure class=\"aligncenter size-large is-resized\"><img decoding=\"async\" src=\"https:\/\/centcols.org\/util\/geo\/visu\/FR\/img\/1341\/1002.jpg\" alt=\"\" style=\"width:800px\"\/><figcaption class=\"wp-element-caption\"><strong>Bocca d'Arjola<\/strong><\/figcaption><\/figure>\n<\/div>\n\n<div class=\"wp-block-image\">\n<figure class=\"aligncenter size-large is-resized\"><img decoding=\"async\" src=\"https:\/\/centcols.org\/util\/geo\/visu\/FR\/img\/1341\/0800.jpg\" alt=\"\" style=\"width:800px\"\/><figcaption class=\"wp-element-caption\"><strong>Bocca di a Crusciatoggia<\/strong><\/figcaption><\/figure>\n<\/div>\n\n<div class=\"wp-block-image\">\n<figure class=\"aligncenter size-large is-resized\"><img decoding=\"async\" src=\"https:\/\/centcols.org\/util\/geo\/visu\/FR\/img\/1341\/1201.jpg\" alt=\"\" style=\"width:800px\"\/><figcaption class=\"wp-element-caption\"><strong>Col de Colombanu<\/strong><\/figcaption><\/figure>\n<\/div>\n\n<div class=\"wp-block-image\">\n<figure class=\"aligncenter size-large is-resized\"><img decoding=\"async\" src=\"https:\/\/centcols.org\/util\/geo\/visu\/FR\/img\/1341\/0400.jpg\" alt=\"\" style=\"width:800px\"\/><figcaption class=\"wp-element-caption\"><strong>Bocca di Foggi<\/strong><\/figcaption><\/figure>\n<\/div>","protected":false},"excerpt":{"rendered":"<p>Description de l&rsquo;auteur Auteur&nbsp;: Bernard Giraudeau Parcours&nbsp;: effectu\u00e9 en mai 2022 D\u00e9part&nbsp;: \u00e0 4 km \u00e0 vol d\u2019oiseau&nbsp;au nord de&nbsp;Figari, sur la D22 prendre le CV direction Vallicelo et se garer 200 m plus loin sur la piste allant plein nord (en laissant un passage suffisant pour les riverains et machines agricoles). Alt&nbsp;: 57 m [&hellip;]<\/p>\n","protected":false},"author":3,"featured_media":82882,"comment_status":"open","ping_status":"open","sticky":false,"template":"","format":"standard","meta":{"_acf_changed":false,"footnotes":""},"categories":[303,319,331,327,326,220],"tags":[],"class_list":["post-82436","post","type-post","status-publish","format-standard","has-post-thumbnail","hentry","category-parcours-france","category-vtt-type-parcours","category-corse-region-parcours-membres","category-corse-massif-parcours-membres","category-corse-departement","category-parcours-membres"],"acf":[],"yoast_head":"<!-- This site is optimized with the Yoast SEO plugin v27.2 - https:\/\/yoast.com\/product\/yoast-seo-wordpress\/ -->\n<title>FR-2A La montagne de Cagna - VTT 22 km, D+ 530 m, 5 cols - Club des Cent Cols<\/title>\n<meta name=\"robots\" content=\"index, follow, max-snippet:-1, max-image-preview:large, max-video-preview:-1\" \/>\n<link rel=\"canonical\" href=\"https:\/\/centcols.org\/it\/en-2a-la-montagne-de-cagna-mountain-bike-22-km-d-530-m-5-passi\/\" \/>\n<meta property=\"og:locale\" content=\"it_IT\" \/>\n<meta property=\"og:type\" content=\"article\" \/>\n<meta property=\"og:title\" content=\"FR-2A La montagne de Cagna - VTT 22 km, D+ 530 m, 5 cols - Club des Cent Cols\" \/>\n<meta property=\"og:description\" content=\"Description de l&rsquo;auteur Auteur&nbsp;: Bernard Giraudeau Parcours&nbsp;: effectu\u00e9 en mai 2022 D\u00e9part&nbsp;: \u00e0 4 km \u00e0 vol d\u2019oiseau&nbsp;au nord de&nbsp;Figari, sur la D22 prendre le CV direction Vallicelo et se garer 200 m plus loin sur la piste allant plein nord (en laissant un passage suffisant pour les riverains et machines agricoles). Alt&nbsp;: 57 m [&hellip;]\" \/>\n<meta property=\"og:url\" content=\"https:\/\/centcols.org\/it\/en-2a-la-montagne-de-cagna-mountain-bike-22-km-d-530-m-5-passi\/\" \/>\n<meta property=\"og:site_name\" content=\"Club des Cent Cols\" \/>\n<meta property=\"article:publisher\" content=\"https:\/\/www.facebook.com\/groups\/5261880558\/?locale=fr_FR\" \/>\n<meta property=\"article:published_time\" content=\"2023-07-15T14:44:17+00:00\" \/>\n<meta property=\"article:modified_time\" content=\"2025-09-12T16:57:43+00:00\" \/>\n<meta property=\"og:image\" content=\"https:\/\/centcols.org\/wp-content\/uploads\/2023\/07\/08001.jpg\" \/>\n\t<meta property=\"og:image:width\" content=\"773\" \/>\n\t<meta property=\"og:image:height\" content=\"434\" \/>\n\t<meta property=\"og:image:type\" content=\"image\/jpeg\" \/>\n<meta name=\"author\" content=\"Webmestre\" \/>\n<meta name=\"twitter:card\" content=\"summary_large_image\" \/>\n<meta name=\"twitter:label1\" content=\"Scritto da\" \/>\n\t<meta name=\"twitter:data1\" content=\"Webmestre\" \/>\n\t<meta name=\"twitter:label2\" content=\"Tempo di lettura stimato\" \/>\n\t<meta name=\"twitter:data2\" content=\"3 minuti\" \/>\n<script type=\"application\/ld+json\" class=\"yoast-schema-graph\">{\"@context\":\"https:\/\/schema.org\",\"@graph\":[{\"@type\":\"Article\",\"@id\":\"https:\/\/centcols.org\/fr-2a-la-montagne-de-cagna-vtt-22-km-d-530-m-5-cols\/#article\",\"isPartOf\":{\"@id\":\"https:\/\/centcols.org\/fr-2a-la-montagne-de-cagna-vtt-22-km-d-530-m-5-cols\/\"},\"author\":{\"name\":\"Webmestre\",\"@id\":\"https:\/\/centcols.org\/#\/schema\/person\/911b404fb133d8c913dd27cdcf71c8e5\"},\"headline\":\"FR-2A La montagne de Cagna &#8211; VTT 22 km, D+ 530 m, 5 cols\",\"datePublished\":\"2023-07-15T14:44:17+00:00\",\"dateModified\":\"2025-09-12T16:57:43+00:00\",\"mainEntityOfPage\":{\"@id\":\"https:\/\/centcols.org\/fr-2a-la-montagne-de-cagna-vtt-22-km-d-530-m-5-cols\/\"},\"wordCount\":302,\"commentCount\":0,\"publisher\":{\"@id\":\"https:\/\/centcols.org\/#organization\"},\"image\":{\"@id\":\"https:\/\/centcols.org\/fr-2a-la-montagne-de-cagna-vtt-22-km-d-530-m-5-cols\/#primaryimage\"},\"thumbnailUrl\":\"https:\/\/centcols.org\/wp-content\/uploads\/2023\/07\/08001.jpg\",\"articleSection\":[\"Parcours France\",\"VTT\",\"Corse\",\"Corse\",\"20-Corse\",\"Parcours membres\"],\"inLanguage\":\"it-IT\",\"potentialAction\":[{\"@type\":\"CommentAction\",\"name\":\"Comment\",\"target\":[\"https:\/\/centcols.org\/fr-2a-la-montagne-de-cagna-vtt-22-km-d-530-m-5-cols\/#respond\"]}]},{\"@type\":\"WebPage\",\"@id\":\"https:\/\/centcols.org\/fr-2a-la-montagne-de-cagna-vtt-22-km-d-530-m-5-cols\/\",\"url\":\"https:\/\/centcols.org\/fr-2a-la-montagne-de-cagna-vtt-22-km-d-530-m-5-cols\/\",\"name\":\"FR-2A La montagne de Cagna - VTT 22 km, D+ 530 m, 5 cols - Club des Cent Cols\",\"isPartOf\":{\"@id\":\"https:\/\/centcols.org\/#website\"},\"primaryImageOfPage\":{\"@id\":\"https:\/\/centcols.org\/fr-2a-la-montagne-de-cagna-vtt-22-km-d-530-m-5-cols\/#primaryimage\"},\"image\":{\"@id\":\"https:\/\/centcols.org\/fr-2a-la-montagne-de-cagna-vtt-22-km-d-530-m-5-cols\/#primaryimage\"},\"thumbnailUrl\":\"https:\/\/centcols.org\/wp-content\/uploads\/2023\/07\/08001.jpg\",\"datePublished\":\"2023-07-15T14:44:17+00:00\",\"dateModified\":\"2025-09-12T16:57:43+00:00\",\"breadcrumb\":{\"@id\":\"https:\/\/centcols.org\/fr-2a-la-montagne-de-cagna-vtt-22-km-d-530-m-5-cols\/#breadcrumb\"},\"inLanguage\":\"it-IT\",\"potentialAction\":[{\"@type\":\"ReadAction\",\"target\":[\"https:\/\/centcols.org\/fr-2a-la-montagne-de-cagna-vtt-22-km-d-530-m-5-cols\/\"]}]},{\"@type\":\"ImageObject\",\"inLanguage\":\"it-IT\",\"@id\":\"https:\/\/centcols.org\/fr-2a-la-montagne-de-cagna-vtt-22-km-d-530-m-5-cols\/#primaryimage\",\"url\":\"https:\/\/centcols.org\/wp-content\/uploads\/2023\/07\/08001.jpg\",\"contentUrl\":\"https:\/\/centcols.org\/wp-content\/uploads\/2023\/07\/08001.jpg\",\"width\":773,\"height\":434},{\"@type\":\"BreadcrumbList\",\"@id\":\"https:\/\/centcols.org\/fr-2a-la-montagne-de-cagna-vtt-22-km-d-530-m-5-cols\/#breadcrumb\",\"itemListElement\":[{\"@type\":\"ListItem\",\"position\":1,\"name\":\"Accueil\",\"item\":\"https:\/\/centcols.org\/\"},{\"@type\":\"ListItem\",\"position\":2,\"name\":\"Parcours membres\",\"item\":\"https:\/\/centcols.org\/rubrique\/parcours-membres\/\"},{\"@type\":\"ListItem\",\"position\":3,\"name\":\"Pays\",\"item\":\"https:\/\/centcols.org\/rubrique\/parcours-membres\/pays-parcours-membres\/\"},{\"@type\":\"ListItem\",\"position\":4,\"name\":\"Parcours France\",\"item\":\"https:\/\/centcols.org\/rubrique\/parcours-membres\/pays-parcours-membres\/parcours-france\/\"},{\"@type\":\"ListItem\",\"position\":5,\"name\":\"FR-2A La montagne de Cagna &#8211; VTT 22 km, D+ 530 m, 5 cols\"}]},{\"@type\":\"WebSite\",\"@id\":\"https:\/\/centcols.org\/#website\",\"url\":\"https:\/\/centcols.org\/\",\"name\":\"Club des Cent Cols\",\"description\":\"\",\"publisher\":{\"@id\":\"https:\/\/centcols.org\/#organization\"},\"potentialAction\":[{\"@type\":\"SearchAction\",\"target\":{\"@type\":\"EntryPoint\",\"urlTemplate\":\"https:\/\/centcols.org\/?s={search_term_string}\"},\"query-input\":{\"@type\":\"PropertyValueSpecification\",\"valueRequired\":true,\"valueName\":\"search_term_string\"}}],\"inLanguage\":\"it-IT\"},{\"@type\":\"Organization\",\"@id\":\"https:\/\/centcols.org\/#organization\",\"name\":\"Club des Cent Cols\",\"url\":\"https:\/\/centcols.org\/\",\"logo\":{\"@type\":\"ImageObject\",\"inLanguage\":\"it-IT\",\"@id\":\"https:\/\/centcols.org\/#\/schema\/logo\/image\/\",\"url\":\"https:\/\/centcols.org\/wp-content\/uploads\/2025\/01\/carte-icone.png\",\"contentUrl\":\"https:\/\/centcols.org\/wp-content\/uploads\/2025\/01\/carte-icone.png\",\"width\":250,\"height\":250,\"caption\":\"Club des Cent Cols\"},\"image\":{\"@id\":\"https:\/\/centcols.org\/#\/schema\/logo\/image\/\"},\"sameAs\":[\"https:\/\/www.facebook.com\/groups\/5261880558\/?locale=fr_FR\"]},{\"@type\":\"Person\",\"@id\":\"https:\/\/centcols.org\/#\/schema\/person\/911b404fb133d8c913dd27cdcf71c8e5\",\"name\":\"Webmestre\",\"image\":{\"@type\":\"ImageObject\",\"inLanguage\":\"it-IT\",\"@id\":\"https:\/\/centcols.org\/wp-content\/litespeed\/avatar\/2d246e4b6b4f773e08515e1ffc53690b.jpg?ver=1777222892\",\"url\":\"https:\/\/centcols.org\/wp-content\/litespeed\/avatar\/2d246e4b6b4f773e08515e1ffc53690b.jpg?ver=1777222892\",\"contentUrl\":\"https:\/\/centcols.org\/wp-content\/litespeed\/avatar\/2d246e4b6b4f773e08515e1ffc53690b.jpg?ver=1777222892\",\"caption\":\"Webmestre\"},\"url\":\"https:\/\/centcols.org\/it\/author\/webmestre\/\"}]}<\/script>\n<!-- \/ Yoast SEO plugin. -->","yoast_head_json":{"title":"FR-2A La montagna di Cagna - MTB 22 km, D+ 530 m, 5 passi - Club des Cent Cols","robots":{"index":"index","follow":"follow","max-snippet":"max-snippet:-1","max-image-preview":"max-image-preview:large","max-video-preview":"max-video-preview:-1"},"canonical":"https:\/\/centcols.org\/it\/en-2a-la-montagne-de-cagna-mountain-bike-22-km-d-530-m-5-passi\/","og_locale":"it_IT","og_type":"article","og_title":"FR-2A La montagne de Cagna - VTT 22 km, D+ 530 m, 5 cols - Club des Cent Cols","og_description":"Description de l&rsquo;auteur Auteur&nbsp;: Bernard Giraudeau Parcours&nbsp;: effectu\u00e9 en mai 2022 D\u00e9part&nbsp;: \u00e0 4 km \u00e0 vol d\u2019oiseau&nbsp;au nord de&nbsp;Figari, sur la D22 prendre le CV direction Vallicelo et se garer 200 m plus loin sur la piste allant plein nord (en laissant un passage suffisant pour les riverains et machines agricoles). Alt&nbsp;: 57 m [&hellip;]","og_url":"https:\/\/centcols.org\/it\/en-2a-la-montagne-de-cagna-mountain-bike-22-km-d-530-m-5-passi\/","og_site_name":"Club des Cent Cols","article_publisher":"https:\/\/www.facebook.com\/groups\/5261880558\/?locale=fr_FR","article_published_time":"2023-07-15T14:44:17+00:00","article_modified_time":"2025-09-12T16:57:43+00:00","og_image":[{"width":773,"height":434,"url":"https:\/\/centcols.org\/wp-content\/uploads\/2023\/07\/08001.jpg","type":"image\/jpeg"}],"author":"Webmestre","twitter_card":"summary_large_image","twitter_misc":{"Scritto da":"Webmestre","Tempo di lettura stimato":"3 minuti"},"schema":{"@context":"https:\/\/schema.org","@graph":[{"@type":"Article","@id":"https:\/\/centcols.org\/fr-2a-la-montagne-de-cagna-vtt-22-km-d-530-m-5-cols\/#article","isPartOf":{"@id":"https:\/\/centcols.org\/fr-2a-la-montagne-de-cagna-vtt-22-km-d-530-m-5-cols\/"},"author":{"name":"Webmestre","@id":"https:\/\/centcols.org\/#\/schema\/person\/911b404fb133d8c913dd27cdcf71c8e5"},"headline":"FR-2A La montagne de Cagna &#8211; VTT 22 km, D+ 530 m, 5 cols","datePublished":"2023-07-15T14:44:17+00:00","dateModified":"2025-09-12T16:57:43+00:00","mainEntityOfPage":{"@id":"https:\/\/centcols.org\/fr-2a-la-montagne-de-cagna-vtt-22-km-d-530-m-5-cols\/"},"wordCount":302,"commentCount":0,"publisher":{"@id":"https:\/\/centcols.org\/#organization"},"image":{"@id":"https:\/\/centcols.org\/fr-2a-la-montagne-de-cagna-vtt-22-km-d-530-m-5-cols\/#primaryimage"},"thumbnailUrl":"https:\/\/centcols.org\/wp-content\/uploads\/2023\/07\/08001.jpg","articleSection":["Parcours France","VTT","Corse","Corse","20-Corse","Parcours membres"],"inLanguage":"it-IT","potentialAction":[{"@type":"CommentAction","name":"Comment","target":["https:\/\/centcols.org\/fr-2a-la-montagne-de-cagna-vtt-22-km-d-530-m-5-cols\/#respond"]}]},{"@type":"WebPage","@id":"https:\/\/centcols.org\/fr-2a-la-montagne-de-cagna-vtt-22-km-d-530-m-5-cols\/","url":"https:\/\/centcols.org\/fr-2a-la-montagne-de-cagna-vtt-22-km-d-530-m-5-cols\/","name":"FR-2A La montagna di Cagna - MTB 22 km, D+ 530 m, 5 passi - Club des Cent Cols","isPartOf":{"@id":"https:\/\/centcols.org\/#website"},"primaryImageOfPage":{"@id":"https:\/\/centcols.org\/fr-2a-la-montagne-de-cagna-vtt-22-km-d-530-m-5-cols\/#primaryimage"},"image":{"@id":"https:\/\/centcols.org\/fr-2a-la-montagne-de-cagna-vtt-22-km-d-530-m-5-cols\/#primaryimage"},"thumbnailUrl":"https:\/\/centcols.org\/wp-content\/uploads\/2023\/07\/08001.jpg","datePublished":"2023-07-15T14:44:17+00:00","dateModified":"2025-09-12T16:57:43+00:00","breadcrumb":{"@id":"https:\/\/centcols.org\/fr-2a-la-montagne-de-cagna-vtt-22-km-d-530-m-5-cols\/#breadcrumb"},"inLanguage":"it-IT","potentialAction":[{"@type":"ReadAction","target":["https:\/\/centcols.org\/fr-2a-la-montagne-de-cagna-vtt-22-km-d-530-m-5-cols\/"]}]},{"@type":"ImageObject","inLanguage":"it-IT","@id":"https:\/\/centcols.org\/fr-2a-la-montagne-de-cagna-vtt-22-km-d-530-m-5-cols\/#primaryimage","url":"https:\/\/centcols.org\/wp-content\/uploads\/2023\/07\/08001.jpg","contentUrl":"https:\/\/centcols.org\/wp-content\/uploads\/2023\/07\/08001.jpg","width":773,"height":434},{"@type":"BreadcrumbList","@id":"https:\/\/centcols.org\/fr-2a-la-montagne-de-cagna-vtt-22-km-d-530-m-5-cols\/#breadcrumb","itemListElement":[{"@type":"ListItem","position":1,"name":"Accueil","item":"https:\/\/centcols.org\/"},{"@type":"ListItem","position":2,"name":"Parcours membres","item":"https:\/\/centcols.org\/rubrique\/parcours-membres\/"},{"@type":"ListItem","position":3,"name":"Pays","item":"https:\/\/centcols.org\/rubrique\/parcours-membres\/pays-parcours-membres\/"},{"@type":"ListItem","position":4,"name":"Parcours France","item":"https:\/\/centcols.org\/rubrique\/parcours-membres\/pays-parcours-membres\/parcours-france\/"},{"@type":"ListItem","position":5,"name":"FR-2A La montagne de Cagna &#8211; VTT 22 km, D+ 530 m, 5 cols"}]},{"@type":"WebSite","@id":"https:\/\/centcols.org\/#website","url":"https:\/\/centcols.org\/","name":"Club des Cent Cols","description":"","publisher":{"@id":"https:\/\/centcols.org\/#organization"},"potentialAction":[{"@type":"SearchAction","target":{"@type":"EntryPoint","urlTemplate":"https:\/\/centcols.org\/?s={search_term_string}"},"query-input":{"@type":"PropertyValueSpecification","valueRequired":true,"valueName":"search_term_string"}}],"inLanguage":"it-IT"},{"@type":"Organization","@id":"https:\/\/centcols.org\/#organization","name":"Club des Cent Cols","url":"https:\/\/centcols.org\/","logo":{"@type":"ImageObject","inLanguage":"it-IT","@id":"https:\/\/centcols.org\/#\/schema\/logo\/image\/","url":"https:\/\/centcols.org\/wp-content\/uploads\/2025\/01\/carte-icone.png","contentUrl":"https:\/\/centcols.org\/wp-content\/uploads\/2025\/01\/carte-icone.png","width":250,"height":250,"caption":"Club des Cent Cols"},"image":{"@id":"https:\/\/centcols.org\/#\/schema\/logo\/image\/"},"sameAs":["https:\/\/www.facebook.com\/groups\/5261880558\/?locale=fr_FR"]},{"@type":"Person","@id":"https:\/\/centcols.org\/#\/schema\/person\/911b404fb133d8c913dd27cdcf71c8e5","name":"Webmaster","image":{"@type":"ImageObject","inLanguage":"it-IT","@id":"https:\/\/centcols.org\/wp-content\/litespeed\/avatar\/2d246e4b6b4f773e08515e1ffc53690b.jpg?ver=1777222892","url":"https:\/\/centcols.org\/wp-content\/litespeed\/avatar\/2d246e4b6b4f773e08515e1ffc53690b.jpg?ver=1777222892","contentUrl":"https:\/\/centcols.org\/wp-content\/litespeed\/avatar\/2d246e4b6b4f773e08515e1ffc53690b.jpg?ver=1777222892","caption":"Webmestre"},"url":"https:\/\/centcols.org\/it\/author\/webmestre\/"}]}},"_links":{"self":[{"href":"https:\/\/centcols.org\/it\/wp-json\/wp\/v2\/posts\/82436","targetHints":{"allow":["GET"]}}],"collection":[{"href":"https:\/\/centcols.org\/it\/wp-json\/wp\/v2\/posts"}],"about":[{"href":"https:\/\/centcols.org\/it\/wp-json\/wp\/v2\/types\/post"}],"author":[{"embeddable":true,"href":"https:\/\/centcols.org\/it\/wp-json\/wp\/v2\/users\/3"}],"replies":[{"embeddable":true,"href":"https:\/\/centcols.org\/it\/wp-json\/wp\/v2\/comments?post=82436"}],"version-history":[{"count":0,"href":"https:\/\/centcols.org\/it\/wp-json\/wp\/v2\/posts\/82436\/revisions"}],"wp:featuredmedia":[{"embeddable":true,"href":"https:\/\/centcols.org\/it\/wp-json\/wp\/v2\/media\/82882"}],"wp:attachment":[{"href":"https:\/\/centcols.org\/it\/wp-json\/wp\/v2\/media?parent=82436"}],"wp:term":[{"taxonomy":"category","embeddable":true,"href":"https:\/\/centcols.org\/it\/wp-json\/wp\/v2\/categories?post=82436"},{"taxonomy":"post_tag","embeddable":true,"href":"https:\/\/centcols.org\/it\/wp-json\/wp\/v2\/tags?post=82436"}],"curies":[{"name":"wp","href":"https:\/\/api.w.org\/{rel}","templated":true}]}}