{"id":82447,"date":"2023-07-05T09:50:00","date_gmt":"2023-07-05T07:50:00","guid":{"rendered":"https:\/\/centcols.org\/fr-54-grand-est-rencontre-regionale-2022-route-44-km-d-490-m-3-cols\/"},"modified":"2025-09-12T20:07:58","modified_gmt":"2025-09-12T18:07:58","slug":"fr-54-grand-est-incontro-regionale-2022-strada-44-km-d-490-m-3-passi","status":"publish","type":"post","link":"https:\/\/centcols.org\/it\/fr-54-grand-est-rencontre-regionale-2022-route-44-km-d-490-m-3-cols\/","title":{"rendered":"FR-54 Incontro regionale Grand Est 2022 - Strada 44 km, D+ 490 m, 3 passaggi"},"content":{"rendered":"<iframe width=\"100%\" height=\"650\" loading=\"lazy\" src=\"https:\/\/www.openrunner.com\/embed\/2f434e5249395652546a70372b6d747a3266376f564e4f556c35496a4139746c477a76443841472f5a4a733d3a3a701de1aa3ef50ef86b1a7517e6c94356?unit=metric\" style=\"border: none;\"><\/iframe>\n\n\n\n<h2 class=\"wp-block-heading\">Descrizione dell'autore<\/h2>\n\n\n\n<p><strong>Autore <\/strong>: Denis Mathieu<\/p>\n\n\n\n<p><strong>Corso<\/strong> effettuata il 3 settembre 2022<\/p>\n\n\n\n<p><strong>Partenza<\/strong> Parcheggio: Parcheggio della piscina di Pont-\u00e0-Mousson. Altezza: 180 m<\/p>\n\n\n\n<h2 class=\"wp-block-heading\">Informazioni turistiche<\/h2>\n\n\n\n<p>Il percorso inizia sulla greenway che costeggia la Mosella sulla riva sinistra. Questo percorso offre una bella vista sull'ex abbazia di Pr\u00e9montr\u00e9s sulla riva opposta. Si ritorna poi a Pont-\u00e0-Mousson attraverso le alture sulla riva destra per attraversare 2 passi degli archivi della Prima Guerra Mondiale.<\/p>\n\n\n\n<p><strong>3 collari<\/strong><\/p>\n\n\n\n<figure class=\"wp-block-table is-style-stripes\"><table class=\"has-fixed-layout\"><tbody><tr><td>Col du RUDEMONT<br>Col d'Arry&nbsp;<br>Passo di Lesm\u00e9nils<\/td><td><a href=\"https:\/\/centcols.org\/it\/util\/geo\/visu.php\/?code=FR-54-0250\" target=\"_blank\" rel=\"noreferrer noopener\">FR-54-0250<\/a><br><a href=\"https:\/\/centcols.org\/it\/util\/geo\/visu.php\/?code=FR-57-0357\" target=\"_blank\" rel=\"noreferrer noopener\">FR-57-0357<\/a><br><a href=\"https:\/\/centcols.org\/it\/util\/geo\/visu.php\/?code=FR-54-0272\" target=\"_blank\" rel=\"noreferrer noopener\">FR-54-0272<\/a><\/td><\/tr><\/tbody><\/table><\/figure>\n\n\n\n<h2 class=\"wp-block-heading\">Specifiche tecniche<\/h2>\n\n\n\n<p>La strada che scende dal Col de Rudemont \u00e8 stata gravemente danneggiata nel settembre 2022. \u00c8 possibile evitarla facendo un'inversione di marcia al passo e girando a sinistra verso il fondo di Nov\u00e9ant per tornare sul percorso. La salita al Col d'Arry \u00e8 dura.<\/p>\n\n\n\n<p><strong>Parole chiave<\/strong> Pont-\u00e0-Mousson, Col d'Arry, Col de Lesm\u00e9nils, Col de Rudemont, itinerario verde della Mosella<\/p>\n\n\n\n<p><strong>Collegamento a Openrunner, mappa interattiva, profilo, traccia gpx<\/strong> : <a href=\"https:\/\/www.openrunner.com\/route-details\/16418773\" target=\"_blank\" rel=\"noreferrer noopener\"><strong>https:\/\/www.openrunner.com\/route-details\/16418773<\/strong><\/a><\/p>\n\n\n\n<p>Questo itinerario \u00e8 offerto a titolo puramente indicativo. L'autore non si assume alcuna responsabilit\u00e0, n\u00e9 quella del Club des Cent Cols, per eventuali imponderabilit\u00e0 dovute al ciclista stesso, all'equipaggiamento utilizzato o a qualsiasi cosa abbia a che fare con la strada, le piste e i sentieri, i loro dintorni o altri utenti.<\/p>\n\n\n\n<h2 class=\"wp-block-heading\">Foto<\/h2>\n\n\n\n<p class=\"has-medium-font-size\"><\/p>\n\n\n<div class=\"wp-block-image is-resized\">\n<figure class=\"aligncenter size-full\"><a href=\"https:\/\/centcols.org\/wp-content\/uploads\/2023\/07\/Rencontre-1200x9001-1.jpg\"><img loading=\"lazy\" decoding=\"async\" width=\"1200\" height=\"900\" src=\"https:\/\/centcols.org\/wp-content\/uploads\/2023\/07\/Rencontre-1200x9001-1.jpg\" alt=\"\" class=\"wp-image-89940\" style=\"width:800px\" srcset=\"https:\/\/centcols.org\/wp-content\/uploads\/2023\/07\/Rencontre-1200x9001-1.jpg 1200w, https:\/\/centcols.org\/wp-content\/uploads\/2023\/07\/Rencontre-1200x9001-1-768x576.jpg 768w, https:\/\/centcols.org\/wp-content\/uploads\/2023\/07\/Rencontre-1200x9001-1-16x12.jpg 16w\" sizes=\"auto, (max-width: 1200px) 100vw, 1200px\" \/><\/a><figcaption class=\"wp-element-caption\"><strong>Il Gruppo<\/strong><\/figcaption><\/figure>\n<\/div>\n\n<div class=\"wp-block-image\">\n<figure class=\"aligncenter size-full is-resized\"><a href=\"https:\/\/centcols.org\/wp-content\/uploads\/2023\/07\/Les-rives-de-la-Moselle1.jpg\"><img loading=\"lazy\" decoding=\"async\" width=\"512\" height=\"367\" src=\"https:\/\/centcols.org\/wp-content\/uploads\/2023\/07\/Les-rives-de-la-Moselle1.jpg\" alt=\"\" class=\"wp-image-89941\" style=\"width:800px\" srcset=\"https:\/\/centcols.org\/wp-content\/uploads\/2023\/07\/Les-rives-de-la-Moselle1.jpg 512w, https:\/\/centcols.org\/wp-content\/uploads\/2023\/07\/Les-rives-de-la-Moselle1-18x12.jpg 18w\" sizes=\"auto, (max-width: 512px) 100vw, 512px\" \/><\/a><figcaption class=\"wp-element-caption\"><strong>La Voie Verte lungo la Mosella<\/strong><\/figcaption><\/figure>\n<\/div>\n\n<div class=\"wp-block-image\">\n<figure class=\"aligncenter size-full is-resized\"><a href=\"https:\/\/centcols.org\/wp-content\/uploads\/2023\/07\/Les-Premontres1.png\"><img loading=\"lazy\" decoding=\"async\" width=\"1023\" height=\"589\" src=\"https:\/\/centcols.org\/wp-content\/uploads\/2023\/07\/Les-Premontres1.png\" alt=\"\" class=\"wp-image-89942\" style=\"width:800px\" srcset=\"https:\/\/centcols.org\/wp-content\/uploads\/2023\/07\/Les-Premontres1.png 1023w, https:\/\/centcols.org\/wp-content\/uploads\/2023\/07\/Les-Premontres1-768x442.png 768w, https:\/\/centcols.org\/wp-content\/uploads\/2023\/07\/Les-Premontres1-18x10.png 18w\" sizes=\"auto, (max-width: 1023px) 100vw, 1023px\" \/><\/a><figcaption class=\"wp-element-caption\"><strong>L'Abbazia di Pr\u00e9montr\u00e9s<\/strong><\/figcaption><\/figure>\n<\/div>\n\n<div class=\"wp-block-image\">\n<figure class=\"aligncenter size-full is-resized\"><a href=\"https:\/\/centcols.org\/wp-content\/uploads\/2023\/07\/Col-de1.jpg\"><img loading=\"lazy\" decoding=\"async\" width=\"500\" height=\"359\" src=\"https:\/\/centcols.org\/wp-content\/uploads\/2023\/07\/Col-de1.jpg\" alt=\"\" class=\"wp-image-89943\" style=\"width:800px\" srcset=\"https:\/\/centcols.org\/wp-content\/uploads\/2023\/07\/Col-de1.jpg 500w, https:\/\/centcols.org\/wp-content\/uploads\/2023\/07\/Col-de1-18x12.jpg 18w\" sizes=\"auto, (max-width: 500px) 100vw, 500px\" \/><\/a><figcaption class=\"wp-element-caption\"><strong>La salita al Col d'Arry<\/strong><\/figcaption><\/figure>\n<\/div>\n\n<div class=\"wp-block-image\">\n<figure class=\"aligncenter size-full is-resized\"><a href=\"https:\/\/centcols.org\/wp-content\/uploads\/2023\/07\/Diplome1.jpg\"><img loading=\"lazy\" decoding=\"async\" width=\"603\" height=\"452\" src=\"https:\/\/centcols.org\/wp-content\/uploads\/2023\/07\/Diplome1.jpg\" alt=\"\" class=\"wp-image-89944\" style=\"width:800px\" srcset=\"https:\/\/centcols.org\/wp-content\/uploads\/2023\/07\/Diplome1.jpg 603w, https:\/\/centcols.org\/wp-content\/uploads\/2023\/07\/Diplome1-16x12.jpg 16w\" sizes=\"auto, (max-width: 603px) 100vw, 603px\" \/><\/a><figcaption class=\"wp-element-caption\"><strong>Cerimonia di laurea<\/strong><\/figcaption><\/figure>\n<\/div>\n\n<div class=\"wp-block-image\">\n<figure class=\"aligncenter size-large is-resized\"><a href=\"https:\/\/centcols.org\/util\/geo\/visu\/FR\/img\/1365\/0706.jpg\"><img decoding=\"async\" src=\"https:\/\/centcols.org\/util\/geo\/visu\/FR\/img\/1365\/0706.jpg\" alt=\"\" style=\"width:auto;height:600px\"\/><\/a><figcaption class=\"wp-element-caption\"><strong>Passo Rudemont<\/strong><\/figcaption><\/figure>\n<\/div>\n\n<div class=\"wp-block-image\">\n<figure class=\"aligncenter size-large is-resized\"><img decoding=\"async\" src=\"https:\/\/centcols.org\/util\/geo\/visu\/FR\/img\/2015\/5709.jpg\" alt=\"\" style=\"width:800px\"\/><figcaption class=\"wp-element-caption\"><strong>Col d'Arry<\/strong><\/figcaption><\/figure>\n<\/div>\n\n<div class=\"wp-block-image\">\n<figure class=\"aligncenter size-large is-resized\"><img decoding=\"async\" src=\"https:\/\/centcols.org\/util\/geo\/visu\/FR\/img\/2015\/5600.jpg\" alt=\"\" style=\"width:800px\"\/><figcaption class=\"wp-element-caption\"><strong>Passo di Lesm\u00e9nils<\/strong><\/figcaption><\/figure>\n<\/div>","protected":false},"excerpt":{"rendered":"<p>Description de l\u2019auteur Auteur : Denis Mathieu Parcours : effectu\u00e9 le 3 septembre 2022 D\u00e9part : Parking de la piscine de Pont-\u00e0-Mousson. Alt : 180 m Descriptif touristique Ce circuit emprunte tout d\u2019abord la voie verte qui longe la Moselle en rive gauche. Cette voie offre un beau regard sur l\u2019ancienne Abbaye des Pr\u00e9montr\u00e9s situ\u00e9e [&hellip;]<\/p>\n","protected":false},"author":3,"featured_media":82890,"comment_status":"open","ping_status":"open","sticky":false,"template":"","format":"standard","meta":{"_acf_changed":false,"footnotes":""},"categories":[303,318,337,335,336,220],"tags":[],"class_list":["post-82447","post","type-post","status-publish","format-standard","has-post-thumbnail","hentry","category-parcours-france","category-route-type-parcours","category-grand-est-region-parcours-membres","category-vosges-massif-parcours-membres","category-54-meurthe-et-moselle","category-parcours-membres"],"acf":[],"yoast_head":"<!-- This site is optimized with the Yoast SEO plugin v27.2 - https:\/\/yoast.com\/product\/yoast-seo-wordpress\/ -->\n<title>FR-54 Grand Est Rencontre r\u00e9gionale 2022 - Route 44 km, D+ 490 m, 3 cols - Club des Cent Cols<\/title>\n<meta name=\"robots\" content=\"index, follow, max-snippet:-1, max-image-preview:large, max-video-preview:-1\" \/>\n<link rel=\"canonical\" href=\"https:\/\/centcols.org\/it\/fr-54-grand-est-incontro-regionale-2022-strada-44-km-d-490-m-3-passi\/\" \/>\n<meta property=\"og:locale\" content=\"it_IT\" \/>\n<meta property=\"og:type\" content=\"article\" \/>\n<meta property=\"og:title\" content=\"FR-54 Grand Est Rencontre r\u00e9gionale 2022 - Route 44 km, D+ 490 m, 3 cols - Club des Cent Cols\" \/>\n<meta property=\"og:description\" content=\"Description de l\u2019auteur Auteur : Denis Mathieu Parcours : effectu\u00e9 le 3 septembre 2022 D\u00e9part : Parking de la piscine de Pont-\u00e0-Mousson. Alt : 180 m Descriptif touristique Ce circuit emprunte tout d\u2019abord la voie verte qui longe la Moselle en rive gauche. Cette voie offre un beau regard sur l\u2019ancienne Abbaye des Pr\u00e9montr\u00e9s situ\u00e9e [&hellip;]\" \/>\n<meta property=\"og:url\" content=\"https:\/\/centcols.org\/it\/fr-54-grand-est-incontro-regionale-2022-strada-44-km-d-490-m-3-passi\/\" \/>\n<meta property=\"og:site_name\" content=\"Club des Cent Cols\" \/>\n<meta property=\"article:publisher\" content=\"https:\/\/www.facebook.com\/groups\/5261880558\/?locale=fr_FR\" \/>\n<meta property=\"article:published_time\" content=\"2023-07-05T07:50:00+00:00\" \/>\n<meta property=\"article:modified_time\" content=\"2025-09-12T18:07:58+00:00\" \/>\n<meta property=\"og:image\" content=\"https:\/\/centcols.org\/wp-content\/uploads\/2023\/07\/57091.jpg\" \/>\n\t<meta property=\"og:image:width\" content=\"800\" \/>\n\t<meta property=\"og:image:height\" content=\"600\" \/>\n\t<meta property=\"og:image:type\" content=\"image\/jpeg\" \/>\n<meta name=\"author\" content=\"Webmestre\" \/>\n<meta name=\"twitter:card\" content=\"summary_large_image\" \/>\n<meta name=\"twitter:label1\" content=\"Scritto da\" \/>\n\t<meta name=\"twitter:data1\" content=\"Webmestre\" \/>\n\t<meta name=\"twitter:label2\" content=\"Tempo di lettura stimato\" \/>\n\t<meta name=\"twitter:data2\" content=\"4 minuti\" \/>\n<script type=\"application\/ld+json\" class=\"yoast-schema-graph\">{\"@context\":\"https:\/\/schema.org\",\"@graph\":[{\"@type\":\"Article\",\"@id\":\"https:\/\/centcols.org\/fr-54-grand-est-rencontre-regionale-2022-route-44-km-d-490-m-3-cols\/#article\",\"isPartOf\":{\"@id\":\"https:\/\/centcols.org\/fr-54-grand-est-rencontre-regionale-2022-route-44-km-d-490-m-3-cols\/\"},\"author\":{\"name\":\"Webmestre\",\"@id\":\"https:\/\/centcols.org\/#\/schema\/person\/911b404fb133d8c913dd27cdcf71c8e5\"},\"headline\":\"FR-54 Grand Est Rencontre r\u00e9gionale 2022 &#8211; Route 44 km, D+ 490 m, 3 cols\",\"datePublished\":\"2023-07-05T07:50:00+00:00\",\"dateModified\":\"2025-09-12T18:07:58+00:00\",\"mainEntityOfPage\":{\"@id\":\"https:\/\/centcols.org\/fr-54-grand-est-rencontre-regionale-2022-route-44-km-d-490-m-3-cols\/\"},\"wordCount\":283,\"commentCount\":0,\"publisher\":{\"@id\":\"https:\/\/centcols.org\/#organization\"},\"image\":{\"@id\":\"https:\/\/centcols.org\/fr-54-grand-est-rencontre-regionale-2022-route-44-km-d-490-m-3-cols\/#primaryimage\"},\"thumbnailUrl\":\"https:\/\/centcols.org\/wp-content\/uploads\/2023\/07\/57091.jpg\",\"articleSection\":[\"Parcours France\",\"Route\",\"Grand Est\",\"Vosges\",\"54-Meurthe et Moselle\",\"Parcours membres\"],\"inLanguage\":\"it-IT\",\"potentialAction\":[{\"@type\":\"CommentAction\",\"name\":\"Comment\",\"target\":[\"https:\/\/centcols.org\/fr-54-grand-est-rencontre-regionale-2022-route-44-km-d-490-m-3-cols\/#respond\"]}]},{\"@type\":\"WebPage\",\"@id\":\"https:\/\/centcols.org\/fr-54-grand-est-rencontre-regionale-2022-route-44-km-d-490-m-3-cols\/\",\"url\":\"https:\/\/centcols.org\/fr-54-grand-est-rencontre-regionale-2022-route-44-km-d-490-m-3-cols\/\",\"name\":\"FR-54 Grand Est Rencontre r\u00e9gionale 2022 - Route 44 km, D+ 490 m, 3 cols - Club des Cent Cols\",\"isPartOf\":{\"@id\":\"https:\/\/centcols.org\/#website\"},\"primaryImageOfPage\":{\"@id\":\"https:\/\/centcols.org\/fr-54-grand-est-rencontre-regionale-2022-route-44-km-d-490-m-3-cols\/#primaryimage\"},\"image\":{\"@id\":\"https:\/\/centcols.org\/fr-54-grand-est-rencontre-regionale-2022-route-44-km-d-490-m-3-cols\/#primaryimage\"},\"thumbnailUrl\":\"https:\/\/centcols.org\/wp-content\/uploads\/2023\/07\/57091.jpg\",\"datePublished\":\"2023-07-05T07:50:00+00:00\",\"dateModified\":\"2025-09-12T18:07:58+00:00\",\"breadcrumb\":{\"@id\":\"https:\/\/centcols.org\/fr-54-grand-est-rencontre-regionale-2022-route-44-km-d-490-m-3-cols\/#breadcrumb\"},\"inLanguage\":\"it-IT\",\"potentialAction\":[{\"@type\":\"ReadAction\",\"target\":[\"https:\/\/centcols.org\/fr-54-grand-est-rencontre-regionale-2022-route-44-km-d-490-m-3-cols\/\"]}]},{\"@type\":\"ImageObject\",\"inLanguage\":\"it-IT\",\"@id\":\"https:\/\/centcols.org\/fr-54-grand-est-rencontre-regionale-2022-route-44-km-d-490-m-3-cols\/#primaryimage\",\"url\":\"https:\/\/centcols.org\/wp-content\/uploads\/2023\/07\/57091.jpg\",\"contentUrl\":\"https:\/\/centcols.org\/wp-content\/uploads\/2023\/07\/57091.jpg\",\"width\":800,\"height\":600},{\"@type\":\"BreadcrumbList\",\"@id\":\"https:\/\/centcols.org\/fr-54-grand-est-rencontre-regionale-2022-route-44-km-d-490-m-3-cols\/#breadcrumb\",\"itemListElement\":[{\"@type\":\"ListItem\",\"position\":1,\"name\":\"Accueil\",\"item\":\"https:\/\/centcols.org\/\"},{\"@type\":\"ListItem\",\"position\":2,\"name\":\"Parcours membres\",\"item\":\"https:\/\/centcols.org\/rubrique\/parcours-membres\/\"},{\"@type\":\"ListItem\",\"position\":3,\"name\":\"Pays\",\"item\":\"https:\/\/centcols.org\/rubrique\/parcours-membres\/pays-parcours-membres\/\"},{\"@type\":\"ListItem\",\"position\":4,\"name\":\"Parcours France\",\"item\":\"https:\/\/centcols.org\/rubrique\/parcours-membres\/pays-parcours-membres\/parcours-france\/\"},{\"@type\":\"ListItem\",\"position\":5,\"name\":\"FR-54 Grand Est Rencontre r\u00e9gionale 2022 &#8211; Route 44 km, D+ 490 m, 3 cols\"}]},{\"@type\":\"WebSite\",\"@id\":\"https:\/\/centcols.org\/#website\",\"url\":\"https:\/\/centcols.org\/\",\"name\":\"Club des Cent Cols\",\"description\":\"\",\"publisher\":{\"@id\":\"https:\/\/centcols.org\/#organization\"},\"potentialAction\":[{\"@type\":\"SearchAction\",\"target\":{\"@type\":\"EntryPoint\",\"urlTemplate\":\"https:\/\/centcols.org\/?s={search_term_string}\"},\"query-input\":{\"@type\":\"PropertyValueSpecification\",\"valueRequired\":true,\"valueName\":\"search_term_string\"}}],\"inLanguage\":\"it-IT\"},{\"@type\":\"Organization\",\"@id\":\"https:\/\/centcols.org\/#organization\",\"name\":\"Club des Cent Cols\",\"url\":\"https:\/\/centcols.org\/\",\"logo\":{\"@type\":\"ImageObject\",\"inLanguage\":\"it-IT\",\"@id\":\"https:\/\/centcols.org\/#\/schema\/logo\/image\/\",\"url\":\"https:\/\/centcols.org\/wp-content\/uploads\/2025\/01\/carte-icone.png\",\"contentUrl\":\"https:\/\/centcols.org\/wp-content\/uploads\/2025\/01\/carte-icone.png\",\"width\":250,\"height\":250,\"caption\":\"Club des Cent Cols\"},\"image\":{\"@id\":\"https:\/\/centcols.org\/#\/schema\/logo\/image\/\"},\"sameAs\":[\"https:\/\/www.facebook.com\/groups\/5261880558\/?locale=fr_FR\"]},{\"@type\":\"Person\",\"@id\":\"https:\/\/centcols.org\/#\/schema\/person\/911b404fb133d8c913dd27cdcf71c8e5\",\"name\":\"Webmestre\",\"image\":{\"@type\":\"ImageObject\",\"inLanguage\":\"it-IT\",\"@id\":\"https:\/\/centcols.org\/wp-content\/litespeed\/avatar\/2d246e4b6b4f773e08515e1ffc53690b.jpg?ver=1777222892\",\"url\":\"https:\/\/centcols.org\/wp-content\/litespeed\/avatar\/2d246e4b6b4f773e08515e1ffc53690b.jpg?ver=1777222892\",\"contentUrl\":\"https:\/\/centcols.org\/wp-content\/litespeed\/avatar\/2d246e4b6b4f773e08515e1ffc53690b.jpg?ver=1777222892\",\"caption\":\"Webmestre\"},\"url\":\"https:\/\/centcols.org\/it\/author\/webmestre\/\"}]}<\/script>\n<!-- \/ Yoast SEO plugin. -->","yoast_head_json":{"title":"FR-54 Raduno regionale Grand Est 2022 - Strada 44 km, D+ 490 m, 3 passi - Club des Cent Cols","robots":{"index":"index","follow":"follow","max-snippet":"max-snippet:-1","max-image-preview":"max-image-preview:large","max-video-preview":"max-video-preview:-1"},"canonical":"https:\/\/centcols.org\/it\/fr-54-grand-est-incontro-regionale-2022-strada-44-km-d-490-m-3-passi\/","og_locale":"it_IT","og_type":"article","og_title":"FR-54 Grand Est Rencontre r\u00e9gionale 2022 - Route 44 km, D+ 490 m, 3 cols - Club des Cent Cols","og_description":"Description de l\u2019auteur Auteur : Denis Mathieu Parcours : effectu\u00e9 le 3 septembre 2022 D\u00e9part : Parking de la piscine de Pont-\u00e0-Mousson. Alt : 180 m Descriptif touristique Ce circuit emprunte tout d\u2019abord la voie verte qui longe la Moselle en rive gauche. Cette voie offre un beau regard sur l\u2019ancienne Abbaye des Pr\u00e9montr\u00e9s situ\u00e9e [&hellip;]","og_url":"https:\/\/centcols.org\/it\/fr-54-grand-est-incontro-regionale-2022-strada-44-km-d-490-m-3-passi\/","og_site_name":"Club des Cent Cols","article_publisher":"https:\/\/www.facebook.com\/groups\/5261880558\/?locale=fr_FR","article_published_time":"2023-07-05T07:50:00+00:00","article_modified_time":"2025-09-12T18:07:58+00:00","og_image":[{"width":800,"height":600,"url":"https:\/\/centcols.org\/wp-content\/uploads\/2023\/07\/57091.jpg","type":"image\/jpeg"}],"author":"Webmestre","twitter_card":"summary_large_image","twitter_misc":{"Scritto da":"Webmestre","Tempo di lettura stimato":"4 minuti"},"schema":{"@context":"https:\/\/schema.org","@graph":[{"@type":"Article","@id":"https:\/\/centcols.org\/fr-54-grand-est-rencontre-regionale-2022-route-44-km-d-490-m-3-cols\/#article","isPartOf":{"@id":"https:\/\/centcols.org\/fr-54-grand-est-rencontre-regionale-2022-route-44-km-d-490-m-3-cols\/"},"author":{"name":"Webmestre","@id":"https:\/\/centcols.org\/#\/schema\/person\/911b404fb133d8c913dd27cdcf71c8e5"},"headline":"FR-54 Grand Est Rencontre r\u00e9gionale 2022 &#8211; Route 44 km, D+ 490 m, 3 cols","datePublished":"2023-07-05T07:50:00+00:00","dateModified":"2025-09-12T18:07:58+00:00","mainEntityOfPage":{"@id":"https:\/\/centcols.org\/fr-54-grand-est-rencontre-regionale-2022-route-44-km-d-490-m-3-cols\/"},"wordCount":283,"commentCount":0,"publisher":{"@id":"https:\/\/centcols.org\/#organization"},"image":{"@id":"https:\/\/centcols.org\/fr-54-grand-est-rencontre-regionale-2022-route-44-km-d-490-m-3-cols\/#primaryimage"},"thumbnailUrl":"https:\/\/centcols.org\/wp-content\/uploads\/2023\/07\/57091.jpg","articleSection":["Parcours France","Route","Grand Est","Vosges","54-Meurthe et Moselle","Parcours membres"],"inLanguage":"it-IT","potentialAction":[{"@type":"CommentAction","name":"Comment","target":["https:\/\/centcols.org\/fr-54-grand-est-rencontre-regionale-2022-route-44-km-d-490-m-3-cols\/#respond"]}]},{"@type":"WebPage","@id":"https:\/\/centcols.org\/fr-54-grand-est-rencontre-regionale-2022-route-44-km-d-490-m-3-cols\/","url":"https:\/\/centcols.org\/fr-54-grand-est-rencontre-regionale-2022-route-44-km-d-490-m-3-cols\/","name":"FR-54 Raduno regionale Grand Est 2022 - Strada 44 km, D+ 490 m, 3 passi - Club des Cent Cols","isPartOf":{"@id":"https:\/\/centcols.org\/#website"},"primaryImageOfPage":{"@id":"https:\/\/centcols.org\/fr-54-grand-est-rencontre-regionale-2022-route-44-km-d-490-m-3-cols\/#primaryimage"},"image":{"@id":"https:\/\/centcols.org\/fr-54-grand-est-rencontre-regionale-2022-route-44-km-d-490-m-3-cols\/#primaryimage"},"thumbnailUrl":"https:\/\/centcols.org\/wp-content\/uploads\/2023\/07\/57091.jpg","datePublished":"2023-07-05T07:50:00+00:00","dateModified":"2025-09-12T18:07:58+00:00","breadcrumb":{"@id":"https:\/\/centcols.org\/fr-54-grand-est-rencontre-regionale-2022-route-44-km-d-490-m-3-cols\/#breadcrumb"},"inLanguage":"it-IT","potentialAction":[{"@type":"ReadAction","target":["https:\/\/centcols.org\/fr-54-grand-est-rencontre-regionale-2022-route-44-km-d-490-m-3-cols\/"]}]},{"@type":"ImageObject","inLanguage":"it-IT","@id":"https:\/\/centcols.org\/fr-54-grand-est-rencontre-regionale-2022-route-44-km-d-490-m-3-cols\/#primaryimage","url":"https:\/\/centcols.org\/wp-content\/uploads\/2023\/07\/57091.jpg","contentUrl":"https:\/\/centcols.org\/wp-content\/uploads\/2023\/07\/57091.jpg","width":800,"height":600},{"@type":"BreadcrumbList","@id":"https:\/\/centcols.org\/fr-54-grand-est-rencontre-regionale-2022-route-44-km-d-490-m-3-cols\/#breadcrumb","itemListElement":[{"@type":"ListItem","position":1,"name":"Accueil","item":"https:\/\/centcols.org\/"},{"@type":"ListItem","position":2,"name":"Parcours membres","item":"https:\/\/centcols.org\/rubrique\/parcours-membres\/"},{"@type":"ListItem","position":3,"name":"Pays","item":"https:\/\/centcols.org\/rubrique\/parcours-membres\/pays-parcours-membres\/"},{"@type":"ListItem","position":4,"name":"Parcours France","item":"https:\/\/centcols.org\/rubrique\/parcours-membres\/pays-parcours-membres\/parcours-france\/"},{"@type":"ListItem","position":5,"name":"FR-54 Grand Est Rencontre r\u00e9gionale 2022 &#8211; Route 44 km, D+ 490 m, 3 cols"}]},{"@type":"WebSite","@id":"https:\/\/centcols.org\/#website","url":"https:\/\/centcols.org\/","name":"Club des Cent Cols","description":"","publisher":{"@id":"https:\/\/centcols.org\/#organization"},"potentialAction":[{"@type":"SearchAction","target":{"@type":"EntryPoint","urlTemplate":"https:\/\/centcols.org\/?s={search_term_string}"},"query-input":{"@type":"PropertyValueSpecification","valueRequired":true,"valueName":"search_term_string"}}],"inLanguage":"it-IT"},{"@type":"Organization","@id":"https:\/\/centcols.org\/#organization","name":"Club des Cent Cols","url":"https:\/\/centcols.org\/","logo":{"@type":"ImageObject","inLanguage":"it-IT","@id":"https:\/\/centcols.org\/#\/schema\/logo\/image\/","url":"https:\/\/centcols.org\/wp-content\/uploads\/2025\/01\/carte-icone.png","contentUrl":"https:\/\/centcols.org\/wp-content\/uploads\/2025\/01\/carte-icone.png","width":250,"height":250,"caption":"Club des Cent Cols"},"image":{"@id":"https:\/\/centcols.org\/#\/schema\/logo\/image\/"},"sameAs":["https:\/\/www.facebook.com\/groups\/5261880558\/?locale=fr_FR"]},{"@type":"Person","@id":"https:\/\/centcols.org\/#\/schema\/person\/911b404fb133d8c913dd27cdcf71c8e5","name":"Webmaster","image":{"@type":"ImageObject","inLanguage":"it-IT","@id":"https:\/\/centcols.org\/wp-content\/litespeed\/avatar\/2d246e4b6b4f773e08515e1ffc53690b.jpg?ver=1777222892","url":"https:\/\/centcols.org\/wp-content\/litespeed\/avatar\/2d246e4b6b4f773e08515e1ffc53690b.jpg?ver=1777222892","contentUrl":"https:\/\/centcols.org\/wp-content\/litespeed\/avatar\/2d246e4b6b4f773e08515e1ffc53690b.jpg?ver=1777222892","caption":"Webmestre"},"url":"https:\/\/centcols.org\/it\/author\/webmestre\/"}]}},"_links":{"self":[{"href":"https:\/\/centcols.org\/it\/wp-json\/wp\/v2\/posts\/82447","targetHints":{"allow":["GET"]}}],"collection":[{"href":"https:\/\/centcols.org\/it\/wp-json\/wp\/v2\/posts"}],"about":[{"href":"https:\/\/centcols.org\/it\/wp-json\/wp\/v2\/types\/post"}],"author":[{"embeddable":true,"href":"https:\/\/centcols.org\/it\/wp-json\/wp\/v2\/users\/3"}],"replies":[{"embeddable":true,"href":"https:\/\/centcols.org\/it\/wp-json\/wp\/v2\/comments?post=82447"}],"version-history":[{"count":0,"href":"https:\/\/centcols.org\/it\/wp-json\/wp\/v2\/posts\/82447\/revisions"}],"wp:featuredmedia":[{"embeddable":true,"href":"https:\/\/centcols.org\/it\/wp-json\/wp\/v2\/media\/82890"}],"wp:attachment":[{"href":"https:\/\/centcols.org\/it\/wp-json\/wp\/v2\/media?parent=82447"}],"wp:term":[{"taxonomy":"category","embeddable":true,"href":"https:\/\/centcols.org\/it\/wp-json\/wp\/v2\/categories?post=82447"},{"taxonomy":"post_tag","embeddable":true,"href":"https:\/\/centcols.org\/it\/wp-json\/wp\/v2\/tags?post=82447"}],"curies":[{"name":"wp","href":"https:\/\/api.w.org\/{rel}","templated":true}]}}