{"id":82452,"date":"2023-07-12T09:53:11","date_gmt":"2023-07-12T07:53:11","guid":{"rendered":"https:\/\/centcols.org\/fr-2b-au-coeur-du-desert-des-agriates-gravel-35-km-d-715-m-8-cols\/"},"modified":"2025-10-23T11:58:10","modified_gmt":"2025-10-23T09:58:10","slug":"fr-2b-nel-cuore-del-deserto-degli-agriati-ghiaia-35-km-d-715-m-8-passi","status":"publish","type":"post","link":"https:\/\/centcols.org\/it\/fr-2b-au-coeur-du-desert-des-agriates-gravel-35-km-d-715-m-8-cols\/","title":{"rendered":"FR-2B Au coeur du d\u00e9sert des Agriates - Ghiaia 35 km, D+ 715 m, 8 passi"},"content":{"rendered":"<iframe width=\"100%\" height=\"650\" loading=\"lazy\" src=\"https:\/\/www.openrunner.com\/embed\/3334314237437943784278544356463831734247765963716c755a434b61774469346f305150757a686b383d3a3a3cfb1ea55150719fc8d0a913469b619c?unit=metric\" style=\"border: none;\"><\/iframe>\n\n\n\n<h2 class=\"wp-block-heading\">Descrizione dell'autore<\/h2>\n\n\n\n<p><strong>Autore <\/strong>Bernard Giraudeau<\/p>\n\n\n\n<p><strong>Corso<\/strong> : realizzato nel 2012<\/p>\n\n\n\n<p><strong>Partenza<\/strong> Parcheggio: area di sosta vicino al Domaine de l'Ostriconi sulla T30. Altezza: 9 m<\/p>\n\n\n\n<h2 class=\"wp-block-heading\">Informazioni turistiche<\/h2>\n\n\n\n<p>Il deserto di Agriate, una protuberanza patata sulla costa nord-occidentale della Corsica, era un tempo un fertile terreno agricolo (agriate deriva da agraire ). La scarsit\u00e0 d'acqua ha impedito un'occupazione umana permanente.  Il sito di 15.000 ettari tra St-Florent e la valle dell'Ostriconi \u00e8 un'area di eccezionale bellezza sia dal punto di vista costiero che dall'entroterra.<\/p>\n\n\n\n<p>Di particolare interesse sono gli antichi ovili Terrice al km 24,5 a sinistra e \"l'Oriu\" al km 34,2 a destra.<\/p>\n\n\n\n<p><strong>8 collari<\/strong><\/p>\n\n\n\n<figure class=\"wp-block-table is-style-stripes\"><table class=\"has-fixed-layout\"><tbody><tr><td>1 - Bocca di Vezzu<br>2 - Bocca della Speranza<br>3 - Bocca di Petraiolu<br>4 - Bocca di Tedulacciu<br>5 - Bocca Teghie<br>6 - Bocca di Vitucola<br>7 - Collu di Puricciolu<br>8 - Bocca di Mercuriu<\/td><td><a href=\"https:\/\/centcols.org\/it\/util\/geo\/visu.php\/?code=FR-2B-0311\" target=\"_blank\" rel=\"noreferrer noopener\">FR-2B-0311<\/a><br><a href=\"https:\/\/centcols.org\/it\/util\/geo\/visu.php\/?code=FR-2B-0360\" target=\"_blank\" rel=\"noreferrer noopener\">FR-2B-0360<\/a><br><a href=\"https:\/\/centcols.org\/it\/util\/geo\/visu.php\/?code=FR-2B-0357\" target=\"_blank\" rel=\"noreferrer noopener\">FR-2B-0357<\/a><br><a href=\"https:\/\/centcols.org\/it\/util\/geo\/visu.php\/?code=FR-2B-0306\" target=\"_blank\" rel=\"noreferrer noopener\">FR-2B-0306<\/a><br><a href=\"https:\/\/centcols.org\/it\/util\/geo\/visu.php\/?code=FR-2B-0313\" target=\"_blank\" rel=\"noreferrer noopener\">FR-2B-0313<\/a><br><a href=\"https:\/\/centcols.org\/it\/util\/geo\/visu.php\/?code=FR-2B-0292\" target=\"_blank\" rel=\"noreferrer noopener\">FR-2B-0292<\/a><br><a href=\"https:\/\/centcols.org\/it\/util\/geo\/visu.php\/?code=FR-2B-0159\" target=\"_blank\" rel=\"noreferrer noopener\">FR-2B-0159<\/a><br><a href=\"https:\/\/centcols.org\/it\/util\/geo\/visu.php\/?code=FR-2B-0121\" target=\"_blank\" rel=\"noreferrer noopener\">FR-2B-0121<\/a><\/td><\/tr><\/tbody><\/table><\/figure>\n\n\n\n<h2 class=\"wp-block-heading\">Specifiche tecniche<\/h2>\n\n\n\n<p>Su questo percorso ci sono 12 km di strada e 22 km di pista. Solo la salita alla Bocca di Petraiolu presenta una leggera difficolt\u00e0. In alcuni periodi dell'anno, lo straripamento dello stagno della Cannuta pu\u00f2 rendere impraticabile un tratto di 500 metri. Verificate questo punto prima di partire!<\/p>\n\n\n\n<p><strong>Parole chiave<\/strong> : Corsica, Agriates, Ostriconi, Casta, centole<\/p>\n\n\n\n<p><strong>Collegamento a Openrunner, mappa interattiva, profilo, traccia gpx<\/strong> : <strong><a href=\"https:\/\/www.openrunner.com\/route-details\/16610772\" target=\"_blank\" rel=\"noreferrer noopener\">https:\/\/www.openrunner.com\/route-details\/16610772<\/a><\/strong><\/p>\n\n\n\n<p>Questo itinerario \u00e8 offerto a titolo puramente indicativo. L'autore non si assume alcuna responsabilit\u00e0, n\u00e9 quella del Club des Cent Cols, per eventuali imponderabilit\u00e0 dovute al ciclista stesso, all'equipaggiamento utilizzato o a qualsiasi cosa abbia a che fare con la strada, le piste e i sentieri, i loro dintorni o altri utenti.<\/p>\n\n\n\n<h2 class=\"wp-block-heading\">Foto<\/h2>\n\n\n<div class=\"wp-block-image\">\n<figure class=\"aligncenter size-full is-resized\"><a href=\"https:\/\/centcols.org\/wp-content\/uploads\/2023\/07\/plage-de-lostriconi-1200x6831-1.jpg\"><img loading=\"lazy\" decoding=\"async\" width=\"1200\" height=\"683\" src=\"https:\/\/centcols.org\/wp-content\/uploads\/2023\/07\/plage-de-lostriconi-1200x6831-1.jpg\" alt=\"\" class=\"wp-image-89914\" style=\"width:800px\" srcset=\"https:\/\/centcols.org\/wp-content\/uploads\/2023\/07\/plage-de-lostriconi-1200x6831-1.jpg 1200w, https:\/\/centcols.org\/wp-content\/uploads\/2023\/07\/plage-de-lostriconi-1200x6831-1-768x437.jpg 768w, https:\/\/centcols.org\/wp-content\/uploads\/2023\/07\/plage-de-lostriconi-1200x6831-1-18x10.jpg 18w\" sizes=\"auto, (max-width: 1200px) 100vw, 1200px\" \/><\/a><figcaption class=\"wp-element-caption\">P<strong>lage de l'Ostriconi<\/strong><\/figcaption><\/figure>\n<\/div>\n\n<div class=\"wp-block-image\">\n<figure class=\"aligncenter size-full is-resized\"><a href=\"https:\/\/centcols.org\/wp-content\/uploads\/2023\/07\/Paysage-corse.jpg\"><img loading=\"lazy\" decoding=\"async\" width=\"1169\" height=\"842\" src=\"https:\/\/centcols.org\/wp-content\/uploads\/2023\/07\/Paysage-corse.jpg\" alt=\"\" class=\"wp-image-89916\" style=\"width:800px\" srcset=\"https:\/\/centcols.org\/wp-content\/uploads\/2023\/07\/Paysage-corse.jpg 1169w, https:\/\/centcols.org\/wp-content\/uploads\/2023\/07\/Paysage-corse-768x553.jpg 768w, https:\/\/centcols.org\/wp-content\/uploads\/2023\/07\/Paysage-corse-18x12.jpg 18w\" sizes=\"auto, (max-width: 1169px) 100vw, 1169px\" \/><\/a><figcaption class=\"wp-element-caption\"><strong>Paesaggio<\/strong><\/figcaption><\/figure>\n<\/div>\n\n<div class=\"wp-block-image\">\n<figure class=\"aligncenter size-full is-resized\"><a href=\"https:\/\/centcols.org\/wp-content\/uploads\/2023\/07\/desert-des-Agriates-chemin-interieur-1-1200x6591-1.jpg\"><img loading=\"lazy\" decoding=\"async\" width=\"1200\" height=\"659\" src=\"https:\/\/centcols.org\/wp-content\/uploads\/2023\/07\/desert-des-Agriates-chemin-interieur-1-1200x6591-1.jpg\" alt=\"\" class=\"wp-image-89917\" style=\"width:800px\" srcset=\"https:\/\/centcols.org\/wp-content\/uploads\/2023\/07\/desert-des-Agriates-chemin-interieur-1-1200x6591-1.jpg 1200w, https:\/\/centcols.org\/wp-content\/uploads\/2023\/07\/desert-des-Agriates-chemin-interieur-1-1200x6591-1-768x422.jpg 768w, https:\/\/centcols.org\/wp-content\/uploads\/2023\/07\/desert-des-Agriates-chemin-interieur-1-1200x6591-1-18x10.jpg 18w\" sizes=\"auto, (max-width: 1200px) 100vw, 1200px\" \/><\/a><figcaption class=\"wp-element-caption\"><strong>Percorso interno<\/strong> e una delle Casete (piccole case)<\/figcaption><\/figure>\n<\/div>\n\n<div class=\"wp-block-image\">\n<figure class=\"aligncenter size-full is-resized\"><a href=\"https:\/\/centcols.org\/wp-content\/uploads\/2023\/07\/Bergerie-de-Terrice-1200x8001-1.jpg\"><img loading=\"lazy\" decoding=\"async\" width=\"1200\" height=\"800\" src=\"https:\/\/centcols.org\/wp-content\/uploads\/2023\/07\/Bergerie-de-Terrice-1200x8001-1.jpg\" alt=\"\" class=\"wp-image-89918\" style=\"width:800px\" srcset=\"https:\/\/centcols.org\/wp-content\/uploads\/2023\/07\/Bergerie-de-Terrice-1200x8001-1.jpg 1200w, https:\/\/centcols.org\/wp-content\/uploads\/2023\/07\/Bergerie-de-Terrice-1200x8001-1-768x512.jpg 768w, https:\/\/centcols.org\/wp-content\/uploads\/2023\/07\/Bergerie-de-Terrice-1200x8001-1-18x12.jpg 18w\" sizes=\"auto, (max-width: 1200px) 100vw, 1200px\" \/><\/a><figcaption class=\"wp-element-caption\"><strong>Bergerie de Terrice<\/strong><\/figcaption><\/figure>\n<\/div>\n\n<div class=\"wp-block-image\">\n<figure class=\"aligncenter size-full is-resized\"><a href=\"https:\/\/centcols.org\/wp-content\/uploads\/2023\/07\/Santo-Pietro-di-Tenda_pagliaghju-1200x9001-1.jpg\"><img loading=\"lazy\" decoding=\"async\" width=\"1200\" height=\"900\" src=\"https:\/\/centcols.org\/wp-content\/uploads\/2023\/07\/Santo-Pietro-di-Tenda_pagliaghju-1200x9001-1.jpg\" alt=\"\" class=\"wp-image-89919\" style=\"width:800px\" srcset=\"https:\/\/centcols.org\/wp-content\/uploads\/2023\/07\/Santo-Pietro-di-Tenda_pagliaghju-1200x9001-1.jpg 1200w, https:\/\/centcols.org\/wp-content\/uploads\/2023\/07\/Santo-Pietro-di-Tenda_pagliaghju-1200x9001-1-768x576.jpg 768w, https:\/\/centcols.org\/wp-content\/uploads\/2023\/07\/Santo-Pietro-di-Tenda_pagliaghju-1200x9001-1-16x12.jpg 16w\" sizes=\"auto, (max-width: 1200px) 100vw, 1200px\" \/><\/a><figcaption class=\"wp-element-caption\"><strong>Santo Pietro di Tenda e pagliaghju (rifugio in terra)<\/strong><\/figcaption><\/figure>\n<\/div>\n\n<div class=\"wp-block-image\">\n<figure class=\"aligncenter size-full is-resized\"><a href=\"https:\/\/centcols.org\/wp-content\/uploads\/2023\/07\/Oriu-1200x8401-1.jpg\"><img loading=\"lazy\" decoding=\"async\" width=\"1200\" height=\"840\" src=\"https:\/\/centcols.org\/wp-content\/uploads\/2023\/07\/Oriu-1200x8401-1.jpg\" alt=\"\" class=\"wp-image-89920\" style=\"width:800px\" srcset=\"https:\/\/centcols.org\/wp-content\/uploads\/2023\/07\/Oriu-1200x8401-1.jpg 1200w, https:\/\/centcols.org\/wp-content\/uploads\/2023\/07\/Oriu-1200x8401-1-768x538.jpg 768w, https:\/\/centcols.org\/wp-content\/uploads\/2023\/07\/Oriu-1200x8401-1-18x12.jpg 18w\" sizes=\"auto, (max-width: 1200px) 100vw, 1200px\" \/><\/a><figcaption class=\"wp-element-caption\"><strong>Un oriu, un riparo nella roccia<\/strong><\/figcaption><\/figure>\n<\/div>\n\n<div class=\"wp-block-image\">\n<figure class=\"aligncenter size-large is-resized\"><img decoding=\"async\" src=\"https:\/\/centcols.org\/util\/geo\/visu\/FR\/img\/1346\/0203.jpg\" alt=\"\" style=\"width:800px\"\/><figcaption class=\"wp-element-caption\"><strong>Bocca di Vezzu<\/strong><\/figcaption><\/figure>\n<\/div>\n\n<div class=\"wp-block-image\">\n<figure class=\"aligncenter size-large is-resized\"><img decoding=\"async\" src=\"https:\/\/centcols.org\/util\/geo\/visu\/FR\/img\/1346\/2008.jpg\" alt=\"\" style=\"width:800px\"\/><figcaption class=\"wp-element-caption\"><strong>Bocca della Speranza<\/strong><\/figcaption><\/figure>\n<\/div>\n\n<div class=\"wp-block-image\">\n<figure class=\"aligncenter size-large is-resized\"><img decoding=\"async\" src=\"https:\/\/centcols.org\/util\/geo\/visu\/FR\/img\/1346\/1901.jpg\" alt=\"\" style=\"width:800px\"\/><figcaption class=\"wp-element-caption\"><strong>Bocca di Petraiolu<\/strong><\/figcaption><\/figure>\n<\/div>\n\n<div class=\"wp-block-image\">\n<figure class=\"aligncenter size-large is-resized\"><img decoding=\"async\" src=\"https:\/\/centcols.org\/util\/geo\/visu\/FR\/img\/1345\/9900.jpg\" alt=\"\" style=\"width:800px\"\/><figcaption class=\"wp-element-caption\"><strong>Bocca di Tedulacciu<\/strong><\/figcaption><\/figure>\n<\/div>\n\n<div class=\"wp-block-image\">\n<figure class=\"aligncenter size-large is-resized\"><img decoding=\"async\" src=\"https:\/\/centcols.org\/util\/geo\/visu\/FR\/img\/1346\/0301.jpg\" alt=\"\" style=\"width:800px\"\/><figcaption class=\"wp-element-caption\"><strong>Bocca di Teghie<\/strong><\/figcaption><\/figure>\n<\/div>\n\n<div class=\"wp-block-image\">\n<figure class=\"aligncenter size-large is-resized\"><img decoding=\"async\" src=\"https:\/\/centcols.org\/util\/geo\/visu\/FR\/img\/1345\/9301.jpg\" alt=\"\" style=\"width:800px\"\/><figcaption class=\"wp-element-caption\"><strong>Bocca di Vitucola<\/strong><\/figcaption><\/figure>\n<\/div>\n\n<div class=\"wp-block-image\">\n<figure class=\"aligncenter size-large is-resized\"><img decoding=\"async\" src=\"https:\/\/centcols.org\/util\/geo\/visu\/FR\/img\/1345\/6400.jpg\" alt=\"\" style=\"width:800px\"\/><figcaption class=\"wp-element-caption\"><strong>Collu di Puricciulu<\/strong><\/figcaption><\/figure>\n<\/div>\n\n<div class=\"wp-block-image\">\n<figure class=\"aligncenter size-large is-resized\"><img decoding=\"async\" src=\"https:\/\/centcols.org\/util\/geo\/visu\/FR\/img\/1345\/5504.jpg\" alt=\"\" style=\"width:800px\"\/><figcaption class=\"wp-element-caption\"><strong>Bocca di Mercuriu<\/strong><\/figcaption><\/figure>\n<\/div>","protected":false},"excerpt":{"rendered":"<p>Description de l\u2019auteur Auteur : Bernard Giraudeau Parcours : effectu\u00e9 en 2012 D\u00e9part : aire de stationnement proche du Domaine de l\u2019Ostriconi sur la T30. Alt : 9 m Descriptif touristique Le D\u00e9sert des&nbsp; Agriates, une protub\u00e9rance patato\u00efde du littoral nord-ouest de la Corse, \u00e9tait autrefois une terre cultiv\u00e9e et fertile (agriate provient de agraire [&hellip;]<\/p>\n","protected":false},"author":3,"featured_media":82885,"comment_status":"open","ping_status":"open","sticky":false,"template":"","format":"standard","meta":{"_acf_changed":false,"footnotes":""},"categories":[303,320,331,327,326,220],"tags":[],"class_list":["post-82452","post","type-post","status-publish","format-standard","has-post-thumbnail","hentry","category-parcours-france","category-gravel-type-parcours","category-corse-region-parcours-membres","category-corse-massif-parcours-membres","category-corse-departement","category-parcours-membres"],"acf":[],"yoast_head":"<!-- This site is optimized with the Yoast SEO plugin v27.2 - https:\/\/yoast.com\/product\/yoast-seo-wordpress\/ -->\n<title>FR-2B Au coeur du d\u00e9sert des Agriates - Gravel 35 km, D+ 715 m, 8 cols - Club des Cent Cols<\/title>\n<meta name=\"robots\" content=\"index, follow, max-snippet:-1, max-image-preview:large, max-video-preview:-1\" \/>\n<link rel=\"canonical\" href=\"https:\/\/centcols.org\/it\/fr-2b-nel-cuore-del-deserto-degli-agriati-ghiaia-35-km-d-715-m-8-passi\/\" \/>\n<meta property=\"og:locale\" content=\"it_IT\" \/>\n<meta property=\"og:type\" content=\"article\" \/>\n<meta property=\"og:title\" content=\"FR-2B Au coeur du d\u00e9sert des Agriates - Gravel 35 km, D+ 715 m, 8 cols - Club des Cent Cols\" \/>\n<meta property=\"og:description\" content=\"Description de l\u2019auteur Auteur : Bernard Giraudeau Parcours : effectu\u00e9 en 2012 D\u00e9part : aire de stationnement proche du Domaine de l\u2019Ostriconi sur la T30. Alt : 9 m Descriptif touristique Le D\u00e9sert des&nbsp; Agriates, une protub\u00e9rance patato\u00efde du littoral nord-ouest de la Corse, \u00e9tait autrefois une terre cultiv\u00e9e et fertile (agriate provient de agraire [&hellip;]\" \/>\n<meta property=\"og:url\" content=\"https:\/\/centcols.org\/it\/fr-2b-nel-cuore-del-deserto-degli-agriati-ghiaia-35-km-d-715-m-8-passi\/\" \/>\n<meta property=\"og:site_name\" content=\"Club des Cent Cols\" \/>\n<meta property=\"article:publisher\" content=\"https:\/\/www.facebook.com\/groups\/5261880558\/?locale=fr_FR\" \/>\n<meta property=\"article:published_time\" content=\"2023-07-12T07:53:11+00:00\" \/>\n<meta property=\"article:modified_time\" content=\"2025-10-23T09:58:10+00:00\" \/>\n<meta property=\"og:image\" content=\"https:\/\/centcols.org\/wp-content\/uploads\/2023\/07\/55041.jpg\" \/>\n\t<meta property=\"og:image:width\" content=\"800\" \/>\n\t<meta property=\"og:image:height\" content=\"531\" \/>\n\t<meta property=\"og:image:type\" content=\"image\/jpeg\" \/>\n<meta name=\"author\" content=\"Webmestre\" \/>\n<meta name=\"twitter:card\" content=\"summary_large_image\" \/>\n<meta name=\"twitter:label1\" content=\"Scritto da\" \/>\n\t<meta name=\"twitter:data1\" content=\"Webmestre\" \/>\n\t<meta name=\"twitter:label2\" content=\"Tempo di lettura stimato\" \/>\n\t<meta name=\"twitter:data2\" content=\"5 minuti\" \/>\n<script type=\"application\/ld+json\" class=\"yoast-schema-graph\">{\"@context\":\"https:\/\/schema.org\",\"@graph\":[{\"@type\":\"Article\",\"@id\":\"https:\/\/centcols.org\/fr-2b-au-coeur-du-desert-des-agriates-gravel-35-km-d-715-m-8-cols\/#article\",\"isPartOf\":{\"@id\":\"https:\/\/centcols.org\/fr-2b-au-coeur-du-desert-des-agriates-gravel-35-km-d-715-m-8-cols\/\"},\"author\":{\"name\":\"Webmestre\",\"@id\":\"https:\/\/centcols.org\/#\/schema\/person\/911b404fb133d8c913dd27cdcf71c8e5\"},\"headline\":\"FR-2B Au coeur du d\u00e9sert des Agriates &#8211; Gravel 35 km, D+ 715 m, 8 cols\",\"datePublished\":\"2023-07-12T07:53:11+00:00\",\"dateModified\":\"2025-10-23T09:58:10+00:00\",\"mainEntityOfPage\":{\"@id\":\"https:\/\/centcols.org\/fr-2b-au-coeur-du-desert-des-agriates-gravel-35-km-d-715-m-8-cols\/\"},\"wordCount\":371,\"commentCount\":0,\"publisher\":{\"@id\":\"https:\/\/centcols.org\/#organization\"},\"image\":{\"@id\":\"https:\/\/centcols.org\/fr-2b-au-coeur-du-desert-des-agriates-gravel-35-km-d-715-m-8-cols\/#primaryimage\"},\"thumbnailUrl\":\"https:\/\/centcols.org\/wp-content\/uploads\/2023\/07\/55041.jpg\",\"articleSection\":[\"Parcours France\",\"Gravel\",\"Corse\",\"Corse\",\"20-Corse\",\"Parcours membres\"],\"inLanguage\":\"it-IT\",\"potentialAction\":[{\"@type\":\"CommentAction\",\"name\":\"Comment\",\"target\":[\"https:\/\/centcols.org\/fr-2b-au-coeur-du-desert-des-agriates-gravel-35-km-d-715-m-8-cols\/#respond\"]}]},{\"@type\":\"WebPage\",\"@id\":\"https:\/\/centcols.org\/fr-2b-au-coeur-du-desert-des-agriates-gravel-35-km-d-715-m-8-cols\/\",\"url\":\"https:\/\/centcols.org\/fr-2b-au-coeur-du-desert-des-agriates-gravel-35-km-d-715-m-8-cols\/\",\"name\":\"FR-2B Au coeur du d\u00e9sert des Agriates - Gravel 35 km, D+ 715 m, 8 cols - Club des Cent Cols\",\"isPartOf\":{\"@id\":\"https:\/\/centcols.org\/#website\"},\"primaryImageOfPage\":{\"@id\":\"https:\/\/centcols.org\/fr-2b-au-coeur-du-desert-des-agriates-gravel-35-km-d-715-m-8-cols\/#primaryimage\"},\"image\":{\"@id\":\"https:\/\/centcols.org\/fr-2b-au-coeur-du-desert-des-agriates-gravel-35-km-d-715-m-8-cols\/#primaryimage\"},\"thumbnailUrl\":\"https:\/\/centcols.org\/wp-content\/uploads\/2023\/07\/55041.jpg\",\"datePublished\":\"2023-07-12T07:53:11+00:00\",\"dateModified\":\"2025-10-23T09:58:10+00:00\",\"breadcrumb\":{\"@id\":\"https:\/\/centcols.org\/fr-2b-au-coeur-du-desert-des-agriates-gravel-35-km-d-715-m-8-cols\/#breadcrumb\"},\"inLanguage\":\"it-IT\",\"potentialAction\":[{\"@type\":\"ReadAction\",\"target\":[\"https:\/\/centcols.org\/fr-2b-au-coeur-du-desert-des-agriates-gravel-35-km-d-715-m-8-cols\/\"]}]},{\"@type\":\"ImageObject\",\"inLanguage\":\"it-IT\",\"@id\":\"https:\/\/centcols.org\/fr-2b-au-coeur-du-desert-des-agriates-gravel-35-km-d-715-m-8-cols\/#primaryimage\",\"url\":\"https:\/\/centcols.org\/wp-content\/uploads\/2023\/07\/55041.jpg\",\"contentUrl\":\"https:\/\/centcols.org\/wp-content\/uploads\/2023\/07\/55041.jpg\",\"width\":800,\"height\":531},{\"@type\":\"BreadcrumbList\",\"@id\":\"https:\/\/centcols.org\/fr-2b-au-coeur-du-desert-des-agriates-gravel-35-km-d-715-m-8-cols\/#breadcrumb\",\"itemListElement\":[{\"@type\":\"ListItem\",\"position\":1,\"name\":\"Accueil\",\"item\":\"https:\/\/centcols.org\/\"},{\"@type\":\"ListItem\",\"position\":2,\"name\":\"Parcours membres\",\"item\":\"https:\/\/centcols.org\/rubrique\/parcours-membres\/\"},{\"@type\":\"ListItem\",\"position\":3,\"name\":\"Pays\",\"item\":\"https:\/\/centcols.org\/rubrique\/parcours-membres\/pays-parcours-membres\/\"},{\"@type\":\"ListItem\",\"position\":4,\"name\":\"Parcours France\",\"item\":\"https:\/\/centcols.org\/rubrique\/parcours-membres\/pays-parcours-membres\/parcours-france\/\"},{\"@type\":\"ListItem\",\"position\":5,\"name\":\"FR-2B Au coeur du d\u00e9sert des Agriates &#8211; Gravel 35 km, D+ 715 m, 8 cols\"}]},{\"@type\":\"WebSite\",\"@id\":\"https:\/\/centcols.org\/#website\",\"url\":\"https:\/\/centcols.org\/\",\"name\":\"Club des Cent Cols\",\"description\":\"\",\"publisher\":{\"@id\":\"https:\/\/centcols.org\/#organization\"},\"potentialAction\":[{\"@type\":\"SearchAction\",\"target\":{\"@type\":\"EntryPoint\",\"urlTemplate\":\"https:\/\/centcols.org\/?s={search_term_string}\"},\"query-input\":{\"@type\":\"PropertyValueSpecification\",\"valueRequired\":true,\"valueName\":\"search_term_string\"}}],\"inLanguage\":\"it-IT\"},{\"@type\":\"Organization\",\"@id\":\"https:\/\/centcols.org\/#organization\",\"name\":\"Club des Cent Cols\",\"url\":\"https:\/\/centcols.org\/\",\"logo\":{\"@type\":\"ImageObject\",\"inLanguage\":\"it-IT\",\"@id\":\"https:\/\/centcols.org\/#\/schema\/logo\/image\/\",\"url\":\"https:\/\/centcols.org\/wp-content\/uploads\/2025\/01\/carte-icone.png\",\"contentUrl\":\"https:\/\/centcols.org\/wp-content\/uploads\/2025\/01\/carte-icone.png\",\"width\":250,\"height\":250,\"caption\":\"Club des Cent Cols\"},\"image\":{\"@id\":\"https:\/\/centcols.org\/#\/schema\/logo\/image\/\"},\"sameAs\":[\"https:\/\/www.facebook.com\/groups\/5261880558\/?locale=fr_FR\"]},{\"@type\":\"Person\",\"@id\":\"https:\/\/centcols.org\/#\/schema\/person\/911b404fb133d8c913dd27cdcf71c8e5\",\"name\":\"Webmestre\",\"image\":{\"@type\":\"ImageObject\",\"inLanguage\":\"it-IT\",\"@id\":\"https:\/\/centcols.org\/wp-content\/litespeed\/avatar\/2d246e4b6b4f773e08515e1ffc53690b.jpg?ver=1777222892\",\"url\":\"https:\/\/centcols.org\/wp-content\/litespeed\/avatar\/2d246e4b6b4f773e08515e1ffc53690b.jpg?ver=1777222892\",\"contentUrl\":\"https:\/\/centcols.org\/wp-content\/litespeed\/avatar\/2d246e4b6b4f773e08515e1ffc53690b.jpg?ver=1777222892\",\"caption\":\"Webmestre\"},\"url\":\"https:\/\/centcols.org\/it\/author\/webmestre\/\"}]}<\/script>\n<!-- \/ Yoast SEO plugin. -->","yoast_head_json":{"title":"FR-2B Au coeur du d\u00e9sert des Agriates - Ghiaia 35 km, D+ 715 m, 8 cols - Club des Cent Cols","robots":{"index":"index","follow":"follow","max-snippet":"max-snippet:-1","max-image-preview":"max-image-preview:large","max-video-preview":"max-video-preview:-1"},"canonical":"https:\/\/centcols.org\/it\/fr-2b-nel-cuore-del-deserto-degli-agriati-ghiaia-35-km-d-715-m-8-passi\/","og_locale":"it_IT","og_type":"article","og_title":"FR-2B Au coeur du d\u00e9sert des Agriates - Gravel 35 km, D+ 715 m, 8 cols - Club des Cent Cols","og_description":"Description de l\u2019auteur Auteur : Bernard Giraudeau Parcours : effectu\u00e9 en 2012 D\u00e9part : aire de stationnement proche du Domaine de l\u2019Ostriconi sur la T30. Alt : 9 m Descriptif touristique Le D\u00e9sert des&nbsp; Agriates, une protub\u00e9rance patato\u00efde du littoral nord-ouest de la Corse, \u00e9tait autrefois une terre cultiv\u00e9e et fertile (agriate provient de agraire [&hellip;]","og_url":"https:\/\/centcols.org\/it\/fr-2b-nel-cuore-del-deserto-degli-agriati-ghiaia-35-km-d-715-m-8-passi\/","og_site_name":"Club des Cent Cols","article_publisher":"https:\/\/www.facebook.com\/groups\/5261880558\/?locale=fr_FR","article_published_time":"2023-07-12T07:53:11+00:00","article_modified_time":"2025-10-23T09:58:10+00:00","og_image":[{"width":800,"height":531,"url":"https:\/\/centcols.org\/wp-content\/uploads\/2023\/07\/55041.jpg","type":"image\/jpeg"}],"author":"Webmestre","twitter_card":"summary_large_image","twitter_misc":{"Scritto da":"Webmestre","Tempo di lettura stimato":"5 minuti"},"schema":{"@context":"https:\/\/schema.org","@graph":[{"@type":"Article","@id":"https:\/\/centcols.org\/fr-2b-au-coeur-du-desert-des-agriates-gravel-35-km-d-715-m-8-cols\/#article","isPartOf":{"@id":"https:\/\/centcols.org\/fr-2b-au-coeur-du-desert-des-agriates-gravel-35-km-d-715-m-8-cols\/"},"author":{"name":"Webmestre","@id":"https:\/\/centcols.org\/#\/schema\/person\/911b404fb133d8c913dd27cdcf71c8e5"},"headline":"FR-2B Au coeur du d\u00e9sert des Agriates &#8211; Gravel 35 km, D+ 715 m, 8 cols","datePublished":"2023-07-12T07:53:11+00:00","dateModified":"2025-10-23T09:58:10+00:00","mainEntityOfPage":{"@id":"https:\/\/centcols.org\/fr-2b-au-coeur-du-desert-des-agriates-gravel-35-km-d-715-m-8-cols\/"},"wordCount":371,"commentCount":0,"publisher":{"@id":"https:\/\/centcols.org\/#organization"},"image":{"@id":"https:\/\/centcols.org\/fr-2b-au-coeur-du-desert-des-agriates-gravel-35-km-d-715-m-8-cols\/#primaryimage"},"thumbnailUrl":"https:\/\/centcols.org\/wp-content\/uploads\/2023\/07\/55041.jpg","articleSection":["Parcours France","Gravel","Corse","Corse","20-Corse","Parcours membres"],"inLanguage":"it-IT","potentialAction":[{"@type":"CommentAction","name":"Comment","target":["https:\/\/centcols.org\/fr-2b-au-coeur-du-desert-des-agriates-gravel-35-km-d-715-m-8-cols\/#respond"]}]},{"@type":"WebPage","@id":"https:\/\/centcols.org\/fr-2b-au-coeur-du-desert-des-agriates-gravel-35-km-d-715-m-8-cols\/","url":"https:\/\/centcols.org\/fr-2b-au-coeur-du-desert-des-agriates-gravel-35-km-d-715-m-8-cols\/","name":"FR-2B Au coeur du d\u00e9sert des Agriates - Ghiaia 35 km, D+ 715 m, 8 cols - Club des Cent Cols","isPartOf":{"@id":"https:\/\/centcols.org\/#website"},"primaryImageOfPage":{"@id":"https:\/\/centcols.org\/fr-2b-au-coeur-du-desert-des-agriates-gravel-35-km-d-715-m-8-cols\/#primaryimage"},"image":{"@id":"https:\/\/centcols.org\/fr-2b-au-coeur-du-desert-des-agriates-gravel-35-km-d-715-m-8-cols\/#primaryimage"},"thumbnailUrl":"https:\/\/centcols.org\/wp-content\/uploads\/2023\/07\/55041.jpg","datePublished":"2023-07-12T07:53:11+00:00","dateModified":"2025-10-23T09:58:10+00:00","breadcrumb":{"@id":"https:\/\/centcols.org\/fr-2b-au-coeur-du-desert-des-agriates-gravel-35-km-d-715-m-8-cols\/#breadcrumb"},"inLanguage":"it-IT","potentialAction":[{"@type":"ReadAction","target":["https:\/\/centcols.org\/fr-2b-au-coeur-du-desert-des-agriates-gravel-35-km-d-715-m-8-cols\/"]}]},{"@type":"ImageObject","inLanguage":"it-IT","@id":"https:\/\/centcols.org\/fr-2b-au-coeur-du-desert-des-agriates-gravel-35-km-d-715-m-8-cols\/#primaryimage","url":"https:\/\/centcols.org\/wp-content\/uploads\/2023\/07\/55041.jpg","contentUrl":"https:\/\/centcols.org\/wp-content\/uploads\/2023\/07\/55041.jpg","width":800,"height":531},{"@type":"BreadcrumbList","@id":"https:\/\/centcols.org\/fr-2b-au-coeur-du-desert-des-agriates-gravel-35-km-d-715-m-8-cols\/#breadcrumb","itemListElement":[{"@type":"ListItem","position":1,"name":"Accueil","item":"https:\/\/centcols.org\/"},{"@type":"ListItem","position":2,"name":"Parcours membres","item":"https:\/\/centcols.org\/rubrique\/parcours-membres\/"},{"@type":"ListItem","position":3,"name":"Pays","item":"https:\/\/centcols.org\/rubrique\/parcours-membres\/pays-parcours-membres\/"},{"@type":"ListItem","position":4,"name":"Parcours France","item":"https:\/\/centcols.org\/rubrique\/parcours-membres\/pays-parcours-membres\/parcours-france\/"},{"@type":"ListItem","position":5,"name":"FR-2B Au coeur du d\u00e9sert des Agriates &#8211; Gravel 35 km, D+ 715 m, 8 cols"}]},{"@type":"WebSite","@id":"https:\/\/centcols.org\/#website","url":"https:\/\/centcols.org\/","name":"Club des Cent Cols","description":"","publisher":{"@id":"https:\/\/centcols.org\/#organization"},"potentialAction":[{"@type":"SearchAction","target":{"@type":"EntryPoint","urlTemplate":"https:\/\/centcols.org\/?s={search_term_string}"},"query-input":{"@type":"PropertyValueSpecification","valueRequired":true,"valueName":"search_term_string"}}],"inLanguage":"it-IT"},{"@type":"Organization","@id":"https:\/\/centcols.org\/#organization","name":"Club des Cent Cols","url":"https:\/\/centcols.org\/","logo":{"@type":"ImageObject","inLanguage":"it-IT","@id":"https:\/\/centcols.org\/#\/schema\/logo\/image\/","url":"https:\/\/centcols.org\/wp-content\/uploads\/2025\/01\/carte-icone.png","contentUrl":"https:\/\/centcols.org\/wp-content\/uploads\/2025\/01\/carte-icone.png","width":250,"height":250,"caption":"Club des Cent Cols"},"image":{"@id":"https:\/\/centcols.org\/#\/schema\/logo\/image\/"},"sameAs":["https:\/\/www.facebook.com\/groups\/5261880558\/?locale=fr_FR"]},{"@type":"Person","@id":"https:\/\/centcols.org\/#\/schema\/person\/911b404fb133d8c913dd27cdcf71c8e5","name":"Webmaster","image":{"@type":"ImageObject","inLanguage":"it-IT","@id":"https:\/\/centcols.org\/wp-content\/litespeed\/avatar\/2d246e4b6b4f773e08515e1ffc53690b.jpg?ver=1777222892","url":"https:\/\/centcols.org\/wp-content\/litespeed\/avatar\/2d246e4b6b4f773e08515e1ffc53690b.jpg?ver=1777222892","contentUrl":"https:\/\/centcols.org\/wp-content\/litespeed\/avatar\/2d246e4b6b4f773e08515e1ffc53690b.jpg?ver=1777222892","caption":"Webmestre"},"url":"https:\/\/centcols.org\/it\/author\/webmestre\/"}]}},"_links":{"self":[{"href":"https:\/\/centcols.org\/it\/wp-json\/wp\/v2\/posts\/82452","targetHints":{"allow":["GET"]}}],"collection":[{"href":"https:\/\/centcols.org\/it\/wp-json\/wp\/v2\/posts"}],"about":[{"href":"https:\/\/centcols.org\/it\/wp-json\/wp\/v2\/types\/post"}],"author":[{"embeddable":true,"href":"https:\/\/centcols.org\/it\/wp-json\/wp\/v2\/users\/3"}],"replies":[{"embeddable":true,"href":"https:\/\/centcols.org\/it\/wp-json\/wp\/v2\/comments?post=82452"}],"version-history":[{"count":0,"href":"https:\/\/centcols.org\/it\/wp-json\/wp\/v2\/posts\/82452\/revisions"}],"wp:featuredmedia":[{"embeddable":true,"href":"https:\/\/centcols.org\/it\/wp-json\/wp\/v2\/media\/82885"}],"wp:attachment":[{"href":"https:\/\/centcols.org\/it\/wp-json\/wp\/v2\/media?parent=82452"}],"wp:term":[{"taxonomy":"category","embeddable":true,"href":"https:\/\/centcols.org\/it\/wp-json\/wp\/v2\/categories?post=82452"},{"taxonomy":"post_tag","embeddable":true,"href":"https:\/\/centcols.org\/it\/wp-json\/wp\/v2\/tags?post=82452"}],"curies":[{"name":"wp","href":"https:\/\/api.w.org\/{rel}","templated":true}]}}