{"id":82457,"date":"2023-07-08T08:40:26","date_gmt":"2023-07-08T06:40:26","guid":{"rendered":"https:\/\/centcols.org\/fr-38-le-plateau-demparis-vtt-41-km-d-1410-m-4-cols\/"},"modified":"2026-02-01T13:09:42","modified_gmt":"2026-02-01T11:09:42","slug":"le-plateau-demparis-vtt","status":"publish","type":"post","link":"https:\/\/centcols.org\/it\/le-plateau-demparis-vtt\/","title":{"rendered":"FR-38 Le plateau d'Emparis - MTB 41 km, D+ 1410 m, 4 passi"},"content":{"rendered":"<iframe width=\"100%\" height=\"650\" loading=\"lazy\" src=\"https:\/\/www.openrunner.com\/embed\/57627551484a49756f464e33715930654e366f6c4f784c57786c7a555970725765503659753431685530493d3a3aa04248e1027865a3e09422c4fc0b780e?unit=metric\" style=\"border: none;\"><\/iframe>\n\n\n\n<h2 class=\"wp-block-heading\">Descrizione dell'autore<\/h2>\n\n\n\n<p><strong>Autore <\/strong>: Guy Garcin<\/p>\n\n\n\n<p><strong>Partenza <\/strong>Dal centro del villaggio di Mizo\u00ebn. Altitudine: 1187 m.<\/p>\n\n\n\n<h2 class=\"wp-block-heading\">Informazioni turistiche<\/h2>\n\n\n\n<p>Un superbo itinerario in mountain bike nel pi\u00f9 grande alpeggio della Francia, di fronte ai ghiacciai della Meije, tra laghi cristallini, mandrie e flora d'alta quota.<\/p>\n\n\n\n<p>L'altopiano di Emparis si trova a oltre 2.000 metri di altitudine nei dipartimenti francesi dell'Is\u00e8re e delle Hautes-Alpes. Fa parte del massiccio dell'Arves e si affaccia sul massiccio degli \u00c9crins, in particolare su La Meije e Le Rateau. Si trova nei comuni di Besse, Mizo\u00ebn e La Grave.<\/p>\n\n\n\n<p>L'altopiano di Emparis, con la sua ricca flora e fauna, \u00e8 uno dei siti Natura 2000 della Francia.<\/p>\n\n\n\n<p>Il percorso attraversa il bellissimo villaggio di Besse en Oisans, con le sue case in pietra a secco.<\/p>\n\n\n\n<p><strong>4 collari<\/strong><\/p>\n\n\n\n<figure class=\"wp-block-table is-style-stripes\"><table class=\"has-fixed-layout\"><tbody><tr><td>1 - Col du Souchet<br>2 - La Br\u00e8che<br>3 - Col Saint Georges<br>4 - Col Nazi\u00e9<\/td><td><a href=\"https:\/\/centcols.org\/it\/util\/geo\/visu.php\/?code=FR-05-2365\" target=\"_blank\" rel=\"noreferrer noopener\">FR-05-2365 <\/a>&nbsp;<br><a href=\"https:\/\/centcols.org\/it\/util\/geo\/visu.php\/?code=FR-05-2390\" target=\"_blank\" rel=\"noreferrer noopener\">FR-05-2390<\/a><br><a href=\"https:\/\/centcols.org\/it\/util\/geo\/visu.php\/?code=FR-38-2245a\" target=\"_blank\" rel=\"noreferrer noopener\">FR-38-2245a<\/a><br><a href=\"https:\/\/centcols.org\/it\/util\/geo\/visu.php\/?code=FR-38-1902b\" target=\"_blank\" rel=\"noreferrer noopener\">FR-38-1902b<\/a><\/td><\/tr><\/tbody><\/table><\/figure>\n\n\n\n<h2 class=\"wp-block-heading\">Specifiche tecniche<\/h2>\n\n\n\n<p>Sui 41 km del percorso:<br>- 30 km sono su R1,<br>&nbsp;- Circa 10 km sul sentiero da e per il Col du Souchet e la Br\u00eache, una pista ciclabile stimata in circa 30 %,&nbsp;<br>- 90 m sul sentiero per raggiungere il Col Nazi\u00e9<\/p>\n\n\n\n<p><strong>Collegamento a Openrunner, mappa interattiva, profilo, traccia gpx<\/strong><br><a href=\"https:\/\/www.openrunner.com\/route-details\/16807439\" target=\"_blank\" rel=\"noreferrer noopener\">https:\/\/www.openrunner.com\/route-details\/16807439<\/a><\/p>\n\n\n\n<p><strong>Parole chiave<\/strong> Plateau d'Amparis, Mizo\u00ebn, Besse-en-Oisans, centole<\/p>\n\n\n\n<p>Ulteriori informazioni su \"Plateau d'Emparis con A.R. a La Br\u00e8che - 2390m :<br><a href=\"https:\/\/love-velo.fr\/plateau-demparis-avec-a-r-a-la-breche-2390m\/\">https:\/\/love-velo.fr\/plateau-demparis-avec-a-r-a-la-breche-2390m\/<\/a><\/p>\n\n\n\n<p>Questo itinerario \u00e8 fornito a titolo puramente informativo. L'autore non si assume alcuna responsabilit\u00e0, n\u00e9 quella del Club des Cent Cols, per le imponderabilit\u00e0 causate dal ciclista stesso, dall'attrezzatura utilizzata o da qualsiasi cosa abbia a che fare con la strada, i suoi dintorni o gli altri utenti della strada.<\/p>\n\n\n\n<h2 class=\"wp-block-heading\">Foto<\/h2>\n\n\n\n<p>Album fotografico : <a href=\"https:\/\/photos.app.goo.gl\/2i8gooLhewLex5Q16\">https:\/\/photos.app.goo.gl\/2i8gooLhewLex5Q16<\/a><\/p>\n\n\n<div class=\"wp-block-image\">\n<figure class=\"aligncenter size-full is-resized\"><a href=\"https:\/\/centcols.org\/wp-content\/uploads\/2023\/07\/Vue-depuis-le-gite-lAmparis-sur-le-lac-Chambon-1200x6121-1.jpg\"><img loading=\"lazy\" decoding=\"async\" width=\"1200\" height=\"612\" src=\"https:\/\/centcols.org\/wp-content\/uploads\/2023\/07\/Vue-depuis-le-gite-lAmparis-sur-le-lac-Chambon-1200x6121-1.jpg\" alt=\"\" class=\"wp-image-89927\" style=\"width:800px\" srcset=\"https:\/\/centcols.org\/wp-content\/uploads\/2023\/07\/Vue-depuis-le-gite-lAmparis-sur-le-lac-Chambon-1200x6121-1.jpg 1200w, https:\/\/centcols.org\/wp-content\/uploads\/2023\/07\/Vue-depuis-le-gite-lAmparis-sur-le-lac-Chambon-1200x6121-1-768x392.jpg 768w, https:\/\/centcols.org\/wp-content\/uploads\/2023\/07\/Vue-depuis-le-gite-lAmparis-sur-le-lac-Chambon-1200x6121-1-18x9.jpg 18w\" sizes=\"auto, (max-width: 1200px) 100vw, 1200px\" \/><\/a><figcaption class=\"wp-element-caption\"><strong>Vista dal g\u00eete<\/strong><\/figcaption><\/figure>\n<\/div>\n\n<div class=\"wp-block-image\">\n<figure class=\"aligncenter size-full is-resized\"><a href=\"https:\/\/centcols.org\/wp-content\/uploads\/2023\/07\/Les-lacets-depuis-Mizoen-1200x6751-1.jpg\"><img loading=\"lazy\" decoding=\"async\" width=\"1200\" height=\"675\" src=\"https:\/\/centcols.org\/wp-content\/uploads\/2023\/07\/Les-lacets-depuis-Mizoen-1200x6751-1.jpg\" alt=\"\" class=\"wp-image-89928\" style=\"width:800px\" srcset=\"https:\/\/centcols.org\/wp-content\/uploads\/2023\/07\/Les-lacets-depuis-Mizoen-1200x6751-1.jpg 1200w, https:\/\/centcols.org\/wp-content\/uploads\/2023\/07\/Les-lacets-depuis-Mizoen-1200x6751-1-768x432.jpg 768w, https:\/\/centcols.org\/wp-content\/uploads\/2023\/07\/Les-lacets-depuis-Mizoen-1200x6751-1-18x10.jpg 18w\" sizes=\"auto, (max-width: 1200px) 100vw, 1200px\" \/><\/a><figcaption class=\"wp-element-caption\"><strong>I lacci di Mizo\u00ebn<\/strong><\/figcaption><\/figure>\n<\/div>\n\n<div class=\"wp-block-image\">\n<figure class=\"aligncenter size-full is-resized\"><a href=\"https:\/\/centcols.org\/wp-content\/uploads\/2023\/07\/Vue-sur-le-Col-du-Coing-non-reconnu-1200x6741-1.jpg\"><img loading=\"lazy\" decoding=\"async\" width=\"1200\" height=\"674\" src=\"https:\/\/centcols.org\/wp-content\/uploads\/2023\/07\/Vue-sur-le-Col-du-Coing-non-reconnu-1200x6741-1.jpg\" alt=\"\" class=\"wp-image-89929\" style=\"width:800px\" srcset=\"https:\/\/centcols.org\/wp-content\/uploads\/2023\/07\/Vue-sur-le-Col-du-Coing-non-reconnu-1200x6741-1.jpg 1200w, https:\/\/centcols.org\/wp-content\/uploads\/2023\/07\/Vue-sur-le-Col-du-Coing-non-reconnu-1200x6741-1-768x431.jpg 768w, https:\/\/centcols.org\/wp-content\/uploads\/2023\/07\/Vue-sur-le-Col-du-Coing-non-reconnu-1200x6741-1-18x10.jpg 18w\" sizes=\"auto, (max-width: 1200px) 100vw, 1200px\" \/><\/a><figcaption class=\"wp-element-caption\"><strong>Vista sul \"Col du Coing\" (non riconosciuto)<\/strong><\/figcaption><\/figure>\n<\/div>\n\n<div class=\"wp-block-image\">\n<figure class=\"aligncenter size-full is-resized\"><a href=\"https:\/\/centcols.org\/wp-content\/uploads\/2023\/07\/La-piste-de-descente-au-retour-1200x6741-1.jpg\"><img loading=\"lazy\" decoding=\"async\" width=\"1200\" height=\"674\" src=\"https:\/\/centcols.org\/wp-content\/uploads\/2023\/07\/La-piste-de-descente-au-retour-1200x6741-1.jpg\" alt=\"\" class=\"wp-image-89930\" style=\"width:800px\" srcset=\"https:\/\/centcols.org\/wp-content\/uploads\/2023\/07\/La-piste-de-descente-au-retour-1200x6741-1.jpg 1200w, https:\/\/centcols.org\/wp-content\/uploads\/2023\/07\/La-piste-de-descente-au-retour-1200x6741-1-768x431.jpg 768w, https:\/\/centcols.org\/wp-content\/uploads\/2023\/07\/La-piste-de-descente-au-retour-1200x6741-1-18x10.jpg 18w\" sizes=\"auto, (max-width: 1200px) 100vw, 1200px\" \/><\/a><figcaption class=\"wp-element-caption\"><strong>Lacci in discesa al ritorno<\/strong><\/figcaption><\/figure>\n<\/div>\n\n<div class=\"wp-block-image\">\n<figure class=\"aligncenter size-full is-resized\"><a href=\"https:\/\/centcols.org\/wp-content\/uploads\/2023\/07\/Le-Plateau-dAmparis-1200x6741-1.jpg\"><img loading=\"lazy\" decoding=\"async\" width=\"1200\" height=\"674\" src=\"https:\/\/centcols.org\/wp-content\/uploads\/2023\/07\/Le-Plateau-dAmparis-1200x6741-1.jpg\" alt=\"\" class=\"wp-image-89931\" style=\"width:800px\" srcset=\"https:\/\/centcols.org\/wp-content\/uploads\/2023\/07\/Le-Plateau-dAmparis-1200x6741-1.jpg 1200w, https:\/\/centcols.org\/wp-content\/uploads\/2023\/07\/Le-Plateau-dAmparis-1200x6741-1-768x431.jpg 768w, https:\/\/centcols.org\/wp-content\/uploads\/2023\/07\/Le-Plateau-dAmparis-1200x6741-1-18x10.jpg 18w\" sizes=\"auto, (max-width: 1200px) 100vw, 1200px\" \/><\/a><figcaption class=\"wp-element-caption\"><strong>L'altopiano di Emparis<\/strong><\/figcaption><\/figure>\n<\/div>\n\n<div class=\"wp-block-image\">\n<figure class=\"aligncenter size-full is-resized\"><a href=\"https:\/\/centcols.org\/wp-content\/uploads\/2023\/07\/Au-Col-du-Souchet-La-Meije-et-le-Rateau-1200x5371-1.jpg\"><img loading=\"lazy\" decoding=\"async\" width=\"1200\" height=\"537\" src=\"https:\/\/centcols.org\/wp-content\/uploads\/2023\/07\/Au-Col-du-Souchet-La-Meije-et-le-Rateau-1200x5371-1.jpg\" alt=\"\" class=\"wp-image-89932\" style=\"width:800px\" srcset=\"https:\/\/centcols.org\/wp-content\/uploads\/2023\/07\/Au-Col-du-Souchet-La-Meije-et-le-Rateau-1200x5371-1.jpg 1200w, https:\/\/centcols.org\/wp-content\/uploads\/2023\/07\/Au-Col-du-Souchet-La-Meije-et-le-Rateau-1200x5371-1-768x344.jpg 768w, https:\/\/centcols.org\/wp-content\/uploads\/2023\/07\/Au-Col-du-Souchet-La-Meije-et-le-Rateau-1200x5371-1-18x8.jpg 18w\" sizes=\"auto, (max-width: 1200px) 100vw, 1200px\" \/><\/a><figcaption class=\"wp-element-caption\"><strong>Al Col du Souchet, La Meije a destra e il Rateau<\/strong><\/figcaption><\/figure>\n<\/div>\n\n<div class=\"wp-block-image\">\n<figure class=\"aligncenter size-full is-resized\"><a href=\"https:\/\/centcols.org\/wp-content\/uploads\/2023\/07\/Vue-depuis-La-Breche1.jpg\"><img loading=\"lazy\" decoding=\"async\" width=\"1143\" height=\"700\" src=\"https:\/\/centcols.org\/wp-content\/uploads\/2023\/07\/Vue-depuis-La-Breche1.jpg\" alt=\"\" class=\"wp-image-89933\" style=\"width:800px\" srcset=\"https:\/\/centcols.org\/wp-content\/uploads\/2023\/07\/Vue-depuis-La-Breche1.jpg 1143w, https:\/\/centcols.org\/wp-content\/uploads\/2023\/07\/Vue-depuis-La-Breche1-768x470.jpg 768w, https:\/\/centcols.org\/wp-content\/uploads\/2023\/07\/Vue-depuis-La-Breche1-18x12.jpg 18w\" sizes=\"auto, (max-width: 1143px) 100vw, 1143px\" \/><\/a><figcaption class=\"wp-element-caption\"><strong>Vista da La Br\u00eache<\/strong><\/figcaption><\/figure>\n<\/div>\n\n<div class=\"wp-block-image\">\n<figure class=\"aligncenter size-large is-resized\"><img decoding=\"async\" src=\"https:\/\/centcols.org\/util\/geo\/visu\/FR\/img\/1360\/8802.jpg\" alt=\"\" style=\"width:800px\"\/><figcaption class=\"wp-element-caption\"><strong>Col Saint Georges<\/strong><\/figcaption><\/figure>\n<\/div>\n\n<div class=\"wp-block-image\">\n<figure class=\"aligncenter size-large is-resized\"><img decoding=\"async\" src=\"https:\/\/centcols.org\/util\/geo\/visu\/FR\/img\/1360\/2802.jpg\" alt=\"\" style=\"width:800px\"\/><figcaption class=\"wp-element-caption\"><strong>Col Nazie<\/strong><\/figcaption><\/figure>\n<\/div>","protected":false},"excerpt":{"rendered":"<p>Description de l\u2019auteur Auteur : Guy Garcin D\u00e9part : au centre du village de Mizo\u00ebn. Alt&nbsp;: 1187 m. Descriptif touristique Superbe boucle \u00e0 VTT dans le plus grand alpage de France face aux glaciers de la Meije, parmi les lacs cristallins, les troupeaux et la flore d\u2019altitude. Le plateau d\u2019Emparis est situ\u00e9 \u00e0 plus de [&hellip;]<\/p>\n","protected":false},"author":3,"featured_media":82887,"comment_status":"open","ping_status":"open","sticky":false,"template":"","format":"standard","meta":{"_acf_changed":false,"footnotes":""},"categories":[329,303,319,328,220],"tags":[],"class_list":["post-82457","post","type-post","status-publish","format-standard","has-post-thumbnail","hentry","category-alpes-francaises-du-nord","category-parcours-france","category-vtt-type-parcours","category-38-isere","category-parcours-membres"],"acf":[],"yoast_head":"<!-- This site is optimized with the Yoast SEO plugin v27.2 - https:\/\/yoast.com\/product\/yoast-seo-wordpress\/ -->\n<title>FR-38 Le plateau d&#039;Emparis - VTT 41 km, D+ 1410 m, 4 cols - Club des Cent Cols<\/title>\n<meta name=\"robots\" content=\"index, follow, max-snippet:-1, max-image-preview:large, max-video-preview:-1\" \/>\n<link rel=\"canonical\" href=\"https:\/\/centcols.org\/it\/le-plateau-demparis-vtt\/\" \/>\n<meta property=\"og:locale\" content=\"it_IT\" \/>\n<meta property=\"og:type\" content=\"article\" \/>\n<meta property=\"og:title\" content=\"FR-38 Le plateau d&#039;Emparis - VTT 41 km, D+ 1410 m, 4 cols - Club des Cent Cols\" \/>\n<meta property=\"og:description\" content=\"Description de l\u2019auteur Auteur : Guy Garcin D\u00e9part : au centre du village de Mizo\u00ebn. Alt&nbsp;: 1187 m. Descriptif touristique Superbe boucle \u00e0 VTT dans le plus grand alpage de France face aux glaciers de la Meije, parmi les lacs cristallins, les troupeaux et la flore d\u2019altitude. Le plateau d\u2019Emparis est situ\u00e9 \u00e0 plus de [&hellip;]\" \/>\n<meta property=\"og:url\" content=\"https:\/\/centcols.org\/it\/le-plateau-demparis-vtt\/\" \/>\n<meta property=\"og:site_name\" content=\"Club des Cent Cols\" \/>\n<meta property=\"article:publisher\" content=\"https:\/\/www.facebook.com\/groups\/5261880558\/?locale=fr_FR\" \/>\n<meta property=\"article:published_time\" content=\"2023-07-08T06:40:26+00:00\" \/>\n<meta property=\"article:modified_time\" content=\"2026-02-01T11:09:42+00:00\" \/>\n<meta property=\"og:image\" content=\"https:\/\/centcols.org\/wp-content\/uploads\/2023\/07\/88021.jpg\" \/>\n\t<meta property=\"og:image:width\" content=\"800\" \/>\n\t<meta property=\"og:image:height\" content=\"600\" \/>\n\t<meta property=\"og:image:type\" content=\"image\/jpeg\" \/>\n<meta name=\"author\" content=\"Webmestre\" \/>\n<meta name=\"twitter:card\" content=\"summary_large_image\" \/>\n<meta name=\"twitter:label1\" content=\"Scritto da\" \/>\n\t<meta name=\"twitter:data1\" content=\"Webmestre\" \/>\n\t<meta name=\"twitter:label2\" content=\"Tempo di lettura stimato\" \/>\n\t<meta name=\"twitter:data2\" content=\"4 minuti\" \/>\n<script type=\"application\/ld+json\" class=\"yoast-schema-graph\">{\"@context\":\"https:\/\/schema.org\",\"@graph\":[{\"@type\":\"Article\",\"@id\":\"https:\/\/centcols.org\/le-plateau-demparis-vtt\/#article\",\"isPartOf\":{\"@id\":\"https:\/\/centcols.org\/le-plateau-demparis-vtt\/\"},\"author\":{\"name\":\"Webmestre\",\"@id\":\"https:\/\/centcols.org\/#\/schema\/person\/911b404fb133d8c913dd27cdcf71c8e5\"},\"headline\":\"FR-38 Le plateau d&rsquo;Emparis &#8211; VTT 41 km, D+ 1410 m, 4 cols\",\"datePublished\":\"2023-07-08T06:40:26+00:00\",\"dateModified\":\"2026-02-01T11:09:42+00:00\",\"mainEntityOfPage\":{\"@id\":\"https:\/\/centcols.org\/le-plateau-demparis-vtt\/\"},\"wordCount\":375,\"commentCount\":0,\"publisher\":{\"@id\":\"https:\/\/centcols.org\/#organization\"},\"image\":{\"@id\":\"https:\/\/centcols.org\/le-plateau-demparis-vtt\/#primaryimage\"},\"thumbnailUrl\":\"https:\/\/centcols.org\/wp-content\/uploads\/2023\/07\/88021.jpg\",\"articleSection\":[\"Alpes fran\u00e7aises du nord\",\"Parcours France\",\"VTT\",\"38-Is\u00e8re\",\"Parcours membres\"],\"inLanguage\":\"it-IT\",\"potentialAction\":[{\"@type\":\"CommentAction\",\"name\":\"Comment\",\"target\":[\"https:\/\/centcols.org\/le-plateau-demparis-vtt\/#respond\"]}]},{\"@type\":\"WebPage\",\"@id\":\"https:\/\/centcols.org\/le-plateau-demparis-vtt\/\",\"url\":\"https:\/\/centcols.org\/le-plateau-demparis-vtt\/\",\"name\":\"FR-38 Le plateau d'Emparis - VTT 41 km, D+ 1410 m, 4 cols - Club des Cent Cols\",\"isPartOf\":{\"@id\":\"https:\/\/centcols.org\/#website\"},\"primaryImageOfPage\":{\"@id\":\"https:\/\/centcols.org\/le-plateau-demparis-vtt\/#primaryimage\"},\"image\":{\"@id\":\"https:\/\/centcols.org\/le-plateau-demparis-vtt\/#primaryimage\"},\"thumbnailUrl\":\"https:\/\/centcols.org\/wp-content\/uploads\/2023\/07\/88021.jpg\",\"datePublished\":\"2023-07-08T06:40:26+00:00\",\"dateModified\":\"2026-02-01T11:09:42+00:00\",\"breadcrumb\":{\"@id\":\"https:\/\/centcols.org\/le-plateau-demparis-vtt\/#breadcrumb\"},\"inLanguage\":\"it-IT\",\"potentialAction\":[{\"@type\":\"ReadAction\",\"target\":[\"https:\/\/centcols.org\/le-plateau-demparis-vtt\/\"]}]},{\"@type\":\"ImageObject\",\"inLanguage\":\"it-IT\",\"@id\":\"https:\/\/centcols.org\/le-plateau-demparis-vtt\/#primaryimage\",\"url\":\"https:\/\/centcols.org\/wp-content\/uploads\/2023\/07\/88021.jpg\",\"contentUrl\":\"https:\/\/centcols.org\/wp-content\/uploads\/2023\/07\/88021.jpg\",\"width\":800,\"height\":600},{\"@type\":\"BreadcrumbList\",\"@id\":\"https:\/\/centcols.org\/le-plateau-demparis-vtt\/#breadcrumb\",\"itemListElement\":[{\"@type\":\"ListItem\",\"position\":1,\"name\":\"Accueil\",\"item\":\"https:\/\/centcols.org\/\"},{\"@type\":\"ListItem\",\"position\":2,\"name\":\"Parcours membres\",\"item\":\"https:\/\/centcols.org\/rubrique\/parcours-membres\/\"},{\"@type\":\"ListItem\",\"position\":3,\"name\":\"Pays\",\"item\":\"https:\/\/centcols.org\/rubrique\/parcours-membres\/pays-parcours-membres\/\"},{\"@type\":\"ListItem\",\"position\":4,\"name\":\"Parcours France\",\"item\":\"https:\/\/centcols.org\/rubrique\/parcours-membres\/pays-parcours-membres\/parcours-france\/\"},{\"@type\":\"ListItem\",\"position\":5,\"name\":\"FR-38 Le plateau d&rsquo;Emparis &#8211; VTT 41 km, D+ 1410 m, 4 cols\"}]},{\"@type\":\"WebSite\",\"@id\":\"https:\/\/centcols.org\/#website\",\"url\":\"https:\/\/centcols.org\/\",\"name\":\"Club des Cent Cols\",\"description\":\"\",\"publisher\":{\"@id\":\"https:\/\/centcols.org\/#organization\"},\"potentialAction\":[{\"@type\":\"SearchAction\",\"target\":{\"@type\":\"EntryPoint\",\"urlTemplate\":\"https:\/\/centcols.org\/?s={search_term_string}\"},\"query-input\":{\"@type\":\"PropertyValueSpecification\",\"valueRequired\":true,\"valueName\":\"search_term_string\"}}],\"inLanguage\":\"it-IT\"},{\"@type\":\"Organization\",\"@id\":\"https:\/\/centcols.org\/#organization\",\"name\":\"Club des Cent Cols\",\"url\":\"https:\/\/centcols.org\/\",\"logo\":{\"@type\":\"ImageObject\",\"inLanguage\":\"it-IT\",\"@id\":\"https:\/\/centcols.org\/#\/schema\/logo\/image\/\",\"url\":\"https:\/\/centcols.org\/wp-content\/uploads\/2025\/01\/carte-icone.png\",\"contentUrl\":\"https:\/\/centcols.org\/wp-content\/uploads\/2025\/01\/carte-icone.png\",\"width\":250,\"height\":250,\"caption\":\"Club des Cent Cols\"},\"image\":{\"@id\":\"https:\/\/centcols.org\/#\/schema\/logo\/image\/\"},\"sameAs\":[\"https:\/\/www.facebook.com\/groups\/5261880558\/?locale=fr_FR\"]},{\"@type\":\"Person\",\"@id\":\"https:\/\/centcols.org\/#\/schema\/person\/911b404fb133d8c913dd27cdcf71c8e5\",\"name\":\"Webmestre\",\"image\":{\"@type\":\"ImageObject\",\"inLanguage\":\"it-IT\",\"@id\":\"https:\/\/centcols.org\/wp-content\/litespeed\/avatar\/2d246e4b6b4f773e08515e1ffc53690b.jpg?ver=1777222892\",\"url\":\"https:\/\/centcols.org\/wp-content\/litespeed\/avatar\/2d246e4b6b4f773e08515e1ffc53690b.jpg?ver=1777222892\",\"contentUrl\":\"https:\/\/centcols.org\/wp-content\/litespeed\/avatar\/2d246e4b6b4f773e08515e1ffc53690b.jpg?ver=1777222892\",\"caption\":\"Webmestre\"},\"url\":\"https:\/\/centcols.org\/it\/author\/webmestre\/\"}]}<\/script>\n<!-- \/ Yoast SEO plugin. -->","yoast_head_json":{"title":"FR-38 Le plateau d'Emparis - MTB 41 km, D+ 1410 m, 4 passi - Club des Cent Cols","robots":{"index":"index","follow":"follow","max-snippet":"max-snippet:-1","max-image-preview":"max-image-preview:large","max-video-preview":"max-video-preview:-1"},"canonical":"https:\/\/centcols.org\/it\/le-plateau-demparis-vtt\/","og_locale":"it_IT","og_type":"article","og_title":"FR-38 Le plateau d'Emparis - VTT 41 km, D+ 1410 m, 4 cols - Club des Cent Cols","og_description":"Description de l\u2019auteur Auteur : Guy Garcin D\u00e9part : au centre du village de Mizo\u00ebn. Alt&nbsp;: 1187 m. Descriptif touristique Superbe boucle \u00e0 VTT dans le plus grand alpage de France face aux glaciers de la Meije, parmi les lacs cristallins, les troupeaux et la flore d\u2019altitude. Le plateau d\u2019Emparis est situ\u00e9 \u00e0 plus de [&hellip;]","og_url":"https:\/\/centcols.org\/it\/le-plateau-demparis-vtt\/","og_site_name":"Club des Cent Cols","article_publisher":"https:\/\/www.facebook.com\/groups\/5261880558\/?locale=fr_FR","article_published_time":"2023-07-08T06:40:26+00:00","article_modified_time":"2026-02-01T11:09:42+00:00","og_image":[{"width":800,"height":600,"url":"https:\/\/centcols.org\/wp-content\/uploads\/2023\/07\/88021.jpg","type":"image\/jpeg"}],"author":"Webmestre","twitter_card":"summary_large_image","twitter_misc":{"Scritto da":"Webmestre","Tempo di lettura stimato":"4 minuti"},"schema":{"@context":"https:\/\/schema.org","@graph":[{"@type":"Article","@id":"https:\/\/centcols.org\/le-plateau-demparis-vtt\/#article","isPartOf":{"@id":"https:\/\/centcols.org\/le-plateau-demparis-vtt\/"},"author":{"name":"Webmestre","@id":"https:\/\/centcols.org\/#\/schema\/person\/911b404fb133d8c913dd27cdcf71c8e5"},"headline":"FR-38 Le plateau d&rsquo;Emparis &#8211; VTT 41 km, D+ 1410 m, 4 cols","datePublished":"2023-07-08T06:40:26+00:00","dateModified":"2026-02-01T11:09:42+00:00","mainEntityOfPage":{"@id":"https:\/\/centcols.org\/le-plateau-demparis-vtt\/"},"wordCount":375,"commentCount":0,"publisher":{"@id":"https:\/\/centcols.org\/#organization"},"image":{"@id":"https:\/\/centcols.org\/le-plateau-demparis-vtt\/#primaryimage"},"thumbnailUrl":"https:\/\/centcols.org\/wp-content\/uploads\/2023\/07\/88021.jpg","articleSection":["Alpes fran\u00e7aises du nord","Parcours France","VTT","38-Is\u00e8re","Parcours membres"],"inLanguage":"it-IT","potentialAction":[{"@type":"CommentAction","name":"Comment","target":["https:\/\/centcols.org\/le-plateau-demparis-vtt\/#respond"]}]},{"@type":"WebPage","@id":"https:\/\/centcols.org\/le-plateau-demparis-vtt\/","url":"https:\/\/centcols.org\/le-plateau-demparis-vtt\/","name":"FR-38 Le plateau d'Emparis - MTB 41 km, D+ 1410 m, 4 passi - Club des Cent Cols","isPartOf":{"@id":"https:\/\/centcols.org\/#website"},"primaryImageOfPage":{"@id":"https:\/\/centcols.org\/le-plateau-demparis-vtt\/#primaryimage"},"image":{"@id":"https:\/\/centcols.org\/le-plateau-demparis-vtt\/#primaryimage"},"thumbnailUrl":"https:\/\/centcols.org\/wp-content\/uploads\/2023\/07\/88021.jpg","datePublished":"2023-07-08T06:40:26+00:00","dateModified":"2026-02-01T11:09:42+00:00","breadcrumb":{"@id":"https:\/\/centcols.org\/le-plateau-demparis-vtt\/#breadcrumb"},"inLanguage":"it-IT","potentialAction":[{"@type":"ReadAction","target":["https:\/\/centcols.org\/le-plateau-demparis-vtt\/"]}]},{"@type":"ImageObject","inLanguage":"it-IT","@id":"https:\/\/centcols.org\/le-plateau-demparis-vtt\/#primaryimage","url":"https:\/\/centcols.org\/wp-content\/uploads\/2023\/07\/88021.jpg","contentUrl":"https:\/\/centcols.org\/wp-content\/uploads\/2023\/07\/88021.jpg","width":800,"height":600},{"@type":"BreadcrumbList","@id":"https:\/\/centcols.org\/le-plateau-demparis-vtt\/#breadcrumb","itemListElement":[{"@type":"ListItem","position":1,"name":"Accueil","item":"https:\/\/centcols.org\/"},{"@type":"ListItem","position":2,"name":"Parcours membres","item":"https:\/\/centcols.org\/rubrique\/parcours-membres\/"},{"@type":"ListItem","position":3,"name":"Pays","item":"https:\/\/centcols.org\/rubrique\/parcours-membres\/pays-parcours-membres\/"},{"@type":"ListItem","position":4,"name":"Parcours France","item":"https:\/\/centcols.org\/rubrique\/parcours-membres\/pays-parcours-membres\/parcours-france\/"},{"@type":"ListItem","position":5,"name":"FR-38 Le plateau d&rsquo;Emparis &#8211; VTT 41 km, D+ 1410 m, 4 cols"}]},{"@type":"WebSite","@id":"https:\/\/centcols.org\/#website","url":"https:\/\/centcols.org\/","name":"Club des Cent Cols","description":"","publisher":{"@id":"https:\/\/centcols.org\/#organization"},"potentialAction":[{"@type":"SearchAction","target":{"@type":"EntryPoint","urlTemplate":"https:\/\/centcols.org\/?s={search_term_string}"},"query-input":{"@type":"PropertyValueSpecification","valueRequired":true,"valueName":"search_term_string"}}],"inLanguage":"it-IT"},{"@type":"Organization","@id":"https:\/\/centcols.org\/#organization","name":"Club des Cent Cols","url":"https:\/\/centcols.org\/","logo":{"@type":"ImageObject","inLanguage":"it-IT","@id":"https:\/\/centcols.org\/#\/schema\/logo\/image\/","url":"https:\/\/centcols.org\/wp-content\/uploads\/2025\/01\/carte-icone.png","contentUrl":"https:\/\/centcols.org\/wp-content\/uploads\/2025\/01\/carte-icone.png","width":250,"height":250,"caption":"Club des Cent Cols"},"image":{"@id":"https:\/\/centcols.org\/#\/schema\/logo\/image\/"},"sameAs":["https:\/\/www.facebook.com\/groups\/5261880558\/?locale=fr_FR"]},{"@type":"Person","@id":"https:\/\/centcols.org\/#\/schema\/person\/911b404fb133d8c913dd27cdcf71c8e5","name":"Webmaster","image":{"@type":"ImageObject","inLanguage":"it-IT","@id":"https:\/\/centcols.org\/wp-content\/litespeed\/avatar\/2d246e4b6b4f773e08515e1ffc53690b.jpg?ver=1777222892","url":"https:\/\/centcols.org\/wp-content\/litespeed\/avatar\/2d246e4b6b4f773e08515e1ffc53690b.jpg?ver=1777222892","contentUrl":"https:\/\/centcols.org\/wp-content\/litespeed\/avatar\/2d246e4b6b4f773e08515e1ffc53690b.jpg?ver=1777222892","caption":"Webmestre"},"url":"https:\/\/centcols.org\/it\/author\/webmestre\/"}]}},"_links":{"self":[{"href":"https:\/\/centcols.org\/it\/wp-json\/wp\/v2\/posts\/82457","targetHints":{"allow":["GET"]}}],"collection":[{"href":"https:\/\/centcols.org\/it\/wp-json\/wp\/v2\/posts"}],"about":[{"href":"https:\/\/centcols.org\/it\/wp-json\/wp\/v2\/types\/post"}],"author":[{"embeddable":true,"href":"https:\/\/centcols.org\/it\/wp-json\/wp\/v2\/users\/3"}],"replies":[{"embeddable":true,"href":"https:\/\/centcols.org\/it\/wp-json\/wp\/v2\/comments?post=82457"}],"version-history":[{"count":0,"href":"https:\/\/centcols.org\/it\/wp-json\/wp\/v2\/posts\/82457\/revisions"}],"wp:featuredmedia":[{"embeddable":true,"href":"https:\/\/centcols.org\/it\/wp-json\/wp\/v2\/media\/82887"}],"wp:attachment":[{"href":"https:\/\/centcols.org\/it\/wp-json\/wp\/v2\/media?parent=82457"}],"wp:term":[{"taxonomy":"category","embeddable":true,"href":"https:\/\/centcols.org\/it\/wp-json\/wp\/v2\/categories?post=82457"},{"taxonomy":"post_tag","embeddable":true,"href":"https:\/\/centcols.org\/it\/wp-json\/wp\/v2\/tags?post=82457"}],"curies":[{"name":"wp","href":"https:\/\/api.w.org\/{rel}","templated":true}]}}