{"id":82459,"date":"2023-08-19T14:13:00","date_gmt":"2023-08-19T12:13:00","guid":{"rendered":"https:\/\/centcols.org\/de-bw-foret-noire-gengenbach-gravel-69-km-d-2080-m-25-cols\/"},"modified":"2026-04-02T09:01:50","modified_gmt":"2026-04-02T07:01:50","slug":"ghiaia-di-bw-foret-noire-gengenbach","status":"publish","type":"post","link":"https:\/\/centcols.org\/it\/de-bw-foret-noire-gengenbach-gravel\/","title":{"rendered":"DE-BW Foresta Nera Gengenbach - Ghiaia 69 km, D+ 2080 m, 25 passaggi"},"content":{"rendered":"<iframe width=\"100%\" height=\"650\" loading=\"lazy\" src=\"https:\/\/www.openrunner.com\/embed\/555245786b63652b71366f756b4135726c67446c426934615064556f666b4639435246766741476d6a37633d3a3af72d71b65c5a97e97af3229095860253?unit=metric\" style=\"border: none;\"><\/iframe>\n\n\n\n<div style=\"height:30px\" aria-hidden=\"true\" class=\"wp-block-spacer\"><\/div>\n\n\n\n<h2 class=\"wp-block-heading\">Descrizione dell'autore<\/h2>\n\n\n\n<p><strong>Autore <\/strong>Jean-Luc Ceccato<br><strong>Corso <\/strong>Data: 11 agosto 2020<br><strong>Partenza <\/strong>A Gengenbach, parcheggiare lungo la Friedrichstrasse, che costeggia la ferrovia all'altezza della chiesa. Alt: 175 m.<\/p>\n\n\n\n<div style=\"height:30px\" aria-hidden=\"true\" class=\"wp-block-spacer\"><\/div>\n\n\n\n<h2 class=\"wp-block-heading\">Informazioni turistiche<\/h2>\n\n\n\n<p>A met\u00e0 strada tra i 25<sup>e<\/sup> e il 30<sup>e<\/sup> Dopo un chilometro, troverete una serie di chalet con piacevoli punti panoramici dove potrete fare una bella pausa per uno spuntino.<br>Passando vicino al ben conservato castello di Ortenberg.<\/p>\n\n\n\n<div style=\"height:30px\" aria-hidden=\"true\" class=\"wp-block-spacer\"><\/div>\n\n\n\n<h2 class=\"wp-block-heading\">Specifiche tecniche<\/h2>\n\n\n\n<p>Questo percorso non \u00e8 difficile. \u00c8 stato percorso con una mountain bike equipaggiata con pneumatici gravel 40, senza alcun problema e da un amico gravel. Il percorso si snoda su circa 90% di bei sentieri ondulati e il resto su strade asfaltate.<br>Dal passo Leimenl\u00f6cher DE-BW-0507, si imbocca un breve sentiero relativamente facile per circa 500 metri.<br>Poco prima del passo finale di Schwandeck DE-BW-0450, c'\u00e8 anche una breve e facile spinta di 200 metri.<br>Come per la maggior parte dei percorsi nella Foresta Nera, ci sono spesso pendenze piuttosto elevate da affrontare.<\/p>\n\n\n\n<div style=\"height:30px\" aria-hidden=\"true\" class=\"wp-block-spacer\"><\/div>\n\n\n\n<p><strong>25 bottiglie<\/strong><\/p>\n\n\n\n<figure class=\"wp-block-table tableau-cols\"><table class=\"has-background\" style=\"background-color:#f0f0f0\"><tbody><tr><td>1 - Kapelle Eck<\/td><td>235 m<\/td><td><a href=\"\/it\/util\/geo\/visuGen.php\/?code=DE-BW-0235\" target=\"_blank\" rel=\"noreferrer noopener\">DE-BW-0235<\/a><\/td><\/tr><tr><td>2 - Satteleck<\/td><td>338 m<\/td><td><a href=\"\/it\/util\/geo\/visuGen.php\/?code=DE-BW-0338\" target=\"_blank\" rel=\"noreferrer noopener\">DE-BW-0338<\/a><\/td><\/tr><tr><td>3 - Pfaffenbacher Eck<\/td><td>543 m<\/td><td><a href=\"\/it\/util\/geo\/visuGen.php\/?code=DE-BW-0543\" target=\"_blank\" rel=\"noreferrer noopener\">DE-BW-0543<\/a><\/td><\/tr><tr><td>4 - Haseneck<\/td><td>490 m<\/td><td><a href=\"\/it\/util\/geo\/visuGen.php\/?code=DE-BW-0490\" target=\"_blank\" rel=\"noreferrer noopener\">DE-BW-0490<\/a><\/td><\/tr><tr><td>5 - Schnaitberg Eck<\/td><td>565 m<\/td><td><a href=\"\/it\/util\/geo\/visuGen.php\/?code=DE-BW-0565\" target=\"_blank\" rel=\"noreferrer noopener\">DE-BW-0565<\/a><\/td><\/tr><tr><td>6 - Collo di terra<\/td><td>610 m<\/td><td><a href=\"\/it\/util\/geo\/visuGen.php\/?code=DE-BW-0610a\" target=\"_blank\" rel=\"noreferrer noopener\">DE-BW-0610a<\/a><\/td><\/tr><tr><td>7 - Kornebene<\/td><td>632 m<\/td><td><a href=\"https:\/\/centcols.org\/it\/util\/geo\/visuGen.php\/?code=DE-BW-0632\" target=\"_blank\" rel=\"noreferrer noopener\">DE-BW-0632<\/a><\/td><\/tr><tr><td>8 - Diebsebene<\/td><td>641 m<\/td><td><a href=\"https:\/\/centcols.org\/it\/util\/geo\/visuGen.php\/?code=DE-BW-0641\" target=\"_blank\" rel=\"noreferrer noopener\">DE-BW-0641<\/a><\/td><\/tr><tr><td>9 - Leimenl\u00f6cher<\/td><td>507 m<\/td><td><a href=\"\/it\/util\/geo\/visuGen.php\/?code=DE-BW-0507\" target=\"_blank\" rel=\"noreferrer noopener\">DE-BW-0507<\/a><\/td><\/tr><tr><td>10 - Holzeck<\/td><td>610 m<\/td><td><a href=\"\/it\/util\/geo\/visuGen.php\/?code=DE-BW-0610\" target=\"_blank\" rel=\"noreferrer noopener\">DE-BW-0610<\/a><\/td><\/tr><tr><td>11 - Strau\u00dfebene<\/td><td>530 m<\/td><td><a href=\"\/it\/util\/geo\/visuGen.php\/?code=DE-BW-0530a\" target=\"_blank\" rel=\"noreferrer noopener\">DE-BW-0530a<\/a><\/td><\/tr><tr><td>12 - Sp\u00e4hneplatz<\/td><td>637 m<\/td><td><a href=\"https:\/\/centcols.org\/it\/util\/geo\/visuGen.php\/?code=DE-BW-0637\" target=\"_blank\" rel=\"noreferrer noopener\">DE-BW-0637<\/a><\/td><\/tr><tr><td>13 - Sala da pranzo con pannelli di vetro<\/td><td>840 m<\/td><td><a href=\"\/it\/util\/geo\/visuGen.php\/?code=DE-BW-0840\" target=\"_blank\" rel=\"noreferrer noopener\">DE-BW-0840<\/a><\/td><\/tr><tr><td>14 - Ofenloch<\/td><td>592 m<\/td><td><a href=\"\/it\/util\/geo\/visuGen.php\/?code=DE-BW-0592\" target=\"_blank\" rel=\"noreferrer noopener\">DE-BW-0592<\/a><\/td><\/tr><tr><td>15 - Cristobene<\/td><td>554 m<\/td><td><a href=\"\/it\/util\/geo\/visuGen.php\/?code=DE-BW-0554a\" target=\"_blank\" rel=\"noreferrer noopener\">DE-BW-0554a<\/a><\/td><\/tr><tr><td>16 - Krebsenbacher H\u00f6he<\/td><td>545 m<\/td><td><a href=\"\/it\/util\/geo\/visuGen.php\/?code=DE-BW-0545\" target=\"_blank\" rel=\"noreferrer noopener\">DE-BW-0545<\/a><\/td><\/tr><tr><td>17 - Matzebene<\/td><td>558 m<\/td><td><a href=\"\/it\/util\/geo\/visuGen.php\/?code=DE-BW-0510a\" target=\"_blank\" rel=\"noreferrer noopener\">DE-BW-0510a<\/a><\/td><\/tr><tr><td>18 - Drei-H\u00f6fe-Eck<\/td><td>515 m<\/td><td><a href=\"\/it\/util\/geo\/visuGen.php\/?code=DE-BW-0515\" target=\"_blank\" rel=\"noreferrer noopener\">DE-BW-0515<\/a><\/td><\/tr><tr><td>19 - Rosteck<\/td><td>554 m<\/td><td><a href=\"\/it\/util\/geo\/visuGen.php\/?code=DE-BW-0554\" target=\"_blank\" rel=\"noreferrer noopener\">DE-BW-0554<\/a><\/td><\/tr><tr><td>20 - Brandeck Lindle<\/td><td>495 m<\/td><td><a href=\"\/it\/util\/geo\/visuGen.php\/?code=DE-BW-0495\" target=\"_blank\" rel=\"noreferrer noopener\">DE-BW-0495<\/a><\/td><\/tr><tr><td>21 - Steineckle<\/td><td>522 m<\/td><td><a href=\"\/it\/util\/geo\/visuGen.php\/?code=DE-BW-0522\" target=\"_blank\" rel=\"noreferrer noopener\">DE-BW-0522<\/a><\/td><\/tr><tr><td>22 - Fritscheneck<\/td><td>546 m<\/td><td><a href=\"\/it\/util\/geo\/visuGen.php\/?code=DE-BW-0546b\" target=\"_blank\" rel=\"noreferrer noopener\">DE-BW-0546b<\/a><\/td><\/tr><tr><td>23 - Freudentaler Eck<\/td><td>334 m<\/td><td><a href=\"\/it\/util\/geo\/visuGen.php\/?code=DE-BW-0334\" target=\"_blank\" rel=\"noreferrer noopener\">DE-BW-0334<\/a><\/td><\/tr><tr><td>24 - Langeck<\/td><td>345 m<\/td><td><a href=\"\/it\/util\/geo\/visuGen.php\/?code=DE-BW-0345a\" target=\"_blank\" rel=\"noreferrer noopener\">DE-BW-0345a<\/a><\/td><\/tr><tr><td>25 - Schwandeck<\/td><td>450 m<\/td><td><a href=\"\/it\/util\/geo\/visuGen.php\/?code=DE-BW-0450\" target=\"_blank\" rel=\"noreferrer noopener\">DE-BW-0450<\/a><\/td><\/tr><\/tbody><\/table><\/figure>\n\n\n\n<p><strong>Parole chiave<\/strong> Foresta Nera, Gengenbach, centole<\/p>\n\n\n\n<p>Link Openrunner, mappa interattiva, profilo, traccia : <a href=\"https:\/\/www.openrunner.com\/route-details\/16530937\" target=\"_blank\" rel=\"noreferrer noopener\">https:\/\/www.openrunner.com\/route-details\/16530937<\/a><\/p>\n\n\n\n<p>Questo itinerario \u00e8 offerto a titolo puramente indicativo. L'autore non si assume alcuna responsabilit\u00e0, n\u00e9 quella del Club des Cent Cols, per eventuali imponderabilit\u00e0 dovute al ciclista stesso, all'equipaggiamento utilizzato o a qualsiasi cosa abbia a che fare con la strada, le piste e i sentieri, i loro dintorni o altri utenti.<\/p>\n\n\n\n<div style=\"height:30px\" aria-hidden=\"true\" class=\"wp-block-spacer\"><\/div>\n\n\n\n<h2 class=\"wp-block-heading\">Foto<\/h2>\n\n\n\n<figure class=\"wp-block-gallery has-nested-images columns-4 is-cropped wp-block-gallery-1 is-layout-flex wp-block-gallery-is-layout-flex\">\n<figure class=\"wp-block-image size-large\"><a href=\"https:\/\/centcols.org\/wp-content\/uploads\/2023\/08\/Chateau-Ortenberg1.jpg\"><img loading=\"lazy\" decoding=\"async\" width=\"1000\" height=\"701\" data-id=\"89812\" src=\"https:\/\/centcols.org\/wp-content\/uploads\/2023\/08\/Chateau-Ortenberg1.jpg\" alt=\"\" class=\"wp-image-89812\" srcset=\"https:\/\/centcols.org\/wp-content\/uploads\/2023\/08\/Chateau-Ortenberg1.jpg 1000w, https:\/\/centcols.org\/wp-content\/uploads\/2023\/08\/Chateau-Ortenberg1-768x538.jpg 768w, https:\/\/centcols.org\/wp-content\/uploads\/2023\/08\/Chateau-Ortenberg1-18x12.jpg 18w\" sizes=\"auto, (max-width: 1000px) 100vw, 1000px\" \/><\/a><figcaption class=\"wp-element-caption\">Castello di Ortenberg<\/figcaption><\/figure>\n\n\n\n<figure class=\"wp-block-image size-large\"><a href=\"https:\/\/centcols.org\/wp-content\/uploads\/2023\/08\/2OIOlRXM53uWexncOcs4kTOjHlF1.jpg\"><img loading=\"lazy\" decoding=\"async\" width=\"1000\" height=\"700\" data-id=\"89813\" src=\"https:\/\/centcols.org\/wp-content\/uploads\/2023\/08\/2OIOlRXM53uWexncOcs4kTOjHlF1.jpg\" alt=\"\" class=\"wp-image-89813\" srcset=\"https:\/\/centcols.org\/wp-content\/uploads\/2023\/08\/2OIOlRXM53uWexncOcs4kTOjHlF1.jpg 1000w, https:\/\/centcols.org\/wp-content\/uploads\/2023\/08\/2OIOlRXM53uWexncOcs4kTOjHlF1-768x538.jpg 768w, https:\/\/centcols.org\/wp-content\/uploads\/2023\/08\/2OIOlRXM53uWexncOcs4kTOjHlF1-18x12.jpg 18w\" sizes=\"auto, (max-width: 1000px) 100vw, 1000px\" \/><\/a><figcaption class=\"wp-element-caption\">Paesaggi della Foresta Nera<\/figcaption><\/figure>\n\n\n\n<figure class=\"wp-block-image size-large\"><a href=\"https:\/\/centcols.org\/wp-content\/uploads\/2023\/08\/2OIOkaPXd4R88iQTT0HksKDvNTb1.jpg\"><img loading=\"lazy\" decoding=\"async\" width=\"1000\" height=\"750\" data-id=\"89814\" src=\"https:\/\/centcols.org\/wp-content\/uploads\/2023\/08\/2OIOkaPXd4R88iQTT0HksKDvNTb1.jpg\" alt=\"\" class=\"wp-image-89814\" srcset=\"https:\/\/centcols.org\/wp-content\/uploads\/2023\/08\/2OIOkaPXd4R88iQTT0HksKDvNTb1.jpg 1000w, https:\/\/centcols.org\/wp-content\/uploads\/2023\/08\/2OIOkaPXd4R88iQTT0HksKDvNTb1-768x576.jpg 768w, https:\/\/centcols.org\/wp-content\/uploads\/2023\/08\/2OIOkaPXd4R88iQTT0HksKDvNTb1-16x12.jpg 16w\" sizes=\"auto, (max-width: 1000px) 100vw, 1000px\" \/><\/a><figcaption class=\"wp-element-caption\">Paesaggi della Foresta Nera<\/figcaption><\/figure>\n\n\n\n<figure class=\"wp-block-image size-large\"><a href=\"https:\/\/centcols.org\/wp-content\/uploads\/2023\/08\/image-30.jpeg\"><img loading=\"lazy\" decoding=\"async\" width=\"720\" height=\"800\" data-id=\"94787\" src=\"https:\/\/centcols.org\/wp-content\/uploads\/2023\/08\/image-30.jpeg\" alt=\"\" class=\"wp-image-94787\" srcset=\"https:\/\/centcols.org\/wp-content\/uploads\/2023\/08\/image-30.jpeg 720w, https:\/\/centcols.org\/wp-content\/uploads\/2023\/08\/image-30-11x12.jpeg 11w\" sizes=\"auto, (max-width: 720px) 100vw, 720px\" \/><\/a><figcaption class=\"wp-element-caption\">Eck Kapelle<\/figcaption><\/figure>\n\n\n\n<figure class=\"wp-block-image size-large\"><a href=\"https:\/\/centcols.org\/wp-content\/uploads\/2023\/08\/image-31.jpeg\"><img loading=\"lazy\" decoding=\"async\" width=\"721\" height=\"451\" data-id=\"94788\" src=\"https:\/\/centcols.org\/wp-content\/uploads\/2023\/08\/image-31.jpeg\" alt=\"\" class=\"wp-image-94788\" srcset=\"https:\/\/centcols.org\/wp-content\/uploads\/2023\/08\/image-31.jpeg 721w, https:\/\/centcols.org\/wp-content\/uploads\/2023\/08\/image-31-18x12.jpeg 18w\" sizes=\"auto, (max-width: 721px) 100vw, 721px\" \/><\/a><figcaption class=\"wp-element-caption\">Pfaffenbacher Eck<\/figcaption><\/figure>\n\n\n\n<figure class=\"wp-block-image size-large\"><a href=\"https:\/\/centcols.org\/wp-content\/uploads\/2023\/08\/image-32.jpeg\"><img loading=\"lazy\" decoding=\"async\" width=\"712\" height=\"446\" data-id=\"94790\" src=\"https:\/\/centcols.org\/wp-content\/uploads\/2023\/08\/image-32.jpeg\" alt=\"\" class=\"wp-image-94790\" srcset=\"https:\/\/centcols.org\/wp-content\/uploads\/2023\/08\/image-32.jpeg 712w, https:\/\/centcols.org\/wp-content\/uploads\/2023\/08\/image-32-18x12.jpeg 18w\" sizes=\"auto, (max-width: 712px) 100vw, 712px\" \/><\/a><figcaption class=\"wp-element-caption\">Haseneck<\/figcaption><\/figure>\n\n\n\n<figure class=\"wp-block-image size-large\"><a href=\"https:\/\/centcols.org\/wp-content\/uploads\/2023\/08\/image-33.jpeg\"><img loading=\"lazy\" decoding=\"async\" width=\"687\" height=\"390\" data-id=\"94792\" src=\"https:\/\/centcols.org\/wp-content\/uploads\/2023\/08\/image-33.jpeg\" alt=\"\" class=\"wp-image-94792\" srcset=\"https:\/\/centcols.org\/wp-content\/uploads\/2023\/08\/image-33.jpeg 687w, https:\/\/centcols.org\/wp-content\/uploads\/2023\/08\/image-33-18x10.jpeg 18w\" sizes=\"auto, (max-width: 687px) 100vw, 687px\" \/><\/a><figcaption class=\"wp-element-caption\">Schnaitberg Eck<\/figcaption><\/figure>\n\n\n\n<figure class=\"wp-block-image size-large\"><a href=\"https:\/\/centcols.org\/wp-content\/uploads\/2023\/08\/image-34.jpeg\"><img loading=\"lazy\" decoding=\"async\" width=\"800\" height=\"532\" data-id=\"94793\" src=\"https:\/\/centcols.org\/wp-content\/uploads\/2023\/08\/image-34.jpeg\" alt=\"\" class=\"wp-image-94793\" srcset=\"https:\/\/centcols.org\/wp-content\/uploads\/2023\/08\/image-34.jpeg 800w, https:\/\/centcols.org\/wp-content\/uploads\/2023\/08\/image-34-768x511.jpeg 768w, https:\/\/centcols.org\/wp-content\/uploads\/2023\/08\/image-34-18x12.jpeg 18w\" sizes=\"auto, (max-width: 800px) 100vw, 800px\" \/><\/a><figcaption class=\"wp-element-caption\">Kornebene<\/figcaption><\/figure>\n\n\n\n<figure class=\"wp-block-image size-large\"><a href=\"https:\/\/centcols.org\/wp-content\/uploads\/2023\/08\/image-35.jpeg\"><img loading=\"lazy\" decoding=\"async\" width=\"717\" height=\"460\" data-id=\"94794\" src=\"https:\/\/centcols.org\/wp-content\/uploads\/2023\/08\/image-35.jpeg\" alt=\"\" class=\"wp-image-94794\" srcset=\"https:\/\/centcols.org\/wp-content\/uploads\/2023\/08\/image-35.jpeg 717w, https:\/\/centcols.org\/wp-content\/uploads\/2023\/08\/image-35-18x12.jpeg 18w\" sizes=\"auto, (max-width: 717px) 100vw, 717px\" \/><\/a><figcaption class=\"wp-element-caption\">Diebsebene<\/figcaption><\/figure>\n\n\n\n<figure class=\"wp-block-image size-large\"><a href=\"https:\/\/centcols.org\/wp-content\/uploads\/2023\/08\/image-36.jpeg\"><img loading=\"lazy\" decoding=\"async\" width=\"800\" height=\"532\" data-id=\"94795\" src=\"https:\/\/centcols.org\/wp-content\/uploads\/2023\/08\/image-36.jpeg\" alt=\"\" class=\"wp-image-94795\" srcset=\"https:\/\/centcols.org\/wp-content\/uploads\/2023\/08\/image-36.jpeg 800w, https:\/\/centcols.org\/wp-content\/uploads\/2023\/08\/image-36-768x511.jpeg 768w, https:\/\/centcols.org\/wp-content\/uploads\/2023\/08\/image-36-18x12.jpeg 18w\" sizes=\"auto, (max-width: 800px) 100vw, 800px\" \/><\/a><figcaption class=\"wp-element-caption\">Leimenl\u00f6cher<\/figcaption><\/figure>\n\n\n\n<figure class=\"wp-block-image size-large\"><a href=\"https:\/\/centcols.org\/wp-content\/uploads\/2023\/08\/image-37.jpeg\"><img loading=\"lazy\" decoding=\"async\" width=\"800\" height=\"532\" data-id=\"94796\" src=\"https:\/\/centcols.org\/wp-content\/uploads\/2023\/08\/image-37.jpeg\" alt=\"\" class=\"wp-image-94796\" srcset=\"https:\/\/centcols.org\/wp-content\/uploads\/2023\/08\/image-37.jpeg 800w, https:\/\/centcols.org\/wp-content\/uploads\/2023\/08\/image-37-768x511.jpeg 768w, https:\/\/centcols.org\/wp-content\/uploads\/2023\/08\/image-37-18x12.jpeg 18w\" sizes=\"auto, (max-width: 800px) 100vw, 800px\" \/><\/a><figcaption class=\"wp-element-caption\">Strau\u00dfebene<\/figcaption><\/figure>\n\n\n\n<figure class=\"wp-block-image size-large\"><a href=\"https:\/\/centcols.org\/wp-content\/uploads\/2023\/08\/image-38.jpeg\"><img loading=\"lazy\" decoding=\"async\" width=\"800\" height=\"532\" data-id=\"94797\" src=\"https:\/\/centcols.org\/wp-content\/uploads\/2023\/08\/image-38.jpeg\" alt=\"\" class=\"wp-image-94797\" srcset=\"https:\/\/centcols.org\/wp-content\/uploads\/2023\/08\/image-38.jpeg 800w, https:\/\/centcols.org\/wp-content\/uploads\/2023\/08\/image-38-768x511.jpeg 768w, https:\/\/centcols.org\/wp-content\/uploads\/2023\/08\/image-38-18x12.jpeg 18w\" sizes=\"auto, (max-width: 800px) 100vw, 800px\" \/><\/a><figcaption class=\"wp-element-caption\">Sp\u00e4hneplatz<\/figcaption><\/figure>\n\n\n\n<figure class=\"wp-block-image size-large\"><a href=\"https:\/\/centcols.org\/wp-content\/uploads\/2023\/08\/image-39.jpeg\"><img loading=\"lazy\" decoding=\"async\" width=\"791\" height=\"541\" data-id=\"94798\" src=\"https:\/\/centcols.org\/wp-content\/uploads\/2023\/08\/image-39.jpeg\" alt=\"\" class=\"wp-image-94798\" srcset=\"https:\/\/centcols.org\/wp-content\/uploads\/2023\/08\/image-39.jpeg 791w, https:\/\/centcols.org\/wp-content\/uploads\/2023\/08\/image-39-768x525.jpeg 768w, https:\/\/centcols.org\/wp-content\/uploads\/2023\/08\/image-39-18x12.jpeg 18w\" sizes=\"auto, (max-width: 791px) 100vw, 791px\" \/><\/a><figcaption class=\"wp-element-caption\">Gei\u00dfschleifsattel<\/figcaption><\/figure>\n\n\n\n<figure class=\"wp-block-image size-large\"><a href=\"https:\/\/centcols.org\/wp-content\/uploads\/2023\/08\/image-40.jpeg\"><img loading=\"lazy\" decoding=\"async\" width=\"800\" height=\"532\" data-id=\"94799\" src=\"https:\/\/centcols.org\/wp-content\/uploads\/2023\/08\/image-40.jpeg\" alt=\"\" class=\"wp-image-94799\" srcset=\"https:\/\/centcols.org\/wp-content\/uploads\/2023\/08\/image-40.jpeg 800w, https:\/\/centcols.org\/wp-content\/uploads\/2023\/08\/image-40-768x511.jpeg 768w, https:\/\/centcols.org\/wp-content\/uploads\/2023\/08\/image-40-18x12.jpeg 18w\" sizes=\"auto, (max-width: 800px) 100vw, 800px\" \/><\/a><figcaption class=\"wp-element-caption\">Ofenloch<\/figcaption><\/figure>\n\n\n\n<figure class=\"wp-block-image size-large\"><a href=\"https:\/\/centcols.org\/wp-content\/uploads\/2023\/08\/image-41.jpeg\"><img loading=\"lazy\" decoding=\"async\" width=\"728\" height=\"476\" data-id=\"94800\" src=\"https:\/\/centcols.org\/wp-content\/uploads\/2023\/08\/image-41.jpeg\" alt=\"\" class=\"wp-image-94800\" srcset=\"https:\/\/centcols.org\/wp-content\/uploads\/2023\/08\/image-41.jpeg 728w, https:\/\/centcols.org\/wp-content\/uploads\/2023\/08\/image-41-18x12.jpeg 18w\" sizes=\"auto, (max-width: 728px) 100vw, 728px\" \/><\/a><figcaption class=\"wp-element-caption\">Cristobene<\/figcaption><\/figure>\n\n\n\n<figure class=\"wp-block-image size-large\"><a href=\"https:\/\/centcols.org\/wp-content\/uploads\/2023\/08\/image-42.jpeg\"><img loading=\"lazy\" decoding=\"async\" width=\"800\" height=\"532\" data-id=\"94801\" src=\"https:\/\/centcols.org\/wp-content\/uploads\/2023\/08\/image-42.jpeg\" alt=\"\" class=\"wp-image-94801\" srcset=\"https:\/\/centcols.org\/wp-content\/uploads\/2023\/08\/image-42.jpeg 800w, https:\/\/centcols.org\/wp-content\/uploads\/2023\/08\/image-42-768x511.jpeg 768w, https:\/\/centcols.org\/wp-content\/uploads\/2023\/08\/image-42-18x12.jpeg 18w\" sizes=\"auto, (max-width: 800px) 100vw, 800px\" \/><\/a><figcaption class=\"wp-element-caption\">Altezza del corpo<\/figcaption><\/figure>\n\n\n\n<figure class=\"wp-block-image size-large\"><a href=\"https:\/\/centcols.org\/wp-content\/uploads\/2023\/08\/image-43.jpeg\"><img loading=\"lazy\" decoding=\"async\" width=\"800\" height=\"532\" data-id=\"94802\" src=\"https:\/\/centcols.org\/wp-content\/uploads\/2023\/08\/image-43.jpeg\" alt=\"\" class=\"wp-image-94802\" srcset=\"https:\/\/centcols.org\/wp-content\/uploads\/2023\/08\/image-43.jpeg 800w, https:\/\/centcols.org\/wp-content\/uploads\/2023\/08\/image-43-768x511.jpeg 768w, https:\/\/centcols.org\/wp-content\/uploads\/2023\/08\/image-43-18x12.jpeg 18w\" sizes=\"auto, (max-width: 800px) 100vw, 800px\" \/><\/a><figcaption class=\"wp-element-caption\">Matzebene<\/figcaption><\/figure>\n\n\n\n<figure class=\"wp-block-image size-large\"><a href=\"https:\/\/centcols.org\/wp-content\/uploads\/2023\/08\/image-44.jpeg\"><img loading=\"lazy\" decoding=\"async\" width=\"728\" height=\"476\" data-id=\"94803\" src=\"https:\/\/centcols.org\/wp-content\/uploads\/2023\/08\/image-44.jpeg\" alt=\"\" class=\"wp-image-94803\" srcset=\"https:\/\/centcols.org\/wp-content\/uploads\/2023\/08\/image-44.jpeg 728w, https:\/\/centcols.org\/wp-content\/uploads\/2023\/08\/image-44-18x12.jpeg 18w\" sizes=\"auto, (max-width: 728px) 100vw, 728px\" \/><\/a><figcaption class=\"wp-element-caption\">Rosteck<\/figcaption><\/figure>\n\n\n\n<figure class=\"wp-block-image size-large\"><a href=\"https:\/\/centcols.org\/wp-content\/uploads\/2023\/08\/image-45.jpeg\"><img loading=\"lazy\" decoding=\"async\" width=\"800\" height=\"532\" data-id=\"94804\" src=\"https:\/\/centcols.org\/wp-content\/uploads\/2023\/08\/image-45.jpeg\" alt=\"\" class=\"wp-image-94804\" srcset=\"https:\/\/centcols.org\/wp-content\/uploads\/2023\/08\/image-45.jpeg 800w, https:\/\/centcols.org\/wp-content\/uploads\/2023\/08\/image-45-768x511.jpeg 768w, https:\/\/centcols.org\/wp-content\/uploads\/2023\/08\/image-45-18x12.jpeg 18w\" sizes=\"auto, (max-width: 800px) 100vw, 800px\" \/><\/a><figcaption class=\"wp-element-caption\">Brandeck Lindle<\/figcaption><\/figure>\n\n\n\n<figure class=\"wp-block-image size-large\"><a href=\"https:\/\/centcols.org\/wp-content\/uploads\/2023\/08\/image-46.jpeg\"><img loading=\"lazy\" decoding=\"async\" width=\"800\" height=\"532\" data-id=\"94805\" src=\"https:\/\/centcols.org\/wp-content\/uploads\/2023\/08\/image-46.jpeg\" alt=\"\" class=\"wp-image-94805\" srcset=\"https:\/\/centcols.org\/wp-content\/uploads\/2023\/08\/image-46.jpeg 800w, https:\/\/centcols.org\/wp-content\/uploads\/2023\/08\/image-46-768x511.jpeg 768w, https:\/\/centcols.org\/wp-content\/uploads\/2023\/08\/image-46-18x12.jpeg 18w\" sizes=\"auto, (max-width: 800px) 100vw, 800px\" \/><\/a><figcaption class=\"wp-element-caption\">Steineckle<\/figcaption><\/figure>\n\n\n\n<figure class=\"wp-block-image size-large\"><a href=\"https:\/\/centcols.org\/wp-content\/uploads\/2023\/08\/image-47.jpeg\"><img loading=\"lazy\" decoding=\"async\" width=\"800\" height=\"532\" data-id=\"94806\" src=\"https:\/\/centcols.org\/wp-content\/uploads\/2023\/08\/image-47.jpeg\" alt=\"\" class=\"wp-image-94806\" srcset=\"https:\/\/centcols.org\/wp-content\/uploads\/2023\/08\/image-47.jpeg 800w, https:\/\/centcols.org\/wp-content\/uploads\/2023\/08\/image-47-768x511.jpeg 768w, https:\/\/centcols.org\/wp-content\/uploads\/2023\/08\/image-47-18x12.jpeg 18w\" sizes=\"auto, (max-width: 800px) 100vw, 800px\" \/><\/a><figcaption class=\"wp-element-caption\">Fritscheneck<\/figcaption><\/figure>\n\n\n\n<figure class=\"wp-block-image size-large\"><a href=\"https:\/\/centcols.org\/wp-content\/uploads\/2023\/08\/image-48.jpeg\"><img loading=\"lazy\" decoding=\"async\" width=\"800\" height=\"532\" data-id=\"94807\" src=\"https:\/\/centcols.org\/wp-content\/uploads\/2023\/08\/image-48.jpeg\" alt=\"\" class=\"wp-image-94807\" srcset=\"https:\/\/centcols.org\/wp-content\/uploads\/2023\/08\/image-48.jpeg 800w, https:\/\/centcols.org\/wp-content\/uploads\/2023\/08\/image-48-768x511.jpeg 768w, https:\/\/centcols.org\/wp-content\/uploads\/2023\/08\/image-48-18x12.jpeg 18w\" sizes=\"auto, (max-width: 800px) 100vw, 800px\" \/><\/a><figcaption class=\"wp-element-caption\">Schwandeck<\/figcaption><\/figure>\n<\/figure>","protected":false},"excerpt":{"rendered":"<p>Description de l\u2019auteur Auteur : Jean-Luc CeccatoParcours : effectu\u00e9 le 11 ao\u00fbt 2020D\u00e9part : \u00e0 Gengenbach se garer le long de la Friedrichstrasse qui longe le chemin de fer au niveau de l\u2019\u00e9glise. Alt : 175&nbsp;m. Descriptif touristique \u00c0 mi-chemin du parcours entre le 25e et le 30e kilom\u00e8tre vous trouverez plusieurs chalets avec un [&hellip;]<\/p>\n","protected":false},"author":3,"featured_media":82860,"comment_status":"open","ping_status":"open","sticky":false,"template":"","format":"standard","meta":{"_acf_changed":false,"footnotes":""},"categories":[302,320,323,220],"tags":[],"class_list":["post-82459","post","type-post","status-publish","format-standard","has-post-thumbnail","hentry","category-parcours-allemagne","category-gravel-type-parcours","category-foret-noire-massif-parcours-membres","category-parcours-membres"],"acf":[],"yoast_head":"<!-- This site is optimized with the Yoast SEO plugin v27.2 - https:\/\/yoast.com\/product\/yoast-seo-wordpress\/ -->\n<title>DE-BW For\u00eat-Noire Gengenbach - Gravel 69 km, D+ 2080 m, 25 cols - Club des Cent Cols<\/title>\n<meta name=\"robots\" content=\"index, follow, max-snippet:-1, max-image-preview:large, max-video-preview:-1\" \/>\n<link rel=\"canonical\" href=\"https:\/\/centcols.org\/it\/ghiaia-di-bw-foret-noire-gengenbach\/\" \/>\n<meta property=\"og:locale\" content=\"it_IT\" \/>\n<meta property=\"og:type\" content=\"article\" \/>\n<meta property=\"og:title\" content=\"DE-BW For\u00eat-Noire Gengenbach - Gravel 69 km, D+ 2080 m, 25 cols - Club des Cent Cols\" \/>\n<meta property=\"og:description\" content=\"Description de l\u2019auteur Auteur : Jean-Luc CeccatoParcours : effectu\u00e9 le 11 ao\u00fbt 2020D\u00e9part : \u00e0 Gengenbach se garer le long de la Friedrichstrasse qui longe le chemin de fer au niveau de l\u2019\u00e9glise. Alt : 175&nbsp;m. Descriptif touristique \u00c0 mi-chemin du parcours entre le 25e et le 30e kilom\u00e8tre vous trouverez plusieurs chalets avec un [&hellip;]\" \/>\n<meta property=\"og:url\" content=\"https:\/\/centcols.org\/it\/ghiaia-di-bw-foret-noire-gengenbach\/\" \/>\n<meta property=\"og:site_name\" content=\"Club des Cent Cols\" \/>\n<meta property=\"article:publisher\" content=\"https:\/\/www.facebook.com\/groups\/5261880558\/?locale=fr_FR\" \/>\n<meta property=\"article:published_time\" content=\"2023-08-19T12:13:00+00:00\" \/>\n<meta property=\"article:modified_time\" content=\"2026-04-02T07:01:50+00:00\" \/>\n<meta property=\"og:image\" content=\"https:\/\/centcols.org\/wp-content\/uploads\/2023\/08\/2OIOkaPXd4R88iQTT0HksKDvNTb-500x3751-1.jpg\" \/>\n\t<meta property=\"og:image:width\" content=\"500\" \/>\n\t<meta property=\"og:image:height\" content=\"375\" \/>\n\t<meta property=\"og:image:type\" content=\"image\/jpeg\" \/>\n<meta name=\"author\" content=\"Webmestre\" \/>\n<meta name=\"twitter:card\" content=\"summary_large_image\" \/>\n<meta name=\"twitter:label1\" content=\"Scritto da\" \/>\n\t<meta name=\"twitter:data1\" content=\"Webmestre\" \/>\n\t<meta name=\"twitter:label2\" content=\"Tempo di lettura stimato\" \/>\n\t<meta name=\"twitter:data2\" content=\"7 minuti\" \/>\n<script type=\"application\/ld+json\" class=\"yoast-schema-graph\">{\"@context\":\"https:\/\/schema.org\",\"@graph\":[{\"@type\":\"Article\",\"@id\":\"https:\/\/centcols.org\/de-bw-foret-noire-gengenbach-gravel\/#article\",\"isPartOf\":{\"@id\":\"https:\/\/centcols.org\/de-bw-foret-noire-gengenbach-gravel\/\"},\"author\":{\"name\":\"Webmestre\",\"@id\":\"https:\/\/centcols.org\/#\/schema\/person\/911b404fb133d8c913dd27cdcf71c8e5\"},\"headline\":\"DE-BW For\u00eat-Noire Gengenbach &#8211; Gravel 69 km, D+ 2080 m, 25 cols\",\"datePublished\":\"2023-08-19T12:13:00+00:00\",\"dateModified\":\"2026-04-02T07:01:50+00:00\",\"mainEntityOfPage\":{\"@id\":\"https:\/\/centcols.org\/de-bw-foret-noire-gengenbach-gravel\/\"},\"wordCount\":395,\"commentCount\":0,\"publisher\":{\"@id\":\"https:\/\/centcols.org\/#organization\"},\"image\":{\"@id\":\"https:\/\/centcols.org\/de-bw-foret-noire-gengenbach-gravel\/#primaryimage\"},\"thumbnailUrl\":\"https:\/\/centcols.org\/wp-content\/uploads\/2023\/08\/2OIOkaPXd4R88iQTT0HksKDvNTb-500x3751-1.jpg\",\"articleSection\":[\"Parcours Allemagne\",\"Gravel\",\"For\u00eat-Noire\",\"Parcours membres\"],\"inLanguage\":\"it-IT\",\"potentialAction\":[{\"@type\":\"CommentAction\",\"name\":\"Comment\",\"target\":[\"https:\/\/centcols.org\/de-bw-foret-noire-gengenbach-gravel\/#respond\"]}]},{\"@type\":\"WebPage\",\"@id\":\"https:\/\/centcols.org\/de-bw-foret-noire-gengenbach-gravel\/\",\"url\":\"https:\/\/centcols.org\/de-bw-foret-noire-gengenbach-gravel\/\",\"name\":\"DE-BW For\u00eat-Noire Gengenbach - Gravel 69 km, D+ 2080 m, 25 cols - Club des Cent Cols\",\"isPartOf\":{\"@id\":\"https:\/\/centcols.org\/#website\"},\"primaryImageOfPage\":{\"@id\":\"https:\/\/centcols.org\/de-bw-foret-noire-gengenbach-gravel\/#primaryimage\"},\"image\":{\"@id\":\"https:\/\/centcols.org\/de-bw-foret-noire-gengenbach-gravel\/#primaryimage\"},\"thumbnailUrl\":\"https:\/\/centcols.org\/wp-content\/uploads\/2023\/08\/2OIOkaPXd4R88iQTT0HksKDvNTb-500x3751-1.jpg\",\"datePublished\":\"2023-08-19T12:13:00+00:00\",\"dateModified\":\"2026-04-02T07:01:50+00:00\",\"breadcrumb\":{\"@id\":\"https:\/\/centcols.org\/de-bw-foret-noire-gengenbach-gravel\/#breadcrumb\"},\"inLanguage\":\"it-IT\",\"potentialAction\":[{\"@type\":\"ReadAction\",\"target\":[\"https:\/\/centcols.org\/de-bw-foret-noire-gengenbach-gravel\/\"]}]},{\"@type\":\"ImageObject\",\"inLanguage\":\"it-IT\",\"@id\":\"https:\/\/centcols.org\/de-bw-foret-noire-gengenbach-gravel\/#primaryimage\",\"url\":\"https:\/\/centcols.org\/wp-content\/uploads\/2023\/08\/2OIOkaPXd4R88iQTT0HksKDvNTb-500x3751-1.jpg\",\"contentUrl\":\"https:\/\/centcols.org\/wp-content\/uploads\/2023\/08\/2OIOkaPXd4R88iQTT0HksKDvNTb-500x3751-1.jpg\",\"width\":500,\"height\":375},{\"@type\":\"BreadcrumbList\",\"@id\":\"https:\/\/centcols.org\/de-bw-foret-noire-gengenbach-gravel\/#breadcrumb\",\"itemListElement\":[{\"@type\":\"ListItem\",\"position\":1,\"name\":\"Accueil\",\"item\":\"https:\/\/centcols.org\/\"},{\"@type\":\"ListItem\",\"position\":2,\"name\":\"Parcours membres\",\"item\":\"https:\/\/centcols.org\/rubrique\/parcours-membres\/\"},{\"@type\":\"ListItem\",\"position\":3,\"name\":\"Pays\",\"item\":\"https:\/\/centcols.org\/rubrique\/parcours-membres\/pays-parcours-membres\/\"},{\"@type\":\"ListItem\",\"position\":4,\"name\":\"Parcours Allemagne\",\"item\":\"https:\/\/centcols.org\/rubrique\/parcours-membres\/pays-parcours-membres\/parcours-allemagne\/\"},{\"@type\":\"ListItem\",\"position\":5,\"name\":\"DE-BW For\u00eat-Noire Gengenbach &#8211; Gravel 69 km, D+ 2080 m, 25 cols\"}]},{\"@type\":\"WebSite\",\"@id\":\"https:\/\/centcols.org\/#website\",\"url\":\"https:\/\/centcols.org\/\",\"name\":\"Club des Cent Cols\",\"description\":\"\",\"publisher\":{\"@id\":\"https:\/\/centcols.org\/#organization\"},\"potentialAction\":[{\"@type\":\"SearchAction\",\"target\":{\"@type\":\"EntryPoint\",\"urlTemplate\":\"https:\/\/centcols.org\/?s={search_term_string}\"},\"query-input\":{\"@type\":\"PropertyValueSpecification\",\"valueRequired\":true,\"valueName\":\"search_term_string\"}}],\"inLanguage\":\"it-IT\"},{\"@type\":\"Organization\",\"@id\":\"https:\/\/centcols.org\/#organization\",\"name\":\"Club des Cent Cols\",\"url\":\"https:\/\/centcols.org\/\",\"logo\":{\"@type\":\"ImageObject\",\"inLanguage\":\"it-IT\",\"@id\":\"https:\/\/centcols.org\/#\/schema\/logo\/image\/\",\"url\":\"https:\/\/centcols.org\/wp-content\/uploads\/2025\/01\/carte-icone.png\",\"contentUrl\":\"https:\/\/centcols.org\/wp-content\/uploads\/2025\/01\/carte-icone.png\",\"width\":250,\"height\":250,\"caption\":\"Club des Cent Cols\"},\"image\":{\"@id\":\"https:\/\/centcols.org\/#\/schema\/logo\/image\/\"},\"sameAs\":[\"https:\/\/www.facebook.com\/groups\/5261880558\/?locale=fr_FR\"]},{\"@type\":\"Person\",\"@id\":\"https:\/\/centcols.org\/#\/schema\/person\/911b404fb133d8c913dd27cdcf71c8e5\",\"name\":\"Webmestre\",\"image\":{\"@type\":\"ImageObject\",\"inLanguage\":\"it-IT\",\"@id\":\"https:\/\/centcols.org\/wp-content\/litespeed\/avatar\/2d246e4b6b4f773e08515e1ffc53690b.jpg?ver=1777222892\",\"url\":\"https:\/\/centcols.org\/wp-content\/litespeed\/avatar\/2d246e4b6b4f773e08515e1ffc53690b.jpg?ver=1777222892\",\"contentUrl\":\"https:\/\/centcols.org\/wp-content\/litespeed\/avatar\/2d246e4b6b4f773e08515e1ffc53690b.jpg?ver=1777222892\",\"caption\":\"Webmestre\"},\"url\":\"https:\/\/centcols.org\/it\/author\/webmestre\/\"}]}<\/script>\n<!-- \/ Yoast SEO plugin. -->","yoast_head_json":{"title":"DE-BW Foresta Nera Gengenbach - Sterrato 69 km, D+ 2080 m, 25 passi - Club des Cent Cols","robots":{"index":"index","follow":"follow","max-snippet":"max-snippet:-1","max-image-preview":"max-image-preview:large","max-video-preview":"max-video-preview:-1"},"canonical":"https:\/\/centcols.org\/it\/ghiaia-di-bw-foret-noire-gengenbach\/","og_locale":"it_IT","og_type":"article","og_title":"DE-BW For\u00eat-Noire Gengenbach - Gravel 69 km, D+ 2080 m, 25 cols - Club des Cent Cols","og_description":"Description de l\u2019auteur Auteur : Jean-Luc CeccatoParcours : effectu\u00e9 le 11 ao\u00fbt 2020D\u00e9part : \u00e0 Gengenbach se garer le long de la Friedrichstrasse qui longe le chemin de fer au niveau de l\u2019\u00e9glise. Alt : 175&nbsp;m. Descriptif touristique \u00c0 mi-chemin du parcours entre le 25e et le 30e kilom\u00e8tre vous trouverez plusieurs chalets avec un [&hellip;]","og_url":"https:\/\/centcols.org\/it\/ghiaia-di-bw-foret-noire-gengenbach\/","og_site_name":"Club des Cent Cols","article_publisher":"https:\/\/www.facebook.com\/groups\/5261880558\/?locale=fr_FR","article_published_time":"2023-08-19T12:13:00+00:00","article_modified_time":"2026-04-02T07:01:50+00:00","og_image":[{"width":500,"height":375,"url":"https:\/\/centcols.org\/wp-content\/uploads\/2023\/08\/2OIOkaPXd4R88iQTT0HksKDvNTb-500x3751-1.jpg","type":"image\/jpeg"}],"author":"Webmestre","twitter_card":"summary_large_image","twitter_misc":{"Scritto da":"Webmestre","Tempo di lettura stimato":"7 minuti"},"schema":{"@context":"https:\/\/schema.org","@graph":[{"@type":"Article","@id":"https:\/\/centcols.org\/de-bw-foret-noire-gengenbach-gravel\/#article","isPartOf":{"@id":"https:\/\/centcols.org\/de-bw-foret-noire-gengenbach-gravel\/"},"author":{"name":"Webmestre","@id":"https:\/\/centcols.org\/#\/schema\/person\/911b404fb133d8c913dd27cdcf71c8e5"},"headline":"DE-BW For\u00eat-Noire Gengenbach &#8211; Gravel 69 km, D+ 2080 m, 25 cols","datePublished":"2023-08-19T12:13:00+00:00","dateModified":"2026-04-02T07:01:50+00:00","mainEntityOfPage":{"@id":"https:\/\/centcols.org\/de-bw-foret-noire-gengenbach-gravel\/"},"wordCount":395,"commentCount":0,"publisher":{"@id":"https:\/\/centcols.org\/#organization"},"image":{"@id":"https:\/\/centcols.org\/de-bw-foret-noire-gengenbach-gravel\/#primaryimage"},"thumbnailUrl":"https:\/\/centcols.org\/wp-content\/uploads\/2023\/08\/2OIOkaPXd4R88iQTT0HksKDvNTb-500x3751-1.jpg","articleSection":["Parcours Allemagne","Gravel","For\u00eat-Noire","Parcours membres"],"inLanguage":"it-IT","potentialAction":[{"@type":"CommentAction","name":"Comment","target":["https:\/\/centcols.org\/de-bw-foret-noire-gengenbach-gravel\/#respond"]}]},{"@type":"WebPage","@id":"https:\/\/centcols.org\/de-bw-foret-noire-gengenbach-gravel\/","url":"https:\/\/centcols.org\/de-bw-foret-noire-gengenbach-gravel\/","name":"DE-BW Foresta Nera Gengenbach - Sterrato 69 km, D+ 2080 m, 25 passi - Club des Cent Cols","isPartOf":{"@id":"https:\/\/centcols.org\/#website"},"primaryImageOfPage":{"@id":"https:\/\/centcols.org\/de-bw-foret-noire-gengenbach-gravel\/#primaryimage"},"image":{"@id":"https:\/\/centcols.org\/de-bw-foret-noire-gengenbach-gravel\/#primaryimage"},"thumbnailUrl":"https:\/\/centcols.org\/wp-content\/uploads\/2023\/08\/2OIOkaPXd4R88iQTT0HksKDvNTb-500x3751-1.jpg","datePublished":"2023-08-19T12:13:00+00:00","dateModified":"2026-04-02T07:01:50+00:00","breadcrumb":{"@id":"https:\/\/centcols.org\/de-bw-foret-noire-gengenbach-gravel\/#breadcrumb"},"inLanguage":"it-IT","potentialAction":[{"@type":"ReadAction","target":["https:\/\/centcols.org\/de-bw-foret-noire-gengenbach-gravel\/"]}]},{"@type":"ImageObject","inLanguage":"it-IT","@id":"https:\/\/centcols.org\/de-bw-foret-noire-gengenbach-gravel\/#primaryimage","url":"https:\/\/centcols.org\/wp-content\/uploads\/2023\/08\/2OIOkaPXd4R88iQTT0HksKDvNTb-500x3751-1.jpg","contentUrl":"https:\/\/centcols.org\/wp-content\/uploads\/2023\/08\/2OIOkaPXd4R88iQTT0HksKDvNTb-500x3751-1.jpg","width":500,"height":375},{"@type":"BreadcrumbList","@id":"https:\/\/centcols.org\/de-bw-foret-noire-gengenbach-gravel\/#breadcrumb","itemListElement":[{"@type":"ListItem","position":1,"name":"Accueil","item":"https:\/\/centcols.org\/"},{"@type":"ListItem","position":2,"name":"Parcours membres","item":"https:\/\/centcols.org\/rubrique\/parcours-membres\/"},{"@type":"ListItem","position":3,"name":"Pays","item":"https:\/\/centcols.org\/rubrique\/parcours-membres\/pays-parcours-membres\/"},{"@type":"ListItem","position":4,"name":"Parcours Allemagne","item":"https:\/\/centcols.org\/rubrique\/parcours-membres\/pays-parcours-membres\/parcours-allemagne\/"},{"@type":"ListItem","position":5,"name":"DE-BW For\u00eat-Noire Gengenbach &#8211; Gravel 69 km, D+ 2080 m, 25 cols"}]},{"@type":"WebSite","@id":"https:\/\/centcols.org\/#website","url":"https:\/\/centcols.org\/","name":"Club des Cent Cols","description":"","publisher":{"@id":"https:\/\/centcols.org\/#organization"},"potentialAction":[{"@type":"SearchAction","target":{"@type":"EntryPoint","urlTemplate":"https:\/\/centcols.org\/?s={search_term_string}"},"query-input":{"@type":"PropertyValueSpecification","valueRequired":true,"valueName":"search_term_string"}}],"inLanguage":"it-IT"},{"@type":"Organization","@id":"https:\/\/centcols.org\/#organization","name":"Club des Cent Cols","url":"https:\/\/centcols.org\/","logo":{"@type":"ImageObject","inLanguage":"it-IT","@id":"https:\/\/centcols.org\/#\/schema\/logo\/image\/","url":"https:\/\/centcols.org\/wp-content\/uploads\/2025\/01\/carte-icone.png","contentUrl":"https:\/\/centcols.org\/wp-content\/uploads\/2025\/01\/carte-icone.png","width":250,"height":250,"caption":"Club des Cent Cols"},"image":{"@id":"https:\/\/centcols.org\/#\/schema\/logo\/image\/"},"sameAs":["https:\/\/www.facebook.com\/groups\/5261880558\/?locale=fr_FR"]},{"@type":"Person","@id":"https:\/\/centcols.org\/#\/schema\/person\/911b404fb133d8c913dd27cdcf71c8e5","name":"Webmaster","image":{"@type":"ImageObject","inLanguage":"it-IT","@id":"https:\/\/centcols.org\/wp-content\/litespeed\/avatar\/2d246e4b6b4f773e08515e1ffc53690b.jpg?ver=1777222892","url":"https:\/\/centcols.org\/wp-content\/litespeed\/avatar\/2d246e4b6b4f773e08515e1ffc53690b.jpg?ver=1777222892","contentUrl":"https:\/\/centcols.org\/wp-content\/litespeed\/avatar\/2d246e4b6b4f773e08515e1ffc53690b.jpg?ver=1777222892","caption":"Webmestre"},"url":"https:\/\/centcols.org\/it\/author\/webmestre\/"}]}},"_links":{"self":[{"href":"https:\/\/centcols.org\/it\/wp-json\/wp\/v2\/posts\/82459","targetHints":{"allow":["GET"]}}],"collection":[{"href":"https:\/\/centcols.org\/it\/wp-json\/wp\/v2\/posts"}],"about":[{"href":"https:\/\/centcols.org\/it\/wp-json\/wp\/v2\/types\/post"}],"author":[{"embeddable":true,"href":"https:\/\/centcols.org\/it\/wp-json\/wp\/v2\/users\/3"}],"replies":[{"embeddable":true,"href":"https:\/\/centcols.org\/it\/wp-json\/wp\/v2\/comments?post=82459"}],"version-history":[{"count":0,"href":"https:\/\/centcols.org\/it\/wp-json\/wp\/v2\/posts\/82459\/revisions"}],"wp:featuredmedia":[{"embeddable":true,"href":"https:\/\/centcols.org\/it\/wp-json\/wp\/v2\/media\/82860"}],"wp:attachment":[{"href":"https:\/\/centcols.org\/it\/wp-json\/wp\/v2\/media?parent=82459"}],"wp:term":[{"taxonomy":"category","embeddable":true,"href":"https:\/\/centcols.org\/it\/wp-json\/wp\/v2\/categories?post=82459"},{"taxonomy":"post_tag","embeddable":true,"href":"https:\/\/centcols.org\/it\/wp-json\/wp\/v2\/tags?post=82459"}],"curies":[{"name":"wp","href":"https:\/\/api.w.org\/{rel}","templated":true}]}}