{"id":82465,"date":"2023-08-12T15:06:05","date_gmt":"2023-08-12T13:06:05","guid":{"rendered":"https:\/\/centcols.org\/de-bw-foret-noire-haslach-im-kinsigtal-ouest-gravel-87-km-d-2550-m-20-cols\/"},"modified":"2026-04-06T23:53:23","modified_gmt":"2026-04-06T21:53:23","slug":"de-bw-foret-noire-haslach-im-kinsigtal-ouest-gravel","status":"publish","type":"post","link":"https:\/\/centcols.org\/it\/de-bw-foret-noire-haslach-im-kinsigtal-ouest-gravel\/","title":{"rendered":"DE-BW Foresta Nera Haslach im Kinsigtal ovest - Ghiaia 87 km, D+ 2540 m, 20 passi"},"content":{"rendered":"<iframe width=\"100%\" height=\"650\" loading=\"lazy\" src=\"https:\/\/www.openrunner.com\/embed\/544b7765504762366f70785668704a616c47636c33353775666e3943415671556f3168736f48432f7031513d3a3a203e3f07a73a8a025abc32bc92d159fa?unit=metric\" style=\"border: none;\"><\/iframe>\n\n\n\n<div style=\"height:30px\" aria-hidden=\"true\" class=\"wp-block-spacer\"><\/div>\n\n\n\n<h2 class=\"wp-block-heading\">Descrizione dell'autore<\/h2>\n\n\n\n<p><strong>Autore <\/strong>Jean-Luc Ceccato<br><strong>Corso<\/strong> da realizzare nel 2021<br><strong>Partenza <\/strong>Da Haslach, da un parcheggio al centro della Strickerweg tra il cimitero e gli stadi. Alt: 228 m.<\/p>\n\n\n\n<div style=\"height:30px\" aria-hidden=\"true\" class=\"wp-block-spacer\"><\/div>\n\n\n\n<h2 class=\"wp-block-heading\">Informazioni turistiche<\/h2>\n\n\n\n<p>Con il <a href=\"\/it\/de-bw-foret-noire-haslach-im-kinsigtal-sud-gravel\/\" target=\"_blank\" rel=\"noreferrer noopener\">Haslach im Kinsigtal sud<\/a> e <a href=\"\/it\/de-bw-foret-noire-haslach-im-kinsigtal-est-gravel\/\" target=\"_blank\" rel=\"noreferrer noopener\">\u00e8<\/a>La concentrazione di passi qui \u00e8 assolutamente notevole. Una breve vacanza ad Haslach \u00e8 il modo perfetto per combinare la raccolta dei passi con una visita al villaggio assolutamente pittoresco.<\/p>\n\n\n\n<div style=\"height:30px\" aria-hidden=\"true\" class=\"wp-block-spacer\"><\/div>\n\n\n\n<h2 class=\"wp-block-heading\">Specifiche tecniche<\/h2>\n\n\n\n<p>Questo percorso non presenta difficolt\u00e0 sui sentieri, ma presenta un notevole dislivello. \u00c8 stato percorso senza problemi con una bici da corsa.<br>Si tratta di un percorso di circa 50% su strade asfaltate e il resto su bei sentieri. La lunghezza, il dislivello e, a volte, le pendenze sono piuttosto formidabili!<\/p>\n\n\n\n<div style=\"height:30px\" aria-hidden=\"true\" class=\"wp-block-spacer\"><\/div>\n\n\n\n<p><strong>20 bottiglie<\/strong><\/p>\n\n\n\n<figure class=\"wp-block-table tableau-cols\"><table class=\"has-background\" style=\"background-color:#f0f0f0\"><tbody><tr><td>1 - Dochbacher Platz<\/td><td>516 m<\/td><td><a href=\"\/it\/util\/geo\/visu.php\/?code=DE-BW-0516\" target=\"_blank\" rel=\"noreferrer noopener\">DE-BW-0516<\/a><\/td><\/tr><tr><td>2 - Hofstetter Eck<\/td><td>543 m<\/td><td><a href=\"\/it\/util\/geo\/visu.php\/?code=DE-BW-0543a\" target=\"_blank\" rel=\"noreferrer noopener\">DE-BW-0543a<\/a><\/td><\/tr><tr><td>3 - Niederbachereck<\/td><td>590 m<\/td><td><a href=\"\/it\/util\/geo\/visu.php\/?code=DE-BW-0590c\" target=\"_blank\" rel=\"noreferrer noopener\">DE-BW-0590c<\/a><\/td><\/tr><tr><td>4 - Altezza<\/td><td>667 m<\/td><td><a href=\"\/it\/util\/geo\/visu.php\/?code=DE-BW-0667\" target=\"_blank\" rel=\"noreferrer noopener\">DE-BW-0667<\/a><\/td><\/tr><tr><td>5 - Fixenplatz<\/td><td>591 m<\/td><td><a href=\"\/it\/util\/geo\/visu.php\/?code=DE-BW-0591a\" target=\"_blank\" rel=\"noreferrer noopener\">DE-BW-0591a<\/a><\/td><\/tr><tr><td>6 - Eckle<\/td><td>520 m<\/td><td><a href=\"\/it\/util\/geo\/visu.php\/?code=DE-BW-0520\" target=\"_blank\" rel=\"noreferrer noopener\">DE-BW-0520<\/a><\/td><\/tr><tr><td>7 - Schellenl\u00f6chle<\/td><td>455 m<\/td><td><a href=\"\/it\/util\/geo\/visu.php\/?code=DE-BW-0455\" target=\"_blank\" rel=\"noreferrer noopener\">DE-BW-0455<\/a><\/td><\/tr><tr><td>8 - Totenruheplatz<\/td><td>495 m<\/td><td><a href=\"\/it\/util\/geo\/visu.php\/?code=DE-BW-0495b\" target=\"_blank\" rel=\"noreferrer noopener\">DE-BW-0495b<\/a><\/td><\/tr><tr><td>9 - J\u00e4gertoni Eck<\/td><td>430 m<\/td><td><a href=\"\/it\/util\/geo\/visu.php\/?code=DE-BW-0430a\" target=\"_blank\" rel=\"noreferrer noopener\">DE-BW-0430a<\/a><\/td><\/tr><tr><td>10 - Kreuzplatz<\/td><td>445 m<\/td><td><a href=\"\/it\/util\/geo\/visu.php\/?code=DE-BW-0445\" target=\"_blank\" rel=\"noreferrer noopener\">DE-BW-0445<\/a><\/td><\/tr><tr><td>11 - Heidenbauerneck<\/td><td>470 m<\/td><td><a href=\"\/it\/util\/geo\/visu.php\/?code=DE-BW-0470\" target=\"_blank\" rel=\"noreferrer noopener\">DE-BW-0470<\/a><\/td><\/tr><tr><td>12 - Nocken Kreuzplatz<\/td><td>472 m<\/td><td><a href=\"\/it\/util\/geo\/visu.php\/?code=DE-BW-0472\" target=\"_blank\" rel=\"noreferrer noopener\">DE-BW-0472<\/a><\/td><\/tr><tr><td>13 - Kambacher Eck<\/td><td>539 m<\/td><td><a href=\"\/it\/util\/geo\/visu.php\/?code=DE-BW-0539a\" target=\"_blank\" rel=\"noreferrer noopener\">DE-BW-0539a<\/a><\/td><\/tr><tr><td>14 - Niederbacher Eck<\/td><td>487 m<\/td><td><a href=\"\/it\/util\/geo\/visu.php\/?code=DE-BW-0487a\" target=\"_blank\" rel=\"noreferrer noopener\">DE-BW-0487a<\/a><\/td><\/tr><tr><td>15 - Langeck<\/td><td>392 m<\/td><td><a href=\"\/it\/util\/geo\/visu.php\/?code=DE-BW-0392\" target=\"_blank\" rel=\"noreferrer noopener\">DE-BW-0392<\/a><\/td><\/tr><tr><td>16 - Schuttereckle<\/td><td>350 m<\/td><td><a href=\"\/it\/util\/geo\/visu.php\/?code=DE-BW-0350\" target=\"_blank\" rel=\"noreferrer noopener\">DE-BW-0350<\/a><\/td><\/tr><tr><td>17 - Am unteren Sattel<\/td><td>356 m<\/td><td><a href=\"\/it\/util\/geo\/visu.php\/?code=DE-BW-0356\" target=\"_blank\" rel=\"noreferrer noopener\">DE-BW-0356<\/a><\/td><\/tr><tr><td>18 - L\u00fctzenhardter Sattel<\/td><td>399 m<\/td><td><a href=\"\/it\/util\/geo\/visu.php\/?code=DE-BW-0399b\" target=\"_blank\" rel=\"noreferrer noopener\">DE-BW-0399b<\/a><\/td><\/tr><tr><td>19 - Hageneck<\/td><td>459 m<\/td><td><a href=\"\/it\/util\/geo\/visu.php\/?code=DE-BW-0459\" target=\"_blank\" rel=\"noreferrer noopener\">DE-BW-0459<\/a><\/td><\/tr><tr><td>20 - Oberbachsattel<\/td><td>277 m<\/td><td><a href=\"\/it\/util\/geo\/visu.php\/?code=DE-BW-0277\" target=\"_blank\" rel=\"noreferrer noopener\">DE-BW-0277<\/a><\/td><\/tr><\/tbody><\/table><\/figure>\n\n\n\n<p><strong>Parole chiave<\/strong> Foresta Nera, Haslach im Kinsigtal, Baden, centole<\/p>\n\n\n\n<p>Link Openrunner, mappa interattiva, profilo, traccia : <a href=\"https:\/\/www.openrunner.com\/route-details\/16636670\" target=\"_blank\" rel=\"noreferrer noopener\">https:\/\/www.openrunner.com\/route-details\/16636670<\/a><\/p>\n\n\n\n<p>Questo itinerario \u00e8 offerto a titolo puramente indicativo. L'autore non si assume alcuna responsabilit\u00e0, n\u00e9 quella del Club des Cent Cols, per eventuali imponderabilit\u00e0 dovute al ciclista stesso, all'equipaggiamento utilizzato o a qualsiasi cosa abbia a che fare con la strada, le piste e i sentieri, i loro dintorni o altri utenti.<\/p>\n\n\n\n<div style=\"height:30px\" aria-hidden=\"true\" class=\"wp-block-spacer\"><\/div>\n\n\n\n<h2 class=\"wp-block-heading\">Foto<\/h2>\n\n\n\n<figure class=\"wp-block-gallery has-nested-images columns-4 is-cropped wp-block-gallery-1 is-layout-flex wp-block-gallery-is-layout-flex\">\n<figure class=\"wp-block-image size-large\"><a href=\"https:\/\/centcols.org\/wp-content\/uploads\/2023\/08\/Hslach-OUEST-Vallee-de-Foret-Noire-500x3751-1.jpg\"><img loading=\"lazy\" decoding=\"async\" width=\"500\" height=\"375\" data-id=\"82867\" src=\"https:\/\/centcols.org\/wp-content\/uploads\/2023\/08\/Hslach-OUEST-Vallee-de-Foret-Noire-500x3751-1.jpg\" alt=\"\" class=\"wp-image-82867\"\/><\/a><figcaption class=\"wp-element-caption\">Valle della Foresta Nera<\/figcaption><\/figure>\n\n\n\n<figure class=\"wp-block-image size-large\"><a href=\"https:\/\/centcols.org\/wp-content\/uploads\/2023\/08\/Haslach-OUEST-piste-1200x9001-1.jpg\"><img loading=\"lazy\" decoding=\"async\" width=\"1200\" height=\"900\" data-id=\"89836\" src=\"https:\/\/centcols.org\/wp-content\/uploads\/2023\/08\/Haslach-OUEST-piste-1200x9001-1.jpg\" alt=\"\" class=\"wp-image-89836\" srcset=\"https:\/\/centcols.org\/wp-content\/uploads\/2023\/08\/Haslach-OUEST-piste-1200x9001-1.jpg 1200w, https:\/\/centcols.org\/wp-content\/uploads\/2023\/08\/Haslach-OUEST-piste-1200x9001-1-768x576.jpg 768w, https:\/\/centcols.org\/wp-content\/uploads\/2023\/08\/Haslach-OUEST-piste-1200x9001-1-16x12.jpg 16w\" sizes=\"auto, (max-width: 1200px) 100vw, 1200px\" \/><\/a><\/figure>\n\n\n\n<figure class=\"wp-block-image size-large\"><a href=\"https:\/\/centcols.org\/wp-content\/uploads\/2023\/08\/Haslach-OUEST-Piste-2-1200x9001-1.jpg\"><img loading=\"lazy\" decoding=\"async\" width=\"1200\" height=\"900\" data-id=\"89837\" src=\"https:\/\/centcols.org\/wp-content\/uploads\/2023\/08\/Haslach-OUEST-Piste-2-1200x9001-1.jpg\" alt=\"\" class=\"wp-image-89837\" srcset=\"https:\/\/centcols.org\/wp-content\/uploads\/2023\/08\/Haslach-OUEST-Piste-2-1200x9001-1.jpg 1200w, https:\/\/centcols.org\/wp-content\/uploads\/2023\/08\/Haslach-OUEST-Piste-2-1200x9001-1-768x576.jpg 768w, https:\/\/centcols.org\/wp-content\/uploads\/2023\/08\/Haslach-OUEST-Piste-2-1200x9001-1-16x12.jpg 16w\" sizes=\"auto, (max-width: 1200px) 100vw, 1200px\" \/><\/a><figcaption class=\"wp-element-caption\">Traccia<\/figcaption><\/figure>\n\n\n\n<figure class=\"wp-block-image size-large\"><a href=\"https:\/\/centcols.org\/wp-content\/uploads\/2023\/08\/Haslach-OUEST-Paysage-1200x9001-1.jpg\"><img loading=\"lazy\" decoding=\"async\" width=\"1200\" height=\"900\" data-id=\"89838\" src=\"https:\/\/centcols.org\/wp-content\/uploads\/2023\/08\/Haslach-OUEST-Paysage-1200x9001-1.jpg\" alt=\"\" class=\"wp-image-89838\" srcset=\"https:\/\/centcols.org\/wp-content\/uploads\/2023\/08\/Haslach-OUEST-Paysage-1200x9001-1.jpg 1200w, https:\/\/centcols.org\/wp-content\/uploads\/2023\/08\/Haslach-OUEST-Paysage-1200x9001-1-768x576.jpg 768w, https:\/\/centcols.org\/wp-content\/uploads\/2023\/08\/Haslach-OUEST-Paysage-1200x9001-1-16x12.jpg 16w\" sizes=\"auto, (max-width: 1200px) 100vw, 1200px\" \/><\/a><figcaption class=\"wp-element-caption\">Paesaggio<\/figcaption><\/figure>\n\n\n\n<figure class=\"wp-block-image size-large\"><a href=\"https:\/\/centcols.org\/wp-content\/uploads\/2023\/08\/image-62.jpeg\"><img loading=\"lazy\" decoding=\"async\" width=\"743\" height=\"496\" data-id=\"94974\" src=\"https:\/\/centcols.org\/wp-content\/uploads\/2023\/08\/image-62.jpeg\" alt=\"\" class=\"wp-image-94974\" srcset=\"https:\/\/centcols.org\/wp-content\/uploads\/2023\/08\/image-62.jpeg 743w, https:\/\/centcols.org\/wp-content\/uploads\/2023\/08\/image-62-18x12.jpeg 18w\" sizes=\"auto, (max-width: 743px) 100vw, 743px\" \/><\/a><figcaption class=\"wp-element-caption\">Hofstetter Eck<\/figcaption><\/figure>\n\n\n\n<figure class=\"wp-block-image size-large\"><a href=\"https:\/\/centcols.org\/wp-content\/uploads\/2023\/08\/image-63.jpeg\"><img loading=\"lazy\" decoding=\"async\" width=\"748\" height=\"450\" data-id=\"94975\" src=\"https:\/\/centcols.org\/wp-content\/uploads\/2023\/08\/image-63.jpeg\" alt=\"\" class=\"wp-image-94975\" srcset=\"https:\/\/centcols.org\/wp-content\/uploads\/2023\/08\/image-63.jpeg 748w, https:\/\/centcols.org\/wp-content\/uploads\/2023\/08\/image-63-18x12.jpeg 18w\" sizes=\"auto, (max-width: 748px) 100vw, 748px\" \/><\/a><figcaption class=\"wp-element-caption\">Niederbachereck<\/figcaption><\/figure>\n\n\n\n<figure class=\"wp-block-image size-large\"><a href=\"https:\/\/centcols.org\/wp-content\/uploads\/2023\/08\/image-64.jpeg\"><img loading=\"lazy\" decoding=\"async\" width=\"759\" height=\"498\" data-id=\"94976\" src=\"https:\/\/centcols.org\/wp-content\/uploads\/2023\/08\/image-64.jpeg\" alt=\"\" class=\"wp-image-94976\" srcset=\"https:\/\/centcols.org\/wp-content\/uploads\/2023\/08\/image-64.jpeg 759w, https:\/\/centcols.org\/wp-content\/uploads\/2023\/08\/image-64-18x12.jpeg 18w\" sizes=\"auto, (max-width: 759px) 100vw, 759px\" \/><\/a><figcaption class=\"wp-element-caption\">Altezza<\/figcaption><\/figure>\n\n\n\n<figure class=\"wp-block-image size-large\"><a href=\"https:\/\/centcols.org\/wp-content\/uploads\/2023\/08\/image-65.jpeg\"><img loading=\"lazy\" decoding=\"async\" width=\"800\" height=\"532\" data-id=\"94977\" src=\"https:\/\/centcols.org\/wp-content\/uploads\/2023\/08\/image-65.jpeg\" alt=\"\" class=\"wp-image-94977\" srcset=\"https:\/\/centcols.org\/wp-content\/uploads\/2023\/08\/image-65.jpeg 800w, https:\/\/centcols.org\/wp-content\/uploads\/2023\/08\/image-65-768x511.jpeg 768w, https:\/\/centcols.org\/wp-content\/uploads\/2023\/08\/image-65-18x12.jpeg 18w\" sizes=\"auto, (max-width: 800px) 100vw, 800px\" \/><\/a><figcaption class=\"wp-element-caption\">Eckle<\/figcaption><\/figure>\n\n\n\n<figure class=\"wp-block-image size-large\"><a href=\"https:\/\/centcols.org\/wp-content\/uploads\/2023\/08\/image-66.jpeg\"><img loading=\"lazy\" decoding=\"async\" width=\"800\" height=\"532\" data-id=\"94978\" src=\"https:\/\/centcols.org\/wp-content\/uploads\/2023\/08\/image-66.jpeg\" alt=\"\" class=\"wp-image-94978\" srcset=\"https:\/\/centcols.org\/wp-content\/uploads\/2023\/08\/image-66.jpeg 800w, https:\/\/centcols.org\/wp-content\/uploads\/2023\/08\/image-66-768x511.jpeg 768w, https:\/\/centcols.org\/wp-content\/uploads\/2023\/08\/image-66-18x12.jpeg 18w\" sizes=\"auto, (max-width: 800px) 100vw, 800px\" \/><\/a><figcaption class=\"wp-element-caption\">Schellenl\u00f6chle<\/figcaption><\/figure>\n\n\n\n<figure class=\"wp-block-image size-large\"><a href=\"https:\/\/centcols.org\/wp-content\/uploads\/2023\/08\/image-67.jpeg\"><img loading=\"lazy\" decoding=\"async\" width=\"800\" height=\"532\" data-id=\"94979\" src=\"https:\/\/centcols.org\/wp-content\/uploads\/2023\/08\/image-67.jpeg\" alt=\"\" class=\"wp-image-94979\" srcset=\"https:\/\/centcols.org\/wp-content\/uploads\/2023\/08\/image-67.jpeg 800w, https:\/\/centcols.org\/wp-content\/uploads\/2023\/08\/image-67-768x511.jpeg 768w, https:\/\/centcols.org\/wp-content\/uploads\/2023\/08\/image-67-18x12.jpeg 18w\" sizes=\"auto, (max-width: 800px) 100vw, 800px\" \/><\/a><figcaption class=\"wp-element-caption\">Totenruheplatz<\/figcaption><\/figure>\n\n\n\n<figure class=\"wp-block-image size-large\"><a href=\"https:\/\/centcols.org\/wp-content\/uploads\/2023\/08\/image-68.jpeg\"><img loading=\"lazy\" decoding=\"async\" width=\"800\" height=\"532\" data-id=\"94980\" src=\"https:\/\/centcols.org\/wp-content\/uploads\/2023\/08\/image-68.jpeg\" alt=\"\" class=\"wp-image-94980\" srcset=\"https:\/\/centcols.org\/wp-content\/uploads\/2023\/08\/image-68.jpeg 800w, https:\/\/centcols.org\/wp-content\/uploads\/2023\/08\/image-68-768x511.jpeg 768w, https:\/\/centcols.org\/wp-content\/uploads\/2023\/08\/image-68-18x12.jpeg 18w\" sizes=\"auto, (max-width: 800px) 100vw, 800px\" \/><\/a><figcaption class=\"wp-element-caption\">J\u00e4gertoni Eck<\/figcaption><\/figure>\n\n\n\n<figure class=\"wp-block-image size-large\"><a href=\"https:\/\/centcols.org\/wp-content\/uploads\/2023\/08\/image-69.jpeg\"><img loading=\"lazy\" decoding=\"async\" width=\"800\" height=\"532\" data-id=\"94981\" src=\"https:\/\/centcols.org\/wp-content\/uploads\/2023\/08\/image-69.jpeg\" alt=\"\" class=\"wp-image-94981\" srcset=\"https:\/\/centcols.org\/wp-content\/uploads\/2023\/08\/image-69.jpeg 800w, https:\/\/centcols.org\/wp-content\/uploads\/2023\/08\/image-69-768x511.jpeg 768w, https:\/\/centcols.org\/wp-content\/uploads\/2023\/08\/image-69-18x12.jpeg 18w\" sizes=\"auto, (max-width: 800px) 100vw, 800px\" \/><\/a><figcaption class=\"wp-element-caption\">Kreuzplatz<\/figcaption><\/figure>\n\n\n\n<figure class=\"wp-block-image size-large\"><a href=\"https:\/\/centcols.org\/wp-content\/uploads\/2023\/08\/image-70.jpeg\"><img loading=\"lazy\" decoding=\"async\" width=\"800\" height=\"532\" data-id=\"94982\" src=\"https:\/\/centcols.org\/wp-content\/uploads\/2023\/08\/image-70.jpeg\" alt=\"\" class=\"wp-image-94982\" srcset=\"https:\/\/centcols.org\/wp-content\/uploads\/2023\/08\/image-70.jpeg 800w, https:\/\/centcols.org\/wp-content\/uploads\/2023\/08\/image-70-768x511.jpeg 768w, https:\/\/centcols.org\/wp-content\/uploads\/2023\/08\/image-70-18x12.jpeg 18w\" sizes=\"auto, (max-width: 800px) 100vw, 800px\" \/><\/a><figcaption class=\"wp-element-caption\">Heidenbauerneck<\/figcaption><\/figure>\n\n\n\n<figure class=\"wp-block-image size-large\"><a href=\"https:\/\/centcols.org\/wp-content\/uploads\/2023\/08\/image-71.jpeg\"><img loading=\"lazy\" decoding=\"async\" width=\"800\" height=\"532\" data-id=\"94983\" src=\"https:\/\/centcols.org\/wp-content\/uploads\/2023\/08\/image-71.jpeg\" alt=\"\" class=\"wp-image-94983\" srcset=\"https:\/\/centcols.org\/wp-content\/uploads\/2023\/08\/image-71.jpeg 800w, https:\/\/centcols.org\/wp-content\/uploads\/2023\/08\/image-71-768x511.jpeg 768w, https:\/\/centcols.org\/wp-content\/uploads\/2023\/08\/image-71-18x12.jpeg 18w\" sizes=\"auto, (max-width: 800px) 100vw, 800px\" \/><\/a><figcaption class=\"wp-element-caption\">Nocken Kreuzplatz<\/figcaption><\/figure>\n\n\n\n<figure class=\"wp-block-image size-large\"><a href=\"https:\/\/centcols.org\/wp-content\/uploads\/2023\/08\/image-72.jpeg\"><img loading=\"lazy\" decoding=\"async\" width=\"602\" height=\"410\" data-id=\"94984\" src=\"https:\/\/centcols.org\/wp-content\/uploads\/2023\/08\/image-72.jpeg\" alt=\"\" class=\"wp-image-94984\" srcset=\"https:\/\/centcols.org\/wp-content\/uploads\/2023\/08\/image-72.jpeg 602w, https:\/\/centcols.org\/wp-content\/uploads\/2023\/08\/image-72-18x12.jpeg 18w\" sizes=\"auto, (max-width: 602px) 100vw, 602px\" \/><\/a><figcaption class=\"wp-element-caption\">Kambacher Eck<\/figcaption><\/figure>\n\n\n\n<figure class=\"wp-block-image size-large\"><a href=\"https:\/\/centcols.org\/wp-content\/uploads\/2023\/08\/image-73.jpeg\"><img loading=\"lazy\" decoding=\"async\" width=\"800\" height=\"532\" data-id=\"94985\" src=\"https:\/\/centcols.org\/wp-content\/uploads\/2023\/08\/image-73.jpeg\" alt=\"\" class=\"wp-image-94985\" srcset=\"https:\/\/centcols.org\/wp-content\/uploads\/2023\/08\/image-73.jpeg 800w, https:\/\/centcols.org\/wp-content\/uploads\/2023\/08\/image-73-768x511.jpeg 768w, https:\/\/centcols.org\/wp-content\/uploads\/2023\/08\/image-73-18x12.jpeg 18w\" sizes=\"auto, (max-width: 800px) 100vw, 800px\" \/><\/a><figcaption class=\"wp-element-caption\">Niederbacher Eck<\/figcaption><\/figure>\n\n\n\n<figure class=\"wp-block-image size-large\"><a href=\"https:\/\/centcols.org\/wp-content\/uploads\/2023\/08\/image-74.jpeg\"><img loading=\"lazy\" decoding=\"async\" width=\"800\" height=\"532\" data-id=\"94986\" src=\"https:\/\/centcols.org\/wp-content\/uploads\/2023\/08\/image-74.jpeg\" alt=\"\" class=\"wp-image-94986\" srcset=\"https:\/\/centcols.org\/wp-content\/uploads\/2023\/08\/image-74.jpeg 800w, https:\/\/centcols.org\/wp-content\/uploads\/2023\/08\/image-74-768x511.jpeg 768w, https:\/\/centcols.org\/wp-content\/uploads\/2023\/08\/image-74-18x12.jpeg 18w\" sizes=\"auto, (max-width: 800px) 100vw, 800px\" \/><\/a><figcaption class=\"wp-element-caption\">Langeck<\/figcaption><\/figure>\n\n\n\n<figure class=\"wp-block-image size-large\"><a href=\"https:\/\/centcols.org\/wp-content\/uploads\/2023\/08\/image-75.jpeg\"><img loading=\"lazy\" decoding=\"async\" width=\"800\" height=\"532\" data-id=\"94987\" src=\"https:\/\/centcols.org\/wp-content\/uploads\/2023\/08\/image-75.jpeg\" alt=\"\" class=\"wp-image-94987\" srcset=\"https:\/\/centcols.org\/wp-content\/uploads\/2023\/08\/image-75.jpeg 800w, https:\/\/centcols.org\/wp-content\/uploads\/2023\/08\/image-75-768x511.jpeg 768w, https:\/\/centcols.org\/wp-content\/uploads\/2023\/08\/image-75-18x12.jpeg 18w\" sizes=\"auto, (max-width: 800px) 100vw, 800px\" \/><\/a><figcaption class=\"wp-element-caption\">Schuttereckle<\/figcaption><\/figure>\n\n\n\n<figure class=\"wp-block-image size-large\"><a href=\"https:\/\/centcols.org\/wp-content\/uploads\/2023\/08\/image-76.jpeg\"><img loading=\"lazy\" decoding=\"async\" width=\"788\" height=\"550\" data-id=\"94988\" src=\"https:\/\/centcols.org\/wp-content\/uploads\/2023\/08\/image-76.jpeg\" alt=\"\" class=\"wp-image-94988\" srcset=\"https:\/\/centcols.org\/wp-content\/uploads\/2023\/08\/image-76.jpeg 788w, https:\/\/centcols.org\/wp-content\/uploads\/2023\/08\/image-76-768x536.jpeg 768w, https:\/\/centcols.org\/wp-content\/uploads\/2023\/08\/image-76-18x12.jpeg 18w\" sizes=\"auto, (max-width: 788px) 100vw, 788px\" \/><\/a><figcaption class=\"wp-element-caption\">Albergo Oberbachsattel<\/figcaption><\/figure>\n<\/figure>","protected":false},"excerpt":{"rendered":"<p>Description de l\u2019auteur Auteur : Jean-Luc CeccatoParcours : effectu\u00e9 en 2021D\u00e9part : depuis Haslach, d\u2019un parking situ\u00e9 au milieu de la Strickerweg entre cimeti\u00e8re et stades. Alt : 228\u00a0m. Descriptif touristique Avec les parcours de Haslach im Kinsigtal sud et est, la concentration de cols en ces lieux est absolument remarquable. Effectuer un petit s\u00e9jour [&hellip;]<\/p>\n","protected":false},"author":3,"featured_media":82867,"comment_status":"open","ping_status":"open","sticky":false,"template":"","format":"standard","meta":{"_acf_changed":false,"footnotes":""},"categories":[302,320,323,220],"tags":[],"class_list":["post-82465","post","type-post","status-publish","format-standard","has-post-thumbnail","hentry","category-parcours-allemagne","category-gravel-type-parcours","category-foret-noire-massif-parcours-membres","category-parcours-membres"],"acf":[],"yoast_head":"<!-- This site is optimized with the Yoast SEO plugin v27.2 - https:\/\/yoast.com\/product\/yoast-seo-wordpress\/ -->\n<title>DE-BW For\u00eat-Noire Haslach im Kinsigtal ouest - Gravel 87 km, D+ 2540 m, 20 cols - Club des Cent Cols<\/title>\n<meta name=\"robots\" content=\"index, follow, max-snippet:-1, max-image-preview:large, max-video-preview:-1\" \/>\n<link rel=\"canonical\" href=\"https:\/\/centcols.org\/it\/de-bw-foret-noire-haslach-im-kinsigtal-ouest-gravel\/\" \/>\n<meta property=\"og:locale\" content=\"it_IT\" \/>\n<meta property=\"og:type\" content=\"article\" \/>\n<meta property=\"og:title\" content=\"DE-BW For\u00eat-Noire Haslach im Kinsigtal ouest - Gravel 87 km, D+ 2540 m, 20 cols - Club des Cent Cols\" \/>\n<meta property=\"og:description\" content=\"Description de l\u2019auteur Auteur : Jean-Luc CeccatoParcours : effectu\u00e9 en 2021D\u00e9part : depuis Haslach, d\u2019un parking situ\u00e9 au milieu de la Strickerweg entre cimeti\u00e8re et stades. Alt : 228\u00a0m. Descriptif touristique Avec les parcours de Haslach im Kinsigtal sud et est, la concentration de cols en ces lieux est absolument remarquable. Effectuer un petit s\u00e9jour [&hellip;]\" \/>\n<meta property=\"og:url\" content=\"https:\/\/centcols.org\/it\/de-bw-foret-noire-haslach-im-kinsigtal-ouest-gravel\/\" \/>\n<meta property=\"og:site_name\" content=\"Club des Cent Cols\" \/>\n<meta property=\"article:publisher\" content=\"https:\/\/www.facebook.com\/groups\/5261880558\/?locale=fr_FR\" \/>\n<meta property=\"article:published_time\" content=\"2023-08-12T13:06:05+00:00\" \/>\n<meta property=\"article:modified_time\" content=\"2026-04-06T21:53:23+00:00\" \/>\n<meta property=\"og:image\" content=\"https:\/\/centcols.org\/wp-content\/uploads\/2023\/08\/Hslach-OUEST-Vallee-de-Foret-Noire-500x3751-1.jpg\" \/>\n\t<meta property=\"og:image:width\" content=\"500\" \/>\n\t<meta property=\"og:image:height\" content=\"375\" \/>\n\t<meta property=\"og:image:type\" content=\"image\/jpeg\" \/>\n<meta name=\"author\" content=\"Webmestre\" \/>\n<meta name=\"twitter:card\" content=\"summary_large_image\" \/>\n<meta name=\"twitter:label1\" content=\"Scritto da\" \/>\n\t<meta name=\"twitter:data1\" content=\"Webmestre\" \/>\n\t<meta name=\"twitter:label2\" content=\"Tempo di lettura stimato\" \/>\n\t<meta name=\"twitter:data2\" content=\"6 minuti\" \/>\n<script type=\"application\/ld+json\" class=\"yoast-schema-graph\">{\"@context\":\"https:\/\/schema.org\",\"@graph\":[{\"@type\":\"Article\",\"@id\":\"https:\/\/centcols.org\/de-bw-foret-noire-haslach-im-kinsigtal-ouest-gravel\/#article\",\"isPartOf\":{\"@id\":\"https:\/\/centcols.org\/de-bw-foret-noire-haslach-im-kinsigtal-ouest-gravel\/\"},\"author\":{\"name\":\"Webmestre\",\"@id\":\"https:\/\/centcols.org\/#\/schema\/person\/911b404fb133d8c913dd27cdcf71c8e5\"},\"headline\":\"DE-BW For\u00eat-Noire Haslach im Kinsigtal ouest &#8211; Gravel 87 km, D+ 2540 m, 20 cols\",\"datePublished\":\"2023-08-12T13:06:05+00:00\",\"dateModified\":\"2026-04-06T21:53:23+00:00\",\"mainEntityOfPage\":{\"@id\":\"https:\/\/centcols.org\/de-bw-foret-noire-haslach-im-kinsigtal-ouest-gravel\/\"},\"wordCount\":354,\"commentCount\":0,\"publisher\":{\"@id\":\"https:\/\/centcols.org\/#organization\"},\"image\":{\"@id\":\"https:\/\/centcols.org\/de-bw-foret-noire-haslach-im-kinsigtal-ouest-gravel\/#primaryimage\"},\"thumbnailUrl\":\"https:\/\/centcols.org\/wp-content\/uploads\/2023\/08\/Hslach-OUEST-Vallee-de-Foret-Noire-500x3751-1.jpg\",\"articleSection\":[\"Parcours Allemagne\",\"Gravel\",\"For\u00eat-Noire\",\"Parcours membres\"],\"inLanguage\":\"it-IT\",\"potentialAction\":[{\"@type\":\"CommentAction\",\"name\":\"Comment\",\"target\":[\"https:\/\/centcols.org\/de-bw-foret-noire-haslach-im-kinsigtal-ouest-gravel\/#respond\"]}]},{\"@type\":\"WebPage\",\"@id\":\"https:\/\/centcols.org\/de-bw-foret-noire-haslach-im-kinsigtal-ouest-gravel\/\",\"url\":\"https:\/\/centcols.org\/de-bw-foret-noire-haslach-im-kinsigtal-ouest-gravel\/\",\"name\":\"DE-BW For\u00eat-Noire Haslach im Kinsigtal ouest - Gravel 87 km, D+ 2540 m, 20 cols - Club des Cent Cols\",\"isPartOf\":{\"@id\":\"https:\/\/centcols.org\/#website\"},\"primaryImageOfPage\":{\"@id\":\"https:\/\/centcols.org\/de-bw-foret-noire-haslach-im-kinsigtal-ouest-gravel\/#primaryimage\"},\"image\":{\"@id\":\"https:\/\/centcols.org\/de-bw-foret-noire-haslach-im-kinsigtal-ouest-gravel\/#primaryimage\"},\"thumbnailUrl\":\"https:\/\/centcols.org\/wp-content\/uploads\/2023\/08\/Hslach-OUEST-Vallee-de-Foret-Noire-500x3751-1.jpg\",\"datePublished\":\"2023-08-12T13:06:05+00:00\",\"dateModified\":\"2026-04-06T21:53:23+00:00\",\"breadcrumb\":{\"@id\":\"https:\/\/centcols.org\/de-bw-foret-noire-haslach-im-kinsigtal-ouest-gravel\/#breadcrumb\"},\"inLanguage\":\"it-IT\",\"potentialAction\":[{\"@type\":\"ReadAction\",\"target\":[\"https:\/\/centcols.org\/de-bw-foret-noire-haslach-im-kinsigtal-ouest-gravel\/\"]}]},{\"@type\":\"ImageObject\",\"inLanguage\":\"it-IT\",\"@id\":\"https:\/\/centcols.org\/de-bw-foret-noire-haslach-im-kinsigtal-ouest-gravel\/#primaryimage\",\"url\":\"https:\/\/centcols.org\/wp-content\/uploads\/2023\/08\/Hslach-OUEST-Vallee-de-Foret-Noire-500x3751-1.jpg\",\"contentUrl\":\"https:\/\/centcols.org\/wp-content\/uploads\/2023\/08\/Hslach-OUEST-Vallee-de-Foret-Noire-500x3751-1.jpg\",\"width\":500,\"height\":375},{\"@type\":\"BreadcrumbList\",\"@id\":\"https:\/\/centcols.org\/de-bw-foret-noire-haslach-im-kinsigtal-ouest-gravel\/#breadcrumb\",\"itemListElement\":[{\"@type\":\"ListItem\",\"position\":1,\"name\":\"Accueil\",\"item\":\"https:\/\/centcols.org\/\"},{\"@type\":\"ListItem\",\"position\":2,\"name\":\"Parcours membres\",\"item\":\"https:\/\/centcols.org\/rubrique\/parcours-membres\/\"},{\"@type\":\"ListItem\",\"position\":3,\"name\":\"Pays\",\"item\":\"https:\/\/centcols.org\/rubrique\/parcours-membres\/pays-parcours-membres\/\"},{\"@type\":\"ListItem\",\"position\":4,\"name\":\"Parcours Allemagne\",\"item\":\"https:\/\/centcols.org\/rubrique\/parcours-membres\/pays-parcours-membres\/parcours-allemagne\/\"},{\"@type\":\"ListItem\",\"position\":5,\"name\":\"DE-BW For\u00eat-Noire Haslach im Kinsigtal ouest &#8211; Gravel 87 km, D+ 2540 m, 20 cols\"}]},{\"@type\":\"WebSite\",\"@id\":\"https:\/\/centcols.org\/#website\",\"url\":\"https:\/\/centcols.org\/\",\"name\":\"Club des Cent Cols\",\"description\":\"\",\"publisher\":{\"@id\":\"https:\/\/centcols.org\/#organization\"},\"potentialAction\":[{\"@type\":\"SearchAction\",\"target\":{\"@type\":\"EntryPoint\",\"urlTemplate\":\"https:\/\/centcols.org\/?s={search_term_string}\"},\"query-input\":{\"@type\":\"PropertyValueSpecification\",\"valueRequired\":true,\"valueName\":\"search_term_string\"}}],\"inLanguage\":\"it-IT\"},{\"@type\":\"Organization\",\"@id\":\"https:\/\/centcols.org\/#organization\",\"name\":\"Club des Cent Cols\",\"url\":\"https:\/\/centcols.org\/\",\"logo\":{\"@type\":\"ImageObject\",\"inLanguage\":\"it-IT\",\"@id\":\"https:\/\/centcols.org\/#\/schema\/logo\/image\/\",\"url\":\"https:\/\/centcols.org\/wp-content\/uploads\/2025\/01\/carte-icone.png\",\"contentUrl\":\"https:\/\/centcols.org\/wp-content\/uploads\/2025\/01\/carte-icone.png\",\"width\":250,\"height\":250,\"caption\":\"Club des Cent Cols\"},\"image\":{\"@id\":\"https:\/\/centcols.org\/#\/schema\/logo\/image\/\"},\"sameAs\":[\"https:\/\/www.facebook.com\/groups\/5261880558\/?locale=fr_FR\"]},{\"@type\":\"Person\",\"@id\":\"https:\/\/centcols.org\/#\/schema\/person\/911b404fb133d8c913dd27cdcf71c8e5\",\"name\":\"Webmestre\",\"image\":{\"@type\":\"ImageObject\",\"inLanguage\":\"it-IT\",\"@id\":\"https:\/\/centcols.org\/wp-content\/litespeed\/avatar\/2d246e4b6b4f773e08515e1ffc53690b.jpg?ver=1777222892\",\"url\":\"https:\/\/centcols.org\/wp-content\/litespeed\/avatar\/2d246e4b6b4f773e08515e1ffc53690b.jpg?ver=1777222892\",\"contentUrl\":\"https:\/\/centcols.org\/wp-content\/litespeed\/avatar\/2d246e4b6b4f773e08515e1ffc53690b.jpg?ver=1777222892\",\"caption\":\"Webmestre\"},\"url\":\"https:\/\/centcols.org\/it\/author\/webmestre\/\"}]}<\/script>\n<!-- \/ Yoast SEO plugin. -->","yoast_head_json":{"title":"DE-BW Foresta Nera Haslach im Kinsigtal ovest - Sterrato 87 km, D+ 2540 m, 20 cols - Club des Cent Cols","robots":{"index":"index","follow":"follow","max-snippet":"max-snippet:-1","max-image-preview":"max-image-preview:large","max-video-preview":"max-video-preview:-1"},"canonical":"https:\/\/centcols.org\/it\/de-bw-foret-noire-haslach-im-kinsigtal-ouest-gravel\/","og_locale":"it_IT","og_type":"article","og_title":"DE-BW For\u00eat-Noire Haslach im Kinsigtal ouest - Gravel 87 km, D+ 2540 m, 20 cols - Club des Cent Cols","og_description":"Description de l\u2019auteur Auteur : Jean-Luc CeccatoParcours : effectu\u00e9 en 2021D\u00e9part : depuis Haslach, d\u2019un parking situ\u00e9 au milieu de la Strickerweg entre cimeti\u00e8re et stades. Alt : 228\u00a0m. Descriptif touristique Avec les parcours de Haslach im Kinsigtal sud et est, la concentration de cols en ces lieux est absolument remarquable. Effectuer un petit s\u00e9jour [&hellip;]","og_url":"https:\/\/centcols.org\/it\/de-bw-foret-noire-haslach-im-kinsigtal-ouest-gravel\/","og_site_name":"Club des Cent Cols","article_publisher":"https:\/\/www.facebook.com\/groups\/5261880558\/?locale=fr_FR","article_published_time":"2023-08-12T13:06:05+00:00","article_modified_time":"2026-04-06T21:53:23+00:00","og_image":[{"width":500,"height":375,"url":"https:\/\/centcols.org\/wp-content\/uploads\/2023\/08\/Hslach-OUEST-Vallee-de-Foret-Noire-500x3751-1.jpg","type":"image\/jpeg"}],"author":"Webmestre","twitter_card":"summary_large_image","twitter_misc":{"Scritto da":"Webmestre","Tempo di lettura stimato":"6 minuti"},"schema":{"@context":"https:\/\/schema.org","@graph":[{"@type":"Article","@id":"https:\/\/centcols.org\/de-bw-foret-noire-haslach-im-kinsigtal-ouest-gravel\/#article","isPartOf":{"@id":"https:\/\/centcols.org\/de-bw-foret-noire-haslach-im-kinsigtal-ouest-gravel\/"},"author":{"name":"Webmestre","@id":"https:\/\/centcols.org\/#\/schema\/person\/911b404fb133d8c913dd27cdcf71c8e5"},"headline":"DE-BW For\u00eat-Noire Haslach im Kinsigtal ouest &#8211; Gravel 87 km, D+ 2540 m, 20 cols","datePublished":"2023-08-12T13:06:05+00:00","dateModified":"2026-04-06T21:53:23+00:00","mainEntityOfPage":{"@id":"https:\/\/centcols.org\/de-bw-foret-noire-haslach-im-kinsigtal-ouest-gravel\/"},"wordCount":354,"commentCount":0,"publisher":{"@id":"https:\/\/centcols.org\/#organization"},"image":{"@id":"https:\/\/centcols.org\/de-bw-foret-noire-haslach-im-kinsigtal-ouest-gravel\/#primaryimage"},"thumbnailUrl":"https:\/\/centcols.org\/wp-content\/uploads\/2023\/08\/Hslach-OUEST-Vallee-de-Foret-Noire-500x3751-1.jpg","articleSection":["Parcours Allemagne","Gravel","For\u00eat-Noire","Parcours membres"],"inLanguage":"it-IT","potentialAction":[{"@type":"CommentAction","name":"Comment","target":["https:\/\/centcols.org\/de-bw-foret-noire-haslach-im-kinsigtal-ouest-gravel\/#respond"]}]},{"@type":"WebPage","@id":"https:\/\/centcols.org\/de-bw-foret-noire-haslach-im-kinsigtal-ouest-gravel\/","url":"https:\/\/centcols.org\/de-bw-foret-noire-haslach-im-kinsigtal-ouest-gravel\/","name":"DE-BW Foresta Nera Haslach im Kinsigtal ovest - Sterrato 87 km, D+ 2540 m, 20 cols - Club des Cent Cols","isPartOf":{"@id":"https:\/\/centcols.org\/#website"},"primaryImageOfPage":{"@id":"https:\/\/centcols.org\/de-bw-foret-noire-haslach-im-kinsigtal-ouest-gravel\/#primaryimage"},"image":{"@id":"https:\/\/centcols.org\/de-bw-foret-noire-haslach-im-kinsigtal-ouest-gravel\/#primaryimage"},"thumbnailUrl":"https:\/\/centcols.org\/wp-content\/uploads\/2023\/08\/Hslach-OUEST-Vallee-de-Foret-Noire-500x3751-1.jpg","datePublished":"2023-08-12T13:06:05+00:00","dateModified":"2026-04-06T21:53:23+00:00","breadcrumb":{"@id":"https:\/\/centcols.org\/de-bw-foret-noire-haslach-im-kinsigtal-ouest-gravel\/#breadcrumb"},"inLanguage":"it-IT","potentialAction":[{"@type":"ReadAction","target":["https:\/\/centcols.org\/de-bw-foret-noire-haslach-im-kinsigtal-ouest-gravel\/"]}]},{"@type":"ImageObject","inLanguage":"it-IT","@id":"https:\/\/centcols.org\/de-bw-foret-noire-haslach-im-kinsigtal-ouest-gravel\/#primaryimage","url":"https:\/\/centcols.org\/wp-content\/uploads\/2023\/08\/Hslach-OUEST-Vallee-de-Foret-Noire-500x3751-1.jpg","contentUrl":"https:\/\/centcols.org\/wp-content\/uploads\/2023\/08\/Hslach-OUEST-Vallee-de-Foret-Noire-500x3751-1.jpg","width":500,"height":375},{"@type":"BreadcrumbList","@id":"https:\/\/centcols.org\/de-bw-foret-noire-haslach-im-kinsigtal-ouest-gravel\/#breadcrumb","itemListElement":[{"@type":"ListItem","position":1,"name":"Accueil","item":"https:\/\/centcols.org\/"},{"@type":"ListItem","position":2,"name":"Parcours membres","item":"https:\/\/centcols.org\/rubrique\/parcours-membres\/"},{"@type":"ListItem","position":3,"name":"Pays","item":"https:\/\/centcols.org\/rubrique\/parcours-membres\/pays-parcours-membres\/"},{"@type":"ListItem","position":4,"name":"Parcours Allemagne","item":"https:\/\/centcols.org\/rubrique\/parcours-membres\/pays-parcours-membres\/parcours-allemagne\/"},{"@type":"ListItem","position":5,"name":"DE-BW For\u00eat-Noire Haslach im Kinsigtal ouest &#8211; Gravel 87 km, D+ 2540 m, 20 cols"}]},{"@type":"WebSite","@id":"https:\/\/centcols.org\/#website","url":"https:\/\/centcols.org\/","name":"Club des Cent Cols","description":"","publisher":{"@id":"https:\/\/centcols.org\/#organization"},"potentialAction":[{"@type":"SearchAction","target":{"@type":"EntryPoint","urlTemplate":"https:\/\/centcols.org\/?s={search_term_string}"},"query-input":{"@type":"PropertyValueSpecification","valueRequired":true,"valueName":"search_term_string"}}],"inLanguage":"it-IT"},{"@type":"Organization","@id":"https:\/\/centcols.org\/#organization","name":"Club des Cent Cols","url":"https:\/\/centcols.org\/","logo":{"@type":"ImageObject","inLanguage":"it-IT","@id":"https:\/\/centcols.org\/#\/schema\/logo\/image\/","url":"https:\/\/centcols.org\/wp-content\/uploads\/2025\/01\/carte-icone.png","contentUrl":"https:\/\/centcols.org\/wp-content\/uploads\/2025\/01\/carte-icone.png","width":250,"height":250,"caption":"Club des Cent Cols"},"image":{"@id":"https:\/\/centcols.org\/#\/schema\/logo\/image\/"},"sameAs":["https:\/\/www.facebook.com\/groups\/5261880558\/?locale=fr_FR"]},{"@type":"Person","@id":"https:\/\/centcols.org\/#\/schema\/person\/911b404fb133d8c913dd27cdcf71c8e5","name":"Webmaster","image":{"@type":"ImageObject","inLanguage":"it-IT","@id":"https:\/\/centcols.org\/wp-content\/litespeed\/avatar\/2d246e4b6b4f773e08515e1ffc53690b.jpg?ver=1777222892","url":"https:\/\/centcols.org\/wp-content\/litespeed\/avatar\/2d246e4b6b4f773e08515e1ffc53690b.jpg?ver=1777222892","contentUrl":"https:\/\/centcols.org\/wp-content\/litespeed\/avatar\/2d246e4b6b4f773e08515e1ffc53690b.jpg?ver=1777222892","caption":"Webmestre"},"url":"https:\/\/centcols.org\/it\/author\/webmestre\/"}]}},"_links":{"self":[{"href":"https:\/\/centcols.org\/it\/wp-json\/wp\/v2\/posts\/82465","targetHints":{"allow":["GET"]}}],"collection":[{"href":"https:\/\/centcols.org\/it\/wp-json\/wp\/v2\/posts"}],"about":[{"href":"https:\/\/centcols.org\/it\/wp-json\/wp\/v2\/types\/post"}],"author":[{"embeddable":true,"href":"https:\/\/centcols.org\/it\/wp-json\/wp\/v2\/users\/3"}],"replies":[{"embeddable":true,"href":"https:\/\/centcols.org\/it\/wp-json\/wp\/v2\/comments?post=82465"}],"version-history":[{"count":0,"href":"https:\/\/centcols.org\/it\/wp-json\/wp\/v2\/posts\/82465\/revisions"}],"wp:featuredmedia":[{"embeddable":true,"href":"https:\/\/centcols.org\/it\/wp-json\/wp\/v2\/media\/82867"}],"wp:attachment":[{"href":"https:\/\/centcols.org\/it\/wp-json\/wp\/v2\/media?parent=82465"}],"wp:term":[{"taxonomy":"category","embeddable":true,"href":"https:\/\/centcols.org\/it\/wp-json\/wp\/v2\/categories?post=82465"},{"taxonomy":"post_tag","embeddable":true,"href":"https:\/\/centcols.org\/it\/wp-json\/wp\/v2\/tags?post=82465"}],"curies":[{"name":"wp","href":"https:\/\/api.w.org\/{rel}","templated":true}]}}