{"id":82467,"date":"2023-05-30T21:30:52","date_gmt":"2023-05-30T19:30:52","guid":{"rendered":"https:\/\/centcols.org\/sejour-dautomne-et-assemblee-generale-a-autun-saone-et-loire-03-au-05-novembre-2023\/"},"modified":"2025-08-27T18:13:06","modified_gmt":"2025-08-27T16:13:06","slug":"ag-2023-autun","status":"publish","type":"post","link":"https:\/\/centcols.org\/it\/ag-2023-autun\/","title":{"rendered":"Soggiorno autunnale e assemblea generale a Autun (Sa\u00f4ne et Loire), dal 03 al 05 novembre 2023"},"content":{"rendered":"\n<p>Ont contribu\u00e9 \u00e0 cette page de pr\u00e9sentation du s\u00e9jour, Enrico Alberini, les responsables informatiques et s\u00e9jours et, bien s\u00fbr, les \u00ab\u00a0locaux\u00a0\u00bb, la regrett\u00e9e Nicole et Jean-Claude Durand.<\/p>\n\n\n<div class=\"wp-block-image is-resized\">\n<figure class=\"aligncenter size-full\"><a href=\"https:\/\/centcols.org\/wp-content\/uploads\/2023\/05\/village-de-Dun.jpg\"><img loading=\"lazy\" decoding=\"async\" width=\"1365\" height=\"1024\" src=\"https:\/\/centcols.org\/wp-content\/uploads\/2023\/05\/village-de-Dun.jpg\" alt=\"\" class=\"wp-image-85807\" style=\"width:800px\" srcset=\"https:\/\/centcols.org\/wp-content\/uploads\/2023\/05\/village-de-Dun.jpg 1365w, https:\/\/centcols.org\/wp-content\/uploads\/2023\/05\/village-de-Dun-1200x900.jpg 1200w, https:\/\/centcols.org\/wp-content\/uploads\/2023\/05\/village-de-Dun-768x576.jpg 768w\" sizes=\"auto, (max-width: 1365px) 100vw, 1365px\" \/><\/a><figcaption class=\"wp-element-caption\">Village de Dun (\u00a9 JC Durand)<\/figcaption><\/figure>\n<\/div>\n\n\n<p>C&rsquo;est \u00e0 Autun en Sa\u00f4ne et Loire que nous nous retrouverons pour le s\u00e9jour d&rsquo;automne et l&rsquo;<strong>Assembl\u00e9e G\u00e9n\u00e9rale<\/strong> de 2023.<\/p>\n\n\n<p><div class=\"leaflet-map WPLeafletMap\" style=\"height:700px; width:100%;\"><\/div><script>\nwindow.WPLeafletMapPlugin = window.WPLeafletMapPlugin || [];\nwindow.WPLeafletMapPlugin.push(function WPLeafletMapShortcode() {\/*<script>*\/\nvar baseUrl = atob('aHR0cHM6Ly90aWxlLm9wZW5zdHJlZXRtYXAub3JnL3t6fS97eH0ve3l9LnBuZw==');\nvar base = (!baseUrl && window.MQ) ?\n    window.MQ.mapLayer() : L.tileLayer(baseUrl,\n        L.Util.extend({}, {\n            detectRetina: 0,\n        },\n        {\"subdomains\":\"abc\",\"noWrap\":false,\"maxZoom\":19}        )\n    );\n    var options = L.Util.extend({}, {\n        layers: [base],\n        attributionControl: false\n    },\n    {\"zoomControl\":false,\"scrollWheelZoom\":false,\"doubleClickZoom\":false,\"fitBounds\":false,\"minZoom\":0,\"maxZoom\":19,\"maxBounds\":null,\"attribution\":\"<a href=\\\"http:\\\/\\\/leafletjs.com\\\" title=\\\"Une biblioth\\u00e8que JS pour des cartes interactives\\\">Leaflet<\\\/a>; \\u00a9 <a href=\\\"http:\\\/\\\/www.openstreetmap.org\\\/copyright\\\">OpenStreetMap<\\\/a> contributeurs\\\/contributrices\"},\n    {});\nwindow.WPLeafletMapPlugin.createMap(options).setView([46.952,4.289],14);});<\/script><br \/>\n<script>\nwindow.WPLeafletMapPlugin = window.WPLeafletMapPlugin || [];\nwindow.WPLeafletMapPlugin.push(function WPLeafletMarkerShortcode() {\/*<script>*\/\nvar map = window.WPLeafletMapPlugin.getCurrentMap();\nvar group = window.WPLeafletMapPlugin.getCurrentGroup();\nvar marker_options = window.WPLeafletMapPlugin.getIconOptions({\"iconUrl\":\"\\\/res\\\/lib\\\/leaflet\\\/images\\\/hotel.png\",\"iconSize\":\"24,72\",\"popupAnchor\":\"0,-32\"});\nvar marker = L.marker(\n    [46.952,4.289],\n    marker_options\n);\nvar is_image = map.is_image_map;\nif (marker_options.draggable) {\n    marker.on('dragend', function () {\n        var latlng = this.getLatLng();\n        var lat = latlng.lat;\n        var lng = latlng.lng;\n        if (is_image) {\n            console.log('leaflet-marker y=' + lat + ' x=' + lng);\n        } else {\n            console.log('leaflet-marker lat=' + lat + ' lng=' + lng);\n        }\n    });\n}\nmarker.addTo( group );\nmarker.bindPopup(window.WPLeafletMapPlugin.unescape('Espace Saint-Ex'));window.WPLeafletMapPlugin.markers.push( marker );\n        });<\/script><\/p>\n\n\n        <div class=\"toc-wrapper\" data-columns=\"3\"\n            data-headings=\"[{&quot;level&quot;:2,&quot;text&quot;:&quot;Pr\\u00e9sentation de Autun&quot;,&quot;id&quot;:&quot;toc-presentation-de-autun&quot;,&quot;page&quot;:1,&quot;existing_id&quot;:false},{&quot;level&quot;:2,&quot;text&quot;:&quot;Les parcours&quot;,&quot;id&quot;:&quot;0-les-parcours&quot;,&quot;page&quot;:1,&quot;existing_id&quot;:true},{&quot;level&quot;:3,&quot;text&quot;:&quot;Liens vers circuits&quot;,&quot;id&quot;:&quot;1-liens-vers-circuits-&quot;,&quot;page&quot;:1,&quot;existing_id&quot;:true},{&quot;level&quot;:2,&quot;text&quot;:&quot;H\\u00e9bergement&quot;,&quot;id&quot;:&quot;2-h%C3%A9bergement&quot;,&quot;page&quot;:1,&quot;existing_id&quot;:true},{&quot;level&quot;:2,&quot;text&quot;:&quot;Note du Conseil d\\u2019administration&quot;,&quot;id&quot;:&quot;toc-note-du-conseil-dadministration&quot;,&quot;page&quot;:1,&quot;existing_id&quot;:false},{&quot;level&quot;:4,&quot;text&quot;:&quot;Autres possibilit\\u00e9s d\\u2019h\\u00e9bergement&quot;,&quot;id&quot;:&quot;3-autres-possibilit%C3%A9s-d%E2%80%99h%C3%A9bergement-&quot;,&quot;page&quot;:1,&quot;existing_id&quot;:true},{&quot;level&quot;:4,&quot;text&quot;:&quot;Aire de camping car&quot;,&quot;id&quot;:&quot;4-aire-de-camping-car-&quot;,&quot;page&quot;:1,&quot;existing_id&quot;:true},{&quot;level&quot;:2,&quot;text&quot;:&quot;Inscriptions&quot;,&quot;id&quot;:&quot;5-inscriptions&quot;,&quot;page&quot;:1,&quot;existing_id&quot;:true},{&quot;level&quot;:3,&quot;text&quot;:&quot;T\\u00e9l\\u00e9charger le bulletin&quot;,&quot;id&quot;:&quot;6-t%C3%A9l%C3%A9charger-le-bulletin-&quot;,&quot;page&quot;:1,&quot;existing_id&quot;:true},{&quot;level&quot;:4,&quot;text&quot;:&quot;Trombinoscope&quot;,&quot;id&quot;:&quot;7-trombinoscope-&quot;,&quot;page&quot;:1,&quot;existing_id&quot;:true},{&quot;level&quot;:2,&quot;text&quot;:&quot;Assembl\\u00e9e g\\u00e9n\\u00e9rale du Club des Cent Cols&quot;,&quot;id&quot;:&quot;8-assembl%C3%A9e-g%C3%A9n%C3%A9rale-du-club-des-cent-cols&quot;,&quot;page&quot;:1,&quot;existing_id&quot;:true},{&quot;level&quot;:2,&quot;text&quot;:&quot;Autres activit\\u00e9s ou visites&quot;,&quot;id&quot;:&quot;9-autres-activit%C3%A9s-ou-visites&quot;,&quot;page&quot;:1,&quot;existing_id&quot;:true}]\"\n            data-current-page=\"1\"\n            data-base-url=\"https:\/\/centcols.org\/it\/ag-2023-autun\/\">\n            <div class=\"toc-title\">\n                Table des mati\u00e8res            <\/div>\n            <div class=\"toc-content\" style=\"column-count: 3;\">\n                <ul class=\"toc-list\"><li class=\"toc-item toc-level-2\"><a href=\"#toc-presentation-de-autun\" class=\"toc-link\" data-same-page=\"true\">Pr\u00e9sentation de Autun<\/a><\/li><li class=\"toc-item toc-level-2\"><a href=\"#0-les-parcours\" class=\"toc-link\" data-same-page=\"true\">Les parcours<\/a><ul class=\"toc-sublist\"><li class=\"toc-item toc-level-3\"><a href=\"#1-liens-vers-circuits-\" class=\"toc-link\" data-same-page=\"true\">Liens vers circuits<\/a><\/li><\/ul><\/li><li class=\"toc-item toc-level-2\"><a href=\"#2-h%C3%A9bergement\" class=\"toc-link\" data-same-page=\"true\">H\u00e9bergement<\/a><\/li><li class=\"toc-item toc-level-2\"><a href=\"#toc-note-du-conseil-dadministration\" class=\"toc-link\" data-same-page=\"true\">Note du Conseil d\u2019administration<\/a><ul class=\"toc-sublist\"><li class=\"toc-item toc-level-4\"><a href=\"#3-autres-possibilit%C3%A9s-d%E2%80%99h%C3%A9bergement-\" class=\"toc-link\" data-same-page=\"true\">Autres possibilit\u00e9s d\u2019h\u00e9bergement<\/a><\/li><li class=\"toc-item toc-level-4\"><a href=\"#4-aire-de-camping-car-\" class=\"toc-link\" data-same-page=\"true\">Aire de camping car<\/a><\/li><\/ul><\/li><li class=\"toc-item toc-level-2\"><a href=\"#5-inscriptions\" class=\"toc-link\" data-same-page=\"true\">Inscriptions<\/a><ul class=\"toc-sublist\"><li class=\"toc-item toc-level-3\"><a href=\"#6-t%C3%A9l%C3%A9charger-le-bulletin-\" class=\"toc-link\" data-same-page=\"true\">T\u00e9l\u00e9charger le bulletin<\/a><ul class=\"toc-sublist\"><li class=\"toc-item toc-level-4\"><a href=\"#7-trombinoscope-\" class=\"toc-link\" data-same-page=\"true\">Trombinoscope<\/a><\/li><\/ul><\/li><\/ul><\/li><li class=\"toc-item toc-level-2\"><a href=\"#8-assembl%C3%A9e-g%C3%A9n%C3%A9rale-du-club-des-cent-cols\" class=\"toc-link\" data-same-page=\"true\">Assembl\u00e9e g\u00e9n\u00e9rale du Club des Cent Cols<\/a><\/li><li class=\"toc-item toc-level-2\"><a href=\"#9-autres-activit%C3%A9s-ou-visites\" class=\"toc-link\" data-same-page=\"true\">Autres activit\u00e9s ou visites<\/a><\/li><\/ul>            <\/div>\n        <\/div>\n    \n\n\n<h2 class=\"wp-block-heading\">Pr\u00e9sentation de Autun<\/h2>\n\n\n\n<p>C\u2019est dans la Sa\u00f4ne et Loire que nous organisons notre Assembl\u00e9e G\u00e9n\u00e9rale cette ann\u00e9e et notre s\u00e9jour d\u2019automne qui y est associ\u00e9.<br>Situ\u00e9e au sud du massif du Morvan, la ville d\u2019Autun (altitude 310 m), sous-pr\u00e9fecture de la Sa\u00f4ne-et-Loire est class\u00e9e \u00ab&nbsp;Ville d\u2019Art et d\u2019Histoire&nbsp;\u00bb. Elle compte environ 13&nbsp;500 habitants. Au XIXe si\u00e8cle, c\u2019\u00e9tait une ville industrielle (exploitation du schiste bitumineux autunien depuis l\u2019Antiquit\u00e9 et de la fluorine), mais Autun a d\u00fb se reconvertir au cours du XXe si\u00e8cle d\u2019o\u00f9 l\u2019installation de grosses usines dont les Bas Dim et Nexans (usine de c\u00e2blage industriel)<\/p>\n\n\n\n<p>Quelques points d\u2019histoire<\/p>\n\n\n\n<p>La cit\u00e9 devient la capitale des Eduens (peuple gaulois) apr\u00e8s la victoire de Jules C\u00e9sar sur Vercing\u00e9torix \u00e0 Al\u00e9sia. Vers l\u2019an 15 avant JC, l\u2019empereur romain Auguste, souhaitant asseoir la puissance romaine, fonde la cit\u00e9 d\u2019Augustodunum (Cit\u00e9 d\u2019Auguste)&nbsp;; elle prend pour devise \u00ab&nbsp;S\u0153ur et \u00e9mule de Rome&nbsp;\u00bb, qui est devenue \u00ab&nbsp;Autun gauloise, s\u0153ur et \u00e9mule de Rome&nbsp;\u00bb,&nbsp; inscrite sur le fronton de l\u2019H\u00f4tel de Ville actuel.<br>Autun a conserv\u00e9 de nombreuses traces de cette \u00e9poque. Avec dix vestiges en \u00e9l\u00e9vation, Autun est le premier site gallo-romain situ\u00e9 au nord de la Loire. A voir en particulier&nbsp;:<\/p>\n\n\n\n<ul class=\"wp-block-list\">\n<li>Les remparts, autrefois jalonn\u00e9s de 53 tours, longs de 6 km dont il subsiste les trois-quarts.<\/li>\n<\/ul>\n\n\n\n<p>Deux des quatre portes qui permettaient l\u2019acc\u00e8s \u00e0 la cit\u00e9 gallo-romaine subsistent :<\/p>\n\n\n\n<ul class=\"wp-block-list\">\n<li> la porte Saint-Andr\u00e9 (ci-dessous) et la porte d\u2019Arroux.<\/li>\n<\/ul>\n\n\n<div class=\"wp-block-image\">\n<figure class=\"aligncenter size-full is-resized\"><a href=\"https:\/\/centcols.org\/ag-2023-autun\/cite-galo-romaine-1200x900\/\"><img loading=\"lazy\" decoding=\"async\" width=\"1200\" height=\"900\" src=\"https:\/\/centcols.org\/wp-content\/uploads\/2023\/05\/cite-galo-romaine-1200x900-1.jpg\" alt=\"\" class=\"wp-image-85808\" style=\"width:800px\" srcset=\"https:\/\/centcols.org\/wp-content\/uploads\/2023\/05\/cite-galo-romaine-1200x900-1.jpg 1200w, https:\/\/centcols.org\/wp-content\/uploads\/2023\/05\/cite-galo-romaine-1200x900-1-768x576.jpg 768w\" sizes=\"auto, (max-width: 1200px) 100vw, 1200px\" \/><\/a><figcaption class=\"wp-element-caption\">porte Saint-Andr\u00e9 (\u00a9 JC Durand)<\/figcaption><\/figure>\n<\/div>\n\n\n<ul class=\"wp-block-list\">\n<li>Le th\u00e9\u00e2tre romain (148 m de diam\u00e8tre) pouvait accueillir 20 000 spectateurs<\/li>\n<\/ul>\n\n\n<div class=\"wp-block-image\">\n<figure class=\"aligncenter size-full is-resized\"><a href=\"https:\/\/centcols.org\/ag-2023-autun\/theatre-romain-1200x900\/\"><img loading=\"lazy\" decoding=\"async\" width=\"1200\" height=\"900\" src=\"https:\/\/centcols.org\/wp-content\/uploads\/2023\/05\/theatre-romain-1200x900-1.jpg\" alt=\"\" class=\"wp-image-85819\" style=\"width:800px\" srcset=\"https:\/\/centcols.org\/wp-content\/uploads\/2023\/05\/theatre-romain-1200x900-1.jpg 1200w, https:\/\/centcols.org\/wp-content\/uploads\/2023\/05\/theatre-romain-1200x900-1-768x576.jpg 768w\" sizes=\"auto, (max-width: 1200px) 100vw, 1200px\" \/><\/a><figcaption class=\"wp-element-caption\">th\u00e9\u00e2tre romain (\u00a9 JC Durand)<\/figcaption><\/figure>\n<\/div>\n\n\n<ul class=\"wp-block-list\">\n<li>Le temple de Janus construit au I<sup>e<\/sup> si\u00e8cle de notre \u00e8re. Ancienne tour de 24 m de haut. Seuls deux pans sont encore visibles.<\/li>\n<\/ul>\n\n\n<div class=\"wp-block-image\">\n<figure class=\"aligncenter size-full is-resized\"><img loading=\"lazy\" decoding=\"async\" width=\"900\" height=\"1200\" src=\"https:\/\/centcols.org\/wp-content\/uploads\/2023\/05\/temple-de-janus-900x1200-1.jpg\" alt=\"\" class=\"wp-image-85810\" style=\"width:auto;height:500px\" srcset=\"https:\/\/centcols.org\/wp-content\/uploads\/2023\/05\/temple-de-janus-900x1200-1.jpg 900w, https:\/\/centcols.org\/wp-content\/uploads\/2023\/05\/temple-de-janus-900x1200-1-768x1024.jpg 768w\" sizes=\"auto, (max-width: 900px) 100vw, 900px\" \/><figcaption class=\"wp-element-caption\">temple de Janus (\u00a9 JC Durand)<\/figcaption><\/figure>\n<\/div>\n\n\n<p>Au Moyen-Age, \u00e0 partir de 1120, \u00e0 Autun, situ\u00e9e sur le chemin de Compostelle qui part de V\u00e9zelay, d\u00e9bute la construction d\u2019une \u00e9glise romane Saint-Lazare (d\u2019Aix en Provence, \u00e9v\u00eaque du Ve si\u00e8cle) qui sera consacr\u00e9e \u00ab cath\u00e9drale \u00bb au XXe si\u00e8cle (en cours de r\u00e9fection). Celle-ci est achev\u00e9e en 1146.<\/p>\n\n\n<div class=\"wp-block-image\">\n<figure class=\"aligncenter size-full is-resized\"><img loading=\"lazy\" decoding=\"async\" width=\"1200\" height=\"900\" src=\"https:\/\/centcols.org\/wp-content\/uploads\/2023\/05\/20191008_114919-1-1200x900-1.jpg\" alt=\"\" class=\"wp-image-85811\" style=\"width:800px\" srcset=\"https:\/\/centcols.org\/wp-content\/uploads\/2023\/05\/20191008_114919-1-1200x900-1.jpg 1200w, https:\/\/centcols.org\/wp-content\/uploads\/2023\/05\/20191008_114919-1-1200x900-1-768x576.jpg 768w\" sizes=\"auto, (max-width: 1200px) 100vw, 1200px\" \/><figcaption class=\"wp-element-caption\">cath\u00e9drale d&rsquo;Autun (\u00a9photo JC Durand)<\/figcaption><\/figure>\n<\/div>\n\n\n<p>Cette cath\u00e9drale est c\u00e9l\u00e8bre par son tympan (enti\u00e8rement restaur\u00e9 en 2009), d\u00e9di\u00e9 au Jugement Dernier, et ses nombreux chapiteaux (une cinquantaine), les uns histori\u00e9s, les 23 autres repr\u00e9sentant des feuillages. Le tympan et la plupart des chapiteaux sont attribu\u00e9s au sculpteur Gislebertus.<\/p>\n\n\n\n<figure class=\"wp-block-gallery has-nested-images columns-default is-cropped wp-block-gallery-1 is-layout-flex wp-block-gallery-is-layout-flex\">\n<figure class=\"wp-block-image size-full\"><a href=\"https:\/\/centcols.org\/wp-content\/uploads\/2023\/05\/tympan-900x1200-1.jpg\"><img loading=\"lazy\" decoding=\"async\" width=\"900\" height=\"1200\" data-id=\"85816\" src=\"https:\/\/centcols.org\/wp-content\/uploads\/2023\/05\/tympan-900x1200-1.jpg\" alt=\"\" class=\"wp-image-85816\" srcset=\"https:\/\/centcols.org\/wp-content\/uploads\/2023\/05\/tympan-900x1200-1.jpg 900w, https:\/\/centcols.org\/wp-content\/uploads\/2023\/05\/tympan-900x1200-1-768x1024.jpg 768w\" sizes=\"auto, (max-width: 900px) 100vw, 900px\" \/><\/a><figcaption class=\"wp-element-caption\">tympan (\u00a9 JC Durand)<\/figcaption><\/figure>\n\n\n\n<figure class=\"wp-block-image size-full\"><a href=\"https:\/\/centcols.org\/wp-content\/uploads\/2023\/05\/trumeau-1200x900-1.jpg\"><img loading=\"lazy\" decoding=\"async\" width=\"1200\" height=\"900\" data-id=\"85815\" src=\"https:\/\/centcols.org\/wp-content\/uploads\/2023\/05\/trumeau-1200x900-1.jpg\" alt=\"\" class=\"wp-image-85815\" srcset=\"https:\/\/centcols.org\/wp-content\/uploads\/2023\/05\/trumeau-1200x900-1.jpg 1200w, https:\/\/centcols.org\/wp-content\/uploads\/2023\/05\/trumeau-1200x900-1-768x576.jpg 768w\" sizes=\"auto, (max-width: 1200px) 100vw, 1200px\" \/><\/a><figcaption class=\"wp-element-caption\">trumeau (\u00a9 JC Durand)<\/figcaption><\/figure>\n<\/figure>\n\n\n\n<div class=\"wp-block-columns is-layout-flex wp-container-core-columns-is-layout-9d6595d7 wp-block-columns-is-layout-flex\">\n<div class=\"wp-block-column is-layout-flow wp-block-column-is-layout-flow\">\n<p>Le tympan, pl\u00e2tr\u00e9 par les moines (XVIIIe) qui n\u2019appr\u00e9ciaient par les sculptures, a ainsi \u00e9chapp\u00e9 aux d\u00e9gradations de la R\u00e9volution.<br>\u00c0 noter que le trumeau ornant le portail et repr\u00e9sentant Saint-Lazare et ses deux s\u0153urs, date du XIXe si\u00e8cle.<\/p>\n<\/div>\n\n\n\n<div class=\"wp-block-column is-layout-flow wp-block-column-is-layout-flow\">\n<p>Au XIXe si\u00e8cle, l\u2019\u00e9difice fut recens\u00e9 par Prosper M\u00e9rim\u00e9e, alors Inspecteur G\u00e9n\u00e9ral des Monuments Historiques, et restaur\u00e9 par Viollet-le-Duc.<\/p>\n<\/div>\n<\/div>\n\n\n\n<p class=\"has-text-align-center\">Deux \u00e9difices datent de l\u2019\u00e9poque moderne :<\/p>\n\n\n\n<ul class=\"wp-block-list\">\n<li>Le lyc\u00e9e militaire \u2013 Edifice construit en 1675, tour \u00e0 tour grand s\u00e9minaire, h\u00f4pital et prison. Ecole militaire depuis 1885 devenue lyc\u00e9e militaire en 1983.<br>Le lyc\u00e9e a conserv\u00e9 son clo\u00eetre et ses toits de tuiles verniss\u00e9es.<\/li>\n<\/ul>\n\n\n<div class=\"wp-block-image\">\n<figure data-wp-context=\"{&quot;imageId&quot;:&quot;69f1e10916632&quot;}\" data-wp-interactive=\"core\/image\" data-wp-key=\"69f1e10916632\" class=\"aligncenter size-full is-resized wp-lightbox-container\"><img loading=\"lazy\" decoding=\"async\" width=\"1490\" height=\"1024\" data-wp-class--hide=\"state.isContentHidden\" data-wp-class--show=\"state.isContentVisible\" data-wp-init=\"callbacks.setButtonStyles\" data-wp-on--click=\"actions.showLightbox\" data-wp-on--load=\"callbacks.setButtonStyles\" data-wp-on-window--resize=\"callbacks.setButtonStyles\" src=\"https:\/\/centcols.org\/wp-content\/uploads\/2023\/05\/lycee-militaire-dAutun.jpg\" alt=\"\" class=\"wp-image-85817\" style=\"width:800px\" srcset=\"https:\/\/centcols.org\/wp-content\/uploads\/2023\/05\/lycee-militaire-dAutun.jpg 1490w, https:\/\/centcols.org\/wp-content\/uploads\/2023\/05\/lycee-militaire-dAutun-1200x825.jpg 1200w, https:\/\/centcols.org\/wp-content\/uploads\/2023\/05\/lycee-militaire-dAutun-768x528.jpg 768w\" sizes=\"auto, (max-width: 1490px) 100vw, 1490px\" \/><button\n\t\t\tclass=\"lightbox-trigger\"\n\t\t\ttype=\"button\"\n\t\t\taria-haspopup=\"dialog\"\n\t\t\taria-label=\"Ingrandisci\"\n\t\t\tdata-wp-init=\"callbacks.initTriggerButton\"\n\t\t\tdata-wp-on--click=\"actions.showLightbox\"\n\t\t\tdata-wp-style--right=\"state.imageButtonRight\"\n\t\t\tdata-wp-style--top=\"state.imageButtonTop\"\n\t\t>\n\t\t\t<svg xmlns=\"http:\/\/www.w3.org\/2000\/svg\" width=\"12\" height=\"12\" fill=\"none\" viewBox=\"0 0 12 12\">\n\t\t\t\t<path fill=\"#fff\" d=\"M2 0a2 2 0 0 0-2 2v2h1.5V2a.5.5 0 0 1 .5-.5h2V0H2Zm2 10.5H2a.5.5 0 0 1-.5-.5V8H0v2a2 2 0 0 0 2 2h2v-1.5ZM8 12v-1.5h2a.5.5 0 0 0 .5-.5V8H12v2a2 2 0 0 1-2 2H8Zm2-12a2 2 0 0 1 2 2v2h-1.5V2a.5.5 0 0 0-.5-.5H8V0h2Z\" \/>\n\t\t\t<\/svg>\n\t\t<\/button><figcaption class=\"wp-element-caption\">Lyc\u00e9e militaire d&rsquo;Autun (\u00a9 JC Durand)<\/figcaption><\/figure>\n<\/div>\n\n\n<ul class=\"wp-block-list\">\n<li>Le lyc\u00e9e Bonaparte \u2013 Construit en 1709 \u2013 Ancien coll\u00e8ge j\u00e9suite. Doit son nom au fait que Napol\u00e9on Bonaparte et son fr\u00e8re Joseph y ont \u00e9t\u00e9 \u00e9l\u00e8ves quelques mois. On peut admirer les grilles en fer forg\u00e9 repr\u00e9sentant des \u00ab&nbsp;instruments scolaires&nbsp;\u00bb.<\/li>\n<\/ul>\n\n\n\n<p>Plusieurs monuments d\u2019Autun datent de cette p\u00e9riode :<\/p>\n\n\n\n<ul class=\"wp-block-list\">\n<li>Le passage couvert de la halle.<\/li>\n\n\n\n<li>Le th\u00e9\u00e2tre \u00e0 l\u2019italienne \u2013 Construit en 1884.<\/li>\n\n\n\n<li>L\u2019H\u00f4tel de Ville<\/li>\n\n\n\n<li>L\u2019ancienne prison de forme circulaire. D\u00e9saffect\u00e9e depuis 1955. L\u2019une des premi\u00e8res prisons fran\u00e7aises \u00e0 avoir choisi le mode de d\u00e9tention cellulaire.<\/li>\n<\/ul>\n\n\n\n<h2 class=\"wp-block-heading\" id=\"0-les-parcours\">Les parcours<\/h2>\n\n\n\n<p>Un circuit vous sera propos\u00e9 le samedi et un autre le dimanche matin. Ils peuvent \u00eatre faits soit en v\u00e9lo de route, soit en VTT car les chemins sont tr\u00e8s praticables. Si la r\u00e9gion n\u2019a pas beaucoup de cols, il sera n\u00e9anmoins possible d\u2019en cueillir quelques-uns.<\/p>\n\n\n\n<h3 class=\"wp-block-heading\" id=\"1-liens-vers-circuits-\"><a href=\"https:\/\/centcols.org\/membres\/cctours\/tours.php?lieu=Autun&amp;an=2023\">Liens vers circuits<\/a><\/h3>\n\n\n\n<p>Si vous souhaitez avoir un aper\u00e7u des paysages que nous allons d\u00e9couvrir, je vous invite \u00e0 aller sur le site de Guy Garcin qui a effectu\u00e9 le Brevet Cyclomontagnard du Morvan en 2012.<\/p>\n\n\n\n<figure class=\"wp-block-embed is-type-wp-embed is-provider-guygarcin-039-s-blog-love-velo-fr wp-block-embed-guygarcin-039-s-blog-love-velo-fr\"><div class=\"wp-block-embed__wrapper\">\n<blockquote class=\"wp-embedded-content\" data-secret=\"oNOx8QL92c\"><a href=\"https:\/\/love-velo.fr\/bcmf-morvan-2012\/\">BCMF Morvan 2012<\/a><\/blockquote><iframe loading=\"lazy\" class=\"wp-embedded-content\" sandbox=\"allow-scripts\" security=\"restricted\" style=\"position: absolute; visibility: hidden;\" title=\"\u00ab\u00a0BCMF Morvan 2012\u00a0\u00bb &#8212; GuyGarcin&#039;s Blog\u00b0 : love-velo.fr\" src=\"https:\/\/love-velo.fr\/bcmf-morvan-2012\/embed\/#?secret=6cGkCWzTnW#?secret=oNOx8QL92c\" data-secret=\"oNOx8QL92c\" width=\"500\" height=\"282\" frameborder=\"0\" marginwidth=\"0\" marginheight=\"0\" scrolling=\"no\"><\/iframe>\n<\/div><\/figure>\n\n\n\n<h2 class=\"wp-block-heading\" id=\"2-h%C3%A9bergement\">H\u00e9bergement<\/h2>\n\n\n\n<div class=\"wp-block-columns is-layout-flex wp-container-core-columns-is-layout-9d6595d7 wp-block-columns-is-layout-flex\">\n<div class=\"wp-block-column is-layout-flow wp-block-column-is-layout-flow\">\n<figure class=\"wp-block-image size-full\"><img loading=\"lazy\" decoding=\"async\" width=\"1200\" height=\"900\" src=\"https:\/\/centcols.org\/wp-content\/uploads\/2023\/05\/Espace-Saint-Ex-1200x900-1.jpg\" alt=\"\" class=\"wp-image-85818\" srcset=\"https:\/\/centcols.org\/wp-content\/uploads\/2023\/05\/Espace-Saint-Ex-1200x900-1.jpg 1200w, https:\/\/centcols.org\/wp-content\/uploads\/2023\/05\/Espace-Saint-Ex-1200x900-1-768x576.jpg 768w\" sizes=\"auto, (max-width: 1200px) 100vw, 1200px\" \/><figcaption class=\"wp-element-caption\">Espace Saint Ex  (\u00a9 JC Durand)<\/figcaption><\/figure>\n<\/div>\n\n\n\n<div class=\"wp-block-column is-layout-flow wp-block-column-is-layout-flow\">\n<h2 class=\"wp-block-heading has-text-align-center\">Note du Conseil d\u2019administration<\/h2>\n\n\n<div class=\"wp-block-image\">\n<figure class=\"aligncenter size-full\"><img loading=\"lazy\" decoding=\"async\" width=\"100\" height=\"100\" src=\"https:\/\/centcols.org\/wp-content\/uploads\/2025\/08\/icons8-note-100.png\" alt=\"\" class=\"wp-image-88085\" srcset=\"https:\/\/centcols.org\/wp-content\/uploads\/2025\/08\/icons8-note-100.png 100w, https:\/\/centcols.org\/wp-content\/uploads\/2025\/08\/icons8-note-100-12x12.png 12w\" sizes=\"auto, (max-width: 100px) 100vw, 100px\" \/><\/figure>\n<\/div>\n\n\n<p>Si vous organisez votre h\u00e9bergement ailleurs que dans le village vacances, n\u2019oubliez pas de vous inscrire en tant que \u00abSimple Participant\u00bb :<\/p>\n\n\n\n<ol class=\"wp-block-list\">\n<li>Pour pouvoir dimensionner correctement les \u00e9v\u00e9nements communs (s\u00e9ances d\u2019information, pot d\u2019accueil et de cl\u00f4ture).<\/li>\n\n\n\n<li>Pour pouvoir fournir le livret de s\u00e9jour.<\/li>\n\n\n\n<li>Pour que les frais de pr\u00e9paration et d\u2019organisation soient correctement r\u00e9partis..<\/li>\n<\/ol>\n<\/div>\n<\/div>\n\n\n\n<p>Nous serons log\u00e9s \u00e0 l\u2019espace Saint EX, membre du r\u00e9seau Ethic Etapes. Cet h\u00e9bergement dispose de 116 lits r\u00e9partis dans 53 chambres.<\/p>\n\n\n\n<p>Espace Saint EX<br>3 rue Saint-Exup\u00e9ry<br>71400 Autun<br>T\u00e9l : +33 (0)3 85 86 58 30 \u2013 Fax : +33 (0)3 85 86 58 32<br>Courriel : <a href=\"javascript:;\">&#x61;&#99;&#x63;&#x75;&#101;&#x69;&#x6c;&#64;&#x65;&#x73;&#112;&#x61;&#x63;e&#x73;&#x61;i&#x6e;&#116;e&#x78;&#46;f&#x72;<\/a><br><a href=\"https:\/\/www.espacesaintex.org\" target=\"_blank\" rel=\"noreferrer noopener\">https:\/\/www.espacesaintex.org<\/a><\/p>\n\n\n\n<h4 class=\"wp-block-heading\" id=\"3-autres-possibilit%C3%A9s-d%E2%80%99h%C3%A9bergement-\"><strong>Autres possibilit\u00e9s d\u2019h\u00e9bergement<br><\/strong><\/h4>\n\n\n\n<p>La commune dispose de plusieurs parkings public \u00e0 proximit\u00e9 de l\u2019Espace Saint Ex : le stationnement des camping-cars y est autoris\u00e9&nbsp; mais il n\u2019y a pas de raccordements (\u00e9lectricit\u00e9, eau, etc.).<\/p>\n\n\n\n<h4 class=\"wp-block-heading\" id=\"4-aire-de-camping-car-\"><strong>Aire de camping car<\/strong><\/h4>\n\n\n\n<p>Plan d\u2019eau du Vallon \u2013 Route de Chalon-sur-Sa\u00f4ne \u2013 71400 Autun<\/p>\n\n\n\n<h2 class=\"wp-block-heading\" id=\"5-inscriptions\">Inscriptions<\/h2>\n\n\n\n<p>Pour vous inscrire, t\u00e9l\u00e9chargez le bulletin d\u2019inscription PDF avec le lien ci-dessous et suivez les instructions qui s\u2019y trouvent.<br>Attention, le bulletin d\u2019inscription&nbsp; comprend <strong>deux pages<\/strong> : l\u2019inscription proprement dite (veillez \u00e0 bien remplir toutes les rubriques qui vous concernent et \u00e0 signer au bas de la page), et les conditions de fonctionnement du \u201cfonds de solidarit\u00e9\u201d que vous voudrez bien signer \u00e9galement. Si vous envisagez de vous faire accompagner par votre compagnon\/compagne, veillez bien \u00e0 l\u2019inscrire auparavant comme membre associ\u00e9 aupr\u00e8s de votre D\u00e9l\u00e9gu\u00e9 Territorial et n\u2019oubliez pas de mettre son N\u00b0 de membre associ\u00e9 dans la case pr\u00e9vue. Si, et seulement si, un participants n\u2019est pas licenci\u00e9 FFCT, il convient de prendre en plus l\u2019assurance obligatoire. La participation au Fonds de Solidarit\u00e9 est incluse dans le co\u00fbt d\u2019inscription.<\/p>\n\n\n\n<p><strong>Selon le moment de votre arriv\u00e9e et celui de votre d\u00e9part, le forfait n\u2019est pas le m\u00eame :<\/strong><\/p>\n\n\n\n<ul class=\"wp-block-list\">\n<li>Si vous arrivez le vendredi pour d\u00eener et repartez le dimanche apr\u00e8s d\u00e9jeuner, vous prenez le forfait \u00e0 154\u20ac<\/li>\n\n\n\n<li>Si vous arrivez le samedi apr\u00e8s-midi apr\u00e8s l\u2019AG et repartez le dimanche matin vous prenez le forfait demi pension \u00e0 63\u20ac<br><\/li>\n\n\n\n<li>Si vous arrivez le samedi apr\u00e8s midi apr\u00e8s l\u2019AG et repartez le dimanche apr\u00e8s d\u00e9jeuner, vous prenez le forfait pension compl\u00e8te \u00e0 83\u20ac<br><\/li>\n\n\n\n<li>Si vous venez sans h\u00e9bergement (soit AR dans la journ\u00e9e, soit logement par vos propres moyens), vous pouvez vous inscrire pour les repas du vendredi soir (21\u20ac) du samedi midi (21\u20ac), du d\u00eener gourmet du samedi soir (29\u20ac) et\/ou du dimanche midi (21\u20ac).<\/li>\n\n\n\n<li>Etc.<\/li>\n<\/ul>\n\n\n\n<p>Vous pouvez r\u00e9gler le montant de l\u2019inscription par ch\u00e8que ou par virement sur le compte du Club. Compte tenu des frais suppl\u00e9mentaires factur\u00e9s, nous ne prenons pas de paiement par PayPal.<\/p>\n\n\n\n<p>L\u2019affectation des membres se fait dans l\u2019ordre d\u2019envoi du ch\u00e8que ou d\u2019\u00e9mission du virement. Pour le premier, c\u2019est le cachet de la Poste qui fait foi, pour le second, veiller \u00e0 nous envoyer une copie de l\u2019ordre de virement. Si le s\u00e9jour est complet, une liste d\u2019attente est mise en place, elle fonctionne avec les m\u00eames r\u00e8gles de priorit\u00e9 d\u2019affectation que les inscriptions directes.<\/p>\n\n\n\n<h3 class=\"wp-block-heading\" id=\"6-t%C3%A9l%C3%A9charger-le-bulletin-\"><strong>T\u00e9l\u00e9charger le bulletin<\/strong><\/h3>\n\n\n\n<ul class=\"wp-block-list\">\n<li>Bulletin d\u2019inscription Autun<\/li>\n\n\n\n<li>Modulo d\u2019iscrizione Autun<\/li>\n\n\n\n<li>Inscription form Autun<\/li>\n<\/ul>\n\n\n\n<p>La date limite de r\u00e9ception des inscriptions a \u00e9t\u00e9 fix\u00e9e au <strong>05 septembre 2023.<\/strong><\/p>\n\n\n\n<h4 class=\"wp-block-heading\" id=\"7-trombinoscope-\"><strong>Trombinoscope<\/strong><\/h4>\n\n\n\n<p>Lorsque nous nous retrouvons aux s\u00e9jours (et autres manifestations), nous rencontrons beaucoup d\u2019amis et de t\u00eates connues mais nous ne sommes pas certains de conna\u00eetre leur nom \u00e0 tous, et nous n\u2019osons pas toujours l\u2019avouer et le demander. Pour essayer d\u2019y rem\u00e9dier, comme annonc\u00e9 \u00e0 l\u2019AG de B\u00e9doin, nous nous proposons de pr\u00e9parer et d\u2019afficher un trombinoscope de tous les participants, avec la photo, le nom et le N\u00b0 de membre de tous ceux qui auront bien transmis (soit auparavant, soit avec leur inscription) leur photo et l\u2019autorisation de publier celle-ci sur la page trombinoscope du site web du Club. Vous pouvez transmettre une photo num\u00e9rique de votre seul visage sous forme de <strong>fichier JPG<\/strong> de bonnes d\u00e9finition et qualit\u00e9, avec un rapport largeur\/hauteur de \u00be, en mentionnant bien votre nom et N\u00b0 de membre, \u00e0 <a href=\"m&#97;&#x69;&#x6c;t&#111;&#58;&#x70;&#x68;o&#116;&#111;&#x64;&#x65;m&#101;&#x6d;&#x62;&#x72;e&#64;&#x63;&#x65;n&#116;&#99;&#x6f;&#x6c;s&#46;&#111;&#x72;&#x67;\" rel=\"nofollow\">p&#104;&#111;&#x74;&#x6f;&#x64;e&#109;&#101;&#x6d;&#x62;&#x72;e&#64;&#99;&#x65;&#x6e;&#x74;co&#108;&#115;&#x2e;&#x6f;&#x72;g<\/a>, ou directement \u00e0 <a href=\"m&#97;&#x69;&#x6c;t&#111;&#58;&#x73;&#x65;j&#111;&#117;&#x72;&#x73;&#64;&#99;&#x65;&#x6e;&#x74;c&#111;&#x6c;&#x73;&#46;&#111;&#114;&#x67;\" rel=\"nofollow\">&#x73;&#101;&#106;o&#x75;&#x72;&#115;&#64;&#x63;&#x65;&#110;tc&#x6f;&#108;&#115;&#46;&#x6f;&#x72;&#103;<\/a> qui transmettra. Veillez \u00e0 bien cocher la case oui ou non sur le bulletin d\u2019inscription selon que vous acceptez ou non. Dans le cas o\u00f9 aucune case n\u2019est coch\u00e9e, la r\u00e9ponse sera r\u00e9put\u00e9e n\u00e9gative.<\/p>\n\n\n\n<h2 class=\"wp-block-heading\" id=\"8-assembl%C3%A9e-g%C3%A9n%C3%A9rale-du-club-des-cent-cols\">Assembl\u00e9e g\u00e9n\u00e9rale du Club des Cent Cols<\/h2>\n\n\n\n<p>Elle se tiendra sur place dans l\u2019apr\u00e8s midi du samedi. Pour plus de d\u00e9tails rendez-vous sur la page\u00a0<strong>Assembl\u00e9e G\u00e9n\u00e9rale<\/strong>.<\/p>\n\n\n\n<p>La convocation et les documents statutaires seront diffus\u00e9s comme d\u2019habitude via un Info Cent Cols au mois d\u2019octobre et seront disponibles sur le site.<\/p>\n\n\n\n<p>A la fin des travaux, un pot permettra de nous retrouver sous une forme moins protocolaire.<\/p>\n\n\n\n<h2 class=\"wp-block-heading\" id=\"9-autres-activit%C3%A9s-ou-visites\">Autres activit\u00e9s ou visites<\/h2>\n\n\n\n<p>Pour les accompagnants, nous pouvons sugg\u00e9rer quelques visites d\u2019Autun, ville d\u2019histoire et de ses environs<\/p>\n\n\n\n<ul class=\"wp-block-list\">\n<li>son patrimoine antique (cath\u00e9drale Saint-Lazare, th\u00e9\u00e2tre romain, remparts antiques)<\/li>\n\n\n\n<li>le ch\u00e2teau de Couches<\/li>\n\n\n\n<li>ses mus\u00e9es (mus\u00e9e Rolin, maison des Galvachers, mus\u00e9e du Campagnonnage)<\/li>\n\n\n\n<li>sa gastronomie<\/li>\n\n\n\n<li>site arch\u00e9ologique de Bibracte (\u00e0 27 km) au Mont Beuvray&nbsp; situ\u00e9e \u00e0 une altitude de 821 m\u00e8tres<\/li>\n<\/ul>\n\n\n\n<p>Il reste ouvert \u00e0 la visite toute l\u2019ann\u00e9e. On peut y acc\u00e9der librement avec son v\u00e9hicule, tous les jours, sauf en cas d\u2019intemp\u00e9ries prononc\u00e9es. Le mus\u00e9e ouvre du 18 mars au 12 novembre. Il a \u00e9t\u00e9 class\u00e9 site natura 2000<\/p>\n\n\n\n<p><a href=\"https:\/\/www.bibracte.fr\/\" target=\"_blank\" rel=\"noreferrer noopener\">https:\/\/www.bibracte.fr\/<\/a><\/p>\n","protected":false},"excerpt":{"rendered":"<p>Ont contribu\u00e9 \u00e0 cette page de pr\u00e9sentation du s\u00e9jour, Enrico Alberini, les responsables informatiques et s\u00e9jours et, bien s\u00fbr, les \u00ab\u00a0locaux\u00a0\u00bb, la regrett\u00e9e Nicole et Jean-Claude Durand. C&rsquo;est \u00e0 Autun en Sa\u00f4ne et Loire que nous nous retrouverons pour le s\u00e9jour d&rsquo;automne et l&rsquo;Assembl\u00e9e G\u00e9n\u00e9rale de 2023. Pr\u00e9sentation de Autun C\u2019est dans la Sa\u00f4ne et [&hellip;]<\/p>\n","protected":false},"author":64,"featured_media":82958,"comment_status":"closed","ping_status":"closed","sticky":false,"template":"","format":"standard","meta":{"_acf_changed":false,"footnotes":""},"categories":[349,369,135,371,372,231],"tags":[],"class_list":["post-82467","post","type-post","status-publish","format-standard","has-post-thumbnail","hentry","category-france-pays-sejours","category-bourgogne-franche-comte-region-sejours","category-calendrier","category-morvan","category-71-saone-et-loire-departement-sejours","category-sejours"],"acf":[],"yoast_head":"<!-- This site is optimized with the Yoast SEO plugin v27.2 - https:\/\/yoast.com\/product\/yoast-seo-wordpress\/ -->\n<title>S\u00e9jour d&#039;automne et assembl\u00e9e g\u00e9n\u00e9rale \u00e0 Autun (Sa\u00f4ne et Loire), 03 au 05 novembre 2023 - Club des Cent Cols<\/title>\n<meta name=\"robots\" content=\"index, follow, max-snippet:-1, max-image-preview:large, max-video-preview:-1\" \/>\n<link rel=\"canonical\" href=\"https:\/\/centcols.org\/it\/ag-2023-autun\/\" \/>\n<meta property=\"og:locale\" content=\"it_IT\" \/>\n<meta property=\"og:type\" content=\"article\" \/>\n<meta property=\"og:title\" content=\"S\u00e9jour d&#039;automne et assembl\u00e9e g\u00e9n\u00e9rale \u00e0 Autun (Sa\u00f4ne et Loire), 03 au 05 novembre 2023 - Club des Cent Cols\" \/>\n<meta property=\"og:description\" content=\"Ont contribu\u00e9 \u00e0 cette page de pr\u00e9sentation du s\u00e9jour, Enrico Alberini, les responsables informatiques et s\u00e9jours et, bien s\u00fbr, les \u00ab\u00a0locaux\u00a0\u00bb, la regrett\u00e9e Nicole et Jean-Claude Durand. C&rsquo;est \u00e0 Autun en Sa\u00f4ne et Loire que nous nous retrouverons pour le s\u00e9jour d&rsquo;automne et l&rsquo;Assembl\u00e9e G\u00e9n\u00e9rale de 2023. Pr\u00e9sentation de Autun C\u2019est dans la Sa\u00f4ne et [&hellip;]\" \/>\n<meta property=\"og:url\" content=\"https:\/\/centcols.org\/it\/ag-2023-autun\/\" \/>\n<meta property=\"og:site_name\" content=\"Club des Cent Cols\" \/>\n<meta property=\"article:publisher\" content=\"https:\/\/www.facebook.com\/groups\/5261880558\/?locale=fr_FR\" \/>\n<meta property=\"article:published_time\" content=\"2023-05-30T19:30:52+00:00\" \/>\n<meta property=\"article:modified_time\" content=\"2025-08-27T16:13:06+00:00\" \/>\n<meta property=\"og:image\" content=\"https:\/\/centcols.org\/wp-content\/uploads\/2023\/05\/cite-galo-romaine-1200x9001-1.jpg\" \/>\n\t<meta property=\"og:image:width\" content=\"1200\" \/>\n\t<meta property=\"og:image:height\" content=\"900\" \/>\n\t<meta property=\"og:image:type\" content=\"image\/jpeg\" \/>\n<meta name=\"author\" content=\"Christophe Badonnel\" \/>\n<meta name=\"twitter:card\" content=\"summary_large_image\" \/>\n<meta name=\"twitter:label1\" content=\"Scritto da\" \/>\n\t<meta name=\"twitter:data1\" content=\"Christophe Badonnel\" \/>\n\t<meta name=\"twitter:label2\" content=\"Tempo di lettura stimato\" \/>\n\t<meta name=\"twitter:data2\" content=\"11 minuti\" \/>\n<script type=\"application\/ld+json\" class=\"yoast-schema-graph\">{\"@context\":\"https:\/\/schema.org\",\"@graph\":[{\"@type\":\"Article\",\"@id\":\"https:\/\/centcols.org\/ag-2023-autun\/#article\",\"isPartOf\":{\"@id\":\"https:\/\/centcols.org\/ag-2023-autun\/\"},\"author\":{\"name\":\"Christophe Badonnel\",\"@id\":\"https:\/\/centcols.org\/#\/schema\/person\/5c1a9d61132fb33ccec149272abff6e1\"},\"headline\":\"S\u00e9jour d&rsquo;automne et assembl\u00e9e g\u00e9n\u00e9rale \u00e0 Autun (Sa\u00f4ne et Loire), 03 au 05 novembre 2023\",\"datePublished\":\"2023-05-30T19:30:52+00:00\",\"dateModified\":\"2025-08-27T16:13:06+00:00\",\"mainEntityOfPage\":{\"@id\":\"https:\/\/centcols.org\/ag-2023-autun\/\"},\"wordCount\":1843,\"publisher\":{\"@id\":\"https:\/\/centcols.org\/#organization\"},\"image\":{\"@id\":\"https:\/\/centcols.org\/ag-2023-autun\/#primaryimage\"},\"thumbnailUrl\":\"https:\/\/centcols.org\/wp-content\/uploads\/2023\/05\/cite-galo-romaine-1200x9001-1.jpg\",\"articleSection\":[\"France\",\"Bourgogne-Franche-Comt\u00e9\",\"Calendrier\",\"Morvan\",\"71- Sa\u00f4ne et Loire\",\"S\u00e9jours du Club des Cent Cols\"],\"inLanguage\":\"it-IT\"},{\"@type\":\"WebPage\",\"@id\":\"https:\/\/centcols.org\/ag-2023-autun\/\",\"url\":\"https:\/\/centcols.org\/ag-2023-autun\/\",\"name\":\"S\u00e9jour d'automne et assembl\u00e9e g\u00e9n\u00e9rale \u00e0 Autun (Sa\u00f4ne et Loire), 03 au 05 novembre 2023 - Club des Cent Cols\",\"isPartOf\":{\"@id\":\"https:\/\/centcols.org\/#website\"},\"primaryImageOfPage\":{\"@id\":\"https:\/\/centcols.org\/ag-2023-autun\/#primaryimage\"},\"image\":{\"@id\":\"https:\/\/centcols.org\/ag-2023-autun\/#primaryimage\"},\"thumbnailUrl\":\"https:\/\/centcols.org\/wp-content\/uploads\/2023\/05\/cite-galo-romaine-1200x9001-1.jpg\",\"datePublished\":\"2023-05-30T19:30:52+00:00\",\"dateModified\":\"2025-08-27T16:13:06+00:00\",\"breadcrumb\":{\"@id\":\"https:\/\/centcols.org\/ag-2023-autun\/#breadcrumb\"},\"inLanguage\":\"it-IT\",\"potentialAction\":[{\"@type\":\"ReadAction\",\"target\":[\"https:\/\/centcols.org\/ag-2023-autun\/\"]}]},{\"@type\":\"ImageObject\",\"inLanguage\":\"it-IT\",\"@id\":\"https:\/\/centcols.org\/ag-2023-autun\/#primaryimage\",\"url\":\"https:\/\/centcols.org\/wp-content\/uploads\/2023\/05\/cite-galo-romaine-1200x9001-1.jpg\",\"contentUrl\":\"https:\/\/centcols.org\/wp-content\/uploads\/2023\/05\/cite-galo-romaine-1200x9001-1.jpg\",\"width\":1200,\"height\":900},{\"@type\":\"BreadcrumbList\",\"@id\":\"https:\/\/centcols.org\/ag-2023-autun\/#breadcrumb\",\"itemListElement\":[{\"@type\":\"ListItem\",\"position\":1,\"name\":\"Accueil\",\"item\":\"https:\/\/centcols.org\/\"},{\"@type\":\"ListItem\",\"position\":2,\"name\":\"S\u00e9jours du Club des Cent Cols\",\"item\":\"https:\/\/centcols.org\/rubrique\/sejours\/\"},{\"@type\":\"ListItem\",\"position\":3,\"name\":\"Pays\",\"item\":\"https:\/\/centcols.org\/rubrique\/sejours\/pays-sejours\/\"},{\"@type\":\"ListItem\",\"position\":4,\"name\":\"France\",\"item\":\"https:\/\/centcols.org\/rubrique\/sejours\/pays-sejours\/france-pays-sejours\/\"},{\"@type\":\"ListItem\",\"position\":5,\"name\":\"S\u00e9jour d&rsquo;automne et assembl\u00e9e g\u00e9n\u00e9rale \u00e0 Autun (Sa\u00f4ne et Loire), 03 au 05 novembre 2023\"}]},{\"@type\":\"WebSite\",\"@id\":\"https:\/\/centcols.org\/#website\",\"url\":\"https:\/\/centcols.org\/\",\"name\":\"Club des Cent Cols\",\"description\":\"\",\"publisher\":{\"@id\":\"https:\/\/centcols.org\/#organization\"},\"potentialAction\":[{\"@type\":\"SearchAction\",\"target\":{\"@type\":\"EntryPoint\",\"urlTemplate\":\"https:\/\/centcols.org\/?s={search_term_string}\"},\"query-input\":{\"@type\":\"PropertyValueSpecification\",\"valueRequired\":true,\"valueName\":\"search_term_string\"}}],\"inLanguage\":\"it-IT\"},{\"@type\":\"Organization\",\"@id\":\"https:\/\/centcols.org\/#organization\",\"name\":\"Club des Cent Cols\",\"url\":\"https:\/\/centcols.org\/\",\"logo\":{\"@type\":\"ImageObject\",\"inLanguage\":\"it-IT\",\"@id\":\"https:\/\/centcols.org\/#\/schema\/logo\/image\/\",\"url\":\"https:\/\/centcols.org\/wp-content\/uploads\/2025\/01\/carte-icone.png\",\"contentUrl\":\"https:\/\/centcols.org\/wp-content\/uploads\/2025\/01\/carte-icone.png\",\"width\":250,\"height\":250,\"caption\":\"Club des Cent Cols\"},\"image\":{\"@id\":\"https:\/\/centcols.org\/#\/schema\/logo\/image\/\"},\"sameAs\":[\"https:\/\/www.facebook.com\/groups\/5261880558\/?locale=fr_FR\"]},{\"@type\":\"Person\",\"@id\":\"https:\/\/centcols.org\/#\/schema\/person\/5c1a9d61132fb33ccec149272abff6e1\",\"name\":\"Christophe Badonnel\",\"image\":{\"@type\":\"ImageObject\",\"inLanguage\":\"it-IT\",\"@id\":\"https:\/\/centcols.org\/wp-content\/litespeed\/avatar\/9f363966b51271bd99ebbb6ebd632889.jpg?ver=1777238111\",\"url\":\"https:\/\/centcols.org\/wp-content\/litespeed\/avatar\/9f363966b51271bd99ebbb6ebd632889.jpg?ver=1777238111\",\"contentUrl\":\"https:\/\/centcols.org\/wp-content\/litespeed\/avatar\/9f363966b51271bd99ebbb6ebd632889.jpg?ver=1777238111\",\"caption\":\"Christophe Badonnel\"},\"url\":\"https:\/\/centcols.org\/it\/author\/5799\/\"}]}<\/script>\n<!-- \/ Yoast SEO plugin. -->","yoast_head_json":{"title":"Pausa autunnale e assemblea generale a Autun (Sa\u00f4ne et Loire), dal 03 al 05 novembre 2023 - Club des Cent Cols","robots":{"index":"index","follow":"follow","max-snippet":"max-snippet:-1","max-image-preview":"max-image-preview:large","max-video-preview":"max-video-preview:-1"},"canonical":"https:\/\/centcols.org\/it\/ag-2023-autun\/","og_locale":"it_IT","og_type":"article","og_title":"S\u00e9jour d'automne et assembl\u00e9e g\u00e9n\u00e9rale \u00e0 Autun (Sa\u00f4ne et Loire), 03 au 05 novembre 2023 - Club des Cent Cols","og_description":"Ont contribu\u00e9 \u00e0 cette page de pr\u00e9sentation du s\u00e9jour, Enrico Alberini, les responsables informatiques et s\u00e9jours et, bien s\u00fbr, les \u00ab\u00a0locaux\u00a0\u00bb, la regrett\u00e9e Nicole et Jean-Claude Durand. C&rsquo;est \u00e0 Autun en Sa\u00f4ne et Loire que nous nous retrouverons pour le s\u00e9jour d&rsquo;automne et l&rsquo;Assembl\u00e9e G\u00e9n\u00e9rale de 2023. Pr\u00e9sentation de Autun C\u2019est dans la Sa\u00f4ne et [&hellip;]","og_url":"https:\/\/centcols.org\/it\/ag-2023-autun\/","og_site_name":"Club des Cent Cols","article_publisher":"https:\/\/www.facebook.com\/groups\/5261880558\/?locale=fr_FR","article_published_time":"2023-05-30T19:30:52+00:00","article_modified_time":"2025-08-27T16:13:06+00:00","og_image":[{"width":1200,"height":900,"url":"https:\/\/centcols.org\/wp-content\/uploads\/2023\/05\/cite-galo-romaine-1200x9001-1.jpg","type":"image\/jpeg"}],"author":"Christophe Badonnel","twitter_card":"summary_large_image","twitter_misc":{"Scritto da":"Christophe Badonnel","Tempo di lettura stimato":"11 minuti"},"schema":{"@context":"https:\/\/schema.org","@graph":[{"@type":"Article","@id":"https:\/\/centcols.org\/ag-2023-autun\/#article","isPartOf":{"@id":"https:\/\/centcols.org\/ag-2023-autun\/"},"author":{"name":"Christophe Badonnel","@id":"https:\/\/centcols.org\/#\/schema\/person\/5c1a9d61132fb33ccec149272abff6e1"},"headline":"S\u00e9jour d&rsquo;automne et assembl\u00e9e g\u00e9n\u00e9rale \u00e0 Autun (Sa\u00f4ne et Loire), 03 au 05 novembre 2023","datePublished":"2023-05-30T19:30:52+00:00","dateModified":"2025-08-27T16:13:06+00:00","mainEntityOfPage":{"@id":"https:\/\/centcols.org\/ag-2023-autun\/"},"wordCount":1843,"publisher":{"@id":"https:\/\/centcols.org\/#organization"},"image":{"@id":"https:\/\/centcols.org\/ag-2023-autun\/#primaryimage"},"thumbnailUrl":"https:\/\/centcols.org\/wp-content\/uploads\/2023\/05\/cite-galo-romaine-1200x9001-1.jpg","articleSection":["France","Bourgogne-Franche-Comt\u00e9","Calendrier","Morvan","71- Sa\u00f4ne et Loire","S\u00e9jours du Club des Cent Cols"],"inLanguage":"it-IT"},{"@type":"WebPage","@id":"https:\/\/centcols.org\/ag-2023-autun\/","url":"https:\/\/centcols.org\/ag-2023-autun\/","name":"Pausa autunnale e assemblea generale a Autun (Sa\u00f4ne et Loire), dal 03 al 05 novembre 2023 - Club des Cent Cols","isPartOf":{"@id":"https:\/\/centcols.org\/#website"},"primaryImageOfPage":{"@id":"https:\/\/centcols.org\/ag-2023-autun\/#primaryimage"},"image":{"@id":"https:\/\/centcols.org\/ag-2023-autun\/#primaryimage"},"thumbnailUrl":"https:\/\/centcols.org\/wp-content\/uploads\/2023\/05\/cite-galo-romaine-1200x9001-1.jpg","datePublished":"2023-05-30T19:30:52+00:00","dateModified":"2025-08-27T16:13:06+00:00","breadcrumb":{"@id":"https:\/\/centcols.org\/ag-2023-autun\/#breadcrumb"},"inLanguage":"it-IT","potentialAction":[{"@type":"ReadAction","target":["https:\/\/centcols.org\/ag-2023-autun\/"]}]},{"@type":"ImageObject","inLanguage":"it-IT","@id":"https:\/\/centcols.org\/ag-2023-autun\/#primaryimage","url":"https:\/\/centcols.org\/wp-content\/uploads\/2023\/05\/cite-galo-romaine-1200x9001-1.jpg","contentUrl":"https:\/\/centcols.org\/wp-content\/uploads\/2023\/05\/cite-galo-romaine-1200x9001-1.jpg","width":1200,"height":900},{"@type":"BreadcrumbList","@id":"https:\/\/centcols.org\/ag-2023-autun\/#breadcrumb","itemListElement":[{"@type":"ListItem","position":1,"name":"Accueil","item":"https:\/\/centcols.org\/"},{"@type":"ListItem","position":2,"name":"S\u00e9jours du Club des Cent Cols","item":"https:\/\/centcols.org\/rubrique\/sejours\/"},{"@type":"ListItem","position":3,"name":"Pays","item":"https:\/\/centcols.org\/rubrique\/sejours\/pays-sejours\/"},{"@type":"ListItem","position":4,"name":"France","item":"https:\/\/centcols.org\/rubrique\/sejours\/pays-sejours\/france-pays-sejours\/"},{"@type":"ListItem","position":5,"name":"S\u00e9jour d&rsquo;automne et assembl\u00e9e g\u00e9n\u00e9rale \u00e0 Autun (Sa\u00f4ne et Loire), 03 au 05 novembre 2023"}]},{"@type":"WebSite","@id":"https:\/\/centcols.org\/#website","url":"https:\/\/centcols.org\/","name":"Club des Cent Cols","description":"","publisher":{"@id":"https:\/\/centcols.org\/#organization"},"potentialAction":[{"@type":"SearchAction","target":{"@type":"EntryPoint","urlTemplate":"https:\/\/centcols.org\/?s={search_term_string}"},"query-input":{"@type":"PropertyValueSpecification","valueRequired":true,"valueName":"search_term_string"}}],"inLanguage":"it-IT"},{"@type":"Organization","@id":"https:\/\/centcols.org\/#organization","name":"Club des Cent Cols","url":"https:\/\/centcols.org\/","logo":{"@type":"ImageObject","inLanguage":"it-IT","@id":"https:\/\/centcols.org\/#\/schema\/logo\/image\/","url":"https:\/\/centcols.org\/wp-content\/uploads\/2025\/01\/carte-icone.png","contentUrl":"https:\/\/centcols.org\/wp-content\/uploads\/2025\/01\/carte-icone.png","width":250,"height":250,"caption":"Club des Cent Cols"},"image":{"@id":"https:\/\/centcols.org\/#\/schema\/logo\/image\/"},"sameAs":["https:\/\/www.facebook.com\/groups\/5261880558\/?locale=fr_FR"]},{"@type":"Person","@id":"https:\/\/centcols.org\/#\/schema\/person\/5c1a9d61132fb33ccec149272abff6e1","name":"Christophe Badonnel","image":{"@type":"ImageObject","inLanguage":"it-IT","@id":"https:\/\/centcols.org\/wp-content\/litespeed\/avatar\/9f363966b51271bd99ebbb6ebd632889.jpg?ver=1777238111","url":"https:\/\/centcols.org\/wp-content\/litespeed\/avatar\/9f363966b51271bd99ebbb6ebd632889.jpg?ver=1777238111","contentUrl":"https:\/\/centcols.org\/wp-content\/litespeed\/avatar\/9f363966b51271bd99ebbb6ebd632889.jpg?ver=1777238111","caption":"Christophe Badonnel"},"url":"https:\/\/centcols.org\/it\/author\/5799\/"}]}},"_links":{"self":[{"href":"https:\/\/centcols.org\/it\/wp-json\/wp\/v2\/posts\/82467","targetHints":{"allow":["GET"]}}],"collection":[{"href":"https:\/\/centcols.org\/it\/wp-json\/wp\/v2\/posts"}],"about":[{"href":"https:\/\/centcols.org\/it\/wp-json\/wp\/v2\/types\/post"}],"author":[{"embeddable":true,"href":"https:\/\/centcols.org\/it\/wp-json\/wp\/v2\/users\/64"}],"replies":[{"embeddable":true,"href":"https:\/\/centcols.org\/it\/wp-json\/wp\/v2\/comments?post=82467"}],"version-history":[{"count":0,"href":"https:\/\/centcols.org\/it\/wp-json\/wp\/v2\/posts\/82467\/revisions"}],"wp:featuredmedia":[{"embeddable":true,"href":"https:\/\/centcols.org\/it\/wp-json\/wp\/v2\/media\/82958"}],"wp:attachment":[{"href":"https:\/\/centcols.org\/it\/wp-json\/wp\/v2\/media?parent=82467"}],"wp:term":[{"taxonomy":"category","embeddable":true,"href":"https:\/\/centcols.org\/it\/wp-json\/wp\/v2\/categories?post=82467"},{"taxonomy":"post_tag","embeddable":true,"href":"https:\/\/centcols.org\/it\/wp-json\/wp\/v2\/tags?post=82467"}],"curies":[{"name":"wp","href":"https:\/\/api.w.org\/{rel}","templated":true}]}}