{"id":82472,"date":"2023-08-09T13:39:28","date_gmt":"2023-08-09T11:39:28","guid":{"rendered":"https:\/\/centcols.org\/de-bw-foret-noire-kirchzarten-gravel-61-km-d-1980-m-13-cols\/"},"modified":"2026-04-14T22:58:56","modified_gmt":"2026-04-14T20:58:56","slug":"ghiaia-di-bw-foret-noire-kirchzarten","status":"publish","type":"post","link":"https:\/\/centcols.org\/it\/de-bw-foret-noire-kirchzarten-gravel\/","title":{"rendered":"DE-BW Foresta Nera Kirchzarten - Ghiaia 61 km, D+ 1980 m, 13 passaggi"},"content":{"rendered":"<iframe width=\"100%\" height=\"650\" loading=\"lazy\" src=\"https:\/\/www.openrunner.com\/embed\/4d497645676c77456b6e4c344c3677366d70314c7a7a4f325a626a64776a6c4730643878434b6d765a57553d3a3ac68ed938ba6413b390a9c0b6923b7a6b?unit=metric\" style=\"border: none;\"><\/iframe>\n\n\n\n<div style=\"height:30px\" aria-hidden=\"true\" class=\"wp-block-spacer\"><\/div>\n\n\n\n<h2 class=\"wp-block-heading\">Descrizione dell'autore<\/h2>\n\n\n\n<p><strong>Autore <\/strong>Jean-Luc Ceccato<br><strong>Corso <\/strong>effettuato il 2 luglio 2022<br><strong>Partenza <\/strong>Kirchzarten, uscita est, a sinistra della strada di Buchenbach, rue Keltenning. Alt: 430 m.<\/p>\n\n\n\n<div style=\"height:30px\" aria-hidden=\"true\" class=\"wp-block-spacer\"><\/div>\n\n\n\n<h2 class=\"wp-block-heading\">Informazioni turistiche<\/h2>\n\n\n\n<p>Questo itinerario esplora il massiccio a sud-ovest di Kirchzarten. Una parte di esso si trova direttamente sopra la citt\u00e0 di Friburgo in Brisgovia e offre una splendida vista sulla citt\u00e0 e sulla pianura del Reno. Alla fine del percorso, sui passi Hundsr\u00fccksattel (DE-BW-1194a) e Schauinslandpass (DE-BW-1196), si apre un magnifico panorama sulle Alpi svizzere.<\/p>\n\n\n\n<div style=\"height:30px\" aria-hidden=\"true\" class=\"wp-block-spacer\"><\/div>\n\n\n\n<h2 class=\"wp-block-heading\">Specifiche tecniche<\/h2>\n\n\n\n<p>Questo percorso non \u00e8 difficile ed \u00e8 stato completato con la ghiaia. Il percorso si snoda su circa 40% di bei sentieri ondulati e il resto su strade asfaltate.<br>L'accesso al primo passo di Pfisterh\u00f6he (DE-BW-0551) ha una pendenza di circa 20%.<\/p>\n\n\n\n<div style=\"height:30px\" aria-hidden=\"true\" class=\"wp-block-spacer\"><\/div>\n\n\n\n<p><strong>13 passaggi<\/strong><\/p>\n\n\n\n<figure class=\"wp-block-table tableau-cols\"><table class=\"has-background\" style=\"background-color:#f0f0f0\"><tbody><tr><td>1 - Pfisterh\u00f6he<\/td><td>551 m<\/td><td><a href=\"\/it\/util\/geo\/visu.php\/?code=DE-BW-0551\" target=\"_blank\" rel=\"noreferrer noopener\">DE-BW-0551<\/a><\/td><\/tr><tr><td>2 - Berg\u00e4ckersattel<\/td><td>388 m<\/td><td><a href=\"\/it\/util\/geo\/visu.php\/?code=DE-BW-0388\" target=\"_blank\" rel=\"noreferrer noopener\">DE-BW-0388<\/a><\/td><\/tr><tr><td>3 - Brombergsattel<\/td><td>579 m<\/td><td><a href=\"\/it\/util\/geo\/visu.php\/?code=DE-BW-0579\" target=\"_blank\" rel=\"noreferrer noopener\">DE-BW-0579<\/a><\/td><\/tr><tr><td>4 - Albergo di Rehhags<\/td><td>688 m<\/td><td><a href=\"\/it\/util\/geo\/visu.php\/?code=DE-BW-0688a\" target=\"_blank\" rel=\"noreferrer noopener\">DE-BW-0688a<\/a><\/td><\/tr><tr><td>5 - Albergo Kibfelsensattel<\/td><td>735 m<\/td><td><a href=\"\/it\/util\/geo\/visu.php\/?code=DE-BW-0735\" target=\"_blank\" rel=\"noreferrer noopener\">DE-BW-0735<\/a><\/td><\/tr><tr><td>6 - Mitteleck<\/td><td>619 m<\/td><td><a href=\"\/it\/util\/geo\/visu.php\/?code=DE-BW-0619a\" target=\"_blank\" rel=\"noreferrer noopener\">DE-BW-0619a<\/a><\/td><\/tr><tr><td>7 - Herchersattel<\/td><td>496 m<\/td><td><a href=\"\/it\/util\/geo\/visu.php\/?code=DE-BW-0496\" target=\"_blank\" rel=\"noreferrer noopener\">DE-BW-0496<\/a><\/td><\/tr><tr><td>8 - Laubisk\u00f6pflesattel<\/td><td>639 m<\/td><td><a href=\"\/it\/util\/geo\/visu.php\/?code=DE-BW-0639\" target=\"_blank\" rel=\"noreferrer noopener\">DE-BW-0639<\/a><\/td><\/tr><tr><td>9 - Stazione di servizio<\/td><td>998 m<\/td><td><a href=\"\/it\/util\/geo\/visu.php\/?code=DE-BW-0998b\" target=\"_blank\" rel=\"noreferrer noopener\">DE-BW-0998b<\/a><\/td><\/tr><tr><td>10 - Casa dei bambini<\/td><td>1194 m<\/td><td><a href=\"\/it\/util\/geo\/visu.php\/?code=DE-BW-1194a\" target=\"_blank\" rel=\"noreferrer noopener\">DE-BW-1194a<\/a><\/td><\/tr><tr><td>11 - Schauinslandpass<\/td><td>1196 m<\/td><td><a href=\"\/it\/util\/geo\/visu.php\/?code=DE-BW-1196\" target=\"_blank\" rel=\"noreferrer noopener\">DE-BW-1196<\/a><\/td><\/tr><tr><td>12 - Holzeck<\/td><td>723 m<\/td><td><a href=\"\/it\/util\/geo\/visu.php\/?code=DE-BW-0723\" target=\"_blank\" rel=\"noreferrer noopener\">DE-BW-0723<\/a><\/td><\/tr><tr><td>13 - Sonneck<\/td><td>714 m<\/td><td><a href=\"\/it\/util\/geo\/visu.php\/?code=DE-BW-0714\" target=\"_blank\" rel=\"noreferrer noopener\">DE-BW-0714<\/a><\/td><\/tr><\/tbody><\/table><\/figure>\n\n\n\n<p><strong>Parole chiave<\/strong> Foresta Nera, Kirchzarten, Friburgo in Brisgovia, centole<\/p>\n\n\n\n<p>Link Openrunner, mappa interattiva, profilo, traccia : <a href=\"https:\/\/www.openrunner.com\/route-details\/16543536\" target=\"_blank\" rel=\"noreferrer noopener\">https:\/\/www.openrunner.com\/route-details\/16543536<\/a><\/p>\n\n\n\n<p>Questo itinerario \u00e8 offerto a titolo puramente indicativo. L'autore non si assume alcuna responsabilit\u00e0, n\u00e9 quella del Club des Cent Cols, per eventuali imponderabilit\u00e0 dovute al ciclista stesso, all'equipaggiamento utilizzato o a qualsiasi cosa abbia a che fare con la strada, le piste e i sentieri, i loro dintorni o altri utenti.<\/p>\n\n\n\n<div style=\"height:30px\" aria-hidden=\"true\" class=\"wp-block-spacer\"><\/div>\n\n\n\n<h2 class=\"wp-block-heading\">Foto<\/h2>\n\n\n\n<figure class=\"wp-block-gallery has-nested-images columns-4 is-cropped wp-block-gallery-1 is-layout-flex wp-block-gallery-is-layout-flex\">\n<figure class=\"wp-block-image size-large\"><a href=\"https:\/\/centcols.org\/wp-content\/uploads\/2023\/08\/Paysage-autourde-Kirchgarten-1200x9001-1.jpg\"><img loading=\"lazy\" decoding=\"async\" width=\"1200\" height=\"900\" data-id=\"89854\" src=\"https:\/\/centcols.org\/wp-content\/uploads\/2023\/08\/Paysage-autourde-Kirchgarten-1200x9001-1.jpg\" alt=\"\" class=\"wp-image-89854\" srcset=\"https:\/\/centcols.org\/wp-content\/uploads\/2023\/08\/Paysage-autourde-Kirchgarten-1200x9001-1.jpg 1200w, https:\/\/centcols.org\/wp-content\/uploads\/2023\/08\/Paysage-autourde-Kirchgarten-1200x9001-1-768x576.jpg 768w, https:\/\/centcols.org\/wp-content\/uploads\/2023\/08\/Paysage-autourde-Kirchgarten-1200x9001-1-16x12.jpg 16w\" sizes=\"auto, (max-width: 1200px) 100vw, 1200px\" \/><\/a><figcaption class=\"wp-element-caption\">Paesaggio intorno a Kirchzarten<\/figcaption><\/figure>\n\n\n\n<figure class=\"wp-block-image size-large\"><a href=\"https:\/\/centcols.org\/wp-content\/uploads\/2023\/08\/Art-forestier-900x12001-1.jpg\"><img loading=\"lazy\" decoding=\"async\" width=\"900\" height=\"1200\" data-id=\"89855\" src=\"https:\/\/centcols.org\/wp-content\/uploads\/2023\/08\/Art-forestier-900x12001-1.jpg\" alt=\"\" class=\"wp-image-89855\" srcset=\"https:\/\/centcols.org\/wp-content\/uploads\/2023\/08\/Art-forestier-900x12001-1.jpg 900w, https:\/\/centcols.org\/wp-content\/uploads\/2023\/08\/Art-forestier-900x12001-1-768x1024.jpg 768w, https:\/\/centcols.org\/wp-content\/uploads\/2023\/08\/Art-forestier-900x12001-1-9x12.jpg 9w\" sizes=\"auto, (max-width: 900px) 100vw, 900px\" \/><\/a><figcaption class=\"wp-element-caption\">Arte della foresta<\/figcaption><\/figure>\n\n\n\n<figure class=\"wp-block-image size-large\"><a href=\"https:\/\/centcols.org\/wp-content\/uploads\/2023\/08\/Croisee-des-chemins-1200x9001-1.jpg\"><img loading=\"lazy\" decoding=\"async\" width=\"1200\" height=\"900\" data-id=\"89856\" src=\"https:\/\/centcols.org\/wp-content\/uploads\/2023\/08\/Croisee-des-chemins-1200x9001-1.jpg\" alt=\"\" class=\"wp-image-89856\" srcset=\"https:\/\/centcols.org\/wp-content\/uploads\/2023\/08\/Croisee-des-chemins-1200x9001-1.jpg 1200w, https:\/\/centcols.org\/wp-content\/uploads\/2023\/08\/Croisee-des-chemins-1200x9001-1-768x576.jpg 768w, https:\/\/centcols.org\/wp-content\/uploads\/2023\/08\/Croisee-des-chemins-1200x9001-1-16x12.jpg 16w\" sizes=\"auto, (max-width: 1200px) 100vw, 1200px\" \/><\/a><figcaption class=\"wp-element-caption\">Crocevia<\/figcaption><\/figure>\n\n\n\n<figure class=\"wp-block-image size-large\"><a href=\"https:\/\/centcols.org\/wp-content\/uploads\/2023\/08\/Vue-sur-la-plaine-Rhenane-1200x9001-1.jpg\"><img loading=\"lazy\" decoding=\"async\" width=\"1200\" height=\"900\" data-id=\"89857\" src=\"https:\/\/centcols.org\/wp-content\/uploads\/2023\/08\/Vue-sur-la-plaine-Rhenane-1200x9001-1.jpg\" alt=\"\" class=\"wp-image-89857\" srcset=\"https:\/\/centcols.org\/wp-content\/uploads\/2023\/08\/Vue-sur-la-plaine-Rhenane-1200x9001-1.jpg 1200w, https:\/\/centcols.org\/wp-content\/uploads\/2023\/08\/Vue-sur-la-plaine-Rhenane-1200x9001-1-768x576.jpg 768w, https:\/\/centcols.org\/wp-content\/uploads\/2023\/08\/Vue-sur-la-plaine-Rhenane-1200x9001-1-16x12.jpg 16w\" sizes=\"auto, (max-width: 1200px) 100vw, 1200px\" \/><\/a><figcaption class=\"wp-element-caption\">Vista sulla pianura del Reno<\/figcaption><\/figure>\n\n\n\n<figure class=\"wp-block-image size-large\"><a href=\"https:\/\/centcols.org\/wp-content\/uploads\/2023\/08\/Vue-sur-les-Alpes-Suisses-1200x9001-1.jpg\"><img loading=\"lazy\" decoding=\"async\" width=\"1200\" height=\"900\" data-id=\"89858\" src=\"https:\/\/centcols.org\/wp-content\/uploads\/2023\/08\/Vue-sur-les-Alpes-Suisses-1200x9001-1.jpg\" alt=\"\" class=\"wp-image-89858\" srcset=\"https:\/\/centcols.org\/wp-content\/uploads\/2023\/08\/Vue-sur-les-Alpes-Suisses-1200x9001-1.jpg 1200w, https:\/\/centcols.org\/wp-content\/uploads\/2023\/08\/Vue-sur-les-Alpes-Suisses-1200x9001-1-768x576.jpg 768w, https:\/\/centcols.org\/wp-content\/uploads\/2023\/08\/Vue-sur-les-Alpes-Suisses-1200x9001-1-16x12.jpg 16w\" sizes=\"auto, (max-width: 1200px) 100vw, 1200px\" \/><\/a><figcaption class=\"wp-element-caption\">All'orizzonte, le Alpi svizzere<\/figcaption><\/figure>\n\n\n\n<figure class=\"wp-block-image size-large\"><a href=\"https:\/\/centcols.org\/wp-content\/uploads\/2023\/08\/image-88.jpeg\"><img loading=\"lazy\" decoding=\"async\" width=\"800\" height=\"531\" data-id=\"95039\" src=\"https:\/\/centcols.org\/wp-content\/uploads\/2023\/08\/image-88.jpeg\" alt=\"\" class=\"wp-image-95039\" srcset=\"https:\/\/centcols.org\/wp-content\/uploads\/2023\/08\/image-88.jpeg 800w, https:\/\/centcols.org\/wp-content\/uploads\/2023\/08\/image-88-768x510.jpeg 768w, https:\/\/centcols.org\/wp-content\/uploads\/2023\/08\/image-88-18x12.jpeg 18w\" sizes=\"auto, (max-width: 800px) 100vw, 800px\" \/><\/a><figcaption class=\"wp-element-caption\">Brombergsattel<\/figcaption><\/figure>\n\n\n\n<figure class=\"wp-block-image size-large\"><a href=\"https:\/\/centcols.org\/wp-content\/uploads\/2023\/08\/image-89.jpeg\"><img loading=\"lazy\" decoding=\"async\" width=\"800\" height=\"531\" data-id=\"95040\" src=\"https:\/\/centcols.org\/wp-content\/uploads\/2023\/08\/image-89.jpeg\" alt=\"\" class=\"wp-image-95040\" srcset=\"https:\/\/centcols.org\/wp-content\/uploads\/2023\/08\/image-89.jpeg 800w, https:\/\/centcols.org\/wp-content\/uploads\/2023\/08\/image-89-768x510.jpeg 768w, https:\/\/centcols.org\/wp-content\/uploads\/2023\/08\/image-89-18x12.jpeg 18w\" sizes=\"auto, (max-width: 800px) 100vw, 800px\" \/><\/a><figcaption class=\"wp-element-caption\">Albergo Rehhagsattel<\/figcaption><\/figure>\n\n\n\n<figure class=\"wp-block-image size-large\"><a href=\"https:\/\/centcols.org\/wp-content\/uploads\/2023\/08\/image-90.jpeg\"><img loading=\"lazy\" decoding=\"async\" width=\"800\" height=\"531\" data-id=\"95041\" src=\"https:\/\/centcols.org\/wp-content\/uploads\/2023\/08\/image-90.jpeg\" alt=\"\" class=\"wp-image-95041\" srcset=\"https:\/\/centcols.org\/wp-content\/uploads\/2023\/08\/image-90.jpeg 800w, https:\/\/centcols.org\/wp-content\/uploads\/2023\/08\/image-90-768x510.jpeg 768w, https:\/\/centcols.org\/wp-content\/uploads\/2023\/08\/image-90-18x12.jpeg 18w\" sizes=\"auto, (max-width: 800px) 100vw, 800px\" \/><\/a><figcaption class=\"wp-element-caption\">Albergo Kibfelsensattel<\/figcaption><\/figure>\n\n\n\n<figure class=\"wp-block-image size-large\"><a href=\"https:\/\/centcols.org\/wp-content\/uploads\/2023\/08\/image-91.jpeg\"><img loading=\"lazy\" decoding=\"async\" width=\"800\" height=\"531\" data-id=\"95042\" src=\"https:\/\/centcols.org\/wp-content\/uploads\/2023\/08\/image-91.jpeg\" alt=\"\" class=\"wp-image-95042\" srcset=\"https:\/\/centcols.org\/wp-content\/uploads\/2023\/08\/image-91.jpeg 800w, https:\/\/centcols.org\/wp-content\/uploads\/2023\/08\/image-91-768x510.jpeg 768w, https:\/\/centcols.org\/wp-content\/uploads\/2023\/08\/image-91-18x12.jpeg 18w\" sizes=\"auto, (max-width: 800px) 100vw, 800px\" \/><\/a><figcaption class=\"wp-element-caption\">Mitteleck<\/figcaption><\/figure>\n\n\n\n<figure class=\"wp-block-image size-large\"><a href=\"https:\/\/centcols.org\/wp-content\/uploads\/2023\/08\/image-92.jpeg\"><img loading=\"lazy\" decoding=\"async\" width=\"800\" height=\"609\" data-id=\"95043\" src=\"https:\/\/centcols.org\/wp-content\/uploads\/2023\/08\/image-92.jpeg\" alt=\"\" class=\"wp-image-95043\" srcset=\"https:\/\/centcols.org\/wp-content\/uploads\/2023\/08\/image-92.jpeg 800w, https:\/\/centcols.org\/wp-content\/uploads\/2023\/08\/image-92-768x585.jpeg 768w, https:\/\/centcols.org\/wp-content\/uploads\/2023\/08\/image-92-16x12.jpeg 16w\" sizes=\"auto, (max-width: 800px) 100vw, 800px\" \/><\/a><figcaption class=\"wp-element-caption\">Stazione di servizio<\/figcaption><\/figure>\n\n\n\n<figure class=\"wp-block-image size-large\"><a href=\"https:\/\/centcols.org\/wp-content\/uploads\/2023\/08\/image-93.jpeg\"><img loading=\"lazy\" decoding=\"async\" width=\"800\" height=\"531\" data-id=\"95044\" src=\"https:\/\/centcols.org\/wp-content\/uploads\/2023\/08\/image-93.jpeg\" alt=\"\" class=\"wp-image-95044\" srcset=\"https:\/\/centcols.org\/wp-content\/uploads\/2023\/08\/image-93.jpeg 800w, https:\/\/centcols.org\/wp-content\/uploads\/2023\/08\/image-93-768x510.jpeg 768w, https:\/\/centcols.org\/wp-content\/uploads\/2023\/08\/image-93-18x12.jpeg 18w\" sizes=\"auto, (max-width: 800px) 100vw, 800px\" \/><\/a><figcaption class=\"wp-element-caption\">Casa di riposo<\/figcaption><\/figure>\n\n\n\n<figure class=\"wp-block-image size-large\"><a href=\"https:\/\/centcols.org\/wp-content\/uploads\/2023\/08\/image-94.jpeg\"><img loading=\"lazy\" decoding=\"async\" width=\"773\" height=\"434\" data-id=\"95045\" src=\"https:\/\/centcols.org\/wp-content\/uploads\/2023\/08\/image-94.jpeg\" alt=\"\" class=\"wp-image-95045\" srcset=\"https:\/\/centcols.org\/wp-content\/uploads\/2023\/08\/image-94.jpeg 773w, https:\/\/centcols.org\/wp-content\/uploads\/2023\/08\/image-94-768x431.jpeg 768w, https:\/\/centcols.org\/wp-content\/uploads\/2023\/08\/image-94-18x10.jpeg 18w\" sizes=\"auto, (max-width: 773px) 100vw, 773px\" \/><\/a><figcaption class=\"wp-element-caption\">Schauinslandpass<\/figcaption><\/figure>\n\n\n\n<figure class=\"wp-block-image size-large\"><a href=\"https:\/\/centcols.org\/wp-content\/uploads\/2023\/08\/image-95.jpeg\"><img loading=\"lazy\" decoding=\"async\" width=\"800\" height=\"531\" data-id=\"95046\" src=\"https:\/\/centcols.org\/wp-content\/uploads\/2023\/08\/image-95.jpeg\" alt=\"\" class=\"wp-image-95046\" srcset=\"https:\/\/centcols.org\/wp-content\/uploads\/2023\/08\/image-95.jpeg 800w, https:\/\/centcols.org\/wp-content\/uploads\/2023\/08\/image-95-768x510.jpeg 768w, https:\/\/centcols.org\/wp-content\/uploads\/2023\/08\/image-95-18x12.jpeg 18w\" sizes=\"auto, (max-width: 800px) 100vw, 800px\" \/><\/a><figcaption class=\"wp-element-caption\">Holzeck<\/figcaption><\/figure>\n\n\n\n<figure class=\"wp-block-image size-large\"><a href=\"https:\/\/centcols.org\/wp-content\/uploads\/2023\/08\/image-96.jpeg\"><img loading=\"lazy\" decoding=\"async\" width=\"800\" height=\"531\" data-id=\"95047\" src=\"https:\/\/centcols.org\/wp-content\/uploads\/2023\/08\/image-96.jpeg\" alt=\"\" class=\"wp-image-95047\" srcset=\"https:\/\/centcols.org\/wp-content\/uploads\/2023\/08\/image-96.jpeg 800w, https:\/\/centcols.org\/wp-content\/uploads\/2023\/08\/image-96-768x510.jpeg 768w, https:\/\/centcols.org\/wp-content\/uploads\/2023\/08\/image-96-18x12.jpeg 18w\" sizes=\"auto, (max-width: 800px) 100vw, 800px\" \/><\/a><figcaption class=\"wp-element-caption\">Sonneck<\/figcaption><\/figure>\n<\/figure>","protected":false},"excerpt":{"rendered":"<p>Description de l\u2019auteur Auteur : Jean-Luc CeccatoParcours : effectu\u00e9 le 2 juillet 2022D\u00e9part : Kirchzarten, sortie est, sur la gauche de la route de Buchenbach, rue Keltenning. Alt\u00a0: 430\u00a0m. Descriptif touristique Ce parcours explore le massif au sud-ouest de Kirchzarten. Celui-ci se trouve en partie \u00e0 l\u2019aplomb de la ville de Freiburg im Breisgau et [&hellip;]<\/p>\n","protected":false},"author":3,"featured_media":82870,"comment_status":"open","ping_status":"open","sticky":false,"template":"","format":"standard","meta":{"_acf_changed":false,"footnotes":""},"categories":[302,320,323,220],"tags":[],"class_list":["post-82472","post","type-post","status-publish","format-standard","has-post-thumbnail","hentry","category-parcours-allemagne","category-gravel-type-parcours","category-foret-noire-massif-parcours-membres","category-parcours-membres"],"acf":[],"yoast_head":"<!-- This site is optimized with the Yoast SEO plugin v27.2 - https:\/\/yoast.com\/product\/yoast-seo-wordpress\/ -->\n<title>DE-BW For\u00eat-Noire Kirchzarten - Gravel 61 km, D+ 1980 m, 13 cols - Club des Cent Cols<\/title>\n<meta name=\"robots\" content=\"index, follow, max-snippet:-1, max-image-preview:large, max-video-preview:-1\" \/>\n<link rel=\"canonical\" href=\"https:\/\/centcols.org\/it\/ghiaia-di-bw-foret-noire-kirchzarten\/\" \/>\n<meta property=\"og:locale\" content=\"it_IT\" \/>\n<meta property=\"og:type\" content=\"article\" \/>\n<meta property=\"og:title\" content=\"DE-BW For\u00eat-Noire Kirchzarten - Gravel 61 km, D+ 1980 m, 13 cols - Club des Cent Cols\" \/>\n<meta property=\"og:description\" content=\"Description de l\u2019auteur Auteur : Jean-Luc CeccatoParcours : effectu\u00e9 le 2 juillet 2022D\u00e9part : Kirchzarten, sortie est, sur la gauche de la route de Buchenbach, rue Keltenning. Alt\u00a0: 430\u00a0m. Descriptif touristique Ce parcours explore le massif au sud-ouest de Kirchzarten. Celui-ci se trouve en partie \u00e0 l\u2019aplomb de la ville de Freiburg im Breisgau et [&hellip;]\" \/>\n<meta property=\"og:url\" content=\"https:\/\/centcols.org\/it\/ghiaia-di-bw-foret-noire-kirchzarten\/\" \/>\n<meta property=\"og:site_name\" content=\"Club des Cent Cols\" \/>\n<meta property=\"article:publisher\" content=\"https:\/\/www.facebook.com\/groups\/5261880558\/?locale=fr_FR\" \/>\n<meta property=\"article:published_time\" content=\"2023-08-09T11:39:28+00:00\" \/>\n<meta property=\"article:modified_time\" content=\"2026-04-14T20:58:56+00:00\" \/>\n<meta property=\"og:image\" content=\"https:\/\/centcols.org\/wp-content\/uploads\/2023\/08\/Paysage-autourde-Kirchgarten-500x3751-1.jpg\" \/>\n\t<meta property=\"og:image:width\" content=\"500\" \/>\n\t<meta property=\"og:image:height\" content=\"375\" \/>\n\t<meta property=\"og:image:type\" content=\"image\/jpeg\" \/>\n<meta name=\"author\" content=\"Webmestre\" \/>\n<meta name=\"twitter:card\" content=\"summary_large_image\" \/>\n<meta name=\"twitter:label1\" content=\"Scritto da\" \/>\n\t<meta name=\"twitter:data1\" content=\"Webmestre\" \/>\n\t<meta name=\"twitter:label2\" content=\"Tempo di lettura stimato\" \/>\n\t<meta name=\"twitter:data2\" content=\"5 minuti\" \/>\n<script type=\"application\/ld+json\" class=\"yoast-schema-graph\">{\"@context\":\"https:\/\/schema.org\",\"@graph\":[{\"@type\":\"Article\",\"@id\":\"https:\/\/centcols.org\/de-bw-foret-noire-kirchzarten-gravel\/#article\",\"isPartOf\":{\"@id\":\"https:\/\/centcols.org\/de-bw-foret-noire-kirchzarten-gravel\/\"},\"author\":{\"name\":\"Webmestre\",\"@id\":\"https:\/\/centcols.org\/#\/schema\/person\/911b404fb133d8c913dd27cdcf71c8e5\"},\"headline\":\"DE-BW For\u00eat-Noire Kirchzarten &#8211; Gravel 61 km, D+ 1980 m, 13 cols\",\"datePublished\":\"2023-08-09T11:39:28+00:00\",\"dateModified\":\"2026-04-14T20:58:56+00:00\",\"mainEntityOfPage\":{\"@id\":\"https:\/\/centcols.org\/de-bw-foret-noire-kirchzarten-gravel\/\"},\"wordCount\":319,\"commentCount\":0,\"publisher\":{\"@id\":\"https:\/\/centcols.org\/#organization\"},\"image\":{\"@id\":\"https:\/\/centcols.org\/de-bw-foret-noire-kirchzarten-gravel\/#primaryimage\"},\"thumbnailUrl\":\"https:\/\/centcols.org\/wp-content\/uploads\/2023\/08\/Paysage-autourde-Kirchgarten-500x3751-1.jpg\",\"articleSection\":[\"Parcours Allemagne\",\"Gravel\",\"For\u00eat-Noire\",\"Parcours membres\"],\"inLanguage\":\"it-IT\",\"potentialAction\":[{\"@type\":\"CommentAction\",\"name\":\"Comment\",\"target\":[\"https:\/\/centcols.org\/de-bw-foret-noire-kirchzarten-gravel\/#respond\"]}]},{\"@type\":\"WebPage\",\"@id\":\"https:\/\/centcols.org\/de-bw-foret-noire-kirchzarten-gravel\/\",\"url\":\"https:\/\/centcols.org\/de-bw-foret-noire-kirchzarten-gravel\/\",\"name\":\"DE-BW For\u00eat-Noire Kirchzarten - Gravel 61 km, D+ 1980 m, 13 cols - Club des Cent Cols\",\"isPartOf\":{\"@id\":\"https:\/\/centcols.org\/#website\"},\"primaryImageOfPage\":{\"@id\":\"https:\/\/centcols.org\/de-bw-foret-noire-kirchzarten-gravel\/#primaryimage\"},\"image\":{\"@id\":\"https:\/\/centcols.org\/de-bw-foret-noire-kirchzarten-gravel\/#primaryimage\"},\"thumbnailUrl\":\"https:\/\/centcols.org\/wp-content\/uploads\/2023\/08\/Paysage-autourde-Kirchgarten-500x3751-1.jpg\",\"datePublished\":\"2023-08-09T11:39:28+00:00\",\"dateModified\":\"2026-04-14T20:58:56+00:00\",\"breadcrumb\":{\"@id\":\"https:\/\/centcols.org\/de-bw-foret-noire-kirchzarten-gravel\/#breadcrumb\"},\"inLanguage\":\"it-IT\",\"potentialAction\":[{\"@type\":\"ReadAction\",\"target\":[\"https:\/\/centcols.org\/de-bw-foret-noire-kirchzarten-gravel\/\"]}]},{\"@type\":\"ImageObject\",\"inLanguage\":\"it-IT\",\"@id\":\"https:\/\/centcols.org\/de-bw-foret-noire-kirchzarten-gravel\/#primaryimage\",\"url\":\"https:\/\/centcols.org\/wp-content\/uploads\/2023\/08\/Paysage-autourde-Kirchgarten-500x3751-1.jpg\",\"contentUrl\":\"https:\/\/centcols.org\/wp-content\/uploads\/2023\/08\/Paysage-autourde-Kirchgarten-500x3751-1.jpg\",\"width\":500,\"height\":375},{\"@type\":\"BreadcrumbList\",\"@id\":\"https:\/\/centcols.org\/de-bw-foret-noire-kirchzarten-gravel\/#breadcrumb\",\"itemListElement\":[{\"@type\":\"ListItem\",\"position\":1,\"name\":\"Accueil\",\"item\":\"https:\/\/centcols.org\/\"},{\"@type\":\"ListItem\",\"position\":2,\"name\":\"Parcours membres\",\"item\":\"https:\/\/centcols.org\/rubrique\/parcours-membres\/\"},{\"@type\":\"ListItem\",\"position\":3,\"name\":\"Pays\",\"item\":\"https:\/\/centcols.org\/rubrique\/parcours-membres\/pays-parcours-membres\/\"},{\"@type\":\"ListItem\",\"position\":4,\"name\":\"Parcours Allemagne\",\"item\":\"https:\/\/centcols.org\/rubrique\/parcours-membres\/pays-parcours-membres\/parcours-allemagne\/\"},{\"@type\":\"ListItem\",\"position\":5,\"name\":\"DE-BW For\u00eat-Noire Kirchzarten &#8211; Gravel 61 km, D+ 1980 m, 13 cols\"}]},{\"@type\":\"WebSite\",\"@id\":\"https:\/\/centcols.org\/#website\",\"url\":\"https:\/\/centcols.org\/\",\"name\":\"Club des Cent Cols\",\"description\":\"\",\"publisher\":{\"@id\":\"https:\/\/centcols.org\/#organization\"},\"potentialAction\":[{\"@type\":\"SearchAction\",\"target\":{\"@type\":\"EntryPoint\",\"urlTemplate\":\"https:\/\/centcols.org\/?s={search_term_string}\"},\"query-input\":{\"@type\":\"PropertyValueSpecification\",\"valueRequired\":true,\"valueName\":\"search_term_string\"}}],\"inLanguage\":\"it-IT\"},{\"@type\":\"Organization\",\"@id\":\"https:\/\/centcols.org\/#organization\",\"name\":\"Club des Cent Cols\",\"url\":\"https:\/\/centcols.org\/\",\"logo\":{\"@type\":\"ImageObject\",\"inLanguage\":\"it-IT\",\"@id\":\"https:\/\/centcols.org\/#\/schema\/logo\/image\/\",\"url\":\"https:\/\/centcols.org\/wp-content\/uploads\/2025\/01\/carte-icone.png\",\"contentUrl\":\"https:\/\/centcols.org\/wp-content\/uploads\/2025\/01\/carte-icone.png\",\"width\":250,\"height\":250,\"caption\":\"Club des Cent Cols\"},\"image\":{\"@id\":\"https:\/\/centcols.org\/#\/schema\/logo\/image\/\"},\"sameAs\":[\"https:\/\/www.facebook.com\/groups\/5261880558\/?locale=fr_FR\"]},{\"@type\":\"Person\",\"@id\":\"https:\/\/centcols.org\/#\/schema\/person\/911b404fb133d8c913dd27cdcf71c8e5\",\"name\":\"Webmestre\",\"image\":{\"@type\":\"ImageObject\",\"inLanguage\":\"it-IT\",\"@id\":\"https:\/\/centcols.org\/wp-content\/litespeed\/avatar\/2d246e4b6b4f773e08515e1ffc53690b.jpg?ver=1777222892\",\"url\":\"https:\/\/centcols.org\/wp-content\/litespeed\/avatar\/2d246e4b6b4f773e08515e1ffc53690b.jpg?ver=1777222892\",\"contentUrl\":\"https:\/\/centcols.org\/wp-content\/litespeed\/avatar\/2d246e4b6b4f773e08515e1ffc53690b.jpg?ver=1777222892\",\"caption\":\"Webmestre\"},\"url\":\"https:\/\/centcols.org\/it\/author\/webmestre\/\"}]}<\/script>\n<!-- \/ Yoast SEO plugin. -->","yoast_head_json":{"title":"DE-BW Foresta Nera Kirchzarten - Sterrato 61 km, D+ 1980 m, 13 colli - Club des Cent Cols","robots":{"index":"index","follow":"follow","max-snippet":"max-snippet:-1","max-image-preview":"max-image-preview:large","max-video-preview":"max-video-preview:-1"},"canonical":"https:\/\/centcols.org\/it\/ghiaia-di-bw-foret-noire-kirchzarten\/","og_locale":"it_IT","og_type":"article","og_title":"DE-BW For\u00eat-Noire Kirchzarten - Gravel 61 km, D+ 1980 m, 13 cols - Club des Cent Cols","og_description":"Description de l\u2019auteur Auteur : Jean-Luc CeccatoParcours : effectu\u00e9 le 2 juillet 2022D\u00e9part : Kirchzarten, sortie est, sur la gauche de la route de Buchenbach, rue Keltenning. Alt\u00a0: 430\u00a0m. Descriptif touristique Ce parcours explore le massif au sud-ouest de Kirchzarten. Celui-ci se trouve en partie \u00e0 l\u2019aplomb de la ville de Freiburg im Breisgau et [&hellip;]","og_url":"https:\/\/centcols.org\/it\/ghiaia-di-bw-foret-noire-kirchzarten\/","og_site_name":"Club des Cent Cols","article_publisher":"https:\/\/www.facebook.com\/groups\/5261880558\/?locale=fr_FR","article_published_time":"2023-08-09T11:39:28+00:00","article_modified_time":"2026-04-14T20:58:56+00:00","og_image":[{"width":500,"height":375,"url":"https:\/\/centcols.org\/wp-content\/uploads\/2023\/08\/Paysage-autourde-Kirchgarten-500x3751-1.jpg","type":"image\/jpeg"}],"author":"Webmestre","twitter_card":"summary_large_image","twitter_misc":{"Scritto da":"Webmestre","Tempo di lettura stimato":"5 minuti"},"schema":{"@context":"https:\/\/schema.org","@graph":[{"@type":"Article","@id":"https:\/\/centcols.org\/de-bw-foret-noire-kirchzarten-gravel\/#article","isPartOf":{"@id":"https:\/\/centcols.org\/de-bw-foret-noire-kirchzarten-gravel\/"},"author":{"name":"Webmestre","@id":"https:\/\/centcols.org\/#\/schema\/person\/911b404fb133d8c913dd27cdcf71c8e5"},"headline":"DE-BW For\u00eat-Noire Kirchzarten &#8211; Gravel 61 km, D+ 1980 m, 13 cols","datePublished":"2023-08-09T11:39:28+00:00","dateModified":"2026-04-14T20:58:56+00:00","mainEntityOfPage":{"@id":"https:\/\/centcols.org\/de-bw-foret-noire-kirchzarten-gravel\/"},"wordCount":319,"commentCount":0,"publisher":{"@id":"https:\/\/centcols.org\/#organization"},"image":{"@id":"https:\/\/centcols.org\/de-bw-foret-noire-kirchzarten-gravel\/#primaryimage"},"thumbnailUrl":"https:\/\/centcols.org\/wp-content\/uploads\/2023\/08\/Paysage-autourde-Kirchgarten-500x3751-1.jpg","articleSection":["Parcours Allemagne","Gravel","For\u00eat-Noire","Parcours membres"],"inLanguage":"it-IT","potentialAction":[{"@type":"CommentAction","name":"Comment","target":["https:\/\/centcols.org\/de-bw-foret-noire-kirchzarten-gravel\/#respond"]}]},{"@type":"WebPage","@id":"https:\/\/centcols.org\/de-bw-foret-noire-kirchzarten-gravel\/","url":"https:\/\/centcols.org\/de-bw-foret-noire-kirchzarten-gravel\/","name":"DE-BW Foresta Nera Kirchzarten - Sterrato 61 km, D+ 1980 m, 13 colli - Club des Cent Cols","isPartOf":{"@id":"https:\/\/centcols.org\/#website"},"primaryImageOfPage":{"@id":"https:\/\/centcols.org\/de-bw-foret-noire-kirchzarten-gravel\/#primaryimage"},"image":{"@id":"https:\/\/centcols.org\/de-bw-foret-noire-kirchzarten-gravel\/#primaryimage"},"thumbnailUrl":"https:\/\/centcols.org\/wp-content\/uploads\/2023\/08\/Paysage-autourde-Kirchgarten-500x3751-1.jpg","datePublished":"2023-08-09T11:39:28+00:00","dateModified":"2026-04-14T20:58:56+00:00","breadcrumb":{"@id":"https:\/\/centcols.org\/de-bw-foret-noire-kirchzarten-gravel\/#breadcrumb"},"inLanguage":"it-IT","potentialAction":[{"@type":"ReadAction","target":["https:\/\/centcols.org\/de-bw-foret-noire-kirchzarten-gravel\/"]}]},{"@type":"ImageObject","inLanguage":"it-IT","@id":"https:\/\/centcols.org\/de-bw-foret-noire-kirchzarten-gravel\/#primaryimage","url":"https:\/\/centcols.org\/wp-content\/uploads\/2023\/08\/Paysage-autourde-Kirchgarten-500x3751-1.jpg","contentUrl":"https:\/\/centcols.org\/wp-content\/uploads\/2023\/08\/Paysage-autourde-Kirchgarten-500x3751-1.jpg","width":500,"height":375},{"@type":"BreadcrumbList","@id":"https:\/\/centcols.org\/de-bw-foret-noire-kirchzarten-gravel\/#breadcrumb","itemListElement":[{"@type":"ListItem","position":1,"name":"Accueil","item":"https:\/\/centcols.org\/"},{"@type":"ListItem","position":2,"name":"Parcours membres","item":"https:\/\/centcols.org\/rubrique\/parcours-membres\/"},{"@type":"ListItem","position":3,"name":"Pays","item":"https:\/\/centcols.org\/rubrique\/parcours-membres\/pays-parcours-membres\/"},{"@type":"ListItem","position":4,"name":"Parcours Allemagne","item":"https:\/\/centcols.org\/rubrique\/parcours-membres\/pays-parcours-membres\/parcours-allemagne\/"},{"@type":"ListItem","position":5,"name":"DE-BW For\u00eat-Noire Kirchzarten &#8211; Gravel 61 km, D+ 1980 m, 13 cols"}]},{"@type":"WebSite","@id":"https:\/\/centcols.org\/#website","url":"https:\/\/centcols.org\/","name":"Club des Cent Cols","description":"","publisher":{"@id":"https:\/\/centcols.org\/#organization"},"potentialAction":[{"@type":"SearchAction","target":{"@type":"EntryPoint","urlTemplate":"https:\/\/centcols.org\/?s={search_term_string}"},"query-input":{"@type":"PropertyValueSpecification","valueRequired":true,"valueName":"search_term_string"}}],"inLanguage":"it-IT"},{"@type":"Organization","@id":"https:\/\/centcols.org\/#organization","name":"Club des Cent Cols","url":"https:\/\/centcols.org\/","logo":{"@type":"ImageObject","inLanguage":"it-IT","@id":"https:\/\/centcols.org\/#\/schema\/logo\/image\/","url":"https:\/\/centcols.org\/wp-content\/uploads\/2025\/01\/carte-icone.png","contentUrl":"https:\/\/centcols.org\/wp-content\/uploads\/2025\/01\/carte-icone.png","width":250,"height":250,"caption":"Club des Cent Cols"},"image":{"@id":"https:\/\/centcols.org\/#\/schema\/logo\/image\/"},"sameAs":["https:\/\/www.facebook.com\/groups\/5261880558\/?locale=fr_FR"]},{"@type":"Person","@id":"https:\/\/centcols.org\/#\/schema\/person\/911b404fb133d8c913dd27cdcf71c8e5","name":"Webmaster","image":{"@type":"ImageObject","inLanguage":"it-IT","@id":"https:\/\/centcols.org\/wp-content\/litespeed\/avatar\/2d246e4b6b4f773e08515e1ffc53690b.jpg?ver=1777222892","url":"https:\/\/centcols.org\/wp-content\/litespeed\/avatar\/2d246e4b6b4f773e08515e1ffc53690b.jpg?ver=1777222892","contentUrl":"https:\/\/centcols.org\/wp-content\/litespeed\/avatar\/2d246e4b6b4f773e08515e1ffc53690b.jpg?ver=1777222892","caption":"Webmestre"},"url":"https:\/\/centcols.org\/it\/author\/webmestre\/"}]}},"_links":{"self":[{"href":"https:\/\/centcols.org\/it\/wp-json\/wp\/v2\/posts\/82472","targetHints":{"allow":["GET"]}}],"collection":[{"href":"https:\/\/centcols.org\/it\/wp-json\/wp\/v2\/posts"}],"about":[{"href":"https:\/\/centcols.org\/it\/wp-json\/wp\/v2\/types\/post"}],"author":[{"embeddable":true,"href":"https:\/\/centcols.org\/it\/wp-json\/wp\/v2\/users\/3"}],"replies":[{"embeddable":true,"href":"https:\/\/centcols.org\/it\/wp-json\/wp\/v2\/comments?post=82472"}],"version-history":[{"count":0,"href":"https:\/\/centcols.org\/it\/wp-json\/wp\/v2\/posts\/82472\/revisions"}],"wp:featuredmedia":[{"embeddable":true,"href":"https:\/\/centcols.org\/it\/wp-json\/wp\/v2\/media\/82870"}],"wp:attachment":[{"href":"https:\/\/centcols.org\/it\/wp-json\/wp\/v2\/media?parent=82472"}],"wp:term":[{"taxonomy":"category","embeddable":true,"href":"https:\/\/centcols.org\/it\/wp-json\/wp\/v2\/categories?post=82472"},{"taxonomy":"post_tag","embeddable":true,"href":"https:\/\/centcols.org\/it\/wp-json\/wp\/v2\/tags?post=82472"}],"curies":[{"name":"wp","href":"https:\/\/api.w.org\/{rel}","templated":true}]}}