{"id":82474,"date":"2023-08-07T08:57:13","date_gmt":"2023-08-07T06:57:13","guid":{"rendered":"https:\/\/centcols.org\/de-bw-foret-noire-niederweiler-sud-gravel-54-km-d1550-m-12-cols\/"},"modified":"2026-04-22T18:56:12","modified_gmt":"2026-04-22T16:56:12","slug":"de-bw-foret-noire-niederweiler-sud-gravel","status":"publish","type":"post","link":"https:\/\/centcols.org\/it\/de-bw-foret-noire-niederweiler-sud-gravel\/","title":{"rendered":"DE-BW Foresta Nera Niederweiler sud - Ghiaia 54 km, D+ 1550 m, 12 passi"},"content":{"rendered":"<iframe width=\"100%\" height=\"650\" loading=\"lazy\" src=\"https:\/\/www.openrunner.com\/embed\/5a6147346739486c655452744850504772503747614f366159644b71633178496a7832414576394e7235493d3a3af71dbb8d5c3d3b305962ff2e67af040f?unit=metric\" style=\"border: none;\"><\/iframe>\n\n\n\n<div style=\"height:30px\" aria-hidden=\"true\" class=\"wp-block-spacer\"><\/div>\n\n\n\n<h2 class=\"wp-block-heading\">Descrizione dell'autore<\/h2>\n\n\n\n<p><strong>Autore <\/strong>Jean-Luc Ceccato<br><strong>Corso <\/strong>Completato l'11 giugno 2022<br><strong>Partenza <\/strong>Niederweiler, uscita a est di M\u00fcllheim, Weilertalstra\u00dfe lungo il fiume Weiler. Vicino all'Hotel Wartek. Altitudine: 292 m.<\/p>\n\n\n\n<div style=\"height:30px\" aria-hidden=\"true\" class=\"wp-block-spacer\"><\/div>\n\n\n\n<h2 class=\"wp-block-heading\">Informazioni turistiche<\/h2>\n\n\n\n<p>Niederweiler si trova ai margini della Foresta Nera. La campagna circostante, percorsa da questo itinerario, offre splendide viste sulla pianura del Reno, che in questo punto \u00e8 piuttosto stretta, su entrambi i lati del fiume Reno.<\/p>\n\n\n\n<div style=\"height:30px\" aria-hidden=\"true\" class=\"wp-block-spacer\"><\/div>\n\n\n\n<h2 class=\"wp-block-heading\">Specifiche tecniche<\/h2>\n\n\n\n<p>Questo percorso non presenta alcuna difficolt\u00e0, ma presenta un dislivello. \u00c8 stato percorso su ghiaia senza problemi.<br>Si tratta di un percorso di circa 50% di belle piste ondulate e il resto di strade asfaltate.<\/p>\n\n\n\n<div style=\"height:30px\" aria-hidden=\"true\" class=\"wp-block-spacer\"><\/div>\n\n\n\n<p><strong>12 collari<\/strong><\/p>\n\n\n\n<figure class=\"wp-block-table tableau-cols\"><table class=\"has-background\" style=\"background-color:#f0f0f0\"><tbody><tr><td>1 - Rheintaler H\u00f6he<\/td><td>465 m<\/td><td><a href=\"\/it\/util\/geo\/visuGen.php\/?code=DE-BW-0465\" target=\"_blank\" rel=\"noreferrer noopener\">DE-BW-0465<\/a><\/td><\/tr><tr><td>2 - Schlosssattel<\/td><td>615 m<\/td><td><a href=\"\/it\/util\/geo\/visuGen.php\/?code=DE-BW-0615a\" target=\"_blank\" rel=\"noreferrer noopener\">DE-BW-0615a<\/a><\/td><\/tr><tr><td>3 - Mohrensattel<\/td><td>528 m<\/td><td><a href=\"\/it\/util\/geo\/visuGen.php\/?code=DE-BW-0528\" target=\"_blank\" rel=\"noreferrer noopener\">DE-BW-0528<\/a><\/td><\/tr><tr><td>4 - Lange Ebene<\/td><td>540 m<\/td><td><a href=\"\/it\/util\/geo\/visuGen.php\/?code=DE-BW-0540a\" target=\"_blank\" rel=\"noreferrer noopener\">DE-BW-0540a<\/a><\/td><\/tr><tr><td>5 - Salneck<\/td><td>634 m<\/td><td><a href=\"\/it\/util\/geo\/visuGen.php\/?code=DE-BW-0634\" target=\"_blank\" rel=\"noreferrer noopener\">DE-BW-0634<\/a><\/td><\/tr><tr><td>6 - Hexenplatz<\/td><td>843 m<\/td><td><a href=\"\/it\/util\/geo\/visuGen.php\/?code=DE-BW-0843\" target=\"_blank\" rel=\"noreferrer noopener\">DE-BW-0843<\/a><\/td><\/tr><tr><td>7 - Leideck<\/td><td>847 m<\/td><td><a href=\"\/it\/util\/geo\/visuGen.php\/?code=DE-BW-0847a\" target=\"_blank\" rel=\"noreferrer noopener\">DE-BW-0847a<\/a><\/td><\/tr><tr><td>8 - Albergo Fischerbrunns<\/td><td>1069 m<\/td><td><a href=\"\/it\/util\/geo\/visuGen.php\/?code=DE-BW-1069\" target=\"_blank\" rel=\"noreferrer noopener\">DE-BW-1069<\/a><\/td><\/tr><tr><td>9 - M\u00fcllheimer Egerten Sattel<\/td><td>925 m<\/td><td><a href=\"\/it\/util\/geo\/visuGen.php\/?code=DE-BW-0864\" target=\"_blank\" rel=\"noreferrer noopener\">DE-BW-0864<\/a><\/td><\/tr><tr><td>10 - St\u00fchle<\/td><td>1047 m<\/td><td><a href=\"\/it\/util\/geo\/visuGen.php\/?code=DE-BW-1047\" target=\"_blank\" rel=\"noreferrer noopener\">DE-BW-1047<\/a><\/td><\/tr><tr><td>11 - Sp\u00e4hnplatz<\/td><td>1053 m<\/td><td><a href=\"\/it\/util\/geo\/visuGen.php\/?code=DE-BW-1053a\" target=\"_blank\" rel=\"noreferrer noopener\">DE-BW-1053a<\/a><\/td><\/tr><tr><td>12 - Albergo Sirnitzsattel<\/td><td>1071 m<\/td><td><a href=\"\/it\/util\/geo\/visuGen.php\/?code=DE-BW-1071a\" target=\"_blank\" rel=\"noreferrer noopener\">DE-BW-1071a<\/a><\/td><\/tr><\/tbody><\/table><\/figure>\n\n\n\n<p><strong>Parole chiave<\/strong> Foresta Nera, Niederweiler, M\u00fcllheim, centole<\/p>\n\n\n\n<p>Link Openrunner, mappa interattiva, profilo, traccia : <a href=\"https:\/\/www.openrunner.com\/route-details\/16574843\" target=\"_blank\" rel=\"noreferrer noopener\">https:\/\/www.openrunner.com\/route-details\/16574843<\/a><\/p>\n\n\n\n<p>Questo itinerario \u00e8 offerto a titolo puramente indicativo. L'autore non si assume alcuna responsabilit\u00e0, n\u00e9 quella del Club des Cent Cols, per eventuali imponderabilit\u00e0 dovute al ciclista stesso, all'equipaggiamento utilizzato o a qualsiasi cosa abbia a che fare con la strada, le piste e i sentieri, i loro dintorni o altri utenti.<\/p>\n\n\n\n<div style=\"height:30px\" aria-hidden=\"true\" class=\"wp-block-spacer\"><\/div>\n\n\n\n<h2 class=\"wp-block-heading\">Foto<\/h2>\n\n\n\n<figure class=\"wp-block-gallery has-nested-images columns-4 is-cropped wp-block-gallery-1 is-layout-flex wp-block-gallery-is-layout-flex\">\n<figure class=\"wp-block-image size-large\"><a href=\"https:\/\/centcols.org\/wp-content\/uploads\/2023\/08\/Nierdder-Sud-Banc-1200x9001-1.jpg\"><img loading=\"lazy\" decoding=\"async\" width=\"1200\" height=\"900\" data-id=\"89863\" src=\"https:\/\/centcols.org\/wp-content\/uploads\/2023\/08\/Nierdder-Sud-Banc-1200x9001-1.jpg\" alt=\"\" class=\"wp-image-89863\" srcset=\"https:\/\/centcols.org\/wp-content\/uploads\/2023\/08\/Nierdder-Sud-Banc-1200x9001-1.jpg 1200w, https:\/\/centcols.org\/wp-content\/uploads\/2023\/08\/Nierdder-Sud-Banc-1200x9001-1-768x576.jpg 768w, https:\/\/centcols.org\/wp-content\/uploads\/2023\/08\/Nierdder-Sud-Banc-1200x9001-1-16x12.jpg 16w\" sizes=\"auto, (max-width: 1200px) 100vw, 1200px\" \/><\/a><figcaption class=\"wp-element-caption\">Paesaggio<\/figcaption><\/figure>\n\n\n\n<figure class=\"wp-block-image size-large\"><a href=\"https:\/\/centcols.org\/wp-content\/uploads\/2023\/08\/Nierder-Sud-Panneaux-de-Guingois-900x12001-1.jpg\"><img loading=\"lazy\" decoding=\"async\" width=\"900\" height=\"1200\" data-id=\"89864\" src=\"https:\/\/centcols.org\/wp-content\/uploads\/2023\/08\/Nierder-Sud-Panneaux-de-Guingois-900x12001-1.jpg\" alt=\"\" class=\"wp-image-89864\" srcset=\"https:\/\/centcols.org\/wp-content\/uploads\/2023\/08\/Nierder-Sud-Panneaux-de-Guingois-900x12001-1.jpg 900w, https:\/\/centcols.org\/wp-content\/uploads\/2023\/08\/Nierder-Sud-Panneaux-de-Guingois-900x12001-1-768x1024.jpg 768w, https:\/\/centcols.org\/wp-content\/uploads\/2023\/08\/Nierder-Sud-Panneaux-de-Guingois-900x12001-1-9x12.jpg 9w\" sizes=\"auto, (max-width: 900px) 100vw, 900px\" \/><\/a><figcaption class=\"wp-element-caption\">Tavola di legno<\/figcaption><\/figure>\n\n\n\n<figure class=\"wp-block-image size-large\"><a href=\"https:\/\/centcols.org\/wp-content\/uploads\/2023\/08\/Paysages-Niederxeiler-sud-1200x9001-1.jpg\"><img loading=\"lazy\" decoding=\"async\" width=\"1200\" height=\"900\" data-id=\"89865\" src=\"https:\/\/centcols.org\/wp-content\/uploads\/2023\/08\/Paysages-Niederxeiler-sud-1200x9001-1.jpg\" alt=\"\" class=\"wp-image-89865\" srcset=\"https:\/\/centcols.org\/wp-content\/uploads\/2023\/08\/Paysages-Niederxeiler-sud-1200x9001-1.jpg 1200w, https:\/\/centcols.org\/wp-content\/uploads\/2023\/08\/Paysages-Niederxeiler-sud-1200x9001-1-768x576.jpg 768w, https:\/\/centcols.org\/wp-content\/uploads\/2023\/08\/Paysages-Niederxeiler-sud-1200x9001-1-16x12.jpg 16w\" sizes=\"auto, (max-width: 1200px) 100vw, 1200px\" \/><\/a><figcaption class=\"wp-element-caption\">Paesaggio<\/figcaption><\/figure>\n\n\n\n<figure class=\"wp-block-image size-large\"><a href=\"https:\/\/centcols.org\/wp-content\/uploads\/2023\/08\/Travaux-forestiers-1200x9001-1.jpg\"><img loading=\"lazy\" decoding=\"async\" width=\"1200\" height=\"900\" data-id=\"89866\" src=\"https:\/\/centcols.org\/wp-content\/uploads\/2023\/08\/Travaux-forestiers-1200x9001-1.jpg\" alt=\"\" class=\"wp-image-89866\" srcset=\"https:\/\/centcols.org\/wp-content\/uploads\/2023\/08\/Travaux-forestiers-1200x9001-1.jpg 1200w, https:\/\/centcols.org\/wp-content\/uploads\/2023\/08\/Travaux-forestiers-1200x9001-1-768x576.jpg 768w, https:\/\/centcols.org\/wp-content\/uploads\/2023\/08\/Travaux-forestiers-1200x9001-1-16x12.jpg 16w\" sizes=\"auto, (max-width: 1200px) 100vw, 1200px\" \/><\/a><figcaption class=\"wp-element-caption\">Lavori forestali<\/figcaption><\/figure>\n\n\n\n<figure class=\"wp-block-image size-large\"><a href=\"https:\/\/centcols.org\/wp-content\/uploads\/2023\/08\/image-117.jpeg\"><img loading=\"lazy\" decoding=\"async\" width=\"773\" height=\"434\" data-id=\"95456\" src=\"https:\/\/centcols.org\/wp-content\/uploads\/2023\/08\/image-117.jpeg\" alt=\"\" class=\"wp-image-95456\" srcset=\"https:\/\/centcols.org\/wp-content\/uploads\/2023\/08\/image-117.jpeg 773w, https:\/\/centcols.org\/wp-content\/uploads\/2023\/08\/image-117-768x431.jpeg 768w, https:\/\/centcols.org\/wp-content\/uploads\/2023\/08\/image-117-18x10.jpeg 18w\" sizes=\"auto, (max-width: 773px) 100vw, 773px\" \/><\/a><figcaption class=\"wp-element-caption\">Rheintaler H\u00f6he<\/figcaption><\/figure>\n\n\n\n<figure class=\"wp-block-image size-large\"><a href=\"https:\/\/centcols.org\/wp-content\/uploads\/2023\/08\/image-116.jpeg\"><img loading=\"lazy\" decoding=\"async\" width=\"773\" height=\"434\" data-id=\"95455\" src=\"https:\/\/centcols.org\/wp-content\/uploads\/2023\/08\/image-116.jpeg\" alt=\"\" class=\"wp-image-95455\" srcset=\"https:\/\/centcols.org\/wp-content\/uploads\/2023\/08\/image-116.jpeg 773w, https:\/\/centcols.org\/wp-content\/uploads\/2023\/08\/image-116-768x431.jpeg 768w, https:\/\/centcols.org\/wp-content\/uploads\/2023\/08\/image-116-18x10.jpeg 18w\" sizes=\"auto, (max-width: 773px) 100vw, 773px\" \/><\/a><figcaption class=\"wp-element-caption\">Schlosssattel<\/figcaption><\/figure>\n\n\n\n<figure class=\"wp-block-image size-large\"><a href=\"https:\/\/centcols.org\/wp-content\/uploads\/2023\/08\/image-115.jpeg\"><img loading=\"lazy\" decoding=\"async\" width=\"800\" height=\"600\" data-id=\"95454\" src=\"https:\/\/centcols.org\/wp-content\/uploads\/2023\/08\/image-115.jpeg\" alt=\"\" class=\"wp-image-95454\" srcset=\"https:\/\/centcols.org\/wp-content\/uploads\/2023\/08\/image-115.jpeg 800w, https:\/\/centcols.org\/wp-content\/uploads\/2023\/08\/image-115-768x576.jpeg 768w, https:\/\/centcols.org\/wp-content\/uploads\/2023\/08\/image-115-16x12.jpeg 16w\" sizes=\"auto, (max-width: 800px) 100vw, 800px\" \/><\/a><figcaption class=\"wp-element-caption\">Mohrensattel<\/figcaption><\/figure>\n\n\n\n<figure class=\"wp-block-image size-large\"><a href=\"https:\/\/centcols.org\/wp-content\/uploads\/2023\/08\/image-114.jpeg\"><img loading=\"lazy\" decoding=\"async\" width=\"800\" height=\"600\" data-id=\"95453\" src=\"https:\/\/centcols.org\/wp-content\/uploads\/2023\/08\/image-114.jpeg\" alt=\"\" class=\"wp-image-95453\" srcset=\"https:\/\/centcols.org\/wp-content\/uploads\/2023\/08\/image-114.jpeg 800w, https:\/\/centcols.org\/wp-content\/uploads\/2023\/08\/image-114-768x576.jpeg 768w, https:\/\/centcols.org\/wp-content\/uploads\/2023\/08\/image-114-16x12.jpeg 16w\" sizes=\"auto, (max-width: 800px) 100vw, 800px\" \/><\/a><figcaption class=\"wp-element-caption\">Lange Ebene<\/figcaption><\/figure>\n\n\n\n<figure class=\"wp-block-image size-large\"><a href=\"https:\/\/centcols.org\/wp-content\/uploads\/2023\/08\/image-113.jpeg\"><img loading=\"lazy\" decoding=\"async\" width=\"800\" height=\"531\" data-id=\"95452\" src=\"https:\/\/centcols.org\/wp-content\/uploads\/2023\/08\/image-113.jpeg\" alt=\"\" class=\"wp-image-95452\" srcset=\"https:\/\/centcols.org\/wp-content\/uploads\/2023\/08\/image-113.jpeg 800w, https:\/\/centcols.org\/wp-content\/uploads\/2023\/08\/image-113-768x510.jpeg 768w, https:\/\/centcols.org\/wp-content\/uploads\/2023\/08\/image-113-18x12.jpeg 18w\" sizes=\"auto, (max-width: 800px) 100vw, 800px\" \/><\/a><figcaption class=\"wp-element-caption\">Salneck<\/figcaption><\/figure>\n\n\n\n<figure class=\"wp-block-image size-large\"><a href=\"https:\/\/centcols.org\/wp-content\/uploads\/2023\/08\/image-112.jpeg\"><img loading=\"lazy\" decoding=\"async\" width=\"800\" height=\"600\" data-id=\"95451\" src=\"https:\/\/centcols.org\/wp-content\/uploads\/2023\/08\/image-112.jpeg\" alt=\"\" class=\"wp-image-95451\" srcset=\"https:\/\/centcols.org\/wp-content\/uploads\/2023\/08\/image-112.jpeg 800w, https:\/\/centcols.org\/wp-content\/uploads\/2023\/08\/image-112-768x576.jpeg 768w, https:\/\/centcols.org\/wp-content\/uploads\/2023\/08\/image-112-16x12.jpeg 16w\" sizes=\"auto, (max-width: 800px) 100vw, 800px\" \/><\/a><figcaption class=\"wp-element-caption\">Hexenplatz<\/figcaption><\/figure>\n\n\n\n<figure class=\"wp-block-image size-large\"><a href=\"https:\/\/centcols.org\/wp-content\/uploads\/2023\/08\/image-111.jpeg\"><img loading=\"lazy\" decoding=\"async\" width=\"773\" height=\"434\" data-id=\"95450\" src=\"https:\/\/centcols.org\/wp-content\/uploads\/2023\/08\/image-111.jpeg\" alt=\"\" class=\"wp-image-95450\" srcset=\"https:\/\/centcols.org\/wp-content\/uploads\/2023\/08\/image-111.jpeg 773w, https:\/\/centcols.org\/wp-content\/uploads\/2023\/08\/image-111-768x431.jpeg 768w, https:\/\/centcols.org\/wp-content\/uploads\/2023\/08\/image-111-18x10.jpeg 18w\" sizes=\"auto, (max-width: 773px) 100vw, 773px\" \/><\/a><figcaption class=\"wp-element-caption\">Leideck<\/figcaption><\/figure>\n\n\n\n<figure class=\"wp-block-image size-large\"><a href=\"https:\/\/centcols.org\/wp-content\/uploads\/2023\/08\/image-110.jpeg\"><img loading=\"lazy\" decoding=\"async\" width=\"773\" height=\"434\" data-id=\"95449\" src=\"https:\/\/centcols.org\/wp-content\/uploads\/2023\/08\/image-110.jpeg\" alt=\"\" class=\"wp-image-95449\" srcset=\"https:\/\/centcols.org\/wp-content\/uploads\/2023\/08\/image-110.jpeg 773w, https:\/\/centcols.org\/wp-content\/uploads\/2023\/08\/image-110-768x431.jpeg 768w, https:\/\/centcols.org\/wp-content\/uploads\/2023\/08\/image-110-18x10.jpeg 18w\" sizes=\"auto, (max-width: 773px) 100vw, 773px\" \/><\/a><figcaption class=\"wp-element-caption\">Fischerbrunnsattel<\/figcaption><\/figure>\n\n\n\n<figure class=\"wp-block-image size-large\"><a href=\"https:\/\/centcols.org\/wp-content\/uploads\/2023\/08\/image-109.jpeg\"><img loading=\"lazy\" decoding=\"async\" width=\"800\" height=\"600\" data-id=\"95448\" src=\"https:\/\/centcols.org\/wp-content\/uploads\/2023\/08\/image-109.jpeg\" alt=\"\" class=\"wp-image-95448\" srcset=\"https:\/\/centcols.org\/wp-content\/uploads\/2023\/08\/image-109.jpeg 800w, https:\/\/centcols.org\/wp-content\/uploads\/2023\/08\/image-109-768x576.jpeg 768w, https:\/\/centcols.org\/wp-content\/uploads\/2023\/08\/image-109-16x12.jpeg 16w\" sizes=\"auto, (max-width: 800px) 100vw, 800px\" \/><\/a><figcaption class=\"wp-element-caption\">St\u00fchle<\/figcaption><\/figure>\n\n\n\n<figure class=\"wp-block-image size-large\"><a href=\"https:\/\/centcols.org\/wp-content\/uploads\/2023\/08\/image-108.jpeg\"><img loading=\"lazy\" decoding=\"async\" width=\"773\" height=\"434\" data-id=\"95447\" src=\"https:\/\/centcols.org\/wp-content\/uploads\/2023\/08\/image-108.jpeg\" alt=\"\" class=\"wp-image-95447\" srcset=\"https:\/\/centcols.org\/wp-content\/uploads\/2023\/08\/image-108.jpeg 773w, https:\/\/centcols.org\/wp-content\/uploads\/2023\/08\/image-108-768x431.jpeg 768w, https:\/\/centcols.org\/wp-content\/uploads\/2023\/08\/image-108-18x10.jpeg 18w\" sizes=\"auto, (max-width: 773px) 100vw, 773px\" \/><\/a><figcaption class=\"wp-element-caption\">Sp\u00e4hnplatz<\/figcaption><\/figure>\n\n\n\n<figure class=\"wp-block-image size-large\"><a href=\"https:\/\/centcols.org\/wp-content\/uploads\/2023\/08\/image-107.jpeg\"><img loading=\"lazy\" decoding=\"async\" width=\"773\" height=\"434\" data-id=\"95440\" src=\"https:\/\/centcols.org\/wp-content\/uploads\/2023\/08\/image-107.jpeg\" alt=\"\" class=\"wp-image-95440\" srcset=\"https:\/\/centcols.org\/wp-content\/uploads\/2023\/08\/image-107.jpeg 773w, https:\/\/centcols.org\/wp-content\/uploads\/2023\/08\/image-107-768x431.jpeg 768w, https:\/\/centcols.org\/wp-content\/uploads\/2023\/08\/image-107-18x10.jpeg 18w\" sizes=\"auto, (max-width: 773px) 100vw, 773px\" \/><\/a><figcaption class=\"wp-element-caption\">Albergo Sirnitzsattel<\/figcaption><\/figure>\n<\/figure>","protected":false},"excerpt":{"rendered":"<p>Description de l\u2019auteur Auteur : Jean-Luc CeccatoParcours : effectu\u00e9 le 11 juin 2022D\u00e9part : Niederweiler, sortie est de M\u00fcllheim, Weilertalstra\u00dfe le long de la rivi\u00e8re Weiler. Proche de l\u2019h\u00f4tel Wartek. Alt: 292 m. Descriptif touristique Niederweiler est situ\u00e9 \u00e0 l\u2019or\u00e9e de la For\u00eat-Noire. Le relief avoisinant, parcouru par ce circuit, offre de belles perspectives sur [&hellip;]<\/p>\n","protected":false},"author":3,"featured_media":82872,"comment_status":"open","ping_status":"open","sticky":false,"template":"","format":"standard","meta":{"_acf_changed":false,"footnotes":""},"categories":[302,320,323,220],"tags":[],"class_list":["post-82474","post","type-post","status-publish","format-standard","has-post-thumbnail","hentry","category-parcours-allemagne","category-gravel-type-parcours","category-foret-noire-massif-parcours-membres","category-parcours-membres"],"acf":[],"yoast_head":"<!-- This site is optimized with the Yoast SEO plugin v27.2 - https:\/\/yoast.com\/product\/yoast-seo-wordpress\/ -->\n<title>DE-BW For\u00eat-Noire Niederweiler sud - Gravel 54 km, D+ 1550 m, 12 cols - Club des Cent Cols<\/title>\n<meta name=\"robots\" content=\"index, follow, max-snippet:-1, max-image-preview:large, max-video-preview:-1\" \/>\n<link rel=\"canonical\" href=\"https:\/\/centcols.org\/it\/de-bw-foret-noire-niederweiler-sud-gravel\/\" \/>\n<meta property=\"og:locale\" content=\"it_IT\" \/>\n<meta property=\"og:type\" content=\"article\" \/>\n<meta property=\"og:title\" content=\"DE-BW For\u00eat-Noire Niederweiler sud - Gravel 54 km, D+ 1550 m, 12 cols - Club des Cent Cols\" \/>\n<meta property=\"og:description\" content=\"Description de l\u2019auteur Auteur : Jean-Luc CeccatoParcours : effectu\u00e9 le 11 juin 2022D\u00e9part : Niederweiler, sortie est de M\u00fcllheim, Weilertalstra\u00dfe le long de la rivi\u00e8re Weiler. Proche de l\u2019h\u00f4tel Wartek. Alt: 292 m. Descriptif touristique Niederweiler est situ\u00e9 \u00e0 l\u2019or\u00e9e de la For\u00eat-Noire. Le relief avoisinant, parcouru par ce circuit, offre de belles perspectives sur [&hellip;]\" \/>\n<meta property=\"og:url\" content=\"https:\/\/centcols.org\/it\/de-bw-foret-noire-niederweiler-sud-gravel\/\" \/>\n<meta property=\"og:site_name\" content=\"Club des Cent Cols\" \/>\n<meta property=\"article:publisher\" content=\"https:\/\/www.facebook.com\/groups\/5261880558\/?locale=fr_FR\" \/>\n<meta property=\"article:published_time\" content=\"2023-08-07T06:57:13+00:00\" \/>\n<meta property=\"article:modified_time\" content=\"2026-04-22T16:56:12+00:00\" \/>\n<meta property=\"og:image\" content=\"https:\/\/centcols.org\/wp-content\/uploads\/2023\/08\/Nierdder-Sud-Banc-500x3751-1.jpg\" \/>\n\t<meta property=\"og:image:width\" content=\"500\" \/>\n\t<meta property=\"og:image:height\" content=\"375\" \/>\n\t<meta property=\"og:image:type\" content=\"image\/jpeg\" \/>\n<meta name=\"author\" content=\"Webmestre\" \/>\n<meta name=\"twitter:card\" content=\"summary_large_image\" \/>\n<meta name=\"twitter:label1\" content=\"Scritto da\" \/>\n\t<meta name=\"twitter:data1\" content=\"Webmestre\" \/>\n\t<meta name=\"twitter:label2\" content=\"Tempo di lettura stimato\" \/>\n\t<meta name=\"twitter:data2\" content=\"5 minuti\" \/>\n<script type=\"application\/ld+json\" class=\"yoast-schema-graph\">{\"@context\":\"https:\/\/schema.org\",\"@graph\":[{\"@type\":\"Article\",\"@id\":\"https:\/\/centcols.org\/de-bw-foret-noire-niederweiler-sud-gravel\/#article\",\"isPartOf\":{\"@id\":\"https:\/\/centcols.org\/de-bw-foret-noire-niederweiler-sud-gravel\/\"},\"author\":{\"name\":\"Webmestre\",\"@id\":\"https:\/\/centcols.org\/#\/schema\/person\/911b404fb133d8c913dd27cdcf71c8e5\"},\"headline\":\"DE-BW For\u00eat-Noire Niederweiler sud &#8211; Gravel 54 km, D+ 1550 m, 12 cols\",\"datePublished\":\"2023-08-07T06:57:13+00:00\",\"dateModified\":\"2026-04-22T16:56:12+00:00\",\"mainEntityOfPage\":{\"@id\":\"https:\/\/centcols.org\/de-bw-foret-noire-niederweiler-sud-gravel\/\"},\"wordCount\":289,\"commentCount\":0,\"publisher\":{\"@id\":\"https:\/\/centcols.org\/#organization\"},\"image\":{\"@id\":\"https:\/\/centcols.org\/de-bw-foret-noire-niederweiler-sud-gravel\/#primaryimage\"},\"thumbnailUrl\":\"https:\/\/centcols.org\/wp-content\/uploads\/2023\/08\/Nierdder-Sud-Banc-500x3751-1.jpg\",\"articleSection\":[\"Parcours Allemagne\",\"Gravel\",\"For\u00eat-Noire\",\"Parcours membres\"],\"inLanguage\":\"it-IT\",\"potentialAction\":[{\"@type\":\"CommentAction\",\"name\":\"Comment\",\"target\":[\"https:\/\/centcols.org\/de-bw-foret-noire-niederweiler-sud-gravel\/#respond\"]}]},{\"@type\":\"WebPage\",\"@id\":\"https:\/\/centcols.org\/de-bw-foret-noire-niederweiler-sud-gravel\/\",\"url\":\"https:\/\/centcols.org\/de-bw-foret-noire-niederweiler-sud-gravel\/\",\"name\":\"DE-BW For\u00eat-Noire Niederweiler sud - Gravel 54 km, D+ 1550 m, 12 cols - Club des Cent Cols\",\"isPartOf\":{\"@id\":\"https:\/\/centcols.org\/#website\"},\"primaryImageOfPage\":{\"@id\":\"https:\/\/centcols.org\/de-bw-foret-noire-niederweiler-sud-gravel\/#primaryimage\"},\"image\":{\"@id\":\"https:\/\/centcols.org\/de-bw-foret-noire-niederweiler-sud-gravel\/#primaryimage\"},\"thumbnailUrl\":\"https:\/\/centcols.org\/wp-content\/uploads\/2023\/08\/Nierdder-Sud-Banc-500x3751-1.jpg\",\"datePublished\":\"2023-08-07T06:57:13+00:00\",\"dateModified\":\"2026-04-22T16:56:12+00:00\",\"breadcrumb\":{\"@id\":\"https:\/\/centcols.org\/de-bw-foret-noire-niederweiler-sud-gravel\/#breadcrumb\"},\"inLanguage\":\"it-IT\",\"potentialAction\":[{\"@type\":\"ReadAction\",\"target\":[\"https:\/\/centcols.org\/de-bw-foret-noire-niederweiler-sud-gravel\/\"]}]},{\"@type\":\"ImageObject\",\"inLanguage\":\"it-IT\",\"@id\":\"https:\/\/centcols.org\/de-bw-foret-noire-niederweiler-sud-gravel\/#primaryimage\",\"url\":\"https:\/\/centcols.org\/wp-content\/uploads\/2023\/08\/Nierdder-Sud-Banc-500x3751-1.jpg\",\"contentUrl\":\"https:\/\/centcols.org\/wp-content\/uploads\/2023\/08\/Nierdder-Sud-Banc-500x3751-1.jpg\",\"width\":500,\"height\":375},{\"@type\":\"BreadcrumbList\",\"@id\":\"https:\/\/centcols.org\/de-bw-foret-noire-niederweiler-sud-gravel\/#breadcrumb\",\"itemListElement\":[{\"@type\":\"ListItem\",\"position\":1,\"name\":\"Accueil\",\"item\":\"https:\/\/centcols.org\/\"},{\"@type\":\"ListItem\",\"position\":2,\"name\":\"Parcours membres\",\"item\":\"https:\/\/centcols.org\/rubrique\/parcours-membres\/\"},{\"@type\":\"ListItem\",\"position\":3,\"name\":\"Pays\",\"item\":\"https:\/\/centcols.org\/rubrique\/parcours-membres\/pays-parcours-membres\/\"},{\"@type\":\"ListItem\",\"position\":4,\"name\":\"Parcours Allemagne\",\"item\":\"https:\/\/centcols.org\/rubrique\/parcours-membres\/pays-parcours-membres\/parcours-allemagne\/\"},{\"@type\":\"ListItem\",\"position\":5,\"name\":\"DE-BW For\u00eat-Noire Niederweiler sud &#8211; Gravel 54 km, D+ 1550 m, 12 cols\"}]},{\"@type\":\"WebSite\",\"@id\":\"https:\/\/centcols.org\/#website\",\"url\":\"https:\/\/centcols.org\/\",\"name\":\"Club des Cent Cols\",\"description\":\"\",\"publisher\":{\"@id\":\"https:\/\/centcols.org\/#organization\"},\"potentialAction\":[{\"@type\":\"SearchAction\",\"target\":{\"@type\":\"EntryPoint\",\"urlTemplate\":\"https:\/\/centcols.org\/?s={search_term_string}\"},\"query-input\":{\"@type\":\"PropertyValueSpecification\",\"valueRequired\":true,\"valueName\":\"search_term_string\"}}],\"inLanguage\":\"it-IT\"},{\"@type\":\"Organization\",\"@id\":\"https:\/\/centcols.org\/#organization\",\"name\":\"Club des Cent Cols\",\"url\":\"https:\/\/centcols.org\/\",\"logo\":{\"@type\":\"ImageObject\",\"inLanguage\":\"it-IT\",\"@id\":\"https:\/\/centcols.org\/#\/schema\/logo\/image\/\",\"url\":\"https:\/\/centcols.org\/wp-content\/uploads\/2025\/01\/carte-icone.png\",\"contentUrl\":\"https:\/\/centcols.org\/wp-content\/uploads\/2025\/01\/carte-icone.png\",\"width\":250,\"height\":250,\"caption\":\"Club des Cent Cols\"},\"image\":{\"@id\":\"https:\/\/centcols.org\/#\/schema\/logo\/image\/\"},\"sameAs\":[\"https:\/\/www.facebook.com\/groups\/5261880558\/?locale=fr_FR\"]},{\"@type\":\"Person\",\"@id\":\"https:\/\/centcols.org\/#\/schema\/person\/911b404fb133d8c913dd27cdcf71c8e5\",\"name\":\"Webmestre\",\"image\":{\"@type\":\"ImageObject\",\"inLanguage\":\"it-IT\",\"@id\":\"https:\/\/centcols.org\/wp-content\/litespeed\/avatar\/2d246e4b6b4f773e08515e1ffc53690b.jpg?ver=1777222892\",\"url\":\"https:\/\/centcols.org\/wp-content\/litespeed\/avatar\/2d246e4b6b4f773e08515e1ffc53690b.jpg?ver=1777222892\",\"contentUrl\":\"https:\/\/centcols.org\/wp-content\/litespeed\/avatar\/2d246e4b6b4f773e08515e1ffc53690b.jpg?ver=1777222892\",\"caption\":\"Webmestre\"},\"url\":\"https:\/\/centcols.org\/it\/author\/webmestre\/\"}]}<\/script>\n<!-- \/ Yoast SEO plugin. -->","yoast_head_json":{"title":"DE-BW Foresta Nera Niederweiler sud - Sterrato 54 km, D+ 1550 m, 12 colli - Club des Cent Cols","robots":{"index":"index","follow":"follow","max-snippet":"max-snippet:-1","max-image-preview":"max-image-preview:large","max-video-preview":"max-video-preview:-1"},"canonical":"https:\/\/centcols.org\/it\/de-bw-foret-noire-niederweiler-sud-gravel\/","og_locale":"it_IT","og_type":"article","og_title":"DE-BW For\u00eat-Noire Niederweiler sud - Gravel 54 km, D+ 1550 m, 12 cols - Club des Cent Cols","og_description":"Description de l\u2019auteur Auteur : Jean-Luc CeccatoParcours : effectu\u00e9 le 11 juin 2022D\u00e9part : Niederweiler, sortie est de M\u00fcllheim, Weilertalstra\u00dfe le long de la rivi\u00e8re Weiler. Proche de l\u2019h\u00f4tel Wartek. Alt: 292 m. Descriptif touristique Niederweiler est situ\u00e9 \u00e0 l\u2019or\u00e9e de la For\u00eat-Noire. Le relief avoisinant, parcouru par ce circuit, offre de belles perspectives sur [&hellip;]","og_url":"https:\/\/centcols.org\/it\/de-bw-foret-noire-niederweiler-sud-gravel\/","og_site_name":"Club des Cent Cols","article_publisher":"https:\/\/www.facebook.com\/groups\/5261880558\/?locale=fr_FR","article_published_time":"2023-08-07T06:57:13+00:00","article_modified_time":"2026-04-22T16:56:12+00:00","og_image":[{"width":500,"height":375,"url":"https:\/\/centcols.org\/wp-content\/uploads\/2023\/08\/Nierdder-Sud-Banc-500x3751-1.jpg","type":"image\/jpeg"}],"author":"Webmestre","twitter_card":"summary_large_image","twitter_misc":{"Scritto da":"Webmestre","Tempo di lettura stimato":"5 minuti"},"schema":{"@context":"https:\/\/schema.org","@graph":[{"@type":"Article","@id":"https:\/\/centcols.org\/de-bw-foret-noire-niederweiler-sud-gravel\/#article","isPartOf":{"@id":"https:\/\/centcols.org\/de-bw-foret-noire-niederweiler-sud-gravel\/"},"author":{"name":"Webmestre","@id":"https:\/\/centcols.org\/#\/schema\/person\/911b404fb133d8c913dd27cdcf71c8e5"},"headline":"DE-BW For\u00eat-Noire Niederweiler sud &#8211; Gravel 54 km, D+ 1550 m, 12 cols","datePublished":"2023-08-07T06:57:13+00:00","dateModified":"2026-04-22T16:56:12+00:00","mainEntityOfPage":{"@id":"https:\/\/centcols.org\/de-bw-foret-noire-niederweiler-sud-gravel\/"},"wordCount":289,"commentCount":0,"publisher":{"@id":"https:\/\/centcols.org\/#organization"},"image":{"@id":"https:\/\/centcols.org\/de-bw-foret-noire-niederweiler-sud-gravel\/#primaryimage"},"thumbnailUrl":"https:\/\/centcols.org\/wp-content\/uploads\/2023\/08\/Nierdder-Sud-Banc-500x3751-1.jpg","articleSection":["Parcours Allemagne","Gravel","For\u00eat-Noire","Parcours membres"],"inLanguage":"it-IT","potentialAction":[{"@type":"CommentAction","name":"Comment","target":["https:\/\/centcols.org\/de-bw-foret-noire-niederweiler-sud-gravel\/#respond"]}]},{"@type":"WebPage","@id":"https:\/\/centcols.org\/de-bw-foret-noire-niederweiler-sud-gravel\/","url":"https:\/\/centcols.org\/de-bw-foret-noire-niederweiler-sud-gravel\/","name":"DE-BW Foresta Nera Niederweiler sud - Sterrato 54 km, D+ 1550 m, 12 colli - Club des Cent Cols","isPartOf":{"@id":"https:\/\/centcols.org\/#website"},"primaryImageOfPage":{"@id":"https:\/\/centcols.org\/de-bw-foret-noire-niederweiler-sud-gravel\/#primaryimage"},"image":{"@id":"https:\/\/centcols.org\/de-bw-foret-noire-niederweiler-sud-gravel\/#primaryimage"},"thumbnailUrl":"https:\/\/centcols.org\/wp-content\/uploads\/2023\/08\/Nierdder-Sud-Banc-500x3751-1.jpg","datePublished":"2023-08-07T06:57:13+00:00","dateModified":"2026-04-22T16:56:12+00:00","breadcrumb":{"@id":"https:\/\/centcols.org\/de-bw-foret-noire-niederweiler-sud-gravel\/#breadcrumb"},"inLanguage":"it-IT","potentialAction":[{"@type":"ReadAction","target":["https:\/\/centcols.org\/de-bw-foret-noire-niederweiler-sud-gravel\/"]}]},{"@type":"ImageObject","inLanguage":"it-IT","@id":"https:\/\/centcols.org\/de-bw-foret-noire-niederweiler-sud-gravel\/#primaryimage","url":"https:\/\/centcols.org\/wp-content\/uploads\/2023\/08\/Nierdder-Sud-Banc-500x3751-1.jpg","contentUrl":"https:\/\/centcols.org\/wp-content\/uploads\/2023\/08\/Nierdder-Sud-Banc-500x3751-1.jpg","width":500,"height":375},{"@type":"BreadcrumbList","@id":"https:\/\/centcols.org\/de-bw-foret-noire-niederweiler-sud-gravel\/#breadcrumb","itemListElement":[{"@type":"ListItem","position":1,"name":"Accueil","item":"https:\/\/centcols.org\/"},{"@type":"ListItem","position":2,"name":"Parcours membres","item":"https:\/\/centcols.org\/rubrique\/parcours-membres\/"},{"@type":"ListItem","position":3,"name":"Pays","item":"https:\/\/centcols.org\/rubrique\/parcours-membres\/pays-parcours-membres\/"},{"@type":"ListItem","position":4,"name":"Parcours Allemagne","item":"https:\/\/centcols.org\/rubrique\/parcours-membres\/pays-parcours-membres\/parcours-allemagne\/"},{"@type":"ListItem","position":5,"name":"DE-BW For\u00eat-Noire Niederweiler sud &#8211; Gravel 54 km, D+ 1550 m, 12 cols"}]},{"@type":"WebSite","@id":"https:\/\/centcols.org\/#website","url":"https:\/\/centcols.org\/","name":"Club des Cent Cols","description":"","publisher":{"@id":"https:\/\/centcols.org\/#organization"},"potentialAction":[{"@type":"SearchAction","target":{"@type":"EntryPoint","urlTemplate":"https:\/\/centcols.org\/?s={search_term_string}"},"query-input":{"@type":"PropertyValueSpecification","valueRequired":true,"valueName":"search_term_string"}}],"inLanguage":"it-IT"},{"@type":"Organization","@id":"https:\/\/centcols.org\/#organization","name":"Club des Cent Cols","url":"https:\/\/centcols.org\/","logo":{"@type":"ImageObject","inLanguage":"it-IT","@id":"https:\/\/centcols.org\/#\/schema\/logo\/image\/","url":"https:\/\/centcols.org\/wp-content\/uploads\/2025\/01\/carte-icone.png","contentUrl":"https:\/\/centcols.org\/wp-content\/uploads\/2025\/01\/carte-icone.png","width":250,"height":250,"caption":"Club des Cent Cols"},"image":{"@id":"https:\/\/centcols.org\/#\/schema\/logo\/image\/"},"sameAs":["https:\/\/www.facebook.com\/groups\/5261880558\/?locale=fr_FR"]},{"@type":"Person","@id":"https:\/\/centcols.org\/#\/schema\/person\/911b404fb133d8c913dd27cdcf71c8e5","name":"Webmaster","image":{"@type":"ImageObject","inLanguage":"it-IT","@id":"https:\/\/centcols.org\/wp-content\/litespeed\/avatar\/2d246e4b6b4f773e08515e1ffc53690b.jpg?ver=1777222892","url":"https:\/\/centcols.org\/wp-content\/litespeed\/avatar\/2d246e4b6b4f773e08515e1ffc53690b.jpg?ver=1777222892","contentUrl":"https:\/\/centcols.org\/wp-content\/litespeed\/avatar\/2d246e4b6b4f773e08515e1ffc53690b.jpg?ver=1777222892","caption":"Webmestre"},"url":"https:\/\/centcols.org\/it\/author\/webmestre\/"}]}},"_links":{"self":[{"href":"https:\/\/centcols.org\/it\/wp-json\/wp\/v2\/posts\/82474","targetHints":{"allow":["GET"]}}],"collection":[{"href":"https:\/\/centcols.org\/it\/wp-json\/wp\/v2\/posts"}],"about":[{"href":"https:\/\/centcols.org\/it\/wp-json\/wp\/v2\/types\/post"}],"author":[{"embeddable":true,"href":"https:\/\/centcols.org\/it\/wp-json\/wp\/v2\/users\/3"}],"replies":[{"embeddable":true,"href":"https:\/\/centcols.org\/it\/wp-json\/wp\/v2\/comments?post=82474"}],"version-history":[{"count":0,"href":"https:\/\/centcols.org\/it\/wp-json\/wp\/v2\/posts\/82474\/revisions"}],"wp:featuredmedia":[{"embeddable":true,"href":"https:\/\/centcols.org\/it\/wp-json\/wp\/v2\/media\/82872"}],"wp:attachment":[{"href":"https:\/\/centcols.org\/it\/wp-json\/wp\/v2\/media?parent=82474"}],"wp:term":[{"taxonomy":"category","embeddable":true,"href":"https:\/\/centcols.org\/it\/wp-json\/wp\/v2\/categories?post=82474"},{"taxonomy":"post_tag","embeddable":true,"href":"https:\/\/centcols.org\/it\/wp-json\/wp\/v2\/tags?post=82474"}],"curies":[{"name":"wp","href":"https:\/\/api.w.org\/{rel}","templated":true}]}}