{"id":82476,"date":"2023-08-06T09:12:10","date_gmt":"2023-08-06T07:12:10","guid":{"rendered":"https:\/\/centcols.org\/de-bw-foret-noire-oberrotweil-gravel-37-km-d-865-m-10-cols\/"},"modified":"2026-04-20T15:17:44","modified_gmt":"2026-04-20T13:17:44","slug":"ghiaia-di-bw-foret-noire-oberrotweil","status":"publish","type":"post","link":"https:\/\/centcols.org\/it\/de-bw-foret-noire-oberrotweil-gravel\/","title":{"rendered":"DE-BW Foresta Nera Oberrotweil - Ghiaia 37 km, D+ 860 m, 10 passaggi"},"content":{"rendered":"<iframe width=\"100%\" height=\"650\" loading=\"lazy\" src=\"https:\/\/www.openrunner.com\/embed\/4a30704c2b504e426571616649534c5966766a61514a674e7a35325450543661307067487835647534536f3d3a3acea49f67ae6a7f948fdace62b9490acd?unit=metric\" style=\"border: none;\"><\/iframe>\n\n\n\n<div style=\"height:30px\" aria-hidden=\"true\" class=\"wp-block-spacer\"><\/div>\n\n\n\n<h2 class=\"wp-block-heading\">Descrizione dell'autore<\/h2>\n\n\n\n<p><strong>Autore <\/strong>Jean-Luc Ceccato<br><strong>Corso <\/strong>da realizzare nel 2019 e nel 2020<br><strong>Partenza <\/strong>Posizione: Oberrotweil. Parcheggio gratuito sulla Hauptstra\u00dfe, appena fuori dal paese, in direzione est. Alt: 215 m.<\/p>\n\n\n\n<div style=\"height:30px\" aria-hidden=\"true\" class=\"wp-block-spacer\"><\/div>\n\n\n\n<h2 class=\"wp-block-heading\">Informazioni turistiche<\/h2>\n\n\n\n<p>Questo percorso vi porta intorno alla cresta del Kaiserstuhl (Sedia dell'Imperatore). Questo piccolo massiccio vicino al Reno \u00e8 un antico vulcano risalente all'epoca primaria. Ricoperto di vigneti, i suoi vini sono rinomati.\u00a0<br>Il percorso \u00e8 arricchito da numerosi punti panoramici che si affacciano sulle vicine montagne dei Vosgi a ovest, sulle colline dell'Alsazia, sulla valle del Reno e sul massiccio della Foresta Nera a est.<\/p>\n\n\n\n<div style=\"height:30px\" aria-hidden=\"true\" class=\"wp-block-spacer\"><\/div>\n\n\n\n<h2 class=\"wp-block-heading\">Specifiche tecniche<\/h2>\n\n\n\n<p>Questo percorso non \u00e8 difficile. Il percorso si snoda su circa 50% di buone piste rotabili e il resto su strade asfaltate.<br>L'accesso al primo passo, Eck DE-BW-0420a, richiede una breve spinta.<br>Come per la maggior parte dei percorsi nella Foresta Nera, ci sono spesso pendenze piuttosto elevate.<\/p>\n\n\n\n<div style=\"height:30px\" aria-hidden=\"true\" class=\"wp-block-spacer\"><\/div>\n\n\n\n<p><strong>10 collari<\/strong><\/p>\n\n\n\n<figure class=\"wp-block-table tableau-cols\"><table class=\"has-background\" style=\"background-color:#f0f0f0\"><tbody><tr><td>1 - Eck<\/td><td>420 m<\/td><td><a href=\"\/it\/util\/geo\/visuGen.php\/?code=DE-BW-0420a\" target=\"_blank\" rel=\"noreferrer noopener\">DE-BW-0420a<\/a><\/td><\/tr><tr><td>2 - Auf dem Eck<\/td><td>398 m<\/td><td><a href=\"\/it\/util\/geo\/visuGen.php\/?code=DE-BW-0398\" target=\"_blank\" rel=\"noreferrer noopener\">DE-BW-0398<\/a><\/td><\/tr><tr><td>3 - Amolterer Eck<\/td><td>439 m<\/td><td><a href=\"\/it\/util\/geo\/visuGen.php\/?code=DE-BW-0439d\" target=\"_blank\" rel=\"noreferrer noopener\">DE-BW-0439d<\/a><\/td><\/tr><tr><td>4 - Endinger Eck<\/td><td>430 m<\/td><td><a href=\"\/it\/util\/geo\/visuGen.php\/?code=DE-BW-0430b\" target=\"_blank\" rel=\"noreferrer noopener\">DE-BW-0430b<\/a><\/td><\/tr><tr><td>5 - Sch\u00f6nebene<\/td><td>457 m<\/td><td><a href=\"\/it\/util\/geo\/visuGen.php\/?code=DE-BW-0429\" target=\"_blank\" rel=\"noreferrer noopener\">DE-BW-0429<\/a><\/td><\/tr><tr><td>6 - Bahlinger Eck<\/td><td>446 m<\/td><td><a href=\"\/it\/util\/geo\/visuGen.php\/?code=DE-BW-0446a\" target=\"_blank\" rel=\"noreferrer noopener\">DE-BW-0446a<\/a><\/td><\/tr><tr><td>7 - Vogelsangpass<\/td><td>377 m<\/td><td><a href=\"\/it\/util\/geo\/visuGen.php\/?code=DE-BW-0346\" target=\"_blank\" rel=\"noreferrer noopener\">DE-BW-0346<\/a><\/td><\/tr><tr><td>8 - Adlerhorstsattel<\/td><td>483 m<\/td><td><a href=\"\/it\/util\/geo\/visuGen.php\/?code=DE-BW-0483a\" target=\"_blank\" rel=\"noreferrer noopener\">DE-BW-0483a<\/a><\/td><\/tr><tr><td>9 - Kreuzenbuckpass<\/td><td>336 m<\/td><td><a href=\"\/it\/util\/geo\/visuGen.php\/?code=DE-BW-0336\" target=\"_blank\" rel=\"noreferrer noopener\">DE-BW-0336<\/a><\/td><\/tr><tr><td>10 - Wilde Steige<\/td><td>330 m<\/td><td><a href=\"\/it\/util\/geo\/visuGen.php\/?code=DE-BW-0330\" target=\"_blank\" rel=\"noreferrer noopener\">DE-BW-0330<\/a><\/td><\/tr><\/tbody><\/table><\/figure>\n\n\n\n<p><strong>Parole chiave<\/strong> Foresta Nera, Oberrotweil, Kaiserstuhl, centole<\/p>\n\n\n\n<p>Link Openrunner, mappa interattiva, profilo, traccia : <a href=\"https:\/\/www.openrunner.com\/route-details\/16396816\" target=\"_blank\" rel=\"noreferrer noopener\">https:\/\/www.openrunner.com\/route-details\/16396816<\/a><\/p>\n\n\n\n<p>Questo itinerario \u00e8 offerto a titolo puramente indicativo. L'autore non si assume alcuna responsabilit\u00e0, n\u00e9 quella del Club des Cent Cols, per eventuali imponderabilit\u00e0 dovute al ciclista stesso, all'equipaggiamento utilizzato o a qualsiasi cosa abbia a che fare con la strada, le piste e i sentieri, i loro dintorni o altri utenti.<\/p>\n\n\n\n<div style=\"height:30px\" aria-hidden=\"true\" class=\"wp-block-spacer\"><\/div>\n\n\n\n<h2 class=\"wp-block-heading\">Foto<\/h2>\n\n\n\n<figure class=\"wp-block-gallery has-nested-images columns-default is-cropped wp-block-gallery-1 is-layout-flex wp-block-gallery-is-layout-flex\">\n<figure class=\"wp-block-image size-large\"><a href=\"https:\/\/centcols.org\/wp-content\/uploads\/2023\/08\/2NoaqmIGoE8Hw2FnhimqXYlqb2S1.jpg\"><img loading=\"lazy\" decoding=\"async\" width=\"750\" height=\"966\" data-id=\"89868\" src=\"https:\/\/centcols.org\/wp-content\/uploads\/2023\/08\/2NoaqmIGoE8Hw2FnhimqXYlqb2S1.jpg\" alt=\"\" class=\"wp-image-89868\" srcset=\"https:\/\/centcols.org\/wp-content\/uploads\/2023\/08\/2NoaqmIGoE8Hw2FnhimqXYlqb2S1.jpg 750w, https:\/\/centcols.org\/wp-content\/uploads\/2023\/08\/2NoaqmIGoE8Hw2FnhimqXYlqb2S1-9x12.jpg 9w\" sizes=\"auto, (max-width: 750px) 100vw, 750px\" \/><\/a><figcaption class=\"wp-element-caption\">Attenzione!<\/figcaption><\/figure>\n\n\n\n<figure class=\"wp-block-image size-large\"><a href=\"https:\/\/centcols.org\/wp-content\/uploads\/2023\/08\/image-118.jpeg\"><img loading=\"lazy\" decoding=\"async\" width=\"800\" height=\"384\" data-id=\"95498\" src=\"https:\/\/centcols.org\/wp-content\/uploads\/2023\/08\/image-118.jpeg\" alt=\"\" class=\"wp-image-95498\" srcset=\"https:\/\/centcols.org\/wp-content\/uploads\/2023\/08\/image-118.jpeg 800w, https:\/\/centcols.org\/wp-content\/uploads\/2023\/08\/image-118-768x369.jpeg 768w, https:\/\/centcols.org\/wp-content\/uploads\/2023\/08\/image-118-18x9.jpeg 18w\" sizes=\"auto, (max-width: 800px) 100vw, 800px\" \/><\/a><figcaption class=\"wp-element-caption\">Auf dem Eck - pendio esposto a sud<\/figcaption><\/figure>\n\n\n\n<figure class=\"wp-block-image size-large\"><a href=\"https:\/\/centcols.org\/wp-content\/uploads\/2023\/08\/image-119.jpeg\"><img loading=\"lazy\" decoding=\"async\" width=\"800\" height=\"559\" data-id=\"95499\" src=\"https:\/\/centcols.org\/wp-content\/uploads\/2023\/08\/image-119.jpeg\" alt=\"\" class=\"wp-image-95499\" srcset=\"https:\/\/centcols.org\/wp-content\/uploads\/2023\/08\/image-119.jpeg 800w, https:\/\/centcols.org\/wp-content\/uploads\/2023\/08\/image-119-768x537.jpeg 768w, https:\/\/centcols.org\/wp-content\/uploads\/2023\/08\/image-119-18x12.jpeg 18w\" sizes=\"auto, (max-width: 800px) 100vw, 800px\" \/><\/a><figcaption class=\"wp-element-caption\">Bahlinger Eck<\/figcaption><\/figure>\n\n\n\n<figure class=\"wp-block-image size-large\"><a href=\"https:\/\/centcols.org\/wp-content\/uploads\/2023\/08\/image-120.jpeg\"><img loading=\"lazy\" decoding=\"async\" width=\"706\" height=\"541\" data-id=\"95500\" src=\"https:\/\/centcols.org\/wp-content\/uploads\/2023\/08\/image-120.jpeg\" alt=\"\" class=\"wp-image-95500\" srcset=\"https:\/\/centcols.org\/wp-content\/uploads\/2023\/08\/image-120.jpeg 706w, https:\/\/centcols.org\/wp-content\/uploads\/2023\/08\/image-120-16x12.jpeg 16w\" sizes=\"auto, (max-width: 706px) 100vw, 706px\" \/><\/a><figcaption class=\"wp-element-caption\">Adlerhorstsattel<\/figcaption><\/figure>\n\n\n\n<figure class=\"wp-block-image size-large\"><a href=\"https:\/\/centcols.org\/wp-content\/uploads\/2023\/08\/image-121.jpeg\"><img loading=\"lazy\" decoding=\"async\" width=\"800\" height=\"573\" data-id=\"95501\" src=\"https:\/\/centcols.org\/wp-content\/uploads\/2023\/08\/image-121.jpeg\" alt=\"\" class=\"wp-image-95501\" srcset=\"https:\/\/centcols.org\/wp-content\/uploads\/2023\/08\/image-121.jpeg 800w, https:\/\/centcols.org\/wp-content\/uploads\/2023\/08\/image-121-768x550.jpeg 768w, https:\/\/centcols.org\/wp-content\/uploads\/2023\/08\/image-121-18x12.jpeg 18w\" sizes=\"auto, (max-width: 800px) 100vw, 800px\" \/><\/a><figcaption class=\"wp-element-caption\">Kreuzenbuckpass<\/figcaption><\/figure>\n<\/figure>","protected":false},"excerpt":{"rendered":"<p>Description de l\u2019auteur Auteur : Jean-Luc CeccatoParcours : effectu\u00e9 en 2019 et 2020D\u00e9part : Oberrotweil. Parking gratuit sur la Hauptstra\u00dfe,\u00a0\u00e0 la sortie du village direction est. Alt\u00a0:\u00a0215\u00a0m. Descriptif touristique Ce parcours fait le tour de la cr\u00eate du Kaiserstuhl (La chaise de l\u2019Empereur). Ce petit massif proche du Rhin est un vieux volcan datant de [&hellip;]<\/p>\n","protected":false},"author":3,"featured_media":82477,"comment_status":"open","ping_status":"open","sticky":false,"template":"","format":"standard","meta":{"_acf_changed":false,"footnotes":""},"categories":[302,320,323,220],"tags":[],"class_list":["post-82476","post","type-post","status-publish","format-standard","has-post-thumbnail","hentry","category-parcours-allemagne","category-gravel-type-parcours","category-foret-noire-massif-parcours-membres","category-parcours-membres"],"acf":[],"yoast_head":"<!-- This site is optimized with the Yoast SEO plugin v27.2 - https:\/\/yoast.com\/product\/yoast-seo-wordpress\/ -->\n<title>DE-BW For\u00eat-Noire Oberrotweil - Gravel 37 km, D+ 860 m, 10 cols - Club des Cent Cols<\/title>\n<meta name=\"robots\" content=\"index, follow, max-snippet:-1, max-image-preview:large, max-video-preview:-1\" \/>\n<link rel=\"canonical\" href=\"https:\/\/centcols.org\/it\/ghiaia-di-bw-foret-noire-oberrotweil\/\" \/>\n<meta property=\"og:locale\" content=\"it_IT\" \/>\n<meta property=\"og:type\" content=\"article\" \/>\n<meta property=\"og:title\" content=\"DE-BW For\u00eat-Noire Oberrotweil - Gravel 37 km, D+ 860 m, 10 cols - Club des Cent Cols\" \/>\n<meta property=\"og:description\" content=\"Description de l\u2019auteur Auteur : Jean-Luc CeccatoParcours : effectu\u00e9 en 2019 et 2020D\u00e9part : Oberrotweil. Parking gratuit sur la Hauptstra\u00dfe,\u00a0\u00e0 la sortie du village direction est. Alt\u00a0:\u00a0215\u00a0m. Descriptif touristique Ce parcours fait le tour de la cr\u00eate du Kaiserstuhl (La chaise de l\u2019Empereur). Ce petit massif proche du Rhin est un vieux volcan datant de [&hellip;]\" \/>\n<meta property=\"og:url\" content=\"https:\/\/centcols.org\/it\/ghiaia-di-bw-foret-noire-oberrotweil\/\" \/>\n<meta property=\"og:site_name\" content=\"Club des Cent Cols\" \/>\n<meta property=\"article:publisher\" content=\"https:\/\/www.facebook.com\/groups\/5261880558\/?locale=fr_FR\" \/>\n<meta property=\"article:published_time\" content=\"2023-08-06T07:12:10+00:00\" \/>\n<meta property=\"article:modified_time\" content=\"2026-04-20T13:17:44+00:00\" \/>\n<meta property=\"og:image\" content=\"https:\/\/centcols.org\/wp-content\/uploads\/2025\/05\/2NoaqmIGoE8Hw2FnhimqXYlqb2S.jpg\" \/>\n\t<meta property=\"og:image:width\" content=\"750\" \/>\n\t<meta property=\"og:image:height\" content=\"966\" \/>\n\t<meta property=\"og:image:type\" content=\"image\/jpeg\" \/>\n<meta name=\"author\" content=\"Webmestre\" \/>\n<meta name=\"twitter:card\" content=\"summary_large_image\" \/>\n<meta name=\"twitter:label1\" content=\"Scritto da\" \/>\n\t<meta name=\"twitter:data1\" content=\"Webmestre\" \/>\n\t<meta name=\"twitter:label2\" content=\"Tempo di lettura stimato\" \/>\n\t<meta name=\"twitter:data2\" content=\"3 minuti\" \/>\n<script type=\"application\/ld+json\" class=\"yoast-schema-graph\">{\"@context\":\"https:\/\/schema.org\",\"@graph\":[{\"@type\":\"Article\",\"@id\":\"https:\/\/centcols.org\/de-bw-foret-noire-oberrotweil-gravel\/#article\",\"isPartOf\":{\"@id\":\"https:\/\/centcols.org\/de-bw-foret-noire-oberrotweil-gravel\/\"},\"author\":{\"name\":\"Webmestre\",\"@id\":\"https:\/\/centcols.org\/#\/schema\/person\/911b404fb133d8c913dd27cdcf71c8e5\"},\"headline\":\"DE-BW For\u00eat-Noire Oberrotweil &#8211; Gravel 37 km, D+ 860 m, 10 cols\",\"datePublished\":\"2023-08-06T07:12:10+00:00\",\"dateModified\":\"2026-04-20T13:17:44+00:00\",\"mainEntityOfPage\":{\"@id\":\"https:\/\/centcols.org\/de-bw-foret-noire-oberrotweil-gravel\/\"},\"wordCount\":307,\"commentCount\":0,\"publisher\":{\"@id\":\"https:\/\/centcols.org\/#organization\"},\"image\":{\"@id\":\"https:\/\/centcols.org\/de-bw-foret-noire-oberrotweil-gravel\/#primaryimage\"},\"thumbnailUrl\":\"https:\/\/centcols.org\/wp-content\/uploads\/2025\/05\/2NoaqmIGoE8Hw2FnhimqXYlqb2S.jpg\",\"articleSection\":[\"Parcours Allemagne\",\"Gravel\",\"For\u00eat-Noire\",\"Parcours membres\"],\"inLanguage\":\"it-IT\",\"potentialAction\":[{\"@type\":\"CommentAction\",\"name\":\"Comment\",\"target\":[\"https:\/\/centcols.org\/de-bw-foret-noire-oberrotweil-gravel\/#respond\"]}]},{\"@type\":\"WebPage\",\"@id\":\"https:\/\/centcols.org\/de-bw-foret-noire-oberrotweil-gravel\/\",\"url\":\"https:\/\/centcols.org\/de-bw-foret-noire-oberrotweil-gravel\/\",\"name\":\"DE-BW For\u00eat-Noire Oberrotweil - Gravel 37 km, D+ 860 m, 10 cols - Club des Cent Cols\",\"isPartOf\":{\"@id\":\"https:\/\/centcols.org\/#website\"},\"primaryImageOfPage\":{\"@id\":\"https:\/\/centcols.org\/de-bw-foret-noire-oberrotweil-gravel\/#primaryimage\"},\"image\":{\"@id\":\"https:\/\/centcols.org\/de-bw-foret-noire-oberrotweil-gravel\/#primaryimage\"},\"thumbnailUrl\":\"https:\/\/centcols.org\/wp-content\/uploads\/2025\/05\/2NoaqmIGoE8Hw2FnhimqXYlqb2S.jpg\",\"datePublished\":\"2023-08-06T07:12:10+00:00\",\"dateModified\":\"2026-04-20T13:17:44+00:00\",\"breadcrumb\":{\"@id\":\"https:\/\/centcols.org\/de-bw-foret-noire-oberrotweil-gravel\/#breadcrumb\"},\"inLanguage\":\"it-IT\",\"potentialAction\":[{\"@type\":\"ReadAction\",\"target\":[\"https:\/\/centcols.org\/de-bw-foret-noire-oberrotweil-gravel\/\"]}]},{\"@type\":\"ImageObject\",\"inLanguage\":\"it-IT\",\"@id\":\"https:\/\/centcols.org\/de-bw-foret-noire-oberrotweil-gravel\/#primaryimage\",\"url\":\"https:\/\/centcols.org\/wp-content\/uploads\/2025\/05\/2NoaqmIGoE8Hw2FnhimqXYlqb2S.jpg\",\"contentUrl\":\"https:\/\/centcols.org\/wp-content\/uploads\/2025\/05\/2NoaqmIGoE8Hw2FnhimqXYlqb2S.jpg\",\"width\":750,\"height\":966},{\"@type\":\"BreadcrumbList\",\"@id\":\"https:\/\/centcols.org\/de-bw-foret-noire-oberrotweil-gravel\/#breadcrumb\",\"itemListElement\":[{\"@type\":\"ListItem\",\"position\":1,\"name\":\"Accueil\",\"item\":\"https:\/\/centcols.org\/\"},{\"@type\":\"ListItem\",\"position\":2,\"name\":\"Parcours membres\",\"item\":\"https:\/\/centcols.org\/rubrique\/parcours-membres\/\"},{\"@type\":\"ListItem\",\"position\":3,\"name\":\"Pays\",\"item\":\"https:\/\/centcols.org\/rubrique\/parcours-membres\/pays-parcours-membres\/\"},{\"@type\":\"ListItem\",\"position\":4,\"name\":\"Parcours Allemagne\",\"item\":\"https:\/\/centcols.org\/rubrique\/parcours-membres\/pays-parcours-membres\/parcours-allemagne\/\"},{\"@type\":\"ListItem\",\"position\":5,\"name\":\"DE-BW For\u00eat-Noire Oberrotweil &#8211; Gravel 37 km, D+ 860 m, 10 cols\"}]},{\"@type\":\"WebSite\",\"@id\":\"https:\/\/centcols.org\/#website\",\"url\":\"https:\/\/centcols.org\/\",\"name\":\"Club des Cent Cols\",\"description\":\"\",\"publisher\":{\"@id\":\"https:\/\/centcols.org\/#organization\"},\"potentialAction\":[{\"@type\":\"SearchAction\",\"target\":{\"@type\":\"EntryPoint\",\"urlTemplate\":\"https:\/\/centcols.org\/?s={search_term_string}\"},\"query-input\":{\"@type\":\"PropertyValueSpecification\",\"valueRequired\":true,\"valueName\":\"search_term_string\"}}],\"inLanguage\":\"it-IT\"},{\"@type\":\"Organization\",\"@id\":\"https:\/\/centcols.org\/#organization\",\"name\":\"Club des Cent Cols\",\"url\":\"https:\/\/centcols.org\/\",\"logo\":{\"@type\":\"ImageObject\",\"inLanguage\":\"it-IT\",\"@id\":\"https:\/\/centcols.org\/#\/schema\/logo\/image\/\",\"url\":\"https:\/\/centcols.org\/wp-content\/uploads\/2025\/01\/carte-icone.png\",\"contentUrl\":\"https:\/\/centcols.org\/wp-content\/uploads\/2025\/01\/carte-icone.png\",\"width\":250,\"height\":250,\"caption\":\"Club des Cent Cols\"},\"image\":{\"@id\":\"https:\/\/centcols.org\/#\/schema\/logo\/image\/\"},\"sameAs\":[\"https:\/\/www.facebook.com\/groups\/5261880558\/?locale=fr_FR\"]},{\"@type\":\"Person\",\"@id\":\"https:\/\/centcols.org\/#\/schema\/person\/911b404fb133d8c913dd27cdcf71c8e5\",\"name\":\"Webmestre\",\"image\":{\"@type\":\"ImageObject\",\"inLanguage\":\"it-IT\",\"@id\":\"https:\/\/centcols.org\/wp-content\/litespeed\/avatar\/2d246e4b6b4f773e08515e1ffc53690b.jpg?ver=1777222892\",\"url\":\"https:\/\/centcols.org\/wp-content\/litespeed\/avatar\/2d246e4b6b4f773e08515e1ffc53690b.jpg?ver=1777222892\",\"contentUrl\":\"https:\/\/centcols.org\/wp-content\/litespeed\/avatar\/2d246e4b6b4f773e08515e1ffc53690b.jpg?ver=1777222892\",\"caption\":\"Webmestre\"},\"url\":\"https:\/\/centcols.org\/it\/author\/webmestre\/\"}]}<\/script>\n<!-- \/ Yoast SEO plugin. -->","yoast_head_json":{"title":"DE-BW Foresta Nera Oberrotweil - Sterrato 37 km, D+ 860 m, 10 passi - Club des Cent Cols","robots":{"index":"index","follow":"follow","max-snippet":"max-snippet:-1","max-image-preview":"max-image-preview:large","max-video-preview":"max-video-preview:-1"},"canonical":"https:\/\/centcols.org\/it\/ghiaia-di-bw-foret-noire-oberrotweil\/","og_locale":"it_IT","og_type":"article","og_title":"DE-BW For\u00eat-Noire Oberrotweil - Gravel 37 km, D+ 860 m, 10 cols - Club des Cent Cols","og_description":"Description de l\u2019auteur Auteur : Jean-Luc CeccatoParcours : effectu\u00e9 en 2019 et 2020D\u00e9part : Oberrotweil. Parking gratuit sur la Hauptstra\u00dfe,\u00a0\u00e0 la sortie du village direction est. Alt\u00a0:\u00a0215\u00a0m. Descriptif touristique Ce parcours fait le tour de la cr\u00eate du Kaiserstuhl (La chaise de l\u2019Empereur). Ce petit massif proche du Rhin est un vieux volcan datant de [&hellip;]","og_url":"https:\/\/centcols.org\/it\/ghiaia-di-bw-foret-noire-oberrotweil\/","og_site_name":"Club des Cent Cols","article_publisher":"https:\/\/www.facebook.com\/groups\/5261880558\/?locale=fr_FR","article_published_time":"2023-08-06T07:12:10+00:00","article_modified_time":"2026-04-20T13:17:44+00:00","og_image":[{"width":750,"height":966,"url":"https:\/\/centcols.org\/wp-content\/uploads\/2025\/05\/2NoaqmIGoE8Hw2FnhimqXYlqb2S.jpg","type":"image\/jpeg"}],"author":"Webmestre","twitter_card":"summary_large_image","twitter_misc":{"Scritto da":"Webmestre","Tempo di lettura stimato":"3 minuti"},"schema":{"@context":"https:\/\/schema.org","@graph":[{"@type":"Article","@id":"https:\/\/centcols.org\/de-bw-foret-noire-oberrotweil-gravel\/#article","isPartOf":{"@id":"https:\/\/centcols.org\/de-bw-foret-noire-oberrotweil-gravel\/"},"author":{"name":"Webmestre","@id":"https:\/\/centcols.org\/#\/schema\/person\/911b404fb133d8c913dd27cdcf71c8e5"},"headline":"DE-BW For\u00eat-Noire Oberrotweil &#8211; Gravel 37 km, D+ 860 m, 10 cols","datePublished":"2023-08-06T07:12:10+00:00","dateModified":"2026-04-20T13:17:44+00:00","mainEntityOfPage":{"@id":"https:\/\/centcols.org\/de-bw-foret-noire-oberrotweil-gravel\/"},"wordCount":307,"commentCount":0,"publisher":{"@id":"https:\/\/centcols.org\/#organization"},"image":{"@id":"https:\/\/centcols.org\/de-bw-foret-noire-oberrotweil-gravel\/#primaryimage"},"thumbnailUrl":"https:\/\/centcols.org\/wp-content\/uploads\/2025\/05\/2NoaqmIGoE8Hw2FnhimqXYlqb2S.jpg","articleSection":["Parcours Allemagne","Gravel","For\u00eat-Noire","Parcours membres"],"inLanguage":"it-IT","potentialAction":[{"@type":"CommentAction","name":"Comment","target":["https:\/\/centcols.org\/de-bw-foret-noire-oberrotweil-gravel\/#respond"]}]},{"@type":"WebPage","@id":"https:\/\/centcols.org\/de-bw-foret-noire-oberrotweil-gravel\/","url":"https:\/\/centcols.org\/de-bw-foret-noire-oberrotweil-gravel\/","name":"DE-BW Foresta Nera Oberrotweil - Sterrato 37 km, D+ 860 m, 10 passi - Club des Cent Cols","isPartOf":{"@id":"https:\/\/centcols.org\/#website"},"primaryImageOfPage":{"@id":"https:\/\/centcols.org\/de-bw-foret-noire-oberrotweil-gravel\/#primaryimage"},"image":{"@id":"https:\/\/centcols.org\/de-bw-foret-noire-oberrotweil-gravel\/#primaryimage"},"thumbnailUrl":"https:\/\/centcols.org\/wp-content\/uploads\/2025\/05\/2NoaqmIGoE8Hw2FnhimqXYlqb2S.jpg","datePublished":"2023-08-06T07:12:10+00:00","dateModified":"2026-04-20T13:17:44+00:00","breadcrumb":{"@id":"https:\/\/centcols.org\/de-bw-foret-noire-oberrotweil-gravel\/#breadcrumb"},"inLanguage":"it-IT","potentialAction":[{"@type":"ReadAction","target":["https:\/\/centcols.org\/de-bw-foret-noire-oberrotweil-gravel\/"]}]},{"@type":"ImageObject","inLanguage":"it-IT","@id":"https:\/\/centcols.org\/de-bw-foret-noire-oberrotweil-gravel\/#primaryimage","url":"https:\/\/centcols.org\/wp-content\/uploads\/2025\/05\/2NoaqmIGoE8Hw2FnhimqXYlqb2S.jpg","contentUrl":"https:\/\/centcols.org\/wp-content\/uploads\/2025\/05\/2NoaqmIGoE8Hw2FnhimqXYlqb2S.jpg","width":750,"height":966},{"@type":"BreadcrumbList","@id":"https:\/\/centcols.org\/de-bw-foret-noire-oberrotweil-gravel\/#breadcrumb","itemListElement":[{"@type":"ListItem","position":1,"name":"Accueil","item":"https:\/\/centcols.org\/"},{"@type":"ListItem","position":2,"name":"Parcours membres","item":"https:\/\/centcols.org\/rubrique\/parcours-membres\/"},{"@type":"ListItem","position":3,"name":"Pays","item":"https:\/\/centcols.org\/rubrique\/parcours-membres\/pays-parcours-membres\/"},{"@type":"ListItem","position":4,"name":"Parcours Allemagne","item":"https:\/\/centcols.org\/rubrique\/parcours-membres\/pays-parcours-membres\/parcours-allemagne\/"},{"@type":"ListItem","position":5,"name":"DE-BW For\u00eat-Noire Oberrotweil &#8211; Gravel 37 km, D+ 860 m, 10 cols"}]},{"@type":"WebSite","@id":"https:\/\/centcols.org\/#website","url":"https:\/\/centcols.org\/","name":"Club des Cent Cols","description":"","publisher":{"@id":"https:\/\/centcols.org\/#organization"},"potentialAction":[{"@type":"SearchAction","target":{"@type":"EntryPoint","urlTemplate":"https:\/\/centcols.org\/?s={search_term_string}"},"query-input":{"@type":"PropertyValueSpecification","valueRequired":true,"valueName":"search_term_string"}}],"inLanguage":"it-IT"},{"@type":"Organization","@id":"https:\/\/centcols.org\/#organization","name":"Club des Cent Cols","url":"https:\/\/centcols.org\/","logo":{"@type":"ImageObject","inLanguage":"it-IT","@id":"https:\/\/centcols.org\/#\/schema\/logo\/image\/","url":"https:\/\/centcols.org\/wp-content\/uploads\/2025\/01\/carte-icone.png","contentUrl":"https:\/\/centcols.org\/wp-content\/uploads\/2025\/01\/carte-icone.png","width":250,"height":250,"caption":"Club des Cent Cols"},"image":{"@id":"https:\/\/centcols.org\/#\/schema\/logo\/image\/"},"sameAs":["https:\/\/www.facebook.com\/groups\/5261880558\/?locale=fr_FR"]},{"@type":"Person","@id":"https:\/\/centcols.org\/#\/schema\/person\/911b404fb133d8c913dd27cdcf71c8e5","name":"Webmaster","image":{"@type":"ImageObject","inLanguage":"it-IT","@id":"https:\/\/centcols.org\/wp-content\/litespeed\/avatar\/2d246e4b6b4f773e08515e1ffc53690b.jpg?ver=1777222892","url":"https:\/\/centcols.org\/wp-content\/litespeed\/avatar\/2d246e4b6b4f773e08515e1ffc53690b.jpg?ver=1777222892","contentUrl":"https:\/\/centcols.org\/wp-content\/litespeed\/avatar\/2d246e4b6b4f773e08515e1ffc53690b.jpg?ver=1777222892","caption":"Webmestre"},"url":"https:\/\/centcols.org\/it\/author\/webmestre\/"}]}},"_links":{"self":[{"href":"https:\/\/centcols.org\/it\/wp-json\/wp\/v2\/posts\/82476","targetHints":{"allow":["GET"]}}],"collection":[{"href":"https:\/\/centcols.org\/it\/wp-json\/wp\/v2\/posts"}],"about":[{"href":"https:\/\/centcols.org\/it\/wp-json\/wp\/v2\/types\/post"}],"author":[{"embeddable":true,"href":"https:\/\/centcols.org\/it\/wp-json\/wp\/v2\/users\/3"}],"replies":[{"embeddable":true,"href":"https:\/\/centcols.org\/it\/wp-json\/wp\/v2\/comments?post=82476"}],"version-history":[{"count":0,"href":"https:\/\/centcols.org\/it\/wp-json\/wp\/v2\/posts\/82476\/revisions"}],"wp:featuredmedia":[{"embeddable":true,"href":"https:\/\/centcols.org\/it\/wp-json\/wp\/v2\/media\/82477"}],"wp:attachment":[{"href":"https:\/\/centcols.org\/it\/wp-json\/wp\/v2\/media?parent=82476"}],"wp:term":[{"taxonomy":"category","embeddable":true,"href":"https:\/\/centcols.org\/it\/wp-json\/wp\/v2\/categories?post=82476"},{"taxonomy":"post_tag","embeddable":true,"href":"https:\/\/centcols.org\/it\/wp-json\/wp\/v2\/tags?post=82476"}],"curies":[{"name":"wp","href":"https:\/\/api.w.org\/{rel}","templated":true}]}}