{"id":82480,"date":"2023-08-05T12:30:32","date_gmt":"2023-08-05T10:30:32","guid":{"rendered":"https:\/\/centcols.org\/de-bw-foret-noire-oppenau-gravel-62-km-d2022-m-17-cols\/"},"modified":"2026-04-23T18:53:24","modified_gmt":"2026-04-23T16:53:24","slug":"ghiaia-di-bw-foret-noire-oppenau","status":"publish","type":"post","link":"https:\/\/centcols.org\/it\/de-bw-foret-noire-oppenau-gravel\/","title":{"rendered":"DE-BW Foresta Nera Oppenau - Ghiaia 62 km, D+ 2020 m, 17 passaggi"},"content":{"rendered":"<iframe width=\"100%\" height=\"650\" loading=\"lazy\" src=\"https:\/\/www.openrunner.com\/embed\/747542396837573748744b39737755564642564f307133767a78443975386c624c307a516432554f7a6c553d3a3a858f5cbc72719690f8e4239badb78342?unit=metric\" style=\"border: none;\"><\/iframe>\n\n\n\n<div style=\"height:30px\" aria-hidden=\"true\" class=\"wp-block-spacer\"><\/div>\n\n\n\n<h2 class=\"wp-block-heading\">Descrizione dell'autore<\/h2>\n\n\n\n<p><strong>Autore <\/strong>Jean-Luc Ceccato<br><strong>Corso <\/strong>da effettuarsi nell'ottobre 2019<br><strong>Partenza <\/strong>In Germania, i parcheggi sono spesso dotati di dischi blu o sono a pagamento. A Oppenau, parcheggiate nel piccolo parcheggio gratuito al centro della Bahnhofstra\u00dfe. Alt: 277 m.<\/p>\n\n\n\n<div style=\"height:30px\" aria-hidden=\"true\" class=\"wp-block-spacer\"><\/div>\n\n\n\n<h2 class=\"wp-block-heading\">Informazioni turistiche<\/h2>\n\n\n\n<p>Lungo il percorso si trovano numerosi punti panoramici, in particolare presso lo Sch\u00e4fersfeldpass DE-BW-0752a.<\/p>\n\n\n\n<div style=\"height:30px\" aria-hidden=\"true\" class=\"wp-block-spacer\"><\/div>\n\n\n\n<h2 class=\"wp-block-heading\">Specifiche tecniche<\/h2>\n\n\n\n<p>Il percorso non \u00e8 difficile: 40% di strade asfaltate e il resto su bei sentieri ondulati.<br>L'unica parte del percorso che richiede di spingere la bicicletta \u00e8 alla fine di Oppenau al km 32 per circa 500 m, poi si passa una fattoria e si deve prendere un sentiero erboso molto percorribile che sale fino a ritrovare una pista, e si sale al passo Gehreckle DE-BW-0510 al ritorno.<br>Come per la maggior parte dei percorsi nella Foresta Nera, ci sono spesso pendenze piuttosto elevate.<br>Il percorso a due anelli consente di tornare a Oppenau e fare rifornimento, in modo da non dover fare il pieno di acqua e cibo per la prima parte.<\/p>\n\n\n\n<div style=\"height:30px\" aria-hidden=\"true\" class=\"wp-block-spacer\"><\/div>\n\n\n\n<p><strong>17 collari<\/strong><\/p>\n\n\n\n<figure class=\"wp-block-table tableau-cols\"><table class=\"has-background\" style=\"background-color:#f0f0f0\"><tbody><tr><td>1 - Kleinebene<\/td><td>394 m<\/td><td><a href=\"\/it\/util\/geo\/visuGen.php\/?code=DE-BW-0405\" target=\"_blank\" rel=\"noreferrer noopener\">DE-BW-0405<\/a><\/td><\/tr><tr><td>2 - Hochebene<\/td><td>514 m<\/td><td><a href=\"\/it\/util\/geo\/visuGen.php\/?code=DE-BW-0514\" target=\"_blank\" rel=\"noreferrer noopener\">DE-BW-0514<\/a><\/td><\/tr><tr><td>3 - Collo di cavallo<\/td><td>466 m<\/td><td><a href=\"\/it\/util\/geo\/visuGen.php\/?code=DE-BW-0466\" target=\"_blank\" rel=\"noreferrer noopener\">DE-BW-0466<\/a><\/td><\/tr><tr><td>4 - Kleine Steig<\/td><td>653 m<\/td><td><a href=\"\/it\/util\/geo\/visuGen.php\/?code=DE-BW-0643\" target=\"_blank\" rel=\"noreferrer noopener\">DE-BW-0643<\/a><\/td><\/tr><tr><td>5 - Paliseck<\/td><td>621 m<\/td><td><a href=\"\/it\/util\/geo\/visuGen.php\/?code=DE-BW-0621\" target=\"_blank\" rel=\"noreferrer noopener\">DE-BW-0621<\/a><\/td><\/tr><tr><td>6 - Horneck<\/td><td>761 m<\/td><td><a href=\"\/it\/util\/geo\/visuGen.php\/?code=DE-BW-0761a\" target=\"_blank\" rel=\"noreferrer noopener\">DE-BW-0761a<\/a><\/td><\/tr><tr><td>7 - Kohlgrube<\/td><td>907 m<\/td><td><a href=\"\/it\/util\/geo\/visuGen.php\/?code=DE-BW-0907\" target=\"_blank\" rel=\"noreferrer noopener\">DE-BW-0907<\/a><\/td><\/tr><tr><td>8 - Rohrenbachereck<\/td><td>756 m<\/td><td><a href=\"\/it\/util\/geo\/visuGen.php\/?code=DE-BW-0756\" target=\"_blank\" rel=\"noreferrer noopener\">DE-BW-0756<\/a><\/td><\/tr><tr><td>9 - M\u00fcllerbauerneck<\/td><td>689 m<\/td><td><a href=\"\/it\/util\/geo\/visuGen.php\/?code=DE-BW-0689\" target=\"_blank\" rel=\"noreferrer noopener\">DE-BW-0689<\/a><\/td><\/tr><tr><td>10 - Gehreckle<\/td><td>510 m<\/td><td><a href=\"\/it\/util\/geo\/visuGen.php\/?code=DE-BW-0510\" target=\"_blank\" rel=\"noreferrer noopener\">DE-BW-0510<\/a><\/td><\/tr><tr><td>11 - Weberseck<\/td><td>590 m<\/td><td><a href=\"\/it\/util\/geo\/visuGen.php\/?code=DE-BW-0590\" target=\"_blank\" rel=\"noreferrer noopener\">DE-BW-0590<\/a><\/td><\/tr><tr><td>12 - Wassereck<\/td><td>629 m<\/td><td><a href=\"\/it\/util\/geo\/visuGen.php\/?code=DE-BW-0629\" target=\"_blank\" rel=\"noreferrer noopener\">DE-BW-0629<\/a><\/td><\/tr><tr><td>13 - Albergo Braunbergsattel<\/td><td>743 m<\/td><td><a href=\"\/it\/util\/geo\/visuGen.php\/?code=DE-BW-0743\" target=\"_blank\" rel=\"noreferrer noopener\">DE-BW-0743<\/a><\/td><\/tr><tr><td>14 - Bolleck<\/td><td>604 m<\/td><td><a href=\"\/it\/util\/geo\/visuGen.php\/?code=DE-BW-0604\" target=\"_blank\" rel=\"noreferrer noopener\">DE-BW-0604<\/a><\/td><\/tr><tr><td>15 - Passo Sch\u00e4fersfeld<\/td><td>752 m<\/td><td><a href=\"\/it\/util\/geo\/visuGen.php\/?code=DE-BW-0752a\">DE-BW-0752a<\/a><\/td><\/tr><tr><td>16 - Ibachereck<\/td><td>748 m<\/td><td><a href=\"\/it\/util\/geo\/visuGen.php\/?code=DE-BW-0748\" target=\"_blank\" rel=\"noreferrer noopener\">DE-BW-0748<\/a><\/td><\/tr><tr><td>17 - Ramsbacher Holzplatz<\/td><td>779 m<\/td><td><a href=\"\/it\/util\/geo\/visuGen.php\/?code=DE-BW-0779\" target=\"_blank\" rel=\"noreferrer noopener\">DE-BW-0779<\/a><\/td><\/tr><\/tbody><\/table><\/figure>\n\n\n\n<p><strong>Parole chiave<\/strong> : Oppenau, Foresta Nera, Sch\u00e4fersfeldpass, centole<\/p>\n\n\n\n<p>Link Openrunner, mappa interattiva, profilo, traccia : <a href=\"https:\/\/www.openrunner.com\/route-details\/11830219\" target=\"_blank\" rel=\"noreferrer noopener\">https:\/\/www.openrunner.com\/route-details\/11830219<\/a><\/p>\n\n\n\n<p>Questo itinerario \u00e8 offerto a titolo puramente indicativo. L'autore non si assume alcuna responsabilit\u00e0, n\u00e9 quella del Club des Cent Cols, per eventuali imponderabilit\u00e0 dovute al ciclista stesso, all'equipaggiamento utilizzato o a qualsiasi cosa abbia a che fare con la strada, le piste e i sentieri, i loro dintorni o altri utenti.<\/p>\n\n\n\n<div style=\"height:30px\" aria-hidden=\"true\" class=\"wp-block-spacer\"><\/div>\n\n\n\n<h2 class=\"wp-block-heading\">Foto<\/h2>\n\n\n\n<figure class=\"wp-block-gallery has-nested-images columns-default is-cropped wp-block-gallery-1 is-layout-flex wp-block-gallery-is-layout-flex\">\n<figure class=\"wp-block-image size-large\"><a href=\"https:\/\/centcols.org\/wp-content\/uploads\/2023\/08\/2NVhS536CnHXPKwWGBQTOZtOXNu-11.jpg\"><img loading=\"lazy\" decoding=\"async\" width=\"1000\" height=\"698\" data-id=\"89870\" src=\"https:\/\/centcols.org\/wp-content\/uploads\/2023\/08\/2NVhS536CnHXPKwWGBQTOZtOXNu-11.jpg\" alt=\"\" class=\"wp-image-89870\" srcset=\"https:\/\/centcols.org\/wp-content\/uploads\/2023\/08\/2NVhS536CnHXPKwWGBQTOZtOXNu-11.jpg 1000w, https:\/\/centcols.org\/wp-content\/uploads\/2023\/08\/2NVhS536CnHXPKwWGBQTOZtOXNu-11-768x536.jpg 768w, https:\/\/centcols.org\/wp-content\/uploads\/2023\/08\/2NVhS536CnHXPKwWGBQTOZtOXNu-11-18x12.jpg 18w\" sizes=\"auto, (max-width: 1000px) 100vw, 1000px\" \/><\/a><figcaption class=\"wp-element-caption\">Tipico chalet della Foresta Nera<\/figcaption><\/figure>\n\n\n\n<figure class=\"wp-block-image size-large\"><a href=\"https:\/\/centcols.org\/wp-content\/uploads\/2023\/08\/2NVhYqaKsb8OQRwAqPNy72jingm-11.jpg\"><img loading=\"lazy\" decoding=\"async\" width=\"1000\" height=\"696\" data-id=\"89871\" src=\"https:\/\/centcols.org\/wp-content\/uploads\/2023\/08\/2NVhYqaKsb8OQRwAqPNy72jingm-11.jpg\" alt=\"\" class=\"wp-image-89871\" srcset=\"https:\/\/centcols.org\/wp-content\/uploads\/2023\/08\/2NVhYqaKsb8OQRwAqPNy72jingm-11.jpg 1000w, https:\/\/centcols.org\/wp-content\/uploads\/2023\/08\/2NVhYqaKsb8OQRwAqPNy72jingm-11-768x535.jpg 768w, https:\/\/centcols.org\/wp-content\/uploads\/2023\/08\/2NVhYqaKsb8OQRwAqPNy72jingm-11-18x12.jpg 18w\" sizes=\"auto, (max-width: 1000px) 100vw, 1000px\" \/><\/a><figcaption class=\"wp-element-caption\">La valle<\/figcaption><\/figure>\n\n\n\n<figure class=\"wp-block-image size-large\"><a href=\"https:\/\/centcols.org\/wp-content\/uploads\/2023\/08\/image-122.jpeg\"><img loading=\"lazy\" decoding=\"async\" width=\"800\" height=\"532\" data-id=\"95624\" src=\"https:\/\/centcols.org\/wp-content\/uploads\/2023\/08\/image-122.jpeg\" alt=\"\" class=\"wp-image-95624\" srcset=\"https:\/\/centcols.org\/wp-content\/uploads\/2023\/08\/image-122.jpeg 800w, https:\/\/centcols.org\/wp-content\/uploads\/2023\/08\/image-122-768x511.jpeg 768w, https:\/\/centcols.org\/wp-content\/uploads\/2023\/08\/image-122-18x12.jpeg 18w\" sizes=\"auto, (max-width: 800px) 100vw, 800px\" \/><\/a><figcaption class=\"wp-element-caption\">Kleinebene<\/figcaption><\/figure>\n\n\n\n<figure class=\"wp-block-image size-large\"><a href=\"https:\/\/centcols.org\/wp-content\/uploads\/2023\/08\/image-123.jpeg\"><img loading=\"lazy\" decoding=\"async\" width=\"703\" height=\"521\" data-id=\"95625\" src=\"https:\/\/centcols.org\/wp-content\/uploads\/2023\/08\/image-123.jpeg\" alt=\"\" class=\"wp-image-95625\" srcset=\"https:\/\/centcols.org\/wp-content\/uploads\/2023\/08\/image-123.jpeg 703w, https:\/\/centcols.org\/wp-content\/uploads\/2023\/08\/image-123-16x12.jpeg 16w\" sizes=\"auto, (max-width: 703px) 100vw, 703px\" \/><\/a><figcaption class=\"wp-element-caption\">Hochebene<\/figcaption><\/figure>\n\n\n\n<figure class=\"wp-block-image size-large\"><a href=\"https:\/\/centcols.org\/wp-content\/uploads\/2023\/08\/image-124.jpeg\"><img loading=\"lazy\" decoding=\"async\" width=\"800\" height=\"532\" data-id=\"95626\" src=\"https:\/\/centcols.org\/wp-content\/uploads\/2023\/08\/image-124.jpeg\" alt=\"\" class=\"wp-image-95626\" srcset=\"https:\/\/centcols.org\/wp-content\/uploads\/2023\/08\/image-124.jpeg 800w, https:\/\/centcols.org\/wp-content\/uploads\/2023\/08\/image-124-768x511.jpeg 768w, https:\/\/centcols.org\/wp-content\/uploads\/2023\/08\/image-124-18x12.jpeg 18w\" sizes=\"auto, (max-width: 800px) 100vw, 800px\" \/><\/a><figcaption class=\"wp-element-caption\">Collo di cavallo<\/figcaption><\/figure>\n\n\n\n<figure class=\"wp-block-image size-large\"><a href=\"https:\/\/centcols.org\/wp-content\/uploads\/2023\/08\/image-125.jpeg\"><img loading=\"lazy\" decoding=\"async\" width=\"800\" height=\"532\" data-id=\"95627\" src=\"https:\/\/centcols.org\/wp-content\/uploads\/2023\/08\/image-125.jpeg\" alt=\"\" class=\"wp-image-95627\" srcset=\"https:\/\/centcols.org\/wp-content\/uploads\/2023\/08\/image-125.jpeg 800w, https:\/\/centcols.org\/wp-content\/uploads\/2023\/08\/image-125-768x511.jpeg 768w, https:\/\/centcols.org\/wp-content\/uploads\/2023\/08\/image-125-18x12.jpeg 18w\" sizes=\"auto, (max-width: 800px) 100vw, 800px\" \/><\/a><figcaption class=\"wp-element-caption\">Kleine Steig<\/figcaption><\/figure>\n\n\n\n<figure class=\"wp-block-image size-large\"><a href=\"https:\/\/centcols.org\/wp-content\/uploads\/2023\/08\/image-126.jpeg\"><img loading=\"lazy\" decoding=\"async\" width=\"800\" height=\"532\" data-id=\"95628\" src=\"https:\/\/centcols.org\/wp-content\/uploads\/2023\/08\/image-126.jpeg\" alt=\"\" class=\"wp-image-95628\" srcset=\"https:\/\/centcols.org\/wp-content\/uploads\/2023\/08\/image-126.jpeg 800w, https:\/\/centcols.org\/wp-content\/uploads\/2023\/08\/image-126-768x511.jpeg 768w, https:\/\/centcols.org\/wp-content\/uploads\/2023\/08\/image-126-18x12.jpeg 18w\" sizes=\"auto, (max-width: 800px) 100vw, 800px\" \/><\/a><figcaption class=\"wp-element-caption\">Horneck<\/figcaption><\/figure>\n\n\n\n<figure class=\"wp-block-image size-large\"><a href=\"https:\/\/centcols.org\/wp-content\/uploads\/2023\/08\/image-127.jpeg\"><img loading=\"lazy\" decoding=\"async\" width=\"800\" height=\"532\" data-id=\"95629\" src=\"https:\/\/centcols.org\/wp-content\/uploads\/2023\/08\/image-127.jpeg\" alt=\"\" class=\"wp-image-95629\" srcset=\"https:\/\/centcols.org\/wp-content\/uploads\/2023\/08\/image-127.jpeg 800w, https:\/\/centcols.org\/wp-content\/uploads\/2023\/08\/image-127-768x511.jpeg 768w, https:\/\/centcols.org\/wp-content\/uploads\/2023\/08\/image-127-18x12.jpeg 18w\" sizes=\"auto, (max-width: 800px) 100vw, 800px\" \/><\/a><figcaption class=\"wp-element-caption\">Kohlgrube<\/figcaption><\/figure>\n\n\n\n<figure class=\"wp-block-image size-large\"><a href=\"https:\/\/centcols.org\/wp-content\/uploads\/2023\/08\/image-128.jpeg\"><img loading=\"lazy\" decoding=\"async\" width=\"800\" height=\"532\" data-id=\"95630\" src=\"https:\/\/centcols.org\/wp-content\/uploads\/2023\/08\/image-128.jpeg\" alt=\"\" class=\"wp-image-95630\" srcset=\"https:\/\/centcols.org\/wp-content\/uploads\/2023\/08\/image-128.jpeg 800w, https:\/\/centcols.org\/wp-content\/uploads\/2023\/08\/image-128-768x511.jpeg 768w, https:\/\/centcols.org\/wp-content\/uploads\/2023\/08\/image-128-18x12.jpeg 18w\" sizes=\"auto, (max-width: 800px) 100vw, 800px\" \/><\/a><figcaption class=\"wp-element-caption\">Rohrenbachereck<\/figcaption><\/figure>\n\n\n\n<figure class=\"wp-block-image size-large\"><a href=\"https:\/\/centcols.org\/wp-content\/uploads\/2023\/08\/image-129.jpeg\"><img loading=\"lazy\" decoding=\"async\" width=\"800\" height=\"532\" data-id=\"95631\" src=\"https:\/\/centcols.org\/wp-content\/uploads\/2023\/08\/image-129.jpeg\" alt=\"\" class=\"wp-image-95631\" srcset=\"https:\/\/centcols.org\/wp-content\/uploads\/2023\/08\/image-129.jpeg 800w, https:\/\/centcols.org\/wp-content\/uploads\/2023\/08\/image-129-768x511.jpeg 768w, https:\/\/centcols.org\/wp-content\/uploads\/2023\/08\/image-129-18x12.jpeg 18w\" sizes=\"auto, (max-width: 800px) 100vw, 800px\" \/><\/a><figcaption class=\"wp-element-caption\">M\u00fcllerbauerneck<\/figcaption><\/figure>\n\n\n\n<figure class=\"wp-block-image size-large\"><a href=\"https:\/\/centcols.org\/wp-content\/uploads\/2023\/08\/image-130.jpeg\"><img loading=\"lazy\" decoding=\"async\" width=\"708\" height=\"483\" data-id=\"95632\" src=\"https:\/\/centcols.org\/wp-content\/uploads\/2023\/08\/image-130.jpeg\" alt=\"\" class=\"wp-image-95632\" srcset=\"https:\/\/centcols.org\/wp-content\/uploads\/2023\/08\/image-130.jpeg 708w, https:\/\/centcols.org\/wp-content\/uploads\/2023\/08\/image-130-18x12.jpeg 18w\" sizes=\"auto, (max-width: 708px) 100vw, 708px\" \/><\/a><figcaption class=\"wp-element-caption\">Weberseck<\/figcaption><\/figure>\n\n\n\n<figure class=\"wp-block-image size-large\"><a href=\"https:\/\/centcols.org\/wp-content\/uploads\/2023\/08\/image-131.jpeg\"><img loading=\"lazy\" decoding=\"async\" width=\"800\" height=\"532\" data-id=\"95633\" src=\"https:\/\/centcols.org\/wp-content\/uploads\/2023\/08\/image-131.jpeg\" alt=\"\" class=\"wp-image-95633\" srcset=\"https:\/\/centcols.org\/wp-content\/uploads\/2023\/08\/image-131.jpeg 800w, https:\/\/centcols.org\/wp-content\/uploads\/2023\/08\/image-131-768x511.jpeg 768w, https:\/\/centcols.org\/wp-content\/uploads\/2023\/08\/image-131-18x12.jpeg 18w\" sizes=\"auto, (max-width: 800px) 100vw, 800px\" \/><\/a><figcaption class=\"wp-element-caption\">Wassereck<\/figcaption><\/figure>\n\n\n\n<figure class=\"wp-block-image size-large\"><a href=\"https:\/\/centcols.org\/wp-content\/uploads\/2023\/08\/image-132.jpeg\"><img loading=\"lazy\" decoding=\"async\" width=\"800\" height=\"532\" data-id=\"95634\" src=\"https:\/\/centcols.org\/wp-content\/uploads\/2023\/08\/image-132.jpeg\" alt=\"\" class=\"wp-image-95634\" srcset=\"https:\/\/centcols.org\/wp-content\/uploads\/2023\/08\/image-132.jpeg 800w, https:\/\/centcols.org\/wp-content\/uploads\/2023\/08\/image-132-768x511.jpeg 768w, https:\/\/centcols.org\/wp-content\/uploads\/2023\/08\/image-132-18x12.jpeg 18w\" sizes=\"auto, (max-width: 800px) 100vw, 800px\" \/><\/a><figcaption class=\"wp-element-caption\">Albergo Braunbergsattel<\/figcaption><\/figure>\n\n\n\n<figure class=\"wp-block-image size-large\"><a href=\"https:\/\/centcols.org\/wp-content\/uploads\/2023\/08\/image-133.jpeg\"><img loading=\"lazy\" decoding=\"async\" width=\"741\" height=\"480\" data-id=\"95635\" src=\"https:\/\/centcols.org\/wp-content\/uploads\/2023\/08\/image-133.jpeg\" alt=\"\" class=\"wp-image-95635\" srcset=\"https:\/\/centcols.org\/wp-content\/uploads\/2023\/08\/image-133.jpeg 741w, https:\/\/centcols.org\/wp-content\/uploads\/2023\/08\/image-133-18x12.jpeg 18w\" sizes=\"auto, (max-width: 741px) 100vw, 741px\" \/><\/a><figcaption class=\"wp-element-caption\">Bolleck<\/figcaption><\/figure>\n\n\n\n<figure class=\"wp-block-image size-large\"><a href=\"https:\/\/centcols.org\/wp-content\/uploads\/2023\/08\/image-134.jpeg\"><img loading=\"lazy\" decoding=\"async\" width=\"800\" height=\"532\" data-id=\"95636\" src=\"https:\/\/centcols.org\/wp-content\/uploads\/2023\/08\/image-134.jpeg\" alt=\"\" class=\"wp-image-95636\" srcset=\"https:\/\/centcols.org\/wp-content\/uploads\/2023\/08\/image-134.jpeg 800w, https:\/\/centcols.org\/wp-content\/uploads\/2023\/08\/image-134-768x511.jpeg 768w, https:\/\/centcols.org\/wp-content\/uploads\/2023\/08\/image-134-18x12.jpeg 18w\" sizes=\"auto, (max-width: 800px) 100vw, 800px\" \/><\/a><figcaption class=\"wp-element-caption\">Passo Sch\u00e4fersfeld<\/figcaption><\/figure>\n\n\n\n<figure class=\"wp-block-image size-large\"><a href=\"https:\/\/centcols.org\/wp-content\/uploads\/2023\/08\/image-135.jpeg\"><img loading=\"lazy\" decoding=\"async\" width=\"800\" height=\"532\" data-id=\"95637\" src=\"https:\/\/centcols.org\/wp-content\/uploads\/2023\/08\/image-135.jpeg\" alt=\"\" class=\"wp-image-95637\" srcset=\"https:\/\/centcols.org\/wp-content\/uploads\/2023\/08\/image-135.jpeg 800w, https:\/\/centcols.org\/wp-content\/uploads\/2023\/08\/image-135-768x511.jpeg 768w, https:\/\/centcols.org\/wp-content\/uploads\/2023\/08\/image-135-18x12.jpeg 18w\" sizes=\"auto, (max-width: 800px) 100vw, 800px\" \/><\/a><figcaption class=\"wp-element-caption\">Ibachereck<\/figcaption><\/figure>\n\n\n\n<figure class=\"wp-block-image size-large\"><a href=\"https:\/\/centcols.org\/wp-content\/uploads\/2023\/08\/image-136.jpeg\"><img loading=\"lazy\" decoding=\"async\" width=\"800\" height=\"532\" data-id=\"95638\" src=\"https:\/\/centcols.org\/wp-content\/uploads\/2023\/08\/image-136.jpeg\" alt=\"\" class=\"wp-image-95638\" srcset=\"https:\/\/centcols.org\/wp-content\/uploads\/2023\/08\/image-136.jpeg 800w, https:\/\/centcols.org\/wp-content\/uploads\/2023\/08\/image-136-768x511.jpeg 768w, https:\/\/centcols.org\/wp-content\/uploads\/2023\/08\/image-136-18x12.jpeg 18w\" sizes=\"auto, (max-width: 800px) 100vw, 800px\" \/><\/a><figcaption class=\"wp-element-caption\">Ramsbacher Holzplatz<\/figcaption><\/figure>\n<\/figure>","protected":false},"excerpt":{"rendered":"<p>Description de l\u2019auteur Auteur : Jean-Luc CeccatoParcours : effectu\u00e9 en octobre 2019D\u00e9part : en Allemagne, les parkings sont tr\u00e8s souvent avec utilisation du disque bleu ou payants. Donc \u00e0 Oppenau se garer sur un petit parking gratuit situ\u00e9 au milieu de la Bahnhofstra\u00dfe. Alt\u00a0: 277\u00a0m. Descriptif touristique De nombreux points de vue agr\u00e9mentent ce parcours, [&hellip;]<\/p>\n","protected":false},"author":3,"featured_media":82873,"comment_status":"open","ping_status":"open","sticky":false,"template":"","format":"standard","meta":{"_acf_changed":false,"footnotes":""},"categories":[302,320,323,220],"tags":[],"class_list":["post-82480","post","type-post","status-publish","format-standard","has-post-thumbnail","hentry","category-parcours-allemagne","category-gravel-type-parcours","category-foret-noire-massif-parcours-membres","category-parcours-membres"],"acf":[],"yoast_head":"<!-- This site is optimized with the Yoast SEO plugin v27.2 - https:\/\/yoast.com\/product\/yoast-seo-wordpress\/ -->\n<title>DE-BW For\u00eat-Noire Oppenau - Gravel 62 km, D+ 2020 m, 17 cols - Club des Cent Cols<\/title>\n<meta name=\"robots\" content=\"index, follow, max-snippet:-1, max-image-preview:large, max-video-preview:-1\" \/>\n<link rel=\"canonical\" href=\"https:\/\/centcols.org\/it\/ghiaia-di-bw-foret-noire-oppenau\/\" \/>\n<meta property=\"og:locale\" content=\"it_IT\" \/>\n<meta property=\"og:type\" content=\"article\" \/>\n<meta property=\"og:title\" content=\"DE-BW For\u00eat-Noire Oppenau - Gravel 62 km, D+ 2020 m, 17 cols - Club des Cent Cols\" \/>\n<meta property=\"og:description\" content=\"Description de l\u2019auteur Auteur : Jean-Luc CeccatoParcours : effectu\u00e9 en octobre 2019D\u00e9part : en Allemagne, les parkings sont tr\u00e8s souvent avec utilisation du disque bleu ou payants. Donc \u00e0 Oppenau se garer sur un petit parking gratuit situ\u00e9 au milieu de la Bahnhofstra\u00dfe. Alt\u00a0: 277\u00a0m. Descriptif touristique De nombreux points de vue agr\u00e9mentent ce parcours, [&hellip;]\" \/>\n<meta property=\"og:url\" content=\"https:\/\/centcols.org\/it\/ghiaia-di-bw-foret-noire-oppenau\/\" \/>\n<meta property=\"og:site_name\" content=\"Club des Cent Cols\" \/>\n<meta property=\"article:publisher\" content=\"https:\/\/www.facebook.com\/groups\/5261880558\/?locale=fr_FR\" \/>\n<meta property=\"article:published_time\" content=\"2023-08-05T10:30:32+00:00\" \/>\n<meta property=\"article:modified_time\" content=\"2026-04-23T16:53:24+00:00\" \/>\n<meta property=\"og:image\" content=\"https:\/\/centcols.org\/wp-content\/uploads\/2023\/08\/2NVhYqaKsb8OQRwAqPNy72jingm-1-500x3481-1.jpg\" \/>\n\t<meta property=\"og:image:width\" content=\"500\" \/>\n\t<meta property=\"og:image:height\" content=\"348\" \/>\n\t<meta property=\"og:image:type\" content=\"image\/jpeg\" \/>\n<meta name=\"author\" content=\"Webmestre\" \/>\n<meta name=\"twitter:card\" content=\"summary_large_image\" \/>\n<meta name=\"twitter:label1\" content=\"Scritto da\" \/>\n\t<meta name=\"twitter:data1\" content=\"Webmestre\" \/>\n\t<meta name=\"twitter:label2\" content=\"Tempo di lettura stimato\" \/>\n\t<meta name=\"twitter:data2\" content=\"6 minuti\" \/>\n<script type=\"application\/ld+json\" class=\"yoast-schema-graph\">{\"@context\":\"https:\/\/schema.org\",\"@graph\":[{\"@type\":\"Article\",\"@id\":\"https:\/\/centcols.org\/de-bw-foret-noire-oppenau-gravel\/#article\",\"isPartOf\":{\"@id\":\"https:\/\/centcols.org\/de-bw-foret-noire-oppenau-gravel\/\"},\"author\":{\"name\":\"Webmestre\",\"@id\":\"https:\/\/centcols.org\/#\/schema\/person\/911b404fb133d8c913dd27cdcf71c8e5\"},\"headline\":\"DE-BW For\u00eat-Noire Oppenau &#8211; Gravel 62 km, D+ 2020 m, 17 cols\",\"datePublished\":\"2023-08-05T10:30:32+00:00\",\"dateModified\":\"2026-04-23T16:53:24+00:00\",\"mainEntityOfPage\":{\"@id\":\"https:\/\/centcols.org\/de-bw-foret-noire-oppenau-gravel\/\"},\"wordCount\":367,\"commentCount\":0,\"publisher\":{\"@id\":\"https:\/\/centcols.org\/#organization\"},\"image\":{\"@id\":\"https:\/\/centcols.org\/de-bw-foret-noire-oppenau-gravel\/#primaryimage\"},\"thumbnailUrl\":\"https:\/\/centcols.org\/wp-content\/uploads\/2023\/08\/2NVhYqaKsb8OQRwAqPNy72jingm-1-500x3481-1.jpg\",\"articleSection\":[\"Parcours Allemagne\",\"Gravel\",\"For\u00eat-Noire\",\"Parcours membres\"],\"inLanguage\":\"it-IT\",\"potentialAction\":[{\"@type\":\"CommentAction\",\"name\":\"Comment\",\"target\":[\"https:\/\/centcols.org\/de-bw-foret-noire-oppenau-gravel\/#respond\"]}]},{\"@type\":\"WebPage\",\"@id\":\"https:\/\/centcols.org\/de-bw-foret-noire-oppenau-gravel\/\",\"url\":\"https:\/\/centcols.org\/de-bw-foret-noire-oppenau-gravel\/\",\"name\":\"DE-BW For\u00eat-Noire Oppenau - Gravel 62 km, D+ 2020 m, 17 cols - Club des Cent Cols\",\"isPartOf\":{\"@id\":\"https:\/\/centcols.org\/#website\"},\"primaryImageOfPage\":{\"@id\":\"https:\/\/centcols.org\/de-bw-foret-noire-oppenau-gravel\/#primaryimage\"},\"image\":{\"@id\":\"https:\/\/centcols.org\/de-bw-foret-noire-oppenau-gravel\/#primaryimage\"},\"thumbnailUrl\":\"https:\/\/centcols.org\/wp-content\/uploads\/2023\/08\/2NVhYqaKsb8OQRwAqPNy72jingm-1-500x3481-1.jpg\",\"datePublished\":\"2023-08-05T10:30:32+00:00\",\"dateModified\":\"2026-04-23T16:53:24+00:00\",\"breadcrumb\":{\"@id\":\"https:\/\/centcols.org\/de-bw-foret-noire-oppenau-gravel\/#breadcrumb\"},\"inLanguage\":\"it-IT\",\"potentialAction\":[{\"@type\":\"ReadAction\",\"target\":[\"https:\/\/centcols.org\/de-bw-foret-noire-oppenau-gravel\/\"]}]},{\"@type\":\"ImageObject\",\"inLanguage\":\"it-IT\",\"@id\":\"https:\/\/centcols.org\/de-bw-foret-noire-oppenau-gravel\/#primaryimage\",\"url\":\"https:\/\/centcols.org\/wp-content\/uploads\/2023\/08\/2NVhYqaKsb8OQRwAqPNy72jingm-1-500x3481-1.jpg\",\"contentUrl\":\"https:\/\/centcols.org\/wp-content\/uploads\/2023\/08\/2NVhYqaKsb8OQRwAqPNy72jingm-1-500x3481-1.jpg\",\"width\":500,\"height\":348},{\"@type\":\"BreadcrumbList\",\"@id\":\"https:\/\/centcols.org\/de-bw-foret-noire-oppenau-gravel\/#breadcrumb\",\"itemListElement\":[{\"@type\":\"ListItem\",\"position\":1,\"name\":\"Accueil\",\"item\":\"https:\/\/centcols.org\/\"},{\"@type\":\"ListItem\",\"position\":2,\"name\":\"Parcours membres\",\"item\":\"https:\/\/centcols.org\/rubrique\/parcours-membres\/\"},{\"@type\":\"ListItem\",\"position\":3,\"name\":\"Pays\",\"item\":\"https:\/\/centcols.org\/rubrique\/parcours-membres\/pays-parcours-membres\/\"},{\"@type\":\"ListItem\",\"position\":4,\"name\":\"Parcours Allemagne\",\"item\":\"https:\/\/centcols.org\/rubrique\/parcours-membres\/pays-parcours-membres\/parcours-allemagne\/\"},{\"@type\":\"ListItem\",\"position\":5,\"name\":\"DE-BW For\u00eat-Noire Oppenau &#8211; Gravel 62 km, D+ 2020 m, 17 cols\"}]},{\"@type\":\"WebSite\",\"@id\":\"https:\/\/centcols.org\/#website\",\"url\":\"https:\/\/centcols.org\/\",\"name\":\"Club des Cent Cols\",\"description\":\"\",\"publisher\":{\"@id\":\"https:\/\/centcols.org\/#organization\"},\"potentialAction\":[{\"@type\":\"SearchAction\",\"target\":{\"@type\":\"EntryPoint\",\"urlTemplate\":\"https:\/\/centcols.org\/?s={search_term_string}\"},\"query-input\":{\"@type\":\"PropertyValueSpecification\",\"valueRequired\":true,\"valueName\":\"search_term_string\"}}],\"inLanguage\":\"it-IT\"},{\"@type\":\"Organization\",\"@id\":\"https:\/\/centcols.org\/#organization\",\"name\":\"Club des Cent Cols\",\"url\":\"https:\/\/centcols.org\/\",\"logo\":{\"@type\":\"ImageObject\",\"inLanguage\":\"it-IT\",\"@id\":\"https:\/\/centcols.org\/#\/schema\/logo\/image\/\",\"url\":\"https:\/\/centcols.org\/wp-content\/uploads\/2025\/01\/carte-icone.png\",\"contentUrl\":\"https:\/\/centcols.org\/wp-content\/uploads\/2025\/01\/carte-icone.png\",\"width\":250,\"height\":250,\"caption\":\"Club des Cent Cols\"},\"image\":{\"@id\":\"https:\/\/centcols.org\/#\/schema\/logo\/image\/\"},\"sameAs\":[\"https:\/\/www.facebook.com\/groups\/5261880558\/?locale=fr_FR\"]},{\"@type\":\"Person\",\"@id\":\"https:\/\/centcols.org\/#\/schema\/person\/911b404fb133d8c913dd27cdcf71c8e5\",\"name\":\"Webmestre\",\"image\":{\"@type\":\"ImageObject\",\"inLanguage\":\"it-IT\",\"@id\":\"https:\/\/centcols.org\/wp-content\/litespeed\/avatar\/2d246e4b6b4f773e08515e1ffc53690b.jpg?ver=1777222892\",\"url\":\"https:\/\/centcols.org\/wp-content\/litespeed\/avatar\/2d246e4b6b4f773e08515e1ffc53690b.jpg?ver=1777222892\",\"contentUrl\":\"https:\/\/centcols.org\/wp-content\/litespeed\/avatar\/2d246e4b6b4f773e08515e1ffc53690b.jpg?ver=1777222892\",\"caption\":\"Webmestre\"},\"url\":\"https:\/\/centcols.org\/it\/author\/webmestre\/\"}]}<\/script>\n<!-- \/ Yoast SEO plugin. -->","yoast_head_json":{"title":"DE-BW Foresta Nera Oppenau - Sterrato 62 km, D+ 2020 m, 17 passi - Club des Cent Cols","robots":{"index":"index","follow":"follow","max-snippet":"max-snippet:-1","max-image-preview":"max-image-preview:large","max-video-preview":"max-video-preview:-1"},"canonical":"https:\/\/centcols.org\/it\/ghiaia-di-bw-foret-noire-oppenau\/","og_locale":"it_IT","og_type":"article","og_title":"DE-BW For\u00eat-Noire Oppenau - Gravel 62 km, D+ 2020 m, 17 cols - Club des Cent Cols","og_description":"Description de l\u2019auteur Auteur : Jean-Luc CeccatoParcours : effectu\u00e9 en octobre 2019D\u00e9part : en Allemagne, les parkings sont tr\u00e8s souvent avec utilisation du disque bleu ou payants. Donc \u00e0 Oppenau se garer sur un petit parking gratuit situ\u00e9 au milieu de la Bahnhofstra\u00dfe. Alt\u00a0: 277\u00a0m. Descriptif touristique De nombreux points de vue agr\u00e9mentent ce parcours, [&hellip;]","og_url":"https:\/\/centcols.org\/it\/ghiaia-di-bw-foret-noire-oppenau\/","og_site_name":"Club des Cent Cols","article_publisher":"https:\/\/www.facebook.com\/groups\/5261880558\/?locale=fr_FR","article_published_time":"2023-08-05T10:30:32+00:00","article_modified_time":"2026-04-23T16:53:24+00:00","og_image":[{"width":500,"height":348,"url":"https:\/\/centcols.org\/wp-content\/uploads\/2023\/08\/2NVhYqaKsb8OQRwAqPNy72jingm-1-500x3481-1.jpg","type":"image\/jpeg"}],"author":"Webmestre","twitter_card":"summary_large_image","twitter_misc":{"Scritto da":"Webmestre","Tempo di lettura stimato":"6 minuti"},"schema":{"@context":"https:\/\/schema.org","@graph":[{"@type":"Article","@id":"https:\/\/centcols.org\/de-bw-foret-noire-oppenau-gravel\/#article","isPartOf":{"@id":"https:\/\/centcols.org\/de-bw-foret-noire-oppenau-gravel\/"},"author":{"name":"Webmestre","@id":"https:\/\/centcols.org\/#\/schema\/person\/911b404fb133d8c913dd27cdcf71c8e5"},"headline":"DE-BW For\u00eat-Noire Oppenau &#8211; Gravel 62 km, D+ 2020 m, 17 cols","datePublished":"2023-08-05T10:30:32+00:00","dateModified":"2026-04-23T16:53:24+00:00","mainEntityOfPage":{"@id":"https:\/\/centcols.org\/de-bw-foret-noire-oppenau-gravel\/"},"wordCount":367,"commentCount":0,"publisher":{"@id":"https:\/\/centcols.org\/#organization"},"image":{"@id":"https:\/\/centcols.org\/de-bw-foret-noire-oppenau-gravel\/#primaryimage"},"thumbnailUrl":"https:\/\/centcols.org\/wp-content\/uploads\/2023\/08\/2NVhYqaKsb8OQRwAqPNy72jingm-1-500x3481-1.jpg","articleSection":["Parcours Allemagne","Gravel","For\u00eat-Noire","Parcours membres"],"inLanguage":"it-IT","potentialAction":[{"@type":"CommentAction","name":"Comment","target":["https:\/\/centcols.org\/de-bw-foret-noire-oppenau-gravel\/#respond"]}]},{"@type":"WebPage","@id":"https:\/\/centcols.org\/de-bw-foret-noire-oppenau-gravel\/","url":"https:\/\/centcols.org\/de-bw-foret-noire-oppenau-gravel\/","name":"DE-BW Foresta Nera Oppenau - Sterrato 62 km, D+ 2020 m, 17 passi - Club des Cent Cols","isPartOf":{"@id":"https:\/\/centcols.org\/#website"},"primaryImageOfPage":{"@id":"https:\/\/centcols.org\/de-bw-foret-noire-oppenau-gravel\/#primaryimage"},"image":{"@id":"https:\/\/centcols.org\/de-bw-foret-noire-oppenau-gravel\/#primaryimage"},"thumbnailUrl":"https:\/\/centcols.org\/wp-content\/uploads\/2023\/08\/2NVhYqaKsb8OQRwAqPNy72jingm-1-500x3481-1.jpg","datePublished":"2023-08-05T10:30:32+00:00","dateModified":"2026-04-23T16:53:24+00:00","breadcrumb":{"@id":"https:\/\/centcols.org\/de-bw-foret-noire-oppenau-gravel\/#breadcrumb"},"inLanguage":"it-IT","potentialAction":[{"@type":"ReadAction","target":["https:\/\/centcols.org\/de-bw-foret-noire-oppenau-gravel\/"]}]},{"@type":"ImageObject","inLanguage":"it-IT","@id":"https:\/\/centcols.org\/de-bw-foret-noire-oppenau-gravel\/#primaryimage","url":"https:\/\/centcols.org\/wp-content\/uploads\/2023\/08\/2NVhYqaKsb8OQRwAqPNy72jingm-1-500x3481-1.jpg","contentUrl":"https:\/\/centcols.org\/wp-content\/uploads\/2023\/08\/2NVhYqaKsb8OQRwAqPNy72jingm-1-500x3481-1.jpg","width":500,"height":348},{"@type":"BreadcrumbList","@id":"https:\/\/centcols.org\/de-bw-foret-noire-oppenau-gravel\/#breadcrumb","itemListElement":[{"@type":"ListItem","position":1,"name":"Accueil","item":"https:\/\/centcols.org\/"},{"@type":"ListItem","position":2,"name":"Parcours membres","item":"https:\/\/centcols.org\/rubrique\/parcours-membres\/"},{"@type":"ListItem","position":3,"name":"Pays","item":"https:\/\/centcols.org\/rubrique\/parcours-membres\/pays-parcours-membres\/"},{"@type":"ListItem","position":4,"name":"Parcours Allemagne","item":"https:\/\/centcols.org\/rubrique\/parcours-membres\/pays-parcours-membres\/parcours-allemagne\/"},{"@type":"ListItem","position":5,"name":"DE-BW For\u00eat-Noire Oppenau &#8211; Gravel 62 km, D+ 2020 m, 17 cols"}]},{"@type":"WebSite","@id":"https:\/\/centcols.org\/#website","url":"https:\/\/centcols.org\/","name":"Club des Cent Cols","description":"","publisher":{"@id":"https:\/\/centcols.org\/#organization"},"potentialAction":[{"@type":"SearchAction","target":{"@type":"EntryPoint","urlTemplate":"https:\/\/centcols.org\/?s={search_term_string}"},"query-input":{"@type":"PropertyValueSpecification","valueRequired":true,"valueName":"search_term_string"}}],"inLanguage":"it-IT"},{"@type":"Organization","@id":"https:\/\/centcols.org\/#organization","name":"Club des Cent Cols","url":"https:\/\/centcols.org\/","logo":{"@type":"ImageObject","inLanguage":"it-IT","@id":"https:\/\/centcols.org\/#\/schema\/logo\/image\/","url":"https:\/\/centcols.org\/wp-content\/uploads\/2025\/01\/carte-icone.png","contentUrl":"https:\/\/centcols.org\/wp-content\/uploads\/2025\/01\/carte-icone.png","width":250,"height":250,"caption":"Club des Cent Cols"},"image":{"@id":"https:\/\/centcols.org\/#\/schema\/logo\/image\/"},"sameAs":["https:\/\/www.facebook.com\/groups\/5261880558\/?locale=fr_FR"]},{"@type":"Person","@id":"https:\/\/centcols.org\/#\/schema\/person\/911b404fb133d8c913dd27cdcf71c8e5","name":"Webmaster","image":{"@type":"ImageObject","inLanguage":"it-IT","@id":"https:\/\/centcols.org\/wp-content\/litespeed\/avatar\/2d246e4b6b4f773e08515e1ffc53690b.jpg?ver=1777222892","url":"https:\/\/centcols.org\/wp-content\/litespeed\/avatar\/2d246e4b6b4f773e08515e1ffc53690b.jpg?ver=1777222892","contentUrl":"https:\/\/centcols.org\/wp-content\/litespeed\/avatar\/2d246e4b6b4f773e08515e1ffc53690b.jpg?ver=1777222892","caption":"Webmestre"},"url":"https:\/\/centcols.org\/it\/author\/webmestre\/"}]}},"_links":{"self":[{"href":"https:\/\/centcols.org\/it\/wp-json\/wp\/v2\/posts\/82480","targetHints":{"allow":["GET"]}}],"collection":[{"href":"https:\/\/centcols.org\/it\/wp-json\/wp\/v2\/posts"}],"about":[{"href":"https:\/\/centcols.org\/it\/wp-json\/wp\/v2\/types\/post"}],"author":[{"embeddable":true,"href":"https:\/\/centcols.org\/it\/wp-json\/wp\/v2\/users\/3"}],"replies":[{"embeddable":true,"href":"https:\/\/centcols.org\/it\/wp-json\/wp\/v2\/comments?post=82480"}],"version-history":[{"count":0,"href":"https:\/\/centcols.org\/it\/wp-json\/wp\/v2\/posts\/82480\/revisions"}],"wp:featuredmedia":[{"embeddable":true,"href":"https:\/\/centcols.org\/it\/wp-json\/wp\/v2\/media\/82873"}],"wp:attachment":[{"href":"https:\/\/centcols.org\/it\/wp-json\/wp\/v2\/media?parent=82480"}],"wp:term":[{"taxonomy":"category","embeddable":true,"href":"https:\/\/centcols.org\/it\/wp-json\/wp\/v2\/categories?post=82480"},{"taxonomy":"post_tag","embeddable":true,"href":"https:\/\/centcols.org\/it\/wp-json\/wp\/v2\/tags?post=82480"}],"curies":[{"name":"wp","href":"https:\/\/api.w.org\/{rel}","templated":true}]}}