{"id":82485,"date":"2023-06-19T14:27:45","date_gmt":"2023-06-19T12:27:45","guid":{"rendered":"https:\/\/centcols.org\/le-col-du-galibier\/"},"modified":"2025-11-05T18:45:09","modified_gmt":"2025-11-05T16:45:09","slug":"il-col-du-galibier","status":"publish","type":"post","link":"https:\/\/centcols.org\/it\/le-col-du-galibier\/","title":{"rendered":"Il passo del Galibier"},"content":{"rendered":"<h2 class=\"wp-block-heading\">Toponomastica<\/h2>\n\n\n\n<p class=\"has-medium-font-size\">Secondo <a title=\"\" href=\"https:\/\/fr.wikipedia.org\/wiki\/Grand_Galibier\" target=\"_blank\" rel=\"noopener\"><strong>Wikipedia<\/strong><\/a>l'etimologia di<strong><a title=\"\" href=\"https:\/\/fr.wikipedia.org\/wiki\/Oronyme\" target=\"_blank\" rel=\"noopener\">oronimo<\/a>&nbsp;<\/strong>Il nome Galibier \u00e8 discusso. Si pensa che Galibier derivi da un radicale di origine pre-indoeuropea,&nbsp;<em>gal<\/em>&nbsp;variante di&nbsp;<em>kal<\/em>pietra, con&nbsp;<em>lup<\/em>l'altezza. Il nome Galibier si riferisce a una collina sassosa.<\/p>\n\n\n\n<h2 class=\"wp-block-heading\">Posizione geografica<\/h2>\n\n\n\n<h3 class=\"wp-block-heading\">Massicci<\/h3>\n\n\n\n<p class=\"has-medium-font-size\">Le <a title=\"\" href=\"https:\/\/centcols.org\/it\/util\/geo\/visuGen.php\/?code=FR-05-2642a\" target=\"_blank\" rel=\"noopener\">Passo del Galibier FR-05-2642a<\/a> - si trova tra il&nbsp;<a title=\"\" href=\"https:\/\/fr.wikipedia.org\/wiki\/Massif_des_Arves\" target=\"_blank\" rel=\"noopener\"><strong>Massiccio di Arves<\/strong><\/a>&nbsp; con il Pic des Trois Ev\u00e9ch\u00e9s (3.116 m) a ovest del passo e il Pic des Trois Ev\u00e9ch\u00e9s (3.116 m) a ovest del passo.<strong>&nbsp;<a title=\"\" href=\"https:\/\/fr.wikipedia.org\/wiki\/Massif_des_Cerces\" target=\"_blank\" rel=\"noopener\">Massiccio del Cerces<\/a>,<\/strong>&nbsp;con la cima del Grand Galibier (3228 m) a est del passo.<\/p>\n\n\n\n<h3 class=\"wp-block-heading\">Geologia<\/h3>\n\n\n\n<p class=\"has-medium-font-size\">Le nappes de charriage (nappe di spinta) del Brian\u00e7onnais sono ben note e hanno la particolarit\u00e0 di aver permesso la copertura di strati geologici recenti da parte di strati geologici pi\u00f9 antichi. Questo accatastamento di nappe, dislocate tra i 20 e i 30 km, contemporaneo al sollevamento alpino (30 Ma), \u00e8 stato facilitato dalla presenza di uno strato di gesso che funge da \"lubrificante tettonico\".<\/p>\n\n\n\n<p class=\"has-medium-font-size\">Il passo nasconde una curiosit\u00e0 geologica. Il gesso affiora sopra la galleria e sotto il portale nord del passo. Questo gesso \u00e8 costellato di depressioni decametriche che ricordano forme carsiche. Alcuni turisti li hanno addirittura scambiati per buchi di conchiglie, ma in realt\u00e0 sono imbuti in cui l'acqua ha sciolto il gesso.<\/p>\n\n\n\n<p class=\"has-medium-font-size\">I lettori interessati a questo argomento possono consultare l'esauriente articolo di&nbsp;<a href=\"http:\/\/www.geol-alp.com\/brianconnais\/_lieux_Guisane_WNevache\/Galibier_col.html\" rel=\"noreferrer noopener\" target=\"_blank\">geol-alp.com Col du Galibier<\/a>&nbsp;<\/p>\n\n\n\n<h3 class=\"wp-block-heading\">Idrografia<\/h3>\n\n\n\n<p class=\"has-medium-font-size\">Si trova sullo spartiacque tra il bacino dell'Is\u00e8re a nord (valle della Valloirette, affluente dell'Arc e poi dell'Is\u00e8re) e il bacino della Durance a sud (valle della Guisane, affluente della Durance).<\/p>\n\n\n\n<h3 class=\"wp-block-heading\">Accesso<\/h3>\n\n\n\n<p class=\"has-medium-font-size\">La strada del Galibier (oggi D902 - ex RN202 - sia in Savoia che nelle Hautes-Alpes) fu costruita a partire dal 1874 e fu completata con lo scavo del tunnel nel 1891. La strada (sommitale) fu completata almeno nel 1884.<\/p>\n\n\n\n<p class=\"has-medium-font-size\">Collegamenti :<\/p>\n\n\n<div class=\"wp-block-image is-resized\">\n<figure class=\"aligncenter size-full\"><img loading=\"lazy\" decoding=\"async\" width=\"681\" height=\"607\" src=\"https:\/\/centcols.org\/wp-content\/uploads\/2023\/06\/Galibier-carte1.jpg\" alt=\"\" class=\"wp-image-89770\" srcset=\"https:\/\/centcols.org\/wp-content\/uploads\/2023\/06\/Galibier-carte1.jpg 681w, https:\/\/centcols.org\/wp-content\/uploads\/2023\/06\/Galibier-carte1-13x12.jpg 13w\" sizes=\"auto, (max-width: 681px) 100vw, 681px\" \/><\/figure>\n<\/div>\n\n\n<div class=\"wp-block-columns is-layout-flex wp-container-core-columns-is-layout-9d6595d7 wp-block-columns-is-layout-flex\">\n<div class=\"wp-block-column is-layout-flow wp-block-column-is-layout-flow\">\n<ul class=\"wp-block-list\">\n<li>a <strong>nord<\/strong>la Maurienne (valle dell'Is\u00e8re), Saint-Michel de Maurienne (a 35 km di distanza - alt. 730 m), passando per Valloire (a 18 km) e il Col du T\u00e9l\u00e9graphe - <a href=\"https:\/\/centcols.org\/it\/util\/geo\/visuGen.php\/?code=FR-73-1566\" target=\"_blank\" rel=\"noreferrer noopener\">FR-73-1566<\/a> - (28 km dal Col du Galibier), e Valloire (18 km - alt.<br>1430 m), poi Plan Lachat (a 8 km di distanza - alt. 1786 m) e (una decina di metri a destra della strada) Collet de Plan Nicolas - alt. 1786 m). <a href=\"https:\/\/centcols.org\/it\/util\/geo\/visuGen.php\/?code=FR-73-2406\" target=\"_blank\" rel=\"noreferrer noopener\">FR-73-2406<\/a> (2,8 km di distanza).<\/li>\n<\/ul>\n<\/div>\n\n\n\n<div class=\"wp-block-column is-layout-flow wp-block-column-is-layout-flow\">\n<ul class=\"wp-block-list\">\n<li>a <strong>sud<\/strong>il Col du Lautaret&nbsp;<a href=\"https:\/\/centcols.org\/it\/util\/geo\/visuGen.php\/?code=FR-05-2057\" target=\"_blank\" rel=\"noreferrer noopener\"> FR-05-2057 <\/a>- 9 km di distanza. Dal passo \u00e8 possibile raggiungere :<br><\/li>\n<\/ul>\n<\/div>\n<\/div>\n\n\n<div class=\"wp-block-image\">\n<figure class=\"aligncenter size-full is-resized\"><img loading=\"lazy\" decoding=\"async\" width=\"1200\" height=\"900\" src=\"https:\/\/centcols.org\/wp-content\/uploads\/2023\/06\/GALIBIER-MEIJE-P1000563-1200x900-1.jpg\" alt=\"\" class=\"wp-image-88033\" style=\"width:878px;height:auto\" srcset=\"https:\/\/centcols.org\/wp-content\/uploads\/2023\/06\/GALIBIER-MEIJE-P1000563-1200x900-1.jpg 1200w, https:\/\/centcols.org\/wp-content\/uploads\/2023\/06\/GALIBIER-MEIJE-P1000563-1200x900-1-768x576.jpg 768w\" sizes=\"auto, (max-width: 1200px) 100vw, 1200px\" \/><figcaption class=\"wp-element-caption\"><br><strong>Lato sud : <em>vista sul massiccio degli \u00c9crins (La Meije a destra) e sulla Route du Lautaret<\/em><\/strong><\/figcaption><\/figure>\n<\/div>\n\n<div class=\"wp-block-image\">\n<figure class=\"aligncenter size-full\"><img loading=\"lazy\" decoding=\"async\" width=\"887\" height=\"665\" src=\"https:\/\/centcols.org\/wp-content\/uploads\/2023\/06\/Galibier-versannt-nordJPG.jpg\" alt=\"\" class=\"wp-image-88034\" srcset=\"https:\/\/centcols.org\/wp-content\/uploads\/2023\/06\/Galibier-versannt-nordJPG.jpg 887w, https:\/\/centcols.org\/wp-content\/uploads\/2023\/06\/Galibier-versannt-nordJPG-768x576.jpg 768w\" sizes=\"auto, (max-width: 887px) 100vw, 887px\" \/><figcaption class=\"wp-element-caption\"><strong>Lato nord : <em>in discesa, il Collet de Plan Nicolas<\/em><\/strong><\/figcaption><\/figure>\n<\/div>\n\n\n<h2 class=\"wp-block-heading\">Modifica dell'accesso<\/h2>\n\n\n\n<p class=\"has-medium-font-size\">In seguito, questa strada \u00e8 stata oggetto di numerosi lavori e il percorso \u00e8 stato modificato pi\u00f9 volte.<\/p>\n\n\n\n<h3 class=\"wp-block-heading\"><strong>Percorso del versante meridionale<\/strong><\/h3>\n\n\n\n<p class=\"has-medium-font-size\">Il tracciato originario della strada sul versante meridionale era completamente diverso prima dell'inaugurazione di una nuova strada che si staccava da&nbsp;<a title=\"\" href=\"https:\/\/fr.wikipedia.org\/wiki\/Col_du_Lautaret\" target=\"_blank\" rel=\"noopener\"><strong>Col du Lautaret<\/strong><\/a>&nbsp;e il graduale abbandono di quello vecchio.<\/p>\n\n\n\n<ul class=\"wp-block-list\">\n<li><strong>Secondo la rivista TCF del settembre 1936<\/strong> Questo importante tratto dell'itinerario alpino doveva essere inaugurato l'anno scorso, in agosto, ma un eccezionale ritardo nello scioglimento delle nevi non ha permesso di completare i lavori nei tempi previsti e l'inaugurazione \u00e8 avvenuta solo nel luglio scorso. <em>(<strong>1936<\/strong>quindi)<\/em> che potesse essere aperto al traffico\". La stessa estate, il Presidente Albert Lebrun (in vacanza a Vizille) fu visto passeggiare lungo la strada, senza protocollo.<\/li>\n\n\n\n<li>Secondo <a href=\"https:\/\/fr.wikipedia.org\/wiki\/Col_du_Galibier\" target=\"_blank\" rel=\"noreferrer noopener\">Wikipedia<\/a>&nbsp; (riferendosi a un articolo di <a href=\"https:\/\/www.ledauphine.com\/savoie\/2011\/07\/20\/le-col-du-galibier-qui-permet-de-basculer-rapidement-vers-la-vallee-de-l-arc-le-brianconnais-ou\" target=\"_blank\" rel=\"noreferrer noopener\">Dauphin\u00e9 Lib\u00e9r\u00e9 2011<\/a> e il <a href=\"https:\/\/archive.wikiwix.com\/cache\/index2.php?url=http:\/\/www.memoire-du-cyclisme.eu\/dossiers\/dos_1911_1.php#federation=archive.wikiwix.com&amp;tab=url\" target=\"_blank\" rel=\"noreferrer noopener\">Memoria ciclistica<\/a>) la nuova strada non sarebbe stata inaugurata prima del <strong>1938<\/strong> mentre i documenti d'epoca riportano la data del 1936.<\/li>\n<\/ul>\n\n\n\n<p class=\"has-medium-font-size\"><em>Nel suo racconto <a href=\"https:\/\/cyclotouristes-grenoblois.assoconnect.com\/articles\/131198-cetait-en-1937-mon-premier-bra-par-paul-maillet\" target=\"_blank\" rel=\"noreferrer noopener\">Era il 1937... Il mio primo BRA<\/a> &nbsp;(archivi BRA), Paul Maillet ha indicato di aver scalato il Galibier per la nuova via, il che confermerebbe la data proposta dalla rivista TCF (e invaliderebbe la data secondo Wikipedia).<\/em>).<\/p>\n\n\n\n<p class=\"has-medium-font-size\">Il vecchio percorso, a est di quello attuale, si univa alla D1091 sotto il Col du Lautaret, poco sopra Sestri\u00e8res, e presentava una pendenza media molto pi\u00f9 elevata di quella attuale (gli ultimi sei chilometri a quasi 10 %), con un percorso pi\u00f9 breve ma un dislivello maggiore.<\/p>\n\n\n\n<div class=\"wp-block-media-text has-media-on-the-right is-stacked-on-mobile\" style=\"grid-template-columns:auto 40%\"><div class=\"wp-block-media-text__content\">\n<p>Una pista \"vaga\" segue il tracciato della vecchia strada ed \u00e8 ora utilizzata dagli appassionati di mountain bike downhill.<\/p>\n\n\n\n<p>Il vecchio e il nuovo percorso si fondono presso il monumento a Henri Desgrange e non si incontrano pi\u00f9.<br>attraversare solo una volta, in un punto leggermente al di sotto di questo monumento.<\/p>\n<\/div><figure class=\"wp-block-media-text__media\"><img loading=\"lazy\" decoding=\"async\" width=\"512\" height=\"512\" src=\"https:\/\/centcols.org\/wp-content\/uploads\/2023\/06\/7510bb8e-69ae-498b-9bae-3bc5e84cdaa01.jpg\" alt=\"\" class=\"wp-image-83341 size-full\" srcset=\"https:\/\/centcols.org\/wp-content\/uploads\/2023\/06\/7510bb8e-69ae-498b-9bae-3bc5e84cdaa01.jpg 512w, https:\/\/centcols.org\/wp-content\/uploads\/2023\/06\/7510bb8e-69ae-498b-9bae-3bc5e84cdaa01-150x150.jpg 150w\" sizes=\"auto, (max-width: 512px) 100vw, 512px\" \/><\/figure><\/div>\n\n\n\n<p class=\"has-medium-font-size\">Per maggiori dettagli, si veda l'articolo di Lucien Chevalier:<a href=\"https:\/\/cyclotouristes-grenoblois.assoconnect.com\/articles\/125949-une-histoire-de-la-route-du-col-du-galibier\"> Storia della strada del passo del Galibier .<\/a><\/p>\n\n\n\n<h3 class=\"wp-block-heading\">Percorso del versante nord<\/h3>\n\n\n\n<p class=\"has-medium-font-size\">La rampa di Bonnenuit, tra Valloire e Plan Lachat, che aveva una pendenza di 14 %, \u00e8 stata addolcita con la creazione di un lungo anello intorno alla frazione, lungo il fiume, riducendo notevolmente la difficolt\u00e0 del tratto prima di Plan Lachat. (data ???? - a valle di<br>Bonnenuit, una tripla freccia e l'indicazione 14% sulla carta Michelin 77 del 1980 e una singola freccia sulla carta 333 del 2002).<\/p>\n\n\n\n<h3 class=\"wp-block-heading\">Tunnel e valico geografico<\/h3>\n\n\n\n<p class=\"has-medium-font-size\">Il tunnel \u00e8 stato scavato nel 1891, a un'altitudine di 2.556 m sul lato nord e 2.555 m sul lato sud. <\/p>\n\n\n\n<p class=\"has-medium-font-size\">La strada originale passava sul passo geografico gi\u00e0 nel 1876 sul lato sud e su entrambi i lati al pi\u00f9 tardi nel 1884. La strada sommitale \u00e8 stata ripristinata negli anni Venti.<\/p>\n\n\n\n<p class=\"has-medium-font-size\">A causa della sua vetust\u00e0, il tunnel \u00e8 stato chiuso nel 1976. Il percorso attraverso il valico topografico (2.642 m) \u00e8 stato riaperto per la 3<sup>th<\/sup> volte, aggiungendo 1 km di strada su ogni pendio con una pendenza media di quasi 10 %.<\/p>\n\n\n\n<div class=\"wp-block-media-text has-media-on-the-right is-stacked-on-mobile\" style=\"grid-template-columns:auto 40%\"><div class=\"wp-block-media-text__content\">\n<p><strong>Dal 2002<\/strong>il tunnel rinnovato \u00e8 <strong>riaperto al traffico automobilistico<\/strong> (la struttura \u00e8 lunga 370 metri e larga 4 metri, il che consente solo il traffico alternato tramite semaforo), <strong>ma ancora chiuso alle biciclette<\/strong>Devono superare il vero passo e non possono evitare l'ultimo chilometro, la parte pi\u00f9 dura della salita.<\/p>\n<\/div><figure class=\"wp-block-media-text__media\"><img loading=\"lazy\" decoding=\"async\" width=\"1200\" height=\"900\" src=\"https:\/\/centcols.org\/wp-content\/uploads\/2023\/06\/Galibier-dernier-km-1200x9001-1.jpg\" alt=\"\" class=\"wp-image-83343 size-full\" srcset=\"https:\/\/centcols.org\/wp-content\/uploads\/2023\/06\/Galibier-dernier-km-1200x9001-1.jpg 1200w, https:\/\/centcols.org\/wp-content\/uploads\/2023\/06\/Galibier-dernier-km-1200x9001-1-768x576.jpg 768w\" sizes=\"auto, (max-width: 1200px) 100vw, 1200px\" \/><\/figure><\/div>\n\n\n\n<p class=\"has-text-align-right\">Nell'ultimo km<\/p>\n\n\n\n<h2 class=\"wp-block-heading\">Cosa vedere - turismo&nbsp;<\/h2>\n\n\n\n<h4 class=\"wp-block-heading has-medium-font-size\"><br>Lato nord<\/h4>\n\n\n\n<p class=\"has-medium-font-size\">Poco prima <strong>frazione di Bonnenuit<\/strong>a Roche Bernard, sul lato sinistro della strada (in<br>I resti della \"Barricade des pestif\u00e9r\u00e9s\" (barricata della peste). (Quando la peste arriv\u00f2 a Valloire nel XVII secolo, non c'era il vaccino e i malati di peste furono messi in quarantena. Il luogo di quarantena era Bonnenuit, perch\u00e9 si trovava in fondo alla valle - la strada per il Col du Galibier non esisteva).<br>La <strong>Fromagerie Coop\u00e9rative de la Vall\u00e9e des Arves<\/strong>&nbsp;apre - da met\u00e0 giugno a met\u00e0 settembre - un negozio a Les Granges du Galibier (altitudine 2300 m). Formaggio Beaufort!<br>Alle Granges du Galibier, nel giugno 2011, \u00e8 stata inaugurata una stele.&nbsp;<strong>Pantani per sempre<\/strong>&nbsp;\"in omaggio allo scalatore italiano Marco Pantani (morto nel 2004).<\/p>\n\n\n\n<h4 class=\"wp-block-heading has-medium-font-size\"><br>Lato sud<\/h4>\n\n\n\n<p class=\"has-medium-font-size\">Nella zona pianeggiante prima dell'ingresso del tunnel si trova il monumento (costruito nel 1949) a forma di grande colonna con l'iscrizione in rilievo al centro: A LA GLOIRE DE HENRI-DESGRANGE (1865-1940), ANCIEN DIRECTEUR DU JOURNAL L'AUTO, CREATEUR DU TOUR DE FRANCE CYCLISTE.<\/p>\n\n\n\n<h4 class=\"wp-block-heading has-medium-font-size\"><br>Sopra il colletto<\/h4>\n\n\n\n<p class=\"has-medium-font-size\">\"Nel 1988, il Parc des \u00c9crins ha eretto questa bella tavola di orientamento, che mostra le varie cime circostanti. Vi consigliamo di salirci, si trova a 5 minuti sopra la vetta del Col du Galibier: avrete una vista a 360\u00b0 sulle Hautes-Alpes e sulla Savoia\". Fonte : <a title=\"\" href=\"https:\/\/www.envie-de-brianconnais.com\/guide\/table-orientation-galibier\" target=\"_blank\" rel=\"noopener\">https:\/\/www.envie-de-<br>brianconnais.com\/guida\/orientamento-tavola-galibier<\/a><\/p>\n\n\n\n<h2 class=\"wp-block-heading\">Stato amministrativo<\/h2>\n\n\n\n<h3 class=\"wp-block-heading\">Attualmente<\/h3>\n\n\n\n<p class=\"has-medium-font-size\">Il Col du Galibier segna il confine tra i dipartimenti delle Hautes-Alpes (comune di &nbsp;<a title=\"\" href=\"https:\/\/fr.wikipedia.org\/wiki\/Le_Mon%C3%AAtier-les-Bains\" target=\"_blank\" rel=\"noopener\">Mon\u00eatier-les-Bains<\/a>) e Savoia (comune di <a title=\"\" href=\"https:\/\/fr.wikipedia.org\/wiki\/Valloire\" target=\"_blank\" rel=\"noopener\">Valloire<\/a>).<\/p>\n\n\n\n<h3 class=\"wp-block-heading\">La storia<\/h3>\n\n\n\n<p class=\"has-medium-font-size\">Fino al 1349, entrambi i versanti del passo facevano parte della&nbsp;<a title=\"\" href=\"https:\/\/fr.wikipedia.org\/wiki\/Saint-Empire_romain_germanique\" target=\"_blank\" rel=\"noopener\">Sacro Romano Impero<\/a>.<\/p>\n\n\n\n<p class=\"has-medium-font-size\">Il passo successivo,<\/p>\n\n\n\n<h4 class=\"wp-block-heading has-medium-font-size\">&nbsp;Lato nord :<\/h4>\n\n\n\n<div class=\"wp-block-media-text is-stacked-on-mobile\" style=\"grid-template-columns:40% auto\"><figure class=\"wp-block-media-text__media\"><img loading=\"lazy\" decoding=\"async\" width=\"700\" height=\"479\" src=\"https:\/\/centcols.org\/wp-content\/uploads\/2023\/06\/Borne-87-Galibier1.jpg\" alt=\"\" class=\"wp-image-83344 size-full\"\/><\/figure><div class=\"wp-block-media-text__content\">\n<ul class=\"wp-block-list\">\n<li>La Savoia fece parte del Sacro Romano Impero fino al 1720, quando fu creato il Regno di Sardegna;<\/li>\n\n\n\n<li>Dal 1720 al 1792: il Ducato di Savoia fa parte del Regno di Sardegna;<\/li>\n\n\n\n<li><a href=\"https:\/\/fr.wikipedia.org\/wiki\/Mont-Blanc_(d%C3%A9partement)\" target=\"_blank\" rel=\"noreferrer noopener\">Dipartimento del Monte Bianco<\/a>&nbsp;nel 1792 con l'annessione della Savoia alla Francia,&nbsp;<em>a causa di&nbsp;<a href=\"https:\/\/fr.wikipedia.org\/wiki\/Histoire_de_la_Savoie_de_1792_%C3%A0_1815#:~:text=plus%20fid%C3%A8les..%20%C2%BB-,L'invasion%20de%20la%20Savoie%20en%201792,par%20les%20Marches%20et%20Apremont.\" target=\"_blank\" rel=\"noreferrer noopener\">l'invasione della Savoia (attraverso le Marche e Apremont)<\/a>) nella notte tra il 21 e il 22 settembre 1792, da parte dell'Arm\u00e9e des Alpes francese, circa 15.000 uomini tra cui la<\/em>&nbsp;<em>Legione degli Allobrogi.<\/em><\/li>\n\n\n\n<li>Ritorno al Ducato di Savoia (Regno di Sardegna) con i Trattati di Parigi (1814 e 1815)<\/li>\n\n\n\n<li>Dipartimento della Savoia dopo l'annessione della Savoia alla Francia (Trattato di Torino 1860).<\/li>\n<\/ul>\n<\/div><\/div>\n\n\n\n<h4 class=\"wp-block-heading has-medium-font-size\">&nbsp;Lato sud<\/h4>\n\n\n\n<ul class=\"wp-block-list\">\n<li>Le <a href=\"https:\/\/fr.wikipedia.org\/wiki\/Dauphin%C3%A9_de_Viennois\" target=\"_blank\" rel=\"noreferrer noopener\">Delfinato di Viennois<\/a>&nbsp;era uno Stato, sotto l'autorit\u00e0 del&nbsp;<a href=\"https:\/\/fr.wikipedia.org\/wiki\/Liste_des_comtes_d%27Albon_puis_dauphins_de_Viennois\" target=\"_blank\" rel=\"noreferrer noopener\">conti di Albon<\/a>che ha assunto il titolo di&nbsp;<em>delfini<\/em>. Questa entit\u00e0 \u00e8 apparsa nell'antica Provenza ed \u00e8 stata una suddivisione del Sacro Romano Impero Germanico, a partire dalle sue origini ammesse nel xi<sup>e<\/sup>&nbsp;secolo fino a quando, nel 1349, entr\u00f2 a far parte del Regno di Francia.<\/li>\n\n\n\n<li>Dal 1349 al 1790: Provincia del Delfinato (<a href=\"https:\/\/fr.wikipedia.org\/wiki\/R%C3%A9publique_des_Escartons\" target=\"_blank\" rel=\"noreferrer noopener\">Repubblica di Escartons&nbsp;<\/a>di Brian\u00e7on con uno statuto speciale derivante da una carta delfinale del 29 maggio 1343, fino al 1789).<\/li>\n\n\n\n<li>Dal 1790: dipartimento delle Hautes-Alpes.<\/li>\n<\/ul>\n\n\n<div class=\"wp-block-image is-resized\">\n<figure class=\"aligncenter size-full\"><img loading=\"lazy\" decoding=\"async\" width=\"611\" height=\"284\" src=\"https:\/\/centcols.org\/wp-content\/uploads\/2025\/05\/Galibier-versants.jpg\" alt=\"\" class=\"wp-image-82489\"\/><\/figure>\n<\/div>\n\n\n<h2 class=\"wp-block-heading\">Ciclismo e cicloturismo<\/h2>\n\n\n\n<h3 class=\"wp-block-heading\">Giro di Francia<\/h3>\n\n\n\n<p class=\"has-medium-font-size\"><strong>Il Tour de France ha scalato per la prima volta il Col du Galibier il 10 luglio 1911.<\/strong> in una tappa di 366 chilometri da Chamonix a Grenoble.<\/p>\n\n\n\n<p class=\"has-medium-font-size\">Emile Georget, Paul Duboc e Gustave Garrigou hanno guidato il passo. Furono gli unici corridori a non aver mai messo piede sulla salita. Emile Georget ammise quell'anno di non aver \"mai visto nulla di pi\u00f9 difficile\".<\/p>\n\n\n\n<p class=\"has-medium-font-size\"><a title=\"\" href=\"https:\/\/fr.wikipedia.org\/wiki\/Col_du_Galibier\" target=\"_blank\" rel=\"noopener\">Wikipedia<\/a> elenca i corridori che hanno preso il comando dal 1911<\/p>\n\n\n\n<p class=\"has-medium-font-size\">Un monumento dedicato a Henri Desgrange \u00e8 stato costruito nel 1949 sul versante meridionale, poco prima dell'ingresso della galleria.<\/p>\n\n\n\n<h3 class=\"wp-block-heading\">BRA<\/h3>\n\n\n\n<div class=\"wp-block-media-text has-media-on-the-right is-stacked-on-mobile\" style=\"grid-template-columns:auto 40%\"><div class=\"wp-block-media-text__content\">\n<p><a href=\"https:\/\/cyclotourisme-grenoble-ctg.org\/bra\/un-peu-dhistoire-et-de-geographie-au-sujet-des-cols-du-bra-2023\/\" target=\"_blank\" rel=\"noreferrer noopener\">L'ARO<\/a> ha attraversato il Col du Galibier fin dalla sua creazione nel 1936.<\/p>\n\n\n\n<ul class=\"wp-block-list\">\n<li>Sul versante sud (Bourg d'Oisans e Col du Lautaret) dal 1936 al 1945<\/li>\n\n\n\n<li>Alternanza di versanti meridionali e settentrionali (Col du T\u00e9l\u00e9graphe e Valloire) dopo il 1945<\/li>\n\n\n\n<li>Dal nord dal 2017<\/li>\n<\/ul>\n\n\n\n<p>Il BRA 2015 non ha utilizzato il Col du Galibier a causa della frana. <a href=\"https:\/\/fr.wikipedia.org\/wiki\/Tunnel_du_Chambon\" target=\"_blank\" rel=\"noreferrer noopener\">il tunnel di Chambon.<\/a><\/p>\n<\/div><figure class=\"wp-block-media-text__media\"><img loading=\"lazy\" decoding=\"async\" width=\"1200\" height=\"900\" src=\"https:\/\/centcols.org\/wp-content\/uploads\/2023\/06\/BRA-2007-1200x9001-1.jpg\" alt=\"\" class=\"wp-image-83346 size-full\" srcset=\"https:\/\/centcols.org\/wp-content\/uploads\/2023\/06\/BRA-2007-1200x9001-1.jpg 1200w, https:\/\/centcols.org\/wp-content\/uploads\/2023\/06\/BRA-2007-1200x9001-1-768x576.jpg 768w\" sizes=\"auto, (max-width: 1200px) 100vw, 1200px\" \/><\/figure><\/div>\n\n\n\n<h2 class=\"wp-block-heading\">Marmotta<\/h2>\n\n\n\n<p class=\"has-medium-font-size\">Ogni anno, dal 1982, la Marmotte ciclosportiva ha affrontato il Col du Galibier dopo i passi del Glandon e del T\u00e9l\u00e9graphe, prima di terminare con i 21 pizzi dell'Alpe d'Huez.<\/p>\n\n\n\n<h3 class=\"wp-block-heading\">Profilo<\/h3>\n\n\n\n<p class=\"has-medium-font-size\">Su internet si trovano molti profili del Col du Galibier. Le percentuali indicate sono piuttosto... variabili.<\/p>\n\n\n\n<p class=\"has-medium-font-size\">La cosa migliore da fare \u00e8 tracciare il percorso su Openrunner e cliccare su \"vedi il profilo altimetrico\" ... come qui tra St-Michel-de-Maurienne e Brian\u00e7on :<\/p>\n\n\n\n<figure class=\"wp-block-image size-large\"><img loading=\"lazy\" decoding=\"async\" width=\"1920\" height=\"460\" src=\"https:\/\/centcols.org\/wp-content\/uploads\/2025\/05\/Galibier-profil-scaled-1-1920x460.jpeg\" alt=\"\" class=\"wp-image-82491\" srcset=\"https:\/\/centcols.org\/wp-content\/uploads\/2025\/05\/Galibier-profil-scaled-1-1920x460.jpeg 1920w, https:\/\/centcols.org\/wp-content\/uploads\/2025\/05\/Galibier-profil-scaled-1-1200x287.jpeg 1200w, https:\/\/centcols.org\/wp-content\/uploads\/2025\/05\/Galibier-profil-scaled-1-768x184.jpeg 768w, https:\/\/centcols.org\/wp-content\/uploads\/2025\/05\/Galibier-profil-scaled-1-1536x368.jpeg 1536w, https:\/\/centcols.org\/wp-content\/uploads\/2025\/05\/Galibier-profil-scaled-1-2048x490.jpeg 2048w\" sizes=\"auto, (max-width: 1920px) 100vw, 1920px\" \/><\/figure>\n\n\n\n<p class=\"has-medium-font-size\">E infine, <a href=\"https:\/\/photos.google.com\/share\/AF1QipPK7b5PbODk75HfczrFX7qvM8250SA86V3bwT5AIvex_ZxBgnhic9WKR8JskwNtiA?key=bTR0NkJiMElBMHVwbnBFRm5KTGhGRnB5aTBaaHBn\" target=\"_blank\" rel=\"noopener\" title=\"\">alcune immagini della Galibier<\/a><\/p>\n\n\n\n<p class=\"has-text-align-right\"><em><em>Un articolo di G\u00e9rard Galland<\/em><\/em><br><em><em> (e Bernard Giraudeau per la sezione geologia)<\/em><\/em><\/p>","protected":false},"excerpt":{"rendered":"<p>Toponymie Selon Wikipedia, l&rsquo;\u00e9tymologie de l&rsquo;oronyme&nbsp;Galibier est discut\u00e9e. Galibier serait issu d&rsquo;un radical d&rsquo;origine pr\u00e9-indoeurop\u00e9enne,&nbsp;gal&nbsp;variante de&nbsp;kal, la pierre, avec&nbsp;lup, la hauteur. Le&nbsp;toponyme&nbsp;Galibier d\u00e9signerait une hauteur pierreuse Situation g\u00e9ographique Massifs Le col du Galibier FR-05-2642a &#8211; est situ\u00e9 entre le&nbsp;massif des Arves&nbsp; avec \u00e0 l\u2019ouest du col le Pic des Trois Ev\u00e9ch\u00e9s (3.116 m) et le&nbsp;massif [&hellip;]<\/p>\n","protected":false},"author":3,"featured_media":82486,"comment_status":"closed","ping_status":"closed","sticky":false,"template":"","format":"standard","meta":{"_acf_changed":false,"footnotes":""},"categories":[308],"tags":[],"class_list":["post-82485","post","type-post","status-publish","format-standard","has-post-thumbnail","hentry","category-cols-en-vrac"],"acf":[],"yoast_head":"<!-- This site is optimized with the Yoast SEO plugin v27.2 - https:\/\/yoast.com\/product\/yoast-seo-wordpress\/ -->\n<title>Le col du Galibier - Club des Cent Cols<\/title>\n<meta name=\"robots\" content=\"index, follow, max-snippet:-1, max-image-preview:large, max-video-preview:-1\" \/>\n<link rel=\"canonical\" href=\"https:\/\/centcols.org\/it\/il-col-du-galibier\/\" \/>\n<meta property=\"og:locale\" content=\"it_IT\" \/>\n<meta property=\"og:type\" content=\"article\" \/>\n<meta property=\"og:title\" content=\"Le col du Galibier - Club des Cent Cols\" \/>\n<meta property=\"og:description\" content=\"Toponymie Selon Wikipedia, l&rsquo;\u00e9tymologie de l&rsquo;oronyme&nbsp;Galibier est discut\u00e9e. Galibier serait issu d&rsquo;un radical d&rsquo;origine pr\u00e9-indoeurop\u00e9enne,&nbsp;gal&nbsp;variante de&nbsp;kal, la pierre, avec&nbsp;lup, la hauteur. Le&nbsp;toponyme&nbsp;Galibier d\u00e9signerait une hauteur pierreuse Situation g\u00e9ographique Massifs Le col du Galibier FR-05-2642a &#8211; est situ\u00e9 entre le&nbsp;massif des Arves&nbsp; avec \u00e0 l\u2019ouest du col le Pic des Trois Ev\u00e9ch\u00e9s (3.116 m) et le&nbsp;massif [&hellip;]\" \/>\n<meta property=\"og:url\" content=\"https:\/\/centcols.org\/it\/il-col-du-galibier\/\" \/>\n<meta property=\"og:site_name\" content=\"Club des Cent Cols\" \/>\n<meta property=\"article:publisher\" content=\"https:\/\/www.facebook.com\/groups\/5261880558\/?locale=fr_FR\" \/>\n<meta property=\"article:published_time\" content=\"2023-06-19T12:27:45+00:00\" \/>\n<meta property=\"article:modified_time\" content=\"2025-11-05T16:45:09+00:00\" \/>\n<meta property=\"og:image\" content=\"https:\/\/centcols.org\/wp-content\/uploads\/2025\/05\/Galibier-Nord.jpg\" \/>\n\t<meta property=\"og:image:width\" content=\"294\" \/>\n\t<meta property=\"og:image:height\" content=\"217\" \/>\n\t<meta property=\"og:image:type\" content=\"image\/jpeg\" \/>\n<meta name=\"author\" content=\"Webmestre\" \/>\n<meta name=\"twitter:card\" content=\"summary_large_image\" \/>\n<meta name=\"twitter:label1\" content=\"Scritto da\" \/>\n\t<meta name=\"twitter:data1\" content=\"Webmestre\" \/>\n\t<meta name=\"twitter:label2\" content=\"Tempo di lettura stimato\" \/>\n\t<meta name=\"twitter:data2\" content=\"11 minuti\" \/>\n<script type=\"application\/ld+json\" class=\"yoast-schema-graph\">{\"@context\":\"https:\/\/schema.org\",\"@graph\":[{\"@type\":\"Article\",\"@id\":\"https:\/\/centcols.org\/le-col-du-galibier\/#article\",\"isPartOf\":{\"@id\":\"https:\/\/centcols.org\/le-col-du-galibier\/\"},\"author\":{\"name\":\"Webmestre\",\"@id\":\"https:\/\/centcols.org\/#\/schema\/person\/911b404fb133d8c913dd27cdcf71c8e5\"},\"headline\":\"Le col du Galibier\",\"datePublished\":\"2023-06-19T12:27:45+00:00\",\"dateModified\":\"2025-11-05T16:45:09+00:00\",\"mainEntityOfPage\":{\"@id\":\"https:\/\/centcols.org\/le-col-du-galibier\/\"},\"wordCount\":1891,\"publisher\":{\"@id\":\"https:\/\/centcols.org\/#organization\"},\"image\":{\"@id\":\"https:\/\/centcols.org\/le-col-du-galibier\/#primaryimage\"},\"thumbnailUrl\":\"https:\/\/centcols.org\/wp-content\/uploads\/2025\/05\/Galibier-Nord.jpg\",\"articleSection\":[\"Cols en vrac\"],\"inLanguage\":\"it-IT\"},{\"@type\":\"WebPage\",\"@id\":\"https:\/\/centcols.org\/le-col-du-galibier\/\",\"url\":\"https:\/\/centcols.org\/le-col-du-galibier\/\",\"name\":\"Le col du Galibier - Club des Cent Cols\",\"isPartOf\":{\"@id\":\"https:\/\/centcols.org\/#website\"},\"primaryImageOfPage\":{\"@id\":\"https:\/\/centcols.org\/le-col-du-galibier\/#primaryimage\"},\"image\":{\"@id\":\"https:\/\/centcols.org\/le-col-du-galibier\/#primaryimage\"},\"thumbnailUrl\":\"https:\/\/centcols.org\/wp-content\/uploads\/2025\/05\/Galibier-Nord.jpg\",\"datePublished\":\"2023-06-19T12:27:45+00:00\",\"dateModified\":\"2025-11-05T16:45:09+00:00\",\"breadcrumb\":{\"@id\":\"https:\/\/centcols.org\/le-col-du-galibier\/#breadcrumb\"},\"inLanguage\":\"it-IT\",\"potentialAction\":[{\"@type\":\"ReadAction\",\"target\":[\"https:\/\/centcols.org\/le-col-du-galibier\/\"]}]},{\"@type\":\"ImageObject\",\"inLanguage\":\"it-IT\",\"@id\":\"https:\/\/centcols.org\/le-col-du-galibier\/#primaryimage\",\"url\":\"https:\/\/centcols.org\/wp-content\/uploads\/2025\/05\/Galibier-Nord.jpg\",\"contentUrl\":\"https:\/\/centcols.org\/wp-content\/uploads\/2025\/05\/Galibier-Nord.jpg\",\"width\":294,\"height\":217},{\"@type\":\"BreadcrumbList\",\"@id\":\"https:\/\/centcols.org\/le-col-du-galibier\/#breadcrumb\",\"itemListElement\":[{\"@type\":\"ListItem\",\"position\":1,\"name\":\"Accueil\",\"item\":\"https:\/\/centcols.org\/\"},{\"@type\":\"ListItem\",\"position\":2,\"name\":\"Cols en vrac\",\"item\":\"https:\/\/centcols.org\/rubrique\/cols-en-vrac\/\"},{\"@type\":\"ListItem\",\"position\":3,\"name\":\"Le col du Galibier\"}]},{\"@type\":\"WebSite\",\"@id\":\"https:\/\/centcols.org\/#website\",\"url\":\"https:\/\/centcols.org\/\",\"name\":\"Club des Cent Cols\",\"description\":\"\",\"publisher\":{\"@id\":\"https:\/\/centcols.org\/#organization\"},\"potentialAction\":[{\"@type\":\"SearchAction\",\"target\":{\"@type\":\"EntryPoint\",\"urlTemplate\":\"https:\/\/centcols.org\/?s={search_term_string}\"},\"query-input\":{\"@type\":\"PropertyValueSpecification\",\"valueRequired\":true,\"valueName\":\"search_term_string\"}}],\"inLanguage\":\"it-IT\"},{\"@type\":\"Organization\",\"@id\":\"https:\/\/centcols.org\/#organization\",\"name\":\"Club des Cent Cols\",\"url\":\"https:\/\/centcols.org\/\",\"logo\":{\"@type\":\"ImageObject\",\"inLanguage\":\"it-IT\",\"@id\":\"https:\/\/centcols.org\/#\/schema\/logo\/image\/\",\"url\":\"https:\/\/centcols.org\/wp-content\/uploads\/2025\/01\/carte-icone.png\",\"contentUrl\":\"https:\/\/centcols.org\/wp-content\/uploads\/2025\/01\/carte-icone.png\",\"width\":250,\"height\":250,\"caption\":\"Club des Cent Cols\"},\"image\":{\"@id\":\"https:\/\/centcols.org\/#\/schema\/logo\/image\/\"},\"sameAs\":[\"https:\/\/www.facebook.com\/groups\/5261880558\/?locale=fr_FR\"]},{\"@type\":\"Person\",\"@id\":\"https:\/\/centcols.org\/#\/schema\/person\/911b404fb133d8c913dd27cdcf71c8e5\",\"name\":\"Webmestre\",\"image\":{\"@type\":\"ImageObject\",\"inLanguage\":\"it-IT\",\"@id\":\"https:\/\/centcols.org\/wp-content\/litespeed\/avatar\/2d246e4b6b4f773e08515e1ffc53690b.jpg?ver=1777222892\",\"url\":\"https:\/\/centcols.org\/wp-content\/litespeed\/avatar\/2d246e4b6b4f773e08515e1ffc53690b.jpg?ver=1777222892\",\"contentUrl\":\"https:\/\/centcols.org\/wp-content\/litespeed\/avatar\/2d246e4b6b4f773e08515e1ffc53690b.jpg?ver=1777222892\",\"caption\":\"Webmestre\"},\"url\":\"https:\/\/centcols.org\/it\/author\/webmestre\/\"}]}<\/script>\n<!-- \/ Yoast SEO plugin. -->","yoast_head_json":{"title":"Il Passo del Galibier - Club des Cent Cols","robots":{"index":"index","follow":"follow","max-snippet":"max-snippet:-1","max-image-preview":"max-image-preview:large","max-video-preview":"max-video-preview:-1"},"canonical":"https:\/\/centcols.org\/it\/il-col-du-galibier\/","og_locale":"it_IT","og_type":"article","og_title":"Le col du Galibier - Club des Cent Cols","og_description":"Toponymie Selon Wikipedia, l&rsquo;\u00e9tymologie de l&rsquo;oronyme&nbsp;Galibier est discut\u00e9e. Galibier serait issu d&rsquo;un radical d&rsquo;origine pr\u00e9-indoeurop\u00e9enne,&nbsp;gal&nbsp;variante de&nbsp;kal, la pierre, avec&nbsp;lup, la hauteur. Le&nbsp;toponyme&nbsp;Galibier d\u00e9signerait une hauteur pierreuse Situation g\u00e9ographique Massifs Le col du Galibier FR-05-2642a &#8211; est situ\u00e9 entre le&nbsp;massif des Arves&nbsp; avec \u00e0 l\u2019ouest du col le Pic des Trois Ev\u00e9ch\u00e9s (3.116 m) et le&nbsp;massif [&hellip;]","og_url":"https:\/\/centcols.org\/it\/il-col-du-galibier\/","og_site_name":"Club des Cent Cols","article_publisher":"https:\/\/www.facebook.com\/groups\/5261880558\/?locale=fr_FR","article_published_time":"2023-06-19T12:27:45+00:00","article_modified_time":"2025-11-05T16:45:09+00:00","og_image":[{"width":294,"height":217,"url":"https:\/\/centcols.org\/wp-content\/uploads\/2025\/05\/Galibier-Nord.jpg","type":"image\/jpeg"}],"author":"Webmestre","twitter_card":"summary_large_image","twitter_misc":{"Scritto da":"Webmestre","Tempo di lettura stimato":"11 minuti"},"schema":{"@context":"https:\/\/schema.org","@graph":[{"@type":"Article","@id":"https:\/\/centcols.org\/le-col-du-galibier\/#article","isPartOf":{"@id":"https:\/\/centcols.org\/le-col-du-galibier\/"},"author":{"name":"Webmestre","@id":"https:\/\/centcols.org\/#\/schema\/person\/911b404fb133d8c913dd27cdcf71c8e5"},"headline":"Le col du Galibier","datePublished":"2023-06-19T12:27:45+00:00","dateModified":"2025-11-05T16:45:09+00:00","mainEntityOfPage":{"@id":"https:\/\/centcols.org\/le-col-du-galibier\/"},"wordCount":1891,"publisher":{"@id":"https:\/\/centcols.org\/#organization"},"image":{"@id":"https:\/\/centcols.org\/le-col-du-galibier\/#primaryimage"},"thumbnailUrl":"https:\/\/centcols.org\/wp-content\/uploads\/2025\/05\/Galibier-Nord.jpg","articleSection":["Cols en vrac"],"inLanguage":"it-IT"},{"@type":"WebPage","@id":"https:\/\/centcols.org\/le-col-du-galibier\/","url":"https:\/\/centcols.org\/le-col-du-galibier\/","name":"Il Passo del Galibier - Club des Cent Cols","isPartOf":{"@id":"https:\/\/centcols.org\/#website"},"primaryImageOfPage":{"@id":"https:\/\/centcols.org\/le-col-du-galibier\/#primaryimage"},"image":{"@id":"https:\/\/centcols.org\/le-col-du-galibier\/#primaryimage"},"thumbnailUrl":"https:\/\/centcols.org\/wp-content\/uploads\/2025\/05\/Galibier-Nord.jpg","datePublished":"2023-06-19T12:27:45+00:00","dateModified":"2025-11-05T16:45:09+00:00","breadcrumb":{"@id":"https:\/\/centcols.org\/le-col-du-galibier\/#breadcrumb"},"inLanguage":"it-IT","potentialAction":[{"@type":"ReadAction","target":["https:\/\/centcols.org\/le-col-du-galibier\/"]}]},{"@type":"ImageObject","inLanguage":"it-IT","@id":"https:\/\/centcols.org\/le-col-du-galibier\/#primaryimage","url":"https:\/\/centcols.org\/wp-content\/uploads\/2025\/05\/Galibier-Nord.jpg","contentUrl":"https:\/\/centcols.org\/wp-content\/uploads\/2025\/05\/Galibier-Nord.jpg","width":294,"height":217},{"@type":"BreadcrumbList","@id":"https:\/\/centcols.org\/le-col-du-galibier\/#breadcrumb","itemListElement":[{"@type":"ListItem","position":1,"name":"Accueil","item":"https:\/\/centcols.org\/"},{"@type":"ListItem","position":2,"name":"Cols en vrac","item":"https:\/\/centcols.org\/rubrique\/cols-en-vrac\/"},{"@type":"ListItem","position":3,"name":"Le col du Galibier"}]},{"@type":"WebSite","@id":"https:\/\/centcols.org\/#website","url":"https:\/\/centcols.org\/","name":"Club des Cent Cols","description":"","publisher":{"@id":"https:\/\/centcols.org\/#organization"},"potentialAction":[{"@type":"SearchAction","target":{"@type":"EntryPoint","urlTemplate":"https:\/\/centcols.org\/?s={search_term_string}"},"query-input":{"@type":"PropertyValueSpecification","valueRequired":true,"valueName":"search_term_string"}}],"inLanguage":"it-IT"},{"@type":"Organization","@id":"https:\/\/centcols.org\/#organization","name":"Club des Cent Cols","url":"https:\/\/centcols.org\/","logo":{"@type":"ImageObject","inLanguage":"it-IT","@id":"https:\/\/centcols.org\/#\/schema\/logo\/image\/","url":"https:\/\/centcols.org\/wp-content\/uploads\/2025\/01\/carte-icone.png","contentUrl":"https:\/\/centcols.org\/wp-content\/uploads\/2025\/01\/carte-icone.png","width":250,"height":250,"caption":"Club des Cent Cols"},"image":{"@id":"https:\/\/centcols.org\/#\/schema\/logo\/image\/"},"sameAs":["https:\/\/www.facebook.com\/groups\/5261880558\/?locale=fr_FR"]},{"@type":"Person","@id":"https:\/\/centcols.org\/#\/schema\/person\/911b404fb133d8c913dd27cdcf71c8e5","name":"Webmaster","image":{"@type":"ImageObject","inLanguage":"it-IT","@id":"https:\/\/centcols.org\/wp-content\/litespeed\/avatar\/2d246e4b6b4f773e08515e1ffc53690b.jpg?ver=1777222892","url":"https:\/\/centcols.org\/wp-content\/litespeed\/avatar\/2d246e4b6b4f773e08515e1ffc53690b.jpg?ver=1777222892","contentUrl":"https:\/\/centcols.org\/wp-content\/litespeed\/avatar\/2d246e4b6b4f773e08515e1ffc53690b.jpg?ver=1777222892","caption":"Webmestre"},"url":"https:\/\/centcols.org\/it\/author\/webmestre\/"}]}},"_links":{"self":[{"href":"https:\/\/centcols.org\/it\/wp-json\/wp\/v2\/posts\/82485","targetHints":{"allow":["GET"]}}],"collection":[{"href":"https:\/\/centcols.org\/it\/wp-json\/wp\/v2\/posts"}],"about":[{"href":"https:\/\/centcols.org\/it\/wp-json\/wp\/v2\/types\/post"}],"author":[{"embeddable":true,"href":"https:\/\/centcols.org\/it\/wp-json\/wp\/v2\/users\/3"}],"replies":[{"embeddable":true,"href":"https:\/\/centcols.org\/it\/wp-json\/wp\/v2\/comments?post=82485"}],"version-history":[{"count":0,"href":"https:\/\/centcols.org\/it\/wp-json\/wp\/v2\/posts\/82485\/revisions"}],"wp:featuredmedia":[{"embeddable":true,"href":"https:\/\/centcols.org\/it\/wp-json\/wp\/v2\/media\/82486"}],"wp:attachment":[{"href":"https:\/\/centcols.org\/it\/wp-json\/wp\/v2\/media?parent=82485"}],"wp:term":[{"taxonomy":"category","embeddable":true,"href":"https:\/\/centcols.org\/it\/wp-json\/wp\/v2\/categories?post=82485"},{"taxonomy":"post_tag","embeddable":true,"href":"https:\/\/centcols.org\/it\/wp-json\/wp\/v2\/tags?post=82485"}],"curies":[{"name":"wp","href":"https:\/\/api.w.org\/{rel}","templated":true}]}}