{"id":82511,"date":"2023-07-12T14:38:22","date_gmt":"2023-07-12T12:38:22","guid":{"rendered":"https:\/\/centcols.org\/le-col-du-glandon\/"},"modified":"2025-10-20T20:28:04","modified_gmt":"2025-10-20T18:28:04","slug":"il-passo-della-ghianda","status":"publish","type":"post","link":"https:\/\/centcols.org\/it\/le-col-du-glandon\/","title":{"rendered":"Il Passo del Glandone"},"content":{"rendered":"<h2 class=\"wp-block-heading\">Toponomastica<\/h2>\n\n\n\n<p class=\"has-medium-font-size\">Il Passo del Glandone (<a href=\"https:\/\/centcols.org\/it\/util\/geo\/visu.php\/?code=FR-73-1924\" target=\"_blank\" rel=\"noopener\" title=\"\">FR-73-1924<\/a>) prende il nome da una localit\u00e0 del comune di&nbsp;<a href=\"https:\/\/fr.wikipedia.org\/wiki\/Saint-Colomban-des-Villards\" target=\"_blank\" rel=\"noopener\" title=\"\">Saint-Colomban-des-Villards<\/a>.<br>Al passo sorge il torrente omonimo.<\/p>\n\n\n\n<h2 class=\"wp-block-heading\">Posizione geografica<\/h2>\n\n\n\n<h3 class=\"wp-block-heading\">Massicci<\/h3>\n\n\n\n<p class=\"has-medium-font-size\">&nbsp;Il passo si trova al confine con la&nbsp;<a href=\"https:\/\/fr.wikipedia.org\/wiki\/Belledonne\" target=\"_blank\" rel=\"noopener\" title=\"\">Belledonne<\/a>&nbsp;e&nbsp;<a href=\"https:\/\/fr.wikipedia.org\/wiki\/Massif_des_Arves\" target=\"_blank\" rel=\"noopener\" title=\"\">Arves<\/a>a ovest del passo della Croix-de-Fer.&nbsp;<\/p>\n\n\n\n<h3 class=\"wp-block-heading\">Geologia<\/h3>\n\n\n\n<p class=\"has-medium-font-size\">Il Col du Glandon e il Col de la Croix de Fer sono geograficamente molto vicini, distano meno di 3 km l'uno dall'altro e si trovano entrambi nel massiccio delle Grandes Rousses.<\/p>\n\n\n<div class=\"wp-block-image is-resized\">\n<figure class=\"aligncenter size-full\"><img loading=\"lazy\" decoding=\"async\" width=\"987\" height=\"414\" src=\"https:\/\/centcols.org\/wp-content\/uploads\/2025\/05\/Glandon-photo.jpg\" alt=\"\" class=\"wp-image-82512\" style=\"width:800px\" srcset=\"https:\/\/centcols.org\/wp-content\/uploads\/2025\/05\/Glandon-photo.jpg 987w, https:\/\/centcols.org\/wp-content\/uploads\/2025\/05\/Glandon-photo-768x322.jpg 768w\" sizes=\"auto, (max-width: 987px) 100vw, 987px\" \/><\/figure>\n<\/div>\n\n\n<p class=\"has-medium-font-size\">Ma sono molto diversi in termini geologici. Seguendo la strada tra questi due passi, situati nella valle dell'Eau Dolle, il cambiamento della natura delle rocce - cristalline a sud e sedimentarie (calcare) a nord - si riflette in una differenza molto percepibile nella vegetazione e nella forma del rilievo.  L'intero massiccio a sud (Rochers de la Curiaz) sprofonda sotto il manto sedimentario dal Col du Glandon agli Chalets d'Olle.&nbsp;<\/p>\n\n\n<div class=\"wp-block-image is-resized\">\n<figure class=\"aligncenter size-full\"><img loading=\"lazy\" decoding=\"async\" width=\"921\" height=\"381\" src=\"https:\/\/centcols.org\/wp-content\/uploads\/2025\/05\/glandon-geologie.png\" alt=\"\" class=\"wp-image-82513\" style=\"width:800px\" srcset=\"https:\/\/centcols.org\/wp-content\/uploads\/2025\/05\/glandon-geologie.png 921w, https:\/\/centcols.org\/wp-content\/uploads\/2025\/05\/glandon-geologie-768x318.png 768w\" sizes=\"auto, (max-width: 921px) 100vw, 921px\" \/><\/figure>\n<\/div>\n\n\n<p class=\"has-medium-font-size\">I lettori interessati a questo argomento possono consultare l'esauriente articolo di&nbsp;<a href=\"http:\/\/www.geol-alp.com\/h_oisans\/_lieux\/Rousses\/glandon.html\" target=\"_blank\" rel=\"noopener\" title=\"\">geol-alp.com<\/a>&nbsp;<\/p>\n\n\n\n<h3 class=\"wp-block-heading\">Idrografia<\/h3>\n\n\n\n<p class=\"has-medium-font-size\"><strong>Lato sud (lato Is\u00e8re)<\/strong>&nbsp;Valle dell'Eau d'Olle. <br>L'eau d'Olle \u00e8 un affluente della Romanche, che nasce nei pressi del Col de la Croix de Fer.<\/p>\n\n\n\n<p class=\"has-medium-font-size\"><strong>Lato nord (lato Savoia) : <\/strong>il Glandon nasce vicino al Col e scorre lungo la valle dei Villards prima di sfociare nell'Arc a Saint-Avre, dopo aver attraversato la A43 su un ponte canale.<\/p>\n\n\n\n<p class=\"has-medium-font-size\">Si tratta di un <a href=\"https:\/\/www.st-etienne-cuines.fr\/sortir\/musee-ouvert\/le-glandon-un-torrent-capricieux\/\" target=\"_blank\" rel=\"noopener\" title=\"\">torrente capriccioso<\/a> :<\/p>\n\n\n\n<figure class=\"wp-block-image size-full\"><img loading=\"lazy\" decoding=\"async\" width=\"508\" height=\"81\" src=\"https:\/\/centcols.org\/wp-content\/uploads\/2025\/05\/Glandon-capricieux.jpg\" alt=\"\" class=\"wp-image-82514\"\/><\/figure>\n\n\n\n<h3 class=\"wp-block-heading\">Accesso<\/h3>\n\n\n\n<p class=\"has-medium-font-size\"><strong>Lato Is\u00e8re<\/strong><\/p>\n\n\n\n<p class=\"has-medium-font-size\">L'accesso \u00e8 condiviso con il Col de la Croix de Fer fino all'incrocio D926 \/ D927 (alt. 1907 m), a 200 m dal Col du Glandon e a 2,7 km dal Col de la Croix de Fer.<\/p>\n\n\n\n<p class=\"has-medium-font-size\">La D526 parte da Rochetaill\u00e9e (a 30 km, alt. 711 m), attraversa Allemond (a 27 km), supera la diga di Verneys e costeggia il lago (sponda sinistra), attraversa il Rivier d'Allemond (a 15 km, alt. 1264 m), in prossimit\u00e0 della diga di Grand'Maison (a 7 km, alt. 1720 m) e segue la sponda destra del lago, diventando la D926 quando attraversa il Rieu Claret (a 4 km, confine tra Is\u00e8re e Savoia, alt. 1773 m) prima di confluire nella D926. 1720 m), segue la riva destra del lago e diventa D926 quando attraversa il Rieu Claret (a 4 km, confine tra Is\u00e8re e Savoia, alt. 1773 m) prima di congiungersi con la D927 verso il Col de la Croix de Fer.<\/p>\n\n\n<div class=\"wp-block-image is-resized\">\n<figure class=\"aligncenter size-full\"><img loading=\"lazy\" decoding=\"async\" width=\"964\" height=\"822\" src=\"https:\/\/centcols.org\/wp-content\/uploads\/2025\/05\/Glandon-carte.jpg\" alt=\"\" class=\"wp-image-82515\" style=\"width:800px\" srcset=\"https:\/\/centcols.org\/wp-content\/uploads\/2025\/05\/Glandon-carte.jpg 964w, https:\/\/centcols.org\/wp-content\/uploads\/2025\/05\/Glandon-carte-768x655.jpg 768w\" sizes=\"auto, (max-width: 964px) 100vw, 964px\" \/><\/figure>\n<\/div>\n\n\n<p class=\"has-medium-font-size\"><strong>Lato Savoia<\/strong><\/p>\n\n\n\n<p class=\"has-medium-font-size\">La D927 d\u00e0 accesso al Col du Glandon (<a href=\"https:\/\/centcols.org\/it\/util\/geo\/visu.php\/?code=FR-73-1924\" target=\"_blank\" rel=\"noopener\" title=\"\">FR-73-1924<\/a>) dalla Maurienne (Saint-Etienne de Cuines a 21 km - alt. 450 m) passando per Saint-Colomban-des-Villards (10 km dal passo - alt. 1100 m).<\/p>\n\n\n\n<h2 class=\"wp-block-heading\">Modifica dell'accesso<\/h2>\n\n\n\n<p class=\"has-medium-font-size\"><strong>Lato Is\u00e8re <\/strong>(condiviso con il Col de la Croix de Fer)<\/p>\n\n\n\n<p class=\"has-medium-font-size\">La strada \u00e8 stata costruita nel 1898 (e ampliata fino al passo della Croix de Fer nel 1912).<\/p>\n\n\n\n<p class=\"has-medium-font-size\">Alla fine del XX<sup>th<\/sup>&nbsp;secolo due cambiamenti:<\/p>\n\n\n\n<ul class=\"wp-block-list\">\n<li>Il percorso \u00e8 stato modificato con la costruzione della&nbsp;<a href=\"https:\/\/fr.wikipedia.org\/wiki\/Barrage_de_Grand%27Maison\" target=\"_blank\" rel=\"noreferrer noopener\">Diga Grand-Maison<\/a>&nbsp;dal 1978 al 1985. La strada sovrasta leggermente il lago (circa cinquanta metri) prima di scendere leggermente verso l'Eau d'Olle.<\/li>\n\n\n\n<li>Il 23 aprile 1989, un&nbsp;<a href=\"http:\/\/www.irma-grenoble.com\/04risques_isere\/00commune_evenements_fiche.php?id_evenements=771\" target=\"_blank\" rel=\"noreferrer noopener\">Frana dal Pic Bunard&nbsp;<\/a>&nbsp;(300-400 m)<sup>3<\/sup>&nbsp;di rocce) ha spazzato via la strada (sponda destra dell'Eau d'Olle) sopra il Rivier d'Allemond all'altezza della cascata di Maupas. La strada \u00e8 stata ricostruita sulla riva sinistra per 2 km, con una discesa (62 m in 600 m) per attraversare il torrente e poi una salita abbastanza ripida (11% per il primo chilometro). La vecchia strada \u00e8 ancora visibile lungo la sponda destra della montagna.&nbsp;<em>(\u00c8 stato un anno con Marmotte e BRA.  Una nuova strada \u00e8 stata costruita in 2 mesi! Un miracolo di decisione).<\/em><\/li>\n<\/ul>\n\n\n<div class=\"wp-block-image is-resized\">\n<figure class=\"aligncenter size-full\"><img loading=\"lazy\" decoding=\"async\" width=\"992\" height=\"744\" src=\"https:\/\/centcols.org\/wp-content\/uploads\/2025\/05\/EBOULEMENT-MAUPAS.jpg\" alt=\"\" class=\"wp-image-82516\" style=\"width:800px\" srcset=\"https:\/\/centcols.org\/wp-content\/uploads\/2025\/05\/EBOULEMENT-MAUPAS.jpg 992w, https:\/\/centcols.org\/wp-content\/uploads\/2025\/05\/EBOULEMENT-MAUPAS-768x576.jpg 768w\" sizes=\"auto, (max-width: 992px) 100vw, 992px\" \/><figcaption class=\"wp-element-caption\"><em>La frana del 1989 dal Pic Bunard; in basso a destra, la nuova strada che corre lungo la riva sinistra dell'Eau D'Olle verso il Col du Glandon.&nbsp;<\/em><br><em>In alto a destra, il monte Rissou, che domina la gola di Maupas.&nbsp; <a href=\"http:\/\/forayrandobrie.free.fr\/Belledonne\/Belledonne1314\/index_fichiers\/Page1126.htm\" target=\"_blank\" rel=\"noopener\" title=\"\">Fonte : forayrandobrie.free.fr\/Belledonne<\/a><\/em><\/figcaption><\/figure>\n<\/div>\n\n\n<p class=\"has-medium-font-size\"><strong>Lato Savoia<\/strong><\/p>\n\n\n\n<p class=\"has-medium-font-size\">In epoca romana<strong>&nbsp;Passo del Glandone<\/strong>&nbsp;costituiva un collegamento tra le regioni dell'Oisans e della Maurienne, scendendo attraverso la valle del Villards.<\/p>\n\n\n\n<h2 class=\"wp-block-heading\">Cosa vedere - turismo\u00a0<\/h2>\n\n\n\n<h4 class=\"wp-block-heading has-medium-font-size\">Lato Is\u00e8re (condiviso con il Col de la Croix de Fer)<\/h4>\n\n\n\n<p class=\"has-medium-font-size\">La <strong><a href=\"https:\/\/france3-regions.francetvinfo.fr\/auvergne-rhone-alpes\/isere\/video-immersion-a-la-centrale-hydroelectrique-de-grand-maison-en-isere-la-plus-puissante-d-europe-2274700.html\" target=\"_blank\" rel=\"noopener\" title=\"\">Centrale elettrica di Grand'Maison<\/a><\/strong> \u00e8 una stazione di trasferimento dell'energia pompata (PETS). <\/p>\n\n\n\n<p class=\"has-medium-font-size\">Una restrizione maggiore (<strong>Lago Grand'Maison<\/strong>(1.695 m) \u00e8 collegato tramite condotte forzate a un bacino inferiore, il <strong>Serbatoio di Le Verney,<\/strong> 900 m sotto il livello della centrale elettrica <strong>(Lac du Verney<\/strong>725 m, 15 milioni di m\u00b3 di acqua). Durante i periodi di consumo elevato, la centrale elettrica mette in turbina l'acqua del serbatoio superiore. L'acqua fluisce quindi nel serbatoio a valle. Nei periodi non di punta, soprattutto di notte e nei fine settimana, l'acqua del serbatoio inferiore viene pompata nel serbatoio superiore.<\/p>\n\n\n\n<p class=\"has-medium-font-size\">In questo modo, il sistema pu\u00f2 accumulare energia e rispondere rapidamente ai picchi di domanda. <\/p>\n\n\n\n<p class=\"has-medium-font-size\">\u00c8 la diga pi\u00f9 potente d'Europa e produce l'equivalente di 2 reattori nucleari di vecchia generazione.<\/p>\n\n\n\n<figure class=\"wp-block-image size-full is-resized\"><img loading=\"lazy\" decoding=\"async\" width=\"1200\" height=\"680\" src=\"https:\/\/centcols.org\/wp-content\/uploads\/2025\/05\/Glandon-Gd-Maison.jpg\" alt=\"\" class=\"wp-image-82517\" style=\"width:800px\" srcset=\"https:\/\/centcols.org\/wp-content\/uploads\/2025\/05\/Glandon-Gd-Maison.jpg 1200w, https:\/\/centcols.org\/wp-content\/uploads\/2025\/05\/Glandon-Gd-Maison-768x435.jpg 768w\" sizes=\"auto, (max-width: 1200px) 100vw, 1200px\" \/><\/figure>\n\n\n\n<p class=\"has-medium-font-size\">Le <strong><a href=\"https:\/\/www.edf.fr\/groupe-edf\/agir-en-entreprise-responsable\/fondation-et-mecenat-patrimoine-sport\/site-emblematique-grandmaison-hydrelec\/hydrelec-un-musee-dedie-a-lhydroelectricite\" target=\"_blank\" rel=\"noopener\" title=\"\">Museo EDF Hydr\u00e9lec<\/a><\/strong> tra la strada e il Lac du Verney \u00e8 stato aggiudicato il&nbsp;<em>Museo di Francia<\/em>&nbsp;e presenta collezioni uniche dell'arco alpino che vanno dal XIX secolo ai giorni nostri.<sup>e<\/sup>&nbsp;secolo e xx<sup>e<\/sup>&nbsp;secolo. Un percorso scenografico rende omaggio agli scienziati, agli ingegneri, ai tecnici e ai lavoratori coinvolti nella creazione di centrali idroelettriche e dighe.<\/p>\n\n\n\n<h4 class=\"wp-block-heading has-medium-font-size\">Al passo<\/h4>\n\n\n\n<div class=\"wp-block-media-text has-media-on-the-right is-stacked-on-mobile\" style=\"grid-template-columns:auto 40%\"><div class=\"wp-block-media-text__content\">\n<p>A <strong>memoriale<\/strong> in cima al passo ricorda che nei mesi di luglio e agosto 1944, mentre si preparavano gli sbarchi in Provenza, il Gruppo Mobile 5 della macchia di Oisans respinse temporaneamente un attacco tedesco nei pressi del passo.<\/p>\n<\/div><figure class=\"wp-block-media-text__media\"><img loading=\"lazy\" decoding=\"async\" width=\"1200\" height=\"900\" src=\"https:\/\/centcols.org\/wp-content\/uploads\/2023\/07\/P1020418-stele-situee-au-col-du-Glandon-revue-1200x9001-1.jpg\" alt=\"\" class=\"wp-image-83297 size-full\" srcset=\"https:\/\/centcols.org\/wp-content\/uploads\/2023\/07\/P1020418-stele-situee-au-col-du-Glandon-revue-1200x9001-1.jpg 1200w, https:\/\/centcols.org\/wp-content\/uploads\/2023\/07\/P1020418-stele-situee-au-col-du-Glandon-revue-1200x9001-1-768x576.jpg 768w\" sizes=\"auto, (max-width: 1200px) 100vw, 1200px\" \/><\/figure><\/div>\n\n\n\n<p class=\"has-medium-font-size\">Sopra il parcheggio del Col du Glandon, sono stati eretti quattro pilastri che offrono una vista diretta sul Monte Bianco.<\/p>\n\n\n<div class=\"wp-block-image is-resized\">\n<figure class=\"aligncenter size-full\"><img loading=\"lazy\" decoding=\"async\" width=\"767\" height=\"436\" src=\"https:\/\/centcols.org\/wp-content\/uploads\/2025\/05\/Glandon-piliers.jpg\" alt=\"\" class=\"wp-image-82518\" style=\"width:800px\"\/><\/figure>\n<\/div>\n\n\n<h2 class=\"wp-block-heading\">Stato amministrativo<\/h2>\n\n\n\n<h3 class=\"wp-block-heading\">Attualmente<\/h3>\n\n\n\n<p class=\"has-medium-font-size\">Entrambi i versanti del passo si trovano nel dipartimento della Savoia (Commune de <a href=\"https:\/\/fr.wikipedia.org\/wiki\/Saint-Colomban-des-Villards\">Saint-Colomban-des-Villards<\/a>).<\/p>\n\n\n\n<p class=\"has-medium-font-size\">Il confine tra Is\u00e8re e Savoia si trova sul versante dell'Is\u00e8re presso il Pont du Rieu Claret (1730 m), a 3,8 km dal passo.<\/p>\n\n\n\n<h3 class=\"wp-block-heading\">La storia<\/h3>\n\n\n\n<p class=\"has-medium-font-size\">Perch\u00e9 il confine dell'Is\u00e8re \/ Savoia non si trova sul LPE Arc \/ Is\u00e8re?&nbsp;<em>(cio\u00e8 i passi della Croix de Fer e del Glandon).<\/em><\/p>\n\n\n\n<p class=\"has-medium-font-size\"><strong>Secondo&nbsp;<a href=\"https:\/\/www.oisans.com\/decouvrir\/les-incontournables\/col-glandon-col-de-croix-de-fer\/\" target=\"_blank\" rel=\"noopener\" title=\"\">\"oisans.com<\/a><\/strong><\/p>\n\n\n\n<p class=\"has-medium-font-size\">Fino al 1860, il passo del Sabot segnava il confine tra Francia e Savoia. Vaujany, sulla route des cols, era allora dotato di un&nbsp;<strong>ufficio di frontiera<\/strong>&nbsp;per proteggere la provincia del Delfinato. ... \/ ... Dove ora si estende il bacino della Grand'Maison,&nbsp;<strong>in passato, vasti pascoli alpini erano condivisi tra francesi e savoiardi<\/strong>. La Grand'Maison era un grande edificio utilizzato per ospitare i pastori. Informazioni completate da&nbsp;<strong>\"&nbsp;<a href=\"https:\/\/www.isere-tourisme.com\/patrimoine-naturel\/au-col-du-sabot-2100-m\" target=\"_blank\" rel=\"noopener\" title=\"\">Is\u00e8re-Tourisme&nbsp;<\/a>\"&nbsp;<\/strong>Dietro il Col du Sabot c'era un posto di frontiera, di cui esistono ancora alcune rovine.&nbsp;<\/p>\n\n\n\n<p class=\"has-medium-font-size\"><strong>ChatGPT completa queste informazioni<\/strong> (senza citare le fonti):<\/p>\n\n\n\n<p class=\"has-medium-font-size\">\"La regione intorno ai passi della Croix de Fer e del Glandon \u00e8 un'area di pascoli montani in cui i contadini savoiardi e del Delfinato hanno praticato l'agricoltura per secoli. Gli abitanti dei due versanti avevano rapporti stretti e spesso condividevano pascoli e terreni agricoli.<\/p>\n\n\n\n<p class=\"has-medium-font-size\">Quando il confine fu definito nell'ambito del Trattato di Torino del 1860, era importante ridurre al minimo i disagi per la popolazione locale. Fissare il confine sul Rieu Claret, un corso d'acqua chiaramente identificabile, ha permesso di mantenere i diritti d'uso tradizionali degli agricoltori su entrambi i lati del confine\".<\/p>\n\n\n\n<h2 class=\"wp-block-heading\">Ciclismo e cicloturismo<\/h2>\n\n\n\n<h3 class=\"wp-block-heading\">Giro di Francia<\/h3>\n\n\n\n<p class=\"has-medium-font-size\">Il Tour de France ha scalato questo passo per la prima volta nel 1947.<\/p>\n\n\n\n<h3 class=\"wp-block-heading\">BRA<\/h3>\n\n\n\n<p class=\"has-medium-font-size\">Nella sua versione tradizionale, la BRA non utilizzava il Col du Glandon (passa per il bivio a 200 m dal passo sulla strada per il Col de la Croix de Fer).<\/p>\n\n\n\n<p class=\"has-medium-font-size\">Tuttavia :<\/p>\n\n\n\n<ul class=\"wp-block-list\">\n<li>Nel 2015, con la chiusura del tunnel dello Chambon che ha reso impossibile l'utilizzo del Col du Galibier, \u00e8 stato attuato il piano B, con il Col du Glandon, i 18 pizzi di Montvernier e i Cols du Mollard e de la Croix de Fer.<\/li>\n\n\n\n<li>Nel 2019, dopo il ristoro al Col de la Croix de Fer, ci sar\u00e0 un'inversione di marcia e la discesa del Glandon per scalare i tornanti di Montvernier.<\/li>\n<\/ul>\n\n\n\n<h3 class=\"wp-block-heading\">Marmotta<\/h3>\n\n\n\n<p class=\"has-medium-font-size\">Dalla sua nascita nel 1982 al 1999, la corsa ciclosportiva \"La Marmotte\" si \u00e8 svolta sul Col de La Croix de Fer, prima di passare al Col du Glandon.<\/p>\n\n\n\n<p class=\"has-medium-font-size\">Nel 2023, il Glandon non era pi\u00f9 in programma e il percorso comprendeva il Col de la Croix de Fer (e il Col du Mollard).<\/p>\n\n\n\n<h3 class=\"wp-block-heading\">Profilo<\/h3>\n\n\n\n<p class=\"has-medium-font-size\">Su internet si trovano molti profili del Col du Glandon. Le percentuali indicate sono piuttosto... variabili.<\/p>\n\n\n\n<p class=\"has-medium-font-size\">Il modo migliore per farlo \u00e8 tracciare il percorso su Openrunner e cliccare su \"vedi profilo altimetrico\" ... come qui tra Rochetaill\u00e9e (Is\u00e8re) e La Chambre (Savoia) :<\/p>\n\n\n\n<figure class=\"wp-block-image size-large\"><img loading=\"lazy\" decoding=\"async\" width=\"1920\" height=\"512\" src=\"https:\/\/centcols.org\/wp-content\/uploads\/2025\/05\/Glandon-Profil-scaled-1-1920x512.jpeg\" alt=\"\" class=\"wp-image-82519\" srcset=\"https:\/\/centcols.org\/wp-content\/uploads\/2025\/05\/Glandon-Profil-scaled-1-1920x512.jpeg 1920w, https:\/\/centcols.org\/wp-content\/uploads\/2025\/05\/Glandon-Profil-scaled-1-1200x320.jpeg 1200w, https:\/\/centcols.org\/wp-content\/uploads\/2025\/05\/Glandon-Profil-scaled-1-768x205.jpeg 768w, https:\/\/centcols.org\/wp-content\/uploads\/2025\/05\/Glandon-Profil-scaled-1-1536x410.jpeg 1536w, https:\/\/centcols.org\/wp-content\/uploads\/2025\/05\/Glandon-Profil-scaled-1-2048x546.jpeg 2048w\" sizes=\"auto, (max-width: 1920px) 100vw, 1920px\" \/><\/figure>\n\n\n\n<p class=\"has-medium-font-size\">E, infine, alcune immagini sul <a href=\"https:\/\/photos.google.com\/share\/AF1QipNUY8MWRR6tpN6-_6JnRAzdohNr0gCjlPkL_F4usBghZoTmF3xzs-fg8P3LImWI2Q?key=dDhoYW9vaXdNLXo0cURlaHdYMHE4YUxDS28wX3lR\" target=\"_blank\" rel=\"noopener\" title=\"\">Croix de Fer e du Glandon<\/a><\/p>\n\n\n\n<p class=\"has-text-align-right\"><em>Un articolo di G\u00e9rard Galland (e Bernard Giraudeau per la sezione geologia)<\/em><\/p>","protected":false},"excerpt":{"rendered":"<p>Toponymie Le col du Glandon (FR-73-1924) &nbsp;prend son nom d&rsquo;un&nbsp;lieu-dit&nbsp;de la commune de&nbsp;Saint-Colomban-des-Villards.Un torrent&nbsp;\u00e9ponyme&nbsp;prend sa source au col. Situation g\u00e9ographique Massifs &nbsp;Le col se trouve \u00e0 la limite des massifs de&nbsp;Belledonne&nbsp;et des&nbsp;Arves, \u00e0 l&rsquo;ouest du&nbsp;col de la Croix-de-Fer.&nbsp; G\u00e9ologie Le col du Glandon et le col de la Croix de Fer sont g\u00e9ographiquement tr\u00e8s proches [&hellip;]<\/p>\n","protected":false},"author":3,"featured_media":83299,"comment_status":"closed","ping_status":"closed","sticky":false,"template":"","format":"standard","meta":{"_acf_changed":false,"footnotes":""},"categories":[308],"tags":[],"class_list":["post-82511","post","type-post","status-publish","format-standard","has-post-thumbnail","hentry","category-cols-en-vrac"],"acf":[],"yoast_head":"<!-- This site is optimized with the Yoast SEO plugin v27.2 - https:\/\/yoast.com\/product\/yoast-seo-wordpress\/ -->\n<title>Le col du Glandon - Club des Cent Cols<\/title>\n<meta name=\"robots\" content=\"index, follow, max-snippet:-1, max-image-preview:large, max-video-preview:-1\" \/>\n<link rel=\"canonical\" href=\"https:\/\/centcols.org\/it\/il-passo-della-ghianda\/\" \/>\n<meta property=\"og:locale\" content=\"it_IT\" \/>\n<meta property=\"og:type\" content=\"article\" \/>\n<meta property=\"og:title\" content=\"Le col du Glandon - Club des Cent Cols\" \/>\n<meta property=\"og:description\" content=\"Toponymie Le col du Glandon (FR-73-1924) &nbsp;prend son nom d&rsquo;un&nbsp;lieu-dit&nbsp;de la commune de&nbsp;Saint-Colomban-des-Villards.Un torrent&nbsp;\u00e9ponyme&nbsp;prend sa source au col. Situation g\u00e9ographique Massifs &nbsp;Le col se trouve \u00e0 la limite des massifs de&nbsp;Belledonne&nbsp;et des&nbsp;Arves, \u00e0 l&rsquo;ouest du&nbsp;col de la Croix-de-Fer.&nbsp; G\u00e9ologie Le col du Glandon et le col de la Croix de Fer sont g\u00e9ographiquement tr\u00e8s proches [&hellip;]\" \/>\n<meta property=\"og:url\" content=\"https:\/\/centcols.org\/it\/il-passo-della-ghianda\/\" \/>\n<meta property=\"og:site_name\" content=\"Club des Cent Cols\" \/>\n<meta property=\"article:publisher\" content=\"https:\/\/www.facebook.com\/groups\/5261880558\/?locale=fr_FR\" \/>\n<meta property=\"article:published_time\" content=\"2023-07-12T12:38:22+00:00\" \/>\n<meta property=\"article:modified_time\" content=\"2025-10-20T18:28:04+00:00\" \/>\n<meta property=\"og:image\" content=\"https:\/\/centcols.org\/wp-content\/uploads\/2023\/07\/glandon.jpg\" \/>\n\t<meta property=\"og:image:width\" content=\"1280\" \/>\n\t<meta property=\"og:image:height\" content=\"720\" \/>\n\t<meta property=\"og:image:type\" content=\"image\/jpeg\" \/>\n<meta name=\"author\" content=\"Webmestre\" \/>\n<meta name=\"twitter:card\" content=\"summary_large_image\" \/>\n<meta name=\"twitter:label1\" content=\"Scritto da\" \/>\n\t<meta name=\"twitter:data1\" content=\"Webmestre\" \/>\n\t<meta name=\"twitter:label2\" content=\"Tempo di lettura stimato\" \/>\n\t<meta name=\"twitter:data2\" content=\"10 minuti\" \/>\n<script type=\"application\/ld+json\" class=\"yoast-schema-graph\">{\"@context\":\"https:\/\/schema.org\",\"@graph\":[{\"@type\":\"Article\",\"@id\":\"https:\/\/centcols.org\/le-col-du-glandon\/#article\",\"isPartOf\":{\"@id\":\"https:\/\/centcols.org\/le-col-du-glandon\/\"},\"author\":{\"name\":\"Webmestre\",\"@id\":\"https:\/\/centcols.org\/#\/schema\/person\/911b404fb133d8c913dd27cdcf71c8e5\"},\"headline\":\"Le col du Glandon\",\"datePublished\":\"2023-07-12T12:38:22+00:00\",\"dateModified\":\"2025-10-20T18:28:04+00:00\",\"mainEntityOfPage\":{\"@id\":\"https:\/\/centcols.org\/le-col-du-glandon\/\"},\"wordCount\":1611,\"publisher\":{\"@id\":\"https:\/\/centcols.org\/#organization\"},\"image\":{\"@id\":\"https:\/\/centcols.org\/le-col-du-glandon\/#primaryimage\"},\"thumbnailUrl\":\"https:\/\/centcols.org\/wp-content\/uploads\/2023\/07\/glandon.jpg\",\"articleSection\":[\"Cols en vrac\"],\"inLanguage\":\"it-IT\"},{\"@type\":\"WebPage\",\"@id\":\"https:\/\/centcols.org\/le-col-du-glandon\/\",\"url\":\"https:\/\/centcols.org\/le-col-du-glandon\/\",\"name\":\"Le col du Glandon - Club des Cent Cols\",\"isPartOf\":{\"@id\":\"https:\/\/centcols.org\/#website\"},\"primaryImageOfPage\":{\"@id\":\"https:\/\/centcols.org\/le-col-du-glandon\/#primaryimage\"},\"image\":{\"@id\":\"https:\/\/centcols.org\/le-col-du-glandon\/#primaryimage\"},\"thumbnailUrl\":\"https:\/\/centcols.org\/wp-content\/uploads\/2023\/07\/glandon.jpg\",\"datePublished\":\"2023-07-12T12:38:22+00:00\",\"dateModified\":\"2025-10-20T18:28:04+00:00\",\"breadcrumb\":{\"@id\":\"https:\/\/centcols.org\/le-col-du-glandon\/#breadcrumb\"},\"inLanguage\":\"it-IT\",\"potentialAction\":[{\"@type\":\"ReadAction\",\"target\":[\"https:\/\/centcols.org\/le-col-du-glandon\/\"]}]},{\"@type\":\"ImageObject\",\"inLanguage\":\"it-IT\",\"@id\":\"https:\/\/centcols.org\/le-col-du-glandon\/#primaryimage\",\"url\":\"https:\/\/centcols.org\/wp-content\/uploads\/2023\/07\/glandon.jpg\",\"contentUrl\":\"https:\/\/centcols.org\/wp-content\/uploads\/2023\/07\/glandon.jpg\",\"width\":1280,\"height\":720,\"caption\":\"Image par Monika de Pixabay\"},{\"@type\":\"BreadcrumbList\",\"@id\":\"https:\/\/centcols.org\/le-col-du-glandon\/#breadcrumb\",\"itemListElement\":[{\"@type\":\"ListItem\",\"position\":1,\"name\":\"Accueil\",\"item\":\"https:\/\/centcols.org\/\"},{\"@type\":\"ListItem\",\"position\":2,\"name\":\"Cols en vrac\",\"item\":\"https:\/\/centcols.org\/rubrique\/cols-en-vrac\/\"},{\"@type\":\"ListItem\",\"position\":3,\"name\":\"Le col du Glandon\"}]},{\"@type\":\"WebSite\",\"@id\":\"https:\/\/centcols.org\/#website\",\"url\":\"https:\/\/centcols.org\/\",\"name\":\"Club des Cent Cols\",\"description\":\"\",\"publisher\":{\"@id\":\"https:\/\/centcols.org\/#organization\"},\"potentialAction\":[{\"@type\":\"SearchAction\",\"target\":{\"@type\":\"EntryPoint\",\"urlTemplate\":\"https:\/\/centcols.org\/?s={search_term_string}\"},\"query-input\":{\"@type\":\"PropertyValueSpecification\",\"valueRequired\":true,\"valueName\":\"search_term_string\"}}],\"inLanguage\":\"it-IT\"},{\"@type\":\"Organization\",\"@id\":\"https:\/\/centcols.org\/#organization\",\"name\":\"Club des Cent Cols\",\"url\":\"https:\/\/centcols.org\/\",\"logo\":{\"@type\":\"ImageObject\",\"inLanguage\":\"it-IT\",\"@id\":\"https:\/\/centcols.org\/#\/schema\/logo\/image\/\",\"url\":\"https:\/\/centcols.org\/wp-content\/uploads\/2025\/01\/carte-icone.png\",\"contentUrl\":\"https:\/\/centcols.org\/wp-content\/uploads\/2025\/01\/carte-icone.png\",\"width\":250,\"height\":250,\"caption\":\"Club des Cent Cols\"},\"image\":{\"@id\":\"https:\/\/centcols.org\/#\/schema\/logo\/image\/\"},\"sameAs\":[\"https:\/\/www.facebook.com\/groups\/5261880558\/?locale=fr_FR\"]},{\"@type\":\"Person\",\"@id\":\"https:\/\/centcols.org\/#\/schema\/person\/911b404fb133d8c913dd27cdcf71c8e5\",\"name\":\"Webmestre\",\"image\":{\"@type\":\"ImageObject\",\"inLanguage\":\"it-IT\",\"@id\":\"https:\/\/centcols.org\/wp-content\/litespeed\/avatar\/2d246e4b6b4f773e08515e1ffc53690b.jpg?ver=1777222892\",\"url\":\"https:\/\/centcols.org\/wp-content\/litespeed\/avatar\/2d246e4b6b4f773e08515e1ffc53690b.jpg?ver=1777222892\",\"contentUrl\":\"https:\/\/centcols.org\/wp-content\/litespeed\/avatar\/2d246e4b6b4f773e08515e1ffc53690b.jpg?ver=1777222892\",\"caption\":\"Webmestre\"},\"url\":\"https:\/\/centcols.org\/it\/author\/webmestre\/\"}]}<\/script>\n<!-- \/ Yoast SEO plugin. -->","yoast_head_json":{"title":"Il Passo del Glandon - Club des Cent Cols","robots":{"index":"index","follow":"follow","max-snippet":"max-snippet:-1","max-image-preview":"max-image-preview:large","max-video-preview":"max-video-preview:-1"},"canonical":"https:\/\/centcols.org\/it\/il-passo-della-ghianda\/","og_locale":"it_IT","og_type":"article","og_title":"Le col du Glandon - Club des Cent Cols","og_description":"Toponymie Le col du Glandon (FR-73-1924) &nbsp;prend son nom d&rsquo;un&nbsp;lieu-dit&nbsp;de la commune de&nbsp;Saint-Colomban-des-Villards.Un torrent&nbsp;\u00e9ponyme&nbsp;prend sa source au col. Situation g\u00e9ographique Massifs &nbsp;Le col se trouve \u00e0 la limite des massifs de&nbsp;Belledonne&nbsp;et des&nbsp;Arves, \u00e0 l&rsquo;ouest du&nbsp;col de la Croix-de-Fer.&nbsp; G\u00e9ologie Le col du Glandon et le col de la Croix de Fer sont g\u00e9ographiquement tr\u00e8s proches [&hellip;]","og_url":"https:\/\/centcols.org\/it\/il-passo-della-ghianda\/","og_site_name":"Club des Cent Cols","article_publisher":"https:\/\/www.facebook.com\/groups\/5261880558\/?locale=fr_FR","article_published_time":"2023-07-12T12:38:22+00:00","article_modified_time":"2025-10-20T18:28:04+00:00","og_image":[{"width":1280,"height":720,"url":"https:\/\/centcols.org\/wp-content\/uploads\/2023\/07\/glandon.jpg","type":"image\/jpeg"}],"author":"Webmestre","twitter_card":"summary_large_image","twitter_misc":{"Scritto da":"Webmestre","Tempo di lettura stimato":"10 minuti"},"schema":{"@context":"https:\/\/schema.org","@graph":[{"@type":"Article","@id":"https:\/\/centcols.org\/le-col-du-glandon\/#article","isPartOf":{"@id":"https:\/\/centcols.org\/le-col-du-glandon\/"},"author":{"name":"Webmestre","@id":"https:\/\/centcols.org\/#\/schema\/person\/911b404fb133d8c913dd27cdcf71c8e5"},"headline":"Le col du Glandon","datePublished":"2023-07-12T12:38:22+00:00","dateModified":"2025-10-20T18:28:04+00:00","mainEntityOfPage":{"@id":"https:\/\/centcols.org\/le-col-du-glandon\/"},"wordCount":1611,"publisher":{"@id":"https:\/\/centcols.org\/#organization"},"image":{"@id":"https:\/\/centcols.org\/le-col-du-glandon\/#primaryimage"},"thumbnailUrl":"https:\/\/centcols.org\/wp-content\/uploads\/2023\/07\/glandon.jpg","articleSection":["Cols en vrac"],"inLanguage":"it-IT"},{"@type":"WebPage","@id":"https:\/\/centcols.org\/le-col-du-glandon\/","url":"https:\/\/centcols.org\/le-col-du-glandon\/","name":"Il Passo del Glandon - Club des Cent Cols","isPartOf":{"@id":"https:\/\/centcols.org\/#website"},"primaryImageOfPage":{"@id":"https:\/\/centcols.org\/le-col-du-glandon\/#primaryimage"},"image":{"@id":"https:\/\/centcols.org\/le-col-du-glandon\/#primaryimage"},"thumbnailUrl":"https:\/\/centcols.org\/wp-content\/uploads\/2023\/07\/glandon.jpg","datePublished":"2023-07-12T12:38:22+00:00","dateModified":"2025-10-20T18:28:04+00:00","breadcrumb":{"@id":"https:\/\/centcols.org\/le-col-du-glandon\/#breadcrumb"},"inLanguage":"it-IT","potentialAction":[{"@type":"ReadAction","target":["https:\/\/centcols.org\/le-col-du-glandon\/"]}]},{"@type":"ImageObject","inLanguage":"it-IT","@id":"https:\/\/centcols.org\/le-col-du-glandon\/#primaryimage","url":"https:\/\/centcols.org\/wp-content\/uploads\/2023\/07\/glandon.jpg","contentUrl":"https:\/\/centcols.org\/wp-content\/uploads\/2023\/07\/glandon.jpg","width":1280,"height":720,"caption":"Image par Monika de Pixabay"},{"@type":"BreadcrumbList","@id":"https:\/\/centcols.org\/le-col-du-glandon\/#breadcrumb","itemListElement":[{"@type":"ListItem","position":1,"name":"Accueil","item":"https:\/\/centcols.org\/"},{"@type":"ListItem","position":2,"name":"Cols en vrac","item":"https:\/\/centcols.org\/rubrique\/cols-en-vrac\/"},{"@type":"ListItem","position":3,"name":"Le col du Glandon"}]},{"@type":"WebSite","@id":"https:\/\/centcols.org\/#website","url":"https:\/\/centcols.org\/","name":"Club des Cent Cols","description":"","publisher":{"@id":"https:\/\/centcols.org\/#organization"},"potentialAction":[{"@type":"SearchAction","target":{"@type":"EntryPoint","urlTemplate":"https:\/\/centcols.org\/?s={search_term_string}"},"query-input":{"@type":"PropertyValueSpecification","valueRequired":true,"valueName":"search_term_string"}}],"inLanguage":"it-IT"},{"@type":"Organization","@id":"https:\/\/centcols.org\/#organization","name":"Club des Cent Cols","url":"https:\/\/centcols.org\/","logo":{"@type":"ImageObject","inLanguage":"it-IT","@id":"https:\/\/centcols.org\/#\/schema\/logo\/image\/","url":"https:\/\/centcols.org\/wp-content\/uploads\/2025\/01\/carte-icone.png","contentUrl":"https:\/\/centcols.org\/wp-content\/uploads\/2025\/01\/carte-icone.png","width":250,"height":250,"caption":"Club des Cent Cols"},"image":{"@id":"https:\/\/centcols.org\/#\/schema\/logo\/image\/"},"sameAs":["https:\/\/www.facebook.com\/groups\/5261880558\/?locale=fr_FR"]},{"@type":"Person","@id":"https:\/\/centcols.org\/#\/schema\/person\/911b404fb133d8c913dd27cdcf71c8e5","name":"Webmaster","image":{"@type":"ImageObject","inLanguage":"it-IT","@id":"https:\/\/centcols.org\/wp-content\/litespeed\/avatar\/2d246e4b6b4f773e08515e1ffc53690b.jpg?ver=1777222892","url":"https:\/\/centcols.org\/wp-content\/litespeed\/avatar\/2d246e4b6b4f773e08515e1ffc53690b.jpg?ver=1777222892","contentUrl":"https:\/\/centcols.org\/wp-content\/litespeed\/avatar\/2d246e4b6b4f773e08515e1ffc53690b.jpg?ver=1777222892","caption":"Webmestre"},"url":"https:\/\/centcols.org\/it\/author\/webmestre\/"}]}},"_links":{"self":[{"href":"https:\/\/centcols.org\/it\/wp-json\/wp\/v2\/posts\/82511","targetHints":{"allow":["GET"]}}],"collection":[{"href":"https:\/\/centcols.org\/it\/wp-json\/wp\/v2\/posts"}],"about":[{"href":"https:\/\/centcols.org\/it\/wp-json\/wp\/v2\/types\/post"}],"author":[{"embeddable":true,"href":"https:\/\/centcols.org\/it\/wp-json\/wp\/v2\/users\/3"}],"replies":[{"embeddable":true,"href":"https:\/\/centcols.org\/it\/wp-json\/wp\/v2\/comments?post=82511"}],"version-history":[{"count":0,"href":"https:\/\/centcols.org\/it\/wp-json\/wp\/v2\/posts\/82511\/revisions"}],"wp:featuredmedia":[{"embeddable":true,"href":"https:\/\/centcols.org\/it\/wp-json\/wp\/v2\/media\/83299"}],"wp:attachment":[{"href":"https:\/\/centcols.org\/it\/wp-json\/wp\/v2\/media?parent=82511"}],"wp:term":[{"taxonomy":"category","embeddable":true,"href":"https:\/\/centcols.org\/it\/wp-json\/wp\/v2\/categories?post=82511"},{"taxonomy":"post_tag","embeddable":true,"href":"https:\/\/centcols.org\/it\/wp-json\/wp\/v2\/tags?post=82511"}],"curies":[{"name":"wp","href":"https:\/\/api.w.org\/{rel}","templated":true}]}}