{"id":82521,"date":"2023-07-28T15:57:54","date_gmt":"2023-07-28T13:57:54","guid":{"rendered":"https:\/\/centcols.org\/le-col-de-sarenne\/"},"modified":"2025-10-20T20:09:58","modified_gmt":"2025-10-20T18:09:58","slug":"il-passo-di-sarenne","status":"publish","type":"post","link":"https:\/\/centcols.org\/it\/le-col-de-sarenne\/","title":{"rendered":"Il passo di Sarenne"},"content":{"rendered":"<h2 class=\"wp-block-heading\">Altitudine<\/h2>\n\n\n\n<p class=\"has-medium-font-size\">Il passo di Sarenne (<a href=\"https:\/\/centcols.org\/it\/util\/geo\/visu.php\/?code=FR-38-1999\">FR-38-1999<\/a>), quindi pi\u00f9 o meno di 2000 m?<\/p>\n\n\n\n<p class=\"has-medium-font-size\">Dopo un lungo dibattito, sembra che il Col de Sarenne non abbia superato il test per la categoria 2000m+. Manca un metro (e alzare la bici di un metro come mostrato nella foto non aiuta!).<\/p>\n\n\n<div class=\"wp-block-image\">\n<figure class=\"aligncenter size-full is-resized\"><img loading=\"lazy\" decoding=\"async\" width=\"1200\" height=\"800\" src=\"https:\/\/centcols.org\/wp-content\/uploads\/2025\/05\/Col_de_Sarenne_090918.jpg\" alt=\"\" class=\"wp-image-82522\" style=\"width:800px\" srcset=\"https:\/\/centcols.org\/wp-content\/uploads\/2025\/05\/Col_de_Sarenne_090918.jpg 1200w, https:\/\/centcols.org\/wp-content\/uploads\/2025\/05\/Col_de_Sarenne_090918-768x512.jpg 768w\" sizes=\"auto, (max-width: 1200px) 100vw, 1200px\" \/><\/figure>\n<\/div>\n\n\n<p class=\"has-medium-font-size\">Sulla base della mappa IGN 1:50.000, edizione 1974, la discussione era aperta: <\/p>\n\n\n<div class=\"wp-block-image is-resized\">\n<figure class=\"aligncenter size-full\"><img loading=\"lazy\" decoding=\"async\" width=\"300\" height=\"225\" src=\"https:\/\/centcols.org\/wp-content\/uploads\/2025\/05\/Sarenne1.jpg\" alt=\"\" class=\"wp-image-82523\" style=\"width:600px\"\/><\/figure>\n<\/div>\n\n\n<p class=\"has-medium-font-size\">Ma quello per il 2021 conclude la discussione:<\/p>\n\n\n<div class=\"wp-block-image\">\n<figure class=\"aligncenter size-full\"><img loading=\"lazy\" decoding=\"async\" width=\"487\" height=\"354\" src=\"https:\/\/centcols.org\/wp-content\/uploads\/2025\/05\/Sarenne2.jpg\" alt=\"\" class=\"wp-image-82524\"\/><\/figure>\n<\/div>\n\n\n<p class=\"has-medium-font-size\">Per una breve storia e ulteriori dettagli, consultare l'articolo :&nbsp;<a href=\"https:\/\/cyclotouristes-grenoblois.assoconnect.com\/articles\/130691-le-col-de-sarenne-1999-m-ou-2009-m\" target=\"_blank\" rel=\"noreferrer noopener\">Col de Sarenne: 1999 m o 2009 m<\/a> scritto nel marzo 2020 sul sito web del CTG con la collaborazione di diversi membri del CCC.<\/p>\n\n\n\n<h2 class=\"wp-block-heading\">Toponomastica<\/h2>\n\n\n\n<p class=\"has-medium-font-size\">Sarenne \u00e8 il nome<\/p>\n\n\n\n<ul class=\"wp-block-list\">\n<li>il ghiacciaio sopra l'Alpe d'Huez, ben noto agli sciatori. un tempo veniva utilizzato per lo sci estivo, ma il suo rapido scioglimento nel XX secolo ne ha causato la scomparsa.<sup>e<\/sup>&nbsp;secolo minaccia la sua stessa esistenza<\/li>\n\n\n\n<li>del torrente che nasce l\u00ec ... e<\/li>\n\n\n\n<li>il passo sopra la valle della Sarenne (dove nasce un affluente, il Nou)<\/li>\n<\/ul>\n\n\n\n<h2 class=\"wp-block-heading\">Posizione geografica<\/h2>\n\n\n\n<h3 class=\"wp-block-heading\">Massiccio<\/h3>\n\n\n\n<p class=\"has-medium-font-size\">Il Col de Sarenne si trova nel Massif des&nbsp;<a href=\"https:\/\/fr.wikipedia.org\/wiki\/Grandes_Rousses\" target=\"_blank\" rel=\"noopener\" title=\"\">Grandes Rousses<\/a><\/p>\n\n\n\n<h3 class=\"wp-block-heading\">Geologia<\/h3>\n\n\n\n<p class=\"has-medium-font-size\">Il Col de Sarenne si trova alla fine di una lunga valle che taglia l'estremit\u00e0 meridionale dell'imponente catena delle Grandes Rousses. Qui la Sarenne ha scavato un profondo canyon sotto la stazione dell'Alpe d'Huez, tagliando tra i depositi sedimentari triassici a sud e gli gneiss fortemente bendati (alternanza di strati chiari e scuri) a nord. <\/p>\n\n\n\n<p class=\"has-medium-font-size\">Affacciato sul passo a nord, Ch\u00e2teau Noir \u00e8 il risultato dell'estrusione di roccia vulcanica nell'antica faglia ercinica di Cassini. <\/p>\n\n\n\n<p class=\"has-medium-font-size\">Una caratteristica geologica particolare tra l'Alpe d'Huez e il Col de Sarenne \u00e8 la presenza di filoni di carbone precedentemente sfruttati (miniere di Herpie, a nord e a met\u00e0 strada tra il colle e la localit\u00e0). <\/p>\n\n\n\n<p class=\"has-medium-font-size\">Anche il bianco ghiacciaio della Sarenne ha scavato la sua galleria a cielo aperto in un filone di carbone scuro.<\/p>\n\n\n\n<p class=\"has-medium-font-size\">I lettori interessati a questo argomento possono consultare l'esauriente articolo di&nbsp;<a href=\"http:\/\/www.geol-alp.com\/h_oisans\/_lieux\/Rousses\/sarenne.html#:~:text=Il%20forment%20un%20plateau%20suspendu,sur%C3%A9lev%C3%A9e%20par%20les%20d%C3%A9formations%20alpines\" target=\"_blank\" rel=\"noopener\" title=\"\">geol-alp.com<\/a><a href=\"http:\/\/www.geol-alp.com\/h_oisans\/_lieux\/guisane_vallouise\/Lautaret.html\" target=\"_blank\" rel=\"noopener\" title=\"\">&nbsp;<\/a><\/p>\n\n\n\n<h3 class=\"wp-block-heading\">Idrografia<\/h3>\n\n\n\n<p class=\"has-medium-font-size\">La Romanche ha due affluenti su entrambi i lati: il Ferrand, che confluisce nella Romanche a valle della diga di Chambon, e il torrente Nou, che incontra la Sarenne a valle del passo (altitudine 1826 m).&nbsp;<\/p>\n\n\n\n<p class=\"has-medium-font-size\"><em>La Sarenne nasce nel ghiacciaio della Sarenne a nord del passo, ben noto agli sciatori dell'Alpe d'Huez, e confluisce nella Romanche a La Paute, a valle di Bourg-d'Oisans.<\/em><\/p>\n\n\n\n<h3 class=\"wp-block-heading\">Accesso<\/h3>\n\n\n\n<p class=\"has-medium-font-size\">Collega il<a href=\"https:\/\/fr.wikipedia.org\/wiki\/Alpe_d%27Huez\" target=\"_blank\" rel=\"noopener\" title=\"\">Alpe d'Huez<\/a> e il <a href=\"https:\/\/valleeduferrand.com\/\" target=\"_blank\" rel=\"noopener\" title=\"\">Valle del Ferrand<\/a> (Clavans en Haut-Oisans).<\/p>\n\n\n\n<figure class=\"wp-block-image size-full is-resized\"><img loading=\"lazy\" decoding=\"async\" width=\"1107\" height=\"592\" src=\"https:\/\/centcols.org\/wp-content\/uploads\/2025\/05\/Carte-Sarenne-1.jpg\" alt=\"\" class=\"wp-image-82529\" style=\"width:800px\" srcset=\"https:\/\/centcols.org\/wp-content\/uploads\/2025\/05\/Carte-Sarenne-1.jpg 1107w, https:\/\/centcols.org\/wp-content\/uploads\/2025\/05\/Carte-Sarenne-1-768x411.jpg 768w\" sizes=\"auto, (max-width: 1107px) 100vw, 1107px\" \/><\/figure>\n\n\n\n<p class=\"has-medium-font-size\"><strong>Lato ovest<\/strong><\/p>\n\n\n\n<div class=\"wp-block-media-text has-media-on-the-right is-stacked-on-mobile\"><div class=\"wp-block-media-text__content\">\n<p>La N85 va da Grenoble (90 km, alt. 214 m) a Vizille (72 km, alt. 278 m), poi la D1091 fino a Bourg d'Oisans (40 km, alt. 719 m).<\/p>\n\n\n\n<p>In partenza da <strong>Bourg d'Oisans<\/strong> il <strong>D211<\/strong>La RD25A (nota anche come Route du Col de Sarenne), che richiede 13,8 km a una velocit\u00e0 media di 7,91 miglia orarie e 21 curve, conduce all'Alpe d'Huez (1.800 m), da dove occorrono 8,3 km per raggiungere il passo attraverso le gole della Sarenne.<\/p>\n<\/div><figure class=\"wp-block-media-text__media\"><img loading=\"lazy\" decoding=\"async\" width=\"300\" height=\"225\" src=\"https:\/\/centcols.org\/wp-content\/uploads\/2023\/07\/Rte-Sarenne1.jpg\" alt=\"\" class=\"wp-image-83331 size-full\"\/><\/figure><\/div>\n\n\n\n<p class=\"has-text-align-right\"><strong>La strada e le gole della Sarenne<\/strong><\/p>\n\n\n\n<p class=\"has-medium-font-size\"><strong>Lato sud-est<\/strong><\/p>\n\n\n\n<div class=\"wp-block-media-text is-stacked-on-mobile\"><figure class=\"wp-block-media-text__media\"><img loading=\"lazy\" decoding=\"async\" width=\"300\" height=\"225\" src=\"https:\/\/centcols.org\/wp-content\/uploads\/2023\/07\/Rte-Sarenne2-11.jpg\" alt=\"\" class=\"wp-image-83332 size-full\"\/><\/figure><div class=\"wp-block-media-text__content\">\n<p>\u00c8 raggiungibile in 13 km dalla <strong>RD1091<\/strong>al&nbsp;<strong>Diga di Chambon<\/strong> (altitudine 1050 m), attraverso la RD25 (poi 25A) che passa per Mizo\u00ebn, Clavans le Bas e Clavans en Haut-Oisans).<\/p>\n\n\n\n<p>Da <strong>Brian\u00e7on <\/strong>(a 27 km, alt. 1215 m) la D1091 conduce al Col du Lautaret, passando per la localit\u00e0 di Serre-Chevalier e i suoi vari villaggi: Chantemerle (comune di St Chaffrey - a 22,5 km, alt. 1350 m), Villeneuve (comune di La Salle-les-Alpes, a 19 km, alt. 1385), Monetier les Bains (a 13 km, alt. 1500 m).<\/p>\n<\/div><\/div>\n\n\n\n<p class=\"has-text-align-left\"><strong>La strada verso Clavans<\/strong><\/p>\n\n\n\n<h2 class=\"wp-block-heading\">Modifica dell'accesso<\/h2>\n\n\n\n<p class=\"has-medium-font-size\">(Copia dell'articolo del 2020 : <a href=\"https:\/\/cyclotouristes-grenoblois.assoconnect.com\/articles\/130691-le-col-de-sarenne-1999-m-ou-2009-m\" target=\"_blank\" rel=\"noreferrer noopener\">Col de Sarenne: 1999 m o 2009 m<\/a>)<\/p>\n\n\n\n<p class=\"has-medium-font-size\">Per saperne di pi\u00f9 sulla storia della costruzione della strada del Col de Sarenne, abbiamo posto le seguenti domande <strong>Municipio di Alpe d'Huez.<\/strong><\/p>\n\n\n\n<p class=\"has-medium-font-size\">Fr\u00e9d\u00e9rik TANE ci ha inviato la seguente risposta:&nbsp;<em>\"La strada tra l'Alpe d'Huez e il Col de Sarenne \u00e8 stata costruita contemporaneamente al famoso tunnel (la pista nera aperta nel 1964 sotto il Pic Blanc).  In effetti, \u00e8 stata la stessa impresa a costruire questo tratto di strada e il tunnel: l'impresa Vigne dell'Is\u00e8re. All'epoca, la strada passava attraverso il sito archeologico di Brandes.<\/em><\/p>\n\n\n\n<p class=\"has-medium-font-size\"><em>Nel 1967, la partenza non passa pi\u00f9 per Brandes ma leggermente a monte, grazie alla costruzione della strada dell'altiporto. Nello stesso anno, la strada fu prolungata tra il Col de Sarenne e Le Perron nella valle di Ferrand (una grande roccia protegge una casa dalle valanghe). I lavori del 1967 furono eseguiti da Pegaz &amp; Pugeat, che costruirono anche la pista di bob dell'Alpe d'Huez (Campionati del Mondo del 1967 e Olimpiadi del 1968).<\/em><\/p>\n\n\n\n<p class=\"has-medium-font-size\"><em>Il tratto di strada tra Le Perron e Le Chambon esisteva gi\u00e0.<br>Grazie per aver citato nel suo articolo il nome di Robert Hustache, un ricordo vivente dell'Alpe d'Huez.  Mi ha fornito informazioni preziose per aiutarmi a rispondervi.<\/em><em>.<\/em>&nbsp;\"<\/p>\n\n\n\n<p class=\"has-medium-font-size\"><strong>Quando \u00e8 stata aperta la strada per il Col de Sarenne?<\/strong><br>\u00c8 stato difficile ottenere queste informazioni. Sapevamo che nel 1980 e nel 1982, per il secondo e il terzo BRO (vedi sotto), il percorso comprendeva 10 km di strada sterrata e, essendoci stati di nuovo (foto sopra), che la strada \u00e8 stata asfaltata su entrambi i lati nel 2008.<\/p>\n\n\n\n<p class=\"has-medium-font-size\">I centristi ci hanno fornito le seguenti informazioni:<\/p>\n\n\n\n<p class=\"has-medium-font-size\">&nbsp;Nel 1985, sul lato orientale e dopo Clavans, la strada non era completamente asfaltata.<\/p>\n\n\n\n<p class=\"has-medium-font-size\">\u00c8 nell'addendum del 1989 (pagina 61) che il Col de Sarenne \u00e8 stato trasformato in passo stradale (CV) senza specificare la pendenza. \u00c8 quindi probabile che sia stato asfaltato nel 1988. Nell'edizione 1994 dello Chauvot (formato libro), il passo \u00e8 indicato come passo stradale.<\/p>\n\n\n\n<h2 class=\"wp-block-heading\">Cosa vedere - turismo\u00a0<\/h2>\n\n\n\n<h4 class=\"wp-block-heading has-medium-font-size\"><br>Lato Alpe d'Huez<\/h4>\n\n\n\n<p class=\"has-medium-font-size\">Oltre al comprensorio sciistico e ai 21 lacci, il<strong>Alpe d'Huez<\/strong> ha una chiesa moderna e originale, il cui aspetto ricorda una sagoma della Vergine Maria. Su iniziativa di padre Jaap Reuten, parroco dal 1964 al 1992, \u00e8 stata progettata dall'architetto Jean Marol negli anni '60 (completata nel 1970) e decorata con vetrate riccamente colorate dall'artista&nbsp;<a href=\"https:\/\/fr.wikipedia.org\/wiki\/Arcabas\" target=\"_blank\" rel=\"noopener\" title=\"\">Arcabas<\/a>.<\/p>\n\n\n\n<p class=\"has-medium-font-size\">In questa chiesa si trova l'unico organo del suo genere al mondo, a forma di mano protesa verso il cielo, disegnato dal compositore&nbsp;<a href=\"https:\/\/fr.wikipedia.org\/wiki\/Jean_Guillou\" target=\"_blank\" rel=\"noopener\" title=\"\">Jean Guillou<\/a>&nbsp;e il costruttore tedesco di organi&nbsp;<a href=\"https:\/\/fr.wikipedia.org\/wiki\/Detlef_Kleuker\" target=\"_blank\" rel=\"noopener\" title=\"\">Detlef Kleuker<\/a>. Ogni anno vengono organizzati concerti di questo strumento il gioved\u00ec sera, in inverno e in estate, e corsi di organo, di cornamusa e di canto corale in estate.<\/p>\n\n\n\n<h4 class=\"wp-block-heading\">Lato valle Ferrand<\/h4>\n\n\n\n<div class=\"wp-block-media-text has-media-on-the-right is-stacked-on-mobile\" style=\"grid-template-columns:auto 40%\"><div class=\"wp-block-media-text__content\">\n<p>Le vecchie case, costruite principalmente in pietra, si fondono con il terreno in pendenza. Comprendono aree dedicate al ricovero del bestiame in inverno e al deposito del fieno, mentre la parte dedicata all'abitazione umana \u00e8 ridotta all'essenziale.<\/p>\n\n\n\n<p>Chiesa parrocchiale di Saint-Jacques-et-Saint-Christophe a Mizo\u00ebn<br>costruito nel 1889, domina il villaggio.<br>&nbsp;\u00c8 visibile dalla diga di Chambon<\/p>\n<\/div><figure class=\"wp-block-media-text__media\"><img loading=\"lazy\" decoding=\"async\" width=\"450\" height=\"600\" src=\"https:\/\/centcols.org\/wp-content\/uploads\/2023\/07\/Sarenne-St-Jacques1.jpg\" alt=\"\" class=\"wp-image-83333 size-full\"\/><\/figure><\/div>\n\n\n\n<h4 class=\"wp-block-heading\">La diga di Chambon<\/h4>\n\n\n\n<p class=\"has-medium-font-size\">&nbsp;I lavori di costruzione iniziarono nel settembre 1929 e si conclusero nel dicembre 1935.<\/p>\n\n\n<div class=\"wp-block-image\">\n<figure class=\"aligncenter size-full is-resized\"><img loading=\"lazy\" decoding=\"async\" width=\"1200\" height=\"800\" src=\"https:\/\/centcols.org\/wp-content\/uploads\/2023\/08\/4528492-diaporama1.jpg\" alt=\"\" class=\"wp-image-89751\" style=\"width:800px\" srcset=\"https:\/\/centcols.org\/wp-content\/uploads\/2023\/08\/4528492-diaporama1.jpg 1200w, https:\/\/centcols.org\/wp-content\/uploads\/2023\/08\/4528492-diaporama1-768x512.jpg 768w, https:\/\/centcols.org\/wp-content\/uploads\/2023\/08\/4528492-diaporama1-18x12.jpg 18w\" sizes=\"auto, (max-width: 1200px) 100vw, 1200px\" \/><\/figure>\n<\/div>\n\n\n<p class=\"has-medium-font-size\">Dal 2003 \u00e8 stato premiato con il<strong>&nbsp;<a href=\"https:\/\/fr.wikipedia.org\/wiki\/Liste_des_%C3%A9difices_labellis%C3%A9s_%C2%AB_Patrimoine_du_XXe_si%C3%A8cle_%C2%BB_de_l%27Is%C3%A8re\" target=\"_blank\" rel=\"noopener\" title=\"\">\"Il patrimonio dell'Is\u00e8re del XX secolo<\/a><\/strong>.<\/p>\n\n\n\n<p class=\"has-medium-font-size\">Dopo 80 anni di vita, la diga \u00e8 vittima del fenomeno della reazione alcalina (malattia del calcestruzzo) e ogni quindici anni deve essere sottoposta a un trattamento speciale. Per questo motivo, la sostituzione della diga \u00e8 prevista entro i prossimi vent'anni.<\/p>\n\n\n\n<p class=\"has-medium-font-size\"><strong>Sul passo si poteva vedere il rifugio Col de Sarenne:<\/strong><\/p>\n\n\n<div class=\"wp-block-image\">\n<figure class=\"aligncenter size-full is-resized\"><img loading=\"lazy\" decoding=\"async\" width=\"300\" height=\"196\" src=\"https:\/\/centcols.org\/wp-content\/uploads\/2025\/05\/Sarenne-refuge.jpg\" alt=\"\" class=\"wp-image-82531\" style=\"width:768px;height:502px\"\/><\/figure>\n<\/div>\n\n\n<p class=\"has-medium-font-size\">&nbsp;Il rifugio \u00e8 stato costruito nel 2003 e si trova sulla sinistra quando si raggiunge il Colle dall'Alpe d'Huez.<\/p>\n\n\n\n<p class=\"has-medium-font-size\">\u00c8 stato distrutto da un incendio il 27 dicembre 2016 (<em><a href=\"https:\/\/cyclotouristes-grenoblois.assoconnect.com\/articles\/149725-2017-serie-noire-sur-la-route-du-brale-feu-au-col-de-sarenne\" target=\"_blank\" rel=\"noreferrer noopener\">vedi l'articolo di Jules A<\/a>)<\/em>. Estratto \"Da questo grande e bellissimo edificio di 1000 m<sup>2<\/sup> costruita nel 2000, rivoluzionaria per il suo progetto che prevede l'utilizzo di abeti del Giura con tronchi di oltre un metro di diametro, ma anche per la sua autosufficienza in termini di energia non fossile (turbine eoliche e pannelli solari), tutto ci\u00f2 che rimane sono detriti bruciati.<\/p>\n\n\n\n<h2 class=\"wp-block-heading\">Stato amministrativo<\/h2>\n\n\n\n<p class=\"has-medium-font-size\">Il Col de Sarenne si trova nel comune di <a href=\"http:\/\/clavans-en-oisans.com\/\" target=\"_blank\" rel=\"noopener\" title=\"\">Clavans-en-Haut-Oisans.<\/a><\/p>\n\n\n\n<p class=\"has-medium-font-size\">Sul lato ovest, seguendo il torrente Le Nou, si attraversa rapidamente il comune di Le Nou. <a href=\"https:\/\/lefreneydoisans.fr\/\" target=\"_blank\" rel=\"noopener\" title=\"\">Freney d'Oisans<\/a>... poi poco dopo la confluenza dei fiumi Nou e Sarenne nel comune di Alpe d'Huez.<\/p>\n\n\n\n<h2 class=\"wp-block-heading\">Ciclismo e cicloturismo<\/h2>\n\n\n\n<p class=\"has-medium-font-size\"><strong>Tour de France e Crit\u00e9rium du Dauphin\u00e9 :<\/strong><\/p>\n\n\n\n<p class=\"has-medium-font-size\">Nel 2013, il Crit\u00e9rium du Dauphin\u00e9 e poi il Tour de France hanno utilizzato il Col de Sarenne dopo la salita dell'Alpe d'Huez.<\/p>\n\n\n\n<p class=\"has-medium-font-size\"><em>&nbsp;Il passaggio del Tour de France sul Col de Sarenne ha provocato una forte reazione da parte degli ambientalisti locali, che hanno criticato il fatto che il percorso passi vicino a un'area soggetta a un'ordinanza prefettizia di protezione dei biotopi e la potenziale minaccia per l'habitat naturale rappresentata dal passaggio di un evento grande come il Tour de France.<\/em><\/p>\n\n\n\n<p class=\"has-medium-font-size\"><em>Nonostante le proteste e l'opposizione, il percorso \u00e8 stato mantenuto cos\u00ec com'era, anche se con disposizioni speciali: la carovana del Tour ha dovuto fermarsi al primo passaggio all'Alpe d'Huez e nella zona del passo sono state adottate disposizioni speciali per limitare il pi\u00f9 possibile l'impatto ecologico (divieto di campeggio per auto, riduzione del rumore e della velocit\u00e0, cartelli di avvertimento sul carattere naturale del sito, ecc.)<\/em>.<\/p>\n\n\n\n<p class=\"has-medium-font-size\"><strong>BRO<\/strong> (Brevet de Randonneur de l'Oisans)<\/p>\n\n\n\n<div class=\"wp-block-columns is-layout-flex wp-container-core-columns-is-layout-9d6595d7 wp-block-columns-is-layout-flex\">\n<div class=\"wp-block-column is-layout-flow wp-block-column-is-layout-flow\" style=\"flex-basis:50%\">\n<p class=\"has-medium-font-size\">Per la sua seconda edizione, l'BRO ha superato (per il 1<sup>epoca&nbsp;<\/sup>volte) al Col de Sarenne nel giugno 1980, la strada del passo era sterrata dal torrente Sarenne al Perron sopra Clavans le haut.... e quell'anno il Col de Sarenne era segnato 2009 m sull'IGN!<\/p>\n\n\n\n<p class=\"has-medium-font-size\"><em>Qui, <strong><em>Il Col de Sarenne - Strada per Clavans - durante il primo BRO nel 1980<\/em><\/strong><\/em><\/p>\n<\/div>\n\n\n\n<div class=\"wp-block-column is-layout-flow wp-block-column-is-layout-flow\" style=\"flex-basis:50%\"><\/div>\n<\/div>\n\n\n\n<p class=\"has-medium-font-size\"><strong>BRA<\/strong> (Brevet de Randonneur des Alpes)<\/p>\n\n\n\n<p class=\"has-medium-font-size\">Per il&nbsp;<strong>BRA<\/strong>&nbsp;(ogni 2 anni, anni dispari), le opzioni \"Super BRA e Super BRA+\" includono il Col de Sarenne nel percorso.<\/p>\n\n\n\n<p class=\"has-medium-font-size\">Per l'edizione del 2023 (con partenza da Bourg d'Oisans), il passo \u00e8 stato scalato da Clavans, con percorsi di 197 km e 5.200 m di ascesa e 209 km e 5.252 m rispettivamente.<\/p>\n\n\n\n<h3 class=\"wp-block-heading\">Profilo<\/h3>\n\n\n\n<p class=\"has-medium-font-size\">Ci sono molti profili su Internet.<\/p>\n\n\n\n<p class=\"has-medium-font-size\">OpenRunner : <\/p>\n\n\n<div class=\"wp-block-image\">\n<figure class=\"aligncenter size-full is-resized\"><img loading=\"lazy\" decoding=\"async\" width=\"714\" height=\"392\" src=\"https:\/\/centcols.org\/wp-content\/uploads\/2025\/05\/Sarenne-profil.jpg\" alt=\"\" class=\"wp-image-82532\" style=\"width:600px\"\/><\/figure>\n<\/div>\n\n\n<p class=\"has-medium-font-size\">Infine, alcune immagini del Col de Sarenne:&nbsp;<a href=\"https:\/\/photos.google.com\/share\/AF1QipNgFj3CbUHXB9IeA15SMnq4vtJaSNNNqcbzBxB4_30Yv5cFVuIh4S_rIelO3cb96w?key=UjJmcFRkQTdSbE02ZUJScGVwdnB4NmEwdlRUTHlR\" target=\"_blank\" rel=\"noreferrer noopener\">COL DE SARENNE 1999 o 2009<\/a><\/p>\n\n\n\n<p class=\"has-text-align-right\"><em><em>Un articolo di G\u00e9rard Galland<\/em><\/em><br><em><em>e Bernard Giraudeau (per la sezione geologia)<\/em><\/em><\/p>","protected":false},"excerpt":{"rendered":"<p>Altitude Le col de Sarenne (FR-38-1999), alors plus ou moins de 2000 m ? Apr\u00e8s un long d\u00e9bat il semble bien que le col de Sarenne ait \u00e9chou\u00e9 \u00e0 l\u2019examen de passage dans la cat\u00e9gorie des plus de 2000 m. Il manque un m\u00e8tre (et monter son v\u00e9lo d&rsquo;un m\u00e8tre comme sur la photo ne [&hellip;]<\/p>\n","protected":false},"author":3,"featured_media":82522,"comment_status":"closed","ping_status":"closed","sticky":false,"template":"","format":"standard","meta":{"_acf_changed":false,"footnotes":""},"categories":[308],"tags":[],"class_list":["post-82521","post","type-post","status-publish","format-standard","has-post-thumbnail","hentry","category-cols-en-vrac"],"acf":[],"yoast_head":"<!-- This site is optimized with the Yoast SEO plugin v27.2 - https:\/\/yoast.com\/product\/yoast-seo-wordpress\/ -->\n<title>Le col de Sarenne - Club des Cent Cols<\/title>\n<meta name=\"robots\" content=\"index, follow, max-snippet:-1, max-image-preview:large, max-video-preview:-1\" \/>\n<link rel=\"canonical\" href=\"https:\/\/centcols.org\/it\/il-passo-di-sarenne\/\" \/>\n<meta property=\"og:locale\" content=\"it_IT\" \/>\n<meta property=\"og:type\" content=\"article\" \/>\n<meta property=\"og:title\" content=\"Le col de Sarenne - Club des Cent Cols\" \/>\n<meta property=\"og:description\" content=\"Altitude Le col de Sarenne (FR-38-1999), alors plus ou moins de 2000 m ? Apr\u00e8s un long d\u00e9bat il semble bien que le col de Sarenne ait \u00e9chou\u00e9 \u00e0 l\u2019examen de passage dans la cat\u00e9gorie des plus de 2000 m. Il manque un m\u00e8tre (et monter son v\u00e9lo d&rsquo;un m\u00e8tre comme sur la photo ne [&hellip;]\" \/>\n<meta property=\"og:url\" content=\"https:\/\/centcols.org\/it\/il-passo-di-sarenne\/\" \/>\n<meta property=\"og:site_name\" content=\"Club des Cent Cols\" \/>\n<meta property=\"article:publisher\" content=\"https:\/\/www.facebook.com\/groups\/5261880558\/?locale=fr_FR\" \/>\n<meta property=\"article:published_time\" content=\"2023-07-28T13:57:54+00:00\" \/>\n<meta property=\"article:modified_time\" content=\"2025-10-20T18:09:58+00:00\" \/>\n<meta property=\"og:image\" content=\"https:\/\/centcols.org\/wp-content\/uploads\/2025\/05\/Col_de_Sarenne_090918.jpg\" \/>\n\t<meta property=\"og:image:width\" content=\"1200\" \/>\n\t<meta property=\"og:image:height\" content=\"800\" \/>\n\t<meta property=\"og:image:type\" content=\"image\/jpeg\" \/>\n<meta name=\"author\" content=\"Webmestre\" \/>\n<meta name=\"twitter:card\" content=\"summary_large_image\" \/>\n<meta name=\"twitter:label1\" content=\"Scritto da\" \/>\n\t<meta name=\"twitter:data1\" content=\"Webmestre\" \/>\n\t<meta name=\"twitter:label2\" content=\"Tempo di lettura stimato\" \/>\n\t<meta name=\"twitter:data2\" content=\"12 minuti\" \/>\n<script type=\"application\/ld+json\" class=\"yoast-schema-graph\">{\"@context\":\"https:\/\/schema.org\",\"@graph\":[{\"@type\":\"Article\",\"@id\":\"https:\/\/centcols.org\/le-col-de-sarenne\/#article\",\"isPartOf\":{\"@id\":\"https:\/\/centcols.org\/le-col-de-sarenne\/\"},\"author\":{\"name\":\"Webmestre\",\"@id\":\"https:\/\/centcols.org\/#\/schema\/person\/911b404fb133d8c913dd27cdcf71c8e5\"},\"headline\":\"Le col de Sarenne\",\"datePublished\":\"2023-07-28T13:57:54+00:00\",\"dateModified\":\"2025-10-20T18:09:58+00:00\",\"mainEntityOfPage\":{\"@id\":\"https:\/\/centcols.org\/le-col-de-sarenne\/\"},\"wordCount\":1911,\"publisher\":{\"@id\":\"https:\/\/centcols.org\/#organization\"},\"image\":{\"@id\":\"https:\/\/centcols.org\/le-col-de-sarenne\/#primaryimage\"},\"thumbnailUrl\":\"https:\/\/centcols.org\/wp-content\/uploads\/2025\/05\/Col_de_Sarenne_090918.jpg\",\"articleSection\":[\"Cols en vrac\"],\"inLanguage\":\"it-IT\"},{\"@type\":\"WebPage\",\"@id\":\"https:\/\/centcols.org\/le-col-de-sarenne\/\",\"url\":\"https:\/\/centcols.org\/le-col-de-sarenne\/\",\"name\":\"Le col de Sarenne - Club des Cent Cols\",\"isPartOf\":{\"@id\":\"https:\/\/centcols.org\/#website\"},\"primaryImageOfPage\":{\"@id\":\"https:\/\/centcols.org\/le-col-de-sarenne\/#primaryimage\"},\"image\":{\"@id\":\"https:\/\/centcols.org\/le-col-de-sarenne\/#primaryimage\"},\"thumbnailUrl\":\"https:\/\/centcols.org\/wp-content\/uploads\/2025\/05\/Col_de_Sarenne_090918.jpg\",\"datePublished\":\"2023-07-28T13:57:54+00:00\",\"dateModified\":\"2025-10-20T18:09:58+00:00\",\"breadcrumb\":{\"@id\":\"https:\/\/centcols.org\/le-col-de-sarenne\/#breadcrumb\"},\"inLanguage\":\"it-IT\",\"potentialAction\":[{\"@type\":\"ReadAction\",\"target\":[\"https:\/\/centcols.org\/le-col-de-sarenne\/\"]}]},{\"@type\":\"ImageObject\",\"inLanguage\":\"it-IT\",\"@id\":\"https:\/\/centcols.org\/le-col-de-sarenne\/#primaryimage\",\"url\":\"https:\/\/centcols.org\/wp-content\/uploads\/2025\/05\/Col_de_Sarenne_090918.jpg\",\"contentUrl\":\"https:\/\/centcols.org\/wp-content\/uploads\/2025\/05\/Col_de_Sarenne_090918.jpg\",\"width\":1200,\"height\":800},{\"@type\":\"BreadcrumbList\",\"@id\":\"https:\/\/centcols.org\/le-col-de-sarenne\/#breadcrumb\",\"itemListElement\":[{\"@type\":\"ListItem\",\"position\":1,\"name\":\"Accueil\",\"item\":\"https:\/\/centcols.org\/\"},{\"@type\":\"ListItem\",\"position\":2,\"name\":\"Cols en vrac\",\"item\":\"https:\/\/centcols.org\/rubrique\/cols-en-vrac\/\"},{\"@type\":\"ListItem\",\"position\":3,\"name\":\"Le col de Sarenne\"}]},{\"@type\":\"WebSite\",\"@id\":\"https:\/\/centcols.org\/#website\",\"url\":\"https:\/\/centcols.org\/\",\"name\":\"Club des Cent Cols\",\"description\":\"\",\"publisher\":{\"@id\":\"https:\/\/centcols.org\/#organization\"},\"potentialAction\":[{\"@type\":\"SearchAction\",\"target\":{\"@type\":\"EntryPoint\",\"urlTemplate\":\"https:\/\/centcols.org\/?s={search_term_string}\"},\"query-input\":{\"@type\":\"PropertyValueSpecification\",\"valueRequired\":true,\"valueName\":\"search_term_string\"}}],\"inLanguage\":\"it-IT\"},{\"@type\":\"Organization\",\"@id\":\"https:\/\/centcols.org\/#organization\",\"name\":\"Club des Cent Cols\",\"url\":\"https:\/\/centcols.org\/\",\"logo\":{\"@type\":\"ImageObject\",\"inLanguage\":\"it-IT\",\"@id\":\"https:\/\/centcols.org\/#\/schema\/logo\/image\/\",\"url\":\"https:\/\/centcols.org\/wp-content\/uploads\/2025\/01\/carte-icone.png\",\"contentUrl\":\"https:\/\/centcols.org\/wp-content\/uploads\/2025\/01\/carte-icone.png\",\"width\":250,\"height\":250,\"caption\":\"Club des Cent Cols\"},\"image\":{\"@id\":\"https:\/\/centcols.org\/#\/schema\/logo\/image\/\"},\"sameAs\":[\"https:\/\/www.facebook.com\/groups\/5261880558\/?locale=fr_FR\"]},{\"@type\":\"Person\",\"@id\":\"https:\/\/centcols.org\/#\/schema\/person\/911b404fb133d8c913dd27cdcf71c8e5\",\"name\":\"Webmestre\",\"image\":{\"@type\":\"ImageObject\",\"inLanguage\":\"it-IT\",\"@id\":\"https:\/\/centcols.org\/wp-content\/litespeed\/avatar\/2d246e4b6b4f773e08515e1ffc53690b.jpg?ver=1777222892\",\"url\":\"https:\/\/centcols.org\/wp-content\/litespeed\/avatar\/2d246e4b6b4f773e08515e1ffc53690b.jpg?ver=1777222892\",\"contentUrl\":\"https:\/\/centcols.org\/wp-content\/litespeed\/avatar\/2d246e4b6b4f773e08515e1ffc53690b.jpg?ver=1777222892\",\"caption\":\"Webmestre\"},\"url\":\"https:\/\/centcols.org\/it\/author\/webmestre\/\"}]}<\/script>\n<!-- \/ Yoast SEO plugin. -->","yoast_head_json":{"title":"Il Passo della Sarenne - Club des Cent Cols","robots":{"index":"index","follow":"follow","max-snippet":"max-snippet:-1","max-image-preview":"max-image-preview:large","max-video-preview":"max-video-preview:-1"},"canonical":"https:\/\/centcols.org\/it\/il-passo-di-sarenne\/","og_locale":"it_IT","og_type":"article","og_title":"Le col de Sarenne - Club des Cent Cols","og_description":"Altitude Le col de Sarenne (FR-38-1999), alors plus ou moins de 2000 m ? Apr\u00e8s un long d\u00e9bat il semble bien que le col de Sarenne ait \u00e9chou\u00e9 \u00e0 l\u2019examen de passage dans la cat\u00e9gorie des plus de 2000 m. Il manque un m\u00e8tre (et monter son v\u00e9lo d&rsquo;un m\u00e8tre comme sur la photo ne [&hellip;]","og_url":"https:\/\/centcols.org\/it\/il-passo-di-sarenne\/","og_site_name":"Club des Cent Cols","article_publisher":"https:\/\/www.facebook.com\/groups\/5261880558\/?locale=fr_FR","article_published_time":"2023-07-28T13:57:54+00:00","article_modified_time":"2025-10-20T18:09:58+00:00","og_image":[{"width":1200,"height":800,"url":"https:\/\/centcols.org\/wp-content\/uploads\/2025\/05\/Col_de_Sarenne_090918.jpg","type":"image\/jpeg"}],"author":"Webmestre","twitter_card":"summary_large_image","twitter_misc":{"Scritto da":"Webmestre","Tempo di lettura stimato":"12 minuti"},"schema":{"@context":"https:\/\/schema.org","@graph":[{"@type":"Article","@id":"https:\/\/centcols.org\/le-col-de-sarenne\/#article","isPartOf":{"@id":"https:\/\/centcols.org\/le-col-de-sarenne\/"},"author":{"name":"Webmestre","@id":"https:\/\/centcols.org\/#\/schema\/person\/911b404fb133d8c913dd27cdcf71c8e5"},"headline":"Le col de Sarenne","datePublished":"2023-07-28T13:57:54+00:00","dateModified":"2025-10-20T18:09:58+00:00","mainEntityOfPage":{"@id":"https:\/\/centcols.org\/le-col-de-sarenne\/"},"wordCount":1911,"publisher":{"@id":"https:\/\/centcols.org\/#organization"},"image":{"@id":"https:\/\/centcols.org\/le-col-de-sarenne\/#primaryimage"},"thumbnailUrl":"https:\/\/centcols.org\/wp-content\/uploads\/2025\/05\/Col_de_Sarenne_090918.jpg","articleSection":["Cols en vrac"],"inLanguage":"it-IT"},{"@type":"WebPage","@id":"https:\/\/centcols.org\/le-col-de-sarenne\/","url":"https:\/\/centcols.org\/le-col-de-sarenne\/","name":"Il Passo della Sarenne - Club des Cent Cols","isPartOf":{"@id":"https:\/\/centcols.org\/#website"},"primaryImageOfPage":{"@id":"https:\/\/centcols.org\/le-col-de-sarenne\/#primaryimage"},"image":{"@id":"https:\/\/centcols.org\/le-col-de-sarenne\/#primaryimage"},"thumbnailUrl":"https:\/\/centcols.org\/wp-content\/uploads\/2025\/05\/Col_de_Sarenne_090918.jpg","datePublished":"2023-07-28T13:57:54+00:00","dateModified":"2025-10-20T18:09:58+00:00","breadcrumb":{"@id":"https:\/\/centcols.org\/le-col-de-sarenne\/#breadcrumb"},"inLanguage":"it-IT","potentialAction":[{"@type":"ReadAction","target":["https:\/\/centcols.org\/le-col-de-sarenne\/"]}]},{"@type":"ImageObject","inLanguage":"it-IT","@id":"https:\/\/centcols.org\/le-col-de-sarenne\/#primaryimage","url":"https:\/\/centcols.org\/wp-content\/uploads\/2025\/05\/Col_de_Sarenne_090918.jpg","contentUrl":"https:\/\/centcols.org\/wp-content\/uploads\/2025\/05\/Col_de_Sarenne_090918.jpg","width":1200,"height":800},{"@type":"BreadcrumbList","@id":"https:\/\/centcols.org\/le-col-de-sarenne\/#breadcrumb","itemListElement":[{"@type":"ListItem","position":1,"name":"Accueil","item":"https:\/\/centcols.org\/"},{"@type":"ListItem","position":2,"name":"Cols en vrac","item":"https:\/\/centcols.org\/rubrique\/cols-en-vrac\/"},{"@type":"ListItem","position":3,"name":"Le col de Sarenne"}]},{"@type":"WebSite","@id":"https:\/\/centcols.org\/#website","url":"https:\/\/centcols.org\/","name":"Club des Cent Cols","description":"","publisher":{"@id":"https:\/\/centcols.org\/#organization"},"potentialAction":[{"@type":"SearchAction","target":{"@type":"EntryPoint","urlTemplate":"https:\/\/centcols.org\/?s={search_term_string}"},"query-input":{"@type":"PropertyValueSpecification","valueRequired":true,"valueName":"search_term_string"}}],"inLanguage":"it-IT"},{"@type":"Organization","@id":"https:\/\/centcols.org\/#organization","name":"Club des Cent Cols","url":"https:\/\/centcols.org\/","logo":{"@type":"ImageObject","inLanguage":"it-IT","@id":"https:\/\/centcols.org\/#\/schema\/logo\/image\/","url":"https:\/\/centcols.org\/wp-content\/uploads\/2025\/01\/carte-icone.png","contentUrl":"https:\/\/centcols.org\/wp-content\/uploads\/2025\/01\/carte-icone.png","width":250,"height":250,"caption":"Club des Cent Cols"},"image":{"@id":"https:\/\/centcols.org\/#\/schema\/logo\/image\/"},"sameAs":["https:\/\/www.facebook.com\/groups\/5261880558\/?locale=fr_FR"]},{"@type":"Person","@id":"https:\/\/centcols.org\/#\/schema\/person\/911b404fb133d8c913dd27cdcf71c8e5","name":"Webmaster","image":{"@type":"ImageObject","inLanguage":"it-IT","@id":"https:\/\/centcols.org\/wp-content\/litespeed\/avatar\/2d246e4b6b4f773e08515e1ffc53690b.jpg?ver=1777222892","url":"https:\/\/centcols.org\/wp-content\/litespeed\/avatar\/2d246e4b6b4f773e08515e1ffc53690b.jpg?ver=1777222892","contentUrl":"https:\/\/centcols.org\/wp-content\/litespeed\/avatar\/2d246e4b6b4f773e08515e1ffc53690b.jpg?ver=1777222892","caption":"Webmestre"},"url":"https:\/\/centcols.org\/it\/author\/webmestre\/"}]}},"_links":{"self":[{"href":"https:\/\/centcols.org\/it\/wp-json\/wp\/v2\/posts\/82521","targetHints":{"allow":["GET"]}}],"collection":[{"href":"https:\/\/centcols.org\/it\/wp-json\/wp\/v2\/posts"}],"about":[{"href":"https:\/\/centcols.org\/it\/wp-json\/wp\/v2\/types\/post"}],"author":[{"embeddable":true,"href":"https:\/\/centcols.org\/it\/wp-json\/wp\/v2\/users\/3"}],"replies":[{"embeddable":true,"href":"https:\/\/centcols.org\/it\/wp-json\/wp\/v2\/comments?post=82521"}],"version-history":[{"count":0,"href":"https:\/\/centcols.org\/it\/wp-json\/wp\/v2\/posts\/82521\/revisions"}],"wp:featuredmedia":[{"embeddable":true,"href":"https:\/\/centcols.org\/it\/wp-json\/wp\/v2\/media\/82522"}],"wp:attachment":[{"href":"https:\/\/centcols.org\/it\/wp-json\/wp\/v2\/media?parent=82521"}],"wp:term":[{"taxonomy":"category","embeddable":true,"href":"https:\/\/centcols.org\/it\/wp-json\/wp\/v2\/categories?post=82521"},{"taxonomy":"post_tag","embeddable":true,"href":"https:\/\/centcols.org\/it\/wp-json\/wp\/v2\/tags?post=82521"}],"curies":[{"name":"wp","href":"https:\/\/api.w.org\/{rel}","templated":true}]}}