{"id":82534,"date":"2023-08-06T07:30:29","date_gmt":"2023-08-06T05:30:29","guid":{"rendered":"https:\/\/centcols.org\/le-col-du-telegraphe\/"},"modified":"2026-01-31T19:03:49","modified_gmt":"2026-01-31T17:03:49","slug":"il-collo-del-telegrafo","status":"publish","type":"post","link":"https:\/\/centcols.org\/it\/le-col-du-telegraphe\/","title":{"rendered":"Il Passo del Telegrafo"},"content":{"rendered":"<div class=\"wp-block-image\">\n<figure class=\"aligncenter size-full is-resized\"><img loading=\"lazy\" decoding=\"async\" width=\"1200\" height=\"900\" src=\"https:\/\/centcols.org\/wp-content\/uploads\/2023\/08\/telegraphe01.jpg\" alt=\"\" class=\"wp-image-83285\" style=\"width:800px\" srcset=\"https:\/\/centcols.org\/wp-content\/uploads\/2023\/08\/telegraphe01.jpg 1200w, https:\/\/centcols.org\/wp-content\/uploads\/2023\/08\/telegraphe01-768x576.jpg 768w, https:\/\/centcols.org\/wp-content\/uploads\/2023\/08\/telegraphe01-16x12.jpg 16w\" sizes=\"auto, (max-width: 1200px) 100vw, 1200px\" \/><\/figure>\n<\/div>\n\n\n<h2 class=\"wp-block-heading\">Toponomastica<\/h2>\n\n\n\n<p class=\"has-medium-font-size\">Il Passo del Telegrafo (<a href=\"https:\/\/centcols.org\/it\/util\/geo\/visu.php\/?code=FR-73-1566\" target=\"_blank\" rel=\"noopener\" title=\"\">FR-73-1566<\/a>) prende il nome da una torre della <a href=\"https:\/\/fr.wikipedia.org\/wiki\/T%C3%A9l%C3%A9graphe_Chappe\" target=\"_blank\" rel=\"noopener\" title=\"\">Chappe telegrafiche<\/a>costruito nel 1807 sul bordo della scogliera. Il&nbsp;<a href=\"https:\/\/fr.wikipedia.org\/wiki\/Fort_du_T%C3%A9l%C3%A9graphe\" target=\"_blank\" rel=\"noopener\" title=\"\">Forte del T\u00e9l\u00e9graphe<\/a>&nbsp;vicino al passo ha sfruttato appieno la sua posizione strategica sopra la valle della Maurienne.<\/p>\n\n\n\n<h2 class=\"wp-block-heading\">Posizione geografica<\/h2>\n\n\n\n<h3 class=\"wp-block-heading\">Massiccio<\/h3>\n\n\n\n<p class=\"has-medium-font-size\">Il Col du T\u00e9l\u00e9graphe si trova nella zona di<strong>&nbsp;<a href=\"https:\/\/fr.wikipedia.org\/wiki\/Massif_des_Cerces\" target=\"_blank\" rel=\"noreferrer noopener\">Massiccio del Cerces<\/a>,<\/strong><\/p>\n\n\n\n<h3 class=\"wp-block-heading\">Geologia<\/h3>\n\n\n\n<p class=\"has-medium-font-size\">La strada del Col du T\u00e9l\u00e9graphe, appena lasciata St-Michel-de-Maurienne, \u00e8 dominata a ovest dalla barra rocciosa del Pas du Roc. La parte inferiore di questo massiccio calcareo \u00e8 attraversata dal fiume Arc, che ha scavato la gola del D\u00e9fil\u00e9 du Pas du Roc.  Il massiccio sale poi ripidamente verso il Forte e il Col du T\u00e9l\u00e9graphe. <\/p>\n\n\n\n<p class=\"has-medium-font-size\">Appena superato il passo, la vista precipita nella valle della Valloirette. Infatti, il torrente ha scavato il suo letto nella parte concava del ripiegamento del rilievo sotto l'azione delle spinte tettoniche, la sinclinale, mentre il Forte e il passo si trovano sulla parte convessa dello stesso ripiegamento, l'anticlinale orientale. <\/p>\n\n\n\n<p class=\"has-medium-font-size\">Il Col d'Albanne (<a href=\"https:\/\/centcols.org\/it\/util\/geo\/visu.php\/?code=FR-73-1652\" target=\"_blank\" rel=\"noopener\" title=\"\">FR-73-1652<\/a>) si trova sull'anticlinale occidentale.<\/p>\n\n\n<div class=\"wp-block-image\">\n<figure class=\"aligncenter size-full is-resized\"><img loading=\"lazy\" decoding=\"async\" width=\"818\" height=\"695\" src=\"https:\/\/centcols.org\/wp-content\/uploads\/2023\/08\/photo21.png\" alt=\"\" class=\"wp-image-89756\" style=\"width:800px\" srcset=\"https:\/\/centcols.org\/wp-content\/uploads\/2023\/08\/photo21.png 818w, https:\/\/centcols.org\/wp-content\/uploads\/2023\/08\/photo21-768x653.png 768w, https:\/\/centcols.org\/wp-content\/uploads\/2023\/08\/photo21-14x12.png 14w\" sizes=\"auto, (max-width: 818px) 100vw, 818px\" \/><figcaption class=\"wp-element-caption\"><strong>La piegatura descritta =&gt; Estratto di Openrunner e Open Street Map<\/strong><\/figcaption><\/figure>\n<\/div>\n\n\n<h3 class=\"wp-block-heading\">Idrografia<\/h3>\n\n\n\n<p class=\"has-medium-font-size\">&nbsp;Il passo si trova su una LPE tra affluenti dell'Arc, tra cui la Valloirette a ovest, e torrenti affluenti del Ruisseau des Seignes a est.<\/p>\n\n\n\n<h3 class=\"wp-block-heading\">Accesso e passo vicino<\/h3>\n\n\n\n<p class=\"has-medium-font-size\">La D902 collega Saint-Michel de Maurienne (a nord, 11,8 km - alt. 730 m) a Valloire (a sud, 4,8 km - alt. 1430 m) attraverso il Col du T\u00e9l\u00e9graphe.<\/p>\n\n\n<div class=\"wp-block-image\">\n<figure class=\"aligncenter size-full is-resized\"><img loading=\"lazy\" decoding=\"async\" width=\"795\" height=\"528\" src=\"https:\/\/centcols.org\/wp-content\/uploads\/2023\/08\/photo31.png\" alt=\"\" class=\"wp-image-89757\" style=\"width:800px\" srcset=\"https:\/\/centcols.org\/wp-content\/uploads\/2023\/08\/photo31.png 795w, https:\/\/centcols.org\/wp-content\/uploads\/2023\/08\/photo31-768x510.png 768w, https:\/\/centcols.org\/wp-content\/uploads\/2023\/08\/photo31-18x12.png 18w\" sizes=\"auto, (max-width: 795px) 100vw, 795px\" \/><\/figure>\n<\/div>\n\n\n<div class=\"wp-block-columns is-layout-flex wp-container-core-columns-is-layout-9d6595d7 wp-block-columns-is-layout-flex\">\n<div class=\"wp-block-column is-layout-flow wp-block-column-is-layout-flow\" style=\"flex-basis:50%\">\n<p class=\"has-medium-font-size\">Nella discesa verso Valloire, la D902 attraversa la frazione di Le Col (<a title=\"\" href=\"https:\/\/centcols.org\/it\/util\/geo\/visu.php\/?code=FR-73-1522\" target=\"_blank\" rel=\"noopener\">FR-73-1522<\/a>), si tratta di un passo di fiancheggiamento elencato nel catalogo del Club des Cent Cols.<\/p>\n\n\n\n<p class=\"has-medium-font-size\">&nbsp;Si trova su uno spartiacque tra gli affluenti della Valloirette.<\/p>\n<\/div>\n\n\n\n<div class=\"wp-block-column is-layout-flow wp-block-column-is-layout-flow\" style=\"flex-basis:50%\">\n<figure class=\"wp-block-image size-full\"><img loading=\"lazy\" decoding=\"async\" width=\"400\" height=\"225\" src=\"https:\/\/centcols.org\/wp-content\/uploads\/2023\/08\/Photo4-11.jpg\" alt=\"\" class=\"wp-image-89758\" srcset=\"https:\/\/centcols.org\/wp-content\/uploads\/2023\/08\/Photo4-11.jpg 400w, https:\/\/centcols.org\/wp-content\/uploads\/2023\/08\/Photo4-11-18x10.jpg 18w\" sizes=\"auto, (max-width: 400px) 100vw, 400px\" \/><figcaption class=\"wp-element-caption\">Il Colle - Foto Guy Garcin<\/figcaption><\/figure>\n<\/div>\n<\/div>\n\n\n\n<h2 class=\"wp-block-heading\">Modifica dell'accesso<\/h2>\n\n\n\n<p class=\"has-medium-font-size\">Durante le BRA del 1936-1942 (le BRA si tenevano ogni anno), il percorso passava attraverso una galleria che iniziava circa 500 m prima dell'attuale attraversamento (sul lato Valloire) e sbucava in una curva vicino all'ancora esistente \"maison cantonni\u00e8re\" sul lato della valle dell'Arc. Questo tunnel \u00e8 stato distrutto dai tedeschi nel 1944.&nbsp;<em>(l'ARO non ha avuto luogo nel 1943 e nel 1944)<\/em>. \u00c8 stata aperta una strada che attraversa l'attuale passo. Crolli e vegetazione hanno completamente bloccato l'ingresso di questa galleria a monte e a valle, e non se ne vede nemmeno la minima traccia...<\/p>\n\n\n\n<h2 class=\"wp-block-heading\">Cosa vedere - turismo\u00a0<\/h2>\n\n\n\n<p class=\"has-medium-font-size\">1 km a nord del passo, Le&nbsp;<strong>Forte del T\u00e9l\u00e9graphe<\/strong>(raramente chiamato&nbsp;<strong>Fort Berwick<\/strong>), si trova a un'altitudine di 1.620 metri. Domina la valle della Maurienne per 900 metri.<\/p>\n\n\n\n<p class=\"has-medium-font-size\">In origine era il sito di una stazione ferroviaria.&nbsp;<a href=\"https:\/\/fr.wikipedia.org\/wiki\/T%C3%A9l%C3%A9graphe\">telegrafia<\/a>&nbsp;<a href=\"https:\/\/fr.wikipedia.org\/wiki\/Tour_de_Chappe\">Chappe<\/a>&nbsp;(telegrafia ottica a bracci articolati), situato sulla linea da Lione a Milano (poi Venezia nel 1809). <\/p>\n\n\n\n<p class=\"has-medium-font-size\">Il forte \u00e8 stato costruito tra il 1886 e il 1890 e appartiene alla&nbsp;<a href=\"https:\/\/fr.wikipedia.org\/wiki\/Syst%C3%A8me_S%C3%A9r%C3%A9_de_Rivi%C3%A8res\">Sistema S\u00e9r\u00e9 de Rivi\u00e8res<\/a>.<\/p>\n\n\n<div class=\"wp-block-image\">\n<figure class=\"aligncenter size-full is-resized\"><img loading=\"lazy\" decoding=\"async\" width=\"1024\" height=\"683\" src=\"https:\/\/centcols.org\/wp-content\/uploads\/2023\/08\/Photo61.jpg\" alt=\"\" class=\"wp-image-89759\" style=\"width:800px\" srcset=\"https:\/\/centcols.org\/wp-content\/uploads\/2023\/08\/Photo61.jpg 1024w, https:\/\/centcols.org\/wp-content\/uploads\/2023\/08\/Photo61-768x512.jpg 768w, https:\/\/centcols.org\/wp-content\/uploads\/2023\/08\/Photo61-18x12.jpg 18w\" sizes=\"auto, (max-width: 1024px) 100vw, 1024px\" \/><\/figure>\n<\/div>\n\n\n<p class=\"has-medium-font-size\">Il forte \u00e8 aperto ai visitatori ogni estate da luglio ad agosto,&nbsp;<\/p>\n\n\n\n<div class=\"wp-block-columns is-layout-flex wp-container-core-columns-is-layout-9d6595d7 wp-block-columns-is-layout-flex\">\n<div class=\"wp-block-column is-layout-flow wp-block-column-is-layout-flow\" style=\"flex-basis:50%\"><\/div>\n\n\n\n<div class=\"wp-block-column is-layout-flow wp-block-column-is-layout-flow\" style=\"flex-basis:50%\"><\/div>\n<\/div>\n\n\n\n<h2 class=\"wp-block-heading\">Ciclismo e cicloturismo<\/h2>\n\n\n\n<p class=\"has-medium-font-size\">Le varie prove passano sopra il Col du T\u00e9l\u00e9graphe ... quando passano sopra il <a href=\"https:\/\/centcols.org\/it\/il-col-du-galibier\/\" target=\"_blank\" rel=\"noopener\" title=\"\">Passo del Galibier<\/a>. <\/p>\n\n\n<div class=\"wp-block-image\">\n<figure class=\"aligncenter size-full is-resized\"><img loading=\"lazy\" decoding=\"async\" width=\"1024\" height=\"768\" src=\"https:\/\/centcols.org\/wp-content\/uploads\/2025\/05\/photo5-1.jpg\" alt=\"\" class=\"wp-image-82537\" style=\"width:800px\" srcset=\"https:\/\/centcols.org\/wp-content\/uploads\/2025\/05\/photo5-1.jpg 1024w, https:\/\/centcols.org\/wp-content\/uploads\/2025\/05\/photo5-1-768x576.jpg 768w\" sizes=\"auto, (max-width: 1024px) 100vw, 1024px\" \/><figcaption class=\"wp-element-caption\">BRA 2023 : Il Club Bourbon-Lancy (Sa\u00f4ne et Loire) - il pi\u00f9 numeroso al di fuori dell'Is\u00e8re<br><em>(nota: la statua della bicicletta \u00e8 recente - non si trova in vecchie foto o su internet)<\/em><\/figcaption><\/figure>\n<\/div>\n\n\n<h3 class=\"wp-block-heading\">Profilo<\/h3>\n\n\n\n<p class=\"has-medium-font-size\">Per il lato Maurienne (11,8 km, D+: 856 m): alcuni passaggi a pi\u00f9 di 10 % (in rosso)<\/p>\n\n\n<div class=\"wp-block-image is-resized\">\n<figure class=\"aligncenter size-full\"><img loading=\"lazy\" decoding=\"async\" width=\"450\" height=\"281\" src=\"https:\/\/centcols.org\/wp-content\/uploads\/2025\/05\/Photo9.png\" alt=\"\" class=\"wp-image-82535\"\/><\/figure>\n<\/div>\n\n\n<p class=\"has-medium-font-size\">E da St-Michel-de-Maurienne a Valloire (Openrunner)<\/p>\n\n\n<div class=\"wp-block-image is-resized\">\n<figure class=\"aligncenter size-full\"><img loading=\"lazy\" decoding=\"async\" width=\"1012\" height=\"409\" src=\"https:\/\/centcols.org\/wp-content\/uploads\/2025\/05\/photo8.jpg\" alt=\"\" class=\"wp-image-82536\" srcset=\"https:\/\/centcols.org\/wp-content\/uploads\/2025\/05\/photo8.jpg 1012w, https:\/\/centcols.org\/wp-content\/uploads\/2025\/05\/photo8-768x310.jpg 768w\" sizes=\"auto, (max-width: 1012px) 100vw, 1012px\" \/><\/figure>\n<\/div>\n\n\n<p><\/p>\n\n\n\n<p class=\"has-text-align-right\"><em><em>Un articolo di G\u00e9rard Galland<\/em><\/em><br><em>e Bernard Giraudeau (per la sezione geologia) <\/em><\/p>","protected":false},"excerpt":{"rendered":"<p>Toponymie Le col du T\u00e9l\u00e9graphe (FR-73-1566) est appel\u00e9 ainsi en raison d\u2019une tour du t\u00e9l\u00e9graphe Chappe, \u00e0 bras articul\u00e9s, construite en&nbsp;1807&nbsp;au bord de la falaise. Le&nbsp;fort du T\u00e9l\u00e9graphe&nbsp;\u00e0 proximit\u00e9 du col profitait pleinement de sa position strat\u00e9gique au-dessus de la vall\u00e9e de la&nbsp;Maurienne. Situation g\u00e9ographique Massif Le col du T\u00e9l\u00e9graphe est situ\u00e9 dans le le&nbsp;massif [&hellip;]<\/p>\n","protected":false},"author":3,"featured_media":83284,"comment_status":"closed","ping_status":"closed","sticky":false,"template":"","format":"standard","meta":{"_acf_changed":false,"footnotes":""},"categories":[308],"tags":[],"class_list":["post-82534","post","type-post","status-publish","format-standard","has-post-thumbnail","hentry","category-cols-en-vrac"],"acf":[],"yoast_head":"<!-- This site is optimized with the Yoast SEO plugin v27.2 - https:\/\/yoast.com\/product\/yoast-seo-wordpress\/ -->\n<title>Le col du T\u00e9l\u00e9graphe - Club des Cent Cols<\/title>\n<meta name=\"robots\" content=\"index, follow, max-snippet:-1, max-image-preview:large, max-video-preview:-1\" \/>\n<link rel=\"canonical\" href=\"https:\/\/centcols.org\/it\/il-collo-del-telegrafo\/\" \/>\n<meta property=\"og:locale\" content=\"it_IT\" \/>\n<meta property=\"og:type\" content=\"article\" \/>\n<meta property=\"og:title\" content=\"Le col du T\u00e9l\u00e9graphe - Club des Cent Cols\" \/>\n<meta property=\"og:description\" content=\"Toponymie Le col du T\u00e9l\u00e9graphe (FR-73-1566) est appel\u00e9 ainsi en raison d\u2019une tour du t\u00e9l\u00e9graphe Chappe, \u00e0 bras articul\u00e9s, construite en&nbsp;1807&nbsp;au bord de la falaise. Le&nbsp;fort du T\u00e9l\u00e9graphe&nbsp;\u00e0 proximit\u00e9 du col profitait pleinement de sa position strat\u00e9gique au-dessus de la vall\u00e9e de la&nbsp;Maurienne. Situation g\u00e9ographique Massif Le col du T\u00e9l\u00e9graphe est situ\u00e9 dans le le&nbsp;massif [&hellip;]\" \/>\n<meta property=\"og:url\" content=\"https:\/\/centcols.org\/it\/il-collo-del-telegrafo\/\" \/>\n<meta property=\"og:site_name\" content=\"Club des Cent Cols\" \/>\n<meta property=\"article:publisher\" content=\"https:\/\/www.facebook.com\/groups\/5261880558\/?locale=fr_FR\" \/>\n<meta property=\"article:published_time\" content=\"2023-08-06T05:30:29+00:00\" \/>\n<meta property=\"article:modified_time\" content=\"2026-01-31T17:03:49+00:00\" \/>\n<meta property=\"og:image\" content=\"https:\/\/centcols.org\/wp-content\/uploads\/\/2023\/08\/telegraphe02.jpg\" \/>\n\t<meta property=\"og:image:width\" content=\"1200\" \/>\n\t<meta property=\"og:image:height\" content=\"675\" \/>\n\t<meta property=\"og:image:type\" content=\"image\/jpeg\" \/>\n<meta name=\"author\" content=\"Webmestre\" \/>\n<meta name=\"twitter:card\" content=\"summary_large_image\" \/>\n<meta name=\"twitter:label1\" content=\"Scritto da\" \/>\n\t<meta name=\"twitter:data1\" content=\"Webmestre\" \/>\n\t<meta name=\"twitter:label2\" content=\"Tempo di lettura stimato\" \/>\n\t<meta name=\"twitter:data2\" content=\"5 minuti\" \/>\n<script type=\"application\/ld+json\" class=\"yoast-schema-graph\">{\"@context\":\"https:\/\/schema.org\",\"@graph\":[{\"@type\":\"Article\",\"@id\":\"https:\/\/centcols.org\/le-col-du-telegraphe\/#article\",\"isPartOf\":{\"@id\":\"https:\/\/centcols.org\/le-col-du-telegraphe\/\"},\"author\":{\"name\":\"Webmestre\",\"@id\":\"https:\/\/centcols.org\/#\/schema\/person\/911b404fb133d8c913dd27cdcf71c8e5\"},\"headline\":\"Le col du T\u00e9l\u00e9graphe\",\"datePublished\":\"2023-08-06T05:30:29+00:00\",\"dateModified\":\"2026-01-31T17:03:49+00:00\",\"mainEntityOfPage\":{\"@id\":\"https:\/\/centcols.org\/le-col-du-telegraphe\/\"},\"wordCount\":688,\"publisher\":{\"@id\":\"https:\/\/centcols.org\/#organization\"},\"image\":{\"@id\":\"https:\/\/centcols.org\/le-col-du-telegraphe\/#primaryimage\"},\"thumbnailUrl\":\"https:\/\/centcols.org\/wp-content\/uploads\/\/2023\/08\/telegraphe02.jpg\",\"articleSection\":[\"Cols en vrac\"],\"inLanguage\":\"it-IT\"},{\"@type\":\"WebPage\",\"@id\":\"https:\/\/centcols.org\/le-col-du-telegraphe\/\",\"url\":\"https:\/\/centcols.org\/le-col-du-telegraphe\/\",\"name\":\"Le col du T\u00e9l\u00e9graphe - Club des Cent Cols\",\"isPartOf\":{\"@id\":\"https:\/\/centcols.org\/#website\"},\"primaryImageOfPage\":{\"@id\":\"https:\/\/centcols.org\/le-col-du-telegraphe\/#primaryimage\"},\"image\":{\"@id\":\"https:\/\/centcols.org\/le-col-du-telegraphe\/#primaryimage\"},\"thumbnailUrl\":\"https:\/\/centcols.org\/wp-content\/uploads\/\/2023\/08\/telegraphe02.jpg\",\"datePublished\":\"2023-08-06T05:30:29+00:00\",\"dateModified\":\"2026-01-31T17:03:49+00:00\",\"breadcrumb\":{\"@id\":\"https:\/\/centcols.org\/le-col-du-telegraphe\/#breadcrumb\"},\"inLanguage\":\"it-IT\",\"potentialAction\":[{\"@type\":\"ReadAction\",\"target\":[\"https:\/\/centcols.org\/le-col-du-telegraphe\/\"]}]},{\"@type\":\"ImageObject\",\"inLanguage\":\"it-IT\",\"@id\":\"https:\/\/centcols.org\/le-col-du-telegraphe\/#primaryimage\",\"url\":\"https:\/\/centcols.org\/wp-content\/uploads\/\/2023\/08\/telegraphe02.jpg\",\"contentUrl\":\"https:\/\/centcols.org\/wp-content\/uploads\/\/2023\/08\/telegraphe02.jpg\",\"width\":1200,\"height\":675},{\"@type\":\"BreadcrumbList\",\"@id\":\"https:\/\/centcols.org\/le-col-du-telegraphe\/#breadcrumb\",\"itemListElement\":[{\"@type\":\"ListItem\",\"position\":1,\"name\":\"Accueil\",\"item\":\"https:\/\/centcols.org\/\"},{\"@type\":\"ListItem\",\"position\":2,\"name\":\"Cols en vrac\",\"item\":\"https:\/\/centcols.org\/rubrique\/cols-en-vrac\/\"},{\"@type\":\"ListItem\",\"position\":3,\"name\":\"Le col du T\u00e9l\u00e9graphe\"}]},{\"@type\":\"WebSite\",\"@id\":\"https:\/\/centcols.org\/#website\",\"url\":\"https:\/\/centcols.org\/\",\"name\":\"Club des Cent Cols\",\"description\":\"\",\"publisher\":{\"@id\":\"https:\/\/centcols.org\/#organization\"},\"potentialAction\":[{\"@type\":\"SearchAction\",\"target\":{\"@type\":\"EntryPoint\",\"urlTemplate\":\"https:\/\/centcols.org\/?s={search_term_string}\"},\"query-input\":{\"@type\":\"PropertyValueSpecification\",\"valueRequired\":true,\"valueName\":\"search_term_string\"}}],\"inLanguage\":\"it-IT\"},{\"@type\":\"Organization\",\"@id\":\"https:\/\/centcols.org\/#organization\",\"name\":\"Club des Cent Cols\",\"url\":\"https:\/\/centcols.org\/\",\"logo\":{\"@type\":\"ImageObject\",\"inLanguage\":\"it-IT\",\"@id\":\"https:\/\/centcols.org\/#\/schema\/logo\/image\/\",\"url\":\"https:\/\/centcols.org\/wp-content\/uploads\/2025\/01\/carte-icone.png\",\"contentUrl\":\"https:\/\/centcols.org\/wp-content\/uploads\/2025\/01\/carte-icone.png\",\"width\":250,\"height\":250,\"caption\":\"Club des Cent Cols\"},\"image\":{\"@id\":\"https:\/\/centcols.org\/#\/schema\/logo\/image\/\"},\"sameAs\":[\"https:\/\/www.facebook.com\/groups\/5261880558\/?locale=fr_FR\"]},{\"@type\":\"Person\",\"@id\":\"https:\/\/centcols.org\/#\/schema\/person\/911b404fb133d8c913dd27cdcf71c8e5\",\"name\":\"Webmestre\",\"image\":{\"@type\":\"ImageObject\",\"inLanguage\":\"it-IT\",\"@id\":\"https:\/\/centcols.org\/wp-content\/litespeed\/avatar\/2d246e4b6b4f773e08515e1ffc53690b.jpg?ver=1777222892\",\"url\":\"https:\/\/centcols.org\/wp-content\/litespeed\/avatar\/2d246e4b6b4f773e08515e1ffc53690b.jpg?ver=1777222892\",\"contentUrl\":\"https:\/\/centcols.org\/wp-content\/litespeed\/avatar\/2d246e4b6b4f773e08515e1ffc53690b.jpg?ver=1777222892\",\"caption\":\"Webmestre\"},\"url\":\"https:\/\/centcols.org\/it\/author\/webmestre\/\"}]}<\/script>\n<!-- \/ Yoast SEO plugin. -->","yoast_head_json":{"title":"Il Passo del Telegrafo - Club des Cent Cols","robots":{"index":"index","follow":"follow","max-snippet":"max-snippet:-1","max-image-preview":"max-image-preview:large","max-video-preview":"max-video-preview:-1"},"canonical":"https:\/\/centcols.org\/it\/il-collo-del-telegrafo\/","og_locale":"it_IT","og_type":"article","og_title":"Le col du T\u00e9l\u00e9graphe - Club des Cent Cols","og_description":"Toponymie Le col du T\u00e9l\u00e9graphe (FR-73-1566) est appel\u00e9 ainsi en raison d\u2019une tour du t\u00e9l\u00e9graphe Chappe, \u00e0 bras articul\u00e9s, construite en&nbsp;1807&nbsp;au bord de la falaise. Le&nbsp;fort du T\u00e9l\u00e9graphe&nbsp;\u00e0 proximit\u00e9 du col profitait pleinement de sa position strat\u00e9gique au-dessus de la vall\u00e9e de la&nbsp;Maurienne. Situation g\u00e9ographique Massif Le col du T\u00e9l\u00e9graphe est situ\u00e9 dans le le&nbsp;massif [&hellip;]","og_url":"https:\/\/centcols.org\/it\/il-collo-del-telegrafo\/","og_site_name":"Club des Cent Cols","article_publisher":"https:\/\/www.facebook.com\/groups\/5261880558\/?locale=fr_FR","article_published_time":"2023-08-06T05:30:29+00:00","article_modified_time":"2026-01-31T17:03:49+00:00","og_image":[{"width":1200,"height":675,"url":"https:\/\/centcols.org\/wp-content\/uploads\/\/2023\/08\/telegraphe02.jpg","type":"image\/jpeg"}],"author":"Webmestre","twitter_card":"summary_large_image","twitter_misc":{"Scritto da":"Webmestre","Tempo di lettura stimato":"5 minuti"},"schema":{"@context":"https:\/\/schema.org","@graph":[{"@type":"Article","@id":"https:\/\/centcols.org\/le-col-du-telegraphe\/#article","isPartOf":{"@id":"https:\/\/centcols.org\/le-col-du-telegraphe\/"},"author":{"name":"Webmestre","@id":"https:\/\/centcols.org\/#\/schema\/person\/911b404fb133d8c913dd27cdcf71c8e5"},"headline":"Le col du T\u00e9l\u00e9graphe","datePublished":"2023-08-06T05:30:29+00:00","dateModified":"2026-01-31T17:03:49+00:00","mainEntityOfPage":{"@id":"https:\/\/centcols.org\/le-col-du-telegraphe\/"},"wordCount":688,"publisher":{"@id":"https:\/\/centcols.org\/#organization"},"image":{"@id":"https:\/\/centcols.org\/le-col-du-telegraphe\/#primaryimage"},"thumbnailUrl":"https:\/\/centcols.org\/wp-content\/uploads\/\/2023\/08\/telegraphe02.jpg","articleSection":["Cols en vrac"],"inLanguage":"it-IT"},{"@type":"WebPage","@id":"https:\/\/centcols.org\/le-col-du-telegraphe\/","url":"https:\/\/centcols.org\/le-col-du-telegraphe\/","name":"Il Passo del Telegrafo - Club des Cent Cols","isPartOf":{"@id":"https:\/\/centcols.org\/#website"},"primaryImageOfPage":{"@id":"https:\/\/centcols.org\/le-col-du-telegraphe\/#primaryimage"},"image":{"@id":"https:\/\/centcols.org\/le-col-du-telegraphe\/#primaryimage"},"thumbnailUrl":"https:\/\/centcols.org\/wp-content\/uploads\/\/2023\/08\/telegraphe02.jpg","datePublished":"2023-08-06T05:30:29+00:00","dateModified":"2026-01-31T17:03:49+00:00","breadcrumb":{"@id":"https:\/\/centcols.org\/le-col-du-telegraphe\/#breadcrumb"},"inLanguage":"it-IT","potentialAction":[{"@type":"ReadAction","target":["https:\/\/centcols.org\/le-col-du-telegraphe\/"]}]},{"@type":"ImageObject","inLanguage":"it-IT","@id":"https:\/\/centcols.org\/le-col-du-telegraphe\/#primaryimage","url":"https:\/\/centcols.org\/wp-content\/uploads\/\/2023\/08\/telegraphe02.jpg","contentUrl":"https:\/\/centcols.org\/wp-content\/uploads\/\/2023\/08\/telegraphe02.jpg","width":1200,"height":675},{"@type":"BreadcrumbList","@id":"https:\/\/centcols.org\/le-col-du-telegraphe\/#breadcrumb","itemListElement":[{"@type":"ListItem","position":1,"name":"Accueil","item":"https:\/\/centcols.org\/"},{"@type":"ListItem","position":2,"name":"Cols en vrac","item":"https:\/\/centcols.org\/rubrique\/cols-en-vrac\/"},{"@type":"ListItem","position":3,"name":"Le col du T\u00e9l\u00e9graphe"}]},{"@type":"WebSite","@id":"https:\/\/centcols.org\/#website","url":"https:\/\/centcols.org\/","name":"Club des Cent Cols","description":"","publisher":{"@id":"https:\/\/centcols.org\/#organization"},"potentialAction":[{"@type":"SearchAction","target":{"@type":"EntryPoint","urlTemplate":"https:\/\/centcols.org\/?s={search_term_string}"},"query-input":{"@type":"PropertyValueSpecification","valueRequired":true,"valueName":"search_term_string"}}],"inLanguage":"it-IT"},{"@type":"Organization","@id":"https:\/\/centcols.org\/#organization","name":"Club des Cent Cols","url":"https:\/\/centcols.org\/","logo":{"@type":"ImageObject","inLanguage":"it-IT","@id":"https:\/\/centcols.org\/#\/schema\/logo\/image\/","url":"https:\/\/centcols.org\/wp-content\/uploads\/2025\/01\/carte-icone.png","contentUrl":"https:\/\/centcols.org\/wp-content\/uploads\/2025\/01\/carte-icone.png","width":250,"height":250,"caption":"Club des Cent Cols"},"image":{"@id":"https:\/\/centcols.org\/#\/schema\/logo\/image\/"},"sameAs":["https:\/\/www.facebook.com\/groups\/5261880558\/?locale=fr_FR"]},{"@type":"Person","@id":"https:\/\/centcols.org\/#\/schema\/person\/911b404fb133d8c913dd27cdcf71c8e5","name":"Webmaster","image":{"@type":"ImageObject","inLanguage":"it-IT","@id":"https:\/\/centcols.org\/wp-content\/litespeed\/avatar\/2d246e4b6b4f773e08515e1ffc53690b.jpg?ver=1777222892","url":"https:\/\/centcols.org\/wp-content\/litespeed\/avatar\/2d246e4b6b4f773e08515e1ffc53690b.jpg?ver=1777222892","contentUrl":"https:\/\/centcols.org\/wp-content\/litespeed\/avatar\/2d246e4b6b4f773e08515e1ffc53690b.jpg?ver=1777222892","caption":"Webmestre"},"url":"https:\/\/centcols.org\/it\/author\/webmestre\/"}]}},"_links":{"self":[{"href":"https:\/\/centcols.org\/it\/wp-json\/wp\/v2\/posts\/82534","targetHints":{"allow":["GET"]}}],"collection":[{"href":"https:\/\/centcols.org\/it\/wp-json\/wp\/v2\/posts"}],"about":[{"href":"https:\/\/centcols.org\/it\/wp-json\/wp\/v2\/types\/post"}],"author":[{"embeddable":true,"href":"https:\/\/centcols.org\/it\/wp-json\/wp\/v2\/users\/3"}],"replies":[{"embeddable":true,"href":"https:\/\/centcols.org\/it\/wp-json\/wp\/v2\/comments?post=82534"}],"version-history":[{"count":0,"href":"https:\/\/centcols.org\/it\/wp-json\/wp\/v2\/posts\/82534\/revisions"}],"wp:featuredmedia":[{"embeddable":true,"href":"https:\/\/centcols.org\/it\/wp-json\/wp\/v2\/media\/83284"}],"wp:attachment":[{"href":"https:\/\/centcols.org\/it\/wp-json\/wp\/v2\/media?parent=82534"}],"wp:term":[{"taxonomy":"category","embeddable":true,"href":"https:\/\/centcols.org\/it\/wp-json\/wp\/v2\/categories?post=82534"},{"taxonomy":"post_tag","embeddable":true,"href":"https:\/\/centcols.org\/it\/wp-json\/wp\/v2\/tags?post=82534"}],"curies":[{"name":"wp","href":"https:\/\/api.w.org\/{rel}","templated":true}]}}