{"id":82540,"date":"2023-08-23T12:48:33","date_gmt":"2023-08-23T10:48:33","guid":{"rendered":"https:\/\/centcols.org\/le-collet-du-plan-nicolas\/"},"modified":"2025-10-30T10:27:42","modified_gmt":"2025-10-30T08:27:42","slug":"le-collet-du-plan-nicolas","status":"publish","type":"post","link":"https:\/\/centcols.org\/it\/le-collet-du-plan-nicolas\/","title":{"rendered":"Il passo di Plan Nicolas"},"content":{"rendered":"<figure class=\"wp-block-image size-full is-resized\"><img loading=\"lazy\" decoding=\"async\" width=\"720\" height=\"604\" src=\"https:\/\/centcols.org\/wp-content\/uploads\/2023\/08\/Carte1.jpg\" alt=\"\" class=\"wp-image-89729\" style=\"width:600px\" srcset=\"https:\/\/centcols.org\/wp-content\/uploads\/2023\/08\/Carte1.jpg 720w, https:\/\/centcols.org\/wp-content\/uploads\/2023\/08\/Carte1-14x12.jpg 14w\" sizes=\"auto, (max-width: 720px) 100vw, 720px\" \/><\/figure>\n\n\n\n<h2 class=\"wp-block-heading\">Toponomastica<\/h2>\n\n\n\n<p class=\"has-medium-font-size\">Il Collet du Plan Nicolas (<a href=\"\/it\/util\/geo\/visu.php\/?code=FR-73-2406\" target=\"_blank\" rel=\"noopener\" title=\"\">FR-73-2406<\/a>) \u00e8 l'eponimo di un'area a nord-ovest del passo (vedi mappa sopra).<\/p>\n\n\n\n<p class=\"has-medium-font-size\">\u00c8 noto anche come Col du Colomban Noir (Geo-alp).<\/p>\n\n\n\n<h2 class=\"wp-block-heading\">Posizione geografica<\/h2>\n\n\n\n<h3 class=\"wp-block-heading\">Massiccio<\/h3>\n\n\n\n<p class=\"has-medium-font-size\">Il Collet de Plan Nicolas si trova a est della <strong><a href=\"https:\/\/fr.wikipedia.org\/wiki\/Massif_des_Arves\" target=\"_blank\" rel=\"noopener\" title=\"\">Massiccio di Arves<\/a><\/strong>.<\/p>\n\n\n\n<p class=\"has-medium-font-size\">La cima del Colomban Noir (a circa 2.500 m) si trova immediatamente a nord di Le Collet.<\/p>\n\n\n\n<p class=\"has-medium-font-size\">Sotto Colomban Noir, la mappa IGN (vedi sopra) mostra un'area a nord-ovest nota come \"Plan Nicolas\".<\/p>\n\n\n\n<h3 class=\"wp-block-heading\">Idrografia<\/h3>\n\n\n\n<p class=\"has-medium-font-size\">Il passo separa la valle della Valloirette, sul lato nord del percorso del Galibier, dalla valle del torrente Lauzette, affluente della Valloirette sopra Bonnenuit.<\/p>\n\n\n\n<h3 class=\"wp-block-heading\">Accesso<\/h3>\n\n\n\n<p class=\"has-medium-font-size\">Il Collet du Plan Nicolas pu\u00f2 essere attraversato durante la salita al Galibier, 5 km dopo Plan Lachat e a 3 km dalla vetta.<\/p>\n\n\n\n<p class=\"has-medium-font-size\">&nbsp;L<em>l passo geografico si trova a pochi metri di distanza, sul terrapieno a destra della strada.<\/em>.<\/p>\n\n\n<div class=\"wp-block-image\">\n<figure class=\"aligncenter size-full\"><img loading=\"lazy\" decoding=\"async\" width=\"789\" height=\"520\" src=\"https:\/\/centcols.org\/wp-content\/uploads\/2023\/08\/Carte2-11.png\" alt=\"\" class=\"wp-image-89730\" srcset=\"https:\/\/centcols.org\/wp-content\/uploads\/2023\/08\/Carte2-11.png 789w, https:\/\/centcols.org\/wp-content\/uploads\/2023\/08\/Carte2-11-768x506.png 768w, https:\/\/centcols.org\/wp-content\/uploads\/2023\/08\/Carte2-11-18x12.png 18w\" sizes=\"auto, (max-width: 789px) 100vw, 789px\" \/><\/figure>\n<\/div>\n\n<div class=\"wp-block-image is-resized\">\n<figure class=\"aligncenter size-full\"><img loading=\"lazy\" decoding=\"async\" width=\"800\" height=\"600\" src=\"https:\/\/centcols.org\/wp-content\/uploads\/2023\/08\/Photo11.jpg\" alt=\"\" class=\"wp-image-89732\" srcset=\"https:\/\/centcols.org\/wp-content\/uploads\/2023\/08\/Photo11.jpg 800w, https:\/\/centcols.org\/wp-content\/uploads\/2023\/08\/Photo11-768x576.jpg 768w, https:\/\/centcols.org\/wp-content\/uploads\/2023\/08\/Photo11-16x12.jpg 16w\" sizes=\"auto, (max-width: 800px) 100vw, 800px\" \/><figcaption class=\"wp-element-caption\"><strong>Il Collet du Plan Nicolas dalla strada del Galibier (foto: visualiseur des cols - Club des Cent Cols)<\/strong><\/figcaption><\/figure>\n<\/div>\n\n<div class=\"wp-block-image is-resized\">\n<figure class=\"aligncenter size-full\"><img loading=\"lazy\" decoding=\"async\" width=\"800\" height=\"600\" src=\"https:\/\/centcols.org\/wp-content\/uploads\/2023\/08\/Photo21.jpg\" alt=\"\" class=\"wp-image-89733\" srcset=\"https:\/\/centcols.org\/wp-content\/uploads\/2023\/08\/Photo21.jpg 800w, https:\/\/centcols.org\/wp-content\/uploads\/2023\/08\/Photo21-768x576.jpg 768w, https:\/\/centcols.org\/wp-content\/uploads\/2023\/08\/Photo21-16x12.jpg 16w\" sizes=\"auto, (max-width: 800px) 100vw, 800px\" \/><figcaption class=\"wp-element-caption\"><strong>Dal Collet du Plan Nicolas verso est <em>(fonte: sito web di Patrick Schleppi)<br><\/em>Il percorso del Galibier<\/strong> <strong>a destra<\/strong><\/figcaption><\/figure>\n<\/div>\n\n\n<h2 class=\"wp-block-heading\">Cosa vedere - turismo&nbsp;<\/h2>\n\n\n\n<div class=\"wp-block-media-text has-media-on-the-right is-stacked-on-mobile\" style=\"grid-template-columns:auto 40%\"><div class=\"wp-block-media-text__content\">\n<p>Alle Granges du Galibier (altitudine 2300 m), sulla destra in salita, a 1,6 km in discesa dal Collet, si trova :<\/p>\n\n\n\n<ul class=\"wp-block-list\">\n<li>una stele \"Pantani Forever\" in omaggio allo scalatore italiano Marco Pantani (morto nel 2004). \u00c8 stata inaugurata nel giugno 2011 nel punto esatto in cui il 27 luglio 1998 Pantani attacc\u00f2 al Tour de France battendo Jan Ulrich di quasi 9 minuti.<\/li>\n\n\n\n<li>Il&nbsp;<strong>Fromagerie Coop\u00e9rative de la Vall\u00e9e des Arves<\/strong> (aperto da met\u00e0 giugno a met\u00e0 settembre). Beaufort \u00e8 buona!<\/li>\n<\/ul>\n<\/div><figure class=\"wp-block-media-text__media\"><img loading=\"lazy\" decoding=\"async\" width=\"1200\" height=\"930\" src=\"https:\/\/centcols.org\/wp-content\/uploads\/2023\/08\/Valloire_Stele_Marco_Pantani-1200x9301-1.jpg\" alt=\"\" class=\"wp-image-83323 size-full\" srcset=\"https:\/\/centcols.org\/wp-content\/uploads\/2023\/08\/Valloire_Stele_Marco_Pantani-1200x9301-1.jpg 1200w, https:\/\/centcols.org\/wp-content\/uploads\/2023\/08\/Valloire_Stele_Marco_Pantani-1200x9301-1-768x595.jpg 768w, https:\/\/centcols.org\/wp-content\/uploads\/2023\/08\/Valloire_Stele_Marco_Pantani-1200x9301-1-15x12.jpg 15w\" sizes=\"auto, (max-width: 1200px) 100vw, 1200px\" \/><\/figure><\/div>\n\n\n\n<h2 class=\"wp-block-heading\">Ciclismo e cicloturismo<\/h2>\n\n\n\n<p class=\"has-medium-font-size\">Va da s\u00e9 che ogni volta che una gara \u00e8 passata sul Col du Galibier, \u00e8 passata sul Collet du Plan Nicolas.<\/p>\n\n\n<div class=\"wp-block-image is-resized\">\n<figure class=\"aligncenter size-full\"><img loading=\"lazy\" decoding=\"async\" width=\"1200\" height=\"900\" src=\"https:\/\/centcols.org\/wp-content\/uploads\/2023\/08\/Photo3-1200x9001-1.jpg\" alt=\"\" class=\"wp-image-83277\" style=\"width:800px\" srcset=\"https:\/\/centcols.org\/wp-content\/uploads\/2023\/08\/Photo3-1200x9001-1.jpg 1200w, https:\/\/centcols.org\/wp-content\/uploads\/2023\/08\/Photo3-1200x9001-1-768x576.jpg 768w, https:\/\/centcols.org\/wp-content\/uploads\/2023\/08\/Photo3-1200x9001-1-16x12.jpg 16w\" sizes=\"auto, (max-width: 1200px) 100vw, 1200px\" \/><\/figure>\n<\/div>\n\n\n<blockquote class=\"wp-block-quote is-layout-flow wp-block-quote-is-layout-flow\">\n<p class=\"has-medium-font-size\">Il 24 luglio 2013 ho avuto il piacere di accompagnare nella salita del Galibier i tre presidenti del Club des Cents cols, riuniti qui al Collet de Plan Nicolas per l'80\u00b0 compleanno di Henri Dusseau. Da sinistra a destra:<\/p>\n<\/blockquote>\n\n\n\n<ul class=\"wp-block-list\">\n<li>R\u00e9gis Paraz (attuale presidente nel 2013),<\/li>\n\n\n\n<li>Henri Dusseau (Presidente onorario)<\/li>\n\n\n\n<li>Jean Perdoux (presidente fondatore del club Cent Cols).<\/li>\n<\/ul>\n\n\n\n<h3 class=\"wp-block-heading\">Profilo<\/h3>\n\n\n<div class=\"wp-block-image is-resized\">\n<figure class=\"aligncenter size-full\"><img loading=\"lazy\" decoding=\"async\" width=\"384\" height=\"768\" src=\"https:\/\/centcols.org\/wp-content\/uploads\/2023\/08\/Photo41.jpg\" alt=\"\" class=\"wp-image-89734\" style=\"width:auto;height:500px\" srcset=\"https:\/\/centcols.org\/wp-content\/uploads\/2023\/08\/Photo41.jpg 384w, https:\/\/centcols.org\/wp-content\/uploads\/2023\/08\/Photo41-6x12.jpg 6w\" sizes=\"auto, (max-width: 384px) 100vw, 384px\" \/><\/figure>\n<\/div>\n\n\n<p class=\"has-text-align-right\"><em><em>Un articolo di G\u00e9rard Galland <\/em><\/em><\/p>","protected":false},"excerpt":{"rendered":"<p>Toponymie Le collet du Plan Nicolas (FR-73-2406) est \u00e9ponyme d\u2019une zone situ\u00e9e au nord-ouest du col. (voir carte ci-dessus). Il est \u00e9galement nomm\u00e9 Col du Colomban Noir (Geo-alp) Situation g\u00e9ographique Massif Le Collet de Plan Nicolas est situ\u00e9 \u00e0 l\u2019est du massif des Arves. Le sommet du Colomban Noir (\u00e0 environ 2500 m) est situ\u00e9 [&hellip;]<\/p>\n","protected":false},"author":3,"featured_media":79614,"comment_status":"closed","ping_status":"closed","sticky":false,"template":"","format":"standard","meta":{"_acf_changed":false,"footnotes":""},"categories":[308],"tags":[],"class_list":["post-82540","post","type-post","status-publish","format-standard","has-post-thumbnail","hentry","category-cols-en-vrac"],"acf":[],"yoast_head":"<!-- This site is optimized with the Yoast SEO plugin v27.2 - https:\/\/yoast.com\/product\/yoast-seo-wordpress\/ -->\n<title>Le collet du Plan Nicolas - Club des Cent Cols<\/title>\n<meta name=\"robots\" content=\"index, follow, max-snippet:-1, max-image-preview:large, max-video-preview:-1\" \/>\n<link rel=\"canonical\" href=\"https:\/\/centcols.org\/it\/le-collet-du-plan-nicolas\/\" \/>\n<meta property=\"og:locale\" content=\"it_IT\" \/>\n<meta property=\"og:type\" content=\"article\" \/>\n<meta property=\"og:title\" content=\"Le collet du Plan Nicolas - Club des Cent Cols\" \/>\n<meta property=\"og:description\" content=\"Toponymie Le collet du Plan Nicolas (FR-73-2406) est \u00e9ponyme d\u2019une zone situ\u00e9e au nord-ouest du col. (voir carte ci-dessus). Il est \u00e9galement nomm\u00e9 Col du Colomban Noir (Geo-alp) Situation g\u00e9ographique Massif Le Collet de Plan Nicolas est situ\u00e9 \u00e0 l\u2019est du massif des Arves. Le sommet du Colomban Noir (\u00e0 environ 2500 m) est situ\u00e9 [&hellip;]\" \/>\n<meta property=\"og:url\" content=\"https:\/\/centcols.org\/it\/le-collet-du-plan-nicolas\/\" \/>\n<meta property=\"og:site_name\" content=\"Club des Cent Cols\" \/>\n<meta property=\"article:publisher\" content=\"https:\/\/www.facebook.com\/groups\/5261880558\/?locale=fr_FR\" \/>\n<meta property=\"article:published_time\" content=\"2023-08-23T10:48:33+00:00\" \/>\n<meta property=\"article:modified_time\" content=\"2025-10-30T08:27:42+00:00\" \/>\n<meta property=\"og:image\" content=\"https:\/\/centcols.org\/wp-content\/uploads\/2025\/02\/plannicolas.jpg\" \/>\n\t<meta property=\"og:image:width\" content=\"1200\" \/>\n\t<meta property=\"og:image:height\" content=\"675\" \/>\n\t<meta property=\"og:image:type\" content=\"image\/jpeg\" \/>\n<meta name=\"author\" content=\"Webmestre\" \/>\n<meta name=\"twitter:card\" content=\"summary_large_image\" \/>\n<meta name=\"twitter:label1\" content=\"Scritto da\" \/>\n\t<meta name=\"twitter:data1\" content=\"Webmestre\" \/>\n\t<meta name=\"twitter:label2\" content=\"Tempo di lettura stimato\" \/>\n\t<meta name=\"twitter:data2\" content=\"4 minuti\" \/>\n<script type=\"application\/ld+json\" class=\"yoast-schema-graph\">{\"@context\":\"https:\/\/schema.org\",\"@graph\":[{\"@type\":\"Article\",\"@id\":\"https:\/\/centcols.org\/le-collet-du-plan-nicolas\/#article\",\"isPartOf\":{\"@id\":\"https:\/\/centcols.org\/le-collet-du-plan-nicolas\/\"},\"author\":{\"name\":\"Webmestre\",\"@id\":\"https:\/\/centcols.org\/#\/schema\/person\/911b404fb133d8c913dd27cdcf71c8e5\"},\"headline\":\"Le collet du Plan Nicolas\",\"datePublished\":\"2023-08-23T10:48:33+00:00\",\"dateModified\":\"2025-10-30T08:27:42+00:00\",\"mainEntityOfPage\":{\"@id\":\"https:\/\/centcols.org\/le-collet-du-plan-nicolas\/\"},\"wordCount\":404,\"publisher\":{\"@id\":\"https:\/\/centcols.org\/#organization\"},\"image\":{\"@id\":\"https:\/\/centcols.org\/le-collet-du-plan-nicolas\/#primaryimage\"},\"thumbnailUrl\":\"https:\/\/centcols.org\/wp-content\/uploads\/2025\/02\/plannicolas.jpg\",\"articleSection\":[\"Cols en vrac\"],\"inLanguage\":\"it-IT\"},{\"@type\":\"WebPage\",\"@id\":\"https:\/\/centcols.org\/le-collet-du-plan-nicolas\/\",\"url\":\"https:\/\/centcols.org\/le-collet-du-plan-nicolas\/\",\"name\":\"Le collet du Plan Nicolas - Club des Cent Cols\",\"isPartOf\":{\"@id\":\"https:\/\/centcols.org\/#website\"},\"primaryImageOfPage\":{\"@id\":\"https:\/\/centcols.org\/le-collet-du-plan-nicolas\/#primaryimage\"},\"image\":{\"@id\":\"https:\/\/centcols.org\/le-collet-du-plan-nicolas\/#primaryimage\"},\"thumbnailUrl\":\"https:\/\/centcols.org\/wp-content\/uploads\/2025\/02\/plannicolas.jpg\",\"datePublished\":\"2023-08-23T10:48:33+00:00\",\"dateModified\":\"2025-10-30T08:27:42+00:00\",\"breadcrumb\":{\"@id\":\"https:\/\/centcols.org\/le-collet-du-plan-nicolas\/#breadcrumb\"},\"inLanguage\":\"it-IT\",\"potentialAction\":[{\"@type\":\"ReadAction\",\"target\":[\"https:\/\/centcols.org\/le-collet-du-plan-nicolas\/\"]}]},{\"@type\":\"ImageObject\",\"inLanguage\":\"it-IT\",\"@id\":\"https:\/\/centcols.org\/le-collet-du-plan-nicolas\/#primaryimage\",\"url\":\"https:\/\/centcols.org\/wp-content\/uploads\/2025\/02\/plannicolas.jpg\",\"contentUrl\":\"https:\/\/centcols.org\/wp-content\/uploads\/2025\/02\/plannicolas.jpg\",\"width\":1200,\"height\":675},{\"@type\":\"BreadcrumbList\",\"@id\":\"https:\/\/centcols.org\/le-collet-du-plan-nicolas\/#breadcrumb\",\"itemListElement\":[{\"@type\":\"ListItem\",\"position\":1,\"name\":\"Accueil\",\"item\":\"https:\/\/centcols.org\/\"},{\"@type\":\"ListItem\",\"position\":2,\"name\":\"Cols en vrac\",\"item\":\"https:\/\/centcols.org\/rubrique\/cols-en-vrac\/\"},{\"@type\":\"ListItem\",\"position\":3,\"name\":\"Le collet du Plan Nicolas\"}]},{\"@type\":\"WebSite\",\"@id\":\"https:\/\/centcols.org\/#website\",\"url\":\"https:\/\/centcols.org\/\",\"name\":\"Club des Cent Cols\",\"description\":\"\",\"publisher\":{\"@id\":\"https:\/\/centcols.org\/#organization\"},\"potentialAction\":[{\"@type\":\"SearchAction\",\"target\":{\"@type\":\"EntryPoint\",\"urlTemplate\":\"https:\/\/centcols.org\/?s={search_term_string}\"},\"query-input\":{\"@type\":\"PropertyValueSpecification\",\"valueRequired\":true,\"valueName\":\"search_term_string\"}}],\"inLanguage\":\"it-IT\"},{\"@type\":\"Organization\",\"@id\":\"https:\/\/centcols.org\/#organization\",\"name\":\"Club des Cent Cols\",\"url\":\"https:\/\/centcols.org\/\",\"logo\":{\"@type\":\"ImageObject\",\"inLanguage\":\"it-IT\",\"@id\":\"https:\/\/centcols.org\/#\/schema\/logo\/image\/\",\"url\":\"https:\/\/centcols.org\/wp-content\/uploads\/2025\/01\/carte-icone.png\",\"contentUrl\":\"https:\/\/centcols.org\/wp-content\/uploads\/2025\/01\/carte-icone.png\",\"width\":250,\"height\":250,\"caption\":\"Club des Cent Cols\"},\"image\":{\"@id\":\"https:\/\/centcols.org\/#\/schema\/logo\/image\/\"},\"sameAs\":[\"https:\/\/www.facebook.com\/groups\/5261880558\/?locale=fr_FR\"]},{\"@type\":\"Person\",\"@id\":\"https:\/\/centcols.org\/#\/schema\/person\/911b404fb133d8c913dd27cdcf71c8e5\",\"name\":\"Webmestre\",\"image\":{\"@type\":\"ImageObject\",\"inLanguage\":\"it-IT\",\"@id\":\"https:\/\/centcols.org\/wp-content\/litespeed\/avatar\/2d246e4b6b4f773e08515e1ffc53690b.jpg?ver=1777222892\",\"url\":\"https:\/\/centcols.org\/wp-content\/litespeed\/avatar\/2d246e4b6b4f773e08515e1ffc53690b.jpg?ver=1777222892\",\"contentUrl\":\"https:\/\/centcols.org\/wp-content\/litespeed\/avatar\/2d246e4b6b4f773e08515e1ffc53690b.jpg?ver=1777222892\",\"caption\":\"Webmestre\"},\"url\":\"https:\/\/centcols.org\/it\/author\/webmestre\/\"}]}<\/script>\n<!-- \/ Yoast SEO plugin. -->","yoast_head_json":{"title":"Il Collet du Plan Nicolas - Club des Cent Cols","robots":{"index":"index","follow":"follow","max-snippet":"max-snippet:-1","max-image-preview":"max-image-preview:large","max-video-preview":"max-video-preview:-1"},"canonical":"https:\/\/centcols.org\/it\/le-collet-du-plan-nicolas\/","og_locale":"it_IT","og_type":"article","og_title":"Le collet du Plan Nicolas - Club des Cent Cols","og_description":"Toponymie Le collet du Plan Nicolas (FR-73-2406) est \u00e9ponyme d\u2019une zone situ\u00e9e au nord-ouest du col. (voir carte ci-dessus). Il est \u00e9galement nomm\u00e9 Col du Colomban Noir (Geo-alp) Situation g\u00e9ographique Massif Le Collet de Plan Nicolas est situ\u00e9 \u00e0 l\u2019est du massif des Arves. Le sommet du Colomban Noir (\u00e0 environ 2500 m) est situ\u00e9 [&hellip;]","og_url":"https:\/\/centcols.org\/it\/le-collet-du-plan-nicolas\/","og_site_name":"Club des Cent Cols","article_publisher":"https:\/\/www.facebook.com\/groups\/5261880558\/?locale=fr_FR","article_published_time":"2023-08-23T10:48:33+00:00","article_modified_time":"2025-10-30T08:27:42+00:00","og_image":[{"width":1200,"height":675,"url":"https:\/\/centcols.org\/wp-content\/uploads\/2025\/02\/plannicolas.jpg","type":"image\/jpeg"}],"author":"Webmestre","twitter_card":"summary_large_image","twitter_misc":{"Scritto da":"Webmestre","Tempo di lettura stimato":"4 minuti"},"schema":{"@context":"https:\/\/schema.org","@graph":[{"@type":"Article","@id":"https:\/\/centcols.org\/le-collet-du-plan-nicolas\/#article","isPartOf":{"@id":"https:\/\/centcols.org\/le-collet-du-plan-nicolas\/"},"author":{"name":"Webmestre","@id":"https:\/\/centcols.org\/#\/schema\/person\/911b404fb133d8c913dd27cdcf71c8e5"},"headline":"Le collet du Plan Nicolas","datePublished":"2023-08-23T10:48:33+00:00","dateModified":"2025-10-30T08:27:42+00:00","mainEntityOfPage":{"@id":"https:\/\/centcols.org\/le-collet-du-plan-nicolas\/"},"wordCount":404,"publisher":{"@id":"https:\/\/centcols.org\/#organization"},"image":{"@id":"https:\/\/centcols.org\/le-collet-du-plan-nicolas\/#primaryimage"},"thumbnailUrl":"https:\/\/centcols.org\/wp-content\/uploads\/2025\/02\/plannicolas.jpg","articleSection":["Cols en vrac"],"inLanguage":"it-IT"},{"@type":"WebPage","@id":"https:\/\/centcols.org\/le-collet-du-plan-nicolas\/","url":"https:\/\/centcols.org\/le-collet-du-plan-nicolas\/","name":"Il Collet du Plan Nicolas - Club des Cent Cols","isPartOf":{"@id":"https:\/\/centcols.org\/#website"},"primaryImageOfPage":{"@id":"https:\/\/centcols.org\/le-collet-du-plan-nicolas\/#primaryimage"},"image":{"@id":"https:\/\/centcols.org\/le-collet-du-plan-nicolas\/#primaryimage"},"thumbnailUrl":"https:\/\/centcols.org\/wp-content\/uploads\/2025\/02\/plannicolas.jpg","datePublished":"2023-08-23T10:48:33+00:00","dateModified":"2025-10-30T08:27:42+00:00","breadcrumb":{"@id":"https:\/\/centcols.org\/le-collet-du-plan-nicolas\/#breadcrumb"},"inLanguage":"it-IT","potentialAction":[{"@type":"ReadAction","target":["https:\/\/centcols.org\/le-collet-du-plan-nicolas\/"]}]},{"@type":"ImageObject","inLanguage":"it-IT","@id":"https:\/\/centcols.org\/le-collet-du-plan-nicolas\/#primaryimage","url":"https:\/\/centcols.org\/wp-content\/uploads\/2025\/02\/plannicolas.jpg","contentUrl":"https:\/\/centcols.org\/wp-content\/uploads\/2025\/02\/plannicolas.jpg","width":1200,"height":675},{"@type":"BreadcrumbList","@id":"https:\/\/centcols.org\/le-collet-du-plan-nicolas\/#breadcrumb","itemListElement":[{"@type":"ListItem","position":1,"name":"Accueil","item":"https:\/\/centcols.org\/"},{"@type":"ListItem","position":2,"name":"Cols en vrac","item":"https:\/\/centcols.org\/rubrique\/cols-en-vrac\/"},{"@type":"ListItem","position":3,"name":"Le collet du Plan Nicolas"}]},{"@type":"WebSite","@id":"https:\/\/centcols.org\/#website","url":"https:\/\/centcols.org\/","name":"Club des Cent Cols","description":"","publisher":{"@id":"https:\/\/centcols.org\/#organization"},"potentialAction":[{"@type":"SearchAction","target":{"@type":"EntryPoint","urlTemplate":"https:\/\/centcols.org\/?s={search_term_string}"},"query-input":{"@type":"PropertyValueSpecification","valueRequired":true,"valueName":"search_term_string"}}],"inLanguage":"it-IT"},{"@type":"Organization","@id":"https:\/\/centcols.org\/#organization","name":"Club des Cent Cols","url":"https:\/\/centcols.org\/","logo":{"@type":"ImageObject","inLanguage":"it-IT","@id":"https:\/\/centcols.org\/#\/schema\/logo\/image\/","url":"https:\/\/centcols.org\/wp-content\/uploads\/2025\/01\/carte-icone.png","contentUrl":"https:\/\/centcols.org\/wp-content\/uploads\/2025\/01\/carte-icone.png","width":250,"height":250,"caption":"Club des Cent Cols"},"image":{"@id":"https:\/\/centcols.org\/#\/schema\/logo\/image\/"},"sameAs":["https:\/\/www.facebook.com\/groups\/5261880558\/?locale=fr_FR"]},{"@type":"Person","@id":"https:\/\/centcols.org\/#\/schema\/person\/911b404fb133d8c913dd27cdcf71c8e5","name":"Webmaster","image":{"@type":"ImageObject","inLanguage":"it-IT","@id":"https:\/\/centcols.org\/wp-content\/litespeed\/avatar\/2d246e4b6b4f773e08515e1ffc53690b.jpg?ver=1777222892","url":"https:\/\/centcols.org\/wp-content\/litespeed\/avatar\/2d246e4b6b4f773e08515e1ffc53690b.jpg?ver=1777222892","contentUrl":"https:\/\/centcols.org\/wp-content\/litespeed\/avatar\/2d246e4b6b4f773e08515e1ffc53690b.jpg?ver=1777222892","caption":"Webmestre"},"url":"https:\/\/centcols.org\/it\/author\/webmestre\/"}]}},"_links":{"self":[{"href":"https:\/\/centcols.org\/it\/wp-json\/wp\/v2\/posts\/82540","targetHints":{"allow":["GET"]}}],"collection":[{"href":"https:\/\/centcols.org\/it\/wp-json\/wp\/v2\/posts"}],"about":[{"href":"https:\/\/centcols.org\/it\/wp-json\/wp\/v2\/types\/post"}],"author":[{"embeddable":true,"href":"https:\/\/centcols.org\/it\/wp-json\/wp\/v2\/users\/3"}],"replies":[{"embeddable":true,"href":"https:\/\/centcols.org\/it\/wp-json\/wp\/v2\/comments?post=82540"}],"version-history":[{"count":0,"href":"https:\/\/centcols.org\/it\/wp-json\/wp\/v2\/posts\/82540\/revisions"}],"wp:featuredmedia":[{"embeddable":true,"href":"https:\/\/centcols.org\/it\/wp-json\/wp\/v2\/media\/79614"}],"wp:attachment":[{"href":"https:\/\/centcols.org\/it\/wp-json\/wp\/v2\/media?parent=82540"}],"wp:term":[{"taxonomy":"category","embeddable":true,"href":"https:\/\/centcols.org\/it\/wp-json\/wp\/v2\/categories?post=82540"},{"taxonomy":"post_tag","embeddable":true,"href":"https:\/\/centcols.org\/it\/wp-json\/wp\/v2\/tags?post=82540"}],"curies":[{"name":"wp","href":"https:\/\/api.w.org\/{rel}","templated":true}]}}