{"id":82541,"date":"2023-09-14T08:41:23","date_gmt":"2023-09-14T06:41:23","guid":{"rendered":"https:\/\/centcols.org\/assemblee-generale-du-club-des-cent-cols-autun-saone-et-loire-le-04-novembre-2023\/"},"modified":"2025-08-23T11:20:30","modified_gmt":"2025-08-23T09:20:30","slug":"assemblea-generale-del-club-des-cent-cols-autun-saone-et-loire-il-04-novembre-2023","status":"publish","type":"post","link":"https:\/\/centcols.org\/it\/assemblee-generale-du-club-des-cent-cols-autun-saone-et-loire-le-04-novembre-2023\/","title":{"rendered":"Assemblea generale del Club des Cent Cols, Autun (Sa\u00f4ne et Loire) il 04 novembre 2023"},"content":{"rendered":"<h2 class=\"wp-block-heading\">2023 Assemblea generale annuale<\/h2>\n\n\n\n<p>L'Assemblea generale del 2023 si terr\u00e0 ad Autun (Espace Simone Veil) sabato 4 novembre 2023 alle ore 14.00.<\/p>\n\n\n\n<p>Per partecipare alla vacanza associata, vai alla pagina <a href=\"\/it\/ag-2023-autun\/\" target=\"_blank\" rel=\"noreferrer noopener\"><strong>Soggiorni<\/strong><\/a>\u00a0del sito<\/p>\n\n\n\n<p>Spazio Simone Veil<br>21 Rue du 11 novembre 2018<br>71400 Autun<\/p>","protected":false},"excerpt":{"rendered":"<p>Assemblea generale 2023 L'Assemblea generale 2023 si terr\u00e0 ad Autun (Espace Simone Veil) sabato 04 novembre 2023 alle ore 14.00 Per partecipare alle vacanze associate, andare alla pagina Vacanze del sito web Espace Simone Veil21 Rue du 11 novembre 201871400 Autun<\/p>","protected":false},"author":64,"featured_media":82542,"comment_status":"closed","ping_status":"closed","sticky":false,"template":"","format":"standard","meta":{"_acf_changed":false,"footnotes":""},"categories":[217,135],"tags":[],"class_list":["post-82541","post","type-post","status-publish","format-standard","has-post-thumbnail","hentry","category-assemblees-generales","category-calendrier"],"acf":[],"yoast_head":"<!-- This site is optimized with the Yoast SEO plugin v27.2 - https:\/\/yoast.com\/product\/yoast-seo-wordpress\/ -->\n<title>Assembl\u00e9e g\u00e9n\u00e9rale du Club des Cent Cols, Autun (Sa\u00f4ne et Loire) le 04 novembre 2023 - Club des Cent Cols<\/title>\n<meta name=\"robots\" content=\"index, follow, max-snippet:-1, max-image-preview:large, max-video-preview:-1\" \/>\n<link rel=\"canonical\" href=\"https:\/\/centcols.org\/it\/assemblea-generale-del-club-des-cent-cols-autun-saone-et-loire-il-04-novembre-2023\/\" \/>\n<meta property=\"og:locale\" content=\"it_IT\" \/>\n<meta property=\"og:type\" content=\"article\" \/>\n<meta property=\"og:title\" content=\"Assembl\u00e9e g\u00e9n\u00e9rale du Club des Cent Cols, Autun (Sa\u00f4ne et Loire) le 04 novembre 2023 - Club des Cent Cols\" \/>\n<meta property=\"og:description\" content=\"Assembl\u00e9e g\u00e9n\u00e9rale 2023 L&rsquo;Assembl\u00e9e g\u00e9n\u00e9rale 2023 se tiendra \u00e0 Autun (espace Simone Veil) le samedi 04 novembre 2023 \u00e0 14 h 00 Pour participer au s\u00e9jour qui lui est associ\u00e9, rendez-vous sur la page S\u00e9jours\u00a0du site Espace Simone Veil21 Rue du 11 novembre 201871400 Autun\" \/>\n<meta property=\"og:url\" content=\"https:\/\/centcols.org\/it\/assemblea-generale-del-club-des-cent-cols-autun-saone-et-loire-il-04-novembre-2023\/\" \/>\n<meta property=\"og:site_name\" content=\"Club des Cent Cols\" \/>\n<meta property=\"article:publisher\" content=\"https:\/\/www.facebook.com\/groups\/5261880558\/?locale=fr_FR\" \/>\n<meta property=\"article:published_time\" content=\"2023-09-14T06:41:23+00:00\" \/>\n<meta property=\"article:modified_time\" content=\"2025-08-23T09:20:30+00:00\" \/>\n<meta property=\"og:image\" content=\"https:\/\/centcols.org\/wp-content\/uploads\/2025\/05\/Espace-Saint-Ex-scaled-e1589214385140.jpg\" \/>\n\t<meta property=\"og:image:width\" content=\"1100\" \/>\n\t<meta property=\"og:image:height\" content=\"682\" \/>\n\t<meta property=\"og:image:type\" content=\"image\/jpeg\" \/>\n<meta name=\"author\" content=\"Christophe Badonnel\" \/>\n<meta name=\"twitter:card\" content=\"summary_large_image\" \/>\n<meta name=\"twitter:label1\" content=\"Scritto da\" \/>\n\t<meta name=\"twitter:data1\" content=\"Christophe Badonnel\" \/>\n\t<meta name=\"twitter:label2\" content=\"Tempo di lettura stimato\" \/>\n\t<meta name=\"twitter:data2\" content=\"1 minuto\" \/>\n<script type=\"application\/ld+json\" class=\"yoast-schema-graph\">{\"@context\":\"https:\/\/schema.org\",\"@graph\":[{\"@type\":\"Article\",\"@id\":\"https:\/\/centcols.org\/assemblee-generale-du-club-des-cent-cols-autun-saone-et-loire-le-04-novembre-2023\/#article\",\"isPartOf\":{\"@id\":\"https:\/\/centcols.org\/assemblee-generale-du-club-des-cent-cols-autun-saone-et-loire-le-04-novembre-2023\/\"},\"author\":{\"name\":\"Christophe Badonnel\",\"@id\":\"https:\/\/centcols.org\/#\/schema\/person\/5c1a9d61132fb33ccec149272abff6e1\"},\"headline\":\"Assembl\u00e9e g\u00e9n\u00e9rale du Club des Cent Cols, Autun (Sa\u00f4ne et Loire) le 04 novembre 2023\",\"datePublished\":\"2023-09-14T06:41:23+00:00\",\"dateModified\":\"2025-08-23T09:20:30+00:00\",\"mainEntityOfPage\":{\"@id\":\"https:\/\/centcols.org\/assemblee-generale-du-club-des-cent-cols-autun-saone-et-loire-le-04-novembre-2023\/\"},\"wordCount\":62,\"publisher\":{\"@id\":\"https:\/\/centcols.org\/#organization\"},\"image\":{\"@id\":\"https:\/\/centcols.org\/assemblee-generale-du-club-des-cent-cols-autun-saone-et-loire-le-04-novembre-2023\/#primaryimage\"},\"thumbnailUrl\":\"https:\/\/centcols.org\/wp-content\/uploads\/2025\/05\/Espace-Saint-Ex-scaled-e1589214385140.jpg\",\"articleSection\":[\"Assembl\u00e9es g\u00e9n\u00e9rales\",\"Calendrier\"],\"inLanguage\":\"it-IT\"},{\"@type\":\"WebPage\",\"@id\":\"https:\/\/centcols.org\/assemblee-generale-du-club-des-cent-cols-autun-saone-et-loire-le-04-novembre-2023\/\",\"url\":\"https:\/\/centcols.org\/assemblee-generale-du-club-des-cent-cols-autun-saone-et-loire-le-04-novembre-2023\/\",\"name\":\"Assembl\u00e9e g\u00e9n\u00e9rale du Club des Cent Cols, Autun (Sa\u00f4ne et Loire) le 04 novembre 2023 - Club des Cent Cols\",\"isPartOf\":{\"@id\":\"https:\/\/centcols.org\/#website\"},\"primaryImageOfPage\":{\"@id\":\"https:\/\/centcols.org\/assemblee-generale-du-club-des-cent-cols-autun-saone-et-loire-le-04-novembre-2023\/#primaryimage\"},\"image\":{\"@id\":\"https:\/\/centcols.org\/assemblee-generale-du-club-des-cent-cols-autun-saone-et-loire-le-04-novembre-2023\/#primaryimage\"},\"thumbnailUrl\":\"https:\/\/centcols.org\/wp-content\/uploads\/2025\/05\/Espace-Saint-Ex-scaled-e1589214385140.jpg\",\"datePublished\":\"2023-09-14T06:41:23+00:00\",\"dateModified\":\"2025-08-23T09:20:30+00:00\",\"breadcrumb\":{\"@id\":\"https:\/\/centcols.org\/assemblee-generale-du-club-des-cent-cols-autun-saone-et-loire-le-04-novembre-2023\/#breadcrumb\"},\"inLanguage\":\"it-IT\",\"potentialAction\":[{\"@type\":\"ReadAction\",\"target\":[\"https:\/\/centcols.org\/assemblee-generale-du-club-des-cent-cols-autun-saone-et-loire-le-04-novembre-2023\/\"]}]},{\"@type\":\"ImageObject\",\"inLanguage\":\"it-IT\",\"@id\":\"https:\/\/centcols.org\/assemblee-generale-du-club-des-cent-cols-autun-saone-et-loire-le-04-novembre-2023\/#primaryimage\",\"url\":\"https:\/\/centcols.org\/wp-content\/uploads\/2025\/05\/Espace-Saint-Ex-scaled-e1589214385140.jpg\",\"contentUrl\":\"https:\/\/centcols.org\/wp-content\/uploads\/2025\/05\/Espace-Saint-Ex-scaled-e1589214385140.jpg\",\"width\":1100,\"height\":682},{\"@type\":\"BreadcrumbList\",\"@id\":\"https:\/\/centcols.org\/assemblee-generale-du-club-des-cent-cols-autun-saone-et-loire-le-04-novembre-2023\/#breadcrumb\",\"itemListElement\":[{\"@type\":\"ListItem\",\"position\":1,\"name\":\"Accueil\",\"item\":\"https:\/\/centcols.org\/\"},{\"@type\":\"ListItem\",\"position\":2,\"name\":\"Assembl\u00e9es g\u00e9n\u00e9rales\",\"item\":\"https:\/\/centcols.org\/rubrique\/assemblees-generales\/\"},{\"@type\":\"ListItem\",\"position\":3,\"name\":\"Assembl\u00e9e g\u00e9n\u00e9rale du Club des Cent Cols, Autun (Sa\u00f4ne et Loire) le 04 novembre 2023\"}]},{\"@type\":\"WebSite\",\"@id\":\"https:\/\/centcols.org\/#website\",\"url\":\"https:\/\/centcols.org\/\",\"name\":\"Club des Cent Cols\",\"description\":\"\",\"publisher\":{\"@id\":\"https:\/\/centcols.org\/#organization\"},\"potentialAction\":[{\"@type\":\"SearchAction\",\"target\":{\"@type\":\"EntryPoint\",\"urlTemplate\":\"https:\/\/centcols.org\/?s={search_term_string}\"},\"query-input\":{\"@type\":\"PropertyValueSpecification\",\"valueRequired\":true,\"valueName\":\"search_term_string\"}}],\"inLanguage\":\"it-IT\"},{\"@type\":\"Organization\",\"@id\":\"https:\/\/centcols.org\/#organization\",\"name\":\"Club des Cent Cols\",\"url\":\"https:\/\/centcols.org\/\",\"logo\":{\"@type\":\"ImageObject\",\"inLanguage\":\"it-IT\",\"@id\":\"https:\/\/centcols.org\/#\/schema\/logo\/image\/\",\"url\":\"https:\/\/centcols.org\/wp-content\/uploads\/2025\/01\/carte-icone.png\",\"contentUrl\":\"https:\/\/centcols.org\/wp-content\/uploads\/2025\/01\/carte-icone.png\",\"width\":250,\"height\":250,\"caption\":\"Club des Cent Cols\"},\"image\":{\"@id\":\"https:\/\/centcols.org\/#\/schema\/logo\/image\/\"},\"sameAs\":[\"https:\/\/www.facebook.com\/groups\/5261880558\/?locale=fr_FR\"]},{\"@type\":\"Person\",\"@id\":\"https:\/\/centcols.org\/#\/schema\/person\/5c1a9d61132fb33ccec149272abff6e1\",\"name\":\"Christophe Badonnel\",\"image\":{\"@type\":\"ImageObject\",\"inLanguage\":\"it-IT\",\"@id\":\"https:\/\/centcols.org\/wp-content\/litespeed\/avatar\/9f363966b51271bd99ebbb6ebd632889.jpg?ver=1777238111\",\"url\":\"https:\/\/centcols.org\/wp-content\/litespeed\/avatar\/9f363966b51271bd99ebbb6ebd632889.jpg?ver=1777238111\",\"contentUrl\":\"https:\/\/centcols.org\/wp-content\/litespeed\/avatar\/9f363966b51271bd99ebbb6ebd632889.jpg?ver=1777238111\",\"caption\":\"Christophe Badonnel\"},\"url\":\"https:\/\/centcols.org\/it\/author\/5799\/\"}]}<\/script>\n<!-- \/ Yoast SEO plugin. -->","yoast_head_json":{"title":"Assemblea generale del Club des Cent Cols, Autun (Sa\u00f4ne et Loire) il 04 novembre 2023 - Club des Cent Cols","robots":{"index":"index","follow":"follow","max-snippet":"max-snippet:-1","max-image-preview":"max-image-preview:large","max-video-preview":"max-video-preview:-1"},"canonical":"https:\/\/centcols.org\/it\/assemblea-generale-del-club-des-cent-cols-autun-saone-et-loire-il-04-novembre-2023\/","og_locale":"it_IT","og_type":"article","og_title":"Assembl\u00e9e g\u00e9n\u00e9rale du Club des Cent Cols, Autun (Sa\u00f4ne et Loire) le 04 novembre 2023 - Club des Cent Cols","og_description":"Assembl\u00e9e g\u00e9n\u00e9rale 2023 L&rsquo;Assembl\u00e9e g\u00e9n\u00e9rale 2023 se tiendra \u00e0 Autun (espace Simone Veil) le samedi 04 novembre 2023 \u00e0 14 h 00 Pour participer au s\u00e9jour qui lui est associ\u00e9, rendez-vous sur la page S\u00e9jours\u00a0du site Espace Simone Veil21 Rue du 11 novembre 201871400 Autun","og_url":"https:\/\/centcols.org\/it\/assemblea-generale-del-club-des-cent-cols-autun-saone-et-loire-il-04-novembre-2023\/","og_site_name":"Club des Cent Cols","article_publisher":"https:\/\/www.facebook.com\/groups\/5261880558\/?locale=fr_FR","article_published_time":"2023-09-14T06:41:23+00:00","article_modified_time":"2025-08-23T09:20:30+00:00","og_image":[{"width":1100,"height":682,"url":"https:\/\/centcols.org\/wp-content\/uploads\/2025\/05\/Espace-Saint-Ex-scaled-e1589214385140.jpg","type":"image\/jpeg"}],"author":"Christophe Badonnel","twitter_card":"summary_large_image","twitter_misc":{"Scritto da":"Christophe Badonnel","Tempo di lettura stimato":"1 minuto"},"schema":{"@context":"https:\/\/schema.org","@graph":[{"@type":"Article","@id":"https:\/\/centcols.org\/assemblee-generale-du-club-des-cent-cols-autun-saone-et-loire-le-04-novembre-2023\/#article","isPartOf":{"@id":"https:\/\/centcols.org\/assemblee-generale-du-club-des-cent-cols-autun-saone-et-loire-le-04-novembre-2023\/"},"author":{"name":"Christophe Badonnel","@id":"https:\/\/centcols.org\/#\/schema\/person\/5c1a9d61132fb33ccec149272abff6e1"},"headline":"Assembl\u00e9e g\u00e9n\u00e9rale du Club des Cent Cols, Autun (Sa\u00f4ne et Loire) le 04 novembre 2023","datePublished":"2023-09-14T06:41:23+00:00","dateModified":"2025-08-23T09:20:30+00:00","mainEntityOfPage":{"@id":"https:\/\/centcols.org\/assemblee-generale-du-club-des-cent-cols-autun-saone-et-loire-le-04-novembre-2023\/"},"wordCount":62,"publisher":{"@id":"https:\/\/centcols.org\/#organization"},"image":{"@id":"https:\/\/centcols.org\/assemblee-generale-du-club-des-cent-cols-autun-saone-et-loire-le-04-novembre-2023\/#primaryimage"},"thumbnailUrl":"https:\/\/centcols.org\/wp-content\/uploads\/2025\/05\/Espace-Saint-Ex-scaled-e1589214385140.jpg","articleSection":["Assembl\u00e9es g\u00e9n\u00e9rales","Calendrier"],"inLanguage":"it-IT"},{"@type":"WebPage","@id":"https:\/\/centcols.org\/assemblee-generale-du-club-des-cent-cols-autun-saone-et-loire-le-04-novembre-2023\/","url":"https:\/\/centcols.org\/assemblee-generale-du-club-des-cent-cols-autun-saone-et-loire-le-04-novembre-2023\/","name":"Assemblea generale del Club des Cent Cols, Autun (Sa\u00f4ne et Loire) il 04 novembre 2023 - Club des Cent Cols","isPartOf":{"@id":"https:\/\/centcols.org\/#website"},"primaryImageOfPage":{"@id":"https:\/\/centcols.org\/assemblee-generale-du-club-des-cent-cols-autun-saone-et-loire-le-04-novembre-2023\/#primaryimage"},"image":{"@id":"https:\/\/centcols.org\/assemblee-generale-du-club-des-cent-cols-autun-saone-et-loire-le-04-novembre-2023\/#primaryimage"},"thumbnailUrl":"https:\/\/centcols.org\/wp-content\/uploads\/2025\/05\/Espace-Saint-Ex-scaled-e1589214385140.jpg","datePublished":"2023-09-14T06:41:23+00:00","dateModified":"2025-08-23T09:20:30+00:00","breadcrumb":{"@id":"https:\/\/centcols.org\/assemblee-generale-du-club-des-cent-cols-autun-saone-et-loire-le-04-novembre-2023\/#breadcrumb"},"inLanguage":"it-IT","potentialAction":[{"@type":"ReadAction","target":["https:\/\/centcols.org\/assemblee-generale-du-club-des-cent-cols-autun-saone-et-loire-le-04-novembre-2023\/"]}]},{"@type":"ImageObject","inLanguage":"it-IT","@id":"https:\/\/centcols.org\/assemblee-generale-du-club-des-cent-cols-autun-saone-et-loire-le-04-novembre-2023\/#primaryimage","url":"https:\/\/centcols.org\/wp-content\/uploads\/2025\/05\/Espace-Saint-Ex-scaled-e1589214385140.jpg","contentUrl":"https:\/\/centcols.org\/wp-content\/uploads\/2025\/05\/Espace-Saint-Ex-scaled-e1589214385140.jpg","width":1100,"height":682},{"@type":"BreadcrumbList","@id":"https:\/\/centcols.org\/assemblee-generale-du-club-des-cent-cols-autun-saone-et-loire-le-04-novembre-2023\/#breadcrumb","itemListElement":[{"@type":"ListItem","position":1,"name":"Accueil","item":"https:\/\/centcols.org\/"},{"@type":"ListItem","position":2,"name":"Assembl\u00e9es g\u00e9n\u00e9rales","item":"https:\/\/centcols.org\/rubrique\/assemblees-generales\/"},{"@type":"ListItem","position":3,"name":"Assembl\u00e9e g\u00e9n\u00e9rale du Club des Cent Cols, Autun (Sa\u00f4ne et Loire) le 04 novembre 2023"}]},{"@type":"WebSite","@id":"https:\/\/centcols.org\/#website","url":"https:\/\/centcols.org\/","name":"Club des Cent Cols","description":"","publisher":{"@id":"https:\/\/centcols.org\/#organization"},"potentialAction":[{"@type":"SearchAction","target":{"@type":"EntryPoint","urlTemplate":"https:\/\/centcols.org\/?s={search_term_string}"},"query-input":{"@type":"PropertyValueSpecification","valueRequired":true,"valueName":"search_term_string"}}],"inLanguage":"it-IT"},{"@type":"Organization","@id":"https:\/\/centcols.org\/#organization","name":"Club des Cent Cols","url":"https:\/\/centcols.org\/","logo":{"@type":"ImageObject","inLanguage":"it-IT","@id":"https:\/\/centcols.org\/#\/schema\/logo\/image\/","url":"https:\/\/centcols.org\/wp-content\/uploads\/2025\/01\/carte-icone.png","contentUrl":"https:\/\/centcols.org\/wp-content\/uploads\/2025\/01\/carte-icone.png","width":250,"height":250,"caption":"Club des Cent Cols"},"image":{"@id":"https:\/\/centcols.org\/#\/schema\/logo\/image\/"},"sameAs":["https:\/\/www.facebook.com\/groups\/5261880558\/?locale=fr_FR"]},{"@type":"Person","@id":"https:\/\/centcols.org\/#\/schema\/person\/5c1a9d61132fb33ccec149272abff6e1","name":"Christophe Badonnel","image":{"@type":"ImageObject","inLanguage":"it-IT","@id":"https:\/\/centcols.org\/wp-content\/litespeed\/avatar\/9f363966b51271bd99ebbb6ebd632889.jpg?ver=1777238111","url":"https:\/\/centcols.org\/wp-content\/litespeed\/avatar\/9f363966b51271bd99ebbb6ebd632889.jpg?ver=1777238111","contentUrl":"https:\/\/centcols.org\/wp-content\/litespeed\/avatar\/9f363966b51271bd99ebbb6ebd632889.jpg?ver=1777238111","caption":"Christophe Badonnel"},"url":"https:\/\/centcols.org\/it\/author\/5799\/"}]}},"_links":{"self":[{"href":"https:\/\/centcols.org\/it\/wp-json\/wp\/v2\/posts\/82541","targetHints":{"allow":["GET"]}}],"collection":[{"href":"https:\/\/centcols.org\/it\/wp-json\/wp\/v2\/posts"}],"about":[{"href":"https:\/\/centcols.org\/it\/wp-json\/wp\/v2\/types\/post"}],"author":[{"embeddable":true,"href":"https:\/\/centcols.org\/it\/wp-json\/wp\/v2\/users\/64"}],"replies":[{"embeddable":true,"href":"https:\/\/centcols.org\/it\/wp-json\/wp\/v2\/comments?post=82541"}],"version-history":[{"count":0,"href":"https:\/\/centcols.org\/it\/wp-json\/wp\/v2\/posts\/82541\/revisions"}],"wp:featuredmedia":[{"embeddable":true,"href":"https:\/\/centcols.org\/it\/wp-json\/wp\/v2\/media\/82542"}],"wp:attachment":[{"href":"https:\/\/centcols.org\/it\/wp-json\/wp\/v2\/media?parent=82541"}],"wp:term":[{"taxonomy":"category","embeddable":true,"href":"https:\/\/centcols.org\/it\/wp-json\/wp\/v2\/categories?post=82541"},{"taxonomy":"post_tag","embeddable":true,"href":"https:\/\/centcols.org\/it\/wp-json\/wp\/v2\/tags?post=82541"}],"curies":[{"name":"wp","href":"https:\/\/api.w.org\/{rel}","templated":true}]}}