{"id":82615,"date":"2024-05-06T14:05:05","date_gmt":"2024-05-06T12:05:05","guid":{"rendered":"https:\/\/centcols.org\/col-du-sabot\/"},"modified":"2025-11-06T04:14:36","modified_gmt":"2025-11-06T02:14:36","slug":"collo-dello-zoccolo","status":"publish","type":"post","link":"https:\/\/centcols.org\/it\/col-du-sabot\/","title":{"rendered":"Col du Sabot"},"content":{"rendered":"<p>Le <strong>Col du Sabot<\/strong> (<a href=\"https:\/\/centcols.org\/it\/util\/geo\/visu.php\/?code=FR-38-2100b\" target=\"_blank\" rel=\"noreferrer noopener\">FR-38-2100b<\/a>) \u00e8 l'unico passo coperto oltre i 2000 metri nel dipartimento dell'Is\u00e8re... e per di pi\u00f9 \u00e8 coperto solo da un lato.<\/p>\n\n\n\n<figure class=\"wp-block-image size-full\"><img loading=\"lazy\" decoding=\"async\" width=\"732\" height=\"434\" src=\"https:\/\/centcols.org\/wp-content\/uploads\/2025\/05\/Carte-SABOT.jpg\" alt=\"\" class=\"wp-image-82616\"\/><figcaption class=\"wp-element-caption\"><em>La croce blu indica la posizione del passaggio del sabot.<\/em><\/figcaption><\/figure>\n\n\n\n<h2 class=\"wp-block-heading\">Toponomastica<\/h2>\n\n\n\n<p class=\"has-medium-font-size\">Sabot deriva da Sabaudia, il dialetto della Savoia.<\/p>\n\n\n\n<h2 class=\"wp-block-heading\">Posizione geografica<\/h2>\n\n\n\n<h3 class=\"wp-block-heading\">Massiccio<\/h3>\n\n\n\n<p class=\"has-medium-font-size\">Il Col du Sabot si trova nel Massiccio des&nbsp;<a href=\"https:\/\/fr.wikipedia.org\/wiki\/Grandes_Rousses\" target=\"_blank\" rel=\"noreferrer noopener\">Grandes Rousses<\/a>.&nbsp;<\/p>\n\n\n\n<figure class=\"wp-block-image size-full is-resized\"><img loading=\"lazy\" decoding=\"async\" width=\"1016\" height=\"659\" src=\"https:\/\/centcols.org\/wp-content\/uploads\/2025\/05\/SABOT-VERSANT-SUD.jpg\" alt=\"\" class=\"wp-image-82617\" style=\"width:840px;height:auto\" srcset=\"https:\/\/centcols.org\/wp-content\/uploads\/2025\/05\/SABOT-VERSANT-SUD.jpg 1016w, https:\/\/centcols.org\/wp-content\/uploads\/2025\/05\/SABOT-VERSANT-SUD-768x498.jpg 768w\" sizes=\"auto, (max-width: 1016px) 100vw, 1016px\" \/><figcaption class=\"wp-element-caption\">Didascalia dell'autore: \"Il margine nord-occidentale del massiccio delle Grandes Rousses sul versante meridionale del Col du Sabot, visto da sud, dall'alto, da sopra Sardonne\".<br>  (con il Monte Bianco all'orizzonte)<\/figcaption><\/figure>\n\n\n\n<h3 class=\"wp-block-heading has-medium-font-size\">Geologia<\/h3>\n\n\n\n<p>Il Col du Sabot si trova nella depressione tra il massiccio delle Aiguillettes a destra e i Rochers Maupas a sinistra. Una piccola faglia ha provocato l'inclinazione e lo scivolamento di un miniblocco cristallino, come un domino verticale adagiato sul suo vicino a sinistra.  La depressione risultante \u00e8 stata successivamente riempita da depositi triassici. Questo letto dolomitico triassico, che ricopre il substrato cristallino, \u00e8 ben visibile a poche decine di metri a est del passo.<\/p>\n\n\n\n<figure class=\"wp-block-image size-full is-resized\"><img loading=\"lazy\" decoding=\"async\" width=\"629\" height=\"185\" src=\"https:\/\/centcols.org\/wp-content\/uploads\/2025\/05\/image-17.png\" alt=\"\" class=\"wp-image-82618\" style=\"width:816px;height:auto\"\/><\/figure>\n\n\n\n<h3 class=\"wp-block-heading\">Idrografia<\/h3>\n\n\n\n<p>Entrambi i versanti sono affluenti dell'Eau d'Olle (affluente della Romanche, poi del Drac e dell'Is\u00e8re), mentre la Vorge, affluente del Flumet, nasce al Col e scorre verso sud-ovest.<br>A nord scorre il torrente Sabot, che si unisce all'Eau d'Olle a valle della diga della Grand'Maison.<\/p>\n\n\n\n<h2 class=\"wp-block-heading\">Accesso<\/h2>\n\n\n\n<p><strong>Da sud-ovest<\/strong>Da Le Verney (vicino alla centrale elettrica di Eau d'Olle), all'incrocio della D526 (route de la Croix de Fer) con la D43a (818 m), si raggiunge il Col du Sabot in 14,5 km. Si passa per Vaujany (a 10 km, alt. 1250 m) e si attraversa Le Collet.&nbsp; <a href=\"https:\/\/centcols.org\/it\/util\/geo\/visu.php\/?code=FR-38-1400\">FR-38-1400<\/a> &nbsp;&nbsp;(7,7 km di distanza).<\/p>\n\n\n\n<figure class=\"wp-block-image size-full is-resized\"><img loading=\"lazy\" decoding=\"async\" width=\"1140\" height=\"460\" src=\"https:\/\/centcols.org\/wp-content\/uploads\/2025\/05\/Du-Col-du-Sabot.jpg\" alt=\"\" class=\"wp-image-82619\" style=\"width:800px\" srcset=\"https:\/\/centcols.org\/wp-content\/uploads\/2025\/05\/Du-Col-du-Sabot.jpg 1140w, https:\/\/centcols.org\/wp-content\/uploads\/2025\/05\/Du-Col-du-Sabot-768x310.jpg 768w\" sizes=\"auto, (max-width: 1140px) 100vw, 1140px\" \/><\/figure>\n\n\n\n<pre class=\"wp-block-preformatted\">La strada che sale al colle del Sabot ... sullo sfondo il Lac du Verney (fonte Is\u00e8re-tourisme)<\/pre>\n\n\n\n<p>A nord, un sentiero di 2 km conduce alla diga della Grand' Maison (1.705 m).<\/p>\n\n\n\n<figure class=\"wp-block-image size-full is-resized\"><img loading=\"lazy\" decoding=\"async\" width=\"1018\" height=\"681\" src=\"https:\/\/centcols.org\/wp-content\/uploads\/2025\/05\/SABOT-VERSANT-NORD-copie.jpg\" alt=\"\" class=\"wp-image-82620\" style=\"width:800px\" srcset=\"https:\/\/centcols.org\/wp-content\/uploads\/2025\/05\/SABOT-VERSANT-NORD-copie.jpg 1018w, https:\/\/centcols.org\/wp-content\/uploads\/2025\/05\/SABOT-VERSANT-NORD-copie-768x514.jpg 768w\" sizes=\"auto, (max-width: 1018px) 100vw, 1018px\" \/><\/figure>\n\n\n\n<pre class=\"wp-block-preformatted\">Didascalia dell'autore: <em>\"L'estremit\u00e0 settentrionale dei Rochers Rissiou e la diga della Grand Maison visti da nord, dalle pendici inferiori del Rocher Pilliozan (sentiero del Lac de l'Ane)\".<\/em><\/pre>\n\n\n\n<h2 class=\"wp-block-heading\">Cosa vedere - turismo\u00a0<\/h2>\n\n\n\n<p>Su entrambi i lati del Col du Sabot si trovano le <a href=\"https:\/\/france3-regions.francetvinfo.fr\/auvergne-rhone-alpes\/isere\/video-immersion-a-la-centrale-hydroelectrique-de-grand-maison-en-isere-la-plus-puissante-d-europe-2274700.html\" target=\"_blank\" rel=\"noreferrer noopener\">Impianti idroelettrici di Grand'Maison<\/a>&nbsp;:<\/p>\n\n\n\n<p><strong>A nord<\/strong>In fondo al sentiero si trovano la diga e il lago di Grand'Maison.<\/p>\n\n\n\n<p><strong>A sud-ovest<\/strong>Dalla D43a, il Lac du Verney, la centrale idroelettrica e il museo EDF Hydrelec.<\/p>\n\n\n\n<p>Vedi articoli <a href=\"https:\/\/centcols.org\/it\/il-passo-della-ghianda\/\" target=\"_blank\" rel=\"noreferrer noopener\">Col du Glandon<\/a> o <a href=\"https:\/\/centcols.org\/it\/il-col-de-la-croix-de-fer\/\" target=\"_blank\" rel=\"noreferrer noopener\">Col de la Croix de Fer<\/a> per informazioni su dighe, impianti elettrici e il museo Hydrelec.<\/p>\n\n\n\n<h2 class=\"wp-block-heading\">Stato amministrativo<\/h2>\n\n\n\n<h3 class=\"wp-block-heading\">Attualmente<\/h3>\n\n\n\n<p>Il passo e le sue due piste si trovano nel comune di Vaujany (Is\u00e8re).<\/p>\n\n\n\n<h3 class=\"wp-block-heading\">La storia&nbsp;<\/h3>\n\n\n\n<p><strong>Secondo&nbsp;<a href=\"https:\/\/www.oisans.com\/decouvrir\/les-incontournables\/col-glandon-col-de-croix-de-fer\/\" target=\"_blank\" rel=\"noreferrer noopener\">\"oisans.com<\/a><\/strong>Fino al 1860, il passo del Sabot segnava il confine tra Francia e Savoia. Vaujany, sulla route des cols, era allora dotato di un&nbsp;<strong>ufficio di frontiera<\/strong>&nbsp;...dove ora si trova il bacino della Grand'Maison,&nbsp;<strong>in passato, vasti pascoli alpini erano condivisi tra francesi e savoiardi<\/strong>.<\/p>\n\n\n\n<p>La Grand'Maison era un grande edificio utilizzato per ospitare i pastori. Informazioni completate da&nbsp;<strong>\"&nbsp;<a href=\"https:\/\/www.isere-tourisme.com\/patrimoine-naturel\/au-col-du-sabot-2100-m\" target=\"_blank\" rel=\"noreferrer noopener\">Is\u00e8re-Tourisme&nbsp;<\/a>\"&nbsp;<\/strong>Dietro il Col du Sabot c'era un posto di frontiera, di cui esistono ancora alcune rovine.&nbsp;<\/p>\n\n\n\n<p>Questo ruolo di confine, con tanto di posti di dogana, \u00e8 terminato nel 1850, quando la Savoia \u00e8 entrata a far parte della Francia. Lo sviluppo della rete stradale con la democratizzazione dell'automobile ha isolato questa strada a favore dell'attuale strada che unisce i passi del Glandon e della Croix de Fer attraverso il Rivier d'Allemond.<\/p>\n\n\n\n<blockquote class=\"wp-block-quote is-layout-flow wp-block-quote-is-layout-flow\">\n<p>Nota dell'editore: Se il Col du Sabot fosse il confine tra il Delfinato (Francia) e la Savoia, ci\u00f2 dovrebbe significare che il percorso attraverso il Col du Sabot (Allemond, Vaujany, Col du Sabot, Col du Glandon o Croix de Fer) era pi\u00f9 praticabile di quello attraverso il D\u00e9fil\u00e9 de Maupas. (vedi il crollo del Pic Brunard nel 1989), (Allemond, Rivier d'Allemond, D\u00e9fil\u00e9 de Maupas, Col du Glandon), ma chi scrive non ha trovato informazioni in merito su Internet. Non ci sono nemmeno informazioni o foto sulle rovine del posto di frontiera citato da Is\u00e8re-Tourisme.<\/p>\n<\/blockquote>\n\n\n\n<h2 class=\"wp-block-heading\">Ciclismo e cicloturismo<\/h2>\n\n\n\n<p>Oisans Tourisme organizza <a href=\"https:\/\/www.bike-oisans.com\/agenda-cyclo-vtt-oisans\/oisans-col-series\/\" target=\"_blank\" rel=\"noreferrer noopener\">SERIE OISANS COL&nbsp;<\/a>:<\/p>\n\n\n\n<p>Ogni marted\u00ec mattina in estate, un iconico passo dell'Oisans \u00e8 riservato ai ciclisti (le auto non sono ammesse).<\/p>\n\n\n\n<h3 class=\"wp-block-heading\">Profilo<\/h3>\n\n\n\n<figure class=\"wp-block-image size-full is-resized\"><img loading=\"lazy\" decoding=\"async\" width=\"1020\" height=\"594\" src=\"https:\/\/centcols.org\/wp-content\/uploads\/2025\/05\/PROFIL-SABOT.jpg\" alt=\"\" class=\"wp-image-82622\" style=\"width:800px\" srcset=\"https:\/\/centcols.org\/wp-content\/uploads\/2025\/05\/PROFIL-SABOT.jpg 1020w, https:\/\/centcols.org\/wp-content\/uploads\/2025\/05\/PROFIL-SABOT-768x447.jpg 768w\" sizes=\"auto, (max-width: 1020px) 100vw, 1020px\" \/><\/figure>\n\n\n\n<figure class=\"wp-block-image size-full\"><img loading=\"lazy\" decoding=\"async\" width=\"375\" height=\"356\" src=\"https:\/\/centcols.org\/wp-content\/uploads\/2025\/05\/image-2-4.png\" alt=\"\" class=\"wp-image-82623\"\/><\/figure>\n\n\n\n<p>                                              <em><em>Un articolo di G\u00e9rard Galland <\/em>e Bernard Giraudeau (per la sezione geologia)<\/em><\/p>","protected":false},"excerpt":{"rendered":"<p>Le Col du Sabot (FR-38-2100b) est le seul col plus de 2000 m rev\u00eatu &nbsp;du d\u00e9partement de l\u2019Is\u00e8re \u2026 et de plus il ne l\u2019est que sur un seul versant. Toponymie Sabot vient de Sabaudia, la Savoie en patois. Situation G\u00e9ographique Massif Le col du Sabot est situ\u00e9 dans le massif des&nbsp;Grandes Rousses.&nbsp; G\u00e9ologie Le [&hellip;]<\/p>\n","protected":false},"author":58,"featured_media":82619,"comment_status":"closed","ping_status":"open","sticky":false,"template":"","format":"standard","meta":{"_acf_changed":false,"footnotes":""},"categories":[308],"tags":[],"class_list":["post-82615","post","type-post","status-publish","format-standard","has-post-thumbnail","hentry","category-cols-en-vrac"],"acf":[],"yoast_head":"<!-- This site is optimized with the Yoast SEO plugin v27.2 - https:\/\/yoast.com\/product\/yoast-seo-wordpress\/ -->\n<title>Col du Sabot - Club des Cent Cols<\/title>\n<meta name=\"robots\" content=\"index, follow, max-snippet:-1, max-image-preview:large, max-video-preview:-1\" \/>\n<link rel=\"canonical\" href=\"https:\/\/centcols.org\/it\/collo-dello-zoccolo\/\" \/>\n<meta property=\"og:locale\" content=\"it_IT\" \/>\n<meta property=\"og:type\" content=\"article\" \/>\n<meta property=\"og:title\" content=\"Col du Sabot - Club des Cent Cols\" \/>\n<meta property=\"og:description\" content=\"Le Col du Sabot (FR-38-2100b) est le seul col plus de 2000 m rev\u00eatu &nbsp;du d\u00e9partement de l\u2019Is\u00e8re \u2026 et de plus il ne l\u2019est que sur un seul versant. Toponymie Sabot vient de Sabaudia, la Savoie en patois. Situation G\u00e9ographique Massif Le col du Sabot est situ\u00e9 dans le massif des&nbsp;Grandes Rousses.&nbsp; G\u00e9ologie Le [&hellip;]\" \/>\n<meta property=\"og:url\" content=\"https:\/\/centcols.org\/it\/collo-dello-zoccolo\/\" \/>\n<meta property=\"og:site_name\" content=\"Club des Cent Cols\" \/>\n<meta property=\"article:publisher\" content=\"https:\/\/www.facebook.com\/groups\/5261880558\/?locale=fr_FR\" \/>\n<meta property=\"article:published_time\" content=\"2024-05-06T12:05:05+00:00\" \/>\n<meta property=\"article:modified_time\" content=\"2025-11-06T02:14:36+00:00\" \/>\n<meta property=\"og:image\" content=\"https:\/\/centcols.org\/wp-content\/uploads\/2025\/05\/Du-Col-du-Sabot.jpg\" \/>\n\t<meta property=\"og:image:width\" content=\"1140\" \/>\n\t<meta property=\"og:image:height\" content=\"460\" \/>\n\t<meta property=\"og:image:type\" content=\"image\/jpeg\" \/>\n<meta name=\"author\" content=\"Enrico Alberini\" \/>\n<meta name=\"twitter:card\" content=\"summary_large_image\" \/>\n<meta name=\"twitter:label1\" content=\"Scritto da\" \/>\n\t<meta name=\"twitter:data1\" content=\"Enrico Alberini\" \/>\n\t<meta name=\"twitter:label2\" content=\"Tempo di lettura stimato\" \/>\n\t<meta name=\"twitter:data2\" content=\"5 minuti\" \/>\n<script type=\"application\/ld+json\" class=\"yoast-schema-graph\">{\"@context\":\"https:\/\/schema.org\",\"@graph\":[{\"@type\":\"Article\",\"@id\":\"https:\/\/centcols.org\/col-du-sabot\/#article\",\"isPartOf\":{\"@id\":\"https:\/\/centcols.org\/col-du-sabot\/\"},\"author\":{\"name\":\"Enrico Alberini\",\"@id\":\"https:\/\/centcols.org\/#\/schema\/person\/86c3ec6889d88501a29fccac614bebf8\"},\"headline\":\"Col du Sabot\",\"datePublished\":\"2024-05-06T12:05:05+00:00\",\"dateModified\":\"2025-11-06T02:14:36+00:00\",\"mainEntityOfPage\":{\"@id\":\"https:\/\/centcols.org\/col-du-sabot\/\"},\"wordCount\":785,\"publisher\":{\"@id\":\"https:\/\/centcols.org\/#organization\"},\"image\":{\"@id\":\"https:\/\/centcols.org\/col-du-sabot\/#primaryimage\"},\"thumbnailUrl\":\"https:\/\/centcols.org\/wp-content\/uploads\/2025\/05\/Du-Col-du-Sabot.jpg\",\"articleSection\":[\"Cols en vrac\"],\"inLanguage\":\"it-IT\"},{\"@type\":\"WebPage\",\"@id\":\"https:\/\/centcols.org\/col-du-sabot\/\",\"url\":\"https:\/\/centcols.org\/col-du-sabot\/\",\"name\":\"Col du Sabot - Club des Cent Cols\",\"isPartOf\":{\"@id\":\"https:\/\/centcols.org\/#website\"},\"primaryImageOfPage\":{\"@id\":\"https:\/\/centcols.org\/col-du-sabot\/#primaryimage\"},\"image\":{\"@id\":\"https:\/\/centcols.org\/col-du-sabot\/#primaryimage\"},\"thumbnailUrl\":\"https:\/\/centcols.org\/wp-content\/uploads\/2025\/05\/Du-Col-du-Sabot.jpg\",\"datePublished\":\"2024-05-06T12:05:05+00:00\",\"dateModified\":\"2025-11-06T02:14:36+00:00\",\"breadcrumb\":{\"@id\":\"https:\/\/centcols.org\/col-du-sabot\/#breadcrumb\"},\"inLanguage\":\"it-IT\",\"potentialAction\":[{\"@type\":\"ReadAction\",\"target\":[\"https:\/\/centcols.org\/col-du-sabot\/\"]}]},{\"@type\":\"ImageObject\",\"inLanguage\":\"it-IT\",\"@id\":\"https:\/\/centcols.org\/col-du-sabot\/#primaryimage\",\"url\":\"https:\/\/centcols.org\/wp-content\/uploads\/2025\/05\/Du-Col-du-Sabot.jpg\",\"contentUrl\":\"https:\/\/centcols.org\/wp-content\/uploads\/2025\/05\/Du-Col-du-Sabot.jpg\",\"width\":1140,\"height\":460},{\"@type\":\"BreadcrumbList\",\"@id\":\"https:\/\/centcols.org\/col-du-sabot\/#breadcrumb\",\"itemListElement\":[{\"@type\":\"ListItem\",\"position\":1,\"name\":\"Accueil\",\"item\":\"https:\/\/centcols.org\/\"},{\"@type\":\"ListItem\",\"position\":2,\"name\":\"Cols en vrac\",\"item\":\"https:\/\/centcols.org\/rubrique\/cols-en-vrac\/\"},{\"@type\":\"ListItem\",\"position\":3,\"name\":\"Col du Sabot\"}]},{\"@type\":\"WebSite\",\"@id\":\"https:\/\/centcols.org\/#website\",\"url\":\"https:\/\/centcols.org\/\",\"name\":\"Club des Cent Cols\",\"description\":\"\",\"publisher\":{\"@id\":\"https:\/\/centcols.org\/#organization\"},\"potentialAction\":[{\"@type\":\"SearchAction\",\"target\":{\"@type\":\"EntryPoint\",\"urlTemplate\":\"https:\/\/centcols.org\/?s={search_term_string}\"},\"query-input\":{\"@type\":\"PropertyValueSpecification\",\"valueRequired\":true,\"valueName\":\"search_term_string\"}}],\"inLanguage\":\"it-IT\"},{\"@type\":\"Organization\",\"@id\":\"https:\/\/centcols.org\/#organization\",\"name\":\"Club des Cent Cols\",\"url\":\"https:\/\/centcols.org\/\",\"logo\":{\"@type\":\"ImageObject\",\"inLanguage\":\"it-IT\",\"@id\":\"https:\/\/centcols.org\/#\/schema\/logo\/image\/\",\"url\":\"https:\/\/centcols.org\/wp-content\/uploads\/2025\/01\/carte-icone.png\",\"contentUrl\":\"https:\/\/centcols.org\/wp-content\/uploads\/2025\/01\/carte-icone.png\",\"width\":250,\"height\":250,\"caption\":\"Club des Cent Cols\"},\"image\":{\"@id\":\"https:\/\/centcols.org\/#\/schema\/logo\/image\/\"},\"sameAs\":[\"https:\/\/www.facebook.com\/groups\/5261880558\/?locale=fr_FR\"]},{\"@type\":\"Person\",\"@id\":\"https:\/\/centcols.org\/#\/schema\/person\/86c3ec6889d88501a29fccac614bebf8\",\"name\":\"Enrico Alberini\",\"image\":{\"@type\":\"ImageObject\",\"inLanguage\":\"it-IT\",\"@id\":\"https:\/\/centcols.org\/wp-content\/litespeed\/avatar\/1b26e36a18d85acc8b0f860f9628213f.jpg?ver=1777240766\",\"url\":\"https:\/\/centcols.org\/wp-content\/litespeed\/avatar\/1b26e36a18d85acc8b0f860f9628213f.jpg?ver=1777240766\",\"contentUrl\":\"https:\/\/centcols.org\/wp-content\/litespeed\/avatar\/1b26e36a18d85acc8b0f860f9628213f.jpg?ver=1777240766\",\"caption\":\"Enrico Alberini\"},\"url\":\"https:\/\/centcols.org\/it\/author\/5065\/\"}]}<\/script>\n<!-- \/ Yoast SEO plugin. -->","yoast_head_json":{"title":"Col du Sabot - Club des Cent Cols","robots":{"index":"index","follow":"follow","max-snippet":"max-snippet:-1","max-image-preview":"max-image-preview:large","max-video-preview":"max-video-preview:-1"},"canonical":"https:\/\/centcols.org\/it\/collo-dello-zoccolo\/","og_locale":"it_IT","og_type":"article","og_title":"Col du Sabot - Club des Cent Cols","og_description":"Le Col du Sabot (FR-38-2100b) est le seul col plus de 2000 m rev\u00eatu &nbsp;du d\u00e9partement de l\u2019Is\u00e8re \u2026 et de plus il ne l\u2019est que sur un seul versant. Toponymie Sabot vient de Sabaudia, la Savoie en patois. Situation G\u00e9ographique Massif Le col du Sabot est situ\u00e9 dans le massif des&nbsp;Grandes Rousses.&nbsp; G\u00e9ologie Le [&hellip;]","og_url":"https:\/\/centcols.org\/it\/collo-dello-zoccolo\/","og_site_name":"Club des Cent Cols","article_publisher":"https:\/\/www.facebook.com\/groups\/5261880558\/?locale=fr_FR","article_published_time":"2024-05-06T12:05:05+00:00","article_modified_time":"2025-11-06T02:14:36+00:00","og_image":[{"width":1140,"height":460,"url":"https:\/\/centcols.org\/wp-content\/uploads\/2025\/05\/Du-Col-du-Sabot.jpg","type":"image\/jpeg"}],"author":"Enrico Alberini","twitter_card":"summary_large_image","twitter_misc":{"Scritto da":"Enrico Alberini","Tempo di lettura stimato":"5 minuti"},"schema":{"@context":"https:\/\/schema.org","@graph":[{"@type":"Article","@id":"https:\/\/centcols.org\/col-du-sabot\/#article","isPartOf":{"@id":"https:\/\/centcols.org\/col-du-sabot\/"},"author":{"name":"Enrico Alberini","@id":"https:\/\/centcols.org\/#\/schema\/person\/86c3ec6889d88501a29fccac614bebf8"},"headline":"Col du Sabot","datePublished":"2024-05-06T12:05:05+00:00","dateModified":"2025-11-06T02:14:36+00:00","mainEntityOfPage":{"@id":"https:\/\/centcols.org\/col-du-sabot\/"},"wordCount":785,"publisher":{"@id":"https:\/\/centcols.org\/#organization"},"image":{"@id":"https:\/\/centcols.org\/col-du-sabot\/#primaryimage"},"thumbnailUrl":"https:\/\/centcols.org\/wp-content\/uploads\/2025\/05\/Du-Col-du-Sabot.jpg","articleSection":["Cols en vrac"],"inLanguage":"it-IT"},{"@type":"WebPage","@id":"https:\/\/centcols.org\/col-du-sabot\/","url":"https:\/\/centcols.org\/col-du-sabot\/","name":"Col du Sabot - Club des Cent Cols","isPartOf":{"@id":"https:\/\/centcols.org\/#website"},"primaryImageOfPage":{"@id":"https:\/\/centcols.org\/col-du-sabot\/#primaryimage"},"image":{"@id":"https:\/\/centcols.org\/col-du-sabot\/#primaryimage"},"thumbnailUrl":"https:\/\/centcols.org\/wp-content\/uploads\/2025\/05\/Du-Col-du-Sabot.jpg","datePublished":"2024-05-06T12:05:05+00:00","dateModified":"2025-11-06T02:14:36+00:00","breadcrumb":{"@id":"https:\/\/centcols.org\/col-du-sabot\/#breadcrumb"},"inLanguage":"it-IT","potentialAction":[{"@type":"ReadAction","target":["https:\/\/centcols.org\/col-du-sabot\/"]}]},{"@type":"ImageObject","inLanguage":"it-IT","@id":"https:\/\/centcols.org\/col-du-sabot\/#primaryimage","url":"https:\/\/centcols.org\/wp-content\/uploads\/2025\/05\/Du-Col-du-Sabot.jpg","contentUrl":"https:\/\/centcols.org\/wp-content\/uploads\/2025\/05\/Du-Col-du-Sabot.jpg","width":1140,"height":460},{"@type":"BreadcrumbList","@id":"https:\/\/centcols.org\/col-du-sabot\/#breadcrumb","itemListElement":[{"@type":"ListItem","position":1,"name":"Accueil","item":"https:\/\/centcols.org\/"},{"@type":"ListItem","position":2,"name":"Cols en vrac","item":"https:\/\/centcols.org\/rubrique\/cols-en-vrac\/"},{"@type":"ListItem","position":3,"name":"Col du Sabot"}]},{"@type":"WebSite","@id":"https:\/\/centcols.org\/#website","url":"https:\/\/centcols.org\/","name":"Club des Cent Cols","description":"","publisher":{"@id":"https:\/\/centcols.org\/#organization"},"potentialAction":[{"@type":"SearchAction","target":{"@type":"EntryPoint","urlTemplate":"https:\/\/centcols.org\/?s={search_term_string}"},"query-input":{"@type":"PropertyValueSpecification","valueRequired":true,"valueName":"search_term_string"}}],"inLanguage":"it-IT"},{"@type":"Organization","@id":"https:\/\/centcols.org\/#organization","name":"Club des Cent Cols","url":"https:\/\/centcols.org\/","logo":{"@type":"ImageObject","inLanguage":"it-IT","@id":"https:\/\/centcols.org\/#\/schema\/logo\/image\/","url":"https:\/\/centcols.org\/wp-content\/uploads\/2025\/01\/carte-icone.png","contentUrl":"https:\/\/centcols.org\/wp-content\/uploads\/2025\/01\/carte-icone.png","width":250,"height":250,"caption":"Club des Cent Cols"},"image":{"@id":"https:\/\/centcols.org\/#\/schema\/logo\/image\/"},"sameAs":["https:\/\/www.facebook.com\/groups\/5261880558\/?locale=fr_FR"]},{"@type":"Person","@id":"https:\/\/centcols.org\/#\/schema\/person\/86c3ec6889d88501a29fccac614bebf8","name":"Enrico Alberini","image":{"@type":"ImageObject","inLanguage":"it-IT","@id":"https:\/\/centcols.org\/wp-content\/litespeed\/avatar\/1b26e36a18d85acc8b0f860f9628213f.jpg?ver=1777240766","url":"https:\/\/centcols.org\/wp-content\/litespeed\/avatar\/1b26e36a18d85acc8b0f860f9628213f.jpg?ver=1777240766","contentUrl":"https:\/\/centcols.org\/wp-content\/litespeed\/avatar\/1b26e36a18d85acc8b0f860f9628213f.jpg?ver=1777240766","caption":"Enrico Alberini"},"url":"https:\/\/centcols.org\/it\/author\/5065\/"}]}},"_links":{"self":[{"href":"https:\/\/centcols.org\/it\/wp-json\/wp\/v2\/posts\/82615","targetHints":{"allow":["GET"]}}],"collection":[{"href":"https:\/\/centcols.org\/it\/wp-json\/wp\/v2\/posts"}],"about":[{"href":"https:\/\/centcols.org\/it\/wp-json\/wp\/v2\/types\/post"}],"author":[{"embeddable":true,"href":"https:\/\/centcols.org\/it\/wp-json\/wp\/v2\/users\/58"}],"replies":[{"embeddable":true,"href":"https:\/\/centcols.org\/it\/wp-json\/wp\/v2\/comments?post=82615"}],"version-history":[{"count":0,"href":"https:\/\/centcols.org\/it\/wp-json\/wp\/v2\/posts\/82615\/revisions"}],"wp:featuredmedia":[{"embeddable":true,"href":"https:\/\/centcols.org\/it\/wp-json\/wp\/v2\/media\/82619"}],"wp:attachment":[{"href":"https:\/\/centcols.org\/it\/wp-json\/wp\/v2\/media?parent=82615"}],"wp:term":[{"taxonomy":"category","embeddable":true,"href":"https:\/\/centcols.org\/it\/wp-json\/wp\/v2\/categories?post=82615"},{"taxonomy":"post_tag","embeddable":true,"href":"https:\/\/centcols.org\/it\/wp-json\/wp\/v2\/tags?post=82615"}],"curies":[{"name":"wp","href":"https:\/\/api.w.org\/{rel}","templated":true}]}}