{"id":82624,"date":"2024-05-07T13:55:18","date_gmt":"2024-05-07T11:55:18","guid":{"rendered":"https:\/\/centcols.org\/le-col-luitel\/"},"modified":"2025-12-13T19:28:50","modified_gmt":"2025-12-13T17:28:50","slug":"il-passo-di-luitel","status":"publish","type":"post","link":"https:\/\/centcols.org\/it\/le-col-luitel\/","title":{"rendered":"Col Luitel"},"content":{"rendered":"<p>Le&nbsp;<strong>Col Luitel<\/strong>&nbsp;(<a href=\"https:\/\/centcols.org\/it\/util\/geo\/visuGen.php\/?code=FR-38-1262\" target=\"_blank\" rel=\"noreferrer noopener\">FR-38-1262<\/a>),<\/p>\n\n\n\n<p>Per un membro del club Cent Cols, questo nome fa scattare un \"tilt\" perch\u00e9 \u00e8 legato alla <strong>creazione della fratellanza<\/strong>&nbsp;: <a href=\"https:\/\/centcols.org\/it\/historique-cent-cols-3\/\" target=\"_blank\" rel=\"noreferrer noopener\">Fu dopo aver scalato questo passo nel 1970 che Jean Perdoux ebbe l'idea di creare il \"Club des Cent Cols\".<\/a>&nbsp;\"prima di scrivere le regole in <strong>1972.<\/strong><\/p>\n\n\n\n<p>Per un abitante di Grenoble che va a sciare a Chamrousse, \"le Luitel\" si trova all'incrocio tra la D111 (da Uriage a Chamrousse) e la stradina che scende a S\u00e9chilienne... sotto la partenza delle piste di sci di fondo di Arselle... ebbene no, il passo \u00e8 a 500 metri, nel mezzo della riserva naturale del Luitel.<\/p>\n\n\n\n<div class=\"wp-block-media-text is-stacked-on-mobile\"><figure class=\"wp-block-media-text__media\"><img loading=\"lazy\" decoding=\"async\" width=\"1200\" height=\"800\" src=\"https:\/\/centcols.org\/wp-content\/uploads\/2024\/05\/1-Panneau1.jpg\" alt=\"\" class=\"wp-image-83301 size-full\" srcset=\"https:\/\/centcols.org\/wp-content\/uploads\/2024\/05\/1-Panneau1.jpg 1200w, https:\/\/centcols.org\/wp-content\/uploads\/2024\/05\/1-Panneau1-768x512.jpg 768w\" sizes=\"auto, (max-width: 1200px) 100vw, 1200px\" \/><\/figure><div class=\"wp-block-media-text__content\">\n<p>Questa posizione (indiscutibile) corrisponde alla posizione sulla carta IGN, a quella indicata dal Club des Cent cols e a quella del cartello di legno che indica il Col Luitel 1262 m.<\/p>\n<\/div><\/div>\n\n\n\n<div class=\"wp-block-media-text has-media-on-the-right is-stacked-on-mobile\"><div class=\"wp-block-media-text__content\">\n<p>Verifica in loco nel maggio 2020: <a href=\"https:\/\/cyclotouristes-grenoblois.assoconnect.com\/articles\/135604-mais-ou-est-donc-exactement-le-col-luitel\" target=\"_blank\" rel=\"noreferrer noopener\">Ma dove si trova esattamente il Col. Luitel?<\/a><\/p>\n<\/div><figure class=\"wp-block-media-text__media\"><img loading=\"lazy\" decoding=\"async\" width=\"1200\" height=\"708\" src=\"https:\/\/centcols.org\/wp-content\/uploads\/2024\/05\/2-Carte1.jpg\" alt=\"\" class=\"wp-image-83302 size-full\" srcset=\"https:\/\/centcols.org\/wp-content\/uploads\/2024\/05\/2-Carte1.jpg 1200w, https:\/\/centcols.org\/wp-content\/uploads\/2024\/05\/2-Carte1-768x453.jpg 768w\" sizes=\"auto, (max-width: 1200px) 100vw, 1200px\" \/><\/figure><\/div>\n\n\n\n<h2 class=\"wp-block-heading\">Toponomastica<\/h2>\n\n\n\n<p>Luitel: \u00e8 il nome del passo, del lago, della torbiera e della riserva naturale.<\/p>\n\n\n\n<p>Secondo questo <a href=\"https:\/\/www.tandfonline.com\/doi\/abs\/10.1080\/00378941.1963.10835448\" target=\"_blank\" rel=\"noreferrer noopener\">articolo pubblicato nel Bulletin de la Soci\u00e9t\u00e9 Botanique de France<\/a> (pag. 150) \"I documenti storici sul Luitel sono quasi inesistenti. Pochissimi testi antichi vi fanno riferimento; gli archivi dell'Is\u00e8re non ci dicono nulla di interessante al riguardo. Al massimo, viene talvolta menzionato con i nomi di Lauvestellum, Lutet, Luther, poi Luytel e Luitel\"(i).<\/p>\n\n\n\n<h2 class=\"wp-block-heading\">Posizione geografica<\/h2>\n\n\n\n<h3 class=\"wp-block-heading\">Massiccio<\/h3>\n\n\n\n<p>Il Col Luitel si trova a sud della catena montuosa di Belledonne.<\/p>\n\n\n\n<h3 class=\"wp-block-heading\">Geologia<\/h3>\n\n\n\n<p>Qui, pi\u00f9 di 50.000 anni fa, un braccio del ghiacciaio della Val Romanche si \u00e8 fatto lentamente strada sul Col Luitel. Questa vera e propria raspa continua ha scavato depressioni di profondit\u00e0 variabile (da 11 a 16 m).  Il lago Luitel, che in origine era molto pi\u00f9 grande, si \u00e8 formato quando i ghiacciai si sono ritirati. Costantemente rifornito d'acqua, il lago \u00e8 stato in parte trasformato in una torbiera dalla crescita e dall'accumulo di detriti vegetali. Al Col Luitel, in particolare, la tipica proliferazione di muschi (sfagni) ha fatto s\u00ec che la torbiera emergesse da una depressione meno profonda del lago.<\/p>\n\n\n\n<figure class=\"wp-block-gallery has-nested-images columns-default is-cropped wp-block-gallery-1 is-layout-flex wp-block-gallery-is-layout-flex\">\n<figure class=\"wp-block-image size-large\"><a href=\"https:\/\/centcols.org\/wp-content\/uploads\/2024\/05\/LA-tourbiere-P1000175-1-1200x8001-1.jpg\"><img loading=\"lazy\" decoding=\"async\" width=\"1200\" height=\"800\" data-id=\"83303\" src=\"https:\/\/centcols.org\/wp-content\/uploads\/2024\/05\/LA-tourbiere-P1000175-1-1200x8001-1.jpg\" alt=\"\" class=\"wp-image-83303\" srcset=\"https:\/\/centcols.org\/wp-content\/uploads\/2024\/05\/LA-tourbiere-P1000175-1-1200x8001-1.jpg 1200w, https:\/\/centcols.org\/wp-content\/uploads\/2024\/05\/LA-tourbiere-P1000175-1-1200x8001-1-768x512.jpg 768w\" sizes=\"auto, (max-width: 1200px) 100vw, 1200px\" \/><\/a><figcaption class=\"wp-element-caption\">la torbiera<\/figcaption><\/figure>\n\n\n\n<figure class=\"wp-block-image size-large\"><a href=\"https:\/\/centcols.org\/wp-content\/uploads\/2024\/05\/Le-Lac-Luitel-P1000177-1200x8001-1.jpg\"><img loading=\"lazy\" decoding=\"async\" width=\"1200\" height=\"800\" data-id=\"83304\" src=\"https:\/\/centcols.org\/wp-content\/uploads\/2024\/05\/Le-Lac-Luitel-P1000177-1200x8001-1.jpg\" alt=\"\" class=\"wp-image-83304\" srcset=\"https:\/\/centcols.org\/wp-content\/uploads\/2024\/05\/Le-Lac-Luitel-P1000177-1200x8001-1.jpg 1200w, https:\/\/centcols.org\/wp-content\/uploads\/2024\/05\/Le-Lac-Luitel-P1000177-1200x8001-1-768x512.jpg 768w\" sizes=\"auto, (max-width: 1200px) 100vw, 1200px\" \/><\/a><figcaption class=\"wp-element-caption\">Lago Luitel<\/figcaption><\/figure>\n<\/figure>\n\n\n\n<h3 class=\"wp-block-heading\">Idrografia<\/h3>\n\n\n\n<p>Il Lac Luitel si trova nella zona <strong>a nord del passo.<\/strong> \u00c8 alimentato dal Ruisseau de Rambert, che proviene dall'altopiano di Arselle (torbiera). Lo sbocco del lago si trova vicino alla curva della D111 (proveniente da Uriage), poco prima dell'incrocio con la route de S\u00e9chilienne. Pi\u00f9 a valle scorre il Ruisseau de Pr\u00e9mol, affluente del Ruisseau de la Grande Maille a Vaulnaveys-le-Bas, a sua volta affluente della Romanche a Vizille.<\/p>\n\n\n\n<p>Lo sgombero della neve sulla strada di Chamrousse mediante salatura e il deflusso dell'acqua causano il trasferimento di grandi quantit\u00e0 di sale al lago Luitel e alla torbiera. Si veda lo studio: <em>\"Les effets des \u00e9pandages de sel sur la tourbi\u00e8re lacustre du Luitel (massiccio di Belledonne, Francia): la d\u00e9rivation des eaux du ruisseau du Rambert comme rem\u00e8de \u00e0 la pollution\". <a href=\"https:\/\/www.persee.fr\/doc\/rga_0035-1121_2003_num_91_1_2230\" target=\"_blank\" rel=\"noreferrer noopener\">(Revue de G\u00e9ographie Alpine Ann\u00e9e 2003 91-1 pp. 51-66)<\/a><\/em><\/p>\n\n\n\n<h3 class=\"wp-block-heading\">Accesso<\/h3>\n\n\n\n<p><strong>Da Grenoble<\/strong> (Palais des sports 23,5 km, 213 m), Gi\u00e9res (20 km, alt. 227 m), Uriage (13 km, alt. 412 m) via D524, MF de Pr\u00e9mol (3 km, 1088 m) via D111, incrocio D111\/ RF (0,5 km - 1268 m).<\/p>\n\n\n\n<p><strong>Da Chamrousse <\/strong>(Roche Beranger) (alt. 1745 m) sulla D111 si raggiunge l'incrocio con la route de S\u00e9chilienne dopo una discesa di 7,5 km.<\/p>\n\n\n\n<p><strong>De S\u00e9chilienne <\/strong>(alt. 368 m) si sale per 10 km (percorso C1) fino al passo del Luitel.<\/p>\n\n\n\n<h2 class=\"wp-block-heading has-medium-font-size\">Cosa vedere - turismo&nbsp;<\/h2>\n\n\n\n<h3 class=\"wp-block-heading\">Al passo<\/h3>\n\n\n\n<p>La <a href=\"https:\/\/www.isere-tourisme.com\/patrimoine-naturel\/reserve-naturelle-du-luitel\" target=\"_blank\" rel=\"noreferrer noopener\">Riserva naturale del Lac Luitel,<\/a> il primo creato in Francia (1961), contiene tutti gli stadi ecologici di una torbiera di sfagno su un sito di 17 ettari. Il lago Luitel deve la sua esistenza ai grandi ghiacciai del Quaternario.<\/p>\n\n\n\n<p>La torbiera del Col Luitel \u00e8 entrata a far parte della riserva nel 1991.<\/p>\n\n\n\n<p><a href=\"https:\/\/www.lacsdemontagne.fr\/pages%20web\/38\/Belledonne\/lac%20Luitel\/lac_luitel.htm\" target=\"_blank\" rel=\"noreferrer noopener\">Questa riserva<\/a>La torbiera del Luitel \u00e8 composta da due aree: il Lac Luitel, un lago e una torbiera caratterizzati da zattere galleggianti, e la torbiera del Col Luitel, parzialmente boscosa. L'area \u00e8 attraversata da numerosi sentieri segnalati.<\/p>\n\n\n\n<h2 class=\"wp-block-heading\">Stato amministrativo<\/h2>\n\n\n\n<p>Il Col Luitel si trova nel comune di S\u00e9chilienne.<\/p>\n\n\n\n<p>Il confine con il comune di Vaulnaveys-le-Haut \u00e8 la D111 (route de Chamrousse).<\/p>\n\n\n\n<h2 class=\"wp-block-heading\">Ciclismo e cicloturismo<\/h2>\n\n\n\n<p><strong><a href=\"https:\/\/centcols.org\/wp-content\/uploads\/2022\/07\/D-L-100-cols.jpg\" target=\"_blank\" rel=\"noreferrer noopener\">Cinquantesimo anniversario del Club des Cents Cols<\/a> (Dauphin\u00e9 Lib\u00e9r\u00e9)<\/strong><\/p>\n\n\n\n<p>Sabato 25 giugno 2022, il Club des Cent Cols ha festeggiato il suo 50\u00b0 anniversario. Un centinaio di persone si sono riunite nel parcheggio della casa forestale di Premol (altitudine 1088 m), a 3 km dal passo.<\/p>\n\n\n\n<div class=\"wp-block-media-text has-media-on-the-right is-stacked-on-mobile\" style=\"grid-template-columns:auto 35%\"><div class=\"wp-block-media-text__content\">\n<p>Dopo ricerche e discussioni tra Guy Harl\u00e9, organizzatore dell'evento, e alcuni centristi locali, \u00e8 stato scelto questo luogo per la sua vicinanza al passo (e per l'impossibilit\u00e0 di organizzare l'evento al passo stesso a causa delle condizioni anguste del piccolo parcheggio ai margini della riserva naturale del Luitel).<\/p>\n\n\n\n<p>Era fondamentale evitare di calpestare la riserva ...<\/p>\n<\/div><figure class=\"wp-block-media-text__media\"><img loading=\"lazy\" decoding=\"async\" width=\"414\" height=\"374\" src=\"https:\/\/centcols.org\/wp-content\/uploads\/2024\/05\/3-Plan-Luitel-Parking-1-11.jpg\" alt=\"\" class=\"wp-image-89964 size-full\" srcset=\"https:\/\/centcols.org\/wp-content\/uploads\/2024\/05\/3-Plan-Luitel-Parking-1-11.jpg 414w, https:\/\/centcols.org\/wp-content\/uploads\/2024\/05\/3-Plan-Luitel-Parking-1-11-13x12.jpg 13w\" sizes=\"auto, (max-width: 414px) 100vw, 414px\" \/><\/figure><\/div>\n\n\n\n<div style=\"height:40px\" aria-hidden=\"true\" class=\"wp-block-spacer\"><\/div>\n\n\n<div class=\"wp-block-image\">\n<figure data-wp-context=\"{&quot;imageId&quot;:&quot;69f18bf6b71dd&quot;}\" data-wp-interactive=\"core\/image\" data-wp-key=\"69f18bf6b71dd\" class=\"aligncenter size-full is-resized wp-lightbox-container\"><img loading=\"lazy\" decoding=\"async\" width=\"1200\" height=\"800\" data-wp-class--hide=\"state.isContentHidden\" data-wp-class--show=\"state.isContentVisible\" data-wp-init=\"callbacks.setButtonStyles\" data-wp-on--click=\"actions.showLightbox\" data-wp-on--load=\"callbacks.setButtonStyles\" data-wp-on-window--resize=\"callbacks.setButtonStyles\" src=\"https:\/\/centcols.org\/wp-content\/uploads\/2025\/05\/4-Camping-car-a-PREMOL-copie.jpg\" alt=\"\" class=\"wp-image-82631\" style=\"width:587px;height:auto\" srcset=\"https:\/\/centcols.org\/wp-content\/uploads\/2025\/05\/4-Camping-car-a-PREMOL-copie.jpg 1200w, https:\/\/centcols.org\/wp-content\/uploads\/2025\/05\/4-Camping-car-a-PREMOL-copie-768x512.jpg 768w\" sizes=\"auto, (max-width: 1200px) 100vw, 1200px\" \/><button\n\t\t\tclass=\"lightbox-trigger\"\n\t\t\ttype=\"button\"\n\t\t\taria-haspopup=\"dialog\"\n\t\t\taria-label=\"Ingrandisci\"\n\t\t\tdata-wp-init=\"callbacks.initTriggerButton\"\n\t\t\tdata-wp-on--click=\"actions.showLightbox\"\n\t\t\tdata-wp-style--right=\"state.imageButtonRight\"\n\t\t\tdata-wp-style--top=\"state.imageButtonTop\"\n\t\t>\n\t\t\t<svg xmlns=\"http:\/\/www.w3.org\/2000\/svg\" width=\"12\" height=\"12\" fill=\"none\" viewbox=\"0 0 12 12\">\n\t\t\t\t<path fill=\"#fff\" d=\"M2 0a2 2 0 0 0-2 2v2h1.5V2a.5.5 0 0 1 .5-.5h2V0H2Zm2 10.5H2a.5.5 0 0 1-.5-.5V8H0v2a2 2 0 0 0 2 2h2v-1.5ZM8 12v-1.5h2a.5.5 0 0 0 .5-.5V8H12v2a2 2 0 0 1-2 2H8Zm2-12a2 2 0 0 1 2 2v2h-1.5V2a.5.5 0 0 0-.5-.5H8V0h2Z\" \/>\n\t\t\t<\/svg>\n\t\t<\/button><figcaption class=\"wp-element-caption\">La sera prima: i preparativi per l'evento<\/figcaption><\/figure>\n<\/div>\n\n\n<div style=\"height:40px\" aria-hidden=\"true\" class=\"wp-block-spacer\"><\/div>\n\n\n<div class=\"wp-block-image\">\n<figure data-wp-context=\"{&quot;imageId&quot;:&quot;69f18bf6b79bf&quot;}\" data-wp-interactive=\"core\/image\" data-wp-key=\"69f18bf6b79bf\" class=\"aligncenter size-full is-resized wp-lightbox-container\"><img loading=\"lazy\" decoding=\"async\" width=\"1200\" height=\"900\" data-wp-class--hide=\"state.isContentHidden\" data-wp-class--show=\"state.isContentVisible\" data-wp-init=\"callbacks.setButtonStyles\" data-wp-on--click=\"actions.showLightbox\" data-wp-on--load=\"callbacks.setButtonStyles\" data-wp-on-window--resize=\"callbacks.setButtonStyles\" src=\"https:\/\/centcols.org\/wp-content\/uploads\/2025\/05\/5-rassemblement-copie.jpg\" alt=\"\" class=\"wp-image-82634\" style=\"width:800px\" srcset=\"https:\/\/centcols.org\/wp-content\/uploads\/2025\/05\/5-rassemblement-copie.jpg 1200w, https:\/\/centcols.org\/wp-content\/uploads\/2025\/05\/5-rassemblement-copie-768x576.jpg 768w\" sizes=\"auto, (max-width: 1200px) 100vw, 1200px\" \/><button\n\t\t\tclass=\"lightbox-trigger\"\n\t\t\ttype=\"button\"\n\t\t\taria-haspopup=\"dialog\"\n\t\t\taria-label=\"Ingrandisci\"\n\t\t\tdata-wp-init=\"callbacks.initTriggerButton\"\n\t\t\tdata-wp-on--click=\"actions.showLightbox\"\n\t\t\tdata-wp-style--right=\"state.imageButtonRight\"\n\t\t\tdata-wp-style--top=\"state.imageButtonTop\"\n\t\t>\n\t\t\t<svg xmlns=\"http:\/\/www.w3.org\/2000\/svg\" width=\"12\" height=\"12\" fill=\"none\" viewbox=\"0 0 12 12\">\n\t\t\t\t<path fill=\"#fff\" d=\"M2 0a2 2 0 0 0-2 2v2h1.5V2a.5.5 0 0 1 .5-.5h2V0H2Zm2 10.5H2a.5.5 0 0 1-.5-.5V8H0v2a2 2 0 0 0 2 2h2v-1.5ZM8 12v-1.5h2a.5.5 0 0 0 .5-.5V8H12v2a2 2 0 0 1-2 2H8Zm2-12a2 2 0 0 1 2 2v2h-1.5V2a.5.5 0 0 0-.5-.5H8V0h2Z\" \/>\n\t\t\t<\/svg>\n\t\t<\/button><figcaption class=\"wp-element-caption\">La manifestazione e il discorso dell'organizzatore Guy Harl\u00e9<\/figcaption><\/figure>\n<\/div>\n\n\n<figure class=\"wp-block-gallery has-nested-images columns-default is-cropped wp-block-gallery-2 is-layout-flex wp-block-gallery-is-layout-flex\">\n<figure class=\"wp-block-image size-full\"><img loading=\"lazy\" decoding=\"async\" width=\"1200\" height=\"800\" data-id=\"82635\" src=\"https:\/\/centcols.org\/wp-content\/uploads\/2025\/05\/6-discours-1.jpg\" alt=\"\" class=\"wp-image-82635\" srcset=\"https:\/\/centcols.org\/wp-content\/uploads\/2025\/05\/6-discours-1.jpg 1200w, https:\/\/centcols.org\/wp-content\/uploads\/2025\/05\/6-discours-1-768x512.jpg 768w\" sizes=\"auto, (max-width: 1200px) 100vw, 1200px\" \/><figcaption class=\"wp-element-caption\">Discorso di Jean Perdoux, presidente fondatore<\/figcaption><\/figure>\n\n\n\n<figure class=\"wp-block-image size-full\"><img loading=\"lazy\" decoding=\"async\" width=\"1200\" height=\"800\" data-id=\"82636\" src=\"https:\/\/centcols.org\/wp-content\/uploads\/2025\/05\/7-discours-2.jpg\" alt=\"\" class=\"wp-image-82636\" srcset=\"https:\/\/centcols.org\/wp-content\/uploads\/2025\/05\/7-discours-2.jpg 1200w, https:\/\/centcols.org\/wp-content\/uploads\/2025\/05\/7-discours-2-768x512.jpg 768w\" sizes=\"auto, (max-width: 1200px) 100vw, 1200px\" \/><figcaption class=\"wp-element-caption\">Discorso di Enrico Alberini, Presidente in carica<\/figcaption><\/figure>\n<\/figure>\n\n\n\n<h3 class=\"wp-block-heading\">Profili<\/h3>\n\n\n\n<div class=\"wp-block-media-text is-stacked-on-mobile\"><figure class=\"wp-block-media-text__media\"><img loading=\"lazy\" decoding=\"async\" width=\"596\" height=\"357\" src=\"https:\/\/centcols.org\/wp-content\/uploads\/2024\/05\/image-31.png\" alt=\"\" class=\"wp-image-83312 size-full\"\/><\/figure><div class=\"wp-block-media-text__content\">\n<p>Partenza : Vaulnaveys le Haut<br>Lunghezza: 10,90 km<br>Dislivello: 855 m<br>% Media: 7,84%<br>% Massimo: 10,2%<br><a href=\"http:\/\/Cols-cyclisme.com\">Cols-cyclisme.com<\/a><\/p>\n\n\n\n<p><em>Profilo del Col Luitel di Uriage.&nbsp;<\/em><\/p>\n<\/div><\/div>\n\n\n\n<div class=\"wp-block-media-text has-media-on-the-right is-stacked-on-mobile\"><div class=\"wp-block-media-text__content\">\n<p>Inizio : S\u00e9chilienne<br>Lunghezza: 10,30 km<br>Dislivello: 901 m<br>% Media: 8,75%<br>% Massimo: 14,3%<br><a href=\"https:\/\/www.cols-cyclisme.com\/belledonne\/france\/col-luitel-depuis-sechilienne-c102.htm\" target=\"_blank\" rel=\"noreferrer noopener\">Cols-cyclisme.com<\/a><\/p>\n\n\n\n<p><em>Profilo del Col Luitel di S\u00e9chilenne<\/em><\/p>\n<\/div><figure class=\"wp-block-media-text__media\"><img loading=\"lazy\" decoding=\"async\" width=\"606\" height=\"358\" src=\"https:\/\/centcols.org\/wp-content\/uploads\/2024\/05\/image-41.png\" alt=\"\" class=\"wp-image-83313 size-full\"\/><\/figure><\/div>\n\n\n\n<p class=\"has-medium-font-size\">E, infine, alcune immagini sul  <a href=\"https:\/\/photos.google.com\/share\/AF1QipO-WPhiqBe6q-hi6QVjOhEqKQ1Pp0Ww75PjJzLnOCE1UxwoZTioqhhI_4PyYAHLHQ?key=NnNuOUdPYkwyMHhSQ2xCX09MWWdVWmVkN2NpRmln\" target=\"_blank\" rel=\"noreferrer noopener\">COL LUITEL<\/a><\/p>\n\n\n\n<p class=\"has-text-align-right\"><em>Un articolo di G\u00e9rard Galland (e Bernard Giraudeau per la sezione geologia)<\/em><\/p>","protected":false},"excerpt":{"rendered":"<p>Le&nbsp;Col Luitel&nbsp;(FR-38-1262), Pour un membre du club de Cent Cols, ce nom d\u00e9clenche un \u00ab&nbsp;tilt&nbsp;\u00bb puisque ce nom est li\u00e9 \u00e0 la cr\u00e9ation de la confr\u00e9rie&nbsp;: c\u2019est apr\u00e8s avoir escalad\u00e9 ce col&nbsp; en 1970, que Jean Perdoux eut l\u2019id\u00e9e de cr\u00e9er&nbsp;: \u00ab&nbsp;Le Club des Cent Cols&nbsp;\u00bb &nbsp;avant d\u2019en \u00e9crire&nbsp; le r\u00e8glement en 1972. Pour un [&hellip;]<\/p>\n","protected":false},"author":58,"featured_media":83304,"comment_status":"closed","ping_status":"open","sticky":false,"template":"","format":"standard","meta":{"_acf_changed":false,"footnotes":""},"categories":[308],"tags":[],"class_list":["post-82624","post","type-post","status-publish","format-standard","has-post-thumbnail","hentry","category-cols-en-vrac"],"acf":[],"yoast_head":"<!-- This site is optimized with the Yoast SEO plugin v27.2 - https:\/\/yoast.com\/product\/yoast-seo-wordpress\/ -->\n<title>Le Col Luitel - Club des Cent Cols<\/title>\n<meta name=\"robots\" content=\"index, follow, max-snippet:-1, max-image-preview:large, max-video-preview:-1\" \/>\n<link rel=\"canonical\" href=\"https:\/\/centcols.org\/it\/il-passo-di-luitel\/\" \/>\n<meta property=\"og:locale\" content=\"it_IT\" \/>\n<meta property=\"og:type\" content=\"article\" \/>\n<meta property=\"og:title\" content=\"Le Col Luitel - Club des Cent Cols\" \/>\n<meta property=\"og:description\" content=\"Le&nbsp;Col Luitel&nbsp;(FR-38-1262), Pour un membre du club de Cent Cols, ce nom d\u00e9clenche un \u00ab&nbsp;tilt&nbsp;\u00bb puisque ce nom est li\u00e9 \u00e0 la cr\u00e9ation de la confr\u00e9rie&nbsp;: c\u2019est apr\u00e8s avoir escalad\u00e9 ce col&nbsp; en 1970, que Jean Perdoux eut l\u2019id\u00e9e de cr\u00e9er&nbsp;: \u00ab&nbsp;Le Club des Cent Cols&nbsp;\u00bb &nbsp;avant d\u2019en \u00e9crire&nbsp; le r\u00e8glement en 1972. Pour un [&hellip;]\" \/>\n<meta property=\"og:url\" content=\"https:\/\/centcols.org\/it\/il-passo-di-luitel\/\" \/>\n<meta property=\"og:site_name\" content=\"Club des Cent Cols\" \/>\n<meta property=\"article:publisher\" content=\"https:\/\/www.facebook.com\/groups\/5261880558\/?locale=fr_FR\" \/>\n<meta property=\"article:published_time\" content=\"2024-05-07T11:55:18+00:00\" \/>\n<meta property=\"article:modified_time\" content=\"2025-12-13T17:28:50+00:00\" \/>\n<meta property=\"og:image\" content=\"https:\/\/centcols.org\/wp-content\/uploads\/2024\/05\/Le-Lac-Luitel-P1000177-1200x8001-1.jpg\" \/>\n\t<meta property=\"og:image:width\" content=\"1200\" \/>\n\t<meta property=\"og:image:height\" content=\"800\" \/>\n\t<meta property=\"og:image:type\" content=\"image\/jpeg\" \/>\n<meta name=\"author\" content=\"Enrico Alberini\" \/>\n<meta name=\"twitter:card\" content=\"summary_large_image\" \/>\n<meta name=\"twitter:label1\" content=\"Scritto da\" \/>\n\t<meta name=\"twitter:data1\" content=\"Enrico Alberini\" \/>\n\t<meta name=\"twitter:label2\" content=\"Tempo di lettura stimato\" \/>\n\t<meta name=\"twitter:data2\" content=\"8 minuti\" \/>\n<script type=\"application\/ld+json\" class=\"yoast-schema-graph\">{\"@context\":\"https:\/\/schema.org\",\"@graph\":[{\"@type\":\"Article\",\"@id\":\"https:\/\/centcols.org\/le-col-luitel\/#article\",\"isPartOf\":{\"@id\":\"https:\/\/centcols.org\/le-col-luitel\/\"},\"author\":{\"name\":\"Enrico Alberini\",\"@id\":\"https:\/\/centcols.org\/#\/schema\/person\/86c3ec6889d88501a29fccac614bebf8\"},\"headline\":\"Le Col Luitel\",\"datePublished\":\"2024-05-07T11:55:18+00:00\",\"dateModified\":\"2025-12-13T17:28:50+00:00\",\"mainEntityOfPage\":{\"@id\":\"https:\/\/centcols.org\/le-col-luitel\/\"},\"wordCount\":1020,\"publisher\":{\"@id\":\"https:\/\/centcols.org\/#organization\"},\"image\":{\"@id\":\"https:\/\/centcols.org\/le-col-luitel\/#primaryimage\"},\"thumbnailUrl\":\"https:\/\/centcols.org\/wp-content\/uploads\/2024\/05\/Le-Lac-Luitel-P1000177-1200x8001-1.jpg\",\"articleSection\":[\"Cols en vrac\"],\"inLanguage\":\"it-IT\"},{\"@type\":\"WebPage\",\"@id\":\"https:\/\/centcols.org\/le-col-luitel\/\",\"url\":\"https:\/\/centcols.org\/le-col-luitel\/\",\"name\":\"Le Col Luitel - Club des Cent Cols\",\"isPartOf\":{\"@id\":\"https:\/\/centcols.org\/#website\"},\"primaryImageOfPage\":{\"@id\":\"https:\/\/centcols.org\/le-col-luitel\/#primaryimage\"},\"image\":{\"@id\":\"https:\/\/centcols.org\/le-col-luitel\/#primaryimage\"},\"thumbnailUrl\":\"https:\/\/centcols.org\/wp-content\/uploads\/2024\/05\/Le-Lac-Luitel-P1000177-1200x8001-1.jpg\",\"datePublished\":\"2024-05-07T11:55:18+00:00\",\"dateModified\":\"2025-12-13T17:28:50+00:00\",\"breadcrumb\":{\"@id\":\"https:\/\/centcols.org\/le-col-luitel\/#breadcrumb\"},\"inLanguage\":\"it-IT\",\"potentialAction\":[{\"@type\":\"ReadAction\",\"target\":[\"https:\/\/centcols.org\/le-col-luitel\/\"]}]},{\"@type\":\"ImageObject\",\"inLanguage\":\"it-IT\",\"@id\":\"https:\/\/centcols.org\/le-col-luitel\/#primaryimage\",\"url\":\"https:\/\/centcols.org\/wp-content\/uploads\/2024\/05\/Le-Lac-Luitel-P1000177-1200x8001-1.jpg\",\"contentUrl\":\"https:\/\/centcols.org\/wp-content\/uploads\/2024\/05\/Le-Lac-Luitel-P1000177-1200x8001-1.jpg\",\"width\":1200,\"height\":800},{\"@type\":\"BreadcrumbList\",\"@id\":\"https:\/\/centcols.org\/le-col-luitel\/#breadcrumb\",\"itemListElement\":[{\"@type\":\"ListItem\",\"position\":1,\"name\":\"Accueil\",\"item\":\"https:\/\/centcols.org\/\"},{\"@type\":\"ListItem\",\"position\":2,\"name\":\"Cols en vrac\",\"item\":\"https:\/\/centcols.org\/rubrique\/cols-en-vrac\/\"},{\"@type\":\"ListItem\",\"position\":3,\"name\":\"Le Col Luitel\"}]},{\"@type\":\"WebSite\",\"@id\":\"https:\/\/centcols.org\/#website\",\"url\":\"https:\/\/centcols.org\/\",\"name\":\"Club des Cent Cols\",\"description\":\"\",\"publisher\":{\"@id\":\"https:\/\/centcols.org\/#organization\"},\"potentialAction\":[{\"@type\":\"SearchAction\",\"target\":{\"@type\":\"EntryPoint\",\"urlTemplate\":\"https:\/\/centcols.org\/?s={search_term_string}\"},\"query-input\":{\"@type\":\"PropertyValueSpecification\",\"valueRequired\":true,\"valueName\":\"search_term_string\"}}],\"inLanguage\":\"it-IT\"},{\"@type\":\"Organization\",\"@id\":\"https:\/\/centcols.org\/#organization\",\"name\":\"Club des Cent Cols\",\"url\":\"https:\/\/centcols.org\/\",\"logo\":{\"@type\":\"ImageObject\",\"inLanguage\":\"it-IT\",\"@id\":\"https:\/\/centcols.org\/#\/schema\/logo\/image\/\",\"url\":\"https:\/\/centcols.org\/wp-content\/uploads\/2025\/01\/carte-icone.png\",\"contentUrl\":\"https:\/\/centcols.org\/wp-content\/uploads\/2025\/01\/carte-icone.png\",\"width\":250,\"height\":250,\"caption\":\"Club des Cent Cols\"},\"image\":{\"@id\":\"https:\/\/centcols.org\/#\/schema\/logo\/image\/\"},\"sameAs\":[\"https:\/\/www.facebook.com\/groups\/5261880558\/?locale=fr_FR\"]},{\"@type\":\"Person\",\"@id\":\"https:\/\/centcols.org\/#\/schema\/person\/86c3ec6889d88501a29fccac614bebf8\",\"name\":\"Enrico Alberini\",\"image\":{\"@type\":\"ImageObject\",\"inLanguage\":\"it-IT\",\"@id\":\"https:\/\/centcols.org\/wp-content\/litespeed\/avatar\/1b26e36a18d85acc8b0f860f9628213f.jpg?ver=1777240766\",\"url\":\"https:\/\/centcols.org\/wp-content\/litespeed\/avatar\/1b26e36a18d85acc8b0f860f9628213f.jpg?ver=1777240766\",\"contentUrl\":\"https:\/\/centcols.org\/wp-content\/litespeed\/avatar\/1b26e36a18d85acc8b0f860f9628213f.jpg?ver=1777240766\",\"caption\":\"Enrico Alberini\"},\"url\":\"https:\/\/centcols.org\/it\/author\/5065\/\"}]}<\/script>\n<!-- \/ Yoast SEO plugin. -->","yoast_head_json":{"title":"Col Luitel - Club des Cent Cols","robots":{"index":"index","follow":"follow","max-snippet":"max-snippet:-1","max-image-preview":"max-image-preview:large","max-video-preview":"max-video-preview:-1"},"canonical":"https:\/\/centcols.org\/it\/il-passo-di-luitel\/","og_locale":"it_IT","og_type":"article","og_title":"Le Col Luitel - Club des Cent Cols","og_description":"Le&nbsp;Col Luitel&nbsp;(FR-38-1262), Pour un membre du club de Cent Cols, ce nom d\u00e9clenche un \u00ab&nbsp;tilt&nbsp;\u00bb puisque ce nom est li\u00e9 \u00e0 la cr\u00e9ation de la confr\u00e9rie&nbsp;: c\u2019est apr\u00e8s avoir escalad\u00e9 ce col&nbsp; en 1970, que Jean Perdoux eut l\u2019id\u00e9e de cr\u00e9er&nbsp;: \u00ab&nbsp;Le Club des Cent Cols&nbsp;\u00bb &nbsp;avant d\u2019en \u00e9crire&nbsp; le r\u00e8glement en 1972. Pour un [&hellip;]","og_url":"https:\/\/centcols.org\/it\/il-passo-di-luitel\/","og_site_name":"Club des Cent Cols","article_publisher":"https:\/\/www.facebook.com\/groups\/5261880558\/?locale=fr_FR","article_published_time":"2024-05-07T11:55:18+00:00","article_modified_time":"2025-12-13T17:28:50+00:00","og_image":[{"width":1200,"height":800,"url":"https:\/\/centcols.org\/wp-content\/uploads\/2024\/05\/Le-Lac-Luitel-P1000177-1200x8001-1.jpg","type":"image\/jpeg"}],"author":"Enrico Alberini","twitter_card":"summary_large_image","twitter_misc":{"Scritto da":"Enrico Alberini","Tempo di lettura stimato":"8 minuti"},"schema":{"@context":"https:\/\/schema.org","@graph":[{"@type":"Article","@id":"https:\/\/centcols.org\/le-col-luitel\/#article","isPartOf":{"@id":"https:\/\/centcols.org\/le-col-luitel\/"},"author":{"name":"Enrico Alberini","@id":"https:\/\/centcols.org\/#\/schema\/person\/86c3ec6889d88501a29fccac614bebf8"},"headline":"Le Col Luitel","datePublished":"2024-05-07T11:55:18+00:00","dateModified":"2025-12-13T17:28:50+00:00","mainEntityOfPage":{"@id":"https:\/\/centcols.org\/le-col-luitel\/"},"wordCount":1020,"publisher":{"@id":"https:\/\/centcols.org\/#organization"},"image":{"@id":"https:\/\/centcols.org\/le-col-luitel\/#primaryimage"},"thumbnailUrl":"https:\/\/centcols.org\/wp-content\/uploads\/2024\/05\/Le-Lac-Luitel-P1000177-1200x8001-1.jpg","articleSection":["Cols en vrac"],"inLanguage":"it-IT"},{"@type":"WebPage","@id":"https:\/\/centcols.org\/le-col-luitel\/","url":"https:\/\/centcols.org\/le-col-luitel\/","name":"Col Luitel - Club des Cent Cols","isPartOf":{"@id":"https:\/\/centcols.org\/#website"},"primaryImageOfPage":{"@id":"https:\/\/centcols.org\/le-col-luitel\/#primaryimage"},"image":{"@id":"https:\/\/centcols.org\/le-col-luitel\/#primaryimage"},"thumbnailUrl":"https:\/\/centcols.org\/wp-content\/uploads\/2024\/05\/Le-Lac-Luitel-P1000177-1200x8001-1.jpg","datePublished":"2024-05-07T11:55:18+00:00","dateModified":"2025-12-13T17:28:50+00:00","breadcrumb":{"@id":"https:\/\/centcols.org\/le-col-luitel\/#breadcrumb"},"inLanguage":"it-IT","potentialAction":[{"@type":"ReadAction","target":["https:\/\/centcols.org\/le-col-luitel\/"]}]},{"@type":"ImageObject","inLanguage":"it-IT","@id":"https:\/\/centcols.org\/le-col-luitel\/#primaryimage","url":"https:\/\/centcols.org\/wp-content\/uploads\/2024\/05\/Le-Lac-Luitel-P1000177-1200x8001-1.jpg","contentUrl":"https:\/\/centcols.org\/wp-content\/uploads\/2024\/05\/Le-Lac-Luitel-P1000177-1200x8001-1.jpg","width":1200,"height":800},{"@type":"BreadcrumbList","@id":"https:\/\/centcols.org\/le-col-luitel\/#breadcrumb","itemListElement":[{"@type":"ListItem","position":1,"name":"Accueil","item":"https:\/\/centcols.org\/"},{"@type":"ListItem","position":2,"name":"Cols en vrac","item":"https:\/\/centcols.org\/rubrique\/cols-en-vrac\/"},{"@type":"ListItem","position":3,"name":"Le Col Luitel"}]},{"@type":"WebSite","@id":"https:\/\/centcols.org\/#website","url":"https:\/\/centcols.org\/","name":"Club des Cent Cols","description":"","publisher":{"@id":"https:\/\/centcols.org\/#organization"},"potentialAction":[{"@type":"SearchAction","target":{"@type":"EntryPoint","urlTemplate":"https:\/\/centcols.org\/?s={search_term_string}"},"query-input":{"@type":"PropertyValueSpecification","valueRequired":true,"valueName":"search_term_string"}}],"inLanguage":"it-IT"},{"@type":"Organization","@id":"https:\/\/centcols.org\/#organization","name":"Club des Cent Cols","url":"https:\/\/centcols.org\/","logo":{"@type":"ImageObject","inLanguage":"it-IT","@id":"https:\/\/centcols.org\/#\/schema\/logo\/image\/","url":"https:\/\/centcols.org\/wp-content\/uploads\/2025\/01\/carte-icone.png","contentUrl":"https:\/\/centcols.org\/wp-content\/uploads\/2025\/01\/carte-icone.png","width":250,"height":250,"caption":"Club des Cent Cols"},"image":{"@id":"https:\/\/centcols.org\/#\/schema\/logo\/image\/"},"sameAs":["https:\/\/www.facebook.com\/groups\/5261880558\/?locale=fr_FR"]},{"@type":"Person","@id":"https:\/\/centcols.org\/#\/schema\/person\/86c3ec6889d88501a29fccac614bebf8","name":"Enrico Alberini","image":{"@type":"ImageObject","inLanguage":"it-IT","@id":"https:\/\/centcols.org\/wp-content\/litespeed\/avatar\/1b26e36a18d85acc8b0f860f9628213f.jpg?ver=1777240766","url":"https:\/\/centcols.org\/wp-content\/litespeed\/avatar\/1b26e36a18d85acc8b0f860f9628213f.jpg?ver=1777240766","contentUrl":"https:\/\/centcols.org\/wp-content\/litespeed\/avatar\/1b26e36a18d85acc8b0f860f9628213f.jpg?ver=1777240766","caption":"Enrico Alberini"},"url":"https:\/\/centcols.org\/it\/author\/5065\/"}]}},"_links":{"self":[{"href":"https:\/\/centcols.org\/it\/wp-json\/wp\/v2\/posts\/82624","targetHints":{"allow":["GET"]}}],"collection":[{"href":"https:\/\/centcols.org\/it\/wp-json\/wp\/v2\/posts"}],"about":[{"href":"https:\/\/centcols.org\/it\/wp-json\/wp\/v2\/types\/post"}],"author":[{"embeddable":true,"href":"https:\/\/centcols.org\/it\/wp-json\/wp\/v2\/users\/58"}],"replies":[{"embeddable":true,"href":"https:\/\/centcols.org\/it\/wp-json\/wp\/v2\/comments?post=82624"}],"version-history":[{"count":0,"href":"https:\/\/centcols.org\/it\/wp-json\/wp\/v2\/posts\/82624\/revisions"}],"wp:featuredmedia":[{"embeddable":true,"href":"https:\/\/centcols.org\/it\/wp-json\/wp\/v2\/media\/83304"}],"wp:attachment":[{"href":"https:\/\/centcols.org\/it\/wp-json\/wp\/v2\/media?parent=82624"}],"wp:term":[{"taxonomy":"category","embeddable":true,"href":"https:\/\/centcols.org\/it\/wp-json\/wp\/v2\/categories?post=82624"},{"taxonomy":"post_tag","embeddable":true,"href":"https:\/\/centcols.org\/it\/wp-json\/wp\/v2\/tags?post=82624"}],"curies":[{"name":"wp","href":"https:\/\/api.w.org\/{rel}","templated":true}]}}