{"id":82654,"date":"2025-06-29T11:13:09","date_gmt":"2025-06-29T09:13:09","guid":{"rendered":"https:\/\/centcols.org\/rassemblement-ordre-des-cols-durs-club-des-cent-cols-compte-rendu\/"},"modified":"2025-09-09T13:31:34","modified_gmt":"2025-09-09T11:31:34","slug":"rassemblement-ordre-des-cols-durs-club-des-cent-cols-minutes","status":"publish","type":"post","link":"https:\/\/centcols.org\/it\/rassemblement-ordre-des-cols-durs-club-des-cent-cols-compte-rendu\/","title":{"rendered":"Domenica 6 ottobre, Pirenei, Cent Cols \/ Cols Durs"},"content":{"rendered":"\n<p>Col de Latrape (FR-09-1111)<br>Rendez-vous de 9 h 00 \u00e0 13 h 00.<\/p>\n\n\n\n<h2 class=\"wp-block-heading\">Contact<\/h2>\n\n\n\n<p>Alain Gillodes<br>T\u00e9l : +33 6 78 67 83 62 Mail : [email]&#97;&#x6c;&#x61;i&#110;&#x2e;g&#105;&#x6c;&#x6c;&#111;&#x64;&#x65;s&#64;&#x6f;r&#97;&#x6e;&#x67;&#101;&#x2e;&#x66;r[\/email]<\/p>\n\n\n\n<h2 class=\"wp-block-heading\">Compte-rendu<\/h2>\n\n\n\n<p>Ce dimanche 6 octobre 2024, malgr\u00e9 la pluie de la nuit, ils sont venus nombreux (une centaine de participants), au col de Latrape en Ari\u00e8ge, honorer ce trenti\u00e8me rendez-vous organis\u00e9 par le Club des cent Cols et l&rsquo;Ordre des Cols Durs, deux confr\u00e9ries qui pr\u00f4nent la pratique du v\u00e9lo en montagne.<\/p>\n\n\n\n<p class=\"has-small-font-size\">texte et photos : Alain Gillodes<\/p>\n\n\n<div class=\"wp-block-image\">\n<figure class=\"aligncenter size-full\"><a href=\"https:\/\/centcols.org\/wp-content\/uploads\/2025\/08\/concentration-ocd-ccc_octobre2024-03.jpg\"><img loading=\"lazy\" decoding=\"async\" width=\"800\" height=\"600\" src=\"https:\/\/centcols.org\/wp-content\/uploads\/2025\/08\/concentration-ocd-ccc_octobre2024-03.jpg\" alt=\"\" class=\"wp-image-88451\" srcset=\"https:\/\/centcols.org\/wp-content\/uploads\/2025\/08\/concentration-ocd-ccc_octobre2024-03.jpg 800w, https:\/\/centcols.org\/wp-content\/uploads\/2025\/08\/concentration-ocd-ccc_octobre2024-03-768x576.jpg 768w\" sizes=\"auto, (max-width: 800px) 100vw, 800px\" \/><\/a><\/figure>\n<\/div>\n\n\n<div style=\"height:25px\" aria-hidden=\"true\" class=\"wp-block-spacer\"><\/div>\n\n\n\n<figure class=\"wp-block-gallery has-nested-images columns-default is-cropped wp-block-gallery-1 is-layout-flex wp-block-gallery-is-layout-flex\">\n<figure class=\"wp-block-image size-full\"><a href=\"https:\/\/centcols.org\/wp-content\/uploads\/2025\/08\/concentration-ocd-ccc_octobre2024-04.jpg\"><img loading=\"lazy\" decoding=\"async\" width=\"800\" height=\"600\" data-id=\"88452\" src=\"https:\/\/centcols.org\/wp-content\/uploads\/2025\/08\/concentration-ocd-ccc_octobre2024-04.jpg\" alt=\"\" class=\"wp-image-88452\" srcset=\"https:\/\/centcols.org\/wp-content\/uploads\/2025\/08\/concentration-ocd-ccc_octobre2024-04.jpg 800w, https:\/\/centcols.org\/wp-content\/uploads\/2025\/08\/concentration-ocd-ccc_octobre2024-04-768x576.jpg 768w\" sizes=\"auto, (max-width: 800px) 100vw, 800px\" \/><\/a><figcaption class=\"wp-element-caption\">Accueil<\/figcaption><\/figure>\n\n\n\n<figure class=\"wp-block-image size-full\"><a href=\"https:\/\/centcols.org\/wp-content\/uploads\/2025\/08\/concentration-ocd-ccc_octobre2024-07.jpg\"><img loading=\"lazy\" decoding=\"async\" width=\"800\" height=\"450\" data-id=\"88453\" src=\"https:\/\/centcols.org\/wp-content\/uploads\/2025\/08\/concentration-ocd-ccc_octobre2024-07.jpg\" alt=\"\" class=\"wp-image-88453\" srcset=\"https:\/\/centcols.org\/wp-content\/uploads\/2025\/08\/concentration-ocd-ccc_octobre2024-07.jpg 800w, https:\/\/centcols.org\/wp-content\/uploads\/2025\/08\/concentration-ocd-ccc_octobre2024-07-768x432.jpg 768w\" sizes=\"auto, (max-width: 800px) 100vw, 800px\" \/><\/a><figcaption class=\"wp-element-caption\">Henri Bosc et Francis Touzeau<\/figcaption><\/figure>\n\n\n\n<figure class=\"wp-block-image size-full\"><a href=\"https:\/\/centcols.org\/wp-content\/uploads\/2025\/08\/concentration-ocd-ccc_octobre2024-06.jpg\"><img loading=\"lazy\" decoding=\"async\" width=\"800\" height=\"600\" data-id=\"88454\" src=\"https:\/\/centcols.org\/wp-content\/uploads\/2025\/08\/concentration-ocd-ccc_octobre2024-06.jpg\" alt=\"\" class=\"wp-image-88454\" srcset=\"https:\/\/centcols.org\/wp-content\/uploads\/2025\/08\/concentration-ocd-ccc_octobre2024-06.jpg 800w, https:\/\/centcols.org\/wp-content\/uploads\/2025\/08\/concentration-ocd-ccc_octobre2024-06-768x576.jpg 768w\" sizes=\"auto, (max-width: 800px) 100vw, 800px\" \/><\/a><figcaption class=\"wp-element-caption\">Ren\u00e9 Marty, Claude Mabillot et Serge Polloni<\/figcaption><\/figure>\n<\/figure>\n\n\n\n<figure class=\"wp-block-gallery has-nested-images columns-default is-cropped wp-block-gallery-2 is-layout-flex wp-block-gallery-is-layout-flex\">\n<figure class=\"wp-block-image size-full\"><a href=\"https:\/\/centcols.org\/wp-content\/uploads\/2025\/06\/concentration-ocd-ccc_octobre2024-11.jpg\"><img loading=\"lazy\" decoding=\"async\" width=\"800\" height=\"450\" data-id=\"88457\" src=\"https:\/\/centcols.org\/wp-content\/uploads\/2025\/06\/concentration-ocd-ccc_octobre2024-11.jpg\" alt=\"\" class=\"wp-image-88457\" srcset=\"https:\/\/centcols.org\/wp-content\/uploads\/2025\/06\/concentration-ocd-ccc_octobre2024-11.jpg 800w, https:\/\/centcols.org\/wp-content\/uploads\/2025\/06\/concentration-ocd-ccc_octobre2024-11-768x432.jpg 768w\" sizes=\"auto, (max-width: 800px) 100vw, 800px\" \/><\/a><figcaption class=\"wp-element-caption\">Ren\u00e9 Marty<\/figcaption><\/figure>\n\n\n\n<figure class=\"wp-block-image size-full\"><a href=\"https:\/\/centcols.org\/wp-content\/uploads\/2025\/08\/concentration-ocd-ccc_octobre2024-14.jpg\"><img loading=\"lazy\" decoding=\"async\" width=\"800\" height=\"600\" data-id=\"88455\" src=\"https:\/\/centcols.org\/wp-content\/uploads\/2025\/08\/concentration-ocd-ccc_octobre2024-14.jpg\" alt=\"\" class=\"wp-image-88455\" srcset=\"https:\/\/centcols.org\/wp-content\/uploads\/2025\/08\/concentration-ocd-ccc_octobre2024-14.jpg 800w, https:\/\/centcols.org\/wp-content\/uploads\/2025\/08\/concentration-ocd-ccc_octobre2024-14-768x576.jpg 768w\" sizes=\"auto, (max-width: 800px) 100vw, 800px\" \/><\/a><figcaption class=\"wp-element-caption\"> Guy Ruffi\u00e9<\/figcaption><\/figure>\n\n\n\n<figure class=\"wp-block-image size-full\"><a href=\"https:\/\/centcols.org\/wp-content\/uploads\/2025\/08\/concentration-ocd-ccc_octobre2024-02.jpg\"><img loading=\"lazy\" decoding=\"async\" width=\"600\" height=\"800\" data-id=\"88456\" src=\"https:\/\/centcols.org\/wp-content\/uploads\/2025\/08\/concentration-ocd-ccc_octobre2024-02.jpg\" alt=\"\" class=\"wp-image-88456\"\/><\/a><figcaption class=\"wp-element-caption\">Philippe F\u00e9e<\/figcaption><\/figure>\n<figcaption class=\"blocks-gallery-caption wp-element-caption\">Signature du livre d&rsquo;or<\/figcaption><\/figure>\n\n\n\n<p>Nous avons b\u00e9n\u00e9fici\u00e9 d&rsquo;une belle et douce (19\u00b0C) journ\u00e9e ensoleill\u00e9e. Les arriv\u00e9es se sont \u00e9chelonn\u00e9es de 10h et \u00e0 12 h 30, ce qui a permis aux participants de partager le pain et le verre de l&rsquo;amiti\u00e9, un moment de convivialit\u00e9 pour \u00e9changer sur leurs souvenirs et leurs projets. <\/p>\n\n\n\n<figure class=\"wp-block-gallery has-nested-images columns-default is-cropped wp-block-gallery-3 is-layout-flex wp-block-gallery-is-layout-flex\">\n<figure class=\"wp-block-image size-full\"><a href=\"https:\/\/centcols.org\/wp-content\/uploads\/2025\/08\/concentration-ocd-ccc_octobre2024-08.jpg\"><img loading=\"lazy\" decoding=\"async\" width=\"800\" height=\"450\" data-id=\"88460\" src=\"https:\/\/centcols.org\/wp-content\/uploads\/2025\/08\/concentration-ocd-ccc_octobre2024-08.jpg\" alt=\"\" class=\"wp-image-88460\" srcset=\"https:\/\/centcols.org\/wp-content\/uploads\/2025\/08\/concentration-ocd-ccc_octobre2024-08.jpg 800w, https:\/\/centcols.org\/wp-content\/uploads\/2025\/08\/concentration-ocd-ccc_octobre2024-08-768x432.jpg 768w\" sizes=\"auto, (max-width: 800px) 100vw, 800px\" \/><\/a><\/figure>\n\n\n\n<figure class=\"wp-block-image size-full\"><a href=\"https:\/\/centcols.org\/wp-content\/uploads\/2025\/08\/concentration-ocd-ccc_octobre2024-09.jpg\"><img loading=\"lazy\" decoding=\"async\" width=\"800\" height=\"450\" data-id=\"88461\" src=\"https:\/\/centcols.org\/wp-content\/uploads\/2025\/08\/concentration-ocd-ccc_octobre2024-09.jpg\" alt=\"\" class=\"wp-image-88461\" srcset=\"https:\/\/centcols.org\/wp-content\/uploads\/2025\/08\/concentration-ocd-ccc_octobre2024-09.jpg 800w, https:\/\/centcols.org\/wp-content\/uploads\/2025\/08\/concentration-ocd-ccc_octobre2024-09-768x432.jpg 768w\" sizes=\"auto, (max-width: 800px) 100vw, 800px\" \/><\/a><\/figure>\n<\/figure>\n\n\n\n<p>Il restait encore une cinquantaine de cyclos pour assister aux discours des organisateurs qui ont offert, pour terminer cette rencontre, de la blanquette ancestrale en guise d&rsquo;ap\u00e9ritif.<\/p>\n\n\n\n<figure class=\"wp-block-gallery has-nested-images columns-default is-cropped wp-block-gallery-4 is-layout-flex wp-block-gallery-is-layout-flex\">\n<figure class=\"wp-block-image size-full\"><img loading=\"lazy\" decoding=\"async\" width=\"800\" height=\"600\" data-id=\"88462\" src=\"https:\/\/centcols.org\/wp-content\/uploads\/2025\/08\/concentration-ocd-ccc_octobre2024-05.jpg\" alt=\"\" class=\"wp-image-88462\" srcset=\"https:\/\/centcols.org\/wp-content\/uploads\/2025\/08\/concentration-ocd-ccc_octobre2024-05.jpg 800w, https:\/\/centcols.org\/wp-content\/uploads\/2025\/08\/concentration-ocd-ccc_octobre2024-05-768x576.jpg 768w\" sizes=\"auto, (max-width: 800px) 100vw, 800px\" \/><figcaption class=\"wp-element-caption\">les Guy&rsquo;s (Ruffi\u00e9 et Chaurin)<\/figcaption><\/figure>\n\n\n\n<figure class=\"wp-block-image size-full\"><img loading=\"lazy\" decoding=\"async\" width=\"800\" height=\"450\" data-id=\"88463\" src=\"https:\/\/centcols.org\/wp-content\/uploads\/2025\/08\/concentration-ocd-ccc_octobre2024-10.jpg\" alt=\"\" class=\"wp-image-88463\" srcset=\"https:\/\/centcols.org\/wp-content\/uploads\/2025\/08\/concentration-ocd-ccc_octobre2024-10.jpg 800w, https:\/\/centcols.org\/wp-content\/uploads\/2025\/08\/concentration-ocd-ccc_octobre2024-10-768x432.jpg 768w\" sizes=\"auto, (max-width: 800px) 100vw, 800px\" \/><\/figure>\n<figcaption class=\"blocks-gallery-caption wp-element-caption\">Retrouvailles en attendant les discours<\/figcaption><\/figure>\n\n\n<div class=\"wp-block-image\">\n<figure class=\"aligncenter size-full is-resized\"><a href=\"https:\/\/centcols.org\/wp-content\/uploads\/2025\/08\/concentration-ocd-ccc_octobre2024-12.jpg\"><img loading=\"lazy\" decoding=\"async\" width=\"800\" height=\"600\" src=\"https:\/\/centcols.org\/wp-content\/uploads\/2025\/08\/concentration-ocd-ccc_octobre2024-12.jpg\" alt=\"\" class=\"wp-image-88464\" style=\"width:800px\" srcset=\"https:\/\/centcols.org\/wp-content\/uploads\/2025\/08\/concentration-ocd-ccc_octobre2024-12.jpg 800w, https:\/\/centcols.org\/wp-content\/uploads\/2025\/08\/concentration-ocd-ccc_octobre2024-12-768x576.jpg 768w\" sizes=\"auto, (max-width: 800px) 100vw, 800px\" \/><\/a><figcaption class=\"wp-element-caption\">Discours des maitres de c\u00e9r\u00e9monie<\/figcaption><\/figure>\n<\/div>\n\n\n<figure class=\"wp-block-gallery aligncenter has-nested-images columns-default is-cropped wp-block-gallery-5 is-layout-flex wp-block-gallery-is-layout-flex\">\n<figure class=\"wp-block-image size-full\"><a href=\"https:\/\/centcols.org\/wp-content\/uploads\/2025\/08\/concentration-ocd-ccc_octobre2024-16.jpg\"><img loading=\"lazy\" decoding=\"async\" width=\"800\" height=\"600\" data-id=\"88465\" src=\"https:\/\/centcols.org\/wp-content\/uploads\/2025\/08\/concentration-ocd-ccc_octobre2024-16.jpg\" alt=\"\" class=\"wp-image-88465\" srcset=\"https:\/\/centcols.org\/wp-content\/uploads\/2025\/08\/concentration-ocd-ccc_octobre2024-16.jpg 800w, https:\/\/centcols.org\/wp-content\/uploads\/2025\/08\/concentration-ocd-ccc_octobre2024-16-768x576.jpg 768w\" sizes=\"auto, (max-width: 800px) 100vw, 800px\" \/><\/a><\/figure>\n\n\n\n<figure class=\"wp-block-image size-full\"><a href=\"https:\/\/centcols.org\/wp-content\/uploads\/2025\/08\/concentration-ocd-ccc_octobre2024-15.jpg\"><img loading=\"lazy\" decoding=\"async\" width=\"800\" height=\"600\" data-id=\"88466\" src=\"https:\/\/centcols.org\/wp-content\/uploads\/2025\/08\/concentration-ocd-ccc_octobre2024-15.jpg\" alt=\"\" class=\"wp-image-88466\" srcset=\"https:\/\/centcols.org\/wp-content\/uploads\/2025\/08\/concentration-ocd-ccc_octobre2024-15.jpg 800w, https:\/\/centcols.org\/wp-content\/uploads\/2025\/08\/concentration-ocd-ccc_octobre2024-15-768x576.jpg 768w\" sizes=\"auto, (max-width: 800px) 100vw, 800px\" \/><\/a><\/figure>\n\n\n\n<figure class=\"wp-block-image size-full\"><a href=\"https:\/\/centcols.org\/wp-content\/uploads\/2025\/08\/concentration-ocd-ccc_octobre2024-17.jpg\"><img loading=\"lazy\" decoding=\"async\" width=\"800\" height=\"600\" data-id=\"88467\" src=\"https:\/\/centcols.org\/wp-content\/uploads\/2025\/08\/concentration-ocd-ccc_octobre2024-17.jpg\" alt=\"\" class=\"wp-image-88467\" srcset=\"https:\/\/centcols.org\/wp-content\/uploads\/2025\/08\/concentration-ocd-ccc_octobre2024-17.jpg 800w, https:\/\/centcols.org\/wp-content\/uploads\/2025\/08\/concentration-ocd-ccc_octobre2024-17-768x576.jpg 768w\" sizes=\"auto, (max-width: 800px) 100vw, 800px\" \/><\/a><\/figure>\n<figcaption class=\"blocks-gallery-caption wp-element-caption\">devant un public attentif<\/figcaption><\/figure>\n\n\n<div class=\"wp-block-image\">\n<figure class=\"aligncenter size-full is-resized\"><img loading=\"lazy\" decoding=\"async\" width=\"800\" height=\"600\" src=\"https:\/\/centcols.org\/wp-content\/uploads\/2025\/08\/concentration-ocd-ccc_octobre2024-13.jpg\" alt=\"\" class=\"wp-image-88468\" style=\"width:800px\" srcset=\"https:\/\/centcols.org\/wp-content\/uploads\/2025\/08\/concentration-ocd-ccc_octobre2024-13.jpg 800w, https:\/\/centcols.org\/wp-content\/uploads\/2025\/08\/concentration-ocd-ccc_octobre2024-13-768x576.jpg 768w\" sizes=\"auto, (max-width: 800px) 100vw, 800px\" \/><\/figure>\n<\/div>\n\n\n<p>Parmi les nombreux cyclos on a not\u00e9, entre autres, la pr\u00e9sence d&rsquo;Henri Bosc venu de Bordeaux, le cent cols le plus \u00e2g\u00e9, de Maxime Odemer,10 ans, le cent cols le plus jeune, du pr\u00e9sident du CoDep 31 Michel Fontayne et du r\u00e9dacteur en chef de la revue Cyclotourisme Michel Savarin.<\/p>\n\n\n<div class=\"wp-block-image\">\n<figure class=\"aligncenter size-full is-resized\"><a href=\"https:\/\/centcols.org\/wp-content\/uploads\/2025\/08\/concentration-ocd-ccc_octobre2024-18.jpg\"><img loading=\"lazy\" decoding=\"async\" width=\"800\" height=\"600\" src=\"https:\/\/centcols.org\/wp-content\/uploads\/2025\/08\/concentration-ocd-ccc_octobre2024-18.jpg\" alt=\"\" class=\"wp-image-88471\" style=\"width:800px\" srcset=\"https:\/\/centcols.org\/wp-content\/uploads\/2025\/08\/concentration-ocd-ccc_octobre2024-18.jpg 800w, https:\/\/centcols.org\/wp-content\/uploads\/2025\/08\/concentration-ocd-ccc_octobre2024-18-768x576.jpg 768w\" sizes=\"auto, (max-width: 800px) 100vw, 800px\" \/><\/a><figcaption class=\"wp-element-caption\">Au-revoir !<\/figcaption><\/figure>\n<\/div>\n\n\n<figure class=\"wp-block-image size-full\"><img loading=\"lazy\" decoding=\"async\" width=\"1200\" height=\"900\" src=\"https:\/\/centcols.org\/wp-content\/uploads\/2025\/08\/P1022409-1200x900-1.jpg\" alt=\"\" class=\"wp-image-88477\" srcset=\"https:\/\/centcols.org\/wp-content\/uploads\/2025\/08\/P1022409-1200x900-1.jpg 1200w, https:\/\/centcols.org\/wp-content\/uploads\/2025\/08\/P1022409-1200x900-1-768x576.jpg 768w\" sizes=\"auto, (max-width: 1200px) 100vw, 1200px\" \/><\/figure>\n\n\n\n<p>D&rsquo;autres images : <a href=\"https:\/\/photos.app.goo.gl\/6JeESMQRa9J8HAnx8\" target=\"_blank\" rel=\"noreferrer noopener\">https:\/\/photos.app.goo.gl\/6JeESMQRa9J8HAnx8<\/a><\/p>\n","protected":false},"excerpt":{"rendered":"<p>Col de Latrape (FR-09-1111)Rendez-vous de 9 h 00 \u00e0 13 h 00. Contact Alain GillodesT\u00e9l : +33 6 78 67 83 62 Mail : [email]&#x61;&#x6c;&#x61;&#x69;&#110;&#46;&#103;&#105;llo&#x64;&#x65;&#x73;&#x40;&#x6f;&#114;&#97;&#110;ge&#46;&#x66;&#x72;[\/email] Compte-rendu Ce dimanche 6 octobre 2024, malgr\u00e9 la pluie de la nuit, ils sont venus nombreux (une centaine de participants), au col de Latrape en Ari\u00e8ge, honorer ce trenti\u00e8me rendez-vous [&hellip;]<\/p>\n","protected":false},"author":3,"featured_media":82655,"comment_status":"open","ping_status":"open","sticky":false,"template":"","format":"standard","meta":{"_acf_changed":false,"footnotes":""},"categories":[311,135,216],"tags":[],"class_list":["post-82654","post","type-post","status-publish","format-standard","has-post-thumbnail","hentry","category-les-rassemblements-de-2024","category-calendrier","category-rencontres-regionales"],"acf":[],"yoast_head":"<!-- This site is optimized with the Yoast SEO plugin v27.2 - https:\/\/yoast.com\/product\/yoast-seo-wordpress\/ -->\n<title>Dimanche 6 octobre, Pyr\u00e9n\u00e9es, Cent Cols \/ Cols Durs - Club des Cent Cols<\/title>\n<meta name=\"robots\" content=\"index, follow, max-snippet:-1, max-image-preview:large, max-video-preview:-1\" \/>\n<link rel=\"canonical\" href=\"https:\/\/centcols.org\/it\/rassemblement-ordre-des-cols-durs-club-des-cent-cols-minutes\/\" \/>\n<meta property=\"og:locale\" content=\"it_IT\" \/>\n<meta property=\"og:type\" content=\"article\" \/>\n<meta property=\"og:title\" content=\"Dimanche 6 octobre, Pyr\u00e9n\u00e9es, Cent Cols \/ Cols Durs - Club des Cent Cols\" \/>\n<meta property=\"og:description\" content=\"Col de Latrape (FR-09-1111)Rendez-vous de 9 h 00 \u00e0 13 h 00. Contact Alain GillodesT\u00e9l : +33 6 78 67 83 62 Mail : [email]&#x61;&#x6c;&#097;&#105;n&#046;&#x67;&#x69;&#x6c;&#108;od&#x65;&#x73;&#x40;&#111;&#114;a&#x6e;&#x67;&#x65;&#046;&#102;r[\/email] Compte-rendu Ce dimanche 6 octobre 2024, malgr\u00e9 la pluie de la nuit, ils sont venus nombreux (une centaine de participants), au col de Latrape en Ari\u00e8ge, honorer ce trenti\u00e8me rendez-vous [&hellip;]\" \/>\n<meta property=\"og:url\" content=\"https:\/\/centcols.org\/it\/rassemblement-ordre-des-cols-durs-club-des-cent-cols-minutes\/\" \/>\n<meta property=\"og:site_name\" content=\"Club des Cent Cols\" \/>\n<meta property=\"article:publisher\" content=\"https:\/\/www.facebook.com\/groups\/5261880558\/?locale=fr_FR\" \/>\n<meta property=\"article:published_time\" content=\"2025-06-29T09:13:09+00:00\" \/>\n<meta property=\"article:modified_time\" content=\"2025-09-09T11:31:34+00:00\" \/>\n<meta property=\"og:image\" content=\"https:\/\/centcols.org\/wp-content\/uploads\/2025\/05\/cocentration-ocd-ccc_octobre2024-03.jpg\" \/>\n\t<meta property=\"og:image:width\" content=\"800\" \/>\n\t<meta property=\"og:image:height\" content=\"600\" \/>\n\t<meta property=\"og:image:type\" content=\"image\/jpeg\" \/>\n<meta name=\"author\" content=\"Webmestre\" \/>\n<meta name=\"twitter:card\" content=\"summary_large_image\" \/>\n<meta name=\"twitter:label1\" content=\"Scritto da\" \/>\n\t<meta name=\"twitter:data1\" content=\"Webmestre\" \/>\n\t<meta name=\"twitter:label2\" content=\"Tempo di lettura stimato\" \/>\n\t<meta name=\"twitter:data2\" content=\"6 minuti\" \/>\n<script type=\"application\/ld+json\" class=\"yoast-schema-graph\">{\"@context\":\"https:\/\/schema.org\",\"@graph\":[{\"@type\":\"Article\",\"@id\":\"https:\/\/centcols.org\/rassemblement-ordre-des-cols-durs-club-des-cent-cols-compte-rendu\/#article\",\"isPartOf\":{\"@id\":\"https:\/\/centcols.org\/rassemblement-ordre-des-cols-durs-club-des-cent-cols-compte-rendu\/\"},\"author\":{\"name\":\"Webmestre\",\"@id\":\"https:\/\/centcols.org\/#\/schema\/person\/911b404fb133d8c913dd27cdcf71c8e5\"},\"headline\":\"Dimanche 6 octobre, Pyr\u00e9n\u00e9es, Cent Cols \/ Cols Durs\",\"datePublished\":\"2025-06-29T09:13:09+00:00\",\"dateModified\":\"2025-09-09T11:31:34+00:00\",\"mainEntityOfPage\":{\"@id\":\"https:\/\/centcols.org\/rassemblement-ordre-des-cols-durs-club-des-cent-cols-compte-rendu\/\"},\"wordCount\":285,\"commentCount\":0,\"publisher\":{\"@id\":\"https:\/\/centcols.org\/#organization\"},\"image\":{\"@id\":\"https:\/\/centcols.org\/rassemblement-ordre-des-cols-durs-club-des-cent-cols-compte-rendu\/#primaryimage\"},\"thumbnailUrl\":\"https:\/\/centcols.org\/wp-content\/uploads\/2025\/05\/cocentration-ocd-ccc_octobre2024-03.jpg\",\"articleSection\":[\"2024-rassemblements\",\"Calendrier\",\"Rencontres r\u00e9gionales\"],\"inLanguage\":\"it-IT\",\"potentialAction\":[{\"@type\":\"CommentAction\",\"name\":\"Comment\",\"target\":[\"https:\/\/centcols.org\/rassemblement-ordre-des-cols-durs-club-des-cent-cols-compte-rendu\/#respond\"]}]},{\"@type\":\"WebPage\",\"@id\":\"https:\/\/centcols.org\/rassemblement-ordre-des-cols-durs-club-des-cent-cols-compte-rendu\/\",\"url\":\"https:\/\/centcols.org\/rassemblement-ordre-des-cols-durs-club-des-cent-cols-compte-rendu\/\",\"name\":\"Dimanche 6 octobre, Pyr\u00e9n\u00e9es, Cent Cols \/ Cols Durs - Club des Cent Cols\",\"isPartOf\":{\"@id\":\"https:\/\/centcols.org\/#website\"},\"primaryImageOfPage\":{\"@id\":\"https:\/\/centcols.org\/rassemblement-ordre-des-cols-durs-club-des-cent-cols-compte-rendu\/#primaryimage\"},\"image\":{\"@id\":\"https:\/\/centcols.org\/rassemblement-ordre-des-cols-durs-club-des-cent-cols-compte-rendu\/#primaryimage\"},\"thumbnailUrl\":\"https:\/\/centcols.org\/wp-content\/uploads\/2025\/05\/cocentration-ocd-ccc_octobre2024-03.jpg\",\"datePublished\":\"2025-06-29T09:13:09+00:00\",\"dateModified\":\"2025-09-09T11:31:34+00:00\",\"breadcrumb\":{\"@id\":\"https:\/\/centcols.org\/rassemblement-ordre-des-cols-durs-club-des-cent-cols-compte-rendu\/#breadcrumb\"},\"inLanguage\":\"it-IT\",\"potentialAction\":[{\"@type\":\"ReadAction\",\"target\":[\"https:\/\/centcols.org\/rassemblement-ordre-des-cols-durs-club-des-cent-cols-compte-rendu\/\"]}]},{\"@type\":\"ImageObject\",\"inLanguage\":\"it-IT\",\"@id\":\"https:\/\/centcols.org\/rassemblement-ordre-des-cols-durs-club-des-cent-cols-compte-rendu\/#primaryimage\",\"url\":\"https:\/\/centcols.org\/wp-content\/uploads\/2025\/05\/cocentration-ocd-ccc_octobre2024-03.jpg\",\"contentUrl\":\"https:\/\/centcols.org\/wp-content\/uploads\/2025\/05\/cocentration-ocd-ccc_octobre2024-03.jpg\",\"width\":800,\"height\":600},{\"@type\":\"BreadcrumbList\",\"@id\":\"https:\/\/centcols.org\/rassemblement-ordre-des-cols-durs-club-des-cent-cols-compte-rendu\/#breadcrumb\",\"itemListElement\":[{\"@type\":\"ListItem\",\"position\":1,\"name\":\"Accueil\",\"item\":\"https:\/\/centcols.org\/\"},{\"@type\":\"ListItem\",\"position\":2,\"name\":\"Rencontres r\u00e9gionales\",\"item\":\"https:\/\/centcols.org\/rubrique\/rencontres-regionales\/\"},{\"@type\":\"ListItem\",\"position\":3,\"name\":\"Dimanche 6 octobre, Pyr\u00e9n\u00e9es, Cent Cols \/ Cols Durs\"}]},{\"@type\":\"WebSite\",\"@id\":\"https:\/\/centcols.org\/#website\",\"url\":\"https:\/\/centcols.org\/\",\"name\":\"Club des Cent Cols\",\"description\":\"\",\"publisher\":{\"@id\":\"https:\/\/centcols.org\/#organization\"},\"potentialAction\":[{\"@type\":\"SearchAction\",\"target\":{\"@type\":\"EntryPoint\",\"urlTemplate\":\"https:\/\/centcols.org\/?s={search_term_string}\"},\"query-input\":{\"@type\":\"PropertyValueSpecification\",\"valueRequired\":true,\"valueName\":\"search_term_string\"}}],\"inLanguage\":\"it-IT\"},{\"@type\":\"Organization\",\"@id\":\"https:\/\/centcols.org\/#organization\",\"name\":\"Club des Cent Cols\",\"url\":\"https:\/\/centcols.org\/\",\"logo\":{\"@type\":\"ImageObject\",\"inLanguage\":\"it-IT\",\"@id\":\"https:\/\/centcols.org\/#\/schema\/logo\/image\/\",\"url\":\"https:\/\/centcols.org\/wp-content\/uploads\/2025\/01\/carte-icone.png\",\"contentUrl\":\"https:\/\/centcols.org\/wp-content\/uploads\/2025\/01\/carte-icone.png\",\"width\":250,\"height\":250,\"caption\":\"Club des Cent Cols\"},\"image\":{\"@id\":\"https:\/\/centcols.org\/#\/schema\/logo\/image\/\"},\"sameAs\":[\"https:\/\/www.facebook.com\/groups\/5261880558\/?locale=fr_FR\"]},{\"@type\":\"Person\",\"@id\":\"https:\/\/centcols.org\/#\/schema\/person\/911b404fb133d8c913dd27cdcf71c8e5\",\"name\":\"Webmestre\",\"image\":{\"@type\":\"ImageObject\",\"inLanguage\":\"it-IT\",\"@id\":\"https:\/\/centcols.org\/wp-content\/litespeed\/avatar\/2d246e4b6b4f773e08515e1ffc53690b.jpg?ver=1777222892\",\"url\":\"https:\/\/centcols.org\/wp-content\/litespeed\/avatar\/2d246e4b6b4f773e08515e1ffc53690b.jpg?ver=1777222892\",\"contentUrl\":\"https:\/\/centcols.org\/wp-content\/litespeed\/avatar\/2d246e4b6b4f773e08515e1ffc53690b.jpg?ver=1777222892\",\"caption\":\"Webmestre\"},\"url\":\"https:\/\/centcols.org\/it\/author\/webmestre\/\"}]}<\/script>\n<!-- \/ Yoast SEO plugin. -->","yoast_head_json":{"title":"Domenica 6 ottobre, Pirenei, Cent Cols \/ Cols Durs - Club des Cent Cols","robots":{"index":"index","follow":"follow","max-snippet":"max-snippet:-1","max-image-preview":"max-image-preview:large","max-video-preview":"max-video-preview:-1"},"canonical":"https:\/\/centcols.org\/it\/rassemblement-ordre-des-cols-durs-club-des-cent-cols-minutes\/","og_locale":"it_IT","og_type":"article","og_title":"Dimanche 6 octobre, Pyr\u00e9n\u00e9es, Cent Cols \/ Cols Durs - Club des Cent Cols","og_description":"Col de Latrape (FR-09-1111)Rendez-vous de 9 h 00 \u00e0 13 h 00. Contact Alain GillodesT\u00e9l : +33 6 78 67 83 62 Mail : [email]&#x61;&#x6c;&#97;&#105;n&#46;&#x67;&#x69;&#x6c;&#108;od&#x65;&#x73;&#x40;&#111;&#114;a&#x6e;&#x67;&#x65;&#46;&#102;r[\/email] Compte-rendu Ce dimanche 6 octobre 2024, malgr\u00e9 la pluie de la nuit, ils sont venus nombreux (une centaine de participants), au col de Latrape en Ari\u00e8ge, honorer ce trenti\u00e8me rendez-vous [&hellip;]","og_url":"https:\/\/centcols.org\/it\/rassemblement-ordre-des-cols-durs-club-des-cent-cols-minutes\/","og_site_name":"Club des Cent Cols","article_publisher":"https:\/\/www.facebook.com\/groups\/5261880558\/?locale=fr_FR","article_published_time":"2025-06-29T09:13:09+00:00","article_modified_time":"2025-09-09T11:31:34+00:00","og_image":[{"width":800,"height":600,"url":"https:\/\/centcols.org\/wp-content\/uploads\/2025\/05\/cocentration-ocd-ccc_octobre2024-03.jpg","type":"image\/jpeg"}],"author":"Webmestre","twitter_card":"summary_large_image","twitter_misc":{"Scritto da":"Webmestre","Tempo di lettura stimato":"6 minuti"},"schema":{"@context":"https:\/\/schema.org","@graph":[{"@type":"Article","@id":"https:\/\/centcols.org\/rassemblement-ordre-des-cols-durs-club-des-cent-cols-compte-rendu\/#article","isPartOf":{"@id":"https:\/\/centcols.org\/rassemblement-ordre-des-cols-durs-club-des-cent-cols-compte-rendu\/"},"author":{"name":"Webmestre","@id":"https:\/\/centcols.org\/#\/schema\/person\/911b404fb133d8c913dd27cdcf71c8e5"},"headline":"Dimanche 6 octobre, Pyr\u00e9n\u00e9es, Cent Cols \/ Cols Durs","datePublished":"2025-06-29T09:13:09+00:00","dateModified":"2025-09-09T11:31:34+00:00","mainEntityOfPage":{"@id":"https:\/\/centcols.org\/rassemblement-ordre-des-cols-durs-club-des-cent-cols-compte-rendu\/"},"wordCount":285,"commentCount":0,"publisher":{"@id":"https:\/\/centcols.org\/#organization"},"image":{"@id":"https:\/\/centcols.org\/rassemblement-ordre-des-cols-durs-club-des-cent-cols-compte-rendu\/#primaryimage"},"thumbnailUrl":"https:\/\/centcols.org\/wp-content\/uploads\/2025\/05\/cocentration-ocd-ccc_octobre2024-03.jpg","articleSection":["2024-rassemblements","Calendrier","Rencontres r\u00e9gionales"],"inLanguage":"it-IT","potentialAction":[{"@type":"CommentAction","name":"Comment","target":["https:\/\/centcols.org\/rassemblement-ordre-des-cols-durs-club-des-cent-cols-compte-rendu\/#respond"]}]},{"@type":"WebPage","@id":"https:\/\/centcols.org\/rassemblement-ordre-des-cols-durs-club-des-cent-cols-compte-rendu\/","url":"https:\/\/centcols.org\/rassemblement-ordre-des-cols-durs-club-des-cent-cols-compte-rendu\/","name":"Domenica 6 ottobre, Pirenei, Cent Cols \/ Cols Durs - Club des Cent Cols","isPartOf":{"@id":"https:\/\/centcols.org\/#website"},"primaryImageOfPage":{"@id":"https:\/\/centcols.org\/rassemblement-ordre-des-cols-durs-club-des-cent-cols-compte-rendu\/#primaryimage"},"image":{"@id":"https:\/\/centcols.org\/rassemblement-ordre-des-cols-durs-club-des-cent-cols-compte-rendu\/#primaryimage"},"thumbnailUrl":"https:\/\/centcols.org\/wp-content\/uploads\/2025\/05\/cocentration-ocd-ccc_octobre2024-03.jpg","datePublished":"2025-06-29T09:13:09+00:00","dateModified":"2025-09-09T11:31:34+00:00","breadcrumb":{"@id":"https:\/\/centcols.org\/rassemblement-ordre-des-cols-durs-club-des-cent-cols-compte-rendu\/#breadcrumb"},"inLanguage":"it-IT","potentialAction":[{"@type":"ReadAction","target":["https:\/\/centcols.org\/rassemblement-ordre-des-cols-durs-club-des-cent-cols-compte-rendu\/"]}]},{"@type":"ImageObject","inLanguage":"it-IT","@id":"https:\/\/centcols.org\/rassemblement-ordre-des-cols-durs-club-des-cent-cols-compte-rendu\/#primaryimage","url":"https:\/\/centcols.org\/wp-content\/uploads\/2025\/05\/cocentration-ocd-ccc_octobre2024-03.jpg","contentUrl":"https:\/\/centcols.org\/wp-content\/uploads\/2025\/05\/cocentration-ocd-ccc_octobre2024-03.jpg","width":800,"height":600},{"@type":"BreadcrumbList","@id":"https:\/\/centcols.org\/rassemblement-ordre-des-cols-durs-club-des-cent-cols-compte-rendu\/#breadcrumb","itemListElement":[{"@type":"ListItem","position":1,"name":"Accueil","item":"https:\/\/centcols.org\/"},{"@type":"ListItem","position":2,"name":"Rencontres r\u00e9gionales","item":"https:\/\/centcols.org\/rubrique\/rencontres-regionales\/"},{"@type":"ListItem","position":3,"name":"Dimanche 6 octobre, Pyr\u00e9n\u00e9es, Cent Cols \/ Cols Durs"}]},{"@type":"WebSite","@id":"https:\/\/centcols.org\/#website","url":"https:\/\/centcols.org\/","name":"Club des Cent Cols","description":"","publisher":{"@id":"https:\/\/centcols.org\/#organization"},"potentialAction":[{"@type":"SearchAction","target":{"@type":"EntryPoint","urlTemplate":"https:\/\/centcols.org\/?s={search_term_string}"},"query-input":{"@type":"PropertyValueSpecification","valueRequired":true,"valueName":"search_term_string"}}],"inLanguage":"it-IT"},{"@type":"Organization","@id":"https:\/\/centcols.org\/#organization","name":"Club des Cent Cols","url":"https:\/\/centcols.org\/","logo":{"@type":"ImageObject","inLanguage":"it-IT","@id":"https:\/\/centcols.org\/#\/schema\/logo\/image\/","url":"https:\/\/centcols.org\/wp-content\/uploads\/2025\/01\/carte-icone.png","contentUrl":"https:\/\/centcols.org\/wp-content\/uploads\/2025\/01\/carte-icone.png","width":250,"height":250,"caption":"Club des Cent Cols"},"image":{"@id":"https:\/\/centcols.org\/#\/schema\/logo\/image\/"},"sameAs":["https:\/\/www.facebook.com\/groups\/5261880558\/?locale=fr_FR"]},{"@type":"Person","@id":"https:\/\/centcols.org\/#\/schema\/person\/911b404fb133d8c913dd27cdcf71c8e5","name":"Webmaster","image":{"@type":"ImageObject","inLanguage":"it-IT","@id":"https:\/\/centcols.org\/wp-content\/litespeed\/avatar\/2d246e4b6b4f773e08515e1ffc53690b.jpg?ver=1777222892","url":"https:\/\/centcols.org\/wp-content\/litespeed\/avatar\/2d246e4b6b4f773e08515e1ffc53690b.jpg?ver=1777222892","contentUrl":"https:\/\/centcols.org\/wp-content\/litespeed\/avatar\/2d246e4b6b4f773e08515e1ffc53690b.jpg?ver=1777222892","caption":"Webmestre"},"url":"https:\/\/centcols.org\/it\/author\/webmestre\/"}]}},"_links":{"self":[{"href":"https:\/\/centcols.org\/it\/wp-json\/wp\/v2\/posts\/82654","targetHints":{"allow":["GET"]}}],"collection":[{"href":"https:\/\/centcols.org\/it\/wp-json\/wp\/v2\/posts"}],"about":[{"href":"https:\/\/centcols.org\/it\/wp-json\/wp\/v2\/types\/post"}],"author":[{"embeddable":true,"href":"https:\/\/centcols.org\/it\/wp-json\/wp\/v2\/users\/3"}],"replies":[{"embeddable":true,"href":"https:\/\/centcols.org\/it\/wp-json\/wp\/v2\/comments?post=82654"}],"version-history":[{"count":0,"href":"https:\/\/centcols.org\/it\/wp-json\/wp\/v2\/posts\/82654\/revisions"}],"wp:featuredmedia":[{"embeddable":true,"href":"https:\/\/centcols.org\/it\/wp-json\/wp\/v2\/media\/82655"}],"wp:attachment":[{"href":"https:\/\/centcols.org\/it\/wp-json\/wp\/v2\/media?parent=82654"}],"wp:term":[{"taxonomy":"category","embeddable":true,"href":"https:\/\/centcols.org\/it\/wp-json\/wp\/v2\/categories?post=82654"},{"taxonomy":"post_tag","embeddable":true,"href":"https:\/\/centcols.org\/it\/wp-json\/wp\/v2\/tags?post=82654"}],"curies":[{"name":"wp","href":"https:\/\/api.w.org\/{rel}","templated":true}]}}