{"id":82715,"date":"2025-01-24T09:25:24","date_gmt":"2025-01-24T07:25:24","guid":{"rendered":"https:\/\/centcols.org\/raduno-italiano-samedi-31-mai-et-dimanche-1er-juin-2025\/"},"modified":"2025-09-09T13:32:25","modified_gmt":"2025-09-09T11:32:25","slug":"raduno-italiano-sabato-31-maggio-e-domenica-1-giugno-2025","status":"publish","type":"post","link":"https:\/\/centcols.org\/it\/raduno-italiano-samedi-31-mai-et-dimanche-1er-juin-2025\/","title":{"rendered":"Raduno Italiano - Sabato 31 maggio e domenica 1 giugno 2025"},"content":{"rendered":"\n<p>Le rassemblement italien 2025 aura lieu \u00e0 SANGANO (TO), \u00e0 l\u2019adresse suivante :<br>Hotel San Giorgio<br>Via San Giorgio 41<br>10090SANGANO (TO), Italy<br>+39 0119084684<\/p>\n\n\n\n<p><a href=\"javascript:;\">&#x69;&#110;f&#x6f;&#64;s&#x67;&#104;&#46;&#x69;&#116;<\/a>&nbsp;<br><a href=\"http:\/\/www.sgh.it\/\">www.sgh.it<\/a>&nbsp;<\/p>\n\n\n\n<p>Les r\u00e9servations doivent \u00eatre effectu\u00e9es par les participants au Raduno aux conditions suivantes convenues avec le Club des Cent Cols (\u00e0 mentionner lors de la r\u00e9servation) :<br>\u2013 Chambre double (double\/lits jumeaux) 69<br>\u2013 Chambre double \u00e0 usage individuel \u20ac55<br>\u2013 20 \u20ac pour l\u2019ajout d\u2019un lit simple \u00e0 la chambre double (89 \u20ac chambre triple)<\/p>\n\n\n\n<p>Les tarifs s\u2019entendent par nuit et par chambre et comprennent le petit-d\u00e9jeuner, le parking int\u00e9rieur\/ext\u00e9rieur et la connexion Internet.<\/p>\n\n\n\n<p>L\u2019h\u00f4tel San Giorgio, base du rassemblement, est situ\u00e9 dans le Val Sangone, \u00e0 25 km de Turin, la premi\u00e8re capitale de l\u2019Italie, riche en histoire, en culture et en monuments.<br><a href=\"https:\/\/turismotorino.org\/it\">Tourisme Torino e Provincia<\/a><br>L\u2019emplacement est strat\u00e9gique pour des ascensions mythiques telles que la Sacra di San Michele, le Colle del Lis, non loin du Monte San Giorgio et la ligne de partage des eaux Val Chisone \u2013 Valli Susa e Sangone, tr\u00e8s riche en pistes routi\u00e8res et en chemins de terre.<\/p>\n\n\n\n<h2 class=\"wp-block-heading\">Circuits<\/h2>\n\n\n\n<figure class=\"wp-block-table\"><table><tbody><tr><td colspan=\"2\">Sacra San Michele 43 km strada 3 colli<\/td><td>&nbsp;<\/td><\/tr><tr><td colspan=\"3\"><a href=\"https:\/\/www.openrunner.com\/route-details\/20842368\">https:\/\/www.openrunner.com\/route-details\/20842368<\/a><\/td><\/tr><tr><td colspan=\"2\">dislivello 990m<\/td><td>&nbsp;<\/td><\/tr><tr><td><a href=\"https:\/\/centcols.org\/util\/geo\/visu.php?code=IT-TO-0872\">IT-TO-0872<\/a><\/td><td>Colle Croce Nera<\/td><td>861<\/td><\/tr><tr><td><a href=\"https:\/\/centcols.org\/util\/geo\/visu.php?code=IT-TO-1007\">IT-TO-1007<\/a><\/td><td>Colle Braida<\/td><td>1007<\/td><\/tr><tr><td><a href=\"https:\/\/centcols.org\/util\/geo\/visu.php?code=IT-TO-0621\">IT-TO-0621<\/a><\/td><td>Colletta<\/td><td>621<\/td><\/tr><tr><td>&nbsp;<\/td><td>&nbsp;<\/td><td>&nbsp;<\/td><\/tr><tr><td colspan=\"2\">Sacra San Michele 43 km gravel 6 colli<\/td><td>&nbsp;<\/td><\/tr><tr><td colspan=\"3\"><a href=\"https:\/\/www.openrunner.com\/route-details\/20820466\">https:\/\/www.openrunner.com\/route-details\/20820466<\/a><\/td><\/tr><tr><td colspan=\"2\">dislivello 1250 m<\/td><td>&nbsp;<\/td><\/tr><tr><td><a href=\"https:\/\/centcols.org\/util\/geo\/visu.php?code=IT-TO-0872\">IT-TO-0872<\/a><\/td><td>Colle Croce Nera<\/td><td>861<\/td><\/tr><tr><td><a href=\"https:\/\/centcols.org\/util\/geo\/visu.php?code=IT-TO-1007\">IT-TO-1007<\/a><\/td><td>Colle Braida<\/td><td>1007<\/td><\/tr><tr><td><a href=\"https:\/\/centcols.org\/util\/geo\/visu.php?code=IT-TO-1297\">IT-TO-1297<\/a><\/td><td>Colle della Bera<\/td><td>1259<\/td><\/tr><tr><td><a href=\"https:\/\/centcols.org\/util\/geo\/visu.php?code=IT-TO-1312b\">IT-TO-1312b<\/a><\/td><td>Colle del Termine<\/td><td>1312<\/td><\/tr><tr><td><a href=\"https:\/\/centcols.org\/util\/geo\/visu.php?code=IT-TO-1314\">IT-TO-1314<\/a><\/td><td>Colle Remondetto<\/td><td>1298<\/td><\/tr><tr><td><a href=\"https:\/\/centcols.org\/util\/geo\/visu.php?code=IT-TO-0621\">IT-TO-0621<\/a><\/td><td>Colletta<\/td><td>621<\/td><\/tr><tr><td>&nbsp;<\/td><td>&nbsp;<\/td><td>&nbsp;<\/td><\/tr><tr><td colspan=\"2\">Alpe Colombino 48 km strada 2 colli<\/td><td>&nbsp;<\/td><\/tr><tr><td colspan=\"3\"><a href=\"https:\/\/www.openrunner.com\/route-details\/20842407\">https:\/\/www.openrunner.com\/route-details\/20842407<\/a><\/td><\/tr><tr><td colspan=\"2\">dislivello 1200m<\/td><td>&nbsp;<\/td><\/tr><tr><td><a href=\"https:\/\/centcols.org\/util\/geo\/visu.php?code=IT-TO-1007\">IT-TO-1123a<\/a><\/td><td>Colle Guj<\/td><td>1123<\/td><\/tr><tr><td><a href=\"https:\/\/centcols.org\/util\/geo\/visu.php?code=IT-TO-0621\">IT-TO-0621<\/a><\/td><td>Colletta<\/td><td>621<\/td><\/tr><tr><td>&nbsp;<\/td><td>&nbsp;<\/td><td>&nbsp;<\/td><\/tr><tr><td colspan=\"2\">Alpe Colombino 55 km MTB 6 colli<\/td><td>&nbsp;<\/td><\/tr><tr><td colspan=\"3\"><a href=\"https:\/\/www.openrunner.com\/route-details\/20842407\">https:\/\/www.openrunner.com\/route-details\/20842407<\/a><\/td><\/tr><tr><td colspan=\"2\">dislivello 1480 m<\/td><td>&nbsp;<\/td><\/tr><tr><td><a href=\"https:\/\/centcols.org\/util\/geo\/visu.php?code=IT-TO-1007\">IT-TO-1123a<\/a><\/td><td>Colle Guj<\/td><td>1123<\/td><\/tr><tr><td><a href=\"https:\/\/centcols.org\/util\/geo\/visu.php?code=IT-TO-0621\">IT-TO-0621<\/a><\/td><td>Colletta<\/td><td>621<\/td><\/tr><tr><td><a href=\"https:\/\/centcols.org\/util\/geo\/visu.php?code=IT-TO-0596\">IT-TO-0596<\/a><\/td><td>Colle del Roelis<\/td><td>596<\/td><\/tr><tr><td><a href=\"https:\/\/centcols.org\/util\/geo\/visu.php?code=IT-TO-0576\">IT-TO-0576<\/a><\/td><td>Colle del Teit<\/td><td>579<\/td><\/tr><tr><td><a href=\"https:\/\/centcols.org\/util\/geo\/visu.php?code=IT-TO-0608\">IT-TO-0608<\/a><\/td><td>Colle Frasca<\/td><td>613<\/td><\/tr><tr><td><a href=\"https:\/\/centcols.org\/util\/geo\/visu.php?code=IT-TO-0635\">IT-TO-0635<\/a><\/td><td>Colletto di Candrana<\/td><td>635<\/td><\/tr><tr><td>&nbsp;<\/td><td>&nbsp;<\/td><td>&nbsp;<\/td><\/tr><tr><td colspan=\"2\">Monte San Giorgio 24 km MTB 5 colli<\/td><td>&nbsp;<\/td><\/tr><tr><td colspan=\"3\"><a href=\"https:\/\/www.openrunner.com\/route-details\/20842913\">https:\/\/www.openrunner.com\/route-details\/20842913<\/a><\/td><\/tr><tr><td colspan=\"2\">dislivello 670 m<\/td><td>&nbsp;<\/td><\/tr><tr><td><a href=\"https:\/\/centcols.org\/util\/geo\/visu.php?code=IT-TO-0440\">IT-TO-0440<\/a><\/td><td>Colletto di San Valeriano<\/td><td>432<\/td><\/tr><tr><td><a href=\"https:\/\/centcols.org\/util\/geo\/visu.php?code=IT-TO-0728\">IT-TO-0728<\/a><\/td><td>Colle della Serva<\/td><td>728<\/td><\/tr><tr><td><a href=\"https:\/\/centcols.org\/util\/geo\/visu.php?code=IT-TO-0704\">IT-TO-0704<\/a><\/td><td>Colle del Pr\u00e9<\/td><td>713<\/td><\/tr><tr><td><a href=\"https:\/\/centcols.org\/util\/geo\/visu.php?code=IT-TO-0766\">IT-TO-0766<\/a><\/td><td>Colle Damone<\/td><td>758<\/td><\/tr><tr><td><a href=\"https:\/\/centcols.org\/util\/geo\/visu.php?code=IT-TO-0635\">IT-TO-0635<\/a><\/td><td>Colletto di Candrana<\/td><td>635<\/td><\/tr><tr><td colspan=\"3\">&nbsp;&nbsp;&nbsp;&nbsp;&nbsp;&nbsp;&nbsp;&nbsp;&nbsp;&nbsp;&nbsp;&nbsp;&nbsp;&nbsp;&nbsp;&nbsp;&nbsp;&nbsp;&nbsp;&nbsp;&nbsp;&nbsp;&nbsp;&nbsp;&nbsp;&nbsp;&nbsp;&nbsp;&nbsp;&nbsp;&nbsp;&nbsp;&nbsp;&nbsp;&nbsp;&nbsp;&nbsp;&nbsp;&nbsp;&nbsp;&nbsp;&nbsp;&nbsp;&nbsp;&nbsp;&nbsp;&nbsp;&nbsp;&nbsp;&nbsp;&nbsp;&nbsp;&nbsp;&nbsp;&nbsp;&nbsp;&nbsp;&nbsp;&nbsp;&nbsp;&nbsp;&nbsp;&nbsp;&nbsp;&nbsp;&nbsp;&nbsp;&nbsp;&nbsp;&nbsp;&nbsp;&nbsp;&nbsp;&nbsp;&nbsp;&nbsp;&nbsp;&nbsp;&nbsp;&nbsp;&nbsp;&nbsp;&nbsp;&nbsp;&nbsp;&nbsp;&nbsp;&nbsp;&nbsp;&nbsp;&nbsp;&nbsp;&nbsp;&nbsp;&nbsp;&nbsp;&nbsp;&nbsp;&nbsp;&nbsp;&nbsp;&nbsp;&nbsp;&nbsp;&nbsp;&nbsp;&nbsp;&nbsp;&nbsp;&nbsp;&nbsp;&nbsp;&nbsp;&nbsp;&nbsp;&nbsp;&nbsp;&nbsp;&nbsp;&nbsp;&nbsp;&nbsp;&nbsp;&nbsp;&nbsp;&nbsp;&nbsp;&nbsp;&nbsp;&nbsp;&nbsp;&nbsp;&nbsp;&nbsp;&nbsp;&nbsp;&nbsp;&nbsp;&nbsp;&nbsp;&nbsp;<\/td><\/tr><tr><td colspan=\"2\">Monte Cuneo 17 km MTB 2 colli<\/td><td>&nbsp;<\/td><\/tr><tr><td colspan=\"3\"><a href=\"https:\/\/www.openrunner.com\/route-details\/20843009\">https:\/\/www.openrunner.com\/route-details\/20843009<\/a><\/td><\/tr><tr><td colspan=\"2\">dislivello 1180 m<\/td><td>&nbsp;<\/td><\/tr><tr><td><a href=\"https:\/\/centcols.org\/util\/geo\/visu.php?code=IT-TO-0602\">IT-TO-0602<\/a><\/td><td>Col del Buch\u00e8t<\/td><td>602<\/td><\/tr><tr><td><a href=\"https:\/\/centcols.org\/util\/geo\/visu.php?code=IT-TO-0582\">IT-TO-0582<\/a><\/td><td>Colle del Bal d\u2019le Masche<\/td><td>582<\/td><\/tr><\/tbody><\/table><\/figure>\n\n\n\n<h2 class=\"wp-block-heading\">Contact<\/h2>\n\n\n\n<p class=\"has-medium-font-size\">Luigi Spina +39 349 416 31 74 <br>[email]&#x6c;&#x75;&#x69;&#x67;&#105;&#46;&#115;&#112;ina&#x40;&#x67;&#x6d;&#x78;&#x2e;&#100;&#101;[\/email]<\/p>\n","protected":false},"excerpt":{"rendered":"<p>Le rassemblement italien 2025 aura lieu \u00e0 SANGANO (TO), \u00e0 l\u2019adresse suivante :Hotel San GiorgioVia San Giorgio 4110090SANGANO (TO), Italy+39 0119084684 &#x69;&#110;f&#x6f;&#x40;&#115;g&#x68;&#x2e;&#105;t&nbsp;www.sgh.it&nbsp; Les r\u00e9servations doivent \u00eatre effectu\u00e9es par les participants au Raduno aux conditions suivantes convenues avec le Club des Cent Cols (\u00e0 mentionner lors de la r\u00e9servation) :\u2013 Chambre double (double\/lits jumeaux) 69\u2013 Chambre [&hellip;]<\/p>\n","protected":false},"author":136,"featured_media":83742,"comment_status":"open","ping_status":"open","sticky":false,"template":"","format":"standard","meta":{"_acf_changed":false,"footnotes":""},"categories":[314,135,216],"tags":[],"class_list":["post-82715","post","type-post","status-publish","format-standard","has-post-thumbnail","hentry","category-les-rassemblements-de-2025","category-calendrier","category-rencontres-regionales"],"acf":[],"yoast_head":"<!-- This site is optimized with the Yoast SEO plugin v27.2 - https:\/\/yoast.com\/product\/yoast-seo-wordpress\/ -->\n<title>Raduno Italiano - Samedi 31 mai et Dimanche 1er juin 2025 - Club des Cent Cols<\/title>\n<meta name=\"robots\" content=\"index, follow, max-snippet:-1, max-image-preview:large, max-video-preview:-1\" \/>\n<link rel=\"canonical\" href=\"https:\/\/centcols.org\/it\/raduno-italiano-sabato-31-maggio-e-domenica-1-giugno-2025\/\" \/>\n<meta property=\"og:locale\" content=\"it_IT\" \/>\n<meta property=\"og:type\" content=\"article\" \/>\n<meta property=\"og:title\" content=\"Raduno Italiano - Samedi 31 mai et Dimanche 1er juin 2025 - Club des Cent Cols\" \/>\n<meta property=\"og:description\" content=\"Le rassemblement italien 2025 aura lieu \u00e0 SANGANO (TO), \u00e0 l\u2019adresse suivante :Hotel San GiorgioVia San Giorgio 4110090SANGANO (TO), Italy+39 0119084684 i&#110;&#102;&#x6f;&#x40;&#x73;g&#104;&#046;&#x69;&#x74;&nbsp;www.sgh.it&nbsp; Les r\u00e9servations doivent \u00eatre effectu\u00e9es par les participants au Raduno aux conditions suivantes convenues avec le Club des Cent Cols (\u00e0 mentionner lors de la r\u00e9servation) :\u2013 Chambre double (double\/lits jumeaux) 69\u2013 Chambre [&hellip;]\" \/>\n<meta property=\"og:url\" content=\"https:\/\/centcols.org\/it\/raduno-italiano-sabato-31-maggio-e-domenica-1-giugno-2025\/\" \/>\n<meta property=\"og:site_name\" content=\"Club des Cent Cols\" \/>\n<meta property=\"article:publisher\" content=\"https:\/\/www.facebook.com\/groups\/5261880558\/?locale=fr_FR\" \/>\n<meta property=\"article:published_time\" content=\"2025-01-24T07:25:24+00:00\" \/>\n<meta property=\"article:modified_time\" content=\"2025-09-09T11:32:25+00:00\" \/>\n<meta property=\"og:image\" content=\"https:\/\/centcols.org\/wp-content\/uploads\/2025\/01\/44001.jpg\" \/>\n\t<meta property=\"og:image:width\" content=\"783\" \/>\n\t<meta property=\"og:image:height\" content=\"522\" \/>\n\t<meta property=\"og:image:type\" content=\"image\/jpeg\" \/>\n<meta name=\"author\" content=\"Guy Harl\u00e9\" \/>\n<meta name=\"twitter:card\" content=\"summary_large_image\" \/>\n<meta name=\"twitter:label1\" content=\"Scritto da\" \/>\n\t<meta name=\"twitter:data1\" content=\"Guy Harl\u00e9\" \/>\n\t<meta name=\"twitter:label2\" content=\"Tempo di lettura stimato\" \/>\n\t<meta name=\"twitter:data2\" content=\"3 minuti\" \/>\n<script type=\"application\/ld+json\" class=\"yoast-schema-graph\">{\"@context\":\"https:\/\/schema.org\",\"@graph\":[{\"@type\":\"Article\",\"@id\":\"https:\/\/centcols.org\/raduno-italiano-samedi-31-mai-et-dimanche-1er-juin-2025\/#article\",\"isPartOf\":{\"@id\":\"https:\/\/centcols.org\/raduno-italiano-samedi-31-mai-et-dimanche-1er-juin-2025\/\"},\"author\":{\"name\":\"Guy Harl\u00e9\",\"@id\":\"https:\/\/centcols.org\/#\/schema\/person\/377f00da2793c0363246869bb3a344d0\"},\"headline\":\"Raduno Italiano &#8211; Samedi 31 mai et Dimanche 1er juin 2025\",\"datePublished\":\"2025-01-24T07:25:24+00:00\",\"dateModified\":\"2025-09-09T11:32:25+00:00\",\"mainEntityOfPage\":{\"@id\":\"https:\/\/centcols.org\/raduno-italiano-samedi-31-mai-et-dimanche-1er-juin-2025\/\"},\"wordCount\":534,\"commentCount\":0,\"publisher\":{\"@id\":\"https:\/\/centcols.org\/#organization\"},\"image\":{\"@id\":\"https:\/\/centcols.org\/raduno-italiano-samedi-31-mai-et-dimanche-1er-juin-2025\/#primaryimage\"},\"thumbnailUrl\":\"https:\/\/centcols.org\/wp-content\/uploads\/2025\/01\/44001.jpg\",\"articleSection\":[\"2025-rassemblements\",\"Calendrier\",\"Rencontres r\u00e9gionales\"],\"inLanguage\":\"it-IT\",\"potentialAction\":[{\"@type\":\"CommentAction\",\"name\":\"Comment\",\"target\":[\"https:\/\/centcols.org\/raduno-italiano-samedi-31-mai-et-dimanche-1er-juin-2025\/#respond\"]}]},{\"@type\":\"WebPage\",\"@id\":\"https:\/\/centcols.org\/raduno-italiano-samedi-31-mai-et-dimanche-1er-juin-2025\/\",\"url\":\"https:\/\/centcols.org\/raduno-italiano-samedi-31-mai-et-dimanche-1er-juin-2025\/\",\"name\":\"Raduno Italiano - Samedi 31 mai et Dimanche 1er juin 2025 - Club des Cent Cols\",\"isPartOf\":{\"@id\":\"https:\/\/centcols.org\/#website\"},\"primaryImageOfPage\":{\"@id\":\"https:\/\/centcols.org\/raduno-italiano-samedi-31-mai-et-dimanche-1er-juin-2025\/#primaryimage\"},\"image\":{\"@id\":\"https:\/\/centcols.org\/raduno-italiano-samedi-31-mai-et-dimanche-1er-juin-2025\/#primaryimage\"},\"thumbnailUrl\":\"https:\/\/centcols.org\/wp-content\/uploads\/2025\/01\/44001.jpg\",\"datePublished\":\"2025-01-24T07:25:24+00:00\",\"dateModified\":\"2025-09-09T11:32:25+00:00\",\"breadcrumb\":{\"@id\":\"https:\/\/centcols.org\/raduno-italiano-samedi-31-mai-et-dimanche-1er-juin-2025\/#breadcrumb\"},\"inLanguage\":\"it-IT\",\"potentialAction\":[{\"@type\":\"ReadAction\",\"target\":[\"https:\/\/centcols.org\/raduno-italiano-samedi-31-mai-et-dimanche-1er-juin-2025\/\"]}]},{\"@type\":\"ImageObject\",\"inLanguage\":\"it-IT\",\"@id\":\"https:\/\/centcols.org\/raduno-italiano-samedi-31-mai-et-dimanche-1er-juin-2025\/#primaryimage\",\"url\":\"https:\/\/centcols.org\/wp-content\/uploads\/2025\/01\/44001.jpg\",\"contentUrl\":\"https:\/\/centcols.org\/wp-content\/uploads\/2025\/01\/44001.jpg\",\"width\":783,\"height\":522},{\"@type\":\"BreadcrumbList\",\"@id\":\"https:\/\/centcols.org\/raduno-italiano-samedi-31-mai-et-dimanche-1er-juin-2025\/#breadcrumb\",\"itemListElement\":[{\"@type\":\"ListItem\",\"position\":1,\"name\":\"Accueil\",\"item\":\"https:\/\/centcols.org\/\"},{\"@type\":\"ListItem\",\"position\":2,\"name\":\"Rencontres r\u00e9gionales\",\"item\":\"https:\/\/centcols.org\/rubrique\/rencontres-regionales\/\"},{\"@type\":\"ListItem\",\"position\":3,\"name\":\"Raduno Italiano &#8211; Samedi 31 mai et Dimanche 1er juin 2025\"}]},{\"@type\":\"WebSite\",\"@id\":\"https:\/\/centcols.org\/#website\",\"url\":\"https:\/\/centcols.org\/\",\"name\":\"Club des Cent Cols\",\"description\":\"\",\"publisher\":{\"@id\":\"https:\/\/centcols.org\/#organization\"},\"potentialAction\":[{\"@type\":\"SearchAction\",\"target\":{\"@type\":\"EntryPoint\",\"urlTemplate\":\"https:\/\/centcols.org\/?s={search_term_string}\"},\"query-input\":{\"@type\":\"PropertyValueSpecification\",\"valueRequired\":true,\"valueName\":\"search_term_string\"}}],\"inLanguage\":\"it-IT\"},{\"@type\":\"Organization\",\"@id\":\"https:\/\/centcols.org\/#organization\",\"name\":\"Club des Cent Cols\",\"url\":\"https:\/\/centcols.org\/\",\"logo\":{\"@type\":\"ImageObject\",\"inLanguage\":\"it-IT\",\"@id\":\"https:\/\/centcols.org\/#\/schema\/logo\/image\/\",\"url\":\"https:\/\/centcols.org\/wp-content\/uploads\/2025\/01\/carte-icone.png\",\"contentUrl\":\"https:\/\/centcols.org\/wp-content\/uploads\/2025\/01\/carte-icone.png\",\"width\":250,\"height\":250,\"caption\":\"Club des Cent Cols\"},\"image\":{\"@id\":\"https:\/\/centcols.org\/#\/schema\/logo\/image\/\"},\"sameAs\":[\"https:\/\/www.facebook.com\/groups\/5261880558\/?locale=fr_FR\"]},{\"@type\":\"Person\",\"@id\":\"https:\/\/centcols.org\/#\/schema\/person\/377f00da2793c0363246869bb3a344d0\",\"name\":\"Guy Harl\u00e9\",\"image\":{\"@type\":\"ImageObject\",\"inLanguage\":\"it-IT\",\"@id\":\"https:\/\/centcols.org\/wp-content\/litespeed\/avatar\/94c4de37e46cf090f296d42ab3e8d6a6.jpg?ver=1777238144\",\"url\":\"https:\/\/centcols.org\/wp-content\/litespeed\/avatar\/94c4de37e46cf090f296d42ab3e8d6a6.jpg?ver=1777238144\",\"contentUrl\":\"https:\/\/centcols.org\/wp-content\/litespeed\/avatar\/94c4de37e46cf090f296d42ab3e8d6a6.jpg?ver=1777238144\",\"caption\":\"Guy Harl\u00e9\"},\"url\":\"https:\/\/centcols.org\/it\/author\/5193\/\"}]}<\/script>\n<!-- \/ Yoast SEO plugin. -->","yoast_head_json":{"title":"Raduno Italiano - Sabato 31 maggio e domenica 1 giugno 2025 - Club des Cent Cols","robots":{"index":"index","follow":"follow","max-snippet":"max-snippet:-1","max-image-preview":"max-image-preview:large","max-video-preview":"max-video-preview:-1"},"canonical":"https:\/\/centcols.org\/it\/raduno-italiano-sabato-31-maggio-e-domenica-1-giugno-2025\/","og_locale":"it_IT","og_type":"article","og_title":"Raduno Italiano - Samedi 31 mai et Dimanche 1er juin 2025 - Club des Cent Cols","og_description":"Le rassemblement italien 2025 aura lieu \u00e0 SANGANO (TO), \u00e0 l\u2019adresse suivante :Hotel San GiorgioVia San Giorgio 4110090SANGANO (TO), Italy+39 0119084684 i&#110;&#102;&#x6f;&#x40;&#x73;g&#104;&#46;&#x69;&#x74;&nbsp;www.sgh.it&nbsp; Les r\u00e9servations doivent \u00eatre effectu\u00e9es par les participants au Raduno aux conditions suivantes convenues avec le Club des Cent Cols (\u00e0 mentionner lors de la r\u00e9servation) :\u2013 Chambre double (double\/lits jumeaux) 69\u2013 Chambre [&hellip;]","og_url":"https:\/\/centcols.org\/it\/raduno-italiano-sabato-31-maggio-e-domenica-1-giugno-2025\/","og_site_name":"Club des Cent Cols","article_publisher":"https:\/\/www.facebook.com\/groups\/5261880558\/?locale=fr_FR","article_published_time":"2025-01-24T07:25:24+00:00","article_modified_time":"2025-09-09T11:32:25+00:00","og_image":[{"width":783,"height":522,"url":"https:\/\/centcols.org\/wp-content\/uploads\/2025\/01\/44001.jpg","type":"image\/jpeg"}],"author":"Guy Harl\u00e9","twitter_card":"summary_large_image","twitter_misc":{"Scritto da":"Guy Harl\u00e9","Tempo di lettura stimato":"3 minuti"},"schema":{"@context":"https:\/\/schema.org","@graph":[{"@type":"Article","@id":"https:\/\/centcols.org\/raduno-italiano-samedi-31-mai-et-dimanche-1er-juin-2025\/#article","isPartOf":{"@id":"https:\/\/centcols.org\/raduno-italiano-samedi-31-mai-et-dimanche-1er-juin-2025\/"},"author":{"name":"Guy Harl\u00e9","@id":"https:\/\/centcols.org\/#\/schema\/person\/377f00da2793c0363246869bb3a344d0"},"headline":"Raduno Italiano &#8211; Samedi 31 mai et Dimanche 1er juin 2025","datePublished":"2025-01-24T07:25:24+00:00","dateModified":"2025-09-09T11:32:25+00:00","mainEntityOfPage":{"@id":"https:\/\/centcols.org\/raduno-italiano-samedi-31-mai-et-dimanche-1er-juin-2025\/"},"wordCount":534,"commentCount":0,"publisher":{"@id":"https:\/\/centcols.org\/#organization"},"image":{"@id":"https:\/\/centcols.org\/raduno-italiano-samedi-31-mai-et-dimanche-1er-juin-2025\/#primaryimage"},"thumbnailUrl":"https:\/\/centcols.org\/wp-content\/uploads\/2025\/01\/44001.jpg","articleSection":["2025-rassemblements","Calendrier","Rencontres r\u00e9gionales"],"inLanguage":"it-IT","potentialAction":[{"@type":"CommentAction","name":"Comment","target":["https:\/\/centcols.org\/raduno-italiano-samedi-31-mai-et-dimanche-1er-juin-2025\/#respond"]}]},{"@type":"WebPage","@id":"https:\/\/centcols.org\/raduno-italiano-samedi-31-mai-et-dimanche-1er-juin-2025\/","url":"https:\/\/centcols.org\/raduno-italiano-samedi-31-mai-et-dimanche-1er-juin-2025\/","name":"Raduno Italiano - Sabato 31 maggio e domenica 1 giugno 2025 - Club des Cent Cols","isPartOf":{"@id":"https:\/\/centcols.org\/#website"},"primaryImageOfPage":{"@id":"https:\/\/centcols.org\/raduno-italiano-samedi-31-mai-et-dimanche-1er-juin-2025\/#primaryimage"},"image":{"@id":"https:\/\/centcols.org\/raduno-italiano-samedi-31-mai-et-dimanche-1er-juin-2025\/#primaryimage"},"thumbnailUrl":"https:\/\/centcols.org\/wp-content\/uploads\/2025\/01\/44001.jpg","datePublished":"2025-01-24T07:25:24+00:00","dateModified":"2025-09-09T11:32:25+00:00","breadcrumb":{"@id":"https:\/\/centcols.org\/raduno-italiano-samedi-31-mai-et-dimanche-1er-juin-2025\/#breadcrumb"},"inLanguage":"it-IT","potentialAction":[{"@type":"ReadAction","target":["https:\/\/centcols.org\/raduno-italiano-samedi-31-mai-et-dimanche-1er-juin-2025\/"]}]},{"@type":"ImageObject","inLanguage":"it-IT","@id":"https:\/\/centcols.org\/raduno-italiano-samedi-31-mai-et-dimanche-1er-juin-2025\/#primaryimage","url":"https:\/\/centcols.org\/wp-content\/uploads\/2025\/01\/44001.jpg","contentUrl":"https:\/\/centcols.org\/wp-content\/uploads\/2025\/01\/44001.jpg","width":783,"height":522},{"@type":"BreadcrumbList","@id":"https:\/\/centcols.org\/raduno-italiano-samedi-31-mai-et-dimanche-1er-juin-2025\/#breadcrumb","itemListElement":[{"@type":"ListItem","position":1,"name":"Accueil","item":"https:\/\/centcols.org\/"},{"@type":"ListItem","position":2,"name":"Rencontres r\u00e9gionales","item":"https:\/\/centcols.org\/rubrique\/rencontres-regionales\/"},{"@type":"ListItem","position":3,"name":"Raduno Italiano &#8211; Samedi 31 mai et Dimanche 1er juin 2025"}]},{"@type":"WebSite","@id":"https:\/\/centcols.org\/#website","url":"https:\/\/centcols.org\/","name":"Club des Cent Cols","description":"","publisher":{"@id":"https:\/\/centcols.org\/#organization"},"potentialAction":[{"@type":"SearchAction","target":{"@type":"EntryPoint","urlTemplate":"https:\/\/centcols.org\/?s={search_term_string}"},"query-input":{"@type":"PropertyValueSpecification","valueRequired":true,"valueName":"search_term_string"}}],"inLanguage":"it-IT"},{"@type":"Organization","@id":"https:\/\/centcols.org\/#organization","name":"Club des Cent Cols","url":"https:\/\/centcols.org\/","logo":{"@type":"ImageObject","inLanguage":"it-IT","@id":"https:\/\/centcols.org\/#\/schema\/logo\/image\/","url":"https:\/\/centcols.org\/wp-content\/uploads\/2025\/01\/carte-icone.png","contentUrl":"https:\/\/centcols.org\/wp-content\/uploads\/2025\/01\/carte-icone.png","width":250,"height":250,"caption":"Club des Cent Cols"},"image":{"@id":"https:\/\/centcols.org\/#\/schema\/logo\/image\/"},"sameAs":["https:\/\/www.facebook.com\/groups\/5261880558\/?locale=fr_FR"]},{"@type":"Person","@id":"https:\/\/centcols.org\/#\/schema\/person\/377f00da2793c0363246869bb3a344d0","name":"Guy Harl\u00e9","image":{"@type":"ImageObject","inLanguage":"it-IT","@id":"https:\/\/centcols.org\/wp-content\/litespeed\/avatar\/94c4de37e46cf090f296d42ab3e8d6a6.jpg?ver=1777238144","url":"https:\/\/centcols.org\/wp-content\/litespeed\/avatar\/94c4de37e46cf090f296d42ab3e8d6a6.jpg?ver=1777238144","contentUrl":"https:\/\/centcols.org\/wp-content\/litespeed\/avatar\/94c4de37e46cf090f296d42ab3e8d6a6.jpg?ver=1777238144","caption":"Guy Harl\u00e9"},"url":"https:\/\/centcols.org\/it\/author\/5193\/"}]}},"_links":{"self":[{"href":"https:\/\/centcols.org\/it\/wp-json\/wp\/v2\/posts\/82715","targetHints":{"allow":["GET"]}}],"collection":[{"href":"https:\/\/centcols.org\/it\/wp-json\/wp\/v2\/posts"}],"about":[{"href":"https:\/\/centcols.org\/it\/wp-json\/wp\/v2\/types\/post"}],"author":[{"embeddable":true,"href":"https:\/\/centcols.org\/it\/wp-json\/wp\/v2\/users\/136"}],"replies":[{"embeddable":true,"href":"https:\/\/centcols.org\/it\/wp-json\/wp\/v2\/comments?post=82715"}],"version-history":[{"count":0,"href":"https:\/\/centcols.org\/it\/wp-json\/wp\/v2\/posts\/82715\/revisions"}],"wp:featuredmedia":[{"embeddable":true,"href":"https:\/\/centcols.org\/it\/wp-json\/wp\/v2\/media\/83742"}],"wp:attachment":[{"href":"https:\/\/centcols.org\/it\/wp-json\/wp\/v2\/media?parent=82715"}],"wp:term":[{"taxonomy":"category","embeddable":true,"href":"https:\/\/centcols.org\/it\/wp-json\/wp\/v2\/categories?post=82715"},{"taxonomy":"post_tag","embeddable":true,"href":"https:\/\/centcols.org\/it\/wp-json\/wp\/v2\/tags?post=82715"}],"curies":[{"name":"wp","href":"https:\/\/api.w.org\/{rel}","templated":true}]}}